{"id":47233,"date":"2023-07-04T14:14:28","date_gmt":"2023-07-04T12:14:28","guid":{"rendered":"https:\/\/www.laguiadepamplona.com\/actualidad\/?p=47233"},"modified":"2023-07-04T14:14:28","modified_gmt":"2023-07-04T12:14:28","slug":"los-carteles-de-san-fermin-del-siglo-xxi-y-el-centenario-de-la-primera-visita-de-hemingway-a-pamplona-protagonizan-las-dos-exposiciones-estivales-del-palacio-del-condestable","status":"publish","type":"post","link":"https:\/\/www.laguiadepamplona.com\/actualidad\/los-carteles-de-san-fermin-del-siglo-xxi-y-el-centenario-de-la-primera-visita-de-hemingway-a-pamplona-protagonizan-las-dos-exposiciones-estivales-del-palacio-del-condestable\/","title":{"rendered":"Los carteles de San Ferm\u00edn del siglo XXI y el centenario de la primera visita de Hemingway a Pamplona protagonizan las dos exposiciones estivales del Palacio del Condestable"},"content":{"rendered":"<h2>\u2018Una historia gr\u00e1fica. Carteles de San Ferm\u00edn en el siglo XXI\u2019 muestra todos los originales que han anunciado las fiestas entre los a\u00f1os 2000 y 2023<\/h2>\n<p><!--more--><\/p>\n<p>El Palacio del Condestable acoge dos exposiciones en torno a las fiestas de San Ferm\u00edn. Los carteles que han anunciado las fiestas en este siglo y la figura del escritor norteamericano Ernest Hemingway son los ejes de estas muestras que se exhiben al p\u00fablico desde este martes hasta el 20 de agosto. Las exposiciones se pueden visitar en San Ferm\u00edn desde el 9 al 14 de julio, ya que los d\u00edas 6, 7 y 8 de julio permanecer\u00e1n cerradas.<\/p>\n<p>La primera de las exposiciones, \u2018Una historia gr\u00e1fica. Carteles de San Ferm\u00edn en el siglo XXI\u2019, muestra los \u00faltimos 22 carteles anunciadores de las fiestas. El primero, \u2018La espera\u2019 (2000), de Enrique de Antonio Cebri\u00e1n, y el \u00faltimo, el que protagoniza la edici\u00f3n de este a\u00f1o, \u2018Instante\u2019, de Ra\u00fal L\u00f3pez Mart\u00edn. No hay carteles de los a\u00f1os 2020 y 2021, debido a la suspensi\u00f3n de las fiestas por la pandemia del coronavirus.<br \/>\n<script async src=\"\/\/pagead2.googlesyndication.com\/pagead\/js\/adsbygoogle.js\"><\/script><br \/>\n<!-- Noticias La Guia de Pamplona --><br \/>\n<ins class=\"adsbygoogle\"\nstyle=\"display:block\"\ndata-ad-client=\"ca-pub-6943679897239327\"\ndata-ad-slot=\"7048180777\"\ndata-ad-format=\"auto\"><\/ins><br \/>\n<script>\n(adsbygoogle = window.adsbygoogle || []).push({});\n<\/script><\/p>\n<p>La segunda muestra, \u2018Recordando a Hemingway. 100 a\u00f1os de su llegada a Pamplona\u2019, recupera las exposiciones del ciclo \u2018Recuperando a Hemingway \u2013 Hemingway Bidaide\u2019 que el Ayuntamiento de Pamplona desarroll\u00f3 en los a\u00f1os 2016, 2017 y 2018. Los espacios del zagu\u00e1n y los patios de la planta baja y primera del Palacio del Condestable acogen los contenidos de aquellas muestras, que relatan las visitas de Hemingway a Pamplona y el contexto cultural que las rode\u00f3, cuando se cumplen 100 a\u00f1os de la primera visita de Hemingway a nuestra ciudad.<\/p>\n<p>Entre 1923 y 1931, el escritor disfrut\u00f3 en siete ocasiones de las fiestas de San Ferm\u00edn, lo que influy\u00f3 en la presencia de otras personalidades referentes de la cultura de la \u00e9poca y en la difusi\u00f3n de los Sanfermines a nivel internacional, influencia que perdura a d\u00eda de hoy. La Guerra Civil, el posicionamiento del escritor norteamericano a favor de la Rep\u00fablica y su rechazo a la dictadura franquista interrumpi\u00f3 estas visitas, que se recogen en la exposici\u00f3n.<br \/>\n<script async src=\"\/\/pagead2.googlesyndication.com\/pagead\/js\/adsbygoogle.js\"><\/script><br \/>\n<!-- Noticias La Guia de Pamplona --><br \/>\n<ins class=\"adsbygoogle\"\nstyle=\"display:block\"\ndata-ad-client=\"ca-pub-6943679897239327\"\ndata-ad-slot=\"7048180777\"\ndata-ad-format=\"auto\"><\/ins><br \/>\n<script>\n(adsbygoogle = window.adsbygoogle || []).push({});\n<\/script><\/p>\n<p>&nbsp;<\/p>\n<h3>Exposiciones en el Palacio del Condestable<\/h3>\n<ul>\n<li>Del 4 de julio al 20 de agosto\n<ul>\n<li>\u2018Una historia gr\u00e1fica. Carteles de San Ferm\u00edn en el siglo XXI\u2019<\/li>\n<li>\u2018Recordando a Hemingway. 100 a\u00f1os de su llegada a Pamplona\u2018<\/li>\n<\/ul>\n<\/li>\n<li>\u2018Una historia gr\u00e1fica. Carteles de San Ferm\u00edn en el siglo XXI\u2019\n<ul>\n<li>2000\u00a0\u00a0\u00a0 Enrique de Antonio Cebri\u00e1n: \u2018La espera\u2019<\/li>\n<li>2001\u00a0\u00a0\u00a0 Pablo Errea Rodr\u00edguez: \u2018Encierro\u2019<\/li>\n<li>2002\u00a0\u00a0\u00a0 Enrique Royo Romeo : \u2018\u00a1Scorre! que vienen fieras\u2019<\/li>\n<li>2003\u00a0\u00a0\u00a0 Pablo Nanclares Ruiz : \u2018Egon\u2019<\/li>\n<li>2004\u00a0\u00a0\u00a0 Mikel Urmeneta Ochoa y Marta Coronado Hern\u00e1ndez: \u2018Pop\u2019<\/li>\n<li>2005\u00a0\u00a0\u00a0 Gorka Aizpurua Serrano: \u2018Siete de julio San Ferm\u00edn\u2019<\/li>\n<li>2006\u00a0\u00a0\u00a0 Cristina Calvo Vi\u00f1uela: \u2018El encierro\u2019<\/li>\n<li>2007\u00a0\u00a0\u00a0 Javier Mor\u00f3n Belso: \u2018Toro-Lija\u2019<\/li>\n<li>2008\u00a0\u00a0\u00a0 Miguel \u00c1ngel Anto\u00f1anzas Rem\u00f3n: \u2018Con tacto\u2019<\/li>\n<li>2009\u00a0\u00a0\u00a0 \u00c1ngel Blanco Egoskozabal: \u2018Gora San Ferm\u00edn, viva San Ferm\u00edn\u2019<\/li>\n<li>2010\u00a0\u00a0\u00a0 Koldo Villarreal Armend\u00e1riz: \u2018El capote de San Ferm\u00edn\u2019<\/li>\n<li>2011\u00a0\u00a0\u00a0 Javier Ayerra Alfaro y Kike Balenzategui Arbizu: \u2018Sum\u00e9rgete en la fiesta\u2019<\/li>\n<li>2012\u00a0\u00a0\u00a0 David Alegr\u00eda: \u2018Te quiero en San Ferm\u00edn\u2019<\/li>\n<li>2013\u00a0\u00a0\u00a0 Elixabete Bordonaba Amatrian: \u2018Canan\u2019<\/li>\n<li>2014 \u00a0\u00a0 Ignacio Dom\u00e9nech Pay\u00e1: \u2018Equipazo\u2019<\/li>\n<li>2015 \u00a0\u00a0 Javier Erice Larumbe: \u2018Kilik\u00f3n<\/li>\n<li>2016 \u00a0\u00a0 Colegio P\u00fablico Buztintxuri Ikastetxe Publikoa: Eneko Huarte Gaita, Mikel Mendibil Ainz\u00faa, Patricia Martiartu Fern\u00e1ndez, Mikel Santos Mart\u00ednez: \u2018Sanmarrazkin\u2019<\/li>\n<li>2017 \u00a0\u00a0 Maximiliano Ezequiel Cosatti: \u2018Ma\u00f1anas sanfermineras\u2019<\/li>\n<li>2018 \u00a0\u00a0 Adriana Eransus Azpilicueta: \u2018Pamplona, ciudad de luces\u2019<\/li>\n<li>2019\u00a0\u00a0\u00a0 Edurne Ta\u00ednta Balda: \u2018Ayer so\u00f1\u00e9 con un 6 de julio\u2019<\/li>\n<li>2022\u00a0\u00a0\u00a0 Olaia Merino Erviti: \u2018Beti bezala<\/li>\n<li>2023 \u00a0\u00a0 Ra\u00fal L\u00f3pez Mart\u00edn: \u2018Instante\u2019<\/li>\n<\/ul>\n<\/li>\n<li>Horarios de San Ferm\u00edn\n<ul>\n<li>Cerrado: 6, 7 y 8 de julio<\/li>\n<li>Abierto: del 9 al 14 de julio, de 11 a 14.00<\/li>\n<\/ul>\n<\/li>\n<li>Horario de verano (excepto San Ferm\u00edn)\n<ul>\n<li>Abierto de lunes a viernes, de 09.00 a 14.00 y de 17.00 a 22.00. S\u00e1bado, de 09.00 a 14.00<\/li>\n<li>Cerrado: domingos y festivos<\/li>\n<\/ul>\n<\/li>\n<\/ul>\n","protected":false},"excerpt":{"rendered":"<p>\u2018Una historia gr\u00e1fica. Carteles de San Ferm\u00edn en el siglo XXI\u2019 muestra todos los originales que han anunciado las fiestas entre los a\u00f1os 2000 y 2023<\/p>\n","protected":false},"author":1,"featured_media":47234,"comment_status":"open","ping_status":"closed","sticky":false,"template":"","format":"standard","meta":{"footnotes":""},"categories":[2,9406],"tags":[],"class_list":["post-47233","post","type-post","status-publish","format-standard","has-post-thumbnail","hentry","category-ayuntamiento-pamplona","category-san-fermin"],"yoast_head":"<!-- This site is optimized with the Yoast SEO plugin v27.3 - https:\/\/yoast.com\/product\/yoast-seo-wordpress\/ -->\n<title>Los carteles de San Ferm\u00edn del siglo XXI y el centenario de la primera visita de Hemingway a Pamplona protagonizan las dos exposiciones estivales del Palacio del Condestable<\/title>\n<meta name=\"description\" content=\"\u2018Una historia gr\u00e1fica. Carteles de San Ferm\u00edn en el siglo XXI\u2019 muestra todos los originales que han anunciado las fiestas entre los a\u00f1os 2000 y 2023\" \/>\n<meta name=\"robots\" content=\"index, follow, max-snippet:-1, max-image-preview:large, max-video-preview:-1\" \/>\n<link rel=\"canonical\" href=\"https:\/\/www.laguiadepamplona.com\/actualidad\/los-carteles-de-san-fermin-del-siglo-xxi-y-el-centenario-de-la-primera-visita-de-hemingway-a-pamplona-protagonizan-las-dos-exposiciones-estivales-del-palacio-del-condestable\/\" \/>\n<meta property=\"og:locale\" content=\"es_ES\" \/>\n<meta property=\"og:type\" content=\"article\" \/>\n<meta property=\"og:title\" content=\"Los carteles de San Ferm\u00edn del siglo XXI y el centenario de la primera visita de Hemingway a Pamplona protagonizan las dos exposiciones estivales del Palacio del Condestable\" \/>\n<meta property=\"og:description\" content=\"\u2018Una historia gr\u00e1fica. Carteles de San Ferm\u00edn en el siglo XXI\u2019 muestra todos los originales que han anunciado las fiestas entre los a\u00f1os 2000 y 2023\" \/>\n<meta property=\"og:url\" content=\"https:\/\/www.laguiadepamplona.com\/actualidad\/los-carteles-de-san-fermin-del-siglo-xxi-y-el-centenario-de-la-primera-visita-de-hemingway-a-pamplona-protagonizan-las-dos-exposiciones-estivales-del-palacio-del-condestable\/\" \/>\n<meta property=\"og:site_name\" content=\"La Gu\u00eda de Pamplona\" \/>\n<meta property=\"article:publisher\" content=\"https:\/\/www.facebook.com\/laguiadepamplonacom-133175176762273\/?ref=hl\" \/>\n<meta property=\"article:published_time\" content=\"2023-07-04T12:14:28+00:00\" \/>\n<meta property=\"og:image\" content=\"https:\/\/www.laguiadepamplona.com\/actualidad\/wp-content\/uploads\/2023\/07\/exposicionsf23condestable1273.webp\" \/>\n\t<meta property=\"og:image:width\" content=\"1600\" \/>\n\t<meta property=\"og:image:height\" content=\"1067\" \/>\n\t<meta property=\"og:image:type\" content=\"image\/webp\" \/>\n<meta name=\"author\" content=\"La Gu\u00eda de Pamplona\" \/>\n<meta name=\"twitter:card\" content=\"summary_large_image\" \/>\n<meta name=\"twitter:creator\" content=\"@LaGuiadPamplona\" \/>\n<meta name=\"twitter:site\" content=\"@LaGuiadPamplona\" \/>\n<meta name=\"twitter:label1\" content=\"Escrito por\" \/>\n\t<meta name=\"twitter:data1\" content=\"La Gu\u00eda de Pamplona\" \/>\n\t<meta name=\"twitter:label2\" content=\"Tiempo de lectura\" \/>\n\t<meta name=\"twitter:data2\" content=\"3 minutos\" \/>\n<script type=\"application\/ld+json\" class=\"yoast-schema-graph\">{\"@context\":\"https:\\\/\\\/schema.org\",\"@graph\":[{\"@type\":\"Article\",\"@id\":\"https:\\\/\\\/www.laguiadepamplona.com\\\/actualidad\\\/los-carteles-de-san-fermin-del-siglo-xxi-y-el-centenario-de-la-primera-visita-de-hemingway-a-pamplona-protagonizan-las-dos-exposiciones-estivales-del-palacio-del-condestable\\\/#article\",\"isPartOf\":{\"@id\":\"https:\\\/\\\/www.laguiadepamplona.com\\\/actualidad\\\/los-carteles-de-san-fermin-del-siglo-xxi-y-el-centenario-de-la-primera-visita-de-hemingway-a-pamplona-protagonizan-las-dos-exposiciones-estivales-del-palacio-del-condestable\\\/\"},\"author\":{\"name\":\"La Gu\u00eda de Pamplona\",\"@id\":\"https:\\\/\\\/www.laguiadepamplona.com\\\/actualidad\\\/#\\\/schema\\\/person\\\/efe887376f0213d4657c93adc50b1fdb\"},\"headline\":\"Los carteles de San Ferm\u00edn del siglo XXI y el centenario de la primera visita de Hemingway a Pamplona protagonizan las dos exposiciones estivales del Palacio del Condestable\",\"datePublished\":\"2023-07-04T12:14:28+00:00\",\"mainEntityOfPage\":{\"@id\":\"https:\\\/\\\/www.laguiadepamplona.com\\\/actualidad\\\/los-carteles-de-san-fermin-del-siglo-xxi-y-el-centenario-de-la-primera-visita-de-hemingway-a-pamplona-protagonizan-las-dos-exposiciones-estivales-del-palacio-del-condestable\\\/\"},\"wordCount\":643,\"commentCount\":0,\"publisher\":{\"@id\":\"https:\\\/\\\/www.laguiadepamplona.com\\\/actualidad\\\/#organization\"},\"image\":{\"@id\":\"https:\\\/\\\/www.laguiadepamplona.com\\\/actualidad\\\/los-carteles-de-san-fermin-del-siglo-xxi-y-el-centenario-de-la-primera-visita-de-hemingway-a-pamplona-protagonizan-las-dos-exposiciones-estivales-del-palacio-del-condestable\\\/#primaryimage\"},\"thumbnailUrl\":\"https:\\\/\\\/www.laguiadepamplona.com\\\/actualidad\\\/wp-content\\\/uploads\\\/2023\\\/07\\\/exposicionsf23condestable1273.webp\",\"articleSection\":[\"Ayto Pamplona\",\"San Ferm\u00edn\"],\"inLanguage\":\"es\",\"potentialAction\":[{\"@type\":\"CommentAction\",\"name\":\"Comment\",\"target\":[\"https:\\\/\\\/www.laguiadepamplona.com\\\/actualidad\\\/los-carteles-de-san-fermin-del-siglo-xxi-y-el-centenario-de-la-primera-visita-de-hemingway-a-pamplona-protagonizan-las-dos-exposiciones-estivales-del-palacio-del-condestable\\\/#respond\"]}]},{\"@type\":\"WebPage\",\"@id\":\"https:\\\/\\\/www.laguiadepamplona.com\\\/actualidad\\\/los-carteles-de-san-fermin-del-siglo-xxi-y-el-centenario-de-la-primera-visita-de-hemingway-a-pamplona-protagonizan-las-dos-exposiciones-estivales-del-palacio-del-condestable\\\/\",\"url\":\"https:\\\/\\\/www.laguiadepamplona.com\\\/actualidad\\\/los-carteles-de-san-fermin-del-siglo-xxi-y-el-centenario-de-la-primera-visita-de-hemingway-a-pamplona-protagonizan-las-dos-exposiciones-estivales-del-palacio-del-condestable\\\/\",\"name\":\"Los carteles de San Ferm\u00edn del siglo XXI y el centenario de la primera visita de Hemingway a Pamplona protagonizan las dos exposiciones estivales del Palacio del Condestable\",\"isPartOf\":{\"@id\":\"https:\\\/\\\/www.laguiadepamplona.com\\\/actualidad\\\/#website\"},\"primaryImageOfPage\":{\"@id\":\"https:\\\/\\\/www.laguiadepamplona.com\\\/actualidad\\\/los-carteles-de-san-fermin-del-siglo-xxi-y-el-centenario-de-la-primera-visita-de-hemingway-a-pamplona-protagonizan-las-dos-exposiciones-estivales-del-palacio-del-condestable\\\/#primaryimage\"},\"image\":{\"@id\":\"https:\\\/\\\/www.laguiadepamplona.com\\\/actualidad\\\/los-carteles-de-san-fermin-del-siglo-xxi-y-el-centenario-de-la-primera-visita-de-hemingway-a-pamplona-protagonizan-las-dos-exposiciones-estivales-del-palacio-del-condestable\\\/#primaryimage\"},\"thumbnailUrl\":\"https:\\\/\\\/www.laguiadepamplona.com\\\/actualidad\\\/wp-content\\\/uploads\\\/2023\\\/07\\\/exposicionsf23condestable1273.webp\",\"datePublished\":\"2023-07-04T12:14:28+00:00\",\"description\":\"\u2018Una historia gr\u00e1fica. Carteles de San Ferm\u00edn en el siglo XXI\u2019 muestra todos los originales que han anunciado las fiestas entre los a\u00f1os 2000 y 2023\",\"breadcrumb\":{\"@id\":\"https:\\\/\\\/www.laguiadepamplona.com\\\/actualidad\\\/los-carteles-de-san-fermin-del-siglo-xxi-y-el-centenario-de-la-primera-visita-de-hemingway-a-pamplona-protagonizan-las-dos-exposiciones-estivales-del-palacio-del-condestable\\\/#breadcrumb\"},\"inLanguage\":\"es\",\"potentialAction\":[{\"@type\":\"ReadAction\",\"target\":[\"https:\\\/\\\/www.laguiadepamplona.com\\\/actualidad\\\/los-carteles-de-san-fermin-del-siglo-xxi-y-el-centenario-de-la-primera-visita-de-hemingway-a-pamplona-protagonizan-las-dos-exposiciones-estivales-del-palacio-del-condestable\\\/\"]}]},{\"@type\":\"ImageObject\",\"inLanguage\":\"es\",\"@id\":\"https:\\\/\\\/www.laguiadepamplona.com\\\/actualidad\\\/los-carteles-de-san-fermin-del-siglo-xxi-y-el-centenario-de-la-primera-visita-de-hemingway-a-pamplona-protagonizan-las-dos-exposiciones-estivales-del-palacio-del-condestable\\\/#primaryimage\",\"url\":\"https:\\\/\\\/www.laguiadepamplona.com\\\/actualidad\\\/wp-content\\\/uploads\\\/2023\\\/07\\\/exposicionsf23condestable1273.webp\",\"contentUrl\":\"https:\\\/\\\/www.laguiadepamplona.com\\\/actualidad\\\/wp-content\\\/uploads\\\/2023\\\/07\\\/exposicionsf23condestable1273.webp\",\"width\":1600,\"height\":1067,\"caption\":\"exposici\u00f3n\"},{\"@type\":\"BreadcrumbList\",\"@id\":\"https:\\\/\\\/www.laguiadepamplona.com\\\/actualidad\\\/los-carteles-de-san-fermin-del-siglo-xxi-y-el-centenario-de-la-primera-visita-de-hemingway-a-pamplona-protagonizan-las-dos-exposiciones-estivales-del-palacio-del-condestable\\\/#breadcrumb\",\"itemListElement\":[{\"@type\":\"ListItem\",\"position\":1,\"name\":\"Portada\",\"item\":\"https:\\\/\\\/www.laguiadepamplona.com\\\/actualidad\\\/\"},{\"@type\":\"ListItem\",\"position\":2,\"name\":\"Los carteles de San Ferm\u00edn del siglo XXI y el centenario de la primera visita de Hemingway a Pamplona protagonizan las dos exposiciones estivales del Palacio del Condestable\"}]},{\"@type\":\"WebSite\",\"@id\":\"https:\\\/\\\/www.laguiadepamplona.com\\\/actualidad\\\/#website\",\"url\":\"https:\\\/\\\/www.laguiadepamplona.com\\\/actualidad\\\/\",\"name\":\"La gu\u00eda de Pamplona\",\"description\":\"Noticias de Pamplona\",\"publisher\":{\"@id\":\"https:\\\/\\\/www.laguiadepamplona.com\\\/actualidad\\\/#organization\"},\"potentialAction\":[{\"@type\":\"SearchAction\",\"target\":{\"@type\":\"EntryPoint\",\"urlTemplate\":\"https:\\\/\\\/www.laguiadepamplona.com\\\/actualidad\\\/?s={search_term_string}\"},\"query-input\":{\"@type\":\"PropertyValueSpecification\",\"valueRequired\":true,\"valueName\":\"search_term_string\"}}],\"inLanguage\":\"es\"},{\"@type\":\"Organization\",\"@id\":\"https:\\\/\\\/www.laguiadepamplona.com\\\/actualidad\\\/#organization\",\"name\":\"La Gu\u00eda de Pamplona \\\/ Noticias\",\"url\":\"https:\\\/\\\/www.laguiadepamplona.com\\\/actualidad\\\/\",\"logo\":{\"@type\":\"ImageObject\",\"inLanguage\":\"es\",\"@id\":\"https:\\\/\\\/www.laguiadepamplona.com\\\/actualidad\\\/#\\\/schema\\\/logo\\\/image\\\/\",\"url\":\"https:\\\/\\\/www.laguiadepamplona.com\\\/actualidad\\\/wp-content\\\/uploads\\\/2018\\\/11\\\/logo-laguiadepamplona18-web1.png\",\"contentUrl\":\"https:\\\/\\\/www.laguiadepamplona.com\\\/actualidad\\\/wp-content\\\/uploads\\\/2018\\\/11\\\/logo-laguiadepamplona18-web1.png\",\"width\":600,\"height\":196,\"caption\":\"La Gu\u00eda de Pamplona \\\/ Noticias\"},\"image\":{\"@id\":\"https:\\\/\\\/www.laguiadepamplona.com\\\/actualidad\\\/#\\\/schema\\\/logo\\\/image\\\/\"},\"sameAs\":[\"https:\\\/\\\/www.facebook.com\\\/laguiadepamplonacom-133175176762273\\\/?ref=hl\",\"https:\\\/\\\/x.com\\\/LaGuiadPamplona\",\"https:\\\/\\\/www.instagram.com\\\/la_guia_de_pamplona\\\/\",\"https:\\\/\\\/www.youtube.com\\\/user\\\/laguiadepamplona\"]},{\"@type\":\"Person\",\"@id\":\"https:\\\/\\\/www.laguiadepamplona.com\\\/actualidad\\\/#\\\/schema\\\/person\\\/efe887376f0213d4657c93adc50b1fdb\",\"name\":\"La Gu\u00eda de Pamplona\",\"image\":{\"@type\":\"ImageObject\",\"inLanguage\":\"es\",\"@id\":\"https:\\\/\\\/secure.gravatar.com\\\/avatar\\\/b6992f131dc8d30ab0dff15446e9d346d9dbd95992de0fef795073f5ea83a81c?s=96&d=mm&r=g\",\"url\":\"https:\\\/\\\/secure.gravatar.com\\\/avatar\\\/b6992f131dc8d30ab0dff15446e9d346d9dbd95992de0fef795073f5ea83a81c?s=96&d=mm&r=g\",\"contentUrl\":\"https:\\\/\\\/secure.gravatar.com\\\/avatar\\\/b6992f131dc8d30ab0dff15446e9d346d9dbd95992de0fef795073f5ea83a81c?s=96&d=mm&r=g\",\"caption\":\"La Gu\u00eda de Pamplona\"}}]}<\/script>\n<!-- \/ Yoast SEO plugin. -->","yoast_head_json":{"title":"Los carteles de San Ferm\u00edn del siglo XXI y el centenario de la primera visita de Hemingway a Pamplona protagonizan las dos exposiciones estivales del Palacio del Condestable","description":"\u2018Una historia gr\u00e1fica. Carteles de San Ferm\u00edn en el siglo XXI\u2019 muestra todos los originales que han anunciado las fiestas entre los a\u00f1os 2000 y 2023","robots":{"index":"index","follow":"follow","max-snippet":"max-snippet:-1","max-image-preview":"max-image-preview:large","max-video-preview":"max-video-preview:-1"},"canonical":"https:\/\/www.laguiadepamplona.com\/actualidad\/los-carteles-de-san-fermin-del-siglo-xxi-y-el-centenario-de-la-primera-visita-de-hemingway-a-pamplona-protagonizan-las-dos-exposiciones-estivales-del-palacio-del-condestable\/","og_locale":"es_ES","og_type":"article","og_title":"Los carteles de San Ferm\u00edn del siglo XXI y el centenario de la primera visita de Hemingway a Pamplona protagonizan las dos exposiciones estivales del Palacio del Condestable","og_description":"\u2018Una historia gr\u00e1fica. Carteles de San Ferm\u00edn en el siglo XXI\u2019 muestra todos los originales que han anunciado las fiestas entre los a\u00f1os 2000 y 2023","og_url":"https:\/\/www.laguiadepamplona.com\/actualidad\/los-carteles-de-san-fermin-del-siglo-xxi-y-el-centenario-de-la-primera-visita-de-hemingway-a-pamplona-protagonizan-las-dos-exposiciones-estivales-del-palacio-del-condestable\/","og_site_name":"La Gu\u00eda de Pamplona","article_publisher":"https:\/\/www.facebook.com\/laguiadepamplonacom-133175176762273\/?ref=hl","article_published_time":"2023-07-04T12:14:28+00:00","og_image":[{"width":1600,"height":1067,"url":"https:\/\/www.laguiadepamplona.com\/actualidad\/wp-content\/uploads\/2023\/07\/exposicionsf23condestable1273.webp","type":"image\/webp"}],"author":"La Gu\u00eda de Pamplona","twitter_card":"summary_large_image","twitter_creator":"@LaGuiadPamplona","twitter_site":"@LaGuiadPamplona","twitter_misc":{"Escrito por":"La Gu\u00eda de Pamplona","Tiempo de lectura":"3 minutos"},"schema":{"@context":"https:\/\/schema.org","@graph":[{"@type":"Article","@id":"https:\/\/www.laguiadepamplona.com\/actualidad\/los-carteles-de-san-fermin-del-siglo-xxi-y-el-centenario-de-la-primera-visita-de-hemingway-a-pamplona-protagonizan-las-dos-exposiciones-estivales-del-palacio-del-condestable\/#article","isPartOf":{"@id":"https:\/\/www.laguiadepamplona.com\/actualidad\/los-carteles-de-san-fermin-del-siglo-xxi-y-el-centenario-de-la-primera-visita-de-hemingway-a-pamplona-protagonizan-las-dos-exposiciones-estivales-del-palacio-del-condestable\/"},"author":{"name":"La Gu\u00eda de Pamplona","@id":"https:\/\/www.laguiadepamplona.com\/actualidad\/#\/schema\/person\/efe887376f0213d4657c93adc50b1fdb"},"headline":"Los carteles de San Ferm\u00edn del siglo XXI y el centenario de la primera visita de Hemingway a Pamplona protagonizan las dos exposiciones estivales del Palacio del Condestable","datePublished":"2023-07-04T12:14:28+00:00","mainEntityOfPage":{"@id":"https:\/\/www.laguiadepamplona.com\/actualidad\/los-carteles-de-san-fermin-del-siglo-xxi-y-el-centenario-de-la-primera-visita-de-hemingway-a-pamplona-protagonizan-las-dos-exposiciones-estivales-del-palacio-del-condestable\/"},"wordCount":643,"commentCount":0,"publisher":{"@id":"https:\/\/www.laguiadepamplona.com\/actualidad\/#organization"},"image":{"@id":"https:\/\/www.laguiadepamplona.com\/actualidad\/los-carteles-de-san-fermin-del-siglo-xxi-y-el-centenario-de-la-primera-visita-de-hemingway-a-pamplona-protagonizan-las-dos-exposiciones-estivales-del-palacio-del-condestable\/#primaryimage"},"thumbnailUrl":"https:\/\/www.laguiadepamplona.com\/actualidad\/wp-content\/uploads\/2023\/07\/exposicionsf23condestable1273.webp","articleSection":["Ayto Pamplona","San Ferm\u00edn"],"inLanguage":"es","potentialAction":[{"@type":"CommentAction","name":"Comment","target":["https:\/\/www.laguiadepamplona.com\/actualidad\/los-carteles-de-san-fermin-del-siglo-xxi-y-el-centenario-de-la-primera-visita-de-hemingway-a-pamplona-protagonizan-las-dos-exposiciones-estivales-del-palacio-del-condestable\/#respond"]}]},{"@type":"WebPage","@id":"https:\/\/www.laguiadepamplona.com\/actualidad\/los-carteles-de-san-fermin-del-siglo-xxi-y-el-centenario-de-la-primera-visita-de-hemingway-a-pamplona-protagonizan-las-dos-exposiciones-estivales-del-palacio-del-condestable\/","url":"https:\/\/www.laguiadepamplona.com\/actualidad\/los-carteles-de-san-fermin-del-siglo-xxi-y-el-centenario-de-la-primera-visita-de-hemingway-a-pamplona-protagonizan-las-dos-exposiciones-estivales-del-palacio-del-condestable\/","name":"Los carteles de San Ferm\u00edn del siglo XXI y el centenario de la primera visita de Hemingway a Pamplona protagonizan las dos exposiciones estivales del Palacio del Condestable","isPartOf":{"@id":"https:\/\/www.laguiadepamplona.com\/actualidad\/#website"},"primaryImageOfPage":{"@id":"https:\/\/www.laguiadepamplona.com\/actualidad\/los-carteles-de-san-fermin-del-siglo-xxi-y-el-centenario-de-la-primera-visita-de-hemingway-a-pamplona-protagonizan-las-dos-exposiciones-estivales-del-palacio-del-condestable\/#primaryimage"},"image":{"@id":"https:\/\/www.laguiadepamplona.com\/actualidad\/los-carteles-de-san-fermin-del-siglo-xxi-y-el-centenario-de-la-primera-visita-de-hemingway-a-pamplona-protagonizan-las-dos-exposiciones-estivales-del-palacio-del-condestable\/#primaryimage"},"thumbnailUrl":"https:\/\/www.laguiadepamplona.com\/actualidad\/wp-content\/uploads\/2023\/07\/exposicionsf23condestable1273.webp","datePublished":"2023-07-04T12:14:28+00:00","description":"\u2018Una historia gr\u00e1fica. Carteles de San Ferm\u00edn en el siglo XXI\u2019 muestra todos los originales que han anunciado las fiestas entre los a\u00f1os 2000 y 2023","breadcrumb":{"@id":"https:\/\/www.laguiadepamplona.com\/actualidad\/los-carteles-de-san-fermin-del-siglo-xxi-y-el-centenario-de-la-primera-visita-de-hemingway-a-pamplona-protagonizan-las-dos-exposiciones-estivales-del-palacio-del-condestable\/#breadcrumb"},"inLanguage":"es","potentialAction":[{"@type":"ReadAction","target":["https:\/\/www.laguiadepamplona.com\/actualidad\/los-carteles-de-san-fermin-del-siglo-xxi-y-el-centenario-de-la-primera-visita-de-hemingway-a-pamplona-protagonizan-las-dos-exposiciones-estivales-del-palacio-del-condestable\/"]}]},{"@type":"ImageObject","inLanguage":"es","@id":"https:\/\/www.laguiadepamplona.com\/actualidad\/los-carteles-de-san-fermin-del-siglo-xxi-y-el-centenario-de-la-primera-visita-de-hemingway-a-pamplona-protagonizan-las-dos-exposiciones-estivales-del-palacio-del-condestable\/#primaryimage","url":"https:\/\/www.laguiadepamplona.com\/actualidad\/wp-content\/uploads\/2023\/07\/exposicionsf23condestable1273.webp","contentUrl":"https:\/\/www.laguiadepamplona.com\/actualidad\/wp-content\/uploads\/2023\/07\/exposicionsf23condestable1273.webp","width":1600,"height":1067,"caption":"exposici\u00f3n"},{"@type":"BreadcrumbList","@id":"https:\/\/www.laguiadepamplona.com\/actualidad\/los-carteles-de-san-fermin-del-siglo-xxi-y-el-centenario-de-la-primera-visita-de-hemingway-a-pamplona-protagonizan-las-dos-exposiciones-estivales-del-palacio-del-condestable\/#breadcrumb","itemListElement":[{"@type":"ListItem","position":1,"name":"Portada","item":"https:\/\/www.laguiadepamplona.com\/actualidad\/"},{"@type":"ListItem","position":2,"name":"Los carteles de San Ferm\u00edn del siglo XXI y el centenario de la primera visita de Hemingway a Pamplona protagonizan las dos exposiciones estivales del Palacio del Condestable"}]},{"@type":"WebSite","@id":"https:\/\/www.laguiadepamplona.com\/actualidad\/#website","url":"https:\/\/www.laguiadepamplona.com\/actualidad\/","name":"La gu\u00eda de Pamplona","description":"Noticias de Pamplona","publisher":{"@id":"https:\/\/www.laguiadepamplona.com\/actualidad\/#organization"},"potentialAction":[{"@type":"SearchAction","target":{"@type":"EntryPoint","urlTemplate":"https:\/\/www.laguiadepamplona.com\/actualidad\/?s={search_term_string}"},"query-input":{"@type":"PropertyValueSpecification","valueRequired":true,"valueName":"search_term_string"}}],"inLanguage":"es"},{"@type":"Organization","@id":"https:\/\/www.laguiadepamplona.com\/actualidad\/#organization","name":"La Gu\u00eda de Pamplona \/ Noticias","url":"https:\/\/www.laguiadepamplona.com\/actualidad\/","logo":{"@type":"ImageObject","inLanguage":"es","@id":"https:\/\/www.laguiadepamplona.com\/actualidad\/#\/schema\/logo\/image\/","url":"https:\/\/www.laguiadepamplona.com\/actualidad\/wp-content\/uploads\/2018\/11\/logo-laguiadepamplona18-web1.png","contentUrl":"https:\/\/www.laguiadepamplona.com\/actualidad\/wp-content\/uploads\/2018\/11\/logo-laguiadepamplona18-web1.png","width":600,"height":196,"caption":"La Gu\u00eda de Pamplona \/ Noticias"},"image":{"@id":"https:\/\/www.laguiadepamplona.com\/actualidad\/#\/schema\/logo\/image\/"},"sameAs":["https:\/\/www.facebook.com\/laguiadepamplonacom-133175176762273\/?ref=hl","https:\/\/x.com\/LaGuiadPamplona","https:\/\/www.instagram.com\/la_guia_de_pamplona\/","https:\/\/www.youtube.com\/user\/laguiadepamplona"]},{"@type":"Person","@id":"https:\/\/www.laguiadepamplona.com\/actualidad\/#\/schema\/person\/efe887376f0213d4657c93adc50b1fdb","name":"La Gu\u00eda de Pamplona","image":{"@type":"ImageObject","inLanguage":"es","@id":"https:\/\/secure.gravatar.com\/avatar\/b6992f131dc8d30ab0dff15446e9d346d9dbd95992de0fef795073f5ea83a81c?s=96&d=mm&r=g","url":"https:\/\/secure.gravatar.com\/avatar\/b6992f131dc8d30ab0dff15446e9d346d9dbd95992de0fef795073f5ea83a81c?s=96&d=mm&r=g","contentUrl":"https:\/\/secure.gravatar.com\/avatar\/b6992f131dc8d30ab0dff15446e9d346d9dbd95992de0fef795073f5ea83a81c?s=96&d=mm&r=g","caption":"La Gu\u00eda de Pamplona"}}]}},"post_mailing_queue_ids":[],"_links":{"self":[{"href":"https:\/\/www.laguiadepamplona.com\/actualidad\/wp-json\/wp\/v2\/posts\/47233","targetHints":{"allow":["GET"]}}],"collection":[{"href":"https:\/\/www.laguiadepamplona.com\/actualidad\/wp-json\/wp\/v2\/posts"}],"about":[{"href":"https:\/\/www.laguiadepamplona.com\/actualidad\/wp-json\/wp\/v2\/types\/post"}],"author":[{"embeddable":true,"href":"https:\/\/www.laguiadepamplona.com\/actualidad\/wp-json\/wp\/v2\/users\/1"}],"replies":[{"embeddable":true,"href":"https:\/\/www.laguiadepamplona.com\/actualidad\/wp-json\/wp\/v2\/comments?post=47233"}],"version-history":[{"count":1,"href":"https:\/\/www.laguiadepamplona.com\/actualidad\/wp-json\/wp\/v2\/posts\/47233\/revisions"}],"predecessor-version":[{"id":47235,"href":"https:\/\/www.laguiadepamplona.com\/actualidad\/wp-json\/wp\/v2\/posts\/47233\/revisions\/47235"}],"wp:featuredmedia":[{"embeddable":true,"href":"https:\/\/www.laguiadepamplona.com\/actualidad\/wp-json\/wp\/v2\/media\/47234"}],"wp:attachment":[{"href":"https:\/\/www.laguiadepamplona.com\/actualidad\/wp-json\/wp\/v2\/media?parent=47233"}],"wp:term":[{"taxonomy":"category","embeddable":true,"href":"https:\/\/www.laguiadepamplona.com\/actualidad\/wp-json\/wp\/v2\/categories?post=47233"},{"taxonomy":"post_tag","embeddable":true,"href":"https:\/\/www.laguiadepamplona.com\/actualidad\/wp-json\/wp\/v2\/tags?post=47233"}],"curies":[{"name":"wp","href":"https:\/\/api.w.org\/{rel}","templated":true}]}}