{"id":47230,"date":"2023-07-04T14:11:58","date_gmt":"2023-07-04T12:11:58","guid":{"rendered":"https:\/\/www.laguiadepamplona.com\/actualidad\/?p=47230"},"modified":"2023-07-04T14:12:10","modified_gmt":"2023-07-04T12:12:10","slug":"el-ayuntamiento-de-pamplona-acredita-a-mas-de-400-profesionales-de-120-medios-de-comunicacion-de-todo-el-mundo-para-la-cobertura-de-los-sanfermines-2023","status":"publish","type":"post","link":"https:\/\/www.laguiadepamplona.com\/actualidad\/el-ayuntamiento-de-pamplona-acredita-a-mas-de-400-profesionales-de-120-medios-de-comunicacion-de-todo-el-mundo-para-la-cobertura-de-los-sanfermines-2023\/","title":{"rendered":"El Ayuntamiento de Pamplona acredita a m\u00e1s de 400 profesionales de 120 medios de comunicaci\u00f3n de todo el mundo para la cobertura de los Sanfermines 2023"},"content":{"rendered":"<h2>Las solicitudes se han incrementado en un 20% respecto al a\u00f1o pasado, volviendo a las cifras anteriores a la pandemia<\/h2>\n<p><!--more--><\/p>\n<p>Los Sanfermines recuperan la expectaci\u00f3n mundial, tras un a\u00f1o 2022 en el que las restricciones internacionales provocaron un descenso en la cobertura de medios de comunicaci\u00f3n internacionales. Para este 2023, el Ayuntamiento de Pamplona ha acreditado a m\u00e1s de 400 profesionales de 120 medios de comunicaci\u00f3n locales, regionales, nacionales e internacionales. Se vuelve a cifras anteriores a la pandemia en la cobertura de medios, tras registrarse un incremento en las solicitudes de un 20%.<br \/>\n<script async src=\"\/\/pagead2.googlesyndication.com\/pagead\/js\/adsbygoogle.js\"><\/script><br \/>\n<!-- Noticias La Guia de Pamplona --><br \/>\n<ins class=\"adsbygoogle\"\nstyle=\"display:block\"\ndata-ad-client=\"ca-pub-6943679897239327\"\ndata-ad-slot=\"7048180777\"\ndata-ad-format=\"auto\"><\/ins><br \/>\n<script>\n(adsbygoogle = window.adsbygoogle || []).push({});\n<\/script><\/p>\n<p>El acto que m\u00e1s inter\u00e9s suscita es el encierro, con 398 profesionales acreditados de m\u00e1s de un centenar de medios de comunicaci\u00f3n, que se ubican en los postes del vallado que delimita el recorrido para captar las mejores im\u00e1genes de la carrera m\u00e1s universal. Al Chupinazo acudir\u00e1n 179 profesionales de 46 medios de comunicaci\u00f3n, que cubrir\u00e1n el inicio de las fiestas desde la Casa Consistorial o Casa Seminario. Por \u00faltimo, el Pobre de M\u00ed contar\u00e1 con casi un centenar de personas acreditadas de 40 medios de comunicaci\u00f3n. El Ayuntamiento de Pamplona ofrece se\u00f1al institucional tanto del Chupinazo como del Pobre de M\u00ed, ya que las restricciones de espacio en los edificios municipales impiden que puedan acceder todos los medios de comunicaci\u00f3n y proyectos que lo solicitan. En total, el Ayuntamiento de Pamplona ha expedido 2.613 pases o acreditaciones para estos tres eventos de las fiestas.<\/p>\n<p>Durante estos pr\u00f3ximos Sanfermines no faltar\u00e1n proyectos internacionales de la mano de medios como CNN o rodajes cinematogr\u00e1ficos y televisivos, como una producci\u00f3n becada en el Festival Punto de Vista u otros de los que, por cuestiones de confidencialidad de contratos, no se puede desvelar m\u00e1s. No faltar\u00e1 la cobertura de las agencias de noticias m\u00e1s importantes del mundo (Associated Press, Reuters, France Press, United Press, EFE, Europa Press\u2026), tanto con profesionales de la fotograf\u00eda como audiovisuales. Acuden profesionales internacionales de pa\u00edses como Estados Unidos, Reino Unido, Francia, Alemania, Suecia, Canad\u00e1, Turqu\u00eda, Austria, Argelia, Cuba, Italia o Bulgaria.<br \/>\n<script async src=\"\/\/pagead2.googlesyndication.com\/pagead\/js\/adsbygoogle.js\"><\/script><br \/>\n<!-- Noticias La Guia de Pamplona --><br \/>\n<ins class=\"adsbygoogle\"\nstyle=\"display:block\"\ndata-ad-client=\"ca-pub-6943679897239327\"\ndata-ad-slot=\"7048180777\"\ndata-ad-format=\"auto\"><\/ins><br \/>\n<script>\n(adsbygoogle = window.adsbygoogle || []).push({});\n<\/script><\/p>\n<p><strong>Gu\u00eda profesional de los Sanfermines<\/strong><\/p>\n<p>Como en a\u00f1os anteriores, el Ayuntamiento de Pamplona ha elaborado una gu\u00eda profesional de los Sanfermines con la informaci\u00f3n b\u00e1sica de la fiesta dirigida sobre todo a quienes nos visitan por primera vez. Medios de comunicaci\u00f3n y profesionales gr\u00e1ficos y audiovisuales, pueden encontrar en ella datos y cifras de los Sanfermines, informaci\u00f3n sobre los actos de las fiestas o tel\u00e9fonos de inter\u00e9s, adem\u00e1s de informaci\u00f3n tur\u00edstica sobre Pamplona y Navarra. La gu\u00eda se ha editado en castellano, euskera e ingl\u00e9s. Se han editado 250 ejemplares, que se entregan en la Oficina Internacional de Prensa. La gu\u00eda puede descargarse en <a href=\"https:\/\/sanferminespamplona.es\/prensa\/\" target=\"_blank\" rel=\"noopener\">https:\/\/sanferminespamplona.es\/prensa\/<\/a>.<\/p>\n<p>El Ayuntamiento de Pamplona, el Gobierno de Navarra y la Asociaci\u00f3n de Periodistas de Navarra colaboran un a\u00f1o m\u00e1s en la puesta en marcha de una Oficina Internacional de Prensa para atender a los medios y profesionales de la comunicaci\u00f3n que se acercan a las fiestas y para la recogida de las acreditaciones. La OIP est\u00e1 ubicada en el Palacio de Congresos y Auditorio Baluarte y permanecer\u00e1 abierta hasta el 14 de julio. Este martes su horario es de 10 a 14 horas. El 5 y 6 de julio atender\u00e1 de 9 a 17 horas y del 7 al 14 de julio, de 7.45 a 17 horas.<\/p>\n","protected":false},"excerpt":{"rendered":"<p>Las solicitudes se han incrementado en un 20% respecto al a\u00f1o pasado, volviendo a las cifras anteriores a la pandemia<\/p>\n","protected":false},"author":1,"featured_media":47231,"comment_status":"open","ping_status":"closed","sticky":false,"template":"","format":"standard","meta":{"footnotes":""},"categories":[2,9406],"tags":[],"class_list":["post-47230","post","type-post","status-publish","format-standard","has-post-thumbnail","hentry","category-ayuntamiento-pamplona","category-san-fermin"],"yoast_head":"<!-- This site is optimized with the Yoast SEO plugin v27.3 - https:\/\/yoast.com\/product\/yoast-seo-wordpress\/ -->\n<title>El Ayuntamiento de Pamplona acredita a m\u00e1s de 400 profesionales de 120 medios de comunicaci\u00f3n de todo el mundo para la cobertura de los Sanfermines 2023<\/title>\n<meta name=\"description\" content=\"Las solicitudes se han incrementado en un 20% respecto al a\u00f1o pasado, volviendo a las cifras anteriores a la pandemia\" \/>\n<meta name=\"robots\" content=\"index, follow, max-snippet:-1, max-image-preview:large, max-video-preview:-1\" \/>\n<link rel=\"canonical\" href=\"https:\/\/www.laguiadepamplona.com\/actualidad\/el-ayuntamiento-de-pamplona-acredita-a-mas-de-400-profesionales-de-120-medios-de-comunicacion-de-todo-el-mundo-para-la-cobertura-de-los-sanfermines-2023\/\" \/>\n<meta property=\"og:locale\" content=\"es_ES\" \/>\n<meta property=\"og:type\" content=\"article\" \/>\n<meta property=\"og:title\" content=\"El Ayuntamiento de Pamplona acredita a m\u00e1s de 400 profesionales de 120 medios de comunicaci\u00f3n de todo el mundo para la cobertura de los Sanfermines 2023\" \/>\n<meta property=\"og:description\" content=\"Las solicitudes se han incrementado en un 20% respecto al a\u00f1o pasado, volviendo a las cifras anteriores a la pandemia\" \/>\n<meta property=\"og:url\" content=\"https:\/\/www.laguiadepamplona.com\/actualidad\/el-ayuntamiento-de-pamplona-acredita-a-mas-de-400-profesionales-de-120-medios-de-comunicacion-de-todo-el-mundo-para-la-cobertura-de-los-sanfermines-2023\/\" \/>\n<meta property=\"og:site_name\" content=\"La Gu\u00eda de Pamplona\" \/>\n<meta property=\"article:publisher\" content=\"https:\/\/www.facebook.com\/laguiadepamplonacom-133175176762273\/?ref=hl\" \/>\n<meta property=\"article:published_time\" content=\"2023-07-04T12:11:58+00:00\" \/>\n<meta property=\"article:modified_time\" content=\"2023-07-04T12:12:10+00:00\" \/>\n<meta property=\"og:image\" content=\"https:\/\/www.laguiadepamplona.com\/actualidad\/wp-content\/uploads\/2023\/07\/oficinadeprensainternacionalnb1415_0.webp\" \/>\n\t<meta property=\"og:image:width\" content=\"1600\" \/>\n\t<meta property=\"og:image:height\" content=\"1067\" \/>\n\t<meta property=\"og:image:type\" content=\"image\/webp\" \/>\n<meta name=\"author\" content=\"La Gu\u00eda de Pamplona\" \/>\n<meta name=\"twitter:card\" content=\"summary_large_image\" \/>\n<meta name=\"twitter:creator\" content=\"@LaGuiadPamplona\" \/>\n<meta name=\"twitter:site\" content=\"@LaGuiadPamplona\" \/>\n<meta name=\"twitter:label1\" content=\"Escrito por\" \/>\n\t<meta name=\"twitter:data1\" content=\"La Gu\u00eda de Pamplona\" \/>\n\t<meta name=\"twitter:label2\" content=\"Tiempo de lectura\" \/>\n\t<meta name=\"twitter:data2\" content=\"3 minutos\" \/>\n<script type=\"application\/ld+json\" class=\"yoast-schema-graph\">{\"@context\":\"https:\\\/\\\/schema.org\",\"@graph\":[{\"@type\":\"Article\",\"@id\":\"https:\\\/\\\/www.laguiadepamplona.com\\\/actualidad\\\/el-ayuntamiento-de-pamplona-acredita-a-mas-de-400-profesionales-de-120-medios-de-comunicacion-de-todo-el-mundo-para-la-cobertura-de-los-sanfermines-2023\\\/#article\",\"isPartOf\":{\"@id\":\"https:\\\/\\\/www.laguiadepamplona.com\\\/actualidad\\\/el-ayuntamiento-de-pamplona-acredita-a-mas-de-400-profesionales-de-120-medios-de-comunicacion-de-todo-el-mundo-para-la-cobertura-de-los-sanfermines-2023\\\/\"},\"author\":{\"name\":\"La Gu\u00eda de Pamplona\",\"@id\":\"https:\\\/\\\/www.laguiadepamplona.com\\\/actualidad\\\/#\\\/schema\\\/person\\\/efe887376f0213d4657c93adc50b1fdb\"},\"headline\":\"El Ayuntamiento de Pamplona acredita a m\u00e1s de 400 profesionales de 120 medios de comunicaci\u00f3n de todo el mundo para la cobertura de los Sanfermines 2023\",\"datePublished\":\"2023-07-04T12:11:58+00:00\",\"dateModified\":\"2023-07-04T12:12:10+00:00\",\"mainEntityOfPage\":{\"@id\":\"https:\\\/\\\/www.laguiadepamplona.com\\\/actualidad\\\/el-ayuntamiento-de-pamplona-acredita-a-mas-de-400-profesionales-de-120-medios-de-comunicacion-de-todo-el-mundo-para-la-cobertura-de-los-sanfermines-2023\\\/\"},\"wordCount\":601,\"commentCount\":0,\"publisher\":{\"@id\":\"https:\\\/\\\/www.laguiadepamplona.com\\\/actualidad\\\/#organization\"},\"image\":{\"@id\":\"https:\\\/\\\/www.laguiadepamplona.com\\\/actualidad\\\/el-ayuntamiento-de-pamplona-acredita-a-mas-de-400-profesionales-de-120-medios-de-comunicacion-de-todo-el-mundo-para-la-cobertura-de-los-sanfermines-2023\\\/#primaryimage\"},\"thumbnailUrl\":\"https:\\\/\\\/www.laguiadepamplona.com\\\/actualidad\\\/wp-content\\\/uploads\\\/2023\\\/07\\\/oficinadeprensainternacionalnb1415_0.webp\",\"articleSection\":[\"Ayto Pamplona\",\"San Ferm\u00edn\"],\"inLanguage\":\"es\",\"potentialAction\":[{\"@type\":\"CommentAction\",\"name\":\"Comment\",\"target\":[\"https:\\\/\\\/www.laguiadepamplona.com\\\/actualidad\\\/el-ayuntamiento-de-pamplona-acredita-a-mas-de-400-profesionales-de-120-medios-de-comunicacion-de-todo-el-mundo-para-la-cobertura-de-los-sanfermines-2023\\\/#respond\"]}]},{\"@type\":\"WebPage\",\"@id\":\"https:\\\/\\\/www.laguiadepamplona.com\\\/actualidad\\\/el-ayuntamiento-de-pamplona-acredita-a-mas-de-400-profesionales-de-120-medios-de-comunicacion-de-todo-el-mundo-para-la-cobertura-de-los-sanfermines-2023\\\/\",\"url\":\"https:\\\/\\\/www.laguiadepamplona.com\\\/actualidad\\\/el-ayuntamiento-de-pamplona-acredita-a-mas-de-400-profesionales-de-120-medios-de-comunicacion-de-todo-el-mundo-para-la-cobertura-de-los-sanfermines-2023\\\/\",\"name\":\"El Ayuntamiento de Pamplona acredita a m\u00e1s de 400 profesionales de 120 medios de comunicaci\u00f3n de todo el mundo para la cobertura de los Sanfermines 2023\",\"isPartOf\":{\"@id\":\"https:\\\/\\\/www.laguiadepamplona.com\\\/actualidad\\\/#website\"},\"primaryImageOfPage\":{\"@id\":\"https:\\\/\\\/www.laguiadepamplona.com\\\/actualidad\\\/el-ayuntamiento-de-pamplona-acredita-a-mas-de-400-profesionales-de-120-medios-de-comunicacion-de-todo-el-mundo-para-la-cobertura-de-los-sanfermines-2023\\\/#primaryimage\"},\"image\":{\"@id\":\"https:\\\/\\\/www.laguiadepamplona.com\\\/actualidad\\\/el-ayuntamiento-de-pamplona-acredita-a-mas-de-400-profesionales-de-120-medios-de-comunicacion-de-todo-el-mundo-para-la-cobertura-de-los-sanfermines-2023\\\/#primaryimage\"},\"thumbnailUrl\":\"https:\\\/\\\/www.laguiadepamplona.com\\\/actualidad\\\/wp-content\\\/uploads\\\/2023\\\/07\\\/oficinadeprensainternacionalnb1415_0.webp\",\"datePublished\":\"2023-07-04T12:11:58+00:00\",\"dateModified\":\"2023-07-04T12:12:10+00:00\",\"description\":\"Las solicitudes se han incrementado en un 20% respecto al a\u00f1o pasado, volviendo a las cifras anteriores a la pandemia\",\"breadcrumb\":{\"@id\":\"https:\\\/\\\/www.laguiadepamplona.com\\\/actualidad\\\/el-ayuntamiento-de-pamplona-acredita-a-mas-de-400-profesionales-de-120-medios-de-comunicacion-de-todo-el-mundo-para-la-cobertura-de-los-sanfermines-2023\\\/#breadcrumb\"},\"inLanguage\":\"es\",\"potentialAction\":[{\"@type\":\"ReadAction\",\"target\":[\"https:\\\/\\\/www.laguiadepamplona.com\\\/actualidad\\\/el-ayuntamiento-de-pamplona-acredita-a-mas-de-400-profesionales-de-120-medios-de-comunicacion-de-todo-el-mundo-para-la-cobertura-de-los-sanfermines-2023\\\/\"]}]},{\"@type\":\"ImageObject\",\"inLanguage\":\"es\",\"@id\":\"https:\\\/\\\/www.laguiadepamplona.com\\\/actualidad\\\/el-ayuntamiento-de-pamplona-acredita-a-mas-de-400-profesionales-de-120-medios-de-comunicacion-de-todo-el-mundo-para-la-cobertura-de-los-sanfermines-2023\\\/#primaryimage\",\"url\":\"https:\\\/\\\/www.laguiadepamplona.com\\\/actualidad\\\/wp-content\\\/uploads\\\/2023\\\/07\\\/oficinadeprensainternacionalnb1415_0.webp\",\"contentUrl\":\"https:\\\/\\\/www.laguiadepamplona.com\\\/actualidad\\\/wp-content\\\/uploads\\\/2023\\\/07\\\/oficinadeprensainternacionalnb1415_0.webp\",\"width\":1600,\"height\":1067,\"caption\":\"prensa\"},{\"@type\":\"BreadcrumbList\",\"@id\":\"https:\\\/\\\/www.laguiadepamplona.com\\\/actualidad\\\/el-ayuntamiento-de-pamplona-acredita-a-mas-de-400-profesionales-de-120-medios-de-comunicacion-de-todo-el-mundo-para-la-cobertura-de-los-sanfermines-2023\\\/#breadcrumb\",\"itemListElement\":[{\"@type\":\"ListItem\",\"position\":1,\"name\":\"Portada\",\"item\":\"https:\\\/\\\/www.laguiadepamplona.com\\\/actualidad\\\/\"},{\"@type\":\"ListItem\",\"position\":2,\"name\":\"El Ayuntamiento de Pamplona acredita a m\u00e1s de 400 profesionales de 120 medios de comunicaci\u00f3n de todo el mundo para la cobertura de los Sanfermines 2023\"}]},{\"@type\":\"WebSite\",\"@id\":\"https:\\\/\\\/www.laguiadepamplona.com\\\/actualidad\\\/#website\",\"url\":\"https:\\\/\\\/www.laguiadepamplona.com\\\/actualidad\\\/\",\"name\":\"La gu\u00eda de Pamplona\",\"description\":\"Noticias de Pamplona\",\"publisher\":{\"@id\":\"https:\\\/\\\/www.laguiadepamplona.com\\\/actualidad\\\/#organization\"},\"potentialAction\":[{\"@type\":\"SearchAction\",\"target\":{\"@type\":\"EntryPoint\",\"urlTemplate\":\"https:\\\/\\\/www.laguiadepamplona.com\\\/actualidad\\\/?s={search_term_string}\"},\"query-input\":{\"@type\":\"PropertyValueSpecification\",\"valueRequired\":true,\"valueName\":\"search_term_string\"}}],\"inLanguage\":\"es\"},{\"@type\":\"Organization\",\"@id\":\"https:\\\/\\\/www.laguiadepamplona.com\\\/actualidad\\\/#organization\",\"name\":\"La Gu\u00eda de Pamplona \\\/ Noticias\",\"url\":\"https:\\\/\\\/www.laguiadepamplona.com\\\/actualidad\\\/\",\"logo\":{\"@type\":\"ImageObject\",\"inLanguage\":\"es\",\"@id\":\"https:\\\/\\\/www.laguiadepamplona.com\\\/actualidad\\\/#\\\/schema\\\/logo\\\/image\\\/\",\"url\":\"https:\\\/\\\/www.laguiadepamplona.com\\\/actualidad\\\/wp-content\\\/uploads\\\/2018\\\/11\\\/logo-laguiadepamplona18-web1.png\",\"contentUrl\":\"https:\\\/\\\/www.laguiadepamplona.com\\\/actualidad\\\/wp-content\\\/uploads\\\/2018\\\/11\\\/logo-laguiadepamplona18-web1.png\",\"width\":600,\"height\":196,\"caption\":\"La Gu\u00eda de Pamplona \\\/ Noticias\"},\"image\":{\"@id\":\"https:\\\/\\\/www.laguiadepamplona.com\\\/actualidad\\\/#\\\/schema\\\/logo\\\/image\\\/\"},\"sameAs\":[\"https:\\\/\\\/www.facebook.com\\\/laguiadepamplonacom-133175176762273\\\/?ref=hl\",\"https:\\\/\\\/x.com\\\/LaGuiadPamplona\",\"https:\\\/\\\/www.instagram.com\\\/la_guia_de_pamplona\\\/\",\"https:\\\/\\\/www.youtube.com\\\/user\\\/laguiadepamplona\"]},{\"@type\":\"Person\",\"@id\":\"https:\\\/\\\/www.laguiadepamplona.com\\\/actualidad\\\/#\\\/schema\\\/person\\\/efe887376f0213d4657c93adc50b1fdb\",\"name\":\"La Gu\u00eda de Pamplona\",\"image\":{\"@type\":\"ImageObject\",\"inLanguage\":\"es\",\"@id\":\"https:\\\/\\\/secure.gravatar.com\\\/avatar\\\/b6992f131dc8d30ab0dff15446e9d346d9dbd95992de0fef795073f5ea83a81c?s=96&d=mm&r=g\",\"url\":\"https:\\\/\\\/secure.gravatar.com\\\/avatar\\\/b6992f131dc8d30ab0dff15446e9d346d9dbd95992de0fef795073f5ea83a81c?s=96&d=mm&r=g\",\"contentUrl\":\"https:\\\/\\\/secure.gravatar.com\\\/avatar\\\/b6992f131dc8d30ab0dff15446e9d346d9dbd95992de0fef795073f5ea83a81c?s=96&d=mm&r=g\",\"caption\":\"La Gu\u00eda de Pamplona\"}}]}<\/script>\n<!-- \/ Yoast SEO plugin. -->","yoast_head_json":{"title":"El Ayuntamiento de Pamplona acredita a m\u00e1s de 400 profesionales de 120 medios de comunicaci\u00f3n de todo el mundo para la cobertura de los Sanfermines 2023","description":"Las solicitudes se han incrementado en un 20% respecto al a\u00f1o pasado, volviendo a las cifras anteriores a la pandemia","robots":{"index":"index","follow":"follow","max-snippet":"max-snippet:-1","max-image-preview":"max-image-preview:large","max-video-preview":"max-video-preview:-1"},"canonical":"https:\/\/www.laguiadepamplona.com\/actualidad\/el-ayuntamiento-de-pamplona-acredita-a-mas-de-400-profesionales-de-120-medios-de-comunicacion-de-todo-el-mundo-para-la-cobertura-de-los-sanfermines-2023\/","og_locale":"es_ES","og_type":"article","og_title":"El Ayuntamiento de Pamplona acredita a m\u00e1s de 400 profesionales de 120 medios de comunicaci\u00f3n de todo el mundo para la cobertura de los Sanfermines 2023","og_description":"Las solicitudes se han incrementado en un 20% respecto al a\u00f1o pasado, volviendo a las cifras anteriores a la pandemia","og_url":"https:\/\/www.laguiadepamplona.com\/actualidad\/el-ayuntamiento-de-pamplona-acredita-a-mas-de-400-profesionales-de-120-medios-de-comunicacion-de-todo-el-mundo-para-la-cobertura-de-los-sanfermines-2023\/","og_site_name":"La Gu\u00eda de Pamplona","article_publisher":"https:\/\/www.facebook.com\/laguiadepamplonacom-133175176762273\/?ref=hl","article_published_time":"2023-07-04T12:11:58+00:00","article_modified_time":"2023-07-04T12:12:10+00:00","og_image":[{"width":1600,"height":1067,"url":"https:\/\/www.laguiadepamplona.com\/actualidad\/wp-content\/uploads\/2023\/07\/oficinadeprensainternacionalnb1415_0.webp","type":"image\/webp"}],"author":"La Gu\u00eda de Pamplona","twitter_card":"summary_large_image","twitter_creator":"@LaGuiadPamplona","twitter_site":"@LaGuiadPamplona","twitter_misc":{"Escrito por":"La Gu\u00eda de Pamplona","Tiempo de lectura":"3 minutos"},"schema":{"@context":"https:\/\/schema.org","@graph":[{"@type":"Article","@id":"https:\/\/www.laguiadepamplona.com\/actualidad\/el-ayuntamiento-de-pamplona-acredita-a-mas-de-400-profesionales-de-120-medios-de-comunicacion-de-todo-el-mundo-para-la-cobertura-de-los-sanfermines-2023\/#article","isPartOf":{"@id":"https:\/\/www.laguiadepamplona.com\/actualidad\/el-ayuntamiento-de-pamplona-acredita-a-mas-de-400-profesionales-de-120-medios-de-comunicacion-de-todo-el-mundo-para-la-cobertura-de-los-sanfermines-2023\/"},"author":{"name":"La Gu\u00eda de Pamplona","@id":"https:\/\/www.laguiadepamplona.com\/actualidad\/#\/schema\/person\/efe887376f0213d4657c93adc50b1fdb"},"headline":"El Ayuntamiento de Pamplona acredita a m\u00e1s de 400 profesionales de 120 medios de comunicaci\u00f3n de todo el mundo para la cobertura de los Sanfermines 2023","datePublished":"2023-07-04T12:11:58+00:00","dateModified":"2023-07-04T12:12:10+00:00","mainEntityOfPage":{"@id":"https:\/\/www.laguiadepamplona.com\/actualidad\/el-ayuntamiento-de-pamplona-acredita-a-mas-de-400-profesionales-de-120-medios-de-comunicacion-de-todo-el-mundo-para-la-cobertura-de-los-sanfermines-2023\/"},"wordCount":601,"commentCount":0,"publisher":{"@id":"https:\/\/www.laguiadepamplona.com\/actualidad\/#organization"},"image":{"@id":"https:\/\/www.laguiadepamplona.com\/actualidad\/el-ayuntamiento-de-pamplona-acredita-a-mas-de-400-profesionales-de-120-medios-de-comunicacion-de-todo-el-mundo-para-la-cobertura-de-los-sanfermines-2023\/#primaryimage"},"thumbnailUrl":"https:\/\/www.laguiadepamplona.com\/actualidad\/wp-content\/uploads\/2023\/07\/oficinadeprensainternacionalnb1415_0.webp","articleSection":["Ayto Pamplona","San Ferm\u00edn"],"inLanguage":"es","potentialAction":[{"@type":"CommentAction","name":"Comment","target":["https:\/\/www.laguiadepamplona.com\/actualidad\/el-ayuntamiento-de-pamplona-acredita-a-mas-de-400-profesionales-de-120-medios-de-comunicacion-de-todo-el-mundo-para-la-cobertura-de-los-sanfermines-2023\/#respond"]}]},{"@type":"WebPage","@id":"https:\/\/www.laguiadepamplona.com\/actualidad\/el-ayuntamiento-de-pamplona-acredita-a-mas-de-400-profesionales-de-120-medios-de-comunicacion-de-todo-el-mundo-para-la-cobertura-de-los-sanfermines-2023\/","url":"https:\/\/www.laguiadepamplona.com\/actualidad\/el-ayuntamiento-de-pamplona-acredita-a-mas-de-400-profesionales-de-120-medios-de-comunicacion-de-todo-el-mundo-para-la-cobertura-de-los-sanfermines-2023\/","name":"El Ayuntamiento de Pamplona acredita a m\u00e1s de 400 profesionales de 120 medios de comunicaci\u00f3n de todo el mundo para la cobertura de los Sanfermines 2023","isPartOf":{"@id":"https:\/\/www.laguiadepamplona.com\/actualidad\/#website"},"primaryImageOfPage":{"@id":"https:\/\/www.laguiadepamplona.com\/actualidad\/el-ayuntamiento-de-pamplona-acredita-a-mas-de-400-profesionales-de-120-medios-de-comunicacion-de-todo-el-mundo-para-la-cobertura-de-los-sanfermines-2023\/#primaryimage"},"image":{"@id":"https:\/\/www.laguiadepamplona.com\/actualidad\/el-ayuntamiento-de-pamplona-acredita-a-mas-de-400-profesionales-de-120-medios-de-comunicacion-de-todo-el-mundo-para-la-cobertura-de-los-sanfermines-2023\/#primaryimage"},"thumbnailUrl":"https:\/\/www.laguiadepamplona.com\/actualidad\/wp-content\/uploads\/2023\/07\/oficinadeprensainternacionalnb1415_0.webp","datePublished":"2023-07-04T12:11:58+00:00","dateModified":"2023-07-04T12:12:10+00:00","description":"Las solicitudes se han incrementado en un 20% respecto al a\u00f1o pasado, volviendo a las cifras anteriores a la pandemia","breadcrumb":{"@id":"https:\/\/www.laguiadepamplona.com\/actualidad\/el-ayuntamiento-de-pamplona-acredita-a-mas-de-400-profesionales-de-120-medios-de-comunicacion-de-todo-el-mundo-para-la-cobertura-de-los-sanfermines-2023\/#breadcrumb"},"inLanguage":"es","potentialAction":[{"@type":"ReadAction","target":["https:\/\/www.laguiadepamplona.com\/actualidad\/el-ayuntamiento-de-pamplona-acredita-a-mas-de-400-profesionales-de-120-medios-de-comunicacion-de-todo-el-mundo-para-la-cobertura-de-los-sanfermines-2023\/"]}]},{"@type":"ImageObject","inLanguage":"es","@id":"https:\/\/www.laguiadepamplona.com\/actualidad\/el-ayuntamiento-de-pamplona-acredita-a-mas-de-400-profesionales-de-120-medios-de-comunicacion-de-todo-el-mundo-para-la-cobertura-de-los-sanfermines-2023\/#primaryimage","url":"https:\/\/www.laguiadepamplona.com\/actualidad\/wp-content\/uploads\/2023\/07\/oficinadeprensainternacionalnb1415_0.webp","contentUrl":"https:\/\/www.laguiadepamplona.com\/actualidad\/wp-content\/uploads\/2023\/07\/oficinadeprensainternacionalnb1415_0.webp","width":1600,"height":1067,"caption":"prensa"},{"@type":"BreadcrumbList","@id":"https:\/\/www.laguiadepamplona.com\/actualidad\/el-ayuntamiento-de-pamplona-acredita-a-mas-de-400-profesionales-de-120-medios-de-comunicacion-de-todo-el-mundo-para-la-cobertura-de-los-sanfermines-2023\/#breadcrumb","itemListElement":[{"@type":"ListItem","position":1,"name":"Portada","item":"https:\/\/www.laguiadepamplona.com\/actualidad\/"},{"@type":"ListItem","position":2,"name":"El Ayuntamiento de Pamplona acredita a m\u00e1s de 400 profesionales de 120 medios de comunicaci\u00f3n de todo el mundo para la cobertura de los Sanfermines 2023"}]},{"@type":"WebSite","@id":"https:\/\/www.laguiadepamplona.com\/actualidad\/#website","url":"https:\/\/www.laguiadepamplona.com\/actualidad\/","name":"La gu\u00eda de Pamplona","description":"Noticias de Pamplona","publisher":{"@id":"https:\/\/www.laguiadepamplona.com\/actualidad\/#organization"},"potentialAction":[{"@type":"SearchAction","target":{"@type":"EntryPoint","urlTemplate":"https:\/\/www.laguiadepamplona.com\/actualidad\/?s={search_term_string}"},"query-input":{"@type":"PropertyValueSpecification","valueRequired":true,"valueName":"search_term_string"}}],"inLanguage":"es"},{"@type":"Organization","@id":"https:\/\/www.laguiadepamplona.com\/actualidad\/#organization","name":"La Gu\u00eda de Pamplona \/ Noticias","url":"https:\/\/www.laguiadepamplona.com\/actualidad\/","logo":{"@type":"ImageObject","inLanguage":"es","@id":"https:\/\/www.laguiadepamplona.com\/actualidad\/#\/schema\/logo\/image\/","url":"https:\/\/www.laguiadepamplona.com\/actualidad\/wp-content\/uploads\/2018\/11\/logo-laguiadepamplona18-web1.png","contentUrl":"https:\/\/www.laguiadepamplona.com\/actualidad\/wp-content\/uploads\/2018\/11\/logo-laguiadepamplona18-web1.png","width":600,"height":196,"caption":"La Gu\u00eda de Pamplona \/ Noticias"},"image":{"@id":"https:\/\/www.laguiadepamplona.com\/actualidad\/#\/schema\/logo\/image\/"},"sameAs":["https:\/\/www.facebook.com\/laguiadepamplonacom-133175176762273\/?ref=hl","https:\/\/x.com\/LaGuiadPamplona","https:\/\/www.instagram.com\/la_guia_de_pamplona\/","https:\/\/www.youtube.com\/user\/laguiadepamplona"]},{"@type":"Person","@id":"https:\/\/www.laguiadepamplona.com\/actualidad\/#\/schema\/person\/efe887376f0213d4657c93adc50b1fdb","name":"La Gu\u00eda de Pamplona","image":{"@type":"ImageObject","inLanguage":"es","@id":"https:\/\/secure.gravatar.com\/avatar\/b6992f131dc8d30ab0dff15446e9d346d9dbd95992de0fef795073f5ea83a81c?s=96&d=mm&r=g","url":"https:\/\/secure.gravatar.com\/avatar\/b6992f131dc8d30ab0dff15446e9d346d9dbd95992de0fef795073f5ea83a81c?s=96&d=mm&r=g","contentUrl":"https:\/\/secure.gravatar.com\/avatar\/b6992f131dc8d30ab0dff15446e9d346d9dbd95992de0fef795073f5ea83a81c?s=96&d=mm&r=g","caption":"La Gu\u00eda de Pamplona"}}]}},"post_mailing_queue_ids":[],"_links":{"self":[{"href":"https:\/\/www.laguiadepamplona.com\/actualidad\/wp-json\/wp\/v2\/posts\/47230","targetHints":{"allow":["GET"]}}],"collection":[{"href":"https:\/\/www.laguiadepamplona.com\/actualidad\/wp-json\/wp\/v2\/posts"}],"about":[{"href":"https:\/\/www.laguiadepamplona.com\/actualidad\/wp-json\/wp\/v2\/types\/post"}],"author":[{"embeddable":true,"href":"https:\/\/www.laguiadepamplona.com\/actualidad\/wp-json\/wp\/v2\/users\/1"}],"replies":[{"embeddable":true,"href":"https:\/\/www.laguiadepamplona.com\/actualidad\/wp-json\/wp\/v2\/comments?post=47230"}],"version-history":[{"count":1,"href":"https:\/\/www.laguiadepamplona.com\/actualidad\/wp-json\/wp\/v2\/posts\/47230\/revisions"}],"predecessor-version":[{"id":47232,"href":"https:\/\/www.laguiadepamplona.com\/actualidad\/wp-json\/wp\/v2\/posts\/47230\/revisions\/47232"}],"wp:featuredmedia":[{"embeddable":true,"href":"https:\/\/www.laguiadepamplona.com\/actualidad\/wp-json\/wp\/v2\/media\/47231"}],"wp:attachment":[{"href":"https:\/\/www.laguiadepamplona.com\/actualidad\/wp-json\/wp\/v2\/media?parent=47230"}],"wp:term":[{"taxonomy":"category","embeddable":true,"href":"https:\/\/www.laguiadepamplona.com\/actualidad\/wp-json\/wp\/v2\/categories?post=47230"},{"taxonomy":"post_tag","embeddable":true,"href":"https:\/\/www.laguiadepamplona.com\/actualidad\/wp-json\/wp\/v2\/tags?post=47230"}],"curies":[{"name":"wp","href":"https:\/\/api.w.org\/{rel}","templated":true}]}}