{"id":47227,"date":"2023-07-04T14:10:02","date_gmt":"2023-07-04T12:10:02","guid":{"rendered":"https:\/\/www.laguiadepamplona.com\/actualidad\/?p=47227"},"modified":"2023-07-04T14:10:12","modified_gmt":"2023-07-04T12:10:12","slug":"el-bando-de-san-fermin-apela-al-sentido-civico-de-pamploneses-pamplonesas-y-visitantes-para-disfrutar-de-las-fiestas-con-sentido-de-responsabilidad","status":"publish","type":"post","link":"https:\/\/www.laguiadepamplona.com\/actualidad\/el-bando-de-san-fermin-apela-al-sentido-civico-de-pamploneses-pamplonesas-y-visitantes-para-disfrutar-de-las-fiestas-con-sentido-de-responsabilidad\/","title":{"rendered":"El bando de San Ferm\u00edn apela al sentido c\u00edvico de pamploneses, pamplonesas y visitantes para disfrutar de las fiestas \u201ccon sentido de responsabilidad\u201d"},"content":{"rendered":"<h2>Incluye algunas modificaciones referentes a la zona naranja durante fiestas y al horario de cierre al tr\u00e1fico del Casco Antiguo<\/h2>\n<p><!--more--><\/p>\n<p>Un a\u00f1o m\u00e1s, en v\u00edsperas de las fiestas, el Ayuntamiento de Pamplona edita el bando de San Ferm\u00edn con el deseo de que sean una expresi\u00f3n de alegr\u00eda de la ciudad y sus visitantes, y con el fin de mantenerlas en sus l\u00edneas de tradici\u00f3n y civismo\u201d. La alcaldesa \u201cconf\u00eda en el sentido c\u00edvico de los pamploneses, pamplonesas y visitantes y en su colaboraci\u00f3n para el buen desarrollo de las fiestas de San Ferm\u00edn\u201d y pide que \u201cdisfrutemos de nuestra ciudad y de las fiestas con sentido de responsabilidad\u201d.<\/p>\n<p>El Bando de San Ferm\u00edn repasa los aspectos fundamentales que deben cumplirse en las fiestas, tanto referente a ordenanzas y normativa como a la organizaci\u00f3n y la participaci\u00f3n en los actos programados. Se regulan cuestiones que van desde el tr\u00e1fico y el aparcamiento o la seguridad de edificios hasta actos como el Chupinazo, los encierros y encierrillos o las vaquillas. Entre otras novedades, se incluyen algunas excepciones a la zona naranja de estacionamiento en puntos concretos de la ciudad, as\u00ed como el retraso en el cierre al tr\u00e1fico del Casco Antiguo, que tendr\u00e1 lugar el 5 de julio a primera hora de la noche, en lugar de por la ma\u00f1ana.<br \/>\n<script async src=\"\/\/pagead2.googlesyndication.com\/pagead\/js\/adsbygoogle.js\"><\/script><br \/>\n<!-- Noticias La Guia de Pamplona --><br \/>\n<ins class=\"adsbygoogle\"\nstyle=\"display:block\"\ndata-ad-client=\"ca-pub-6943679897239327\"\ndata-ad-slot=\"7048180777\"\ndata-ad-format=\"auto\"><\/ins><br \/>\n<script>\n(adsbygoogle = window.adsbygoogle || []).push({});\n<\/script><\/p>\n<p><strong>Zona naranja de estacionamiento, del 5 al 14 de julio, ambos incluidos<\/strong><\/p>\n<p>Un a\u00f1o m\u00e1s, Pamplona se convertir\u00e1 en zona naranja de estacionamiento en los diferentes sectores de la ciudad. Desde la medianoche del 4 al 5 de julio hasta la medianoche del 14 al 15 de julio, el sector 3 (Milagrosa y Azpilaga\u00f1a), el sector 4 (Iturrama), el sector 5 (Ermitaga\u00f1a, Mendebaldea y Etxabakoitz Norte), sector 6 (San Juan), sector 7 (aparcamiento de zona hospitalaria), sector 8 (Rochapea), sector 9 (San Jorge), sector 10 (Txantrea) y la parte del sector 2 que no se convierte en zona restringida estar\u00e1n afectados por esta medida que tendr\u00e1 vigencia durante las 24 horas de cada d\u00eda.<\/p>\n<p>Se except\u00faan de esta medida la zona de estacionamiento de larga duraci\u00f3n en calle Muelle (sector 9), que mantendr\u00e1 la regulaci\u00f3n habitual del resto del a\u00f1o; la zona de estacionamiento en la estaci\u00f3n de Renfe, que se mantendr\u00e1 roja como el resto del a\u00f1o, y la zona del cementerio, en la que la primera hora se mantendr\u00e1 gratuita y el resto del horario (las 24 horas del d\u00eda), ser\u00e1 naranja. Todas las zonas estar\u00e1n debidamente se\u00f1alizadas verticalmente con la informaci\u00f3n del tipo de estacionamiento como zona naranja con un tiempo m\u00e1ximo de 24 horas y los parqu\u00edmetros ubicados en esa zona tambi\u00e9n tendr\u00e1n la informaci\u00f3n correspondiente y \u00fanicamente expender\u00e1n tiques con la tarifa aplicable a la zona naranja.<\/p>\n<p>En la zona comprendida entre la avenida de la Baja Navarra, avenida Conde Oliveto, avenida del Ej\u00e9rcito y el l\u00edmite con el sector 1 (Casco Antiguo) podr\u00e1n estacionar en aquellos lugares donde est\u00e9 autorizado el aparcamiento \u00fanicamente quienes tengan tarjeta de residente de los sectores 1 o 2.\u00a0 Tambi\u00e9n ser\u00e1n zonas restringidas a residentes de esos sectores la situada junto a la sociedad Larraina, calles Juli\u00e1n Arteaga, Sandoval, Navas de Tolosa. Estas zonas quedar\u00e1n cerradas al tr\u00e1fico, excepto para veh\u00edculos autorizados, desde las 22 horas del d\u00eda 5 de julio hasta las 14 horas del d\u00eda 15 de julio.<br \/>\n<script async src=\"\/\/pagead2.googlesyndication.com\/pagead\/js\/adsbygoogle.js\"><\/script><br \/>\n<!-- Noticias La Guia de Pamplona --><br \/>\n<ins class=\"adsbygoogle\"\nstyle=\"display:block\"\ndata-ad-client=\"ca-pub-6943679897239327\"\ndata-ad-slot=\"7048180777\"\ndata-ad-format=\"auto\"><\/ins><br \/>\n<script>\n(adsbygoogle = window.adsbygoogle || []).push({});\n<\/script><\/p>\n<p><strong>Cierre del Casco Antiguo desde este jueves a las 22 horas<\/strong><\/p>\n<p>El cierre al tr\u00e1fico del Casco Antiguo se pospone a las 22 horas de este mi\u00e9rcoles 5 de julio. Se ha retrasado (en a\u00f1os anteriores sol\u00eda hacerse ya a las 8 horas) para minimizar las afecciones a las personas residentes en el barrio. El cierre al tr\u00e1fico se prolongar\u00e1 hasta las 14 horas del s\u00e1bado 15 de julio. En la zona de las Huertas de Santo Domingo, plaza de Santa Mar\u00eda la Real y vial de Taconera podr\u00e1n estacionar los vecinos y vecinas con tarjeta de residente del sector 1, con las limitaciones para entrar y salir derivadas de la celebraci\u00f3n de determinados actos festivos como Encierro, Encierrillo y otros. El aparcamiento junto a los corrales del Gas, ser\u00e1 de uso exclusivo para residentes de los sectores 1 y 8.<\/p>\n<p>Queda prohibido el estacionamiento de caravanas en la v\u00eda p\u00fablica de Pamplona. Tambi\u00e9n est\u00e1 prohibido estacionar autocaravanas para ser utilizadas como vivienda, excepto en el aparcamiento de autocaravanas de Trinitarios. Se except\u00faa, asimismo, el solar de Trinitarios habilitado para tal fin y cedido para estas fechas a la Casa de Misericordia para que se instalen las caravanas y veh\u00edculos vivienda de las personas que ponen sus atracciones de feria en el parque del Runa.<br \/>\n<script async src=\"\/\/pagead2.googlesyndication.com\/pagead\/js\/adsbygoogle.js\"><\/script><br \/>\n<!-- Noticias La Guia de Pamplona --><br \/>\n<ins class=\"adsbygoogle\"\nstyle=\"display:block\"\ndata-ad-client=\"ca-pub-6943679897239327\"\ndata-ad-slot=\"7048180777\"\ndata-ad-format=\"auto\"><\/ins><br \/>\n<script>\n(adsbygoogle = window.adsbygoogle || []).push({});\n<\/script><\/p>\n<p><strong>Pamplona, libre de agresiones sexistas<\/strong><\/p>\n<p>El Ayuntamiento de Pamplona, a trav\u00e9s de la estrategia \u2018Pamplona libre de agresiones sexistas\/Eraso sexistarik gabe, Iru\u00f1a aske\u2019 invita a la ciudadan\u00eda \u201ca adoptar una actitud activa frente a cualquier tipo de agresi\u00f3n contra las mujeres, y a socorrer o apoyar a la mujer agredida y aislar al agresor. En este sentido, se recuerda el compromiso de este Ayuntamiento de no tolerar y perseguir este tipo de conductas para que los Sanfermines sean unas fiestas en las que las mujeres puedan disfrutar de forma libre, segura y en igualdad\u201d.<\/p>\n<p>Por ello, se proh\u00edbe \u201cla venta de materiales (camisetas, chapas, etc) con mensajes y\/o lemas sexistas. En caso de detectarse esta venta podr\u00e1 ordenarse su retirada y\/o ser decomisados sin posterior devoluci\u00f3n. Esta medida tiene por objeto fomentar la responsabilidad de todas y todos por el desarrollo de unas fiestas libres de agresiones sexistas\u201d.<\/p>\n<p>El bando recoge tambi\u00e9n que \u201cla agresi\u00f3n, intimidaci\u00f3n, resistencia y desobediencia a los agentes de la autoridad y personal funcionario de servicio, a quienes representan la autoridad y a quienes desarrollen tareas de servicio p\u00fablico, as\u00ed como la negativa a la identificaci\u00f3n, ser\u00e1n perseguidas en la forma que prev\u00e9 la legislaci\u00f3n vigente, incluida la detenci\u00f3n y puesta a disposici\u00f3n judicial, si procede\u201d.<\/p>\n","protected":false},"excerpt":{"rendered":"<p>Incluye algunas modificaciones referentes a la zona naranja durante fiestas y al horario de cierre al tr\u00e1fico del Casco Antiguo<\/p>\n","protected":false},"author":1,"featured_media":47228,"comment_status":"open","ping_status":"closed","sticky":false,"template":"","format":"standard","meta":{"footnotes":""},"categories":[2,9406],"tags":[],"class_list":["post-47227","post","type-post","status-publish","format-standard","has-post-thumbnail","hentry","category-ayuntamiento-pamplona","category-san-fermin"],"yoast_head":"<!-- This site is optimized with the Yoast SEO plugin v27.3 - https:\/\/yoast.com\/product\/yoast-seo-wordpress\/ -->\n<title>El bando de San Ferm\u00edn apela al sentido c\u00edvico de pamploneses, pamplonesas y visitantes para disfrutar de las fiestas \u201ccon sentido de responsabilidad\u201d<\/title>\n<meta name=\"description\" content=\"Incluye algunas modificaciones referentes a la zona naranja durante fiestas y al horario de cierre al tr\u00e1fico del Casco Antiguo\" \/>\n<meta name=\"robots\" content=\"index, follow, max-snippet:-1, max-image-preview:large, max-video-preview:-1\" \/>\n<link rel=\"canonical\" href=\"https:\/\/www.laguiadepamplona.com\/actualidad\/el-bando-de-san-fermin-apela-al-sentido-civico-de-pamploneses-pamplonesas-y-visitantes-para-disfrutar-de-las-fiestas-con-sentido-de-responsabilidad\/\" \/>\n<meta property=\"og:locale\" content=\"es_ES\" \/>\n<meta property=\"og:type\" content=\"article\" \/>\n<meta property=\"og:title\" content=\"El bando de San Ferm\u00edn apela al sentido c\u00edvico de pamploneses, pamplonesas y visitantes para disfrutar de las fiestas \u201ccon sentido de responsabilidad\u201d\" \/>\n<meta property=\"og:description\" content=\"Incluye algunas modificaciones referentes a la zona naranja durante fiestas y al horario de cierre al tr\u00e1fico del Casco Antiguo\" \/>\n<meta property=\"og:url\" content=\"https:\/\/www.laguiadepamplona.com\/actualidad\/el-bando-de-san-fermin-apela-al-sentido-civico-de-pamploneses-pamplonesas-y-visitantes-para-disfrutar-de-las-fiestas-con-sentido-de-responsabilidad\/\" \/>\n<meta property=\"og:site_name\" content=\"La Gu\u00eda de Pamplona\" \/>\n<meta property=\"article:publisher\" content=\"https:\/\/www.facebook.com\/laguiadepamplonacom-133175176762273\/?ref=hl\" \/>\n<meta property=\"article:published_time\" content=\"2023-07-04T12:10:02+00:00\" \/>\n<meta property=\"article:modified_time\" content=\"2023-07-04T12:10:12+00:00\" \/>\n<meta property=\"og:image\" content=\"https:\/\/www.laguiadepamplona.com\/actualidad\/wp-content\/uploads\/2023\/07\/pamlonesa.webp\" \/>\n\t<meta property=\"og:image:width\" content=\"1600\" \/>\n\t<meta property=\"og:image:height\" content=\"981\" \/>\n\t<meta property=\"og:image:type\" content=\"image\/webp\" \/>\n<meta name=\"author\" content=\"La Gu\u00eda de Pamplona\" \/>\n<meta name=\"twitter:card\" content=\"summary_large_image\" \/>\n<meta name=\"twitter:creator\" content=\"@LaGuiadPamplona\" \/>\n<meta name=\"twitter:site\" content=\"@LaGuiadPamplona\" \/>\n<meta name=\"twitter:label1\" content=\"Escrito por\" \/>\n\t<meta name=\"twitter:data1\" content=\"La Gu\u00eda de Pamplona\" \/>\n\t<meta name=\"twitter:label2\" content=\"Tiempo de lectura\" \/>\n\t<meta name=\"twitter:data2\" content=\"5 minutos\" \/>\n<script type=\"application\/ld+json\" class=\"yoast-schema-graph\">{\"@context\":\"https:\\\/\\\/schema.org\",\"@graph\":[{\"@type\":\"Article\",\"@id\":\"https:\\\/\\\/www.laguiadepamplona.com\\\/actualidad\\\/el-bando-de-san-fermin-apela-al-sentido-civico-de-pamploneses-pamplonesas-y-visitantes-para-disfrutar-de-las-fiestas-con-sentido-de-responsabilidad\\\/#article\",\"isPartOf\":{\"@id\":\"https:\\\/\\\/www.laguiadepamplona.com\\\/actualidad\\\/el-bando-de-san-fermin-apela-al-sentido-civico-de-pamploneses-pamplonesas-y-visitantes-para-disfrutar-de-las-fiestas-con-sentido-de-responsabilidad\\\/\"},\"author\":{\"name\":\"La Gu\u00eda de Pamplona\",\"@id\":\"https:\\\/\\\/www.laguiadepamplona.com\\\/actualidad\\\/#\\\/schema\\\/person\\\/efe887376f0213d4657c93adc50b1fdb\"},\"headline\":\"El bando de San Ferm\u00edn apela al sentido c\u00edvico de pamploneses, pamplonesas y visitantes para disfrutar de las fiestas \u201ccon sentido de responsabilidad\u201d\",\"datePublished\":\"2023-07-04T12:10:02+00:00\",\"dateModified\":\"2023-07-04T12:10:12+00:00\",\"mainEntityOfPage\":{\"@id\":\"https:\\\/\\\/www.laguiadepamplona.com\\\/actualidad\\\/el-bando-de-san-fermin-apela-al-sentido-civico-de-pamploneses-pamplonesas-y-visitantes-para-disfrutar-de-las-fiestas-con-sentido-de-responsabilidad\\\/\"},\"wordCount\":1048,\"commentCount\":0,\"publisher\":{\"@id\":\"https:\\\/\\\/www.laguiadepamplona.com\\\/actualidad\\\/#organization\"},\"image\":{\"@id\":\"https:\\\/\\\/www.laguiadepamplona.com\\\/actualidad\\\/el-bando-de-san-fermin-apela-al-sentido-civico-de-pamploneses-pamplonesas-y-visitantes-para-disfrutar-de-las-fiestas-con-sentido-de-responsabilidad\\\/#primaryimage\"},\"thumbnailUrl\":\"https:\\\/\\\/www.laguiadepamplona.com\\\/actualidad\\\/wp-content\\\/uploads\\\/2023\\\/07\\\/pamlonesa.webp\",\"articleSection\":[\"Ayto Pamplona\",\"San Ferm\u00edn\"],\"inLanguage\":\"es\",\"potentialAction\":[{\"@type\":\"CommentAction\",\"name\":\"Comment\",\"target\":[\"https:\\\/\\\/www.laguiadepamplona.com\\\/actualidad\\\/el-bando-de-san-fermin-apela-al-sentido-civico-de-pamploneses-pamplonesas-y-visitantes-para-disfrutar-de-las-fiestas-con-sentido-de-responsabilidad\\\/#respond\"]}]},{\"@type\":\"WebPage\",\"@id\":\"https:\\\/\\\/www.laguiadepamplona.com\\\/actualidad\\\/el-bando-de-san-fermin-apela-al-sentido-civico-de-pamploneses-pamplonesas-y-visitantes-para-disfrutar-de-las-fiestas-con-sentido-de-responsabilidad\\\/\",\"url\":\"https:\\\/\\\/www.laguiadepamplona.com\\\/actualidad\\\/el-bando-de-san-fermin-apela-al-sentido-civico-de-pamploneses-pamplonesas-y-visitantes-para-disfrutar-de-las-fiestas-con-sentido-de-responsabilidad\\\/\",\"name\":\"El bando de San Ferm\u00edn apela al sentido c\u00edvico de pamploneses, pamplonesas y visitantes para disfrutar de las fiestas \u201ccon sentido de responsabilidad\u201d\",\"isPartOf\":{\"@id\":\"https:\\\/\\\/www.laguiadepamplona.com\\\/actualidad\\\/#website\"},\"primaryImageOfPage\":{\"@id\":\"https:\\\/\\\/www.laguiadepamplona.com\\\/actualidad\\\/el-bando-de-san-fermin-apela-al-sentido-civico-de-pamploneses-pamplonesas-y-visitantes-para-disfrutar-de-las-fiestas-con-sentido-de-responsabilidad\\\/#primaryimage\"},\"image\":{\"@id\":\"https:\\\/\\\/www.laguiadepamplona.com\\\/actualidad\\\/el-bando-de-san-fermin-apela-al-sentido-civico-de-pamploneses-pamplonesas-y-visitantes-para-disfrutar-de-las-fiestas-con-sentido-de-responsabilidad\\\/#primaryimage\"},\"thumbnailUrl\":\"https:\\\/\\\/www.laguiadepamplona.com\\\/actualidad\\\/wp-content\\\/uploads\\\/2023\\\/07\\\/pamlonesa.webp\",\"datePublished\":\"2023-07-04T12:10:02+00:00\",\"dateModified\":\"2023-07-04T12:10:12+00:00\",\"description\":\"Incluye algunas modificaciones referentes a la zona naranja durante fiestas y al horario de cierre al tr\u00e1fico del Casco Antiguo\",\"breadcrumb\":{\"@id\":\"https:\\\/\\\/www.laguiadepamplona.com\\\/actualidad\\\/el-bando-de-san-fermin-apela-al-sentido-civico-de-pamploneses-pamplonesas-y-visitantes-para-disfrutar-de-las-fiestas-con-sentido-de-responsabilidad\\\/#breadcrumb\"},\"inLanguage\":\"es\",\"potentialAction\":[{\"@type\":\"ReadAction\",\"target\":[\"https:\\\/\\\/www.laguiadepamplona.com\\\/actualidad\\\/el-bando-de-san-fermin-apela-al-sentido-civico-de-pamploneses-pamplonesas-y-visitantes-para-disfrutar-de-las-fiestas-con-sentido-de-responsabilidad\\\/\"]}]},{\"@type\":\"ImageObject\",\"inLanguage\":\"es\",\"@id\":\"https:\\\/\\\/www.laguiadepamplona.com\\\/actualidad\\\/el-bando-de-san-fermin-apela-al-sentido-civico-de-pamploneses-pamplonesas-y-visitantes-para-disfrutar-de-las-fiestas-con-sentido-de-responsabilidad\\\/#primaryimage\",\"url\":\"https:\\\/\\\/www.laguiadepamplona.com\\\/actualidad\\\/wp-content\\\/uploads\\\/2023\\\/07\\\/pamlonesa.webp\",\"contentUrl\":\"https:\\\/\\\/www.laguiadepamplona.com\\\/actualidad\\\/wp-content\\\/uploads\\\/2023\\\/07\\\/pamlonesa.webp\",\"width\":1600,\"height\":981,\"caption\":\"pamplonesa\"},{\"@type\":\"BreadcrumbList\",\"@id\":\"https:\\\/\\\/www.laguiadepamplona.com\\\/actualidad\\\/el-bando-de-san-fermin-apela-al-sentido-civico-de-pamploneses-pamplonesas-y-visitantes-para-disfrutar-de-las-fiestas-con-sentido-de-responsabilidad\\\/#breadcrumb\",\"itemListElement\":[{\"@type\":\"ListItem\",\"position\":1,\"name\":\"Portada\",\"item\":\"https:\\\/\\\/www.laguiadepamplona.com\\\/actualidad\\\/\"},{\"@type\":\"ListItem\",\"position\":2,\"name\":\"El bando de San Ferm\u00edn apela al sentido c\u00edvico de pamploneses, pamplonesas y visitantes para disfrutar de las fiestas \u201ccon sentido de responsabilidad\u201d\"}]},{\"@type\":\"WebSite\",\"@id\":\"https:\\\/\\\/www.laguiadepamplona.com\\\/actualidad\\\/#website\",\"url\":\"https:\\\/\\\/www.laguiadepamplona.com\\\/actualidad\\\/\",\"name\":\"La gu\u00eda de Pamplona\",\"description\":\"Noticias de Pamplona\",\"publisher\":{\"@id\":\"https:\\\/\\\/www.laguiadepamplona.com\\\/actualidad\\\/#organization\"},\"potentialAction\":[{\"@type\":\"SearchAction\",\"target\":{\"@type\":\"EntryPoint\",\"urlTemplate\":\"https:\\\/\\\/www.laguiadepamplona.com\\\/actualidad\\\/?s={search_term_string}\"},\"query-input\":{\"@type\":\"PropertyValueSpecification\",\"valueRequired\":true,\"valueName\":\"search_term_string\"}}],\"inLanguage\":\"es\"},{\"@type\":\"Organization\",\"@id\":\"https:\\\/\\\/www.laguiadepamplona.com\\\/actualidad\\\/#organization\",\"name\":\"La Gu\u00eda de Pamplona \\\/ Noticias\",\"url\":\"https:\\\/\\\/www.laguiadepamplona.com\\\/actualidad\\\/\",\"logo\":{\"@type\":\"ImageObject\",\"inLanguage\":\"es\",\"@id\":\"https:\\\/\\\/www.laguiadepamplona.com\\\/actualidad\\\/#\\\/schema\\\/logo\\\/image\\\/\",\"url\":\"https:\\\/\\\/www.laguiadepamplona.com\\\/actualidad\\\/wp-content\\\/uploads\\\/2018\\\/11\\\/logo-laguiadepamplona18-web1.png\",\"contentUrl\":\"https:\\\/\\\/www.laguiadepamplona.com\\\/actualidad\\\/wp-content\\\/uploads\\\/2018\\\/11\\\/logo-laguiadepamplona18-web1.png\",\"width\":600,\"height\":196,\"caption\":\"La Gu\u00eda de Pamplona \\\/ Noticias\"},\"image\":{\"@id\":\"https:\\\/\\\/www.laguiadepamplona.com\\\/actualidad\\\/#\\\/schema\\\/logo\\\/image\\\/\"},\"sameAs\":[\"https:\\\/\\\/www.facebook.com\\\/laguiadepamplonacom-133175176762273\\\/?ref=hl\",\"https:\\\/\\\/x.com\\\/LaGuiadPamplona\",\"https:\\\/\\\/www.instagram.com\\\/la_guia_de_pamplona\\\/\",\"https:\\\/\\\/www.youtube.com\\\/user\\\/laguiadepamplona\"]},{\"@type\":\"Person\",\"@id\":\"https:\\\/\\\/www.laguiadepamplona.com\\\/actualidad\\\/#\\\/schema\\\/person\\\/efe887376f0213d4657c93adc50b1fdb\",\"name\":\"La Gu\u00eda de Pamplona\",\"image\":{\"@type\":\"ImageObject\",\"inLanguage\":\"es\",\"@id\":\"https:\\\/\\\/secure.gravatar.com\\\/avatar\\\/b6992f131dc8d30ab0dff15446e9d346d9dbd95992de0fef795073f5ea83a81c?s=96&d=mm&r=g\",\"url\":\"https:\\\/\\\/secure.gravatar.com\\\/avatar\\\/b6992f131dc8d30ab0dff15446e9d346d9dbd95992de0fef795073f5ea83a81c?s=96&d=mm&r=g\",\"contentUrl\":\"https:\\\/\\\/secure.gravatar.com\\\/avatar\\\/b6992f131dc8d30ab0dff15446e9d346d9dbd95992de0fef795073f5ea83a81c?s=96&d=mm&r=g\",\"caption\":\"La Gu\u00eda de Pamplona\"}}]}<\/script>\n<!-- \/ Yoast SEO plugin. -->","yoast_head_json":{"title":"El bando de San Ferm\u00edn apela al sentido c\u00edvico de pamploneses, pamplonesas y visitantes para disfrutar de las fiestas \u201ccon sentido de responsabilidad\u201d","description":"Incluye algunas modificaciones referentes a la zona naranja durante fiestas y al horario de cierre al tr\u00e1fico del Casco Antiguo","robots":{"index":"index","follow":"follow","max-snippet":"max-snippet:-1","max-image-preview":"max-image-preview:large","max-video-preview":"max-video-preview:-1"},"canonical":"https:\/\/www.laguiadepamplona.com\/actualidad\/el-bando-de-san-fermin-apela-al-sentido-civico-de-pamploneses-pamplonesas-y-visitantes-para-disfrutar-de-las-fiestas-con-sentido-de-responsabilidad\/","og_locale":"es_ES","og_type":"article","og_title":"El bando de San Ferm\u00edn apela al sentido c\u00edvico de pamploneses, pamplonesas y visitantes para disfrutar de las fiestas \u201ccon sentido de responsabilidad\u201d","og_description":"Incluye algunas modificaciones referentes a la zona naranja durante fiestas y al horario de cierre al tr\u00e1fico del Casco Antiguo","og_url":"https:\/\/www.laguiadepamplona.com\/actualidad\/el-bando-de-san-fermin-apela-al-sentido-civico-de-pamploneses-pamplonesas-y-visitantes-para-disfrutar-de-las-fiestas-con-sentido-de-responsabilidad\/","og_site_name":"La Gu\u00eda de Pamplona","article_publisher":"https:\/\/www.facebook.com\/laguiadepamplonacom-133175176762273\/?ref=hl","article_published_time":"2023-07-04T12:10:02+00:00","article_modified_time":"2023-07-04T12:10:12+00:00","og_image":[{"width":1600,"height":981,"url":"https:\/\/www.laguiadepamplona.com\/actualidad\/wp-content\/uploads\/2023\/07\/pamlonesa.webp","type":"image\/webp"}],"author":"La Gu\u00eda de Pamplona","twitter_card":"summary_large_image","twitter_creator":"@LaGuiadPamplona","twitter_site":"@LaGuiadPamplona","twitter_misc":{"Escrito por":"La Gu\u00eda de Pamplona","Tiempo de lectura":"5 minutos"},"schema":{"@context":"https:\/\/schema.org","@graph":[{"@type":"Article","@id":"https:\/\/www.laguiadepamplona.com\/actualidad\/el-bando-de-san-fermin-apela-al-sentido-civico-de-pamploneses-pamplonesas-y-visitantes-para-disfrutar-de-las-fiestas-con-sentido-de-responsabilidad\/#article","isPartOf":{"@id":"https:\/\/www.laguiadepamplona.com\/actualidad\/el-bando-de-san-fermin-apela-al-sentido-civico-de-pamploneses-pamplonesas-y-visitantes-para-disfrutar-de-las-fiestas-con-sentido-de-responsabilidad\/"},"author":{"name":"La Gu\u00eda de Pamplona","@id":"https:\/\/www.laguiadepamplona.com\/actualidad\/#\/schema\/person\/efe887376f0213d4657c93adc50b1fdb"},"headline":"El bando de San Ferm\u00edn apela al sentido c\u00edvico de pamploneses, pamplonesas y visitantes para disfrutar de las fiestas \u201ccon sentido de responsabilidad\u201d","datePublished":"2023-07-04T12:10:02+00:00","dateModified":"2023-07-04T12:10:12+00:00","mainEntityOfPage":{"@id":"https:\/\/www.laguiadepamplona.com\/actualidad\/el-bando-de-san-fermin-apela-al-sentido-civico-de-pamploneses-pamplonesas-y-visitantes-para-disfrutar-de-las-fiestas-con-sentido-de-responsabilidad\/"},"wordCount":1048,"commentCount":0,"publisher":{"@id":"https:\/\/www.laguiadepamplona.com\/actualidad\/#organization"},"image":{"@id":"https:\/\/www.laguiadepamplona.com\/actualidad\/el-bando-de-san-fermin-apela-al-sentido-civico-de-pamploneses-pamplonesas-y-visitantes-para-disfrutar-de-las-fiestas-con-sentido-de-responsabilidad\/#primaryimage"},"thumbnailUrl":"https:\/\/www.laguiadepamplona.com\/actualidad\/wp-content\/uploads\/2023\/07\/pamlonesa.webp","articleSection":["Ayto Pamplona","San Ferm\u00edn"],"inLanguage":"es","potentialAction":[{"@type":"CommentAction","name":"Comment","target":["https:\/\/www.laguiadepamplona.com\/actualidad\/el-bando-de-san-fermin-apela-al-sentido-civico-de-pamploneses-pamplonesas-y-visitantes-para-disfrutar-de-las-fiestas-con-sentido-de-responsabilidad\/#respond"]}]},{"@type":"WebPage","@id":"https:\/\/www.laguiadepamplona.com\/actualidad\/el-bando-de-san-fermin-apela-al-sentido-civico-de-pamploneses-pamplonesas-y-visitantes-para-disfrutar-de-las-fiestas-con-sentido-de-responsabilidad\/","url":"https:\/\/www.laguiadepamplona.com\/actualidad\/el-bando-de-san-fermin-apela-al-sentido-civico-de-pamploneses-pamplonesas-y-visitantes-para-disfrutar-de-las-fiestas-con-sentido-de-responsabilidad\/","name":"El bando de San Ferm\u00edn apela al sentido c\u00edvico de pamploneses, pamplonesas y visitantes para disfrutar de las fiestas \u201ccon sentido de responsabilidad\u201d","isPartOf":{"@id":"https:\/\/www.laguiadepamplona.com\/actualidad\/#website"},"primaryImageOfPage":{"@id":"https:\/\/www.laguiadepamplona.com\/actualidad\/el-bando-de-san-fermin-apela-al-sentido-civico-de-pamploneses-pamplonesas-y-visitantes-para-disfrutar-de-las-fiestas-con-sentido-de-responsabilidad\/#primaryimage"},"image":{"@id":"https:\/\/www.laguiadepamplona.com\/actualidad\/el-bando-de-san-fermin-apela-al-sentido-civico-de-pamploneses-pamplonesas-y-visitantes-para-disfrutar-de-las-fiestas-con-sentido-de-responsabilidad\/#primaryimage"},"thumbnailUrl":"https:\/\/www.laguiadepamplona.com\/actualidad\/wp-content\/uploads\/2023\/07\/pamlonesa.webp","datePublished":"2023-07-04T12:10:02+00:00","dateModified":"2023-07-04T12:10:12+00:00","description":"Incluye algunas modificaciones referentes a la zona naranja durante fiestas y al horario de cierre al tr\u00e1fico del Casco Antiguo","breadcrumb":{"@id":"https:\/\/www.laguiadepamplona.com\/actualidad\/el-bando-de-san-fermin-apela-al-sentido-civico-de-pamploneses-pamplonesas-y-visitantes-para-disfrutar-de-las-fiestas-con-sentido-de-responsabilidad\/#breadcrumb"},"inLanguage":"es","potentialAction":[{"@type":"ReadAction","target":["https:\/\/www.laguiadepamplona.com\/actualidad\/el-bando-de-san-fermin-apela-al-sentido-civico-de-pamploneses-pamplonesas-y-visitantes-para-disfrutar-de-las-fiestas-con-sentido-de-responsabilidad\/"]}]},{"@type":"ImageObject","inLanguage":"es","@id":"https:\/\/www.laguiadepamplona.com\/actualidad\/el-bando-de-san-fermin-apela-al-sentido-civico-de-pamploneses-pamplonesas-y-visitantes-para-disfrutar-de-las-fiestas-con-sentido-de-responsabilidad\/#primaryimage","url":"https:\/\/www.laguiadepamplona.com\/actualidad\/wp-content\/uploads\/2023\/07\/pamlonesa.webp","contentUrl":"https:\/\/www.laguiadepamplona.com\/actualidad\/wp-content\/uploads\/2023\/07\/pamlonesa.webp","width":1600,"height":981,"caption":"pamplonesa"},{"@type":"BreadcrumbList","@id":"https:\/\/www.laguiadepamplona.com\/actualidad\/el-bando-de-san-fermin-apela-al-sentido-civico-de-pamploneses-pamplonesas-y-visitantes-para-disfrutar-de-las-fiestas-con-sentido-de-responsabilidad\/#breadcrumb","itemListElement":[{"@type":"ListItem","position":1,"name":"Portada","item":"https:\/\/www.laguiadepamplona.com\/actualidad\/"},{"@type":"ListItem","position":2,"name":"El bando de San Ferm\u00edn apela al sentido c\u00edvico de pamploneses, pamplonesas y visitantes para disfrutar de las fiestas \u201ccon sentido de responsabilidad\u201d"}]},{"@type":"WebSite","@id":"https:\/\/www.laguiadepamplona.com\/actualidad\/#website","url":"https:\/\/www.laguiadepamplona.com\/actualidad\/","name":"La gu\u00eda de Pamplona","description":"Noticias de Pamplona","publisher":{"@id":"https:\/\/www.laguiadepamplona.com\/actualidad\/#organization"},"potentialAction":[{"@type":"SearchAction","target":{"@type":"EntryPoint","urlTemplate":"https:\/\/www.laguiadepamplona.com\/actualidad\/?s={search_term_string}"},"query-input":{"@type":"PropertyValueSpecification","valueRequired":true,"valueName":"search_term_string"}}],"inLanguage":"es"},{"@type":"Organization","@id":"https:\/\/www.laguiadepamplona.com\/actualidad\/#organization","name":"La Gu\u00eda de Pamplona \/ Noticias","url":"https:\/\/www.laguiadepamplona.com\/actualidad\/","logo":{"@type":"ImageObject","inLanguage":"es","@id":"https:\/\/www.laguiadepamplona.com\/actualidad\/#\/schema\/logo\/image\/","url":"https:\/\/www.laguiadepamplona.com\/actualidad\/wp-content\/uploads\/2018\/11\/logo-laguiadepamplona18-web1.png","contentUrl":"https:\/\/www.laguiadepamplona.com\/actualidad\/wp-content\/uploads\/2018\/11\/logo-laguiadepamplona18-web1.png","width":600,"height":196,"caption":"La Gu\u00eda de Pamplona \/ Noticias"},"image":{"@id":"https:\/\/www.laguiadepamplona.com\/actualidad\/#\/schema\/logo\/image\/"},"sameAs":["https:\/\/www.facebook.com\/laguiadepamplonacom-133175176762273\/?ref=hl","https:\/\/x.com\/LaGuiadPamplona","https:\/\/www.instagram.com\/la_guia_de_pamplona\/","https:\/\/www.youtube.com\/user\/laguiadepamplona"]},{"@type":"Person","@id":"https:\/\/www.laguiadepamplona.com\/actualidad\/#\/schema\/person\/efe887376f0213d4657c93adc50b1fdb","name":"La Gu\u00eda de Pamplona","image":{"@type":"ImageObject","inLanguage":"es","@id":"https:\/\/secure.gravatar.com\/avatar\/b6992f131dc8d30ab0dff15446e9d346d9dbd95992de0fef795073f5ea83a81c?s=96&d=mm&r=g","url":"https:\/\/secure.gravatar.com\/avatar\/b6992f131dc8d30ab0dff15446e9d346d9dbd95992de0fef795073f5ea83a81c?s=96&d=mm&r=g","contentUrl":"https:\/\/secure.gravatar.com\/avatar\/b6992f131dc8d30ab0dff15446e9d346d9dbd95992de0fef795073f5ea83a81c?s=96&d=mm&r=g","caption":"La Gu\u00eda de Pamplona"}}]}},"post_mailing_queue_ids":[],"_links":{"self":[{"href":"https:\/\/www.laguiadepamplona.com\/actualidad\/wp-json\/wp\/v2\/posts\/47227","targetHints":{"allow":["GET"]}}],"collection":[{"href":"https:\/\/www.laguiadepamplona.com\/actualidad\/wp-json\/wp\/v2\/posts"}],"about":[{"href":"https:\/\/www.laguiadepamplona.com\/actualidad\/wp-json\/wp\/v2\/types\/post"}],"author":[{"embeddable":true,"href":"https:\/\/www.laguiadepamplona.com\/actualidad\/wp-json\/wp\/v2\/users\/1"}],"replies":[{"embeddable":true,"href":"https:\/\/www.laguiadepamplona.com\/actualidad\/wp-json\/wp\/v2\/comments?post=47227"}],"version-history":[{"count":1,"href":"https:\/\/www.laguiadepamplona.com\/actualidad\/wp-json\/wp\/v2\/posts\/47227\/revisions"}],"predecessor-version":[{"id":47229,"href":"https:\/\/www.laguiadepamplona.com\/actualidad\/wp-json\/wp\/v2\/posts\/47227\/revisions\/47229"}],"wp:featuredmedia":[{"embeddable":true,"href":"https:\/\/www.laguiadepamplona.com\/actualidad\/wp-json\/wp\/v2\/media\/47228"}],"wp:attachment":[{"href":"https:\/\/www.laguiadepamplona.com\/actualidad\/wp-json\/wp\/v2\/media?parent=47227"}],"wp:term":[{"taxonomy":"category","embeddable":true,"href":"https:\/\/www.laguiadepamplona.com\/actualidad\/wp-json\/wp\/v2\/categories?post=47227"},{"taxonomy":"post_tag","embeddable":true,"href":"https:\/\/www.laguiadepamplona.com\/actualidad\/wp-json\/wp\/v2\/tags?post=47227"}],"curies":[{"name":"wp","href":"https:\/\/api.w.org\/{rel}","templated":true}]}}