{"id":47224,"date":"2023-07-04T14:05:07","date_gmt":"2023-07-04T12:05:07","guid":{"rendered":"https:\/\/www.laguiadepamplona.com\/actualidad\/?p=47224"},"modified":"2023-07-04T14:05:07","modified_gmt":"2023-07-04T12:05:07","slug":"el-ayuntamiento-de-pamplona-reedita-vive-el-encierro-un-periodico-con-informacion-datos-y-curiosidades-que-se-repartira-gratuitamente-en-el-recorrido-todos-los-dias","status":"publish","type":"post","link":"https:\/\/www.laguiadepamplona.com\/actualidad\/el-ayuntamiento-de-pamplona-reedita-vive-el-encierro-un-periodico-con-informacion-datos-y-curiosidades-que-se-repartira-gratuitamente-en-el-recorrido-todos-los-dias\/","title":{"rendered":"El Ayuntamiento de Pamplona reedita \u2018\u00a1Vive el Encierro!\u2019, un peri\u00f3dico con informaci\u00f3n, datos y curiosidades, que se repartir\u00e1 gratuitamente en el recorrido todos los d\u00edas"},"content":{"rendered":"<h2>Este a\u00f1o se han editado 15.000 ejemplares para que, adem\u00e1s de los consejos que recoge, se pueda utilizar para medir distancias con los astados<\/h2>\n<p><!--more--><\/p>\n<p>El Ayuntamiento de Pamplona va a repartir 15.000 ejemplares de la publicaci\u00f3n gratuita \u2018\u00a1Vive el Encierro!\u2019, que ha editado por segundo a\u00f1o consecutivo, con informaci\u00f3n, consejos, datos y curiosidades sobre la carrera m\u00e1s universal. Se insta tambi\u00e9n a mantener la tradici\u00f3n de correr los encierros de blanco. A modo de peri\u00f3dico matutino, se repartir\u00e1n a lo largo del recorrido del encierro, del 7 al 14 de julio, antes de su inicio. La publicaci\u00f3n se ha editado en cuatro idiomas, castellano, euskera, ingl\u00e9s y franc\u00e9s.<br \/>\n<script async src=\"\/\/pagead2.googlesyndication.com\/pagead\/js\/adsbygoogle.js\"><\/script><br \/>\n<!-- Noticias La Guia de Pamplona --><br \/>\n<ins class=\"adsbygoogle\"\nstyle=\"display:block\"\ndata-ad-client=\"ca-pub-6943679897239327\"\ndata-ad-slot=\"7048180777\"\ndata-ad-format=\"auto\"><\/ins><br \/>\n<script>\n(adsbygoogle = window.adsbygoogle || []).push({});\n<\/script><\/p>\n<p>El peri\u00f3dico recoge datos y curiosidades en torno al encierro, desde los 2.700 tablones, 900 postes y 4.000 cu\u00f1as que delimitan el recorrido hasta los 30 minutos del encierro m\u00e1s largo el 11 de julio de 1959 con la ganader\u00eda de Miura. La duraci\u00f3n media de un encierro alcanza los 3 minutos y 55 segundos y cada d\u00eda corren unas 2.000 personas, cifra que se duplica los fines de semana. Otros datos que se mencionan tienen que ver con la velocidad media de 24 kil\u00f3metros por hora de los encierros, la media de edad de 28 a\u00f1os de quienes corren o los 100 metros que, aproximadamente, recorre para persona que participa.<br \/>\n<script async src=\"\/\/pagead2.googlesyndication.com\/pagead\/js\/adsbygoogle.js\"><\/script><br \/>\n<!-- Noticias La Guia de Pamplona --><br \/>\n<ins class=\"adsbygoogle\"\nstyle=\"display:block\"\ndata-ad-client=\"ca-pub-6943679897239327\"\ndata-ad-slot=\"7048180777\"\ndata-ad-format=\"auto\"><\/ins><br \/>\n<script>\n(adsbygoogle = window.adsbygoogle || []).push({});\n<\/script><\/p>\n<p>El peri\u00f3dico recoge el c\u00e1ntico al santo, que se puede escuchar tres veces cada ma\u00f1ana del 7 al 14 de julio, as\u00ed como una descripci\u00f3n de los 848,6 metros del recorrido, divididos en siete tramos: cuesta de Santo Domingo, Plaza Consistorial \/ Mercaderes, Curva de Mercaderes, Estafeta, Curva de Telef\u00f3nica, Callej\u00f3n y Plaza de Toros. Correr de blanco, respetar las normas, correr con calzado adecuado, no grabar mientras se corre, no citar ni llamar la atenci\u00f3n de los toros o no participar si se est\u00e1 bajo los efectos de drogas o alcohol son algunos consejos para disfrutar de un encierro \u2018de 10\u2019. Por \u00faltimo, a trav\u00e9s de un QR, se pueden visualizar todos los encierros de San Ferm\u00edn desde 2015.<\/p>\n","protected":false},"excerpt":{"rendered":"<p>Este a\u00f1o se han editado 15.000 ejemplares para que, adem\u00e1s de los consejos que recoge, se pueda utilizar para medir distancias con los astados<\/p>\n","protected":false},"author":1,"featured_media":47225,"comment_status":"open","ping_status":"closed","sticky":false,"template":"","format":"standard","meta":{"footnotes":""},"categories":[2,9406],"tags":[],"class_list":["post-47224","post","type-post","status-publish","format-standard","has-post-thumbnail","hentry","category-ayuntamiento-pamplona","category-san-fermin"],"yoast_head":"<!-- This site is optimized with the Yoast SEO plugin v27.3 - https:\/\/yoast.com\/product\/yoast-seo-wordpress\/ -->\n<title>El Ayuntamiento de Pamplona reedita \u2018\u00a1Vive el Encierro!\u2019, un peri\u00f3dico con informaci\u00f3n, datos y curiosidades, que se repartir\u00e1 gratuitamente en el recorrido todos los d\u00edas<\/title>\n<meta name=\"description\" content=\"El Ayuntamiento de Pamplona reedita \u2018\u00a1Vive el Encierro!\u2019, un peri\u00f3dico con informaci\u00f3n, datos y curiosidades, que se repartir\u00e1 gratuitamente en el recorrido todos los d\u00edas\" \/>\n<meta name=\"robots\" content=\"index, follow, max-snippet:-1, max-image-preview:large, max-video-preview:-1\" \/>\n<link rel=\"canonical\" href=\"https:\/\/www.laguiadepamplona.com\/actualidad\/el-ayuntamiento-de-pamplona-reedita-vive-el-encierro-un-periodico-con-informacion-datos-y-curiosidades-que-se-repartira-gratuitamente-en-el-recorrido-todos-los-dias\/\" \/>\n<meta property=\"og:locale\" content=\"es_ES\" \/>\n<meta property=\"og:type\" content=\"article\" \/>\n<meta property=\"og:title\" content=\"El Ayuntamiento de Pamplona reedita \u2018\u00a1Vive el Encierro!\u2019, un peri\u00f3dico con informaci\u00f3n, datos y curiosidades, que se repartir\u00e1 gratuitamente en el recorrido todos los d\u00edas\" \/>\n<meta property=\"og:description\" content=\"El Ayuntamiento de Pamplona reedita \u2018\u00a1Vive el Encierro!\u2019, un peri\u00f3dico con informaci\u00f3n, datos y curiosidades, que se repartir\u00e1 gratuitamente en el recorrido todos los d\u00edas\" \/>\n<meta property=\"og:url\" content=\"https:\/\/www.laguiadepamplona.com\/actualidad\/el-ayuntamiento-de-pamplona-reedita-vive-el-encierro-un-periodico-con-informacion-datos-y-curiosidades-que-se-repartira-gratuitamente-en-el-recorrido-todos-los-dias\/\" \/>\n<meta property=\"og:site_name\" content=\"La Gu\u00eda de Pamplona\" \/>\n<meta property=\"article:publisher\" content=\"https:\/\/www.facebook.com\/laguiadepamplonacom-133175176762273\/?ref=hl\" \/>\n<meta property=\"article:published_time\" content=\"2023-07-04T12:05:07+00:00\" \/>\n<meta property=\"og:image\" content=\"https:\/\/www.laguiadepamplona.com\/actualidad\/wp-content\/uploads\/2023\/07\/viveencierro.webp\" \/>\n\t<meta property=\"og:image:width\" content=\"781\" \/>\n\t<meta property=\"og:image:height\" content=\"525\" \/>\n\t<meta property=\"og:image:type\" content=\"image\/webp\" \/>\n<meta name=\"author\" content=\"La Gu\u00eda de Pamplona\" \/>\n<meta name=\"twitter:card\" content=\"summary_large_image\" \/>\n<meta name=\"twitter:creator\" content=\"@LaGuiadPamplona\" \/>\n<meta name=\"twitter:site\" content=\"@LaGuiadPamplona\" \/>\n<meta name=\"twitter:label1\" content=\"Escrito por\" \/>\n\t<meta name=\"twitter:data1\" content=\"La Gu\u00eda de Pamplona\" \/>\n\t<meta name=\"twitter:label2\" content=\"Tiempo de lectura\" \/>\n\t<meta name=\"twitter:data2\" content=\"2 minutos\" \/>\n<script type=\"application\/ld+json\" class=\"yoast-schema-graph\">{\"@context\":\"https:\\\/\\\/schema.org\",\"@graph\":[{\"@type\":\"Article\",\"@id\":\"https:\\\/\\\/www.laguiadepamplona.com\\\/actualidad\\\/el-ayuntamiento-de-pamplona-reedita-vive-el-encierro-un-periodico-con-informacion-datos-y-curiosidades-que-se-repartira-gratuitamente-en-el-recorrido-todos-los-dias\\\/#article\",\"isPartOf\":{\"@id\":\"https:\\\/\\\/www.laguiadepamplona.com\\\/actualidad\\\/el-ayuntamiento-de-pamplona-reedita-vive-el-encierro-un-periodico-con-informacion-datos-y-curiosidades-que-se-repartira-gratuitamente-en-el-recorrido-todos-los-dias\\\/\"},\"author\":{\"name\":\"La Gu\u00eda de Pamplona\",\"@id\":\"https:\\\/\\\/www.laguiadepamplona.com\\\/actualidad\\\/#\\\/schema\\\/person\\\/efe887376f0213d4657c93adc50b1fdb\"},\"headline\":\"El Ayuntamiento de Pamplona reedita \u2018\u00a1Vive el Encierro!\u2019, un peri\u00f3dico con informaci\u00f3n, datos y curiosidades, que se repartir\u00e1 gratuitamente en el recorrido todos los d\u00edas\",\"datePublished\":\"2023-07-04T12:05:07+00:00\",\"mainEntityOfPage\":{\"@id\":\"https:\\\/\\\/www.laguiadepamplona.com\\\/actualidad\\\/el-ayuntamiento-de-pamplona-reedita-vive-el-encierro-un-periodico-con-informacion-datos-y-curiosidades-que-se-repartira-gratuitamente-en-el-recorrido-todos-los-dias\\\/\"},\"wordCount\":375,\"commentCount\":0,\"publisher\":{\"@id\":\"https:\\\/\\\/www.laguiadepamplona.com\\\/actualidad\\\/#organization\"},\"image\":{\"@id\":\"https:\\\/\\\/www.laguiadepamplona.com\\\/actualidad\\\/el-ayuntamiento-de-pamplona-reedita-vive-el-encierro-un-periodico-con-informacion-datos-y-curiosidades-que-se-repartira-gratuitamente-en-el-recorrido-todos-los-dias\\\/#primaryimage\"},\"thumbnailUrl\":\"https:\\\/\\\/www.laguiadepamplona.com\\\/actualidad\\\/wp-content\\\/uploads\\\/2023\\\/07\\\/viveencierro.webp\",\"articleSection\":[\"Ayto Pamplona\",\"San Ferm\u00edn\"],\"inLanguage\":\"es\",\"potentialAction\":[{\"@type\":\"CommentAction\",\"name\":\"Comment\",\"target\":[\"https:\\\/\\\/www.laguiadepamplona.com\\\/actualidad\\\/el-ayuntamiento-de-pamplona-reedita-vive-el-encierro-un-periodico-con-informacion-datos-y-curiosidades-que-se-repartira-gratuitamente-en-el-recorrido-todos-los-dias\\\/#respond\"]}]},{\"@type\":\"WebPage\",\"@id\":\"https:\\\/\\\/www.laguiadepamplona.com\\\/actualidad\\\/el-ayuntamiento-de-pamplona-reedita-vive-el-encierro-un-periodico-con-informacion-datos-y-curiosidades-que-se-repartira-gratuitamente-en-el-recorrido-todos-los-dias\\\/\",\"url\":\"https:\\\/\\\/www.laguiadepamplona.com\\\/actualidad\\\/el-ayuntamiento-de-pamplona-reedita-vive-el-encierro-un-periodico-con-informacion-datos-y-curiosidades-que-se-repartira-gratuitamente-en-el-recorrido-todos-los-dias\\\/\",\"name\":\"El Ayuntamiento de Pamplona reedita \u2018\u00a1Vive el Encierro!\u2019, un peri\u00f3dico con informaci\u00f3n, datos y curiosidades, que se repartir\u00e1 gratuitamente en el recorrido todos los d\u00edas\",\"isPartOf\":{\"@id\":\"https:\\\/\\\/www.laguiadepamplona.com\\\/actualidad\\\/#website\"},\"primaryImageOfPage\":{\"@id\":\"https:\\\/\\\/www.laguiadepamplona.com\\\/actualidad\\\/el-ayuntamiento-de-pamplona-reedita-vive-el-encierro-un-periodico-con-informacion-datos-y-curiosidades-que-se-repartira-gratuitamente-en-el-recorrido-todos-los-dias\\\/#primaryimage\"},\"image\":{\"@id\":\"https:\\\/\\\/www.laguiadepamplona.com\\\/actualidad\\\/el-ayuntamiento-de-pamplona-reedita-vive-el-encierro-un-periodico-con-informacion-datos-y-curiosidades-que-se-repartira-gratuitamente-en-el-recorrido-todos-los-dias\\\/#primaryimage\"},\"thumbnailUrl\":\"https:\\\/\\\/www.laguiadepamplona.com\\\/actualidad\\\/wp-content\\\/uploads\\\/2023\\\/07\\\/viveencierro.webp\",\"datePublished\":\"2023-07-04T12:05:07+00:00\",\"description\":\"El Ayuntamiento de Pamplona reedita \u2018\u00a1Vive el Encierro!\u2019, un peri\u00f3dico con informaci\u00f3n, datos y curiosidades, que se repartir\u00e1 gratuitamente en el recorrido todos los d\u00edas\",\"breadcrumb\":{\"@id\":\"https:\\\/\\\/www.laguiadepamplona.com\\\/actualidad\\\/el-ayuntamiento-de-pamplona-reedita-vive-el-encierro-un-periodico-con-informacion-datos-y-curiosidades-que-se-repartira-gratuitamente-en-el-recorrido-todos-los-dias\\\/#breadcrumb\"},\"inLanguage\":\"es\",\"potentialAction\":[{\"@type\":\"ReadAction\",\"target\":[\"https:\\\/\\\/www.laguiadepamplona.com\\\/actualidad\\\/el-ayuntamiento-de-pamplona-reedita-vive-el-encierro-un-periodico-con-informacion-datos-y-curiosidades-que-se-repartira-gratuitamente-en-el-recorrido-todos-los-dias\\\/\"]}]},{\"@type\":\"ImageObject\",\"inLanguage\":\"es\",\"@id\":\"https:\\\/\\\/www.laguiadepamplona.com\\\/actualidad\\\/el-ayuntamiento-de-pamplona-reedita-vive-el-encierro-un-periodico-con-informacion-datos-y-curiosidades-que-se-repartira-gratuitamente-en-el-recorrido-todos-los-dias\\\/#primaryimage\",\"url\":\"https:\\\/\\\/www.laguiadepamplona.com\\\/actualidad\\\/wp-content\\\/uploads\\\/2023\\\/07\\\/viveencierro.webp\",\"contentUrl\":\"https:\\\/\\\/www.laguiadepamplona.com\\\/actualidad\\\/wp-content\\\/uploads\\\/2023\\\/07\\\/viveencierro.webp\",\"width\":781,\"height\":525,\"caption\":\"vive encierro\"},{\"@type\":\"BreadcrumbList\",\"@id\":\"https:\\\/\\\/www.laguiadepamplona.com\\\/actualidad\\\/el-ayuntamiento-de-pamplona-reedita-vive-el-encierro-un-periodico-con-informacion-datos-y-curiosidades-que-se-repartira-gratuitamente-en-el-recorrido-todos-los-dias\\\/#breadcrumb\",\"itemListElement\":[{\"@type\":\"ListItem\",\"position\":1,\"name\":\"Portada\",\"item\":\"https:\\\/\\\/www.laguiadepamplona.com\\\/actualidad\\\/\"},{\"@type\":\"ListItem\",\"position\":2,\"name\":\"El Ayuntamiento de Pamplona reedita \u2018\u00a1Vive el Encierro!\u2019, un peri\u00f3dico con informaci\u00f3n, datos y curiosidades, que se repartir\u00e1 gratuitamente en el recorrido todos los d\u00edas\"}]},{\"@type\":\"WebSite\",\"@id\":\"https:\\\/\\\/www.laguiadepamplona.com\\\/actualidad\\\/#website\",\"url\":\"https:\\\/\\\/www.laguiadepamplona.com\\\/actualidad\\\/\",\"name\":\"La gu\u00eda de Pamplona\",\"description\":\"Noticias de Pamplona\",\"publisher\":{\"@id\":\"https:\\\/\\\/www.laguiadepamplona.com\\\/actualidad\\\/#organization\"},\"potentialAction\":[{\"@type\":\"SearchAction\",\"target\":{\"@type\":\"EntryPoint\",\"urlTemplate\":\"https:\\\/\\\/www.laguiadepamplona.com\\\/actualidad\\\/?s={search_term_string}\"},\"query-input\":{\"@type\":\"PropertyValueSpecification\",\"valueRequired\":true,\"valueName\":\"search_term_string\"}}],\"inLanguage\":\"es\"},{\"@type\":\"Organization\",\"@id\":\"https:\\\/\\\/www.laguiadepamplona.com\\\/actualidad\\\/#organization\",\"name\":\"La Gu\u00eda de Pamplona \\\/ Noticias\",\"url\":\"https:\\\/\\\/www.laguiadepamplona.com\\\/actualidad\\\/\",\"logo\":{\"@type\":\"ImageObject\",\"inLanguage\":\"es\",\"@id\":\"https:\\\/\\\/www.laguiadepamplona.com\\\/actualidad\\\/#\\\/schema\\\/logo\\\/image\\\/\",\"url\":\"https:\\\/\\\/www.laguiadepamplona.com\\\/actualidad\\\/wp-content\\\/uploads\\\/2018\\\/11\\\/logo-laguiadepamplona18-web1.png\",\"contentUrl\":\"https:\\\/\\\/www.laguiadepamplona.com\\\/actualidad\\\/wp-content\\\/uploads\\\/2018\\\/11\\\/logo-laguiadepamplona18-web1.png\",\"width\":600,\"height\":196,\"caption\":\"La Gu\u00eda de Pamplona \\\/ Noticias\"},\"image\":{\"@id\":\"https:\\\/\\\/www.laguiadepamplona.com\\\/actualidad\\\/#\\\/schema\\\/logo\\\/image\\\/\"},\"sameAs\":[\"https:\\\/\\\/www.facebook.com\\\/laguiadepamplonacom-133175176762273\\\/?ref=hl\",\"https:\\\/\\\/x.com\\\/LaGuiadPamplona\",\"https:\\\/\\\/www.instagram.com\\\/la_guia_de_pamplona\\\/\",\"https:\\\/\\\/www.youtube.com\\\/user\\\/laguiadepamplona\"]},{\"@type\":\"Person\",\"@id\":\"https:\\\/\\\/www.laguiadepamplona.com\\\/actualidad\\\/#\\\/schema\\\/person\\\/efe887376f0213d4657c93adc50b1fdb\",\"name\":\"La Gu\u00eda de Pamplona\",\"image\":{\"@type\":\"ImageObject\",\"inLanguage\":\"es\",\"@id\":\"https:\\\/\\\/secure.gravatar.com\\\/avatar\\\/b6992f131dc8d30ab0dff15446e9d346d9dbd95992de0fef795073f5ea83a81c?s=96&d=mm&r=g\",\"url\":\"https:\\\/\\\/secure.gravatar.com\\\/avatar\\\/b6992f131dc8d30ab0dff15446e9d346d9dbd95992de0fef795073f5ea83a81c?s=96&d=mm&r=g\",\"contentUrl\":\"https:\\\/\\\/secure.gravatar.com\\\/avatar\\\/b6992f131dc8d30ab0dff15446e9d346d9dbd95992de0fef795073f5ea83a81c?s=96&d=mm&r=g\",\"caption\":\"La Gu\u00eda de Pamplona\"}}]}<\/script>\n<!-- \/ Yoast SEO plugin. -->","yoast_head_json":{"title":"El Ayuntamiento de Pamplona reedita \u2018\u00a1Vive el Encierro!\u2019, un peri\u00f3dico con informaci\u00f3n, datos y curiosidades, que se repartir\u00e1 gratuitamente en el recorrido todos los d\u00edas","description":"El Ayuntamiento de Pamplona reedita \u2018\u00a1Vive el Encierro!\u2019, un peri\u00f3dico con informaci\u00f3n, datos y curiosidades, que se repartir\u00e1 gratuitamente en el recorrido todos los d\u00edas","robots":{"index":"index","follow":"follow","max-snippet":"max-snippet:-1","max-image-preview":"max-image-preview:large","max-video-preview":"max-video-preview:-1"},"canonical":"https:\/\/www.laguiadepamplona.com\/actualidad\/el-ayuntamiento-de-pamplona-reedita-vive-el-encierro-un-periodico-con-informacion-datos-y-curiosidades-que-se-repartira-gratuitamente-en-el-recorrido-todos-los-dias\/","og_locale":"es_ES","og_type":"article","og_title":"El Ayuntamiento de Pamplona reedita \u2018\u00a1Vive el Encierro!\u2019, un peri\u00f3dico con informaci\u00f3n, datos y curiosidades, que se repartir\u00e1 gratuitamente en el recorrido todos los d\u00edas","og_description":"El Ayuntamiento de Pamplona reedita \u2018\u00a1Vive el Encierro!\u2019, un peri\u00f3dico con informaci\u00f3n, datos y curiosidades, que se repartir\u00e1 gratuitamente en el recorrido todos los d\u00edas","og_url":"https:\/\/www.laguiadepamplona.com\/actualidad\/el-ayuntamiento-de-pamplona-reedita-vive-el-encierro-un-periodico-con-informacion-datos-y-curiosidades-que-se-repartira-gratuitamente-en-el-recorrido-todos-los-dias\/","og_site_name":"La Gu\u00eda de Pamplona","article_publisher":"https:\/\/www.facebook.com\/laguiadepamplonacom-133175176762273\/?ref=hl","article_published_time":"2023-07-04T12:05:07+00:00","og_image":[{"width":781,"height":525,"url":"https:\/\/www.laguiadepamplona.com\/actualidad\/wp-content\/uploads\/2023\/07\/viveencierro.webp","type":"image\/webp"}],"author":"La Gu\u00eda de Pamplona","twitter_card":"summary_large_image","twitter_creator":"@LaGuiadPamplona","twitter_site":"@LaGuiadPamplona","twitter_misc":{"Escrito por":"La Gu\u00eda de Pamplona","Tiempo de lectura":"2 minutos"},"schema":{"@context":"https:\/\/schema.org","@graph":[{"@type":"Article","@id":"https:\/\/www.laguiadepamplona.com\/actualidad\/el-ayuntamiento-de-pamplona-reedita-vive-el-encierro-un-periodico-con-informacion-datos-y-curiosidades-que-se-repartira-gratuitamente-en-el-recorrido-todos-los-dias\/#article","isPartOf":{"@id":"https:\/\/www.laguiadepamplona.com\/actualidad\/el-ayuntamiento-de-pamplona-reedita-vive-el-encierro-un-periodico-con-informacion-datos-y-curiosidades-que-se-repartira-gratuitamente-en-el-recorrido-todos-los-dias\/"},"author":{"name":"La Gu\u00eda de Pamplona","@id":"https:\/\/www.laguiadepamplona.com\/actualidad\/#\/schema\/person\/efe887376f0213d4657c93adc50b1fdb"},"headline":"El Ayuntamiento de Pamplona reedita \u2018\u00a1Vive el Encierro!\u2019, un peri\u00f3dico con informaci\u00f3n, datos y curiosidades, que se repartir\u00e1 gratuitamente en el recorrido todos los d\u00edas","datePublished":"2023-07-04T12:05:07+00:00","mainEntityOfPage":{"@id":"https:\/\/www.laguiadepamplona.com\/actualidad\/el-ayuntamiento-de-pamplona-reedita-vive-el-encierro-un-periodico-con-informacion-datos-y-curiosidades-que-se-repartira-gratuitamente-en-el-recorrido-todos-los-dias\/"},"wordCount":375,"commentCount":0,"publisher":{"@id":"https:\/\/www.laguiadepamplona.com\/actualidad\/#organization"},"image":{"@id":"https:\/\/www.laguiadepamplona.com\/actualidad\/el-ayuntamiento-de-pamplona-reedita-vive-el-encierro-un-periodico-con-informacion-datos-y-curiosidades-que-se-repartira-gratuitamente-en-el-recorrido-todos-los-dias\/#primaryimage"},"thumbnailUrl":"https:\/\/www.laguiadepamplona.com\/actualidad\/wp-content\/uploads\/2023\/07\/viveencierro.webp","articleSection":["Ayto Pamplona","San Ferm\u00edn"],"inLanguage":"es","potentialAction":[{"@type":"CommentAction","name":"Comment","target":["https:\/\/www.laguiadepamplona.com\/actualidad\/el-ayuntamiento-de-pamplona-reedita-vive-el-encierro-un-periodico-con-informacion-datos-y-curiosidades-que-se-repartira-gratuitamente-en-el-recorrido-todos-los-dias\/#respond"]}]},{"@type":"WebPage","@id":"https:\/\/www.laguiadepamplona.com\/actualidad\/el-ayuntamiento-de-pamplona-reedita-vive-el-encierro-un-periodico-con-informacion-datos-y-curiosidades-que-se-repartira-gratuitamente-en-el-recorrido-todos-los-dias\/","url":"https:\/\/www.laguiadepamplona.com\/actualidad\/el-ayuntamiento-de-pamplona-reedita-vive-el-encierro-un-periodico-con-informacion-datos-y-curiosidades-que-se-repartira-gratuitamente-en-el-recorrido-todos-los-dias\/","name":"El Ayuntamiento de Pamplona reedita \u2018\u00a1Vive el Encierro!\u2019, un peri\u00f3dico con informaci\u00f3n, datos y curiosidades, que se repartir\u00e1 gratuitamente en el recorrido todos los d\u00edas","isPartOf":{"@id":"https:\/\/www.laguiadepamplona.com\/actualidad\/#website"},"primaryImageOfPage":{"@id":"https:\/\/www.laguiadepamplona.com\/actualidad\/el-ayuntamiento-de-pamplona-reedita-vive-el-encierro-un-periodico-con-informacion-datos-y-curiosidades-que-se-repartira-gratuitamente-en-el-recorrido-todos-los-dias\/#primaryimage"},"image":{"@id":"https:\/\/www.laguiadepamplona.com\/actualidad\/el-ayuntamiento-de-pamplona-reedita-vive-el-encierro-un-periodico-con-informacion-datos-y-curiosidades-que-se-repartira-gratuitamente-en-el-recorrido-todos-los-dias\/#primaryimage"},"thumbnailUrl":"https:\/\/www.laguiadepamplona.com\/actualidad\/wp-content\/uploads\/2023\/07\/viveencierro.webp","datePublished":"2023-07-04T12:05:07+00:00","description":"El Ayuntamiento de Pamplona reedita \u2018\u00a1Vive el Encierro!\u2019, un peri\u00f3dico con informaci\u00f3n, datos y curiosidades, que se repartir\u00e1 gratuitamente en el recorrido todos los d\u00edas","breadcrumb":{"@id":"https:\/\/www.laguiadepamplona.com\/actualidad\/el-ayuntamiento-de-pamplona-reedita-vive-el-encierro-un-periodico-con-informacion-datos-y-curiosidades-que-se-repartira-gratuitamente-en-el-recorrido-todos-los-dias\/#breadcrumb"},"inLanguage":"es","potentialAction":[{"@type":"ReadAction","target":["https:\/\/www.laguiadepamplona.com\/actualidad\/el-ayuntamiento-de-pamplona-reedita-vive-el-encierro-un-periodico-con-informacion-datos-y-curiosidades-que-se-repartira-gratuitamente-en-el-recorrido-todos-los-dias\/"]}]},{"@type":"ImageObject","inLanguage":"es","@id":"https:\/\/www.laguiadepamplona.com\/actualidad\/el-ayuntamiento-de-pamplona-reedita-vive-el-encierro-un-periodico-con-informacion-datos-y-curiosidades-que-se-repartira-gratuitamente-en-el-recorrido-todos-los-dias\/#primaryimage","url":"https:\/\/www.laguiadepamplona.com\/actualidad\/wp-content\/uploads\/2023\/07\/viveencierro.webp","contentUrl":"https:\/\/www.laguiadepamplona.com\/actualidad\/wp-content\/uploads\/2023\/07\/viveencierro.webp","width":781,"height":525,"caption":"vive encierro"},{"@type":"BreadcrumbList","@id":"https:\/\/www.laguiadepamplona.com\/actualidad\/el-ayuntamiento-de-pamplona-reedita-vive-el-encierro-un-periodico-con-informacion-datos-y-curiosidades-que-se-repartira-gratuitamente-en-el-recorrido-todos-los-dias\/#breadcrumb","itemListElement":[{"@type":"ListItem","position":1,"name":"Portada","item":"https:\/\/www.laguiadepamplona.com\/actualidad\/"},{"@type":"ListItem","position":2,"name":"El Ayuntamiento de Pamplona reedita \u2018\u00a1Vive el Encierro!\u2019, un peri\u00f3dico con informaci\u00f3n, datos y curiosidades, que se repartir\u00e1 gratuitamente en el recorrido todos los d\u00edas"}]},{"@type":"WebSite","@id":"https:\/\/www.laguiadepamplona.com\/actualidad\/#website","url":"https:\/\/www.laguiadepamplona.com\/actualidad\/","name":"La gu\u00eda de Pamplona","description":"Noticias de Pamplona","publisher":{"@id":"https:\/\/www.laguiadepamplona.com\/actualidad\/#organization"},"potentialAction":[{"@type":"SearchAction","target":{"@type":"EntryPoint","urlTemplate":"https:\/\/www.laguiadepamplona.com\/actualidad\/?s={search_term_string}"},"query-input":{"@type":"PropertyValueSpecification","valueRequired":true,"valueName":"search_term_string"}}],"inLanguage":"es"},{"@type":"Organization","@id":"https:\/\/www.laguiadepamplona.com\/actualidad\/#organization","name":"La Gu\u00eda de Pamplona \/ Noticias","url":"https:\/\/www.laguiadepamplona.com\/actualidad\/","logo":{"@type":"ImageObject","inLanguage":"es","@id":"https:\/\/www.laguiadepamplona.com\/actualidad\/#\/schema\/logo\/image\/","url":"https:\/\/www.laguiadepamplona.com\/actualidad\/wp-content\/uploads\/2018\/11\/logo-laguiadepamplona18-web1.png","contentUrl":"https:\/\/www.laguiadepamplona.com\/actualidad\/wp-content\/uploads\/2018\/11\/logo-laguiadepamplona18-web1.png","width":600,"height":196,"caption":"La Gu\u00eda de Pamplona \/ Noticias"},"image":{"@id":"https:\/\/www.laguiadepamplona.com\/actualidad\/#\/schema\/logo\/image\/"},"sameAs":["https:\/\/www.facebook.com\/laguiadepamplonacom-133175176762273\/?ref=hl","https:\/\/x.com\/LaGuiadPamplona","https:\/\/www.instagram.com\/la_guia_de_pamplona\/","https:\/\/www.youtube.com\/user\/laguiadepamplona"]},{"@type":"Person","@id":"https:\/\/www.laguiadepamplona.com\/actualidad\/#\/schema\/person\/efe887376f0213d4657c93adc50b1fdb","name":"La Gu\u00eda de Pamplona","image":{"@type":"ImageObject","inLanguage":"es","@id":"https:\/\/secure.gravatar.com\/avatar\/b6992f131dc8d30ab0dff15446e9d346d9dbd95992de0fef795073f5ea83a81c?s=96&d=mm&r=g","url":"https:\/\/secure.gravatar.com\/avatar\/b6992f131dc8d30ab0dff15446e9d346d9dbd95992de0fef795073f5ea83a81c?s=96&d=mm&r=g","contentUrl":"https:\/\/secure.gravatar.com\/avatar\/b6992f131dc8d30ab0dff15446e9d346d9dbd95992de0fef795073f5ea83a81c?s=96&d=mm&r=g","caption":"La Gu\u00eda de Pamplona"}}]}},"post_mailing_queue_ids":[],"_links":{"self":[{"href":"https:\/\/www.laguiadepamplona.com\/actualidad\/wp-json\/wp\/v2\/posts\/47224","targetHints":{"allow":["GET"]}}],"collection":[{"href":"https:\/\/www.laguiadepamplona.com\/actualidad\/wp-json\/wp\/v2\/posts"}],"about":[{"href":"https:\/\/www.laguiadepamplona.com\/actualidad\/wp-json\/wp\/v2\/types\/post"}],"author":[{"embeddable":true,"href":"https:\/\/www.laguiadepamplona.com\/actualidad\/wp-json\/wp\/v2\/users\/1"}],"replies":[{"embeddable":true,"href":"https:\/\/www.laguiadepamplona.com\/actualidad\/wp-json\/wp\/v2\/comments?post=47224"}],"version-history":[{"count":1,"href":"https:\/\/www.laguiadepamplona.com\/actualidad\/wp-json\/wp\/v2\/posts\/47224\/revisions"}],"predecessor-version":[{"id":47226,"href":"https:\/\/www.laguiadepamplona.com\/actualidad\/wp-json\/wp\/v2\/posts\/47224\/revisions\/47226"}],"wp:featuredmedia":[{"embeddable":true,"href":"https:\/\/www.laguiadepamplona.com\/actualidad\/wp-json\/wp\/v2\/media\/47225"}],"wp:attachment":[{"href":"https:\/\/www.laguiadepamplona.com\/actualidad\/wp-json\/wp\/v2\/media?parent=47224"}],"wp:term":[{"taxonomy":"category","embeddable":true,"href":"https:\/\/www.laguiadepamplona.com\/actualidad\/wp-json\/wp\/v2\/categories?post=47224"},{"taxonomy":"post_tag","embeddable":true,"href":"https:\/\/www.laguiadepamplona.com\/actualidad\/wp-json\/wp\/v2\/tags?post=47224"}],"curies":[{"name":"wp","href":"https:\/\/api.w.org\/{rel}","templated":true}]}}