{"id":47219,"date":"2023-06-30T14:14:51","date_gmt":"2023-06-30T12:14:51","guid":{"rendered":"https:\/\/www.laguiadepamplona.com\/actualidad\/?p=47219"},"modified":"2023-06-30T14:14:51","modified_gmt":"2023-06-30T12:14:51","slug":"delegadas-las-presidencias-de-los-festejos-taurinos-de-la-feria-del-toro-de-san-fermin-2023","status":"publish","type":"post","link":"https:\/\/www.laguiadepamplona.com\/actualidad\/delegadas-las-presidencias-de-los-festejos-taurinos-de-la-feria-del-toro-de-san-fermin-2023\/","title":{"rendered":"Delegadas las presidencias de los festejos taurinos de la Feria del Toro de San Ferm\u00edn 2023"},"content":{"rendered":"<h2>La alcaldesa Cristina Ibarrola preside el festejo del d\u00eda de San Ferm\u00edn y el resto corresponde a tres ediles de UPN, dos de PSN, uno del PP y uno de Geroa Bai<\/h2>\n<p><!--more--><\/p>\n<p>La alcaldesa de Pamplona, Cristina Ibarrola, ha delegado siete de las ocho presidencias de las corridas de toros de la Feria de San Ferm\u00edn 2023. Al igual que sucediera con su antecesor en el cargo, la alcaldesa presidir\u00e1 la primera corrida del programa, el viernes 7 de julio, con toros de La Palmosilla, de Tarifa (C\u00e1diz), para los diestros Rafaelillo, Manuel Escribano y Leo Valadez. El resto de presidencias, del 8 al 14 de julio, recaen en tres ediles de UPN, dos de PSN, uno de PP y uno de Geroa Bai.<\/p>\n<p>Seg\u00fan establece la resoluci\u00f3n de Alcald\u00eda, el s\u00e1bado 8 de julio preside el festejo el concejal Eloy del Pozo (PSN), con toros de Jos\u00e9 Escolar, de Lanzah\u00edta (\u00c1vila). Esta corrida ser\u00e1 lidiada por Fernando Roble\u00f1o, Juan del \u00c1lamo y Borja Jim\u00e9nez. El domingo 9, con toros de la ganader\u00eda de Cebada Gago, de Medina Sidonia (C\u00e1diz), preside la corrida el popular Carlos Garc\u00eda-Adanero. El domingo los matadores previstos son Adri\u00e1n de Torres, Rom\u00e1n e Isaac Fonseca.<br \/>\n<script async src=\"\/\/pagead2.googlesyndication.com\/pagead\/js\/adsbygoogle.js\"><\/script><br \/>\n<!-- Noticias La Guia de Pamplona --><br \/>\n<ins class=\"adsbygoogle\"\nstyle=\"display:block\"\ndata-ad-client=\"ca-pub-6943679897239327\"\ndata-ad-slot=\"7048180777\"\ndata-ad-format=\"auto\"><\/ins><br \/>\n<script>\n(adsbygoogle = window.adsbygoogle || []).push({});\n<\/script><\/p>\n<p>El lunes 10 corresponde la presidencia a Aitor Silgado (UPN). El festejo que abre la semana es para los astados de Fuente Ymbro, de San Jos\u00e9 del Valle (C\u00e1diz), con los toreros Miguel \u00c1ngel Perera, Daniel Luque y Gin\u00e9s Mar\u00edn. Al d\u00eda siguiente, martes 11 de julio, preside el festejo la concejala Clara Garc\u00eda-Vali\u00f1o (UPN), con astados de N\u00fa\u00f1ez del Cuvillo, de Vejer de la Frontera (C\u00e1diz), para los diestros Morante de la Puebla, Alejandro Talavante y Andr\u00e9s Roca Rey. El mi\u00e9rcoles 12, la corrida ser\u00e1 presidida por Marina Curiel (PSN); los astados ser\u00e1n de la ganader\u00eda de Jandilla, de M\u00e9rida (Badajoz), con los diestros Antonio Ferrera, El Juli y Cayetano.<\/p>\n<p>Los dos \u00faltimos festejos ser\u00e1n presididos por Ra\u00fal Armend\u00e1riz (UPN), el jueves 13 con toros de Victoriano del R\u00edo, de Guadalix (Madrid), y por Mikel Armend\u00e1riz (Geroa Bai), el viernes 14, con astados de Miura, de Lora del R\u00edo (Sevilla). Los matadores del d\u00eda 13 son Emilio de Justo, Andr\u00e9s Roca Rey y Tom\u00e1s Rufo; y los del 14, Rub\u00e9n Pinar, Juan Leal y Jes\u00fas Enrique Colombo.<\/p>\n<p>La persona que preside los festejos taurinos es la encargada de dirigir el espect\u00e1culo: marca el inicio, realiza los avisos a los diestros, los cambios de tercio, la concesi\u00f3n de trofeos, y tiene la \u00faltima palabra en casos de devoluciones de astados o la suspensi\u00f3n de la corrida por inclemencias meteorol\u00f3gicas. La presidencia, con apoyo de asesores taurinos, dirige la lidia aplicando el Reglamento e indica mediante pa\u00f1uelos de colores los distintos tiempos: blanco para iniciarla, verde para devolver las reses al corral, rojos para las banderillas negras, azul para que el toro de la vuelta al ruedo o naranja para indultar al morlaco.<br \/>\n<script async src=\"\/\/pagead2.googlesyndication.com\/pagead\/js\/adsbygoogle.js\"><\/script><br \/>\n<!-- Noticias La Guia de Pamplona --><br \/>\n<ins class=\"adsbygoogle\"\nstyle=\"display:block\"\ndata-ad-client=\"ca-pub-6943679897239327\"\ndata-ad-slot=\"7048180777\"\ndata-ad-format=\"auto\"><\/ins><br \/>\n<script>\n(adsbygoogle = window.adsbygoogle || []).push({});\n<\/script><\/p>\n<p>&nbsp;<\/p>\n<h3>Presidencias de la Feria del Toro 2023<\/h3>\n<ul>\n<li>Viernes 7 de julio\n<ul>\n<li>Cristina Ibarrola (UPN)<\/li>\n<\/ul>\n<\/li>\n<li>S\u00e1bado 8 de julio\n<ul>\n<li>Eloy del Pozo (PSN)<\/li>\n<\/ul>\n<\/li>\n<li>Domingo 9 de julio\n<ul>\n<li>Carlos Garc\u00eda-Adanero (PP)<\/li>\n<\/ul>\n<\/li>\n<li>Lunes 10 de julio\n<ul>\n<li>Aitor Silgado (UPN)<\/li>\n<\/ul>\n<\/li>\n<li>Martes 11 de julio\n<ul>\n<li>Clara Garc\u00eda-Vali\u00f1o (UPN)<\/li>\n<\/ul>\n<\/li>\n<li>Mi\u00e9rcoles 12 de julio\n<ul>\n<li>Marina Curiel (PSN)<\/li>\n<\/ul>\n<\/li>\n<li>Jueves 13 de julio\n<ul>\n<li>Ra\u00fal Armend\u00e1riz (UPN)<\/li>\n<\/ul>\n<\/li>\n<li>Viernes 14 de julio\n<ul>\n<li>Mikel Armend\u00e1riz (Geroa Bai)<\/li>\n<\/ul>\n<\/li>\n<\/ul>\n","protected":false},"excerpt":{"rendered":"<p>La alcaldesa Cristina Ibarrola preside el festejo del d\u00eda de San Ferm\u00edn y el resto corresponde a tres ediles de UPN, dos de PSN, uno del PP y uno de&#8230;<\/p>\n","protected":false},"author":1,"featured_media":41099,"comment_status":"open","ping_status":"closed","sticky":false,"template":"","format":"standard","meta":{"footnotes":""},"categories":[2],"tags":[],"class_list":["post-47219","post","type-post","status-publish","format-standard","has-post-thumbnail","hentry","category-ayuntamiento-pamplona"],"yoast_head":"<!-- This site is optimized with the Yoast SEO plugin v27.3 - https:\/\/yoast.com\/product\/yoast-seo-wordpress\/ -->\n<title>Delegadas las presidencias de los festejos taurinos de la Feria del Toro de San Ferm\u00edn 2023<\/title>\n<meta name=\"description\" content=\"La alcaldesa Cristina Ibarrola preside el festejo del d\u00eda de San Ferm\u00edn y el resto corresponde a tres ediles de UPN, dos de PSN, uno del PP y uno de Geroa Bai\" \/>\n<meta name=\"robots\" content=\"index, follow, max-snippet:-1, max-image-preview:large, max-video-preview:-1\" \/>\n<link rel=\"canonical\" href=\"https:\/\/www.laguiadepamplona.com\/actualidad\/delegadas-las-presidencias-de-los-festejos-taurinos-de-la-feria-del-toro-de-san-fermin-2023\/\" \/>\n<meta property=\"og:locale\" content=\"es_ES\" \/>\n<meta property=\"og:type\" content=\"article\" \/>\n<meta property=\"og:title\" content=\"Delegadas las presidencias de los festejos taurinos de la Feria del Toro de San Ferm\u00edn 2023\" \/>\n<meta property=\"og:description\" content=\"La alcaldesa Cristina Ibarrola preside el festejo del d\u00eda de San Ferm\u00edn y el resto corresponde a tres ediles de UPN, dos de PSN, uno del PP y uno de Geroa Bai\" \/>\n<meta property=\"og:url\" content=\"https:\/\/www.laguiadepamplona.com\/actualidad\/delegadas-las-presidencias-de-los-festejos-taurinos-de-la-feria-del-toro-de-san-fermin-2023\/\" \/>\n<meta property=\"og:site_name\" content=\"La Gu\u00eda de Pamplona\" \/>\n<meta property=\"article:publisher\" content=\"https:\/\/www.facebook.com\/laguiadepamplonacom-133175176762273\/?ref=hl\" \/>\n<meta property=\"article:published_time\" content=\"2023-06-30T12:14:51+00:00\" \/>\n<meta property=\"og:image\" content=\"https:\/\/www.laguiadepamplona.com\/actualidad\/wp-content\/uploads\/2022\/06\/presidencia-toros-alcalde.webp\" \/>\n\t<meta property=\"og:image:width\" content=\"1920\" \/>\n\t<meta property=\"og:image:height\" content=\"1280\" \/>\n\t<meta property=\"og:image:type\" content=\"image\/webp\" \/>\n<meta name=\"author\" content=\"La Gu\u00eda de Pamplona\" \/>\n<meta name=\"twitter:card\" content=\"summary_large_image\" \/>\n<meta name=\"twitter:creator\" content=\"@LaGuiadPamplona\" \/>\n<meta name=\"twitter:site\" content=\"@LaGuiadPamplona\" \/>\n<meta name=\"twitter:label1\" content=\"Escrito por\" \/>\n\t<meta name=\"twitter:data1\" content=\"La Gu\u00eda de Pamplona\" \/>\n\t<meta name=\"twitter:label2\" content=\"Tiempo de lectura\" \/>\n\t<meta name=\"twitter:data2\" content=\"3 minutos\" \/>\n<script type=\"application\/ld+json\" class=\"yoast-schema-graph\">{\"@context\":\"https:\\\/\\\/schema.org\",\"@graph\":[{\"@type\":\"Article\",\"@id\":\"https:\\\/\\\/www.laguiadepamplona.com\\\/actualidad\\\/delegadas-las-presidencias-de-los-festejos-taurinos-de-la-feria-del-toro-de-san-fermin-2023\\\/#article\",\"isPartOf\":{\"@id\":\"https:\\\/\\\/www.laguiadepamplona.com\\\/actualidad\\\/delegadas-las-presidencias-de-los-festejos-taurinos-de-la-feria-del-toro-de-san-fermin-2023\\\/\"},\"author\":{\"name\":\"La Gu\u00eda de Pamplona\",\"@id\":\"https:\\\/\\\/www.laguiadepamplona.com\\\/actualidad\\\/#\\\/schema\\\/person\\\/efe887376f0213d4657c93adc50b1fdb\"},\"headline\":\"Delegadas las presidencias de los festejos taurinos de la Feria del Toro de San Ferm\u00edn 2023\",\"datePublished\":\"2023-06-30T12:14:51+00:00\",\"mainEntityOfPage\":{\"@id\":\"https:\\\/\\\/www.laguiadepamplona.com\\\/actualidad\\\/delegadas-las-presidencias-de-los-festejos-taurinos-de-la-feria-del-toro-de-san-fermin-2023\\\/\"},\"wordCount\":595,\"commentCount\":0,\"publisher\":{\"@id\":\"https:\\\/\\\/www.laguiadepamplona.com\\\/actualidad\\\/#organization\"},\"image\":{\"@id\":\"https:\\\/\\\/www.laguiadepamplona.com\\\/actualidad\\\/delegadas-las-presidencias-de-los-festejos-taurinos-de-la-feria-del-toro-de-san-fermin-2023\\\/#primaryimage\"},\"thumbnailUrl\":\"https:\\\/\\\/www.laguiadepamplona.com\\\/actualidad\\\/wp-content\\\/uploads\\\/2022\\\/06\\\/presidencia-toros-alcalde.webp\",\"articleSection\":[\"Ayto Pamplona\"],\"inLanguage\":\"es\",\"potentialAction\":[{\"@type\":\"CommentAction\",\"name\":\"Comment\",\"target\":[\"https:\\\/\\\/www.laguiadepamplona.com\\\/actualidad\\\/delegadas-las-presidencias-de-los-festejos-taurinos-de-la-feria-del-toro-de-san-fermin-2023\\\/#respond\"]}]},{\"@type\":\"WebPage\",\"@id\":\"https:\\\/\\\/www.laguiadepamplona.com\\\/actualidad\\\/delegadas-las-presidencias-de-los-festejos-taurinos-de-la-feria-del-toro-de-san-fermin-2023\\\/\",\"url\":\"https:\\\/\\\/www.laguiadepamplona.com\\\/actualidad\\\/delegadas-las-presidencias-de-los-festejos-taurinos-de-la-feria-del-toro-de-san-fermin-2023\\\/\",\"name\":\"Delegadas las presidencias de los festejos taurinos de la Feria del Toro de San Ferm\u00edn 2023\",\"isPartOf\":{\"@id\":\"https:\\\/\\\/www.laguiadepamplona.com\\\/actualidad\\\/#website\"},\"primaryImageOfPage\":{\"@id\":\"https:\\\/\\\/www.laguiadepamplona.com\\\/actualidad\\\/delegadas-las-presidencias-de-los-festejos-taurinos-de-la-feria-del-toro-de-san-fermin-2023\\\/#primaryimage\"},\"image\":{\"@id\":\"https:\\\/\\\/www.laguiadepamplona.com\\\/actualidad\\\/delegadas-las-presidencias-de-los-festejos-taurinos-de-la-feria-del-toro-de-san-fermin-2023\\\/#primaryimage\"},\"thumbnailUrl\":\"https:\\\/\\\/www.laguiadepamplona.com\\\/actualidad\\\/wp-content\\\/uploads\\\/2022\\\/06\\\/presidencia-toros-alcalde.webp\",\"datePublished\":\"2023-06-30T12:14:51+00:00\",\"description\":\"La alcaldesa Cristina Ibarrola preside el festejo del d\u00eda de San Ferm\u00edn y el resto corresponde a tres ediles de UPN, dos de PSN, uno del PP y uno de Geroa Bai\",\"breadcrumb\":{\"@id\":\"https:\\\/\\\/www.laguiadepamplona.com\\\/actualidad\\\/delegadas-las-presidencias-de-los-festejos-taurinos-de-la-feria-del-toro-de-san-fermin-2023\\\/#breadcrumb\"},\"inLanguage\":\"es\",\"potentialAction\":[{\"@type\":\"ReadAction\",\"target\":[\"https:\\\/\\\/www.laguiadepamplona.com\\\/actualidad\\\/delegadas-las-presidencias-de-los-festejos-taurinos-de-la-feria-del-toro-de-san-fermin-2023\\\/\"]}]},{\"@type\":\"ImageObject\",\"inLanguage\":\"es\",\"@id\":\"https:\\\/\\\/www.laguiadepamplona.com\\\/actualidad\\\/delegadas-las-presidencias-de-los-festejos-taurinos-de-la-feria-del-toro-de-san-fermin-2023\\\/#primaryimage\",\"url\":\"https:\\\/\\\/www.laguiadepamplona.com\\\/actualidad\\\/wp-content\\\/uploads\\\/2022\\\/06\\\/presidencia-toros-alcalde.webp\",\"contentUrl\":\"https:\\\/\\\/www.laguiadepamplona.com\\\/actualidad\\\/wp-content\\\/uploads\\\/2022\\\/06\\\/presidencia-toros-alcalde.webp\",\"width\":1920,\"height\":1280,\"caption\":\"presidencia toros pamplona\"},{\"@type\":\"BreadcrumbList\",\"@id\":\"https:\\\/\\\/www.laguiadepamplona.com\\\/actualidad\\\/delegadas-las-presidencias-de-los-festejos-taurinos-de-la-feria-del-toro-de-san-fermin-2023\\\/#breadcrumb\",\"itemListElement\":[{\"@type\":\"ListItem\",\"position\":1,\"name\":\"Portada\",\"item\":\"https:\\\/\\\/www.laguiadepamplona.com\\\/actualidad\\\/\"},{\"@type\":\"ListItem\",\"position\":2,\"name\":\"Delegadas las presidencias de los festejos taurinos de la Feria del Toro de San Ferm\u00edn 2023\"}]},{\"@type\":\"WebSite\",\"@id\":\"https:\\\/\\\/www.laguiadepamplona.com\\\/actualidad\\\/#website\",\"url\":\"https:\\\/\\\/www.laguiadepamplona.com\\\/actualidad\\\/\",\"name\":\"La gu\u00eda de Pamplona\",\"description\":\"Noticias de Pamplona\",\"publisher\":{\"@id\":\"https:\\\/\\\/www.laguiadepamplona.com\\\/actualidad\\\/#organization\"},\"potentialAction\":[{\"@type\":\"SearchAction\",\"target\":{\"@type\":\"EntryPoint\",\"urlTemplate\":\"https:\\\/\\\/www.laguiadepamplona.com\\\/actualidad\\\/?s={search_term_string}\"},\"query-input\":{\"@type\":\"PropertyValueSpecification\",\"valueRequired\":true,\"valueName\":\"search_term_string\"}}],\"inLanguage\":\"es\"},{\"@type\":\"Organization\",\"@id\":\"https:\\\/\\\/www.laguiadepamplona.com\\\/actualidad\\\/#organization\",\"name\":\"La Gu\u00eda de Pamplona \\\/ Noticias\",\"url\":\"https:\\\/\\\/www.laguiadepamplona.com\\\/actualidad\\\/\",\"logo\":{\"@type\":\"ImageObject\",\"inLanguage\":\"es\",\"@id\":\"https:\\\/\\\/www.laguiadepamplona.com\\\/actualidad\\\/#\\\/schema\\\/logo\\\/image\\\/\",\"url\":\"https:\\\/\\\/www.laguiadepamplona.com\\\/actualidad\\\/wp-content\\\/uploads\\\/2018\\\/11\\\/logo-laguiadepamplona18-web1.png\",\"contentUrl\":\"https:\\\/\\\/www.laguiadepamplona.com\\\/actualidad\\\/wp-content\\\/uploads\\\/2018\\\/11\\\/logo-laguiadepamplona18-web1.png\",\"width\":600,\"height\":196,\"caption\":\"La Gu\u00eda de Pamplona \\\/ Noticias\"},\"image\":{\"@id\":\"https:\\\/\\\/www.laguiadepamplona.com\\\/actualidad\\\/#\\\/schema\\\/logo\\\/image\\\/\"},\"sameAs\":[\"https:\\\/\\\/www.facebook.com\\\/laguiadepamplonacom-133175176762273\\\/?ref=hl\",\"https:\\\/\\\/x.com\\\/LaGuiadPamplona\",\"https:\\\/\\\/www.instagram.com\\\/la_guia_de_pamplona\\\/\",\"https:\\\/\\\/www.youtube.com\\\/user\\\/laguiadepamplona\"]},{\"@type\":\"Person\",\"@id\":\"https:\\\/\\\/www.laguiadepamplona.com\\\/actualidad\\\/#\\\/schema\\\/person\\\/efe887376f0213d4657c93adc50b1fdb\",\"name\":\"La Gu\u00eda de Pamplona\",\"image\":{\"@type\":\"ImageObject\",\"inLanguage\":\"es\",\"@id\":\"https:\\\/\\\/secure.gravatar.com\\\/avatar\\\/b6992f131dc8d30ab0dff15446e9d346d9dbd95992de0fef795073f5ea83a81c?s=96&d=mm&r=g\",\"url\":\"https:\\\/\\\/secure.gravatar.com\\\/avatar\\\/b6992f131dc8d30ab0dff15446e9d346d9dbd95992de0fef795073f5ea83a81c?s=96&d=mm&r=g\",\"contentUrl\":\"https:\\\/\\\/secure.gravatar.com\\\/avatar\\\/b6992f131dc8d30ab0dff15446e9d346d9dbd95992de0fef795073f5ea83a81c?s=96&d=mm&r=g\",\"caption\":\"La Gu\u00eda de Pamplona\"}}]}<\/script>\n<!-- \/ Yoast SEO plugin. -->","yoast_head_json":{"title":"Delegadas las presidencias de los festejos taurinos de la Feria del Toro de San Ferm\u00edn 2023","description":"La alcaldesa Cristina Ibarrola preside el festejo del d\u00eda de San Ferm\u00edn y el resto corresponde a tres ediles de UPN, dos de PSN, uno del PP y uno de Geroa Bai","robots":{"index":"index","follow":"follow","max-snippet":"max-snippet:-1","max-image-preview":"max-image-preview:large","max-video-preview":"max-video-preview:-1"},"canonical":"https:\/\/www.laguiadepamplona.com\/actualidad\/delegadas-las-presidencias-de-los-festejos-taurinos-de-la-feria-del-toro-de-san-fermin-2023\/","og_locale":"es_ES","og_type":"article","og_title":"Delegadas las presidencias de los festejos taurinos de la Feria del Toro de San Ferm\u00edn 2023","og_description":"La alcaldesa Cristina Ibarrola preside el festejo del d\u00eda de San Ferm\u00edn y el resto corresponde a tres ediles de UPN, dos de PSN, uno del PP y uno de Geroa Bai","og_url":"https:\/\/www.laguiadepamplona.com\/actualidad\/delegadas-las-presidencias-de-los-festejos-taurinos-de-la-feria-del-toro-de-san-fermin-2023\/","og_site_name":"La Gu\u00eda de Pamplona","article_publisher":"https:\/\/www.facebook.com\/laguiadepamplonacom-133175176762273\/?ref=hl","article_published_time":"2023-06-30T12:14:51+00:00","og_image":[{"width":1920,"height":1280,"url":"https:\/\/www.laguiadepamplona.com\/actualidad\/wp-content\/uploads\/2022\/06\/presidencia-toros-alcalde.webp","type":"image\/webp"}],"author":"La Gu\u00eda de Pamplona","twitter_card":"summary_large_image","twitter_creator":"@LaGuiadPamplona","twitter_site":"@LaGuiadPamplona","twitter_misc":{"Escrito por":"La Gu\u00eda de Pamplona","Tiempo de lectura":"3 minutos"},"schema":{"@context":"https:\/\/schema.org","@graph":[{"@type":"Article","@id":"https:\/\/www.laguiadepamplona.com\/actualidad\/delegadas-las-presidencias-de-los-festejos-taurinos-de-la-feria-del-toro-de-san-fermin-2023\/#article","isPartOf":{"@id":"https:\/\/www.laguiadepamplona.com\/actualidad\/delegadas-las-presidencias-de-los-festejos-taurinos-de-la-feria-del-toro-de-san-fermin-2023\/"},"author":{"name":"La Gu\u00eda de Pamplona","@id":"https:\/\/www.laguiadepamplona.com\/actualidad\/#\/schema\/person\/efe887376f0213d4657c93adc50b1fdb"},"headline":"Delegadas las presidencias de los festejos taurinos de la Feria del Toro de San Ferm\u00edn 2023","datePublished":"2023-06-30T12:14:51+00:00","mainEntityOfPage":{"@id":"https:\/\/www.laguiadepamplona.com\/actualidad\/delegadas-las-presidencias-de-los-festejos-taurinos-de-la-feria-del-toro-de-san-fermin-2023\/"},"wordCount":595,"commentCount":0,"publisher":{"@id":"https:\/\/www.laguiadepamplona.com\/actualidad\/#organization"},"image":{"@id":"https:\/\/www.laguiadepamplona.com\/actualidad\/delegadas-las-presidencias-de-los-festejos-taurinos-de-la-feria-del-toro-de-san-fermin-2023\/#primaryimage"},"thumbnailUrl":"https:\/\/www.laguiadepamplona.com\/actualidad\/wp-content\/uploads\/2022\/06\/presidencia-toros-alcalde.webp","articleSection":["Ayto Pamplona"],"inLanguage":"es","potentialAction":[{"@type":"CommentAction","name":"Comment","target":["https:\/\/www.laguiadepamplona.com\/actualidad\/delegadas-las-presidencias-de-los-festejos-taurinos-de-la-feria-del-toro-de-san-fermin-2023\/#respond"]}]},{"@type":"WebPage","@id":"https:\/\/www.laguiadepamplona.com\/actualidad\/delegadas-las-presidencias-de-los-festejos-taurinos-de-la-feria-del-toro-de-san-fermin-2023\/","url":"https:\/\/www.laguiadepamplona.com\/actualidad\/delegadas-las-presidencias-de-los-festejos-taurinos-de-la-feria-del-toro-de-san-fermin-2023\/","name":"Delegadas las presidencias de los festejos taurinos de la Feria del Toro de San Ferm\u00edn 2023","isPartOf":{"@id":"https:\/\/www.laguiadepamplona.com\/actualidad\/#website"},"primaryImageOfPage":{"@id":"https:\/\/www.laguiadepamplona.com\/actualidad\/delegadas-las-presidencias-de-los-festejos-taurinos-de-la-feria-del-toro-de-san-fermin-2023\/#primaryimage"},"image":{"@id":"https:\/\/www.laguiadepamplona.com\/actualidad\/delegadas-las-presidencias-de-los-festejos-taurinos-de-la-feria-del-toro-de-san-fermin-2023\/#primaryimage"},"thumbnailUrl":"https:\/\/www.laguiadepamplona.com\/actualidad\/wp-content\/uploads\/2022\/06\/presidencia-toros-alcalde.webp","datePublished":"2023-06-30T12:14:51+00:00","description":"La alcaldesa Cristina Ibarrola preside el festejo del d\u00eda de San Ferm\u00edn y el resto corresponde a tres ediles de UPN, dos de PSN, uno del PP y uno de Geroa Bai","breadcrumb":{"@id":"https:\/\/www.laguiadepamplona.com\/actualidad\/delegadas-las-presidencias-de-los-festejos-taurinos-de-la-feria-del-toro-de-san-fermin-2023\/#breadcrumb"},"inLanguage":"es","potentialAction":[{"@type":"ReadAction","target":["https:\/\/www.laguiadepamplona.com\/actualidad\/delegadas-las-presidencias-de-los-festejos-taurinos-de-la-feria-del-toro-de-san-fermin-2023\/"]}]},{"@type":"ImageObject","inLanguage":"es","@id":"https:\/\/www.laguiadepamplona.com\/actualidad\/delegadas-las-presidencias-de-los-festejos-taurinos-de-la-feria-del-toro-de-san-fermin-2023\/#primaryimage","url":"https:\/\/www.laguiadepamplona.com\/actualidad\/wp-content\/uploads\/2022\/06\/presidencia-toros-alcalde.webp","contentUrl":"https:\/\/www.laguiadepamplona.com\/actualidad\/wp-content\/uploads\/2022\/06\/presidencia-toros-alcalde.webp","width":1920,"height":1280,"caption":"presidencia toros pamplona"},{"@type":"BreadcrumbList","@id":"https:\/\/www.laguiadepamplona.com\/actualidad\/delegadas-las-presidencias-de-los-festejos-taurinos-de-la-feria-del-toro-de-san-fermin-2023\/#breadcrumb","itemListElement":[{"@type":"ListItem","position":1,"name":"Portada","item":"https:\/\/www.laguiadepamplona.com\/actualidad\/"},{"@type":"ListItem","position":2,"name":"Delegadas las presidencias de los festejos taurinos de la Feria del Toro de San Ferm\u00edn 2023"}]},{"@type":"WebSite","@id":"https:\/\/www.laguiadepamplona.com\/actualidad\/#website","url":"https:\/\/www.laguiadepamplona.com\/actualidad\/","name":"La gu\u00eda de Pamplona","description":"Noticias de Pamplona","publisher":{"@id":"https:\/\/www.laguiadepamplona.com\/actualidad\/#organization"},"potentialAction":[{"@type":"SearchAction","target":{"@type":"EntryPoint","urlTemplate":"https:\/\/www.laguiadepamplona.com\/actualidad\/?s={search_term_string}"},"query-input":{"@type":"PropertyValueSpecification","valueRequired":true,"valueName":"search_term_string"}}],"inLanguage":"es"},{"@type":"Organization","@id":"https:\/\/www.laguiadepamplona.com\/actualidad\/#organization","name":"La Gu\u00eda de Pamplona \/ Noticias","url":"https:\/\/www.laguiadepamplona.com\/actualidad\/","logo":{"@type":"ImageObject","inLanguage":"es","@id":"https:\/\/www.laguiadepamplona.com\/actualidad\/#\/schema\/logo\/image\/","url":"https:\/\/www.laguiadepamplona.com\/actualidad\/wp-content\/uploads\/2018\/11\/logo-laguiadepamplona18-web1.png","contentUrl":"https:\/\/www.laguiadepamplona.com\/actualidad\/wp-content\/uploads\/2018\/11\/logo-laguiadepamplona18-web1.png","width":600,"height":196,"caption":"La Gu\u00eda de Pamplona \/ Noticias"},"image":{"@id":"https:\/\/www.laguiadepamplona.com\/actualidad\/#\/schema\/logo\/image\/"},"sameAs":["https:\/\/www.facebook.com\/laguiadepamplonacom-133175176762273\/?ref=hl","https:\/\/x.com\/LaGuiadPamplona","https:\/\/www.instagram.com\/la_guia_de_pamplona\/","https:\/\/www.youtube.com\/user\/laguiadepamplona"]},{"@type":"Person","@id":"https:\/\/www.laguiadepamplona.com\/actualidad\/#\/schema\/person\/efe887376f0213d4657c93adc50b1fdb","name":"La Gu\u00eda de Pamplona","image":{"@type":"ImageObject","inLanguage":"es","@id":"https:\/\/secure.gravatar.com\/avatar\/b6992f131dc8d30ab0dff15446e9d346d9dbd95992de0fef795073f5ea83a81c?s=96&d=mm&r=g","url":"https:\/\/secure.gravatar.com\/avatar\/b6992f131dc8d30ab0dff15446e9d346d9dbd95992de0fef795073f5ea83a81c?s=96&d=mm&r=g","contentUrl":"https:\/\/secure.gravatar.com\/avatar\/b6992f131dc8d30ab0dff15446e9d346d9dbd95992de0fef795073f5ea83a81c?s=96&d=mm&r=g","caption":"La Gu\u00eda de Pamplona"}}]}},"post_mailing_queue_ids":[],"_links":{"self":[{"href":"https:\/\/www.laguiadepamplona.com\/actualidad\/wp-json\/wp\/v2\/posts\/47219","targetHints":{"allow":["GET"]}}],"collection":[{"href":"https:\/\/www.laguiadepamplona.com\/actualidad\/wp-json\/wp\/v2\/posts"}],"about":[{"href":"https:\/\/www.laguiadepamplona.com\/actualidad\/wp-json\/wp\/v2\/types\/post"}],"author":[{"embeddable":true,"href":"https:\/\/www.laguiadepamplona.com\/actualidad\/wp-json\/wp\/v2\/users\/1"}],"replies":[{"embeddable":true,"href":"https:\/\/www.laguiadepamplona.com\/actualidad\/wp-json\/wp\/v2\/comments?post=47219"}],"version-history":[{"count":1,"href":"https:\/\/www.laguiadepamplona.com\/actualidad\/wp-json\/wp\/v2\/posts\/47219\/revisions"}],"predecessor-version":[{"id":47220,"href":"https:\/\/www.laguiadepamplona.com\/actualidad\/wp-json\/wp\/v2\/posts\/47219\/revisions\/47220"}],"wp:featuredmedia":[{"embeddable":true,"href":"https:\/\/www.laguiadepamplona.com\/actualidad\/wp-json\/wp\/v2\/media\/41099"}],"wp:attachment":[{"href":"https:\/\/www.laguiadepamplona.com\/actualidad\/wp-json\/wp\/v2\/media?parent=47219"}],"wp:term":[{"taxonomy":"category","embeddable":true,"href":"https:\/\/www.laguiadepamplona.com\/actualidad\/wp-json\/wp\/v2\/categories?post=47219"},{"taxonomy":"post_tag","embeddable":true,"href":"https:\/\/www.laguiadepamplona.com\/actualidad\/wp-json\/wp\/v2\/tags?post=47219"}],"curies":[{"name":"wp","href":"https:\/\/api.w.org\/{rel}","templated":true}]}}