{"id":47216,"date":"2023-06-30T14:13:29","date_gmt":"2023-06-30T12:13:29","guid":{"rendered":"https:\/\/www.laguiadepamplona.com\/actualidad\/?p=47216"},"modified":"2023-06-30T14:13:29","modified_gmt":"2023-06-30T12:13:29","slug":"ultreia-el-centro-municipal-de-interpretacion-del-camino-de-santiago-supera-las-2-800-atenciones-en-el-primer-semestre-y-recupera-los-niveles-previos-a-la-pandemia","status":"publish","type":"post","link":"https:\/\/www.laguiadepamplona.com\/actualidad\/ultreia-el-centro-municipal-de-interpretacion-del-camino-de-santiago-supera-las-2-800-atenciones-en-el-primer-semestre-y-recupera-los-niveles-previos-a-la-pandemia\/","title":{"rendered":"Ultreia, el centro municipal de interpretaci\u00f3n del Camino de Santiago, supera las 2.800 atenciones en el primer semestre y recupera los niveles previos a la pandemia"},"content":{"rendered":"<h2>El centro estrena este s\u00e1bado el horario de verano, con apertura de lunes a s\u00e1bado en horario de ma\u00f1ana y tarde y los domingos de ma\u00f1ana<\/h2>\n<p><!--more--><\/p>\n<p>El centro municipal de interpretaci\u00f3n del Camino de Santiago Ultreia cierra del primer semestre del a\u00f1o con m\u00e1s de 2.800 visitantes, que han podido disfrutar de las exposiciones y espacios inmersivos, que han sellado su acreditaci\u00f3n y que han solicitado informaci\u00f3n sobre esta ruta de peregrinaje con proyecci\u00f3n internacional. De hecho, de las 2.845 personas atendidas de febrero a junio, pr\u00e1cticamente la mitad proven\u00edan de otros pa\u00edses, principalmente Estados Unidos, Francia y Alemania. En concreto, el n\u00famero de visitantes nacionales ha sido de 1.501, mientras que los internacionales supusieron 1.344. Los datos, que mejoran los de 2022, se sit\u00faan ya en niveles anteriores a la pandemia del COVID-19, que afect\u00f3 fuertemente al sector tur\u00edstico por el cierre de fronteras y los confinamientos de la poblaci\u00f3n.<\/p>\n<p>En este sentido, en 2019, a\u00f1o en el que se puso en marcha Ultreia, se registraron de marzo a junio 2.646 visitantes (1.707 nacionales y 939 extranjeros). Tras el par\u00f3n de 2020, el turismo empez\u00f3 a recuperar el pulso en 2021, a\u00fan con precauciones y con cierre internacional de fronteras en muchos casos, por lo que las cifras de febrero a junio se quedaron en 1.160 visitantes (1.002 nacionales y 158 extranjeros). El a\u00f1o pasado, por su parte, los n\u00fameros ya subieron a 2.476 atenciones en el centro, de las que 1.320 proven\u00edan de Navarra y otras comunidades aut\u00f3nomas, y 1.156 de otros pa\u00edses.<br \/>\n<script async src=\"\/\/pagead2.googlesyndication.com\/pagead\/js\/adsbygoogle.js\"><\/script><br \/>\n<!-- Noticias La Guia de Pamplona --><br \/>\n<ins class=\"adsbygoogle\"\nstyle=\"display:block\"\ndata-ad-client=\"ca-pub-6943679897239327\"\ndata-ad-slot=\"7048180777\"\ndata-ad-format=\"auto\"><\/ins><br \/>\n<script>\n(adsbygoogle = window.adsbygoogle || []).push({});\n<\/script><\/p>\n<p>Con la pandemia ya superada, Ultreia ha afrontado este 2023 con unos objetivos centrados en la atenci\u00f3n personalizada a visitantes y personas peregrinas, ofreciendo no \u00fanicamente informaci\u00f3n sobre el Camino de Santiago, sino una completa perspectiva de la historia de la ciudad y su relaci\u00f3n con el Camino, mediante recursos interactivos y audiovisuales. El centro, que en los meses de enero permanece cerrado, ha visto c\u00f3mo se ha ido incrementando el n\u00famero de atenciones mes a mes. No en vano, son los meses con una mejor climatolog\u00eda los que concentran el mayor n\u00famero de peregrinos. Sin embargo, no son \u00fanicamente peregrinos quienes acuden a Ultreia. De los datos extra\u00eddos desde el \u00e1rea de Turismo del Ayuntamiento de Pamplona, se desprende que, de febrero a junio, han acudido al centro 1.272 personas en peregrinaje, mientas que las 1.573 restantes eran turistas y excursionistas no vinculados con el Camino de Santiago.<\/p>\n<p>Independientemente del motivo que les ha llevado a visitar Pamplona y, en concreto, el centro Ultreia, lo cierto es que a lo largo de los meses se percibe una tendencia clara en cuanto a la procedencia de estas personas. Entre los visitantes nacionales, destacan las personas navarras que se acercan para solicitar informaci\u00f3n variada y disfrutar de la propuesta audiovisual. Les siguen las personas de Madrid, Catalu\u00f1a y, en menor proporci\u00f3n, Pa\u00eds Vasco y Arag\u00f3n. Por su parte, entre los visitantes provenientes del extranjero predominan los europeos, de distintos pa\u00edses, como Francia y Alemania, pero tambi\u00e9n de B\u00e9lgica, Dinamarca, Holanda, Portugal o Reino Unido, por ejemplo. Pero tambi\u00e9n son muchos quienes llegan a Pamplona desde otros continentes. Destacan los visitantes de Estados Unidos y Canad\u00e1, a los que se suman, en menor medida, quienes provienen de Brasil, M\u00e9xico, Australia y Corea, entre otros pa\u00edses. Entre el millar de personas extranjeras que han recalado en Ultreia este primer semestre, la mayor\u00eda eran de Francia (233); Estados Unidos (228) y Alemania (122).<\/p>\n<p>En cuanto a la edad de peregrinos y visitantes, Ultreia ha comenzado estos \u00faltimos meses a recabar estos datos. En una primera aproximaci\u00f3n, el grueso de quienes acuden al centro son personas de mediana edad interesadas por la cultura y aquellos de entre 60 y 70 a\u00f1os, ya jubilados, que deciden iniciar el Camino de Santiago al no tener cargas laborales y disponer de m\u00e1s tiempo libre. En la mayor\u00eda de los casos optan por viajar en pareja o con amigos, en grupo, aunque hay un n\u00famero considerable de personas que decide viajar sola (m\u00e1s de un 20% de los casos).<br \/>\n<script async src=\"\/\/pagead2.googlesyndication.com\/pagead\/js\/adsbygoogle.js\"><\/script><br \/>\n<!-- Noticias La Guia de Pamplona --><br \/>\n<ins class=\"adsbygoogle\"\nstyle=\"display:block\"\ndata-ad-client=\"ca-pub-6943679897239327\"\ndata-ad-slot=\"7048180777\"\ndata-ad-format=\"auto\"><\/ins><br \/>\n<script>\n(adsbygoogle = window.adsbygoogle || []).push({});\n<\/script><\/p>\n<p><strong>Horario de verano<\/strong><\/p>\n<p>Ultreia, el Centro de Acogida al Peregrino e Interpretaci\u00f3n del Camino de Santiago, afronta desde este s\u00e1bado su temporada alta, con un previsible aumento del n\u00famero de visitantes debido al buen tiempo. Es por ello que modifica su horario, para adaptarlo a las nuevas necesidades. De esta forma, el centro, ubicado en la calle Mayor, n\u00famero 20, abrir\u00e1 desde el 1 de julio hasta el 15 de septiembre todos los d\u00edas de la semana, salvo en Sanfermines. En concreto, de lunes a s\u00e1bado atender\u00e1 en horario de ma\u00f1ana y tarde, de 10 a 14 horas y de 16 a 20 horas. Los domingos abrir\u00e1 de 10 a 14 horas. Durante las fiestas de San Ferm\u00edn el centro permanecer\u00e1 cerrado.<\/p>\n<p>Ultreia permite realizar una visita gratuita con audiogu\u00edas, disponibles en castellano, euskera, franc\u00e9s e ingl\u00e9s, a trav\u00e9s de materiales audiovisuales para entender mejor la historia de Pamplona, su ubicaci\u00f3n como primera ciudad del Camino de Santiago y la relaci\u00f3n con \u00e9ste. El centro est\u00e1 proyectado como un espacio con accesibilidad universal, por lo que est\u00e1 adaptado a todos los p\u00fablicos.<\/p>\n<p>El centro est\u00e1 dise\u00f1ado con tres \u00e1reas diferenciadas: una de informaci\u00f3n, otra de interpretaci\u00f3n y una tercera de experiencia. El \u00e1rea de informaci\u00f3n se articula como espacio de bienvenida con mostrador de informaci\u00f3n, paneles, pantalla t\u00e1ctil y otros elementos que dan informaci\u00f3n sobre Pamplona, incidiendo en que es la primera del Camino, y datos que puedan ayudar al visitante durante su estancia en la ciudad. Tambi\u00e9n hay espacio para el proyecto <a href=\"mailto:Jacob@ccess\">Jacob@ccess<\/a> y sus otros centros y para ofrecer particularidades del Camino de Santiago en la Edad Media y en la actualidad. El \u00e1rea de interpretaci\u00f3n cuenta con una proyecci\u00f3n vertical en la pared, donde se explica el recorrido hist\u00f3rico desde el nacimiento de la ciudad hasta el siglo XVIII. La tercera zona, el \u00e1rea de experiencia, ofrece la oportunidad de disfrutar de forma inmersiva en la historia de Pamplona y el peregrinaje hacia Santiago en \u00e9poca medieval.<\/p>\n","protected":false},"excerpt":{"rendered":"<p>El centro estrena este s\u00e1bado el horario de verano, con apertura de lunes a s\u00e1bado en horario de ma\u00f1ana y tarde y los domingos de ma\u00f1ana<\/p>\n","protected":false},"author":1,"featured_media":47217,"comment_status":"open","ping_status":"closed","sticky":false,"template":"","format":"standard","meta":{"footnotes":""},"categories":[2],"tags":[],"class_list":["post-47216","post","type-post","status-publish","format-standard","has-post-thumbnail","hentry","category-ayuntamiento-pamplona"],"yoast_head":"<!-- This site is optimized with the Yoast SEO plugin v27.3 - https:\/\/yoast.com\/product\/yoast-seo-wordpress\/ -->\n<title>Ultreia, el centro municipal de interpretaci\u00f3n del Camino de Santiago, supera las 2.800 atenciones en el primer semestre y recupera los niveles previos a la pandemia<\/title>\n<meta name=\"description\" content=\"El centro estrena este s\u00e1bado el horario de verano, con apertura de lunes a s\u00e1bado en horario de ma\u00f1ana y tarde y los domingos de ma\u00f1ana\" \/>\n<meta name=\"robots\" content=\"index, follow, max-snippet:-1, max-image-preview:large, max-video-preview:-1\" \/>\n<link rel=\"canonical\" href=\"https:\/\/www.laguiadepamplona.com\/actualidad\/ultreia-el-centro-municipal-de-interpretacion-del-camino-de-santiago-supera-las-2-800-atenciones-en-el-primer-semestre-y-recupera-los-niveles-previos-a-la-pandemia\/\" \/>\n<meta property=\"og:locale\" content=\"es_ES\" \/>\n<meta property=\"og:type\" content=\"article\" \/>\n<meta property=\"og:title\" content=\"Ultreia, el centro municipal de interpretaci\u00f3n del Camino de Santiago, supera las 2.800 atenciones en el primer semestre y recupera los niveles previos a la pandemia\" \/>\n<meta property=\"og:description\" content=\"El centro estrena este s\u00e1bado el horario de verano, con apertura de lunes a s\u00e1bado en horario de ma\u00f1ana y tarde y los domingos de ma\u00f1ana\" \/>\n<meta property=\"og:url\" content=\"https:\/\/www.laguiadepamplona.com\/actualidad\/ultreia-el-centro-municipal-de-interpretacion-del-camino-de-santiago-supera-las-2-800-atenciones-en-el-primer-semestre-y-recupera-los-niveles-previos-a-la-pandemia\/\" \/>\n<meta property=\"og:site_name\" content=\"La Gu\u00eda de Pamplona\" \/>\n<meta property=\"article:publisher\" content=\"https:\/\/www.facebook.com\/laguiadepamplonacom-133175176762273\/?ref=hl\" \/>\n<meta property=\"article:published_time\" content=\"2023-06-30T12:13:29+00:00\" \/>\n<meta property=\"og:image\" content=\"https:\/\/www.laguiadepamplona.com\/actualidad\/wp-content\/uploads\/2023\/06\/ultreiaexterior_0.webp\" \/>\n\t<meta property=\"og:image:width\" content=\"1600\" \/>\n\t<meta property=\"og:image:height\" content=\"1200\" \/>\n\t<meta property=\"og:image:type\" content=\"image\/webp\" \/>\n<meta name=\"author\" content=\"La Gu\u00eda de Pamplona\" \/>\n<meta name=\"twitter:card\" content=\"summary_large_image\" \/>\n<meta name=\"twitter:creator\" content=\"@LaGuiadPamplona\" \/>\n<meta name=\"twitter:site\" content=\"@LaGuiadPamplona\" \/>\n<meta name=\"twitter:label1\" content=\"Escrito por\" \/>\n\t<meta name=\"twitter:data1\" content=\"La Gu\u00eda de Pamplona\" \/>\n\t<meta name=\"twitter:label2\" content=\"Tiempo de lectura\" \/>\n\t<meta name=\"twitter:data2\" content=\"5 minutos\" \/>\n<script type=\"application\/ld+json\" class=\"yoast-schema-graph\">{\"@context\":\"https:\\\/\\\/schema.org\",\"@graph\":[{\"@type\":\"Article\",\"@id\":\"https:\\\/\\\/www.laguiadepamplona.com\\\/actualidad\\\/ultreia-el-centro-municipal-de-interpretacion-del-camino-de-santiago-supera-las-2-800-atenciones-en-el-primer-semestre-y-recupera-los-niveles-previos-a-la-pandemia\\\/#article\",\"isPartOf\":{\"@id\":\"https:\\\/\\\/www.laguiadepamplona.com\\\/actualidad\\\/ultreia-el-centro-municipal-de-interpretacion-del-camino-de-santiago-supera-las-2-800-atenciones-en-el-primer-semestre-y-recupera-los-niveles-previos-a-la-pandemia\\\/\"},\"author\":{\"name\":\"La Gu\u00eda de Pamplona\",\"@id\":\"https:\\\/\\\/www.laguiadepamplona.com\\\/actualidad\\\/#\\\/schema\\\/person\\\/efe887376f0213d4657c93adc50b1fdb\"},\"headline\":\"Ultreia, el centro municipal de interpretaci\u00f3n del Camino de Santiago, supera las 2.800 atenciones en el primer semestre y recupera los niveles previos a la pandemia\",\"datePublished\":\"2023-06-30T12:13:29+00:00\",\"mainEntityOfPage\":{\"@id\":\"https:\\\/\\\/www.laguiadepamplona.com\\\/actualidad\\\/ultreia-el-centro-municipal-de-interpretacion-del-camino-de-santiago-supera-las-2-800-atenciones-en-el-primer-semestre-y-recupera-los-niveles-previos-a-la-pandemia\\\/\"},\"wordCount\":1074,\"commentCount\":0,\"publisher\":{\"@id\":\"https:\\\/\\\/www.laguiadepamplona.com\\\/actualidad\\\/#organization\"},\"image\":{\"@id\":\"https:\\\/\\\/www.laguiadepamplona.com\\\/actualidad\\\/ultreia-el-centro-municipal-de-interpretacion-del-camino-de-santiago-supera-las-2-800-atenciones-en-el-primer-semestre-y-recupera-los-niveles-previos-a-la-pandemia\\\/#primaryimage\"},\"thumbnailUrl\":\"https:\\\/\\\/www.laguiadepamplona.com\\\/actualidad\\\/wp-content\\\/uploads\\\/2023\\\/06\\\/ultreiaexterior_0.webp\",\"articleSection\":[\"Ayto Pamplona\"],\"inLanguage\":\"es\",\"potentialAction\":[{\"@type\":\"CommentAction\",\"name\":\"Comment\",\"target\":[\"https:\\\/\\\/www.laguiadepamplona.com\\\/actualidad\\\/ultreia-el-centro-municipal-de-interpretacion-del-camino-de-santiago-supera-las-2-800-atenciones-en-el-primer-semestre-y-recupera-los-niveles-previos-a-la-pandemia\\\/#respond\"]}]},{\"@type\":\"WebPage\",\"@id\":\"https:\\\/\\\/www.laguiadepamplona.com\\\/actualidad\\\/ultreia-el-centro-municipal-de-interpretacion-del-camino-de-santiago-supera-las-2-800-atenciones-en-el-primer-semestre-y-recupera-los-niveles-previos-a-la-pandemia\\\/\",\"url\":\"https:\\\/\\\/www.laguiadepamplona.com\\\/actualidad\\\/ultreia-el-centro-municipal-de-interpretacion-del-camino-de-santiago-supera-las-2-800-atenciones-en-el-primer-semestre-y-recupera-los-niveles-previos-a-la-pandemia\\\/\",\"name\":\"Ultreia, el centro municipal de interpretaci\u00f3n del Camino de Santiago, supera las 2.800 atenciones en el primer semestre y recupera los niveles previos a la pandemia\",\"isPartOf\":{\"@id\":\"https:\\\/\\\/www.laguiadepamplona.com\\\/actualidad\\\/#website\"},\"primaryImageOfPage\":{\"@id\":\"https:\\\/\\\/www.laguiadepamplona.com\\\/actualidad\\\/ultreia-el-centro-municipal-de-interpretacion-del-camino-de-santiago-supera-las-2-800-atenciones-en-el-primer-semestre-y-recupera-los-niveles-previos-a-la-pandemia\\\/#primaryimage\"},\"image\":{\"@id\":\"https:\\\/\\\/www.laguiadepamplona.com\\\/actualidad\\\/ultreia-el-centro-municipal-de-interpretacion-del-camino-de-santiago-supera-las-2-800-atenciones-en-el-primer-semestre-y-recupera-los-niveles-previos-a-la-pandemia\\\/#primaryimage\"},\"thumbnailUrl\":\"https:\\\/\\\/www.laguiadepamplona.com\\\/actualidad\\\/wp-content\\\/uploads\\\/2023\\\/06\\\/ultreiaexterior_0.webp\",\"datePublished\":\"2023-06-30T12:13:29+00:00\",\"description\":\"El centro estrena este s\u00e1bado el horario de verano, con apertura de lunes a s\u00e1bado en horario de ma\u00f1ana y tarde y los domingos de ma\u00f1ana\",\"breadcrumb\":{\"@id\":\"https:\\\/\\\/www.laguiadepamplona.com\\\/actualidad\\\/ultreia-el-centro-municipal-de-interpretacion-del-camino-de-santiago-supera-las-2-800-atenciones-en-el-primer-semestre-y-recupera-los-niveles-previos-a-la-pandemia\\\/#breadcrumb\"},\"inLanguage\":\"es\",\"potentialAction\":[{\"@type\":\"ReadAction\",\"target\":[\"https:\\\/\\\/www.laguiadepamplona.com\\\/actualidad\\\/ultreia-el-centro-municipal-de-interpretacion-del-camino-de-santiago-supera-las-2-800-atenciones-en-el-primer-semestre-y-recupera-los-niveles-previos-a-la-pandemia\\\/\"]}]},{\"@type\":\"ImageObject\",\"inLanguage\":\"es\",\"@id\":\"https:\\\/\\\/www.laguiadepamplona.com\\\/actualidad\\\/ultreia-el-centro-municipal-de-interpretacion-del-camino-de-santiago-supera-las-2-800-atenciones-en-el-primer-semestre-y-recupera-los-niveles-previos-a-la-pandemia\\\/#primaryimage\",\"url\":\"https:\\\/\\\/www.laguiadepamplona.com\\\/actualidad\\\/wp-content\\\/uploads\\\/2023\\\/06\\\/ultreiaexterior_0.webp\",\"contentUrl\":\"https:\\\/\\\/www.laguiadepamplona.com\\\/actualidad\\\/wp-content\\\/uploads\\\/2023\\\/06\\\/ultreiaexterior_0.webp\",\"width\":1600,\"height\":1200,\"caption\":\"ultreia\"},{\"@type\":\"BreadcrumbList\",\"@id\":\"https:\\\/\\\/www.laguiadepamplona.com\\\/actualidad\\\/ultreia-el-centro-municipal-de-interpretacion-del-camino-de-santiago-supera-las-2-800-atenciones-en-el-primer-semestre-y-recupera-los-niveles-previos-a-la-pandemia\\\/#breadcrumb\",\"itemListElement\":[{\"@type\":\"ListItem\",\"position\":1,\"name\":\"Portada\",\"item\":\"https:\\\/\\\/www.laguiadepamplona.com\\\/actualidad\\\/\"},{\"@type\":\"ListItem\",\"position\":2,\"name\":\"Ultreia, el centro municipal de interpretaci\u00f3n del Camino de Santiago, supera las 2.800 atenciones en el primer semestre y recupera los niveles previos a la pandemia\"}]},{\"@type\":\"WebSite\",\"@id\":\"https:\\\/\\\/www.laguiadepamplona.com\\\/actualidad\\\/#website\",\"url\":\"https:\\\/\\\/www.laguiadepamplona.com\\\/actualidad\\\/\",\"name\":\"La gu\u00eda de Pamplona\",\"description\":\"Noticias de Pamplona\",\"publisher\":{\"@id\":\"https:\\\/\\\/www.laguiadepamplona.com\\\/actualidad\\\/#organization\"},\"potentialAction\":[{\"@type\":\"SearchAction\",\"target\":{\"@type\":\"EntryPoint\",\"urlTemplate\":\"https:\\\/\\\/www.laguiadepamplona.com\\\/actualidad\\\/?s={search_term_string}\"},\"query-input\":{\"@type\":\"PropertyValueSpecification\",\"valueRequired\":true,\"valueName\":\"search_term_string\"}}],\"inLanguage\":\"es\"},{\"@type\":\"Organization\",\"@id\":\"https:\\\/\\\/www.laguiadepamplona.com\\\/actualidad\\\/#organization\",\"name\":\"La Gu\u00eda de Pamplona \\\/ Noticias\",\"url\":\"https:\\\/\\\/www.laguiadepamplona.com\\\/actualidad\\\/\",\"logo\":{\"@type\":\"ImageObject\",\"inLanguage\":\"es\",\"@id\":\"https:\\\/\\\/www.laguiadepamplona.com\\\/actualidad\\\/#\\\/schema\\\/logo\\\/image\\\/\",\"url\":\"https:\\\/\\\/www.laguiadepamplona.com\\\/actualidad\\\/wp-content\\\/uploads\\\/2018\\\/11\\\/logo-laguiadepamplona18-web1.png\",\"contentUrl\":\"https:\\\/\\\/www.laguiadepamplona.com\\\/actualidad\\\/wp-content\\\/uploads\\\/2018\\\/11\\\/logo-laguiadepamplona18-web1.png\",\"width\":600,\"height\":196,\"caption\":\"La Gu\u00eda de Pamplona \\\/ Noticias\"},\"image\":{\"@id\":\"https:\\\/\\\/www.laguiadepamplona.com\\\/actualidad\\\/#\\\/schema\\\/logo\\\/image\\\/\"},\"sameAs\":[\"https:\\\/\\\/www.facebook.com\\\/laguiadepamplonacom-133175176762273\\\/?ref=hl\",\"https:\\\/\\\/x.com\\\/LaGuiadPamplona\",\"https:\\\/\\\/www.instagram.com\\\/la_guia_de_pamplona\\\/\",\"https:\\\/\\\/www.youtube.com\\\/user\\\/laguiadepamplona\"]},{\"@type\":\"Person\",\"@id\":\"https:\\\/\\\/www.laguiadepamplona.com\\\/actualidad\\\/#\\\/schema\\\/person\\\/efe887376f0213d4657c93adc50b1fdb\",\"name\":\"La Gu\u00eda de Pamplona\",\"image\":{\"@type\":\"ImageObject\",\"inLanguage\":\"es\",\"@id\":\"https:\\\/\\\/secure.gravatar.com\\\/avatar\\\/b6992f131dc8d30ab0dff15446e9d346d9dbd95992de0fef795073f5ea83a81c?s=96&d=mm&r=g\",\"url\":\"https:\\\/\\\/secure.gravatar.com\\\/avatar\\\/b6992f131dc8d30ab0dff15446e9d346d9dbd95992de0fef795073f5ea83a81c?s=96&d=mm&r=g\",\"contentUrl\":\"https:\\\/\\\/secure.gravatar.com\\\/avatar\\\/b6992f131dc8d30ab0dff15446e9d346d9dbd95992de0fef795073f5ea83a81c?s=96&d=mm&r=g\",\"caption\":\"La Gu\u00eda de Pamplona\"}}]}<\/script>\n<!-- \/ Yoast SEO plugin. -->","yoast_head_json":{"title":"Ultreia, el centro municipal de interpretaci\u00f3n del Camino de Santiago, supera las 2.800 atenciones en el primer semestre y recupera los niveles previos a la pandemia","description":"El centro estrena este s\u00e1bado el horario de verano, con apertura de lunes a s\u00e1bado en horario de ma\u00f1ana y tarde y los domingos de ma\u00f1ana","robots":{"index":"index","follow":"follow","max-snippet":"max-snippet:-1","max-image-preview":"max-image-preview:large","max-video-preview":"max-video-preview:-1"},"canonical":"https:\/\/www.laguiadepamplona.com\/actualidad\/ultreia-el-centro-municipal-de-interpretacion-del-camino-de-santiago-supera-las-2-800-atenciones-en-el-primer-semestre-y-recupera-los-niveles-previos-a-la-pandemia\/","og_locale":"es_ES","og_type":"article","og_title":"Ultreia, el centro municipal de interpretaci\u00f3n del Camino de Santiago, supera las 2.800 atenciones en el primer semestre y recupera los niveles previos a la pandemia","og_description":"El centro estrena este s\u00e1bado el horario de verano, con apertura de lunes a s\u00e1bado en horario de ma\u00f1ana y tarde y los domingos de ma\u00f1ana","og_url":"https:\/\/www.laguiadepamplona.com\/actualidad\/ultreia-el-centro-municipal-de-interpretacion-del-camino-de-santiago-supera-las-2-800-atenciones-en-el-primer-semestre-y-recupera-los-niveles-previos-a-la-pandemia\/","og_site_name":"La Gu\u00eda de Pamplona","article_publisher":"https:\/\/www.facebook.com\/laguiadepamplonacom-133175176762273\/?ref=hl","article_published_time":"2023-06-30T12:13:29+00:00","og_image":[{"width":1600,"height":1200,"url":"https:\/\/www.laguiadepamplona.com\/actualidad\/wp-content\/uploads\/2023\/06\/ultreiaexterior_0.webp","type":"image\/webp"}],"author":"La Gu\u00eda de Pamplona","twitter_card":"summary_large_image","twitter_creator":"@LaGuiadPamplona","twitter_site":"@LaGuiadPamplona","twitter_misc":{"Escrito por":"La Gu\u00eda de Pamplona","Tiempo de lectura":"5 minutos"},"schema":{"@context":"https:\/\/schema.org","@graph":[{"@type":"Article","@id":"https:\/\/www.laguiadepamplona.com\/actualidad\/ultreia-el-centro-municipal-de-interpretacion-del-camino-de-santiago-supera-las-2-800-atenciones-en-el-primer-semestre-y-recupera-los-niveles-previos-a-la-pandemia\/#article","isPartOf":{"@id":"https:\/\/www.laguiadepamplona.com\/actualidad\/ultreia-el-centro-municipal-de-interpretacion-del-camino-de-santiago-supera-las-2-800-atenciones-en-el-primer-semestre-y-recupera-los-niveles-previos-a-la-pandemia\/"},"author":{"name":"La Gu\u00eda de Pamplona","@id":"https:\/\/www.laguiadepamplona.com\/actualidad\/#\/schema\/person\/efe887376f0213d4657c93adc50b1fdb"},"headline":"Ultreia, el centro municipal de interpretaci\u00f3n del Camino de Santiago, supera las 2.800 atenciones en el primer semestre y recupera los niveles previos a la pandemia","datePublished":"2023-06-30T12:13:29+00:00","mainEntityOfPage":{"@id":"https:\/\/www.laguiadepamplona.com\/actualidad\/ultreia-el-centro-municipal-de-interpretacion-del-camino-de-santiago-supera-las-2-800-atenciones-en-el-primer-semestre-y-recupera-los-niveles-previos-a-la-pandemia\/"},"wordCount":1074,"commentCount":0,"publisher":{"@id":"https:\/\/www.laguiadepamplona.com\/actualidad\/#organization"},"image":{"@id":"https:\/\/www.laguiadepamplona.com\/actualidad\/ultreia-el-centro-municipal-de-interpretacion-del-camino-de-santiago-supera-las-2-800-atenciones-en-el-primer-semestre-y-recupera-los-niveles-previos-a-la-pandemia\/#primaryimage"},"thumbnailUrl":"https:\/\/www.laguiadepamplona.com\/actualidad\/wp-content\/uploads\/2023\/06\/ultreiaexterior_0.webp","articleSection":["Ayto Pamplona"],"inLanguage":"es","potentialAction":[{"@type":"CommentAction","name":"Comment","target":["https:\/\/www.laguiadepamplona.com\/actualidad\/ultreia-el-centro-municipal-de-interpretacion-del-camino-de-santiago-supera-las-2-800-atenciones-en-el-primer-semestre-y-recupera-los-niveles-previos-a-la-pandemia\/#respond"]}]},{"@type":"WebPage","@id":"https:\/\/www.laguiadepamplona.com\/actualidad\/ultreia-el-centro-municipal-de-interpretacion-del-camino-de-santiago-supera-las-2-800-atenciones-en-el-primer-semestre-y-recupera-los-niveles-previos-a-la-pandemia\/","url":"https:\/\/www.laguiadepamplona.com\/actualidad\/ultreia-el-centro-municipal-de-interpretacion-del-camino-de-santiago-supera-las-2-800-atenciones-en-el-primer-semestre-y-recupera-los-niveles-previos-a-la-pandemia\/","name":"Ultreia, el centro municipal de interpretaci\u00f3n del Camino de Santiago, supera las 2.800 atenciones en el primer semestre y recupera los niveles previos a la pandemia","isPartOf":{"@id":"https:\/\/www.laguiadepamplona.com\/actualidad\/#website"},"primaryImageOfPage":{"@id":"https:\/\/www.laguiadepamplona.com\/actualidad\/ultreia-el-centro-municipal-de-interpretacion-del-camino-de-santiago-supera-las-2-800-atenciones-en-el-primer-semestre-y-recupera-los-niveles-previos-a-la-pandemia\/#primaryimage"},"image":{"@id":"https:\/\/www.laguiadepamplona.com\/actualidad\/ultreia-el-centro-municipal-de-interpretacion-del-camino-de-santiago-supera-las-2-800-atenciones-en-el-primer-semestre-y-recupera-los-niveles-previos-a-la-pandemia\/#primaryimage"},"thumbnailUrl":"https:\/\/www.laguiadepamplona.com\/actualidad\/wp-content\/uploads\/2023\/06\/ultreiaexterior_0.webp","datePublished":"2023-06-30T12:13:29+00:00","description":"El centro estrena este s\u00e1bado el horario de verano, con apertura de lunes a s\u00e1bado en horario de ma\u00f1ana y tarde y los domingos de ma\u00f1ana","breadcrumb":{"@id":"https:\/\/www.laguiadepamplona.com\/actualidad\/ultreia-el-centro-municipal-de-interpretacion-del-camino-de-santiago-supera-las-2-800-atenciones-en-el-primer-semestre-y-recupera-los-niveles-previos-a-la-pandemia\/#breadcrumb"},"inLanguage":"es","potentialAction":[{"@type":"ReadAction","target":["https:\/\/www.laguiadepamplona.com\/actualidad\/ultreia-el-centro-municipal-de-interpretacion-del-camino-de-santiago-supera-las-2-800-atenciones-en-el-primer-semestre-y-recupera-los-niveles-previos-a-la-pandemia\/"]}]},{"@type":"ImageObject","inLanguage":"es","@id":"https:\/\/www.laguiadepamplona.com\/actualidad\/ultreia-el-centro-municipal-de-interpretacion-del-camino-de-santiago-supera-las-2-800-atenciones-en-el-primer-semestre-y-recupera-los-niveles-previos-a-la-pandemia\/#primaryimage","url":"https:\/\/www.laguiadepamplona.com\/actualidad\/wp-content\/uploads\/2023\/06\/ultreiaexterior_0.webp","contentUrl":"https:\/\/www.laguiadepamplona.com\/actualidad\/wp-content\/uploads\/2023\/06\/ultreiaexterior_0.webp","width":1600,"height":1200,"caption":"ultreia"},{"@type":"BreadcrumbList","@id":"https:\/\/www.laguiadepamplona.com\/actualidad\/ultreia-el-centro-municipal-de-interpretacion-del-camino-de-santiago-supera-las-2-800-atenciones-en-el-primer-semestre-y-recupera-los-niveles-previos-a-la-pandemia\/#breadcrumb","itemListElement":[{"@type":"ListItem","position":1,"name":"Portada","item":"https:\/\/www.laguiadepamplona.com\/actualidad\/"},{"@type":"ListItem","position":2,"name":"Ultreia, el centro municipal de interpretaci\u00f3n del Camino de Santiago, supera las 2.800 atenciones en el primer semestre y recupera los niveles previos a la pandemia"}]},{"@type":"WebSite","@id":"https:\/\/www.laguiadepamplona.com\/actualidad\/#website","url":"https:\/\/www.laguiadepamplona.com\/actualidad\/","name":"La gu\u00eda de Pamplona","description":"Noticias de Pamplona","publisher":{"@id":"https:\/\/www.laguiadepamplona.com\/actualidad\/#organization"},"potentialAction":[{"@type":"SearchAction","target":{"@type":"EntryPoint","urlTemplate":"https:\/\/www.laguiadepamplona.com\/actualidad\/?s={search_term_string}"},"query-input":{"@type":"PropertyValueSpecification","valueRequired":true,"valueName":"search_term_string"}}],"inLanguage":"es"},{"@type":"Organization","@id":"https:\/\/www.laguiadepamplona.com\/actualidad\/#organization","name":"La Gu\u00eda de Pamplona \/ Noticias","url":"https:\/\/www.laguiadepamplona.com\/actualidad\/","logo":{"@type":"ImageObject","inLanguage":"es","@id":"https:\/\/www.laguiadepamplona.com\/actualidad\/#\/schema\/logo\/image\/","url":"https:\/\/www.laguiadepamplona.com\/actualidad\/wp-content\/uploads\/2018\/11\/logo-laguiadepamplona18-web1.png","contentUrl":"https:\/\/www.laguiadepamplona.com\/actualidad\/wp-content\/uploads\/2018\/11\/logo-laguiadepamplona18-web1.png","width":600,"height":196,"caption":"La Gu\u00eda de Pamplona \/ Noticias"},"image":{"@id":"https:\/\/www.laguiadepamplona.com\/actualidad\/#\/schema\/logo\/image\/"},"sameAs":["https:\/\/www.facebook.com\/laguiadepamplonacom-133175176762273\/?ref=hl","https:\/\/x.com\/LaGuiadPamplona","https:\/\/www.instagram.com\/la_guia_de_pamplona\/","https:\/\/www.youtube.com\/user\/laguiadepamplona"]},{"@type":"Person","@id":"https:\/\/www.laguiadepamplona.com\/actualidad\/#\/schema\/person\/efe887376f0213d4657c93adc50b1fdb","name":"La Gu\u00eda de Pamplona","image":{"@type":"ImageObject","inLanguage":"es","@id":"https:\/\/secure.gravatar.com\/avatar\/b6992f131dc8d30ab0dff15446e9d346d9dbd95992de0fef795073f5ea83a81c?s=96&d=mm&r=g","url":"https:\/\/secure.gravatar.com\/avatar\/b6992f131dc8d30ab0dff15446e9d346d9dbd95992de0fef795073f5ea83a81c?s=96&d=mm&r=g","contentUrl":"https:\/\/secure.gravatar.com\/avatar\/b6992f131dc8d30ab0dff15446e9d346d9dbd95992de0fef795073f5ea83a81c?s=96&d=mm&r=g","caption":"La Gu\u00eda de Pamplona"}}]}},"post_mailing_queue_ids":[],"_links":{"self":[{"href":"https:\/\/www.laguiadepamplona.com\/actualidad\/wp-json\/wp\/v2\/posts\/47216","targetHints":{"allow":["GET"]}}],"collection":[{"href":"https:\/\/www.laguiadepamplona.com\/actualidad\/wp-json\/wp\/v2\/posts"}],"about":[{"href":"https:\/\/www.laguiadepamplona.com\/actualidad\/wp-json\/wp\/v2\/types\/post"}],"author":[{"embeddable":true,"href":"https:\/\/www.laguiadepamplona.com\/actualidad\/wp-json\/wp\/v2\/users\/1"}],"replies":[{"embeddable":true,"href":"https:\/\/www.laguiadepamplona.com\/actualidad\/wp-json\/wp\/v2\/comments?post=47216"}],"version-history":[{"count":1,"href":"https:\/\/www.laguiadepamplona.com\/actualidad\/wp-json\/wp\/v2\/posts\/47216\/revisions"}],"predecessor-version":[{"id":47218,"href":"https:\/\/www.laguiadepamplona.com\/actualidad\/wp-json\/wp\/v2\/posts\/47216\/revisions\/47218"}],"wp:featuredmedia":[{"embeddable":true,"href":"https:\/\/www.laguiadepamplona.com\/actualidad\/wp-json\/wp\/v2\/media\/47217"}],"wp:attachment":[{"href":"https:\/\/www.laguiadepamplona.com\/actualidad\/wp-json\/wp\/v2\/media?parent=47216"}],"wp:term":[{"taxonomy":"category","embeddable":true,"href":"https:\/\/www.laguiadepamplona.com\/actualidad\/wp-json\/wp\/v2\/categories?post=47216"},{"taxonomy":"post_tag","embeddable":true,"href":"https:\/\/www.laguiadepamplona.com\/actualidad\/wp-json\/wp\/v2\/tags?post=47216"}],"curies":[{"name":"wp","href":"https:\/\/api.w.org\/{rel}","templated":true}]}}