{"id":47213,"date":"2023-06-30T14:11:57","date_gmt":"2023-06-30T12:11:57","guid":{"rendered":"https:\/\/www.laguiadepamplona.com\/actualidad\/?p=47213"},"modified":"2023-06-30T14:11:57","modified_gmt":"2023-06-30T12:11:57","slug":"san-fermin-2023-tambien-se-celebra-en-los-cupones-de-la-once","status":"publish","type":"post","link":"https:\/\/www.laguiadepamplona.com\/actualidad\/san-fermin-2023-tambien-se-celebra-en-los-cupones-de-la-once\/","title":{"rendered":"San Ferm\u00edn 2023 tambi\u00e9n se celebra en los cupones de la ONCE"},"content":{"rendered":"<h2>Una imagen del santo protagonizar\u00e1 5 millones de cupones en el sorteo del 6 de julio y desde hoy la ciudadan\u00eda dispondr\u00e1 del programa oficial en braille<\/h2>\n<p><!--more--><\/p>\n<p>Esta ma\u00f1ana la alcaldesa de Pamplona, Cristina Ibarrola, ha recibido un ejemplar del cup\u00f3n de la ONCE que se sortear\u00e1 el pr\u00f3ximo 6 de julio en toda Espa\u00f1a. Se lo han entregado Valent\u00edn Fort\u00fan Arriezu, delegado territorial, y M\u00aa Pilar Herrero Jim\u00e9nez, presidenta del consejo territorial de esta entidad en Navarra. La Organizaci\u00f3n Nacional de Ciegos de Espa\u00f1a pondr\u00e1 5 millones de boletos en circulaci\u00f3n para su sorteo que, en esa fecha, estar\u00e1n dedicados a las Fiestas de San Ferm\u00edn 2023 con una imagen representativa de esta cita internacional, recogiendo la imagen del santo que le presta su nombre: San Ferm\u00edn.<br \/>\n<script async src=\"\/\/pagead2.googlesyndication.com\/pagead\/js\/adsbygoogle.js\"><\/script><br \/>\n<!-- Noticias La Guia de Pamplona --><br \/>\n<ins class=\"adsbygoogle\"\nstyle=\"display:block\"\ndata-ad-client=\"ca-pub-6943679897239327\"\ndata-ad-slot=\"7048180777\"\ndata-ad-format=\"auto\"><\/ins><br \/>\n<script>\n(adsbygoogle = window.adsbygoogle || []).push({});\n<\/script><\/p>\n<p>En ese mismo encuentro, la ONCE ha entregado al Ayuntamiento de un ejemplar del programa oficial de fiestas realizado en braille, tanto en versi\u00f3n castellano, como en euskera. Ambos elementos estar\u00e1n, como siempre, a disposici\u00f3n de la ciudadan\u00eda en el Zagu\u00e1n de la Casa Consistorial, desde hoy 30 de junio, hasta el d\u00eda 14 de julio. El programa en braille tambi\u00e9n estar\u00e1 a disposici\u00f3n para consulta en la entrada de la sede de la ONCE, en la calle Aralar, 3. Adem\u00e1s, los \u201cbraillistas\u201d que lo soliciten en el mail <a href=\"mailto:oncenavarra@once.es\">oncenavarra@once.es<\/a> tambi\u00e9n podr\u00e1n obtener un ejemplar de forma gratuita para uso personal.<\/p>\n<p>La escritura del programa oficial en lenguaje braille es una iniciativa de accesibilidad universal, en este caso para personas con dificultades visuales, que el Consistorio y la ONCE realizan en colaboraci\u00f3n desde el a\u00f1o 2009.<\/p>\n<p>El Cup\u00f3n Diario de la ONCE pone en juego cada d\u00eda al recio de 2 euros un gran premio de 500.000 euros al n\u00famero m\u00e1s la serie, y 49 premios de 35.000 euros a las cinco cifras del n\u00famero premiado con independencia de la numeraci\u00f3n de serie, adem\u00e1s de otros premios menores. 19.000 vendedores y vendedoras de la ONCE, 170 de ellos en Navarra, comercializan los cupones que tambi\u00e9n se pueden adquirir desde <a href=\"http:\/\/www.juegosonce.es\" target=\"_blank\" rel=\"noopener\">www.juegosonce.es<\/a>, y en establecimientos colaboradores autorizados.<\/p>\n","protected":false},"excerpt":{"rendered":"<p>Una imagen del santo protagonizar\u00e1 5 millones de cupones en el sorteo del 6 de julio y desde hoy la ciudadan\u00eda dispondr\u00e1 del programa oficial en braille<\/p>\n","protected":false},"author":1,"featured_media":47214,"comment_status":"open","ping_status":"closed","sticky":false,"template":"","format":"standard","meta":{"footnotes":""},"categories":[2,9406],"tags":[],"class_list":["post-47213","post","type-post","status-publish","format-standard","has-post-thumbnail","hentry","category-ayuntamiento-pamplona","category-san-fermin"],"yoast_head":"<!-- This site is optimized with the Yoast SEO plugin v27.3 - https:\/\/yoast.com\/product\/yoast-seo-wordpress\/ -->\n<title>San Ferm\u00edn 2023 tambi\u00e9n se celebra en los cupones de la ONCE<\/title>\n<meta name=\"description\" content=\"Una imagen del santo protagonizar\u00e1 5 millones de cupones en el sorteo del 6 de julio y desde hoy la ciudadan\u00eda dispondr\u00e1 del programa oficial en braille\" \/>\n<meta name=\"robots\" content=\"index, follow, max-snippet:-1, max-image-preview:large, max-video-preview:-1\" \/>\n<link rel=\"canonical\" href=\"https:\/\/www.laguiadepamplona.com\/actualidad\/san-fermin-2023-tambien-se-celebra-en-los-cupones-de-la-once\/\" \/>\n<meta property=\"og:locale\" content=\"es_ES\" \/>\n<meta property=\"og:type\" content=\"article\" \/>\n<meta property=\"og:title\" content=\"San Ferm\u00edn 2023 tambi\u00e9n se celebra en los cupones de la ONCE\" \/>\n<meta property=\"og:description\" content=\"Una imagen del santo protagonizar\u00e1 5 millones de cupones en el sorteo del 6 de julio y desde hoy la ciudadan\u00eda dispondr\u00e1 del programa oficial en braille\" \/>\n<meta property=\"og:url\" content=\"https:\/\/www.laguiadepamplona.com\/actualidad\/san-fermin-2023-tambien-se-celebra-en-los-cupones-de-la-once\/\" \/>\n<meta property=\"og:site_name\" content=\"La Gu\u00eda de Pamplona\" \/>\n<meta property=\"article:publisher\" content=\"https:\/\/www.facebook.com\/laguiadepamplonacom-133175176762273\/?ref=hl\" \/>\n<meta property=\"article:published_time\" content=\"2023-06-30T12:11:57+00:00\" \/>\n<meta property=\"og:image\" content=\"https:\/\/www.laguiadepamplona.com\/actualidad\/wp-content\/uploads\/2023\/06\/cupondedicadoasanfermin.webp\" \/>\n\t<meta property=\"og:image:width\" content=\"1240\" \/>\n\t<meta property=\"og:image:height\" content=\"720\" \/>\n\t<meta property=\"og:image:type\" content=\"image\/webp\" \/>\n<meta name=\"author\" content=\"La Gu\u00eda de Pamplona\" \/>\n<meta name=\"twitter:card\" content=\"summary_large_image\" \/>\n<meta name=\"twitter:creator\" content=\"@LaGuiadPamplona\" \/>\n<meta name=\"twitter:site\" content=\"@LaGuiadPamplona\" \/>\n<meta name=\"twitter:label1\" content=\"Escrito por\" \/>\n\t<meta name=\"twitter:data1\" content=\"La Gu\u00eda de Pamplona\" \/>\n\t<meta name=\"twitter:label2\" content=\"Tiempo de lectura\" \/>\n\t<meta name=\"twitter:data2\" content=\"2 minutos\" \/>\n<script type=\"application\/ld+json\" class=\"yoast-schema-graph\">{\"@context\":\"https:\\\/\\\/schema.org\",\"@graph\":[{\"@type\":\"Article\",\"@id\":\"https:\\\/\\\/www.laguiadepamplona.com\\\/actualidad\\\/san-fermin-2023-tambien-se-celebra-en-los-cupones-de-la-once\\\/#article\",\"isPartOf\":{\"@id\":\"https:\\\/\\\/www.laguiadepamplona.com\\\/actualidad\\\/san-fermin-2023-tambien-se-celebra-en-los-cupones-de-la-once\\\/\"},\"author\":{\"name\":\"La Gu\u00eda de Pamplona\",\"@id\":\"https:\\\/\\\/www.laguiadepamplona.com\\\/actualidad\\\/#\\\/schema\\\/person\\\/efe887376f0213d4657c93adc50b1fdb\"},\"headline\":\"San Ferm\u00edn 2023 tambi\u00e9n se celebra en los cupones de la ONCE\",\"datePublished\":\"2023-06-30T12:11:57+00:00\",\"mainEntityOfPage\":{\"@id\":\"https:\\\/\\\/www.laguiadepamplona.com\\\/actualidad\\\/san-fermin-2023-tambien-se-celebra-en-los-cupones-de-la-once\\\/\"},\"wordCount\":380,\"commentCount\":0,\"publisher\":{\"@id\":\"https:\\\/\\\/www.laguiadepamplona.com\\\/actualidad\\\/#organization\"},\"image\":{\"@id\":\"https:\\\/\\\/www.laguiadepamplona.com\\\/actualidad\\\/san-fermin-2023-tambien-se-celebra-en-los-cupones-de-la-once\\\/#primaryimage\"},\"thumbnailUrl\":\"https:\\\/\\\/www.laguiadepamplona.com\\\/actualidad\\\/wp-content\\\/uploads\\\/2023\\\/06\\\/cupondedicadoasanfermin.webp\",\"articleSection\":[\"Ayto Pamplona\",\"San Ferm\u00edn\"],\"inLanguage\":\"es\",\"potentialAction\":[{\"@type\":\"CommentAction\",\"name\":\"Comment\",\"target\":[\"https:\\\/\\\/www.laguiadepamplona.com\\\/actualidad\\\/san-fermin-2023-tambien-se-celebra-en-los-cupones-de-la-once\\\/#respond\"]}]},{\"@type\":\"WebPage\",\"@id\":\"https:\\\/\\\/www.laguiadepamplona.com\\\/actualidad\\\/san-fermin-2023-tambien-se-celebra-en-los-cupones-de-la-once\\\/\",\"url\":\"https:\\\/\\\/www.laguiadepamplona.com\\\/actualidad\\\/san-fermin-2023-tambien-se-celebra-en-los-cupones-de-la-once\\\/\",\"name\":\"San Ferm\u00edn 2023 tambi\u00e9n se celebra en los cupones de la ONCE\",\"isPartOf\":{\"@id\":\"https:\\\/\\\/www.laguiadepamplona.com\\\/actualidad\\\/#website\"},\"primaryImageOfPage\":{\"@id\":\"https:\\\/\\\/www.laguiadepamplona.com\\\/actualidad\\\/san-fermin-2023-tambien-se-celebra-en-los-cupones-de-la-once\\\/#primaryimage\"},\"image\":{\"@id\":\"https:\\\/\\\/www.laguiadepamplona.com\\\/actualidad\\\/san-fermin-2023-tambien-se-celebra-en-los-cupones-de-la-once\\\/#primaryimage\"},\"thumbnailUrl\":\"https:\\\/\\\/www.laguiadepamplona.com\\\/actualidad\\\/wp-content\\\/uploads\\\/2023\\\/06\\\/cupondedicadoasanfermin.webp\",\"datePublished\":\"2023-06-30T12:11:57+00:00\",\"description\":\"Una imagen del santo protagonizar\u00e1 5 millones de cupones en el sorteo del 6 de julio y desde hoy la ciudadan\u00eda dispondr\u00e1 del programa oficial en braille\",\"breadcrumb\":{\"@id\":\"https:\\\/\\\/www.laguiadepamplona.com\\\/actualidad\\\/san-fermin-2023-tambien-se-celebra-en-los-cupones-de-la-once\\\/#breadcrumb\"},\"inLanguage\":\"es\",\"potentialAction\":[{\"@type\":\"ReadAction\",\"target\":[\"https:\\\/\\\/www.laguiadepamplona.com\\\/actualidad\\\/san-fermin-2023-tambien-se-celebra-en-los-cupones-de-la-once\\\/\"]}]},{\"@type\":\"ImageObject\",\"inLanguage\":\"es\",\"@id\":\"https:\\\/\\\/www.laguiadepamplona.com\\\/actualidad\\\/san-fermin-2023-tambien-se-celebra-en-los-cupones-de-la-once\\\/#primaryimage\",\"url\":\"https:\\\/\\\/www.laguiadepamplona.com\\\/actualidad\\\/wp-content\\\/uploads\\\/2023\\\/06\\\/cupondedicadoasanfermin.webp\",\"contentUrl\":\"https:\\\/\\\/www.laguiadepamplona.com\\\/actualidad\\\/wp-content\\\/uploads\\\/2023\\\/06\\\/cupondedicadoasanfermin.webp\",\"width\":1240,\"height\":720,\"caption\":\"cup\u00f3n once\"},{\"@type\":\"BreadcrumbList\",\"@id\":\"https:\\\/\\\/www.laguiadepamplona.com\\\/actualidad\\\/san-fermin-2023-tambien-se-celebra-en-los-cupones-de-la-once\\\/#breadcrumb\",\"itemListElement\":[{\"@type\":\"ListItem\",\"position\":1,\"name\":\"Portada\",\"item\":\"https:\\\/\\\/www.laguiadepamplona.com\\\/actualidad\\\/\"},{\"@type\":\"ListItem\",\"position\":2,\"name\":\"San Ferm\u00edn 2023 tambi\u00e9n se celebra en los cupones de la ONCE\"}]},{\"@type\":\"WebSite\",\"@id\":\"https:\\\/\\\/www.laguiadepamplona.com\\\/actualidad\\\/#website\",\"url\":\"https:\\\/\\\/www.laguiadepamplona.com\\\/actualidad\\\/\",\"name\":\"La gu\u00eda de Pamplona\",\"description\":\"Noticias de Pamplona\",\"publisher\":{\"@id\":\"https:\\\/\\\/www.laguiadepamplona.com\\\/actualidad\\\/#organization\"},\"potentialAction\":[{\"@type\":\"SearchAction\",\"target\":{\"@type\":\"EntryPoint\",\"urlTemplate\":\"https:\\\/\\\/www.laguiadepamplona.com\\\/actualidad\\\/?s={search_term_string}\"},\"query-input\":{\"@type\":\"PropertyValueSpecification\",\"valueRequired\":true,\"valueName\":\"search_term_string\"}}],\"inLanguage\":\"es\"},{\"@type\":\"Organization\",\"@id\":\"https:\\\/\\\/www.laguiadepamplona.com\\\/actualidad\\\/#organization\",\"name\":\"La Gu\u00eda de Pamplona \\\/ Noticias\",\"url\":\"https:\\\/\\\/www.laguiadepamplona.com\\\/actualidad\\\/\",\"logo\":{\"@type\":\"ImageObject\",\"inLanguage\":\"es\",\"@id\":\"https:\\\/\\\/www.laguiadepamplona.com\\\/actualidad\\\/#\\\/schema\\\/logo\\\/image\\\/\",\"url\":\"https:\\\/\\\/www.laguiadepamplona.com\\\/actualidad\\\/wp-content\\\/uploads\\\/2018\\\/11\\\/logo-laguiadepamplona18-web1.png\",\"contentUrl\":\"https:\\\/\\\/www.laguiadepamplona.com\\\/actualidad\\\/wp-content\\\/uploads\\\/2018\\\/11\\\/logo-laguiadepamplona18-web1.png\",\"width\":600,\"height\":196,\"caption\":\"La Gu\u00eda de Pamplona \\\/ Noticias\"},\"image\":{\"@id\":\"https:\\\/\\\/www.laguiadepamplona.com\\\/actualidad\\\/#\\\/schema\\\/logo\\\/image\\\/\"},\"sameAs\":[\"https:\\\/\\\/www.facebook.com\\\/laguiadepamplonacom-133175176762273\\\/?ref=hl\",\"https:\\\/\\\/x.com\\\/LaGuiadPamplona\",\"https:\\\/\\\/www.instagram.com\\\/la_guia_de_pamplona\\\/\",\"https:\\\/\\\/www.youtube.com\\\/user\\\/laguiadepamplona\"]},{\"@type\":\"Person\",\"@id\":\"https:\\\/\\\/www.laguiadepamplona.com\\\/actualidad\\\/#\\\/schema\\\/person\\\/efe887376f0213d4657c93adc50b1fdb\",\"name\":\"La Gu\u00eda de Pamplona\",\"image\":{\"@type\":\"ImageObject\",\"inLanguage\":\"es\",\"@id\":\"https:\\\/\\\/secure.gravatar.com\\\/avatar\\\/b6992f131dc8d30ab0dff15446e9d346d9dbd95992de0fef795073f5ea83a81c?s=96&d=mm&r=g\",\"url\":\"https:\\\/\\\/secure.gravatar.com\\\/avatar\\\/b6992f131dc8d30ab0dff15446e9d346d9dbd95992de0fef795073f5ea83a81c?s=96&d=mm&r=g\",\"contentUrl\":\"https:\\\/\\\/secure.gravatar.com\\\/avatar\\\/b6992f131dc8d30ab0dff15446e9d346d9dbd95992de0fef795073f5ea83a81c?s=96&d=mm&r=g\",\"caption\":\"La Gu\u00eda de Pamplona\"}}]}<\/script>\n<!-- \/ Yoast SEO plugin. -->","yoast_head_json":{"title":"San Ferm\u00edn 2023 tambi\u00e9n se celebra en los cupones de la ONCE","description":"Una imagen del santo protagonizar\u00e1 5 millones de cupones en el sorteo del 6 de julio y desde hoy la ciudadan\u00eda dispondr\u00e1 del programa oficial en braille","robots":{"index":"index","follow":"follow","max-snippet":"max-snippet:-1","max-image-preview":"max-image-preview:large","max-video-preview":"max-video-preview:-1"},"canonical":"https:\/\/www.laguiadepamplona.com\/actualidad\/san-fermin-2023-tambien-se-celebra-en-los-cupones-de-la-once\/","og_locale":"es_ES","og_type":"article","og_title":"San Ferm\u00edn 2023 tambi\u00e9n se celebra en los cupones de la ONCE","og_description":"Una imagen del santo protagonizar\u00e1 5 millones de cupones en el sorteo del 6 de julio y desde hoy la ciudadan\u00eda dispondr\u00e1 del programa oficial en braille","og_url":"https:\/\/www.laguiadepamplona.com\/actualidad\/san-fermin-2023-tambien-se-celebra-en-los-cupones-de-la-once\/","og_site_name":"La Gu\u00eda de Pamplona","article_publisher":"https:\/\/www.facebook.com\/laguiadepamplonacom-133175176762273\/?ref=hl","article_published_time":"2023-06-30T12:11:57+00:00","og_image":[{"width":1240,"height":720,"url":"https:\/\/www.laguiadepamplona.com\/actualidad\/wp-content\/uploads\/2023\/06\/cupondedicadoasanfermin.webp","type":"image\/webp"}],"author":"La Gu\u00eda de Pamplona","twitter_card":"summary_large_image","twitter_creator":"@LaGuiadPamplona","twitter_site":"@LaGuiadPamplona","twitter_misc":{"Escrito por":"La Gu\u00eda de Pamplona","Tiempo de lectura":"2 minutos"},"schema":{"@context":"https:\/\/schema.org","@graph":[{"@type":"Article","@id":"https:\/\/www.laguiadepamplona.com\/actualidad\/san-fermin-2023-tambien-se-celebra-en-los-cupones-de-la-once\/#article","isPartOf":{"@id":"https:\/\/www.laguiadepamplona.com\/actualidad\/san-fermin-2023-tambien-se-celebra-en-los-cupones-de-la-once\/"},"author":{"name":"La Gu\u00eda de Pamplona","@id":"https:\/\/www.laguiadepamplona.com\/actualidad\/#\/schema\/person\/efe887376f0213d4657c93adc50b1fdb"},"headline":"San Ferm\u00edn 2023 tambi\u00e9n se celebra en los cupones de la ONCE","datePublished":"2023-06-30T12:11:57+00:00","mainEntityOfPage":{"@id":"https:\/\/www.laguiadepamplona.com\/actualidad\/san-fermin-2023-tambien-se-celebra-en-los-cupones-de-la-once\/"},"wordCount":380,"commentCount":0,"publisher":{"@id":"https:\/\/www.laguiadepamplona.com\/actualidad\/#organization"},"image":{"@id":"https:\/\/www.laguiadepamplona.com\/actualidad\/san-fermin-2023-tambien-se-celebra-en-los-cupones-de-la-once\/#primaryimage"},"thumbnailUrl":"https:\/\/www.laguiadepamplona.com\/actualidad\/wp-content\/uploads\/2023\/06\/cupondedicadoasanfermin.webp","articleSection":["Ayto Pamplona","San Ferm\u00edn"],"inLanguage":"es","potentialAction":[{"@type":"CommentAction","name":"Comment","target":["https:\/\/www.laguiadepamplona.com\/actualidad\/san-fermin-2023-tambien-se-celebra-en-los-cupones-de-la-once\/#respond"]}]},{"@type":"WebPage","@id":"https:\/\/www.laguiadepamplona.com\/actualidad\/san-fermin-2023-tambien-se-celebra-en-los-cupones-de-la-once\/","url":"https:\/\/www.laguiadepamplona.com\/actualidad\/san-fermin-2023-tambien-se-celebra-en-los-cupones-de-la-once\/","name":"San Ferm\u00edn 2023 tambi\u00e9n se celebra en los cupones de la ONCE","isPartOf":{"@id":"https:\/\/www.laguiadepamplona.com\/actualidad\/#website"},"primaryImageOfPage":{"@id":"https:\/\/www.laguiadepamplona.com\/actualidad\/san-fermin-2023-tambien-se-celebra-en-los-cupones-de-la-once\/#primaryimage"},"image":{"@id":"https:\/\/www.laguiadepamplona.com\/actualidad\/san-fermin-2023-tambien-se-celebra-en-los-cupones-de-la-once\/#primaryimage"},"thumbnailUrl":"https:\/\/www.laguiadepamplona.com\/actualidad\/wp-content\/uploads\/2023\/06\/cupondedicadoasanfermin.webp","datePublished":"2023-06-30T12:11:57+00:00","description":"Una imagen del santo protagonizar\u00e1 5 millones de cupones en el sorteo del 6 de julio y desde hoy la ciudadan\u00eda dispondr\u00e1 del programa oficial en braille","breadcrumb":{"@id":"https:\/\/www.laguiadepamplona.com\/actualidad\/san-fermin-2023-tambien-se-celebra-en-los-cupones-de-la-once\/#breadcrumb"},"inLanguage":"es","potentialAction":[{"@type":"ReadAction","target":["https:\/\/www.laguiadepamplona.com\/actualidad\/san-fermin-2023-tambien-se-celebra-en-los-cupones-de-la-once\/"]}]},{"@type":"ImageObject","inLanguage":"es","@id":"https:\/\/www.laguiadepamplona.com\/actualidad\/san-fermin-2023-tambien-se-celebra-en-los-cupones-de-la-once\/#primaryimage","url":"https:\/\/www.laguiadepamplona.com\/actualidad\/wp-content\/uploads\/2023\/06\/cupondedicadoasanfermin.webp","contentUrl":"https:\/\/www.laguiadepamplona.com\/actualidad\/wp-content\/uploads\/2023\/06\/cupondedicadoasanfermin.webp","width":1240,"height":720,"caption":"cup\u00f3n once"},{"@type":"BreadcrumbList","@id":"https:\/\/www.laguiadepamplona.com\/actualidad\/san-fermin-2023-tambien-se-celebra-en-los-cupones-de-la-once\/#breadcrumb","itemListElement":[{"@type":"ListItem","position":1,"name":"Portada","item":"https:\/\/www.laguiadepamplona.com\/actualidad\/"},{"@type":"ListItem","position":2,"name":"San Ferm\u00edn 2023 tambi\u00e9n se celebra en los cupones de la ONCE"}]},{"@type":"WebSite","@id":"https:\/\/www.laguiadepamplona.com\/actualidad\/#website","url":"https:\/\/www.laguiadepamplona.com\/actualidad\/","name":"La gu\u00eda de Pamplona","description":"Noticias de Pamplona","publisher":{"@id":"https:\/\/www.laguiadepamplona.com\/actualidad\/#organization"},"potentialAction":[{"@type":"SearchAction","target":{"@type":"EntryPoint","urlTemplate":"https:\/\/www.laguiadepamplona.com\/actualidad\/?s={search_term_string}"},"query-input":{"@type":"PropertyValueSpecification","valueRequired":true,"valueName":"search_term_string"}}],"inLanguage":"es"},{"@type":"Organization","@id":"https:\/\/www.laguiadepamplona.com\/actualidad\/#organization","name":"La Gu\u00eda de Pamplona \/ Noticias","url":"https:\/\/www.laguiadepamplona.com\/actualidad\/","logo":{"@type":"ImageObject","inLanguage":"es","@id":"https:\/\/www.laguiadepamplona.com\/actualidad\/#\/schema\/logo\/image\/","url":"https:\/\/www.laguiadepamplona.com\/actualidad\/wp-content\/uploads\/2018\/11\/logo-laguiadepamplona18-web1.png","contentUrl":"https:\/\/www.laguiadepamplona.com\/actualidad\/wp-content\/uploads\/2018\/11\/logo-laguiadepamplona18-web1.png","width":600,"height":196,"caption":"La Gu\u00eda de Pamplona \/ Noticias"},"image":{"@id":"https:\/\/www.laguiadepamplona.com\/actualidad\/#\/schema\/logo\/image\/"},"sameAs":["https:\/\/www.facebook.com\/laguiadepamplonacom-133175176762273\/?ref=hl","https:\/\/x.com\/LaGuiadPamplona","https:\/\/www.instagram.com\/la_guia_de_pamplona\/","https:\/\/www.youtube.com\/user\/laguiadepamplona"]},{"@type":"Person","@id":"https:\/\/www.laguiadepamplona.com\/actualidad\/#\/schema\/person\/efe887376f0213d4657c93adc50b1fdb","name":"La Gu\u00eda de Pamplona","image":{"@type":"ImageObject","inLanguage":"es","@id":"https:\/\/secure.gravatar.com\/avatar\/b6992f131dc8d30ab0dff15446e9d346d9dbd95992de0fef795073f5ea83a81c?s=96&d=mm&r=g","url":"https:\/\/secure.gravatar.com\/avatar\/b6992f131dc8d30ab0dff15446e9d346d9dbd95992de0fef795073f5ea83a81c?s=96&d=mm&r=g","contentUrl":"https:\/\/secure.gravatar.com\/avatar\/b6992f131dc8d30ab0dff15446e9d346d9dbd95992de0fef795073f5ea83a81c?s=96&d=mm&r=g","caption":"La Gu\u00eda de Pamplona"}}]}},"post_mailing_queue_ids":[],"_links":{"self":[{"href":"https:\/\/www.laguiadepamplona.com\/actualidad\/wp-json\/wp\/v2\/posts\/47213","targetHints":{"allow":["GET"]}}],"collection":[{"href":"https:\/\/www.laguiadepamplona.com\/actualidad\/wp-json\/wp\/v2\/posts"}],"about":[{"href":"https:\/\/www.laguiadepamplona.com\/actualidad\/wp-json\/wp\/v2\/types\/post"}],"author":[{"embeddable":true,"href":"https:\/\/www.laguiadepamplona.com\/actualidad\/wp-json\/wp\/v2\/users\/1"}],"replies":[{"embeddable":true,"href":"https:\/\/www.laguiadepamplona.com\/actualidad\/wp-json\/wp\/v2\/comments?post=47213"}],"version-history":[{"count":1,"href":"https:\/\/www.laguiadepamplona.com\/actualidad\/wp-json\/wp\/v2\/posts\/47213\/revisions"}],"predecessor-version":[{"id":47215,"href":"https:\/\/www.laguiadepamplona.com\/actualidad\/wp-json\/wp\/v2\/posts\/47213\/revisions\/47215"}],"wp:featuredmedia":[{"embeddable":true,"href":"https:\/\/www.laguiadepamplona.com\/actualidad\/wp-json\/wp\/v2\/media\/47214"}],"wp:attachment":[{"href":"https:\/\/www.laguiadepamplona.com\/actualidad\/wp-json\/wp\/v2\/media?parent=47213"}],"wp:term":[{"taxonomy":"category","embeddable":true,"href":"https:\/\/www.laguiadepamplona.com\/actualidad\/wp-json\/wp\/v2\/categories?post=47213"},{"taxonomy":"post_tag","embeddable":true,"href":"https:\/\/www.laguiadepamplona.com\/actualidad\/wp-json\/wp\/v2\/tags?post=47213"}],"curies":[{"name":"wp","href":"https:\/\/api.w.org\/{rel}","templated":true}]}}