{"id":47210,"date":"2023-06-30T14:10:18","date_gmt":"2023-06-30T12:10:18","guid":{"rendered":"https:\/\/www.laguiadepamplona.com\/actualidad\/?p=47210"},"modified":"2023-06-30T14:10:18","modified_gmt":"2023-06-30T12:10:18","slug":"la-imagen-de-la-reina-del-arga-ya-esta-en-pamplona","status":"publish","type":"post","link":"https:\/\/www.laguiadepamplona.com\/actualidad\/la-imagen-de-la-reina-del-arga-ya-esta-en-pamplona\/","title":{"rendered":"La imagen de la \u2018Reina del Arga\u2019 ya est\u00e1 en Pamplona"},"content":{"rendered":"<h2>Un portfolio de Remigia Echarren, un boceto de cartel de 1913 o dise\u00f1os de abonos para los toros, algunos elementos del Archivo de los Sanfermines<\/h2>\n<p><!--more--><\/p>\n<p>Pamplona pone ya cara a Remigia Echarren Aranguren, la \u2018Reina el Arga\u2019. Y lo hace gracias a un portfolio que recientemente ha sido adquirido en Madrid mediante subasta por el coleccionista Javier Azqueta y que ha puesto a disposici\u00f3n del Archivo de los Sanfermines, dentro del proyecto \u2018Sanfermines 365\u2019. Esta fotograf\u00eda, que plasma a la artista con una larga melena rizada, en traje de espect\u00e1culo y sobre una barra, ser\u00e1 uno de los contenidos sobre la fiesta de Pamplona a los que la ciudadan\u00eda podr\u00e1 acceder en el Cuerpo de Guardia ubicado en el Portal de Rochapea.<\/p>\n<p>Echarren, la funambulista nacida en la Navarrer\u00eda que da nombre a una calle, tiene dedicado un totem informativo en las proximidades de las pasarelas del Arga, un espacio que ella salvaba en equilibrio sobre una maroma, no solo actu\u00f3 en Pamplona y no solo lo hizo en Sanfermines, pero precisamente de los Sanfermines de 1883 es una de las dos cr\u00f3nicas period\u00edsticas que existen sobre la artista, publicada en el diario pamplon\u00e9s Lau Buru. En el Archivo Municipal de la ciudad hay abundante documentaci\u00f3n sobre sus actuaciones, pero hasta ahora no exist\u00eda un documento gr\u00e1fico que identificara a esta artista de fama nacional.<br \/>\n<script async src=\"\/\/pagead2.googlesyndication.com\/pagead\/js\/adsbygoogle.js\"><\/script><br \/>\n<!-- Noticias La Guia de Pamplona --><br \/>\n<ins class=\"adsbygoogle\"\nstyle=\"display:block\"\ndata-ad-client=\"ca-pub-6943679897239327\"\ndata-ad-slot=\"7048180777\"\ndata-ad-format=\"auto\"><\/ins><br \/>\n<script>\n(adsbygoogle = window.adsbygoogle || []).push({});\n<\/script><\/p>\n<p>Azqueta, junto con el portfolio, ha puesto a disposici\u00f3n del Archivo de los Sanfermines otros objetos e im\u00e1genes, como el \u00fanico boceto que existe sobre el cartel finalista de las fiestas del a\u00f1o 1913, dibujos previos para las entradas de la plaza de toros de los a\u00f1os 50, libretos de partituras sanfermineras, etc. Esta ma\u00f1ana todos esos elementos han sido presentados p\u00fablicamente por Carlos Salvador, concejal delegado de Relaciones Ciudadanas, Participaci\u00f3n y Mayores, la t\u00e9cnica de Archivos Ana Hueso y el propio Javier Azqueta. Ente el p\u00fablico asistente se encontraba la actriz Tefi de Paz, que desde hace a\u00f1os interpreta a la funambulista sobre los escenarios.<\/p>\n<p>Desde que el Consistorio iniciara la campa\u00f1a de captaci\u00f3n de fondos para el Archivo de los Sanfermines se han ha identificado 922 elementos de archivo desde el S.XVI hasta nuestros d\u00edas y m\u00e1s de 1.500 materiales bibliogr\u00e1ficos, entre otros. Este recurso es una de las l\u00edneas de trabajo que integran \u2018San Ferm\u00edn 365\u2019, dentro del Plan de Sostenibilidad Tur\u00edstica en Destino (PSTD), en su l\u00ednea de \u2018transici\u00f3n digital\u2019. Este plan supone una propuesta de inversi\u00f3n para transformaci\u00f3n del modelo tur\u00edstico hacia la sostenibilidad con horizonte 2024. Para hacerlo realidad Pamplona ha recibido 5,5 millones de los Fondos Next Generation EU a trav\u00e9s del Plan de Recuperaci\u00f3n, Transformaci\u00f3n y Resiliencia. En la propuesta tambi\u00e9n colabora Gobierno de Navarra.<br \/>\n<script async src=\"\/\/pagead2.googlesyndication.com\/pagead\/js\/adsbygoogle.js\"><\/script><br \/>\n<!-- Noticias La Guia de Pamplona --><br \/>\n<ins class=\"adsbygoogle\"\nstyle=\"display:block\"\ndata-ad-client=\"ca-pub-6943679897239327\"\ndata-ad-slot=\"7048180777\"\ndata-ad-format=\"auto\"><\/ins><br \/>\n<script>\n(adsbygoogle = window.adsbygoogle || []).push({});\n<\/script><\/p>\n<p><strong>Cuando Echarren era Mademoiselle Agostini<\/strong><\/p>\n<p>La imagen de Remigia Echarren (1853-1921) es un gelatino-bromuro realizado en el estudio del Emilio Pliego, especializado en realizar retratos en movimiento, que plasma a la \u2018Reina del Arga\u2019 ataviada para una actuaci\u00f3n y en disposici\u00f3n de atravesar una barra haciendo equilibrios. La fotograf\u00eda se fija sobre un cart\u00f3n que a su vez va prendido en una superficie de papel de mayor dimensi\u00f3n.<\/p>\n<p><a href=\"https:\/\/www.pamplona.es\/remigia-echarren\" target=\"_blank\" rel=\"noopener\">Echarren<\/a> naci\u00f3 en el barrio de la Navarrer\u00eda el 11 de abril de 1953. Los primeros datos que existen sobre sus actuaciones, bajo el nombre art\u00edstico de Mademoiselle Agostini, datan del 12 de julio de 1882, un a\u00f1o en el que consta que actu\u00f3 durante los Sanfermines, cruzando la Plaza de Toros a trav\u00e9s de una maroma. En posteriores a\u00f1os se sucedieron sus actuaciones en fiestas por contrato del Ayuntamiento, aunque fuera de fiestas ella alquilaba la plaza para sus espect\u00e1culos.<\/p>\n<p>Al parecer el retrato es del a\u00f1o 1883, un a\u00f1o en que cruz\u00f3 el Arga a una altura de diez metros frente a la f\u00e1brica de Pinaquy; al a\u00f1o siguiente atravesaba, tambi\u00e9n en altura, la Plaza del Castillo. Actu\u00f3 tambi\u00e9n fuera de la ciudad, como en el r\u00edo Pisuerga y en la r\u00eda de Bilbao hasta que en 1892 tuvo un accidente en Ondarroa, a la edad de 39 a\u00f1os. Se precipit\u00f3 desde una altura de quince metros mientras realizaba ejercicios en una silla. Aunque volvi\u00f3 a los escenarios en 1904, su vida profesional acab\u00f3 con ese accidente. Muri\u00f3 el 9 de enero de 1921.<\/p>\n<p>El retrato completa la informaci\u00f3n que Pamplona ten\u00eda sobre Remigia Echarren y contribuye a la recuperaci\u00f3n de perfiles de mujeres diversas importantes en de la historia de la ciudad, una iniciativa que surgi\u00f3 en 2012 coordinada por el \u00e1rea de Igualdad a trav\u00e9s del grupo de trabajo Nombrar Mujeres en Pamplona, que trabaja por recuperar la presencia y visibilidad de las mujeres a la vida y la historia de Pamplona.<br \/>\n<script async src=\"\/\/pagead2.googlesyndication.com\/pagead\/js\/adsbygoogle.js\"><\/script><br \/>\n<!-- Noticias La Guia de Pamplona --><br \/>\n<ins class=\"adsbygoogle\"\nstyle=\"display:block\"\ndata-ad-client=\"ca-pub-6943679897239327\"\ndata-ad-slot=\"7048180777\"\ndata-ad-format=\"auto\"><\/ins><br \/>\n<script>\n(adsbygoogle = window.adsbygoogle || []).push({});\n<\/script><\/p>\n<p><strong>1913: \u00f3leo sobre lienzo desde Valencia<\/strong><\/p>\n<p>Javier Azqueta ha puesto m\u00e1s materiales a disposici\u00f3n del Archivo de los Sanfermines para su Difusi\u00f3n, dise\u00f1os de portadas de programas de fiestas de los a\u00f1os 50, cancioneros sanfermineros, como \u2018Aupa mozo Pamplon\u00e9s (de 1966), dise\u00f1os previos de abonos de los tendidos de sombra de la Plaza de Toros o la fotograf\u00eda original del coso que se quem\u00f3 cuando estaba siendo desmontado para ser reconstruido en su actual ubicaci\u00f3n (foto a\u00e9rea).<\/p>\n<p>Una de las piezas de mayor relevancia puesta a disposici\u00f3n municipal por el coleccionista es el boceto de uno de los dos carteles que se presentaron para las fiestas de San Ferm\u00edn de 1913. \u00d3leo sobre lienzo, de medidas aproximadas de 179&#215;1.120 mm, parece ser obra de Federico Mellado, conocido cartelista valenciano, que en 1907 hab\u00eda participado en un n\u00famero dedicado a los Sanfermines de la revista nacional \u2018Sol y sombra\u2019. La mancha de color est\u00e1 preparada con los m\u00e1rgenes propios para la impresi\u00f3n en un formato ya profesional de cartel.<\/p>\n<p>En el boceto cartel, que preside el escudo oficial, se recogen elementos de la fiesta: instrumentos musicales, un estandarte de San Fermin, caballistas ante la Plaza de Toros e h\u00edpica.<br \/>\n<script async src=\"\/\/pagead2.googlesyndication.com\/pagead\/js\/adsbygoogle.js\"><\/script><br \/>\n<!-- Noticias La Guia de Pamplona --><br \/>\n<ins class=\"adsbygoogle\"\nstyle=\"display:block\"\ndata-ad-client=\"ca-pub-6943679897239327\"\ndata-ad-slot=\"7048180777\"\ndata-ad-format=\"auto\"><\/ins><br \/>\n<script>\n(adsbygoogle = window.adsbygoogle || []).push({});\n<\/script><\/p>\n<p><strong>El Archivo de los Sanfermines<\/strong><\/p>\n<p>El Archivo de los Sanfermines, espacio f\u00edsico y virtual en el que se enmarcan los elementos hoy presentados, tiene como objetivo identificar elementos relacionados con los Sanfermines, principal se\u00f1a de identidad de la ciudad, y generar recursos que extiendan la experiencia de los Sanfermines m\u00e1s all\u00e1 de los d\u00edas de celebraci\u00f3n de la fiesta. Este proyecto est\u00e1 directamente relacionado con el futuro centro de experiencias San Ferm\u00edn en el Cuerpo de Guardia del Portal de Rochapea (Cuesta de Santo Domingo).<\/p>\n<p>Cualquier persona, entidad, organismo o instituci\u00f3n, a trav\u00e9s del espacio web <a href=\"http:\/\/www.archivosanfermines.pamplona.es\" target=\"_blank\" rel=\"noopener\">www.archivosanfermines.pamplona.es<\/a> puede colaborar aportando materiales (fotograf\u00edas, videos, canciones, objetos, recuerdos\u2026) o explicitando en el formulario <em>on line<\/em> la referencia del material del que se dispone. El recurso se enmarca dentro del proyecto Plan de Sostenibilidad Tur\u00edstica &#8211; Go Green Pamplona para transformar el modelo tur\u00edstico hacia la sostenibilidad con horizonte 2024. Para este proyecto, en el que tambi\u00e9n colabora Gobierno de Navarra, la ciudad ha recibido 5,5 millones de los Fondos Next Generation EU a trav\u00e9s del Plan de Recuperaci\u00f3n, Transformaci\u00f3n y Resiliencia. En la propuesta tambi\u00e9n colabora Gobierno de Navarra.<\/p>\n<p>El Archivo de los Sanfermines se configura como un repositorio del patrimonio cultural formado por elementos f\u00edsicos e inmateriales que permita la interpretaci\u00f3n, conocimiento y divulgaci\u00f3n hist\u00f3rica de las fiestas de San Ferm\u00edn. Ser\u00e1 un repositorio libre de derechos, aunque la propiedad de los elementos sea del propio Ayuntamiento u otras entidades p\u00fablicas o privadas. En estos momentos empresa GesArDoc \u2013Gesti\u00f3n de Archivos y Documentaci\u00f3n S.L., siempre bajo la supervisi\u00f3n del personal t\u00e9cnico municipal, ha identificado 922 elementos de archivo desde el S.XVI y m\u00e1s de 1.500 materiales bibliogr\u00e1ficos, entre otros.<\/p>\n","protected":false},"excerpt":{"rendered":"<p>Un portfolio de Remigia Echarren, un boceto de cartel de 1913 o dise\u00f1os de abonos para los toros, algunos elementos del Archivo de los Sanfermines<\/p>\n","protected":false},"author":1,"featured_media":47211,"comment_status":"open","ping_status":"closed","sticky":false,"template":"","format":"standard","meta":{"footnotes":""},"categories":[2],"tags":[],"class_list":["post-47210","post","type-post","status-publish","format-standard","has-post-thumbnail","hentry","category-ayuntamiento-pamplona"],"yoast_head":"<!-- This site is optimized with the Yoast SEO plugin v27.3 - https:\/\/yoast.com\/product\/yoast-seo-wordpress\/ -->\n<title>La imagen de la \u2018Reina del Arga\u2019 ya est\u00e1 en Pamplona<\/title>\n<meta name=\"description\" content=\"Un portfolio de Remigia Echarren, un boceto de cartel de 1913 o dise\u00f1os de abonos para los toros, algunos elementos del Archivo de los Sanfermines\" \/>\n<meta name=\"robots\" content=\"index, follow, max-snippet:-1, max-image-preview:large, max-video-preview:-1\" \/>\n<link rel=\"canonical\" href=\"https:\/\/www.laguiadepamplona.com\/actualidad\/la-imagen-de-la-reina-del-arga-ya-esta-en-pamplona\/\" \/>\n<meta property=\"og:locale\" content=\"es_ES\" \/>\n<meta property=\"og:type\" content=\"article\" \/>\n<meta property=\"og:title\" content=\"La imagen de la \u2018Reina del Arga\u2019 ya est\u00e1 en Pamplona\" \/>\n<meta property=\"og:description\" content=\"Un portfolio de Remigia Echarren, un boceto de cartel de 1913 o dise\u00f1os de abonos para los toros, algunos elementos del Archivo de los Sanfermines\" \/>\n<meta property=\"og:url\" content=\"https:\/\/www.laguiadepamplona.com\/actualidad\/la-imagen-de-la-reina-del-arga-ya-esta-en-pamplona\/\" \/>\n<meta property=\"og:site_name\" content=\"La Gu\u00eda de Pamplona\" \/>\n<meta property=\"article:publisher\" content=\"https:\/\/www.facebook.com\/laguiadepamplonacom-133175176762273\/?ref=hl\" \/>\n<meta property=\"article:published_time\" content=\"2023-06-30T12:10:18+00:00\" \/>\n<meta property=\"og:image\" content=\"https:\/\/www.laguiadepamplona.com\/actualidad\/wp-content\/uploads\/2023\/06\/20230630materialarchivomunicipalq5a1969.webp\" \/>\n\t<meta property=\"og:image:width\" content=\"1600\" \/>\n\t<meta property=\"og:image:height\" content=\"1067\" \/>\n\t<meta property=\"og:image:type\" content=\"image\/webp\" \/>\n<meta name=\"author\" content=\"La Gu\u00eda de Pamplona\" \/>\n<meta name=\"twitter:card\" content=\"summary_large_image\" \/>\n<meta name=\"twitter:creator\" content=\"@LaGuiadPamplona\" \/>\n<meta name=\"twitter:site\" content=\"@LaGuiadPamplona\" \/>\n<meta name=\"twitter:label1\" content=\"Escrito por\" \/>\n\t<meta name=\"twitter:data1\" content=\"La Gu\u00eda de Pamplona\" \/>\n\t<meta name=\"twitter:label2\" content=\"Tiempo de lectura\" \/>\n\t<meta name=\"twitter:data2\" content=\"6 minutos\" \/>\n<script type=\"application\/ld+json\" class=\"yoast-schema-graph\">{\"@context\":\"https:\\\/\\\/schema.org\",\"@graph\":[{\"@type\":\"Article\",\"@id\":\"https:\\\/\\\/www.laguiadepamplona.com\\\/actualidad\\\/la-imagen-de-la-reina-del-arga-ya-esta-en-pamplona\\\/#article\",\"isPartOf\":{\"@id\":\"https:\\\/\\\/www.laguiadepamplona.com\\\/actualidad\\\/la-imagen-de-la-reina-del-arga-ya-esta-en-pamplona\\\/\"},\"author\":{\"name\":\"La Gu\u00eda de Pamplona\",\"@id\":\"https:\\\/\\\/www.laguiadepamplona.com\\\/actualidad\\\/#\\\/schema\\\/person\\\/efe887376f0213d4657c93adc50b1fdb\"},\"headline\":\"La imagen de la \u2018Reina del Arga\u2019 ya est\u00e1 en Pamplona\",\"datePublished\":\"2023-06-30T12:10:18+00:00\",\"mainEntityOfPage\":{\"@id\":\"https:\\\/\\\/www.laguiadepamplona.com\\\/actualidad\\\/la-imagen-de-la-reina-del-arga-ya-esta-en-pamplona\\\/\"},\"wordCount\":1343,\"commentCount\":0,\"publisher\":{\"@id\":\"https:\\\/\\\/www.laguiadepamplona.com\\\/actualidad\\\/#organization\"},\"image\":{\"@id\":\"https:\\\/\\\/www.laguiadepamplona.com\\\/actualidad\\\/la-imagen-de-la-reina-del-arga-ya-esta-en-pamplona\\\/#primaryimage\"},\"thumbnailUrl\":\"https:\\\/\\\/www.laguiadepamplona.com\\\/actualidad\\\/wp-content\\\/uploads\\\/2023\\\/06\\\/20230630materialarchivomunicipalq5a1969.webp\",\"articleSection\":[\"Ayto Pamplona\"],\"inLanguage\":\"es\",\"potentialAction\":[{\"@type\":\"CommentAction\",\"name\":\"Comment\",\"target\":[\"https:\\\/\\\/www.laguiadepamplona.com\\\/actualidad\\\/la-imagen-de-la-reina-del-arga-ya-esta-en-pamplona\\\/#respond\"]}]},{\"@type\":\"WebPage\",\"@id\":\"https:\\\/\\\/www.laguiadepamplona.com\\\/actualidad\\\/la-imagen-de-la-reina-del-arga-ya-esta-en-pamplona\\\/\",\"url\":\"https:\\\/\\\/www.laguiadepamplona.com\\\/actualidad\\\/la-imagen-de-la-reina-del-arga-ya-esta-en-pamplona\\\/\",\"name\":\"La imagen de la \u2018Reina del Arga\u2019 ya est\u00e1 en Pamplona\",\"isPartOf\":{\"@id\":\"https:\\\/\\\/www.laguiadepamplona.com\\\/actualidad\\\/#website\"},\"primaryImageOfPage\":{\"@id\":\"https:\\\/\\\/www.laguiadepamplona.com\\\/actualidad\\\/la-imagen-de-la-reina-del-arga-ya-esta-en-pamplona\\\/#primaryimage\"},\"image\":{\"@id\":\"https:\\\/\\\/www.laguiadepamplona.com\\\/actualidad\\\/la-imagen-de-la-reina-del-arga-ya-esta-en-pamplona\\\/#primaryimage\"},\"thumbnailUrl\":\"https:\\\/\\\/www.laguiadepamplona.com\\\/actualidad\\\/wp-content\\\/uploads\\\/2023\\\/06\\\/20230630materialarchivomunicipalq5a1969.webp\",\"datePublished\":\"2023-06-30T12:10:18+00:00\",\"description\":\"Un portfolio de Remigia Echarren, un boceto de cartel de 1913 o dise\u00f1os de abonos para los toros, algunos elementos del Archivo de los Sanfermines\",\"breadcrumb\":{\"@id\":\"https:\\\/\\\/www.laguiadepamplona.com\\\/actualidad\\\/la-imagen-de-la-reina-del-arga-ya-esta-en-pamplona\\\/#breadcrumb\"},\"inLanguage\":\"es\",\"potentialAction\":[{\"@type\":\"ReadAction\",\"target\":[\"https:\\\/\\\/www.laguiadepamplona.com\\\/actualidad\\\/la-imagen-de-la-reina-del-arga-ya-esta-en-pamplona\\\/\"]}]},{\"@type\":\"ImageObject\",\"inLanguage\":\"es\",\"@id\":\"https:\\\/\\\/www.laguiadepamplona.com\\\/actualidad\\\/la-imagen-de-la-reina-del-arga-ya-esta-en-pamplona\\\/#primaryimage\",\"url\":\"https:\\\/\\\/www.laguiadepamplona.com\\\/actualidad\\\/wp-content\\\/uploads\\\/2023\\\/06\\\/20230630materialarchivomunicipalq5a1969.webp\",\"contentUrl\":\"https:\\\/\\\/www.laguiadepamplona.com\\\/actualidad\\\/wp-content\\\/uploads\\\/2023\\\/06\\\/20230630materialarchivomunicipalq5a1969.webp\",\"width\":1600,\"height\":1067,\"caption\":\"reina arga\"},{\"@type\":\"BreadcrumbList\",\"@id\":\"https:\\\/\\\/www.laguiadepamplona.com\\\/actualidad\\\/la-imagen-de-la-reina-del-arga-ya-esta-en-pamplona\\\/#breadcrumb\",\"itemListElement\":[{\"@type\":\"ListItem\",\"position\":1,\"name\":\"Portada\",\"item\":\"https:\\\/\\\/www.laguiadepamplona.com\\\/actualidad\\\/\"},{\"@type\":\"ListItem\",\"position\":2,\"name\":\"La imagen de la \u2018Reina del Arga\u2019 ya est\u00e1 en Pamplona\"}]},{\"@type\":\"WebSite\",\"@id\":\"https:\\\/\\\/www.laguiadepamplona.com\\\/actualidad\\\/#website\",\"url\":\"https:\\\/\\\/www.laguiadepamplona.com\\\/actualidad\\\/\",\"name\":\"La gu\u00eda de Pamplona\",\"description\":\"Noticias de Pamplona\",\"publisher\":{\"@id\":\"https:\\\/\\\/www.laguiadepamplona.com\\\/actualidad\\\/#organization\"},\"potentialAction\":[{\"@type\":\"SearchAction\",\"target\":{\"@type\":\"EntryPoint\",\"urlTemplate\":\"https:\\\/\\\/www.laguiadepamplona.com\\\/actualidad\\\/?s={search_term_string}\"},\"query-input\":{\"@type\":\"PropertyValueSpecification\",\"valueRequired\":true,\"valueName\":\"search_term_string\"}}],\"inLanguage\":\"es\"},{\"@type\":\"Organization\",\"@id\":\"https:\\\/\\\/www.laguiadepamplona.com\\\/actualidad\\\/#organization\",\"name\":\"La Gu\u00eda de Pamplona \\\/ Noticias\",\"url\":\"https:\\\/\\\/www.laguiadepamplona.com\\\/actualidad\\\/\",\"logo\":{\"@type\":\"ImageObject\",\"inLanguage\":\"es\",\"@id\":\"https:\\\/\\\/www.laguiadepamplona.com\\\/actualidad\\\/#\\\/schema\\\/logo\\\/image\\\/\",\"url\":\"https:\\\/\\\/www.laguiadepamplona.com\\\/actualidad\\\/wp-content\\\/uploads\\\/2018\\\/11\\\/logo-laguiadepamplona18-web1.png\",\"contentUrl\":\"https:\\\/\\\/www.laguiadepamplona.com\\\/actualidad\\\/wp-content\\\/uploads\\\/2018\\\/11\\\/logo-laguiadepamplona18-web1.png\",\"width\":600,\"height\":196,\"caption\":\"La Gu\u00eda de Pamplona \\\/ Noticias\"},\"image\":{\"@id\":\"https:\\\/\\\/www.laguiadepamplona.com\\\/actualidad\\\/#\\\/schema\\\/logo\\\/image\\\/\"},\"sameAs\":[\"https:\\\/\\\/www.facebook.com\\\/laguiadepamplonacom-133175176762273\\\/?ref=hl\",\"https:\\\/\\\/x.com\\\/LaGuiadPamplona\",\"https:\\\/\\\/www.instagram.com\\\/la_guia_de_pamplona\\\/\",\"https:\\\/\\\/www.youtube.com\\\/user\\\/laguiadepamplona\"]},{\"@type\":\"Person\",\"@id\":\"https:\\\/\\\/www.laguiadepamplona.com\\\/actualidad\\\/#\\\/schema\\\/person\\\/efe887376f0213d4657c93adc50b1fdb\",\"name\":\"La Gu\u00eda de Pamplona\",\"image\":{\"@type\":\"ImageObject\",\"inLanguage\":\"es\",\"@id\":\"https:\\\/\\\/secure.gravatar.com\\\/avatar\\\/b6992f131dc8d30ab0dff15446e9d346d9dbd95992de0fef795073f5ea83a81c?s=96&d=mm&r=g\",\"url\":\"https:\\\/\\\/secure.gravatar.com\\\/avatar\\\/b6992f131dc8d30ab0dff15446e9d346d9dbd95992de0fef795073f5ea83a81c?s=96&d=mm&r=g\",\"contentUrl\":\"https:\\\/\\\/secure.gravatar.com\\\/avatar\\\/b6992f131dc8d30ab0dff15446e9d346d9dbd95992de0fef795073f5ea83a81c?s=96&d=mm&r=g\",\"caption\":\"La Gu\u00eda de Pamplona\"}}]}<\/script>\n<!-- \/ Yoast SEO plugin. -->","yoast_head_json":{"title":"La imagen de la \u2018Reina del Arga\u2019 ya est\u00e1 en Pamplona","description":"Un portfolio de Remigia Echarren, un boceto de cartel de 1913 o dise\u00f1os de abonos para los toros, algunos elementos del Archivo de los Sanfermines","robots":{"index":"index","follow":"follow","max-snippet":"max-snippet:-1","max-image-preview":"max-image-preview:large","max-video-preview":"max-video-preview:-1"},"canonical":"https:\/\/www.laguiadepamplona.com\/actualidad\/la-imagen-de-la-reina-del-arga-ya-esta-en-pamplona\/","og_locale":"es_ES","og_type":"article","og_title":"La imagen de la \u2018Reina del Arga\u2019 ya est\u00e1 en Pamplona","og_description":"Un portfolio de Remigia Echarren, un boceto de cartel de 1913 o dise\u00f1os de abonos para los toros, algunos elementos del Archivo de los Sanfermines","og_url":"https:\/\/www.laguiadepamplona.com\/actualidad\/la-imagen-de-la-reina-del-arga-ya-esta-en-pamplona\/","og_site_name":"La Gu\u00eda de Pamplona","article_publisher":"https:\/\/www.facebook.com\/laguiadepamplonacom-133175176762273\/?ref=hl","article_published_time":"2023-06-30T12:10:18+00:00","og_image":[{"width":1600,"height":1067,"url":"https:\/\/www.laguiadepamplona.com\/actualidad\/wp-content\/uploads\/2023\/06\/20230630materialarchivomunicipalq5a1969.webp","type":"image\/webp"}],"author":"La Gu\u00eda de Pamplona","twitter_card":"summary_large_image","twitter_creator":"@LaGuiadPamplona","twitter_site":"@LaGuiadPamplona","twitter_misc":{"Escrito por":"La Gu\u00eda de Pamplona","Tiempo de lectura":"6 minutos"},"schema":{"@context":"https:\/\/schema.org","@graph":[{"@type":"Article","@id":"https:\/\/www.laguiadepamplona.com\/actualidad\/la-imagen-de-la-reina-del-arga-ya-esta-en-pamplona\/#article","isPartOf":{"@id":"https:\/\/www.laguiadepamplona.com\/actualidad\/la-imagen-de-la-reina-del-arga-ya-esta-en-pamplona\/"},"author":{"name":"La Gu\u00eda de Pamplona","@id":"https:\/\/www.laguiadepamplona.com\/actualidad\/#\/schema\/person\/efe887376f0213d4657c93adc50b1fdb"},"headline":"La imagen de la \u2018Reina del Arga\u2019 ya est\u00e1 en Pamplona","datePublished":"2023-06-30T12:10:18+00:00","mainEntityOfPage":{"@id":"https:\/\/www.laguiadepamplona.com\/actualidad\/la-imagen-de-la-reina-del-arga-ya-esta-en-pamplona\/"},"wordCount":1343,"commentCount":0,"publisher":{"@id":"https:\/\/www.laguiadepamplona.com\/actualidad\/#organization"},"image":{"@id":"https:\/\/www.laguiadepamplona.com\/actualidad\/la-imagen-de-la-reina-del-arga-ya-esta-en-pamplona\/#primaryimage"},"thumbnailUrl":"https:\/\/www.laguiadepamplona.com\/actualidad\/wp-content\/uploads\/2023\/06\/20230630materialarchivomunicipalq5a1969.webp","articleSection":["Ayto Pamplona"],"inLanguage":"es","potentialAction":[{"@type":"CommentAction","name":"Comment","target":["https:\/\/www.laguiadepamplona.com\/actualidad\/la-imagen-de-la-reina-del-arga-ya-esta-en-pamplona\/#respond"]}]},{"@type":"WebPage","@id":"https:\/\/www.laguiadepamplona.com\/actualidad\/la-imagen-de-la-reina-del-arga-ya-esta-en-pamplona\/","url":"https:\/\/www.laguiadepamplona.com\/actualidad\/la-imagen-de-la-reina-del-arga-ya-esta-en-pamplona\/","name":"La imagen de la \u2018Reina del Arga\u2019 ya est\u00e1 en Pamplona","isPartOf":{"@id":"https:\/\/www.laguiadepamplona.com\/actualidad\/#website"},"primaryImageOfPage":{"@id":"https:\/\/www.laguiadepamplona.com\/actualidad\/la-imagen-de-la-reina-del-arga-ya-esta-en-pamplona\/#primaryimage"},"image":{"@id":"https:\/\/www.laguiadepamplona.com\/actualidad\/la-imagen-de-la-reina-del-arga-ya-esta-en-pamplona\/#primaryimage"},"thumbnailUrl":"https:\/\/www.laguiadepamplona.com\/actualidad\/wp-content\/uploads\/2023\/06\/20230630materialarchivomunicipalq5a1969.webp","datePublished":"2023-06-30T12:10:18+00:00","description":"Un portfolio de Remigia Echarren, un boceto de cartel de 1913 o dise\u00f1os de abonos para los toros, algunos elementos del Archivo de los Sanfermines","breadcrumb":{"@id":"https:\/\/www.laguiadepamplona.com\/actualidad\/la-imagen-de-la-reina-del-arga-ya-esta-en-pamplona\/#breadcrumb"},"inLanguage":"es","potentialAction":[{"@type":"ReadAction","target":["https:\/\/www.laguiadepamplona.com\/actualidad\/la-imagen-de-la-reina-del-arga-ya-esta-en-pamplona\/"]}]},{"@type":"ImageObject","inLanguage":"es","@id":"https:\/\/www.laguiadepamplona.com\/actualidad\/la-imagen-de-la-reina-del-arga-ya-esta-en-pamplona\/#primaryimage","url":"https:\/\/www.laguiadepamplona.com\/actualidad\/wp-content\/uploads\/2023\/06\/20230630materialarchivomunicipalq5a1969.webp","contentUrl":"https:\/\/www.laguiadepamplona.com\/actualidad\/wp-content\/uploads\/2023\/06\/20230630materialarchivomunicipalq5a1969.webp","width":1600,"height":1067,"caption":"reina arga"},{"@type":"BreadcrumbList","@id":"https:\/\/www.laguiadepamplona.com\/actualidad\/la-imagen-de-la-reina-del-arga-ya-esta-en-pamplona\/#breadcrumb","itemListElement":[{"@type":"ListItem","position":1,"name":"Portada","item":"https:\/\/www.laguiadepamplona.com\/actualidad\/"},{"@type":"ListItem","position":2,"name":"La imagen de la \u2018Reina del Arga\u2019 ya est\u00e1 en Pamplona"}]},{"@type":"WebSite","@id":"https:\/\/www.laguiadepamplona.com\/actualidad\/#website","url":"https:\/\/www.laguiadepamplona.com\/actualidad\/","name":"La gu\u00eda de Pamplona","description":"Noticias de Pamplona","publisher":{"@id":"https:\/\/www.laguiadepamplona.com\/actualidad\/#organization"},"potentialAction":[{"@type":"SearchAction","target":{"@type":"EntryPoint","urlTemplate":"https:\/\/www.laguiadepamplona.com\/actualidad\/?s={search_term_string}"},"query-input":{"@type":"PropertyValueSpecification","valueRequired":true,"valueName":"search_term_string"}}],"inLanguage":"es"},{"@type":"Organization","@id":"https:\/\/www.laguiadepamplona.com\/actualidad\/#organization","name":"La Gu\u00eda de Pamplona \/ Noticias","url":"https:\/\/www.laguiadepamplona.com\/actualidad\/","logo":{"@type":"ImageObject","inLanguage":"es","@id":"https:\/\/www.laguiadepamplona.com\/actualidad\/#\/schema\/logo\/image\/","url":"https:\/\/www.laguiadepamplona.com\/actualidad\/wp-content\/uploads\/2018\/11\/logo-laguiadepamplona18-web1.png","contentUrl":"https:\/\/www.laguiadepamplona.com\/actualidad\/wp-content\/uploads\/2018\/11\/logo-laguiadepamplona18-web1.png","width":600,"height":196,"caption":"La Gu\u00eda de Pamplona \/ Noticias"},"image":{"@id":"https:\/\/www.laguiadepamplona.com\/actualidad\/#\/schema\/logo\/image\/"},"sameAs":["https:\/\/www.facebook.com\/laguiadepamplonacom-133175176762273\/?ref=hl","https:\/\/x.com\/LaGuiadPamplona","https:\/\/www.instagram.com\/la_guia_de_pamplona\/","https:\/\/www.youtube.com\/user\/laguiadepamplona"]},{"@type":"Person","@id":"https:\/\/www.laguiadepamplona.com\/actualidad\/#\/schema\/person\/efe887376f0213d4657c93adc50b1fdb","name":"La Gu\u00eda de Pamplona","image":{"@type":"ImageObject","inLanguage":"es","@id":"https:\/\/secure.gravatar.com\/avatar\/b6992f131dc8d30ab0dff15446e9d346d9dbd95992de0fef795073f5ea83a81c?s=96&d=mm&r=g","url":"https:\/\/secure.gravatar.com\/avatar\/b6992f131dc8d30ab0dff15446e9d346d9dbd95992de0fef795073f5ea83a81c?s=96&d=mm&r=g","contentUrl":"https:\/\/secure.gravatar.com\/avatar\/b6992f131dc8d30ab0dff15446e9d346d9dbd95992de0fef795073f5ea83a81c?s=96&d=mm&r=g","caption":"La Gu\u00eda de Pamplona"}}]}},"post_mailing_queue_ids":[],"_links":{"self":[{"href":"https:\/\/www.laguiadepamplona.com\/actualidad\/wp-json\/wp\/v2\/posts\/47210","targetHints":{"allow":["GET"]}}],"collection":[{"href":"https:\/\/www.laguiadepamplona.com\/actualidad\/wp-json\/wp\/v2\/posts"}],"about":[{"href":"https:\/\/www.laguiadepamplona.com\/actualidad\/wp-json\/wp\/v2\/types\/post"}],"author":[{"embeddable":true,"href":"https:\/\/www.laguiadepamplona.com\/actualidad\/wp-json\/wp\/v2\/users\/1"}],"replies":[{"embeddable":true,"href":"https:\/\/www.laguiadepamplona.com\/actualidad\/wp-json\/wp\/v2\/comments?post=47210"}],"version-history":[{"count":1,"href":"https:\/\/www.laguiadepamplona.com\/actualidad\/wp-json\/wp\/v2\/posts\/47210\/revisions"}],"predecessor-version":[{"id":47212,"href":"https:\/\/www.laguiadepamplona.com\/actualidad\/wp-json\/wp\/v2\/posts\/47210\/revisions\/47212"}],"wp:featuredmedia":[{"embeddable":true,"href":"https:\/\/www.laguiadepamplona.com\/actualidad\/wp-json\/wp\/v2\/media\/47211"}],"wp:attachment":[{"href":"https:\/\/www.laguiadepamplona.com\/actualidad\/wp-json\/wp\/v2\/media?parent=47210"}],"wp:term":[{"taxonomy":"category","embeddable":true,"href":"https:\/\/www.laguiadepamplona.com\/actualidad\/wp-json\/wp\/v2\/categories?post=47210"},{"taxonomy":"post_tag","embeddable":true,"href":"https:\/\/www.laguiadepamplona.com\/actualidad\/wp-json\/wp\/v2\/tags?post=47210"}],"curies":[{"name":"wp","href":"https:\/\/api.w.org\/{rel}","templated":true}]}}