{"id":47207,"date":"2023-06-30T14:06:08","date_gmt":"2023-06-30T12:06:08","guid":{"rendered":"https:\/\/www.laguiadepamplona.com\/actualidad\/?p=47207"},"modified":"2023-06-30T14:06:08","modified_gmt":"2023-06-30T12:06:08","slug":"diecinueve-federaciones-colaboran-estos-proximos-sanfermines-en-el-espacio-deportivo-sport-kids-ubicado-en-la-media-luna-y-dirigido-a-menores-entre-8-y-14-anos","status":"publish","type":"post","link":"https:\/\/www.laguiadepamplona.com\/actualidad\/diecinueve-federaciones-colaboran-estos-proximos-sanfermines-en-el-espacio-deportivo-sport-kids-ubicado-en-la-media-luna-y-dirigido-a-menores-entre-8-y-14-anos\/","title":{"rendered":"Diecinueve federaciones colaboran estos pr\u00f3ximos Sanfermines en el espacio deportivo Sport Kids, ubicado en la Media Luna y dirigido a menores entre 8 y 14 a\u00f1os"},"content":{"rendered":"<h2>Del 7 al 14 de julio, en horario de ma\u00f1ana y tarde, se proponen actividades para conocer y aprender diferentes disciplinas deportivas<\/h2>\n<p><!--more--><\/p>\n<p>Las fiestas de San Ferm\u00edn cuentan desde hace algunos a\u00f1os con un espacio deportivo y recreativo en los fosos de la Media Luna, dirigido de modo orientativo a menores entre 8 y 14 a\u00f1os. Estos pr\u00f3ximos Sanfermines, 19 federaciones deportivas navarras colaboran con el Ayuntamiento de Pamplona para difundir y promocionar diferentes disciplinas, a trav\u00e9s de un amplio programa de actividades previsto del 7 al 14 de julio, en horario de ma\u00f1ana y tarde, de 11 a 13.30 horas y de 18 a 20.30 horas.<br \/>\n<script async src=\"\/\/pagead2.googlesyndication.com\/pagead\/js\/adsbygoogle.js\"><\/script><br \/>\n<!-- Noticias La Guia de Pamplona --><br \/>\n<ins class=\"adsbygoogle\"\nstyle=\"display:block\"\ndata-ad-client=\"ca-pub-6943679897239327\"\ndata-ad-slot=\"7048180777\"\ndata-ad-format=\"auto\"><\/ins><br \/>\n<script>\n(adsbygoogle = window.adsbygoogle || []).push({});\n<\/script><\/p>\n<p>En esta nueva edici\u00f3n de Sport Kids colaboran las federaciones navarras de ajedrez, atletismo, baloncesto, balonmano, b\u00e9isbol y sofbol, deportes adaptados, esgrima, f\u00fatbol, gimnasia, golf, herri kirolak, h\u00edpica, p\u00e1del, pelota vasca, pirag\u00fcismo, rugby, taekwondo, tiro con arco y voleibol. Cada jornada varias de las federaciones programan actividades muy pr\u00e1cticas de aprendizaje de cada una de las disciplinas. En grupos reducidos se ense\u00f1an movimientos, pases, llaves o jugadas para intentar que a los chicos y las chicas les pique el gusanillo de ese deporte concreto y puedan despu\u00e9s ampliar sus conocimientos a lo largo de la temporada. La idea es que, tambi\u00e9n durante las fiestas, se siga haciendo deporte y se conozcan alternativas de pr\u00e1cticas deportivas de forma pr\u00e1ctica.<\/p>\n<p>En el espacio Sport Kids se instalar\u00e1 tambi\u00e9n una \u2018taberna del agua\u2019, en colaboraci\u00f3n con la Mancomunidad de la Comarca de Pamplona para que todas las personas que acudan a los fosos de la Media Luna pueda hidratarse para la pr\u00e1ctica deportiva de cada jornada. Adem\u00e1s, gracias a Lacturale y Florette, habr\u00e1 un \u2018tercer tiempo\u2019, en el que degustar como merienda leche y fruta refrigerada de forma gratuita. El speaker del C.A. Osasuna y del Circuito de Navarra, Eduardo D\u00edaz Lasa, ejercer\u00e1 de animador del evento. La zona contar\u00e1 con un puesto de atenci\u00f3n sanitaria de DYA y Cruz Roja para garantizar la cobertura de lo que pueda suceder a las personas que participen.<br \/>\n<script async src=\"\/\/pagead2.googlesyndication.com\/pagead\/js\/adsbygoogle.js\"><\/script><br \/>\n<!-- Noticias La Guia de Pamplona --><br \/>\n<ins class=\"adsbygoogle\"\nstyle=\"display:block\"\ndata-ad-client=\"ca-pub-6943679897239327\"\ndata-ad-slot=\"7048180777\"\ndata-ad-format=\"auto\"><\/ins><br \/>\n<script>\n(adsbygoogle = window.adsbygoogle || []).push({});\n<\/script><\/p>\n<p><strong>Programaci\u00f3n diaria con una variada oferta deportiva<\/strong><\/p>\n<p>En los fosos de la Media Luna, en la zona m\u00e1s cercana al acceso desde la calle Arrieta, se impartir\u00e1n las actividades de ajedrez. En la zona trasera del Centro de Interpretaci\u00f3n de las Fortificaciones se suceder\u00e1n, cada d\u00eda, cuatro propuestas deportivas de disciplinas como el b\u00e9isbol, esgrima, golf, balonmano, deportes adaptados, atletismo, herri kirolak, voleibol o gimnasia. Otro de los fosos acoger\u00e1 el f\u00fatbol los cuatro primeros de d\u00edas y los cuatro \u00faltimos el baloncesto. En el interior del Centro de Interpretaci\u00f3n de las Fortificaciones se llevar\u00e1n a cabo, del 7 al 10 de julio, las pr\u00e1cticas de tiro con arco y, del 11 al 14 de julio, se desarrollar\u00e1 el p\u00e1del. En una zona de hierba cercana se ha programado taekwondo, del 7 al 10 de julio y rugby, del 11 al 14.<\/p>\n<p>A la ubicaci\u00f3n habitual de los fosos de la Media Luna, se unen este a\u00f1o tambi\u00e9n el Molino de Caparroso para las actividades de pirag\u00fcismo los d\u00edas 8, 10, 12 y 14 de julio y el front\u00f3n del Jito Alai para las modalidades pelotazales los d\u00edas 10, 11 y 12 de julio, en este caso concreto solo en el horario de ma\u00f1ana, de 11 a 13.30 horas.<\/p>\n<p>&nbsp;<br \/>\n<a href=\"https:\/\/www.pamplona.es\/sites\/default\/files\/2023-06\/programacion-sfkids-23.pdf\" class=\"su-button su-button-style-default\" style=\"color:#FFFFFF;background-color:#ef2d2f;border-color:#c02426;border-radius:5px\" target=\"_blank\" rel=\"noopener noreferrer\"><span style=\"color:#FFFFFF;padding:6px 16px;font-size:13px;line-height:20px;border-color:#f46c6e;border-radius:5px;text-shadow:none\"><i class=\"sui sui-file-pdf-o\" style=\"font-size:13px;color:#FFFFFF\"><\/i> Programaci\u00f3n Sportkids 2023 pdf<\/span><\/a>\n&nbsp;<\/p>\n","protected":false},"excerpt":{"rendered":"<p>Del 7 al 14 de julio, en horario de ma\u00f1ana y tarde, se proponen actividades para conocer y aprender diferentes disciplinas deportivas<\/p>\n","protected":false},"author":1,"featured_media":47208,"comment_status":"open","ping_status":"closed","sticky":false,"template":"","format":"standard","meta":{"footnotes":""},"categories":[2],"tags":[],"class_list":["post-47207","post","type-post","status-publish","format-standard","has-post-thumbnail","hentry","category-ayuntamiento-pamplona"],"yoast_head":"<!-- This site is optimized with the Yoast SEO plugin v27.3 - https:\/\/yoast.com\/product\/yoast-seo-wordpress\/ -->\n<title>Diecinueve federaciones colaboran estos pr\u00f3ximos Sanfermines en el espacio deportivo Sport Kids, ubicado en la Media Luna y dirigido a menores entre 8 y 14 a\u00f1os<\/title>\n<meta name=\"description\" content=\"Del 7 al 14 de julio, en horario de ma\u00f1ana y tarde, se proponen actividades para conocer y aprender diferentes disciplinas deportivas\" \/>\n<meta name=\"robots\" content=\"index, follow, max-snippet:-1, max-image-preview:large, max-video-preview:-1\" \/>\n<link rel=\"canonical\" href=\"https:\/\/www.laguiadepamplona.com\/actualidad\/diecinueve-federaciones-colaboran-estos-proximos-sanfermines-en-el-espacio-deportivo-sport-kids-ubicado-en-la-media-luna-y-dirigido-a-menores-entre-8-y-14-anos\/\" \/>\n<meta property=\"og:locale\" content=\"es_ES\" \/>\n<meta property=\"og:type\" content=\"article\" \/>\n<meta property=\"og:title\" content=\"Diecinueve federaciones colaboran estos pr\u00f3ximos Sanfermines en el espacio deportivo Sport Kids, ubicado en la Media Luna y dirigido a menores entre 8 y 14 a\u00f1os\" \/>\n<meta property=\"og:description\" content=\"Del 7 al 14 de julio, en horario de ma\u00f1ana y tarde, se proponen actividades para conocer y aprender diferentes disciplinas deportivas\" \/>\n<meta property=\"og:url\" content=\"https:\/\/www.laguiadepamplona.com\/actualidad\/diecinueve-federaciones-colaboran-estos-proximos-sanfermines-en-el-espacio-deportivo-sport-kids-ubicado-en-la-media-luna-y-dirigido-a-menores-entre-8-y-14-anos\/\" \/>\n<meta property=\"og:site_name\" content=\"La Gu\u00eda de Pamplona\" \/>\n<meta property=\"article:publisher\" content=\"https:\/\/www.facebook.com\/laguiadepamplonacom-133175176762273\/?ref=hl\" \/>\n<meta property=\"article:published_time\" content=\"2023-06-30T12:06:08+00:00\" \/>\n<meta property=\"og:image\" content=\"https:\/\/www.laguiadepamplona.com\/actualidad\/wp-content\/uploads\/2023\/06\/sportkidsee5a0381.webp\" \/>\n\t<meta property=\"og:image:width\" content=\"1600\" \/>\n\t<meta property=\"og:image:height\" content=\"1067\" \/>\n\t<meta property=\"og:image:type\" content=\"image\/webp\" \/>\n<meta name=\"author\" content=\"La Gu\u00eda de Pamplona\" \/>\n<meta name=\"twitter:card\" content=\"summary_large_image\" \/>\n<meta name=\"twitter:creator\" content=\"@LaGuiadPamplona\" \/>\n<meta name=\"twitter:site\" content=\"@LaGuiadPamplona\" \/>\n<meta name=\"twitter:label1\" content=\"Escrito por\" \/>\n\t<meta name=\"twitter:data1\" content=\"La Gu\u00eda de Pamplona\" \/>\n\t<meta name=\"twitter:label2\" content=\"Tiempo de lectura\" \/>\n\t<meta name=\"twitter:data2\" content=\"3 minutos\" \/>\n<script type=\"application\/ld+json\" class=\"yoast-schema-graph\">{\"@context\":\"https:\\\/\\\/schema.org\",\"@graph\":[{\"@type\":\"Article\",\"@id\":\"https:\\\/\\\/www.laguiadepamplona.com\\\/actualidad\\\/diecinueve-federaciones-colaboran-estos-proximos-sanfermines-en-el-espacio-deportivo-sport-kids-ubicado-en-la-media-luna-y-dirigido-a-menores-entre-8-y-14-anos\\\/#article\",\"isPartOf\":{\"@id\":\"https:\\\/\\\/www.laguiadepamplona.com\\\/actualidad\\\/diecinueve-federaciones-colaboran-estos-proximos-sanfermines-en-el-espacio-deportivo-sport-kids-ubicado-en-la-media-luna-y-dirigido-a-menores-entre-8-y-14-anos\\\/\"},\"author\":{\"name\":\"La Gu\u00eda de Pamplona\",\"@id\":\"https:\\\/\\\/www.laguiadepamplona.com\\\/actualidad\\\/#\\\/schema\\\/person\\\/efe887376f0213d4657c93adc50b1fdb\"},\"headline\":\"Diecinueve federaciones colaboran estos pr\u00f3ximos Sanfermines en el espacio deportivo Sport Kids, ubicado en la Media Luna y dirigido a menores entre 8 y 14 a\u00f1os\",\"datePublished\":\"2023-06-30T12:06:08+00:00\",\"mainEntityOfPage\":{\"@id\":\"https:\\\/\\\/www.laguiadepamplona.com\\\/actualidad\\\/diecinueve-federaciones-colaboran-estos-proximos-sanfermines-en-el-espacio-deportivo-sport-kids-ubicado-en-la-media-luna-y-dirigido-a-menores-entre-8-y-14-anos\\\/\"},\"wordCount\":625,\"commentCount\":0,\"publisher\":{\"@id\":\"https:\\\/\\\/www.laguiadepamplona.com\\\/actualidad\\\/#organization\"},\"image\":{\"@id\":\"https:\\\/\\\/www.laguiadepamplona.com\\\/actualidad\\\/diecinueve-federaciones-colaboran-estos-proximos-sanfermines-en-el-espacio-deportivo-sport-kids-ubicado-en-la-media-luna-y-dirigido-a-menores-entre-8-y-14-anos\\\/#primaryimage\"},\"thumbnailUrl\":\"https:\\\/\\\/www.laguiadepamplona.com\\\/actualidad\\\/wp-content\\\/uploads\\\/2023\\\/06\\\/sportkidsee5a0381.webp\",\"articleSection\":[\"Ayto Pamplona\"],\"inLanguage\":\"es\",\"potentialAction\":[{\"@type\":\"CommentAction\",\"name\":\"Comment\",\"target\":[\"https:\\\/\\\/www.laguiadepamplona.com\\\/actualidad\\\/diecinueve-federaciones-colaboran-estos-proximos-sanfermines-en-el-espacio-deportivo-sport-kids-ubicado-en-la-media-luna-y-dirigido-a-menores-entre-8-y-14-anos\\\/#respond\"]}]},{\"@type\":\"WebPage\",\"@id\":\"https:\\\/\\\/www.laguiadepamplona.com\\\/actualidad\\\/diecinueve-federaciones-colaboran-estos-proximos-sanfermines-en-el-espacio-deportivo-sport-kids-ubicado-en-la-media-luna-y-dirigido-a-menores-entre-8-y-14-anos\\\/\",\"url\":\"https:\\\/\\\/www.laguiadepamplona.com\\\/actualidad\\\/diecinueve-federaciones-colaboran-estos-proximos-sanfermines-en-el-espacio-deportivo-sport-kids-ubicado-en-la-media-luna-y-dirigido-a-menores-entre-8-y-14-anos\\\/\",\"name\":\"Diecinueve federaciones colaboran estos pr\u00f3ximos Sanfermines en el espacio deportivo Sport Kids, ubicado en la Media Luna y dirigido a menores entre 8 y 14 a\u00f1os\",\"isPartOf\":{\"@id\":\"https:\\\/\\\/www.laguiadepamplona.com\\\/actualidad\\\/#website\"},\"primaryImageOfPage\":{\"@id\":\"https:\\\/\\\/www.laguiadepamplona.com\\\/actualidad\\\/diecinueve-federaciones-colaboran-estos-proximos-sanfermines-en-el-espacio-deportivo-sport-kids-ubicado-en-la-media-luna-y-dirigido-a-menores-entre-8-y-14-anos\\\/#primaryimage\"},\"image\":{\"@id\":\"https:\\\/\\\/www.laguiadepamplona.com\\\/actualidad\\\/diecinueve-federaciones-colaboran-estos-proximos-sanfermines-en-el-espacio-deportivo-sport-kids-ubicado-en-la-media-luna-y-dirigido-a-menores-entre-8-y-14-anos\\\/#primaryimage\"},\"thumbnailUrl\":\"https:\\\/\\\/www.laguiadepamplona.com\\\/actualidad\\\/wp-content\\\/uploads\\\/2023\\\/06\\\/sportkidsee5a0381.webp\",\"datePublished\":\"2023-06-30T12:06:08+00:00\",\"description\":\"Del 7 al 14 de julio, en horario de ma\u00f1ana y tarde, se proponen actividades para conocer y aprender diferentes disciplinas deportivas\",\"breadcrumb\":{\"@id\":\"https:\\\/\\\/www.laguiadepamplona.com\\\/actualidad\\\/diecinueve-federaciones-colaboran-estos-proximos-sanfermines-en-el-espacio-deportivo-sport-kids-ubicado-en-la-media-luna-y-dirigido-a-menores-entre-8-y-14-anos\\\/#breadcrumb\"},\"inLanguage\":\"es\",\"potentialAction\":[{\"@type\":\"ReadAction\",\"target\":[\"https:\\\/\\\/www.laguiadepamplona.com\\\/actualidad\\\/diecinueve-federaciones-colaboran-estos-proximos-sanfermines-en-el-espacio-deportivo-sport-kids-ubicado-en-la-media-luna-y-dirigido-a-menores-entre-8-y-14-anos\\\/\"]}]},{\"@type\":\"ImageObject\",\"inLanguage\":\"es\",\"@id\":\"https:\\\/\\\/www.laguiadepamplona.com\\\/actualidad\\\/diecinueve-federaciones-colaboran-estos-proximos-sanfermines-en-el-espacio-deportivo-sport-kids-ubicado-en-la-media-luna-y-dirigido-a-menores-entre-8-y-14-anos\\\/#primaryimage\",\"url\":\"https:\\\/\\\/www.laguiadepamplona.com\\\/actualidad\\\/wp-content\\\/uploads\\\/2023\\\/06\\\/sportkidsee5a0381.webp\",\"contentUrl\":\"https:\\\/\\\/www.laguiadepamplona.com\\\/actualidad\\\/wp-content\\\/uploads\\\/2023\\\/06\\\/sportkidsee5a0381.webp\",\"width\":1600,\"height\":1067,\"caption\":\"sportkids\"},{\"@type\":\"BreadcrumbList\",\"@id\":\"https:\\\/\\\/www.laguiadepamplona.com\\\/actualidad\\\/diecinueve-federaciones-colaboran-estos-proximos-sanfermines-en-el-espacio-deportivo-sport-kids-ubicado-en-la-media-luna-y-dirigido-a-menores-entre-8-y-14-anos\\\/#breadcrumb\",\"itemListElement\":[{\"@type\":\"ListItem\",\"position\":1,\"name\":\"Portada\",\"item\":\"https:\\\/\\\/www.laguiadepamplona.com\\\/actualidad\\\/\"},{\"@type\":\"ListItem\",\"position\":2,\"name\":\"Diecinueve federaciones colaboran estos pr\u00f3ximos Sanfermines en el espacio deportivo Sport Kids, ubicado en la Media Luna y dirigido a menores entre 8 y 14 a\u00f1os\"}]},{\"@type\":\"WebSite\",\"@id\":\"https:\\\/\\\/www.laguiadepamplona.com\\\/actualidad\\\/#website\",\"url\":\"https:\\\/\\\/www.laguiadepamplona.com\\\/actualidad\\\/\",\"name\":\"La gu\u00eda de Pamplona\",\"description\":\"Noticias de Pamplona\",\"publisher\":{\"@id\":\"https:\\\/\\\/www.laguiadepamplona.com\\\/actualidad\\\/#organization\"},\"potentialAction\":[{\"@type\":\"SearchAction\",\"target\":{\"@type\":\"EntryPoint\",\"urlTemplate\":\"https:\\\/\\\/www.laguiadepamplona.com\\\/actualidad\\\/?s={search_term_string}\"},\"query-input\":{\"@type\":\"PropertyValueSpecification\",\"valueRequired\":true,\"valueName\":\"search_term_string\"}}],\"inLanguage\":\"es\"},{\"@type\":\"Organization\",\"@id\":\"https:\\\/\\\/www.laguiadepamplona.com\\\/actualidad\\\/#organization\",\"name\":\"La Gu\u00eda de Pamplona \\\/ Noticias\",\"url\":\"https:\\\/\\\/www.laguiadepamplona.com\\\/actualidad\\\/\",\"logo\":{\"@type\":\"ImageObject\",\"inLanguage\":\"es\",\"@id\":\"https:\\\/\\\/www.laguiadepamplona.com\\\/actualidad\\\/#\\\/schema\\\/logo\\\/image\\\/\",\"url\":\"https:\\\/\\\/www.laguiadepamplona.com\\\/actualidad\\\/wp-content\\\/uploads\\\/2018\\\/11\\\/logo-laguiadepamplona18-web1.png\",\"contentUrl\":\"https:\\\/\\\/www.laguiadepamplona.com\\\/actualidad\\\/wp-content\\\/uploads\\\/2018\\\/11\\\/logo-laguiadepamplona18-web1.png\",\"width\":600,\"height\":196,\"caption\":\"La Gu\u00eda de Pamplona \\\/ Noticias\"},\"image\":{\"@id\":\"https:\\\/\\\/www.laguiadepamplona.com\\\/actualidad\\\/#\\\/schema\\\/logo\\\/image\\\/\"},\"sameAs\":[\"https:\\\/\\\/www.facebook.com\\\/laguiadepamplonacom-133175176762273\\\/?ref=hl\",\"https:\\\/\\\/x.com\\\/LaGuiadPamplona\",\"https:\\\/\\\/www.instagram.com\\\/la_guia_de_pamplona\\\/\",\"https:\\\/\\\/www.youtube.com\\\/user\\\/laguiadepamplona\"]},{\"@type\":\"Person\",\"@id\":\"https:\\\/\\\/www.laguiadepamplona.com\\\/actualidad\\\/#\\\/schema\\\/person\\\/efe887376f0213d4657c93adc50b1fdb\",\"name\":\"La Gu\u00eda de Pamplona\",\"image\":{\"@type\":\"ImageObject\",\"inLanguage\":\"es\",\"@id\":\"https:\\\/\\\/secure.gravatar.com\\\/avatar\\\/b6992f131dc8d30ab0dff15446e9d346d9dbd95992de0fef795073f5ea83a81c?s=96&d=mm&r=g\",\"url\":\"https:\\\/\\\/secure.gravatar.com\\\/avatar\\\/b6992f131dc8d30ab0dff15446e9d346d9dbd95992de0fef795073f5ea83a81c?s=96&d=mm&r=g\",\"contentUrl\":\"https:\\\/\\\/secure.gravatar.com\\\/avatar\\\/b6992f131dc8d30ab0dff15446e9d346d9dbd95992de0fef795073f5ea83a81c?s=96&d=mm&r=g\",\"caption\":\"La Gu\u00eda de Pamplona\"}}]}<\/script>\n<!-- \/ Yoast SEO plugin. -->","yoast_head_json":{"title":"Diecinueve federaciones colaboran estos pr\u00f3ximos Sanfermines en el espacio deportivo Sport Kids, ubicado en la Media Luna y dirigido a menores entre 8 y 14 a\u00f1os","description":"Del 7 al 14 de julio, en horario de ma\u00f1ana y tarde, se proponen actividades para conocer y aprender diferentes disciplinas deportivas","robots":{"index":"index","follow":"follow","max-snippet":"max-snippet:-1","max-image-preview":"max-image-preview:large","max-video-preview":"max-video-preview:-1"},"canonical":"https:\/\/www.laguiadepamplona.com\/actualidad\/diecinueve-federaciones-colaboran-estos-proximos-sanfermines-en-el-espacio-deportivo-sport-kids-ubicado-en-la-media-luna-y-dirigido-a-menores-entre-8-y-14-anos\/","og_locale":"es_ES","og_type":"article","og_title":"Diecinueve federaciones colaboran estos pr\u00f3ximos Sanfermines en el espacio deportivo Sport Kids, ubicado en la Media Luna y dirigido a menores entre 8 y 14 a\u00f1os","og_description":"Del 7 al 14 de julio, en horario de ma\u00f1ana y tarde, se proponen actividades para conocer y aprender diferentes disciplinas deportivas","og_url":"https:\/\/www.laguiadepamplona.com\/actualidad\/diecinueve-federaciones-colaboran-estos-proximos-sanfermines-en-el-espacio-deportivo-sport-kids-ubicado-en-la-media-luna-y-dirigido-a-menores-entre-8-y-14-anos\/","og_site_name":"La Gu\u00eda de Pamplona","article_publisher":"https:\/\/www.facebook.com\/laguiadepamplonacom-133175176762273\/?ref=hl","article_published_time":"2023-06-30T12:06:08+00:00","og_image":[{"width":1600,"height":1067,"url":"https:\/\/www.laguiadepamplona.com\/actualidad\/wp-content\/uploads\/2023\/06\/sportkidsee5a0381.webp","type":"image\/webp"}],"author":"La Gu\u00eda de Pamplona","twitter_card":"summary_large_image","twitter_creator":"@LaGuiadPamplona","twitter_site":"@LaGuiadPamplona","twitter_misc":{"Escrito por":"La Gu\u00eda de Pamplona","Tiempo de lectura":"3 minutos"},"schema":{"@context":"https:\/\/schema.org","@graph":[{"@type":"Article","@id":"https:\/\/www.laguiadepamplona.com\/actualidad\/diecinueve-federaciones-colaboran-estos-proximos-sanfermines-en-el-espacio-deportivo-sport-kids-ubicado-en-la-media-luna-y-dirigido-a-menores-entre-8-y-14-anos\/#article","isPartOf":{"@id":"https:\/\/www.laguiadepamplona.com\/actualidad\/diecinueve-federaciones-colaboran-estos-proximos-sanfermines-en-el-espacio-deportivo-sport-kids-ubicado-en-la-media-luna-y-dirigido-a-menores-entre-8-y-14-anos\/"},"author":{"name":"La Gu\u00eda de Pamplona","@id":"https:\/\/www.laguiadepamplona.com\/actualidad\/#\/schema\/person\/efe887376f0213d4657c93adc50b1fdb"},"headline":"Diecinueve federaciones colaboran estos pr\u00f3ximos Sanfermines en el espacio deportivo Sport Kids, ubicado en la Media Luna y dirigido a menores entre 8 y 14 a\u00f1os","datePublished":"2023-06-30T12:06:08+00:00","mainEntityOfPage":{"@id":"https:\/\/www.laguiadepamplona.com\/actualidad\/diecinueve-federaciones-colaboran-estos-proximos-sanfermines-en-el-espacio-deportivo-sport-kids-ubicado-en-la-media-luna-y-dirigido-a-menores-entre-8-y-14-anos\/"},"wordCount":625,"commentCount":0,"publisher":{"@id":"https:\/\/www.laguiadepamplona.com\/actualidad\/#organization"},"image":{"@id":"https:\/\/www.laguiadepamplona.com\/actualidad\/diecinueve-federaciones-colaboran-estos-proximos-sanfermines-en-el-espacio-deportivo-sport-kids-ubicado-en-la-media-luna-y-dirigido-a-menores-entre-8-y-14-anos\/#primaryimage"},"thumbnailUrl":"https:\/\/www.laguiadepamplona.com\/actualidad\/wp-content\/uploads\/2023\/06\/sportkidsee5a0381.webp","articleSection":["Ayto Pamplona"],"inLanguage":"es","potentialAction":[{"@type":"CommentAction","name":"Comment","target":["https:\/\/www.laguiadepamplona.com\/actualidad\/diecinueve-federaciones-colaboran-estos-proximos-sanfermines-en-el-espacio-deportivo-sport-kids-ubicado-en-la-media-luna-y-dirigido-a-menores-entre-8-y-14-anos\/#respond"]}]},{"@type":"WebPage","@id":"https:\/\/www.laguiadepamplona.com\/actualidad\/diecinueve-federaciones-colaboran-estos-proximos-sanfermines-en-el-espacio-deportivo-sport-kids-ubicado-en-la-media-luna-y-dirigido-a-menores-entre-8-y-14-anos\/","url":"https:\/\/www.laguiadepamplona.com\/actualidad\/diecinueve-federaciones-colaboran-estos-proximos-sanfermines-en-el-espacio-deportivo-sport-kids-ubicado-en-la-media-luna-y-dirigido-a-menores-entre-8-y-14-anos\/","name":"Diecinueve federaciones colaboran estos pr\u00f3ximos Sanfermines en el espacio deportivo Sport Kids, ubicado en la Media Luna y dirigido a menores entre 8 y 14 a\u00f1os","isPartOf":{"@id":"https:\/\/www.laguiadepamplona.com\/actualidad\/#website"},"primaryImageOfPage":{"@id":"https:\/\/www.laguiadepamplona.com\/actualidad\/diecinueve-federaciones-colaboran-estos-proximos-sanfermines-en-el-espacio-deportivo-sport-kids-ubicado-en-la-media-luna-y-dirigido-a-menores-entre-8-y-14-anos\/#primaryimage"},"image":{"@id":"https:\/\/www.laguiadepamplona.com\/actualidad\/diecinueve-federaciones-colaboran-estos-proximos-sanfermines-en-el-espacio-deportivo-sport-kids-ubicado-en-la-media-luna-y-dirigido-a-menores-entre-8-y-14-anos\/#primaryimage"},"thumbnailUrl":"https:\/\/www.laguiadepamplona.com\/actualidad\/wp-content\/uploads\/2023\/06\/sportkidsee5a0381.webp","datePublished":"2023-06-30T12:06:08+00:00","description":"Del 7 al 14 de julio, en horario de ma\u00f1ana y tarde, se proponen actividades para conocer y aprender diferentes disciplinas deportivas","breadcrumb":{"@id":"https:\/\/www.laguiadepamplona.com\/actualidad\/diecinueve-federaciones-colaboran-estos-proximos-sanfermines-en-el-espacio-deportivo-sport-kids-ubicado-en-la-media-luna-y-dirigido-a-menores-entre-8-y-14-anos\/#breadcrumb"},"inLanguage":"es","potentialAction":[{"@type":"ReadAction","target":["https:\/\/www.laguiadepamplona.com\/actualidad\/diecinueve-federaciones-colaboran-estos-proximos-sanfermines-en-el-espacio-deportivo-sport-kids-ubicado-en-la-media-luna-y-dirigido-a-menores-entre-8-y-14-anos\/"]}]},{"@type":"ImageObject","inLanguage":"es","@id":"https:\/\/www.laguiadepamplona.com\/actualidad\/diecinueve-federaciones-colaboran-estos-proximos-sanfermines-en-el-espacio-deportivo-sport-kids-ubicado-en-la-media-luna-y-dirigido-a-menores-entre-8-y-14-anos\/#primaryimage","url":"https:\/\/www.laguiadepamplona.com\/actualidad\/wp-content\/uploads\/2023\/06\/sportkidsee5a0381.webp","contentUrl":"https:\/\/www.laguiadepamplona.com\/actualidad\/wp-content\/uploads\/2023\/06\/sportkidsee5a0381.webp","width":1600,"height":1067,"caption":"sportkids"},{"@type":"BreadcrumbList","@id":"https:\/\/www.laguiadepamplona.com\/actualidad\/diecinueve-federaciones-colaboran-estos-proximos-sanfermines-en-el-espacio-deportivo-sport-kids-ubicado-en-la-media-luna-y-dirigido-a-menores-entre-8-y-14-anos\/#breadcrumb","itemListElement":[{"@type":"ListItem","position":1,"name":"Portada","item":"https:\/\/www.laguiadepamplona.com\/actualidad\/"},{"@type":"ListItem","position":2,"name":"Diecinueve federaciones colaboran estos pr\u00f3ximos Sanfermines en el espacio deportivo Sport Kids, ubicado en la Media Luna y dirigido a menores entre 8 y 14 a\u00f1os"}]},{"@type":"WebSite","@id":"https:\/\/www.laguiadepamplona.com\/actualidad\/#website","url":"https:\/\/www.laguiadepamplona.com\/actualidad\/","name":"La gu\u00eda de Pamplona","description":"Noticias de Pamplona","publisher":{"@id":"https:\/\/www.laguiadepamplona.com\/actualidad\/#organization"},"potentialAction":[{"@type":"SearchAction","target":{"@type":"EntryPoint","urlTemplate":"https:\/\/www.laguiadepamplona.com\/actualidad\/?s={search_term_string}"},"query-input":{"@type":"PropertyValueSpecification","valueRequired":true,"valueName":"search_term_string"}}],"inLanguage":"es"},{"@type":"Organization","@id":"https:\/\/www.laguiadepamplona.com\/actualidad\/#organization","name":"La Gu\u00eda de Pamplona \/ Noticias","url":"https:\/\/www.laguiadepamplona.com\/actualidad\/","logo":{"@type":"ImageObject","inLanguage":"es","@id":"https:\/\/www.laguiadepamplona.com\/actualidad\/#\/schema\/logo\/image\/","url":"https:\/\/www.laguiadepamplona.com\/actualidad\/wp-content\/uploads\/2018\/11\/logo-laguiadepamplona18-web1.png","contentUrl":"https:\/\/www.laguiadepamplona.com\/actualidad\/wp-content\/uploads\/2018\/11\/logo-laguiadepamplona18-web1.png","width":600,"height":196,"caption":"La Gu\u00eda de Pamplona \/ Noticias"},"image":{"@id":"https:\/\/www.laguiadepamplona.com\/actualidad\/#\/schema\/logo\/image\/"},"sameAs":["https:\/\/www.facebook.com\/laguiadepamplonacom-133175176762273\/?ref=hl","https:\/\/x.com\/LaGuiadPamplona","https:\/\/www.instagram.com\/la_guia_de_pamplona\/","https:\/\/www.youtube.com\/user\/laguiadepamplona"]},{"@type":"Person","@id":"https:\/\/www.laguiadepamplona.com\/actualidad\/#\/schema\/person\/efe887376f0213d4657c93adc50b1fdb","name":"La Gu\u00eda de Pamplona","image":{"@type":"ImageObject","inLanguage":"es","@id":"https:\/\/secure.gravatar.com\/avatar\/b6992f131dc8d30ab0dff15446e9d346d9dbd95992de0fef795073f5ea83a81c?s=96&d=mm&r=g","url":"https:\/\/secure.gravatar.com\/avatar\/b6992f131dc8d30ab0dff15446e9d346d9dbd95992de0fef795073f5ea83a81c?s=96&d=mm&r=g","contentUrl":"https:\/\/secure.gravatar.com\/avatar\/b6992f131dc8d30ab0dff15446e9d346d9dbd95992de0fef795073f5ea83a81c?s=96&d=mm&r=g","caption":"La Gu\u00eda de Pamplona"}}]}},"post_mailing_queue_ids":[],"_links":{"self":[{"href":"https:\/\/www.laguiadepamplona.com\/actualidad\/wp-json\/wp\/v2\/posts\/47207","targetHints":{"allow":["GET"]}}],"collection":[{"href":"https:\/\/www.laguiadepamplona.com\/actualidad\/wp-json\/wp\/v2\/posts"}],"about":[{"href":"https:\/\/www.laguiadepamplona.com\/actualidad\/wp-json\/wp\/v2\/types\/post"}],"author":[{"embeddable":true,"href":"https:\/\/www.laguiadepamplona.com\/actualidad\/wp-json\/wp\/v2\/users\/1"}],"replies":[{"embeddable":true,"href":"https:\/\/www.laguiadepamplona.com\/actualidad\/wp-json\/wp\/v2\/comments?post=47207"}],"version-history":[{"count":1,"href":"https:\/\/www.laguiadepamplona.com\/actualidad\/wp-json\/wp\/v2\/posts\/47207\/revisions"}],"predecessor-version":[{"id":47209,"href":"https:\/\/www.laguiadepamplona.com\/actualidad\/wp-json\/wp\/v2\/posts\/47207\/revisions\/47209"}],"wp:featuredmedia":[{"embeddable":true,"href":"https:\/\/www.laguiadepamplona.com\/actualidad\/wp-json\/wp\/v2\/media\/47208"}],"wp:attachment":[{"href":"https:\/\/www.laguiadepamplona.com\/actualidad\/wp-json\/wp\/v2\/media?parent=47207"}],"wp:term":[{"taxonomy":"category","embeddable":true,"href":"https:\/\/www.laguiadepamplona.com\/actualidad\/wp-json\/wp\/v2\/categories?post=47207"},{"taxonomy":"post_tag","embeddable":true,"href":"https:\/\/www.laguiadepamplona.com\/actualidad\/wp-json\/wp\/v2\/tags?post=47207"}],"curies":[{"name":"wp","href":"https:\/\/api.w.org\/{rel}","templated":true}]}}