{"id":47205,"date":"2023-06-30T14:02:42","date_gmt":"2023-06-30T12:02:42","guid":{"rendered":"https:\/\/www.laguiadepamplona.com\/actualidad\/?p=47205"},"modified":"2023-06-30T14:02:42","modified_gmt":"2023-06-30T12:02:42","slug":"el-recinto-de-la-ciudadela-se-cerrara-al-transito-peatonal-del-3-al-21-de-julio-ambos-inclusive-para-la-preparacion-y-posterior-limpieza-de-los-fuegos-artificiales-sanfermineros","status":"publish","type":"post","link":"https:\/\/www.laguiadepamplona.com\/actualidad\/el-recinto-de-la-ciudadela-se-cerrara-al-transito-peatonal-del-3-al-21-de-julio-ambos-inclusive-para-la-preparacion-y-posterior-limpieza-de-los-fuegos-artificiales-sanfermineros\/","title":{"rendered":"El recinto de la Ciudadela se cerrar\u00e1 al tr\u00e1nsito peatonal del 3 al 21 de julio, ambos inclusive, para la preparaci\u00f3n y posterior limpieza de los fuegos artificiales sanfermineros"},"content":{"rendered":"<h2>Tres exposiciones apuran sus \u00faltimos d\u00edas en el Pabell\u00f3n de Mixtos, el Polvor\u00edn, la Sala de Armas y el Horno<\/h2>\n<p><!--more--><\/p>\n<p>Como suele ser habitual en los d\u00edas previos a los Sanfermines, el recinto fortificado de la Ciudadela se cierre para poder preparar las estructuras de disparo de las colecciones de fuegos artificiales que se queman en fiestas. Desde el pr\u00f3ximo lunes 3 de julio hasta el viernes 21 de julio, ambos inclusive, la Ciudadela permanecer\u00e1 cerrada al p\u00fablico en su totalidad, tanto en lo relativo al tr\u00e1nsito peatonal por su interior como en lo que a las salas de exposiciones se refiere.<br \/>\n<script async src=\"\/\/pagead2.googlesyndication.com\/pagead\/js\/adsbygoogle.js\"><\/script><br \/>\n<!-- Noticias La Guia de Pamplona --><br \/>\n<ins class=\"adsbygoogle\"\nstyle=\"display:block\"\ndata-ad-client=\"ca-pub-6943679897239327\"\ndata-ad-slot=\"7048180777\"\ndata-ad-format=\"auto\"><\/ins><br \/>\n<script>\n(adsbygoogle = window.adsbygoogle || []).push({});\n<\/script><\/p>\n<p>La reapertura se llevar\u00e1 a cabo una semana despu\u00e9s de acabadas las fiestas, pues es necesario un periodo de tiempo para la limpieza y recuperaci\u00f3n del lugar tras el disparo de los fuegos artificiales durante nueve d\u00edas consecutivos. Se deben retirar restos pirot\u00e9cnicos que puedan haber quedado y realizar tareas de mantenimiento de las praderas, con el escarificado de la zona para remover la tierra, retirar la capa de materia muerta y permitir que el aire y los aportes de agua lleguen hasta las ra\u00edces para la regeneraci\u00f3n natural de los c\u00e9spedes.<\/p>\n<p>Este fin de semana tres exposiciones apuran sus \u00faltimos d\u00edas antes del cierre de las salas expositivas que acogen los diferentes edificios interiores de la Ciudadela. En la planta baja del Pabell\u00f3n de Mixtos, se puede visitar la muestra \u2018Relatovismo\u2019 de Protocolectivo, explora el capitalismo informacional y el relato como el artefacto que activa, discurre y camufla su existencia. En el Polvor\u00edn, expone Miguel Leache sus fotograf\u00edas en blanco y negro de \u2018R\u00e1pido REM\u2019. En el Horno y la Sala de Armas, se exhibe \u2018Pan y circo\u2019, una exposici\u00f3n colectiva, comisariada por Alicia Ventura, que reflexiona en torno a la alimentaci\u00f3n desde un enfoque multidisciplinar.<\/p>\n","protected":false},"excerpt":{"rendered":"<p>Tres exposiciones apuran sus \u00faltimos d\u00edas en el Pabell\u00f3n de Mixtos, el Polvor\u00edn, la Sala de Armas y el Horno<\/p>\n","protected":false},"author":1,"featured_media":42161,"comment_status":"open","ping_status":"closed","sticky":false,"template":"","format":"standard","meta":{"footnotes":""},"categories":[2],"tags":[],"class_list":["post-47205","post","type-post","status-publish","format-standard","has-post-thumbnail","hentry","category-ayuntamiento-pamplona"],"yoast_head":"<!-- This site is optimized with the Yoast SEO plugin v27.3 - https:\/\/yoast.com\/product\/yoast-seo-wordpress\/ -->\n<title>El recinto de la Ciudadela se cerrar\u00e1 al tr\u00e1nsito peatonal del 3 al 21 de julio, ambos inclusive, para la preparaci\u00f3n y posterior limpieza de los fuegos artificiales sanfermineros<\/title>\n<meta name=\"description\" content=\"Tres exposiciones apuran sus \u00faltimos d\u00edas en el Pabell\u00f3n de Mixtos, el Polvor\u00edn, la Sala de Armas y el Horno\" \/>\n<meta name=\"robots\" content=\"index, follow, max-snippet:-1, max-image-preview:large, max-video-preview:-1\" \/>\n<link rel=\"canonical\" href=\"https:\/\/www.laguiadepamplona.com\/actualidad\/el-recinto-de-la-ciudadela-se-cerrara-al-transito-peatonal-del-3-al-21-de-julio-ambos-inclusive-para-la-preparacion-y-posterior-limpieza-de-los-fuegos-artificiales-sanfermineros\/\" \/>\n<meta property=\"og:locale\" content=\"es_ES\" \/>\n<meta property=\"og:type\" content=\"article\" \/>\n<meta property=\"og:title\" content=\"El recinto de la Ciudadela se cerrar\u00e1 al tr\u00e1nsito peatonal del 3 al 21 de julio, ambos inclusive, para la preparaci\u00f3n y posterior limpieza de los fuegos artificiales sanfermineros\" \/>\n<meta property=\"og:description\" content=\"Tres exposiciones apuran sus \u00faltimos d\u00edas en el Pabell\u00f3n de Mixtos, el Polvor\u00edn, la Sala de Armas y el Horno\" \/>\n<meta property=\"og:url\" content=\"https:\/\/www.laguiadepamplona.com\/actualidad\/el-recinto-de-la-ciudadela-se-cerrara-al-transito-peatonal-del-3-al-21-de-julio-ambos-inclusive-para-la-preparacion-y-posterior-limpieza-de-los-fuegos-artificiales-sanfermineros\/\" \/>\n<meta property=\"og:site_name\" content=\"La Gu\u00eda de Pamplona\" \/>\n<meta property=\"article:publisher\" content=\"https:\/\/www.facebook.com\/laguiadepamplonacom-133175176762273\/?ref=hl\" \/>\n<meta property=\"article:published_time\" content=\"2023-06-30T12:02:42+00:00\" \/>\n<meta property=\"og:image\" content=\"https:\/\/www.laguiadepamplona.com\/actualidad\/wp-content\/uploads\/2022\/11\/Ciudadela_Baluarte-Real_4_LP3_7245b.webp\" \/>\n\t<meta property=\"og:image:width\" content=\"1920\" \/>\n\t<meta property=\"og:image:height\" content=\"1273\" \/>\n\t<meta property=\"og:image:type\" content=\"image\/webp\" \/>\n<meta name=\"author\" content=\"La Gu\u00eda de Pamplona\" \/>\n<meta name=\"twitter:card\" content=\"summary_large_image\" \/>\n<meta name=\"twitter:creator\" content=\"@LaGuiadPamplona\" \/>\n<meta name=\"twitter:site\" content=\"@LaGuiadPamplona\" \/>\n<meta name=\"twitter:label1\" content=\"Escrito por\" \/>\n\t<meta name=\"twitter:data1\" content=\"La Gu\u00eda de Pamplona\" \/>\n\t<meta name=\"twitter:label2\" content=\"Tiempo de lectura\" \/>\n\t<meta name=\"twitter:data2\" content=\"2 minutos\" \/>\n<script type=\"application\/ld+json\" class=\"yoast-schema-graph\">{\"@context\":\"https:\\\/\\\/schema.org\",\"@graph\":[{\"@type\":\"Article\",\"@id\":\"https:\\\/\\\/www.laguiadepamplona.com\\\/actualidad\\\/el-recinto-de-la-ciudadela-se-cerrara-al-transito-peatonal-del-3-al-21-de-julio-ambos-inclusive-para-la-preparacion-y-posterior-limpieza-de-los-fuegos-artificiales-sanfermineros\\\/#article\",\"isPartOf\":{\"@id\":\"https:\\\/\\\/www.laguiadepamplona.com\\\/actualidad\\\/el-recinto-de-la-ciudadela-se-cerrara-al-transito-peatonal-del-3-al-21-de-julio-ambos-inclusive-para-la-preparacion-y-posterior-limpieza-de-los-fuegos-artificiales-sanfermineros\\\/\"},\"author\":{\"name\":\"La Gu\u00eda de Pamplona\",\"@id\":\"https:\\\/\\\/www.laguiadepamplona.com\\\/actualidad\\\/#\\\/schema\\\/person\\\/efe887376f0213d4657c93adc50b1fdb\"},\"headline\":\"El recinto de la Ciudadela se cerrar\u00e1 al tr\u00e1nsito peatonal del 3 al 21 de julio, ambos inclusive, para la preparaci\u00f3n y posterior limpieza de los fuegos artificiales sanfermineros\",\"datePublished\":\"2023-06-30T12:02:42+00:00\",\"mainEntityOfPage\":{\"@id\":\"https:\\\/\\\/www.laguiadepamplona.com\\\/actualidad\\\/el-recinto-de-la-ciudadela-se-cerrara-al-transito-peatonal-del-3-al-21-de-julio-ambos-inclusive-para-la-preparacion-y-posterior-limpieza-de-los-fuegos-artificiales-sanfermineros\\\/\"},\"wordCount\":347,\"commentCount\":0,\"publisher\":{\"@id\":\"https:\\\/\\\/www.laguiadepamplona.com\\\/actualidad\\\/#organization\"},\"image\":{\"@id\":\"https:\\\/\\\/www.laguiadepamplona.com\\\/actualidad\\\/el-recinto-de-la-ciudadela-se-cerrara-al-transito-peatonal-del-3-al-21-de-julio-ambos-inclusive-para-la-preparacion-y-posterior-limpieza-de-los-fuegos-artificiales-sanfermineros\\\/#primaryimage\"},\"thumbnailUrl\":\"https:\\\/\\\/www.laguiadepamplona.com\\\/actualidad\\\/wp-content\\\/uploads\\\/2022\\\/11\\\/Ciudadela_Baluarte-Real_4_LP3_7245b.webp\",\"articleSection\":[\"Ayto Pamplona\"],\"inLanguage\":\"es\",\"potentialAction\":[{\"@type\":\"CommentAction\",\"name\":\"Comment\",\"target\":[\"https:\\\/\\\/www.laguiadepamplona.com\\\/actualidad\\\/el-recinto-de-la-ciudadela-se-cerrara-al-transito-peatonal-del-3-al-21-de-julio-ambos-inclusive-para-la-preparacion-y-posterior-limpieza-de-los-fuegos-artificiales-sanfermineros\\\/#respond\"]}]},{\"@type\":\"WebPage\",\"@id\":\"https:\\\/\\\/www.laguiadepamplona.com\\\/actualidad\\\/el-recinto-de-la-ciudadela-se-cerrara-al-transito-peatonal-del-3-al-21-de-julio-ambos-inclusive-para-la-preparacion-y-posterior-limpieza-de-los-fuegos-artificiales-sanfermineros\\\/\",\"url\":\"https:\\\/\\\/www.laguiadepamplona.com\\\/actualidad\\\/el-recinto-de-la-ciudadela-se-cerrara-al-transito-peatonal-del-3-al-21-de-julio-ambos-inclusive-para-la-preparacion-y-posterior-limpieza-de-los-fuegos-artificiales-sanfermineros\\\/\",\"name\":\"El recinto de la Ciudadela se cerrar\u00e1 al tr\u00e1nsito peatonal del 3 al 21 de julio, ambos inclusive, para la preparaci\u00f3n y posterior limpieza de los fuegos artificiales sanfermineros\",\"isPartOf\":{\"@id\":\"https:\\\/\\\/www.laguiadepamplona.com\\\/actualidad\\\/#website\"},\"primaryImageOfPage\":{\"@id\":\"https:\\\/\\\/www.laguiadepamplona.com\\\/actualidad\\\/el-recinto-de-la-ciudadela-se-cerrara-al-transito-peatonal-del-3-al-21-de-julio-ambos-inclusive-para-la-preparacion-y-posterior-limpieza-de-los-fuegos-artificiales-sanfermineros\\\/#primaryimage\"},\"image\":{\"@id\":\"https:\\\/\\\/www.laguiadepamplona.com\\\/actualidad\\\/el-recinto-de-la-ciudadela-se-cerrara-al-transito-peatonal-del-3-al-21-de-julio-ambos-inclusive-para-la-preparacion-y-posterior-limpieza-de-los-fuegos-artificiales-sanfermineros\\\/#primaryimage\"},\"thumbnailUrl\":\"https:\\\/\\\/www.laguiadepamplona.com\\\/actualidad\\\/wp-content\\\/uploads\\\/2022\\\/11\\\/Ciudadela_Baluarte-Real_4_LP3_7245b.webp\",\"datePublished\":\"2023-06-30T12:02:42+00:00\",\"description\":\"Tres exposiciones apuran sus \u00faltimos d\u00edas en el Pabell\u00f3n de Mixtos, el Polvor\u00edn, la Sala de Armas y el Horno\",\"breadcrumb\":{\"@id\":\"https:\\\/\\\/www.laguiadepamplona.com\\\/actualidad\\\/el-recinto-de-la-ciudadela-se-cerrara-al-transito-peatonal-del-3-al-21-de-julio-ambos-inclusive-para-la-preparacion-y-posterior-limpieza-de-los-fuegos-artificiales-sanfermineros\\\/#breadcrumb\"},\"inLanguage\":\"es\",\"potentialAction\":[{\"@type\":\"ReadAction\",\"target\":[\"https:\\\/\\\/www.laguiadepamplona.com\\\/actualidad\\\/el-recinto-de-la-ciudadela-se-cerrara-al-transito-peatonal-del-3-al-21-de-julio-ambos-inclusive-para-la-preparacion-y-posterior-limpieza-de-los-fuegos-artificiales-sanfermineros\\\/\"]}]},{\"@type\":\"ImageObject\",\"inLanguage\":\"es\",\"@id\":\"https:\\\/\\\/www.laguiadepamplona.com\\\/actualidad\\\/el-recinto-de-la-ciudadela-se-cerrara-al-transito-peatonal-del-3-al-21-de-julio-ambos-inclusive-para-la-preparacion-y-posterior-limpieza-de-los-fuegos-artificiales-sanfermineros\\\/#primaryimage\",\"url\":\"https:\\\/\\\/www.laguiadepamplona.com\\\/actualidad\\\/wp-content\\\/uploads\\\/2022\\\/11\\\/Ciudadela_Baluarte-Real_4_LP3_7245b.webp\",\"contentUrl\":\"https:\\\/\\\/www.laguiadepamplona.com\\\/actualidad\\\/wp-content\\\/uploads\\\/2022\\\/11\\\/Ciudadela_Baluarte-Real_4_LP3_7245b.webp\",\"width\":1920,\"height\":1273,\"caption\":\"ciudadela\"},{\"@type\":\"BreadcrumbList\",\"@id\":\"https:\\\/\\\/www.laguiadepamplona.com\\\/actualidad\\\/el-recinto-de-la-ciudadela-se-cerrara-al-transito-peatonal-del-3-al-21-de-julio-ambos-inclusive-para-la-preparacion-y-posterior-limpieza-de-los-fuegos-artificiales-sanfermineros\\\/#breadcrumb\",\"itemListElement\":[{\"@type\":\"ListItem\",\"position\":1,\"name\":\"Portada\",\"item\":\"https:\\\/\\\/www.laguiadepamplona.com\\\/actualidad\\\/\"},{\"@type\":\"ListItem\",\"position\":2,\"name\":\"El recinto de la Ciudadela se cerrar\u00e1 al tr\u00e1nsito peatonal del 3 al 21 de julio, ambos inclusive, para la preparaci\u00f3n y posterior limpieza de los fuegos artificiales sanfermineros\"}]},{\"@type\":\"WebSite\",\"@id\":\"https:\\\/\\\/www.laguiadepamplona.com\\\/actualidad\\\/#website\",\"url\":\"https:\\\/\\\/www.laguiadepamplona.com\\\/actualidad\\\/\",\"name\":\"La gu\u00eda de Pamplona\",\"description\":\"Noticias de Pamplona\",\"publisher\":{\"@id\":\"https:\\\/\\\/www.laguiadepamplona.com\\\/actualidad\\\/#organization\"},\"potentialAction\":[{\"@type\":\"SearchAction\",\"target\":{\"@type\":\"EntryPoint\",\"urlTemplate\":\"https:\\\/\\\/www.laguiadepamplona.com\\\/actualidad\\\/?s={search_term_string}\"},\"query-input\":{\"@type\":\"PropertyValueSpecification\",\"valueRequired\":true,\"valueName\":\"search_term_string\"}}],\"inLanguage\":\"es\"},{\"@type\":\"Organization\",\"@id\":\"https:\\\/\\\/www.laguiadepamplona.com\\\/actualidad\\\/#organization\",\"name\":\"La Gu\u00eda de Pamplona \\\/ Noticias\",\"url\":\"https:\\\/\\\/www.laguiadepamplona.com\\\/actualidad\\\/\",\"logo\":{\"@type\":\"ImageObject\",\"inLanguage\":\"es\",\"@id\":\"https:\\\/\\\/www.laguiadepamplona.com\\\/actualidad\\\/#\\\/schema\\\/logo\\\/image\\\/\",\"url\":\"https:\\\/\\\/www.laguiadepamplona.com\\\/actualidad\\\/wp-content\\\/uploads\\\/2018\\\/11\\\/logo-laguiadepamplona18-web1.png\",\"contentUrl\":\"https:\\\/\\\/www.laguiadepamplona.com\\\/actualidad\\\/wp-content\\\/uploads\\\/2018\\\/11\\\/logo-laguiadepamplona18-web1.png\",\"width\":600,\"height\":196,\"caption\":\"La Gu\u00eda de Pamplona \\\/ Noticias\"},\"image\":{\"@id\":\"https:\\\/\\\/www.laguiadepamplona.com\\\/actualidad\\\/#\\\/schema\\\/logo\\\/image\\\/\"},\"sameAs\":[\"https:\\\/\\\/www.facebook.com\\\/laguiadepamplonacom-133175176762273\\\/?ref=hl\",\"https:\\\/\\\/x.com\\\/LaGuiadPamplona\",\"https:\\\/\\\/www.instagram.com\\\/la_guia_de_pamplona\\\/\",\"https:\\\/\\\/www.youtube.com\\\/user\\\/laguiadepamplona\"]},{\"@type\":\"Person\",\"@id\":\"https:\\\/\\\/www.laguiadepamplona.com\\\/actualidad\\\/#\\\/schema\\\/person\\\/efe887376f0213d4657c93adc50b1fdb\",\"name\":\"La Gu\u00eda de Pamplona\",\"image\":{\"@type\":\"ImageObject\",\"inLanguage\":\"es\",\"@id\":\"https:\\\/\\\/secure.gravatar.com\\\/avatar\\\/b6992f131dc8d30ab0dff15446e9d346d9dbd95992de0fef795073f5ea83a81c?s=96&d=mm&r=g\",\"url\":\"https:\\\/\\\/secure.gravatar.com\\\/avatar\\\/b6992f131dc8d30ab0dff15446e9d346d9dbd95992de0fef795073f5ea83a81c?s=96&d=mm&r=g\",\"contentUrl\":\"https:\\\/\\\/secure.gravatar.com\\\/avatar\\\/b6992f131dc8d30ab0dff15446e9d346d9dbd95992de0fef795073f5ea83a81c?s=96&d=mm&r=g\",\"caption\":\"La Gu\u00eda de Pamplona\"}}]}<\/script>\n<!-- \/ Yoast SEO plugin. -->","yoast_head_json":{"title":"El recinto de la Ciudadela se cerrar\u00e1 al tr\u00e1nsito peatonal del 3 al 21 de julio, ambos inclusive, para la preparaci\u00f3n y posterior limpieza de los fuegos artificiales sanfermineros","description":"Tres exposiciones apuran sus \u00faltimos d\u00edas en el Pabell\u00f3n de Mixtos, el Polvor\u00edn, la Sala de Armas y el Horno","robots":{"index":"index","follow":"follow","max-snippet":"max-snippet:-1","max-image-preview":"max-image-preview:large","max-video-preview":"max-video-preview:-1"},"canonical":"https:\/\/www.laguiadepamplona.com\/actualidad\/el-recinto-de-la-ciudadela-se-cerrara-al-transito-peatonal-del-3-al-21-de-julio-ambos-inclusive-para-la-preparacion-y-posterior-limpieza-de-los-fuegos-artificiales-sanfermineros\/","og_locale":"es_ES","og_type":"article","og_title":"El recinto de la Ciudadela se cerrar\u00e1 al tr\u00e1nsito peatonal del 3 al 21 de julio, ambos inclusive, para la preparaci\u00f3n y posterior limpieza de los fuegos artificiales sanfermineros","og_description":"Tres exposiciones apuran sus \u00faltimos d\u00edas en el Pabell\u00f3n de Mixtos, el Polvor\u00edn, la Sala de Armas y el Horno","og_url":"https:\/\/www.laguiadepamplona.com\/actualidad\/el-recinto-de-la-ciudadela-se-cerrara-al-transito-peatonal-del-3-al-21-de-julio-ambos-inclusive-para-la-preparacion-y-posterior-limpieza-de-los-fuegos-artificiales-sanfermineros\/","og_site_name":"La Gu\u00eda de Pamplona","article_publisher":"https:\/\/www.facebook.com\/laguiadepamplonacom-133175176762273\/?ref=hl","article_published_time":"2023-06-30T12:02:42+00:00","og_image":[{"width":1920,"height":1273,"url":"https:\/\/www.laguiadepamplona.com\/actualidad\/wp-content\/uploads\/2022\/11\/Ciudadela_Baluarte-Real_4_LP3_7245b.webp","type":"image\/webp"}],"author":"La Gu\u00eda de Pamplona","twitter_card":"summary_large_image","twitter_creator":"@LaGuiadPamplona","twitter_site":"@LaGuiadPamplona","twitter_misc":{"Escrito por":"La Gu\u00eda de Pamplona","Tiempo de lectura":"2 minutos"},"schema":{"@context":"https:\/\/schema.org","@graph":[{"@type":"Article","@id":"https:\/\/www.laguiadepamplona.com\/actualidad\/el-recinto-de-la-ciudadela-se-cerrara-al-transito-peatonal-del-3-al-21-de-julio-ambos-inclusive-para-la-preparacion-y-posterior-limpieza-de-los-fuegos-artificiales-sanfermineros\/#article","isPartOf":{"@id":"https:\/\/www.laguiadepamplona.com\/actualidad\/el-recinto-de-la-ciudadela-se-cerrara-al-transito-peatonal-del-3-al-21-de-julio-ambos-inclusive-para-la-preparacion-y-posterior-limpieza-de-los-fuegos-artificiales-sanfermineros\/"},"author":{"name":"La Gu\u00eda de Pamplona","@id":"https:\/\/www.laguiadepamplona.com\/actualidad\/#\/schema\/person\/efe887376f0213d4657c93adc50b1fdb"},"headline":"El recinto de la Ciudadela se cerrar\u00e1 al tr\u00e1nsito peatonal del 3 al 21 de julio, ambos inclusive, para la preparaci\u00f3n y posterior limpieza de los fuegos artificiales sanfermineros","datePublished":"2023-06-30T12:02:42+00:00","mainEntityOfPage":{"@id":"https:\/\/www.laguiadepamplona.com\/actualidad\/el-recinto-de-la-ciudadela-se-cerrara-al-transito-peatonal-del-3-al-21-de-julio-ambos-inclusive-para-la-preparacion-y-posterior-limpieza-de-los-fuegos-artificiales-sanfermineros\/"},"wordCount":347,"commentCount":0,"publisher":{"@id":"https:\/\/www.laguiadepamplona.com\/actualidad\/#organization"},"image":{"@id":"https:\/\/www.laguiadepamplona.com\/actualidad\/el-recinto-de-la-ciudadela-se-cerrara-al-transito-peatonal-del-3-al-21-de-julio-ambos-inclusive-para-la-preparacion-y-posterior-limpieza-de-los-fuegos-artificiales-sanfermineros\/#primaryimage"},"thumbnailUrl":"https:\/\/www.laguiadepamplona.com\/actualidad\/wp-content\/uploads\/2022\/11\/Ciudadela_Baluarte-Real_4_LP3_7245b.webp","articleSection":["Ayto Pamplona"],"inLanguage":"es","potentialAction":[{"@type":"CommentAction","name":"Comment","target":["https:\/\/www.laguiadepamplona.com\/actualidad\/el-recinto-de-la-ciudadela-se-cerrara-al-transito-peatonal-del-3-al-21-de-julio-ambos-inclusive-para-la-preparacion-y-posterior-limpieza-de-los-fuegos-artificiales-sanfermineros\/#respond"]}]},{"@type":"WebPage","@id":"https:\/\/www.laguiadepamplona.com\/actualidad\/el-recinto-de-la-ciudadela-se-cerrara-al-transito-peatonal-del-3-al-21-de-julio-ambos-inclusive-para-la-preparacion-y-posterior-limpieza-de-los-fuegos-artificiales-sanfermineros\/","url":"https:\/\/www.laguiadepamplona.com\/actualidad\/el-recinto-de-la-ciudadela-se-cerrara-al-transito-peatonal-del-3-al-21-de-julio-ambos-inclusive-para-la-preparacion-y-posterior-limpieza-de-los-fuegos-artificiales-sanfermineros\/","name":"El recinto de la Ciudadela se cerrar\u00e1 al tr\u00e1nsito peatonal del 3 al 21 de julio, ambos inclusive, para la preparaci\u00f3n y posterior limpieza de los fuegos artificiales sanfermineros","isPartOf":{"@id":"https:\/\/www.laguiadepamplona.com\/actualidad\/#website"},"primaryImageOfPage":{"@id":"https:\/\/www.laguiadepamplona.com\/actualidad\/el-recinto-de-la-ciudadela-se-cerrara-al-transito-peatonal-del-3-al-21-de-julio-ambos-inclusive-para-la-preparacion-y-posterior-limpieza-de-los-fuegos-artificiales-sanfermineros\/#primaryimage"},"image":{"@id":"https:\/\/www.laguiadepamplona.com\/actualidad\/el-recinto-de-la-ciudadela-se-cerrara-al-transito-peatonal-del-3-al-21-de-julio-ambos-inclusive-para-la-preparacion-y-posterior-limpieza-de-los-fuegos-artificiales-sanfermineros\/#primaryimage"},"thumbnailUrl":"https:\/\/www.laguiadepamplona.com\/actualidad\/wp-content\/uploads\/2022\/11\/Ciudadela_Baluarte-Real_4_LP3_7245b.webp","datePublished":"2023-06-30T12:02:42+00:00","description":"Tres exposiciones apuran sus \u00faltimos d\u00edas en el Pabell\u00f3n de Mixtos, el Polvor\u00edn, la Sala de Armas y el Horno","breadcrumb":{"@id":"https:\/\/www.laguiadepamplona.com\/actualidad\/el-recinto-de-la-ciudadela-se-cerrara-al-transito-peatonal-del-3-al-21-de-julio-ambos-inclusive-para-la-preparacion-y-posterior-limpieza-de-los-fuegos-artificiales-sanfermineros\/#breadcrumb"},"inLanguage":"es","potentialAction":[{"@type":"ReadAction","target":["https:\/\/www.laguiadepamplona.com\/actualidad\/el-recinto-de-la-ciudadela-se-cerrara-al-transito-peatonal-del-3-al-21-de-julio-ambos-inclusive-para-la-preparacion-y-posterior-limpieza-de-los-fuegos-artificiales-sanfermineros\/"]}]},{"@type":"ImageObject","inLanguage":"es","@id":"https:\/\/www.laguiadepamplona.com\/actualidad\/el-recinto-de-la-ciudadela-se-cerrara-al-transito-peatonal-del-3-al-21-de-julio-ambos-inclusive-para-la-preparacion-y-posterior-limpieza-de-los-fuegos-artificiales-sanfermineros\/#primaryimage","url":"https:\/\/www.laguiadepamplona.com\/actualidad\/wp-content\/uploads\/2022\/11\/Ciudadela_Baluarte-Real_4_LP3_7245b.webp","contentUrl":"https:\/\/www.laguiadepamplona.com\/actualidad\/wp-content\/uploads\/2022\/11\/Ciudadela_Baluarte-Real_4_LP3_7245b.webp","width":1920,"height":1273,"caption":"ciudadela"},{"@type":"BreadcrumbList","@id":"https:\/\/www.laguiadepamplona.com\/actualidad\/el-recinto-de-la-ciudadela-se-cerrara-al-transito-peatonal-del-3-al-21-de-julio-ambos-inclusive-para-la-preparacion-y-posterior-limpieza-de-los-fuegos-artificiales-sanfermineros\/#breadcrumb","itemListElement":[{"@type":"ListItem","position":1,"name":"Portada","item":"https:\/\/www.laguiadepamplona.com\/actualidad\/"},{"@type":"ListItem","position":2,"name":"El recinto de la Ciudadela se cerrar\u00e1 al tr\u00e1nsito peatonal del 3 al 21 de julio, ambos inclusive, para la preparaci\u00f3n y posterior limpieza de los fuegos artificiales sanfermineros"}]},{"@type":"WebSite","@id":"https:\/\/www.laguiadepamplona.com\/actualidad\/#website","url":"https:\/\/www.laguiadepamplona.com\/actualidad\/","name":"La gu\u00eda de Pamplona","description":"Noticias de Pamplona","publisher":{"@id":"https:\/\/www.laguiadepamplona.com\/actualidad\/#organization"},"potentialAction":[{"@type":"SearchAction","target":{"@type":"EntryPoint","urlTemplate":"https:\/\/www.laguiadepamplona.com\/actualidad\/?s={search_term_string}"},"query-input":{"@type":"PropertyValueSpecification","valueRequired":true,"valueName":"search_term_string"}}],"inLanguage":"es"},{"@type":"Organization","@id":"https:\/\/www.laguiadepamplona.com\/actualidad\/#organization","name":"La Gu\u00eda de Pamplona \/ Noticias","url":"https:\/\/www.laguiadepamplona.com\/actualidad\/","logo":{"@type":"ImageObject","inLanguage":"es","@id":"https:\/\/www.laguiadepamplona.com\/actualidad\/#\/schema\/logo\/image\/","url":"https:\/\/www.laguiadepamplona.com\/actualidad\/wp-content\/uploads\/2018\/11\/logo-laguiadepamplona18-web1.png","contentUrl":"https:\/\/www.laguiadepamplona.com\/actualidad\/wp-content\/uploads\/2018\/11\/logo-laguiadepamplona18-web1.png","width":600,"height":196,"caption":"La Gu\u00eda de Pamplona \/ Noticias"},"image":{"@id":"https:\/\/www.laguiadepamplona.com\/actualidad\/#\/schema\/logo\/image\/"},"sameAs":["https:\/\/www.facebook.com\/laguiadepamplonacom-133175176762273\/?ref=hl","https:\/\/x.com\/LaGuiadPamplona","https:\/\/www.instagram.com\/la_guia_de_pamplona\/","https:\/\/www.youtube.com\/user\/laguiadepamplona"]},{"@type":"Person","@id":"https:\/\/www.laguiadepamplona.com\/actualidad\/#\/schema\/person\/efe887376f0213d4657c93adc50b1fdb","name":"La Gu\u00eda de Pamplona","image":{"@type":"ImageObject","inLanguage":"es","@id":"https:\/\/secure.gravatar.com\/avatar\/b6992f131dc8d30ab0dff15446e9d346d9dbd95992de0fef795073f5ea83a81c?s=96&d=mm&r=g","url":"https:\/\/secure.gravatar.com\/avatar\/b6992f131dc8d30ab0dff15446e9d346d9dbd95992de0fef795073f5ea83a81c?s=96&d=mm&r=g","contentUrl":"https:\/\/secure.gravatar.com\/avatar\/b6992f131dc8d30ab0dff15446e9d346d9dbd95992de0fef795073f5ea83a81c?s=96&d=mm&r=g","caption":"La Gu\u00eda de Pamplona"}}]}},"post_mailing_queue_ids":[],"_links":{"self":[{"href":"https:\/\/www.laguiadepamplona.com\/actualidad\/wp-json\/wp\/v2\/posts\/47205","targetHints":{"allow":["GET"]}}],"collection":[{"href":"https:\/\/www.laguiadepamplona.com\/actualidad\/wp-json\/wp\/v2\/posts"}],"about":[{"href":"https:\/\/www.laguiadepamplona.com\/actualidad\/wp-json\/wp\/v2\/types\/post"}],"author":[{"embeddable":true,"href":"https:\/\/www.laguiadepamplona.com\/actualidad\/wp-json\/wp\/v2\/users\/1"}],"replies":[{"embeddable":true,"href":"https:\/\/www.laguiadepamplona.com\/actualidad\/wp-json\/wp\/v2\/comments?post=47205"}],"version-history":[{"count":1,"href":"https:\/\/www.laguiadepamplona.com\/actualidad\/wp-json\/wp\/v2\/posts\/47205\/revisions"}],"predecessor-version":[{"id":47206,"href":"https:\/\/www.laguiadepamplona.com\/actualidad\/wp-json\/wp\/v2\/posts\/47205\/revisions\/47206"}],"wp:featuredmedia":[{"embeddable":true,"href":"https:\/\/www.laguiadepamplona.com\/actualidad\/wp-json\/wp\/v2\/media\/42161"}],"wp:attachment":[{"href":"https:\/\/www.laguiadepamplona.com\/actualidad\/wp-json\/wp\/v2\/media?parent=47205"}],"wp:term":[{"taxonomy":"category","embeddable":true,"href":"https:\/\/www.laguiadepamplona.com\/actualidad\/wp-json\/wp\/v2\/categories?post=47205"},{"taxonomy":"post_tag","embeddable":true,"href":"https:\/\/www.laguiadepamplona.com\/actualidad\/wp-json\/wp\/v2\/tags?post=47205"}],"curies":[{"name":"wp","href":"https:\/\/api.w.org\/{rel}","templated":true}]}}