{"id":47202,"date":"2023-06-30T14:01:01","date_gmt":"2023-06-30T12:01:01","guid":{"rendered":"https:\/\/www.laguiadepamplona.com\/actualidad\/?p=47202"},"modified":"2023-06-30T14:01:01","modified_gmt":"2023-06-30T12:01:01","slug":"la-pamplonesa-adelantara-los-sanfermines-unos-dias-con-su-tradicional-concierto-previo-a-las-fiestas-este-sabado-en-la-plaza-consistorial","status":"publish","type":"post","link":"https:\/\/www.laguiadepamplona.com\/actualidad\/la-pamplonesa-adelantara-los-sanfermines-unos-dias-con-su-tradicional-concierto-previo-a-las-fiestas-este-sabado-en-la-plaza-consistorial\/","title":{"rendered":"La Pamplonesa adelantar\u00e1 los Sanfermines unos d\u00edas con su tradicional concierto previo a las fiestas este s\u00e1bado en la Plaza Consistorial"},"content":{"rendered":"<h2>El concierto comenzar\u00e1 a las 20 horas, bajo la direcci\u00f3n de Jes\u00fas Garisoain, y con la interpretaci\u00f3n de muchas melod\u00edas populares sanfermineros<\/h2>\n<p><!--more--><\/p>\n<p>Jotas, pasacalles, dianas, pasodobles\u2026 La Pamplonesa act\u00faa este s\u00e1bado en el tradicional concierto presanferminero con un programa repleto de canciones tradicionales de los Sanfermines que el p\u00fablico asistente podr\u00e1 tararear y aplaudir. La actuaci\u00f3n comenzar\u00e1 a las 20 horas en la Plaza Consistorial, al aire libre, y abierto al p\u00fablico que quiera anticipar las fiestas. La banda municipal estar\u00e1 dirigida por Jes\u00fas Garisoain.<br \/>\n<script async src=\"\/\/pagead2.googlesyndication.com\/pagead\/js\/adsbygoogle.js\"><\/script><br \/>\n<!-- Noticias La Guia de Pamplona --><br \/>\n<ins class=\"adsbygoogle\"\nstyle=\"display:block\"\ndata-ad-client=\"ca-pub-6943679897239327\"\ndata-ad-slot=\"7048180777\"\ndata-ad-format=\"auto\"><\/ins><br \/>\n<script>\n(adsbygoogle = window.adsbygoogle || []).push({});\n<\/script><\/p>\n<p>El concierto comenzar\u00e1 con el pasacalle popular \u2018\u00a1\u00c1nimo pues!\u2019 y con el pasodoble \u2018Clar\u00edn de fiestas\u2019 del maestro Turrillas. El pasacalle popular \u2018Las siete calles\u2019 y una selecci\u00f3n de cantos populares de fiestas, de R. Vidal, dar\u00e1n continuidad a la actuaci\u00f3n de La Pamplonesa. \u2018Pamplona feria del toro\u2019, tambi\u00e9n de Turrillas, la marcha \u2018Mochol\u00ed\u2019 de D. Vela, \u2018El asombro de Damasco\u2019 de P. Luna y \u2018Deba\u2019 de Sorozabal mantendr\u00e1n al p\u00fablico en el ambiente presanferminero. Las jotas y dianas completar\u00e1n el programa, con la \u2018Alegr\u00eda sanferminera\u2019 de Turrillas y \u2018La Pilindros\u2019 y \u2018La Dominguera\u2019 de Cervantes.<\/p>\n<p>La Pamplonesa volver\u00e1 a ser protagonista ya en los Sanfermines. El 6 de julio volver\u00e1n a las calles tras el Chupinazo y la interpretaci\u00f3n de la \u2018Biribilketa\u2019 de Ga\u00ednza desde el zagu\u00e1n de la Casa Consistorial. Comenzar\u00e1n entonces nueve d\u00edas de Sanfermines en los que la banda municipal de m\u00fasica se multiplicar\u00e1 para actuar en las dianas, los desfiles de mulillas, las corridas de toros o en los acompa\u00f1amientos institucionales en el cuerpo de ciudad en la Procesi\u00f3n y la Octava de San Ferm\u00edn, los d\u00edas 7 y 14 de julio.<br \/>\n<script async src=\"\/\/pagead2.googlesyndication.com\/pagead\/js\/adsbygoogle.js\"><\/script><br \/>\n<!-- Noticias La Guia de Pamplona --><br \/>\n<ins class=\"adsbygoogle\"\nstyle=\"display:block\"\ndata-ad-client=\"ca-pub-6943679897239327\"\ndata-ad-slot=\"7048180777\"\ndata-ad-format=\"auto\"><\/ins><br \/>\n<script>\n(adsbygoogle = window.adsbygoogle || []).push({});\n<\/script><\/p>\n<p>&nbsp;<\/p>\n<h3>Programa. Concierto presanferminero. La Pamplonesa<\/h3>\n<ul>\n<li>\u00a1\u00c1nimo pues! (pasacalle) \u2013 Popular<\/li>\n<li>Clar\u00edn de fiestas (pasodoble) \u2013 M. Turrillas<\/li>\n<li>Las siete calles (pasacalle) \u2013 Popular<\/li>\n<li>Cantos populares (Selecci\u00f3n) \u2013 R. Vidal<\/li>\n<li>Pamplona feria del toro (pasodoble) \u2013 M. Turrillas<\/li>\n<li>Mochol\u00ed (marcha) \u2013 D. Vela<\/li>\n<li>El asombro de Damasco (pasodoble) \u2013 P. Luna<\/li>\n<li>Deba (marcha) \u2013 P. Sorozabal<\/li>\n<li>Alegr\u00eda sanferminera (vals-jota) \u2013 M. Turrillas<\/li>\n<li>La Pilindros (jota) \u2013 S. Cervantes<\/li>\n<li>Dianas 1-4 \u2013 Popular<\/li>\n<li>La Dominguera (jota) \u2013 S. Cervantes<\/li>\n<\/ul>\n","protected":false},"excerpt":{"rendered":"<p>El concierto comenzar\u00e1 a las 20 horas, bajo la direcci\u00f3n de Jes\u00fas Garisoain, y con la interpretaci\u00f3n de muchas melod\u00edas populares sanfermineros<\/p>\n","protected":false},"author":1,"featured_media":47203,"comment_status":"open","ping_status":"closed","sticky":false,"template":"","format":"standard","meta":{"footnotes":""},"categories":[2],"tags":[],"class_list":["post-47202","post","type-post","status-publish","format-standard","has-post-thumbnail","hentry","category-ayuntamiento-pamplona"],"yoast_head":"<!-- This site is optimized with the Yoast SEO plugin v27.3 - https:\/\/yoast.com\/product\/yoast-seo-wordpress\/ -->\n<title>La Pamplonesa adelantar\u00e1 los Sanfermines unos d\u00edas con su tradicional concierto previo a las fiestas este s\u00e1bado en la Plaza Consistorial<\/title>\n<meta name=\"description\" content=\"El concierto comenzar\u00e1 a las 20 horas, bajo la direcci\u00f3n de Jes\u00fas Garisoain, y con la interpretaci\u00f3n de muchas melod\u00edas populares sanfermineros\" \/>\n<meta name=\"robots\" content=\"index, follow, max-snippet:-1, max-image-preview:large, max-video-preview:-1\" \/>\n<link rel=\"canonical\" href=\"https:\/\/www.laguiadepamplona.com\/actualidad\/la-pamplonesa-adelantara-los-sanfermines-unos-dias-con-su-tradicional-concierto-previo-a-las-fiestas-este-sabado-en-la-plaza-consistorial\/\" \/>\n<meta property=\"og:locale\" content=\"es_ES\" \/>\n<meta property=\"og:type\" content=\"article\" \/>\n<meta property=\"og:title\" content=\"La Pamplonesa adelantar\u00e1 los Sanfermines unos d\u00edas con su tradicional concierto previo a las fiestas este s\u00e1bado en la Plaza Consistorial\" \/>\n<meta property=\"og:description\" content=\"El concierto comenzar\u00e1 a las 20 horas, bajo la direcci\u00f3n de Jes\u00fas Garisoain, y con la interpretaci\u00f3n de muchas melod\u00edas populares sanfermineros\" \/>\n<meta property=\"og:url\" content=\"https:\/\/www.laguiadepamplona.com\/actualidad\/la-pamplonesa-adelantara-los-sanfermines-unos-dias-con-su-tradicional-concierto-previo-a-las-fiestas-este-sabado-en-la-plaza-consistorial\/\" \/>\n<meta property=\"og:site_name\" content=\"La Gu\u00eda de Pamplona\" \/>\n<meta property=\"article:publisher\" content=\"https:\/\/www.facebook.com\/laguiadepamplonacom-133175176762273\/?ref=hl\" \/>\n<meta property=\"article:published_time\" content=\"2023-06-30T12:01:01+00:00\" \/>\n<meta property=\"og:image\" content=\"https:\/\/www.laguiadepamplona.com\/actualidad\/wp-content\/uploads\/2023\/06\/LA-PAMPLONAESA_EE5A9251.webp\" \/>\n\t<meta property=\"og:image:width\" content=\"1600\" \/>\n\t<meta property=\"og:image:height\" content=\"1067\" \/>\n\t<meta property=\"og:image:type\" content=\"image\/webp\" \/>\n<meta name=\"author\" content=\"La Gu\u00eda de Pamplona\" \/>\n<meta name=\"twitter:card\" content=\"summary_large_image\" \/>\n<meta name=\"twitter:creator\" content=\"@LaGuiadPamplona\" \/>\n<meta name=\"twitter:site\" content=\"@LaGuiadPamplona\" \/>\n<meta name=\"twitter:label1\" content=\"Escrito por\" \/>\n\t<meta name=\"twitter:data1\" content=\"La Gu\u00eda de Pamplona\" \/>\n\t<meta name=\"twitter:label2\" content=\"Tiempo de lectura\" \/>\n\t<meta name=\"twitter:data2\" content=\"2 minutos\" \/>\n<script type=\"application\/ld+json\" class=\"yoast-schema-graph\">{\"@context\":\"https:\\\/\\\/schema.org\",\"@graph\":[{\"@type\":\"Article\",\"@id\":\"https:\\\/\\\/www.laguiadepamplona.com\\\/actualidad\\\/la-pamplonesa-adelantara-los-sanfermines-unos-dias-con-su-tradicional-concierto-previo-a-las-fiestas-este-sabado-en-la-plaza-consistorial\\\/#article\",\"isPartOf\":{\"@id\":\"https:\\\/\\\/www.laguiadepamplona.com\\\/actualidad\\\/la-pamplonesa-adelantara-los-sanfermines-unos-dias-con-su-tradicional-concierto-previo-a-las-fiestas-este-sabado-en-la-plaza-consistorial\\\/\"},\"author\":{\"name\":\"La Gu\u00eda de Pamplona\",\"@id\":\"https:\\\/\\\/www.laguiadepamplona.com\\\/actualidad\\\/#\\\/schema\\\/person\\\/efe887376f0213d4657c93adc50b1fdb\"},\"headline\":\"La Pamplonesa adelantar\u00e1 los Sanfermines unos d\u00edas con su tradicional concierto previo a las fiestas este s\u00e1bado en la Plaza Consistorial\",\"datePublished\":\"2023-06-30T12:01:01+00:00\",\"mainEntityOfPage\":{\"@id\":\"https:\\\/\\\/www.laguiadepamplona.com\\\/actualidad\\\/la-pamplonesa-adelantara-los-sanfermines-unos-dias-con-su-tradicional-concierto-previo-a-las-fiestas-este-sabado-en-la-plaza-consistorial\\\/\"},\"wordCount\":389,\"commentCount\":0,\"publisher\":{\"@id\":\"https:\\\/\\\/www.laguiadepamplona.com\\\/actualidad\\\/#organization\"},\"image\":{\"@id\":\"https:\\\/\\\/www.laguiadepamplona.com\\\/actualidad\\\/la-pamplonesa-adelantara-los-sanfermines-unos-dias-con-su-tradicional-concierto-previo-a-las-fiestas-este-sabado-en-la-plaza-consistorial\\\/#primaryimage\"},\"thumbnailUrl\":\"https:\\\/\\\/www.laguiadepamplona.com\\\/actualidad\\\/wp-content\\\/uploads\\\/2023\\\/06\\\/LA-PAMPLONAESA_EE5A9251.webp\",\"articleSection\":[\"Ayto Pamplona\"],\"inLanguage\":\"es\",\"potentialAction\":[{\"@type\":\"CommentAction\",\"name\":\"Comment\",\"target\":[\"https:\\\/\\\/www.laguiadepamplona.com\\\/actualidad\\\/la-pamplonesa-adelantara-los-sanfermines-unos-dias-con-su-tradicional-concierto-previo-a-las-fiestas-este-sabado-en-la-plaza-consistorial\\\/#respond\"]}]},{\"@type\":\"WebPage\",\"@id\":\"https:\\\/\\\/www.laguiadepamplona.com\\\/actualidad\\\/la-pamplonesa-adelantara-los-sanfermines-unos-dias-con-su-tradicional-concierto-previo-a-las-fiestas-este-sabado-en-la-plaza-consistorial\\\/\",\"url\":\"https:\\\/\\\/www.laguiadepamplona.com\\\/actualidad\\\/la-pamplonesa-adelantara-los-sanfermines-unos-dias-con-su-tradicional-concierto-previo-a-las-fiestas-este-sabado-en-la-plaza-consistorial\\\/\",\"name\":\"La Pamplonesa adelantar\u00e1 los Sanfermines unos d\u00edas con su tradicional concierto previo a las fiestas este s\u00e1bado en la Plaza Consistorial\",\"isPartOf\":{\"@id\":\"https:\\\/\\\/www.laguiadepamplona.com\\\/actualidad\\\/#website\"},\"primaryImageOfPage\":{\"@id\":\"https:\\\/\\\/www.laguiadepamplona.com\\\/actualidad\\\/la-pamplonesa-adelantara-los-sanfermines-unos-dias-con-su-tradicional-concierto-previo-a-las-fiestas-este-sabado-en-la-plaza-consistorial\\\/#primaryimage\"},\"image\":{\"@id\":\"https:\\\/\\\/www.laguiadepamplona.com\\\/actualidad\\\/la-pamplonesa-adelantara-los-sanfermines-unos-dias-con-su-tradicional-concierto-previo-a-las-fiestas-este-sabado-en-la-plaza-consistorial\\\/#primaryimage\"},\"thumbnailUrl\":\"https:\\\/\\\/www.laguiadepamplona.com\\\/actualidad\\\/wp-content\\\/uploads\\\/2023\\\/06\\\/LA-PAMPLONAESA_EE5A9251.webp\",\"datePublished\":\"2023-06-30T12:01:01+00:00\",\"description\":\"El concierto comenzar\u00e1 a las 20 horas, bajo la direcci\u00f3n de Jes\u00fas Garisoain, y con la interpretaci\u00f3n de muchas melod\u00edas populares sanfermineros\",\"breadcrumb\":{\"@id\":\"https:\\\/\\\/www.laguiadepamplona.com\\\/actualidad\\\/la-pamplonesa-adelantara-los-sanfermines-unos-dias-con-su-tradicional-concierto-previo-a-las-fiestas-este-sabado-en-la-plaza-consistorial\\\/#breadcrumb\"},\"inLanguage\":\"es\",\"potentialAction\":[{\"@type\":\"ReadAction\",\"target\":[\"https:\\\/\\\/www.laguiadepamplona.com\\\/actualidad\\\/la-pamplonesa-adelantara-los-sanfermines-unos-dias-con-su-tradicional-concierto-previo-a-las-fiestas-este-sabado-en-la-plaza-consistorial\\\/\"]}]},{\"@type\":\"ImageObject\",\"inLanguage\":\"es\",\"@id\":\"https:\\\/\\\/www.laguiadepamplona.com\\\/actualidad\\\/la-pamplonesa-adelantara-los-sanfermines-unos-dias-con-su-tradicional-concierto-previo-a-las-fiestas-este-sabado-en-la-plaza-consistorial\\\/#primaryimage\",\"url\":\"https:\\\/\\\/www.laguiadepamplona.com\\\/actualidad\\\/wp-content\\\/uploads\\\/2023\\\/06\\\/LA-PAMPLONAESA_EE5A9251.webp\",\"contentUrl\":\"https:\\\/\\\/www.laguiadepamplona.com\\\/actualidad\\\/wp-content\\\/uploads\\\/2023\\\/06\\\/LA-PAMPLONAESA_EE5A9251.webp\",\"width\":1600,\"height\":1067,\"caption\":\"Pamplonesa\"},{\"@type\":\"BreadcrumbList\",\"@id\":\"https:\\\/\\\/www.laguiadepamplona.com\\\/actualidad\\\/la-pamplonesa-adelantara-los-sanfermines-unos-dias-con-su-tradicional-concierto-previo-a-las-fiestas-este-sabado-en-la-plaza-consistorial\\\/#breadcrumb\",\"itemListElement\":[{\"@type\":\"ListItem\",\"position\":1,\"name\":\"Portada\",\"item\":\"https:\\\/\\\/www.laguiadepamplona.com\\\/actualidad\\\/\"},{\"@type\":\"ListItem\",\"position\":2,\"name\":\"La Pamplonesa adelantar\u00e1 los Sanfermines unos d\u00edas con su tradicional concierto previo a las fiestas este s\u00e1bado en la Plaza Consistorial\"}]},{\"@type\":\"WebSite\",\"@id\":\"https:\\\/\\\/www.laguiadepamplona.com\\\/actualidad\\\/#website\",\"url\":\"https:\\\/\\\/www.laguiadepamplona.com\\\/actualidad\\\/\",\"name\":\"La gu\u00eda de Pamplona\",\"description\":\"Noticias de Pamplona\",\"publisher\":{\"@id\":\"https:\\\/\\\/www.laguiadepamplona.com\\\/actualidad\\\/#organization\"},\"potentialAction\":[{\"@type\":\"SearchAction\",\"target\":{\"@type\":\"EntryPoint\",\"urlTemplate\":\"https:\\\/\\\/www.laguiadepamplona.com\\\/actualidad\\\/?s={search_term_string}\"},\"query-input\":{\"@type\":\"PropertyValueSpecification\",\"valueRequired\":true,\"valueName\":\"search_term_string\"}}],\"inLanguage\":\"es\"},{\"@type\":\"Organization\",\"@id\":\"https:\\\/\\\/www.laguiadepamplona.com\\\/actualidad\\\/#organization\",\"name\":\"La Gu\u00eda de Pamplona \\\/ Noticias\",\"url\":\"https:\\\/\\\/www.laguiadepamplona.com\\\/actualidad\\\/\",\"logo\":{\"@type\":\"ImageObject\",\"inLanguage\":\"es\",\"@id\":\"https:\\\/\\\/www.laguiadepamplona.com\\\/actualidad\\\/#\\\/schema\\\/logo\\\/image\\\/\",\"url\":\"https:\\\/\\\/www.laguiadepamplona.com\\\/actualidad\\\/wp-content\\\/uploads\\\/2018\\\/11\\\/logo-laguiadepamplona18-web1.png\",\"contentUrl\":\"https:\\\/\\\/www.laguiadepamplona.com\\\/actualidad\\\/wp-content\\\/uploads\\\/2018\\\/11\\\/logo-laguiadepamplona18-web1.png\",\"width\":600,\"height\":196,\"caption\":\"La Gu\u00eda de Pamplona \\\/ Noticias\"},\"image\":{\"@id\":\"https:\\\/\\\/www.laguiadepamplona.com\\\/actualidad\\\/#\\\/schema\\\/logo\\\/image\\\/\"},\"sameAs\":[\"https:\\\/\\\/www.facebook.com\\\/laguiadepamplonacom-133175176762273\\\/?ref=hl\",\"https:\\\/\\\/x.com\\\/LaGuiadPamplona\",\"https:\\\/\\\/www.instagram.com\\\/la_guia_de_pamplona\\\/\",\"https:\\\/\\\/www.youtube.com\\\/user\\\/laguiadepamplona\"]},{\"@type\":\"Person\",\"@id\":\"https:\\\/\\\/www.laguiadepamplona.com\\\/actualidad\\\/#\\\/schema\\\/person\\\/efe887376f0213d4657c93adc50b1fdb\",\"name\":\"La Gu\u00eda de Pamplona\",\"image\":{\"@type\":\"ImageObject\",\"inLanguage\":\"es\",\"@id\":\"https:\\\/\\\/secure.gravatar.com\\\/avatar\\\/b6992f131dc8d30ab0dff15446e9d346d9dbd95992de0fef795073f5ea83a81c?s=96&d=mm&r=g\",\"url\":\"https:\\\/\\\/secure.gravatar.com\\\/avatar\\\/b6992f131dc8d30ab0dff15446e9d346d9dbd95992de0fef795073f5ea83a81c?s=96&d=mm&r=g\",\"contentUrl\":\"https:\\\/\\\/secure.gravatar.com\\\/avatar\\\/b6992f131dc8d30ab0dff15446e9d346d9dbd95992de0fef795073f5ea83a81c?s=96&d=mm&r=g\",\"caption\":\"La Gu\u00eda de Pamplona\"}}]}<\/script>\n<!-- \/ Yoast SEO plugin. -->","yoast_head_json":{"title":"La Pamplonesa adelantar\u00e1 los Sanfermines unos d\u00edas con su tradicional concierto previo a las fiestas este s\u00e1bado en la Plaza Consistorial","description":"El concierto comenzar\u00e1 a las 20 horas, bajo la direcci\u00f3n de Jes\u00fas Garisoain, y con la interpretaci\u00f3n de muchas melod\u00edas populares sanfermineros","robots":{"index":"index","follow":"follow","max-snippet":"max-snippet:-1","max-image-preview":"max-image-preview:large","max-video-preview":"max-video-preview:-1"},"canonical":"https:\/\/www.laguiadepamplona.com\/actualidad\/la-pamplonesa-adelantara-los-sanfermines-unos-dias-con-su-tradicional-concierto-previo-a-las-fiestas-este-sabado-en-la-plaza-consistorial\/","og_locale":"es_ES","og_type":"article","og_title":"La Pamplonesa adelantar\u00e1 los Sanfermines unos d\u00edas con su tradicional concierto previo a las fiestas este s\u00e1bado en la Plaza Consistorial","og_description":"El concierto comenzar\u00e1 a las 20 horas, bajo la direcci\u00f3n de Jes\u00fas Garisoain, y con la interpretaci\u00f3n de muchas melod\u00edas populares sanfermineros","og_url":"https:\/\/www.laguiadepamplona.com\/actualidad\/la-pamplonesa-adelantara-los-sanfermines-unos-dias-con-su-tradicional-concierto-previo-a-las-fiestas-este-sabado-en-la-plaza-consistorial\/","og_site_name":"La Gu\u00eda de Pamplona","article_publisher":"https:\/\/www.facebook.com\/laguiadepamplonacom-133175176762273\/?ref=hl","article_published_time":"2023-06-30T12:01:01+00:00","og_image":[{"width":1600,"height":1067,"url":"https:\/\/www.laguiadepamplona.com\/actualidad\/wp-content\/uploads\/2023\/06\/LA-PAMPLONAESA_EE5A9251.webp","type":"image\/webp"}],"author":"La Gu\u00eda de Pamplona","twitter_card":"summary_large_image","twitter_creator":"@LaGuiadPamplona","twitter_site":"@LaGuiadPamplona","twitter_misc":{"Escrito por":"La Gu\u00eda de Pamplona","Tiempo de lectura":"2 minutos"},"schema":{"@context":"https:\/\/schema.org","@graph":[{"@type":"Article","@id":"https:\/\/www.laguiadepamplona.com\/actualidad\/la-pamplonesa-adelantara-los-sanfermines-unos-dias-con-su-tradicional-concierto-previo-a-las-fiestas-este-sabado-en-la-plaza-consistorial\/#article","isPartOf":{"@id":"https:\/\/www.laguiadepamplona.com\/actualidad\/la-pamplonesa-adelantara-los-sanfermines-unos-dias-con-su-tradicional-concierto-previo-a-las-fiestas-este-sabado-en-la-plaza-consistorial\/"},"author":{"name":"La Gu\u00eda de Pamplona","@id":"https:\/\/www.laguiadepamplona.com\/actualidad\/#\/schema\/person\/efe887376f0213d4657c93adc50b1fdb"},"headline":"La Pamplonesa adelantar\u00e1 los Sanfermines unos d\u00edas con su tradicional concierto previo a las fiestas este s\u00e1bado en la Plaza Consistorial","datePublished":"2023-06-30T12:01:01+00:00","mainEntityOfPage":{"@id":"https:\/\/www.laguiadepamplona.com\/actualidad\/la-pamplonesa-adelantara-los-sanfermines-unos-dias-con-su-tradicional-concierto-previo-a-las-fiestas-este-sabado-en-la-plaza-consistorial\/"},"wordCount":389,"commentCount":0,"publisher":{"@id":"https:\/\/www.laguiadepamplona.com\/actualidad\/#organization"},"image":{"@id":"https:\/\/www.laguiadepamplona.com\/actualidad\/la-pamplonesa-adelantara-los-sanfermines-unos-dias-con-su-tradicional-concierto-previo-a-las-fiestas-este-sabado-en-la-plaza-consistorial\/#primaryimage"},"thumbnailUrl":"https:\/\/www.laguiadepamplona.com\/actualidad\/wp-content\/uploads\/2023\/06\/LA-PAMPLONAESA_EE5A9251.webp","articleSection":["Ayto Pamplona"],"inLanguage":"es","potentialAction":[{"@type":"CommentAction","name":"Comment","target":["https:\/\/www.laguiadepamplona.com\/actualidad\/la-pamplonesa-adelantara-los-sanfermines-unos-dias-con-su-tradicional-concierto-previo-a-las-fiestas-este-sabado-en-la-plaza-consistorial\/#respond"]}]},{"@type":"WebPage","@id":"https:\/\/www.laguiadepamplona.com\/actualidad\/la-pamplonesa-adelantara-los-sanfermines-unos-dias-con-su-tradicional-concierto-previo-a-las-fiestas-este-sabado-en-la-plaza-consistorial\/","url":"https:\/\/www.laguiadepamplona.com\/actualidad\/la-pamplonesa-adelantara-los-sanfermines-unos-dias-con-su-tradicional-concierto-previo-a-las-fiestas-este-sabado-en-la-plaza-consistorial\/","name":"La Pamplonesa adelantar\u00e1 los Sanfermines unos d\u00edas con su tradicional concierto previo a las fiestas este s\u00e1bado en la Plaza Consistorial","isPartOf":{"@id":"https:\/\/www.laguiadepamplona.com\/actualidad\/#website"},"primaryImageOfPage":{"@id":"https:\/\/www.laguiadepamplona.com\/actualidad\/la-pamplonesa-adelantara-los-sanfermines-unos-dias-con-su-tradicional-concierto-previo-a-las-fiestas-este-sabado-en-la-plaza-consistorial\/#primaryimage"},"image":{"@id":"https:\/\/www.laguiadepamplona.com\/actualidad\/la-pamplonesa-adelantara-los-sanfermines-unos-dias-con-su-tradicional-concierto-previo-a-las-fiestas-este-sabado-en-la-plaza-consistorial\/#primaryimage"},"thumbnailUrl":"https:\/\/www.laguiadepamplona.com\/actualidad\/wp-content\/uploads\/2023\/06\/LA-PAMPLONAESA_EE5A9251.webp","datePublished":"2023-06-30T12:01:01+00:00","description":"El concierto comenzar\u00e1 a las 20 horas, bajo la direcci\u00f3n de Jes\u00fas Garisoain, y con la interpretaci\u00f3n de muchas melod\u00edas populares sanfermineros","breadcrumb":{"@id":"https:\/\/www.laguiadepamplona.com\/actualidad\/la-pamplonesa-adelantara-los-sanfermines-unos-dias-con-su-tradicional-concierto-previo-a-las-fiestas-este-sabado-en-la-plaza-consistorial\/#breadcrumb"},"inLanguage":"es","potentialAction":[{"@type":"ReadAction","target":["https:\/\/www.laguiadepamplona.com\/actualidad\/la-pamplonesa-adelantara-los-sanfermines-unos-dias-con-su-tradicional-concierto-previo-a-las-fiestas-este-sabado-en-la-plaza-consistorial\/"]}]},{"@type":"ImageObject","inLanguage":"es","@id":"https:\/\/www.laguiadepamplona.com\/actualidad\/la-pamplonesa-adelantara-los-sanfermines-unos-dias-con-su-tradicional-concierto-previo-a-las-fiestas-este-sabado-en-la-plaza-consistorial\/#primaryimage","url":"https:\/\/www.laguiadepamplona.com\/actualidad\/wp-content\/uploads\/2023\/06\/LA-PAMPLONAESA_EE5A9251.webp","contentUrl":"https:\/\/www.laguiadepamplona.com\/actualidad\/wp-content\/uploads\/2023\/06\/LA-PAMPLONAESA_EE5A9251.webp","width":1600,"height":1067,"caption":"Pamplonesa"},{"@type":"BreadcrumbList","@id":"https:\/\/www.laguiadepamplona.com\/actualidad\/la-pamplonesa-adelantara-los-sanfermines-unos-dias-con-su-tradicional-concierto-previo-a-las-fiestas-este-sabado-en-la-plaza-consistorial\/#breadcrumb","itemListElement":[{"@type":"ListItem","position":1,"name":"Portada","item":"https:\/\/www.laguiadepamplona.com\/actualidad\/"},{"@type":"ListItem","position":2,"name":"La Pamplonesa adelantar\u00e1 los Sanfermines unos d\u00edas con su tradicional concierto previo a las fiestas este s\u00e1bado en la Plaza Consistorial"}]},{"@type":"WebSite","@id":"https:\/\/www.laguiadepamplona.com\/actualidad\/#website","url":"https:\/\/www.laguiadepamplona.com\/actualidad\/","name":"La gu\u00eda de Pamplona","description":"Noticias de Pamplona","publisher":{"@id":"https:\/\/www.laguiadepamplona.com\/actualidad\/#organization"},"potentialAction":[{"@type":"SearchAction","target":{"@type":"EntryPoint","urlTemplate":"https:\/\/www.laguiadepamplona.com\/actualidad\/?s={search_term_string}"},"query-input":{"@type":"PropertyValueSpecification","valueRequired":true,"valueName":"search_term_string"}}],"inLanguage":"es"},{"@type":"Organization","@id":"https:\/\/www.laguiadepamplona.com\/actualidad\/#organization","name":"La Gu\u00eda de Pamplona \/ Noticias","url":"https:\/\/www.laguiadepamplona.com\/actualidad\/","logo":{"@type":"ImageObject","inLanguage":"es","@id":"https:\/\/www.laguiadepamplona.com\/actualidad\/#\/schema\/logo\/image\/","url":"https:\/\/www.laguiadepamplona.com\/actualidad\/wp-content\/uploads\/2018\/11\/logo-laguiadepamplona18-web1.png","contentUrl":"https:\/\/www.laguiadepamplona.com\/actualidad\/wp-content\/uploads\/2018\/11\/logo-laguiadepamplona18-web1.png","width":600,"height":196,"caption":"La Gu\u00eda de Pamplona \/ Noticias"},"image":{"@id":"https:\/\/www.laguiadepamplona.com\/actualidad\/#\/schema\/logo\/image\/"},"sameAs":["https:\/\/www.facebook.com\/laguiadepamplonacom-133175176762273\/?ref=hl","https:\/\/x.com\/LaGuiadPamplona","https:\/\/www.instagram.com\/la_guia_de_pamplona\/","https:\/\/www.youtube.com\/user\/laguiadepamplona"]},{"@type":"Person","@id":"https:\/\/www.laguiadepamplona.com\/actualidad\/#\/schema\/person\/efe887376f0213d4657c93adc50b1fdb","name":"La Gu\u00eda de Pamplona","image":{"@type":"ImageObject","inLanguage":"es","@id":"https:\/\/secure.gravatar.com\/avatar\/b6992f131dc8d30ab0dff15446e9d346d9dbd95992de0fef795073f5ea83a81c?s=96&d=mm&r=g","url":"https:\/\/secure.gravatar.com\/avatar\/b6992f131dc8d30ab0dff15446e9d346d9dbd95992de0fef795073f5ea83a81c?s=96&d=mm&r=g","contentUrl":"https:\/\/secure.gravatar.com\/avatar\/b6992f131dc8d30ab0dff15446e9d346d9dbd95992de0fef795073f5ea83a81c?s=96&d=mm&r=g","caption":"La Gu\u00eda de Pamplona"}}]}},"post_mailing_queue_ids":[],"_links":{"self":[{"href":"https:\/\/www.laguiadepamplona.com\/actualidad\/wp-json\/wp\/v2\/posts\/47202","targetHints":{"allow":["GET"]}}],"collection":[{"href":"https:\/\/www.laguiadepamplona.com\/actualidad\/wp-json\/wp\/v2\/posts"}],"about":[{"href":"https:\/\/www.laguiadepamplona.com\/actualidad\/wp-json\/wp\/v2\/types\/post"}],"author":[{"embeddable":true,"href":"https:\/\/www.laguiadepamplona.com\/actualidad\/wp-json\/wp\/v2\/users\/1"}],"replies":[{"embeddable":true,"href":"https:\/\/www.laguiadepamplona.com\/actualidad\/wp-json\/wp\/v2\/comments?post=47202"}],"version-history":[{"count":1,"href":"https:\/\/www.laguiadepamplona.com\/actualidad\/wp-json\/wp\/v2\/posts\/47202\/revisions"}],"predecessor-version":[{"id":47204,"href":"https:\/\/www.laguiadepamplona.com\/actualidad\/wp-json\/wp\/v2\/posts\/47202\/revisions\/47204"}],"wp:featuredmedia":[{"embeddable":true,"href":"https:\/\/www.laguiadepamplona.com\/actualidad\/wp-json\/wp\/v2\/media\/47203"}],"wp:attachment":[{"href":"https:\/\/www.laguiadepamplona.com\/actualidad\/wp-json\/wp\/v2\/media?parent=47202"}],"wp:term":[{"taxonomy":"category","embeddable":true,"href":"https:\/\/www.laguiadepamplona.com\/actualidad\/wp-json\/wp\/v2\/categories?post=47202"},{"taxonomy":"post_tag","embeddable":true,"href":"https:\/\/www.laguiadepamplona.com\/actualidad\/wp-json\/wp\/v2\/tags?post=47202"}],"curies":[{"name":"wp","href":"https:\/\/api.w.org\/{rel}","templated":true}]}}