{"id":47199,"date":"2023-06-30T13:59:22","date_gmt":"2023-06-30T11:59:22","guid":{"rendered":"https:\/\/www.laguiadepamplona.com\/actualidad\/?p=47199"},"modified":"2023-06-30T13:59:22","modified_gmt":"2023-06-30T11:59:22","slug":"la-nueva-organizacion-municipal-estructura-el-ayuntamiento-de-pamplona-en-doce-areas-de-gestion-con-siete-concejales-delegados-y-un-concejal-especial","status":"publish","type":"post","link":"https:\/\/www.laguiadepamplona.com\/actualidad\/la-nueva-organizacion-municipal-estructura-el-ayuntamiento-de-pamplona-en-doce-areas-de-gestion-con-siete-concejales-delegados-y-un-concejal-especial\/","title":{"rendered":"La nueva organizaci\u00f3n municipal estructura el Ayuntamiento de Pamplona en doce \u00e1reas de gesti\u00f3n, con siete concejales delegados y un concejal especial"},"content":{"rendered":"<h2>Marca Pamplona, agilidad de la administraci\u00f3n, pol\u00edticas para mayores y cuidado de la ciudad, ejes estrat\u00e9gicos para las nuevas \u00e1reas municipales<\/h2>\n<p><!--more--><\/p>\n<p>El Ayuntamiento de Pamplona se va a estructurar esta legislatura en doce \u00e1reas de gesti\u00f3n, once de ellas delegadas y una las competencias ejercidas desde alcald\u00eda. La alcaldesa de Pamplona, Cristina Ibarrola, ha presentado esta ma\u00f1ana el Decreto de Organizaci\u00f3n Municipal, aprobado este viernes y que entrar\u00e1 en vigor ma\u00f1ana s\u00e1bado. Siete concejales delegados y un concejal especial ser\u00e1n los gestores de las nuevas \u00e1reas con las que se busca generar una marca Pamplona, agilizar la resoluci\u00f3n de los tr\u00e1mites municipales y apostar por una administraci\u00f3n eficiente y sostenible pensada para la ciudadan\u00eda.<br \/>\n<script async src=\"\/\/pagead2.googlesyndication.com\/pagead\/js\/adsbygoogle.js\"><\/script><br \/>\n<!-- Noticias La Guia de Pamplona --><br \/>\n<ins class=\"adsbygoogle\"\nstyle=\"display:block\"\ndata-ad-client=\"ca-pub-6943679897239327\"\ndata-ad-slot=\"7048180777\"\ndata-ad-format=\"auto\"><\/ins><br \/>\n<script>\n(adsbygoogle = window.adsbygoogle || []).push({});\n<\/script><\/p>\n<p>El \u00e1rea de Alcald\u00eda, junto a servicios municipales como la comunicaci\u00f3n y el protocolo, incluye otros aspectos como las relaciones institucionales y la acci\u00f3n exterior para atraer inversiones y proyectos para la ciudad, promover la cooperaci\u00f3n internacional y generar v\u00ednculos y redes con otras ciudades. La Gerencia municipal se integrar\u00e1 tambi\u00e9n en Alcald\u00eda, para promover todo lo relacionado con una administraci\u00f3n \u00e1gil, cercana y digital. Se quieren potenciar iniciativas para el uso de las nuevas tecnolog\u00edas. Entre otros proyectos, se pretende crear una Oficina del Dato para poder tomar decisiones, a partir de esos datos, para mejorar los servicios y la propia ciudad<\/p>\n<p>La denominaci\u00f3n de las nuevas \u00e1reas incluye la menci\u00f3n expresa a las personas \u2018Mayores\u2019, que tendr\u00e1n un peso en las pol\u00edticas municipales acorde al 22% de la poblaci\u00f3n mayor de 65 a\u00f1os que tiene Pamplona, y en la estructura municipal, y tambi\u00e9n la referencia a \u2018Conservaci\u00f3n Urbana\u2019, como muestra de la importancia del cuidado y mantenimiento de la ciudad. Se apuesta, por ejemplo, por la creaci\u00f3n de una brigada de reparaci\u00f3n de mobiliario urbano y desperfectos que pueda actuar de manera r\u00e1pida cuando se produzca alguna incidencia en la ciudad.<br \/>\n<script async src=\"\/\/pagead2.googlesyndication.com\/pagead\/js\/adsbygoogle.js\"><\/script><br \/>\n<!-- Noticias La Guia de Pamplona --><br \/>\n<ins class=\"adsbygoogle\"\nstyle=\"display:block\"\ndata-ad-client=\"ca-pub-6943679897239327\"\ndata-ad-slot=\"7048180777\"\ndata-ad-format=\"auto\"><\/ins><br \/>\n<script>\n(adsbygoogle = window.adsbygoogle || []).push({});\n<\/script><\/p>\n<p><strong>Concejal\u00edas delegadas y especiales<\/strong><\/p>\n<p>El primer teniente de alcald\u00eda, Carlos Salvador Armend\u00e1riz, ha sido designado como concejal delegado de Relaciones Ciudadanas, Participaci\u00f3n y Mayores y como concejal Delegado de Educaci\u00f3n, Igualdad y Diversidad Cultural. Mar\u00eda Caballero Mart\u00ednez, segunda teniente de alcald\u00eda, asumir\u00e1 la concejal\u00eda delegada de Gobierno Estrat\u00e9gico y Conservaci\u00f3n Urbana, que se separa de Proyectos Estrat\u00e9gicos para ganar entidad propia.<\/p>\n<p>La tercera teniente de alcald\u00eda, Mar\u00eda Ech\u00e1varri Mi\u00f1ano, por su parte, mantiene las competencias del \u00e1rea de Servicios Generales que gestionaba la pasada legislatura. En la nueva estructura esa \u00e1rea se divide en dos concejal\u00edas delegadas, una de Hacienda y otra de Gesti\u00f3n de Personas. Izaskun Zozaya Yunta ser\u00e1 la concejala delegada de las \u00e1reas de Urbanismo y Vivienda y de Desarrollo Sostenible y Proyectos Estrat\u00e9gicos. Contar\u00e1, adem\u00e1s, Aitor Silgado Goicoechea como concejal especial de Desarrollo Sostenible y Proyectos Estrat\u00e9gicos.<\/p>\n<p>Clara Garc\u00eda-Vali\u00f1o Ab\u00f3s tendr\u00e1 tambi\u00e9n dos \u00e1reas de gesti\u00f3n. Por un lado, ser\u00e1 concejala delegada de Cultura y, por otro, concejala delegada de Promoci\u00f3n Tur\u00edstica y Comercial. La concejal\u00eda de Servicios Sociales, Deporte y Salud la asumir\u00e1 Ra\u00fal Armend\u00e1riz Lezaun. Javier Labairu Elizalde se mantiene como concejal delegado de Seguridad Ciudadana, al igual que en la pasada legislatura.<br \/>\n<script async src=\"\/\/pagead2.googlesyndication.com\/pagead\/js\/adsbygoogle.js\"><\/script><br \/>\n<!-- Noticias La Guia de Pamplona --><br \/>\n<ins class=\"adsbygoogle\"\nstyle=\"display:block\"\ndata-ad-client=\"ca-pub-6943679897239327\"\ndata-ad-slot=\"7048180777\"\ndata-ad-format=\"auto\"><\/ins><br \/>\n<script>\n(adsbygoogle = window.adsbygoogle || []).push({});\n<\/script><\/p>\n<p>&nbsp;<\/p>\n<h3>Decreto de organizaci\u00f3n municipal<\/h3>\n<ul>\n<li>\u00c1rea de Alcald\u00eda. Cristina Ibarrola Guill\u00e9n. Alcald\u00eda, Relaciones Institucionales y Acci\u00f3n Exterior y Gerencia<\/li>\n<li>Concejal Delegado de Relaciones Ciudadanas, Participaci\u00f3n y Mayores: Carlos Salvador Armend\u00e1riz<\/li>\n<li>Concejal Delegado de Educaci\u00f3n, Igualdad y Diversidad Cultural: Carlos Salvador Armend\u00e1riz<\/li>\n<li>Concejala Delegada de Gobierno Estrat\u00e9gico y Conservaci\u00f3n Urbana: Mar\u00eda Caballero Mart\u00ednez<\/li>\n<li>Concejala Delegada de Hacienda: Mar\u00eda Ech\u00e1varri Mi\u00f1ano<\/li>\n<li>Concejala Delegada de Gesti\u00f3n de Personas: Mar\u00eda Ech\u00e1varri Mi\u00f1ano<\/li>\n<li>Concejala Delegada de Desarrollo Sostenible y Proyectos Estrat\u00e9gicos: Izaskun Zozaya Yunta<\/li>\n<li>Concejala Delegada de Urbanismo y Vivienda: Izaskun Zozaya Yunta<\/li>\n<li>Concejal Especial de Desarrollo Sostenible y Proyectos Estrat\u00e9gicos: Aitor Silgado Goicoechea<\/li>\n<li>Concejal Delegado de Servicios Sociales, Deporte y Salud: Ra\u00fal Armend\u00e1riz Lezaun<\/li>\n<li>Concejala Delegada de Cultura: Clara Garc\u00eda-Vali\u00f1o Ab\u00f3s<\/li>\n<li>Concejala Delegada de Promoci\u00f3n Tur\u00edstica y Comercial: Clara Garc\u00eda-Vali\u00f1o Ab\u00f3s<\/li>\n<li>Concejal Delegado de Seguridad Ciudadana: Javier Labairu Elizalde<\/li>\n<\/ul>\n","protected":false},"excerpt":{"rendered":"<p>Marca Pamplona, agilidad de la administraci\u00f3n, pol\u00edticas para mayores y cuidado de la ciudad, ejes estrat\u00e9gicos para las nuevas \u00e1reas municipales<\/p>\n","protected":false},"author":1,"featured_media":47200,"comment_status":"open","ping_status":"closed","sticky":false,"template":"","format":"standard","meta":{"footnotes":""},"categories":[2],"tags":[],"class_list":["post-47199","post","type-post","status-publish","format-standard","has-post-thumbnail","hentry","category-ayuntamiento-pamplona"],"yoast_head":"<!-- This site is optimized with the Yoast SEO plugin v27.3 - https:\/\/yoast.com\/product\/yoast-seo-wordpress\/ -->\n<title>La nueva organizaci\u00f3n municipal estructura el Ayuntamiento de Pamplona en doce \u00e1reas de gesti\u00f3n, con siete concejales delegados y un concejal especial<\/title>\n<meta name=\"description\" content=\"Marca Pamplona, agilidad de la administraci\u00f3n, pol\u00edticas para mayores y cuidado de la ciudad, ejes estrat\u00e9gicos para las nuevas \u00e1reas municipales\" \/>\n<meta name=\"robots\" content=\"index, follow, max-snippet:-1, max-image-preview:large, max-video-preview:-1\" \/>\n<link rel=\"canonical\" href=\"https:\/\/www.laguiadepamplona.com\/actualidad\/la-nueva-organizacion-municipal-estructura-el-ayuntamiento-de-pamplona-en-doce-areas-de-gestion-con-siete-concejales-delegados-y-un-concejal-especial\/\" \/>\n<meta property=\"og:locale\" content=\"es_ES\" \/>\n<meta property=\"og:type\" content=\"article\" \/>\n<meta property=\"og:title\" content=\"La nueva organizaci\u00f3n municipal estructura el Ayuntamiento de Pamplona en doce \u00e1reas de gesti\u00f3n, con siete concejales delegados y un concejal especial\" \/>\n<meta property=\"og:description\" content=\"Marca Pamplona, agilidad de la administraci\u00f3n, pol\u00edticas para mayores y cuidado de la ciudad, ejes estrat\u00e9gicos para las nuevas \u00e1reas municipales\" \/>\n<meta property=\"og:url\" content=\"https:\/\/www.laguiadepamplona.com\/actualidad\/la-nueva-organizacion-municipal-estructura-el-ayuntamiento-de-pamplona-en-doce-areas-de-gestion-con-siete-concejales-delegados-y-un-concejal-especial\/\" \/>\n<meta property=\"og:site_name\" content=\"La Gu\u00eda de Pamplona\" \/>\n<meta property=\"article:publisher\" content=\"https:\/\/www.facebook.com\/laguiadepamplonacom-133175176762273\/?ref=hl\" \/>\n<meta property=\"article:published_time\" content=\"2023-06-30T11:59:22+00:00\" \/>\n<meta property=\"og:image\" content=\"https:\/\/www.laguiadepamplona.com\/actualidad\/wp-content\/uploads\/2023\/06\/23.06.30_Organigrama-Ayuntamiento-23-27_0.webp\" \/>\n\t<meta property=\"og:image:width\" content=\"1600\" \/>\n\t<meta property=\"og:image:height\" content=\"900\" \/>\n\t<meta property=\"og:image:type\" content=\"image\/webp\" \/>\n<meta name=\"author\" content=\"La Gu\u00eda de Pamplona\" \/>\n<meta name=\"twitter:card\" content=\"summary_large_image\" \/>\n<meta name=\"twitter:creator\" content=\"@LaGuiadPamplona\" \/>\n<meta name=\"twitter:site\" content=\"@LaGuiadPamplona\" \/>\n<meta name=\"twitter:label1\" content=\"Escrito por\" \/>\n\t<meta name=\"twitter:data1\" content=\"La Gu\u00eda de Pamplona\" \/>\n\t<meta name=\"twitter:label2\" content=\"Tiempo de lectura\" \/>\n\t<meta name=\"twitter:data2\" content=\"3 minutos\" \/>\n<script type=\"application\/ld+json\" class=\"yoast-schema-graph\">{\"@context\":\"https:\\\/\\\/schema.org\",\"@graph\":[{\"@type\":\"Article\",\"@id\":\"https:\\\/\\\/www.laguiadepamplona.com\\\/actualidad\\\/la-nueva-organizacion-municipal-estructura-el-ayuntamiento-de-pamplona-en-doce-areas-de-gestion-con-siete-concejales-delegados-y-un-concejal-especial\\\/#article\",\"isPartOf\":{\"@id\":\"https:\\\/\\\/www.laguiadepamplona.com\\\/actualidad\\\/la-nueva-organizacion-municipal-estructura-el-ayuntamiento-de-pamplona-en-doce-areas-de-gestion-con-siete-concejales-delegados-y-un-concejal-especial\\\/\"},\"author\":{\"name\":\"La Gu\u00eda de Pamplona\",\"@id\":\"https:\\\/\\\/www.laguiadepamplona.com\\\/actualidad\\\/#\\\/schema\\\/person\\\/efe887376f0213d4657c93adc50b1fdb\"},\"headline\":\"La nueva organizaci\u00f3n municipal estructura el Ayuntamiento de Pamplona en doce \u00e1reas de gesti\u00f3n, con siete concejales delegados y un concejal especial\",\"datePublished\":\"2023-06-30T11:59:22+00:00\",\"mainEntityOfPage\":{\"@id\":\"https:\\\/\\\/www.laguiadepamplona.com\\\/actualidad\\\/la-nueva-organizacion-municipal-estructura-el-ayuntamiento-de-pamplona-en-doce-areas-de-gestion-con-siete-concejales-delegados-y-un-concejal-especial\\\/\"},\"wordCount\":760,\"commentCount\":0,\"publisher\":{\"@id\":\"https:\\\/\\\/www.laguiadepamplona.com\\\/actualidad\\\/#organization\"},\"image\":{\"@id\":\"https:\\\/\\\/www.laguiadepamplona.com\\\/actualidad\\\/la-nueva-organizacion-municipal-estructura-el-ayuntamiento-de-pamplona-en-doce-areas-de-gestion-con-siete-concejales-delegados-y-un-concejal-especial\\\/#primaryimage\"},\"thumbnailUrl\":\"https:\\\/\\\/www.laguiadepamplona.com\\\/actualidad\\\/wp-content\\\/uploads\\\/2023\\\/06\\\/23.06.30_Organigrama-Ayuntamiento-23-27_0.webp\",\"articleSection\":[\"Ayto Pamplona\"],\"inLanguage\":\"es\",\"potentialAction\":[{\"@type\":\"CommentAction\",\"name\":\"Comment\",\"target\":[\"https:\\\/\\\/www.laguiadepamplona.com\\\/actualidad\\\/la-nueva-organizacion-municipal-estructura-el-ayuntamiento-de-pamplona-en-doce-areas-de-gestion-con-siete-concejales-delegados-y-un-concejal-especial\\\/#respond\"]}]},{\"@type\":\"WebPage\",\"@id\":\"https:\\\/\\\/www.laguiadepamplona.com\\\/actualidad\\\/la-nueva-organizacion-municipal-estructura-el-ayuntamiento-de-pamplona-en-doce-areas-de-gestion-con-siete-concejales-delegados-y-un-concejal-especial\\\/\",\"url\":\"https:\\\/\\\/www.laguiadepamplona.com\\\/actualidad\\\/la-nueva-organizacion-municipal-estructura-el-ayuntamiento-de-pamplona-en-doce-areas-de-gestion-con-siete-concejales-delegados-y-un-concejal-especial\\\/\",\"name\":\"La nueva organizaci\u00f3n municipal estructura el Ayuntamiento de Pamplona en doce \u00e1reas de gesti\u00f3n, con siete concejales delegados y un concejal especial\",\"isPartOf\":{\"@id\":\"https:\\\/\\\/www.laguiadepamplona.com\\\/actualidad\\\/#website\"},\"primaryImageOfPage\":{\"@id\":\"https:\\\/\\\/www.laguiadepamplona.com\\\/actualidad\\\/la-nueva-organizacion-municipal-estructura-el-ayuntamiento-de-pamplona-en-doce-areas-de-gestion-con-siete-concejales-delegados-y-un-concejal-especial\\\/#primaryimage\"},\"image\":{\"@id\":\"https:\\\/\\\/www.laguiadepamplona.com\\\/actualidad\\\/la-nueva-organizacion-municipal-estructura-el-ayuntamiento-de-pamplona-en-doce-areas-de-gestion-con-siete-concejales-delegados-y-un-concejal-especial\\\/#primaryimage\"},\"thumbnailUrl\":\"https:\\\/\\\/www.laguiadepamplona.com\\\/actualidad\\\/wp-content\\\/uploads\\\/2023\\\/06\\\/23.06.30_Organigrama-Ayuntamiento-23-27_0.webp\",\"datePublished\":\"2023-06-30T11:59:22+00:00\",\"description\":\"Marca Pamplona, agilidad de la administraci\u00f3n, pol\u00edticas para mayores y cuidado de la ciudad, ejes estrat\u00e9gicos para las nuevas \u00e1reas municipales\",\"breadcrumb\":{\"@id\":\"https:\\\/\\\/www.laguiadepamplona.com\\\/actualidad\\\/la-nueva-organizacion-municipal-estructura-el-ayuntamiento-de-pamplona-en-doce-areas-de-gestion-con-siete-concejales-delegados-y-un-concejal-especial\\\/#breadcrumb\"},\"inLanguage\":\"es\",\"potentialAction\":[{\"@type\":\"ReadAction\",\"target\":[\"https:\\\/\\\/www.laguiadepamplona.com\\\/actualidad\\\/la-nueva-organizacion-municipal-estructura-el-ayuntamiento-de-pamplona-en-doce-areas-de-gestion-con-siete-concejales-delegados-y-un-concejal-especial\\\/\"]}]},{\"@type\":\"ImageObject\",\"inLanguage\":\"es\",\"@id\":\"https:\\\/\\\/www.laguiadepamplona.com\\\/actualidad\\\/la-nueva-organizacion-municipal-estructura-el-ayuntamiento-de-pamplona-en-doce-areas-de-gestion-con-siete-concejales-delegados-y-un-concejal-especial\\\/#primaryimage\",\"url\":\"https:\\\/\\\/www.laguiadepamplona.com\\\/actualidad\\\/wp-content\\\/uploads\\\/2023\\\/06\\\/23.06.30_Organigrama-Ayuntamiento-23-27_0.webp\",\"contentUrl\":\"https:\\\/\\\/www.laguiadepamplona.com\\\/actualidad\\\/wp-content\\\/uploads\\\/2023\\\/06\\\/23.06.30_Organigrama-Ayuntamiento-23-27_0.webp\",\"width\":1600,\"height\":900,\"caption\":\"organigrama\"},{\"@type\":\"BreadcrumbList\",\"@id\":\"https:\\\/\\\/www.laguiadepamplona.com\\\/actualidad\\\/la-nueva-organizacion-municipal-estructura-el-ayuntamiento-de-pamplona-en-doce-areas-de-gestion-con-siete-concejales-delegados-y-un-concejal-especial\\\/#breadcrumb\",\"itemListElement\":[{\"@type\":\"ListItem\",\"position\":1,\"name\":\"Portada\",\"item\":\"https:\\\/\\\/www.laguiadepamplona.com\\\/actualidad\\\/\"},{\"@type\":\"ListItem\",\"position\":2,\"name\":\"La nueva organizaci\u00f3n municipal estructura el Ayuntamiento de Pamplona en doce \u00e1reas de gesti\u00f3n, con siete concejales delegados y un concejal especial\"}]},{\"@type\":\"WebSite\",\"@id\":\"https:\\\/\\\/www.laguiadepamplona.com\\\/actualidad\\\/#website\",\"url\":\"https:\\\/\\\/www.laguiadepamplona.com\\\/actualidad\\\/\",\"name\":\"La gu\u00eda de Pamplona\",\"description\":\"Noticias de Pamplona\",\"publisher\":{\"@id\":\"https:\\\/\\\/www.laguiadepamplona.com\\\/actualidad\\\/#organization\"},\"potentialAction\":[{\"@type\":\"SearchAction\",\"target\":{\"@type\":\"EntryPoint\",\"urlTemplate\":\"https:\\\/\\\/www.laguiadepamplona.com\\\/actualidad\\\/?s={search_term_string}\"},\"query-input\":{\"@type\":\"PropertyValueSpecification\",\"valueRequired\":true,\"valueName\":\"search_term_string\"}}],\"inLanguage\":\"es\"},{\"@type\":\"Organization\",\"@id\":\"https:\\\/\\\/www.laguiadepamplona.com\\\/actualidad\\\/#organization\",\"name\":\"La Gu\u00eda de Pamplona \\\/ Noticias\",\"url\":\"https:\\\/\\\/www.laguiadepamplona.com\\\/actualidad\\\/\",\"logo\":{\"@type\":\"ImageObject\",\"inLanguage\":\"es\",\"@id\":\"https:\\\/\\\/www.laguiadepamplona.com\\\/actualidad\\\/#\\\/schema\\\/logo\\\/image\\\/\",\"url\":\"https:\\\/\\\/www.laguiadepamplona.com\\\/actualidad\\\/wp-content\\\/uploads\\\/2018\\\/11\\\/logo-laguiadepamplona18-web1.png\",\"contentUrl\":\"https:\\\/\\\/www.laguiadepamplona.com\\\/actualidad\\\/wp-content\\\/uploads\\\/2018\\\/11\\\/logo-laguiadepamplona18-web1.png\",\"width\":600,\"height\":196,\"caption\":\"La Gu\u00eda de Pamplona \\\/ Noticias\"},\"image\":{\"@id\":\"https:\\\/\\\/www.laguiadepamplona.com\\\/actualidad\\\/#\\\/schema\\\/logo\\\/image\\\/\"},\"sameAs\":[\"https:\\\/\\\/www.facebook.com\\\/laguiadepamplonacom-133175176762273\\\/?ref=hl\",\"https:\\\/\\\/x.com\\\/LaGuiadPamplona\",\"https:\\\/\\\/www.instagram.com\\\/la_guia_de_pamplona\\\/\",\"https:\\\/\\\/www.youtube.com\\\/user\\\/laguiadepamplona\"]},{\"@type\":\"Person\",\"@id\":\"https:\\\/\\\/www.laguiadepamplona.com\\\/actualidad\\\/#\\\/schema\\\/person\\\/efe887376f0213d4657c93adc50b1fdb\",\"name\":\"La Gu\u00eda de Pamplona\",\"image\":{\"@type\":\"ImageObject\",\"inLanguage\":\"es\",\"@id\":\"https:\\\/\\\/secure.gravatar.com\\\/avatar\\\/b6992f131dc8d30ab0dff15446e9d346d9dbd95992de0fef795073f5ea83a81c?s=96&d=mm&r=g\",\"url\":\"https:\\\/\\\/secure.gravatar.com\\\/avatar\\\/b6992f131dc8d30ab0dff15446e9d346d9dbd95992de0fef795073f5ea83a81c?s=96&d=mm&r=g\",\"contentUrl\":\"https:\\\/\\\/secure.gravatar.com\\\/avatar\\\/b6992f131dc8d30ab0dff15446e9d346d9dbd95992de0fef795073f5ea83a81c?s=96&d=mm&r=g\",\"caption\":\"La Gu\u00eda de Pamplona\"}}]}<\/script>\n<!-- \/ Yoast SEO plugin. -->","yoast_head_json":{"title":"La nueva organizaci\u00f3n municipal estructura el Ayuntamiento de Pamplona en doce \u00e1reas de gesti\u00f3n, con siete concejales delegados y un concejal especial","description":"Marca Pamplona, agilidad de la administraci\u00f3n, pol\u00edticas para mayores y cuidado de la ciudad, ejes estrat\u00e9gicos para las nuevas \u00e1reas municipales","robots":{"index":"index","follow":"follow","max-snippet":"max-snippet:-1","max-image-preview":"max-image-preview:large","max-video-preview":"max-video-preview:-1"},"canonical":"https:\/\/www.laguiadepamplona.com\/actualidad\/la-nueva-organizacion-municipal-estructura-el-ayuntamiento-de-pamplona-en-doce-areas-de-gestion-con-siete-concejales-delegados-y-un-concejal-especial\/","og_locale":"es_ES","og_type":"article","og_title":"La nueva organizaci\u00f3n municipal estructura el Ayuntamiento de Pamplona en doce \u00e1reas de gesti\u00f3n, con siete concejales delegados y un concejal especial","og_description":"Marca Pamplona, agilidad de la administraci\u00f3n, pol\u00edticas para mayores y cuidado de la ciudad, ejes estrat\u00e9gicos para las nuevas \u00e1reas municipales","og_url":"https:\/\/www.laguiadepamplona.com\/actualidad\/la-nueva-organizacion-municipal-estructura-el-ayuntamiento-de-pamplona-en-doce-areas-de-gestion-con-siete-concejales-delegados-y-un-concejal-especial\/","og_site_name":"La Gu\u00eda de Pamplona","article_publisher":"https:\/\/www.facebook.com\/laguiadepamplonacom-133175176762273\/?ref=hl","article_published_time":"2023-06-30T11:59:22+00:00","og_image":[{"width":1600,"height":900,"url":"https:\/\/www.laguiadepamplona.com\/actualidad\/wp-content\/uploads\/2023\/06\/23.06.30_Organigrama-Ayuntamiento-23-27_0.webp","type":"image\/webp"}],"author":"La Gu\u00eda de Pamplona","twitter_card":"summary_large_image","twitter_creator":"@LaGuiadPamplona","twitter_site":"@LaGuiadPamplona","twitter_misc":{"Escrito por":"La Gu\u00eda de Pamplona","Tiempo de lectura":"3 minutos"},"schema":{"@context":"https:\/\/schema.org","@graph":[{"@type":"Article","@id":"https:\/\/www.laguiadepamplona.com\/actualidad\/la-nueva-organizacion-municipal-estructura-el-ayuntamiento-de-pamplona-en-doce-areas-de-gestion-con-siete-concejales-delegados-y-un-concejal-especial\/#article","isPartOf":{"@id":"https:\/\/www.laguiadepamplona.com\/actualidad\/la-nueva-organizacion-municipal-estructura-el-ayuntamiento-de-pamplona-en-doce-areas-de-gestion-con-siete-concejales-delegados-y-un-concejal-especial\/"},"author":{"name":"La Gu\u00eda de Pamplona","@id":"https:\/\/www.laguiadepamplona.com\/actualidad\/#\/schema\/person\/efe887376f0213d4657c93adc50b1fdb"},"headline":"La nueva organizaci\u00f3n municipal estructura el Ayuntamiento de Pamplona en doce \u00e1reas de gesti\u00f3n, con siete concejales delegados y un concejal especial","datePublished":"2023-06-30T11:59:22+00:00","mainEntityOfPage":{"@id":"https:\/\/www.laguiadepamplona.com\/actualidad\/la-nueva-organizacion-municipal-estructura-el-ayuntamiento-de-pamplona-en-doce-areas-de-gestion-con-siete-concejales-delegados-y-un-concejal-especial\/"},"wordCount":760,"commentCount":0,"publisher":{"@id":"https:\/\/www.laguiadepamplona.com\/actualidad\/#organization"},"image":{"@id":"https:\/\/www.laguiadepamplona.com\/actualidad\/la-nueva-organizacion-municipal-estructura-el-ayuntamiento-de-pamplona-en-doce-areas-de-gestion-con-siete-concejales-delegados-y-un-concejal-especial\/#primaryimage"},"thumbnailUrl":"https:\/\/www.laguiadepamplona.com\/actualidad\/wp-content\/uploads\/2023\/06\/23.06.30_Organigrama-Ayuntamiento-23-27_0.webp","articleSection":["Ayto Pamplona"],"inLanguage":"es","potentialAction":[{"@type":"CommentAction","name":"Comment","target":["https:\/\/www.laguiadepamplona.com\/actualidad\/la-nueva-organizacion-municipal-estructura-el-ayuntamiento-de-pamplona-en-doce-areas-de-gestion-con-siete-concejales-delegados-y-un-concejal-especial\/#respond"]}]},{"@type":"WebPage","@id":"https:\/\/www.laguiadepamplona.com\/actualidad\/la-nueva-organizacion-municipal-estructura-el-ayuntamiento-de-pamplona-en-doce-areas-de-gestion-con-siete-concejales-delegados-y-un-concejal-especial\/","url":"https:\/\/www.laguiadepamplona.com\/actualidad\/la-nueva-organizacion-municipal-estructura-el-ayuntamiento-de-pamplona-en-doce-areas-de-gestion-con-siete-concejales-delegados-y-un-concejal-especial\/","name":"La nueva organizaci\u00f3n municipal estructura el Ayuntamiento de Pamplona en doce \u00e1reas de gesti\u00f3n, con siete concejales delegados y un concejal especial","isPartOf":{"@id":"https:\/\/www.laguiadepamplona.com\/actualidad\/#website"},"primaryImageOfPage":{"@id":"https:\/\/www.laguiadepamplona.com\/actualidad\/la-nueva-organizacion-municipal-estructura-el-ayuntamiento-de-pamplona-en-doce-areas-de-gestion-con-siete-concejales-delegados-y-un-concejal-especial\/#primaryimage"},"image":{"@id":"https:\/\/www.laguiadepamplona.com\/actualidad\/la-nueva-organizacion-municipal-estructura-el-ayuntamiento-de-pamplona-en-doce-areas-de-gestion-con-siete-concejales-delegados-y-un-concejal-especial\/#primaryimage"},"thumbnailUrl":"https:\/\/www.laguiadepamplona.com\/actualidad\/wp-content\/uploads\/2023\/06\/23.06.30_Organigrama-Ayuntamiento-23-27_0.webp","datePublished":"2023-06-30T11:59:22+00:00","description":"Marca Pamplona, agilidad de la administraci\u00f3n, pol\u00edticas para mayores y cuidado de la ciudad, ejes estrat\u00e9gicos para las nuevas \u00e1reas municipales","breadcrumb":{"@id":"https:\/\/www.laguiadepamplona.com\/actualidad\/la-nueva-organizacion-municipal-estructura-el-ayuntamiento-de-pamplona-en-doce-areas-de-gestion-con-siete-concejales-delegados-y-un-concejal-especial\/#breadcrumb"},"inLanguage":"es","potentialAction":[{"@type":"ReadAction","target":["https:\/\/www.laguiadepamplona.com\/actualidad\/la-nueva-organizacion-municipal-estructura-el-ayuntamiento-de-pamplona-en-doce-areas-de-gestion-con-siete-concejales-delegados-y-un-concejal-especial\/"]}]},{"@type":"ImageObject","inLanguage":"es","@id":"https:\/\/www.laguiadepamplona.com\/actualidad\/la-nueva-organizacion-municipal-estructura-el-ayuntamiento-de-pamplona-en-doce-areas-de-gestion-con-siete-concejales-delegados-y-un-concejal-especial\/#primaryimage","url":"https:\/\/www.laguiadepamplona.com\/actualidad\/wp-content\/uploads\/2023\/06\/23.06.30_Organigrama-Ayuntamiento-23-27_0.webp","contentUrl":"https:\/\/www.laguiadepamplona.com\/actualidad\/wp-content\/uploads\/2023\/06\/23.06.30_Organigrama-Ayuntamiento-23-27_0.webp","width":1600,"height":900,"caption":"organigrama"},{"@type":"BreadcrumbList","@id":"https:\/\/www.laguiadepamplona.com\/actualidad\/la-nueva-organizacion-municipal-estructura-el-ayuntamiento-de-pamplona-en-doce-areas-de-gestion-con-siete-concejales-delegados-y-un-concejal-especial\/#breadcrumb","itemListElement":[{"@type":"ListItem","position":1,"name":"Portada","item":"https:\/\/www.laguiadepamplona.com\/actualidad\/"},{"@type":"ListItem","position":2,"name":"La nueva organizaci\u00f3n municipal estructura el Ayuntamiento de Pamplona en doce \u00e1reas de gesti\u00f3n, con siete concejales delegados y un concejal especial"}]},{"@type":"WebSite","@id":"https:\/\/www.laguiadepamplona.com\/actualidad\/#website","url":"https:\/\/www.laguiadepamplona.com\/actualidad\/","name":"La gu\u00eda de Pamplona","description":"Noticias de Pamplona","publisher":{"@id":"https:\/\/www.laguiadepamplona.com\/actualidad\/#organization"},"potentialAction":[{"@type":"SearchAction","target":{"@type":"EntryPoint","urlTemplate":"https:\/\/www.laguiadepamplona.com\/actualidad\/?s={search_term_string}"},"query-input":{"@type":"PropertyValueSpecification","valueRequired":true,"valueName":"search_term_string"}}],"inLanguage":"es"},{"@type":"Organization","@id":"https:\/\/www.laguiadepamplona.com\/actualidad\/#organization","name":"La Gu\u00eda de Pamplona \/ Noticias","url":"https:\/\/www.laguiadepamplona.com\/actualidad\/","logo":{"@type":"ImageObject","inLanguage":"es","@id":"https:\/\/www.laguiadepamplona.com\/actualidad\/#\/schema\/logo\/image\/","url":"https:\/\/www.laguiadepamplona.com\/actualidad\/wp-content\/uploads\/2018\/11\/logo-laguiadepamplona18-web1.png","contentUrl":"https:\/\/www.laguiadepamplona.com\/actualidad\/wp-content\/uploads\/2018\/11\/logo-laguiadepamplona18-web1.png","width":600,"height":196,"caption":"La Gu\u00eda de Pamplona \/ Noticias"},"image":{"@id":"https:\/\/www.laguiadepamplona.com\/actualidad\/#\/schema\/logo\/image\/"},"sameAs":["https:\/\/www.facebook.com\/laguiadepamplonacom-133175176762273\/?ref=hl","https:\/\/x.com\/LaGuiadPamplona","https:\/\/www.instagram.com\/la_guia_de_pamplona\/","https:\/\/www.youtube.com\/user\/laguiadepamplona"]},{"@type":"Person","@id":"https:\/\/www.laguiadepamplona.com\/actualidad\/#\/schema\/person\/efe887376f0213d4657c93adc50b1fdb","name":"La Gu\u00eda de Pamplona","image":{"@type":"ImageObject","inLanguage":"es","@id":"https:\/\/secure.gravatar.com\/avatar\/b6992f131dc8d30ab0dff15446e9d346d9dbd95992de0fef795073f5ea83a81c?s=96&d=mm&r=g","url":"https:\/\/secure.gravatar.com\/avatar\/b6992f131dc8d30ab0dff15446e9d346d9dbd95992de0fef795073f5ea83a81c?s=96&d=mm&r=g","contentUrl":"https:\/\/secure.gravatar.com\/avatar\/b6992f131dc8d30ab0dff15446e9d346d9dbd95992de0fef795073f5ea83a81c?s=96&d=mm&r=g","caption":"La Gu\u00eda de Pamplona"}}]}},"post_mailing_queue_ids":[],"_links":{"self":[{"href":"https:\/\/www.laguiadepamplona.com\/actualidad\/wp-json\/wp\/v2\/posts\/47199","targetHints":{"allow":["GET"]}}],"collection":[{"href":"https:\/\/www.laguiadepamplona.com\/actualidad\/wp-json\/wp\/v2\/posts"}],"about":[{"href":"https:\/\/www.laguiadepamplona.com\/actualidad\/wp-json\/wp\/v2\/types\/post"}],"author":[{"embeddable":true,"href":"https:\/\/www.laguiadepamplona.com\/actualidad\/wp-json\/wp\/v2\/users\/1"}],"replies":[{"embeddable":true,"href":"https:\/\/www.laguiadepamplona.com\/actualidad\/wp-json\/wp\/v2\/comments?post=47199"}],"version-history":[{"count":1,"href":"https:\/\/www.laguiadepamplona.com\/actualidad\/wp-json\/wp\/v2\/posts\/47199\/revisions"}],"predecessor-version":[{"id":47201,"href":"https:\/\/www.laguiadepamplona.com\/actualidad\/wp-json\/wp\/v2\/posts\/47199\/revisions\/47201"}],"wp:featuredmedia":[{"embeddable":true,"href":"https:\/\/www.laguiadepamplona.com\/actualidad\/wp-json\/wp\/v2\/media\/47200"}],"wp:attachment":[{"href":"https:\/\/www.laguiadepamplona.com\/actualidad\/wp-json\/wp\/v2\/media?parent=47199"}],"wp:term":[{"taxonomy":"category","embeddable":true,"href":"https:\/\/www.laguiadepamplona.com\/actualidad\/wp-json\/wp\/v2\/categories?post=47199"},{"taxonomy":"post_tag","embeddable":true,"href":"https:\/\/www.laguiadepamplona.com\/actualidad\/wp-json\/wp\/v2\/tags?post=47199"}],"curies":[{"name":"wp","href":"https:\/\/api.w.org\/{rel}","templated":true}]}}