{"id":47187,"date":"2023-06-29T16:53:33","date_gmt":"2023-06-29T14:53:33","guid":{"rendered":"https:\/\/www.laguiadepamplona.com\/actualidad\/?p=47187"},"modified":"2023-06-29T16:53:33","modified_gmt":"2023-06-29T14:53:33","slug":"la-zona-joven-de-san-fermin-se-estrenara-en-la-plaza-de-la-constitucion-con-mas-de-40-propuestas-de-actividades-musica-y-diversion-programadas-del-7-al-14-de-julio","status":"publish","type":"post","link":"https:\/\/www.laguiadepamplona.com\/actualidad\/la-zona-joven-de-san-fermin-se-estrenara-en-la-plaza-de-la-constitucion-con-mas-de-40-propuestas-de-actividades-musica-y-diversion-programadas-del-7-al-14-de-julio\/","title":{"rendered":"La Zona Joven de San Ferm\u00edn se estrenar\u00e1 en la plaza de la Constituci\u00f3n con m\u00e1s de 40 propuestas de actividades, m\u00fasica y diversi\u00f3n programadas del 7 al 14 de julio"},"content":{"rendered":"<h2>La zona contar\u00e1 con un punto seguro para el disfrute de las fiestas \u2018con cabeza\u2019 en el que se hablar\u00e1 de sexualidad, adicciones o bullying<\/h2>\n<p><!--more--><\/p>\n<p>La juventud seguir\u00e1 teniendo estos pr\u00f3ximos Sanfermines su espacio espec\u00edfico de actividades. La Zona Joven se ha trasladado de la plaza de los Fueros a su nueva ubicaci\u00f3n en la plaza de la Constituci\u00f3n, pero mantendr\u00e1 su esencia, con m\u00e1s de 40 propuestas que incluyen hinchables, talleres, exhibiciones, fiesta de la espuma, m\u00fasica y un punto de informaci\u00f3n para disfrutar con cabeza de las fiestas. La Zona Joven est\u00e1 dirigida a adolescentes, entre los 12 y los 17 a\u00f1os, y abrir\u00e1 del 7 al 14 de julio, todas las tardes de 19 a 22.30 horas.<\/p>\n<p>La Zona Joven se inaugurar\u00e1 el 7 de julio a las 19 horas con su particular Chupinazo y la actuaci\u00f3n de DJ Medhi. Para ese d\u00eda se proponen un taller de maquillaje ne\u00f3n, la actuaci\u00f3n del grupo Boca \u2013 Beats, hinchables como futbol\u00edn, Wipeout, barredora o tirachinas y la charanga Artistas del Gremio. Para el s\u00e1bado 8 de julio, m\u00e1s hinchables con juegos de habilidad, exhibici\u00f3n de hip hop, taller de pulseras y tatuajes con aer\u00f3grafo y fiesta de la espuma. La animaci\u00f3n musical, a partir de las 21 horas, correr\u00e1 a cargo de DJ Txurru.<br \/>\n<script async src=\"\/\/pagead2.googlesyndication.com\/pagead\/js\/adsbygoogle.js\"><\/script><br \/>\n<!-- Noticias La Guia de Pamplona --><br \/>\n<ins class=\"adsbygoogle\"\nstyle=\"display:block\"\ndata-ad-client=\"ca-pub-6943679897239327\"\ndata-ad-slot=\"7048180777\"\ndata-ad-format=\"auto\"><\/ins><br \/>\n<script>\n(adsbygoogle = window.adsbygoogle || []).push({});\n<\/script><\/p>\n<p>El domingo 9 de julio comenzar\u00e1 con un taller de redes sociales, un gran tobog\u00e1n hinchable, humor amarillo y una cancha 3&#215;3 de f\u00fatbol y baloncesto. Se ha programado tambi\u00e9n un taller de break y un concierto de los raperos pamploneses Erel &amp; Ku\u00f1i. El lunes 10 de julio\u00a0 se celebrar\u00e1 en la Zona Joven el d\u00eda de las cuadrillas, con hinchables y herri kirolak. A todo ello, se sumar\u00e1 la magia del mago Patxi, karaoke y la m\u00fasica de DJ Mar\u00eda L\u00f3pez.<\/p>\n<p>El martes 11 de julio se han programado un taller de parkour y otro de facepainting, toro mec\u00e1nico, juegos de habilidad y bolas bumper con per\u00edmetro hinchable. A las 20 horas, el saxofonista Mario Oroz ofrecer\u00e1 su m\u00fasica fusi\u00f3n y, a las 21 horas, espect\u00e1culo on the road con canciones de todos los estilos. El mi\u00e9rcoles 12 de julio habr\u00e1 taller de atrezzo con reciclaje, clases y exhibici\u00f3n de zumba, hinchables con agua y photocall. La parte musical, a las 21 horas, la protagonizar\u00e1 DJ Original Sistah.<\/p>\n<p>Los dos \u00faltimos d\u00edas de fiestas se mantienen las actividades. El jueves 13 de julio se podr\u00e1 participar en un taller para decorar el pa\u00f1uelo de fiestas y en hinchables de gladiadores. Habr\u00e1 animaci\u00f3n afrodance y un minifestival con los grupos de Pamplona Nakama Planet y Zazu. La Zona Joven se cerrar\u00e1 el 14 de julio con un taller para construir un torico de fuego, yincanas y escape rooms, hinchables deportivos y la m\u00fasica de DJ Josu Gonz\u00e1lez.<br \/>\n<script async src=\"\/\/pagead2.googlesyndication.com\/pagead\/js\/adsbygoogle.js\"><\/script><br \/>\n<!-- Noticias La Guia de Pamplona --><br \/>\n<ins class=\"adsbygoogle\"\nstyle=\"display:block\"\ndata-ad-client=\"ca-pub-6943679897239327\"\ndata-ad-slot=\"7048180777\"\ndata-ad-format=\"auto\"><\/ins><br \/>\n<script>\n(adsbygoogle = window.adsbygoogle || []).push({});\n<\/script><\/p>\n<p><strong>Disfrutar con cabeza<\/strong><\/p>\n<p>Adem\u00e1s de la programaci\u00f3n de actividades, la Zona Joven incluye un espacio concebido como punto seguro donde diferentes asociaciones informar\u00e1n sobre temas de inter\u00e9s para la juventud como sexualidad, bullying o adicciones, entre otros<span style=\"text-decoration: line-through;\">.<\/span> De esta forma, el Ayuntamiento de Pamplona propone a la juventud de la ciudad que disfrute de los Sanfermines \u2018con cabeza\u2019, para que el alcohol, las drogas o pr\u00e1cticas sexuales de riesgo no les amarguen las fiestas.<\/p>\n<p>Los d\u00edas 8 y 9 de julio la Asociaci\u00f3n EGAN informar\u00e1 sobre sexualidad, orientaci\u00f3n sexual y derechos LGTBI. Los d\u00edas 10 y 11 de julio estar\u00e1n dedicados al bullying y al maltrato, con personas de la Asociaci\u00f3n P.I.C.A. El 12 y el 13 de julio la Asociaci\u00f3n ANTOX hablar\u00e1 sobre\u00a0 adicciones a sustancias y tecnolog\u00edas. Por \u00faltimo, el d\u00eda 14 de julio estar\u00e1 en la Zona Joven la\u00a0 asociaci\u00f3n Apoyo Mutuo, que trabaja con j\u00f3venes que viven en la calle ofreciendo oportunidades de integraci\u00f3n en la sociedad.<br \/>\n<script async src=\"\/\/pagead2.googlesyndication.com\/pagead\/js\/adsbygoogle.js\"><\/script><br \/>\n<!-- Noticias La Guia de Pamplona --><br \/>\n<ins class=\"adsbygoogle\"\nstyle=\"display:block\"\ndata-ad-client=\"ca-pub-6943679897239327\"\ndata-ad-slot=\"7048180777\"\ndata-ad-format=\"auto\"><\/ins><br \/>\n<script>\n(adsbygoogle = window.adsbygoogle || []).push({});\n<\/script><\/p>\n<p>Todos los d\u00edas estar\u00e1 instalada una taberna del agua de la Mancomunidad de la Comarca de Pamplona y habr\u00e1 una barra donde se vender\u00e1n c\u00f3cteles y bebidas sin alcohol. La empresa Viajes Divertis ha sido la adjudicatoria del contrato para la gesti\u00f3n de este espacio y la programaci\u00f3n de actividad, con un presupuesto de 61.576,90 euros.<\/p>\n","protected":false},"excerpt":{"rendered":"<p>La zona contar\u00e1 con un punto seguro para el disfrute de las fiestas \u2018con cabeza\u2019 en el que se hablar\u00e1 de sexualidad, adicciones o bullying<\/p>\n","protected":false},"author":1,"featured_media":47188,"comment_status":"open","ping_status":"closed","sticky":false,"template":"","format":"standard","meta":{"footnotes":""},"categories":[2,9406],"tags":[],"class_list":["post-47187","post","type-post","status-publish","format-standard","has-post-thumbnail","hentry","category-ayuntamiento-pamplona","category-san-fermin"],"yoast_head":"<!-- This site is optimized with the Yoast SEO plugin v27.3 - https:\/\/yoast.com\/product\/yoast-seo-wordpress\/ -->\n<title>La Zona Joven de San Ferm\u00edn se estrenar\u00e1 en la plaza de la Constituci\u00f3n con m\u00e1s de 40 propuestas de actividades, m\u00fasica y diversi\u00f3n programadas del 7 al 14 de julio<\/title>\n<meta name=\"description\" content=\"La zona contar\u00e1 con un punto seguro para el disfrute de las fiestas \u2018con cabeza\u2019 en el que se hablar\u00e1 de sexualidad, adicciones o bullying\" \/>\n<meta name=\"robots\" content=\"index, follow, max-snippet:-1, max-image-preview:large, max-video-preview:-1\" \/>\n<link rel=\"canonical\" href=\"https:\/\/www.laguiadepamplona.com\/actualidad\/la-zona-joven-de-san-fermin-se-estrenara-en-la-plaza-de-la-constitucion-con-mas-de-40-propuestas-de-actividades-musica-y-diversion-programadas-del-7-al-14-de-julio\/\" \/>\n<meta property=\"og:locale\" content=\"es_ES\" \/>\n<meta property=\"og:type\" content=\"article\" \/>\n<meta property=\"og:title\" content=\"La Zona Joven de San Ferm\u00edn se estrenar\u00e1 en la plaza de la Constituci\u00f3n con m\u00e1s de 40 propuestas de actividades, m\u00fasica y diversi\u00f3n programadas del 7 al 14 de julio\" \/>\n<meta property=\"og:description\" content=\"La zona contar\u00e1 con un punto seguro para el disfrute de las fiestas \u2018con cabeza\u2019 en el que se hablar\u00e1 de sexualidad, adicciones o bullying\" \/>\n<meta property=\"og:url\" content=\"https:\/\/www.laguiadepamplona.com\/actualidad\/la-zona-joven-de-san-fermin-se-estrenara-en-la-plaza-de-la-constitucion-con-mas-de-40-propuestas-de-actividades-musica-y-diversion-programadas-del-7-al-14-de-julio\/\" \/>\n<meta property=\"og:site_name\" content=\"La Gu\u00eda de Pamplona\" \/>\n<meta property=\"article:publisher\" content=\"https:\/\/www.facebook.com\/laguiadepamplonacom-133175176762273\/?ref=hl\" \/>\n<meta property=\"article:published_time\" content=\"2023-06-29T14:53:33+00:00\" \/>\n<meta property=\"og:image\" content=\"https:\/\/www.laguiadepamplona.com\/actualidad\/wp-content\/uploads\/2023\/06\/zona-joven.webp\" \/>\n\t<meta property=\"og:image:width\" content=\"522\" \/>\n\t<meta property=\"og:image:height\" content=\"374\" \/>\n\t<meta property=\"og:image:type\" content=\"image\/webp\" \/>\n<meta name=\"author\" content=\"La Gu\u00eda de Pamplona\" \/>\n<meta name=\"twitter:card\" content=\"summary_large_image\" \/>\n<meta name=\"twitter:creator\" content=\"@LaGuiadPamplona\" \/>\n<meta name=\"twitter:site\" content=\"@LaGuiadPamplona\" \/>\n<meta name=\"twitter:label1\" content=\"Escrito por\" \/>\n\t<meta name=\"twitter:data1\" content=\"La Gu\u00eda de Pamplona\" \/>\n\t<meta name=\"twitter:label2\" content=\"Tiempo de lectura\" \/>\n\t<meta name=\"twitter:data2\" content=\"4 minutos\" \/>\n<script type=\"application\/ld+json\" class=\"yoast-schema-graph\">{\"@context\":\"https:\\\/\\\/schema.org\",\"@graph\":[{\"@type\":\"Article\",\"@id\":\"https:\\\/\\\/www.laguiadepamplona.com\\\/actualidad\\\/la-zona-joven-de-san-fermin-se-estrenara-en-la-plaza-de-la-constitucion-con-mas-de-40-propuestas-de-actividades-musica-y-diversion-programadas-del-7-al-14-de-julio\\\/#article\",\"isPartOf\":{\"@id\":\"https:\\\/\\\/www.laguiadepamplona.com\\\/actualidad\\\/la-zona-joven-de-san-fermin-se-estrenara-en-la-plaza-de-la-constitucion-con-mas-de-40-propuestas-de-actividades-musica-y-diversion-programadas-del-7-al-14-de-julio\\\/\"},\"author\":{\"name\":\"La Gu\u00eda de Pamplona\",\"@id\":\"https:\\\/\\\/www.laguiadepamplona.com\\\/actualidad\\\/#\\\/schema\\\/person\\\/efe887376f0213d4657c93adc50b1fdb\"},\"headline\":\"La Zona Joven de San Ferm\u00edn se estrenar\u00e1 en la plaza de la Constituci\u00f3n con m\u00e1s de 40 propuestas de actividades, m\u00fasica y diversi\u00f3n programadas del 7 al 14 de julio\",\"datePublished\":\"2023-06-29T14:53:33+00:00\",\"mainEntityOfPage\":{\"@id\":\"https:\\\/\\\/www.laguiadepamplona.com\\\/actualidad\\\/la-zona-joven-de-san-fermin-se-estrenara-en-la-plaza-de-la-constitucion-con-mas-de-40-propuestas-de-actividades-musica-y-diversion-programadas-del-7-al-14-de-julio\\\/\"},\"wordCount\":748,\"commentCount\":0,\"publisher\":{\"@id\":\"https:\\\/\\\/www.laguiadepamplona.com\\\/actualidad\\\/#organization\"},\"image\":{\"@id\":\"https:\\\/\\\/www.laguiadepamplona.com\\\/actualidad\\\/la-zona-joven-de-san-fermin-se-estrenara-en-la-plaza-de-la-constitucion-con-mas-de-40-propuestas-de-actividades-musica-y-diversion-programadas-del-7-al-14-de-julio\\\/#primaryimage\"},\"thumbnailUrl\":\"https:\\\/\\\/www.laguiadepamplona.com\\\/actualidad\\\/wp-content\\\/uploads\\\/2023\\\/06\\\/zona-joven.webp\",\"articleSection\":[\"Ayto Pamplona\",\"San Ferm\u00edn\"],\"inLanguage\":\"es\",\"potentialAction\":[{\"@type\":\"CommentAction\",\"name\":\"Comment\",\"target\":[\"https:\\\/\\\/www.laguiadepamplona.com\\\/actualidad\\\/la-zona-joven-de-san-fermin-se-estrenara-en-la-plaza-de-la-constitucion-con-mas-de-40-propuestas-de-actividades-musica-y-diversion-programadas-del-7-al-14-de-julio\\\/#respond\"]}]},{\"@type\":\"WebPage\",\"@id\":\"https:\\\/\\\/www.laguiadepamplona.com\\\/actualidad\\\/la-zona-joven-de-san-fermin-se-estrenara-en-la-plaza-de-la-constitucion-con-mas-de-40-propuestas-de-actividades-musica-y-diversion-programadas-del-7-al-14-de-julio\\\/\",\"url\":\"https:\\\/\\\/www.laguiadepamplona.com\\\/actualidad\\\/la-zona-joven-de-san-fermin-se-estrenara-en-la-plaza-de-la-constitucion-con-mas-de-40-propuestas-de-actividades-musica-y-diversion-programadas-del-7-al-14-de-julio\\\/\",\"name\":\"La Zona Joven de San Ferm\u00edn se estrenar\u00e1 en la plaza de la Constituci\u00f3n con m\u00e1s de 40 propuestas de actividades, m\u00fasica y diversi\u00f3n programadas del 7 al 14 de julio\",\"isPartOf\":{\"@id\":\"https:\\\/\\\/www.laguiadepamplona.com\\\/actualidad\\\/#website\"},\"primaryImageOfPage\":{\"@id\":\"https:\\\/\\\/www.laguiadepamplona.com\\\/actualidad\\\/la-zona-joven-de-san-fermin-se-estrenara-en-la-plaza-de-la-constitucion-con-mas-de-40-propuestas-de-actividades-musica-y-diversion-programadas-del-7-al-14-de-julio\\\/#primaryimage\"},\"image\":{\"@id\":\"https:\\\/\\\/www.laguiadepamplona.com\\\/actualidad\\\/la-zona-joven-de-san-fermin-se-estrenara-en-la-plaza-de-la-constitucion-con-mas-de-40-propuestas-de-actividades-musica-y-diversion-programadas-del-7-al-14-de-julio\\\/#primaryimage\"},\"thumbnailUrl\":\"https:\\\/\\\/www.laguiadepamplona.com\\\/actualidad\\\/wp-content\\\/uploads\\\/2023\\\/06\\\/zona-joven.webp\",\"datePublished\":\"2023-06-29T14:53:33+00:00\",\"description\":\"La zona contar\u00e1 con un punto seguro para el disfrute de las fiestas \u2018con cabeza\u2019 en el que se hablar\u00e1 de sexualidad, adicciones o bullying\",\"breadcrumb\":{\"@id\":\"https:\\\/\\\/www.laguiadepamplona.com\\\/actualidad\\\/la-zona-joven-de-san-fermin-se-estrenara-en-la-plaza-de-la-constitucion-con-mas-de-40-propuestas-de-actividades-musica-y-diversion-programadas-del-7-al-14-de-julio\\\/#breadcrumb\"},\"inLanguage\":\"es\",\"potentialAction\":[{\"@type\":\"ReadAction\",\"target\":[\"https:\\\/\\\/www.laguiadepamplona.com\\\/actualidad\\\/la-zona-joven-de-san-fermin-se-estrenara-en-la-plaza-de-la-constitucion-con-mas-de-40-propuestas-de-actividades-musica-y-diversion-programadas-del-7-al-14-de-julio\\\/\"]}]},{\"@type\":\"ImageObject\",\"inLanguage\":\"es\",\"@id\":\"https:\\\/\\\/www.laguiadepamplona.com\\\/actualidad\\\/la-zona-joven-de-san-fermin-se-estrenara-en-la-plaza-de-la-constitucion-con-mas-de-40-propuestas-de-actividades-musica-y-diversion-programadas-del-7-al-14-de-julio\\\/#primaryimage\",\"url\":\"https:\\\/\\\/www.laguiadepamplona.com\\\/actualidad\\\/wp-content\\\/uploads\\\/2023\\\/06\\\/zona-joven.webp\",\"contentUrl\":\"https:\\\/\\\/www.laguiadepamplona.com\\\/actualidad\\\/wp-content\\\/uploads\\\/2023\\\/06\\\/zona-joven.webp\",\"width\":522,\"height\":374},{\"@type\":\"BreadcrumbList\",\"@id\":\"https:\\\/\\\/www.laguiadepamplona.com\\\/actualidad\\\/la-zona-joven-de-san-fermin-se-estrenara-en-la-plaza-de-la-constitucion-con-mas-de-40-propuestas-de-actividades-musica-y-diversion-programadas-del-7-al-14-de-julio\\\/#breadcrumb\",\"itemListElement\":[{\"@type\":\"ListItem\",\"position\":1,\"name\":\"Portada\",\"item\":\"https:\\\/\\\/www.laguiadepamplona.com\\\/actualidad\\\/\"},{\"@type\":\"ListItem\",\"position\":2,\"name\":\"La Zona Joven de San Ferm\u00edn se estrenar\u00e1 en la plaza de la Constituci\u00f3n con m\u00e1s de 40 propuestas de actividades, m\u00fasica y diversi\u00f3n programadas del 7 al 14 de julio\"}]},{\"@type\":\"WebSite\",\"@id\":\"https:\\\/\\\/www.laguiadepamplona.com\\\/actualidad\\\/#website\",\"url\":\"https:\\\/\\\/www.laguiadepamplona.com\\\/actualidad\\\/\",\"name\":\"La gu\u00eda de Pamplona\",\"description\":\"Noticias de Pamplona\",\"publisher\":{\"@id\":\"https:\\\/\\\/www.laguiadepamplona.com\\\/actualidad\\\/#organization\"},\"potentialAction\":[{\"@type\":\"SearchAction\",\"target\":{\"@type\":\"EntryPoint\",\"urlTemplate\":\"https:\\\/\\\/www.laguiadepamplona.com\\\/actualidad\\\/?s={search_term_string}\"},\"query-input\":{\"@type\":\"PropertyValueSpecification\",\"valueRequired\":true,\"valueName\":\"search_term_string\"}}],\"inLanguage\":\"es\"},{\"@type\":\"Organization\",\"@id\":\"https:\\\/\\\/www.laguiadepamplona.com\\\/actualidad\\\/#organization\",\"name\":\"La Gu\u00eda de Pamplona \\\/ Noticias\",\"url\":\"https:\\\/\\\/www.laguiadepamplona.com\\\/actualidad\\\/\",\"logo\":{\"@type\":\"ImageObject\",\"inLanguage\":\"es\",\"@id\":\"https:\\\/\\\/www.laguiadepamplona.com\\\/actualidad\\\/#\\\/schema\\\/logo\\\/image\\\/\",\"url\":\"https:\\\/\\\/www.laguiadepamplona.com\\\/actualidad\\\/wp-content\\\/uploads\\\/2018\\\/11\\\/logo-laguiadepamplona18-web1.png\",\"contentUrl\":\"https:\\\/\\\/www.laguiadepamplona.com\\\/actualidad\\\/wp-content\\\/uploads\\\/2018\\\/11\\\/logo-laguiadepamplona18-web1.png\",\"width\":600,\"height\":196,\"caption\":\"La Gu\u00eda de Pamplona \\\/ Noticias\"},\"image\":{\"@id\":\"https:\\\/\\\/www.laguiadepamplona.com\\\/actualidad\\\/#\\\/schema\\\/logo\\\/image\\\/\"},\"sameAs\":[\"https:\\\/\\\/www.facebook.com\\\/laguiadepamplonacom-133175176762273\\\/?ref=hl\",\"https:\\\/\\\/x.com\\\/LaGuiadPamplona\",\"https:\\\/\\\/www.instagram.com\\\/la_guia_de_pamplona\\\/\",\"https:\\\/\\\/www.youtube.com\\\/user\\\/laguiadepamplona\"]},{\"@type\":\"Person\",\"@id\":\"https:\\\/\\\/www.laguiadepamplona.com\\\/actualidad\\\/#\\\/schema\\\/person\\\/efe887376f0213d4657c93adc50b1fdb\",\"name\":\"La Gu\u00eda de Pamplona\",\"image\":{\"@type\":\"ImageObject\",\"inLanguage\":\"es\",\"@id\":\"https:\\\/\\\/secure.gravatar.com\\\/avatar\\\/b6992f131dc8d30ab0dff15446e9d346d9dbd95992de0fef795073f5ea83a81c?s=96&d=mm&r=g\",\"url\":\"https:\\\/\\\/secure.gravatar.com\\\/avatar\\\/b6992f131dc8d30ab0dff15446e9d346d9dbd95992de0fef795073f5ea83a81c?s=96&d=mm&r=g\",\"contentUrl\":\"https:\\\/\\\/secure.gravatar.com\\\/avatar\\\/b6992f131dc8d30ab0dff15446e9d346d9dbd95992de0fef795073f5ea83a81c?s=96&d=mm&r=g\",\"caption\":\"La Gu\u00eda de Pamplona\"}}]}<\/script>\n<!-- \/ Yoast SEO plugin. -->","yoast_head_json":{"title":"La Zona Joven de San Ferm\u00edn se estrenar\u00e1 en la plaza de la Constituci\u00f3n con m\u00e1s de 40 propuestas de actividades, m\u00fasica y diversi\u00f3n programadas del 7 al 14 de julio","description":"La zona contar\u00e1 con un punto seguro para el disfrute de las fiestas \u2018con cabeza\u2019 en el que se hablar\u00e1 de sexualidad, adicciones o bullying","robots":{"index":"index","follow":"follow","max-snippet":"max-snippet:-1","max-image-preview":"max-image-preview:large","max-video-preview":"max-video-preview:-1"},"canonical":"https:\/\/www.laguiadepamplona.com\/actualidad\/la-zona-joven-de-san-fermin-se-estrenara-en-la-plaza-de-la-constitucion-con-mas-de-40-propuestas-de-actividades-musica-y-diversion-programadas-del-7-al-14-de-julio\/","og_locale":"es_ES","og_type":"article","og_title":"La Zona Joven de San Ferm\u00edn se estrenar\u00e1 en la plaza de la Constituci\u00f3n con m\u00e1s de 40 propuestas de actividades, m\u00fasica y diversi\u00f3n programadas del 7 al 14 de julio","og_description":"La zona contar\u00e1 con un punto seguro para el disfrute de las fiestas \u2018con cabeza\u2019 en el que se hablar\u00e1 de sexualidad, adicciones o bullying","og_url":"https:\/\/www.laguiadepamplona.com\/actualidad\/la-zona-joven-de-san-fermin-se-estrenara-en-la-plaza-de-la-constitucion-con-mas-de-40-propuestas-de-actividades-musica-y-diversion-programadas-del-7-al-14-de-julio\/","og_site_name":"La Gu\u00eda de Pamplona","article_publisher":"https:\/\/www.facebook.com\/laguiadepamplonacom-133175176762273\/?ref=hl","article_published_time":"2023-06-29T14:53:33+00:00","og_image":[{"width":522,"height":374,"url":"https:\/\/www.laguiadepamplona.com\/actualidad\/wp-content\/uploads\/2023\/06\/zona-joven.webp","type":"image\/webp"}],"author":"La Gu\u00eda de Pamplona","twitter_card":"summary_large_image","twitter_creator":"@LaGuiadPamplona","twitter_site":"@LaGuiadPamplona","twitter_misc":{"Escrito por":"La Gu\u00eda de Pamplona","Tiempo de lectura":"4 minutos"},"schema":{"@context":"https:\/\/schema.org","@graph":[{"@type":"Article","@id":"https:\/\/www.laguiadepamplona.com\/actualidad\/la-zona-joven-de-san-fermin-se-estrenara-en-la-plaza-de-la-constitucion-con-mas-de-40-propuestas-de-actividades-musica-y-diversion-programadas-del-7-al-14-de-julio\/#article","isPartOf":{"@id":"https:\/\/www.laguiadepamplona.com\/actualidad\/la-zona-joven-de-san-fermin-se-estrenara-en-la-plaza-de-la-constitucion-con-mas-de-40-propuestas-de-actividades-musica-y-diversion-programadas-del-7-al-14-de-julio\/"},"author":{"name":"La Gu\u00eda de Pamplona","@id":"https:\/\/www.laguiadepamplona.com\/actualidad\/#\/schema\/person\/efe887376f0213d4657c93adc50b1fdb"},"headline":"La Zona Joven de San Ferm\u00edn se estrenar\u00e1 en la plaza de la Constituci\u00f3n con m\u00e1s de 40 propuestas de actividades, m\u00fasica y diversi\u00f3n programadas del 7 al 14 de julio","datePublished":"2023-06-29T14:53:33+00:00","mainEntityOfPage":{"@id":"https:\/\/www.laguiadepamplona.com\/actualidad\/la-zona-joven-de-san-fermin-se-estrenara-en-la-plaza-de-la-constitucion-con-mas-de-40-propuestas-de-actividades-musica-y-diversion-programadas-del-7-al-14-de-julio\/"},"wordCount":748,"commentCount":0,"publisher":{"@id":"https:\/\/www.laguiadepamplona.com\/actualidad\/#organization"},"image":{"@id":"https:\/\/www.laguiadepamplona.com\/actualidad\/la-zona-joven-de-san-fermin-se-estrenara-en-la-plaza-de-la-constitucion-con-mas-de-40-propuestas-de-actividades-musica-y-diversion-programadas-del-7-al-14-de-julio\/#primaryimage"},"thumbnailUrl":"https:\/\/www.laguiadepamplona.com\/actualidad\/wp-content\/uploads\/2023\/06\/zona-joven.webp","articleSection":["Ayto Pamplona","San Ferm\u00edn"],"inLanguage":"es","potentialAction":[{"@type":"CommentAction","name":"Comment","target":["https:\/\/www.laguiadepamplona.com\/actualidad\/la-zona-joven-de-san-fermin-se-estrenara-en-la-plaza-de-la-constitucion-con-mas-de-40-propuestas-de-actividades-musica-y-diversion-programadas-del-7-al-14-de-julio\/#respond"]}]},{"@type":"WebPage","@id":"https:\/\/www.laguiadepamplona.com\/actualidad\/la-zona-joven-de-san-fermin-se-estrenara-en-la-plaza-de-la-constitucion-con-mas-de-40-propuestas-de-actividades-musica-y-diversion-programadas-del-7-al-14-de-julio\/","url":"https:\/\/www.laguiadepamplona.com\/actualidad\/la-zona-joven-de-san-fermin-se-estrenara-en-la-plaza-de-la-constitucion-con-mas-de-40-propuestas-de-actividades-musica-y-diversion-programadas-del-7-al-14-de-julio\/","name":"La Zona Joven de San Ferm\u00edn se estrenar\u00e1 en la plaza de la Constituci\u00f3n con m\u00e1s de 40 propuestas de actividades, m\u00fasica y diversi\u00f3n programadas del 7 al 14 de julio","isPartOf":{"@id":"https:\/\/www.laguiadepamplona.com\/actualidad\/#website"},"primaryImageOfPage":{"@id":"https:\/\/www.laguiadepamplona.com\/actualidad\/la-zona-joven-de-san-fermin-se-estrenara-en-la-plaza-de-la-constitucion-con-mas-de-40-propuestas-de-actividades-musica-y-diversion-programadas-del-7-al-14-de-julio\/#primaryimage"},"image":{"@id":"https:\/\/www.laguiadepamplona.com\/actualidad\/la-zona-joven-de-san-fermin-se-estrenara-en-la-plaza-de-la-constitucion-con-mas-de-40-propuestas-de-actividades-musica-y-diversion-programadas-del-7-al-14-de-julio\/#primaryimage"},"thumbnailUrl":"https:\/\/www.laguiadepamplona.com\/actualidad\/wp-content\/uploads\/2023\/06\/zona-joven.webp","datePublished":"2023-06-29T14:53:33+00:00","description":"La zona contar\u00e1 con un punto seguro para el disfrute de las fiestas \u2018con cabeza\u2019 en el que se hablar\u00e1 de sexualidad, adicciones o bullying","breadcrumb":{"@id":"https:\/\/www.laguiadepamplona.com\/actualidad\/la-zona-joven-de-san-fermin-se-estrenara-en-la-plaza-de-la-constitucion-con-mas-de-40-propuestas-de-actividades-musica-y-diversion-programadas-del-7-al-14-de-julio\/#breadcrumb"},"inLanguage":"es","potentialAction":[{"@type":"ReadAction","target":["https:\/\/www.laguiadepamplona.com\/actualidad\/la-zona-joven-de-san-fermin-se-estrenara-en-la-plaza-de-la-constitucion-con-mas-de-40-propuestas-de-actividades-musica-y-diversion-programadas-del-7-al-14-de-julio\/"]}]},{"@type":"ImageObject","inLanguage":"es","@id":"https:\/\/www.laguiadepamplona.com\/actualidad\/la-zona-joven-de-san-fermin-se-estrenara-en-la-plaza-de-la-constitucion-con-mas-de-40-propuestas-de-actividades-musica-y-diversion-programadas-del-7-al-14-de-julio\/#primaryimage","url":"https:\/\/www.laguiadepamplona.com\/actualidad\/wp-content\/uploads\/2023\/06\/zona-joven.webp","contentUrl":"https:\/\/www.laguiadepamplona.com\/actualidad\/wp-content\/uploads\/2023\/06\/zona-joven.webp","width":522,"height":374},{"@type":"BreadcrumbList","@id":"https:\/\/www.laguiadepamplona.com\/actualidad\/la-zona-joven-de-san-fermin-se-estrenara-en-la-plaza-de-la-constitucion-con-mas-de-40-propuestas-de-actividades-musica-y-diversion-programadas-del-7-al-14-de-julio\/#breadcrumb","itemListElement":[{"@type":"ListItem","position":1,"name":"Portada","item":"https:\/\/www.laguiadepamplona.com\/actualidad\/"},{"@type":"ListItem","position":2,"name":"La Zona Joven de San Ferm\u00edn se estrenar\u00e1 en la plaza de la Constituci\u00f3n con m\u00e1s de 40 propuestas de actividades, m\u00fasica y diversi\u00f3n programadas del 7 al 14 de julio"}]},{"@type":"WebSite","@id":"https:\/\/www.laguiadepamplona.com\/actualidad\/#website","url":"https:\/\/www.laguiadepamplona.com\/actualidad\/","name":"La gu\u00eda de Pamplona","description":"Noticias de Pamplona","publisher":{"@id":"https:\/\/www.laguiadepamplona.com\/actualidad\/#organization"},"potentialAction":[{"@type":"SearchAction","target":{"@type":"EntryPoint","urlTemplate":"https:\/\/www.laguiadepamplona.com\/actualidad\/?s={search_term_string}"},"query-input":{"@type":"PropertyValueSpecification","valueRequired":true,"valueName":"search_term_string"}}],"inLanguage":"es"},{"@type":"Organization","@id":"https:\/\/www.laguiadepamplona.com\/actualidad\/#organization","name":"La Gu\u00eda de Pamplona \/ Noticias","url":"https:\/\/www.laguiadepamplona.com\/actualidad\/","logo":{"@type":"ImageObject","inLanguage":"es","@id":"https:\/\/www.laguiadepamplona.com\/actualidad\/#\/schema\/logo\/image\/","url":"https:\/\/www.laguiadepamplona.com\/actualidad\/wp-content\/uploads\/2018\/11\/logo-laguiadepamplona18-web1.png","contentUrl":"https:\/\/www.laguiadepamplona.com\/actualidad\/wp-content\/uploads\/2018\/11\/logo-laguiadepamplona18-web1.png","width":600,"height":196,"caption":"La Gu\u00eda de Pamplona \/ Noticias"},"image":{"@id":"https:\/\/www.laguiadepamplona.com\/actualidad\/#\/schema\/logo\/image\/"},"sameAs":["https:\/\/www.facebook.com\/laguiadepamplonacom-133175176762273\/?ref=hl","https:\/\/x.com\/LaGuiadPamplona","https:\/\/www.instagram.com\/la_guia_de_pamplona\/","https:\/\/www.youtube.com\/user\/laguiadepamplona"]},{"@type":"Person","@id":"https:\/\/www.laguiadepamplona.com\/actualidad\/#\/schema\/person\/efe887376f0213d4657c93adc50b1fdb","name":"La Gu\u00eda de Pamplona","image":{"@type":"ImageObject","inLanguage":"es","@id":"https:\/\/secure.gravatar.com\/avatar\/b6992f131dc8d30ab0dff15446e9d346d9dbd95992de0fef795073f5ea83a81c?s=96&d=mm&r=g","url":"https:\/\/secure.gravatar.com\/avatar\/b6992f131dc8d30ab0dff15446e9d346d9dbd95992de0fef795073f5ea83a81c?s=96&d=mm&r=g","contentUrl":"https:\/\/secure.gravatar.com\/avatar\/b6992f131dc8d30ab0dff15446e9d346d9dbd95992de0fef795073f5ea83a81c?s=96&d=mm&r=g","caption":"La Gu\u00eda de Pamplona"}}]}},"post_mailing_queue_ids":[],"_links":{"self":[{"href":"https:\/\/www.laguiadepamplona.com\/actualidad\/wp-json\/wp\/v2\/posts\/47187","targetHints":{"allow":["GET"]}}],"collection":[{"href":"https:\/\/www.laguiadepamplona.com\/actualidad\/wp-json\/wp\/v2\/posts"}],"about":[{"href":"https:\/\/www.laguiadepamplona.com\/actualidad\/wp-json\/wp\/v2\/types\/post"}],"author":[{"embeddable":true,"href":"https:\/\/www.laguiadepamplona.com\/actualidad\/wp-json\/wp\/v2\/users\/1"}],"replies":[{"embeddable":true,"href":"https:\/\/www.laguiadepamplona.com\/actualidad\/wp-json\/wp\/v2\/comments?post=47187"}],"version-history":[{"count":1,"href":"https:\/\/www.laguiadepamplona.com\/actualidad\/wp-json\/wp\/v2\/posts\/47187\/revisions"}],"predecessor-version":[{"id":47189,"href":"https:\/\/www.laguiadepamplona.com\/actualidad\/wp-json\/wp\/v2\/posts\/47187\/revisions\/47189"}],"wp:featuredmedia":[{"embeddable":true,"href":"https:\/\/www.laguiadepamplona.com\/actualidad\/wp-json\/wp\/v2\/media\/47188"}],"wp:attachment":[{"href":"https:\/\/www.laguiadepamplona.com\/actualidad\/wp-json\/wp\/v2\/media?parent=47187"}],"wp:term":[{"taxonomy":"category","embeddable":true,"href":"https:\/\/www.laguiadepamplona.com\/actualidad\/wp-json\/wp\/v2\/categories?post=47187"},{"taxonomy":"post_tag","embeddable":true,"href":"https:\/\/www.laguiadepamplona.com\/actualidad\/wp-json\/wp\/v2\/tags?post=47187"}],"curies":[{"name":"wp","href":"https:\/\/api.w.org\/{rel}","templated":true}]}}