{"id":47173,"date":"2023-06-28T14:20:55","date_gmt":"2023-06-28T12:20:55","guid":{"rendered":"https:\/\/www.laguiadepamplona.com\/actualidad\/?p=47173"},"modified":"2023-06-28T14:21:06","modified_gmt":"2023-06-28T12:21:06","slug":"el-sabado-1-de-julio-se-modifican-horarios-en-algunos-servicios-municipales-con-especialidades-durante-los-sanfermines","status":"publish","type":"post","link":"https:\/\/www.laguiadepamplona.com\/actualidad\/el-sabado-1-de-julio-se-modifican-horarios-en-algunos-servicios-municipales-con-especialidades-durante-los-sanfermines\/","title":{"rendered":"El s\u00e1bado 1 de julio se modifican horarios en algunos servicios municipales, con especialidades durante los Sanfermines"},"content":{"rendered":"<h2>Afecta a Red civivox, bibliotecas p\u00fablicas, Casa de la Juventud, centros de dinamizaci\u00f3n tur\u00edstica o propuestas vinculadas al Servicio de Igualdad<\/h2>\n<p><!--more--><\/p>\n<p>Algunos servicios municipales comienzan este 1 de julio cambios en sus horarios. La Casa de la Juventud cerrar\u00e1 de 1 al 16 de julio para reabrir sus puertas en horario de lunes a viernes de 10.30 a 13.30 horas y de 17 a 22 horas, un r\u00e9gimen que se extender\u00e1 hasta el 31 de agosto. Durante la segunda quincena de julio mantendr\u00e1n su actividad dos de las asesor\u00edas especializadas: la de Estudios, salidas profesionales y ocio y tiempo libre, y la Asesor\u00eda psicol\u00f3gica. Tambi\u00e9n cerrar\u00e1 el d\u00eda 1 de julio el Museo de Educaci\u00f3n Ambiental, en este caso durante todo el mes. Por su parte el Servicio de Informaci\u00f3n y Recursos para la Participaci\u00f3n (Zentro) permanecer\u00e1 cerrado del 1 al 15 de julio, aunque si trabajar\u00e1 la segunda quincena en un horario de atenci\u00f3n al p\u00fablico de 8 a 15 horas.<\/p>\n<p>El lunes 3 de julio cerrar\u00e1n las salas de exposiciones de la Ciudadela ya que el recinto ser\u00e1 el centro del disparo de las colecciones de fuegos artificiales durante las fiestas de San Ferm\u00edn. A partir del 24 de julio las salas reabrir\u00e1n sus puertas con los mismos horarios del resto del a\u00f1o siguiendo la programaci\u00f3n de las exposiciones en cada sala.<br \/>\n<script async src=\"\/\/pagead2.googlesyndication.com\/pagead\/js\/adsbygoogle.js\"><\/script><br \/>\n<!-- Noticias La Guia de Pamplona --><br \/>\n<ins class=\"adsbygoogle\"\nstyle=\"display:block\"\ndata-ad-client=\"ca-pub-6943679897239327\"\ndata-ad-slot=\"7048180777\"\ndata-ad-format=\"auto\"><\/ins><br \/>\n<script>\n(adsbygoogle = window.adsbygoogle || []).push({});\n<\/script><\/p>\n<p>Las nueve bibliotecas p\u00fablicas ya modificaron su horario el 15 de junio para abrir durante todo el verano de lunes a viernes, de 8.30 a 14.30 horas. En Sanfermines las de Txantrea, Milagrosa, San Pedro y Yamaguchi abrir\u00e1n el d\u00eda 6 por la ma\u00f1ana, en horario de 8.30 a 11.30 horas, y cerrar\u00e1n sus puertas para retomar la actividad entre el 11 y el 14 de julio de 9.30 a 13.30 horas. Por su parte, los centros de Iturrama, Mendillorri, San Jorge, Etxabakoitz y San Francisco permanecer\u00e1n cerrados al p\u00fablico entre el 6 y el 14 de julio.<\/p>\n<p>Los horarios de la red Civivox tambi\u00e9n sufren modificaciones este mes de julio. Ensanche y Milagrosa cerrar\u00e1n sus puertas el pr\u00f3ximo 1 de julio (abrir\u00e1n en agosto). Los dem\u00e1s funcionar\u00e1n de 9 a 14 horas, excepto Condestable que tendr\u00e1 un horario ampliado a las tardes de 17 a 22 horas y a las ma\u00f1anas de los s\u00e1bados, de 9 a 14 horas. En Sanfermines cerrar\u00e1n sus puertas todos salvo Condestable que solo descansar\u00e1 los d\u00edas 6, 7 y, 8 de julio. Durante las fiestas Condestable recibir\u00e1 p\u00fablico de 11 a 14 horas.<br \/>\n<script async src=\"\/\/pagead2.googlesyndication.com\/pagead\/js\/adsbygoogle.js\"><\/script><br \/>\n<!-- Noticias La Guia de Pamplona --><br \/>\n<ins class=\"adsbygoogle\"\nstyle=\"display:block\"\ndata-ad-client=\"ca-pub-6943679897239327\"\ndata-ad-slot=\"7048180777\"\ndata-ad-format=\"auto\"><\/ins><br \/>\n<script>\n(adsbygoogle = window.adsbygoogle || []).push({});\n<\/script><\/p>\n<p>En los centros dependientes del servicio de Igualdad de Ayuntamiento hay situaciones distintas. El centro especializado en trabajar sobre la brecha digital de g\u00e9nero, EMATIC (calle Compa\u00f1\u00eda, 19) cierra el 1 al 15 de julio, y la Casa de las Mujeres (calle Aoiz, 9) cerrar\u00e1 entre el 6 y el 31 de julio, aunque este \u00faltimo centro si abrir\u00e1 parte de la semana que viene en horario de 10 a 14 horas. Harrotu, el servicio p\u00fablico de informaci\u00f3n, promoci\u00f3n de los derechos y la participaci\u00f3n LGTBI del Ayuntamiento de Pamplona en la calle San Gregorio 28 estar\u00e1 cerrado durante los Sanfermines, pero el resto del verano abrir\u00e1 lunes y viernes de 10.30 a 14 horas y martes, mi\u00e9rcoles y jueves, 17 a 21. Finalmente, el Centro de documentaci\u00f3n- biblioteca de mujeres Silvia Fern\u00e1ndez Viguera, que tambi\u00e9n cerrar\u00e1 durante las fiestas, abrir\u00e1 sus puertas de lunes a viernes de 9 a 14 horas entre el 17 de julio y el 17 de septiembre.<\/p>\n<p>En lo que se refiere a recursos tur\u00edsticos, a partir del d\u00eda 1 de julio, y hasta el 31 de agosto, el Fort\u00edn de San Bartolom\u00e9 abre sus puertas de forma gratuita de lunes a domingo por las ma\u00f1anas de 11 a 14 horas y de lunes a s\u00e1bados en horario de tarde, de 17 a 20 horas. Asimismo, el Centro de acogida al peregrino e interpretaci\u00f3n del Camino de Santiago -Ultreia, que cerrar\u00e1 en Sanfermines, trabajar\u00e1 del 1 de julio al 15 de septiembre (temporada alta) con horario de apertura de lunes a s\u00e1bado de 10 a 14 y de 16 a 20 horas, y los domingos de 10 a 14 horas. la visita a este espacio es tambi\u00e9n gratuita.<\/p>\n","protected":false},"excerpt":{"rendered":"<p>Afecta a Red civivox, bibliotecas p\u00fablicas, Casa de la Juventud, centros de dinamizaci\u00f3n tur\u00edstica o propuestas vinculadas al Servicio de Igualdad<\/p>\n","protected":false},"author":1,"featured_media":47174,"comment_status":"open","ping_status":"closed","sticky":false,"template":"","format":"standard","meta":{"footnotes":""},"categories":[2,9406],"tags":[],"class_list":["post-47173","post","type-post","status-publish","format-standard","has-post-thumbnail","hentry","category-ayuntamiento-pamplona","category-san-fermin"],"yoast_head":"<!-- This site is optimized with the Yoast SEO plugin v27.3 - https:\/\/yoast.com\/product\/yoast-seo-wordpress\/ -->\n<title>El s\u00e1bado 1 de julio se modifican horarios en algunos servicios municipales, con especialidades durante los Sanfermines<\/title>\n<meta name=\"description\" content=\"Afecta a Red civivox, bibliotecas p\u00fablicas, Casa de la Juventud, centros de dinamizaci\u00f3n tur\u00edstica o propuestas vinculadas al Servicio de Igualdad\" \/>\n<meta name=\"robots\" content=\"index, follow, max-snippet:-1, max-image-preview:large, max-video-preview:-1\" \/>\n<link rel=\"canonical\" href=\"https:\/\/www.laguiadepamplona.com\/actualidad\/el-sabado-1-de-julio-se-modifican-horarios-en-algunos-servicios-municipales-con-especialidades-durante-los-sanfermines\/\" \/>\n<meta property=\"og:locale\" content=\"es_ES\" \/>\n<meta property=\"og:type\" content=\"article\" \/>\n<meta property=\"og:title\" content=\"El s\u00e1bado 1 de julio se modifican horarios en algunos servicios municipales, con especialidades durante los Sanfermines\" \/>\n<meta property=\"og:description\" content=\"Afecta a Red civivox, bibliotecas p\u00fablicas, Casa de la Juventud, centros de dinamizaci\u00f3n tur\u00edstica o propuestas vinculadas al Servicio de Igualdad\" \/>\n<meta property=\"og:url\" content=\"https:\/\/www.laguiadepamplona.com\/actualidad\/el-sabado-1-de-julio-se-modifican-horarios-en-algunos-servicios-municipales-con-especialidades-durante-los-sanfermines\/\" \/>\n<meta property=\"og:site_name\" content=\"La Gu\u00eda de Pamplona\" \/>\n<meta property=\"article:publisher\" content=\"https:\/\/www.facebook.com\/laguiadepamplonacom-133175176762273\/?ref=hl\" \/>\n<meta property=\"article:published_time\" content=\"2023-06-28T12:20:55+00:00\" \/>\n<meta property=\"article:modified_time\" content=\"2023-06-28T12:21:06+00:00\" \/>\n<meta property=\"og:image\" content=\"https:\/\/www.laguiadepamplona.com\/actualidad\/wp-content\/uploads\/2023\/06\/CIVIVOX-ascensor.webp\" \/>\n\t<meta property=\"og:image:width\" content=\"1600\" \/>\n\t<meta property=\"og:image:height\" content=\"1065\" \/>\n\t<meta property=\"og:image:type\" content=\"image\/webp\" \/>\n<meta name=\"author\" content=\"La Gu\u00eda de Pamplona\" \/>\n<meta name=\"twitter:card\" content=\"summary_large_image\" \/>\n<meta name=\"twitter:creator\" content=\"@LaGuiadPamplona\" \/>\n<meta name=\"twitter:site\" content=\"@LaGuiadPamplona\" \/>\n<meta name=\"twitter:label1\" content=\"Escrito por\" \/>\n\t<meta name=\"twitter:data1\" content=\"La Gu\u00eda de Pamplona\" \/>\n\t<meta name=\"twitter:label2\" content=\"Tiempo de lectura\" \/>\n\t<meta name=\"twitter:data2\" content=\"4 minutos\" \/>\n<script type=\"application\/ld+json\" class=\"yoast-schema-graph\">{\"@context\":\"https:\\\/\\\/schema.org\",\"@graph\":[{\"@type\":\"Article\",\"@id\":\"https:\\\/\\\/www.laguiadepamplona.com\\\/actualidad\\\/el-sabado-1-de-julio-se-modifican-horarios-en-algunos-servicios-municipales-con-especialidades-durante-los-sanfermines\\\/#article\",\"isPartOf\":{\"@id\":\"https:\\\/\\\/www.laguiadepamplona.com\\\/actualidad\\\/el-sabado-1-de-julio-se-modifican-horarios-en-algunos-servicios-municipales-con-especialidades-durante-los-sanfermines\\\/\"},\"author\":{\"name\":\"La Gu\u00eda de Pamplona\",\"@id\":\"https:\\\/\\\/www.laguiadepamplona.com\\\/actualidad\\\/#\\\/schema\\\/person\\\/efe887376f0213d4657c93adc50b1fdb\"},\"headline\":\"El s\u00e1bado 1 de julio se modifican horarios en algunos servicios municipales, con especialidades durante los Sanfermines\",\"datePublished\":\"2023-06-28T12:20:55+00:00\",\"dateModified\":\"2023-06-28T12:21:06+00:00\",\"mainEntityOfPage\":{\"@id\":\"https:\\\/\\\/www.laguiadepamplona.com\\\/actualidad\\\/el-sabado-1-de-julio-se-modifican-horarios-en-algunos-servicios-municipales-con-especialidades-durante-los-sanfermines\\\/\"},\"wordCount\":700,\"commentCount\":0,\"publisher\":{\"@id\":\"https:\\\/\\\/www.laguiadepamplona.com\\\/actualidad\\\/#organization\"},\"image\":{\"@id\":\"https:\\\/\\\/www.laguiadepamplona.com\\\/actualidad\\\/el-sabado-1-de-julio-se-modifican-horarios-en-algunos-servicios-municipales-con-especialidades-durante-los-sanfermines\\\/#primaryimage\"},\"thumbnailUrl\":\"https:\\\/\\\/www.laguiadepamplona.com\\\/actualidad\\\/wp-content\\\/uploads\\\/2023\\\/06\\\/CIVIVOX-ascensor.webp\",\"articleSection\":[\"Ayto Pamplona\",\"San Ferm\u00edn\"],\"inLanguage\":\"es\",\"potentialAction\":[{\"@type\":\"CommentAction\",\"name\":\"Comment\",\"target\":[\"https:\\\/\\\/www.laguiadepamplona.com\\\/actualidad\\\/el-sabado-1-de-julio-se-modifican-horarios-en-algunos-servicios-municipales-con-especialidades-durante-los-sanfermines\\\/#respond\"]}]},{\"@type\":\"WebPage\",\"@id\":\"https:\\\/\\\/www.laguiadepamplona.com\\\/actualidad\\\/el-sabado-1-de-julio-se-modifican-horarios-en-algunos-servicios-municipales-con-especialidades-durante-los-sanfermines\\\/\",\"url\":\"https:\\\/\\\/www.laguiadepamplona.com\\\/actualidad\\\/el-sabado-1-de-julio-se-modifican-horarios-en-algunos-servicios-municipales-con-especialidades-durante-los-sanfermines\\\/\",\"name\":\"El s\u00e1bado 1 de julio se modifican horarios en algunos servicios municipales, con especialidades durante los Sanfermines\",\"isPartOf\":{\"@id\":\"https:\\\/\\\/www.laguiadepamplona.com\\\/actualidad\\\/#website\"},\"primaryImageOfPage\":{\"@id\":\"https:\\\/\\\/www.laguiadepamplona.com\\\/actualidad\\\/el-sabado-1-de-julio-se-modifican-horarios-en-algunos-servicios-municipales-con-especialidades-durante-los-sanfermines\\\/#primaryimage\"},\"image\":{\"@id\":\"https:\\\/\\\/www.laguiadepamplona.com\\\/actualidad\\\/el-sabado-1-de-julio-se-modifican-horarios-en-algunos-servicios-municipales-con-especialidades-durante-los-sanfermines\\\/#primaryimage\"},\"thumbnailUrl\":\"https:\\\/\\\/www.laguiadepamplona.com\\\/actualidad\\\/wp-content\\\/uploads\\\/2023\\\/06\\\/CIVIVOX-ascensor.webp\",\"datePublished\":\"2023-06-28T12:20:55+00:00\",\"dateModified\":\"2023-06-28T12:21:06+00:00\",\"description\":\"Afecta a Red civivox, bibliotecas p\u00fablicas, Casa de la Juventud, centros de dinamizaci\u00f3n tur\u00edstica o propuestas vinculadas al Servicio de Igualdad\",\"breadcrumb\":{\"@id\":\"https:\\\/\\\/www.laguiadepamplona.com\\\/actualidad\\\/el-sabado-1-de-julio-se-modifican-horarios-en-algunos-servicios-municipales-con-especialidades-durante-los-sanfermines\\\/#breadcrumb\"},\"inLanguage\":\"es\",\"potentialAction\":[{\"@type\":\"ReadAction\",\"target\":[\"https:\\\/\\\/www.laguiadepamplona.com\\\/actualidad\\\/el-sabado-1-de-julio-se-modifican-horarios-en-algunos-servicios-municipales-con-especialidades-durante-los-sanfermines\\\/\"]}]},{\"@type\":\"ImageObject\",\"inLanguage\":\"es\",\"@id\":\"https:\\\/\\\/www.laguiadepamplona.com\\\/actualidad\\\/el-sabado-1-de-julio-se-modifican-horarios-en-algunos-servicios-municipales-con-especialidades-durante-los-sanfermines\\\/#primaryimage\",\"url\":\"https:\\\/\\\/www.laguiadepamplona.com\\\/actualidad\\\/wp-content\\\/uploads\\\/2023\\\/06\\\/CIVIVOX-ascensor.webp\",\"contentUrl\":\"https:\\\/\\\/www.laguiadepamplona.com\\\/actualidad\\\/wp-content\\\/uploads\\\/2023\\\/06\\\/CIVIVOX-ascensor.webp\",\"width\":1600,\"height\":1065,\"caption\":\"civivox\"},{\"@type\":\"BreadcrumbList\",\"@id\":\"https:\\\/\\\/www.laguiadepamplona.com\\\/actualidad\\\/el-sabado-1-de-julio-se-modifican-horarios-en-algunos-servicios-municipales-con-especialidades-durante-los-sanfermines\\\/#breadcrumb\",\"itemListElement\":[{\"@type\":\"ListItem\",\"position\":1,\"name\":\"Portada\",\"item\":\"https:\\\/\\\/www.laguiadepamplona.com\\\/actualidad\\\/\"},{\"@type\":\"ListItem\",\"position\":2,\"name\":\"El s\u00e1bado 1 de julio se modifican horarios en algunos servicios municipales, con especialidades durante los Sanfermines\"}]},{\"@type\":\"WebSite\",\"@id\":\"https:\\\/\\\/www.laguiadepamplona.com\\\/actualidad\\\/#website\",\"url\":\"https:\\\/\\\/www.laguiadepamplona.com\\\/actualidad\\\/\",\"name\":\"La gu\u00eda de Pamplona\",\"description\":\"Noticias de Pamplona\",\"publisher\":{\"@id\":\"https:\\\/\\\/www.laguiadepamplona.com\\\/actualidad\\\/#organization\"},\"potentialAction\":[{\"@type\":\"SearchAction\",\"target\":{\"@type\":\"EntryPoint\",\"urlTemplate\":\"https:\\\/\\\/www.laguiadepamplona.com\\\/actualidad\\\/?s={search_term_string}\"},\"query-input\":{\"@type\":\"PropertyValueSpecification\",\"valueRequired\":true,\"valueName\":\"search_term_string\"}}],\"inLanguage\":\"es\"},{\"@type\":\"Organization\",\"@id\":\"https:\\\/\\\/www.laguiadepamplona.com\\\/actualidad\\\/#organization\",\"name\":\"La Gu\u00eda de Pamplona \\\/ Noticias\",\"url\":\"https:\\\/\\\/www.laguiadepamplona.com\\\/actualidad\\\/\",\"logo\":{\"@type\":\"ImageObject\",\"inLanguage\":\"es\",\"@id\":\"https:\\\/\\\/www.laguiadepamplona.com\\\/actualidad\\\/#\\\/schema\\\/logo\\\/image\\\/\",\"url\":\"https:\\\/\\\/www.laguiadepamplona.com\\\/actualidad\\\/wp-content\\\/uploads\\\/2018\\\/11\\\/logo-laguiadepamplona18-web1.png\",\"contentUrl\":\"https:\\\/\\\/www.laguiadepamplona.com\\\/actualidad\\\/wp-content\\\/uploads\\\/2018\\\/11\\\/logo-laguiadepamplona18-web1.png\",\"width\":600,\"height\":196,\"caption\":\"La Gu\u00eda de Pamplona \\\/ Noticias\"},\"image\":{\"@id\":\"https:\\\/\\\/www.laguiadepamplona.com\\\/actualidad\\\/#\\\/schema\\\/logo\\\/image\\\/\"},\"sameAs\":[\"https:\\\/\\\/www.facebook.com\\\/laguiadepamplonacom-133175176762273\\\/?ref=hl\",\"https:\\\/\\\/x.com\\\/LaGuiadPamplona\",\"https:\\\/\\\/www.instagram.com\\\/la_guia_de_pamplona\\\/\",\"https:\\\/\\\/www.youtube.com\\\/user\\\/laguiadepamplona\"]},{\"@type\":\"Person\",\"@id\":\"https:\\\/\\\/www.laguiadepamplona.com\\\/actualidad\\\/#\\\/schema\\\/person\\\/efe887376f0213d4657c93adc50b1fdb\",\"name\":\"La Gu\u00eda de Pamplona\",\"image\":{\"@type\":\"ImageObject\",\"inLanguage\":\"es\",\"@id\":\"https:\\\/\\\/secure.gravatar.com\\\/avatar\\\/b6992f131dc8d30ab0dff15446e9d346d9dbd95992de0fef795073f5ea83a81c?s=96&d=mm&r=g\",\"url\":\"https:\\\/\\\/secure.gravatar.com\\\/avatar\\\/b6992f131dc8d30ab0dff15446e9d346d9dbd95992de0fef795073f5ea83a81c?s=96&d=mm&r=g\",\"contentUrl\":\"https:\\\/\\\/secure.gravatar.com\\\/avatar\\\/b6992f131dc8d30ab0dff15446e9d346d9dbd95992de0fef795073f5ea83a81c?s=96&d=mm&r=g\",\"caption\":\"La Gu\u00eda de Pamplona\"}}]}<\/script>\n<!-- \/ Yoast SEO plugin. -->","yoast_head_json":{"title":"El s\u00e1bado 1 de julio se modifican horarios en algunos servicios municipales, con especialidades durante los Sanfermines","description":"Afecta a Red civivox, bibliotecas p\u00fablicas, Casa de la Juventud, centros de dinamizaci\u00f3n tur\u00edstica o propuestas vinculadas al Servicio de Igualdad","robots":{"index":"index","follow":"follow","max-snippet":"max-snippet:-1","max-image-preview":"max-image-preview:large","max-video-preview":"max-video-preview:-1"},"canonical":"https:\/\/www.laguiadepamplona.com\/actualidad\/el-sabado-1-de-julio-se-modifican-horarios-en-algunos-servicios-municipales-con-especialidades-durante-los-sanfermines\/","og_locale":"es_ES","og_type":"article","og_title":"El s\u00e1bado 1 de julio se modifican horarios en algunos servicios municipales, con especialidades durante los Sanfermines","og_description":"Afecta a Red civivox, bibliotecas p\u00fablicas, Casa de la Juventud, centros de dinamizaci\u00f3n tur\u00edstica o propuestas vinculadas al Servicio de Igualdad","og_url":"https:\/\/www.laguiadepamplona.com\/actualidad\/el-sabado-1-de-julio-se-modifican-horarios-en-algunos-servicios-municipales-con-especialidades-durante-los-sanfermines\/","og_site_name":"La Gu\u00eda de Pamplona","article_publisher":"https:\/\/www.facebook.com\/laguiadepamplonacom-133175176762273\/?ref=hl","article_published_time":"2023-06-28T12:20:55+00:00","article_modified_time":"2023-06-28T12:21:06+00:00","og_image":[{"width":1600,"height":1065,"url":"https:\/\/www.laguiadepamplona.com\/actualidad\/wp-content\/uploads\/2023\/06\/CIVIVOX-ascensor.webp","type":"image\/webp"}],"author":"La Gu\u00eda de Pamplona","twitter_card":"summary_large_image","twitter_creator":"@LaGuiadPamplona","twitter_site":"@LaGuiadPamplona","twitter_misc":{"Escrito por":"La Gu\u00eda de Pamplona","Tiempo de lectura":"4 minutos"},"schema":{"@context":"https:\/\/schema.org","@graph":[{"@type":"Article","@id":"https:\/\/www.laguiadepamplona.com\/actualidad\/el-sabado-1-de-julio-se-modifican-horarios-en-algunos-servicios-municipales-con-especialidades-durante-los-sanfermines\/#article","isPartOf":{"@id":"https:\/\/www.laguiadepamplona.com\/actualidad\/el-sabado-1-de-julio-se-modifican-horarios-en-algunos-servicios-municipales-con-especialidades-durante-los-sanfermines\/"},"author":{"name":"La Gu\u00eda de Pamplona","@id":"https:\/\/www.laguiadepamplona.com\/actualidad\/#\/schema\/person\/efe887376f0213d4657c93adc50b1fdb"},"headline":"El s\u00e1bado 1 de julio se modifican horarios en algunos servicios municipales, con especialidades durante los Sanfermines","datePublished":"2023-06-28T12:20:55+00:00","dateModified":"2023-06-28T12:21:06+00:00","mainEntityOfPage":{"@id":"https:\/\/www.laguiadepamplona.com\/actualidad\/el-sabado-1-de-julio-se-modifican-horarios-en-algunos-servicios-municipales-con-especialidades-durante-los-sanfermines\/"},"wordCount":700,"commentCount":0,"publisher":{"@id":"https:\/\/www.laguiadepamplona.com\/actualidad\/#organization"},"image":{"@id":"https:\/\/www.laguiadepamplona.com\/actualidad\/el-sabado-1-de-julio-se-modifican-horarios-en-algunos-servicios-municipales-con-especialidades-durante-los-sanfermines\/#primaryimage"},"thumbnailUrl":"https:\/\/www.laguiadepamplona.com\/actualidad\/wp-content\/uploads\/2023\/06\/CIVIVOX-ascensor.webp","articleSection":["Ayto Pamplona","San Ferm\u00edn"],"inLanguage":"es","potentialAction":[{"@type":"CommentAction","name":"Comment","target":["https:\/\/www.laguiadepamplona.com\/actualidad\/el-sabado-1-de-julio-se-modifican-horarios-en-algunos-servicios-municipales-con-especialidades-durante-los-sanfermines\/#respond"]}]},{"@type":"WebPage","@id":"https:\/\/www.laguiadepamplona.com\/actualidad\/el-sabado-1-de-julio-se-modifican-horarios-en-algunos-servicios-municipales-con-especialidades-durante-los-sanfermines\/","url":"https:\/\/www.laguiadepamplona.com\/actualidad\/el-sabado-1-de-julio-se-modifican-horarios-en-algunos-servicios-municipales-con-especialidades-durante-los-sanfermines\/","name":"El s\u00e1bado 1 de julio se modifican horarios en algunos servicios municipales, con especialidades durante los Sanfermines","isPartOf":{"@id":"https:\/\/www.laguiadepamplona.com\/actualidad\/#website"},"primaryImageOfPage":{"@id":"https:\/\/www.laguiadepamplona.com\/actualidad\/el-sabado-1-de-julio-se-modifican-horarios-en-algunos-servicios-municipales-con-especialidades-durante-los-sanfermines\/#primaryimage"},"image":{"@id":"https:\/\/www.laguiadepamplona.com\/actualidad\/el-sabado-1-de-julio-se-modifican-horarios-en-algunos-servicios-municipales-con-especialidades-durante-los-sanfermines\/#primaryimage"},"thumbnailUrl":"https:\/\/www.laguiadepamplona.com\/actualidad\/wp-content\/uploads\/2023\/06\/CIVIVOX-ascensor.webp","datePublished":"2023-06-28T12:20:55+00:00","dateModified":"2023-06-28T12:21:06+00:00","description":"Afecta a Red civivox, bibliotecas p\u00fablicas, Casa de la Juventud, centros de dinamizaci\u00f3n tur\u00edstica o propuestas vinculadas al Servicio de Igualdad","breadcrumb":{"@id":"https:\/\/www.laguiadepamplona.com\/actualidad\/el-sabado-1-de-julio-se-modifican-horarios-en-algunos-servicios-municipales-con-especialidades-durante-los-sanfermines\/#breadcrumb"},"inLanguage":"es","potentialAction":[{"@type":"ReadAction","target":["https:\/\/www.laguiadepamplona.com\/actualidad\/el-sabado-1-de-julio-se-modifican-horarios-en-algunos-servicios-municipales-con-especialidades-durante-los-sanfermines\/"]}]},{"@type":"ImageObject","inLanguage":"es","@id":"https:\/\/www.laguiadepamplona.com\/actualidad\/el-sabado-1-de-julio-se-modifican-horarios-en-algunos-servicios-municipales-con-especialidades-durante-los-sanfermines\/#primaryimage","url":"https:\/\/www.laguiadepamplona.com\/actualidad\/wp-content\/uploads\/2023\/06\/CIVIVOX-ascensor.webp","contentUrl":"https:\/\/www.laguiadepamplona.com\/actualidad\/wp-content\/uploads\/2023\/06\/CIVIVOX-ascensor.webp","width":1600,"height":1065,"caption":"civivox"},{"@type":"BreadcrumbList","@id":"https:\/\/www.laguiadepamplona.com\/actualidad\/el-sabado-1-de-julio-se-modifican-horarios-en-algunos-servicios-municipales-con-especialidades-durante-los-sanfermines\/#breadcrumb","itemListElement":[{"@type":"ListItem","position":1,"name":"Portada","item":"https:\/\/www.laguiadepamplona.com\/actualidad\/"},{"@type":"ListItem","position":2,"name":"El s\u00e1bado 1 de julio se modifican horarios en algunos servicios municipales, con especialidades durante los Sanfermines"}]},{"@type":"WebSite","@id":"https:\/\/www.laguiadepamplona.com\/actualidad\/#website","url":"https:\/\/www.laguiadepamplona.com\/actualidad\/","name":"La gu\u00eda de Pamplona","description":"Noticias de Pamplona","publisher":{"@id":"https:\/\/www.laguiadepamplona.com\/actualidad\/#organization"},"potentialAction":[{"@type":"SearchAction","target":{"@type":"EntryPoint","urlTemplate":"https:\/\/www.laguiadepamplona.com\/actualidad\/?s={search_term_string}"},"query-input":{"@type":"PropertyValueSpecification","valueRequired":true,"valueName":"search_term_string"}}],"inLanguage":"es"},{"@type":"Organization","@id":"https:\/\/www.laguiadepamplona.com\/actualidad\/#organization","name":"La Gu\u00eda de Pamplona \/ Noticias","url":"https:\/\/www.laguiadepamplona.com\/actualidad\/","logo":{"@type":"ImageObject","inLanguage":"es","@id":"https:\/\/www.laguiadepamplona.com\/actualidad\/#\/schema\/logo\/image\/","url":"https:\/\/www.laguiadepamplona.com\/actualidad\/wp-content\/uploads\/2018\/11\/logo-laguiadepamplona18-web1.png","contentUrl":"https:\/\/www.laguiadepamplona.com\/actualidad\/wp-content\/uploads\/2018\/11\/logo-laguiadepamplona18-web1.png","width":600,"height":196,"caption":"La Gu\u00eda de Pamplona \/ Noticias"},"image":{"@id":"https:\/\/www.laguiadepamplona.com\/actualidad\/#\/schema\/logo\/image\/"},"sameAs":["https:\/\/www.facebook.com\/laguiadepamplonacom-133175176762273\/?ref=hl","https:\/\/x.com\/LaGuiadPamplona","https:\/\/www.instagram.com\/la_guia_de_pamplona\/","https:\/\/www.youtube.com\/user\/laguiadepamplona"]},{"@type":"Person","@id":"https:\/\/www.laguiadepamplona.com\/actualidad\/#\/schema\/person\/efe887376f0213d4657c93adc50b1fdb","name":"La Gu\u00eda de Pamplona","image":{"@type":"ImageObject","inLanguage":"es","@id":"https:\/\/secure.gravatar.com\/avatar\/b6992f131dc8d30ab0dff15446e9d346d9dbd95992de0fef795073f5ea83a81c?s=96&d=mm&r=g","url":"https:\/\/secure.gravatar.com\/avatar\/b6992f131dc8d30ab0dff15446e9d346d9dbd95992de0fef795073f5ea83a81c?s=96&d=mm&r=g","contentUrl":"https:\/\/secure.gravatar.com\/avatar\/b6992f131dc8d30ab0dff15446e9d346d9dbd95992de0fef795073f5ea83a81c?s=96&d=mm&r=g","caption":"La Gu\u00eda de Pamplona"}}]}},"post_mailing_queue_ids":[],"_links":{"self":[{"href":"https:\/\/www.laguiadepamplona.com\/actualidad\/wp-json\/wp\/v2\/posts\/47173","targetHints":{"allow":["GET"]}}],"collection":[{"href":"https:\/\/www.laguiadepamplona.com\/actualidad\/wp-json\/wp\/v2\/posts"}],"about":[{"href":"https:\/\/www.laguiadepamplona.com\/actualidad\/wp-json\/wp\/v2\/types\/post"}],"author":[{"embeddable":true,"href":"https:\/\/www.laguiadepamplona.com\/actualidad\/wp-json\/wp\/v2\/users\/1"}],"replies":[{"embeddable":true,"href":"https:\/\/www.laguiadepamplona.com\/actualidad\/wp-json\/wp\/v2\/comments?post=47173"}],"version-history":[{"count":1,"href":"https:\/\/www.laguiadepamplona.com\/actualidad\/wp-json\/wp\/v2\/posts\/47173\/revisions"}],"predecessor-version":[{"id":47175,"href":"https:\/\/www.laguiadepamplona.com\/actualidad\/wp-json\/wp\/v2\/posts\/47173\/revisions\/47175"}],"wp:featuredmedia":[{"embeddable":true,"href":"https:\/\/www.laguiadepamplona.com\/actualidad\/wp-json\/wp\/v2\/media\/47174"}],"wp:attachment":[{"href":"https:\/\/www.laguiadepamplona.com\/actualidad\/wp-json\/wp\/v2\/media?parent=47173"}],"wp:term":[{"taxonomy":"category","embeddable":true,"href":"https:\/\/www.laguiadepamplona.com\/actualidad\/wp-json\/wp\/v2\/categories?post=47173"},{"taxonomy":"post_tag","embeddable":true,"href":"https:\/\/www.laguiadepamplona.com\/actualidad\/wp-json\/wp\/v2\/tags?post=47173"}],"curies":[{"name":"wp","href":"https:\/\/api.w.org\/{rel}","templated":true}]}}