{"id":47167,"date":"2023-06-27T16:29:48","date_gmt":"2023-06-27T14:29:48","guid":{"rendered":"https:\/\/www.laguiadepamplona.com\/actualidad\/?p=47167"},"modified":"2023-06-27T18:43:17","modified_gmt":"2023-06-27T16:43:17","slug":"pamplona-llega-al-verano-con-la-extension-de-las-comunidades-energeticas-a-cuatro-barrios-para-lograr-un-consumo-energetico-sostenible-y-de-proximidad","status":"publish","type":"post","link":"https:\/\/www.laguiadepamplona.com\/actualidad\/pamplona-llega-al-verano-con-la-extension-de-las-comunidades-energeticas-a-cuatro-barrios-para-lograr-un-consumo-energetico-sostenible-y-de-proximidad\/","title":{"rendered":"Pamplona llega al verano con la extensi\u00f3n de las comunidades energ\u00e9ticas a cuatro barrios para lograr un consumo energ\u00e9tico sostenible y de proximidad"},"content":{"rendered":"<h2>La comunidad Kemendi de Mendillorri, la primera en ponerse en marcha, celebra este jueves su primera asamblea general para sus m\u00e1s de 110 socios<\/h2>\n<p><!--more--><\/p>\n<p>Pamplona ha dado en los \u00faltimos meses un fuerte impulso a las comunidades energ\u00e9ticas, como una opci\u00f3n de consumo verde y responsable dirigido a la ciudadan\u00eda en general. A trav\u00e9s de estas entidades se pretende aprovechar al m\u00e1ximo los beneficios derivados de la penetraci\u00f3n de las energ\u00edas renovables en la sociedad: permitiendo la participaci\u00f3n ciudadana en la generaci\u00f3n de esta energ\u00eda, impulsando la eficiencia energ\u00e9tica a nivel dom\u00e9stico, y como ayuda para combatir la pobreza energ\u00e9tica. En la actualidad, son ya cuatro los barrios de la ciudad que est\u00e1n analizando los beneficios de esta alternativa de generaci\u00f3n y consumo energ\u00e9tico. Se trata de Mendillorri, Rochapea, Ermitaga\u00f1a-Mendebaldea y Milagrosa-Arrosad\u00eda. La comunidad Kemendi, de Mendillorri, es, a d\u00eda de hoy, la m\u00e1s avanzada, hasta el punto de que cuenta ya con 114 socios (particulares y empresas), que este jueves, d\u00eda 29, celebran su primera asamblea general.<br \/>\n<script async src=\"\/\/pagead2.googlesyndication.com\/pagead\/js\/adsbygoogle.js\"><\/script><br \/>\n<!-- Noticias La Guia de Pamplona --><br \/>\n<ins class=\"adsbygoogle\"\nstyle=\"display:block\"\ndata-ad-client=\"ca-pub-6943679897239327\"\ndata-ad-slot=\"7048180777\"\ndata-ad-format=\"auto\"><\/ins><br \/>\n<script>\n(adsbygoogle = window.adsbygoogle || []).push({});\n<\/script><\/p>\n<p>El resto de comunidades se encuentran en distinto nivel de desarrollo, pero todas muestran un creciente inter\u00e9s entre el vecindario. No en vano, esta alternativa permitir\u00e1 a los vecinos participar en instalaciones de autoconsumo colectivo situadas en su propio barrio, con la consiguiente reducci\u00f3n de sus facturas energ\u00e9ticas, y contribuir en las inversiones y sus retornos a trav\u00e9s de financiaci\u00f3n colectiva (crowfdunding). Para la consecuci\u00f3n de estos objetivos, el Ayuntamiento de Pamplona tiene prevista la cesi\u00f3n de instalaciones fotovoltaicas y de cubiertas para la ejecuci\u00f3n de nuevas instalaciones por las comunidades en los diferentes barrios de la ciudad. De esta manera, a la Comunidad Energ\u00e9tica Kemendi se le ha cedido la instalaci\u00f3n fotovoltaica municipal construida en el colegio p\u00fablico El Lago de Mendillorri \u2013 Mendigoiti, as\u00ed como la utilizaci\u00f3n de la cubierta del colegio p\u00fablico Elorri para que puedan construir su propia instalaci\u00f3n.<\/p>\n<p>Por su parte, el pasado d\u00eda 15, se present\u00f3 al vecindario del barrio de Rochapea la reci\u00e9n constituida Comunidad Energ\u00e9tica Arrotxa-E despu\u00e9s de un proceso que arranc\u00f3 en noviembre de 2022. Esta comunidad puede participar en la instalaci\u00f3n fotovoltaica del aparcamiento solar de Cardenal de Ilundain, que se encuentra en fase de ejecuci\u00f3n; o la instalaci\u00f3n fotovoltaica de las viviendas de San Pedro, por ejemplo. El barrio cuenta con una oficina de informaci\u00f3n energ\u00e9tica en el Museo de Educaci\u00f3n Ambiental, dentro del proyecto europeo oPEN Lab, para asesorar a la ciudadan\u00eda sobre consumo energ\u00e9tico.<br \/>\n<script async src=\"\/\/pagead2.googlesyndication.com\/pagead\/js\/adsbygoogle.js\"><\/script><br \/>\n<!-- Noticias La Guia de Pamplona --><br \/>\n<ins class=\"adsbygoogle\"\nstyle=\"display:block\"\ndata-ad-client=\"ca-pub-6943679897239327\"\ndata-ad-slot=\"7048180777\"\ndata-ad-format=\"auto\"><\/ins><br \/>\n<script>\n(adsbygoogle = window.adsbygoogle || []).push({});\n<\/script><\/p>\n<p>En una fase todav\u00eda m\u00e1s incipiente se encuentra la comunidad de Ermitaga\u00f1a-Mendebaldea, en torno a la instalaci\u00f3n fotovoltaica del colegio Jos\u00e9 Mar\u00eda Iribarren. En los \u00faltimos meses se han realizado cuatro sesiones formativas a las personas interesadas del barrio y se ha creado un grupo motor, que analice las mejores alternativas para la constituci\u00f3n de la comunidad. La comunidad de Milagrosa-Arrosad\u00eda, por su parte, est\u00e1 a\u00fan pendiente del inicio del proceso participativo, previsto para fin de a\u00f1o.<\/p>\n<p>Todas ellas se basan en la participaci\u00f3n ciudadana como elemento clave en la generaci\u00f3n y el consumo de energ\u00eda limpia. Son ejemplo de colaboraci\u00f3n entre diferentes agentes, p\u00fablicos, privados, empresas o la propia ciudadan\u00eda, para el desarrollo de proyectos energ\u00e9ticos. De ah\u00ed que est\u00e9n integradas por socios y socias, como el caso de Kemendi, que participan en las decisiones de la comunidad.<\/p>\n","protected":false},"excerpt":{"rendered":"<p>La comunidad Kemendi de Mendillorri, la primera en ponerse en marcha, celebra este jueves su primera asamblea general para sus m\u00e1s de 110 socios<\/p>\n","protected":false},"author":1,"featured_media":38138,"comment_status":"open","ping_status":"closed","sticky":false,"template":"","format":"standard","meta":{"footnotes":""},"categories":[2],"tags":[],"class_list":["post-47167","post","type-post","status-publish","format-standard","has-post-thumbnail","hentry","category-ayuntamiento-pamplona"],"yoast_head":"<!-- This site is optimized with the Yoast SEO plugin v27.3 - https:\/\/yoast.com\/product\/yoast-seo-wordpress\/ -->\n<title>Pamplona llega al verano con la extensi\u00f3n de las comunidades energ\u00e9ticas a cuatro barrios para lograr un consumo energ\u00e9tico sostenible y de proximidad<\/title>\n<meta name=\"description\" content=\"La comunidad Kemendi de Mendillorri, la primera en ponerse en marcha, celebra este jueves su primera asamblea general para sus m\u00e1s de 110 socios\" \/>\n<meta name=\"robots\" content=\"index, follow, max-snippet:-1, max-image-preview:large, max-video-preview:-1\" \/>\n<link rel=\"canonical\" href=\"https:\/\/www.laguiadepamplona.com\/actualidad\/pamplona-llega-al-verano-con-la-extension-de-las-comunidades-energeticas-a-cuatro-barrios-para-lograr-un-consumo-energetico-sostenible-y-de-proximidad\/\" \/>\n<meta property=\"og:locale\" content=\"es_ES\" \/>\n<meta property=\"og:type\" content=\"article\" \/>\n<meta property=\"og:title\" content=\"Pamplona llega al verano con la extensi\u00f3n de las comunidades energ\u00e9ticas a cuatro barrios para lograr un consumo energ\u00e9tico sostenible y de proximidad\" \/>\n<meta property=\"og:description\" content=\"La comunidad Kemendi de Mendillorri, la primera en ponerse en marcha, celebra este jueves su primera asamblea general para sus m\u00e1s de 110 socios\" \/>\n<meta property=\"og:url\" content=\"https:\/\/www.laguiadepamplona.com\/actualidad\/pamplona-llega-al-verano-con-la-extension-de-las-comunidades-energeticas-a-cuatro-barrios-para-lograr-un-consumo-energetico-sostenible-y-de-proximidad\/\" \/>\n<meta property=\"og:site_name\" content=\"La Gu\u00eda de Pamplona\" \/>\n<meta property=\"article:publisher\" content=\"https:\/\/www.facebook.com\/laguiadepamplonacom-133175176762273\/?ref=hl\" \/>\n<meta property=\"article:published_time\" content=\"2023-06-27T14:29:48+00:00\" \/>\n<meta property=\"article:modified_time\" content=\"2023-06-27T16:43:17+00:00\" \/>\n<meta property=\"og:image\" content=\"https:\/\/www.laguiadepamplona.com\/actualidad\/wp-content\/uploads\/2021\/12\/energia-fotovoltaica.jpg\" \/>\n\t<meta property=\"og:image:width\" content=\"870\" \/>\n\t<meta property=\"og:image:height\" content=\"593\" \/>\n\t<meta property=\"og:image:type\" content=\"image\/jpeg\" \/>\n<meta name=\"author\" content=\"La Gu\u00eda de Pamplona\" \/>\n<meta name=\"twitter:card\" content=\"summary_large_image\" \/>\n<meta name=\"twitter:creator\" content=\"@LaGuiadPamplona\" \/>\n<meta name=\"twitter:site\" content=\"@LaGuiadPamplona\" \/>\n<meta name=\"twitter:label1\" content=\"Escrito por\" \/>\n\t<meta name=\"twitter:data1\" content=\"La Gu\u00eda de Pamplona\" \/>\n\t<meta name=\"twitter:label2\" content=\"Tiempo de lectura\" \/>\n\t<meta name=\"twitter:data2\" content=\"3 minutos\" \/>\n<script type=\"application\/ld+json\" class=\"yoast-schema-graph\">{\"@context\":\"https:\\\/\\\/schema.org\",\"@graph\":[{\"@type\":\"Article\",\"@id\":\"https:\\\/\\\/www.laguiadepamplona.com\\\/actualidad\\\/pamplona-llega-al-verano-con-la-extension-de-las-comunidades-energeticas-a-cuatro-barrios-para-lograr-un-consumo-energetico-sostenible-y-de-proximidad\\\/#article\",\"isPartOf\":{\"@id\":\"https:\\\/\\\/www.laguiadepamplona.com\\\/actualidad\\\/pamplona-llega-al-verano-con-la-extension-de-las-comunidades-energeticas-a-cuatro-barrios-para-lograr-un-consumo-energetico-sostenible-y-de-proximidad\\\/\"},\"author\":{\"name\":\"La Gu\u00eda de Pamplona\",\"@id\":\"https:\\\/\\\/www.laguiadepamplona.com\\\/actualidad\\\/#\\\/schema\\\/person\\\/efe887376f0213d4657c93adc50b1fdb\"},\"headline\":\"Pamplona llega al verano con la extensi\u00f3n de las comunidades energ\u00e9ticas a cuatro barrios para lograr un consumo energ\u00e9tico sostenible y de proximidad\",\"datePublished\":\"2023-06-27T14:29:48+00:00\",\"dateModified\":\"2023-06-27T16:43:17+00:00\",\"mainEntityOfPage\":{\"@id\":\"https:\\\/\\\/www.laguiadepamplona.com\\\/actualidad\\\/pamplona-llega-al-verano-con-la-extension-de-las-comunidades-energeticas-a-cuatro-barrios-para-lograr-un-consumo-energetico-sostenible-y-de-proximidad\\\/\"},\"wordCount\":629,\"commentCount\":0,\"publisher\":{\"@id\":\"https:\\\/\\\/www.laguiadepamplona.com\\\/actualidad\\\/#organization\"},\"image\":{\"@id\":\"https:\\\/\\\/www.laguiadepamplona.com\\\/actualidad\\\/pamplona-llega-al-verano-con-la-extension-de-las-comunidades-energeticas-a-cuatro-barrios-para-lograr-un-consumo-energetico-sostenible-y-de-proximidad\\\/#primaryimage\"},\"thumbnailUrl\":\"https:\\\/\\\/www.laguiadepamplona.com\\\/actualidad\\\/wp-content\\\/uploads\\\/2021\\\/12\\\/energia-fotovoltaica.jpg\",\"articleSection\":[\"Ayto Pamplona\"],\"inLanguage\":\"es\",\"potentialAction\":[{\"@type\":\"CommentAction\",\"name\":\"Comment\",\"target\":[\"https:\\\/\\\/www.laguiadepamplona.com\\\/actualidad\\\/pamplona-llega-al-verano-con-la-extension-de-las-comunidades-energeticas-a-cuatro-barrios-para-lograr-un-consumo-energetico-sostenible-y-de-proximidad\\\/#respond\"]}]},{\"@type\":\"WebPage\",\"@id\":\"https:\\\/\\\/www.laguiadepamplona.com\\\/actualidad\\\/pamplona-llega-al-verano-con-la-extension-de-las-comunidades-energeticas-a-cuatro-barrios-para-lograr-un-consumo-energetico-sostenible-y-de-proximidad\\\/\",\"url\":\"https:\\\/\\\/www.laguiadepamplona.com\\\/actualidad\\\/pamplona-llega-al-verano-con-la-extension-de-las-comunidades-energeticas-a-cuatro-barrios-para-lograr-un-consumo-energetico-sostenible-y-de-proximidad\\\/\",\"name\":\"Pamplona llega al verano con la extensi\u00f3n de las comunidades energ\u00e9ticas a cuatro barrios para lograr un consumo energ\u00e9tico sostenible y de proximidad\",\"isPartOf\":{\"@id\":\"https:\\\/\\\/www.laguiadepamplona.com\\\/actualidad\\\/#website\"},\"primaryImageOfPage\":{\"@id\":\"https:\\\/\\\/www.laguiadepamplona.com\\\/actualidad\\\/pamplona-llega-al-verano-con-la-extension-de-las-comunidades-energeticas-a-cuatro-barrios-para-lograr-un-consumo-energetico-sostenible-y-de-proximidad\\\/#primaryimage\"},\"image\":{\"@id\":\"https:\\\/\\\/www.laguiadepamplona.com\\\/actualidad\\\/pamplona-llega-al-verano-con-la-extension-de-las-comunidades-energeticas-a-cuatro-barrios-para-lograr-un-consumo-energetico-sostenible-y-de-proximidad\\\/#primaryimage\"},\"thumbnailUrl\":\"https:\\\/\\\/www.laguiadepamplona.com\\\/actualidad\\\/wp-content\\\/uploads\\\/2021\\\/12\\\/energia-fotovoltaica.jpg\",\"datePublished\":\"2023-06-27T14:29:48+00:00\",\"dateModified\":\"2023-06-27T16:43:17+00:00\",\"description\":\"La comunidad Kemendi de Mendillorri, la primera en ponerse en marcha, celebra este jueves su primera asamblea general para sus m\u00e1s de 110 socios\",\"breadcrumb\":{\"@id\":\"https:\\\/\\\/www.laguiadepamplona.com\\\/actualidad\\\/pamplona-llega-al-verano-con-la-extension-de-las-comunidades-energeticas-a-cuatro-barrios-para-lograr-un-consumo-energetico-sostenible-y-de-proximidad\\\/#breadcrumb\"},\"inLanguage\":\"es\",\"potentialAction\":[{\"@type\":\"ReadAction\",\"target\":[\"https:\\\/\\\/www.laguiadepamplona.com\\\/actualidad\\\/pamplona-llega-al-verano-con-la-extension-de-las-comunidades-energeticas-a-cuatro-barrios-para-lograr-un-consumo-energetico-sostenible-y-de-proximidad\\\/\"]}]},{\"@type\":\"ImageObject\",\"inLanguage\":\"es\",\"@id\":\"https:\\\/\\\/www.laguiadepamplona.com\\\/actualidad\\\/pamplona-llega-al-verano-con-la-extension-de-las-comunidades-energeticas-a-cuatro-barrios-para-lograr-un-consumo-energetico-sostenible-y-de-proximidad\\\/#primaryimage\",\"url\":\"https:\\\/\\\/www.laguiadepamplona.com\\\/actualidad\\\/wp-content\\\/uploads\\\/2021\\\/12\\\/energia-fotovoltaica.jpg\",\"contentUrl\":\"https:\\\/\\\/www.laguiadepamplona.com\\\/actualidad\\\/wp-content\\\/uploads\\\/2021\\\/12\\\/energia-fotovoltaica.jpg\",\"width\":870,\"height\":593},{\"@type\":\"BreadcrumbList\",\"@id\":\"https:\\\/\\\/www.laguiadepamplona.com\\\/actualidad\\\/pamplona-llega-al-verano-con-la-extension-de-las-comunidades-energeticas-a-cuatro-barrios-para-lograr-un-consumo-energetico-sostenible-y-de-proximidad\\\/#breadcrumb\",\"itemListElement\":[{\"@type\":\"ListItem\",\"position\":1,\"name\":\"Portada\",\"item\":\"https:\\\/\\\/www.laguiadepamplona.com\\\/actualidad\\\/\"},{\"@type\":\"ListItem\",\"position\":2,\"name\":\"Pamplona llega al verano con la extensi\u00f3n de las comunidades energ\u00e9ticas a cuatro barrios para lograr un consumo energ\u00e9tico sostenible y de proximidad\"}]},{\"@type\":\"WebSite\",\"@id\":\"https:\\\/\\\/www.laguiadepamplona.com\\\/actualidad\\\/#website\",\"url\":\"https:\\\/\\\/www.laguiadepamplona.com\\\/actualidad\\\/\",\"name\":\"La gu\u00eda de Pamplona\",\"description\":\"Noticias de Pamplona\",\"publisher\":{\"@id\":\"https:\\\/\\\/www.laguiadepamplona.com\\\/actualidad\\\/#organization\"},\"potentialAction\":[{\"@type\":\"SearchAction\",\"target\":{\"@type\":\"EntryPoint\",\"urlTemplate\":\"https:\\\/\\\/www.laguiadepamplona.com\\\/actualidad\\\/?s={search_term_string}\"},\"query-input\":{\"@type\":\"PropertyValueSpecification\",\"valueRequired\":true,\"valueName\":\"search_term_string\"}}],\"inLanguage\":\"es\"},{\"@type\":\"Organization\",\"@id\":\"https:\\\/\\\/www.laguiadepamplona.com\\\/actualidad\\\/#organization\",\"name\":\"La Gu\u00eda de Pamplona \\\/ Noticias\",\"url\":\"https:\\\/\\\/www.laguiadepamplona.com\\\/actualidad\\\/\",\"logo\":{\"@type\":\"ImageObject\",\"inLanguage\":\"es\",\"@id\":\"https:\\\/\\\/www.laguiadepamplona.com\\\/actualidad\\\/#\\\/schema\\\/logo\\\/image\\\/\",\"url\":\"https:\\\/\\\/www.laguiadepamplona.com\\\/actualidad\\\/wp-content\\\/uploads\\\/2018\\\/11\\\/logo-laguiadepamplona18-web1.png\",\"contentUrl\":\"https:\\\/\\\/www.laguiadepamplona.com\\\/actualidad\\\/wp-content\\\/uploads\\\/2018\\\/11\\\/logo-laguiadepamplona18-web1.png\",\"width\":600,\"height\":196,\"caption\":\"La Gu\u00eda de Pamplona \\\/ Noticias\"},\"image\":{\"@id\":\"https:\\\/\\\/www.laguiadepamplona.com\\\/actualidad\\\/#\\\/schema\\\/logo\\\/image\\\/\"},\"sameAs\":[\"https:\\\/\\\/www.facebook.com\\\/laguiadepamplonacom-133175176762273\\\/?ref=hl\",\"https:\\\/\\\/x.com\\\/LaGuiadPamplona\",\"https:\\\/\\\/www.instagram.com\\\/la_guia_de_pamplona\\\/\",\"https:\\\/\\\/www.youtube.com\\\/user\\\/laguiadepamplona\"]},{\"@type\":\"Person\",\"@id\":\"https:\\\/\\\/www.laguiadepamplona.com\\\/actualidad\\\/#\\\/schema\\\/person\\\/efe887376f0213d4657c93adc50b1fdb\",\"name\":\"La Gu\u00eda de Pamplona\",\"image\":{\"@type\":\"ImageObject\",\"inLanguage\":\"es\",\"@id\":\"https:\\\/\\\/secure.gravatar.com\\\/avatar\\\/b6992f131dc8d30ab0dff15446e9d346d9dbd95992de0fef795073f5ea83a81c?s=96&d=mm&r=g\",\"url\":\"https:\\\/\\\/secure.gravatar.com\\\/avatar\\\/b6992f131dc8d30ab0dff15446e9d346d9dbd95992de0fef795073f5ea83a81c?s=96&d=mm&r=g\",\"contentUrl\":\"https:\\\/\\\/secure.gravatar.com\\\/avatar\\\/b6992f131dc8d30ab0dff15446e9d346d9dbd95992de0fef795073f5ea83a81c?s=96&d=mm&r=g\",\"caption\":\"La Gu\u00eda de Pamplona\"}}]}<\/script>\n<!-- \/ Yoast SEO plugin. -->","yoast_head_json":{"title":"Pamplona llega al verano con la extensi\u00f3n de las comunidades energ\u00e9ticas a cuatro barrios para lograr un consumo energ\u00e9tico sostenible y de proximidad","description":"La comunidad Kemendi de Mendillorri, la primera en ponerse en marcha, celebra este jueves su primera asamblea general para sus m\u00e1s de 110 socios","robots":{"index":"index","follow":"follow","max-snippet":"max-snippet:-1","max-image-preview":"max-image-preview:large","max-video-preview":"max-video-preview:-1"},"canonical":"https:\/\/www.laguiadepamplona.com\/actualidad\/pamplona-llega-al-verano-con-la-extension-de-las-comunidades-energeticas-a-cuatro-barrios-para-lograr-un-consumo-energetico-sostenible-y-de-proximidad\/","og_locale":"es_ES","og_type":"article","og_title":"Pamplona llega al verano con la extensi\u00f3n de las comunidades energ\u00e9ticas a cuatro barrios para lograr un consumo energ\u00e9tico sostenible y de proximidad","og_description":"La comunidad Kemendi de Mendillorri, la primera en ponerse en marcha, celebra este jueves su primera asamblea general para sus m\u00e1s de 110 socios","og_url":"https:\/\/www.laguiadepamplona.com\/actualidad\/pamplona-llega-al-verano-con-la-extension-de-las-comunidades-energeticas-a-cuatro-barrios-para-lograr-un-consumo-energetico-sostenible-y-de-proximidad\/","og_site_name":"La Gu\u00eda de Pamplona","article_publisher":"https:\/\/www.facebook.com\/laguiadepamplonacom-133175176762273\/?ref=hl","article_published_time":"2023-06-27T14:29:48+00:00","article_modified_time":"2023-06-27T16:43:17+00:00","og_image":[{"width":870,"height":593,"url":"https:\/\/www.laguiadepamplona.com\/actualidad\/wp-content\/uploads\/2021\/12\/energia-fotovoltaica.jpg","type":"image\/jpeg"}],"author":"La Gu\u00eda de Pamplona","twitter_card":"summary_large_image","twitter_creator":"@LaGuiadPamplona","twitter_site":"@LaGuiadPamplona","twitter_misc":{"Escrito por":"La Gu\u00eda de Pamplona","Tiempo de lectura":"3 minutos"},"schema":{"@context":"https:\/\/schema.org","@graph":[{"@type":"Article","@id":"https:\/\/www.laguiadepamplona.com\/actualidad\/pamplona-llega-al-verano-con-la-extension-de-las-comunidades-energeticas-a-cuatro-barrios-para-lograr-un-consumo-energetico-sostenible-y-de-proximidad\/#article","isPartOf":{"@id":"https:\/\/www.laguiadepamplona.com\/actualidad\/pamplona-llega-al-verano-con-la-extension-de-las-comunidades-energeticas-a-cuatro-barrios-para-lograr-un-consumo-energetico-sostenible-y-de-proximidad\/"},"author":{"name":"La Gu\u00eda de Pamplona","@id":"https:\/\/www.laguiadepamplona.com\/actualidad\/#\/schema\/person\/efe887376f0213d4657c93adc50b1fdb"},"headline":"Pamplona llega al verano con la extensi\u00f3n de las comunidades energ\u00e9ticas a cuatro barrios para lograr un consumo energ\u00e9tico sostenible y de proximidad","datePublished":"2023-06-27T14:29:48+00:00","dateModified":"2023-06-27T16:43:17+00:00","mainEntityOfPage":{"@id":"https:\/\/www.laguiadepamplona.com\/actualidad\/pamplona-llega-al-verano-con-la-extension-de-las-comunidades-energeticas-a-cuatro-barrios-para-lograr-un-consumo-energetico-sostenible-y-de-proximidad\/"},"wordCount":629,"commentCount":0,"publisher":{"@id":"https:\/\/www.laguiadepamplona.com\/actualidad\/#organization"},"image":{"@id":"https:\/\/www.laguiadepamplona.com\/actualidad\/pamplona-llega-al-verano-con-la-extension-de-las-comunidades-energeticas-a-cuatro-barrios-para-lograr-un-consumo-energetico-sostenible-y-de-proximidad\/#primaryimage"},"thumbnailUrl":"https:\/\/www.laguiadepamplona.com\/actualidad\/wp-content\/uploads\/2021\/12\/energia-fotovoltaica.jpg","articleSection":["Ayto Pamplona"],"inLanguage":"es","potentialAction":[{"@type":"CommentAction","name":"Comment","target":["https:\/\/www.laguiadepamplona.com\/actualidad\/pamplona-llega-al-verano-con-la-extension-de-las-comunidades-energeticas-a-cuatro-barrios-para-lograr-un-consumo-energetico-sostenible-y-de-proximidad\/#respond"]}]},{"@type":"WebPage","@id":"https:\/\/www.laguiadepamplona.com\/actualidad\/pamplona-llega-al-verano-con-la-extension-de-las-comunidades-energeticas-a-cuatro-barrios-para-lograr-un-consumo-energetico-sostenible-y-de-proximidad\/","url":"https:\/\/www.laguiadepamplona.com\/actualidad\/pamplona-llega-al-verano-con-la-extension-de-las-comunidades-energeticas-a-cuatro-barrios-para-lograr-un-consumo-energetico-sostenible-y-de-proximidad\/","name":"Pamplona llega al verano con la extensi\u00f3n de las comunidades energ\u00e9ticas a cuatro barrios para lograr un consumo energ\u00e9tico sostenible y de proximidad","isPartOf":{"@id":"https:\/\/www.laguiadepamplona.com\/actualidad\/#website"},"primaryImageOfPage":{"@id":"https:\/\/www.laguiadepamplona.com\/actualidad\/pamplona-llega-al-verano-con-la-extension-de-las-comunidades-energeticas-a-cuatro-barrios-para-lograr-un-consumo-energetico-sostenible-y-de-proximidad\/#primaryimage"},"image":{"@id":"https:\/\/www.laguiadepamplona.com\/actualidad\/pamplona-llega-al-verano-con-la-extension-de-las-comunidades-energeticas-a-cuatro-barrios-para-lograr-un-consumo-energetico-sostenible-y-de-proximidad\/#primaryimage"},"thumbnailUrl":"https:\/\/www.laguiadepamplona.com\/actualidad\/wp-content\/uploads\/2021\/12\/energia-fotovoltaica.jpg","datePublished":"2023-06-27T14:29:48+00:00","dateModified":"2023-06-27T16:43:17+00:00","description":"La comunidad Kemendi de Mendillorri, la primera en ponerse en marcha, celebra este jueves su primera asamblea general para sus m\u00e1s de 110 socios","breadcrumb":{"@id":"https:\/\/www.laguiadepamplona.com\/actualidad\/pamplona-llega-al-verano-con-la-extension-de-las-comunidades-energeticas-a-cuatro-barrios-para-lograr-un-consumo-energetico-sostenible-y-de-proximidad\/#breadcrumb"},"inLanguage":"es","potentialAction":[{"@type":"ReadAction","target":["https:\/\/www.laguiadepamplona.com\/actualidad\/pamplona-llega-al-verano-con-la-extension-de-las-comunidades-energeticas-a-cuatro-barrios-para-lograr-un-consumo-energetico-sostenible-y-de-proximidad\/"]}]},{"@type":"ImageObject","inLanguage":"es","@id":"https:\/\/www.laguiadepamplona.com\/actualidad\/pamplona-llega-al-verano-con-la-extension-de-las-comunidades-energeticas-a-cuatro-barrios-para-lograr-un-consumo-energetico-sostenible-y-de-proximidad\/#primaryimage","url":"https:\/\/www.laguiadepamplona.com\/actualidad\/wp-content\/uploads\/2021\/12\/energia-fotovoltaica.jpg","contentUrl":"https:\/\/www.laguiadepamplona.com\/actualidad\/wp-content\/uploads\/2021\/12\/energia-fotovoltaica.jpg","width":870,"height":593},{"@type":"BreadcrumbList","@id":"https:\/\/www.laguiadepamplona.com\/actualidad\/pamplona-llega-al-verano-con-la-extension-de-las-comunidades-energeticas-a-cuatro-barrios-para-lograr-un-consumo-energetico-sostenible-y-de-proximidad\/#breadcrumb","itemListElement":[{"@type":"ListItem","position":1,"name":"Portada","item":"https:\/\/www.laguiadepamplona.com\/actualidad\/"},{"@type":"ListItem","position":2,"name":"Pamplona llega al verano con la extensi\u00f3n de las comunidades energ\u00e9ticas a cuatro barrios para lograr un consumo energ\u00e9tico sostenible y de proximidad"}]},{"@type":"WebSite","@id":"https:\/\/www.laguiadepamplona.com\/actualidad\/#website","url":"https:\/\/www.laguiadepamplona.com\/actualidad\/","name":"La gu\u00eda de Pamplona","description":"Noticias de Pamplona","publisher":{"@id":"https:\/\/www.laguiadepamplona.com\/actualidad\/#organization"},"potentialAction":[{"@type":"SearchAction","target":{"@type":"EntryPoint","urlTemplate":"https:\/\/www.laguiadepamplona.com\/actualidad\/?s={search_term_string}"},"query-input":{"@type":"PropertyValueSpecification","valueRequired":true,"valueName":"search_term_string"}}],"inLanguage":"es"},{"@type":"Organization","@id":"https:\/\/www.laguiadepamplona.com\/actualidad\/#organization","name":"La Gu\u00eda de Pamplona \/ Noticias","url":"https:\/\/www.laguiadepamplona.com\/actualidad\/","logo":{"@type":"ImageObject","inLanguage":"es","@id":"https:\/\/www.laguiadepamplona.com\/actualidad\/#\/schema\/logo\/image\/","url":"https:\/\/www.laguiadepamplona.com\/actualidad\/wp-content\/uploads\/2018\/11\/logo-laguiadepamplona18-web1.png","contentUrl":"https:\/\/www.laguiadepamplona.com\/actualidad\/wp-content\/uploads\/2018\/11\/logo-laguiadepamplona18-web1.png","width":600,"height":196,"caption":"La Gu\u00eda de Pamplona \/ Noticias"},"image":{"@id":"https:\/\/www.laguiadepamplona.com\/actualidad\/#\/schema\/logo\/image\/"},"sameAs":["https:\/\/www.facebook.com\/laguiadepamplonacom-133175176762273\/?ref=hl","https:\/\/x.com\/LaGuiadPamplona","https:\/\/www.instagram.com\/la_guia_de_pamplona\/","https:\/\/www.youtube.com\/user\/laguiadepamplona"]},{"@type":"Person","@id":"https:\/\/www.laguiadepamplona.com\/actualidad\/#\/schema\/person\/efe887376f0213d4657c93adc50b1fdb","name":"La Gu\u00eda de Pamplona","image":{"@type":"ImageObject","inLanguage":"es","@id":"https:\/\/secure.gravatar.com\/avatar\/b6992f131dc8d30ab0dff15446e9d346d9dbd95992de0fef795073f5ea83a81c?s=96&d=mm&r=g","url":"https:\/\/secure.gravatar.com\/avatar\/b6992f131dc8d30ab0dff15446e9d346d9dbd95992de0fef795073f5ea83a81c?s=96&d=mm&r=g","contentUrl":"https:\/\/secure.gravatar.com\/avatar\/b6992f131dc8d30ab0dff15446e9d346d9dbd95992de0fef795073f5ea83a81c?s=96&d=mm&r=g","caption":"La Gu\u00eda de Pamplona"}}]}},"post_mailing_queue_ids":[],"_links":{"self":[{"href":"https:\/\/www.laguiadepamplona.com\/actualidad\/wp-json\/wp\/v2\/posts\/47167","targetHints":{"allow":["GET"]}}],"collection":[{"href":"https:\/\/www.laguiadepamplona.com\/actualidad\/wp-json\/wp\/v2\/posts"}],"about":[{"href":"https:\/\/www.laguiadepamplona.com\/actualidad\/wp-json\/wp\/v2\/types\/post"}],"author":[{"embeddable":true,"href":"https:\/\/www.laguiadepamplona.com\/actualidad\/wp-json\/wp\/v2\/users\/1"}],"replies":[{"embeddable":true,"href":"https:\/\/www.laguiadepamplona.com\/actualidad\/wp-json\/wp\/v2\/comments?post=47167"}],"version-history":[{"count":2,"href":"https:\/\/www.laguiadepamplona.com\/actualidad\/wp-json\/wp\/v2\/posts\/47167\/revisions"}],"predecessor-version":[{"id":47169,"href":"https:\/\/www.laguiadepamplona.com\/actualidad\/wp-json\/wp\/v2\/posts\/47167\/revisions\/47169"}],"wp:featuredmedia":[{"embeddable":true,"href":"https:\/\/www.laguiadepamplona.com\/actualidad\/wp-json\/wp\/v2\/media\/38138"}],"wp:attachment":[{"href":"https:\/\/www.laguiadepamplona.com\/actualidad\/wp-json\/wp\/v2\/media?parent=47167"}],"wp:term":[{"taxonomy":"category","embeddable":true,"href":"https:\/\/www.laguiadepamplona.com\/actualidad\/wp-json\/wp\/v2\/categories?post=47167"},{"taxonomy":"post_tag","embeddable":true,"href":"https:\/\/www.laguiadepamplona.com\/actualidad\/wp-json\/wp\/v2\/tags?post=47167"}],"curies":[{"name":"wp","href":"https:\/\/api.w.org\/{rel}","templated":true}]}}