{"id":47164,"date":"2023-06-27T16:26:52","date_gmt":"2023-06-27T14:26:52","guid":{"rendered":"https:\/\/www.laguiadepamplona.com\/actualidad\/?p=47164"},"modified":"2023-06-27T16:26:52","modified_gmt":"2023-06-27T14:26:52","slug":"mas-de-400-agentes-de-policia-municipal-y-cerca-de-180-auxiliares-de-proteccion-civil-trabajaran-por-la-seguridad-y-el-buen-desarrollo-de-los-sanfermines","status":"publish","type":"post","link":"https:\/\/www.laguiadepamplona.com\/actualidad\/mas-de-400-agentes-de-policia-municipal-y-cerca-de-180-auxiliares-de-proteccion-civil-trabajaran-por-la-seguridad-y-el-buen-desarrollo-de-los-sanfermines\/","title":{"rendered":"M\u00e1s de 400 agentes de Polic\u00eda Municipal y cerca de 180 auxiliares de Protecci\u00f3n Civil trabajar\u00e1n por la seguridad y el buen desarrollo de los Sanfermines"},"content":{"rendered":"<h2>La alcaldesa, Cristina Ibarrola, ha presidido la Junta de Protecci\u00f3n Civil que supone la culminaci\u00f3n de m\u00faltiples reuniones sectoriales<\/h2>\n<p><!--more--><\/p>\n<p>M\u00e1s de 400 agentes de Polic\u00eda Municipal estar\u00e1n conformar\u00e1n el dispositivo especial de Sanfermines para garantizar la seguridad y el buen discurrir de las fiestas. A ello se suman, adem\u00e1s, 179 auxiliares de Protecci\u00f3n Civil para labores de apoyo a la Polic\u00eda Municipal, vigilancia, control de accesos y tareas propias de Protecci\u00f3n Civil, as\u00ed como personal del resto de servicios ordinarios del Ayuntamiento y de otras Administraciones y organizaciones que van a trabajar durante las fiestas de San Ferm\u00edn para que \u00e9stas se desarrollen con normalidad.<\/p>\n<p>La alcaldesa de Pamplona, Cristina Ibarrola, ha presidido este martes la Junta de Protecci\u00f3n Civil, en la que han participado responsables de Protecci\u00f3n Civil, Polic\u00eda Municipal, Igualdad, Cultura, Servicios Sociales o Limpieza, representantes de otras Administraciones y organizaciones como Polic\u00eda Foral, Polic\u00eda Nacional y Guardia Civil, Mancomunidad de la Comarca de Pamplona, tanto de sus servicios de Transporte como de los de Recogida de Residuos, Casa Misericordia, la Direcci\u00f3n de Urgencias Extrahospitalarias y de Atenci\u00f3n Primaria, Cruz Roja y DYA, entre otros. Es en esta reuni\u00f3n en la que se ha dado a conocer parte del dispositivo de las fiestas.<br \/>\n<script async src=\"\/\/pagead2.googlesyndication.com\/pagead\/js\/adsbygoogle.js\"><\/script><br \/>\n<!-- Noticias La Guia de Pamplona --><br \/>\n<ins class=\"adsbygoogle\"\nstyle=\"display:block\"\ndata-ad-client=\"ca-pub-6943679897239327\"\ndata-ad-slot=\"7048180777\"\ndata-ad-format=\"auto\"><\/ins><br \/>\n<script>\n(adsbygoogle = window.adsbygoogle || []).push({});\n<\/script><\/p>\n<p>Se han repasado todos los dispositivos para cada acto, desde el chupinazo hasta los fuegos artificiales, pasando por los encierros y los conciertos, entre otros, haciendo hincapi\u00e9 en las novedades respecto a otros a\u00f1os. En especial, se ha abordado el cambio de los conciertos de Plaza de los Fueros a Plaza del Castillo y de los DJ\u2019s en sentido contrario. Este hecho ha originado la necesidad de vallar parcialmente la Plaza de los Fueros (manteniendo espacio libre y suficiente para garantizar las v\u00edas de evacuaci\u00f3n), para evitar el riesgo del tr\u00e1nsito peatonal por la calzada. Tambi\u00e9n se ha abordado la nueva disposici\u00f3n de los puestos de venta en Bosquecillo y Taconera, que tendr\u00e1n una imagen homog\u00e9nea; as\u00ed como el cierre de las escaleras de la Ronda de la Reina Catalina de Foix en las murallas, como medida preventiva de agresiones sexistas, o el cierre del acceso al aparcamiento del Parque de Huertas de Santo Domingo, que quedar\u00e1 exclusivamente para vecinos.<\/p>\n<p>La Junta de Protecci\u00f3n Civil se mantendr\u00e1 activada durante todas las fiestas, con reuniones diarias entre los d\u00edas 8 al 13, para tener conocimiento de todas las incidencias y adoptar las medidas necesarias para solventar cuantos problemas puedan surgir.<br \/>\n<script async src=\"\/\/pagead2.googlesyndication.com\/pagead\/js\/adsbygoogle.js\"><\/script><br \/>\n<!-- Noticias La Guia de Pamplona --><br \/>\n<ins class=\"adsbygoogle\"\nstyle=\"display:block\"\ndata-ad-client=\"ca-pub-6943679897239327\"\ndata-ad-slot=\"7048180777\"\ndata-ad-format=\"auto\"><\/ins><br \/>\n<script>\n(adsbygoogle = window.adsbygoogle || []).push({});\n<\/script><\/p>\n<p>El encuentro de hoy supone el colof\u00f3n a una serie de reuniones sectoriales en las que se ha trabajado la organizaci\u00f3n de los Sanfermines en los diferentes \u00e1mbitos implicados en la fiesta. En este sentido, se han llevado a cabo reuniones de trabajo sobre temas de polic\u00edas, sanitarios, limpieza y recogida de residuos, transporte, protecci\u00f3n civil y festejos, entre otros.<\/p>\n<p>La alcaldesa, Cristina Ibarrola, ha agradecido de antemano el trabajo que tienen por delante todas las organizaciones presentes en la reuni\u00f3n y ha confiado en que los Sanfermines se celebren sin ning\u00fan tipo de incidencia.<\/p>\n","protected":false},"excerpt":{"rendered":"<p>La alcaldesa, Cristina Ibarrola, ha presidido la Junta de Protecci\u00f3n Civil que supone la culminaci\u00f3n de m\u00faltiples reuniones sectoriales<\/p>\n","protected":false},"author":1,"featured_media":47165,"comment_status":"open","ping_status":"closed","sticky":false,"template":"","format":"standard","meta":{"footnotes":""},"categories":[2],"tags":[],"class_list":["post-47164","post","type-post","status-publish","format-standard","has-post-thumbnail","hentry","category-ayuntamiento-pamplona"],"yoast_head":"<!-- This site is optimized with the Yoast SEO plugin v27.3 - https:\/\/yoast.com\/product\/yoast-seo-wordpress\/ -->\n<title>M\u00e1s de 400 agentes de Polic\u00eda Municipal y cerca de 180 auxiliares de Protecci\u00f3n Civil trabajar\u00e1n por la seguridad y el buen desarrollo de los Sanfermines<\/title>\n<meta name=\"description\" content=\"La alcaldesa, Cristina Ibarrola, ha presidido la Junta de Protecci\u00f3n Civil que supone la culminaci\u00f3n de m\u00faltiples reuniones sectoriales\" \/>\n<meta name=\"robots\" content=\"index, follow, max-snippet:-1, max-image-preview:large, max-video-preview:-1\" \/>\n<link rel=\"canonical\" href=\"https:\/\/www.laguiadepamplona.com\/actualidad\/mas-de-400-agentes-de-policia-municipal-y-cerca-de-180-auxiliares-de-proteccion-civil-trabajaran-por-la-seguridad-y-el-buen-desarrollo-de-los-sanfermines\/\" \/>\n<meta property=\"og:locale\" content=\"es_ES\" \/>\n<meta property=\"og:type\" content=\"article\" \/>\n<meta property=\"og:title\" content=\"M\u00e1s de 400 agentes de Polic\u00eda Municipal y cerca de 180 auxiliares de Protecci\u00f3n Civil trabajar\u00e1n por la seguridad y el buen desarrollo de los Sanfermines\" \/>\n<meta property=\"og:description\" content=\"La alcaldesa, Cristina Ibarrola, ha presidido la Junta de Protecci\u00f3n Civil que supone la culminaci\u00f3n de m\u00faltiples reuniones sectoriales\" \/>\n<meta property=\"og:url\" content=\"https:\/\/www.laguiadepamplona.com\/actualidad\/mas-de-400-agentes-de-policia-municipal-y-cerca-de-180-auxiliares-de-proteccion-civil-trabajaran-por-la-seguridad-y-el-buen-desarrollo-de-los-sanfermines\/\" \/>\n<meta property=\"og:site_name\" content=\"La Gu\u00eda de Pamplona\" \/>\n<meta property=\"article:publisher\" content=\"https:\/\/www.facebook.com\/laguiadepamplonacom-133175176762273\/?ref=hl\" \/>\n<meta property=\"article:published_time\" content=\"2023-06-27T14:26:52+00:00\" \/>\n<meta property=\"og:image\" content=\"https:\/\/www.laguiadepamplona.com\/actualidad\/wp-content\/uploads\/2023\/06\/juntageneralsf23e5a0079_0.webp\" \/>\n\t<meta property=\"og:image:width\" content=\"1600\" \/>\n\t<meta property=\"og:image:height\" content=\"1067\" \/>\n\t<meta property=\"og:image:type\" content=\"image\/webp\" \/>\n<meta name=\"author\" content=\"La Gu\u00eda de Pamplona\" \/>\n<meta name=\"twitter:card\" content=\"summary_large_image\" \/>\n<meta name=\"twitter:creator\" content=\"@LaGuiadPamplona\" \/>\n<meta name=\"twitter:site\" content=\"@LaGuiadPamplona\" \/>\n<meta name=\"twitter:label1\" content=\"Escrito por\" \/>\n\t<meta name=\"twitter:data1\" content=\"La Gu\u00eda de Pamplona\" \/>\n\t<meta name=\"twitter:label2\" content=\"Tiempo de lectura\" \/>\n\t<meta name=\"twitter:data2\" content=\"3 minutos\" \/>\n<script type=\"application\/ld+json\" class=\"yoast-schema-graph\">{\"@context\":\"https:\\\/\\\/schema.org\",\"@graph\":[{\"@type\":\"Article\",\"@id\":\"https:\\\/\\\/www.laguiadepamplona.com\\\/actualidad\\\/mas-de-400-agentes-de-policia-municipal-y-cerca-de-180-auxiliares-de-proteccion-civil-trabajaran-por-la-seguridad-y-el-buen-desarrollo-de-los-sanfermines\\\/#article\",\"isPartOf\":{\"@id\":\"https:\\\/\\\/www.laguiadepamplona.com\\\/actualidad\\\/mas-de-400-agentes-de-policia-municipal-y-cerca-de-180-auxiliares-de-proteccion-civil-trabajaran-por-la-seguridad-y-el-buen-desarrollo-de-los-sanfermines\\\/\"},\"author\":{\"name\":\"La Gu\u00eda de Pamplona\",\"@id\":\"https:\\\/\\\/www.laguiadepamplona.com\\\/actualidad\\\/#\\\/schema\\\/person\\\/efe887376f0213d4657c93adc50b1fdb\"},\"headline\":\"M\u00e1s de 400 agentes de Polic\u00eda Municipal y cerca de 180 auxiliares de Protecci\u00f3n Civil trabajar\u00e1n por la seguridad y el buen desarrollo de los Sanfermines\",\"datePublished\":\"2023-06-27T14:26:52+00:00\",\"mainEntityOfPage\":{\"@id\":\"https:\\\/\\\/www.laguiadepamplona.com\\\/actualidad\\\/mas-de-400-agentes-de-policia-municipal-y-cerca-de-180-auxiliares-de-proteccion-civil-trabajaran-por-la-seguridad-y-el-buen-desarrollo-de-los-sanfermines\\\/\"},\"wordCount\":560,\"commentCount\":0,\"publisher\":{\"@id\":\"https:\\\/\\\/www.laguiadepamplona.com\\\/actualidad\\\/#organization\"},\"image\":{\"@id\":\"https:\\\/\\\/www.laguiadepamplona.com\\\/actualidad\\\/mas-de-400-agentes-de-policia-municipal-y-cerca-de-180-auxiliares-de-proteccion-civil-trabajaran-por-la-seguridad-y-el-buen-desarrollo-de-los-sanfermines\\\/#primaryimage\"},\"thumbnailUrl\":\"https:\\\/\\\/www.laguiadepamplona.com\\\/actualidad\\\/wp-content\\\/uploads\\\/2023\\\/06\\\/juntageneralsf23e5a0079_0.webp\",\"articleSection\":[\"Ayto Pamplona\"],\"inLanguage\":\"es\",\"potentialAction\":[{\"@type\":\"CommentAction\",\"name\":\"Comment\",\"target\":[\"https:\\\/\\\/www.laguiadepamplona.com\\\/actualidad\\\/mas-de-400-agentes-de-policia-municipal-y-cerca-de-180-auxiliares-de-proteccion-civil-trabajaran-por-la-seguridad-y-el-buen-desarrollo-de-los-sanfermines\\\/#respond\"]}]},{\"@type\":\"WebPage\",\"@id\":\"https:\\\/\\\/www.laguiadepamplona.com\\\/actualidad\\\/mas-de-400-agentes-de-policia-municipal-y-cerca-de-180-auxiliares-de-proteccion-civil-trabajaran-por-la-seguridad-y-el-buen-desarrollo-de-los-sanfermines\\\/\",\"url\":\"https:\\\/\\\/www.laguiadepamplona.com\\\/actualidad\\\/mas-de-400-agentes-de-policia-municipal-y-cerca-de-180-auxiliares-de-proteccion-civil-trabajaran-por-la-seguridad-y-el-buen-desarrollo-de-los-sanfermines\\\/\",\"name\":\"M\u00e1s de 400 agentes de Polic\u00eda Municipal y cerca de 180 auxiliares de Protecci\u00f3n Civil trabajar\u00e1n por la seguridad y el buen desarrollo de los Sanfermines\",\"isPartOf\":{\"@id\":\"https:\\\/\\\/www.laguiadepamplona.com\\\/actualidad\\\/#website\"},\"primaryImageOfPage\":{\"@id\":\"https:\\\/\\\/www.laguiadepamplona.com\\\/actualidad\\\/mas-de-400-agentes-de-policia-municipal-y-cerca-de-180-auxiliares-de-proteccion-civil-trabajaran-por-la-seguridad-y-el-buen-desarrollo-de-los-sanfermines\\\/#primaryimage\"},\"image\":{\"@id\":\"https:\\\/\\\/www.laguiadepamplona.com\\\/actualidad\\\/mas-de-400-agentes-de-policia-municipal-y-cerca-de-180-auxiliares-de-proteccion-civil-trabajaran-por-la-seguridad-y-el-buen-desarrollo-de-los-sanfermines\\\/#primaryimage\"},\"thumbnailUrl\":\"https:\\\/\\\/www.laguiadepamplona.com\\\/actualidad\\\/wp-content\\\/uploads\\\/2023\\\/06\\\/juntageneralsf23e5a0079_0.webp\",\"datePublished\":\"2023-06-27T14:26:52+00:00\",\"description\":\"La alcaldesa, Cristina Ibarrola, ha presidido la Junta de Protecci\u00f3n Civil que supone la culminaci\u00f3n de m\u00faltiples reuniones sectoriales\",\"breadcrumb\":{\"@id\":\"https:\\\/\\\/www.laguiadepamplona.com\\\/actualidad\\\/mas-de-400-agentes-de-policia-municipal-y-cerca-de-180-auxiliares-de-proteccion-civil-trabajaran-por-la-seguridad-y-el-buen-desarrollo-de-los-sanfermines\\\/#breadcrumb\"},\"inLanguage\":\"es\",\"potentialAction\":[{\"@type\":\"ReadAction\",\"target\":[\"https:\\\/\\\/www.laguiadepamplona.com\\\/actualidad\\\/mas-de-400-agentes-de-policia-municipal-y-cerca-de-180-auxiliares-de-proteccion-civil-trabajaran-por-la-seguridad-y-el-buen-desarrollo-de-los-sanfermines\\\/\"]}]},{\"@type\":\"ImageObject\",\"inLanguage\":\"es\",\"@id\":\"https:\\\/\\\/www.laguiadepamplona.com\\\/actualidad\\\/mas-de-400-agentes-de-policia-municipal-y-cerca-de-180-auxiliares-de-proteccion-civil-trabajaran-por-la-seguridad-y-el-buen-desarrollo-de-los-sanfermines\\\/#primaryimage\",\"url\":\"https:\\\/\\\/www.laguiadepamplona.com\\\/actualidad\\\/wp-content\\\/uploads\\\/2023\\\/06\\\/juntageneralsf23e5a0079_0.webp\",\"contentUrl\":\"https:\\\/\\\/www.laguiadepamplona.com\\\/actualidad\\\/wp-content\\\/uploads\\\/2023\\\/06\\\/juntageneralsf23e5a0079_0.webp\",\"width\":1600,\"height\":1067,\"caption\":\"junta general sanfermines\"},{\"@type\":\"BreadcrumbList\",\"@id\":\"https:\\\/\\\/www.laguiadepamplona.com\\\/actualidad\\\/mas-de-400-agentes-de-policia-municipal-y-cerca-de-180-auxiliares-de-proteccion-civil-trabajaran-por-la-seguridad-y-el-buen-desarrollo-de-los-sanfermines\\\/#breadcrumb\",\"itemListElement\":[{\"@type\":\"ListItem\",\"position\":1,\"name\":\"Portada\",\"item\":\"https:\\\/\\\/www.laguiadepamplona.com\\\/actualidad\\\/\"},{\"@type\":\"ListItem\",\"position\":2,\"name\":\"M\u00e1s de 400 agentes de Polic\u00eda Municipal y cerca de 180 auxiliares de Protecci\u00f3n Civil trabajar\u00e1n por la seguridad y el buen desarrollo de los Sanfermines\"}]},{\"@type\":\"WebSite\",\"@id\":\"https:\\\/\\\/www.laguiadepamplona.com\\\/actualidad\\\/#website\",\"url\":\"https:\\\/\\\/www.laguiadepamplona.com\\\/actualidad\\\/\",\"name\":\"La gu\u00eda de Pamplona\",\"description\":\"Noticias de Pamplona\",\"publisher\":{\"@id\":\"https:\\\/\\\/www.laguiadepamplona.com\\\/actualidad\\\/#organization\"},\"potentialAction\":[{\"@type\":\"SearchAction\",\"target\":{\"@type\":\"EntryPoint\",\"urlTemplate\":\"https:\\\/\\\/www.laguiadepamplona.com\\\/actualidad\\\/?s={search_term_string}\"},\"query-input\":{\"@type\":\"PropertyValueSpecification\",\"valueRequired\":true,\"valueName\":\"search_term_string\"}}],\"inLanguage\":\"es\"},{\"@type\":\"Organization\",\"@id\":\"https:\\\/\\\/www.laguiadepamplona.com\\\/actualidad\\\/#organization\",\"name\":\"La Gu\u00eda de Pamplona \\\/ Noticias\",\"url\":\"https:\\\/\\\/www.laguiadepamplona.com\\\/actualidad\\\/\",\"logo\":{\"@type\":\"ImageObject\",\"inLanguage\":\"es\",\"@id\":\"https:\\\/\\\/www.laguiadepamplona.com\\\/actualidad\\\/#\\\/schema\\\/logo\\\/image\\\/\",\"url\":\"https:\\\/\\\/www.laguiadepamplona.com\\\/actualidad\\\/wp-content\\\/uploads\\\/2018\\\/11\\\/logo-laguiadepamplona18-web1.png\",\"contentUrl\":\"https:\\\/\\\/www.laguiadepamplona.com\\\/actualidad\\\/wp-content\\\/uploads\\\/2018\\\/11\\\/logo-laguiadepamplona18-web1.png\",\"width\":600,\"height\":196,\"caption\":\"La Gu\u00eda de Pamplona \\\/ Noticias\"},\"image\":{\"@id\":\"https:\\\/\\\/www.laguiadepamplona.com\\\/actualidad\\\/#\\\/schema\\\/logo\\\/image\\\/\"},\"sameAs\":[\"https:\\\/\\\/www.facebook.com\\\/laguiadepamplonacom-133175176762273\\\/?ref=hl\",\"https:\\\/\\\/x.com\\\/LaGuiadPamplona\",\"https:\\\/\\\/www.instagram.com\\\/la_guia_de_pamplona\\\/\",\"https:\\\/\\\/www.youtube.com\\\/user\\\/laguiadepamplona\"]},{\"@type\":\"Person\",\"@id\":\"https:\\\/\\\/www.laguiadepamplona.com\\\/actualidad\\\/#\\\/schema\\\/person\\\/efe887376f0213d4657c93adc50b1fdb\",\"name\":\"La Gu\u00eda de Pamplona\",\"image\":{\"@type\":\"ImageObject\",\"inLanguage\":\"es\",\"@id\":\"https:\\\/\\\/secure.gravatar.com\\\/avatar\\\/b6992f131dc8d30ab0dff15446e9d346d9dbd95992de0fef795073f5ea83a81c?s=96&d=mm&r=g\",\"url\":\"https:\\\/\\\/secure.gravatar.com\\\/avatar\\\/b6992f131dc8d30ab0dff15446e9d346d9dbd95992de0fef795073f5ea83a81c?s=96&d=mm&r=g\",\"contentUrl\":\"https:\\\/\\\/secure.gravatar.com\\\/avatar\\\/b6992f131dc8d30ab0dff15446e9d346d9dbd95992de0fef795073f5ea83a81c?s=96&d=mm&r=g\",\"caption\":\"La Gu\u00eda de Pamplona\"}}]}<\/script>\n<!-- \/ Yoast SEO plugin. -->","yoast_head_json":{"title":"M\u00e1s de 400 agentes de Polic\u00eda Municipal y cerca de 180 auxiliares de Protecci\u00f3n Civil trabajar\u00e1n por la seguridad y el buen desarrollo de los Sanfermines","description":"La alcaldesa, Cristina Ibarrola, ha presidido la Junta de Protecci\u00f3n Civil que supone la culminaci\u00f3n de m\u00faltiples reuniones sectoriales","robots":{"index":"index","follow":"follow","max-snippet":"max-snippet:-1","max-image-preview":"max-image-preview:large","max-video-preview":"max-video-preview:-1"},"canonical":"https:\/\/www.laguiadepamplona.com\/actualidad\/mas-de-400-agentes-de-policia-municipal-y-cerca-de-180-auxiliares-de-proteccion-civil-trabajaran-por-la-seguridad-y-el-buen-desarrollo-de-los-sanfermines\/","og_locale":"es_ES","og_type":"article","og_title":"M\u00e1s de 400 agentes de Polic\u00eda Municipal y cerca de 180 auxiliares de Protecci\u00f3n Civil trabajar\u00e1n por la seguridad y el buen desarrollo de los Sanfermines","og_description":"La alcaldesa, Cristina Ibarrola, ha presidido la Junta de Protecci\u00f3n Civil que supone la culminaci\u00f3n de m\u00faltiples reuniones sectoriales","og_url":"https:\/\/www.laguiadepamplona.com\/actualidad\/mas-de-400-agentes-de-policia-municipal-y-cerca-de-180-auxiliares-de-proteccion-civil-trabajaran-por-la-seguridad-y-el-buen-desarrollo-de-los-sanfermines\/","og_site_name":"La Gu\u00eda de Pamplona","article_publisher":"https:\/\/www.facebook.com\/laguiadepamplonacom-133175176762273\/?ref=hl","article_published_time":"2023-06-27T14:26:52+00:00","og_image":[{"width":1600,"height":1067,"url":"https:\/\/www.laguiadepamplona.com\/actualidad\/wp-content\/uploads\/2023\/06\/juntageneralsf23e5a0079_0.webp","type":"image\/webp"}],"author":"La Gu\u00eda de Pamplona","twitter_card":"summary_large_image","twitter_creator":"@LaGuiadPamplona","twitter_site":"@LaGuiadPamplona","twitter_misc":{"Escrito por":"La Gu\u00eda de Pamplona","Tiempo de lectura":"3 minutos"},"schema":{"@context":"https:\/\/schema.org","@graph":[{"@type":"Article","@id":"https:\/\/www.laguiadepamplona.com\/actualidad\/mas-de-400-agentes-de-policia-municipal-y-cerca-de-180-auxiliares-de-proteccion-civil-trabajaran-por-la-seguridad-y-el-buen-desarrollo-de-los-sanfermines\/#article","isPartOf":{"@id":"https:\/\/www.laguiadepamplona.com\/actualidad\/mas-de-400-agentes-de-policia-municipal-y-cerca-de-180-auxiliares-de-proteccion-civil-trabajaran-por-la-seguridad-y-el-buen-desarrollo-de-los-sanfermines\/"},"author":{"name":"La Gu\u00eda de Pamplona","@id":"https:\/\/www.laguiadepamplona.com\/actualidad\/#\/schema\/person\/efe887376f0213d4657c93adc50b1fdb"},"headline":"M\u00e1s de 400 agentes de Polic\u00eda Municipal y cerca de 180 auxiliares de Protecci\u00f3n Civil trabajar\u00e1n por la seguridad y el buen desarrollo de los Sanfermines","datePublished":"2023-06-27T14:26:52+00:00","mainEntityOfPage":{"@id":"https:\/\/www.laguiadepamplona.com\/actualidad\/mas-de-400-agentes-de-policia-municipal-y-cerca-de-180-auxiliares-de-proteccion-civil-trabajaran-por-la-seguridad-y-el-buen-desarrollo-de-los-sanfermines\/"},"wordCount":560,"commentCount":0,"publisher":{"@id":"https:\/\/www.laguiadepamplona.com\/actualidad\/#organization"},"image":{"@id":"https:\/\/www.laguiadepamplona.com\/actualidad\/mas-de-400-agentes-de-policia-municipal-y-cerca-de-180-auxiliares-de-proteccion-civil-trabajaran-por-la-seguridad-y-el-buen-desarrollo-de-los-sanfermines\/#primaryimage"},"thumbnailUrl":"https:\/\/www.laguiadepamplona.com\/actualidad\/wp-content\/uploads\/2023\/06\/juntageneralsf23e5a0079_0.webp","articleSection":["Ayto Pamplona"],"inLanguage":"es","potentialAction":[{"@type":"CommentAction","name":"Comment","target":["https:\/\/www.laguiadepamplona.com\/actualidad\/mas-de-400-agentes-de-policia-municipal-y-cerca-de-180-auxiliares-de-proteccion-civil-trabajaran-por-la-seguridad-y-el-buen-desarrollo-de-los-sanfermines\/#respond"]}]},{"@type":"WebPage","@id":"https:\/\/www.laguiadepamplona.com\/actualidad\/mas-de-400-agentes-de-policia-municipal-y-cerca-de-180-auxiliares-de-proteccion-civil-trabajaran-por-la-seguridad-y-el-buen-desarrollo-de-los-sanfermines\/","url":"https:\/\/www.laguiadepamplona.com\/actualidad\/mas-de-400-agentes-de-policia-municipal-y-cerca-de-180-auxiliares-de-proteccion-civil-trabajaran-por-la-seguridad-y-el-buen-desarrollo-de-los-sanfermines\/","name":"M\u00e1s de 400 agentes de Polic\u00eda Municipal y cerca de 180 auxiliares de Protecci\u00f3n Civil trabajar\u00e1n por la seguridad y el buen desarrollo de los Sanfermines","isPartOf":{"@id":"https:\/\/www.laguiadepamplona.com\/actualidad\/#website"},"primaryImageOfPage":{"@id":"https:\/\/www.laguiadepamplona.com\/actualidad\/mas-de-400-agentes-de-policia-municipal-y-cerca-de-180-auxiliares-de-proteccion-civil-trabajaran-por-la-seguridad-y-el-buen-desarrollo-de-los-sanfermines\/#primaryimage"},"image":{"@id":"https:\/\/www.laguiadepamplona.com\/actualidad\/mas-de-400-agentes-de-policia-municipal-y-cerca-de-180-auxiliares-de-proteccion-civil-trabajaran-por-la-seguridad-y-el-buen-desarrollo-de-los-sanfermines\/#primaryimage"},"thumbnailUrl":"https:\/\/www.laguiadepamplona.com\/actualidad\/wp-content\/uploads\/2023\/06\/juntageneralsf23e5a0079_0.webp","datePublished":"2023-06-27T14:26:52+00:00","description":"La alcaldesa, Cristina Ibarrola, ha presidido la Junta de Protecci\u00f3n Civil que supone la culminaci\u00f3n de m\u00faltiples reuniones sectoriales","breadcrumb":{"@id":"https:\/\/www.laguiadepamplona.com\/actualidad\/mas-de-400-agentes-de-policia-municipal-y-cerca-de-180-auxiliares-de-proteccion-civil-trabajaran-por-la-seguridad-y-el-buen-desarrollo-de-los-sanfermines\/#breadcrumb"},"inLanguage":"es","potentialAction":[{"@type":"ReadAction","target":["https:\/\/www.laguiadepamplona.com\/actualidad\/mas-de-400-agentes-de-policia-municipal-y-cerca-de-180-auxiliares-de-proteccion-civil-trabajaran-por-la-seguridad-y-el-buen-desarrollo-de-los-sanfermines\/"]}]},{"@type":"ImageObject","inLanguage":"es","@id":"https:\/\/www.laguiadepamplona.com\/actualidad\/mas-de-400-agentes-de-policia-municipal-y-cerca-de-180-auxiliares-de-proteccion-civil-trabajaran-por-la-seguridad-y-el-buen-desarrollo-de-los-sanfermines\/#primaryimage","url":"https:\/\/www.laguiadepamplona.com\/actualidad\/wp-content\/uploads\/2023\/06\/juntageneralsf23e5a0079_0.webp","contentUrl":"https:\/\/www.laguiadepamplona.com\/actualidad\/wp-content\/uploads\/2023\/06\/juntageneralsf23e5a0079_0.webp","width":1600,"height":1067,"caption":"junta general sanfermines"},{"@type":"BreadcrumbList","@id":"https:\/\/www.laguiadepamplona.com\/actualidad\/mas-de-400-agentes-de-policia-municipal-y-cerca-de-180-auxiliares-de-proteccion-civil-trabajaran-por-la-seguridad-y-el-buen-desarrollo-de-los-sanfermines\/#breadcrumb","itemListElement":[{"@type":"ListItem","position":1,"name":"Portada","item":"https:\/\/www.laguiadepamplona.com\/actualidad\/"},{"@type":"ListItem","position":2,"name":"M\u00e1s de 400 agentes de Polic\u00eda Municipal y cerca de 180 auxiliares de Protecci\u00f3n Civil trabajar\u00e1n por la seguridad y el buen desarrollo de los Sanfermines"}]},{"@type":"WebSite","@id":"https:\/\/www.laguiadepamplona.com\/actualidad\/#website","url":"https:\/\/www.laguiadepamplona.com\/actualidad\/","name":"La gu\u00eda de Pamplona","description":"Noticias de Pamplona","publisher":{"@id":"https:\/\/www.laguiadepamplona.com\/actualidad\/#organization"},"potentialAction":[{"@type":"SearchAction","target":{"@type":"EntryPoint","urlTemplate":"https:\/\/www.laguiadepamplona.com\/actualidad\/?s={search_term_string}"},"query-input":{"@type":"PropertyValueSpecification","valueRequired":true,"valueName":"search_term_string"}}],"inLanguage":"es"},{"@type":"Organization","@id":"https:\/\/www.laguiadepamplona.com\/actualidad\/#organization","name":"La Gu\u00eda de Pamplona \/ Noticias","url":"https:\/\/www.laguiadepamplona.com\/actualidad\/","logo":{"@type":"ImageObject","inLanguage":"es","@id":"https:\/\/www.laguiadepamplona.com\/actualidad\/#\/schema\/logo\/image\/","url":"https:\/\/www.laguiadepamplona.com\/actualidad\/wp-content\/uploads\/2018\/11\/logo-laguiadepamplona18-web1.png","contentUrl":"https:\/\/www.laguiadepamplona.com\/actualidad\/wp-content\/uploads\/2018\/11\/logo-laguiadepamplona18-web1.png","width":600,"height":196,"caption":"La Gu\u00eda de Pamplona \/ Noticias"},"image":{"@id":"https:\/\/www.laguiadepamplona.com\/actualidad\/#\/schema\/logo\/image\/"},"sameAs":["https:\/\/www.facebook.com\/laguiadepamplonacom-133175176762273\/?ref=hl","https:\/\/x.com\/LaGuiadPamplona","https:\/\/www.instagram.com\/la_guia_de_pamplona\/","https:\/\/www.youtube.com\/user\/laguiadepamplona"]},{"@type":"Person","@id":"https:\/\/www.laguiadepamplona.com\/actualidad\/#\/schema\/person\/efe887376f0213d4657c93adc50b1fdb","name":"La Gu\u00eda de Pamplona","image":{"@type":"ImageObject","inLanguage":"es","@id":"https:\/\/secure.gravatar.com\/avatar\/b6992f131dc8d30ab0dff15446e9d346d9dbd95992de0fef795073f5ea83a81c?s=96&d=mm&r=g","url":"https:\/\/secure.gravatar.com\/avatar\/b6992f131dc8d30ab0dff15446e9d346d9dbd95992de0fef795073f5ea83a81c?s=96&d=mm&r=g","contentUrl":"https:\/\/secure.gravatar.com\/avatar\/b6992f131dc8d30ab0dff15446e9d346d9dbd95992de0fef795073f5ea83a81c?s=96&d=mm&r=g","caption":"La Gu\u00eda de Pamplona"}}]}},"post_mailing_queue_ids":[],"_links":{"self":[{"href":"https:\/\/www.laguiadepamplona.com\/actualidad\/wp-json\/wp\/v2\/posts\/47164","targetHints":{"allow":["GET"]}}],"collection":[{"href":"https:\/\/www.laguiadepamplona.com\/actualidad\/wp-json\/wp\/v2\/posts"}],"about":[{"href":"https:\/\/www.laguiadepamplona.com\/actualidad\/wp-json\/wp\/v2\/types\/post"}],"author":[{"embeddable":true,"href":"https:\/\/www.laguiadepamplona.com\/actualidad\/wp-json\/wp\/v2\/users\/1"}],"replies":[{"embeddable":true,"href":"https:\/\/www.laguiadepamplona.com\/actualidad\/wp-json\/wp\/v2\/comments?post=47164"}],"version-history":[{"count":1,"href":"https:\/\/www.laguiadepamplona.com\/actualidad\/wp-json\/wp\/v2\/posts\/47164\/revisions"}],"predecessor-version":[{"id":47166,"href":"https:\/\/www.laguiadepamplona.com\/actualidad\/wp-json\/wp\/v2\/posts\/47164\/revisions\/47166"}],"wp:featuredmedia":[{"embeddable":true,"href":"https:\/\/www.laguiadepamplona.com\/actualidad\/wp-json\/wp\/v2\/media\/47165"}],"wp:attachment":[{"href":"https:\/\/www.laguiadepamplona.com\/actualidad\/wp-json\/wp\/v2\/media?parent=47164"}],"wp:term":[{"taxonomy":"category","embeddable":true,"href":"https:\/\/www.laguiadepamplona.com\/actualidad\/wp-json\/wp\/v2\/categories?post=47164"},{"taxonomy":"post_tag","embeddable":true,"href":"https:\/\/www.laguiadepamplona.com\/actualidad\/wp-json\/wp\/v2\/tags?post=47164"}],"curies":[{"name":"wp","href":"https:\/\/api.w.org\/{rel}","templated":true}]}}