{"id":47161,"date":"2023-06-27T16:24:38","date_gmt":"2023-06-27T14:24:38","guid":{"rendered":"https:\/\/www.laguiadepamplona.com\/actualidad\/?p=47161"},"modified":"2023-06-27T16:24:38","modified_gmt":"2023-06-27T14:24:38","slug":"el-ayuntamiento-cede-gratuitamente-cuatro-locales-municipales-para-acoger-actos-de-la-proxima-campana-electoral","status":"publish","type":"post","link":"https:\/\/www.laguiadepamplona.com\/actualidad\/el-ayuntamiento-cede-gratuitamente-cuatro-locales-municipales-para-acoger-actos-de-la-proxima-campana-electoral\/","title":{"rendered":"El Ayuntamiento cede gratuitamente cuatro locales municipales para acoger actos de la pr\u00f3xima campa\u00f1a electoral"},"content":{"rendered":"<h2>Una Resoluci\u00f3n de Alcald\u00eda traslada los cometidos que la Ley Org\u00e1nica del R\u00e9gimen Electoral establece para los ayuntamientos<\/h2>\n<p><!--more--><\/p>\n<p>El Ayuntamiento de Pamplona pone a disposici\u00f3n de los partidos pol\u00edticos y coaliciones cuatro locales municipales para su uso durante la pr\u00f3xima campa\u00f1a electoral para las elecciones generales del 23 de julio. La campa\u00f1a electoral se desarrollar\u00e1 del 7 al 21 de julio. Mediante Resoluci\u00f3n del Alcald\u00eda, el Ayuntamiento regula la cesi\u00f3n gratuita de esos espacios, as\u00ed como aspectos vinculados a la campa\u00f1a electoral como la publicidad en banderolas o marquesinas, el uso de megafon\u00eda o la organizaci\u00f3n de actos en v\u00eda p\u00fablica, entre otros aspectos.<br \/>\n<script async src=\"\/\/pagead2.googlesyndication.com\/pagead\/js\/adsbygoogle.js\"><\/script><br \/>\n<!-- Noticias La Guia de Pamplona --><br \/>\n<ins class=\"adsbygoogle\"\nstyle=\"display:block\"\ndata-ad-client=\"ca-pub-6943679897239327\"\ndata-ad-slot=\"7048180777\"\ndata-ad-format=\"auto\"><\/ins><br \/>\n<script>\n(adsbygoogle = window.adsbygoogle || []).push({});\n<\/script><\/p>\n<p>La Ley Org\u00e1nica del R\u00e9gimen Electoral General establece en varios art\u00edculos los cometidos de los ayuntamientos en relaci\u00f3n con la propaganda y los actos que se organizan durante la campa\u00f1a electoral. En ese periodo de campa\u00f1a, el Ayuntamiento de Pamplona cede para ese uso electoral el sal\u00f3n de actos del CPEIP Elorri de lunes a viernes por la ma\u00f1ana, de 9 a 14 horas; la sala de Calderer\u00eda todos los d\u00edas, de 9 a 14 horas y de 16 a 21 horas, y la sala Descalzos, del 14 al 21 de julio, de 9 a 14 y de 16 a 21 horas. A esos locales, se suma Civivox Condestable, a disposici\u00f3n de la Junta Electoral de Zona de Pamplona, del 9 al 15 de julio, de 9 a 14 horas, y del 17 al 21 de julio, de 9 a 14 horas y de 17 a 22 horas.<\/p>\n<p>Se pide a la Junta Electoral que a la mayor brevedad comunique al Ayuntamiento el resultado del reparto de los locales y que requiera a aquellos partidos pol\u00edticos y coaliciones que vayan a hacer uso de los mismos que lo avisen con al menos 72 horas de antelaci\u00f3n. Vista la peculiaridad de esta campa\u00f1a electoral, la resoluci\u00f3n incide en que deber\u00e1 tenerse en cuenta el calendario laboral de d\u00edas festivos aprobado para 2023 por el Ayuntamiento de Pamplona. Por ello, las autorizaciones o permisos espec\u00edficos que se soliciten para la celebraci\u00f3n de actos que se lleven a cabo entre el 6 y el 16 de julio deber\u00e1n solicitarse ante del 3 de julio.<br \/>\n<script async src=\"\/\/pagead2.googlesyndication.com\/pagead\/js\/adsbygoogle.js\"><\/script><br \/>\n<!-- Noticias La Guia de Pamplona --><br \/>\n<ins class=\"adsbygoogle\"\nstyle=\"display:block\"\ndata-ad-client=\"ca-pub-6943679897239327\"\ndata-ad-slot=\"7048180777\"\ndata-ad-format=\"auto\"><\/ins><br \/>\n<script>\n(adsbygoogle = window.adsbygoogle || []).push({});\n<\/script><\/p>\n<p><strong>Propaganda electoral y utilizaci\u00f3n de la v\u00eda p\u00fablica<\/strong><\/p>\n<p>El Ayuntamiento de Pamplona regula tambi\u00e9n el uso de las farolas para la colocaci\u00f3n de banderolas-soportes, as\u00ed como las condiciones t\u00e9cnicas y de seguridad para su instalaci\u00f3n. La adquisici\u00f3n e instalaci\u00f3n de estos soportes es por cuenta de los partidos pol\u00edticos o coaliciones. Asimismo, se ponen a disposici\u00f3n de la Junta Electoral las dos caras de los soportes laterales de las marquesinas del transporte urbano comarcal.<\/p>\n<p>La celebraci\u00f3n de actos de campa\u00f1a electoral en espacios p\u00fablicos se rige por lo dispuesto en la Ley Reguladora del Derecho de Reuni\u00f3n, siendo conveniente que las decisiones que se adopten al respecto por las Juntas Electorales competentes se comuniquen al Ayuntamiento para adoptar las disposiciones procedentes en materia de su competencia. Se aconseja que el horario de utilizaci\u00f3n de la v\u00eda p\u00fablica por fiestas, m\u00edtines o actos electorales similares no sobrepase las 12 de la noche los d\u00edas laborables y la 1 de la madrugada los festivos y sus v\u00edsperas, para evitar molestias al vecindario.<br \/>\n<script async src=\"\/\/pagead2.googlesyndication.com\/pagead\/js\/adsbygoogle.js\"><\/script><br \/>\n<!-- Noticias La Guia de Pamplona --><br \/>\n<ins class=\"adsbygoogle\"\nstyle=\"display:block\"\ndata-ad-client=\"ca-pub-6943679897239327\"\ndata-ad-slot=\"7048180777\"\ndata-ad-format=\"auto\"><\/ins><br \/>\n<script>\n(adsbygoogle = window.adsbygoogle || []).push({});\n<\/script><\/p>\n<p>El Ayuntamiento autoriza a los partidos y coaliciones que concurran a las elecciones a utilizar megafon\u00eda en autom\u00f3viles, en el horario comprendido entre las 11 y las 21 horas durante los d\u00edas de campa\u00f1a electoral. Previamente se comprobar\u00e1 de que la emisi\u00f3n no supere los 90 dBA a 5 metros de distancia. La resoluci\u00f3n determina tambi\u00e9n que quienes soliciten los actos y la utilizaci\u00f3n de instalaciones responder\u00e1n de la limpieza y vendr\u00e1n obligados a la reposici\u00f3n de los espacios y elementos concedidos al estado en que se encontraban, pudiendo el Ayuntamiento repercutir los gastos que se le produzcan en ejecuci\u00f3n sustitutoria.<\/p>\n","protected":false},"excerpt":{"rendered":"<p>Una Resoluci\u00f3n de Alcald\u00eda traslada los cometidos que la Ley Org\u00e1nica del R\u00e9gimen Electoral establece para los ayuntamientos<\/p>\n","protected":false},"author":1,"featured_media":47162,"comment_status":"open","ping_status":"closed","sticky":false,"template":"","format":"standard","meta":{"footnotes":""},"categories":[2],"tags":[],"class_list":["post-47161","post","type-post","status-publish","format-standard","has-post-thumbnail","hentry","category-ayuntamiento-pamplona"],"yoast_head":"<!-- This site is optimized with the Yoast SEO plugin v27.3 - https:\/\/yoast.com\/product\/yoast-seo-wordpress\/ -->\n<title>El Ayuntamiento cede gratuitamente cuatro locales municipales para acoger actos de la pr\u00f3xima campa\u00f1a electoral<\/title>\n<meta name=\"description\" content=\"Una Resoluci\u00f3n de Alcald\u00eda traslada los cometidos que la Ley Org\u00e1nica del R\u00e9gimen Electoral establece para los ayuntamientos\" \/>\n<meta name=\"robots\" content=\"index, follow, max-snippet:-1, max-image-preview:large, max-video-preview:-1\" \/>\n<link rel=\"canonical\" href=\"https:\/\/www.laguiadepamplona.com\/actualidad\/el-ayuntamiento-cede-gratuitamente-cuatro-locales-municipales-para-acoger-actos-de-la-proxima-campana-electoral\/\" \/>\n<meta property=\"og:locale\" content=\"es_ES\" \/>\n<meta property=\"og:type\" content=\"article\" \/>\n<meta property=\"og:title\" content=\"El Ayuntamiento cede gratuitamente cuatro locales municipales para acoger actos de la pr\u00f3xima campa\u00f1a electoral\" \/>\n<meta property=\"og:description\" content=\"Una Resoluci\u00f3n de Alcald\u00eda traslada los cometidos que la Ley Org\u00e1nica del R\u00e9gimen Electoral establece para los ayuntamientos\" \/>\n<meta property=\"og:url\" content=\"https:\/\/www.laguiadepamplona.com\/actualidad\/el-ayuntamiento-cede-gratuitamente-cuatro-locales-municipales-para-acoger-actos-de-la-proxima-campana-electoral\/\" \/>\n<meta property=\"og:site_name\" content=\"La Gu\u00eda de Pamplona\" \/>\n<meta property=\"article:publisher\" content=\"https:\/\/www.facebook.com\/laguiadepamplonacom-133175176762273\/?ref=hl\" \/>\n<meta property=\"article:published_time\" content=\"2023-06-27T14:24:38+00:00\" \/>\n<meta property=\"og:image\" content=\"https:\/\/www.laguiadepamplona.com\/actualidad\/wp-content\/uploads\/2023\/06\/locales-municipales.webp\" \/>\n\t<meta property=\"og:image:width\" content=\"1600\" \/>\n\t<meta property=\"og:image:height\" content=\"1065\" \/>\n\t<meta property=\"og:image:type\" content=\"image\/webp\" \/>\n<meta name=\"author\" content=\"La Gu\u00eda de Pamplona\" \/>\n<meta name=\"twitter:card\" content=\"summary_large_image\" \/>\n<meta name=\"twitter:creator\" content=\"@LaGuiadPamplona\" \/>\n<meta name=\"twitter:site\" content=\"@LaGuiadPamplona\" \/>\n<meta name=\"twitter:label1\" content=\"Escrito por\" \/>\n\t<meta name=\"twitter:data1\" content=\"La Gu\u00eda de Pamplona\" \/>\n\t<meta name=\"twitter:label2\" content=\"Tiempo de lectura\" \/>\n\t<meta name=\"twitter:data2\" content=\"3 minutos\" \/>\n<script type=\"application\/ld+json\" class=\"yoast-schema-graph\">{\"@context\":\"https:\\\/\\\/schema.org\",\"@graph\":[{\"@type\":\"Article\",\"@id\":\"https:\\\/\\\/www.laguiadepamplona.com\\\/actualidad\\\/el-ayuntamiento-cede-gratuitamente-cuatro-locales-municipales-para-acoger-actos-de-la-proxima-campana-electoral\\\/#article\",\"isPartOf\":{\"@id\":\"https:\\\/\\\/www.laguiadepamplona.com\\\/actualidad\\\/el-ayuntamiento-cede-gratuitamente-cuatro-locales-municipales-para-acoger-actos-de-la-proxima-campana-electoral\\\/\"},\"author\":{\"name\":\"La Gu\u00eda de Pamplona\",\"@id\":\"https:\\\/\\\/www.laguiadepamplona.com\\\/actualidad\\\/#\\\/schema\\\/person\\\/efe887376f0213d4657c93adc50b1fdb\"},\"headline\":\"El Ayuntamiento cede gratuitamente cuatro locales municipales para acoger actos de la pr\u00f3xima campa\u00f1a electoral\",\"datePublished\":\"2023-06-27T14:24:38+00:00\",\"mainEntityOfPage\":{\"@id\":\"https:\\\/\\\/www.laguiadepamplona.com\\\/actualidad\\\/el-ayuntamiento-cede-gratuitamente-cuatro-locales-municipales-para-acoger-actos-de-la-proxima-campana-electoral\\\/\"},\"wordCount\":686,\"commentCount\":0,\"publisher\":{\"@id\":\"https:\\\/\\\/www.laguiadepamplona.com\\\/actualidad\\\/#organization\"},\"image\":{\"@id\":\"https:\\\/\\\/www.laguiadepamplona.com\\\/actualidad\\\/el-ayuntamiento-cede-gratuitamente-cuatro-locales-municipales-para-acoger-actos-de-la-proxima-campana-electoral\\\/#primaryimage\"},\"thumbnailUrl\":\"https:\\\/\\\/www.laguiadepamplona.com\\\/actualidad\\\/wp-content\\\/uploads\\\/2023\\\/06\\\/locales-municipales.webp\",\"articleSection\":[\"Ayto Pamplona\"],\"inLanguage\":\"es\",\"potentialAction\":[{\"@type\":\"CommentAction\",\"name\":\"Comment\",\"target\":[\"https:\\\/\\\/www.laguiadepamplona.com\\\/actualidad\\\/el-ayuntamiento-cede-gratuitamente-cuatro-locales-municipales-para-acoger-actos-de-la-proxima-campana-electoral\\\/#respond\"]}]},{\"@type\":\"WebPage\",\"@id\":\"https:\\\/\\\/www.laguiadepamplona.com\\\/actualidad\\\/el-ayuntamiento-cede-gratuitamente-cuatro-locales-municipales-para-acoger-actos-de-la-proxima-campana-electoral\\\/\",\"url\":\"https:\\\/\\\/www.laguiadepamplona.com\\\/actualidad\\\/el-ayuntamiento-cede-gratuitamente-cuatro-locales-municipales-para-acoger-actos-de-la-proxima-campana-electoral\\\/\",\"name\":\"El Ayuntamiento cede gratuitamente cuatro locales municipales para acoger actos de la pr\u00f3xima campa\u00f1a electoral\",\"isPartOf\":{\"@id\":\"https:\\\/\\\/www.laguiadepamplona.com\\\/actualidad\\\/#website\"},\"primaryImageOfPage\":{\"@id\":\"https:\\\/\\\/www.laguiadepamplona.com\\\/actualidad\\\/el-ayuntamiento-cede-gratuitamente-cuatro-locales-municipales-para-acoger-actos-de-la-proxima-campana-electoral\\\/#primaryimage\"},\"image\":{\"@id\":\"https:\\\/\\\/www.laguiadepamplona.com\\\/actualidad\\\/el-ayuntamiento-cede-gratuitamente-cuatro-locales-municipales-para-acoger-actos-de-la-proxima-campana-electoral\\\/#primaryimage\"},\"thumbnailUrl\":\"https:\\\/\\\/www.laguiadepamplona.com\\\/actualidad\\\/wp-content\\\/uploads\\\/2023\\\/06\\\/locales-municipales.webp\",\"datePublished\":\"2023-06-27T14:24:38+00:00\",\"description\":\"Una Resoluci\u00f3n de Alcald\u00eda traslada los cometidos que la Ley Org\u00e1nica del R\u00e9gimen Electoral establece para los ayuntamientos\",\"breadcrumb\":{\"@id\":\"https:\\\/\\\/www.laguiadepamplona.com\\\/actualidad\\\/el-ayuntamiento-cede-gratuitamente-cuatro-locales-municipales-para-acoger-actos-de-la-proxima-campana-electoral\\\/#breadcrumb\"},\"inLanguage\":\"es\",\"potentialAction\":[{\"@type\":\"ReadAction\",\"target\":[\"https:\\\/\\\/www.laguiadepamplona.com\\\/actualidad\\\/el-ayuntamiento-cede-gratuitamente-cuatro-locales-municipales-para-acoger-actos-de-la-proxima-campana-electoral\\\/\"]}]},{\"@type\":\"ImageObject\",\"inLanguage\":\"es\",\"@id\":\"https:\\\/\\\/www.laguiadepamplona.com\\\/actualidad\\\/el-ayuntamiento-cede-gratuitamente-cuatro-locales-municipales-para-acoger-actos-de-la-proxima-campana-electoral\\\/#primaryimage\",\"url\":\"https:\\\/\\\/www.laguiadepamplona.com\\\/actualidad\\\/wp-content\\\/uploads\\\/2023\\\/06\\\/locales-municipales.webp\",\"contentUrl\":\"https:\\\/\\\/www.laguiadepamplona.com\\\/actualidad\\\/wp-content\\\/uploads\\\/2023\\\/06\\\/locales-municipales.webp\",\"width\":1600,\"height\":1065},{\"@type\":\"BreadcrumbList\",\"@id\":\"https:\\\/\\\/www.laguiadepamplona.com\\\/actualidad\\\/el-ayuntamiento-cede-gratuitamente-cuatro-locales-municipales-para-acoger-actos-de-la-proxima-campana-electoral\\\/#breadcrumb\",\"itemListElement\":[{\"@type\":\"ListItem\",\"position\":1,\"name\":\"Portada\",\"item\":\"https:\\\/\\\/www.laguiadepamplona.com\\\/actualidad\\\/\"},{\"@type\":\"ListItem\",\"position\":2,\"name\":\"El Ayuntamiento cede gratuitamente cuatro locales municipales para acoger actos de la pr\u00f3xima campa\u00f1a electoral\"}]},{\"@type\":\"WebSite\",\"@id\":\"https:\\\/\\\/www.laguiadepamplona.com\\\/actualidad\\\/#website\",\"url\":\"https:\\\/\\\/www.laguiadepamplona.com\\\/actualidad\\\/\",\"name\":\"La gu\u00eda de Pamplona\",\"description\":\"Noticias de Pamplona\",\"publisher\":{\"@id\":\"https:\\\/\\\/www.laguiadepamplona.com\\\/actualidad\\\/#organization\"},\"potentialAction\":[{\"@type\":\"SearchAction\",\"target\":{\"@type\":\"EntryPoint\",\"urlTemplate\":\"https:\\\/\\\/www.laguiadepamplona.com\\\/actualidad\\\/?s={search_term_string}\"},\"query-input\":{\"@type\":\"PropertyValueSpecification\",\"valueRequired\":true,\"valueName\":\"search_term_string\"}}],\"inLanguage\":\"es\"},{\"@type\":\"Organization\",\"@id\":\"https:\\\/\\\/www.laguiadepamplona.com\\\/actualidad\\\/#organization\",\"name\":\"La Gu\u00eda de Pamplona \\\/ Noticias\",\"url\":\"https:\\\/\\\/www.laguiadepamplona.com\\\/actualidad\\\/\",\"logo\":{\"@type\":\"ImageObject\",\"inLanguage\":\"es\",\"@id\":\"https:\\\/\\\/www.laguiadepamplona.com\\\/actualidad\\\/#\\\/schema\\\/logo\\\/image\\\/\",\"url\":\"https:\\\/\\\/www.laguiadepamplona.com\\\/actualidad\\\/wp-content\\\/uploads\\\/2018\\\/11\\\/logo-laguiadepamplona18-web1.png\",\"contentUrl\":\"https:\\\/\\\/www.laguiadepamplona.com\\\/actualidad\\\/wp-content\\\/uploads\\\/2018\\\/11\\\/logo-laguiadepamplona18-web1.png\",\"width\":600,\"height\":196,\"caption\":\"La Gu\u00eda de Pamplona \\\/ Noticias\"},\"image\":{\"@id\":\"https:\\\/\\\/www.laguiadepamplona.com\\\/actualidad\\\/#\\\/schema\\\/logo\\\/image\\\/\"},\"sameAs\":[\"https:\\\/\\\/www.facebook.com\\\/laguiadepamplonacom-133175176762273\\\/?ref=hl\",\"https:\\\/\\\/x.com\\\/LaGuiadPamplona\",\"https:\\\/\\\/www.instagram.com\\\/la_guia_de_pamplona\\\/\",\"https:\\\/\\\/www.youtube.com\\\/user\\\/laguiadepamplona\"]},{\"@type\":\"Person\",\"@id\":\"https:\\\/\\\/www.laguiadepamplona.com\\\/actualidad\\\/#\\\/schema\\\/person\\\/efe887376f0213d4657c93adc50b1fdb\",\"name\":\"La Gu\u00eda de Pamplona\",\"image\":{\"@type\":\"ImageObject\",\"inLanguage\":\"es\",\"@id\":\"https:\\\/\\\/secure.gravatar.com\\\/avatar\\\/b6992f131dc8d30ab0dff15446e9d346d9dbd95992de0fef795073f5ea83a81c?s=96&d=mm&r=g\",\"url\":\"https:\\\/\\\/secure.gravatar.com\\\/avatar\\\/b6992f131dc8d30ab0dff15446e9d346d9dbd95992de0fef795073f5ea83a81c?s=96&d=mm&r=g\",\"contentUrl\":\"https:\\\/\\\/secure.gravatar.com\\\/avatar\\\/b6992f131dc8d30ab0dff15446e9d346d9dbd95992de0fef795073f5ea83a81c?s=96&d=mm&r=g\",\"caption\":\"La Gu\u00eda de Pamplona\"}}]}<\/script>\n<!-- \/ Yoast SEO plugin. -->","yoast_head_json":{"title":"El Ayuntamiento cede gratuitamente cuatro locales municipales para acoger actos de la pr\u00f3xima campa\u00f1a electoral","description":"Una Resoluci\u00f3n de Alcald\u00eda traslada los cometidos que la Ley Org\u00e1nica del R\u00e9gimen Electoral establece para los ayuntamientos","robots":{"index":"index","follow":"follow","max-snippet":"max-snippet:-1","max-image-preview":"max-image-preview:large","max-video-preview":"max-video-preview:-1"},"canonical":"https:\/\/www.laguiadepamplona.com\/actualidad\/el-ayuntamiento-cede-gratuitamente-cuatro-locales-municipales-para-acoger-actos-de-la-proxima-campana-electoral\/","og_locale":"es_ES","og_type":"article","og_title":"El Ayuntamiento cede gratuitamente cuatro locales municipales para acoger actos de la pr\u00f3xima campa\u00f1a electoral","og_description":"Una Resoluci\u00f3n de Alcald\u00eda traslada los cometidos que la Ley Org\u00e1nica del R\u00e9gimen Electoral establece para los ayuntamientos","og_url":"https:\/\/www.laguiadepamplona.com\/actualidad\/el-ayuntamiento-cede-gratuitamente-cuatro-locales-municipales-para-acoger-actos-de-la-proxima-campana-electoral\/","og_site_name":"La Gu\u00eda de Pamplona","article_publisher":"https:\/\/www.facebook.com\/laguiadepamplonacom-133175176762273\/?ref=hl","article_published_time":"2023-06-27T14:24:38+00:00","og_image":[{"width":1600,"height":1065,"url":"https:\/\/www.laguiadepamplona.com\/actualidad\/wp-content\/uploads\/2023\/06\/locales-municipales.webp","type":"image\/webp"}],"author":"La Gu\u00eda de Pamplona","twitter_card":"summary_large_image","twitter_creator":"@LaGuiadPamplona","twitter_site":"@LaGuiadPamplona","twitter_misc":{"Escrito por":"La Gu\u00eda de Pamplona","Tiempo de lectura":"3 minutos"},"schema":{"@context":"https:\/\/schema.org","@graph":[{"@type":"Article","@id":"https:\/\/www.laguiadepamplona.com\/actualidad\/el-ayuntamiento-cede-gratuitamente-cuatro-locales-municipales-para-acoger-actos-de-la-proxima-campana-electoral\/#article","isPartOf":{"@id":"https:\/\/www.laguiadepamplona.com\/actualidad\/el-ayuntamiento-cede-gratuitamente-cuatro-locales-municipales-para-acoger-actos-de-la-proxima-campana-electoral\/"},"author":{"name":"La Gu\u00eda de Pamplona","@id":"https:\/\/www.laguiadepamplona.com\/actualidad\/#\/schema\/person\/efe887376f0213d4657c93adc50b1fdb"},"headline":"El Ayuntamiento cede gratuitamente cuatro locales municipales para acoger actos de la pr\u00f3xima campa\u00f1a electoral","datePublished":"2023-06-27T14:24:38+00:00","mainEntityOfPage":{"@id":"https:\/\/www.laguiadepamplona.com\/actualidad\/el-ayuntamiento-cede-gratuitamente-cuatro-locales-municipales-para-acoger-actos-de-la-proxima-campana-electoral\/"},"wordCount":686,"commentCount":0,"publisher":{"@id":"https:\/\/www.laguiadepamplona.com\/actualidad\/#organization"},"image":{"@id":"https:\/\/www.laguiadepamplona.com\/actualidad\/el-ayuntamiento-cede-gratuitamente-cuatro-locales-municipales-para-acoger-actos-de-la-proxima-campana-electoral\/#primaryimage"},"thumbnailUrl":"https:\/\/www.laguiadepamplona.com\/actualidad\/wp-content\/uploads\/2023\/06\/locales-municipales.webp","articleSection":["Ayto Pamplona"],"inLanguage":"es","potentialAction":[{"@type":"CommentAction","name":"Comment","target":["https:\/\/www.laguiadepamplona.com\/actualidad\/el-ayuntamiento-cede-gratuitamente-cuatro-locales-municipales-para-acoger-actos-de-la-proxima-campana-electoral\/#respond"]}]},{"@type":"WebPage","@id":"https:\/\/www.laguiadepamplona.com\/actualidad\/el-ayuntamiento-cede-gratuitamente-cuatro-locales-municipales-para-acoger-actos-de-la-proxima-campana-electoral\/","url":"https:\/\/www.laguiadepamplona.com\/actualidad\/el-ayuntamiento-cede-gratuitamente-cuatro-locales-municipales-para-acoger-actos-de-la-proxima-campana-electoral\/","name":"El Ayuntamiento cede gratuitamente cuatro locales municipales para acoger actos de la pr\u00f3xima campa\u00f1a electoral","isPartOf":{"@id":"https:\/\/www.laguiadepamplona.com\/actualidad\/#website"},"primaryImageOfPage":{"@id":"https:\/\/www.laguiadepamplona.com\/actualidad\/el-ayuntamiento-cede-gratuitamente-cuatro-locales-municipales-para-acoger-actos-de-la-proxima-campana-electoral\/#primaryimage"},"image":{"@id":"https:\/\/www.laguiadepamplona.com\/actualidad\/el-ayuntamiento-cede-gratuitamente-cuatro-locales-municipales-para-acoger-actos-de-la-proxima-campana-electoral\/#primaryimage"},"thumbnailUrl":"https:\/\/www.laguiadepamplona.com\/actualidad\/wp-content\/uploads\/2023\/06\/locales-municipales.webp","datePublished":"2023-06-27T14:24:38+00:00","description":"Una Resoluci\u00f3n de Alcald\u00eda traslada los cometidos que la Ley Org\u00e1nica del R\u00e9gimen Electoral establece para los ayuntamientos","breadcrumb":{"@id":"https:\/\/www.laguiadepamplona.com\/actualidad\/el-ayuntamiento-cede-gratuitamente-cuatro-locales-municipales-para-acoger-actos-de-la-proxima-campana-electoral\/#breadcrumb"},"inLanguage":"es","potentialAction":[{"@type":"ReadAction","target":["https:\/\/www.laguiadepamplona.com\/actualidad\/el-ayuntamiento-cede-gratuitamente-cuatro-locales-municipales-para-acoger-actos-de-la-proxima-campana-electoral\/"]}]},{"@type":"ImageObject","inLanguage":"es","@id":"https:\/\/www.laguiadepamplona.com\/actualidad\/el-ayuntamiento-cede-gratuitamente-cuatro-locales-municipales-para-acoger-actos-de-la-proxima-campana-electoral\/#primaryimage","url":"https:\/\/www.laguiadepamplona.com\/actualidad\/wp-content\/uploads\/2023\/06\/locales-municipales.webp","contentUrl":"https:\/\/www.laguiadepamplona.com\/actualidad\/wp-content\/uploads\/2023\/06\/locales-municipales.webp","width":1600,"height":1065},{"@type":"BreadcrumbList","@id":"https:\/\/www.laguiadepamplona.com\/actualidad\/el-ayuntamiento-cede-gratuitamente-cuatro-locales-municipales-para-acoger-actos-de-la-proxima-campana-electoral\/#breadcrumb","itemListElement":[{"@type":"ListItem","position":1,"name":"Portada","item":"https:\/\/www.laguiadepamplona.com\/actualidad\/"},{"@type":"ListItem","position":2,"name":"El Ayuntamiento cede gratuitamente cuatro locales municipales para acoger actos de la pr\u00f3xima campa\u00f1a electoral"}]},{"@type":"WebSite","@id":"https:\/\/www.laguiadepamplona.com\/actualidad\/#website","url":"https:\/\/www.laguiadepamplona.com\/actualidad\/","name":"La gu\u00eda de Pamplona","description":"Noticias de Pamplona","publisher":{"@id":"https:\/\/www.laguiadepamplona.com\/actualidad\/#organization"},"potentialAction":[{"@type":"SearchAction","target":{"@type":"EntryPoint","urlTemplate":"https:\/\/www.laguiadepamplona.com\/actualidad\/?s={search_term_string}"},"query-input":{"@type":"PropertyValueSpecification","valueRequired":true,"valueName":"search_term_string"}}],"inLanguage":"es"},{"@type":"Organization","@id":"https:\/\/www.laguiadepamplona.com\/actualidad\/#organization","name":"La Gu\u00eda de Pamplona \/ Noticias","url":"https:\/\/www.laguiadepamplona.com\/actualidad\/","logo":{"@type":"ImageObject","inLanguage":"es","@id":"https:\/\/www.laguiadepamplona.com\/actualidad\/#\/schema\/logo\/image\/","url":"https:\/\/www.laguiadepamplona.com\/actualidad\/wp-content\/uploads\/2018\/11\/logo-laguiadepamplona18-web1.png","contentUrl":"https:\/\/www.laguiadepamplona.com\/actualidad\/wp-content\/uploads\/2018\/11\/logo-laguiadepamplona18-web1.png","width":600,"height":196,"caption":"La Gu\u00eda de Pamplona \/ Noticias"},"image":{"@id":"https:\/\/www.laguiadepamplona.com\/actualidad\/#\/schema\/logo\/image\/"},"sameAs":["https:\/\/www.facebook.com\/laguiadepamplonacom-133175176762273\/?ref=hl","https:\/\/x.com\/LaGuiadPamplona","https:\/\/www.instagram.com\/la_guia_de_pamplona\/","https:\/\/www.youtube.com\/user\/laguiadepamplona"]},{"@type":"Person","@id":"https:\/\/www.laguiadepamplona.com\/actualidad\/#\/schema\/person\/efe887376f0213d4657c93adc50b1fdb","name":"La Gu\u00eda de Pamplona","image":{"@type":"ImageObject","inLanguage":"es","@id":"https:\/\/secure.gravatar.com\/avatar\/b6992f131dc8d30ab0dff15446e9d346d9dbd95992de0fef795073f5ea83a81c?s=96&d=mm&r=g","url":"https:\/\/secure.gravatar.com\/avatar\/b6992f131dc8d30ab0dff15446e9d346d9dbd95992de0fef795073f5ea83a81c?s=96&d=mm&r=g","contentUrl":"https:\/\/secure.gravatar.com\/avatar\/b6992f131dc8d30ab0dff15446e9d346d9dbd95992de0fef795073f5ea83a81c?s=96&d=mm&r=g","caption":"La Gu\u00eda de Pamplona"}}]}},"post_mailing_queue_ids":[],"_links":{"self":[{"href":"https:\/\/www.laguiadepamplona.com\/actualidad\/wp-json\/wp\/v2\/posts\/47161","targetHints":{"allow":["GET"]}}],"collection":[{"href":"https:\/\/www.laguiadepamplona.com\/actualidad\/wp-json\/wp\/v2\/posts"}],"about":[{"href":"https:\/\/www.laguiadepamplona.com\/actualidad\/wp-json\/wp\/v2\/types\/post"}],"author":[{"embeddable":true,"href":"https:\/\/www.laguiadepamplona.com\/actualidad\/wp-json\/wp\/v2\/users\/1"}],"replies":[{"embeddable":true,"href":"https:\/\/www.laguiadepamplona.com\/actualidad\/wp-json\/wp\/v2\/comments?post=47161"}],"version-history":[{"count":1,"href":"https:\/\/www.laguiadepamplona.com\/actualidad\/wp-json\/wp\/v2\/posts\/47161\/revisions"}],"predecessor-version":[{"id":47163,"href":"https:\/\/www.laguiadepamplona.com\/actualidad\/wp-json\/wp\/v2\/posts\/47161\/revisions\/47163"}],"wp:featuredmedia":[{"embeddable":true,"href":"https:\/\/www.laguiadepamplona.com\/actualidad\/wp-json\/wp\/v2\/media\/47162"}],"wp:attachment":[{"href":"https:\/\/www.laguiadepamplona.com\/actualidad\/wp-json\/wp\/v2\/media?parent=47161"}],"wp:term":[{"taxonomy":"category","embeddable":true,"href":"https:\/\/www.laguiadepamplona.com\/actualidad\/wp-json\/wp\/v2\/categories?post=47161"},{"taxonomy":"post_tag","embeddable":true,"href":"https:\/\/www.laguiadepamplona.com\/actualidad\/wp-json\/wp\/v2\/tags?post=47161"}],"curies":[{"name":"wp","href":"https:\/\/api.w.org\/{rel}","templated":true}]}}