{"id":47154,"date":"2023-06-26T17:09:56","date_gmt":"2023-06-26T15:09:56","guid":{"rendered":"https:\/\/www.laguiadepamplona.com\/actualidad\/?p=47154"},"modified":"2023-06-26T17:09:56","modified_gmt":"2023-06-26T15:09:56","slug":"la-alcaldesa-cristina-ibarrola-perfila-la-organizacion-del-area-de-alcaldia-con-dos-nuevos-nombramientos","status":"publish","type":"post","link":"https:\/\/www.laguiadepamplona.com\/actualidad\/la-alcaldesa-cristina-ibarrola-perfila-la-organizacion-del-area-de-alcaldia-con-dos-nuevos-nombramientos\/","title":{"rendered":"La alcaldesa Cristina Ibarrola perfila la organizaci\u00f3n del \u00e1rea de Alcald\u00eda con dos nuevos nombramientos"},"content":{"rendered":"<h2>Javier Roncal\u00e9s P\u00e9rez ocupar\u00e1 el cargo de director del \u00e1rea y Paula D\u00edaz Echalecu ser\u00e1 la nueva jefa de protocolo<\/h2>\n<p><!--more--><\/p>\n<p>La Junta de Gobierno Local del Ayuntamiento de Pamplona ha aprobado en su sesi\u00f3n de hoy el nombramiento de Javier Roncal\u00e9s P\u00e9rez como nuevo director del \u00e1rea de Alcald\u00eda. Adem\u00e1s, por decreto de alcald\u00eda, se ha acordado tambi\u00e9n asignar la jefatura de protocolo a Paula D\u00edaz Echalecu. De esta forma, la alcaldesa Cristina Ibarrola comienza a perfilar la organizaci\u00f3n municipal.<br \/>\n<script async src=\"\/\/pagead2.googlesyndication.com\/pagead\/js\/adsbygoogle.js\"><\/script><br \/>\n<!-- Noticias La Guia de Pamplona --><br \/>\n<ins class=\"adsbygoogle\"\nstyle=\"display:block\"\ndata-ad-client=\"ca-pub-6943679897239327\"\ndata-ad-slot=\"7048180777\"\ndata-ad-format=\"auto\"><\/ins><br \/>\n<script>\n(adsbygoogle = window.adsbygoogle || []).push({});\n<\/script><\/p>\n<p>Javier Roncal\u00e9s (Pamplona, 1979) es licenciado en Comunicaci\u00f3n Audiovisual por la Universidad de Navarra y cuenta, adem\u00e1s, con un m\u00e1ster en Comunicaci\u00f3n Empresarial y Publicidad y un MBA en la especializaci\u00f3n en marketing.\u00a0 Con m\u00e1s de veinte a\u00f1os de experiencia en el mundo de la comunicaci\u00f3n, ha ejercido en distintos medios, agencias de comunicaci\u00f3n, instituciones y empresas, como Marca, BSB Comunicaci\u00f3n, Villa Mcluhan Comunicaci\u00f3n, Laboratorios Cinfa, adem\u00e1s del Centro Nacional de Tecnolog\u00eda y Seguridad Alimentaria (CNTA) y Gobierno de Navarra. Llega al Ayuntamiento de Pamplona tras dos a\u00f1os como responsable de comunicaci\u00f3n de IED y de marketing en Frisa.<br \/>\n<script async src=\"\/\/pagead2.googlesyndication.com\/pagead\/js\/adsbygoogle.js\"><\/script><br \/>\n<!-- Noticias La Guia de Pamplona --><br \/>\n<ins class=\"adsbygoogle\"\nstyle=\"display:block\"\ndata-ad-client=\"ca-pub-6943679897239327\"\ndata-ad-slot=\"7048180777\"\ndata-ad-format=\"auto\"><\/ins><br \/>\n<script>\n(adsbygoogle = window.adsbygoogle || []).push({});\n<\/script><\/p>\n<p>Por su parte, Paula D\u00edaz Echalecu (Pamplona, 1980) asume las funciones de protocolo en el Ayuntamiento. Diplomada en Empresariales por la Universidad P\u00fablica de Navarra, cuenta con un m\u00e1ster en Direcci\u00f3n de Marketing. Es, adem\u00e1s, experta en organizaci\u00f3n de eventos y protocolo, diplomada en agente de eventos culturales y de ocio y diplomada en Chief Happines Officer y Felicidad Laboral. Asimismo, cuenta con el Curso de Adaptaci\u00f3n Pedag\u00f3gica (CAP) y es profesora titular de Marketing en la Escuela de Negocios de Navarra-Foro Europeo, profesora de Creatividad en ESIC Business School y en la Confederaci\u00f3n Empresarial Navarra. Ha sido emprendedora de varios proyectos empresariales para la gesti\u00f3n de eventos y estrategia empresarial, como Lemon Milk Brand Mate y Grupo Criteria. Desde estas empresas, ha desarrollado trabajos de protocolo, eventos e imagen y comunicaci\u00f3n para marcas como Hilton, Coca Cola, Red Bull, la Federaci\u00f3n Espa\u00f1ola de Hoteler\u00eda y Hosteler\u00eda, ACR, Ferrari, KFC, Azkoyen y varias federaciones espa\u00f1olas deportivas.<\/p>\n","protected":false},"excerpt":{"rendered":"<p>Javier Roncal\u00e9s P\u00e9rez ocupar\u00e1 el cargo de director del \u00e1rea y Paula D\u00edaz Echalecu ser\u00e1 la nueva jefa de protocolo<\/p>\n","protected":false},"author":1,"featured_media":47155,"comment_status":"open","ping_status":"closed","sticky":false,"template":"","format":"standard","meta":{"footnotes":""},"categories":[2],"tags":[],"class_list":["post-47154","post","type-post","status-publish","format-standard","has-post-thumbnail","hentry","category-ayuntamiento-pamplona"],"yoast_head":"<!-- This site is optimized with the Yoast SEO plugin v27.3 - https:\/\/yoast.com\/product\/yoast-seo-wordpress\/ -->\n<title>La alcaldesa Cristina Ibarrola perfila la organizaci\u00f3n del \u00e1rea de Alcald\u00eda con dos nuevos nombramientos<\/title>\n<meta name=\"description\" content=\"Javier Roncal\u00e9s P\u00e9rez ocupar\u00e1 el cargo de director del \u00e1rea y Paula D\u00edaz Echalecu ser\u00e1 la nueva jefa de protocolo\" \/>\n<meta name=\"robots\" content=\"index, follow, max-snippet:-1, max-image-preview:large, max-video-preview:-1\" \/>\n<link rel=\"canonical\" href=\"https:\/\/www.laguiadepamplona.com\/actualidad\/la-alcaldesa-cristina-ibarrola-perfila-la-organizacion-del-area-de-alcaldia-con-dos-nuevos-nombramientos\/\" \/>\n<meta property=\"og:locale\" content=\"es_ES\" \/>\n<meta property=\"og:type\" content=\"article\" \/>\n<meta property=\"og:title\" content=\"La alcaldesa Cristina Ibarrola perfila la organizaci\u00f3n del \u00e1rea de Alcald\u00eda con dos nuevos nombramientos\" \/>\n<meta property=\"og:description\" content=\"Javier Roncal\u00e9s P\u00e9rez ocupar\u00e1 el cargo de director del \u00e1rea y Paula D\u00edaz Echalecu ser\u00e1 la nueva jefa de protocolo\" \/>\n<meta property=\"og:url\" content=\"https:\/\/www.laguiadepamplona.com\/actualidad\/la-alcaldesa-cristina-ibarrola-perfila-la-organizacion-del-area-de-alcaldia-con-dos-nuevos-nombramientos\/\" \/>\n<meta property=\"og:site_name\" content=\"La Gu\u00eda de Pamplona\" \/>\n<meta property=\"article:publisher\" content=\"https:\/\/www.facebook.com\/laguiadepamplonacom-133175176762273\/?ref=hl\" \/>\n<meta property=\"article:published_time\" content=\"2023-06-26T15:09:56+00:00\" \/>\n<meta property=\"og:image\" content=\"https:\/\/www.laguiadepamplona.com\/actualidad\/wp-content\/uploads\/2023\/06\/javier-roncales-paula-diaz.jpg\" \/>\n\t<meta property=\"og:image:width\" content=\"490\" \/>\n\t<meta property=\"og:image:height\" content=\"300\" \/>\n\t<meta property=\"og:image:type\" content=\"image\/jpeg\" \/>\n<meta name=\"author\" content=\"La Gu\u00eda de Pamplona\" \/>\n<meta name=\"twitter:card\" content=\"summary_large_image\" \/>\n<meta name=\"twitter:creator\" content=\"@LaGuiadPamplona\" \/>\n<meta name=\"twitter:site\" content=\"@LaGuiadPamplona\" \/>\n<meta name=\"twitter:label1\" content=\"Escrito por\" \/>\n\t<meta name=\"twitter:data1\" content=\"La Gu\u00eda de Pamplona\" \/>\n\t<meta name=\"twitter:label2\" content=\"Tiempo de lectura\" \/>\n\t<meta name=\"twitter:data2\" content=\"2 minutos\" \/>\n<script type=\"application\/ld+json\" class=\"yoast-schema-graph\">{\"@context\":\"https:\\\/\\\/schema.org\",\"@graph\":[{\"@type\":\"Article\",\"@id\":\"https:\\\/\\\/www.laguiadepamplona.com\\\/actualidad\\\/la-alcaldesa-cristina-ibarrola-perfila-la-organizacion-del-area-de-alcaldia-con-dos-nuevos-nombramientos\\\/#article\",\"isPartOf\":{\"@id\":\"https:\\\/\\\/www.laguiadepamplona.com\\\/actualidad\\\/la-alcaldesa-cristina-ibarrola-perfila-la-organizacion-del-area-de-alcaldia-con-dos-nuevos-nombramientos\\\/\"},\"author\":{\"name\":\"La Gu\u00eda de Pamplona\",\"@id\":\"https:\\\/\\\/www.laguiadepamplona.com\\\/actualidad\\\/#\\\/schema\\\/person\\\/efe887376f0213d4657c93adc50b1fdb\"},\"headline\":\"La alcaldesa Cristina Ibarrola perfila la organizaci\u00f3n del \u00e1rea de Alcald\u00eda con dos nuevos nombramientos\",\"datePublished\":\"2023-06-26T15:09:56+00:00\",\"mainEntityOfPage\":{\"@id\":\"https:\\\/\\\/www.laguiadepamplona.com\\\/actualidad\\\/la-alcaldesa-cristina-ibarrola-perfila-la-organizacion-del-area-de-alcaldia-con-dos-nuevos-nombramientos\\\/\"},\"wordCount\":394,\"commentCount\":0,\"publisher\":{\"@id\":\"https:\\\/\\\/www.laguiadepamplona.com\\\/actualidad\\\/#organization\"},\"image\":{\"@id\":\"https:\\\/\\\/www.laguiadepamplona.com\\\/actualidad\\\/la-alcaldesa-cristina-ibarrola-perfila-la-organizacion-del-area-de-alcaldia-con-dos-nuevos-nombramientos\\\/#primaryimage\"},\"thumbnailUrl\":\"https:\\\/\\\/www.laguiadepamplona.com\\\/actualidad\\\/wp-content\\\/uploads\\\/2023\\\/06\\\/javier-roncales-paula-diaz.jpg\",\"articleSection\":[\"Ayto Pamplona\"],\"inLanguage\":\"es\",\"potentialAction\":[{\"@type\":\"CommentAction\",\"name\":\"Comment\",\"target\":[\"https:\\\/\\\/www.laguiadepamplona.com\\\/actualidad\\\/la-alcaldesa-cristina-ibarrola-perfila-la-organizacion-del-area-de-alcaldia-con-dos-nuevos-nombramientos\\\/#respond\"]}]},{\"@type\":\"WebPage\",\"@id\":\"https:\\\/\\\/www.laguiadepamplona.com\\\/actualidad\\\/la-alcaldesa-cristina-ibarrola-perfila-la-organizacion-del-area-de-alcaldia-con-dos-nuevos-nombramientos\\\/\",\"url\":\"https:\\\/\\\/www.laguiadepamplona.com\\\/actualidad\\\/la-alcaldesa-cristina-ibarrola-perfila-la-organizacion-del-area-de-alcaldia-con-dos-nuevos-nombramientos\\\/\",\"name\":\"La alcaldesa Cristina Ibarrola perfila la organizaci\u00f3n del \u00e1rea de Alcald\u00eda con dos nuevos nombramientos\",\"isPartOf\":{\"@id\":\"https:\\\/\\\/www.laguiadepamplona.com\\\/actualidad\\\/#website\"},\"primaryImageOfPage\":{\"@id\":\"https:\\\/\\\/www.laguiadepamplona.com\\\/actualidad\\\/la-alcaldesa-cristina-ibarrola-perfila-la-organizacion-del-area-de-alcaldia-con-dos-nuevos-nombramientos\\\/#primaryimage\"},\"image\":{\"@id\":\"https:\\\/\\\/www.laguiadepamplona.com\\\/actualidad\\\/la-alcaldesa-cristina-ibarrola-perfila-la-organizacion-del-area-de-alcaldia-con-dos-nuevos-nombramientos\\\/#primaryimage\"},\"thumbnailUrl\":\"https:\\\/\\\/www.laguiadepamplona.com\\\/actualidad\\\/wp-content\\\/uploads\\\/2023\\\/06\\\/javier-roncales-paula-diaz.jpg\",\"datePublished\":\"2023-06-26T15:09:56+00:00\",\"description\":\"Javier Roncal\u00e9s P\u00e9rez ocupar\u00e1 el cargo de director del \u00e1rea y Paula D\u00edaz Echalecu ser\u00e1 la nueva jefa de protocolo\",\"breadcrumb\":{\"@id\":\"https:\\\/\\\/www.laguiadepamplona.com\\\/actualidad\\\/la-alcaldesa-cristina-ibarrola-perfila-la-organizacion-del-area-de-alcaldia-con-dos-nuevos-nombramientos\\\/#breadcrumb\"},\"inLanguage\":\"es\",\"potentialAction\":[{\"@type\":\"ReadAction\",\"target\":[\"https:\\\/\\\/www.laguiadepamplona.com\\\/actualidad\\\/la-alcaldesa-cristina-ibarrola-perfila-la-organizacion-del-area-de-alcaldia-con-dos-nuevos-nombramientos\\\/\"]}]},{\"@type\":\"ImageObject\",\"inLanguage\":\"es\",\"@id\":\"https:\\\/\\\/www.laguiadepamplona.com\\\/actualidad\\\/la-alcaldesa-cristina-ibarrola-perfila-la-organizacion-del-area-de-alcaldia-con-dos-nuevos-nombramientos\\\/#primaryimage\",\"url\":\"https:\\\/\\\/www.laguiadepamplona.com\\\/actualidad\\\/wp-content\\\/uploads\\\/2023\\\/06\\\/javier-roncales-paula-diaz.jpg\",\"contentUrl\":\"https:\\\/\\\/www.laguiadepamplona.com\\\/actualidad\\\/wp-content\\\/uploads\\\/2023\\\/06\\\/javier-roncales-paula-diaz.jpg\",\"width\":490,\"height\":300,\"caption\":\"javier-paula\"},{\"@type\":\"BreadcrumbList\",\"@id\":\"https:\\\/\\\/www.laguiadepamplona.com\\\/actualidad\\\/la-alcaldesa-cristina-ibarrola-perfila-la-organizacion-del-area-de-alcaldia-con-dos-nuevos-nombramientos\\\/#breadcrumb\",\"itemListElement\":[{\"@type\":\"ListItem\",\"position\":1,\"name\":\"Portada\",\"item\":\"https:\\\/\\\/www.laguiadepamplona.com\\\/actualidad\\\/\"},{\"@type\":\"ListItem\",\"position\":2,\"name\":\"La alcaldesa Cristina Ibarrola perfila la organizaci\u00f3n del \u00e1rea de Alcald\u00eda con dos nuevos nombramientos\"}]},{\"@type\":\"WebSite\",\"@id\":\"https:\\\/\\\/www.laguiadepamplona.com\\\/actualidad\\\/#website\",\"url\":\"https:\\\/\\\/www.laguiadepamplona.com\\\/actualidad\\\/\",\"name\":\"La gu\u00eda de Pamplona\",\"description\":\"Noticias de Pamplona\",\"publisher\":{\"@id\":\"https:\\\/\\\/www.laguiadepamplona.com\\\/actualidad\\\/#organization\"},\"potentialAction\":[{\"@type\":\"SearchAction\",\"target\":{\"@type\":\"EntryPoint\",\"urlTemplate\":\"https:\\\/\\\/www.laguiadepamplona.com\\\/actualidad\\\/?s={search_term_string}\"},\"query-input\":{\"@type\":\"PropertyValueSpecification\",\"valueRequired\":true,\"valueName\":\"search_term_string\"}}],\"inLanguage\":\"es\"},{\"@type\":\"Organization\",\"@id\":\"https:\\\/\\\/www.laguiadepamplona.com\\\/actualidad\\\/#organization\",\"name\":\"La Gu\u00eda de Pamplona \\\/ Noticias\",\"url\":\"https:\\\/\\\/www.laguiadepamplona.com\\\/actualidad\\\/\",\"logo\":{\"@type\":\"ImageObject\",\"inLanguage\":\"es\",\"@id\":\"https:\\\/\\\/www.laguiadepamplona.com\\\/actualidad\\\/#\\\/schema\\\/logo\\\/image\\\/\",\"url\":\"https:\\\/\\\/www.laguiadepamplona.com\\\/actualidad\\\/wp-content\\\/uploads\\\/2018\\\/11\\\/logo-laguiadepamplona18-web1.png\",\"contentUrl\":\"https:\\\/\\\/www.laguiadepamplona.com\\\/actualidad\\\/wp-content\\\/uploads\\\/2018\\\/11\\\/logo-laguiadepamplona18-web1.png\",\"width\":600,\"height\":196,\"caption\":\"La Gu\u00eda de Pamplona \\\/ Noticias\"},\"image\":{\"@id\":\"https:\\\/\\\/www.laguiadepamplona.com\\\/actualidad\\\/#\\\/schema\\\/logo\\\/image\\\/\"},\"sameAs\":[\"https:\\\/\\\/www.facebook.com\\\/laguiadepamplonacom-133175176762273\\\/?ref=hl\",\"https:\\\/\\\/x.com\\\/LaGuiadPamplona\",\"https:\\\/\\\/www.instagram.com\\\/la_guia_de_pamplona\\\/\",\"https:\\\/\\\/www.youtube.com\\\/user\\\/laguiadepamplona\"]},{\"@type\":\"Person\",\"@id\":\"https:\\\/\\\/www.laguiadepamplona.com\\\/actualidad\\\/#\\\/schema\\\/person\\\/efe887376f0213d4657c93adc50b1fdb\",\"name\":\"La Gu\u00eda de Pamplona\",\"image\":{\"@type\":\"ImageObject\",\"inLanguage\":\"es\",\"@id\":\"https:\\\/\\\/secure.gravatar.com\\\/avatar\\\/b6992f131dc8d30ab0dff15446e9d346d9dbd95992de0fef795073f5ea83a81c?s=96&d=mm&r=g\",\"url\":\"https:\\\/\\\/secure.gravatar.com\\\/avatar\\\/b6992f131dc8d30ab0dff15446e9d346d9dbd95992de0fef795073f5ea83a81c?s=96&d=mm&r=g\",\"contentUrl\":\"https:\\\/\\\/secure.gravatar.com\\\/avatar\\\/b6992f131dc8d30ab0dff15446e9d346d9dbd95992de0fef795073f5ea83a81c?s=96&d=mm&r=g\",\"caption\":\"La Gu\u00eda de Pamplona\"}}]}<\/script>\n<!-- \/ Yoast SEO plugin. -->","yoast_head_json":{"title":"La alcaldesa Cristina Ibarrola perfila la organizaci\u00f3n del \u00e1rea de Alcald\u00eda con dos nuevos nombramientos","description":"Javier Roncal\u00e9s P\u00e9rez ocupar\u00e1 el cargo de director del \u00e1rea y Paula D\u00edaz Echalecu ser\u00e1 la nueva jefa de protocolo","robots":{"index":"index","follow":"follow","max-snippet":"max-snippet:-1","max-image-preview":"max-image-preview:large","max-video-preview":"max-video-preview:-1"},"canonical":"https:\/\/www.laguiadepamplona.com\/actualidad\/la-alcaldesa-cristina-ibarrola-perfila-la-organizacion-del-area-de-alcaldia-con-dos-nuevos-nombramientos\/","og_locale":"es_ES","og_type":"article","og_title":"La alcaldesa Cristina Ibarrola perfila la organizaci\u00f3n del \u00e1rea de Alcald\u00eda con dos nuevos nombramientos","og_description":"Javier Roncal\u00e9s P\u00e9rez ocupar\u00e1 el cargo de director del \u00e1rea y Paula D\u00edaz Echalecu ser\u00e1 la nueva jefa de protocolo","og_url":"https:\/\/www.laguiadepamplona.com\/actualidad\/la-alcaldesa-cristina-ibarrola-perfila-la-organizacion-del-area-de-alcaldia-con-dos-nuevos-nombramientos\/","og_site_name":"La Gu\u00eda de Pamplona","article_publisher":"https:\/\/www.facebook.com\/laguiadepamplonacom-133175176762273\/?ref=hl","article_published_time":"2023-06-26T15:09:56+00:00","og_image":[{"width":490,"height":300,"url":"https:\/\/www.laguiadepamplona.com\/actualidad\/wp-content\/uploads\/2023\/06\/javier-roncales-paula-diaz.jpg","type":"image\/jpeg"}],"author":"La Gu\u00eda de Pamplona","twitter_card":"summary_large_image","twitter_creator":"@LaGuiadPamplona","twitter_site":"@LaGuiadPamplona","twitter_misc":{"Escrito por":"La Gu\u00eda de Pamplona","Tiempo de lectura":"2 minutos"},"schema":{"@context":"https:\/\/schema.org","@graph":[{"@type":"Article","@id":"https:\/\/www.laguiadepamplona.com\/actualidad\/la-alcaldesa-cristina-ibarrola-perfila-la-organizacion-del-area-de-alcaldia-con-dos-nuevos-nombramientos\/#article","isPartOf":{"@id":"https:\/\/www.laguiadepamplona.com\/actualidad\/la-alcaldesa-cristina-ibarrola-perfila-la-organizacion-del-area-de-alcaldia-con-dos-nuevos-nombramientos\/"},"author":{"name":"La Gu\u00eda de Pamplona","@id":"https:\/\/www.laguiadepamplona.com\/actualidad\/#\/schema\/person\/efe887376f0213d4657c93adc50b1fdb"},"headline":"La alcaldesa Cristina Ibarrola perfila la organizaci\u00f3n del \u00e1rea de Alcald\u00eda con dos nuevos nombramientos","datePublished":"2023-06-26T15:09:56+00:00","mainEntityOfPage":{"@id":"https:\/\/www.laguiadepamplona.com\/actualidad\/la-alcaldesa-cristina-ibarrola-perfila-la-organizacion-del-area-de-alcaldia-con-dos-nuevos-nombramientos\/"},"wordCount":394,"commentCount":0,"publisher":{"@id":"https:\/\/www.laguiadepamplona.com\/actualidad\/#organization"},"image":{"@id":"https:\/\/www.laguiadepamplona.com\/actualidad\/la-alcaldesa-cristina-ibarrola-perfila-la-organizacion-del-area-de-alcaldia-con-dos-nuevos-nombramientos\/#primaryimage"},"thumbnailUrl":"https:\/\/www.laguiadepamplona.com\/actualidad\/wp-content\/uploads\/2023\/06\/javier-roncales-paula-diaz.jpg","articleSection":["Ayto Pamplona"],"inLanguage":"es","potentialAction":[{"@type":"CommentAction","name":"Comment","target":["https:\/\/www.laguiadepamplona.com\/actualidad\/la-alcaldesa-cristina-ibarrola-perfila-la-organizacion-del-area-de-alcaldia-con-dos-nuevos-nombramientos\/#respond"]}]},{"@type":"WebPage","@id":"https:\/\/www.laguiadepamplona.com\/actualidad\/la-alcaldesa-cristina-ibarrola-perfila-la-organizacion-del-area-de-alcaldia-con-dos-nuevos-nombramientos\/","url":"https:\/\/www.laguiadepamplona.com\/actualidad\/la-alcaldesa-cristina-ibarrola-perfila-la-organizacion-del-area-de-alcaldia-con-dos-nuevos-nombramientos\/","name":"La alcaldesa Cristina Ibarrola perfila la organizaci\u00f3n del \u00e1rea de Alcald\u00eda con dos nuevos nombramientos","isPartOf":{"@id":"https:\/\/www.laguiadepamplona.com\/actualidad\/#website"},"primaryImageOfPage":{"@id":"https:\/\/www.laguiadepamplona.com\/actualidad\/la-alcaldesa-cristina-ibarrola-perfila-la-organizacion-del-area-de-alcaldia-con-dos-nuevos-nombramientos\/#primaryimage"},"image":{"@id":"https:\/\/www.laguiadepamplona.com\/actualidad\/la-alcaldesa-cristina-ibarrola-perfila-la-organizacion-del-area-de-alcaldia-con-dos-nuevos-nombramientos\/#primaryimage"},"thumbnailUrl":"https:\/\/www.laguiadepamplona.com\/actualidad\/wp-content\/uploads\/2023\/06\/javier-roncales-paula-diaz.jpg","datePublished":"2023-06-26T15:09:56+00:00","description":"Javier Roncal\u00e9s P\u00e9rez ocupar\u00e1 el cargo de director del \u00e1rea y Paula D\u00edaz Echalecu ser\u00e1 la nueva jefa de protocolo","breadcrumb":{"@id":"https:\/\/www.laguiadepamplona.com\/actualidad\/la-alcaldesa-cristina-ibarrola-perfila-la-organizacion-del-area-de-alcaldia-con-dos-nuevos-nombramientos\/#breadcrumb"},"inLanguage":"es","potentialAction":[{"@type":"ReadAction","target":["https:\/\/www.laguiadepamplona.com\/actualidad\/la-alcaldesa-cristina-ibarrola-perfila-la-organizacion-del-area-de-alcaldia-con-dos-nuevos-nombramientos\/"]}]},{"@type":"ImageObject","inLanguage":"es","@id":"https:\/\/www.laguiadepamplona.com\/actualidad\/la-alcaldesa-cristina-ibarrola-perfila-la-organizacion-del-area-de-alcaldia-con-dos-nuevos-nombramientos\/#primaryimage","url":"https:\/\/www.laguiadepamplona.com\/actualidad\/wp-content\/uploads\/2023\/06\/javier-roncales-paula-diaz.jpg","contentUrl":"https:\/\/www.laguiadepamplona.com\/actualidad\/wp-content\/uploads\/2023\/06\/javier-roncales-paula-diaz.jpg","width":490,"height":300,"caption":"javier-paula"},{"@type":"BreadcrumbList","@id":"https:\/\/www.laguiadepamplona.com\/actualidad\/la-alcaldesa-cristina-ibarrola-perfila-la-organizacion-del-area-de-alcaldia-con-dos-nuevos-nombramientos\/#breadcrumb","itemListElement":[{"@type":"ListItem","position":1,"name":"Portada","item":"https:\/\/www.laguiadepamplona.com\/actualidad\/"},{"@type":"ListItem","position":2,"name":"La alcaldesa Cristina Ibarrola perfila la organizaci\u00f3n del \u00e1rea de Alcald\u00eda con dos nuevos nombramientos"}]},{"@type":"WebSite","@id":"https:\/\/www.laguiadepamplona.com\/actualidad\/#website","url":"https:\/\/www.laguiadepamplona.com\/actualidad\/","name":"La gu\u00eda de Pamplona","description":"Noticias de Pamplona","publisher":{"@id":"https:\/\/www.laguiadepamplona.com\/actualidad\/#organization"},"potentialAction":[{"@type":"SearchAction","target":{"@type":"EntryPoint","urlTemplate":"https:\/\/www.laguiadepamplona.com\/actualidad\/?s={search_term_string}"},"query-input":{"@type":"PropertyValueSpecification","valueRequired":true,"valueName":"search_term_string"}}],"inLanguage":"es"},{"@type":"Organization","@id":"https:\/\/www.laguiadepamplona.com\/actualidad\/#organization","name":"La Gu\u00eda de Pamplona \/ Noticias","url":"https:\/\/www.laguiadepamplona.com\/actualidad\/","logo":{"@type":"ImageObject","inLanguage":"es","@id":"https:\/\/www.laguiadepamplona.com\/actualidad\/#\/schema\/logo\/image\/","url":"https:\/\/www.laguiadepamplona.com\/actualidad\/wp-content\/uploads\/2018\/11\/logo-laguiadepamplona18-web1.png","contentUrl":"https:\/\/www.laguiadepamplona.com\/actualidad\/wp-content\/uploads\/2018\/11\/logo-laguiadepamplona18-web1.png","width":600,"height":196,"caption":"La Gu\u00eda de Pamplona \/ Noticias"},"image":{"@id":"https:\/\/www.laguiadepamplona.com\/actualidad\/#\/schema\/logo\/image\/"},"sameAs":["https:\/\/www.facebook.com\/laguiadepamplonacom-133175176762273\/?ref=hl","https:\/\/x.com\/LaGuiadPamplona","https:\/\/www.instagram.com\/la_guia_de_pamplona\/","https:\/\/www.youtube.com\/user\/laguiadepamplona"]},{"@type":"Person","@id":"https:\/\/www.laguiadepamplona.com\/actualidad\/#\/schema\/person\/efe887376f0213d4657c93adc50b1fdb","name":"La Gu\u00eda de Pamplona","image":{"@type":"ImageObject","inLanguage":"es","@id":"https:\/\/secure.gravatar.com\/avatar\/b6992f131dc8d30ab0dff15446e9d346d9dbd95992de0fef795073f5ea83a81c?s=96&d=mm&r=g","url":"https:\/\/secure.gravatar.com\/avatar\/b6992f131dc8d30ab0dff15446e9d346d9dbd95992de0fef795073f5ea83a81c?s=96&d=mm&r=g","contentUrl":"https:\/\/secure.gravatar.com\/avatar\/b6992f131dc8d30ab0dff15446e9d346d9dbd95992de0fef795073f5ea83a81c?s=96&d=mm&r=g","caption":"La Gu\u00eda de Pamplona"}}]}},"post_mailing_queue_ids":[],"_links":{"self":[{"href":"https:\/\/www.laguiadepamplona.com\/actualidad\/wp-json\/wp\/v2\/posts\/47154","targetHints":{"allow":["GET"]}}],"collection":[{"href":"https:\/\/www.laguiadepamplona.com\/actualidad\/wp-json\/wp\/v2\/posts"}],"about":[{"href":"https:\/\/www.laguiadepamplona.com\/actualidad\/wp-json\/wp\/v2\/types\/post"}],"author":[{"embeddable":true,"href":"https:\/\/www.laguiadepamplona.com\/actualidad\/wp-json\/wp\/v2\/users\/1"}],"replies":[{"embeddable":true,"href":"https:\/\/www.laguiadepamplona.com\/actualidad\/wp-json\/wp\/v2\/comments?post=47154"}],"version-history":[{"count":1,"href":"https:\/\/www.laguiadepamplona.com\/actualidad\/wp-json\/wp\/v2\/posts\/47154\/revisions"}],"predecessor-version":[{"id":47156,"href":"https:\/\/www.laguiadepamplona.com\/actualidad\/wp-json\/wp\/v2\/posts\/47154\/revisions\/47156"}],"wp:featuredmedia":[{"embeddable":true,"href":"https:\/\/www.laguiadepamplona.com\/actualidad\/wp-json\/wp\/v2\/media\/47155"}],"wp:attachment":[{"href":"https:\/\/www.laguiadepamplona.com\/actualidad\/wp-json\/wp\/v2\/media?parent=47154"}],"wp:term":[{"taxonomy":"category","embeddable":true,"href":"https:\/\/www.laguiadepamplona.com\/actualidad\/wp-json\/wp\/v2\/categories?post=47154"},{"taxonomy":"post_tag","embeddable":true,"href":"https:\/\/www.laguiadepamplona.com\/actualidad\/wp-json\/wp\/v2\/tags?post=47154"}],"curies":[{"name":"wp","href":"https:\/\/api.w.org\/{rel}","templated":true}]}}