{"id":47152,"date":"2023-06-26T17:07:42","date_gmt":"2023-06-26T15:07:42","guid":{"rendered":"https:\/\/www.laguiadepamplona.com\/actualidad\/?p=47152"},"modified":"2023-06-26T17:07:42","modified_gmt":"2023-06-26T15:07:42","slug":"pamplona-como-destino-turistico-en-sanfermines-protagoniza-la-cuenta-atras-para-el-inicio-de-las-fiestas","status":"publish","type":"post","link":"https:\/\/www.laguiadepamplona.com\/actualidad\/pamplona-como-destino-turistico-en-sanfermines-protagoniza-la-cuenta-atras-para-el-inicio-de-las-fiestas\/","title":{"rendered":"Pamplona como destino tur\u00edstico en Sanfermines protagoniza la cuenta atr\u00e1s para el inicio de las fiestas"},"content":{"rendered":"<h2>Los perfiles en redes sociales de @SanferminesPamplona mostrar\u00e1n cada d\u00eda c\u00f3mo se transforman en fiestas los puntos representativos de la ciudad<\/h2>\n<p><!--more--><\/p>\n<p>El Ayuntamiento de Pamplona, a trav\u00e9s de la cuenta oficial de los Sanfermines, @SanferminesPamplona, quiere invitar a la participaci\u00f3n en las fiestas de 2023, pero adem\u00e1s quiere mostrar el atractivo y el inter\u00e9s de Pamplona para ser visitada m\u00e1s all\u00e1 de los d\u00edas en los que se viste de blanco y rojo. Para ello, cada uno de los diez d\u00edas que restan para que se lance el Chupinazo se va a mostrar de manera visual c\u00f3mo cambian cuando llegan las fiestas puntos concretos de la ciudad como la calle Estafeta, la Plaza del Castillo o el entorno de la Plaza de Toros. De esta manera se consigue mostrar la doble cara de la ciudad, como atractivo destino tur\u00edstico de visita y calma, y como centro de una de las mejores fiestas del mundo.<br \/>\n<script async src=\"\/\/pagead2.googlesyndication.com\/pagead\/js\/adsbygoogle.js\"><\/script><br \/>\n<!-- Noticias La Guia de Pamplona --><br \/>\n<ins class=\"adsbygoogle\"\nstyle=\"display:block\"\ndata-ad-client=\"ca-pub-6943679897239327\"\ndata-ad-slot=\"7048180777\"\ndata-ad-format=\"auto\"><\/ins><br \/>\n<script>\n(adsbygoogle = window.adsbygoogle || []).push({});\n<\/script><\/p>\n<p>Durante diez d\u00edas, precisamente los que faltan para el Chupinazo, los perfiles de @SanferminesPamplona en Instagram, Facebook y Twitter van a difundir peque\u00f1as historias en v\u00eddeo con el estado actual del espacio y su transformaci\u00f3n por San Ferm\u00edn, con motivo de la procesi\u00f3n, el espect\u00e1culo de fuegos artificiales, la m\u00fasica y la danza. Calles como Estafeta, Curia, Chapitela, el paseo de Sarasate, la plaza del Consejo o el callej\u00f3n de acceso a la Plaza de Toros se suman a este ya falta menos que culmina el 6 de julio. De esta manera se evidencia c\u00f3mo Pamplona no solo es un destino atractivo durante los nueve d\u00edas que dura la fiesta, sino que es una ciudad con mucho atractivo tur\u00edstico, tanto desde el punto de vista hist\u00f3rico o cultural como, por ejemplo, desde la perspectiva gastron\u00f3mica.<\/p>\n<p>Con esta iniciativa a las puertas de las fiestas de San Ferm\u00edn se muestra la transformaci\u00f3n de Pamplona, de la calma y el orden al estallido de la alegr\u00eda y la celebraci\u00f3n, del recogimiento y la calma a la devoci\u00f3n y el desenfreno, del trabajo y las ocupaciones a la diversi\u00f3n en las dianas, con la comparsa, con las pe\u00f1as, en almuerzos y comidas, para personas de todas las edades y condiciones. Los v\u00eddeos se difunden a trav\u00e9s de los perfiles en redes de las cuentas oficiales de San Ferm\u00edn @SanferminesPamplona, y se difunden diariamente a trav\u00e9s del resto de perfiles municipales, como las cuentas oficiales del Ayuntamiento o las de tem\u00e1tica tur\u00edstica (@visitpamplona).<br \/>\n<script async src=\"\/\/pagead2.googlesyndication.com\/pagead\/js\/adsbygoogle.js\"><\/script><br \/>\n<!-- Noticias La Guia de Pamplona --><br \/>\n<ins class=\"adsbygoogle\"\nstyle=\"display:block\"\ndata-ad-client=\"ca-pub-6943679897239327\"\ndata-ad-slot=\"7048180777\"\ndata-ad-format=\"auto\"><\/ins><br \/>\n<script>\n(adsbygoogle = window.adsbygoogle || []).push({});\n<\/script><\/p>\n<p><strong>SanferminesPamplona, la marca oficial de las fiestas en el \u00e1mbito digital<\/strong><\/p>\n<p>SanferminesPamplona es la marca oficial de las fiestas y con la que el Ayuntamiento de Pamplona comunica en el \u00e1mbito digital toda la informaci\u00f3n relacionada con ellas. A trav\u00e9s de los respectivos perfiles en las principales redes sociales se pueden consultar todos los actos programados, los detalles de cada cita o los recorridos de la Comparsa cada d\u00eda de fiestas. Los seguidores de estas redes pueden adem\u00e1s cada d\u00eda de fiestas asistir virtualmente a los principales actos festivos gracias a decenas de v\u00eddeos que se publicar\u00e1n desde puntos de vista privilegiados. Estos contenidos est\u00e1n tambi\u00e9n accesibles en todas las redes a trav\u00e9s de las etiquetas oficiales de las fiestas, #SanferminesPamplona y #Sanfermines2023.<\/p>\n<p>El Ayuntamiento de Pamplona tambi\u00e9n pone a disposici\u00f3n de la ciudadan\u00eda toda la informaci\u00f3n servicio necesaria en torno a las fiestas a trav\u00e9s de la web sanferminespamplona.es. En la web oficial de los Sanfermines se puede consultar desde el programa de actos, hasta los tel\u00e9fonos de inter\u00e9s, pasando por los planos y gu\u00edas m\u00e1s importantes de la ciudad, o los recorridos de cada d\u00eda de la Comparsa. Adem\u00e1s, se ofrece de una manera accesible e intuitiva el acceso al hist\u00f3rico de los v\u00eddeos de los encierros, al podcast de las fiestas \u2018Sanfermines, una fiesta sin igual\u2019, o a los datos de cada uno de los participantes en el Concurso Internacional de Fuegos Artificiales.<\/p>\n","protected":false},"excerpt":{"rendered":"<p>Los perfiles en redes sociales de @SanferminesPamplona mostrar\u00e1n cada d\u00eda c\u00f3mo se transforman en fiestas los puntos representativos de la ciudad<\/p>\n","protected":false},"author":1,"featured_media":34668,"comment_status":"open","ping_status":"closed","sticky":false,"template":"","format":"standard","meta":{"footnotes":""},"categories":[2],"tags":[],"class_list":["post-47152","post","type-post","status-publish","format-standard","has-post-thumbnail","hentry","category-ayuntamiento-pamplona"],"yoast_head":"<!-- This site is optimized with the Yoast SEO plugin v27.3 - https:\/\/yoast.com\/product\/yoast-seo-wordpress\/ -->\n<title>Pamplona como destino tur\u00edstico en Sanfermines protagoniza la cuenta atr\u00e1s para el inicio de las fiestas<\/title>\n<meta name=\"description\" content=\"Los perfiles en redes sociales de @SanferminesPamplona mostrar\u00e1n cada d\u00eda c\u00f3mo se transforman en fiestas los puntos representativos de la ciudad\" \/>\n<meta name=\"robots\" content=\"index, follow, max-snippet:-1, max-image-preview:large, max-video-preview:-1\" \/>\n<link rel=\"canonical\" href=\"https:\/\/www.laguiadepamplona.com\/actualidad\/pamplona-como-destino-turistico-en-sanfermines-protagoniza-la-cuenta-atras-para-el-inicio-de-las-fiestas\/\" \/>\n<meta property=\"og:locale\" content=\"es_ES\" \/>\n<meta property=\"og:type\" content=\"article\" \/>\n<meta property=\"og:title\" content=\"Pamplona como destino tur\u00edstico en Sanfermines protagoniza la cuenta atr\u00e1s para el inicio de las fiestas\" \/>\n<meta property=\"og:description\" content=\"Los perfiles en redes sociales de @SanferminesPamplona mostrar\u00e1n cada d\u00eda c\u00f3mo se transforman en fiestas los puntos representativos de la ciudad\" \/>\n<meta property=\"og:url\" content=\"https:\/\/www.laguiadepamplona.com\/actualidad\/pamplona-como-destino-turistico-en-sanfermines-protagoniza-la-cuenta-atras-para-el-inicio-de-las-fiestas\/\" \/>\n<meta property=\"og:site_name\" content=\"La Gu\u00eda de Pamplona\" \/>\n<meta property=\"article:publisher\" content=\"https:\/\/www.facebook.com\/laguiadepamplonacom-133175176762273\/?ref=hl\" \/>\n<meta property=\"article:published_time\" content=\"2023-06-26T15:07:42+00:00\" \/>\n<meta property=\"og:image\" content=\"https:\/\/www.laguiadepamplona.com\/actualidad\/wp-content\/uploads\/2021\/05\/despedida-gigantes.jpg\" \/>\n\t<meta property=\"og:image:width\" content=\"1771\" \/>\n\t<meta property=\"og:image:height\" content=\"1181\" \/>\n\t<meta property=\"og:image:type\" content=\"image\/jpeg\" \/>\n<meta name=\"author\" content=\"La Gu\u00eda de Pamplona\" \/>\n<meta name=\"twitter:card\" content=\"summary_large_image\" \/>\n<meta name=\"twitter:creator\" content=\"@LaGuiadPamplona\" \/>\n<meta name=\"twitter:site\" content=\"@LaGuiadPamplona\" \/>\n<meta name=\"twitter:label1\" content=\"Escrito por\" \/>\n\t<meta name=\"twitter:data1\" content=\"La Gu\u00eda de Pamplona\" \/>\n\t<meta name=\"twitter:label2\" content=\"Tiempo de lectura\" \/>\n\t<meta name=\"twitter:data2\" content=\"3 minutos\" \/>\n<script type=\"application\/ld+json\" class=\"yoast-schema-graph\">{\"@context\":\"https:\\\/\\\/schema.org\",\"@graph\":[{\"@type\":\"Article\",\"@id\":\"https:\\\/\\\/www.laguiadepamplona.com\\\/actualidad\\\/pamplona-como-destino-turistico-en-sanfermines-protagoniza-la-cuenta-atras-para-el-inicio-de-las-fiestas\\\/#article\",\"isPartOf\":{\"@id\":\"https:\\\/\\\/www.laguiadepamplona.com\\\/actualidad\\\/pamplona-como-destino-turistico-en-sanfermines-protagoniza-la-cuenta-atras-para-el-inicio-de-las-fiestas\\\/\"},\"author\":{\"name\":\"La Gu\u00eda de Pamplona\",\"@id\":\"https:\\\/\\\/www.laguiadepamplona.com\\\/actualidad\\\/#\\\/schema\\\/person\\\/efe887376f0213d4657c93adc50b1fdb\"},\"headline\":\"Pamplona como destino tur\u00edstico en Sanfermines protagoniza la cuenta atr\u00e1s para el inicio de las fiestas\",\"datePublished\":\"2023-06-26T15:07:42+00:00\",\"mainEntityOfPage\":{\"@id\":\"https:\\\/\\\/www.laguiadepamplona.com\\\/actualidad\\\/pamplona-como-destino-turistico-en-sanfermines-protagoniza-la-cuenta-atras-para-el-inicio-de-las-fiestas\\\/\"},\"wordCount\":718,\"commentCount\":0,\"publisher\":{\"@id\":\"https:\\\/\\\/www.laguiadepamplona.com\\\/actualidad\\\/#organization\"},\"image\":{\"@id\":\"https:\\\/\\\/www.laguiadepamplona.com\\\/actualidad\\\/pamplona-como-destino-turistico-en-sanfermines-protagoniza-la-cuenta-atras-para-el-inicio-de-las-fiestas\\\/#primaryimage\"},\"thumbnailUrl\":\"https:\\\/\\\/www.laguiadepamplona.com\\\/actualidad\\\/wp-content\\\/uploads\\\/2021\\\/05\\\/despedida-gigantes.jpg\",\"articleSection\":[\"Ayto Pamplona\"],\"inLanguage\":\"es\",\"potentialAction\":[{\"@type\":\"CommentAction\",\"name\":\"Comment\",\"target\":[\"https:\\\/\\\/www.laguiadepamplona.com\\\/actualidad\\\/pamplona-como-destino-turistico-en-sanfermines-protagoniza-la-cuenta-atras-para-el-inicio-de-las-fiestas\\\/#respond\"]}]},{\"@type\":\"WebPage\",\"@id\":\"https:\\\/\\\/www.laguiadepamplona.com\\\/actualidad\\\/pamplona-como-destino-turistico-en-sanfermines-protagoniza-la-cuenta-atras-para-el-inicio-de-las-fiestas\\\/\",\"url\":\"https:\\\/\\\/www.laguiadepamplona.com\\\/actualidad\\\/pamplona-como-destino-turistico-en-sanfermines-protagoniza-la-cuenta-atras-para-el-inicio-de-las-fiestas\\\/\",\"name\":\"Pamplona como destino tur\u00edstico en Sanfermines protagoniza la cuenta atr\u00e1s para el inicio de las fiestas\",\"isPartOf\":{\"@id\":\"https:\\\/\\\/www.laguiadepamplona.com\\\/actualidad\\\/#website\"},\"primaryImageOfPage\":{\"@id\":\"https:\\\/\\\/www.laguiadepamplona.com\\\/actualidad\\\/pamplona-como-destino-turistico-en-sanfermines-protagoniza-la-cuenta-atras-para-el-inicio-de-las-fiestas\\\/#primaryimage\"},\"image\":{\"@id\":\"https:\\\/\\\/www.laguiadepamplona.com\\\/actualidad\\\/pamplona-como-destino-turistico-en-sanfermines-protagoniza-la-cuenta-atras-para-el-inicio-de-las-fiestas\\\/#primaryimage\"},\"thumbnailUrl\":\"https:\\\/\\\/www.laguiadepamplona.com\\\/actualidad\\\/wp-content\\\/uploads\\\/2021\\\/05\\\/despedida-gigantes.jpg\",\"datePublished\":\"2023-06-26T15:07:42+00:00\",\"description\":\"Los perfiles en redes sociales de @SanferminesPamplona mostrar\u00e1n cada d\u00eda c\u00f3mo se transforman en fiestas los puntos representativos de la ciudad\",\"breadcrumb\":{\"@id\":\"https:\\\/\\\/www.laguiadepamplona.com\\\/actualidad\\\/pamplona-como-destino-turistico-en-sanfermines-protagoniza-la-cuenta-atras-para-el-inicio-de-las-fiestas\\\/#breadcrumb\"},\"inLanguage\":\"es\",\"potentialAction\":[{\"@type\":\"ReadAction\",\"target\":[\"https:\\\/\\\/www.laguiadepamplona.com\\\/actualidad\\\/pamplona-como-destino-turistico-en-sanfermines-protagoniza-la-cuenta-atras-para-el-inicio-de-las-fiestas\\\/\"]}]},{\"@type\":\"ImageObject\",\"inLanguage\":\"es\",\"@id\":\"https:\\\/\\\/www.laguiadepamplona.com\\\/actualidad\\\/pamplona-como-destino-turistico-en-sanfermines-protagoniza-la-cuenta-atras-para-el-inicio-de-las-fiestas\\\/#primaryimage\",\"url\":\"https:\\\/\\\/www.laguiadepamplona.com\\\/actualidad\\\/wp-content\\\/uploads\\\/2021\\\/05\\\/despedida-gigantes.jpg\",\"contentUrl\":\"https:\\\/\\\/www.laguiadepamplona.com\\\/actualidad\\\/wp-content\\\/uploads\\\/2021\\\/05\\\/despedida-gigantes.jpg\",\"width\":1771,\"height\":1181,\"caption\":\"A: Jes\u00fas Caso F: 29-11-2019 P: L: Pamplona T: Procesi\u00f3n de San Saturnino.\"},{\"@type\":\"BreadcrumbList\",\"@id\":\"https:\\\/\\\/www.laguiadepamplona.com\\\/actualidad\\\/pamplona-como-destino-turistico-en-sanfermines-protagoniza-la-cuenta-atras-para-el-inicio-de-las-fiestas\\\/#breadcrumb\",\"itemListElement\":[{\"@type\":\"ListItem\",\"position\":1,\"name\":\"Portada\",\"item\":\"https:\\\/\\\/www.laguiadepamplona.com\\\/actualidad\\\/\"},{\"@type\":\"ListItem\",\"position\":2,\"name\":\"Pamplona como destino tur\u00edstico en Sanfermines protagoniza la cuenta atr\u00e1s para el inicio de las fiestas\"}]},{\"@type\":\"WebSite\",\"@id\":\"https:\\\/\\\/www.laguiadepamplona.com\\\/actualidad\\\/#website\",\"url\":\"https:\\\/\\\/www.laguiadepamplona.com\\\/actualidad\\\/\",\"name\":\"La gu\u00eda de Pamplona\",\"description\":\"Noticias de Pamplona\",\"publisher\":{\"@id\":\"https:\\\/\\\/www.laguiadepamplona.com\\\/actualidad\\\/#organization\"},\"potentialAction\":[{\"@type\":\"SearchAction\",\"target\":{\"@type\":\"EntryPoint\",\"urlTemplate\":\"https:\\\/\\\/www.laguiadepamplona.com\\\/actualidad\\\/?s={search_term_string}\"},\"query-input\":{\"@type\":\"PropertyValueSpecification\",\"valueRequired\":true,\"valueName\":\"search_term_string\"}}],\"inLanguage\":\"es\"},{\"@type\":\"Organization\",\"@id\":\"https:\\\/\\\/www.laguiadepamplona.com\\\/actualidad\\\/#organization\",\"name\":\"La Gu\u00eda de Pamplona \\\/ Noticias\",\"url\":\"https:\\\/\\\/www.laguiadepamplona.com\\\/actualidad\\\/\",\"logo\":{\"@type\":\"ImageObject\",\"inLanguage\":\"es\",\"@id\":\"https:\\\/\\\/www.laguiadepamplona.com\\\/actualidad\\\/#\\\/schema\\\/logo\\\/image\\\/\",\"url\":\"https:\\\/\\\/www.laguiadepamplona.com\\\/actualidad\\\/wp-content\\\/uploads\\\/2018\\\/11\\\/logo-laguiadepamplona18-web1.png\",\"contentUrl\":\"https:\\\/\\\/www.laguiadepamplona.com\\\/actualidad\\\/wp-content\\\/uploads\\\/2018\\\/11\\\/logo-laguiadepamplona18-web1.png\",\"width\":600,\"height\":196,\"caption\":\"La Gu\u00eda de Pamplona \\\/ Noticias\"},\"image\":{\"@id\":\"https:\\\/\\\/www.laguiadepamplona.com\\\/actualidad\\\/#\\\/schema\\\/logo\\\/image\\\/\"},\"sameAs\":[\"https:\\\/\\\/www.facebook.com\\\/laguiadepamplonacom-133175176762273\\\/?ref=hl\",\"https:\\\/\\\/x.com\\\/LaGuiadPamplona\",\"https:\\\/\\\/www.instagram.com\\\/la_guia_de_pamplona\\\/\",\"https:\\\/\\\/www.youtube.com\\\/user\\\/laguiadepamplona\"]},{\"@type\":\"Person\",\"@id\":\"https:\\\/\\\/www.laguiadepamplona.com\\\/actualidad\\\/#\\\/schema\\\/person\\\/efe887376f0213d4657c93adc50b1fdb\",\"name\":\"La Gu\u00eda de Pamplona\",\"image\":{\"@type\":\"ImageObject\",\"inLanguage\":\"es\",\"@id\":\"https:\\\/\\\/secure.gravatar.com\\\/avatar\\\/b6992f131dc8d30ab0dff15446e9d346d9dbd95992de0fef795073f5ea83a81c?s=96&d=mm&r=g\",\"url\":\"https:\\\/\\\/secure.gravatar.com\\\/avatar\\\/b6992f131dc8d30ab0dff15446e9d346d9dbd95992de0fef795073f5ea83a81c?s=96&d=mm&r=g\",\"contentUrl\":\"https:\\\/\\\/secure.gravatar.com\\\/avatar\\\/b6992f131dc8d30ab0dff15446e9d346d9dbd95992de0fef795073f5ea83a81c?s=96&d=mm&r=g\",\"caption\":\"La Gu\u00eda de Pamplona\"}}]}<\/script>\n<!-- \/ Yoast SEO plugin. -->","yoast_head_json":{"title":"Pamplona como destino tur\u00edstico en Sanfermines protagoniza la cuenta atr\u00e1s para el inicio de las fiestas","description":"Los perfiles en redes sociales de @SanferminesPamplona mostrar\u00e1n cada d\u00eda c\u00f3mo se transforman en fiestas los puntos representativos de la ciudad","robots":{"index":"index","follow":"follow","max-snippet":"max-snippet:-1","max-image-preview":"max-image-preview:large","max-video-preview":"max-video-preview:-1"},"canonical":"https:\/\/www.laguiadepamplona.com\/actualidad\/pamplona-como-destino-turistico-en-sanfermines-protagoniza-la-cuenta-atras-para-el-inicio-de-las-fiestas\/","og_locale":"es_ES","og_type":"article","og_title":"Pamplona como destino tur\u00edstico en Sanfermines protagoniza la cuenta atr\u00e1s para el inicio de las fiestas","og_description":"Los perfiles en redes sociales de @SanferminesPamplona mostrar\u00e1n cada d\u00eda c\u00f3mo se transforman en fiestas los puntos representativos de la ciudad","og_url":"https:\/\/www.laguiadepamplona.com\/actualidad\/pamplona-como-destino-turistico-en-sanfermines-protagoniza-la-cuenta-atras-para-el-inicio-de-las-fiestas\/","og_site_name":"La Gu\u00eda de Pamplona","article_publisher":"https:\/\/www.facebook.com\/laguiadepamplonacom-133175176762273\/?ref=hl","article_published_time":"2023-06-26T15:07:42+00:00","og_image":[{"width":1771,"height":1181,"url":"https:\/\/www.laguiadepamplona.com\/actualidad\/wp-content\/uploads\/2021\/05\/despedida-gigantes.jpg","type":"image\/jpeg"}],"author":"La Gu\u00eda de Pamplona","twitter_card":"summary_large_image","twitter_creator":"@LaGuiadPamplona","twitter_site":"@LaGuiadPamplona","twitter_misc":{"Escrito por":"La Gu\u00eda de Pamplona","Tiempo de lectura":"3 minutos"},"schema":{"@context":"https:\/\/schema.org","@graph":[{"@type":"Article","@id":"https:\/\/www.laguiadepamplona.com\/actualidad\/pamplona-como-destino-turistico-en-sanfermines-protagoniza-la-cuenta-atras-para-el-inicio-de-las-fiestas\/#article","isPartOf":{"@id":"https:\/\/www.laguiadepamplona.com\/actualidad\/pamplona-como-destino-turistico-en-sanfermines-protagoniza-la-cuenta-atras-para-el-inicio-de-las-fiestas\/"},"author":{"name":"La Gu\u00eda de Pamplona","@id":"https:\/\/www.laguiadepamplona.com\/actualidad\/#\/schema\/person\/efe887376f0213d4657c93adc50b1fdb"},"headline":"Pamplona como destino tur\u00edstico en Sanfermines protagoniza la cuenta atr\u00e1s para el inicio de las fiestas","datePublished":"2023-06-26T15:07:42+00:00","mainEntityOfPage":{"@id":"https:\/\/www.laguiadepamplona.com\/actualidad\/pamplona-como-destino-turistico-en-sanfermines-protagoniza-la-cuenta-atras-para-el-inicio-de-las-fiestas\/"},"wordCount":718,"commentCount":0,"publisher":{"@id":"https:\/\/www.laguiadepamplona.com\/actualidad\/#organization"},"image":{"@id":"https:\/\/www.laguiadepamplona.com\/actualidad\/pamplona-como-destino-turistico-en-sanfermines-protagoniza-la-cuenta-atras-para-el-inicio-de-las-fiestas\/#primaryimage"},"thumbnailUrl":"https:\/\/www.laguiadepamplona.com\/actualidad\/wp-content\/uploads\/2021\/05\/despedida-gigantes.jpg","articleSection":["Ayto Pamplona"],"inLanguage":"es","potentialAction":[{"@type":"CommentAction","name":"Comment","target":["https:\/\/www.laguiadepamplona.com\/actualidad\/pamplona-como-destino-turistico-en-sanfermines-protagoniza-la-cuenta-atras-para-el-inicio-de-las-fiestas\/#respond"]}]},{"@type":"WebPage","@id":"https:\/\/www.laguiadepamplona.com\/actualidad\/pamplona-como-destino-turistico-en-sanfermines-protagoniza-la-cuenta-atras-para-el-inicio-de-las-fiestas\/","url":"https:\/\/www.laguiadepamplona.com\/actualidad\/pamplona-como-destino-turistico-en-sanfermines-protagoniza-la-cuenta-atras-para-el-inicio-de-las-fiestas\/","name":"Pamplona como destino tur\u00edstico en Sanfermines protagoniza la cuenta atr\u00e1s para el inicio de las fiestas","isPartOf":{"@id":"https:\/\/www.laguiadepamplona.com\/actualidad\/#website"},"primaryImageOfPage":{"@id":"https:\/\/www.laguiadepamplona.com\/actualidad\/pamplona-como-destino-turistico-en-sanfermines-protagoniza-la-cuenta-atras-para-el-inicio-de-las-fiestas\/#primaryimage"},"image":{"@id":"https:\/\/www.laguiadepamplona.com\/actualidad\/pamplona-como-destino-turistico-en-sanfermines-protagoniza-la-cuenta-atras-para-el-inicio-de-las-fiestas\/#primaryimage"},"thumbnailUrl":"https:\/\/www.laguiadepamplona.com\/actualidad\/wp-content\/uploads\/2021\/05\/despedida-gigantes.jpg","datePublished":"2023-06-26T15:07:42+00:00","description":"Los perfiles en redes sociales de @SanferminesPamplona mostrar\u00e1n cada d\u00eda c\u00f3mo se transforman en fiestas los puntos representativos de la ciudad","breadcrumb":{"@id":"https:\/\/www.laguiadepamplona.com\/actualidad\/pamplona-como-destino-turistico-en-sanfermines-protagoniza-la-cuenta-atras-para-el-inicio-de-las-fiestas\/#breadcrumb"},"inLanguage":"es","potentialAction":[{"@type":"ReadAction","target":["https:\/\/www.laguiadepamplona.com\/actualidad\/pamplona-como-destino-turistico-en-sanfermines-protagoniza-la-cuenta-atras-para-el-inicio-de-las-fiestas\/"]}]},{"@type":"ImageObject","inLanguage":"es","@id":"https:\/\/www.laguiadepamplona.com\/actualidad\/pamplona-como-destino-turistico-en-sanfermines-protagoniza-la-cuenta-atras-para-el-inicio-de-las-fiestas\/#primaryimage","url":"https:\/\/www.laguiadepamplona.com\/actualidad\/wp-content\/uploads\/2021\/05\/despedida-gigantes.jpg","contentUrl":"https:\/\/www.laguiadepamplona.com\/actualidad\/wp-content\/uploads\/2021\/05\/despedida-gigantes.jpg","width":1771,"height":1181,"caption":"A: Jes\u00fas Caso F: 29-11-2019 P: L: Pamplona T: Procesi\u00f3n de San Saturnino."},{"@type":"BreadcrumbList","@id":"https:\/\/www.laguiadepamplona.com\/actualidad\/pamplona-como-destino-turistico-en-sanfermines-protagoniza-la-cuenta-atras-para-el-inicio-de-las-fiestas\/#breadcrumb","itemListElement":[{"@type":"ListItem","position":1,"name":"Portada","item":"https:\/\/www.laguiadepamplona.com\/actualidad\/"},{"@type":"ListItem","position":2,"name":"Pamplona como destino tur\u00edstico en Sanfermines protagoniza la cuenta atr\u00e1s para el inicio de las fiestas"}]},{"@type":"WebSite","@id":"https:\/\/www.laguiadepamplona.com\/actualidad\/#website","url":"https:\/\/www.laguiadepamplona.com\/actualidad\/","name":"La gu\u00eda de Pamplona","description":"Noticias de Pamplona","publisher":{"@id":"https:\/\/www.laguiadepamplona.com\/actualidad\/#organization"},"potentialAction":[{"@type":"SearchAction","target":{"@type":"EntryPoint","urlTemplate":"https:\/\/www.laguiadepamplona.com\/actualidad\/?s={search_term_string}"},"query-input":{"@type":"PropertyValueSpecification","valueRequired":true,"valueName":"search_term_string"}}],"inLanguage":"es"},{"@type":"Organization","@id":"https:\/\/www.laguiadepamplona.com\/actualidad\/#organization","name":"La Gu\u00eda de Pamplona \/ Noticias","url":"https:\/\/www.laguiadepamplona.com\/actualidad\/","logo":{"@type":"ImageObject","inLanguage":"es","@id":"https:\/\/www.laguiadepamplona.com\/actualidad\/#\/schema\/logo\/image\/","url":"https:\/\/www.laguiadepamplona.com\/actualidad\/wp-content\/uploads\/2018\/11\/logo-laguiadepamplona18-web1.png","contentUrl":"https:\/\/www.laguiadepamplona.com\/actualidad\/wp-content\/uploads\/2018\/11\/logo-laguiadepamplona18-web1.png","width":600,"height":196,"caption":"La Gu\u00eda de Pamplona \/ Noticias"},"image":{"@id":"https:\/\/www.laguiadepamplona.com\/actualidad\/#\/schema\/logo\/image\/"},"sameAs":["https:\/\/www.facebook.com\/laguiadepamplonacom-133175176762273\/?ref=hl","https:\/\/x.com\/LaGuiadPamplona","https:\/\/www.instagram.com\/la_guia_de_pamplona\/","https:\/\/www.youtube.com\/user\/laguiadepamplona"]},{"@type":"Person","@id":"https:\/\/www.laguiadepamplona.com\/actualidad\/#\/schema\/person\/efe887376f0213d4657c93adc50b1fdb","name":"La Gu\u00eda de Pamplona","image":{"@type":"ImageObject","inLanguage":"es","@id":"https:\/\/secure.gravatar.com\/avatar\/b6992f131dc8d30ab0dff15446e9d346d9dbd95992de0fef795073f5ea83a81c?s=96&d=mm&r=g","url":"https:\/\/secure.gravatar.com\/avatar\/b6992f131dc8d30ab0dff15446e9d346d9dbd95992de0fef795073f5ea83a81c?s=96&d=mm&r=g","contentUrl":"https:\/\/secure.gravatar.com\/avatar\/b6992f131dc8d30ab0dff15446e9d346d9dbd95992de0fef795073f5ea83a81c?s=96&d=mm&r=g","caption":"La Gu\u00eda de Pamplona"}}]}},"post_mailing_queue_ids":[],"_links":{"self":[{"href":"https:\/\/www.laguiadepamplona.com\/actualidad\/wp-json\/wp\/v2\/posts\/47152","targetHints":{"allow":["GET"]}}],"collection":[{"href":"https:\/\/www.laguiadepamplona.com\/actualidad\/wp-json\/wp\/v2\/posts"}],"about":[{"href":"https:\/\/www.laguiadepamplona.com\/actualidad\/wp-json\/wp\/v2\/types\/post"}],"author":[{"embeddable":true,"href":"https:\/\/www.laguiadepamplona.com\/actualidad\/wp-json\/wp\/v2\/users\/1"}],"replies":[{"embeddable":true,"href":"https:\/\/www.laguiadepamplona.com\/actualidad\/wp-json\/wp\/v2\/comments?post=47152"}],"version-history":[{"count":1,"href":"https:\/\/www.laguiadepamplona.com\/actualidad\/wp-json\/wp\/v2\/posts\/47152\/revisions"}],"predecessor-version":[{"id":47153,"href":"https:\/\/www.laguiadepamplona.com\/actualidad\/wp-json\/wp\/v2\/posts\/47152\/revisions\/47153"}],"wp:featuredmedia":[{"embeddable":true,"href":"https:\/\/www.laguiadepamplona.com\/actualidad\/wp-json\/wp\/v2\/media\/34668"}],"wp:attachment":[{"href":"https:\/\/www.laguiadepamplona.com\/actualidad\/wp-json\/wp\/v2\/media?parent=47152"}],"wp:term":[{"taxonomy":"category","embeddable":true,"href":"https:\/\/www.laguiadepamplona.com\/actualidad\/wp-json\/wp\/v2\/categories?post=47152"},{"taxonomy":"post_tag","embeddable":true,"href":"https:\/\/www.laguiadepamplona.com\/actualidad\/wp-json\/wp\/v2\/tags?post=47152"}],"curies":[{"name":"wp","href":"https:\/\/api.w.org\/{rel}","templated":true}]}}