{"id":47150,"date":"2023-06-26T10:50:59","date_gmt":"2023-06-26T08:50:59","guid":{"rendered":"https:\/\/www.laguiadepamplona.com\/actualidad\/?p=47150"},"modified":"2023-06-26T10:50:59","modified_gmt":"2023-06-26T08:50:59","slug":"ya-se-puede-conocer-quienes-compondran-las-mesas-electorales-de-pamplona-el-proximo-23-de-julio","status":"publish","type":"post","link":"https:\/\/www.laguiadepamplona.com\/actualidad\/ya-se-puede-conocer-quienes-compondran-las-mesas-electorales-de-pamplona-el-proximo-23-de-julio\/","title":{"rendered":"Ya se puede conocer quienes compondr\u00e1n las mesas electorales de Pamplona el pr\u00f3ximo 23 de julio"},"content":{"rendered":"<h2>Comienzan las notificaciones a las 837 personas determinadas por el sorteo del Pleno para ocupar presidencias y vocal\u00edas o quedar en reserva<\/h2>\n<p><!--more--><\/p>\n<p>Ya se puede hacer la consulta individualizada de los resultados del sorteo del Pleno extraordinario que ha determinado esta ma\u00f1ana la composici\u00f3n de las 279 mesas electorales de Pamplona en las pr\u00f3ximas Elecciones Generales. Cada persona puede comprobar a partir de hoy si le ha tocado desempe\u00f1ar alg\u00fan rol especial durante los comicios dentro del dispositivo electoral. En esa consulta se puede conocer tambi\u00e9n el colegio, mesa y secci\u00f3n en la que corresponde votar el 23 de julio.<\/p>\n<p>Cada persona con derecho a voto puede conocer su posici\u00f3n individual a trav\u00e9s de <a href=\"https:\/\/censo.pamplona.es\/comprobarcenso.aspx\" target=\"_blank\" rel=\"noopener\">la portada de la web municipal<\/a>. Tambi\u00e9n se puede consultar esa informaci\u00f3n llamando al Tel\u00e9fono de Atenci\u00f3n Ciudadana del Ayuntamiento de Pamplona 010 (948420100 para acogerse a tarifa plana telef\u00f3nica o para llamadas de fuera de Pamplona).<br \/>\n<script async src=\"\/\/pagead2.googlesyndication.com\/pagead\/js\/adsbygoogle.js\"><\/script><br \/>\n<!-- Noticias La Guia de Pamplona --><br \/>\n<ins class=\"adsbygoogle\"\nstyle=\"display:block\"\ndata-ad-client=\"ca-pub-6943679897239327\"\ndata-ad-slot=\"7048180777\"\ndata-ad-format=\"auto\"><\/ins><br \/>\n<script>\n(adsbygoogle = window.adsbygoogle || []).push({});\n<\/script><\/p>\n<p>Al igual que en las \u00faltimas citas electorales, las listas del censo no se exponen p\u00fablicamente por lo que es necesario acudir a alguna de estas v\u00edas utilizando el n\u00famero de DNI y el primer apellido de la persona consultante. En esa misma sesi\u00f3n la persona tendr\u00e1 disponibles sus datos de identificaci\u00f3n, el colegio electoral al que deber\u00e1 acudir a votar, el distrito, la secci\u00f3n y la mesa.<\/p>\n<p>Ahora comenzar\u00e1 a notificarse oficialmente a las 2.311. personas designadas por el sorteo (837 miembros de mesa en primera instancia y el resto suplentes) y el plazo de alegaciones para vocales, presidentes o suplentes, ser\u00e1 de siete d\u00edas a partir de la notificaci\u00f3n.<\/p>\n<p>Las personas designadas, junto con la notificaci\u00f3n oficial, recibir\u00e1n un QR y una direcci\u00f3n web de donde descargarse el manual de instrucciones sobre sus derechos, competencias y deberes respecto del funcionamiento de la jornada electoral. Quienes lo necesiten, podr\u00e1n solicitar la documentaci\u00f3n en papel, aunque en el caso de suplentes que no acaben interviniendo en la jornada, luego tendr\u00e1n que devolverla.<br \/>\n<script async src=\"\/\/pagead2.googlesyndication.com\/pagead\/js\/adsbygoogle.js\"><\/script><br \/>\n<!-- Noticias La Guia de Pamplona --><br \/>\n<ins class=\"adsbygoogle\"\nstyle=\"display:block\"\ndata-ad-client=\"ca-pub-6943679897239327\"\ndata-ad-slot=\"7048180777\"\ndata-ad-format=\"auto\"><\/ins><br \/>\n<script>\n(adsbygoogle = window.adsbygoogle || []).push({});\n<\/script><\/p>\n<p>&nbsp;<\/p>\n<h3>Consulta del censo electoral<\/h3>\n<ul>\n<li>Por tel\u00e9fono: llamando al 010 de lunes a viernes de 8 a 19 horas; s\u00e1bados 9.30 a 13.30 horas<\/li>\n<li>En Internet: trav\u00e9s de <a href=\"http:\/\/www.pamplona.es\" target=\"_blank\" rel=\"noopener\">www.pamplona.es<\/a><\/li>\n<\/ul>\n","protected":false},"excerpt":{"rendered":"<p>Comienzan las notificaciones a las 837 personas determinadas por el sorteo del Pleno para ocupar presidencias y vocal\u00edas o quedar en reserva<\/p>\n","protected":false},"author":1,"featured_media":46839,"comment_status":"open","ping_status":"closed","sticky":false,"template":"","format":"standard","meta":{"footnotes":""},"categories":[2],"tags":[],"class_list":["post-47150","post","type-post","status-publish","format-standard","has-post-thumbnail","hentry","category-ayuntamiento-pamplona"],"yoast_head":"<!-- This site is optimized with the Yoast SEO plugin v27.3 - https:\/\/yoast.com\/product\/yoast-seo-wordpress\/ -->\n<title>Ya se puede conocer quienes compondr\u00e1n las mesas electorales de Pamplona el pr\u00f3ximo 23 de julio<\/title>\n<meta name=\"description\" content=\"Comienzan las notificaciones a las 837 personas determinadas por el sorteo del Pleno para ocupar presidencias y vocal\u00edas o quedar en reserva\" \/>\n<meta name=\"robots\" content=\"index, follow, max-snippet:-1, max-image-preview:large, max-video-preview:-1\" \/>\n<link rel=\"canonical\" href=\"https:\/\/www.laguiadepamplona.com\/actualidad\/ya-se-puede-conocer-quienes-compondran-las-mesas-electorales-de-pamplona-el-proximo-23-de-julio\/\" \/>\n<meta property=\"og:locale\" content=\"es_ES\" \/>\n<meta property=\"og:type\" content=\"article\" \/>\n<meta property=\"og:title\" content=\"Ya se puede conocer quienes compondr\u00e1n las mesas electorales de Pamplona el pr\u00f3ximo 23 de julio\" \/>\n<meta property=\"og:description\" content=\"Comienzan las notificaciones a las 837 personas determinadas por el sorteo del Pleno para ocupar presidencias y vocal\u00edas o quedar en reserva\" \/>\n<meta property=\"og:url\" content=\"https:\/\/www.laguiadepamplona.com\/actualidad\/ya-se-puede-conocer-quienes-compondran-las-mesas-electorales-de-pamplona-el-proximo-23-de-julio\/\" \/>\n<meta property=\"og:site_name\" content=\"La Gu\u00eda de Pamplona\" \/>\n<meta property=\"article:publisher\" content=\"https:\/\/www.facebook.com\/laguiadepamplonacom-133175176762273\/?ref=hl\" \/>\n<meta property=\"article:published_time\" content=\"2023-06-26T08:50:59+00:00\" \/>\n<meta property=\"og:image\" content=\"https:\/\/www.laguiadepamplona.com\/actualidad\/wp-content\/uploads\/2023\/05\/montaje-elecc-escuela-idiomas-ee5a5522.webp\" \/>\n\t<meta property=\"og:image:width\" content=\"1920\" \/>\n\t<meta property=\"og:image:height\" content=\"1280\" \/>\n\t<meta property=\"og:image:type\" content=\"image\/webp\" \/>\n<meta name=\"author\" content=\"La Gu\u00eda de Pamplona\" \/>\n<meta name=\"twitter:card\" content=\"summary_large_image\" \/>\n<meta name=\"twitter:creator\" content=\"@LaGuiadPamplona\" \/>\n<meta name=\"twitter:site\" content=\"@LaGuiadPamplona\" \/>\n<meta name=\"twitter:label1\" content=\"Escrito por\" \/>\n\t<meta name=\"twitter:data1\" content=\"La Gu\u00eda de Pamplona\" \/>\n\t<meta name=\"twitter:label2\" content=\"Tiempo de lectura\" \/>\n\t<meta name=\"twitter:data2\" content=\"2 minutos\" \/>\n<script type=\"application\/ld+json\" class=\"yoast-schema-graph\">{\"@context\":\"https:\\\/\\\/schema.org\",\"@graph\":[{\"@type\":\"Article\",\"@id\":\"https:\\\/\\\/www.laguiadepamplona.com\\\/actualidad\\\/ya-se-puede-conocer-quienes-compondran-las-mesas-electorales-de-pamplona-el-proximo-23-de-julio\\\/#article\",\"isPartOf\":{\"@id\":\"https:\\\/\\\/www.laguiadepamplona.com\\\/actualidad\\\/ya-se-puede-conocer-quienes-compondran-las-mesas-electorales-de-pamplona-el-proximo-23-de-julio\\\/\"},\"author\":{\"name\":\"La Gu\u00eda de Pamplona\",\"@id\":\"https:\\\/\\\/www.laguiadepamplona.com\\\/actualidad\\\/#\\\/schema\\\/person\\\/efe887376f0213d4657c93adc50b1fdb\"},\"headline\":\"Ya se puede conocer quienes compondr\u00e1n las mesas electorales de Pamplona el pr\u00f3ximo 23 de julio\",\"datePublished\":\"2023-06-26T08:50:59+00:00\",\"mainEntityOfPage\":{\"@id\":\"https:\\\/\\\/www.laguiadepamplona.com\\\/actualidad\\\/ya-se-puede-conocer-quienes-compondran-las-mesas-electorales-de-pamplona-el-proximo-23-de-julio\\\/\"},\"wordCount\":391,\"commentCount\":0,\"publisher\":{\"@id\":\"https:\\\/\\\/www.laguiadepamplona.com\\\/actualidad\\\/#organization\"},\"image\":{\"@id\":\"https:\\\/\\\/www.laguiadepamplona.com\\\/actualidad\\\/ya-se-puede-conocer-quienes-compondran-las-mesas-electorales-de-pamplona-el-proximo-23-de-julio\\\/#primaryimage\"},\"thumbnailUrl\":\"https:\\\/\\\/www.laguiadepamplona.com\\\/actualidad\\\/wp-content\\\/uploads\\\/2023\\\/05\\\/montaje-elecc-escuela-idiomas-ee5a5522.webp\",\"articleSection\":[\"Ayto Pamplona\"],\"inLanguage\":\"es\",\"potentialAction\":[{\"@type\":\"CommentAction\",\"name\":\"Comment\",\"target\":[\"https:\\\/\\\/www.laguiadepamplona.com\\\/actualidad\\\/ya-se-puede-conocer-quienes-compondran-las-mesas-electorales-de-pamplona-el-proximo-23-de-julio\\\/#respond\"]}]},{\"@type\":\"WebPage\",\"@id\":\"https:\\\/\\\/www.laguiadepamplona.com\\\/actualidad\\\/ya-se-puede-conocer-quienes-compondran-las-mesas-electorales-de-pamplona-el-proximo-23-de-julio\\\/\",\"url\":\"https:\\\/\\\/www.laguiadepamplona.com\\\/actualidad\\\/ya-se-puede-conocer-quienes-compondran-las-mesas-electorales-de-pamplona-el-proximo-23-de-julio\\\/\",\"name\":\"Ya se puede conocer quienes compondr\u00e1n las mesas electorales de Pamplona el pr\u00f3ximo 23 de julio\",\"isPartOf\":{\"@id\":\"https:\\\/\\\/www.laguiadepamplona.com\\\/actualidad\\\/#website\"},\"primaryImageOfPage\":{\"@id\":\"https:\\\/\\\/www.laguiadepamplona.com\\\/actualidad\\\/ya-se-puede-conocer-quienes-compondran-las-mesas-electorales-de-pamplona-el-proximo-23-de-julio\\\/#primaryimage\"},\"image\":{\"@id\":\"https:\\\/\\\/www.laguiadepamplona.com\\\/actualidad\\\/ya-se-puede-conocer-quienes-compondran-las-mesas-electorales-de-pamplona-el-proximo-23-de-julio\\\/#primaryimage\"},\"thumbnailUrl\":\"https:\\\/\\\/www.laguiadepamplona.com\\\/actualidad\\\/wp-content\\\/uploads\\\/2023\\\/05\\\/montaje-elecc-escuela-idiomas-ee5a5522.webp\",\"datePublished\":\"2023-06-26T08:50:59+00:00\",\"description\":\"Comienzan las notificaciones a las 837 personas determinadas por el sorteo del Pleno para ocupar presidencias y vocal\u00edas o quedar en reserva\",\"breadcrumb\":{\"@id\":\"https:\\\/\\\/www.laguiadepamplona.com\\\/actualidad\\\/ya-se-puede-conocer-quienes-compondran-las-mesas-electorales-de-pamplona-el-proximo-23-de-julio\\\/#breadcrumb\"},\"inLanguage\":\"es\",\"potentialAction\":[{\"@type\":\"ReadAction\",\"target\":[\"https:\\\/\\\/www.laguiadepamplona.com\\\/actualidad\\\/ya-se-puede-conocer-quienes-compondran-las-mesas-electorales-de-pamplona-el-proximo-23-de-julio\\\/\"]}]},{\"@type\":\"ImageObject\",\"inLanguage\":\"es\",\"@id\":\"https:\\\/\\\/www.laguiadepamplona.com\\\/actualidad\\\/ya-se-puede-conocer-quienes-compondran-las-mesas-electorales-de-pamplona-el-proximo-23-de-julio\\\/#primaryimage\",\"url\":\"https:\\\/\\\/www.laguiadepamplona.com\\\/actualidad\\\/wp-content\\\/uploads\\\/2023\\\/05\\\/montaje-elecc-escuela-idiomas-ee5a5522.webp\",\"contentUrl\":\"https:\\\/\\\/www.laguiadepamplona.com\\\/actualidad\\\/wp-content\\\/uploads\\\/2023\\\/05\\\/montaje-elecc-escuela-idiomas-ee5a5522.webp\",\"width\":1920,\"height\":1280},{\"@type\":\"BreadcrumbList\",\"@id\":\"https:\\\/\\\/www.laguiadepamplona.com\\\/actualidad\\\/ya-se-puede-conocer-quienes-compondran-las-mesas-electorales-de-pamplona-el-proximo-23-de-julio\\\/#breadcrumb\",\"itemListElement\":[{\"@type\":\"ListItem\",\"position\":1,\"name\":\"Portada\",\"item\":\"https:\\\/\\\/www.laguiadepamplona.com\\\/actualidad\\\/\"},{\"@type\":\"ListItem\",\"position\":2,\"name\":\"Ya se puede conocer quienes compondr\u00e1n las mesas electorales de Pamplona el pr\u00f3ximo 23 de julio\"}]},{\"@type\":\"WebSite\",\"@id\":\"https:\\\/\\\/www.laguiadepamplona.com\\\/actualidad\\\/#website\",\"url\":\"https:\\\/\\\/www.laguiadepamplona.com\\\/actualidad\\\/\",\"name\":\"La gu\u00eda de Pamplona\",\"description\":\"Noticias de Pamplona\",\"publisher\":{\"@id\":\"https:\\\/\\\/www.laguiadepamplona.com\\\/actualidad\\\/#organization\"},\"potentialAction\":[{\"@type\":\"SearchAction\",\"target\":{\"@type\":\"EntryPoint\",\"urlTemplate\":\"https:\\\/\\\/www.laguiadepamplona.com\\\/actualidad\\\/?s={search_term_string}\"},\"query-input\":{\"@type\":\"PropertyValueSpecification\",\"valueRequired\":true,\"valueName\":\"search_term_string\"}}],\"inLanguage\":\"es\"},{\"@type\":\"Organization\",\"@id\":\"https:\\\/\\\/www.laguiadepamplona.com\\\/actualidad\\\/#organization\",\"name\":\"La Gu\u00eda de Pamplona \\\/ Noticias\",\"url\":\"https:\\\/\\\/www.laguiadepamplona.com\\\/actualidad\\\/\",\"logo\":{\"@type\":\"ImageObject\",\"inLanguage\":\"es\",\"@id\":\"https:\\\/\\\/www.laguiadepamplona.com\\\/actualidad\\\/#\\\/schema\\\/logo\\\/image\\\/\",\"url\":\"https:\\\/\\\/www.laguiadepamplona.com\\\/actualidad\\\/wp-content\\\/uploads\\\/2018\\\/11\\\/logo-laguiadepamplona18-web1.png\",\"contentUrl\":\"https:\\\/\\\/www.laguiadepamplona.com\\\/actualidad\\\/wp-content\\\/uploads\\\/2018\\\/11\\\/logo-laguiadepamplona18-web1.png\",\"width\":600,\"height\":196,\"caption\":\"La Gu\u00eda de Pamplona \\\/ Noticias\"},\"image\":{\"@id\":\"https:\\\/\\\/www.laguiadepamplona.com\\\/actualidad\\\/#\\\/schema\\\/logo\\\/image\\\/\"},\"sameAs\":[\"https:\\\/\\\/www.facebook.com\\\/laguiadepamplonacom-133175176762273\\\/?ref=hl\",\"https:\\\/\\\/x.com\\\/LaGuiadPamplona\",\"https:\\\/\\\/www.instagram.com\\\/la_guia_de_pamplona\\\/\",\"https:\\\/\\\/www.youtube.com\\\/user\\\/laguiadepamplona\"]},{\"@type\":\"Person\",\"@id\":\"https:\\\/\\\/www.laguiadepamplona.com\\\/actualidad\\\/#\\\/schema\\\/person\\\/efe887376f0213d4657c93adc50b1fdb\",\"name\":\"La Gu\u00eda de Pamplona\",\"image\":{\"@type\":\"ImageObject\",\"inLanguage\":\"es\",\"@id\":\"https:\\\/\\\/secure.gravatar.com\\\/avatar\\\/b6992f131dc8d30ab0dff15446e9d346d9dbd95992de0fef795073f5ea83a81c?s=96&d=mm&r=g\",\"url\":\"https:\\\/\\\/secure.gravatar.com\\\/avatar\\\/b6992f131dc8d30ab0dff15446e9d346d9dbd95992de0fef795073f5ea83a81c?s=96&d=mm&r=g\",\"contentUrl\":\"https:\\\/\\\/secure.gravatar.com\\\/avatar\\\/b6992f131dc8d30ab0dff15446e9d346d9dbd95992de0fef795073f5ea83a81c?s=96&d=mm&r=g\",\"caption\":\"La Gu\u00eda de Pamplona\"}}]}<\/script>\n<!-- \/ Yoast SEO plugin. -->","yoast_head_json":{"title":"Ya se puede conocer quienes compondr\u00e1n las mesas electorales de Pamplona el pr\u00f3ximo 23 de julio","description":"Comienzan las notificaciones a las 837 personas determinadas por el sorteo del Pleno para ocupar presidencias y vocal\u00edas o quedar en reserva","robots":{"index":"index","follow":"follow","max-snippet":"max-snippet:-1","max-image-preview":"max-image-preview:large","max-video-preview":"max-video-preview:-1"},"canonical":"https:\/\/www.laguiadepamplona.com\/actualidad\/ya-se-puede-conocer-quienes-compondran-las-mesas-electorales-de-pamplona-el-proximo-23-de-julio\/","og_locale":"es_ES","og_type":"article","og_title":"Ya se puede conocer quienes compondr\u00e1n las mesas electorales de Pamplona el pr\u00f3ximo 23 de julio","og_description":"Comienzan las notificaciones a las 837 personas determinadas por el sorteo del Pleno para ocupar presidencias y vocal\u00edas o quedar en reserva","og_url":"https:\/\/www.laguiadepamplona.com\/actualidad\/ya-se-puede-conocer-quienes-compondran-las-mesas-electorales-de-pamplona-el-proximo-23-de-julio\/","og_site_name":"La Gu\u00eda de Pamplona","article_publisher":"https:\/\/www.facebook.com\/laguiadepamplonacom-133175176762273\/?ref=hl","article_published_time":"2023-06-26T08:50:59+00:00","og_image":[{"width":1920,"height":1280,"url":"https:\/\/www.laguiadepamplona.com\/actualidad\/wp-content\/uploads\/2023\/05\/montaje-elecc-escuela-idiomas-ee5a5522.webp","type":"image\/webp"}],"author":"La Gu\u00eda de Pamplona","twitter_card":"summary_large_image","twitter_creator":"@LaGuiadPamplona","twitter_site":"@LaGuiadPamplona","twitter_misc":{"Escrito por":"La Gu\u00eda de Pamplona","Tiempo de lectura":"2 minutos"},"schema":{"@context":"https:\/\/schema.org","@graph":[{"@type":"Article","@id":"https:\/\/www.laguiadepamplona.com\/actualidad\/ya-se-puede-conocer-quienes-compondran-las-mesas-electorales-de-pamplona-el-proximo-23-de-julio\/#article","isPartOf":{"@id":"https:\/\/www.laguiadepamplona.com\/actualidad\/ya-se-puede-conocer-quienes-compondran-las-mesas-electorales-de-pamplona-el-proximo-23-de-julio\/"},"author":{"name":"La Gu\u00eda de Pamplona","@id":"https:\/\/www.laguiadepamplona.com\/actualidad\/#\/schema\/person\/efe887376f0213d4657c93adc50b1fdb"},"headline":"Ya se puede conocer quienes compondr\u00e1n las mesas electorales de Pamplona el pr\u00f3ximo 23 de julio","datePublished":"2023-06-26T08:50:59+00:00","mainEntityOfPage":{"@id":"https:\/\/www.laguiadepamplona.com\/actualidad\/ya-se-puede-conocer-quienes-compondran-las-mesas-electorales-de-pamplona-el-proximo-23-de-julio\/"},"wordCount":391,"commentCount":0,"publisher":{"@id":"https:\/\/www.laguiadepamplona.com\/actualidad\/#organization"},"image":{"@id":"https:\/\/www.laguiadepamplona.com\/actualidad\/ya-se-puede-conocer-quienes-compondran-las-mesas-electorales-de-pamplona-el-proximo-23-de-julio\/#primaryimage"},"thumbnailUrl":"https:\/\/www.laguiadepamplona.com\/actualidad\/wp-content\/uploads\/2023\/05\/montaje-elecc-escuela-idiomas-ee5a5522.webp","articleSection":["Ayto Pamplona"],"inLanguage":"es","potentialAction":[{"@type":"CommentAction","name":"Comment","target":["https:\/\/www.laguiadepamplona.com\/actualidad\/ya-se-puede-conocer-quienes-compondran-las-mesas-electorales-de-pamplona-el-proximo-23-de-julio\/#respond"]}]},{"@type":"WebPage","@id":"https:\/\/www.laguiadepamplona.com\/actualidad\/ya-se-puede-conocer-quienes-compondran-las-mesas-electorales-de-pamplona-el-proximo-23-de-julio\/","url":"https:\/\/www.laguiadepamplona.com\/actualidad\/ya-se-puede-conocer-quienes-compondran-las-mesas-electorales-de-pamplona-el-proximo-23-de-julio\/","name":"Ya se puede conocer quienes compondr\u00e1n las mesas electorales de Pamplona el pr\u00f3ximo 23 de julio","isPartOf":{"@id":"https:\/\/www.laguiadepamplona.com\/actualidad\/#website"},"primaryImageOfPage":{"@id":"https:\/\/www.laguiadepamplona.com\/actualidad\/ya-se-puede-conocer-quienes-compondran-las-mesas-electorales-de-pamplona-el-proximo-23-de-julio\/#primaryimage"},"image":{"@id":"https:\/\/www.laguiadepamplona.com\/actualidad\/ya-se-puede-conocer-quienes-compondran-las-mesas-electorales-de-pamplona-el-proximo-23-de-julio\/#primaryimage"},"thumbnailUrl":"https:\/\/www.laguiadepamplona.com\/actualidad\/wp-content\/uploads\/2023\/05\/montaje-elecc-escuela-idiomas-ee5a5522.webp","datePublished":"2023-06-26T08:50:59+00:00","description":"Comienzan las notificaciones a las 837 personas determinadas por el sorteo del Pleno para ocupar presidencias y vocal\u00edas o quedar en reserva","breadcrumb":{"@id":"https:\/\/www.laguiadepamplona.com\/actualidad\/ya-se-puede-conocer-quienes-compondran-las-mesas-electorales-de-pamplona-el-proximo-23-de-julio\/#breadcrumb"},"inLanguage":"es","potentialAction":[{"@type":"ReadAction","target":["https:\/\/www.laguiadepamplona.com\/actualidad\/ya-se-puede-conocer-quienes-compondran-las-mesas-electorales-de-pamplona-el-proximo-23-de-julio\/"]}]},{"@type":"ImageObject","inLanguage":"es","@id":"https:\/\/www.laguiadepamplona.com\/actualidad\/ya-se-puede-conocer-quienes-compondran-las-mesas-electorales-de-pamplona-el-proximo-23-de-julio\/#primaryimage","url":"https:\/\/www.laguiadepamplona.com\/actualidad\/wp-content\/uploads\/2023\/05\/montaje-elecc-escuela-idiomas-ee5a5522.webp","contentUrl":"https:\/\/www.laguiadepamplona.com\/actualidad\/wp-content\/uploads\/2023\/05\/montaje-elecc-escuela-idiomas-ee5a5522.webp","width":1920,"height":1280},{"@type":"BreadcrumbList","@id":"https:\/\/www.laguiadepamplona.com\/actualidad\/ya-se-puede-conocer-quienes-compondran-las-mesas-electorales-de-pamplona-el-proximo-23-de-julio\/#breadcrumb","itemListElement":[{"@type":"ListItem","position":1,"name":"Portada","item":"https:\/\/www.laguiadepamplona.com\/actualidad\/"},{"@type":"ListItem","position":2,"name":"Ya se puede conocer quienes compondr\u00e1n las mesas electorales de Pamplona el pr\u00f3ximo 23 de julio"}]},{"@type":"WebSite","@id":"https:\/\/www.laguiadepamplona.com\/actualidad\/#website","url":"https:\/\/www.laguiadepamplona.com\/actualidad\/","name":"La gu\u00eda de Pamplona","description":"Noticias de Pamplona","publisher":{"@id":"https:\/\/www.laguiadepamplona.com\/actualidad\/#organization"},"potentialAction":[{"@type":"SearchAction","target":{"@type":"EntryPoint","urlTemplate":"https:\/\/www.laguiadepamplona.com\/actualidad\/?s={search_term_string}"},"query-input":{"@type":"PropertyValueSpecification","valueRequired":true,"valueName":"search_term_string"}}],"inLanguage":"es"},{"@type":"Organization","@id":"https:\/\/www.laguiadepamplona.com\/actualidad\/#organization","name":"La Gu\u00eda de Pamplona \/ Noticias","url":"https:\/\/www.laguiadepamplona.com\/actualidad\/","logo":{"@type":"ImageObject","inLanguage":"es","@id":"https:\/\/www.laguiadepamplona.com\/actualidad\/#\/schema\/logo\/image\/","url":"https:\/\/www.laguiadepamplona.com\/actualidad\/wp-content\/uploads\/2018\/11\/logo-laguiadepamplona18-web1.png","contentUrl":"https:\/\/www.laguiadepamplona.com\/actualidad\/wp-content\/uploads\/2018\/11\/logo-laguiadepamplona18-web1.png","width":600,"height":196,"caption":"La Gu\u00eda de Pamplona \/ Noticias"},"image":{"@id":"https:\/\/www.laguiadepamplona.com\/actualidad\/#\/schema\/logo\/image\/"},"sameAs":["https:\/\/www.facebook.com\/laguiadepamplonacom-133175176762273\/?ref=hl","https:\/\/x.com\/LaGuiadPamplona","https:\/\/www.instagram.com\/la_guia_de_pamplona\/","https:\/\/www.youtube.com\/user\/laguiadepamplona"]},{"@type":"Person","@id":"https:\/\/www.laguiadepamplona.com\/actualidad\/#\/schema\/person\/efe887376f0213d4657c93adc50b1fdb","name":"La Gu\u00eda de Pamplona","image":{"@type":"ImageObject","inLanguage":"es","@id":"https:\/\/secure.gravatar.com\/avatar\/b6992f131dc8d30ab0dff15446e9d346d9dbd95992de0fef795073f5ea83a81c?s=96&d=mm&r=g","url":"https:\/\/secure.gravatar.com\/avatar\/b6992f131dc8d30ab0dff15446e9d346d9dbd95992de0fef795073f5ea83a81c?s=96&d=mm&r=g","contentUrl":"https:\/\/secure.gravatar.com\/avatar\/b6992f131dc8d30ab0dff15446e9d346d9dbd95992de0fef795073f5ea83a81c?s=96&d=mm&r=g","caption":"La Gu\u00eda de Pamplona"}}]}},"post_mailing_queue_ids":[],"_links":{"self":[{"href":"https:\/\/www.laguiadepamplona.com\/actualidad\/wp-json\/wp\/v2\/posts\/47150","targetHints":{"allow":["GET"]}}],"collection":[{"href":"https:\/\/www.laguiadepamplona.com\/actualidad\/wp-json\/wp\/v2\/posts"}],"about":[{"href":"https:\/\/www.laguiadepamplona.com\/actualidad\/wp-json\/wp\/v2\/types\/post"}],"author":[{"embeddable":true,"href":"https:\/\/www.laguiadepamplona.com\/actualidad\/wp-json\/wp\/v2\/users\/1"}],"replies":[{"embeddable":true,"href":"https:\/\/www.laguiadepamplona.com\/actualidad\/wp-json\/wp\/v2\/comments?post=47150"}],"version-history":[{"count":1,"href":"https:\/\/www.laguiadepamplona.com\/actualidad\/wp-json\/wp\/v2\/posts\/47150\/revisions"}],"predecessor-version":[{"id":47151,"href":"https:\/\/www.laguiadepamplona.com\/actualidad\/wp-json\/wp\/v2\/posts\/47150\/revisions\/47151"}],"wp:featuredmedia":[{"embeddable":true,"href":"https:\/\/www.laguiadepamplona.com\/actualidad\/wp-json\/wp\/v2\/media\/46839"}],"wp:attachment":[{"href":"https:\/\/www.laguiadepamplona.com\/actualidad\/wp-json\/wp\/v2\/media?parent=47150"}],"wp:term":[{"taxonomy":"category","embeddable":true,"href":"https:\/\/www.laguiadepamplona.com\/actualidad\/wp-json\/wp\/v2\/categories?post=47150"},{"taxonomy":"post_tag","embeddable":true,"href":"https:\/\/www.laguiadepamplona.com\/actualidad\/wp-json\/wp\/v2\/tags?post=47150"}],"curies":[{"name":"wp","href":"https:\/\/api.w.org\/{rel}","templated":true}]}}