{"id":47147,"date":"2023-06-23T11:06:04","date_gmt":"2023-06-23T09:06:04","guid":{"rendered":"https:\/\/www.laguiadepamplona.com\/actualidad\/?p=47147"},"modified":"2023-06-23T11:09:43","modified_gmt":"2023-06-23T09:09:43","slug":"pamplona-celebra-este-sabado-el-dia-del-camino-de-santiago-con-un-recorrido-que-parte-desde-el-puente-de-la-magdalena-hasta-el-campus-de-la-universidad-de-navarra","status":"publish","type":"post","link":"https:\/\/www.laguiadepamplona.com\/actualidad\/pamplona-celebra-este-sabado-el-dia-del-camino-de-santiago-con-un-recorrido-que-parte-desde-el-puente-de-la-magdalena-hasta-el-campus-de-la-universidad-de-navarra\/","title":{"rendered":"Pamplona celebra este s\u00e1bado el D\u00eda del Camino de Santiago con un recorrido que parte desde el puente de la Magdalena hasta el Campus de la Universidad de Navarra"},"content":{"rendered":"<h3>El programa, abierto a toda la ciudadan\u00eda, cuenta con la animaci\u00f3n musical de las Casas Regionales en Navarra<\/h3>\n<p><!--more--><\/p>\n<p>El Ayuntamiento de Pamplona, junto a la Asociaci\u00f3n de Amigos del Camino de Santiago en Navarra, invitan a participar este s\u00e1bado en el D\u00eda del Camino de Santiago. Con esta celebraci\u00f3n se quiere visibilizar la importancia que la Ruta Jacobea tradicional tiene en la ciudad. Se recorrer\u00e1n a pie unos cuatro kil\u00f3metros, partiendo desde el puente de la Magdalena. El programa da comienzo <strong><u>a las 10 de la ma\u00f1ana<\/u><\/strong>.<\/p>\n<p>Est\u00e1 prevista la participaci\u00f3n de la alcaldesa de Pamplona, <strong>Cristina Ibarrola<\/strong>, y las concejalas <strong>Mar\u00eda Ech\u00e1varri<\/strong> y <strong>Clara Garc\u00eda-Vali\u00f1o<\/strong>. La marcha recorrer\u00e1 el mismo itinerario que hacen los peregrinos en su entrada a la ciudad, desde el puente medieval sobre el r\u00edo Arga. All\u00ed se repartir\u00e1n las credenciales, para que las personas participantes se puedan identificar y recibir un obsequio preparado por el Ayuntamiento al t\u00e9rmino de la marcha.<br \/>\n<script async src=\"\/\/pagead2.googlesyndication.com\/pagead\/js\/adsbygoogle.js\"><\/script><br \/>\n<!-- Noticias La Guia de Pamplona --><br \/>\n<ins class=\"adsbygoogle\"\nstyle=\"display:block\"\ndata-ad-client=\"ca-pub-6943679897239327\"\ndata-ad-slot=\"7048180777\"\ndata-ad-format=\"auto\"><\/ins><br \/>\n<script>\n(adsbygoogle = window.adsbygoogle || []).push({});\n<\/script><\/p>\n<p>Tras la interpretaci\u00f3n de la Aurora del Peregrino, a cargo de la Asociaci\u00f3n de Amigos del Camino de Santiago, <strong><u>la marcha arrancar\u00e1 a las 10.30<\/u><\/strong> hacia el Casco Antiguo. Las Casas Regionales en Navarra acompa\u00f1ar\u00e1n con su m\u00fasica el recorrido jacobeo por el n\u00facleo urbano. El punto de llegada es la plaza de las bibliotecas, en el campus de la Universidad de Navarra, donde se sellar\u00e1 la credencial y se entregar\u00e1 el obsequio municipal.<\/p>\n<p>El Camino de Santiago entra en Pamplona desde la localidad vecina de Burlada y atraviesa el puente medieval de la Magdalena, del siglo XII, declarado Bien de Inter\u00e9s Cultural y Monumento Hist\u00f3rico Art\u00edstico. Desde all\u00ed la ruta entra en el Casco Antiguo a trav\u00e9s del Portal de Francia, del siglo XVIII, que forma parte del recinto amurallado de la ciudad. Tras subir por la calle del Carmen y Navarrer\u00eda, junto a la Catedral de Santa Mar\u00eda la Real, sigue por Mercaderes hasta la plaza Consistorial, donde destaca la fachada barroca del Ayuntamiento.<\/p>\n<p>El itinerario se dirige por la calle Mayor hacia San Lorenzo, pasando por la iglesia de San Saturnino, el Palacio del Condestable, el centro Ultreia de interpretaci\u00f3n de la ruta jacobea y el Palacio de Ezpeleta, hasta desembocar en la calle Bosquecillo y vuelta del Castillo. Desde all\u00ed, a trav\u00e9s del barrio de Iturrama, se sale de la ciudad por los jardines del campus de la Universidad de Navarra, que es donde termina la marcha de este s\u00e1bado.<br \/>\n<script async src=\"\/\/pagead2.googlesyndication.com\/pagead\/js\/adsbygoogle.js\"><\/script><br \/>\n<!-- Noticias La Guia de Pamplona --><br \/>\n<ins class=\"adsbygoogle\"\nstyle=\"display:block\"\ndata-ad-client=\"ca-pub-6943679897239327\"\ndata-ad-slot=\"7048180777\"\ndata-ad-format=\"auto\"><\/ins><br \/>\n<script>\n(adsbygoogle = window.adsbygoogle || []).push({});\n<\/script><\/p>\n<p>&nbsp;<\/p>\n<h3>D\u00eda del Camino de Santiago<\/h3>\n<ul>\n<li>Organizado por el Ayuntamiento de Pamplona y la Asociaci\u00f3n de Amigos del Camino de Santiago en Navarra\n<ul>\n<li>Itinerario: desde el puente de la Magdalena hasta la Universidad de Navarra<\/li>\n<li>00: reparto de credenciales a las personas participantes<\/li>\n<li>30: salida de la marcha<\/li>\n<li>15: llegada al campus de la universidad<\/li>\n<\/ul>\n<\/li>\n<\/ul>\n","protected":false},"excerpt":{"rendered":"<p>El programa, abierto a toda la ciudadan\u00eda, cuenta con la animaci\u00f3n musical de las Casas Regionales en Navarra<\/p>\n","protected":false},"author":1,"featured_media":47148,"comment_status":"open","ping_status":"closed","sticky":false,"template":"","format":"standard","meta":{"footnotes":""},"categories":[2],"tags":[],"class_list":["post-47147","post","type-post","status-publish","format-standard","has-post-thumbnail","hentry","category-ayuntamiento-pamplona"],"yoast_head":"<!-- This site is optimized with the Yoast SEO plugin v27.3 - https:\/\/yoast.com\/product\/yoast-seo-wordpress\/ -->\n<title>Pamplona celebra este s\u00e1bado el D\u00eda del Camino de Santiago con un recorrido que parte desde el puente de la Magdalena hasta el Campus de la Universidad de Navarra<\/title>\n<meta name=\"description\" content=\"El programa, abierto a toda la ciudadan\u00eda, cuenta con la animaci\u00f3n musical de las Casas Regionales en Navarra\" \/>\n<meta name=\"robots\" content=\"index, follow, max-snippet:-1, max-image-preview:large, max-video-preview:-1\" \/>\n<link rel=\"canonical\" href=\"https:\/\/www.laguiadepamplona.com\/actualidad\/pamplona-celebra-este-sabado-el-dia-del-camino-de-santiago-con-un-recorrido-que-parte-desde-el-puente-de-la-magdalena-hasta-el-campus-de-la-universidad-de-navarra\/\" \/>\n<meta property=\"og:locale\" content=\"es_ES\" \/>\n<meta property=\"og:type\" content=\"article\" \/>\n<meta property=\"og:title\" content=\"Pamplona celebra este s\u00e1bado el D\u00eda del Camino de Santiago con un recorrido que parte desde el puente de la Magdalena hasta el Campus de la Universidad de Navarra\" \/>\n<meta property=\"og:description\" content=\"El programa, abierto a toda la ciudadan\u00eda, cuenta con la animaci\u00f3n musical de las Casas Regionales en Navarra\" \/>\n<meta property=\"og:url\" content=\"https:\/\/www.laguiadepamplona.com\/actualidad\/pamplona-celebra-este-sabado-el-dia-del-camino-de-santiago-con-un-recorrido-que-parte-desde-el-puente-de-la-magdalena-hasta-el-campus-de-la-universidad-de-navarra\/\" \/>\n<meta property=\"og:site_name\" content=\"La Gu\u00eda de Pamplona\" \/>\n<meta property=\"article:publisher\" content=\"https:\/\/www.facebook.com\/laguiadepamplonacom-133175176762273\/?ref=hl\" \/>\n<meta property=\"article:published_time\" content=\"2023-06-23T09:06:04+00:00\" \/>\n<meta property=\"article:modified_time\" content=\"2023-06-23T09:09:43+00:00\" \/>\n<meta property=\"og:image\" content=\"https:\/\/www.laguiadepamplona.com\/actualidad\/wp-content\/uploads\/2023\/06\/camino-santiago.webp\" \/>\n\t<meta property=\"og:image:width\" content=\"1600\" \/>\n\t<meta property=\"og:image:height\" content=\"1067\" \/>\n\t<meta property=\"og:image:type\" content=\"image\/webp\" \/>\n<meta name=\"author\" content=\"La Gu\u00eda de Pamplona\" \/>\n<meta name=\"twitter:card\" content=\"summary_large_image\" \/>\n<meta name=\"twitter:creator\" content=\"@LaGuiadPamplona\" \/>\n<meta name=\"twitter:site\" content=\"@LaGuiadPamplona\" \/>\n<meta name=\"twitter:label1\" content=\"Escrito por\" \/>\n\t<meta name=\"twitter:data1\" content=\"La Gu\u00eda de Pamplona\" \/>\n\t<meta name=\"twitter:label2\" content=\"Tiempo de lectura\" \/>\n\t<meta name=\"twitter:data2\" content=\"3 minutos\" \/>\n<script type=\"application\/ld+json\" class=\"yoast-schema-graph\">{\"@context\":\"https:\\\/\\\/schema.org\",\"@graph\":[{\"@type\":\"Article\",\"@id\":\"https:\\\/\\\/www.laguiadepamplona.com\\\/actualidad\\\/pamplona-celebra-este-sabado-el-dia-del-camino-de-santiago-con-un-recorrido-que-parte-desde-el-puente-de-la-magdalena-hasta-el-campus-de-la-universidad-de-navarra\\\/#article\",\"isPartOf\":{\"@id\":\"https:\\\/\\\/www.laguiadepamplona.com\\\/actualidad\\\/pamplona-celebra-este-sabado-el-dia-del-camino-de-santiago-con-un-recorrido-que-parte-desde-el-puente-de-la-magdalena-hasta-el-campus-de-la-universidad-de-navarra\\\/\"},\"author\":{\"name\":\"La Gu\u00eda de Pamplona\",\"@id\":\"https:\\\/\\\/www.laguiadepamplona.com\\\/actualidad\\\/#\\\/schema\\\/person\\\/efe887376f0213d4657c93adc50b1fdb\"},\"headline\":\"Pamplona celebra este s\u00e1bado el D\u00eda del Camino de Santiago con un recorrido que parte desde el puente de la Magdalena hasta el Campus de la Universidad de Navarra\",\"datePublished\":\"2023-06-23T09:06:04+00:00\",\"dateModified\":\"2023-06-23T09:09:43+00:00\",\"mainEntityOfPage\":{\"@id\":\"https:\\\/\\\/www.laguiadepamplona.com\\\/actualidad\\\/pamplona-celebra-este-sabado-el-dia-del-camino-de-santiago-con-un-recorrido-que-parte-desde-el-puente-de-la-magdalena-hasta-el-campus-de-la-universidad-de-navarra\\\/\"},\"wordCount\":515,\"commentCount\":0,\"publisher\":{\"@id\":\"https:\\\/\\\/www.laguiadepamplona.com\\\/actualidad\\\/#organization\"},\"image\":{\"@id\":\"https:\\\/\\\/www.laguiadepamplona.com\\\/actualidad\\\/pamplona-celebra-este-sabado-el-dia-del-camino-de-santiago-con-un-recorrido-que-parte-desde-el-puente-de-la-magdalena-hasta-el-campus-de-la-universidad-de-navarra\\\/#primaryimage\"},\"thumbnailUrl\":\"https:\\\/\\\/www.laguiadepamplona.com\\\/actualidad\\\/wp-content\\\/uploads\\\/2023\\\/06\\\/camino-santiago.webp\",\"articleSection\":[\"Ayto Pamplona\"],\"inLanguage\":\"es\",\"potentialAction\":[{\"@type\":\"CommentAction\",\"name\":\"Comment\",\"target\":[\"https:\\\/\\\/www.laguiadepamplona.com\\\/actualidad\\\/pamplona-celebra-este-sabado-el-dia-del-camino-de-santiago-con-un-recorrido-que-parte-desde-el-puente-de-la-magdalena-hasta-el-campus-de-la-universidad-de-navarra\\\/#respond\"]}]},{\"@type\":\"WebPage\",\"@id\":\"https:\\\/\\\/www.laguiadepamplona.com\\\/actualidad\\\/pamplona-celebra-este-sabado-el-dia-del-camino-de-santiago-con-un-recorrido-que-parte-desde-el-puente-de-la-magdalena-hasta-el-campus-de-la-universidad-de-navarra\\\/\",\"url\":\"https:\\\/\\\/www.laguiadepamplona.com\\\/actualidad\\\/pamplona-celebra-este-sabado-el-dia-del-camino-de-santiago-con-un-recorrido-que-parte-desde-el-puente-de-la-magdalena-hasta-el-campus-de-la-universidad-de-navarra\\\/\",\"name\":\"Pamplona celebra este s\u00e1bado el D\u00eda del Camino de Santiago con un recorrido que parte desde el puente de la Magdalena hasta el Campus de la Universidad de Navarra\",\"isPartOf\":{\"@id\":\"https:\\\/\\\/www.laguiadepamplona.com\\\/actualidad\\\/#website\"},\"primaryImageOfPage\":{\"@id\":\"https:\\\/\\\/www.laguiadepamplona.com\\\/actualidad\\\/pamplona-celebra-este-sabado-el-dia-del-camino-de-santiago-con-un-recorrido-que-parte-desde-el-puente-de-la-magdalena-hasta-el-campus-de-la-universidad-de-navarra\\\/#primaryimage\"},\"image\":{\"@id\":\"https:\\\/\\\/www.laguiadepamplona.com\\\/actualidad\\\/pamplona-celebra-este-sabado-el-dia-del-camino-de-santiago-con-un-recorrido-que-parte-desde-el-puente-de-la-magdalena-hasta-el-campus-de-la-universidad-de-navarra\\\/#primaryimage\"},\"thumbnailUrl\":\"https:\\\/\\\/www.laguiadepamplona.com\\\/actualidad\\\/wp-content\\\/uploads\\\/2023\\\/06\\\/camino-santiago.webp\",\"datePublished\":\"2023-06-23T09:06:04+00:00\",\"dateModified\":\"2023-06-23T09:09:43+00:00\",\"description\":\"El programa, abierto a toda la ciudadan\u00eda, cuenta con la animaci\u00f3n musical de las Casas Regionales en Navarra\",\"breadcrumb\":{\"@id\":\"https:\\\/\\\/www.laguiadepamplona.com\\\/actualidad\\\/pamplona-celebra-este-sabado-el-dia-del-camino-de-santiago-con-un-recorrido-que-parte-desde-el-puente-de-la-magdalena-hasta-el-campus-de-la-universidad-de-navarra\\\/#breadcrumb\"},\"inLanguage\":\"es\",\"potentialAction\":[{\"@type\":\"ReadAction\",\"target\":[\"https:\\\/\\\/www.laguiadepamplona.com\\\/actualidad\\\/pamplona-celebra-este-sabado-el-dia-del-camino-de-santiago-con-un-recorrido-que-parte-desde-el-puente-de-la-magdalena-hasta-el-campus-de-la-universidad-de-navarra\\\/\"]}]},{\"@type\":\"ImageObject\",\"inLanguage\":\"es\",\"@id\":\"https:\\\/\\\/www.laguiadepamplona.com\\\/actualidad\\\/pamplona-celebra-este-sabado-el-dia-del-camino-de-santiago-con-un-recorrido-que-parte-desde-el-puente-de-la-magdalena-hasta-el-campus-de-la-universidad-de-navarra\\\/#primaryimage\",\"url\":\"https:\\\/\\\/www.laguiadepamplona.com\\\/actualidad\\\/wp-content\\\/uploads\\\/2023\\\/06\\\/camino-santiago.webp\",\"contentUrl\":\"https:\\\/\\\/www.laguiadepamplona.com\\\/actualidad\\\/wp-content\\\/uploads\\\/2023\\\/06\\\/camino-santiago.webp\",\"width\":1600,\"height\":1067,\"caption\":\"camino\"},{\"@type\":\"BreadcrumbList\",\"@id\":\"https:\\\/\\\/www.laguiadepamplona.com\\\/actualidad\\\/pamplona-celebra-este-sabado-el-dia-del-camino-de-santiago-con-un-recorrido-que-parte-desde-el-puente-de-la-magdalena-hasta-el-campus-de-la-universidad-de-navarra\\\/#breadcrumb\",\"itemListElement\":[{\"@type\":\"ListItem\",\"position\":1,\"name\":\"Portada\",\"item\":\"https:\\\/\\\/www.laguiadepamplona.com\\\/actualidad\\\/\"},{\"@type\":\"ListItem\",\"position\":2,\"name\":\"Pamplona celebra este s\u00e1bado el D\u00eda del Camino de Santiago con un recorrido que parte desde el puente de la Magdalena hasta el Campus de la Universidad de Navarra\"}]},{\"@type\":\"WebSite\",\"@id\":\"https:\\\/\\\/www.laguiadepamplona.com\\\/actualidad\\\/#website\",\"url\":\"https:\\\/\\\/www.laguiadepamplona.com\\\/actualidad\\\/\",\"name\":\"La gu\u00eda de Pamplona\",\"description\":\"Noticias de Pamplona\",\"publisher\":{\"@id\":\"https:\\\/\\\/www.laguiadepamplona.com\\\/actualidad\\\/#organization\"},\"potentialAction\":[{\"@type\":\"SearchAction\",\"target\":{\"@type\":\"EntryPoint\",\"urlTemplate\":\"https:\\\/\\\/www.laguiadepamplona.com\\\/actualidad\\\/?s={search_term_string}\"},\"query-input\":{\"@type\":\"PropertyValueSpecification\",\"valueRequired\":true,\"valueName\":\"search_term_string\"}}],\"inLanguage\":\"es\"},{\"@type\":\"Organization\",\"@id\":\"https:\\\/\\\/www.laguiadepamplona.com\\\/actualidad\\\/#organization\",\"name\":\"La Gu\u00eda de Pamplona \\\/ Noticias\",\"url\":\"https:\\\/\\\/www.laguiadepamplona.com\\\/actualidad\\\/\",\"logo\":{\"@type\":\"ImageObject\",\"inLanguage\":\"es\",\"@id\":\"https:\\\/\\\/www.laguiadepamplona.com\\\/actualidad\\\/#\\\/schema\\\/logo\\\/image\\\/\",\"url\":\"https:\\\/\\\/www.laguiadepamplona.com\\\/actualidad\\\/wp-content\\\/uploads\\\/2018\\\/11\\\/logo-laguiadepamplona18-web1.png\",\"contentUrl\":\"https:\\\/\\\/www.laguiadepamplona.com\\\/actualidad\\\/wp-content\\\/uploads\\\/2018\\\/11\\\/logo-laguiadepamplona18-web1.png\",\"width\":600,\"height\":196,\"caption\":\"La Gu\u00eda de Pamplona \\\/ Noticias\"},\"image\":{\"@id\":\"https:\\\/\\\/www.laguiadepamplona.com\\\/actualidad\\\/#\\\/schema\\\/logo\\\/image\\\/\"},\"sameAs\":[\"https:\\\/\\\/www.facebook.com\\\/laguiadepamplonacom-133175176762273\\\/?ref=hl\",\"https:\\\/\\\/x.com\\\/LaGuiadPamplona\",\"https:\\\/\\\/www.instagram.com\\\/la_guia_de_pamplona\\\/\",\"https:\\\/\\\/www.youtube.com\\\/user\\\/laguiadepamplona\"]},{\"@type\":\"Person\",\"@id\":\"https:\\\/\\\/www.laguiadepamplona.com\\\/actualidad\\\/#\\\/schema\\\/person\\\/efe887376f0213d4657c93adc50b1fdb\",\"name\":\"La Gu\u00eda de Pamplona\",\"image\":{\"@type\":\"ImageObject\",\"inLanguage\":\"es\",\"@id\":\"https:\\\/\\\/secure.gravatar.com\\\/avatar\\\/b6992f131dc8d30ab0dff15446e9d346d9dbd95992de0fef795073f5ea83a81c?s=96&d=mm&r=g\",\"url\":\"https:\\\/\\\/secure.gravatar.com\\\/avatar\\\/b6992f131dc8d30ab0dff15446e9d346d9dbd95992de0fef795073f5ea83a81c?s=96&d=mm&r=g\",\"contentUrl\":\"https:\\\/\\\/secure.gravatar.com\\\/avatar\\\/b6992f131dc8d30ab0dff15446e9d346d9dbd95992de0fef795073f5ea83a81c?s=96&d=mm&r=g\",\"caption\":\"La Gu\u00eda de Pamplona\"}}]}<\/script>\n<!-- \/ Yoast SEO plugin. -->","yoast_head_json":{"title":"Pamplona celebra este s\u00e1bado el D\u00eda del Camino de Santiago con un recorrido que parte desde el puente de la Magdalena hasta el Campus de la Universidad de Navarra","description":"El programa, abierto a toda la ciudadan\u00eda, cuenta con la animaci\u00f3n musical de las Casas Regionales en Navarra","robots":{"index":"index","follow":"follow","max-snippet":"max-snippet:-1","max-image-preview":"max-image-preview:large","max-video-preview":"max-video-preview:-1"},"canonical":"https:\/\/www.laguiadepamplona.com\/actualidad\/pamplona-celebra-este-sabado-el-dia-del-camino-de-santiago-con-un-recorrido-que-parte-desde-el-puente-de-la-magdalena-hasta-el-campus-de-la-universidad-de-navarra\/","og_locale":"es_ES","og_type":"article","og_title":"Pamplona celebra este s\u00e1bado el D\u00eda del Camino de Santiago con un recorrido que parte desde el puente de la Magdalena hasta el Campus de la Universidad de Navarra","og_description":"El programa, abierto a toda la ciudadan\u00eda, cuenta con la animaci\u00f3n musical de las Casas Regionales en Navarra","og_url":"https:\/\/www.laguiadepamplona.com\/actualidad\/pamplona-celebra-este-sabado-el-dia-del-camino-de-santiago-con-un-recorrido-que-parte-desde-el-puente-de-la-magdalena-hasta-el-campus-de-la-universidad-de-navarra\/","og_site_name":"La Gu\u00eda de Pamplona","article_publisher":"https:\/\/www.facebook.com\/laguiadepamplonacom-133175176762273\/?ref=hl","article_published_time":"2023-06-23T09:06:04+00:00","article_modified_time":"2023-06-23T09:09:43+00:00","og_image":[{"width":1600,"height":1067,"url":"https:\/\/www.laguiadepamplona.com\/actualidad\/wp-content\/uploads\/2023\/06\/camino-santiago.webp","type":"image\/webp"}],"author":"La Gu\u00eda de Pamplona","twitter_card":"summary_large_image","twitter_creator":"@LaGuiadPamplona","twitter_site":"@LaGuiadPamplona","twitter_misc":{"Escrito por":"La Gu\u00eda de Pamplona","Tiempo de lectura":"3 minutos"},"schema":{"@context":"https:\/\/schema.org","@graph":[{"@type":"Article","@id":"https:\/\/www.laguiadepamplona.com\/actualidad\/pamplona-celebra-este-sabado-el-dia-del-camino-de-santiago-con-un-recorrido-que-parte-desde-el-puente-de-la-magdalena-hasta-el-campus-de-la-universidad-de-navarra\/#article","isPartOf":{"@id":"https:\/\/www.laguiadepamplona.com\/actualidad\/pamplona-celebra-este-sabado-el-dia-del-camino-de-santiago-con-un-recorrido-que-parte-desde-el-puente-de-la-magdalena-hasta-el-campus-de-la-universidad-de-navarra\/"},"author":{"name":"La Gu\u00eda de Pamplona","@id":"https:\/\/www.laguiadepamplona.com\/actualidad\/#\/schema\/person\/efe887376f0213d4657c93adc50b1fdb"},"headline":"Pamplona celebra este s\u00e1bado el D\u00eda del Camino de Santiago con un recorrido que parte desde el puente de la Magdalena hasta el Campus de la Universidad de Navarra","datePublished":"2023-06-23T09:06:04+00:00","dateModified":"2023-06-23T09:09:43+00:00","mainEntityOfPage":{"@id":"https:\/\/www.laguiadepamplona.com\/actualidad\/pamplona-celebra-este-sabado-el-dia-del-camino-de-santiago-con-un-recorrido-que-parte-desde-el-puente-de-la-magdalena-hasta-el-campus-de-la-universidad-de-navarra\/"},"wordCount":515,"commentCount":0,"publisher":{"@id":"https:\/\/www.laguiadepamplona.com\/actualidad\/#organization"},"image":{"@id":"https:\/\/www.laguiadepamplona.com\/actualidad\/pamplona-celebra-este-sabado-el-dia-del-camino-de-santiago-con-un-recorrido-que-parte-desde-el-puente-de-la-magdalena-hasta-el-campus-de-la-universidad-de-navarra\/#primaryimage"},"thumbnailUrl":"https:\/\/www.laguiadepamplona.com\/actualidad\/wp-content\/uploads\/2023\/06\/camino-santiago.webp","articleSection":["Ayto Pamplona"],"inLanguage":"es","potentialAction":[{"@type":"CommentAction","name":"Comment","target":["https:\/\/www.laguiadepamplona.com\/actualidad\/pamplona-celebra-este-sabado-el-dia-del-camino-de-santiago-con-un-recorrido-que-parte-desde-el-puente-de-la-magdalena-hasta-el-campus-de-la-universidad-de-navarra\/#respond"]}]},{"@type":"WebPage","@id":"https:\/\/www.laguiadepamplona.com\/actualidad\/pamplona-celebra-este-sabado-el-dia-del-camino-de-santiago-con-un-recorrido-que-parte-desde-el-puente-de-la-magdalena-hasta-el-campus-de-la-universidad-de-navarra\/","url":"https:\/\/www.laguiadepamplona.com\/actualidad\/pamplona-celebra-este-sabado-el-dia-del-camino-de-santiago-con-un-recorrido-que-parte-desde-el-puente-de-la-magdalena-hasta-el-campus-de-la-universidad-de-navarra\/","name":"Pamplona celebra este s\u00e1bado el D\u00eda del Camino de Santiago con un recorrido que parte desde el puente de la Magdalena hasta el Campus de la Universidad de Navarra","isPartOf":{"@id":"https:\/\/www.laguiadepamplona.com\/actualidad\/#website"},"primaryImageOfPage":{"@id":"https:\/\/www.laguiadepamplona.com\/actualidad\/pamplona-celebra-este-sabado-el-dia-del-camino-de-santiago-con-un-recorrido-que-parte-desde-el-puente-de-la-magdalena-hasta-el-campus-de-la-universidad-de-navarra\/#primaryimage"},"image":{"@id":"https:\/\/www.laguiadepamplona.com\/actualidad\/pamplona-celebra-este-sabado-el-dia-del-camino-de-santiago-con-un-recorrido-que-parte-desde-el-puente-de-la-magdalena-hasta-el-campus-de-la-universidad-de-navarra\/#primaryimage"},"thumbnailUrl":"https:\/\/www.laguiadepamplona.com\/actualidad\/wp-content\/uploads\/2023\/06\/camino-santiago.webp","datePublished":"2023-06-23T09:06:04+00:00","dateModified":"2023-06-23T09:09:43+00:00","description":"El programa, abierto a toda la ciudadan\u00eda, cuenta con la animaci\u00f3n musical de las Casas Regionales en Navarra","breadcrumb":{"@id":"https:\/\/www.laguiadepamplona.com\/actualidad\/pamplona-celebra-este-sabado-el-dia-del-camino-de-santiago-con-un-recorrido-que-parte-desde-el-puente-de-la-magdalena-hasta-el-campus-de-la-universidad-de-navarra\/#breadcrumb"},"inLanguage":"es","potentialAction":[{"@type":"ReadAction","target":["https:\/\/www.laguiadepamplona.com\/actualidad\/pamplona-celebra-este-sabado-el-dia-del-camino-de-santiago-con-un-recorrido-que-parte-desde-el-puente-de-la-magdalena-hasta-el-campus-de-la-universidad-de-navarra\/"]}]},{"@type":"ImageObject","inLanguage":"es","@id":"https:\/\/www.laguiadepamplona.com\/actualidad\/pamplona-celebra-este-sabado-el-dia-del-camino-de-santiago-con-un-recorrido-que-parte-desde-el-puente-de-la-magdalena-hasta-el-campus-de-la-universidad-de-navarra\/#primaryimage","url":"https:\/\/www.laguiadepamplona.com\/actualidad\/wp-content\/uploads\/2023\/06\/camino-santiago.webp","contentUrl":"https:\/\/www.laguiadepamplona.com\/actualidad\/wp-content\/uploads\/2023\/06\/camino-santiago.webp","width":1600,"height":1067,"caption":"camino"},{"@type":"BreadcrumbList","@id":"https:\/\/www.laguiadepamplona.com\/actualidad\/pamplona-celebra-este-sabado-el-dia-del-camino-de-santiago-con-un-recorrido-que-parte-desde-el-puente-de-la-magdalena-hasta-el-campus-de-la-universidad-de-navarra\/#breadcrumb","itemListElement":[{"@type":"ListItem","position":1,"name":"Portada","item":"https:\/\/www.laguiadepamplona.com\/actualidad\/"},{"@type":"ListItem","position":2,"name":"Pamplona celebra este s\u00e1bado el D\u00eda del Camino de Santiago con un recorrido que parte desde el puente de la Magdalena hasta el Campus de la Universidad de Navarra"}]},{"@type":"WebSite","@id":"https:\/\/www.laguiadepamplona.com\/actualidad\/#website","url":"https:\/\/www.laguiadepamplona.com\/actualidad\/","name":"La gu\u00eda de Pamplona","description":"Noticias de Pamplona","publisher":{"@id":"https:\/\/www.laguiadepamplona.com\/actualidad\/#organization"},"potentialAction":[{"@type":"SearchAction","target":{"@type":"EntryPoint","urlTemplate":"https:\/\/www.laguiadepamplona.com\/actualidad\/?s={search_term_string}"},"query-input":{"@type":"PropertyValueSpecification","valueRequired":true,"valueName":"search_term_string"}}],"inLanguage":"es"},{"@type":"Organization","@id":"https:\/\/www.laguiadepamplona.com\/actualidad\/#organization","name":"La Gu\u00eda de Pamplona \/ Noticias","url":"https:\/\/www.laguiadepamplona.com\/actualidad\/","logo":{"@type":"ImageObject","inLanguage":"es","@id":"https:\/\/www.laguiadepamplona.com\/actualidad\/#\/schema\/logo\/image\/","url":"https:\/\/www.laguiadepamplona.com\/actualidad\/wp-content\/uploads\/2018\/11\/logo-laguiadepamplona18-web1.png","contentUrl":"https:\/\/www.laguiadepamplona.com\/actualidad\/wp-content\/uploads\/2018\/11\/logo-laguiadepamplona18-web1.png","width":600,"height":196,"caption":"La Gu\u00eda de Pamplona \/ Noticias"},"image":{"@id":"https:\/\/www.laguiadepamplona.com\/actualidad\/#\/schema\/logo\/image\/"},"sameAs":["https:\/\/www.facebook.com\/laguiadepamplonacom-133175176762273\/?ref=hl","https:\/\/x.com\/LaGuiadPamplona","https:\/\/www.instagram.com\/la_guia_de_pamplona\/","https:\/\/www.youtube.com\/user\/laguiadepamplona"]},{"@type":"Person","@id":"https:\/\/www.laguiadepamplona.com\/actualidad\/#\/schema\/person\/efe887376f0213d4657c93adc50b1fdb","name":"La Gu\u00eda de Pamplona","image":{"@type":"ImageObject","inLanguage":"es","@id":"https:\/\/secure.gravatar.com\/avatar\/b6992f131dc8d30ab0dff15446e9d346d9dbd95992de0fef795073f5ea83a81c?s=96&d=mm&r=g","url":"https:\/\/secure.gravatar.com\/avatar\/b6992f131dc8d30ab0dff15446e9d346d9dbd95992de0fef795073f5ea83a81c?s=96&d=mm&r=g","contentUrl":"https:\/\/secure.gravatar.com\/avatar\/b6992f131dc8d30ab0dff15446e9d346d9dbd95992de0fef795073f5ea83a81c?s=96&d=mm&r=g","caption":"La Gu\u00eda de Pamplona"}}]}},"post_mailing_queue_ids":[],"_links":{"self":[{"href":"https:\/\/www.laguiadepamplona.com\/actualidad\/wp-json\/wp\/v2\/posts\/47147","targetHints":{"allow":["GET"]}}],"collection":[{"href":"https:\/\/www.laguiadepamplona.com\/actualidad\/wp-json\/wp\/v2\/posts"}],"about":[{"href":"https:\/\/www.laguiadepamplona.com\/actualidad\/wp-json\/wp\/v2\/types\/post"}],"author":[{"embeddable":true,"href":"https:\/\/www.laguiadepamplona.com\/actualidad\/wp-json\/wp\/v2\/users\/1"}],"replies":[{"embeddable":true,"href":"https:\/\/www.laguiadepamplona.com\/actualidad\/wp-json\/wp\/v2\/comments?post=47147"}],"version-history":[{"count":1,"href":"https:\/\/www.laguiadepamplona.com\/actualidad\/wp-json\/wp\/v2\/posts\/47147\/revisions"}],"predecessor-version":[{"id":47149,"href":"https:\/\/www.laguiadepamplona.com\/actualidad\/wp-json\/wp\/v2\/posts\/47147\/revisions\/47149"}],"wp:featuredmedia":[{"embeddable":true,"href":"https:\/\/www.laguiadepamplona.com\/actualidad\/wp-json\/wp\/v2\/media\/47148"}],"wp:attachment":[{"href":"https:\/\/www.laguiadepamplona.com\/actualidad\/wp-json\/wp\/v2\/media?parent=47147"}],"wp:term":[{"taxonomy":"category","embeddable":true,"href":"https:\/\/www.laguiadepamplona.com\/actualidad\/wp-json\/wp\/v2\/categories?post=47147"},{"taxonomy":"post_tag","embeddable":true,"href":"https:\/\/www.laguiadepamplona.com\/actualidad\/wp-json\/wp\/v2\/tags?post=47147"}],"curies":[{"name":"wp","href":"https:\/\/api.w.org\/{rel}","templated":true}]}}