{"id":47138,"date":"2023-06-22T16:22:42","date_gmt":"2023-06-22T14:22:42","guid":{"rendered":"https:\/\/www.laguiadepamplona.com\/actualidad\/?p=47138"},"modified":"2023-06-22T16:32:58","modified_gmt":"2023-06-22T14:32:58","slug":"la-temporada-de-verano-arranca-este-jueves-en-aquavox-san-jorge","status":"publish","type":"post","link":"https:\/\/www.laguiadepamplona.com\/actualidad\/la-temporada-de-verano-arranca-este-jueves-en-aquavox-san-jorge\/","title":{"rendered":"La temporada de verano arranca este jueves en Aquavox San Jorge"},"content":{"rendered":"<h2>Este espacio municipal dispondr\u00e1 de un monitor de asesoramiento deportivo que podr\u00e1 realizar planes de entrenamiento individualizados<\/h2>\n<p><!--more--><\/p>\n<p>El complejo deportivo municipal Aquavox San Jorge inicia este jueves la temporada de verano, con horario de 10 a 20.30 horas, de forma ininterrumpida de lunes a domingo, que se prolongar\u00e1 hasta el 15 de septiembre. El acceso a este espacio municipal puede hacerse mediante entradas de d\u00eda o con abonos de verano, que pueden adquirirse de forma telem\u00e1tica, a trav\u00e9s de la <a href=\"https:\/\/aranzadi.provis.es\/Public\/Inicio.aspx\" target=\"_blank\" rel=\"noopener\">web municipal<\/a> o de forma presencial tanto en las propias instalaciones de Aquavox como en la Ciudad Deportiva Aranzadi, puesto que los abonos sirven, indistintamente, para ambas piscinas municipales.<\/p>\n<p>Entre las novedades previstas para este verano, Aquavox San Jorge incorporar\u00e1 a su plantilla un monitor de asesoramiento deportivo, que estar\u00e1 disponible en la zona de gimnasio para ofrecer planes de entrenamiento individualizados. Esta persona estudiar\u00e1 las condiciones f\u00edsicas de quienes tengan inter\u00e9s en realizar un entrenamiento personalizado, sus objetivos y gustos, as\u00ed como si cuentan con indicaciones m\u00e9dicas, para asesorarle de la mejor manera posible. Adem\u00e1s, asesorar\u00e1 en la utilizaci\u00f3n de la maquinaria.<br \/>\n<script async src=\"\/\/pagead2.googlesyndication.com\/pagead\/js\/adsbygoogle.js\"><\/script><br \/>\n<!-- Noticias La Guia de Pamplona --><br \/>\n<ins class=\"adsbygoogle\"\nstyle=\"display:block\"\ndata-ad-client=\"ca-pub-6943679897239327\"\ndata-ad-slot=\"7048180777\"\ndata-ad-format=\"auto\"><\/ins><br \/>\n<script>\n(adsbygoogle = window.adsbygoogle || []).push({});\n<\/script><\/p>\n<p>Aquavox San Jorge, que se construy\u00f3 en 2008 y se ampli\u00f3 en 2010, cuenta en estos momentos con una piscina ol\u00edmpica (de 50m x 25m), una piscina de recreo con chorros y jacuzzi y una piscina de chapoteo (de 8,1m x 8,1m) en exterior. Este espacio se completa con una zona de asadores y un \u00e1rea de juegos infantiles. La zona interior incluye una piscina cubierta de nado (de 25m x 12,5m) y una piscina cubierta de ense\u00f1anza (de 12,5m x 10m), as\u00ed como un balneario con piscina de hidromasaje (de 14m x 4,5m), camas de agua, zona de relax, duchas de tratamiento, pasillo hidrotermal, saunas finlandesas, ba\u00f1o turco, termas y fuente de hielo, entre otras prestaciones. El complejo deportivo se completa con un gimnasio, una sala de usos m\u00faltiples y una cafeter\u00eda-restaurante. Para garantizar en todo momento un estado adecuado de las instalaciones, el Ayuntamiento de Pamplona ha acordado reforzar las frecuencias de limpieza y los servicios de mantenimiento de las dotaciones y espacios p\u00fablicos.<br \/>\n<script async src=\"\/\/pagead2.googlesyndication.com\/pagead\/js\/adsbygoogle.js\"><\/script><br \/>\n<!-- Noticias La Guia de Pamplona --><br \/>\n<ins class=\"adsbygoogle\"\nstyle=\"display:block\"\ndata-ad-client=\"ca-pub-6943679897239327\"\ndata-ad-slot=\"7048180777\"\ndata-ad-format=\"auto\"><\/ins><br \/>\n<script>\n(adsbygoogle = window.adsbygoogle || []).push({});\n<\/script><\/p>\n<p><strong>Abonos de verano desde 40,30 euros<\/strong><\/p>\n<p>El coste de los abonos de verano para Aquavox San Jorge oscila entre los 80,75 euros y los 40,30 euros, en funci\u00f3n de la edad. No obstante, sobre estos precios se pueden aplicar descuentos en funci\u00f3n de la renta y dem\u00e1s circunstancias familiares. En el caso de entradas de d\u00eda, el precio var\u00eda entre los 3,85 y los 5,50 euros. Aunque los abonos se adquieran en Aquavox San Jorge, dan acceso tambi\u00e9n a la Ciudad Deportiva Aranzadi, y viceversa.<\/p>\n","protected":false},"excerpt":{"rendered":"<p>Este espacio municipal dispondr\u00e1 de un monitor de asesoramiento deportivo que podr\u00e1 realizar planes de entrenamiento individualizados<\/p>\n","protected":false},"author":1,"featured_media":47039,"comment_status":"open","ping_status":"closed","sticky":false,"template":"","format":"standard","meta":{"footnotes":""},"categories":[2],"tags":[],"class_list":["post-47138","post","type-post","status-publish","format-standard","has-post-thumbnail","hentry","category-ayuntamiento-pamplona"],"yoast_head":"<!-- This site is optimized with the Yoast SEO plugin v27.3 - https:\/\/yoast.com\/product\/yoast-seo-wordpress\/ -->\n<title>La temporada de verano arranca este jueves en Aquavox San Jorge<\/title>\n<meta name=\"description\" content=\"Este espacio municipal dispondr\u00e1 de un monitor de asesoramiento deportivo que podr\u00e1 realizar planes de entrenamiento individualizados\" \/>\n<meta name=\"robots\" content=\"index, follow, max-snippet:-1, max-image-preview:large, max-video-preview:-1\" \/>\n<link rel=\"canonical\" href=\"https:\/\/www.laguiadepamplona.com\/actualidad\/la-temporada-de-verano-arranca-este-jueves-en-aquavox-san-jorge\/\" \/>\n<meta property=\"og:locale\" content=\"es_ES\" \/>\n<meta property=\"og:type\" content=\"article\" \/>\n<meta property=\"og:title\" content=\"La temporada de verano arranca este jueves en Aquavox San Jorge\" \/>\n<meta property=\"og:description\" content=\"Este espacio municipal dispondr\u00e1 de un monitor de asesoramiento deportivo que podr\u00e1 realizar planes de entrenamiento individualizados\" \/>\n<meta property=\"og:url\" content=\"https:\/\/www.laguiadepamplona.com\/actualidad\/la-temporada-de-verano-arranca-este-jueves-en-aquavox-san-jorge\/\" \/>\n<meta property=\"og:site_name\" content=\"La Gu\u00eda de Pamplona\" \/>\n<meta property=\"article:publisher\" content=\"https:\/\/www.facebook.com\/laguiadepamplonacom-133175176762273\/?ref=hl\" \/>\n<meta property=\"article:published_time\" content=\"2023-06-22T14:22:42+00:00\" \/>\n<meta property=\"article:modified_time\" content=\"2023-06-22T14:32:58+00:00\" \/>\n<meta property=\"og:image\" content=\"https:\/\/www.laguiadepamplona.com\/actualidad\/wp-content\/uploads\/2023\/06\/piscina-aranzadi.webp\" \/>\n\t<meta property=\"og:image:width\" content=\"1600\" \/>\n\t<meta property=\"og:image:height\" content=\"1068\" \/>\n\t<meta property=\"og:image:type\" content=\"image\/webp\" \/>\n<meta name=\"author\" content=\"La Gu\u00eda de Pamplona\" \/>\n<meta name=\"twitter:card\" content=\"summary_large_image\" \/>\n<meta name=\"twitter:creator\" content=\"@LaGuiadPamplona\" \/>\n<meta name=\"twitter:site\" content=\"@LaGuiadPamplona\" \/>\n<meta name=\"twitter:label1\" content=\"Escrito por\" \/>\n\t<meta name=\"twitter:data1\" content=\"La Gu\u00eda de Pamplona\" \/>\n\t<meta name=\"twitter:label2\" content=\"Tiempo de lectura\" \/>\n\t<meta name=\"twitter:data2\" content=\"3 minutos\" \/>\n<script type=\"application\/ld+json\" class=\"yoast-schema-graph\">{\"@context\":\"https:\\\/\\\/schema.org\",\"@graph\":[{\"@type\":\"Article\",\"@id\":\"https:\\\/\\\/www.laguiadepamplona.com\\\/actualidad\\\/la-temporada-de-verano-arranca-este-jueves-en-aquavox-san-jorge\\\/#article\",\"isPartOf\":{\"@id\":\"https:\\\/\\\/www.laguiadepamplona.com\\\/actualidad\\\/la-temporada-de-verano-arranca-este-jueves-en-aquavox-san-jorge\\\/\"},\"author\":{\"name\":\"La Gu\u00eda de Pamplona\",\"@id\":\"https:\\\/\\\/www.laguiadepamplona.com\\\/actualidad\\\/#\\\/schema\\\/person\\\/efe887376f0213d4657c93adc50b1fdb\"},\"headline\":\"La temporada de verano arranca este jueves en Aquavox San Jorge\",\"datePublished\":\"2023-06-22T14:22:42+00:00\",\"dateModified\":\"2023-06-22T14:32:58+00:00\",\"mainEntityOfPage\":{\"@id\":\"https:\\\/\\\/www.laguiadepamplona.com\\\/actualidad\\\/la-temporada-de-verano-arranca-este-jueves-en-aquavox-san-jorge\\\/\"},\"wordCount\":455,\"commentCount\":0,\"publisher\":{\"@id\":\"https:\\\/\\\/www.laguiadepamplona.com\\\/actualidad\\\/#organization\"},\"image\":{\"@id\":\"https:\\\/\\\/www.laguiadepamplona.com\\\/actualidad\\\/la-temporada-de-verano-arranca-este-jueves-en-aquavox-san-jorge\\\/#primaryimage\"},\"thumbnailUrl\":\"https:\\\/\\\/www.laguiadepamplona.com\\\/actualidad\\\/wp-content\\\/uploads\\\/2023\\\/06\\\/piscina-aranzadi.webp\",\"articleSection\":[\"Ayto Pamplona\"],\"inLanguage\":\"es\",\"potentialAction\":[{\"@type\":\"CommentAction\",\"name\":\"Comment\",\"target\":[\"https:\\\/\\\/www.laguiadepamplona.com\\\/actualidad\\\/la-temporada-de-verano-arranca-este-jueves-en-aquavox-san-jorge\\\/#respond\"]}]},{\"@type\":\"WebPage\",\"@id\":\"https:\\\/\\\/www.laguiadepamplona.com\\\/actualidad\\\/la-temporada-de-verano-arranca-este-jueves-en-aquavox-san-jorge\\\/\",\"url\":\"https:\\\/\\\/www.laguiadepamplona.com\\\/actualidad\\\/la-temporada-de-verano-arranca-este-jueves-en-aquavox-san-jorge\\\/\",\"name\":\"La temporada de verano arranca este jueves en Aquavox San Jorge\",\"isPartOf\":{\"@id\":\"https:\\\/\\\/www.laguiadepamplona.com\\\/actualidad\\\/#website\"},\"primaryImageOfPage\":{\"@id\":\"https:\\\/\\\/www.laguiadepamplona.com\\\/actualidad\\\/la-temporada-de-verano-arranca-este-jueves-en-aquavox-san-jorge\\\/#primaryimage\"},\"image\":{\"@id\":\"https:\\\/\\\/www.laguiadepamplona.com\\\/actualidad\\\/la-temporada-de-verano-arranca-este-jueves-en-aquavox-san-jorge\\\/#primaryimage\"},\"thumbnailUrl\":\"https:\\\/\\\/www.laguiadepamplona.com\\\/actualidad\\\/wp-content\\\/uploads\\\/2023\\\/06\\\/piscina-aranzadi.webp\",\"datePublished\":\"2023-06-22T14:22:42+00:00\",\"dateModified\":\"2023-06-22T14:32:58+00:00\",\"description\":\"Este espacio municipal dispondr\u00e1 de un monitor de asesoramiento deportivo que podr\u00e1 realizar planes de entrenamiento individualizados\",\"breadcrumb\":{\"@id\":\"https:\\\/\\\/www.laguiadepamplona.com\\\/actualidad\\\/la-temporada-de-verano-arranca-este-jueves-en-aquavox-san-jorge\\\/#breadcrumb\"},\"inLanguage\":\"es\",\"potentialAction\":[{\"@type\":\"ReadAction\",\"target\":[\"https:\\\/\\\/www.laguiadepamplona.com\\\/actualidad\\\/la-temporada-de-verano-arranca-este-jueves-en-aquavox-san-jorge\\\/\"]}]},{\"@type\":\"ImageObject\",\"inLanguage\":\"es\",\"@id\":\"https:\\\/\\\/www.laguiadepamplona.com\\\/actualidad\\\/la-temporada-de-verano-arranca-este-jueves-en-aquavox-san-jorge\\\/#primaryimage\",\"url\":\"https:\\\/\\\/www.laguiadepamplona.com\\\/actualidad\\\/wp-content\\\/uploads\\\/2023\\\/06\\\/piscina-aranzadi.webp\",\"contentUrl\":\"https:\\\/\\\/www.laguiadepamplona.com\\\/actualidad\\\/wp-content\\\/uploads\\\/2023\\\/06\\\/piscina-aranzadi.webp\",\"width\":1600,\"height\":1068},{\"@type\":\"BreadcrumbList\",\"@id\":\"https:\\\/\\\/www.laguiadepamplona.com\\\/actualidad\\\/la-temporada-de-verano-arranca-este-jueves-en-aquavox-san-jorge\\\/#breadcrumb\",\"itemListElement\":[{\"@type\":\"ListItem\",\"position\":1,\"name\":\"Portada\",\"item\":\"https:\\\/\\\/www.laguiadepamplona.com\\\/actualidad\\\/\"},{\"@type\":\"ListItem\",\"position\":2,\"name\":\"La temporada de verano arranca este jueves en Aquavox San Jorge\"}]},{\"@type\":\"WebSite\",\"@id\":\"https:\\\/\\\/www.laguiadepamplona.com\\\/actualidad\\\/#website\",\"url\":\"https:\\\/\\\/www.laguiadepamplona.com\\\/actualidad\\\/\",\"name\":\"La gu\u00eda de Pamplona\",\"description\":\"Noticias de Pamplona\",\"publisher\":{\"@id\":\"https:\\\/\\\/www.laguiadepamplona.com\\\/actualidad\\\/#organization\"},\"potentialAction\":[{\"@type\":\"SearchAction\",\"target\":{\"@type\":\"EntryPoint\",\"urlTemplate\":\"https:\\\/\\\/www.laguiadepamplona.com\\\/actualidad\\\/?s={search_term_string}\"},\"query-input\":{\"@type\":\"PropertyValueSpecification\",\"valueRequired\":true,\"valueName\":\"search_term_string\"}}],\"inLanguage\":\"es\"},{\"@type\":\"Organization\",\"@id\":\"https:\\\/\\\/www.laguiadepamplona.com\\\/actualidad\\\/#organization\",\"name\":\"La Gu\u00eda de Pamplona \\\/ Noticias\",\"url\":\"https:\\\/\\\/www.laguiadepamplona.com\\\/actualidad\\\/\",\"logo\":{\"@type\":\"ImageObject\",\"inLanguage\":\"es\",\"@id\":\"https:\\\/\\\/www.laguiadepamplona.com\\\/actualidad\\\/#\\\/schema\\\/logo\\\/image\\\/\",\"url\":\"https:\\\/\\\/www.laguiadepamplona.com\\\/actualidad\\\/wp-content\\\/uploads\\\/2018\\\/11\\\/logo-laguiadepamplona18-web1.png\",\"contentUrl\":\"https:\\\/\\\/www.laguiadepamplona.com\\\/actualidad\\\/wp-content\\\/uploads\\\/2018\\\/11\\\/logo-laguiadepamplona18-web1.png\",\"width\":600,\"height\":196,\"caption\":\"La Gu\u00eda de Pamplona \\\/ Noticias\"},\"image\":{\"@id\":\"https:\\\/\\\/www.laguiadepamplona.com\\\/actualidad\\\/#\\\/schema\\\/logo\\\/image\\\/\"},\"sameAs\":[\"https:\\\/\\\/www.facebook.com\\\/laguiadepamplonacom-133175176762273\\\/?ref=hl\",\"https:\\\/\\\/x.com\\\/LaGuiadPamplona\",\"https:\\\/\\\/www.instagram.com\\\/la_guia_de_pamplona\\\/\",\"https:\\\/\\\/www.youtube.com\\\/user\\\/laguiadepamplona\"]},{\"@type\":\"Person\",\"@id\":\"https:\\\/\\\/www.laguiadepamplona.com\\\/actualidad\\\/#\\\/schema\\\/person\\\/efe887376f0213d4657c93adc50b1fdb\",\"name\":\"La Gu\u00eda de Pamplona\",\"image\":{\"@type\":\"ImageObject\",\"inLanguage\":\"es\",\"@id\":\"https:\\\/\\\/secure.gravatar.com\\\/avatar\\\/b6992f131dc8d30ab0dff15446e9d346d9dbd95992de0fef795073f5ea83a81c?s=96&d=mm&r=g\",\"url\":\"https:\\\/\\\/secure.gravatar.com\\\/avatar\\\/b6992f131dc8d30ab0dff15446e9d346d9dbd95992de0fef795073f5ea83a81c?s=96&d=mm&r=g\",\"contentUrl\":\"https:\\\/\\\/secure.gravatar.com\\\/avatar\\\/b6992f131dc8d30ab0dff15446e9d346d9dbd95992de0fef795073f5ea83a81c?s=96&d=mm&r=g\",\"caption\":\"La Gu\u00eda de Pamplona\"}}]}<\/script>\n<!-- \/ Yoast SEO plugin. -->","yoast_head_json":{"title":"La temporada de verano arranca este jueves en Aquavox San Jorge","description":"Este espacio municipal dispondr\u00e1 de un monitor de asesoramiento deportivo que podr\u00e1 realizar planes de entrenamiento individualizados","robots":{"index":"index","follow":"follow","max-snippet":"max-snippet:-1","max-image-preview":"max-image-preview:large","max-video-preview":"max-video-preview:-1"},"canonical":"https:\/\/www.laguiadepamplona.com\/actualidad\/la-temporada-de-verano-arranca-este-jueves-en-aquavox-san-jorge\/","og_locale":"es_ES","og_type":"article","og_title":"La temporada de verano arranca este jueves en Aquavox San Jorge","og_description":"Este espacio municipal dispondr\u00e1 de un monitor de asesoramiento deportivo que podr\u00e1 realizar planes de entrenamiento individualizados","og_url":"https:\/\/www.laguiadepamplona.com\/actualidad\/la-temporada-de-verano-arranca-este-jueves-en-aquavox-san-jorge\/","og_site_name":"La Gu\u00eda de Pamplona","article_publisher":"https:\/\/www.facebook.com\/laguiadepamplonacom-133175176762273\/?ref=hl","article_published_time":"2023-06-22T14:22:42+00:00","article_modified_time":"2023-06-22T14:32:58+00:00","og_image":[{"width":1600,"height":1068,"url":"https:\/\/www.laguiadepamplona.com\/actualidad\/wp-content\/uploads\/2023\/06\/piscina-aranzadi.webp","type":"image\/webp"}],"author":"La Gu\u00eda de Pamplona","twitter_card":"summary_large_image","twitter_creator":"@LaGuiadPamplona","twitter_site":"@LaGuiadPamplona","twitter_misc":{"Escrito por":"La Gu\u00eda de Pamplona","Tiempo de lectura":"3 minutos"},"schema":{"@context":"https:\/\/schema.org","@graph":[{"@type":"Article","@id":"https:\/\/www.laguiadepamplona.com\/actualidad\/la-temporada-de-verano-arranca-este-jueves-en-aquavox-san-jorge\/#article","isPartOf":{"@id":"https:\/\/www.laguiadepamplona.com\/actualidad\/la-temporada-de-verano-arranca-este-jueves-en-aquavox-san-jorge\/"},"author":{"name":"La Gu\u00eda de Pamplona","@id":"https:\/\/www.laguiadepamplona.com\/actualidad\/#\/schema\/person\/efe887376f0213d4657c93adc50b1fdb"},"headline":"La temporada de verano arranca este jueves en Aquavox San Jorge","datePublished":"2023-06-22T14:22:42+00:00","dateModified":"2023-06-22T14:32:58+00:00","mainEntityOfPage":{"@id":"https:\/\/www.laguiadepamplona.com\/actualidad\/la-temporada-de-verano-arranca-este-jueves-en-aquavox-san-jorge\/"},"wordCount":455,"commentCount":0,"publisher":{"@id":"https:\/\/www.laguiadepamplona.com\/actualidad\/#organization"},"image":{"@id":"https:\/\/www.laguiadepamplona.com\/actualidad\/la-temporada-de-verano-arranca-este-jueves-en-aquavox-san-jorge\/#primaryimage"},"thumbnailUrl":"https:\/\/www.laguiadepamplona.com\/actualidad\/wp-content\/uploads\/2023\/06\/piscina-aranzadi.webp","articleSection":["Ayto Pamplona"],"inLanguage":"es","potentialAction":[{"@type":"CommentAction","name":"Comment","target":["https:\/\/www.laguiadepamplona.com\/actualidad\/la-temporada-de-verano-arranca-este-jueves-en-aquavox-san-jorge\/#respond"]}]},{"@type":"WebPage","@id":"https:\/\/www.laguiadepamplona.com\/actualidad\/la-temporada-de-verano-arranca-este-jueves-en-aquavox-san-jorge\/","url":"https:\/\/www.laguiadepamplona.com\/actualidad\/la-temporada-de-verano-arranca-este-jueves-en-aquavox-san-jorge\/","name":"La temporada de verano arranca este jueves en Aquavox San Jorge","isPartOf":{"@id":"https:\/\/www.laguiadepamplona.com\/actualidad\/#website"},"primaryImageOfPage":{"@id":"https:\/\/www.laguiadepamplona.com\/actualidad\/la-temporada-de-verano-arranca-este-jueves-en-aquavox-san-jorge\/#primaryimage"},"image":{"@id":"https:\/\/www.laguiadepamplona.com\/actualidad\/la-temporada-de-verano-arranca-este-jueves-en-aquavox-san-jorge\/#primaryimage"},"thumbnailUrl":"https:\/\/www.laguiadepamplona.com\/actualidad\/wp-content\/uploads\/2023\/06\/piscina-aranzadi.webp","datePublished":"2023-06-22T14:22:42+00:00","dateModified":"2023-06-22T14:32:58+00:00","description":"Este espacio municipal dispondr\u00e1 de un monitor de asesoramiento deportivo que podr\u00e1 realizar planes de entrenamiento individualizados","breadcrumb":{"@id":"https:\/\/www.laguiadepamplona.com\/actualidad\/la-temporada-de-verano-arranca-este-jueves-en-aquavox-san-jorge\/#breadcrumb"},"inLanguage":"es","potentialAction":[{"@type":"ReadAction","target":["https:\/\/www.laguiadepamplona.com\/actualidad\/la-temporada-de-verano-arranca-este-jueves-en-aquavox-san-jorge\/"]}]},{"@type":"ImageObject","inLanguage":"es","@id":"https:\/\/www.laguiadepamplona.com\/actualidad\/la-temporada-de-verano-arranca-este-jueves-en-aquavox-san-jorge\/#primaryimage","url":"https:\/\/www.laguiadepamplona.com\/actualidad\/wp-content\/uploads\/2023\/06\/piscina-aranzadi.webp","contentUrl":"https:\/\/www.laguiadepamplona.com\/actualidad\/wp-content\/uploads\/2023\/06\/piscina-aranzadi.webp","width":1600,"height":1068},{"@type":"BreadcrumbList","@id":"https:\/\/www.laguiadepamplona.com\/actualidad\/la-temporada-de-verano-arranca-este-jueves-en-aquavox-san-jorge\/#breadcrumb","itemListElement":[{"@type":"ListItem","position":1,"name":"Portada","item":"https:\/\/www.laguiadepamplona.com\/actualidad\/"},{"@type":"ListItem","position":2,"name":"La temporada de verano arranca este jueves en Aquavox San Jorge"}]},{"@type":"WebSite","@id":"https:\/\/www.laguiadepamplona.com\/actualidad\/#website","url":"https:\/\/www.laguiadepamplona.com\/actualidad\/","name":"La gu\u00eda de Pamplona","description":"Noticias de Pamplona","publisher":{"@id":"https:\/\/www.laguiadepamplona.com\/actualidad\/#organization"},"potentialAction":[{"@type":"SearchAction","target":{"@type":"EntryPoint","urlTemplate":"https:\/\/www.laguiadepamplona.com\/actualidad\/?s={search_term_string}"},"query-input":{"@type":"PropertyValueSpecification","valueRequired":true,"valueName":"search_term_string"}}],"inLanguage":"es"},{"@type":"Organization","@id":"https:\/\/www.laguiadepamplona.com\/actualidad\/#organization","name":"La Gu\u00eda de Pamplona \/ Noticias","url":"https:\/\/www.laguiadepamplona.com\/actualidad\/","logo":{"@type":"ImageObject","inLanguage":"es","@id":"https:\/\/www.laguiadepamplona.com\/actualidad\/#\/schema\/logo\/image\/","url":"https:\/\/www.laguiadepamplona.com\/actualidad\/wp-content\/uploads\/2018\/11\/logo-laguiadepamplona18-web1.png","contentUrl":"https:\/\/www.laguiadepamplona.com\/actualidad\/wp-content\/uploads\/2018\/11\/logo-laguiadepamplona18-web1.png","width":600,"height":196,"caption":"La Gu\u00eda de Pamplona \/ Noticias"},"image":{"@id":"https:\/\/www.laguiadepamplona.com\/actualidad\/#\/schema\/logo\/image\/"},"sameAs":["https:\/\/www.facebook.com\/laguiadepamplonacom-133175176762273\/?ref=hl","https:\/\/x.com\/LaGuiadPamplona","https:\/\/www.instagram.com\/la_guia_de_pamplona\/","https:\/\/www.youtube.com\/user\/laguiadepamplona"]},{"@type":"Person","@id":"https:\/\/www.laguiadepamplona.com\/actualidad\/#\/schema\/person\/efe887376f0213d4657c93adc50b1fdb","name":"La Gu\u00eda de Pamplona","image":{"@type":"ImageObject","inLanguage":"es","@id":"https:\/\/secure.gravatar.com\/avatar\/b6992f131dc8d30ab0dff15446e9d346d9dbd95992de0fef795073f5ea83a81c?s=96&d=mm&r=g","url":"https:\/\/secure.gravatar.com\/avatar\/b6992f131dc8d30ab0dff15446e9d346d9dbd95992de0fef795073f5ea83a81c?s=96&d=mm&r=g","contentUrl":"https:\/\/secure.gravatar.com\/avatar\/b6992f131dc8d30ab0dff15446e9d346d9dbd95992de0fef795073f5ea83a81c?s=96&d=mm&r=g","caption":"La Gu\u00eda de Pamplona"}}]}},"post_mailing_queue_ids":[],"_links":{"self":[{"href":"https:\/\/www.laguiadepamplona.com\/actualidad\/wp-json\/wp\/v2\/posts\/47138","targetHints":{"allow":["GET"]}}],"collection":[{"href":"https:\/\/www.laguiadepamplona.com\/actualidad\/wp-json\/wp\/v2\/posts"}],"about":[{"href":"https:\/\/www.laguiadepamplona.com\/actualidad\/wp-json\/wp\/v2\/types\/post"}],"author":[{"embeddable":true,"href":"https:\/\/www.laguiadepamplona.com\/actualidad\/wp-json\/wp\/v2\/users\/1"}],"replies":[{"embeddable":true,"href":"https:\/\/www.laguiadepamplona.com\/actualidad\/wp-json\/wp\/v2\/comments?post=47138"}],"version-history":[{"count":2,"href":"https:\/\/www.laguiadepamplona.com\/actualidad\/wp-json\/wp\/v2\/posts\/47138\/revisions"}],"predecessor-version":[{"id":47142,"href":"https:\/\/www.laguiadepamplona.com\/actualidad\/wp-json\/wp\/v2\/posts\/47138\/revisions\/47142"}],"wp:featuredmedia":[{"embeddable":true,"href":"https:\/\/www.laguiadepamplona.com\/actualidad\/wp-json\/wp\/v2\/media\/47039"}],"wp:attachment":[{"href":"https:\/\/www.laguiadepamplona.com\/actualidad\/wp-json\/wp\/v2\/media?parent=47138"}],"wp:term":[{"taxonomy":"category","embeddable":true,"href":"https:\/\/www.laguiadepamplona.com\/actualidad\/wp-json\/wp\/v2\/categories?post=47138"},{"taxonomy":"post_tag","embeddable":true,"href":"https:\/\/www.laguiadepamplona.com\/actualidad\/wp-json\/wp\/v2\/tags?post=47138"}],"curies":[{"name":"wp","href":"https:\/\/api.w.org\/{rel}","templated":true}]}}