{"id":47131,"date":"2023-06-22T16:16:56","date_gmt":"2023-06-22T14:16:56","guid":{"rendered":"https:\/\/www.laguiadepamplona.com\/actualidad\/?p=47131"},"modified":"2023-06-22T16:57:57","modified_gmt":"2023-06-22T14:57:57","slug":"abierta-la-convocatoria-de-subvenciones-que-regulan-prestaciones-economicas-a-familias-con-menores-de-0-a-12-anos-o-hasta-16-anos-si-presentan-discapacidad","status":"publish","type":"post","link":"https:\/\/www.laguiadepamplona.com\/actualidad\/abierta-la-convocatoria-de-subvenciones-que-regulan-prestaciones-economicas-a-familias-con-menores-de-0-a-12-anos-o-hasta-16-anos-si-presentan-discapacidad\/","title":{"rendered":"Abierta la convocatoria de subvenciones que regulan prestaciones econ\u00f3micas a familias con menores de 0 a 12 a\u00f1os o hasta 16 a\u00f1os si presentan discapacidad"},"content":{"rendered":"<h2>Las ayudas se destinan al pago de guarder\u00edas y a la atenci\u00f3n de menores en su domicilio seg\u00fan diferentes situaciones<\/h2>\n<p><!--more--><\/p>\n<p>El Ayuntamiento de Pamplona mantiene abierto el plazo de solicitudes para la convocatoria de subvenciones que regulan las prestaciones econ\u00f3micas a familias con menores de 0 a 12 a\u00f1os, o hasta 16 a\u00f1os si presentan discapacidad (igual o superior al 33%), para la conciliaci\u00f3n de sus responsabilidades familiares, sociales y laborales. La convocatoria est\u00e1 dotada con 25.000 euros y, principalmente, se basa en ayudas para el pago de guarder\u00eda y para la atenci\u00f3n de menores en sus domicilios.<\/p>\n<p>Se considerar\u00e1n familias beneficiarias de subvenci\u00f3n a las nucleares convivientes (madre y\/o padre o tutores con menores a su cargo, y, cuando perciban ingresos econ\u00f3micos, hermanos y hermanas de tales menores). Se subvencionar\u00e1 a aquellas familias que necesiten la ayuda para facilitar la conciliaci\u00f3n de la vida laboral, social y familiar de padres, madres y\/o tutores y tutoras legales cuando se produzca imposibilidad de atenci\u00f3n debido a situaciones relacionadas con la actividad laboral de sus responsables, con la realizaci\u00f3n de actividades formativas y\/o de promoci\u00f3n socio-laboral cuyo objetivo principal sea, bien mejorar el nivel de empleabilidad familiar.<\/p>\n<p>Adem\u00e1s, se busca facilitar la conciliaci\u00f3n de la vida familiar y personal en el caso concreto de concurrencia en una misma persona de la doble condici\u00f3n de cuidadora, al mismo tiempo, de personas adultas o mayores dependientes y de menores; o de valoraci\u00f3n como recurso preventivo y de protecci\u00f3n para el menor o la menor en situaciones de posible riesgo o desprotecci\u00f3n infantil.<\/p>\n<p>La cuant\u00eda de la subvenci\u00f3n a percibir vendr\u00e1 determinada por la aplicaci\u00f3n de un porcentaje a cada uno de los tramos establecidos. La inclusi\u00f3n en los tramos estar\u00e1 determinada por los ingresos anuales y por el n\u00famero de miembros del n\u00facleo familiar. Las solicitudes se pueden presentar en los registros municipales, en los habilitados por ley, en las unidades de barrio o en el \u00e1rea de Servicios Sociales, Acci\u00f3n Comunitaria y Deporte en la calle Zapater\u00eda n\u00ba 40.<\/p>\n<p>La subvenci\u00f3n se determinar\u00e1 para todos los supuestos de ayuda para el pago de guarder\u00edas contemplados en esta convocatoria aplicando el porcentaje al que tuviera derecho, seg\u00fan el baremo establecido, sobre la cantidad de 300 euros al mes como m\u00e1ximo. Para todos los supuestos de atenci\u00f3n domiciliaria contemplados en esta convocatoria la subvenci\u00f3n se calcular\u00e1 aplicando el porcentaje al que tuviera derecho el n\u00facleo familiar, seg\u00fan el baremo establecido anteriormente, sobre la cantidad m\u00e1xima de 400 euros al mes.<br \/>\n<script async src=\"\/\/pagead2.googlesyndication.com\/pagead\/js\/adsbygoogle.js\"><\/script><br \/>\n<!-- Noticias La Guia de Pamplona --><br \/>\n<ins class=\"adsbygoogle\"\nstyle=\"display:block\"\ndata-ad-client=\"ca-pub-6943679897239327\"\ndata-ad-slot=\"7048180777\"\ndata-ad-format=\"auto\"><\/ins><br \/>\n<script>\n(adsbygoogle = window.adsbygoogle || []).push({});\n<\/script><\/p>\n<p><strong>Requisitos para concurrir a la convocatoria<\/strong><\/p>\n<p>Quienes quieran concurrir a esta convocatoria deben tener vecindad efectiva y empadronamiento con un m\u00ednimo de 6 meses de antig\u00fcedad en Pamplona (tanto las personas solicitantes como las beneficiarias) y mientras se perciba la ayuda. Para determinar el n\u00famero de miembros del n\u00facleo familiar se tendr\u00e1 en cuenta el n\u00famero de miembros del mismo en la fecha de la realizaci\u00f3n de la solicitud. No obstante, se computar\u00e1 un miembro m\u00e1s cuando concurran situaciones como familias monoparentales, familias numerosas o familias en la que alg\u00fan miembro presente una discapacidad.<\/p>\n<p>Las personas solicitantes deben ser padres, madres o tutores legales de menores hasta los 12 a\u00f1os inclusive, o hasta los 16 en caso de tener alg\u00fan tipo de discapacidad igual o superior al 33% y carecer de medios econ\u00f3micos propios superiores a los establecidos en esta convocatoria, as\u00ed como de apoyo familiar con el que hacer frente a la situaci\u00f3n. Se denegar\u00e1n las solicitudes de aquellas familias cuyo patrimonio familiar sea superior a 7.000 euros en capital mobiliario (dep\u00f3sitos en cuenta corriente y a plazo, acciones, fondos de inversi\u00f3n y fondos de pensiones, valores mobiliarios, seguros de vida en casos de rescate, \u2026) y a 20.000 euros en capital inmobiliario (formado por bienes inmuebles de naturaleza r\u00fastica o urbana).<\/p>\n<p>Otro requisito espec\u00edfico es la presentaci\u00f3n de la documentaci\u00f3n que se le requiera desde los servicios sociales municipales. Las familias beneficiarias de la subvenci\u00f3n para el pago de guarder\u00eda deber\u00e1n solicitar plaza en una escuela infantil p\u00fablica en el plazo anual correspondiente. La no solicitud o renuncia a una plaza en la red p\u00fablica supondr\u00e1 el cese en la percepci\u00f3n de esta ayuda o la denegaci\u00f3n de su solicitud.<br \/>\n<script async src=\"\/\/pagead2.googlesyndication.com\/pagead\/js\/adsbygoogle.js\"><\/script><br \/>\n<!-- Noticias La Guia de Pamplona --><br \/>\n<ins class=\"adsbygoogle\"\nstyle=\"display:block\"\ndata-ad-client=\"ca-pub-6943679897239327\"\ndata-ad-slot=\"7048180777\"\ndata-ad-format=\"auto\"><\/ins><br \/>\n<script>\n(adsbygoogle = window.adsbygoogle || []).push({});\n<\/script><\/p>\n<p><strong>Caracter\u00edsticas de la atenci\u00f3n a menores<\/strong><\/p>\n<p>Las ayudas destinadas a la atenci\u00f3n de menores de 0 a 3 a\u00f1os se centrar\u00e1n en el pago de guarder\u00eda y en la atenci\u00f3n al menor o la menor en el domicilio. La primera de ellas proporciona apoyo para sufragar el pago de la matr\u00edcula y del coste de la atenci\u00f3n diurna en guarder\u00edas privadas, en horarios que permitan la conciliaci\u00f3n de la vida familiar y sociolaboral. Estas subvenciones tienen car\u00e1cter subsidiario respecto a la concesi\u00f3n de plaza en las escuelas infantiles p\u00fablicas.<\/p>\n<p>En los casos en los que no sea posible dar respuesta a la necesidad planteada desde una escuela infantil o una guarder\u00eda, se podr\u00e1 apoyar el cuidado del ni\u00f1o o de la ni\u00f1a en edades comprendidas entre las 16 semanas de vida y hasta su incorporaci\u00f3n al centro escolar en el ciclo de Educaci\u00f3n Infantil (3 a\u00f1os). El apoyo en su domicilio se realizar\u00e1 siempre y cuando los padres, madres y\/o tutores no puedan prestar la atenci\u00f3n debido a incompatibilidad de horarios con la jornada laboral o con la asistencia a una formaci\u00f3n que justifique la incompatibilidad de la atenci\u00f3n.<br \/>\n<script async src=\"\/\/pagead2.googlesyndication.com\/pagead\/js\/adsbygoogle.js\"><\/script><br \/>\n<!-- Noticias La Guia de Pamplona --><br \/>\n<ins class=\"adsbygoogle\"\nstyle=\"display:block\"\ndata-ad-client=\"ca-pub-6943679897239327\"\ndata-ad-slot=\"7048180777\"\ndata-ad-format=\"auto\"><\/ins><br \/>\n<script>\n(adsbygoogle = window.adsbygoogle || []).push({});\n<\/script><\/p>\n<p>Para menores de 3 a 12 a\u00f1os y\/o hasta 16 a\u00f1os con discapacidad, la atenci\u00f3n en el domicilio se lleva a cabo, seg\u00fan el horario de sus responsables, hasta su incorporaci\u00f3n al aula matutina, si la hubiera, o al colegio en periodo escolar, y\/o hasta la incorporaci\u00f3n al Servicio de Conciliaci\u00f3n correspondiente en per\u00edodos vacacionales; desde la salida del colegio o aula vespertina, si la hubiera, o del Servicio de Conciliaci\u00f3n correspondiente en per\u00edodos vacacionales hasta la llegada al domicilio de las personas responsables; y los fines de semana o festivos, cuando las personas adultas responsables trabajen y, por tanto, no se encuentren en el domicilio y no exista red de apoyo natural.<\/p>\n<p>En este rango de edad, las ayudas econ\u00f3micas para el pago de servicios comunitarios de atenci\u00f3n matutina o vespertina tienen por objeto proporcionar durante 2023 un apoyo econ\u00f3mico que contribuya a costear un recurso de conciliaci\u00f3n familiar y sociolaboral complementario, ante la incompatibilidad de los horarios que ofrecen los centros de educaci\u00f3n y los horarios laborales de padres, madres y\/o responsables. Al objeto de que no se produzcan situaciones en las que el menor o la menor permanezca m\u00e1s de 8 horas diarias sin contacto con su familia, en ning\u00fan caso podr\u00e1 hacerse uso de forma consecutiva de los servicios de atenci\u00f3n matutina y vespertina.<\/p>\n","protected":false},"excerpt":{"rendered":"<p>Las ayudas se destinan al pago de guarder\u00edas y a la atenci\u00f3n de menores en su domicilio seg\u00fan diferentes situaciones<\/p>\n","protected":false},"author":1,"featured_media":40272,"comment_status":"open","ping_status":"closed","sticky":false,"template":"","format":"standard","meta":{"footnotes":""},"categories":[2],"tags":[],"class_list":["post-47131","post","type-post","status-publish","format-standard","has-post-thumbnail","hentry","category-ayuntamiento-pamplona"],"yoast_head":"<!-- This site is optimized with the Yoast SEO plugin v27.3 - https:\/\/yoast.com\/product\/yoast-seo-wordpress\/ -->\n<title>Abierta la convocatoria de subvenciones que regulan prestaciones econ\u00f3micas a familias con menores de 0 a 12 a\u00f1os o hasta 16 a\u00f1os si presentan discapacidad<\/title>\n<meta name=\"description\" content=\"Las ayudas se destinan al pago de guarder\u00edas y a la atenci\u00f3n de menores en su domicilio seg\u00fan diferentes situaciones\" \/>\n<meta name=\"robots\" content=\"index, follow, max-snippet:-1, max-image-preview:large, max-video-preview:-1\" \/>\n<link rel=\"canonical\" href=\"https:\/\/www.laguiadepamplona.com\/actualidad\/abierta-la-convocatoria-de-subvenciones-que-regulan-prestaciones-economicas-a-familias-con-menores-de-0-a-12-anos-o-hasta-16-anos-si-presentan-discapacidad\/\" \/>\n<meta property=\"og:locale\" content=\"es_ES\" \/>\n<meta property=\"og:type\" content=\"article\" \/>\n<meta property=\"og:title\" content=\"Abierta la convocatoria de subvenciones que regulan prestaciones econ\u00f3micas a familias con menores de 0 a 12 a\u00f1os o hasta 16 a\u00f1os si presentan discapacidad\" \/>\n<meta property=\"og:description\" content=\"Las ayudas se destinan al pago de guarder\u00edas y a la atenci\u00f3n de menores en su domicilio seg\u00fan diferentes situaciones\" \/>\n<meta property=\"og:url\" content=\"https:\/\/www.laguiadepamplona.com\/actualidad\/abierta-la-convocatoria-de-subvenciones-que-regulan-prestaciones-economicas-a-familias-con-menores-de-0-a-12-anos-o-hasta-16-anos-si-presentan-discapacidad\/\" \/>\n<meta property=\"og:site_name\" content=\"La Gu\u00eda de Pamplona\" \/>\n<meta property=\"article:publisher\" content=\"https:\/\/www.facebook.com\/laguiadepamplonacom-133175176762273\/?ref=hl\" \/>\n<meta property=\"article:published_time\" content=\"2023-06-22T14:16:56+00:00\" \/>\n<meta property=\"article:modified_time\" content=\"2023-06-22T14:57:57+00:00\" \/>\n<meta property=\"og:image\" content=\"https:\/\/www.laguiadepamplona.com\/actualidad\/wp-content\/uploads\/2022\/05\/ninos_02-mediana.webp\" \/>\n\t<meta property=\"og:image:width\" content=\"1731\" \/>\n\t<meta property=\"og:image:height\" content=\"1154\" \/>\n\t<meta property=\"og:image:type\" content=\"image\/webp\" \/>\n<meta name=\"author\" content=\"La Gu\u00eda de Pamplona\" \/>\n<meta name=\"twitter:card\" content=\"summary_large_image\" \/>\n<meta name=\"twitter:creator\" content=\"@LaGuiadPamplona\" \/>\n<meta name=\"twitter:site\" content=\"@LaGuiadPamplona\" \/>\n<meta name=\"twitter:label1\" content=\"Escrito por\" \/>\n\t<meta name=\"twitter:data1\" content=\"La Gu\u00eda de Pamplona\" \/>\n\t<meta name=\"twitter:label2\" content=\"Tiempo de lectura\" \/>\n\t<meta name=\"twitter:data2\" content=\"6 minutos\" \/>\n<script type=\"application\/ld+json\" class=\"yoast-schema-graph\">{\"@context\":\"https:\\\/\\\/schema.org\",\"@graph\":[{\"@type\":\"Article\",\"@id\":\"https:\\\/\\\/www.laguiadepamplona.com\\\/actualidad\\\/abierta-la-convocatoria-de-subvenciones-que-regulan-prestaciones-economicas-a-familias-con-menores-de-0-a-12-anos-o-hasta-16-anos-si-presentan-discapacidad\\\/#article\",\"isPartOf\":{\"@id\":\"https:\\\/\\\/www.laguiadepamplona.com\\\/actualidad\\\/abierta-la-convocatoria-de-subvenciones-que-regulan-prestaciones-economicas-a-familias-con-menores-de-0-a-12-anos-o-hasta-16-anos-si-presentan-discapacidad\\\/\"},\"author\":{\"name\":\"La Gu\u00eda de Pamplona\",\"@id\":\"https:\\\/\\\/www.laguiadepamplona.com\\\/actualidad\\\/#\\\/schema\\\/person\\\/efe887376f0213d4657c93adc50b1fdb\"},\"headline\":\"Abierta la convocatoria de subvenciones que regulan prestaciones econ\u00f3micas a familias con menores de 0 a 12 a\u00f1os o hasta 16 a\u00f1os si presentan discapacidad\",\"datePublished\":\"2023-06-22T14:16:56+00:00\",\"dateModified\":\"2023-06-22T14:57:57+00:00\",\"mainEntityOfPage\":{\"@id\":\"https:\\\/\\\/www.laguiadepamplona.com\\\/actualidad\\\/abierta-la-convocatoria-de-subvenciones-que-regulan-prestaciones-economicas-a-familias-con-menores-de-0-a-12-anos-o-hasta-16-anos-si-presentan-discapacidad\\\/\"},\"wordCount\":1218,\"commentCount\":0,\"publisher\":{\"@id\":\"https:\\\/\\\/www.laguiadepamplona.com\\\/actualidad\\\/#organization\"},\"image\":{\"@id\":\"https:\\\/\\\/www.laguiadepamplona.com\\\/actualidad\\\/abierta-la-convocatoria-de-subvenciones-que-regulan-prestaciones-economicas-a-familias-con-menores-de-0-a-12-anos-o-hasta-16-anos-si-presentan-discapacidad\\\/#primaryimage\"},\"thumbnailUrl\":\"https:\\\/\\\/www.laguiadepamplona.com\\\/actualidad\\\/wp-content\\\/uploads\\\/2022\\\/05\\\/ninos_02-mediana.webp\",\"articleSection\":[\"Ayto Pamplona\"],\"inLanguage\":\"es\",\"potentialAction\":[{\"@type\":\"CommentAction\",\"name\":\"Comment\",\"target\":[\"https:\\\/\\\/www.laguiadepamplona.com\\\/actualidad\\\/abierta-la-convocatoria-de-subvenciones-que-regulan-prestaciones-economicas-a-familias-con-menores-de-0-a-12-anos-o-hasta-16-anos-si-presentan-discapacidad\\\/#respond\"]}]},{\"@type\":\"WebPage\",\"@id\":\"https:\\\/\\\/www.laguiadepamplona.com\\\/actualidad\\\/abierta-la-convocatoria-de-subvenciones-que-regulan-prestaciones-economicas-a-familias-con-menores-de-0-a-12-anos-o-hasta-16-anos-si-presentan-discapacidad\\\/\",\"url\":\"https:\\\/\\\/www.laguiadepamplona.com\\\/actualidad\\\/abierta-la-convocatoria-de-subvenciones-que-regulan-prestaciones-economicas-a-familias-con-menores-de-0-a-12-anos-o-hasta-16-anos-si-presentan-discapacidad\\\/\",\"name\":\"Abierta la convocatoria de subvenciones que regulan prestaciones econ\u00f3micas a familias con menores de 0 a 12 a\u00f1os o hasta 16 a\u00f1os si presentan discapacidad\",\"isPartOf\":{\"@id\":\"https:\\\/\\\/www.laguiadepamplona.com\\\/actualidad\\\/#website\"},\"primaryImageOfPage\":{\"@id\":\"https:\\\/\\\/www.laguiadepamplona.com\\\/actualidad\\\/abierta-la-convocatoria-de-subvenciones-que-regulan-prestaciones-economicas-a-familias-con-menores-de-0-a-12-anos-o-hasta-16-anos-si-presentan-discapacidad\\\/#primaryimage\"},\"image\":{\"@id\":\"https:\\\/\\\/www.laguiadepamplona.com\\\/actualidad\\\/abierta-la-convocatoria-de-subvenciones-que-regulan-prestaciones-economicas-a-familias-con-menores-de-0-a-12-anos-o-hasta-16-anos-si-presentan-discapacidad\\\/#primaryimage\"},\"thumbnailUrl\":\"https:\\\/\\\/www.laguiadepamplona.com\\\/actualidad\\\/wp-content\\\/uploads\\\/2022\\\/05\\\/ninos_02-mediana.webp\",\"datePublished\":\"2023-06-22T14:16:56+00:00\",\"dateModified\":\"2023-06-22T14:57:57+00:00\",\"description\":\"Las ayudas se destinan al pago de guarder\u00edas y a la atenci\u00f3n de menores en su domicilio seg\u00fan diferentes situaciones\",\"breadcrumb\":{\"@id\":\"https:\\\/\\\/www.laguiadepamplona.com\\\/actualidad\\\/abierta-la-convocatoria-de-subvenciones-que-regulan-prestaciones-economicas-a-familias-con-menores-de-0-a-12-anos-o-hasta-16-anos-si-presentan-discapacidad\\\/#breadcrumb\"},\"inLanguage\":\"es\",\"potentialAction\":[{\"@type\":\"ReadAction\",\"target\":[\"https:\\\/\\\/www.laguiadepamplona.com\\\/actualidad\\\/abierta-la-convocatoria-de-subvenciones-que-regulan-prestaciones-economicas-a-familias-con-menores-de-0-a-12-anos-o-hasta-16-anos-si-presentan-discapacidad\\\/\"]}]},{\"@type\":\"ImageObject\",\"inLanguage\":\"es\",\"@id\":\"https:\\\/\\\/www.laguiadepamplona.com\\\/actualidad\\\/abierta-la-convocatoria-de-subvenciones-que-regulan-prestaciones-economicas-a-familias-con-menores-de-0-a-12-anos-o-hasta-16-anos-si-presentan-discapacidad\\\/#primaryimage\",\"url\":\"https:\\\/\\\/www.laguiadepamplona.com\\\/actualidad\\\/wp-content\\\/uploads\\\/2022\\\/05\\\/ninos_02-mediana.webp\",\"contentUrl\":\"https:\\\/\\\/www.laguiadepamplona.com\\\/actualidad\\\/wp-content\\\/uploads\\\/2022\\\/05\\\/ninos_02-mediana.webp\",\"width\":1731,\"height\":1154},{\"@type\":\"BreadcrumbList\",\"@id\":\"https:\\\/\\\/www.laguiadepamplona.com\\\/actualidad\\\/abierta-la-convocatoria-de-subvenciones-que-regulan-prestaciones-economicas-a-familias-con-menores-de-0-a-12-anos-o-hasta-16-anos-si-presentan-discapacidad\\\/#breadcrumb\",\"itemListElement\":[{\"@type\":\"ListItem\",\"position\":1,\"name\":\"Portada\",\"item\":\"https:\\\/\\\/www.laguiadepamplona.com\\\/actualidad\\\/\"},{\"@type\":\"ListItem\",\"position\":2,\"name\":\"Abierta la convocatoria de subvenciones que regulan prestaciones econ\u00f3micas a familias con menores de 0 a 12 a\u00f1os o hasta 16 a\u00f1os si presentan discapacidad\"}]},{\"@type\":\"WebSite\",\"@id\":\"https:\\\/\\\/www.laguiadepamplona.com\\\/actualidad\\\/#website\",\"url\":\"https:\\\/\\\/www.laguiadepamplona.com\\\/actualidad\\\/\",\"name\":\"La gu\u00eda de Pamplona\",\"description\":\"Noticias de Pamplona\",\"publisher\":{\"@id\":\"https:\\\/\\\/www.laguiadepamplona.com\\\/actualidad\\\/#organization\"},\"potentialAction\":[{\"@type\":\"SearchAction\",\"target\":{\"@type\":\"EntryPoint\",\"urlTemplate\":\"https:\\\/\\\/www.laguiadepamplona.com\\\/actualidad\\\/?s={search_term_string}\"},\"query-input\":{\"@type\":\"PropertyValueSpecification\",\"valueRequired\":true,\"valueName\":\"search_term_string\"}}],\"inLanguage\":\"es\"},{\"@type\":\"Organization\",\"@id\":\"https:\\\/\\\/www.laguiadepamplona.com\\\/actualidad\\\/#organization\",\"name\":\"La Gu\u00eda de Pamplona \\\/ Noticias\",\"url\":\"https:\\\/\\\/www.laguiadepamplona.com\\\/actualidad\\\/\",\"logo\":{\"@type\":\"ImageObject\",\"inLanguage\":\"es\",\"@id\":\"https:\\\/\\\/www.laguiadepamplona.com\\\/actualidad\\\/#\\\/schema\\\/logo\\\/image\\\/\",\"url\":\"https:\\\/\\\/www.laguiadepamplona.com\\\/actualidad\\\/wp-content\\\/uploads\\\/2018\\\/11\\\/logo-laguiadepamplona18-web1.png\",\"contentUrl\":\"https:\\\/\\\/www.laguiadepamplona.com\\\/actualidad\\\/wp-content\\\/uploads\\\/2018\\\/11\\\/logo-laguiadepamplona18-web1.png\",\"width\":600,\"height\":196,\"caption\":\"La Gu\u00eda de Pamplona \\\/ Noticias\"},\"image\":{\"@id\":\"https:\\\/\\\/www.laguiadepamplona.com\\\/actualidad\\\/#\\\/schema\\\/logo\\\/image\\\/\"},\"sameAs\":[\"https:\\\/\\\/www.facebook.com\\\/laguiadepamplonacom-133175176762273\\\/?ref=hl\",\"https:\\\/\\\/x.com\\\/LaGuiadPamplona\",\"https:\\\/\\\/www.instagram.com\\\/la_guia_de_pamplona\\\/\",\"https:\\\/\\\/www.youtube.com\\\/user\\\/laguiadepamplona\"]},{\"@type\":\"Person\",\"@id\":\"https:\\\/\\\/www.laguiadepamplona.com\\\/actualidad\\\/#\\\/schema\\\/person\\\/efe887376f0213d4657c93adc50b1fdb\",\"name\":\"La Gu\u00eda de Pamplona\",\"image\":{\"@type\":\"ImageObject\",\"inLanguage\":\"es\",\"@id\":\"https:\\\/\\\/secure.gravatar.com\\\/avatar\\\/b6992f131dc8d30ab0dff15446e9d346d9dbd95992de0fef795073f5ea83a81c?s=96&d=mm&r=g\",\"url\":\"https:\\\/\\\/secure.gravatar.com\\\/avatar\\\/b6992f131dc8d30ab0dff15446e9d346d9dbd95992de0fef795073f5ea83a81c?s=96&d=mm&r=g\",\"contentUrl\":\"https:\\\/\\\/secure.gravatar.com\\\/avatar\\\/b6992f131dc8d30ab0dff15446e9d346d9dbd95992de0fef795073f5ea83a81c?s=96&d=mm&r=g\",\"caption\":\"La Gu\u00eda de Pamplona\"}}]}<\/script>\n<!-- \/ Yoast SEO plugin. -->","yoast_head_json":{"title":"Abierta la convocatoria de subvenciones que regulan prestaciones econ\u00f3micas a familias con menores de 0 a 12 a\u00f1os o hasta 16 a\u00f1os si presentan discapacidad","description":"Las ayudas se destinan al pago de guarder\u00edas y a la atenci\u00f3n de menores en su domicilio seg\u00fan diferentes situaciones","robots":{"index":"index","follow":"follow","max-snippet":"max-snippet:-1","max-image-preview":"max-image-preview:large","max-video-preview":"max-video-preview:-1"},"canonical":"https:\/\/www.laguiadepamplona.com\/actualidad\/abierta-la-convocatoria-de-subvenciones-que-regulan-prestaciones-economicas-a-familias-con-menores-de-0-a-12-anos-o-hasta-16-anos-si-presentan-discapacidad\/","og_locale":"es_ES","og_type":"article","og_title":"Abierta la convocatoria de subvenciones que regulan prestaciones econ\u00f3micas a familias con menores de 0 a 12 a\u00f1os o hasta 16 a\u00f1os si presentan discapacidad","og_description":"Las ayudas se destinan al pago de guarder\u00edas y a la atenci\u00f3n de menores en su domicilio seg\u00fan diferentes situaciones","og_url":"https:\/\/www.laguiadepamplona.com\/actualidad\/abierta-la-convocatoria-de-subvenciones-que-regulan-prestaciones-economicas-a-familias-con-menores-de-0-a-12-anos-o-hasta-16-anos-si-presentan-discapacidad\/","og_site_name":"La Gu\u00eda de Pamplona","article_publisher":"https:\/\/www.facebook.com\/laguiadepamplonacom-133175176762273\/?ref=hl","article_published_time":"2023-06-22T14:16:56+00:00","article_modified_time":"2023-06-22T14:57:57+00:00","og_image":[{"width":1731,"height":1154,"url":"https:\/\/www.laguiadepamplona.com\/actualidad\/wp-content\/uploads\/2022\/05\/ninos_02-mediana.webp","type":"image\/webp"}],"author":"La Gu\u00eda de Pamplona","twitter_card":"summary_large_image","twitter_creator":"@LaGuiadPamplona","twitter_site":"@LaGuiadPamplona","twitter_misc":{"Escrito por":"La Gu\u00eda de Pamplona","Tiempo de lectura":"6 minutos"},"schema":{"@context":"https:\/\/schema.org","@graph":[{"@type":"Article","@id":"https:\/\/www.laguiadepamplona.com\/actualidad\/abierta-la-convocatoria-de-subvenciones-que-regulan-prestaciones-economicas-a-familias-con-menores-de-0-a-12-anos-o-hasta-16-anos-si-presentan-discapacidad\/#article","isPartOf":{"@id":"https:\/\/www.laguiadepamplona.com\/actualidad\/abierta-la-convocatoria-de-subvenciones-que-regulan-prestaciones-economicas-a-familias-con-menores-de-0-a-12-anos-o-hasta-16-anos-si-presentan-discapacidad\/"},"author":{"name":"La Gu\u00eda de Pamplona","@id":"https:\/\/www.laguiadepamplona.com\/actualidad\/#\/schema\/person\/efe887376f0213d4657c93adc50b1fdb"},"headline":"Abierta la convocatoria de subvenciones que regulan prestaciones econ\u00f3micas a familias con menores de 0 a 12 a\u00f1os o hasta 16 a\u00f1os si presentan discapacidad","datePublished":"2023-06-22T14:16:56+00:00","dateModified":"2023-06-22T14:57:57+00:00","mainEntityOfPage":{"@id":"https:\/\/www.laguiadepamplona.com\/actualidad\/abierta-la-convocatoria-de-subvenciones-que-regulan-prestaciones-economicas-a-familias-con-menores-de-0-a-12-anos-o-hasta-16-anos-si-presentan-discapacidad\/"},"wordCount":1218,"commentCount":0,"publisher":{"@id":"https:\/\/www.laguiadepamplona.com\/actualidad\/#organization"},"image":{"@id":"https:\/\/www.laguiadepamplona.com\/actualidad\/abierta-la-convocatoria-de-subvenciones-que-regulan-prestaciones-economicas-a-familias-con-menores-de-0-a-12-anos-o-hasta-16-anos-si-presentan-discapacidad\/#primaryimage"},"thumbnailUrl":"https:\/\/www.laguiadepamplona.com\/actualidad\/wp-content\/uploads\/2022\/05\/ninos_02-mediana.webp","articleSection":["Ayto Pamplona"],"inLanguage":"es","potentialAction":[{"@type":"CommentAction","name":"Comment","target":["https:\/\/www.laguiadepamplona.com\/actualidad\/abierta-la-convocatoria-de-subvenciones-que-regulan-prestaciones-economicas-a-familias-con-menores-de-0-a-12-anos-o-hasta-16-anos-si-presentan-discapacidad\/#respond"]}]},{"@type":"WebPage","@id":"https:\/\/www.laguiadepamplona.com\/actualidad\/abierta-la-convocatoria-de-subvenciones-que-regulan-prestaciones-economicas-a-familias-con-menores-de-0-a-12-anos-o-hasta-16-anos-si-presentan-discapacidad\/","url":"https:\/\/www.laguiadepamplona.com\/actualidad\/abierta-la-convocatoria-de-subvenciones-que-regulan-prestaciones-economicas-a-familias-con-menores-de-0-a-12-anos-o-hasta-16-anos-si-presentan-discapacidad\/","name":"Abierta la convocatoria de subvenciones que regulan prestaciones econ\u00f3micas a familias con menores de 0 a 12 a\u00f1os o hasta 16 a\u00f1os si presentan discapacidad","isPartOf":{"@id":"https:\/\/www.laguiadepamplona.com\/actualidad\/#website"},"primaryImageOfPage":{"@id":"https:\/\/www.laguiadepamplona.com\/actualidad\/abierta-la-convocatoria-de-subvenciones-que-regulan-prestaciones-economicas-a-familias-con-menores-de-0-a-12-anos-o-hasta-16-anos-si-presentan-discapacidad\/#primaryimage"},"image":{"@id":"https:\/\/www.laguiadepamplona.com\/actualidad\/abierta-la-convocatoria-de-subvenciones-que-regulan-prestaciones-economicas-a-familias-con-menores-de-0-a-12-anos-o-hasta-16-anos-si-presentan-discapacidad\/#primaryimage"},"thumbnailUrl":"https:\/\/www.laguiadepamplona.com\/actualidad\/wp-content\/uploads\/2022\/05\/ninos_02-mediana.webp","datePublished":"2023-06-22T14:16:56+00:00","dateModified":"2023-06-22T14:57:57+00:00","description":"Las ayudas se destinan al pago de guarder\u00edas y a la atenci\u00f3n de menores en su domicilio seg\u00fan diferentes situaciones","breadcrumb":{"@id":"https:\/\/www.laguiadepamplona.com\/actualidad\/abierta-la-convocatoria-de-subvenciones-que-regulan-prestaciones-economicas-a-familias-con-menores-de-0-a-12-anos-o-hasta-16-anos-si-presentan-discapacidad\/#breadcrumb"},"inLanguage":"es","potentialAction":[{"@type":"ReadAction","target":["https:\/\/www.laguiadepamplona.com\/actualidad\/abierta-la-convocatoria-de-subvenciones-que-regulan-prestaciones-economicas-a-familias-con-menores-de-0-a-12-anos-o-hasta-16-anos-si-presentan-discapacidad\/"]}]},{"@type":"ImageObject","inLanguage":"es","@id":"https:\/\/www.laguiadepamplona.com\/actualidad\/abierta-la-convocatoria-de-subvenciones-que-regulan-prestaciones-economicas-a-familias-con-menores-de-0-a-12-anos-o-hasta-16-anos-si-presentan-discapacidad\/#primaryimage","url":"https:\/\/www.laguiadepamplona.com\/actualidad\/wp-content\/uploads\/2022\/05\/ninos_02-mediana.webp","contentUrl":"https:\/\/www.laguiadepamplona.com\/actualidad\/wp-content\/uploads\/2022\/05\/ninos_02-mediana.webp","width":1731,"height":1154},{"@type":"BreadcrumbList","@id":"https:\/\/www.laguiadepamplona.com\/actualidad\/abierta-la-convocatoria-de-subvenciones-que-regulan-prestaciones-economicas-a-familias-con-menores-de-0-a-12-anos-o-hasta-16-anos-si-presentan-discapacidad\/#breadcrumb","itemListElement":[{"@type":"ListItem","position":1,"name":"Portada","item":"https:\/\/www.laguiadepamplona.com\/actualidad\/"},{"@type":"ListItem","position":2,"name":"Abierta la convocatoria de subvenciones que regulan prestaciones econ\u00f3micas a familias con menores de 0 a 12 a\u00f1os o hasta 16 a\u00f1os si presentan discapacidad"}]},{"@type":"WebSite","@id":"https:\/\/www.laguiadepamplona.com\/actualidad\/#website","url":"https:\/\/www.laguiadepamplona.com\/actualidad\/","name":"La gu\u00eda de Pamplona","description":"Noticias de Pamplona","publisher":{"@id":"https:\/\/www.laguiadepamplona.com\/actualidad\/#organization"},"potentialAction":[{"@type":"SearchAction","target":{"@type":"EntryPoint","urlTemplate":"https:\/\/www.laguiadepamplona.com\/actualidad\/?s={search_term_string}"},"query-input":{"@type":"PropertyValueSpecification","valueRequired":true,"valueName":"search_term_string"}}],"inLanguage":"es"},{"@type":"Organization","@id":"https:\/\/www.laguiadepamplona.com\/actualidad\/#organization","name":"La Gu\u00eda de Pamplona \/ Noticias","url":"https:\/\/www.laguiadepamplona.com\/actualidad\/","logo":{"@type":"ImageObject","inLanguage":"es","@id":"https:\/\/www.laguiadepamplona.com\/actualidad\/#\/schema\/logo\/image\/","url":"https:\/\/www.laguiadepamplona.com\/actualidad\/wp-content\/uploads\/2018\/11\/logo-laguiadepamplona18-web1.png","contentUrl":"https:\/\/www.laguiadepamplona.com\/actualidad\/wp-content\/uploads\/2018\/11\/logo-laguiadepamplona18-web1.png","width":600,"height":196,"caption":"La Gu\u00eda de Pamplona \/ Noticias"},"image":{"@id":"https:\/\/www.laguiadepamplona.com\/actualidad\/#\/schema\/logo\/image\/"},"sameAs":["https:\/\/www.facebook.com\/laguiadepamplonacom-133175176762273\/?ref=hl","https:\/\/x.com\/LaGuiadPamplona","https:\/\/www.instagram.com\/la_guia_de_pamplona\/","https:\/\/www.youtube.com\/user\/laguiadepamplona"]},{"@type":"Person","@id":"https:\/\/www.laguiadepamplona.com\/actualidad\/#\/schema\/person\/efe887376f0213d4657c93adc50b1fdb","name":"La Gu\u00eda de Pamplona","image":{"@type":"ImageObject","inLanguage":"es","@id":"https:\/\/secure.gravatar.com\/avatar\/b6992f131dc8d30ab0dff15446e9d346d9dbd95992de0fef795073f5ea83a81c?s=96&d=mm&r=g","url":"https:\/\/secure.gravatar.com\/avatar\/b6992f131dc8d30ab0dff15446e9d346d9dbd95992de0fef795073f5ea83a81c?s=96&d=mm&r=g","contentUrl":"https:\/\/secure.gravatar.com\/avatar\/b6992f131dc8d30ab0dff15446e9d346d9dbd95992de0fef795073f5ea83a81c?s=96&d=mm&r=g","caption":"La Gu\u00eda de Pamplona"}}]}},"post_mailing_queue_ids":[],"_links":{"self":[{"href":"https:\/\/www.laguiadepamplona.com\/actualidad\/wp-json\/wp\/v2\/posts\/47131","targetHints":{"allow":["GET"]}}],"collection":[{"href":"https:\/\/www.laguiadepamplona.com\/actualidad\/wp-json\/wp\/v2\/posts"}],"about":[{"href":"https:\/\/www.laguiadepamplona.com\/actualidad\/wp-json\/wp\/v2\/types\/post"}],"author":[{"embeddable":true,"href":"https:\/\/www.laguiadepamplona.com\/actualidad\/wp-json\/wp\/v2\/users\/1"}],"replies":[{"embeddable":true,"href":"https:\/\/www.laguiadepamplona.com\/actualidad\/wp-json\/wp\/v2\/comments?post=47131"}],"version-history":[{"count":2,"href":"https:\/\/www.laguiadepamplona.com\/actualidad\/wp-json\/wp\/v2\/posts\/47131\/revisions"}],"predecessor-version":[{"id":47145,"href":"https:\/\/www.laguiadepamplona.com\/actualidad\/wp-json\/wp\/v2\/posts\/47131\/revisions\/47145"}],"wp:featuredmedia":[{"embeddable":true,"href":"https:\/\/www.laguiadepamplona.com\/actualidad\/wp-json\/wp\/v2\/media\/40272"}],"wp:attachment":[{"href":"https:\/\/www.laguiadepamplona.com\/actualidad\/wp-json\/wp\/v2\/media?parent=47131"}],"wp:term":[{"taxonomy":"category","embeddable":true,"href":"https:\/\/www.laguiadepamplona.com\/actualidad\/wp-json\/wp\/v2\/categories?post=47131"},{"taxonomy":"post_tag","embeddable":true,"href":"https:\/\/www.laguiadepamplona.com\/actualidad\/wp-json\/wp\/v2\/tags?post=47131"}],"curies":[{"name":"wp","href":"https:\/\/api.w.org\/{rel}","templated":true}]}}