{"id":47128,"date":"2023-06-21T19:41:49","date_gmt":"2023-06-21T17:41:49","guid":{"rendered":"https:\/\/www.laguiadepamplona.com\/actualidad\/?p=47128"},"modified":"2023-06-22T16:59:23","modified_gmt":"2023-06-22T14:59:23","slug":"la-casa-de-la-juventud-acoge-la-entrega-de-los-premios-de-poesia-y-narrativa-del-xxxiii-certamen-literario-juvenil-en-castellano-y-euskera","status":"publish","type":"post","link":"https:\/\/www.laguiadepamplona.com\/actualidad\/la-casa-de-la-juventud-acoge-la-entrega-de-los-premios-de-poesia-y-narrativa-del-xxxiii-certamen-literario-juvenil-en-castellano-y-euskera\/","title":{"rendered":"La Casa de la Juventud acoge la entrega de los premios de poes\u00eda y narrativa del XXXIII Certamen literario juvenil en castellano y euskera"},"content":{"rendered":"<h2>Han sido galardonados 34 trabajos, 20 en castellano y 14 en euskera, entre las 200 obras presentadas por j\u00f3venes de entre 14 y 18 a\u00f1os<\/h2>\n<p><!--more--><\/p>\n<p>El Ayuntamiento de Pamplona ha entregado los premios del XXXIII Certamen literario juvenil en castellano y euskera, dirigido a j\u00f3venes de 14 a 18 a\u00f1os con domicilio o centro de estudios en Pamplona. Se han seleccionado 34 trabajos, entre los 200 presentados, 172 en castellano y 28 en euskera. Un incremento en la participaci\u00f3n, con 34 obras m\u00e1s que el a\u00f1o pasado, que permite impulsar el talento literario entre la juventud y fomentar su creatividad.<\/p>\n<p>En la entrega de premios ha participado la alcaldesa de Pamplona, Cristina Ibarrola, junto a otros miembros de la Corporaci\u00f3n Municipal.<\/p>\n<p>Los mejores trabajos han recibido tres premios (primero, segundo y tercero) y dos acc\u00e9sits (primero y segundo) por cada modalidad (poes\u00eda y narraci\u00f3n breve), por cada categor\u00eda (14-16 a\u00f1os y 17-18 a\u00f1os) y por cada uno de los idiomas admitidos (castellano y euskera). El primer premio est\u00e1 dotado con 300 euros, el segundo con 200 euros y el tercero con 150 euros; mientras que los acc\u00e9sits reciben 100 euros cada uno.<br \/>\n<script async src=\"\/\/pagead2.googlesyndication.com\/pagead\/js\/adsbygoogle.js\"><\/script><br \/>\n<!-- Noticias La Guia de Pamplona --><br \/>\n<ins class=\"adsbygoogle\"\nstyle=\"display:block\"\ndata-ad-client=\"ca-pub-6943679897239327\"\ndata-ad-slot=\"7048180777\"\ndata-ad-format=\"auto\"><\/ins><br \/>\n<script>\n(adsbygoogle = window.adsbygoogle || []).push({});\n<\/script><\/p>\n<p>En la modalidad de castellano, 91 de los 172 trabajos presentados corresponden a poes\u00eda, con 54 en la categor\u00eda de 14 a 16 a\u00f1os, y 37, a la de 17 a 18. Los premiados m\u00e1s j\u00f3venes han sido, por este orden, Elena Corera V\u00e1zquez, por \u2018A todas las flores\u2019; Ander Almagro Gavil\u00e1n, por \u2018N\u00facleo electr\u00f3nico\u2019; y Paula Garc\u00eda Alberich, por \u2018Un mundo sin color\u2019. Adem\u00e1s, Uxue Ferreiro Lahera ha obtenido el primer acc\u00e9sit por \u2018Palabras de una \u00abno gallega\u00bb y el segundo acc\u00e9sit ha sido para Javier Aguinaga Latasa, con \u2018Libertad\u2019.<\/p>\n<p>Los premios en poes\u00eda para j\u00f3venes de 17 a 18 han reca\u00eddo en Irene del Castillo Beorlegui, con su obra \u2018Tardes de 2\u00ba de Bachillerato\u2019; el segundo premio ha sido para Juan Felipe Pineda Granobles, por \u2018Vehemencia\u2019; y el tercero, para Leixuri Etxaide Arbizu, por \u2018Soy poeta\u2019. Los acc\u00e9sits han sido para Diego Jim\u00e9nez Zamarguilea, por \u2018Mosaico de identidades\u2019 y Nerea Metaxas Chocarro, por \u2018Mi bicicleta\u2019.<\/p>\n<p>En cuanto a narrativa en castellano, son 81 las obras presentadas: 55 en la categor\u00eda de 14 a 16 a\u00f1os y 26 en la de 17 a 18 a\u00f1os. En la primera, la ganadora ha sido Gloria Mar\u00eda Torres Hidalgo, con \u2018Los vendedores de almas\u2019; el segundo premio lo ha ganado Elisa Gorricho Paradi\u00f1eiro, con \u2018El chiste del viajero en el tiempo\u2019; y el tercero ha sido para Yasmin Bouguetoch Echaabani, por \u2018Te contar\u00e9 un secreto\u2019. El primer acc\u00e9sit ha sido para Andrea Molina Inda, con \u2018Artemis II\u2019, y el segundo, Pablo Reina Carlos, con \u2018Fuegos artificiales\u2019.<\/p>\n<p>Entre los j\u00f3venes de 17 a 18 a\u00f1os, el primer premio lo ha ganado Sof\u00eda Santos Hermoso de Mendoza, con \u2018Cartas de un amor olvidado\u2019; el segundo premio es para In\u00e9s Chord\u00e1 Jorge, con \u2018Vendedor de historias\u2019; y el tercero, para Natalia Kishkina Eftimova, con \u2018Las once llaves\u2019. El primer acc\u00e9sit lo ha obtenido Luc\u00eda Ergui Rahona, por \u2018Muerto en vida\u2019, y el segundo June Zozaya Castillo, por \u2018El miedo come sue\u00f1os\u2019.<br \/>\n<script async src=\"\/\/pagead2.googlesyndication.com\/pagead\/js\/adsbygoogle.js\"><\/script><br \/>\n<!-- Noticias La Guia de Pamplona --><br \/>\n<ins class=\"adsbygoogle\"\nstyle=\"display:block\"\ndata-ad-client=\"ca-pub-6943679897239327\"\ndata-ad-slot=\"7048180777\"\ndata-ad-format=\"auto\"><\/ins><br \/>\n<script>\n(adsbygoogle = window.adsbygoogle || []).push({});\n<\/script><\/p>\n<p><strong>Modalidad en euskera<\/strong><\/p>\n<p>Las personas que han presentado obra a poes\u00eda en euskera han sido 19, de las cuales 11 corresponden a la categor\u00eda de 14 a 16 a\u00f1os, y 8 a la de 17 a 18 a\u00f1os. En la modalidad de narrativa, se han presentado 9 trabajos, de los cuales 7 corresponden a la categor\u00eda de 14 a 16 a\u00f1os y 2 a la de 17 a 18 a\u00f1os.<\/p>\n<p>Los premiados en poes\u00eda de 14 a 16 a\u00f1os han sido Amaiur Ruiz Gaspar, por \u2018Tantaka\u2019; Lizar Sevillano Chocarro, por \u2018Erantzunik gabeko galderak\u2019; y Yerai Ros Ganuza, por \u2018Beldurra\u2019. El primer acc\u00e9sit lo ha ganado Oihana Abasolo P\u00e9rez, por \u2018Nire semeari\u2019. El segundo acc\u00e9sit se ha declarado desierto. En el tramo de edad de 17 a 18 a\u00f1os, el primer premio lo ha logrado Aitzol Sanz de Acedo Red\u00edn, con \u2018Heriotza\u2019; el segundo, June Zozaya Castillo, con \u2018Noraezean\u2019; y el tercero, Anakhadi Loum Y\u00e1\u00f1ez, con \u2018Iluntasunaren ametsak\u2019. El primer acc\u00e9sit ha sido para Luc\u00eda Moreno Concha, por \u2018Margarita\u2019.<\/p>\n<p>En la modalidad de narrativa, en categor\u00eda de 14 a 16 a\u00f1os, las ganadoras han sido Maddi Amaiur Tejedor Lasa, con \u2018Ispilutik\u2019; Aiora Avila Larrageta, con \u2018Milaka ur tanta\u2019; y Maia Novoselskyy Jaka, con \u2018Magaleko istorioak\u2019. El primer acc\u00e9sit ha correspondido a In\u00e9s Cuevas Aparicio, por \u2018Klax erreinuko heroia\u2019, y el segundo, a Oihana Abasolo P\u00e9rez, por \u2018Lau giltzarrapoek preso\u2019. En la categor\u00eda de 17 y 18 a\u00f1os solo se ha concedido el primer premio, a Olatz Querejeta Zabaleta, por \u2018Porra galaktikoa\u2019.<\/p>\n<p>La extensi\u00f3n de los trabajos se estableci\u00f3 en 14 versos m\u00ednimo y 40 m\u00e1ximo en poes\u00eda, mientras que la narraci\u00f3n breve deb\u00eda ocupar entre 2 y 5 folios, por una sola cara y a doble espacio. Para cada modalidad, tanto en castellano como en euskera, se establecieron las categor\u00edas de j\u00f3venes de 14 a 16 a\u00f1os, y j\u00f3venes de 17 y 18 a\u00f1os, ambos inclusive.<br \/>\n<script async src=\"\/\/pagead2.googlesyndication.com\/pagead\/js\/adsbygoogle.js\"><\/script><br \/>\n<!-- Noticias La Guia de Pamplona --><br \/>\n<ins class=\"adsbygoogle\"\nstyle=\"display:block\"\ndata-ad-client=\"ca-pub-6943679897239327\"\ndata-ad-slot=\"7048180777\"\ndata-ad-format=\"auto\"><\/ins><br \/>\n<script>\n(adsbygoogle = window.adsbygoogle || []).push({});\n<\/script><\/p>\n<p>&nbsp;<\/p>\n<h3>Los Premios<\/h3>\n<ul>\n<li>Tres premios y dos acc\u00e9sits por modalidad, por tramo de edad y por idioma:\n<ul>\n<li>Primer premio: 300 euros<\/li>\n<li>Segundo premio: 200 euros<\/li>\n<li>Tercer premio: 150 euros<\/li>\n<li>Primer acc\u00e9sit: 100 euros<\/li>\n<li>Segundo acc\u00e9sit: 100 euros<\/li>\n<\/ul>\n<\/li>\n<\/ul>\n<p><strong>Modalidad en Castellano<\/strong><\/p>\n<ul>\n<li>Poes\u00eda (14 \u2013 16 a\u00f1os)\n<ul>\n<li>Primer premio: \u2018A todas las flores\u2019. Elena Corera V\u00e1zquez<\/li>\n<li>Segundo premio: \u2018N\u00facleo electr\u00f3nico\u2019. Ander Almagro Gavil\u00e1n<\/li>\n<li>Tercer premio: \u2018Un mundo sin color\u2019. Paula Garc\u00eda Alberich<\/li>\n<li>Primer acc\u00e9sit: \u2018Palabras de una \u00abno gallega\u00bb. Uxue Ferreiro Lahera<\/li>\n<li>Segundo acc\u00e9sit: \u2018Libertad\u2019. Javier Aguinaga Latasa<\/li>\n<\/ul>\n<\/li>\n<li>Poes\u00eda (17 \u2013 18 a\u00f1os)\n<ul>\n<li>Primer premio: \u2018Tardes de 2\u00ba de Bachillerato\u2019. Irene del Castillo Beorlegui<\/li>\n<li>Segundo premio: \u2018Vehemencia\u2019. Juan Felipe Pineda Granobles<\/li>\n<li>Tercer premio: \u2018Soy poeta\u2019. Leixuri Etxaide Arbizu<\/li>\n<li>Primer acc\u00e9sit: \u2018Mosaico de identidades\u2019. Diego Jim\u00e9nez Zamarguilea<\/li>\n<li>Segundo acc\u00e9sit: \u2018Mi bicicleta\u2019. Nerea Metaxas Chocarro<\/li>\n<\/ul>\n<\/li>\n<li>Narrativa (14 \u2013 16 a\u00f1os)\n<ul>\n<li>Primer premio: \u2018Los vendedores de almas\u2019. Gloria Mar\u00eda Torres Hidalgo<\/li>\n<li>Segundo premio: \u2018El chiste del viajero en el tiempo\u2019. Elisa Gorricho Paradi\u00f1eiro<\/li>\n<li>Tercer premio: \u2018Te contar\u00e9 un secreto\u2019. Yasmin Bouguetoch Echaabani<\/li>\n<li>Primer acc\u00e9sit: \u2018Artemis II\u2019. Andrea Molina Inda<\/li>\n<li>Segundo acc\u00e9sit: \u2018Fuegos artificiales\u2019. Pablo Reina Carlos<\/li>\n<\/ul>\n<\/li>\n<li>Narrativa (17 \u2013 18 a\u00f1os)\n<ul>\n<li>Primer premio: \u2018Cartas de un amor olvidado\u2019. Sof\u00eda Santos Hermoso de Mendoza<\/li>\n<li>Segundo premio: \u2018Vendedor de historias\u2019. In\u00e9s Chord\u00e1 Jorge<\/li>\n<li>Tercer premio: \u2018Las once llaves\u2019. Natalia Kishkina Eftimova<\/li>\n<li>Primer acc\u00e9sit: \u2018Muerto en vida\u2019. Luc\u00eda Ergui Rahona<\/li>\n<li>Segundo acc\u00e9sit: \u2018El miedo come sue\u00f1os\u2019. June Zozaya Castillo<\/li>\n<\/ul>\n<\/li>\n<\/ul>\n<p>&nbsp;<\/p>\n<p><strong>Modalidad en Euskera<\/strong><\/p>\n<ul>\n<li>Poes\u00eda (14 \u2013 16 a\u00f1os)\n<ul>\n<li>Primer premio: \u2018Tantaka\u2019. Amaiur Ruiz Gaspar<\/li>\n<li>Segundo premio: \u2018Erantzunik gabeko galderak\u2019. Lizar Sevillano Chocarro<\/li>\n<li>Tercer premio: \u2018Beldurra\u2019. Yerai Ros Ganuza<\/li>\n<li>Primer acc\u00e9sit: \u2018Nire semeari\u2019. Oihana Abasolo P\u00e9rez<\/li>\n<li>Segundo acc\u00e9sit: (desierto)<\/li>\n<\/ul>\n<\/li>\n<li>Poes\u00eda (17 \u2013 18 a\u00f1os)\n<ul>\n<li>Primer premio: \u2018Heriotza\u2019. Aitzol Sanz de Acedo Red\u00edn<\/li>\n<li>Segundo premio: \u2018Noraezean\u2019. June Zozaya Castillo<\/li>\n<li>Tercer premio: \u2018Iluntasunaren ametsak\u2019. Anakhadi Loum Y\u00e1\u00f1ez<\/li>\n<li>Primer acc\u00e9sit: \u2018Margarita\u2019. Luc\u00eda Moreno Concha<\/li>\n<li>Segundo acc\u00e9sit: (desierto)<\/li>\n<\/ul>\n<\/li>\n<li>Narrativa (14 \u2013 16 a\u00f1os)\n<ul>\n<li>Primer premio: \u2018Ispilutik\u2019. Maddi Amaiur Tejedor Lasa<\/li>\n<li>Segundo premio: \u2018Milaka ur tanta\u2019. Aiora Avila Larrageta<\/li>\n<li>Tercer premio: \u2018Magaleko istorioak\u2019. Maia Novoselskyy Jaka<\/li>\n<li>Primer acc\u00e9sit: \u2018Klax erreinuko heroia\u2019. In\u00e9s Cuevas Aparicio<\/li>\n<li>Segundo acc\u00e9sit: \u2018Lau giltzarrapoek preso\u2019. Oihana Abasolo P\u00e9rez<\/li>\n<\/ul>\n<\/li>\n<li>Narrativa (17 \u2013 18 a\u00f1os)\n<ul>\n<li>Primer premio: \u2018Porra galaktikoa\u2019. Olatz Querejeta Zabaleta<\/li>\n<li>Segundo premio \/ Tercer premio \/ Primer acc\u00e9sit \/ Segundo acc\u00e9sit: (desiertos)<\/li>\n<\/ul>\n<\/li>\n<\/ul>\n","protected":false},"excerpt":{"rendered":"<p>Han sido galardonados 34 trabajos, 20 en castellano y 14 en euskera, entre las 200 obras presentadas por j\u00f3venes de entre 14 y 18 a\u00f1os<\/p>\n","protected":false},"author":1,"featured_media":47129,"comment_status":"open","ping_status":"closed","sticky":false,"template":"","format":"standard","meta":{"footnotes":""},"categories":[2],"tags":[],"class_list":["post-47128","post","type-post","status-publish","format-standard","has-post-thumbnail","hentry","category-ayuntamiento-pamplona"],"yoast_head":"<!-- This site is optimized with the Yoast SEO plugin v27.3 - https:\/\/yoast.com\/product\/yoast-seo-wordpress\/ -->\n<title>La Casa de la Juventud acoge la entrega de los premios de poes\u00eda y narrativa del XXXIII Certamen literario juvenil en castellano y euskera<\/title>\n<meta name=\"description\" content=\"Han sido galardonados 34 trabajos, 20 en castellano y 14 en euskera, entre las 200 obras presentadas por j\u00f3venes de entre 14 y 18 a\u00f1os\" \/>\n<meta name=\"robots\" content=\"index, follow, max-snippet:-1, max-image-preview:large, max-video-preview:-1\" \/>\n<link rel=\"canonical\" href=\"https:\/\/www.laguiadepamplona.com\/actualidad\/la-casa-de-la-juventud-acoge-la-entrega-de-los-premios-de-poesia-y-narrativa-del-xxxiii-certamen-literario-juvenil-en-castellano-y-euskera\/\" \/>\n<meta property=\"og:locale\" content=\"es_ES\" \/>\n<meta property=\"og:type\" content=\"article\" \/>\n<meta property=\"og:title\" content=\"La Casa de la Juventud acoge la entrega de los premios de poes\u00eda y narrativa del XXXIII Certamen literario juvenil en castellano y euskera\" \/>\n<meta property=\"og:description\" content=\"Han sido galardonados 34 trabajos, 20 en castellano y 14 en euskera, entre las 200 obras presentadas por j\u00f3venes de entre 14 y 18 a\u00f1os\" \/>\n<meta property=\"og:url\" content=\"https:\/\/www.laguiadepamplona.com\/actualidad\/la-casa-de-la-juventud-acoge-la-entrega-de-los-premios-de-poesia-y-narrativa-del-xxxiii-certamen-literario-juvenil-en-castellano-y-euskera\/\" \/>\n<meta property=\"og:site_name\" content=\"La Gu\u00eda de Pamplona\" \/>\n<meta property=\"article:publisher\" content=\"https:\/\/www.facebook.com\/laguiadepamplonacom-133175176762273\/?ref=hl\" \/>\n<meta property=\"article:published_time\" content=\"2023-06-21T17:41:49+00:00\" \/>\n<meta property=\"article:modified_time\" content=\"2023-06-22T14:59:23+00:00\" \/>\n<meta property=\"og:image\" content=\"https:\/\/www.laguiadepamplona.com\/actualidad\/wp-content\/uploads\/2023\/06\/PREMIO-LITERATURA-POESIA__E5A9506.webp\" \/>\n\t<meta property=\"og:image:width\" content=\"1600\" \/>\n\t<meta property=\"og:image:height\" content=\"1067\" \/>\n\t<meta property=\"og:image:type\" content=\"image\/webp\" \/>\n<meta name=\"author\" content=\"La Gu\u00eda de Pamplona\" \/>\n<meta name=\"twitter:card\" content=\"summary_large_image\" \/>\n<meta name=\"twitter:creator\" content=\"@LaGuiadPamplona\" \/>\n<meta name=\"twitter:site\" content=\"@LaGuiadPamplona\" \/>\n<meta name=\"twitter:label1\" content=\"Escrito por\" \/>\n\t<meta name=\"twitter:data1\" content=\"La Gu\u00eda de Pamplona\" \/>\n\t<meta name=\"twitter:label2\" content=\"Tiempo de lectura\" \/>\n\t<meta name=\"twitter:data2\" content=\"6 minutos\" \/>\n<script type=\"application\/ld+json\" class=\"yoast-schema-graph\">{\"@context\":\"https:\\\/\\\/schema.org\",\"@graph\":[{\"@type\":\"Article\",\"@id\":\"https:\\\/\\\/www.laguiadepamplona.com\\\/actualidad\\\/la-casa-de-la-juventud-acoge-la-entrega-de-los-premios-de-poesia-y-narrativa-del-xxxiii-certamen-literario-juvenil-en-castellano-y-euskera\\\/#article\",\"isPartOf\":{\"@id\":\"https:\\\/\\\/www.laguiadepamplona.com\\\/actualidad\\\/la-casa-de-la-juventud-acoge-la-entrega-de-los-premios-de-poesia-y-narrativa-del-xxxiii-certamen-literario-juvenil-en-castellano-y-euskera\\\/\"},\"author\":{\"name\":\"La Gu\u00eda de Pamplona\",\"@id\":\"https:\\\/\\\/www.laguiadepamplona.com\\\/actualidad\\\/#\\\/schema\\\/person\\\/efe887376f0213d4657c93adc50b1fdb\"},\"headline\":\"La Casa de la Juventud acoge la entrega de los premios de poes\u00eda y narrativa del XXXIII Certamen literario juvenil en castellano y euskera\",\"datePublished\":\"2023-06-21T17:41:49+00:00\",\"dateModified\":\"2023-06-22T14:59:23+00:00\",\"mainEntityOfPage\":{\"@id\":\"https:\\\/\\\/www.laguiadepamplona.com\\\/actualidad\\\/la-casa-de-la-juventud-acoge-la-entrega-de-los-premios-de-poesia-y-narrativa-del-xxxiii-certamen-literario-juvenil-en-castellano-y-euskera\\\/\"},\"wordCount\":1260,\"commentCount\":0,\"publisher\":{\"@id\":\"https:\\\/\\\/www.laguiadepamplona.com\\\/actualidad\\\/#organization\"},\"image\":{\"@id\":\"https:\\\/\\\/www.laguiadepamplona.com\\\/actualidad\\\/la-casa-de-la-juventud-acoge-la-entrega-de-los-premios-de-poesia-y-narrativa-del-xxxiii-certamen-literario-juvenil-en-castellano-y-euskera\\\/#primaryimage\"},\"thumbnailUrl\":\"https:\\\/\\\/www.laguiadepamplona.com\\\/actualidad\\\/wp-content\\\/uploads\\\/2023\\\/06\\\/PREMIO-LITERATURA-POESIA__E5A9506.webp\",\"articleSection\":[\"Ayto Pamplona\"],\"inLanguage\":\"es\",\"potentialAction\":[{\"@type\":\"CommentAction\",\"name\":\"Comment\",\"target\":[\"https:\\\/\\\/www.laguiadepamplona.com\\\/actualidad\\\/la-casa-de-la-juventud-acoge-la-entrega-de-los-premios-de-poesia-y-narrativa-del-xxxiii-certamen-literario-juvenil-en-castellano-y-euskera\\\/#respond\"]}]},{\"@type\":\"WebPage\",\"@id\":\"https:\\\/\\\/www.laguiadepamplona.com\\\/actualidad\\\/la-casa-de-la-juventud-acoge-la-entrega-de-los-premios-de-poesia-y-narrativa-del-xxxiii-certamen-literario-juvenil-en-castellano-y-euskera\\\/\",\"url\":\"https:\\\/\\\/www.laguiadepamplona.com\\\/actualidad\\\/la-casa-de-la-juventud-acoge-la-entrega-de-los-premios-de-poesia-y-narrativa-del-xxxiii-certamen-literario-juvenil-en-castellano-y-euskera\\\/\",\"name\":\"La Casa de la Juventud acoge la entrega de los premios de poes\u00eda y narrativa del XXXIII Certamen literario juvenil en castellano y euskera\",\"isPartOf\":{\"@id\":\"https:\\\/\\\/www.laguiadepamplona.com\\\/actualidad\\\/#website\"},\"primaryImageOfPage\":{\"@id\":\"https:\\\/\\\/www.laguiadepamplona.com\\\/actualidad\\\/la-casa-de-la-juventud-acoge-la-entrega-de-los-premios-de-poesia-y-narrativa-del-xxxiii-certamen-literario-juvenil-en-castellano-y-euskera\\\/#primaryimage\"},\"image\":{\"@id\":\"https:\\\/\\\/www.laguiadepamplona.com\\\/actualidad\\\/la-casa-de-la-juventud-acoge-la-entrega-de-los-premios-de-poesia-y-narrativa-del-xxxiii-certamen-literario-juvenil-en-castellano-y-euskera\\\/#primaryimage\"},\"thumbnailUrl\":\"https:\\\/\\\/www.laguiadepamplona.com\\\/actualidad\\\/wp-content\\\/uploads\\\/2023\\\/06\\\/PREMIO-LITERATURA-POESIA__E5A9506.webp\",\"datePublished\":\"2023-06-21T17:41:49+00:00\",\"dateModified\":\"2023-06-22T14:59:23+00:00\",\"description\":\"Han sido galardonados 34 trabajos, 20 en castellano y 14 en euskera, entre las 200 obras presentadas por j\u00f3venes de entre 14 y 18 a\u00f1os\",\"breadcrumb\":{\"@id\":\"https:\\\/\\\/www.laguiadepamplona.com\\\/actualidad\\\/la-casa-de-la-juventud-acoge-la-entrega-de-los-premios-de-poesia-y-narrativa-del-xxxiii-certamen-literario-juvenil-en-castellano-y-euskera\\\/#breadcrumb\"},\"inLanguage\":\"es\",\"potentialAction\":[{\"@type\":\"ReadAction\",\"target\":[\"https:\\\/\\\/www.laguiadepamplona.com\\\/actualidad\\\/la-casa-de-la-juventud-acoge-la-entrega-de-los-premios-de-poesia-y-narrativa-del-xxxiii-certamen-literario-juvenil-en-castellano-y-euskera\\\/\"]}]},{\"@type\":\"ImageObject\",\"inLanguage\":\"es\",\"@id\":\"https:\\\/\\\/www.laguiadepamplona.com\\\/actualidad\\\/la-casa-de-la-juventud-acoge-la-entrega-de-los-premios-de-poesia-y-narrativa-del-xxxiii-certamen-literario-juvenil-en-castellano-y-euskera\\\/#primaryimage\",\"url\":\"https:\\\/\\\/www.laguiadepamplona.com\\\/actualidad\\\/wp-content\\\/uploads\\\/2023\\\/06\\\/PREMIO-LITERATURA-POESIA__E5A9506.webp\",\"contentUrl\":\"https:\\\/\\\/www.laguiadepamplona.com\\\/actualidad\\\/wp-content\\\/uploads\\\/2023\\\/06\\\/PREMIO-LITERATURA-POESIA__E5A9506.webp\",\"width\":1600,\"height\":1067,\"caption\":\"premios literatura\"},{\"@type\":\"BreadcrumbList\",\"@id\":\"https:\\\/\\\/www.laguiadepamplona.com\\\/actualidad\\\/la-casa-de-la-juventud-acoge-la-entrega-de-los-premios-de-poesia-y-narrativa-del-xxxiii-certamen-literario-juvenil-en-castellano-y-euskera\\\/#breadcrumb\",\"itemListElement\":[{\"@type\":\"ListItem\",\"position\":1,\"name\":\"Portada\",\"item\":\"https:\\\/\\\/www.laguiadepamplona.com\\\/actualidad\\\/\"},{\"@type\":\"ListItem\",\"position\":2,\"name\":\"La Casa de la Juventud acoge la entrega de los premios de poes\u00eda y narrativa del XXXIII Certamen literario juvenil en castellano y euskera\"}]},{\"@type\":\"WebSite\",\"@id\":\"https:\\\/\\\/www.laguiadepamplona.com\\\/actualidad\\\/#website\",\"url\":\"https:\\\/\\\/www.laguiadepamplona.com\\\/actualidad\\\/\",\"name\":\"La gu\u00eda de Pamplona\",\"description\":\"Noticias de Pamplona\",\"publisher\":{\"@id\":\"https:\\\/\\\/www.laguiadepamplona.com\\\/actualidad\\\/#organization\"},\"potentialAction\":[{\"@type\":\"SearchAction\",\"target\":{\"@type\":\"EntryPoint\",\"urlTemplate\":\"https:\\\/\\\/www.laguiadepamplona.com\\\/actualidad\\\/?s={search_term_string}\"},\"query-input\":{\"@type\":\"PropertyValueSpecification\",\"valueRequired\":true,\"valueName\":\"search_term_string\"}}],\"inLanguage\":\"es\"},{\"@type\":\"Organization\",\"@id\":\"https:\\\/\\\/www.laguiadepamplona.com\\\/actualidad\\\/#organization\",\"name\":\"La Gu\u00eda de Pamplona \\\/ Noticias\",\"url\":\"https:\\\/\\\/www.laguiadepamplona.com\\\/actualidad\\\/\",\"logo\":{\"@type\":\"ImageObject\",\"inLanguage\":\"es\",\"@id\":\"https:\\\/\\\/www.laguiadepamplona.com\\\/actualidad\\\/#\\\/schema\\\/logo\\\/image\\\/\",\"url\":\"https:\\\/\\\/www.laguiadepamplona.com\\\/actualidad\\\/wp-content\\\/uploads\\\/2018\\\/11\\\/logo-laguiadepamplona18-web1.png\",\"contentUrl\":\"https:\\\/\\\/www.laguiadepamplona.com\\\/actualidad\\\/wp-content\\\/uploads\\\/2018\\\/11\\\/logo-laguiadepamplona18-web1.png\",\"width\":600,\"height\":196,\"caption\":\"La Gu\u00eda de Pamplona \\\/ Noticias\"},\"image\":{\"@id\":\"https:\\\/\\\/www.laguiadepamplona.com\\\/actualidad\\\/#\\\/schema\\\/logo\\\/image\\\/\"},\"sameAs\":[\"https:\\\/\\\/www.facebook.com\\\/laguiadepamplonacom-133175176762273\\\/?ref=hl\",\"https:\\\/\\\/x.com\\\/LaGuiadPamplona\",\"https:\\\/\\\/www.instagram.com\\\/la_guia_de_pamplona\\\/\",\"https:\\\/\\\/www.youtube.com\\\/user\\\/laguiadepamplona\"]},{\"@type\":\"Person\",\"@id\":\"https:\\\/\\\/www.laguiadepamplona.com\\\/actualidad\\\/#\\\/schema\\\/person\\\/efe887376f0213d4657c93adc50b1fdb\",\"name\":\"La Gu\u00eda de Pamplona\",\"image\":{\"@type\":\"ImageObject\",\"inLanguage\":\"es\",\"@id\":\"https:\\\/\\\/secure.gravatar.com\\\/avatar\\\/b6992f131dc8d30ab0dff15446e9d346d9dbd95992de0fef795073f5ea83a81c?s=96&d=mm&r=g\",\"url\":\"https:\\\/\\\/secure.gravatar.com\\\/avatar\\\/b6992f131dc8d30ab0dff15446e9d346d9dbd95992de0fef795073f5ea83a81c?s=96&d=mm&r=g\",\"contentUrl\":\"https:\\\/\\\/secure.gravatar.com\\\/avatar\\\/b6992f131dc8d30ab0dff15446e9d346d9dbd95992de0fef795073f5ea83a81c?s=96&d=mm&r=g\",\"caption\":\"La Gu\u00eda de Pamplona\"}}]}<\/script>\n<!-- \/ Yoast SEO plugin. -->","yoast_head_json":{"title":"La Casa de la Juventud acoge la entrega de los premios de poes\u00eda y narrativa del XXXIII Certamen literario juvenil en castellano y euskera","description":"Han sido galardonados 34 trabajos, 20 en castellano y 14 en euskera, entre las 200 obras presentadas por j\u00f3venes de entre 14 y 18 a\u00f1os","robots":{"index":"index","follow":"follow","max-snippet":"max-snippet:-1","max-image-preview":"max-image-preview:large","max-video-preview":"max-video-preview:-1"},"canonical":"https:\/\/www.laguiadepamplona.com\/actualidad\/la-casa-de-la-juventud-acoge-la-entrega-de-los-premios-de-poesia-y-narrativa-del-xxxiii-certamen-literario-juvenil-en-castellano-y-euskera\/","og_locale":"es_ES","og_type":"article","og_title":"La Casa de la Juventud acoge la entrega de los premios de poes\u00eda y narrativa del XXXIII Certamen literario juvenil en castellano y euskera","og_description":"Han sido galardonados 34 trabajos, 20 en castellano y 14 en euskera, entre las 200 obras presentadas por j\u00f3venes de entre 14 y 18 a\u00f1os","og_url":"https:\/\/www.laguiadepamplona.com\/actualidad\/la-casa-de-la-juventud-acoge-la-entrega-de-los-premios-de-poesia-y-narrativa-del-xxxiii-certamen-literario-juvenil-en-castellano-y-euskera\/","og_site_name":"La Gu\u00eda de Pamplona","article_publisher":"https:\/\/www.facebook.com\/laguiadepamplonacom-133175176762273\/?ref=hl","article_published_time":"2023-06-21T17:41:49+00:00","article_modified_time":"2023-06-22T14:59:23+00:00","og_image":[{"width":1600,"height":1067,"url":"https:\/\/www.laguiadepamplona.com\/actualidad\/wp-content\/uploads\/2023\/06\/PREMIO-LITERATURA-POESIA__E5A9506.webp","type":"image\/webp"}],"author":"La Gu\u00eda de Pamplona","twitter_card":"summary_large_image","twitter_creator":"@LaGuiadPamplona","twitter_site":"@LaGuiadPamplona","twitter_misc":{"Escrito por":"La Gu\u00eda de Pamplona","Tiempo de lectura":"6 minutos"},"schema":{"@context":"https:\/\/schema.org","@graph":[{"@type":"Article","@id":"https:\/\/www.laguiadepamplona.com\/actualidad\/la-casa-de-la-juventud-acoge-la-entrega-de-los-premios-de-poesia-y-narrativa-del-xxxiii-certamen-literario-juvenil-en-castellano-y-euskera\/#article","isPartOf":{"@id":"https:\/\/www.laguiadepamplona.com\/actualidad\/la-casa-de-la-juventud-acoge-la-entrega-de-los-premios-de-poesia-y-narrativa-del-xxxiii-certamen-literario-juvenil-en-castellano-y-euskera\/"},"author":{"name":"La Gu\u00eda de Pamplona","@id":"https:\/\/www.laguiadepamplona.com\/actualidad\/#\/schema\/person\/efe887376f0213d4657c93adc50b1fdb"},"headline":"La Casa de la Juventud acoge la entrega de los premios de poes\u00eda y narrativa del XXXIII Certamen literario juvenil en castellano y euskera","datePublished":"2023-06-21T17:41:49+00:00","dateModified":"2023-06-22T14:59:23+00:00","mainEntityOfPage":{"@id":"https:\/\/www.laguiadepamplona.com\/actualidad\/la-casa-de-la-juventud-acoge-la-entrega-de-los-premios-de-poesia-y-narrativa-del-xxxiii-certamen-literario-juvenil-en-castellano-y-euskera\/"},"wordCount":1260,"commentCount":0,"publisher":{"@id":"https:\/\/www.laguiadepamplona.com\/actualidad\/#organization"},"image":{"@id":"https:\/\/www.laguiadepamplona.com\/actualidad\/la-casa-de-la-juventud-acoge-la-entrega-de-los-premios-de-poesia-y-narrativa-del-xxxiii-certamen-literario-juvenil-en-castellano-y-euskera\/#primaryimage"},"thumbnailUrl":"https:\/\/www.laguiadepamplona.com\/actualidad\/wp-content\/uploads\/2023\/06\/PREMIO-LITERATURA-POESIA__E5A9506.webp","articleSection":["Ayto Pamplona"],"inLanguage":"es","potentialAction":[{"@type":"CommentAction","name":"Comment","target":["https:\/\/www.laguiadepamplona.com\/actualidad\/la-casa-de-la-juventud-acoge-la-entrega-de-los-premios-de-poesia-y-narrativa-del-xxxiii-certamen-literario-juvenil-en-castellano-y-euskera\/#respond"]}]},{"@type":"WebPage","@id":"https:\/\/www.laguiadepamplona.com\/actualidad\/la-casa-de-la-juventud-acoge-la-entrega-de-los-premios-de-poesia-y-narrativa-del-xxxiii-certamen-literario-juvenil-en-castellano-y-euskera\/","url":"https:\/\/www.laguiadepamplona.com\/actualidad\/la-casa-de-la-juventud-acoge-la-entrega-de-los-premios-de-poesia-y-narrativa-del-xxxiii-certamen-literario-juvenil-en-castellano-y-euskera\/","name":"La Casa de la Juventud acoge la entrega de los premios de poes\u00eda y narrativa del XXXIII Certamen literario juvenil en castellano y euskera","isPartOf":{"@id":"https:\/\/www.laguiadepamplona.com\/actualidad\/#website"},"primaryImageOfPage":{"@id":"https:\/\/www.laguiadepamplona.com\/actualidad\/la-casa-de-la-juventud-acoge-la-entrega-de-los-premios-de-poesia-y-narrativa-del-xxxiii-certamen-literario-juvenil-en-castellano-y-euskera\/#primaryimage"},"image":{"@id":"https:\/\/www.laguiadepamplona.com\/actualidad\/la-casa-de-la-juventud-acoge-la-entrega-de-los-premios-de-poesia-y-narrativa-del-xxxiii-certamen-literario-juvenil-en-castellano-y-euskera\/#primaryimage"},"thumbnailUrl":"https:\/\/www.laguiadepamplona.com\/actualidad\/wp-content\/uploads\/2023\/06\/PREMIO-LITERATURA-POESIA__E5A9506.webp","datePublished":"2023-06-21T17:41:49+00:00","dateModified":"2023-06-22T14:59:23+00:00","description":"Han sido galardonados 34 trabajos, 20 en castellano y 14 en euskera, entre las 200 obras presentadas por j\u00f3venes de entre 14 y 18 a\u00f1os","breadcrumb":{"@id":"https:\/\/www.laguiadepamplona.com\/actualidad\/la-casa-de-la-juventud-acoge-la-entrega-de-los-premios-de-poesia-y-narrativa-del-xxxiii-certamen-literario-juvenil-en-castellano-y-euskera\/#breadcrumb"},"inLanguage":"es","potentialAction":[{"@type":"ReadAction","target":["https:\/\/www.laguiadepamplona.com\/actualidad\/la-casa-de-la-juventud-acoge-la-entrega-de-los-premios-de-poesia-y-narrativa-del-xxxiii-certamen-literario-juvenil-en-castellano-y-euskera\/"]}]},{"@type":"ImageObject","inLanguage":"es","@id":"https:\/\/www.laguiadepamplona.com\/actualidad\/la-casa-de-la-juventud-acoge-la-entrega-de-los-premios-de-poesia-y-narrativa-del-xxxiii-certamen-literario-juvenil-en-castellano-y-euskera\/#primaryimage","url":"https:\/\/www.laguiadepamplona.com\/actualidad\/wp-content\/uploads\/2023\/06\/PREMIO-LITERATURA-POESIA__E5A9506.webp","contentUrl":"https:\/\/www.laguiadepamplona.com\/actualidad\/wp-content\/uploads\/2023\/06\/PREMIO-LITERATURA-POESIA__E5A9506.webp","width":1600,"height":1067,"caption":"premios literatura"},{"@type":"BreadcrumbList","@id":"https:\/\/www.laguiadepamplona.com\/actualidad\/la-casa-de-la-juventud-acoge-la-entrega-de-los-premios-de-poesia-y-narrativa-del-xxxiii-certamen-literario-juvenil-en-castellano-y-euskera\/#breadcrumb","itemListElement":[{"@type":"ListItem","position":1,"name":"Portada","item":"https:\/\/www.laguiadepamplona.com\/actualidad\/"},{"@type":"ListItem","position":2,"name":"La Casa de la Juventud acoge la entrega de los premios de poes\u00eda y narrativa del XXXIII Certamen literario juvenil en castellano y euskera"}]},{"@type":"WebSite","@id":"https:\/\/www.laguiadepamplona.com\/actualidad\/#website","url":"https:\/\/www.laguiadepamplona.com\/actualidad\/","name":"La gu\u00eda de Pamplona","description":"Noticias de Pamplona","publisher":{"@id":"https:\/\/www.laguiadepamplona.com\/actualidad\/#organization"},"potentialAction":[{"@type":"SearchAction","target":{"@type":"EntryPoint","urlTemplate":"https:\/\/www.laguiadepamplona.com\/actualidad\/?s={search_term_string}"},"query-input":{"@type":"PropertyValueSpecification","valueRequired":true,"valueName":"search_term_string"}}],"inLanguage":"es"},{"@type":"Organization","@id":"https:\/\/www.laguiadepamplona.com\/actualidad\/#organization","name":"La Gu\u00eda de Pamplona \/ Noticias","url":"https:\/\/www.laguiadepamplona.com\/actualidad\/","logo":{"@type":"ImageObject","inLanguage":"es","@id":"https:\/\/www.laguiadepamplona.com\/actualidad\/#\/schema\/logo\/image\/","url":"https:\/\/www.laguiadepamplona.com\/actualidad\/wp-content\/uploads\/2018\/11\/logo-laguiadepamplona18-web1.png","contentUrl":"https:\/\/www.laguiadepamplona.com\/actualidad\/wp-content\/uploads\/2018\/11\/logo-laguiadepamplona18-web1.png","width":600,"height":196,"caption":"La Gu\u00eda de Pamplona \/ Noticias"},"image":{"@id":"https:\/\/www.laguiadepamplona.com\/actualidad\/#\/schema\/logo\/image\/"},"sameAs":["https:\/\/www.facebook.com\/laguiadepamplonacom-133175176762273\/?ref=hl","https:\/\/x.com\/LaGuiadPamplona","https:\/\/www.instagram.com\/la_guia_de_pamplona\/","https:\/\/www.youtube.com\/user\/laguiadepamplona"]},{"@type":"Person","@id":"https:\/\/www.laguiadepamplona.com\/actualidad\/#\/schema\/person\/efe887376f0213d4657c93adc50b1fdb","name":"La Gu\u00eda de Pamplona","image":{"@type":"ImageObject","inLanguage":"es","@id":"https:\/\/secure.gravatar.com\/avatar\/b6992f131dc8d30ab0dff15446e9d346d9dbd95992de0fef795073f5ea83a81c?s=96&d=mm&r=g","url":"https:\/\/secure.gravatar.com\/avatar\/b6992f131dc8d30ab0dff15446e9d346d9dbd95992de0fef795073f5ea83a81c?s=96&d=mm&r=g","contentUrl":"https:\/\/secure.gravatar.com\/avatar\/b6992f131dc8d30ab0dff15446e9d346d9dbd95992de0fef795073f5ea83a81c?s=96&d=mm&r=g","caption":"La Gu\u00eda de Pamplona"}}]}},"post_mailing_queue_ids":[],"_links":{"self":[{"href":"https:\/\/www.laguiadepamplona.com\/actualidad\/wp-json\/wp\/v2\/posts\/47128","targetHints":{"allow":["GET"]}}],"collection":[{"href":"https:\/\/www.laguiadepamplona.com\/actualidad\/wp-json\/wp\/v2\/posts"}],"about":[{"href":"https:\/\/www.laguiadepamplona.com\/actualidad\/wp-json\/wp\/v2\/types\/post"}],"author":[{"embeddable":true,"href":"https:\/\/www.laguiadepamplona.com\/actualidad\/wp-json\/wp\/v2\/users\/1"}],"replies":[{"embeddable":true,"href":"https:\/\/www.laguiadepamplona.com\/actualidad\/wp-json\/wp\/v2\/comments?post=47128"}],"version-history":[{"count":2,"href":"https:\/\/www.laguiadepamplona.com\/actualidad\/wp-json\/wp\/v2\/posts\/47128\/revisions"}],"predecessor-version":[{"id":47146,"href":"https:\/\/www.laguiadepamplona.com\/actualidad\/wp-json\/wp\/v2\/posts\/47128\/revisions\/47146"}],"wp:featuredmedia":[{"embeddable":true,"href":"https:\/\/www.laguiadepamplona.com\/actualidad\/wp-json\/wp\/v2\/media\/47129"}],"wp:attachment":[{"href":"https:\/\/www.laguiadepamplona.com\/actualidad\/wp-json\/wp\/v2\/media?parent=47128"}],"wp:term":[{"taxonomy":"category","embeddable":true,"href":"https:\/\/www.laguiadepamplona.com\/actualidad\/wp-json\/wp\/v2\/categories?post=47128"},{"taxonomy":"post_tag","embeddable":true,"href":"https:\/\/www.laguiadepamplona.com\/actualidad\/wp-json\/wp\/v2\/tags?post=47128"}],"curies":[{"name":"wp","href":"https:\/\/api.w.org\/{rel}","templated":true}]}}