{"id":47121,"date":"2023-06-21T12:48:14","date_gmt":"2023-06-21T10:48:14","guid":{"rendered":"https:\/\/www.laguiadepamplona.com\/actualidad\/?p=47121"},"modified":"2023-06-21T12:48:14","modified_gmt":"2023-06-21T10:48:14","slug":"la-casa-de-la-juventud-de-pamplona-pone-punto-final-al-curso-con-una-exhibicion-de-sus-actividades-este-jueves-en-la-avenida-carlos-iii","status":"publish","type":"post","link":"https:\/\/www.laguiadepamplona.com\/actualidad\/la-casa-de-la-juventud-de-pamplona-pone-punto-final-al-curso-con-una-exhibicion-de-sus-actividades-este-jueves-en-la-avenida-carlos-iii\/","title":{"rendered":"La Casa de la Juventud de Pamplona pone punto final al curso con una exhibici\u00f3n de sus actividades este jueves en la avenida Carlos III"},"content":{"rendered":"<h3>M\u00e1s de un centenar de usuarios de la Casa mostrar\u00e1n a la ciudadan\u00eda una selecci\u00f3n de danzas, talleres y cursos realizados estos \u00faltimos meses<\/h3>\n<p><!--more--><\/p>\n<p>Un a\u00f1o m\u00e1s, y ya son trece, la Casa de la Juventud de Pamplona sale a la calle para mostrar la ciudadan\u00eda las actividades que imparte para chicos y chicas de entre 14 y 30 a\u00f1os. Lo har\u00e1 en festival de fin de curso, que contar\u00e1 con la participaci\u00f3n de m\u00e1s de un centenar de adolescentes y j\u00f3venes. Ellos ser\u00e1n los encargados de llevar a las calles su m\u00fasica, sus bailes y sus talleres. La cita es <strong><u>ma\u00f1ana, jueves, a las 19 horas, en la avenida Carlos III, en su confluencia con la avenida Roncesvalles<\/u><\/strong>.<\/p>\n<p>El festival \u2018La Casa sale a la calle\u2019 pretende ser una muestra de los diferentes cursos que se imparten en este espacio municipal. Es por ello que la jornada estar\u00e1 salpicada de exhibiciones de danza contempor\u00e1nea, bailes latinos, comercial dance, afrodance, hip-hop y dancehall impartidos durante el este curso en la Casa de la Juventud. Pero, adem\u00e1s, quiere dar la posibilidad de darse a conocer al conjunto de la ciudadan\u00eda a las entidades y asociaciones que usan sus instalaciones para ensayar. Entre otros, hay grupos de K-Pop, hip-hop, danzas t\u00edpicas de Per\u00fa, breakers y grupos musicales, que tambi\u00e9n participar\u00e1n ma\u00f1ana en la exhibici\u00f3n.<br \/>\n<script async src=\"\/\/pagead2.googlesyndication.com\/pagead\/js\/adsbygoogle.js\"><\/script><br \/>\n<!-- Noticias La Guia de Pamplona --><br \/>\n<ins class=\"adsbygoogle\"\nstyle=\"display:block\"\ndata-ad-client=\"ca-pub-6943679897239327\"\ndata-ad-slot=\"7048180777\"\ndata-ad-format=\"auto\"><\/ins><br \/>\n<script>\n(adsbygoogle = window.adsbygoogle || []).push({});\n<\/script><\/p>\n<p>A lo largo del a\u00f1o la Casa de la Juventud programa alrededor de 150 cursos y talleres de distintas disciplinas, una oferta que se va adaptando a los intereses y sugerencias de la gente. La propuesta gira habitualmente en torno de 5 \u00e1reas: actividades deportivas; danza y expresi\u00f3n; est\u00e9tica y bienestar; cursos culturales y de desarrollo personal; y talleres gratuitos de inform\u00e1tica. Con ello se pretende promocionar la actividad f\u00edsica l\u00fadica como fuente de bienestar personal, promover la creatividad en distintos \u00e1mbitos (artes pl\u00e1sticas, literatura, etc.) o formar a las y los j\u00f3venes en habilidades que les sean \u00fatiles para su d\u00eda a d\u00eda con propuestas como cursos de cocina b\u00e1sica, arreglos de costura, etc. Anualmente se programan alrededor de 2.000 horas repartidas en cursos con una duraci\u00f3n de entre 2 y 50 horas.<\/p>\n<p>El objetivo principal de esta programaci\u00f3n es realizar una oferta de ocio formativo dirigida a la juventud de la ciudad a precios reducidos y adaptada a sus intereses. El precio va en proporci\u00f3n al tiempo de duraci\u00f3n del curso y las personas j\u00f3venes de entre 14 y 18 a\u00f1os tienen un precio especial. As\u00ed, el precio por hora es de 1,10 euros para los j\u00f3venes de 19 a 30 a\u00f1os y de 0,90 para los de 14 a 18. Adem\u00e1s, los 44 talleres de inform\u00e1tica programados este curso son completamente gratuitos, al igual que los impartidos desde la Asesor\u00eda Psicol\u00f3gica. En el conjunto de todos estos cursos y talleres se inscriben a lo largo del a\u00f1o unos 1.700 j\u00f3venes.<br \/>\n<script async src=\"\/\/pagead2.googlesyndication.com\/pagead\/js\/adsbygoogle.js\"><\/script><br \/>\n<!-- Noticias La Guia de Pamplona --><br \/>\n<ins class=\"adsbygoogle\"\nstyle=\"display:block\"\ndata-ad-client=\"ca-pub-6943679897239327\"\ndata-ad-slot=\"7048180777\"\ndata-ad-format=\"auto\"><\/ins><br \/>\n<script>\n(adsbygoogle = window.adsbygoogle || []).push({});\n<\/script><\/p>\n<p><strong>Cesi\u00f3n de espacios<\/strong><\/p>\n<p>Entre la juventud que participa en la exhibici\u00f3n \u2018La Casa sale a la calle\u2019 se encuentran tambi\u00e9n aquellos que aprovechan las instalaciones para reunirse y llevar a cabo sus actividades. La Casa de la Juventud cede sus instalaciones a lo largo de todo el a\u00f1o, de lunes a domingo, a cualquier persona de entre 14 y 30 a\u00f1os que est\u00e9 interesada. Esta cesi\u00f3n se hace de forma gratuita y comprende adem\u00e1s la posibilidad de utilizar los recursos con los que cuenta el centro, como equipos de sonido, proyectores, monitores de televisi\u00f3n, etc.<\/p>\n<p>En la temporada 2022\/2023 han utilizado este servicio un total de 80 grupos estables, adem\u00e1s de los que lo han hecho de forma puntual. Las actividades que llevan a cabo estos grupos representan un abanico de diferentes disciplinas art\u00edsticas y de ocio y tiempo libre. As\u00ed, en la Casa de la Juventud se re\u00fanen grupos de teatro, de baile (danzas regionales, danzas africanas, break dance, k-pop, hip-hop, bailes latinos, orientales etc.), de m\u00fasica, yoga, juegos de mesa, etc.<br \/>\n<script async src=\"\/\/pagead2.googlesyndication.com\/pagead\/js\/adsbygoogle.js\"><\/script><br \/>\n<!-- Noticias La Guia de Pamplona --><br \/>\n<ins class=\"adsbygoogle\"\nstyle=\"display:block\"\ndata-ad-client=\"ca-pub-6943679897239327\"\ndata-ad-slot=\"7048180777\"\ndata-ad-format=\"auto\"><\/ins><br \/>\n<script>\n(adsbygoogle = window.adsbygoogle || []).push({});\n<\/script><\/p>\n<p>El n\u00famero total de usuarios de este servicio de cesi\u00f3n de espacios en el a\u00f1o 2022 sum\u00f3 la cifra total de 54.810. En ellos se engloban aquellos j\u00f3venes que acuden al centro regularmente (una o m\u00e1s veces a la semana) as\u00ed como aquellos que lo hacen de forma puntual (en un d\u00eda y hora concretos, sin continuidad en el tiempo).<\/p>\n","protected":false},"excerpt":{"rendered":"<p>M\u00e1s de un centenar de usuarios de la Casa mostrar\u00e1n a la ciudadan\u00eda una selecci\u00f3n de danzas, talleres y cursos realizados estos \u00faltimos meses<\/p>\n","protected":false},"author":1,"featured_media":47122,"comment_status":"open","ping_status":"closed","sticky":false,"template":"","format":"standard","meta":{"footnotes":""},"categories":[2],"tags":[],"class_list":["post-47121","post","type-post","status-publish","format-standard","has-post-thumbnail","hentry","category-ayuntamiento-pamplona"],"yoast_head":"<!-- This site is optimized with the Yoast SEO plugin v27.3 - https:\/\/yoast.com\/product\/yoast-seo-wordpress\/ -->\n<title>La Casa de la Juventud de Pamplona pone punto final al curso con una exhibici\u00f3n de sus actividades este jueves en la avenida Carlos III<\/title>\n<meta name=\"description\" content=\"M\u00e1s de un centenar de usuarios de la Casa mostrar\u00e1n a la ciudadan\u00eda una selecci\u00f3n de danzas, talleres y cursos realizados estos \u00faltimos meses\" \/>\n<meta name=\"robots\" content=\"index, follow, max-snippet:-1, max-image-preview:large, max-video-preview:-1\" \/>\n<link rel=\"canonical\" href=\"https:\/\/www.laguiadepamplona.com\/actualidad\/la-casa-de-la-juventud-de-pamplona-pone-punto-final-al-curso-con-una-exhibicion-de-sus-actividades-este-jueves-en-la-avenida-carlos-iii\/\" \/>\n<meta property=\"og:locale\" content=\"es_ES\" \/>\n<meta property=\"og:type\" content=\"article\" \/>\n<meta property=\"og:title\" content=\"La Casa de la Juventud de Pamplona pone punto final al curso con una exhibici\u00f3n de sus actividades este jueves en la avenida Carlos III\" \/>\n<meta property=\"og:description\" content=\"M\u00e1s de un centenar de usuarios de la Casa mostrar\u00e1n a la ciudadan\u00eda una selecci\u00f3n de danzas, talleres y cursos realizados estos \u00faltimos meses\" \/>\n<meta property=\"og:url\" content=\"https:\/\/www.laguiadepamplona.com\/actualidad\/la-casa-de-la-juventud-de-pamplona-pone-punto-final-al-curso-con-una-exhibicion-de-sus-actividades-este-jueves-en-la-avenida-carlos-iii\/\" \/>\n<meta property=\"og:site_name\" content=\"La Gu\u00eda de Pamplona\" \/>\n<meta property=\"article:publisher\" content=\"https:\/\/www.facebook.com\/laguiadepamplonacom-133175176762273\/?ref=hl\" \/>\n<meta property=\"article:published_time\" content=\"2023-06-21T10:48:14+00:00\" \/>\n<meta property=\"og:image\" content=\"https:\/\/www.laguiadepamplona.com\/actualidad\/wp-content\/uploads\/2023\/06\/20230615-La-Casa-sale-a-la-calle-cas.webp\" \/>\n\t<meta property=\"og:image:width\" content=\"1080\" \/>\n\t<meta property=\"og:image:height\" content=\"1080\" \/>\n\t<meta property=\"og:image:type\" content=\"image\/webp\" \/>\n<meta name=\"author\" content=\"La Gu\u00eda de Pamplona\" \/>\n<meta name=\"twitter:card\" content=\"summary_large_image\" \/>\n<meta name=\"twitter:creator\" content=\"@LaGuiadPamplona\" \/>\n<meta name=\"twitter:site\" content=\"@LaGuiadPamplona\" \/>\n<meta name=\"twitter:label1\" content=\"Escrito por\" \/>\n\t<meta name=\"twitter:data1\" content=\"La Gu\u00eda de Pamplona\" \/>\n\t<meta name=\"twitter:label2\" content=\"Tiempo de lectura\" \/>\n\t<meta name=\"twitter:data2\" content=\"4 minutos\" \/>\n<script type=\"application\/ld+json\" class=\"yoast-schema-graph\">{\"@context\":\"https:\\\/\\\/schema.org\",\"@graph\":[{\"@type\":\"Article\",\"@id\":\"https:\\\/\\\/www.laguiadepamplona.com\\\/actualidad\\\/la-casa-de-la-juventud-de-pamplona-pone-punto-final-al-curso-con-una-exhibicion-de-sus-actividades-este-jueves-en-la-avenida-carlos-iii\\\/#article\",\"isPartOf\":{\"@id\":\"https:\\\/\\\/www.laguiadepamplona.com\\\/actualidad\\\/la-casa-de-la-juventud-de-pamplona-pone-punto-final-al-curso-con-una-exhibicion-de-sus-actividades-este-jueves-en-la-avenida-carlos-iii\\\/\"},\"author\":{\"name\":\"La Gu\u00eda de Pamplona\",\"@id\":\"https:\\\/\\\/www.laguiadepamplona.com\\\/actualidad\\\/#\\\/schema\\\/person\\\/efe887376f0213d4657c93adc50b1fdb\"},\"headline\":\"La Casa de la Juventud de Pamplona pone punto final al curso con una exhibici\u00f3n de sus actividades este jueves en la avenida Carlos III\",\"datePublished\":\"2023-06-21T10:48:14+00:00\",\"mainEntityOfPage\":{\"@id\":\"https:\\\/\\\/www.laguiadepamplona.com\\\/actualidad\\\/la-casa-de-la-juventud-de-pamplona-pone-punto-final-al-curso-con-una-exhibicion-de-sus-actividades-este-jueves-en-la-avenida-carlos-iii\\\/\"},\"wordCount\":775,\"commentCount\":0,\"publisher\":{\"@id\":\"https:\\\/\\\/www.laguiadepamplona.com\\\/actualidad\\\/#organization\"},\"image\":{\"@id\":\"https:\\\/\\\/www.laguiadepamplona.com\\\/actualidad\\\/la-casa-de-la-juventud-de-pamplona-pone-punto-final-al-curso-con-una-exhibicion-de-sus-actividades-este-jueves-en-la-avenida-carlos-iii\\\/#primaryimage\"},\"thumbnailUrl\":\"https:\\\/\\\/www.laguiadepamplona.com\\\/actualidad\\\/wp-content\\\/uploads\\\/2023\\\/06\\\/20230615-La-Casa-sale-a-la-calle-cas.webp\",\"articleSection\":[\"Ayto Pamplona\"],\"inLanguage\":\"es\",\"potentialAction\":[{\"@type\":\"CommentAction\",\"name\":\"Comment\",\"target\":[\"https:\\\/\\\/www.laguiadepamplona.com\\\/actualidad\\\/la-casa-de-la-juventud-de-pamplona-pone-punto-final-al-curso-con-una-exhibicion-de-sus-actividades-este-jueves-en-la-avenida-carlos-iii\\\/#respond\"]}]},{\"@type\":\"WebPage\",\"@id\":\"https:\\\/\\\/www.laguiadepamplona.com\\\/actualidad\\\/la-casa-de-la-juventud-de-pamplona-pone-punto-final-al-curso-con-una-exhibicion-de-sus-actividades-este-jueves-en-la-avenida-carlos-iii\\\/\",\"url\":\"https:\\\/\\\/www.laguiadepamplona.com\\\/actualidad\\\/la-casa-de-la-juventud-de-pamplona-pone-punto-final-al-curso-con-una-exhibicion-de-sus-actividades-este-jueves-en-la-avenida-carlos-iii\\\/\",\"name\":\"La Casa de la Juventud de Pamplona pone punto final al curso con una exhibici\u00f3n de sus actividades este jueves en la avenida Carlos III\",\"isPartOf\":{\"@id\":\"https:\\\/\\\/www.laguiadepamplona.com\\\/actualidad\\\/#website\"},\"primaryImageOfPage\":{\"@id\":\"https:\\\/\\\/www.laguiadepamplona.com\\\/actualidad\\\/la-casa-de-la-juventud-de-pamplona-pone-punto-final-al-curso-con-una-exhibicion-de-sus-actividades-este-jueves-en-la-avenida-carlos-iii\\\/#primaryimage\"},\"image\":{\"@id\":\"https:\\\/\\\/www.laguiadepamplona.com\\\/actualidad\\\/la-casa-de-la-juventud-de-pamplona-pone-punto-final-al-curso-con-una-exhibicion-de-sus-actividades-este-jueves-en-la-avenida-carlos-iii\\\/#primaryimage\"},\"thumbnailUrl\":\"https:\\\/\\\/www.laguiadepamplona.com\\\/actualidad\\\/wp-content\\\/uploads\\\/2023\\\/06\\\/20230615-La-Casa-sale-a-la-calle-cas.webp\",\"datePublished\":\"2023-06-21T10:48:14+00:00\",\"description\":\"M\u00e1s de un centenar de usuarios de la Casa mostrar\u00e1n a la ciudadan\u00eda una selecci\u00f3n de danzas, talleres y cursos realizados estos \u00faltimos meses\",\"breadcrumb\":{\"@id\":\"https:\\\/\\\/www.laguiadepamplona.com\\\/actualidad\\\/la-casa-de-la-juventud-de-pamplona-pone-punto-final-al-curso-con-una-exhibicion-de-sus-actividades-este-jueves-en-la-avenida-carlos-iii\\\/#breadcrumb\"},\"inLanguage\":\"es\",\"potentialAction\":[{\"@type\":\"ReadAction\",\"target\":[\"https:\\\/\\\/www.laguiadepamplona.com\\\/actualidad\\\/la-casa-de-la-juventud-de-pamplona-pone-punto-final-al-curso-con-una-exhibicion-de-sus-actividades-este-jueves-en-la-avenida-carlos-iii\\\/\"]}]},{\"@type\":\"ImageObject\",\"inLanguage\":\"es\",\"@id\":\"https:\\\/\\\/www.laguiadepamplona.com\\\/actualidad\\\/la-casa-de-la-juventud-de-pamplona-pone-punto-final-al-curso-con-una-exhibicion-de-sus-actividades-este-jueves-en-la-avenida-carlos-iii\\\/#primaryimage\",\"url\":\"https:\\\/\\\/www.laguiadepamplona.com\\\/actualidad\\\/wp-content\\\/uploads\\\/2023\\\/06\\\/20230615-La-Casa-sale-a-la-calle-cas.webp\",\"contentUrl\":\"https:\\\/\\\/www.laguiadepamplona.com\\\/actualidad\\\/wp-content\\\/uploads\\\/2023\\\/06\\\/20230615-La-Casa-sale-a-la-calle-cas.webp\",\"width\":1080,\"height\":1080,\"caption\":\"casa juventud\"},{\"@type\":\"BreadcrumbList\",\"@id\":\"https:\\\/\\\/www.laguiadepamplona.com\\\/actualidad\\\/la-casa-de-la-juventud-de-pamplona-pone-punto-final-al-curso-con-una-exhibicion-de-sus-actividades-este-jueves-en-la-avenida-carlos-iii\\\/#breadcrumb\",\"itemListElement\":[{\"@type\":\"ListItem\",\"position\":1,\"name\":\"Portada\",\"item\":\"https:\\\/\\\/www.laguiadepamplona.com\\\/actualidad\\\/\"},{\"@type\":\"ListItem\",\"position\":2,\"name\":\"La Casa de la Juventud de Pamplona pone punto final al curso con una exhibici\u00f3n de sus actividades este jueves en la avenida Carlos III\"}]},{\"@type\":\"WebSite\",\"@id\":\"https:\\\/\\\/www.laguiadepamplona.com\\\/actualidad\\\/#website\",\"url\":\"https:\\\/\\\/www.laguiadepamplona.com\\\/actualidad\\\/\",\"name\":\"La gu\u00eda de Pamplona\",\"description\":\"Noticias de Pamplona\",\"publisher\":{\"@id\":\"https:\\\/\\\/www.laguiadepamplona.com\\\/actualidad\\\/#organization\"},\"potentialAction\":[{\"@type\":\"SearchAction\",\"target\":{\"@type\":\"EntryPoint\",\"urlTemplate\":\"https:\\\/\\\/www.laguiadepamplona.com\\\/actualidad\\\/?s={search_term_string}\"},\"query-input\":{\"@type\":\"PropertyValueSpecification\",\"valueRequired\":true,\"valueName\":\"search_term_string\"}}],\"inLanguage\":\"es\"},{\"@type\":\"Organization\",\"@id\":\"https:\\\/\\\/www.laguiadepamplona.com\\\/actualidad\\\/#organization\",\"name\":\"La Gu\u00eda de Pamplona \\\/ Noticias\",\"url\":\"https:\\\/\\\/www.laguiadepamplona.com\\\/actualidad\\\/\",\"logo\":{\"@type\":\"ImageObject\",\"inLanguage\":\"es\",\"@id\":\"https:\\\/\\\/www.laguiadepamplona.com\\\/actualidad\\\/#\\\/schema\\\/logo\\\/image\\\/\",\"url\":\"https:\\\/\\\/www.laguiadepamplona.com\\\/actualidad\\\/wp-content\\\/uploads\\\/2018\\\/11\\\/logo-laguiadepamplona18-web1.png\",\"contentUrl\":\"https:\\\/\\\/www.laguiadepamplona.com\\\/actualidad\\\/wp-content\\\/uploads\\\/2018\\\/11\\\/logo-laguiadepamplona18-web1.png\",\"width\":600,\"height\":196,\"caption\":\"La Gu\u00eda de Pamplona \\\/ Noticias\"},\"image\":{\"@id\":\"https:\\\/\\\/www.laguiadepamplona.com\\\/actualidad\\\/#\\\/schema\\\/logo\\\/image\\\/\"},\"sameAs\":[\"https:\\\/\\\/www.facebook.com\\\/laguiadepamplonacom-133175176762273\\\/?ref=hl\",\"https:\\\/\\\/x.com\\\/LaGuiadPamplona\",\"https:\\\/\\\/www.instagram.com\\\/la_guia_de_pamplona\\\/\",\"https:\\\/\\\/www.youtube.com\\\/user\\\/laguiadepamplona\"]},{\"@type\":\"Person\",\"@id\":\"https:\\\/\\\/www.laguiadepamplona.com\\\/actualidad\\\/#\\\/schema\\\/person\\\/efe887376f0213d4657c93adc50b1fdb\",\"name\":\"La Gu\u00eda de Pamplona\",\"image\":{\"@type\":\"ImageObject\",\"inLanguage\":\"es\",\"@id\":\"https:\\\/\\\/secure.gravatar.com\\\/avatar\\\/b6992f131dc8d30ab0dff15446e9d346d9dbd95992de0fef795073f5ea83a81c?s=96&d=mm&r=g\",\"url\":\"https:\\\/\\\/secure.gravatar.com\\\/avatar\\\/b6992f131dc8d30ab0dff15446e9d346d9dbd95992de0fef795073f5ea83a81c?s=96&d=mm&r=g\",\"contentUrl\":\"https:\\\/\\\/secure.gravatar.com\\\/avatar\\\/b6992f131dc8d30ab0dff15446e9d346d9dbd95992de0fef795073f5ea83a81c?s=96&d=mm&r=g\",\"caption\":\"La Gu\u00eda de Pamplona\"}}]}<\/script>\n<!-- \/ Yoast SEO plugin. -->","yoast_head_json":{"title":"La Casa de la Juventud de Pamplona pone punto final al curso con una exhibici\u00f3n de sus actividades este jueves en la avenida Carlos III","description":"M\u00e1s de un centenar de usuarios de la Casa mostrar\u00e1n a la ciudadan\u00eda una selecci\u00f3n de danzas, talleres y cursos realizados estos \u00faltimos meses","robots":{"index":"index","follow":"follow","max-snippet":"max-snippet:-1","max-image-preview":"max-image-preview:large","max-video-preview":"max-video-preview:-1"},"canonical":"https:\/\/www.laguiadepamplona.com\/actualidad\/la-casa-de-la-juventud-de-pamplona-pone-punto-final-al-curso-con-una-exhibicion-de-sus-actividades-este-jueves-en-la-avenida-carlos-iii\/","og_locale":"es_ES","og_type":"article","og_title":"La Casa de la Juventud de Pamplona pone punto final al curso con una exhibici\u00f3n de sus actividades este jueves en la avenida Carlos III","og_description":"M\u00e1s de un centenar de usuarios de la Casa mostrar\u00e1n a la ciudadan\u00eda una selecci\u00f3n de danzas, talleres y cursos realizados estos \u00faltimos meses","og_url":"https:\/\/www.laguiadepamplona.com\/actualidad\/la-casa-de-la-juventud-de-pamplona-pone-punto-final-al-curso-con-una-exhibicion-de-sus-actividades-este-jueves-en-la-avenida-carlos-iii\/","og_site_name":"La Gu\u00eda de Pamplona","article_publisher":"https:\/\/www.facebook.com\/laguiadepamplonacom-133175176762273\/?ref=hl","article_published_time":"2023-06-21T10:48:14+00:00","og_image":[{"width":1080,"height":1080,"url":"https:\/\/www.laguiadepamplona.com\/actualidad\/wp-content\/uploads\/2023\/06\/20230615-La-Casa-sale-a-la-calle-cas.webp","type":"image\/webp"}],"author":"La Gu\u00eda de Pamplona","twitter_card":"summary_large_image","twitter_creator":"@LaGuiadPamplona","twitter_site":"@LaGuiadPamplona","twitter_misc":{"Escrito por":"La Gu\u00eda de Pamplona","Tiempo de lectura":"4 minutos"},"schema":{"@context":"https:\/\/schema.org","@graph":[{"@type":"Article","@id":"https:\/\/www.laguiadepamplona.com\/actualidad\/la-casa-de-la-juventud-de-pamplona-pone-punto-final-al-curso-con-una-exhibicion-de-sus-actividades-este-jueves-en-la-avenida-carlos-iii\/#article","isPartOf":{"@id":"https:\/\/www.laguiadepamplona.com\/actualidad\/la-casa-de-la-juventud-de-pamplona-pone-punto-final-al-curso-con-una-exhibicion-de-sus-actividades-este-jueves-en-la-avenida-carlos-iii\/"},"author":{"name":"La Gu\u00eda de Pamplona","@id":"https:\/\/www.laguiadepamplona.com\/actualidad\/#\/schema\/person\/efe887376f0213d4657c93adc50b1fdb"},"headline":"La Casa de la Juventud de Pamplona pone punto final al curso con una exhibici\u00f3n de sus actividades este jueves en la avenida Carlos III","datePublished":"2023-06-21T10:48:14+00:00","mainEntityOfPage":{"@id":"https:\/\/www.laguiadepamplona.com\/actualidad\/la-casa-de-la-juventud-de-pamplona-pone-punto-final-al-curso-con-una-exhibicion-de-sus-actividades-este-jueves-en-la-avenida-carlos-iii\/"},"wordCount":775,"commentCount":0,"publisher":{"@id":"https:\/\/www.laguiadepamplona.com\/actualidad\/#organization"},"image":{"@id":"https:\/\/www.laguiadepamplona.com\/actualidad\/la-casa-de-la-juventud-de-pamplona-pone-punto-final-al-curso-con-una-exhibicion-de-sus-actividades-este-jueves-en-la-avenida-carlos-iii\/#primaryimage"},"thumbnailUrl":"https:\/\/www.laguiadepamplona.com\/actualidad\/wp-content\/uploads\/2023\/06\/20230615-La-Casa-sale-a-la-calle-cas.webp","articleSection":["Ayto Pamplona"],"inLanguage":"es","potentialAction":[{"@type":"CommentAction","name":"Comment","target":["https:\/\/www.laguiadepamplona.com\/actualidad\/la-casa-de-la-juventud-de-pamplona-pone-punto-final-al-curso-con-una-exhibicion-de-sus-actividades-este-jueves-en-la-avenida-carlos-iii\/#respond"]}]},{"@type":"WebPage","@id":"https:\/\/www.laguiadepamplona.com\/actualidad\/la-casa-de-la-juventud-de-pamplona-pone-punto-final-al-curso-con-una-exhibicion-de-sus-actividades-este-jueves-en-la-avenida-carlos-iii\/","url":"https:\/\/www.laguiadepamplona.com\/actualidad\/la-casa-de-la-juventud-de-pamplona-pone-punto-final-al-curso-con-una-exhibicion-de-sus-actividades-este-jueves-en-la-avenida-carlos-iii\/","name":"La Casa de la Juventud de Pamplona pone punto final al curso con una exhibici\u00f3n de sus actividades este jueves en la avenida Carlos III","isPartOf":{"@id":"https:\/\/www.laguiadepamplona.com\/actualidad\/#website"},"primaryImageOfPage":{"@id":"https:\/\/www.laguiadepamplona.com\/actualidad\/la-casa-de-la-juventud-de-pamplona-pone-punto-final-al-curso-con-una-exhibicion-de-sus-actividades-este-jueves-en-la-avenida-carlos-iii\/#primaryimage"},"image":{"@id":"https:\/\/www.laguiadepamplona.com\/actualidad\/la-casa-de-la-juventud-de-pamplona-pone-punto-final-al-curso-con-una-exhibicion-de-sus-actividades-este-jueves-en-la-avenida-carlos-iii\/#primaryimage"},"thumbnailUrl":"https:\/\/www.laguiadepamplona.com\/actualidad\/wp-content\/uploads\/2023\/06\/20230615-La-Casa-sale-a-la-calle-cas.webp","datePublished":"2023-06-21T10:48:14+00:00","description":"M\u00e1s de un centenar de usuarios de la Casa mostrar\u00e1n a la ciudadan\u00eda una selecci\u00f3n de danzas, talleres y cursos realizados estos \u00faltimos meses","breadcrumb":{"@id":"https:\/\/www.laguiadepamplona.com\/actualidad\/la-casa-de-la-juventud-de-pamplona-pone-punto-final-al-curso-con-una-exhibicion-de-sus-actividades-este-jueves-en-la-avenida-carlos-iii\/#breadcrumb"},"inLanguage":"es","potentialAction":[{"@type":"ReadAction","target":["https:\/\/www.laguiadepamplona.com\/actualidad\/la-casa-de-la-juventud-de-pamplona-pone-punto-final-al-curso-con-una-exhibicion-de-sus-actividades-este-jueves-en-la-avenida-carlos-iii\/"]}]},{"@type":"ImageObject","inLanguage":"es","@id":"https:\/\/www.laguiadepamplona.com\/actualidad\/la-casa-de-la-juventud-de-pamplona-pone-punto-final-al-curso-con-una-exhibicion-de-sus-actividades-este-jueves-en-la-avenida-carlos-iii\/#primaryimage","url":"https:\/\/www.laguiadepamplona.com\/actualidad\/wp-content\/uploads\/2023\/06\/20230615-La-Casa-sale-a-la-calle-cas.webp","contentUrl":"https:\/\/www.laguiadepamplona.com\/actualidad\/wp-content\/uploads\/2023\/06\/20230615-La-Casa-sale-a-la-calle-cas.webp","width":1080,"height":1080,"caption":"casa juventud"},{"@type":"BreadcrumbList","@id":"https:\/\/www.laguiadepamplona.com\/actualidad\/la-casa-de-la-juventud-de-pamplona-pone-punto-final-al-curso-con-una-exhibicion-de-sus-actividades-este-jueves-en-la-avenida-carlos-iii\/#breadcrumb","itemListElement":[{"@type":"ListItem","position":1,"name":"Portada","item":"https:\/\/www.laguiadepamplona.com\/actualidad\/"},{"@type":"ListItem","position":2,"name":"La Casa de la Juventud de Pamplona pone punto final al curso con una exhibici\u00f3n de sus actividades este jueves en la avenida Carlos III"}]},{"@type":"WebSite","@id":"https:\/\/www.laguiadepamplona.com\/actualidad\/#website","url":"https:\/\/www.laguiadepamplona.com\/actualidad\/","name":"La gu\u00eda de Pamplona","description":"Noticias de Pamplona","publisher":{"@id":"https:\/\/www.laguiadepamplona.com\/actualidad\/#organization"},"potentialAction":[{"@type":"SearchAction","target":{"@type":"EntryPoint","urlTemplate":"https:\/\/www.laguiadepamplona.com\/actualidad\/?s={search_term_string}"},"query-input":{"@type":"PropertyValueSpecification","valueRequired":true,"valueName":"search_term_string"}}],"inLanguage":"es"},{"@type":"Organization","@id":"https:\/\/www.laguiadepamplona.com\/actualidad\/#organization","name":"La Gu\u00eda de Pamplona \/ Noticias","url":"https:\/\/www.laguiadepamplona.com\/actualidad\/","logo":{"@type":"ImageObject","inLanguage":"es","@id":"https:\/\/www.laguiadepamplona.com\/actualidad\/#\/schema\/logo\/image\/","url":"https:\/\/www.laguiadepamplona.com\/actualidad\/wp-content\/uploads\/2018\/11\/logo-laguiadepamplona18-web1.png","contentUrl":"https:\/\/www.laguiadepamplona.com\/actualidad\/wp-content\/uploads\/2018\/11\/logo-laguiadepamplona18-web1.png","width":600,"height":196,"caption":"La Gu\u00eda de Pamplona \/ Noticias"},"image":{"@id":"https:\/\/www.laguiadepamplona.com\/actualidad\/#\/schema\/logo\/image\/"},"sameAs":["https:\/\/www.facebook.com\/laguiadepamplonacom-133175176762273\/?ref=hl","https:\/\/x.com\/LaGuiadPamplona","https:\/\/www.instagram.com\/la_guia_de_pamplona\/","https:\/\/www.youtube.com\/user\/laguiadepamplona"]},{"@type":"Person","@id":"https:\/\/www.laguiadepamplona.com\/actualidad\/#\/schema\/person\/efe887376f0213d4657c93adc50b1fdb","name":"La Gu\u00eda de Pamplona","image":{"@type":"ImageObject","inLanguage":"es","@id":"https:\/\/secure.gravatar.com\/avatar\/b6992f131dc8d30ab0dff15446e9d346d9dbd95992de0fef795073f5ea83a81c?s=96&d=mm&r=g","url":"https:\/\/secure.gravatar.com\/avatar\/b6992f131dc8d30ab0dff15446e9d346d9dbd95992de0fef795073f5ea83a81c?s=96&d=mm&r=g","contentUrl":"https:\/\/secure.gravatar.com\/avatar\/b6992f131dc8d30ab0dff15446e9d346d9dbd95992de0fef795073f5ea83a81c?s=96&d=mm&r=g","caption":"La Gu\u00eda de Pamplona"}}]}},"post_mailing_queue_ids":[],"_links":{"self":[{"href":"https:\/\/www.laguiadepamplona.com\/actualidad\/wp-json\/wp\/v2\/posts\/47121","targetHints":{"allow":["GET"]}}],"collection":[{"href":"https:\/\/www.laguiadepamplona.com\/actualidad\/wp-json\/wp\/v2\/posts"}],"about":[{"href":"https:\/\/www.laguiadepamplona.com\/actualidad\/wp-json\/wp\/v2\/types\/post"}],"author":[{"embeddable":true,"href":"https:\/\/www.laguiadepamplona.com\/actualidad\/wp-json\/wp\/v2\/users\/1"}],"replies":[{"embeddable":true,"href":"https:\/\/www.laguiadepamplona.com\/actualidad\/wp-json\/wp\/v2\/comments?post=47121"}],"version-history":[{"count":1,"href":"https:\/\/www.laguiadepamplona.com\/actualidad\/wp-json\/wp\/v2\/posts\/47121\/revisions"}],"predecessor-version":[{"id":47123,"href":"https:\/\/www.laguiadepamplona.com\/actualidad\/wp-json\/wp\/v2\/posts\/47121\/revisions\/47123"}],"wp:featuredmedia":[{"embeddable":true,"href":"https:\/\/www.laguiadepamplona.com\/actualidad\/wp-json\/wp\/v2\/media\/47122"}],"wp:attachment":[{"href":"https:\/\/www.laguiadepamplona.com\/actualidad\/wp-json\/wp\/v2\/media?parent=47121"}],"wp:term":[{"taxonomy":"category","embeddable":true,"href":"https:\/\/www.laguiadepamplona.com\/actualidad\/wp-json\/wp\/v2\/categories?post=47121"},{"taxonomy":"post_tag","embeddable":true,"href":"https:\/\/www.laguiadepamplona.com\/actualidad\/wp-json\/wp\/v2\/tags?post=47121"}],"curies":[{"name":"wp","href":"https:\/\/api.w.org\/{rel}","templated":true}]}}