{"id":47119,"date":"2023-06-21T12:46:35","date_gmt":"2023-06-21T10:46:35","guid":{"rendered":"https:\/\/www.laguiadepamplona.com\/actualidad\/?p=47119"},"modified":"2023-06-21T12:46:35","modified_gmt":"2023-06-21T10:46:35","slug":"el-ayuntamiento-ilumina-la-fachada-de-la-casa-consistorial-en-color-verde-este-miercoles-para-visibilizar-el-dia-mundial-de-la-lucha-contra-la-esclerosis-lateral-amiotrofica-ela","status":"publish","type":"post","link":"https:\/\/www.laguiadepamplona.com\/actualidad\/el-ayuntamiento-ilumina-la-fachada-de-la-casa-consistorial-en-color-verde-este-miercoles-para-visibilizar-el-dia-mundial-de-la-lucha-contra-la-esclerosis-lateral-amiotrofica-ela\/","title":{"rendered":"El Ayuntamiento ilumina la fachada de la Casa Consistorial en color verde este mi\u00e9rcoles para visibilizar el D\u00eda Mundial de la lucha contra la Esclerosis Lateral Amiotr\u00f3fica (ELA)"},"content":{"rendered":"<h3>Este jueves la fachada se ilumina en naranja en la Semana contra la Leucemia, y el viernes, en morado por el D\u00eda Internacional del S\u00edndrome de Dravet<\/h3>\n<p><!--more--><\/p>\n<p>La Casa Consistorial se ilumina este mi\u00e9rcoles en color verde con motivo de la celebraci\u00f3n del D\u00eda Mundial de la lucha contra la Esclerosis Lateral Amiotr\u00f3fica (ELA). Esta fecha la impulsan las asociaciones de personas afectadas para concienciar sobre la enfermedad y demandar que se invierta en investigaci\u00f3n, para mejorar la calidad de vida. La elecci\u00f3n de la fecha, que marca el solsticio de verano, se produce como forma de manifestar la esperanza que sea un cambio, un punto de inflexi\u00f3n en la b\u00fasqueda de las causas y el tratamiento de la enfermedad.<\/p>\n<p>La esclerosis lateral amiotr\u00f3fica (ELA) es una enfermedad degenerativa del sistema nervioso que no tiene cura actualmente y afecta principalmente a personas adultas entre los 40 y los 70 a\u00f1os. Es la tercera enfermedad neurodegenerativa con mayor prevalencia en Espa\u00f1a, por detr\u00e1s de la demencia y la enfermedad de Parkinson. Las personas afectadas por ELA sufren una atrofia progresiva de los m\u00fasculos que avanza hasta la par\u00e1lisis, afectando al movimiento, el habla, la capacidad de degluci\u00f3n o la respiraci\u00f3n y a otras funciones corporales cruciales. Sin embargo, no afectan ni el intelecto, ni los sentidos.<\/p>\n<p>La Asociaci\u00f3n Navarra de Esclerosis Lateral Amiotr\u00f3fica (ANELA) indica que hay una media de 45 personas afectadas con la enfermedad en Navarra, con 10 casos nuevos cada a\u00f1o. La Asociaci\u00f3n reinvindica la sensibilizaci\u00f3n y la concienciaci\u00f3n social, a trav\u00e9s de campa\u00f1as y eventos que permitan recaudar fondos para la investigaci\u00f3n. La asociaci\u00f3n brinda apoyo integral a las personas afectadas y sus familias, promoviendo la participaci\u00f3n, la informaci\u00f3n, la formaci\u00f3n y el asesoramiento personalizado.<br \/>\n<script async src=\"\/\/pagead2.googlesyndication.com\/pagead\/js\/adsbygoogle.js\"><\/script><br \/>\n<!-- Noticias La Guia de Pamplona --><br \/>\n<ins class=\"adsbygoogle\"\nstyle=\"display:block\"\ndata-ad-client=\"ca-pub-6943679897239327\"\ndata-ad-slot=\"7048180777\"\ndata-ad-format=\"auto\"><\/ins><br \/>\n<script>\n(adsbygoogle = window.adsbygoogle || []).push({});\n<\/script><\/p>\n<p><strong>Semana contra la leucemia<\/strong><\/p>\n<p>Adem\u00e1s de la iluminaci\u00f3n por la esclerosis lateral amiotr\u00f3fica, este jueves la fachada se iluminar\u00e1 en color naranja, dentro de la Semana contra la Leucemia, del 21 al 28 de junio, y a petici\u00f3n de la Fundaci\u00f3n Josep Carreras. Esta asociaci\u00f3n tiene por objetivo que la leucemia sea una enfermedad curable y para ello desarrolla investigaci\u00f3n en el campo de la onco-hematolog\u00eda. Tambi\u00e9n agiliza la aplicaci\u00f3n de nuevos tratamientos para mejorar la asistencia y la supervivencia de los pacientes, al tiempo que contribuye a la formaci\u00f3n de nuevos investigadores y colabora con otros grupos de investigaci\u00f3n nacionales e internacionales.<\/p>\n<p>La leucemia consiste en una proliferaci\u00f3n incontrolada de una poblaci\u00f3n an\u00f3mala de c\u00e9lulas de la sangre, que infiltran la m\u00e9dula \u00f3sea e invaden la sangre y otros \u00f3rganos del cuerpo. Las causas son desconocidas, con mayor prevalencia en hombres.<br \/>\n<script async src=\"\/\/pagead2.googlesyndication.com\/pagead\/js\/adsbygoogle.js\"><\/script><br \/>\n<!-- Noticias La Guia de Pamplona --><br \/>\n<ins class=\"adsbygoogle\"\nstyle=\"display:block\"\ndata-ad-client=\"ca-pub-6943679897239327\"\ndata-ad-slot=\"7048180777\"\ndata-ad-format=\"auto\"><\/ins><br \/>\n<script>\n(adsbygoogle = window.adsbygoogle || []).push({});\n<\/script><\/p>\n<p><strong>D\u00eda Internacional del S\u00edndrome de Dravet<\/strong><\/p>\n<p>La fachada de la Casa Consistorial se ilumina este viernes en color morado como forma de aportar mayor visibilidad al D\u00eda Internacional del S\u00edndrome de Dravet. La iluminaci\u00f3n se realiza a petici\u00f3n de la Fundaci\u00f3n S\u00edndrome de Dravet, entidad sin \u00e1nimo de lucro que tiene como misi\u00f3n mejorar la calidad de vida de las personas y familias que conviven con esta enfermedad rara, grave y sin cura en la actualidad.<\/p>\n<p>La celebraci\u00f3n del D\u00eda Internacional del S\u00edndrome de Dravet permite concienciar a la ciudadan\u00eda en torno a esta patolog\u00eda que afecta a uno de cada 16.000 reci\u00e9n nacidos y que se caracteriza por crisis epil\u00e9pticas frecuentes y resistentes a los f\u00e1rmacos, as\u00ed como por graves retrasos cognitivos, motores y del habla, incluyendo adem\u00e1s una mortalidad prematura en torno al 15 %. Se calcula que un 25 % de los ni\u00f1os y ni\u00f1as con s\u00edndrome de Dravet tienen antecedentes familiares de epilepsia o de crisis convulsivas febriles.<\/p>\n<p>La iluminaci\u00f3n promueve la sensibilizaci\u00f3n de la sociedad y el impulso a la investigaci\u00f3n cient\u00edfica para encontrar tratamientos m\u00e1s eficaces y esperanzadores frente a esta enfermedad. La estimulaci\u00f3n precoz y terapias motoras y del lenguaje permiten tratamientos m\u00e1s personalizados. El cuidado requerido para una persona que padece el s\u00edndrome de Dravet afecta significativamente la calidad de vida del paciente y su familia.<br \/>\n<script async src=\"\/\/pagead2.googlesyndication.com\/pagead\/js\/adsbygoogle.js\"><\/script><br \/>\n<!-- Noticias La Guia de Pamplona --><br \/>\n<ins class=\"adsbygoogle\"\nstyle=\"display:block\"\ndata-ad-client=\"ca-pub-6943679897239327\"\ndata-ad-slot=\"7048180777\"\ndata-ad-format=\"auto\"><\/ins><br \/>\n<script>\n(adsbygoogle = window.adsbygoogle || []).push({});\n<\/script><\/p>\n<p>&nbsp;<\/p>\n<h3>Iluminaciones de la Casa Consistorial<\/h3>\n<ul>\n<li>Mi\u00e9rcoles 21 (verde): D\u00eda Mundial de la lucha contra la Esclerosis Lateral Amiotr\u00f3fica (ELA)<\/li>\n<li>Jueves 22 (naranja): Semana contra la Leucemia, del 21 al 28 de junio<\/li>\n<li>Viernes 23 (morado): D\u00eda Internacional del S\u00edndrome de Dravet<\/li>\n<\/ul>\n","protected":false},"excerpt":{"rendered":"<p>Este jueves la fachada se ilumina en naranja en la Semana contra la Leucemia, y el viernes, en morado por el D\u00eda Internacional del S\u00edndrome de Dravet<\/p>\n","protected":false},"author":1,"featured_media":33755,"comment_status":"open","ping_status":"closed","sticky":false,"template":"","format":"standard","meta":{"footnotes":""},"categories":[2],"tags":[],"class_list":["post-47119","post","type-post","status-publish","format-standard","has-post-thumbnail","hentry","category-ayuntamiento-pamplona"],"yoast_head":"<!-- This site is optimized with the Yoast SEO plugin v27.3 - https:\/\/yoast.com\/product\/yoast-seo-wordpress\/ -->\n<title>El Ayuntamiento ilumina la fachada de la Casa Consistorial en color verde este mi\u00e9rcoles para visibilizar el D\u00eda Mundial de la lucha contra la Esclerosis Lateral Amiotr\u00f3fica (ELA)<\/title>\n<meta name=\"description\" content=\"Este jueves la fachada se ilumina en naranja en la Semana contra la Leucemia, y el viernes, en morado por el D\u00eda Internacional del S\u00edndrome de Dravet\" \/>\n<meta name=\"robots\" content=\"index, follow, max-snippet:-1, max-image-preview:large, max-video-preview:-1\" \/>\n<link rel=\"canonical\" href=\"https:\/\/www.laguiadepamplona.com\/actualidad\/el-ayuntamiento-ilumina-la-fachada-de-la-casa-consistorial-en-color-verde-este-miercoles-para-visibilizar-el-dia-mundial-de-la-lucha-contra-la-esclerosis-lateral-amiotrofica-ela\/\" \/>\n<meta property=\"og:locale\" content=\"es_ES\" \/>\n<meta property=\"og:type\" content=\"article\" \/>\n<meta property=\"og:title\" content=\"El Ayuntamiento ilumina la fachada de la Casa Consistorial en color verde este mi\u00e9rcoles para visibilizar el D\u00eda Mundial de la lucha contra la Esclerosis Lateral Amiotr\u00f3fica (ELA)\" \/>\n<meta property=\"og:description\" content=\"Este jueves la fachada se ilumina en naranja en la Semana contra la Leucemia, y el viernes, en morado por el D\u00eda Internacional del S\u00edndrome de Dravet\" \/>\n<meta property=\"og:url\" content=\"https:\/\/www.laguiadepamplona.com\/actualidad\/el-ayuntamiento-ilumina-la-fachada-de-la-casa-consistorial-en-color-verde-este-miercoles-para-visibilizar-el-dia-mundial-de-la-lucha-contra-la-esclerosis-lateral-amiotrofica-ela\/\" \/>\n<meta property=\"og:site_name\" content=\"La Gu\u00eda de Pamplona\" \/>\n<meta property=\"article:publisher\" content=\"https:\/\/www.facebook.com\/laguiadepamplonacom-133175176762273\/?ref=hl\" \/>\n<meta property=\"article:published_time\" content=\"2023-06-21T10:46:35+00:00\" \/>\n<meta property=\"og:image\" content=\"https:\/\/www.laguiadepamplona.com\/actualidad\/wp-content\/uploads\/2021\/03\/aytoverde_JGV1123.jpg\" \/>\n\t<meta property=\"og:image:width\" content=\"1920\" \/>\n\t<meta property=\"og:image:height\" content=\"1280\" \/>\n\t<meta property=\"og:image:type\" content=\"image\/jpeg\" \/>\n<meta name=\"author\" content=\"La Gu\u00eda de Pamplona\" \/>\n<meta name=\"twitter:card\" content=\"summary_large_image\" \/>\n<meta name=\"twitter:creator\" content=\"@LaGuiadPamplona\" \/>\n<meta name=\"twitter:site\" content=\"@LaGuiadPamplona\" \/>\n<meta name=\"twitter:label1\" content=\"Escrito por\" \/>\n\t<meta name=\"twitter:data1\" content=\"La Gu\u00eda de Pamplona\" \/>\n\t<meta name=\"twitter:label2\" content=\"Tiempo de lectura\" \/>\n\t<meta name=\"twitter:data2\" content=\"4 minutos\" \/>\n<script type=\"application\/ld+json\" class=\"yoast-schema-graph\">{\"@context\":\"https:\\\/\\\/schema.org\",\"@graph\":[{\"@type\":\"Article\",\"@id\":\"https:\\\/\\\/www.laguiadepamplona.com\\\/actualidad\\\/el-ayuntamiento-ilumina-la-fachada-de-la-casa-consistorial-en-color-verde-este-miercoles-para-visibilizar-el-dia-mundial-de-la-lucha-contra-la-esclerosis-lateral-amiotrofica-ela\\\/#article\",\"isPartOf\":{\"@id\":\"https:\\\/\\\/www.laguiadepamplona.com\\\/actualidad\\\/el-ayuntamiento-ilumina-la-fachada-de-la-casa-consistorial-en-color-verde-este-miercoles-para-visibilizar-el-dia-mundial-de-la-lucha-contra-la-esclerosis-lateral-amiotrofica-ela\\\/\"},\"author\":{\"name\":\"La Gu\u00eda de Pamplona\",\"@id\":\"https:\\\/\\\/www.laguiadepamplona.com\\\/actualidad\\\/#\\\/schema\\\/person\\\/efe887376f0213d4657c93adc50b1fdb\"},\"headline\":\"El Ayuntamiento ilumina la fachada de la Casa Consistorial en color verde este mi\u00e9rcoles para visibilizar el D\u00eda Mundial de la lucha contra la Esclerosis Lateral Amiotr\u00f3fica (ELA)\",\"datePublished\":\"2023-06-21T10:46:35+00:00\",\"mainEntityOfPage\":{\"@id\":\"https:\\\/\\\/www.laguiadepamplona.com\\\/actualidad\\\/el-ayuntamiento-ilumina-la-fachada-de-la-casa-consistorial-en-color-verde-este-miercoles-para-visibilizar-el-dia-mundial-de-la-lucha-contra-la-esclerosis-lateral-amiotrofica-ela\\\/\"},\"wordCount\":793,\"commentCount\":0,\"publisher\":{\"@id\":\"https:\\\/\\\/www.laguiadepamplona.com\\\/actualidad\\\/#organization\"},\"image\":{\"@id\":\"https:\\\/\\\/www.laguiadepamplona.com\\\/actualidad\\\/el-ayuntamiento-ilumina-la-fachada-de-la-casa-consistorial-en-color-verde-este-miercoles-para-visibilizar-el-dia-mundial-de-la-lucha-contra-la-esclerosis-lateral-amiotrofica-ela\\\/#primaryimage\"},\"thumbnailUrl\":\"https:\\\/\\\/www.laguiadepamplona.com\\\/actualidad\\\/wp-content\\\/uploads\\\/2021\\\/03\\\/aytoverde_JGV1123.jpg\",\"articleSection\":[\"Ayto Pamplona\"],\"inLanguage\":\"es\",\"potentialAction\":[{\"@type\":\"CommentAction\",\"name\":\"Comment\",\"target\":[\"https:\\\/\\\/www.laguiadepamplona.com\\\/actualidad\\\/el-ayuntamiento-ilumina-la-fachada-de-la-casa-consistorial-en-color-verde-este-miercoles-para-visibilizar-el-dia-mundial-de-la-lucha-contra-la-esclerosis-lateral-amiotrofica-ela\\\/#respond\"]}]},{\"@type\":\"WebPage\",\"@id\":\"https:\\\/\\\/www.laguiadepamplona.com\\\/actualidad\\\/el-ayuntamiento-ilumina-la-fachada-de-la-casa-consistorial-en-color-verde-este-miercoles-para-visibilizar-el-dia-mundial-de-la-lucha-contra-la-esclerosis-lateral-amiotrofica-ela\\\/\",\"url\":\"https:\\\/\\\/www.laguiadepamplona.com\\\/actualidad\\\/el-ayuntamiento-ilumina-la-fachada-de-la-casa-consistorial-en-color-verde-este-miercoles-para-visibilizar-el-dia-mundial-de-la-lucha-contra-la-esclerosis-lateral-amiotrofica-ela\\\/\",\"name\":\"El Ayuntamiento ilumina la fachada de la Casa Consistorial en color verde este mi\u00e9rcoles para visibilizar el D\u00eda Mundial de la lucha contra la Esclerosis Lateral Amiotr\u00f3fica (ELA)\",\"isPartOf\":{\"@id\":\"https:\\\/\\\/www.laguiadepamplona.com\\\/actualidad\\\/#website\"},\"primaryImageOfPage\":{\"@id\":\"https:\\\/\\\/www.laguiadepamplona.com\\\/actualidad\\\/el-ayuntamiento-ilumina-la-fachada-de-la-casa-consistorial-en-color-verde-este-miercoles-para-visibilizar-el-dia-mundial-de-la-lucha-contra-la-esclerosis-lateral-amiotrofica-ela\\\/#primaryimage\"},\"image\":{\"@id\":\"https:\\\/\\\/www.laguiadepamplona.com\\\/actualidad\\\/el-ayuntamiento-ilumina-la-fachada-de-la-casa-consistorial-en-color-verde-este-miercoles-para-visibilizar-el-dia-mundial-de-la-lucha-contra-la-esclerosis-lateral-amiotrofica-ela\\\/#primaryimage\"},\"thumbnailUrl\":\"https:\\\/\\\/www.laguiadepamplona.com\\\/actualidad\\\/wp-content\\\/uploads\\\/2021\\\/03\\\/aytoverde_JGV1123.jpg\",\"datePublished\":\"2023-06-21T10:46:35+00:00\",\"description\":\"Este jueves la fachada se ilumina en naranja en la Semana contra la Leucemia, y el viernes, en morado por el D\u00eda Internacional del S\u00edndrome de Dravet\",\"breadcrumb\":{\"@id\":\"https:\\\/\\\/www.laguiadepamplona.com\\\/actualidad\\\/el-ayuntamiento-ilumina-la-fachada-de-la-casa-consistorial-en-color-verde-este-miercoles-para-visibilizar-el-dia-mundial-de-la-lucha-contra-la-esclerosis-lateral-amiotrofica-ela\\\/#breadcrumb\"},\"inLanguage\":\"es\",\"potentialAction\":[{\"@type\":\"ReadAction\",\"target\":[\"https:\\\/\\\/www.laguiadepamplona.com\\\/actualidad\\\/el-ayuntamiento-ilumina-la-fachada-de-la-casa-consistorial-en-color-verde-este-miercoles-para-visibilizar-el-dia-mundial-de-la-lucha-contra-la-esclerosis-lateral-amiotrofica-ela\\\/\"]}]},{\"@type\":\"ImageObject\",\"inLanguage\":\"es\",\"@id\":\"https:\\\/\\\/www.laguiadepamplona.com\\\/actualidad\\\/el-ayuntamiento-ilumina-la-fachada-de-la-casa-consistorial-en-color-verde-este-miercoles-para-visibilizar-el-dia-mundial-de-la-lucha-contra-la-esclerosis-lateral-amiotrofica-ela\\\/#primaryimage\",\"url\":\"https:\\\/\\\/www.laguiadepamplona.com\\\/actualidad\\\/wp-content\\\/uploads\\\/2021\\\/03\\\/aytoverde_JGV1123.jpg\",\"contentUrl\":\"https:\\\/\\\/www.laguiadepamplona.com\\\/actualidad\\\/wp-content\\\/uploads\\\/2021\\\/03\\\/aytoverde_JGV1123.jpg\",\"width\":1920,\"height\":1280,\"caption\":\"A* Jes\u00fas Garzaron F* 2020_11_19 T* Fachada del Ayuntamiento iluminada de verde L* Ayuntamiento de Pamplona\"},{\"@type\":\"BreadcrumbList\",\"@id\":\"https:\\\/\\\/www.laguiadepamplona.com\\\/actualidad\\\/el-ayuntamiento-ilumina-la-fachada-de-la-casa-consistorial-en-color-verde-este-miercoles-para-visibilizar-el-dia-mundial-de-la-lucha-contra-la-esclerosis-lateral-amiotrofica-ela\\\/#breadcrumb\",\"itemListElement\":[{\"@type\":\"ListItem\",\"position\":1,\"name\":\"Portada\",\"item\":\"https:\\\/\\\/www.laguiadepamplona.com\\\/actualidad\\\/\"},{\"@type\":\"ListItem\",\"position\":2,\"name\":\"El Ayuntamiento ilumina la fachada de la Casa Consistorial en color verde este mi\u00e9rcoles para visibilizar el D\u00eda Mundial de la lucha contra la Esclerosis Lateral Amiotr\u00f3fica (ELA)\"}]},{\"@type\":\"WebSite\",\"@id\":\"https:\\\/\\\/www.laguiadepamplona.com\\\/actualidad\\\/#website\",\"url\":\"https:\\\/\\\/www.laguiadepamplona.com\\\/actualidad\\\/\",\"name\":\"La gu\u00eda de Pamplona\",\"description\":\"Noticias de Pamplona\",\"publisher\":{\"@id\":\"https:\\\/\\\/www.laguiadepamplona.com\\\/actualidad\\\/#organization\"},\"potentialAction\":[{\"@type\":\"SearchAction\",\"target\":{\"@type\":\"EntryPoint\",\"urlTemplate\":\"https:\\\/\\\/www.laguiadepamplona.com\\\/actualidad\\\/?s={search_term_string}\"},\"query-input\":{\"@type\":\"PropertyValueSpecification\",\"valueRequired\":true,\"valueName\":\"search_term_string\"}}],\"inLanguage\":\"es\"},{\"@type\":\"Organization\",\"@id\":\"https:\\\/\\\/www.laguiadepamplona.com\\\/actualidad\\\/#organization\",\"name\":\"La Gu\u00eda de Pamplona \\\/ Noticias\",\"url\":\"https:\\\/\\\/www.laguiadepamplona.com\\\/actualidad\\\/\",\"logo\":{\"@type\":\"ImageObject\",\"inLanguage\":\"es\",\"@id\":\"https:\\\/\\\/www.laguiadepamplona.com\\\/actualidad\\\/#\\\/schema\\\/logo\\\/image\\\/\",\"url\":\"https:\\\/\\\/www.laguiadepamplona.com\\\/actualidad\\\/wp-content\\\/uploads\\\/2018\\\/11\\\/logo-laguiadepamplona18-web1.png\",\"contentUrl\":\"https:\\\/\\\/www.laguiadepamplona.com\\\/actualidad\\\/wp-content\\\/uploads\\\/2018\\\/11\\\/logo-laguiadepamplona18-web1.png\",\"width\":600,\"height\":196,\"caption\":\"La Gu\u00eda de Pamplona \\\/ Noticias\"},\"image\":{\"@id\":\"https:\\\/\\\/www.laguiadepamplona.com\\\/actualidad\\\/#\\\/schema\\\/logo\\\/image\\\/\"},\"sameAs\":[\"https:\\\/\\\/www.facebook.com\\\/laguiadepamplonacom-133175176762273\\\/?ref=hl\",\"https:\\\/\\\/x.com\\\/LaGuiadPamplona\",\"https:\\\/\\\/www.instagram.com\\\/la_guia_de_pamplona\\\/\",\"https:\\\/\\\/www.youtube.com\\\/user\\\/laguiadepamplona\"]},{\"@type\":\"Person\",\"@id\":\"https:\\\/\\\/www.laguiadepamplona.com\\\/actualidad\\\/#\\\/schema\\\/person\\\/efe887376f0213d4657c93adc50b1fdb\",\"name\":\"La Gu\u00eda de Pamplona\",\"image\":{\"@type\":\"ImageObject\",\"inLanguage\":\"es\",\"@id\":\"https:\\\/\\\/secure.gravatar.com\\\/avatar\\\/b6992f131dc8d30ab0dff15446e9d346d9dbd95992de0fef795073f5ea83a81c?s=96&d=mm&r=g\",\"url\":\"https:\\\/\\\/secure.gravatar.com\\\/avatar\\\/b6992f131dc8d30ab0dff15446e9d346d9dbd95992de0fef795073f5ea83a81c?s=96&d=mm&r=g\",\"contentUrl\":\"https:\\\/\\\/secure.gravatar.com\\\/avatar\\\/b6992f131dc8d30ab0dff15446e9d346d9dbd95992de0fef795073f5ea83a81c?s=96&d=mm&r=g\",\"caption\":\"La Gu\u00eda de Pamplona\"}}]}<\/script>\n<!-- \/ Yoast SEO plugin. -->","yoast_head_json":{"title":"El Ayuntamiento ilumina la fachada de la Casa Consistorial en color verde este mi\u00e9rcoles para visibilizar el D\u00eda Mundial de la lucha contra la Esclerosis Lateral Amiotr\u00f3fica (ELA)","description":"Este jueves la fachada se ilumina en naranja en la Semana contra la Leucemia, y el viernes, en morado por el D\u00eda Internacional del S\u00edndrome de Dravet","robots":{"index":"index","follow":"follow","max-snippet":"max-snippet:-1","max-image-preview":"max-image-preview:large","max-video-preview":"max-video-preview:-1"},"canonical":"https:\/\/www.laguiadepamplona.com\/actualidad\/el-ayuntamiento-ilumina-la-fachada-de-la-casa-consistorial-en-color-verde-este-miercoles-para-visibilizar-el-dia-mundial-de-la-lucha-contra-la-esclerosis-lateral-amiotrofica-ela\/","og_locale":"es_ES","og_type":"article","og_title":"El Ayuntamiento ilumina la fachada de la Casa Consistorial en color verde este mi\u00e9rcoles para visibilizar el D\u00eda Mundial de la lucha contra la Esclerosis Lateral Amiotr\u00f3fica (ELA)","og_description":"Este jueves la fachada se ilumina en naranja en la Semana contra la Leucemia, y el viernes, en morado por el D\u00eda Internacional del S\u00edndrome de Dravet","og_url":"https:\/\/www.laguiadepamplona.com\/actualidad\/el-ayuntamiento-ilumina-la-fachada-de-la-casa-consistorial-en-color-verde-este-miercoles-para-visibilizar-el-dia-mundial-de-la-lucha-contra-la-esclerosis-lateral-amiotrofica-ela\/","og_site_name":"La Gu\u00eda de Pamplona","article_publisher":"https:\/\/www.facebook.com\/laguiadepamplonacom-133175176762273\/?ref=hl","article_published_time":"2023-06-21T10:46:35+00:00","og_image":[{"width":1920,"height":1280,"url":"https:\/\/www.laguiadepamplona.com\/actualidad\/wp-content\/uploads\/2021\/03\/aytoverde_JGV1123.jpg","type":"image\/jpeg"}],"author":"La Gu\u00eda de Pamplona","twitter_card":"summary_large_image","twitter_creator":"@LaGuiadPamplona","twitter_site":"@LaGuiadPamplona","twitter_misc":{"Escrito por":"La Gu\u00eda de Pamplona","Tiempo de lectura":"4 minutos"},"schema":{"@context":"https:\/\/schema.org","@graph":[{"@type":"Article","@id":"https:\/\/www.laguiadepamplona.com\/actualidad\/el-ayuntamiento-ilumina-la-fachada-de-la-casa-consistorial-en-color-verde-este-miercoles-para-visibilizar-el-dia-mundial-de-la-lucha-contra-la-esclerosis-lateral-amiotrofica-ela\/#article","isPartOf":{"@id":"https:\/\/www.laguiadepamplona.com\/actualidad\/el-ayuntamiento-ilumina-la-fachada-de-la-casa-consistorial-en-color-verde-este-miercoles-para-visibilizar-el-dia-mundial-de-la-lucha-contra-la-esclerosis-lateral-amiotrofica-ela\/"},"author":{"name":"La Gu\u00eda de Pamplona","@id":"https:\/\/www.laguiadepamplona.com\/actualidad\/#\/schema\/person\/efe887376f0213d4657c93adc50b1fdb"},"headline":"El Ayuntamiento ilumina la fachada de la Casa Consistorial en color verde este mi\u00e9rcoles para visibilizar el D\u00eda Mundial de la lucha contra la Esclerosis Lateral Amiotr\u00f3fica (ELA)","datePublished":"2023-06-21T10:46:35+00:00","mainEntityOfPage":{"@id":"https:\/\/www.laguiadepamplona.com\/actualidad\/el-ayuntamiento-ilumina-la-fachada-de-la-casa-consistorial-en-color-verde-este-miercoles-para-visibilizar-el-dia-mundial-de-la-lucha-contra-la-esclerosis-lateral-amiotrofica-ela\/"},"wordCount":793,"commentCount":0,"publisher":{"@id":"https:\/\/www.laguiadepamplona.com\/actualidad\/#organization"},"image":{"@id":"https:\/\/www.laguiadepamplona.com\/actualidad\/el-ayuntamiento-ilumina-la-fachada-de-la-casa-consistorial-en-color-verde-este-miercoles-para-visibilizar-el-dia-mundial-de-la-lucha-contra-la-esclerosis-lateral-amiotrofica-ela\/#primaryimage"},"thumbnailUrl":"https:\/\/www.laguiadepamplona.com\/actualidad\/wp-content\/uploads\/2021\/03\/aytoverde_JGV1123.jpg","articleSection":["Ayto Pamplona"],"inLanguage":"es","potentialAction":[{"@type":"CommentAction","name":"Comment","target":["https:\/\/www.laguiadepamplona.com\/actualidad\/el-ayuntamiento-ilumina-la-fachada-de-la-casa-consistorial-en-color-verde-este-miercoles-para-visibilizar-el-dia-mundial-de-la-lucha-contra-la-esclerosis-lateral-amiotrofica-ela\/#respond"]}]},{"@type":"WebPage","@id":"https:\/\/www.laguiadepamplona.com\/actualidad\/el-ayuntamiento-ilumina-la-fachada-de-la-casa-consistorial-en-color-verde-este-miercoles-para-visibilizar-el-dia-mundial-de-la-lucha-contra-la-esclerosis-lateral-amiotrofica-ela\/","url":"https:\/\/www.laguiadepamplona.com\/actualidad\/el-ayuntamiento-ilumina-la-fachada-de-la-casa-consistorial-en-color-verde-este-miercoles-para-visibilizar-el-dia-mundial-de-la-lucha-contra-la-esclerosis-lateral-amiotrofica-ela\/","name":"El Ayuntamiento ilumina la fachada de la Casa Consistorial en color verde este mi\u00e9rcoles para visibilizar el D\u00eda Mundial de la lucha contra la Esclerosis Lateral Amiotr\u00f3fica (ELA)","isPartOf":{"@id":"https:\/\/www.laguiadepamplona.com\/actualidad\/#website"},"primaryImageOfPage":{"@id":"https:\/\/www.laguiadepamplona.com\/actualidad\/el-ayuntamiento-ilumina-la-fachada-de-la-casa-consistorial-en-color-verde-este-miercoles-para-visibilizar-el-dia-mundial-de-la-lucha-contra-la-esclerosis-lateral-amiotrofica-ela\/#primaryimage"},"image":{"@id":"https:\/\/www.laguiadepamplona.com\/actualidad\/el-ayuntamiento-ilumina-la-fachada-de-la-casa-consistorial-en-color-verde-este-miercoles-para-visibilizar-el-dia-mundial-de-la-lucha-contra-la-esclerosis-lateral-amiotrofica-ela\/#primaryimage"},"thumbnailUrl":"https:\/\/www.laguiadepamplona.com\/actualidad\/wp-content\/uploads\/2021\/03\/aytoverde_JGV1123.jpg","datePublished":"2023-06-21T10:46:35+00:00","description":"Este jueves la fachada se ilumina en naranja en la Semana contra la Leucemia, y el viernes, en morado por el D\u00eda Internacional del S\u00edndrome de Dravet","breadcrumb":{"@id":"https:\/\/www.laguiadepamplona.com\/actualidad\/el-ayuntamiento-ilumina-la-fachada-de-la-casa-consistorial-en-color-verde-este-miercoles-para-visibilizar-el-dia-mundial-de-la-lucha-contra-la-esclerosis-lateral-amiotrofica-ela\/#breadcrumb"},"inLanguage":"es","potentialAction":[{"@type":"ReadAction","target":["https:\/\/www.laguiadepamplona.com\/actualidad\/el-ayuntamiento-ilumina-la-fachada-de-la-casa-consistorial-en-color-verde-este-miercoles-para-visibilizar-el-dia-mundial-de-la-lucha-contra-la-esclerosis-lateral-amiotrofica-ela\/"]}]},{"@type":"ImageObject","inLanguage":"es","@id":"https:\/\/www.laguiadepamplona.com\/actualidad\/el-ayuntamiento-ilumina-la-fachada-de-la-casa-consistorial-en-color-verde-este-miercoles-para-visibilizar-el-dia-mundial-de-la-lucha-contra-la-esclerosis-lateral-amiotrofica-ela\/#primaryimage","url":"https:\/\/www.laguiadepamplona.com\/actualidad\/wp-content\/uploads\/2021\/03\/aytoverde_JGV1123.jpg","contentUrl":"https:\/\/www.laguiadepamplona.com\/actualidad\/wp-content\/uploads\/2021\/03\/aytoverde_JGV1123.jpg","width":1920,"height":1280,"caption":"A* Jes\u00fas Garzaron F* 2020_11_19 T* Fachada del Ayuntamiento iluminada de verde L* Ayuntamiento de Pamplona"},{"@type":"BreadcrumbList","@id":"https:\/\/www.laguiadepamplona.com\/actualidad\/el-ayuntamiento-ilumina-la-fachada-de-la-casa-consistorial-en-color-verde-este-miercoles-para-visibilizar-el-dia-mundial-de-la-lucha-contra-la-esclerosis-lateral-amiotrofica-ela\/#breadcrumb","itemListElement":[{"@type":"ListItem","position":1,"name":"Portada","item":"https:\/\/www.laguiadepamplona.com\/actualidad\/"},{"@type":"ListItem","position":2,"name":"El Ayuntamiento ilumina la fachada de la Casa Consistorial en color verde este mi\u00e9rcoles para visibilizar el D\u00eda Mundial de la lucha contra la Esclerosis Lateral Amiotr\u00f3fica (ELA)"}]},{"@type":"WebSite","@id":"https:\/\/www.laguiadepamplona.com\/actualidad\/#website","url":"https:\/\/www.laguiadepamplona.com\/actualidad\/","name":"La gu\u00eda de Pamplona","description":"Noticias de Pamplona","publisher":{"@id":"https:\/\/www.laguiadepamplona.com\/actualidad\/#organization"},"potentialAction":[{"@type":"SearchAction","target":{"@type":"EntryPoint","urlTemplate":"https:\/\/www.laguiadepamplona.com\/actualidad\/?s={search_term_string}"},"query-input":{"@type":"PropertyValueSpecification","valueRequired":true,"valueName":"search_term_string"}}],"inLanguage":"es"},{"@type":"Organization","@id":"https:\/\/www.laguiadepamplona.com\/actualidad\/#organization","name":"La Gu\u00eda de Pamplona \/ Noticias","url":"https:\/\/www.laguiadepamplona.com\/actualidad\/","logo":{"@type":"ImageObject","inLanguage":"es","@id":"https:\/\/www.laguiadepamplona.com\/actualidad\/#\/schema\/logo\/image\/","url":"https:\/\/www.laguiadepamplona.com\/actualidad\/wp-content\/uploads\/2018\/11\/logo-laguiadepamplona18-web1.png","contentUrl":"https:\/\/www.laguiadepamplona.com\/actualidad\/wp-content\/uploads\/2018\/11\/logo-laguiadepamplona18-web1.png","width":600,"height":196,"caption":"La Gu\u00eda de Pamplona \/ Noticias"},"image":{"@id":"https:\/\/www.laguiadepamplona.com\/actualidad\/#\/schema\/logo\/image\/"},"sameAs":["https:\/\/www.facebook.com\/laguiadepamplonacom-133175176762273\/?ref=hl","https:\/\/x.com\/LaGuiadPamplona","https:\/\/www.instagram.com\/la_guia_de_pamplona\/","https:\/\/www.youtube.com\/user\/laguiadepamplona"]},{"@type":"Person","@id":"https:\/\/www.laguiadepamplona.com\/actualidad\/#\/schema\/person\/efe887376f0213d4657c93adc50b1fdb","name":"La Gu\u00eda de Pamplona","image":{"@type":"ImageObject","inLanguage":"es","@id":"https:\/\/secure.gravatar.com\/avatar\/b6992f131dc8d30ab0dff15446e9d346d9dbd95992de0fef795073f5ea83a81c?s=96&d=mm&r=g","url":"https:\/\/secure.gravatar.com\/avatar\/b6992f131dc8d30ab0dff15446e9d346d9dbd95992de0fef795073f5ea83a81c?s=96&d=mm&r=g","contentUrl":"https:\/\/secure.gravatar.com\/avatar\/b6992f131dc8d30ab0dff15446e9d346d9dbd95992de0fef795073f5ea83a81c?s=96&d=mm&r=g","caption":"La Gu\u00eda de Pamplona"}}]}},"post_mailing_queue_ids":[],"_links":{"self":[{"href":"https:\/\/www.laguiadepamplona.com\/actualidad\/wp-json\/wp\/v2\/posts\/47119","targetHints":{"allow":["GET"]}}],"collection":[{"href":"https:\/\/www.laguiadepamplona.com\/actualidad\/wp-json\/wp\/v2\/posts"}],"about":[{"href":"https:\/\/www.laguiadepamplona.com\/actualidad\/wp-json\/wp\/v2\/types\/post"}],"author":[{"embeddable":true,"href":"https:\/\/www.laguiadepamplona.com\/actualidad\/wp-json\/wp\/v2\/users\/1"}],"replies":[{"embeddable":true,"href":"https:\/\/www.laguiadepamplona.com\/actualidad\/wp-json\/wp\/v2\/comments?post=47119"}],"version-history":[{"count":1,"href":"https:\/\/www.laguiadepamplona.com\/actualidad\/wp-json\/wp\/v2\/posts\/47119\/revisions"}],"predecessor-version":[{"id":47120,"href":"https:\/\/www.laguiadepamplona.com\/actualidad\/wp-json\/wp\/v2\/posts\/47119\/revisions\/47120"}],"wp:featuredmedia":[{"embeddable":true,"href":"https:\/\/www.laguiadepamplona.com\/actualidad\/wp-json\/wp\/v2\/media\/33755"}],"wp:attachment":[{"href":"https:\/\/www.laguiadepamplona.com\/actualidad\/wp-json\/wp\/v2\/media?parent=47119"}],"wp:term":[{"taxonomy":"category","embeddable":true,"href":"https:\/\/www.laguiadepamplona.com\/actualidad\/wp-json\/wp\/v2\/categories?post=47119"},{"taxonomy":"post_tag","embeddable":true,"href":"https:\/\/www.laguiadepamplona.com\/actualidad\/wp-json\/wp\/v2\/tags?post=47119"}],"curies":[{"name":"wp","href":"https:\/\/api.w.org\/{rel}","templated":true}]}}