{"id":47113,"date":"2023-06-20T17:37:23","date_gmt":"2023-06-20T15:37:23","guid":{"rendered":"https:\/\/www.laguiadepamplona.com\/actualidad\/?p=47113"},"modified":"2023-06-20T17:37:23","modified_gmt":"2023-06-20T15:37:23","slug":"sanfermines-en-blanco-y-negro-a-las-puertas-de-los-comercios-del-casco-antiguo-de-pamplona","status":"publish","type":"post","link":"https:\/\/www.laguiadepamplona.com\/actualidad\/sanfermines-en-blanco-y-negro-a-las-puertas-de-los-comercios-del-casco-antiguo-de-pamplona\/","title":{"rendered":"Sanfermines en blanco y negro a las puertas de los comercios del Casco Antiguo de Pamplona"},"content":{"rendered":"<h3>Una exposici\u00f3n fotogr\u00e1fica al aire libre muestra 125 instant\u00e1neas de distintos momentos de la fiesta a lo largo del siglo XX<\/h3>\n<p><!--more--><\/p>\n<p>Cuando apenas quedan tres semanas para que arranquen las fiestas de San Ferm\u00edn, las calles del Casco Antiguo de Pamplona se han convertido estos d\u00edas en un museo al aire libre, mostrando a la ciudadan\u00eda im\u00e1genes de Sanfermines pasados, de momentos de la fiesta, de lugares emblem\u00e1ticos y de ambiente festivo. El Ayuntamiento de Pamplona, el Archivo Municipal y la Asociaci\u00f3n de Comercio, Hosteler\u00eda y Servicios del Casco Antiguo de Pamplona han colaborado en esta iniciativa, que podr\u00e1 disfrutarse hasta el pr\u00f3ximo 3 de julio a las puertas de los comercios del centro de la ciudad. \u2018Momentos de San Ferm\u00edn\u2019 es el nombre que recibe esta exposici\u00f3n fotogr\u00e1fica al aire libre.<\/p>\n<p>En total, 71 establecimientos de las calles comerciales del Casco Antiguo se han sumado a esta propuesta, que les permite lucir en la entrada de sus comercios im\u00e1genes de fot\u00f3grafos de renombre del siglo pasado como Gerardo Zarag\u00fceta, Nicol\u00e1s Ardanaz, Zubieta y Retegui, Julio Altadil o Jos\u00e9 Rold\u00e1n. El Consistorio y la Asociaci\u00f3n Casco Antiguo han distribuido entre los comercios colaboradores 75 paneles fotogr\u00e1ficos, algunos con una imagen, otros con varias. Todos ellos se muestran en caballetes de madera, junto a los accesos a los establecimientos. De esta forma, la ciudadan\u00eda podr\u00e1 contemplar 125 instant\u00e1neas especialmente representativas de la historia de los Sanfermines durante el siglo XX.<br \/>\n<script async src=\"\/\/pagead2.googlesyndication.com\/pagead\/js\/adsbygoogle.js\"><\/script><br \/>\n<!-- Noticias La Guia de Pamplona --><br \/>\n<ins class=\"adsbygoogle\"\nstyle=\"display:block\"\ndata-ad-client=\"ca-pub-6943679897239327\"\ndata-ad-slot=\"7048180777\"\ndata-ad-format=\"auto\"><\/ins><br \/>\n<script>\n(adsbygoogle = window.adsbygoogle || []).push({});\n<\/script><\/p>\n<p>Las fotograf\u00edas pertenecen a los fondos del Archivo Municipal, entre los que se encuentran las colecciones de Arazuri y la Comparsa, as\u00ed como la obra de algunos de los fot\u00f3grafos m\u00e1s importantes de la ciudad, profesionales y aficionados. Las instant\u00e1neas recogen momentos como el chupinazo, el encierro, la procesi\u00f3n, o el Riau Riau, pero tambi\u00e9n aspectos m\u00e1s festivos como los bailes de la Comparsa de Gigantes y Cabezudos, el ambiente en la calle e, incluso, algunas caras famosas, incluso de Hollywood, que quisieron visitar Pamplona para conocer de primera mano los Sanfermines.<\/p>\n<p>Las fotograf\u00edas ayudar\u00e1n a la ciudadan\u00eda a descubrir aspectos que quiz\u00e1s desconozcan de la celebraci\u00f3n de las fiestas en la primera mitad del siglo pasado, como que antes de que se instaurara el chupinazo de manera oficial en la Plaza Consistorial en 1941, se lanzaban cohetes en la Plaza del Castillo; o que el Ferial, las barracas, se ubicaban en el Primer Ensanche, en las inmediaciones de la actual calle Padre Moret.<\/p>\n<p>El <a href=\"https:\/\/www.cascoantiguopamplona.com\/plano-guia-exposicion-fotografica-momentos-de-san-fermin\/\" target=\"_blank\" rel=\"noopener\">listado completo de comercios<\/a> que se han sumado a la iniciativa, y su ubicaci\u00f3n, puede consultarse en la p\u00e1gina web de la Asociaci\u00f3n de Comercio, Hosteler\u00eda y Servicios del Casco Antiguo de Pamplona. La mayor\u00eda se encuentran en las calles Mayor, Zapater\u00eda, Mercaderes, Estafeta, San Nicol\u00e1s y Calceteros, pero tambi\u00e9n hay establecimientos en otras calles del Casco Antiguo.<\/p>\n<p>Con esta exposici\u00f3n, el Archivo Municipal y la Asociaci\u00f3n Casco Antiguo renuevan su compromiso de colaboraci\u00f3n que comenz\u00f3 hace siete a\u00f1os y que, desde entonces, ha permitido crear distintas muestras fotogr\u00e1ficas con el objetivo de difundir el patrimonio inmaterial y la memoria fotogr\u00e1fica de Pamplona y dinamizar, a la vez, las calles y los comercios de la zona centro de la ciudad.<br \/>\n<script async src=\"\/\/pagead2.googlesyndication.com\/pagead\/js\/adsbygoogle.js\"><\/script><br \/>\n<!-- Noticias La Guia de Pamplona --><br \/>\n<ins class=\"adsbygoogle\"\nstyle=\"display:block\"\ndata-ad-client=\"ca-pub-6943679897239327\"\ndata-ad-slot=\"7048180777\"\ndata-ad-format=\"auto\"><\/ins><br \/>\n<script>\n(adsbygoogle = window.adsbygoogle || []).push({});\n<\/script><\/p>\n<p>&nbsp;<\/p>\n<h3>Exposici\u00f3n \u2018Momentos de San Ferm\u00edn\u2019<\/h3>\n<ul>\n<li><strong>D\u00f3nde verla:<\/strong> en las calles del Casco Antiguo de Pamplona, en las puertas de 69 comercios.<\/li>\n<li><strong>Hasta cu\u00e1ndo:<\/strong> Hasta el 3 de abril<\/li>\n<li><strong>Qu\u00e9 se puede ver:<\/strong> 125 instant\u00e1neas del siglo XX de los Sanfermines, que se muestran en 75 paneles fotogr\u00e1ficos. En las im\u00e1genes se ven momentos de la fiesta, desde el encierro o el chupinazo, hasta las barracas, el ambiente de la calle, la procesi\u00f3n, el Riau Riau o personajes famosos que visitaron la ciudad durante los Sanfermines.<\/li>\n<\/ul>\n","protected":false},"excerpt":{"rendered":"<p>Una exposici\u00f3n fotogr\u00e1fica al aire libre muestra 125 instant\u00e1neas de distintos momentos de la fiesta a lo largo del siglo XX<\/p>\n","protected":false},"author":1,"featured_media":47114,"comment_status":"open","ping_status":"closed","sticky":false,"template":"","format":"standard","meta":{"footnotes":""},"categories":[2,9406],"tags":[],"class_list":["post-47113","post","type-post","status-publish","format-standard","has-post-thumbnail","hentry","category-ayuntamiento-pamplona","category-san-fermin"],"yoast_head":"<!-- This site is optimized with the Yoast SEO plugin v27.3 - https:\/\/yoast.com\/product\/yoast-seo-wordpress\/ -->\n<title>Sanfermines en blanco y negro a las puertas de los comercios del Casco Antiguo de Pamplona<\/title>\n<meta name=\"description\" content=\"Una exposici\u00f3n fotogr\u00e1fica al aire libre muestra 125 instant\u00e1neas de distintos momentos de los sanfermines a lo largo del siglo XX\" \/>\n<meta name=\"robots\" content=\"index, follow, max-snippet:-1, max-image-preview:large, max-video-preview:-1\" \/>\n<link rel=\"canonical\" href=\"https:\/\/www.laguiadepamplona.com\/actualidad\/sanfermines-en-blanco-y-negro-a-las-puertas-de-los-comercios-del-casco-antiguo-de-pamplona\/\" \/>\n<meta property=\"og:locale\" content=\"es_ES\" \/>\n<meta property=\"og:type\" content=\"article\" \/>\n<meta property=\"og:title\" content=\"Sanfermines en blanco y negro a las puertas de los comercios del Casco Antiguo de Pamplona\" \/>\n<meta property=\"og:description\" content=\"Una exposici\u00f3n fotogr\u00e1fica al aire libre muestra 125 instant\u00e1neas de distintos momentos de los sanfermines a lo largo del siglo XX\" \/>\n<meta property=\"og:url\" content=\"https:\/\/www.laguiadepamplona.com\/actualidad\/sanfermines-en-blanco-y-negro-a-las-puertas-de-los-comercios-del-casco-antiguo-de-pamplona\/\" \/>\n<meta property=\"og:site_name\" content=\"La Gu\u00eda de Pamplona\" \/>\n<meta property=\"article:publisher\" content=\"https:\/\/www.facebook.com\/laguiadepamplonacom-133175176762273\/?ref=hl\" \/>\n<meta property=\"article:published_time\" content=\"2023-06-20T15:37:23+00:00\" \/>\n<meta property=\"og:image\" content=\"https:\/\/www.laguiadepamplona.com\/actualidad\/wp-content\/uploads\/2023\/06\/exposicion-fotografica-sanfermines-b-n.webp\" \/>\n\t<meta property=\"og:image:width\" content=\"1640\" \/>\n\t<meta property=\"og:image:height\" content=\"898\" \/>\n\t<meta property=\"og:image:type\" content=\"image\/webp\" \/>\n<meta name=\"author\" content=\"La Gu\u00eda de Pamplona\" \/>\n<meta name=\"twitter:card\" content=\"summary_large_image\" \/>\n<meta name=\"twitter:creator\" content=\"@LaGuiadPamplona\" \/>\n<meta name=\"twitter:site\" content=\"@LaGuiadPamplona\" \/>\n<meta name=\"twitter:label1\" content=\"Escrito por\" \/>\n\t<meta name=\"twitter:data1\" content=\"La Gu\u00eda de Pamplona\" \/>\n\t<meta name=\"twitter:label2\" content=\"Tiempo de lectura\" \/>\n\t<meta name=\"twitter:data2\" content=\"3 minutos\" \/>\n<script type=\"application\/ld+json\" class=\"yoast-schema-graph\">{\"@context\":\"https:\\\/\\\/schema.org\",\"@graph\":[{\"@type\":\"Article\",\"@id\":\"https:\\\/\\\/www.laguiadepamplona.com\\\/actualidad\\\/sanfermines-en-blanco-y-negro-a-las-puertas-de-los-comercios-del-casco-antiguo-de-pamplona\\\/#article\",\"isPartOf\":{\"@id\":\"https:\\\/\\\/www.laguiadepamplona.com\\\/actualidad\\\/sanfermines-en-blanco-y-negro-a-las-puertas-de-los-comercios-del-casco-antiguo-de-pamplona\\\/\"},\"author\":{\"name\":\"La Gu\u00eda de Pamplona\",\"@id\":\"https:\\\/\\\/www.laguiadepamplona.com\\\/actualidad\\\/#\\\/schema\\\/person\\\/efe887376f0213d4657c93adc50b1fdb\"},\"headline\":\"Sanfermines en blanco y negro a las puertas de los comercios del Casco Antiguo de Pamplona\",\"datePublished\":\"2023-06-20T15:37:23+00:00\",\"mainEntityOfPage\":{\"@id\":\"https:\\\/\\\/www.laguiadepamplona.com\\\/actualidad\\\/sanfermines-en-blanco-y-negro-a-las-puertas-de-los-comercios-del-casco-antiguo-de-pamplona\\\/\"},\"wordCount\":673,\"commentCount\":0,\"publisher\":{\"@id\":\"https:\\\/\\\/www.laguiadepamplona.com\\\/actualidad\\\/#organization\"},\"image\":{\"@id\":\"https:\\\/\\\/www.laguiadepamplona.com\\\/actualidad\\\/sanfermines-en-blanco-y-negro-a-las-puertas-de-los-comercios-del-casco-antiguo-de-pamplona\\\/#primaryimage\"},\"thumbnailUrl\":\"https:\\\/\\\/www.laguiadepamplona.com\\\/actualidad\\\/wp-content\\\/uploads\\\/2023\\\/06\\\/exposicion-fotografica-sanfermines-b-n.webp\",\"articleSection\":[\"Ayto Pamplona\",\"San Ferm\u00edn\"],\"inLanguage\":\"es\",\"potentialAction\":[{\"@type\":\"CommentAction\",\"name\":\"Comment\",\"target\":[\"https:\\\/\\\/www.laguiadepamplona.com\\\/actualidad\\\/sanfermines-en-blanco-y-negro-a-las-puertas-de-los-comercios-del-casco-antiguo-de-pamplona\\\/#respond\"]}]},{\"@type\":\"WebPage\",\"@id\":\"https:\\\/\\\/www.laguiadepamplona.com\\\/actualidad\\\/sanfermines-en-blanco-y-negro-a-las-puertas-de-los-comercios-del-casco-antiguo-de-pamplona\\\/\",\"url\":\"https:\\\/\\\/www.laguiadepamplona.com\\\/actualidad\\\/sanfermines-en-blanco-y-negro-a-las-puertas-de-los-comercios-del-casco-antiguo-de-pamplona\\\/\",\"name\":\"Sanfermines en blanco y negro a las puertas de los comercios del Casco Antiguo de Pamplona\",\"isPartOf\":{\"@id\":\"https:\\\/\\\/www.laguiadepamplona.com\\\/actualidad\\\/#website\"},\"primaryImageOfPage\":{\"@id\":\"https:\\\/\\\/www.laguiadepamplona.com\\\/actualidad\\\/sanfermines-en-blanco-y-negro-a-las-puertas-de-los-comercios-del-casco-antiguo-de-pamplona\\\/#primaryimage\"},\"image\":{\"@id\":\"https:\\\/\\\/www.laguiadepamplona.com\\\/actualidad\\\/sanfermines-en-blanco-y-negro-a-las-puertas-de-los-comercios-del-casco-antiguo-de-pamplona\\\/#primaryimage\"},\"thumbnailUrl\":\"https:\\\/\\\/www.laguiadepamplona.com\\\/actualidad\\\/wp-content\\\/uploads\\\/2023\\\/06\\\/exposicion-fotografica-sanfermines-b-n.webp\",\"datePublished\":\"2023-06-20T15:37:23+00:00\",\"description\":\"Una exposici\u00f3n fotogr\u00e1fica al aire libre muestra 125 instant\u00e1neas de distintos momentos de los sanfermines a lo largo del siglo XX\",\"breadcrumb\":{\"@id\":\"https:\\\/\\\/www.laguiadepamplona.com\\\/actualidad\\\/sanfermines-en-blanco-y-negro-a-las-puertas-de-los-comercios-del-casco-antiguo-de-pamplona\\\/#breadcrumb\"},\"inLanguage\":\"es\",\"potentialAction\":[{\"@type\":\"ReadAction\",\"target\":[\"https:\\\/\\\/www.laguiadepamplona.com\\\/actualidad\\\/sanfermines-en-blanco-y-negro-a-las-puertas-de-los-comercios-del-casco-antiguo-de-pamplona\\\/\"]}]},{\"@type\":\"ImageObject\",\"inLanguage\":\"es\",\"@id\":\"https:\\\/\\\/www.laguiadepamplona.com\\\/actualidad\\\/sanfermines-en-blanco-y-negro-a-las-puertas-de-los-comercios-del-casco-antiguo-de-pamplona\\\/#primaryimage\",\"url\":\"https:\\\/\\\/www.laguiadepamplona.com\\\/actualidad\\\/wp-content\\\/uploads\\\/2023\\\/06\\\/exposicion-fotografica-sanfermines-b-n.webp\",\"contentUrl\":\"https:\\\/\\\/www.laguiadepamplona.com\\\/actualidad\\\/wp-content\\\/uploads\\\/2023\\\/06\\\/exposicion-fotografica-sanfermines-b-n.webp\",\"width\":1640,\"height\":898,\"caption\":\"sanfermines expo foto\"},{\"@type\":\"BreadcrumbList\",\"@id\":\"https:\\\/\\\/www.laguiadepamplona.com\\\/actualidad\\\/sanfermines-en-blanco-y-negro-a-las-puertas-de-los-comercios-del-casco-antiguo-de-pamplona\\\/#breadcrumb\",\"itemListElement\":[{\"@type\":\"ListItem\",\"position\":1,\"name\":\"Portada\",\"item\":\"https:\\\/\\\/www.laguiadepamplona.com\\\/actualidad\\\/\"},{\"@type\":\"ListItem\",\"position\":2,\"name\":\"Sanfermines en blanco y negro a las puertas de los comercios del Casco Antiguo de Pamplona\"}]},{\"@type\":\"WebSite\",\"@id\":\"https:\\\/\\\/www.laguiadepamplona.com\\\/actualidad\\\/#website\",\"url\":\"https:\\\/\\\/www.laguiadepamplona.com\\\/actualidad\\\/\",\"name\":\"La gu\u00eda de Pamplona\",\"description\":\"Noticias de Pamplona\",\"publisher\":{\"@id\":\"https:\\\/\\\/www.laguiadepamplona.com\\\/actualidad\\\/#organization\"},\"potentialAction\":[{\"@type\":\"SearchAction\",\"target\":{\"@type\":\"EntryPoint\",\"urlTemplate\":\"https:\\\/\\\/www.laguiadepamplona.com\\\/actualidad\\\/?s={search_term_string}\"},\"query-input\":{\"@type\":\"PropertyValueSpecification\",\"valueRequired\":true,\"valueName\":\"search_term_string\"}}],\"inLanguage\":\"es\"},{\"@type\":\"Organization\",\"@id\":\"https:\\\/\\\/www.laguiadepamplona.com\\\/actualidad\\\/#organization\",\"name\":\"La Gu\u00eda de Pamplona \\\/ Noticias\",\"url\":\"https:\\\/\\\/www.laguiadepamplona.com\\\/actualidad\\\/\",\"logo\":{\"@type\":\"ImageObject\",\"inLanguage\":\"es\",\"@id\":\"https:\\\/\\\/www.laguiadepamplona.com\\\/actualidad\\\/#\\\/schema\\\/logo\\\/image\\\/\",\"url\":\"https:\\\/\\\/www.laguiadepamplona.com\\\/actualidad\\\/wp-content\\\/uploads\\\/2018\\\/11\\\/logo-laguiadepamplona18-web1.png\",\"contentUrl\":\"https:\\\/\\\/www.laguiadepamplona.com\\\/actualidad\\\/wp-content\\\/uploads\\\/2018\\\/11\\\/logo-laguiadepamplona18-web1.png\",\"width\":600,\"height\":196,\"caption\":\"La Gu\u00eda de Pamplona \\\/ Noticias\"},\"image\":{\"@id\":\"https:\\\/\\\/www.laguiadepamplona.com\\\/actualidad\\\/#\\\/schema\\\/logo\\\/image\\\/\"},\"sameAs\":[\"https:\\\/\\\/www.facebook.com\\\/laguiadepamplonacom-133175176762273\\\/?ref=hl\",\"https:\\\/\\\/x.com\\\/LaGuiadPamplona\",\"https:\\\/\\\/www.instagram.com\\\/la_guia_de_pamplona\\\/\",\"https:\\\/\\\/www.youtube.com\\\/user\\\/laguiadepamplona\"]},{\"@type\":\"Person\",\"@id\":\"https:\\\/\\\/www.laguiadepamplona.com\\\/actualidad\\\/#\\\/schema\\\/person\\\/efe887376f0213d4657c93adc50b1fdb\",\"name\":\"La Gu\u00eda de Pamplona\",\"image\":{\"@type\":\"ImageObject\",\"inLanguage\":\"es\",\"@id\":\"https:\\\/\\\/secure.gravatar.com\\\/avatar\\\/b6992f131dc8d30ab0dff15446e9d346d9dbd95992de0fef795073f5ea83a81c?s=96&d=mm&r=g\",\"url\":\"https:\\\/\\\/secure.gravatar.com\\\/avatar\\\/b6992f131dc8d30ab0dff15446e9d346d9dbd95992de0fef795073f5ea83a81c?s=96&d=mm&r=g\",\"contentUrl\":\"https:\\\/\\\/secure.gravatar.com\\\/avatar\\\/b6992f131dc8d30ab0dff15446e9d346d9dbd95992de0fef795073f5ea83a81c?s=96&d=mm&r=g\",\"caption\":\"La Gu\u00eda de Pamplona\"}}]}<\/script>\n<!-- \/ Yoast SEO plugin. -->","yoast_head_json":{"title":"Sanfermines en blanco y negro a las puertas de los comercios del Casco Antiguo de Pamplona","description":"Una exposici\u00f3n fotogr\u00e1fica al aire libre muestra 125 instant\u00e1neas de distintos momentos de los sanfermines a lo largo del siglo XX","robots":{"index":"index","follow":"follow","max-snippet":"max-snippet:-1","max-image-preview":"max-image-preview:large","max-video-preview":"max-video-preview:-1"},"canonical":"https:\/\/www.laguiadepamplona.com\/actualidad\/sanfermines-en-blanco-y-negro-a-las-puertas-de-los-comercios-del-casco-antiguo-de-pamplona\/","og_locale":"es_ES","og_type":"article","og_title":"Sanfermines en blanco y negro a las puertas de los comercios del Casco Antiguo de Pamplona","og_description":"Una exposici\u00f3n fotogr\u00e1fica al aire libre muestra 125 instant\u00e1neas de distintos momentos de los sanfermines a lo largo del siglo XX","og_url":"https:\/\/www.laguiadepamplona.com\/actualidad\/sanfermines-en-blanco-y-negro-a-las-puertas-de-los-comercios-del-casco-antiguo-de-pamplona\/","og_site_name":"La Gu\u00eda de Pamplona","article_publisher":"https:\/\/www.facebook.com\/laguiadepamplonacom-133175176762273\/?ref=hl","article_published_time":"2023-06-20T15:37:23+00:00","og_image":[{"width":1640,"height":898,"url":"https:\/\/www.laguiadepamplona.com\/actualidad\/wp-content\/uploads\/2023\/06\/exposicion-fotografica-sanfermines-b-n.webp","type":"image\/webp"}],"author":"La Gu\u00eda de Pamplona","twitter_card":"summary_large_image","twitter_creator":"@LaGuiadPamplona","twitter_site":"@LaGuiadPamplona","twitter_misc":{"Escrito por":"La Gu\u00eda de Pamplona","Tiempo de lectura":"3 minutos"},"schema":{"@context":"https:\/\/schema.org","@graph":[{"@type":"Article","@id":"https:\/\/www.laguiadepamplona.com\/actualidad\/sanfermines-en-blanco-y-negro-a-las-puertas-de-los-comercios-del-casco-antiguo-de-pamplona\/#article","isPartOf":{"@id":"https:\/\/www.laguiadepamplona.com\/actualidad\/sanfermines-en-blanco-y-negro-a-las-puertas-de-los-comercios-del-casco-antiguo-de-pamplona\/"},"author":{"name":"La Gu\u00eda de Pamplona","@id":"https:\/\/www.laguiadepamplona.com\/actualidad\/#\/schema\/person\/efe887376f0213d4657c93adc50b1fdb"},"headline":"Sanfermines en blanco y negro a las puertas de los comercios del Casco Antiguo de Pamplona","datePublished":"2023-06-20T15:37:23+00:00","mainEntityOfPage":{"@id":"https:\/\/www.laguiadepamplona.com\/actualidad\/sanfermines-en-blanco-y-negro-a-las-puertas-de-los-comercios-del-casco-antiguo-de-pamplona\/"},"wordCount":673,"commentCount":0,"publisher":{"@id":"https:\/\/www.laguiadepamplona.com\/actualidad\/#organization"},"image":{"@id":"https:\/\/www.laguiadepamplona.com\/actualidad\/sanfermines-en-blanco-y-negro-a-las-puertas-de-los-comercios-del-casco-antiguo-de-pamplona\/#primaryimage"},"thumbnailUrl":"https:\/\/www.laguiadepamplona.com\/actualidad\/wp-content\/uploads\/2023\/06\/exposicion-fotografica-sanfermines-b-n.webp","articleSection":["Ayto Pamplona","San Ferm\u00edn"],"inLanguage":"es","potentialAction":[{"@type":"CommentAction","name":"Comment","target":["https:\/\/www.laguiadepamplona.com\/actualidad\/sanfermines-en-blanco-y-negro-a-las-puertas-de-los-comercios-del-casco-antiguo-de-pamplona\/#respond"]}]},{"@type":"WebPage","@id":"https:\/\/www.laguiadepamplona.com\/actualidad\/sanfermines-en-blanco-y-negro-a-las-puertas-de-los-comercios-del-casco-antiguo-de-pamplona\/","url":"https:\/\/www.laguiadepamplona.com\/actualidad\/sanfermines-en-blanco-y-negro-a-las-puertas-de-los-comercios-del-casco-antiguo-de-pamplona\/","name":"Sanfermines en blanco y negro a las puertas de los comercios del Casco Antiguo de Pamplona","isPartOf":{"@id":"https:\/\/www.laguiadepamplona.com\/actualidad\/#website"},"primaryImageOfPage":{"@id":"https:\/\/www.laguiadepamplona.com\/actualidad\/sanfermines-en-blanco-y-negro-a-las-puertas-de-los-comercios-del-casco-antiguo-de-pamplona\/#primaryimage"},"image":{"@id":"https:\/\/www.laguiadepamplona.com\/actualidad\/sanfermines-en-blanco-y-negro-a-las-puertas-de-los-comercios-del-casco-antiguo-de-pamplona\/#primaryimage"},"thumbnailUrl":"https:\/\/www.laguiadepamplona.com\/actualidad\/wp-content\/uploads\/2023\/06\/exposicion-fotografica-sanfermines-b-n.webp","datePublished":"2023-06-20T15:37:23+00:00","description":"Una exposici\u00f3n fotogr\u00e1fica al aire libre muestra 125 instant\u00e1neas de distintos momentos de los sanfermines a lo largo del siglo XX","breadcrumb":{"@id":"https:\/\/www.laguiadepamplona.com\/actualidad\/sanfermines-en-blanco-y-negro-a-las-puertas-de-los-comercios-del-casco-antiguo-de-pamplona\/#breadcrumb"},"inLanguage":"es","potentialAction":[{"@type":"ReadAction","target":["https:\/\/www.laguiadepamplona.com\/actualidad\/sanfermines-en-blanco-y-negro-a-las-puertas-de-los-comercios-del-casco-antiguo-de-pamplona\/"]}]},{"@type":"ImageObject","inLanguage":"es","@id":"https:\/\/www.laguiadepamplona.com\/actualidad\/sanfermines-en-blanco-y-negro-a-las-puertas-de-los-comercios-del-casco-antiguo-de-pamplona\/#primaryimage","url":"https:\/\/www.laguiadepamplona.com\/actualidad\/wp-content\/uploads\/2023\/06\/exposicion-fotografica-sanfermines-b-n.webp","contentUrl":"https:\/\/www.laguiadepamplona.com\/actualidad\/wp-content\/uploads\/2023\/06\/exposicion-fotografica-sanfermines-b-n.webp","width":1640,"height":898,"caption":"sanfermines expo foto"},{"@type":"BreadcrumbList","@id":"https:\/\/www.laguiadepamplona.com\/actualidad\/sanfermines-en-blanco-y-negro-a-las-puertas-de-los-comercios-del-casco-antiguo-de-pamplona\/#breadcrumb","itemListElement":[{"@type":"ListItem","position":1,"name":"Portada","item":"https:\/\/www.laguiadepamplona.com\/actualidad\/"},{"@type":"ListItem","position":2,"name":"Sanfermines en blanco y negro a las puertas de los comercios del Casco Antiguo de Pamplona"}]},{"@type":"WebSite","@id":"https:\/\/www.laguiadepamplona.com\/actualidad\/#website","url":"https:\/\/www.laguiadepamplona.com\/actualidad\/","name":"La gu\u00eda de Pamplona","description":"Noticias de Pamplona","publisher":{"@id":"https:\/\/www.laguiadepamplona.com\/actualidad\/#organization"},"potentialAction":[{"@type":"SearchAction","target":{"@type":"EntryPoint","urlTemplate":"https:\/\/www.laguiadepamplona.com\/actualidad\/?s={search_term_string}"},"query-input":{"@type":"PropertyValueSpecification","valueRequired":true,"valueName":"search_term_string"}}],"inLanguage":"es"},{"@type":"Organization","@id":"https:\/\/www.laguiadepamplona.com\/actualidad\/#organization","name":"La Gu\u00eda de Pamplona \/ Noticias","url":"https:\/\/www.laguiadepamplona.com\/actualidad\/","logo":{"@type":"ImageObject","inLanguage":"es","@id":"https:\/\/www.laguiadepamplona.com\/actualidad\/#\/schema\/logo\/image\/","url":"https:\/\/www.laguiadepamplona.com\/actualidad\/wp-content\/uploads\/2018\/11\/logo-laguiadepamplona18-web1.png","contentUrl":"https:\/\/www.laguiadepamplona.com\/actualidad\/wp-content\/uploads\/2018\/11\/logo-laguiadepamplona18-web1.png","width":600,"height":196,"caption":"La Gu\u00eda de Pamplona \/ Noticias"},"image":{"@id":"https:\/\/www.laguiadepamplona.com\/actualidad\/#\/schema\/logo\/image\/"},"sameAs":["https:\/\/www.facebook.com\/laguiadepamplonacom-133175176762273\/?ref=hl","https:\/\/x.com\/LaGuiadPamplona","https:\/\/www.instagram.com\/la_guia_de_pamplona\/","https:\/\/www.youtube.com\/user\/laguiadepamplona"]},{"@type":"Person","@id":"https:\/\/www.laguiadepamplona.com\/actualidad\/#\/schema\/person\/efe887376f0213d4657c93adc50b1fdb","name":"La Gu\u00eda de Pamplona","image":{"@type":"ImageObject","inLanguage":"es","@id":"https:\/\/secure.gravatar.com\/avatar\/b6992f131dc8d30ab0dff15446e9d346d9dbd95992de0fef795073f5ea83a81c?s=96&d=mm&r=g","url":"https:\/\/secure.gravatar.com\/avatar\/b6992f131dc8d30ab0dff15446e9d346d9dbd95992de0fef795073f5ea83a81c?s=96&d=mm&r=g","contentUrl":"https:\/\/secure.gravatar.com\/avatar\/b6992f131dc8d30ab0dff15446e9d346d9dbd95992de0fef795073f5ea83a81c?s=96&d=mm&r=g","caption":"La Gu\u00eda de Pamplona"}}]}},"post_mailing_queue_ids":[],"_links":{"self":[{"href":"https:\/\/www.laguiadepamplona.com\/actualidad\/wp-json\/wp\/v2\/posts\/47113","targetHints":{"allow":["GET"]}}],"collection":[{"href":"https:\/\/www.laguiadepamplona.com\/actualidad\/wp-json\/wp\/v2\/posts"}],"about":[{"href":"https:\/\/www.laguiadepamplona.com\/actualidad\/wp-json\/wp\/v2\/types\/post"}],"author":[{"embeddable":true,"href":"https:\/\/www.laguiadepamplona.com\/actualidad\/wp-json\/wp\/v2\/users\/1"}],"replies":[{"embeddable":true,"href":"https:\/\/www.laguiadepamplona.com\/actualidad\/wp-json\/wp\/v2\/comments?post=47113"}],"version-history":[{"count":1,"href":"https:\/\/www.laguiadepamplona.com\/actualidad\/wp-json\/wp\/v2\/posts\/47113\/revisions"}],"predecessor-version":[{"id":47115,"href":"https:\/\/www.laguiadepamplona.com\/actualidad\/wp-json\/wp\/v2\/posts\/47113\/revisions\/47115"}],"wp:featuredmedia":[{"embeddable":true,"href":"https:\/\/www.laguiadepamplona.com\/actualidad\/wp-json\/wp\/v2\/media\/47114"}],"wp:attachment":[{"href":"https:\/\/www.laguiadepamplona.com\/actualidad\/wp-json\/wp\/v2\/media?parent=47113"}],"wp:term":[{"taxonomy":"category","embeddable":true,"href":"https:\/\/www.laguiadepamplona.com\/actualidad\/wp-json\/wp\/v2\/categories?post=47113"},{"taxonomy":"post_tag","embeddable":true,"href":"https:\/\/www.laguiadepamplona.com\/actualidad\/wp-json\/wp\/v2\/tags?post=47113"}],"curies":[{"name":"wp","href":"https:\/\/api.w.org\/{rel}","templated":true}]}}