{"id":47110,"date":"2023-06-20T13:26:55","date_gmt":"2023-06-20T11:26:55","guid":{"rendered":"https:\/\/www.laguiadepamplona.com\/actualidad\/?p=47110"},"modified":"2023-06-20T13:33:38","modified_gmt":"2023-06-20T11:33:38","slug":"manana-cierra-el-aparcamiento-del-runa-para-que-el-ayuntamiento-prepare-ese-espacio-para-la-instalacion-de-las-barracas-de-san-fermin","status":"publish","type":"post","link":"https:\/\/www.laguiadepamplona.com\/actualidad\/manana-cierra-el-aparcamiento-del-runa-para-que-el-ayuntamiento-prepare-ese-espacio-para-la-instalacion-de-las-barracas-de-san-fermin\/","title":{"rendered":"Ma\u00f1ana cierra el aparcamiento del Runa para que el Ayuntamiento prepare ese espacio para la instalaci\u00f3n de las barracas de San Ferm\u00edn"},"content":{"rendered":"<h3>Los feriantes aparcar\u00e1n sus veh\u00edculos en el estacionamiento Trinitarios I, pero seguir\u00e1 disponible para el p\u00fablico Trinitarios II (198 plazas)<\/h3>\n<p><!--more--><\/p>\n<p>Ma\u00f1ana quedar\u00e1 cerrado al estacionamiento el aparcamiento del Runa (zona de estacionamiento vecinal), espacio en el que se situar\u00e1n las atracciones de feria durante las pr\u00f3ximas fiestas de San Ferm\u00edn. El cierre est\u00e1 se\u00f1alizado y, tras su acondicionamiento, los feriantes podr\u00e1n empezar a montar sus barracas en ese espacio a partir del d\u00eda 26 de junio.<br \/>\n<script async src=\"\/\/pagead2.googlesyndication.com\/pagead\/js\/adsbygoogle.js\"><\/script><br \/>\n<!-- Noticias La Guia de Pamplona --><br \/>\n<ins class=\"adsbygoogle\"\nstyle=\"display:block\"\ndata-ad-client=\"ca-pub-6943679897239327\"\ndata-ad-slot=\"7048180777\"\ndata-ad-format=\"auto\"><\/ins><br \/>\n<script>\n(adsbygoogle = window.adsbygoogle || []).push({});\n<\/script><\/p>\n<p>Las atracciones del Runa abrir\u00e1n entre el 5 y el 16 de julio, ambas fechas incluidas, y tras el desmontaje de barracas y revisi\u00f3n del aparcamiento, la zona volver\u00e1 a abrirse al estacionamiento a las personas residentes del sector 1 a partir del d\u00eda 25 de julio. Por otra parte, ya est\u00e1 cerrado el nuevo aparcamiento de Trinitarios I, junto a la rotonda de calle Biurdana con avenida de Gipuzkoa, para que los feriantes puedan estacionar sus veh\u00edculos durante este periodo.<\/p>\n<p>Sigue funcionando con normalidad Trinitarios II, un espacio con 198 plazas que se ha acondicionado este a\u00f1o detr\u00e1s del Centro Integrado de FP Donibane. Funciona mediante una barrera elevable de forma autom\u00e1tica con sistema de lectura de matr\u00edculas y es gratuito el aparcamiento durante las primeras 24 horas.\u00a0 Para el uso de este estacionamiento es obligatorio que el veh\u00edculo est\u00e9 suscrito al servicio gratuito de avisos por SMS para casos de inundaci\u00f3n para evitar riesgos, dado que est\u00e1 en una zona inundable. El aparcamiento tiene las plazas distribuidas en un anillo exterior y una bolsa central, con un circuito de acceso y salida desde el ramal de la calle Biurdana que termina junto al parque de Trinitarios. Cuenta con alumbrado con proyectores led, c\u00e1maras de video y cajero autom\u00e1tico.<br \/>\n<script async src=\"\/\/pagead2.googlesyndication.com\/pagead\/js\/adsbygoogle.js\"><\/script><br \/>\n<!-- Noticias La Guia de Pamplona --><br \/>\n<ins class=\"adsbygoogle\"\nstyle=\"display:block\"\ndata-ad-client=\"ca-pub-6943679897239327\"\ndata-ad-slot=\"7048180777\"\ndata-ad-format=\"auto\"><\/ins><br \/>\n<script>\n(adsbygoogle = window.adsbygoogle || []).push({});\n<\/script><\/p>\n<p>Adem\u00e1s, del d\u00eda 5 al 14 de julio de 2023, ambos inclusive, el aparcamiento de Corralillos se destinar\u00e1 al uso exclusivo de quienes tengan tarjeta de residente del sector 1 y 8.<\/p>\n","protected":false},"excerpt":{"rendered":"<p>Los feriantes aparcar\u00e1n sus veh\u00edculos en el estacionamiento Trinitarios I, pero seguir\u00e1 disponible para el p\u00fablico Trinitarios II (198 plazas)<\/p>\n","protected":false},"author":1,"featured_media":47111,"comment_status":"open","ping_status":"closed","sticky":false,"template":"","format":"standard","meta":{"footnotes":""},"categories":[2,9406],"tags":[],"class_list":["post-47110","post","type-post","status-publish","format-standard","has-post-thumbnail","hentry","category-ayuntamiento-pamplona","category-san-fermin"],"yoast_head":"<!-- This site is optimized with the Yoast SEO plugin v27.3 - https:\/\/yoast.com\/product\/yoast-seo-wordpress\/ -->\n<title>Ma\u00f1ana cierra el aparcamiento del Runa para que el Ayuntamiento prepare ese espacio para la instalaci\u00f3n de las barracas de San Ferm\u00edn<\/title>\n<meta name=\"description\" content=\"Los feriantes aparcar\u00e1n sus veh\u00edculos en el estacionamiento Trinitarios I, pero seguir\u00e1 disponible para el p\u00fablico Trinitarios II (198 plazas)\" \/>\n<meta name=\"robots\" content=\"index, follow, max-snippet:-1, max-image-preview:large, max-video-preview:-1\" \/>\n<link rel=\"canonical\" href=\"https:\/\/www.laguiadepamplona.com\/actualidad\/manana-cierra-el-aparcamiento-del-runa-para-que-el-ayuntamiento-prepare-ese-espacio-para-la-instalacion-de-las-barracas-de-san-fermin\/\" \/>\n<meta property=\"og:locale\" content=\"es_ES\" \/>\n<meta property=\"og:type\" content=\"article\" \/>\n<meta property=\"og:title\" content=\"Ma\u00f1ana cierra el aparcamiento del Runa para que el Ayuntamiento prepare ese espacio para la instalaci\u00f3n de las barracas de San Ferm\u00edn\" \/>\n<meta property=\"og:description\" content=\"Los feriantes aparcar\u00e1n sus veh\u00edculos en el estacionamiento Trinitarios I, pero seguir\u00e1 disponible para el p\u00fablico Trinitarios II (198 plazas)\" \/>\n<meta property=\"og:url\" content=\"https:\/\/www.laguiadepamplona.com\/actualidad\/manana-cierra-el-aparcamiento-del-runa-para-que-el-ayuntamiento-prepare-ese-espacio-para-la-instalacion-de-las-barracas-de-san-fermin\/\" \/>\n<meta property=\"og:site_name\" content=\"La Gu\u00eda de Pamplona\" \/>\n<meta property=\"article:publisher\" content=\"https:\/\/www.facebook.com\/laguiadepamplonacom-133175176762273\/?ref=hl\" \/>\n<meta property=\"article:published_time\" content=\"2023-06-20T11:26:55+00:00\" \/>\n<meta property=\"article:modified_time\" content=\"2023-06-20T11:33:38+00:00\" \/>\n<meta property=\"og:image\" content=\"https:\/\/www.laguiadepamplona.com\/actualidad\/wp-content\/uploads\/2023\/06\/parking.webp\" \/>\n\t<meta property=\"og:image:width\" content=\"1376\" \/>\n\t<meta property=\"og:image:height\" content=\"933\" \/>\n\t<meta property=\"og:image:type\" content=\"image\/webp\" \/>\n<meta name=\"author\" content=\"La Gu\u00eda de Pamplona\" \/>\n<meta name=\"twitter:card\" content=\"summary_large_image\" \/>\n<meta name=\"twitter:creator\" content=\"@LaGuiadPamplona\" \/>\n<meta name=\"twitter:site\" content=\"@LaGuiadPamplona\" \/>\n<meta name=\"twitter:label1\" content=\"Escrito por\" \/>\n\t<meta name=\"twitter:data1\" content=\"La Gu\u00eda de Pamplona\" \/>\n\t<meta name=\"twitter:label2\" content=\"Tiempo de lectura\" \/>\n\t<meta name=\"twitter:data2\" content=\"2 minutos\" \/>\n<script type=\"application\/ld+json\" class=\"yoast-schema-graph\">{\"@context\":\"https:\\\/\\\/schema.org\",\"@graph\":[{\"@type\":\"Article\",\"@id\":\"https:\\\/\\\/www.laguiadepamplona.com\\\/actualidad\\\/manana-cierra-el-aparcamiento-del-runa-para-que-el-ayuntamiento-prepare-ese-espacio-para-la-instalacion-de-las-barracas-de-san-fermin\\\/#article\",\"isPartOf\":{\"@id\":\"https:\\\/\\\/www.laguiadepamplona.com\\\/actualidad\\\/manana-cierra-el-aparcamiento-del-runa-para-que-el-ayuntamiento-prepare-ese-espacio-para-la-instalacion-de-las-barracas-de-san-fermin\\\/\"},\"author\":{\"name\":\"La Gu\u00eda de Pamplona\",\"@id\":\"https:\\\/\\\/www.laguiadepamplona.com\\\/actualidad\\\/#\\\/schema\\\/person\\\/efe887376f0213d4657c93adc50b1fdb\"},\"headline\":\"Ma\u00f1ana cierra el aparcamiento del Runa para que el Ayuntamiento prepare ese espacio para la instalaci\u00f3n de las barracas de San Ferm\u00edn\",\"datePublished\":\"2023-06-20T11:26:55+00:00\",\"dateModified\":\"2023-06-20T11:33:38+00:00\",\"mainEntityOfPage\":{\"@id\":\"https:\\\/\\\/www.laguiadepamplona.com\\\/actualidad\\\/manana-cierra-el-aparcamiento-del-runa-para-que-el-ayuntamiento-prepare-ese-espacio-para-la-instalacion-de-las-barracas-de-san-fermin\\\/\"},\"wordCount\":354,\"commentCount\":0,\"publisher\":{\"@id\":\"https:\\\/\\\/www.laguiadepamplona.com\\\/actualidad\\\/#organization\"},\"image\":{\"@id\":\"https:\\\/\\\/www.laguiadepamplona.com\\\/actualidad\\\/manana-cierra-el-aparcamiento-del-runa-para-que-el-ayuntamiento-prepare-ese-espacio-para-la-instalacion-de-las-barracas-de-san-fermin\\\/#primaryimage\"},\"thumbnailUrl\":\"https:\\\/\\\/www.laguiadepamplona.com\\\/actualidad\\\/wp-content\\\/uploads\\\/2023\\\/06\\\/parking.webp\",\"articleSection\":[\"Ayto Pamplona\",\"San Ferm\u00edn\"],\"inLanguage\":\"es\",\"potentialAction\":[{\"@type\":\"CommentAction\",\"name\":\"Comment\",\"target\":[\"https:\\\/\\\/www.laguiadepamplona.com\\\/actualidad\\\/manana-cierra-el-aparcamiento-del-runa-para-que-el-ayuntamiento-prepare-ese-espacio-para-la-instalacion-de-las-barracas-de-san-fermin\\\/#respond\"]}]},{\"@type\":\"WebPage\",\"@id\":\"https:\\\/\\\/www.laguiadepamplona.com\\\/actualidad\\\/manana-cierra-el-aparcamiento-del-runa-para-que-el-ayuntamiento-prepare-ese-espacio-para-la-instalacion-de-las-barracas-de-san-fermin\\\/\",\"url\":\"https:\\\/\\\/www.laguiadepamplona.com\\\/actualidad\\\/manana-cierra-el-aparcamiento-del-runa-para-que-el-ayuntamiento-prepare-ese-espacio-para-la-instalacion-de-las-barracas-de-san-fermin\\\/\",\"name\":\"Ma\u00f1ana cierra el aparcamiento del Runa para que el Ayuntamiento prepare ese espacio para la instalaci\u00f3n de las barracas de San Ferm\u00edn\",\"isPartOf\":{\"@id\":\"https:\\\/\\\/www.laguiadepamplona.com\\\/actualidad\\\/#website\"},\"primaryImageOfPage\":{\"@id\":\"https:\\\/\\\/www.laguiadepamplona.com\\\/actualidad\\\/manana-cierra-el-aparcamiento-del-runa-para-que-el-ayuntamiento-prepare-ese-espacio-para-la-instalacion-de-las-barracas-de-san-fermin\\\/#primaryimage\"},\"image\":{\"@id\":\"https:\\\/\\\/www.laguiadepamplona.com\\\/actualidad\\\/manana-cierra-el-aparcamiento-del-runa-para-que-el-ayuntamiento-prepare-ese-espacio-para-la-instalacion-de-las-barracas-de-san-fermin\\\/#primaryimage\"},\"thumbnailUrl\":\"https:\\\/\\\/www.laguiadepamplona.com\\\/actualidad\\\/wp-content\\\/uploads\\\/2023\\\/06\\\/parking.webp\",\"datePublished\":\"2023-06-20T11:26:55+00:00\",\"dateModified\":\"2023-06-20T11:33:38+00:00\",\"description\":\"Los feriantes aparcar\u00e1n sus veh\u00edculos en el estacionamiento Trinitarios I, pero seguir\u00e1 disponible para el p\u00fablico Trinitarios II (198 plazas)\",\"breadcrumb\":{\"@id\":\"https:\\\/\\\/www.laguiadepamplona.com\\\/actualidad\\\/manana-cierra-el-aparcamiento-del-runa-para-que-el-ayuntamiento-prepare-ese-espacio-para-la-instalacion-de-las-barracas-de-san-fermin\\\/#breadcrumb\"},\"inLanguage\":\"es\",\"potentialAction\":[{\"@type\":\"ReadAction\",\"target\":[\"https:\\\/\\\/www.laguiadepamplona.com\\\/actualidad\\\/manana-cierra-el-aparcamiento-del-runa-para-que-el-ayuntamiento-prepare-ese-espacio-para-la-instalacion-de-las-barracas-de-san-fermin\\\/\"]}]},{\"@type\":\"ImageObject\",\"inLanguage\":\"es\",\"@id\":\"https:\\\/\\\/www.laguiadepamplona.com\\\/actualidad\\\/manana-cierra-el-aparcamiento-del-runa-para-que-el-ayuntamiento-prepare-ese-espacio-para-la-instalacion-de-las-barracas-de-san-fermin\\\/#primaryimage\",\"url\":\"https:\\\/\\\/www.laguiadepamplona.com\\\/actualidad\\\/wp-content\\\/uploads\\\/2023\\\/06\\\/parking.webp\",\"contentUrl\":\"https:\\\/\\\/www.laguiadepamplona.com\\\/actualidad\\\/wp-content\\\/uploads\\\/2023\\\/06\\\/parking.webp\",\"width\":1376,\"height\":933,\"caption\":\"parking\"},{\"@type\":\"BreadcrumbList\",\"@id\":\"https:\\\/\\\/www.laguiadepamplona.com\\\/actualidad\\\/manana-cierra-el-aparcamiento-del-runa-para-que-el-ayuntamiento-prepare-ese-espacio-para-la-instalacion-de-las-barracas-de-san-fermin\\\/#breadcrumb\",\"itemListElement\":[{\"@type\":\"ListItem\",\"position\":1,\"name\":\"Portada\",\"item\":\"https:\\\/\\\/www.laguiadepamplona.com\\\/actualidad\\\/\"},{\"@type\":\"ListItem\",\"position\":2,\"name\":\"Ma\u00f1ana cierra el aparcamiento del Runa para que el Ayuntamiento prepare ese espacio para la instalaci\u00f3n de las barracas de San Ferm\u00edn\"}]},{\"@type\":\"WebSite\",\"@id\":\"https:\\\/\\\/www.laguiadepamplona.com\\\/actualidad\\\/#website\",\"url\":\"https:\\\/\\\/www.laguiadepamplona.com\\\/actualidad\\\/\",\"name\":\"La gu\u00eda de Pamplona\",\"description\":\"Noticias de Pamplona\",\"publisher\":{\"@id\":\"https:\\\/\\\/www.laguiadepamplona.com\\\/actualidad\\\/#organization\"},\"potentialAction\":[{\"@type\":\"SearchAction\",\"target\":{\"@type\":\"EntryPoint\",\"urlTemplate\":\"https:\\\/\\\/www.laguiadepamplona.com\\\/actualidad\\\/?s={search_term_string}\"},\"query-input\":{\"@type\":\"PropertyValueSpecification\",\"valueRequired\":true,\"valueName\":\"search_term_string\"}}],\"inLanguage\":\"es\"},{\"@type\":\"Organization\",\"@id\":\"https:\\\/\\\/www.laguiadepamplona.com\\\/actualidad\\\/#organization\",\"name\":\"La Gu\u00eda de Pamplona \\\/ Noticias\",\"url\":\"https:\\\/\\\/www.laguiadepamplona.com\\\/actualidad\\\/\",\"logo\":{\"@type\":\"ImageObject\",\"inLanguage\":\"es\",\"@id\":\"https:\\\/\\\/www.laguiadepamplona.com\\\/actualidad\\\/#\\\/schema\\\/logo\\\/image\\\/\",\"url\":\"https:\\\/\\\/www.laguiadepamplona.com\\\/actualidad\\\/wp-content\\\/uploads\\\/2018\\\/11\\\/logo-laguiadepamplona18-web1.png\",\"contentUrl\":\"https:\\\/\\\/www.laguiadepamplona.com\\\/actualidad\\\/wp-content\\\/uploads\\\/2018\\\/11\\\/logo-laguiadepamplona18-web1.png\",\"width\":600,\"height\":196,\"caption\":\"La Gu\u00eda de Pamplona \\\/ Noticias\"},\"image\":{\"@id\":\"https:\\\/\\\/www.laguiadepamplona.com\\\/actualidad\\\/#\\\/schema\\\/logo\\\/image\\\/\"},\"sameAs\":[\"https:\\\/\\\/www.facebook.com\\\/laguiadepamplonacom-133175176762273\\\/?ref=hl\",\"https:\\\/\\\/x.com\\\/LaGuiadPamplona\",\"https:\\\/\\\/www.instagram.com\\\/la_guia_de_pamplona\\\/\",\"https:\\\/\\\/www.youtube.com\\\/user\\\/laguiadepamplona\"]},{\"@type\":\"Person\",\"@id\":\"https:\\\/\\\/www.laguiadepamplona.com\\\/actualidad\\\/#\\\/schema\\\/person\\\/efe887376f0213d4657c93adc50b1fdb\",\"name\":\"La Gu\u00eda de Pamplona\",\"image\":{\"@type\":\"ImageObject\",\"inLanguage\":\"es\",\"@id\":\"https:\\\/\\\/secure.gravatar.com\\\/avatar\\\/b6992f131dc8d30ab0dff15446e9d346d9dbd95992de0fef795073f5ea83a81c?s=96&d=mm&r=g\",\"url\":\"https:\\\/\\\/secure.gravatar.com\\\/avatar\\\/b6992f131dc8d30ab0dff15446e9d346d9dbd95992de0fef795073f5ea83a81c?s=96&d=mm&r=g\",\"contentUrl\":\"https:\\\/\\\/secure.gravatar.com\\\/avatar\\\/b6992f131dc8d30ab0dff15446e9d346d9dbd95992de0fef795073f5ea83a81c?s=96&d=mm&r=g\",\"caption\":\"La Gu\u00eda de Pamplona\"}}]}<\/script>\n<!-- \/ Yoast SEO plugin. -->","yoast_head_json":{"title":"Ma\u00f1ana cierra el aparcamiento del Runa para que el Ayuntamiento prepare ese espacio para la instalaci\u00f3n de las barracas de San Ferm\u00edn","description":"Los feriantes aparcar\u00e1n sus veh\u00edculos en el estacionamiento Trinitarios I, pero seguir\u00e1 disponible para el p\u00fablico Trinitarios II (198 plazas)","robots":{"index":"index","follow":"follow","max-snippet":"max-snippet:-1","max-image-preview":"max-image-preview:large","max-video-preview":"max-video-preview:-1"},"canonical":"https:\/\/www.laguiadepamplona.com\/actualidad\/manana-cierra-el-aparcamiento-del-runa-para-que-el-ayuntamiento-prepare-ese-espacio-para-la-instalacion-de-las-barracas-de-san-fermin\/","og_locale":"es_ES","og_type":"article","og_title":"Ma\u00f1ana cierra el aparcamiento del Runa para que el Ayuntamiento prepare ese espacio para la instalaci\u00f3n de las barracas de San Ferm\u00edn","og_description":"Los feriantes aparcar\u00e1n sus veh\u00edculos en el estacionamiento Trinitarios I, pero seguir\u00e1 disponible para el p\u00fablico Trinitarios II (198 plazas)","og_url":"https:\/\/www.laguiadepamplona.com\/actualidad\/manana-cierra-el-aparcamiento-del-runa-para-que-el-ayuntamiento-prepare-ese-espacio-para-la-instalacion-de-las-barracas-de-san-fermin\/","og_site_name":"La Gu\u00eda de Pamplona","article_publisher":"https:\/\/www.facebook.com\/laguiadepamplonacom-133175176762273\/?ref=hl","article_published_time":"2023-06-20T11:26:55+00:00","article_modified_time":"2023-06-20T11:33:38+00:00","og_image":[{"width":1376,"height":933,"url":"https:\/\/www.laguiadepamplona.com\/actualidad\/wp-content\/uploads\/2023\/06\/parking.webp","type":"image\/webp"}],"author":"La Gu\u00eda de Pamplona","twitter_card":"summary_large_image","twitter_creator":"@LaGuiadPamplona","twitter_site":"@LaGuiadPamplona","twitter_misc":{"Escrito por":"La Gu\u00eda de Pamplona","Tiempo de lectura":"2 minutos"},"schema":{"@context":"https:\/\/schema.org","@graph":[{"@type":"Article","@id":"https:\/\/www.laguiadepamplona.com\/actualidad\/manana-cierra-el-aparcamiento-del-runa-para-que-el-ayuntamiento-prepare-ese-espacio-para-la-instalacion-de-las-barracas-de-san-fermin\/#article","isPartOf":{"@id":"https:\/\/www.laguiadepamplona.com\/actualidad\/manana-cierra-el-aparcamiento-del-runa-para-que-el-ayuntamiento-prepare-ese-espacio-para-la-instalacion-de-las-barracas-de-san-fermin\/"},"author":{"name":"La Gu\u00eda de Pamplona","@id":"https:\/\/www.laguiadepamplona.com\/actualidad\/#\/schema\/person\/efe887376f0213d4657c93adc50b1fdb"},"headline":"Ma\u00f1ana cierra el aparcamiento del Runa para que el Ayuntamiento prepare ese espacio para la instalaci\u00f3n de las barracas de San Ferm\u00edn","datePublished":"2023-06-20T11:26:55+00:00","dateModified":"2023-06-20T11:33:38+00:00","mainEntityOfPage":{"@id":"https:\/\/www.laguiadepamplona.com\/actualidad\/manana-cierra-el-aparcamiento-del-runa-para-que-el-ayuntamiento-prepare-ese-espacio-para-la-instalacion-de-las-barracas-de-san-fermin\/"},"wordCount":354,"commentCount":0,"publisher":{"@id":"https:\/\/www.laguiadepamplona.com\/actualidad\/#organization"},"image":{"@id":"https:\/\/www.laguiadepamplona.com\/actualidad\/manana-cierra-el-aparcamiento-del-runa-para-que-el-ayuntamiento-prepare-ese-espacio-para-la-instalacion-de-las-barracas-de-san-fermin\/#primaryimage"},"thumbnailUrl":"https:\/\/www.laguiadepamplona.com\/actualidad\/wp-content\/uploads\/2023\/06\/parking.webp","articleSection":["Ayto Pamplona","San Ferm\u00edn"],"inLanguage":"es","potentialAction":[{"@type":"CommentAction","name":"Comment","target":["https:\/\/www.laguiadepamplona.com\/actualidad\/manana-cierra-el-aparcamiento-del-runa-para-que-el-ayuntamiento-prepare-ese-espacio-para-la-instalacion-de-las-barracas-de-san-fermin\/#respond"]}]},{"@type":"WebPage","@id":"https:\/\/www.laguiadepamplona.com\/actualidad\/manana-cierra-el-aparcamiento-del-runa-para-que-el-ayuntamiento-prepare-ese-espacio-para-la-instalacion-de-las-barracas-de-san-fermin\/","url":"https:\/\/www.laguiadepamplona.com\/actualidad\/manana-cierra-el-aparcamiento-del-runa-para-que-el-ayuntamiento-prepare-ese-espacio-para-la-instalacion-de-las-barracas-de-san-fermin\/","name":"Ma\u00f1ana cierra el aparcamiento del Runa para que el Ayuntamiento prepare ese espacio para la instalaci\u00f3n de las barracas de San Ferm\u00edn","isPartOf":{"@id":"https:\/\/www.laguiadepamplona.com\/actualidad\/#website"},"primaryImageOfPage":{"@id":"https:\/\/www.laguiadepamplona.com\/actualidad\/manana-cierra-el-aparcamiento-del-runa-para-que-el-ayuntamiento-prepare-ese-espacio-para-la-instalacion-de-las-barracas-de-san-fermin\/#primaryimage"},"image":{"@id":"https:\/\/www.laguiadepamplona.com\/actualidad\/manana-cierra-el-aparcamiento-del-runa-para-que-el-ayuntamiento-prepare-ese-espacio-para-la-instalacion-de-las-barracas-de-san-fermin\/#primaryimage"},"thumbnailUrl":"https:\/\/www.laguiadepamplona.com\/actualidad\/wp-content\/uploads\/2023\/06\/parking.webp","datePublished":"2023-06-20T11:26:55+00:00","dateModified":"2023-06-20T11:33:38+00:00","description":"Los feriantes aparcar\u00e1n sus veh\u00edculos en el estacionamiento Trinitarios I, pero seguir\u00e1 disponible para el p\u00fablico Trinitarios II (198 plazas)","breadcrumb":{"@id":"https:\/\/www.laguiadepamplona.com\/actualidad\/manana-cierra-el-aparcamiento-del-runa-para-que-el-ayuntamiento-prepare-ese-espacio-para-la-instalacion-de-las-barracas-de-san-fermin\/#breadcrumb"},"inLanguage":"es","potentialAction":[{"@type":"ReadAction","target":["https:\/\/www.laguiadepamplona.com\/actualidad\/manana-cierra-el-aparcamiento-del-runa-para-que-el-ayuntamiento-prepare-ese-espacio-para-la-instalacion-de-las-barracas-de-san-fermin\/"]}]},{"@type":"ImageObject","inLanguage":"es","@id":"https:\/\/www.laguiadepamplona.com\/actualidad\/manana-cierra-el-aparcamiento-del-runa-para-que-el-ayuntamiento-prepare-ese-espacio-para-la-instalacion-de-las-barracas-de-san-fermin\/#primaryimage","url":"https:\/\/www.laguiadepamplona.com\/actualidad\/wp-content\/uploads\/2023\/06\/parking.webp","contentUrl":"https:\/\/www.laguiadepamplona.com\/actualidad\/wp-content\/uploads\/2023\/06\/parking.webp","width":1376,"height":933,"caption":"parking"},{"@type":"BreadcrumbList","@id":"https:\/\/www.laguiadepamplona.com\/actualidad\/manana-cierra-el-aparcamiento-del-runa-para-que-el-ayuntamiento-prepare-ese-espacio-para-la-instalacion-de-las-barracas-de-san-fermin\/#breadcrumb","itemListElement":[{"@type":"ListItem","position":1,"name":"Portada","item":"https:\/\/www.laguiadepamplona.com\/actualidad\/"},{"@type":"ListItem","position":2,"name":"Ma\u00f1ana cierra el aparcamiento del Runa para que el Ayuntamiento prepare ese espacio para la instalaci\u00f3n de las barracas de San Ferm\u00edn"}]},{"@type":"WebSite","@id":"https:\/\/www.laguiadepamplona.com\/actualidad\/#website","url":"https:\/\/www.laguiadepamplona.com\/actualidad\/","name":"La gu\u00eda de Pamplona","description":"Noticias de Pamplona","publisher":{"@id":"https:\/\/www.laguiadepamplona.com\/actualidad\/#organization"},"potentialAction":[{"@type":"SearchAction","target":{"@type":"EntryPoint","urlTemplate":"https:\/\/www.laguiadepamplona.com\/actualidad\/?s={search_term_string}"},"query-input":{"@type":"PropertyValueSpecification","valueRequired":true,"valueName":"search_term_string"}}],"inLanguage":"es"},{"@type":"Organization","@id":"https:\/\/www.laguiadepamplona.com\/actualidad\/#organization","name":"La Gu\u00eda de Pamplona \/ Noticias","url":"https:\/\/www.laguiadepamplona.com\/actualidad\/","logo":{"@type":"ImageObject","inLanguage":"es","@id":"https:\/\/www.laguiadepamplona.com\/actualidad\/#\/schema\/logo\/image\/","url":"https:\/\/www.laguiadepamplona.com\/actualidad\/wp-content\/uploads\/2018\/11\/logo-laguiadepamplona18-web1.png","contentUrl":"https:\/\/www.laguiadepamplona.com\/actualidad\/wp-content\/uploads\/2018\/11\/logo-laguiadepamplona18-web1.png","width":600,"height":196,"caption":"La Gu\u00eda de Pamplona \/ Noticias"},"image":{"@id":"https:\/\/www.laguiadepamplona.com\/actualidad\/#\/schema\/logo\/image\/"},"sameAs":["https:\/\/www.facebook.com\/laguiadepamplonacom-133175176762273\/?ref=hl","https:\/\/x.com\/LaGuiadPamplona","https:\/\/www.instagram.com\/la_guia_de_pamplona\/","https:\/\/www.youtube.com\/user\/laguiadepamplona"]},{"@type":"Person","@id":"https:\/\/www.laguiadepamplona.com\/actualidad\/#\/schema\/person\/efe887376f0213d4657c93adc50b1fdb","name":"La Gu\u00eda de Pamplona","image":{"@type":"ImageObject","inLanguage":"es","@id":"https:\/\/secure.gravatar.com\/avatar\/b6992f131dc8d30ab0dff15446e9d346d9dbd95992de0fef795073f5ea83a81c?s=96&d=mm&r=g","url":"https:\/\/secure.gravatar.com\/avatar\/b6992f131dc8d30ab0dff15446e9d346d9dbd95992de0fef795073f5ea83a81c?s=96&d=mm&r=g","contentUrl":"https:\/\/secure.gravatar.com\/avatar\/b6992f131dc8d30ab0dff15446e9d346d9dbd95992de0fef795073f5ea83a81c?s=96&d=mm&r=g","caption":"La Gu\u00eda de Pamplona"}}]}},"post_mailing_queue_ids":[],"_links":{"self":[{"href":"https:\/\/www.laguiadepamplona.com\/actualidad\/wp-json\/wp\/v2\/posts\/47110","targetHints":{"allow":["GET"]}}],"collection":[{"href":"https:\/\/www.laguiadepamplona.com\/actualidad\/wp-json\/wp\/v2\/posts"}],"about":[{"href":"https:\/\/www.laguiadepamplona.com\/actualidad\/wp-json\/wp\/v2\/types\/post"}],"author":[{"embeddable":true,"href":"https:\/\/www.laguiadepamplona.com\/actualidad\/wp-json\/wp\/v2\/users\/1"}],"replies":[{"embeddable":true,"href":"https:\/\/www.laguiadepamplona.com\/actualidad\/wp-json\/wp\/v2\/comments?post=47110"}],"version-history":[{"count":1,"href":"https:\/\/www.laguiadepamplona.com\/actualidad\/wp-json\/wp\/v2\/posts\/47110\/revisions"}],"predecessor-version":[{"id":47112,"href":"https:\/\/www.laguiadepamplona.com\/actualidad\/wp-json\/wp\/v2\/posts\/47110\/revisions\/47112"}],"wp:featuredmedia":[{"embeddable":true,"href":"https:\/\/www.laguiadepamplona.com\/actualidad\/wp-json\/wp\/v2\/media\/47111"}],"wp:attachment":[{"href":"https:\/\/www.laguiadepamplona.com\/actualidad\/wp-json\/wp\/v2\/media?parent=47110"}],"wp:term":[{"taxonomy":"category","embeddable":true,"href":"https:\/\/www.laguiadepamplona.com\/actualidad\/wp-json\/wp\/v2\/categories?post=47110"},{"taxonomy":"post_tag","embeddable":true,"href":"https:\/\/www.laguiadepamplona.com\/actualidad\/wp-json\/wp\/v2\/tags?post=47110"}],"curies":[{"name":"wp","href":"https:\/\/api.w.org\/{rel}","templated":true}]}}