{"id":47096,"date":"2023-06-19T13:16:12","date_gmt":"2023-06-19T11:16:12","guid":{"rendered":"https:\/\/www.laguiadepamplona.com\/actualidad\/?p=47096"},"modified":"2023-06-19T13:16:12","modified_gmt":"2023-06-19T11:16:12","slug":"cuatro-centros-trabajaran-el-proximo-curso-en-acciones-contra-el-despilfarro-propuestas-por-escolares-de-5o-y-6o-de-primaria","status":"publish","type":"post","link":"https:\/\/www.laguiadepamplona.com\/actualidad\/cuatro-centros-trabajaran-el-proximo-curso-en-acciones-contra-el-despilfarro-propuestas-por-escolares-de-5o-y-6o-de-primaria\/","title":{"rendered":"Cuatro centros trabajar\u00e1n el pr\u00f3ximo curso en acciones contra el despilfarro propuestas por escolares de 5\u00ba y 6\u00ba de Primaria"},"content":{"rendered":"<h3>Esta ma\u00f1ana ha tenido lugar una sesi\u00f3n de buenas pr\u00e1cticas entre centros vinculados el programa en el Museo de Educaci\u00f3n Ambiental<\/h3>\n<p><!--more--><\/p>\n<p>Esta ma\u00f1ana en el Museo de Educaci\u00f3n Ambiental del Ayuntamiento de Pamplona ha tenido lugar una reuni\u00f3n de intercambio de buenas pr\u00e1cticas entre centros escolares, bajo la direcci\u00f3n del equipo de educaci\u00f3n Ambiental del Consistorio. Concretamente, en este espacio de Rochapea se estaba hablando de acciones concretas contra el despilfarro energ\u00e9tico implementables por escolares de 5\u00ba y 6\u00ba de Primaria, propuestas que apoya econ\u00f3micamente el Ayuntamiento.<\/p>\n<p>En la reuni\u00f3n se han dado cita los tres centros cuyo alumnado ha estado trabajando en ello este a\u00f1o, FEC Vedruna, Nuestra Se\u00f1ora del Huerto y Teresianas. Los dos primeros continuar\u00e1n el curso que vienen y a esos colegios se unir\u00e1n La Compasi\u00f3n Escolapios y el Colegio P\u00fablico Patxi Larrainzar, ambos en el barrio de Rochapea, un espacio en el que se est\u00e1 trabajando para configurarlo como barrio de energ\u00eda positiva en el marco del proyecto europeo OpenLab.<br \/>\n<script async src=\"\/\/pagead2.googlesyndication.com\/pagead\/js\/adsbygoogle.js\"><\/script><br \/>\n<!-- Noticias La Guia de Pamplona --><br \/>\n<ins class=\"adsbygoogle\"\nstyle=\"display:block\"\ndata-ad-client=\"ca-pub-6943679897239327\"\ndata-ad-slot=\"7048180777\"\ndata-ad-format=\"auto\"><\/ins><br \/>\n<script>\n(adsbygoogle = window.adsbygoogle || []).push({});\n<\/script><\/p>\n<p>En total, este curso 2022-2023 han participado en este programa 225 menores y 9 docentes que se han centrado en proyectos para instalar sensores de luz y movimiento gobernando las luces del centro o en la sustituci\u00f3n de luminarias por LED. La reuni\u00f3n de esta ma\u00f1ana ser\u00e1 para contar c\u00f3mo han desarrollado el proceso y los resultados obtenidos y resolver las dudas de los centros que se incorporan al proyecto educativo \u2018Acci\u00f3n contra el Despilfarro Energ\u00e9tico\u2019.<\/p>\n<p>Esta propuesta utiliza una herramienta de gamificaci\u00f3n, dise\u00f1ada por el Servicio de Educaci\u00f3n Ambiental del Ayuntamiento, que permite realizar un diagn\u00f3stico sobre el uso de la energ\u00eda en el centro escolar. Los contenidos se trabajan te\u00f3ricamente en el aula y, a partir de ah\u00ed, se hace el Plan de Acci\u00f3n del centro. Luego el Consistorio apoya el esfuerzo de la comunidad escolar otorgando 1.000 euros para la puesta en marcha de los proyectos de los escolares. Este proyecto naci\u00f3 como \u201cexperiencia piloto\u201d en el curso 2020-2021 con San Cernin, y al a\u00f1o siguiente paso del CP. San Francisco, desde entonces la participaci\u00f3n se ha ido incrementando y el curso que vienen llegar\u00e1 hasta cuatro centros.<br \/>\n<script async src=\"\/\/pagead2.googlesyndication.com\/pagead\/js\/adsbygoogle.js\"><\/script><br \/>\n<!-- Noticias La Guia de Pamplona --><br \/>\n<ins class=\"adsbygoogle\"\nstyle=\"display:block\"\ndata-ad-client=\"ca-pub-6943679897239327\"\ndata-ad-slot=\"7048180777\"\ndata-ad-format=\"auto\"><\/ins><br \/>\n<script>\n(adsbygoogle = window.adsbygoogle || []).push({});\n<\/script><\/p>\n<p>Esta iniciativa educativa se inscribe dentro del proyecto europeo Stardust, que busca aumentar la eficiencia energ\u00e9tica global y mejorar la calidad de vida de las ciudades participantes. Adem\u00e1s, \u2018Acci\u00f3n contra el despilfarro energ\u00e9tico\u2019 se alinea con el compromiso municipal en la lucha contra el cambio clim\u00e1tico y la adaptaci\u00f3n de la ciudad para afrontar los riesgos clim\u00e1ticos, que se ha materializado con la Estrategia de Transici\u00f3n Energ\u00e9tica y Cambio Clim\u00e1tico 2030, la Agenda Urbana Pamplona 2030, as\u00ed como con la Estrategia Go Green.<\/p>\n","protected":false},"excerpt":{"rendered":"<p>Esta ma\u00f1ana ha tenido lugar una sesi\u00f3n de buenas pr\u00e1cticas entre centros vinculados el programa en el Museo de Educaci\u00f3n Ambiental<\/p>\n","protected":false},"author":1,"featured_media":47097,"comment_status":"open","ping_status":"closed","sticky":false,"template":"","format":"standard","meta":{"footnotes":""},"categories":[2],"tags":[],"class_list":["post-47096","post","type-post","status-publish","format-standard","has-post-thumbnail","hentry","category-ayuntamiento-pamplona"],"yoast_head":"<!-- This site is optimized with the Yoast SEO plugin v27.3 - https:\/\/yoast.com\/product\/yoast-seo-wordpress\/ -->\n<title>Cuatro centros trabajar\u00e1n el pr\u00f3ximo curso en acciones contra el despilfarro propuestas por escolares de 5\u00ba y 6\u00ba de Primaria<\/title>\n<meta name=\"description\" content=\"Esta ma\u00f1ana ha tenido lugar una sesi\u00f3n de buenas pr\u00e1cticas entre centros vinculados el programa en el Museo de Educaci\u00f3n Ambiental\" \/>\n<meta name=\"robots\" content=\"index, follow, max-snippet:-1, max-image-preview:large, max-video-preview:-1\" \/>\n<link rel=\"canonical\" href=\"https:\/\/www.laguiadepamplona.com\/actualidad\/cuatro-centros-trabajaran-el-proximo-curso-en-acciones-contra-el-despilfarro-propuestas-por-escolares-de-5o-y-6o-de-primaria\/\" \/>\n<meta property=\"og:locale\" content=\"es_ES\" \/>\n<meta property=\"og:type\" content=\"article\" \/>\n<meta property=\"og:title\" content=\"Cuatro centros trabajar\u00e1n el pr\u00f3ximo curso en acciones contra el despilfarro propuestas por escolares de 5\u00ba y 6\u00ba de Primaria\" \/>\n<meta property=\"og:description\" content=\"Esta ma\u00f1ana ha tenido lugar una sesi\u00f3n de buenas pr\u00e1cticas entre centros vinculados el programa en el Museo de Educaci\u00f3n Ambiental\" \/>\n<meta property=\"og:url\" content=\"https:\/\/www.laguiadepamplona.com\/actualidad\/cuatro-centros-trabajaran-el-proximo-curso-en-acciones-contra-el-despilfarro-propuestas-por-escolares-de-5o-y-6o-de-primaria\/\" \/>\n<meta property=\"og:site_name\" content=\"La Gu\u00eda de Pamplona\" \/>\n<meta property=\"article:publisher\" content=\"https:\/\/www.facebook.com\/laguiadepamplonacom-133175176762273\/?ref=hl\" \/>\n<meta property=\"article:published_time\" content=\"2023-06-19T11:16:12+00:00\" \/>\n<meta property=\"og:image\" content=\"https:\/\/www.laguiadepamplona.com\/actualidad\/wp-content\/uploads\/2023\/06\/ACCION-CONTRA-EL-DESPILFARRO__E5A9106.webp\" \/>\n\t<meta property=\"og:image:width\" content=\"1600\" \/>\n\t<meta property=\"og:image:height\" content=\"1067\" \/>\n\t<meta property=\"og:image:type\" content=\"image\/webp\" \/>\n<meta name=\"author\" content=\"La Gu\u00eda de Pamplona\" \/>\n<meta name=\"twitter:card\" content=\"summary_large_image\" \/>\n<meta name=\"twitter:creator\" content=\"@LaGuiadPamplona\" \/>\n<meta name=\"twitter:site\" content=\"@LaGuiadPamplona\" \/>\n<meta name=\"twitter:label1\" content=\"Escrito por\" \/>\n\t<meta name=\"twitter:data1\" content=\"La Gu\u00eda de Pamplona\" \/>\n\t<meta name=\"twitter:label2\" content=\"Tiempo de lectura\" \/>\n\t<meta name=\"twitter:data2\" content=\"3 minutos\" \/>\n<script type=\"application\/ld+json\" class=\"yoast-schema-graph\">{\"@context\":\"https:\\\/\\\/schema.org\",\"@graph\":[{\"@type\":\"Article\",\"@id\":\"https:\\\/\\\/www.laguiadepamplona.com\\\/actualidad\\\/cuatro-centros-trabajaran-el-proximo-curso-en-acciones-contra-el-despilfarro-propuestas-por-escolares-de-5o-y-6o-de-primaria\\\/#article\",\"isPartOf\":{\"@id\":\"https:\\\/\\\/www.laguiadepamplona.com\\\/actualidad\\\/cuatro-centros-trabajaran-el-proximo-curso-en-acciones-contra-el-despilfarro-propuestas-por-escolares-de-5o-y-6o-de-primaria\\\/\"},\"author\":{\"name\":\"La Gu\u00eda de Pamplona\",\"@id\":\"https:\\\/\\\/www.laguiadepamplona.com\\\/actualidad\\\/#\\\/schema\\\/person\\\/efe887376f0213d4657c93adc50b1fdb\"},\"headline\":\"Cuatro centros trabajar\u00e1n el pr\u00f3ximo curso en acciones contra el despilfarro propuestas por escolares de 5\u00ba y 6\u00ba de Primaria\",\"datePublished\":\"2023-06-19T11:16:12+00:00\",\"mainEntityOfPage\":{\"@id\":\"https:\\\/\\\/www.laguiadepamplona.com\\\/actualidad\\\/cuatro-centros-trabajaran-el-proximo-curso-en-acciones-contra-el-despilfarro-propuestas-por-escolares-de-5o-y-6o-de-primaria\\\/\"},\"wordCount\":497,\"commentCount\":0,\"publisher\":{\"@id\":\"https:\\\/\\\/www.laguiadepamplona.com\\\/actualidad\\\/#organization\"},\"image\":{\"@id\":\"https:\\\/\\\/www.laguiadepamplona.com\\\/actualidad\\\/cuatro-centros-trabajaran-el-proximo-curso-en-acciones-contra-el-despilfarro-propuestas-por-escolares-de-5o-y-6o-de-primaria\\\/#primaryimage\"},\"thumbnailUrl\":\"https:\\\/\\\/www.laguiadepamplona.com\\\/actualidad\\\/wp-content\\\/uploads\\\/2023\\\/06\\\/ACCION-CONTRA-EL-DESPILFARRO__E5A9106.webp\",\"articleSection\":[\"Ayto Pamplona\"],\"inLanguage\":\"es\",\"potentialAction\":[{\"@type\":\"CommentAction\",\"name\":\"Comment\",\"target\":[\"https:\\\/\\\/www.laguiadepamplona.com\\\/actualidad\\\/cuatro-centros-trabajaran-el-proximo-curso-en-acciones-contra-el-despilfarro-propuestas-por-escolares-de-5o-y-6o-de-primaria\\\/#respond\"]}]},{\"@type\":\"WebPage\",\"@id\":\"https:\\\/\\\/www.laguiadepamplona.com\\\/actualidad\\\/cuatro-centros-trabajaran-el-proximo-curso-en-acciones-contra-el-despilfarro-propuestas-por-escolares-de-5o-y-6o-de-primaria\\\/\",\"url\":\"https:\\\/\\\/www.laguiadepamplona.com\\\/actualidad\\\/cuatro-centros-trabajaran-el-proximo-curso-en-acciones-contra-el-despilfarro-propuestas-por-escolares-de-5o-y-6o-de-primaria\\\/\",\"name\":\"Cuatro centros trabajar\u00e1n el pr\u00f3ximo curso en acciones contra el despilfarro propuestas por escolares de 5\u00ba y 6\u00ba de Primaria\",\"isPartOf\":{\"@id\":\"https:\\\/\\\/www.laguiadepamplona.com\\\/actualidad\\\/#website\"},\"primaryImageOfPage\":{\"@id\":\"https:\\\/\\\/www.laguiadepamplona.com\\\/actualidad\\\/cuatro-centros-trabajaran-el-proximo-curso-en-acciones-contra-el-despilfarro-propuestas-por-escolares-de-5o-y-6o-de-primaria\\\/#primaryimage\"},\"image\":{\"@id\":\"https:\\\/\\\/www.laguiadepamplona.com\\\/actualidad\\\/cuatro-centros-trabajaran-el-proximo-curso-en-acciones-contra-el-despilfarro-propuestas-por-escolares-de-5o-y-6o-de-primaria\\\/#primaryimage\"},\"thumbnailUrl\":\"https:\\\/\\\/www.laguiadepamplona.com\\\/actualidad\\\/wp-content\\\/uploads\\\/2023\\\/06\\\/ACCION-CONTRA-EL-DESPILFARRO__E5A9106.webp\",\"datePublished\":\"2023-06-19T11:16:12+00:00\",\"description\":\"Esta ma\u00f1ana ha tenido lugar una sesi\u00f3n de buenas pr\u00e1cticas entre centros vinculados el programa en el Museo de Educaci\u00f3n Ambiental\",\"breadcrumb\":{\"@id\":\"https:\\\/\\\/www.laguiadepamplona.com\\\/actualidad\\\/cuatro-centros-trabajaran-el-proximo-curso-en-acciones-contra-el-despilfarro-propuestas-por-escolares-de-5o-y-6o-de-primaria\\\/#breadcrumb\"},\"inLanguage\":\"es\",\"potentialAction\":[{\"@type\":\"ReadAction\",\"target\":[\"https:\\\/\\\/www.laguiadepamplona.com\\\/actualidad\\\/cuatro-centros-trabajaran-el-proximo-curso-en-acciones-contra-el-despilfarro-propuestas-por-escolares-de-5o-y-6o-de-primaria\\\/\"]}]},{\"@type\":\"ImageObject\",\"inLanguage\":\"es\",\"@id\":\"https:\\\/\\\/www.laguiadepamplona.com\\\/actualidad\\\/cuatro-centros-trabajaran-el-proximo-curso-en-acciones-contra-el-despilfarro-propuestas-por-escolares-de-5o-y-6o-de-primaria\\\/#primaryimage\",\"url\":\"https:\\\/\\\/www.laguiadepamplona.com\\\/actualidad\\\/wp-content\\\/uploads\\\/2023\\\/06\\\/ACCION-CONTRA-EL-DESPILFARRO__E5A9106.webp\",\"contentUrl\":\"https:\\\/\\\/www.laguiadepamplona.com\\\/actualidad\\\/wp-content\\\/uploads\\\/2023\\\/06\\\/ACCION-CONTRA-EL-DESPILFARRO__E5A9106.webp\",\"width\":1600,\"height\":1067},{\"@type\":\"BreadcrumbList\",\"@id\":\"https:\\\/\\\/www.laguiadepamplona.com\\\/actualidad\\\/cuatro-centros-trabajaran-el-proximo-curso-en-acciones-contra-el-despilfarro-propuestas-por-escolares-de-5o-y-6o-de-primaria\\\/#breadcrumb\",\"itemListElement\":[{\"@type\":\"ListItem\",\"position\":1,\"name\":\"Portada\",\"item\":\"https:\\\/\\\/www.laguiadepamplona.com\\\/actualidad\\\/\"},{\"@type\":\"ListItem\",\"position\":2,\"name\":\"Cuatro centros trabajar\u00e1n el pr\u00f3ximo curso en acciones contra el despilfarro propuestas por escolares de 5\u00ba y 6\u00ba de Primaria\"}]},{\"@type\":\"WebSite\",\"@id\":\"https:\\\/\\\/www.laguiadepamplona.com\\\/actualidad\\\/#website\",\"url\":\"https:\\\/\\\/www.laguiadepamplona.com\\\/actualidad\\\/\",\"name\":\"La gu\u00eda de Pamplona\",\"description\":\"Noticias de Pamplona\",\"publisher\":{\"@id\":\"https:\\\/\\\/www.laguiadepamplona.com\\\/actualidad\\\/#organization\"},\"potentialAction\":[{\"@type\":\"SearchAction\",\"target\":{\"@type\":\"EntryPoint\",\"urlTemplate\":\"https:\\\/\\\/www.laguiadepamplona.com\\\/actualidad\\\/?s={search_term_string}\"},\"query-input\":{\"@type\":\"PropertyValueSpecification\",\"valueRequired\":true,\"valueName\":\"search_term_string\"}}],\"inLanguage\":\"es\"},{\"@type\":\"Organization\",\"@id\":\"https:\\\/\\\/www.laguiadepamplona.com\\\/actualidad\\\/#organization\",\"name\":\"La Gu\u00eda de Pamplona \\\/ Noticias\",\"url\":\"https:\\\/\\\/www.laguiadepamplona.com\\\/actualidad\\\/\",\"logo\":{\"@type\":\"ImageObject\",\"inLanguage\":\"es\",\"@id\":\"https:\\\/\\\/www.laguiadepamplona.com\\\/actualidad\\\/#\\\/schema\\\/logo\\\/image\\\/\",\"url\":\"https:\\\/\\\/www.laguiadepamplona.com\\\/actualidad\\\/wp-content\\\/uploads\\\/2018\\\/11\\\/logo-laguiadepamplona18-web1.png\",\"contentUrl\":\"https:\\\/\\\/www.laguiadepamplona.com\\\/actualidad\\\/wp-content\\\/uploads\\\/2018\\\/11\\\/logo-laguiadepamplona18-web1.png\",\"width\":600,\"height\":196,\"caption\":\"La Gu\u00eda de Pamplona \\\/ Noticias\"},\"image\":{\"@id\":\"https:\\\/\\\/www.laguiadepamplona.com\\\/actualidad\\\/#\\\/schema\\\/logo\\\/image\\\/\"},\"sameAs\":[\"https:\\\/\\\/www.facebook.com\\\/laguiadepamplonacom-133175176762273\\\/?ref=hl\",\"https:\\\/\\\/x.com\\\/LaGuiadPamplona\",\"https:\\\/\\\/www.instagram.com\\\/la_guia_de_pamplona\\\/\",\"https:\\\/\\\/www.youtube.com\\\/user\\\/laguiadepamplona\"]},{\"@type\":\"Person\",\"@id\":\"https:\\\/\\\/www.laguiadepamplona.com\\\/actualidad\\\/#\\\/schema\\\/person\\\/efe887376f0213d4657c93adc50b1fdb\",\"name\":\"La Gu\u00eda de Pamplona\",\"image\":{\"@type\":\"ImageObject\",\"inLanguage\":\"es\",\"@id\":\"https:\\\/\\\/secure.gravatar.com\\\/avatar\\\/b6992f131dc8d30ab0dff15446e9d346d9dbd95992de0fef795073f5ea83a81c?s=96&d=mm&r=g\",\"url\":\"https:\\\/\\\/secure.gravatar.com\\\/avatar\\\/b6992f131dc8d30ab0dff15446e9d346d9dbd95992de0fef795073f5ea83a81c?s=96&d=mm&r=g\",\"contentUrl\":\"https:\\\/\\\/secure.gravatar.com\\\/avatar\\\/b6992f131dc8d30ab0dff15446e9d346d9dbd95992de0fef795073f5ea83a81c?s=96&d=mm&r=g\",\"caption\":\"La Gu\u00eda de Pamplona\"}}]}<\/script>\n<!-- \/ Yoast SEO plugin. -->","yoast_head_json":{"title":"Cuatro centros trabajar\u00e1n el pr\u00f3ximo curso en acciones contra el despilfarro propuestas por escolares de 5\u00ba y 6\u00ba de Primaria","description":"Esta ma\u00f1ana ha tenido lugar una sesi\u00f3n de buenas pr\u00e1cticas entre centros vinculados el programa en el Museo de Educaci\u00f3n Ambiental","robots":{"index":"index","follow":"follow","max-snippet":"max-snippet:-1","max-image-preview":"max-image-preview:large","max-video-preview":"max-video-preview:-1"},"canonical":"https:\/\/www.laguiadepamplona.com\/actualidad\/cuatro-centros-trabajaran-el-proximo-curso-en-acciones-contra-el-despilfarro-propuestas-por-escolares-de-5o-y-6o-de-primaria\/","og_locale":"es_ES","og_type":"article","og_title":"Cuatro centros trabajar\u00e1n el pr\u00f3ximo curso en acciones contra el despilfarro propuestas por escolares de 5\u00ba y 6\u00ba de Primaria","og_description":"Esta ma\u00f1ana ha tenido lugar una sesi\u00f3n de buenas pr\u00e1cticas entre centros vinculados el programa en el Museo de Educaci\u00f3n Ambiental","og_url":"https:\/\/www.laguiadepamplona.com\/actualidad\/cuatro-centros-trabajaran-el-proximo-curso-en-acciones-contra-el-despilfarro-propuestas-por-escolares-de-5o-y-6o-de-primaria\/","og_site_name":"La Gu\u00eda de Pamplona","article_publisher":"https:\/\/www.facebook.com\/laguiadepamplonacom-133175176762273\/?ref=hl","article_published_time":"2023-06-19T11:16:12+00:00","og_image":[{"width":1600,"height":1067,"url":"https:\/\/www.laguiadepamplona.com\/actualidad\/wp-content\/uploads\/2023\/06\/ACCION-CONTRA-EL-DESPILFARRO__E5A9106.webp","type":"image\/webp"}],"author":"La Gu\u00eda de Pamplona","twitter_card":"summary_large_image","twitter_creator":"@LaGuiadPamplona","twitter_site":"@LaGuiadPamplona","twitter_misc":{"Escrito por":"La Gu\u00eda de Pamplona","Tiempo de lectura":"3 minutos"},"schema":{"@context":"https:\/\/schema.org","@graph":[{"@type":"Article","@id":"https:\/\/www.laguiadepamplona.com\/actualidad\/cuatro-centros-trabajaran-el-proximo-curso-en-acciones-contra-el-despilfarro-propuestas-por-escolares-de-5o-y-6o-de-primaria\/#article","isPartOf":{"@id":"https:\/\/www.laguiadepamplona.com\/actualidad\/cuatro-centros-trabajaran-el-proximo-curso-en-acciones-contra-el-despilfarro-propuestas-por-escolares-de-5o-y-6o-de-primaria\/"},"author":{"name":"La Gu\u00eda de Pamplona","@id":"https:\/\/www.laguiadepamplona.com\/actualidad\/#\/schema\/person\/efe887376f0213d4657c93adc50b1fdb"},"headline":"Cuatro centros trabajar\u00e1n el pr\u00f3ximo curso en acciones contra el despilfarro propuestas por escolares de 5\u00ba y 6\u00ba de Primaria","datePublished":"2023-06-19T11:16:12+00:00","mainEntityOfPage":{"@id":"https:\/\/www.laguiadepamplona.com\/actualidad\/cuatro-centros-trabajaran-el-proximo-curso-en-acciones-contra-el-despilfarro-propuestas-por-escolares-de-5o-y-6o-de-primaria\/"},"wordCount":497,"commentCount":0,"publisher":{"@id":"https:\/\/www.laguiadepamplona.com\/actualidad\/#organization"},"image":{"@id":"https:\/\/www.laguiadepamplona.com\/actualidad\/cuatro-centros-trabajaran-el-proximo-curso-en-acciones-contra-el-despilfarro-propuestas-por-escolares-de-5o-y-6o-de-primaria\/#primaryimage"},"thumbnailUrl":"https:\/\/www.laguiadepamplona.com\/actualidad\/wp-content\/uploads\/2023\/06\/ACCION-CONTRA-EL-DESPILFARRO__E5A9106.webp","articleSection":["Ayto Pamplona"],"inLanguage":"es","potentialAction":[{"@type":"CommentAction","name":"Comment","target":["https:\/\/www.laguiadepamplona.com\/actualidad\/cuatro-centros-trabajaran-el-proximo-curso-en-acciones-contra-el-despilfarro-propuestas-por-escolares-de-5o-y-6o-de-primaria\/#respond"]}]},{"@type":"WebPage","@id":"https:\/\/www.laguiadepamplona.com\/actualidad\/cuatro-centros-trabajaran-el-proximo-curso-en-acciones-contra-el-despilfarro-propuestas-por-escolares-de-5o-y-6o-de-primaria\/","url":"https:\/\/www.laguiadepamplona.com\/actualidad\/cuatro-centros-trabajaran-el-proximo-curso-en-acciones-contra-el-despilfarro-propuestas-por-escolares-de-5o-y-6o-de-primaria\/","name":"Cuatro centros trabajar\u00e1n el pr\u00f3ximo curso en acciones contra el despilfarro propuestas por escolares de 5\u00ba y 6\u00ba de Primaria","isPartOf":{"@id":"https:\/\/www.laguiadepamplona.com\/actualidad\/#website"},"primaryImageOfPage":{"@id":"https:\/\/www.laguiadepamplona.com\/actualidad\/cuatro-centros-trabajaran-el-proximo-curso-en-acciones-contra-el-despilfarro-propuestas-por-escolares-de-5o-y-6o-de-primaria\/#primaryimage"},"image":{"@id":"https:\/\/www.laguiadepamplona.com\/actualidad\/cuatro-centros-trabajaran-el-proximo-curso-en-acciones-contra-el-despilfarro-propuestas-por-escolares-de-5o-y-6o-de-primaria\/#primaryimage"},"thumbnailUrl":"https:\/\/www.laguiadepamplona.com\/actualidad\/wp-content\/uploads\/2023\/06\/ACCION-CONTRA-EL-DESPILFARRO__E5A9106.webp","datePublished":"2023-06-19T11:16:12+00:00","description":"Esta ma\u00f1ana ha tenido lugar una sesi\u00f3n de buenas pr\u00e1cticas entre centros vinculados el programa en el Museo de Educaci\u00f3n Ambiental","breadcrumb":{"@id":"https:\/\/www.laguiadepamplona.com\/actualidad\/cuatro-centros-trabajaran-el-proximo-curso-en-acciones-contra-el-despilfarro-propuestas-por-escolares-de-5o-y-6o-de-primaria\/#breadcrumb"},"inLanguage":"es","potentialAction":[{"@type":"ReadAction","target":["https:\/\/www.laguiadepamplona.com\/actualidad\/cuatro-centros-trabajaran-el-proximo-curso-en-acciones-contra-el-despilfarro-propuestas-por-escolares-de-5o-y-6o-de-primaria\/"]}]},{"@type":"ImageObject","inLanguage":"es","@id":"https:\/\/www.laguiadepamplona.com\/actualidad\/cuatro-centros-trabajaran-el-proximo-curso-en-acciones-contra-el-despilfarro-propuestas-por-escolares-de-5o-y-6o-de-primaria\/#primaryimage","url":"https:\/\/www.laguiadepamplona.com\/actualidad\/wp-content\/uploads\/2023\/06\/ACCION-CONTRA-EL-DESPILFARRO__E5A9106.webp","contentUrl":"https:\/\/www.laguiadepamplona.com\/actualidad\/wp-content\/uploads\/2023\/06\/ACCION-CONTRA-EL-DESPILFARRO__E5A9106.webp","width":1600,"height":1067},{"@type":"BreadcrumbList","@id":"https:\/\/www.laguiadepamplona.com\/actualidad\/cuatro-centros-trabajaran-el-proximo-curso-en-acciones-contra-el-despilfarro-propuestas-por-escolares-de-5o-y-6o-de-primaria\/#breadcrumb","itemListElement":[{"@type":"ListItem","position":1,"name":"Portada","item":"https:\/\/www.laguiadepamplona.com\/actualidad\/"},{"@type":"ListItem","position":2,"name":"Cuatro centros trabajar\u00e1n el pr\u00f3ximo curso en acciones contra el despilfarro propuestas por escolares de 5\u00ba y 6\u00ba de Primaria"}]},{"@type":"WebSite","@id":"https:\/\/www.laguiadepamplona.com\/actualidad\/#website","url":"https:\/\/www.laguiadepamplona.com\/actualidad\/","name":"La gu\u00eda de Pamplona","description":"Noticias de Pamplona","publisher":{"@id":"https:\/\/www.laguiadepamplona.com\/actualidad\/#organization"},"potentialAction":[{"@type":"SearchAction","target":{"@type":"EntryPoint","urlTemplate":"https:\/\/www.laguiadepamplona.com\/actualidad\/?s={search_term_string}"},"query-input":{"@type":"PropertyValueSpecification","valueRequired":true,"valueName":"search_term_string"}}],"inLanguage":"es"},{"@type":"Organization","@id":"https:\/\/www.laguiadepamplona.com\/actualidad\/#organization","name":"La Gu\u00eda de Pamplona \/ Noticias","url":"https:\/\/www.laguiadepamplona.com\/actualidad\/","logo":{"@type":"ImageObject","inLanguage":"es","@id":"https:\/\/www.laguiadepamplona.com\/actualidad\/#\/schema\/logo\/image\/","url":"https:\/\/www.laguiadepamplona.com\/actualidad\/wp-content\/uploads\/2018\/11\/logo-laguiadepamplona18-web1.png","contentUrl":"https:\/\/www.laguiadepamplona.com\/actualidad\/wp-content\/uploads\/2018\/11\/logo-laguiadepamplona18-web1.png","width":600,"height":196,"caption":"La Gu\u00eda de Pamplona \/ Noticias"},"image":{"@id":"https:\/\/www.laguiadepamplona.com\/actualidad\/#\/schema\/logo\/image\/"},"sameAs":["https:\/\/www.facebook.com\/laguiadepamplonacom-133175176762273\/?ref=hl","https:\/\/x.com\/LaGuiadPamplona","https:\/\/www.instagram.com\/la_guia_de_pamplona\/","https:\/\/www.youtube.com\/user\/laguiadepamplona"]},{"@type":"Person","@id":"https:\/\/www.laguiadepamplona.com\/actualidad\/#\/schema\/person\/efe887376f0213d4657c93adc50b1fdb","name":"La Gu\u00eda de Pamplona","image":{"@type":"ImageObject","inLanguage":"es","@id":"https:\/\/secure.gravatar.com\/avatar\/b6992f131dc8d30ab0dff15446e9d346d9dbd95992de0fef795073f5ea83a81c?s=96&d=mm&r=g","url":"https:\/\/secure.gravatar.com\/avatar\/b6992f131dc8d30ab0dff15446e9d346d9dbd95992de0fef795073f5ea83a81c?s=96&d=mm&r=g","contentUrl":"https:\/\/secure.gravatar.com\/avatar\/b6992f131dc8d30ab0dff15446e9d346d9dbd95992de0fef795073f5ea83a81c?s=96&d=mm&r=g","caption":"La Gu\u00eda de Pamplona"}}]}},"post_mailing_queue_ids":[],"_links":{"self":[{"href":"https:\/\/www.laguiadepamplona.com\/actualidad\/wp-json\/wp\/v2\/posts\/47096","targetHints":{"allow":["GET"]}}],"collection":[{"href":"https:\/\/www.laguiadepamplona.com\/actualidad\/wp-json\/wp\/v2\/posts"}],"about":[{"href":"https:\/\/www.laguiadepamplona.com\/actualidad\/wp-json\/wp\/v2\/types\/post"}],"author":[{"embeddable":true,"href":"https:\/\/www.laguiadepamplona.com\/actualidad\/wp-json\/wp\/v2\/users\/1"}],"replies":[{"embeddable":true,"href":"https:\/\/www.laguiadepamplona.com\/actualidad\/wp-json\/wp\/v2\/comments?post=47096"}],"version-history":[{"count":1,"href":"https:\/\/www.laguiadepamplona.com\/actualidad\/wp-json\/wp\/v2\/posts\/47096\/revisions"}],"predecessor-version":[{"id":47098,"href":"https:\/\/www.laguiadepamplona.com\/actualidad\/wp-json\/wp\/v2\/posts\/47096\/revisions\/47098"}],"wp:featuredmedia":[{"embeddable":true,"href":"https:\/\/www.laguiadepamplona.com\/actualidad\/wp-json\/wp\/v2\/media\/47097"}],"wp:attachment":[{"href":"https:\/\/www.laguiadepamplona.com\/actualidad\/wp-json\/wp\/v2\/media?parent=47096"}],"wp:term":[{"taxonomy":"category","embeddable":true,"href":"https:\/\/www.laguiadepamplona.com\/actualidad\/wp-json\/wp\/v2\/categories?post=47096"},{"taxonomy":"post_tag","embeddable":true,"href":"https:\/\/www.laguiadepamplona.com\/actualidad\/wp-json\/wp\/v2\/tags?post=47096"}],"curies":[{"name":"wp","href":"https:\/\/api.w.org\/{rel}","templated":true}]}}