{"id":47093,"date":"2023-06-19T13:14:42","date_gmt":"2023-06-19T11:14:42","guid":{"rendered":"https:\/\/www.laguiadepamplona.com\/actualidad\/?p=47093"},"modified":"2023-06-19T13:14:42","modified_gmt":"2023-06-19T11:14:42","slug":"apymas-y-federaciones-de-apymas-se-reparten-80-000e-por-la-realizacion-de-actividades-durante-este-curso","status":"publish","type":"post","link":"https:\/\/www.laguiadepamplona.com\/actualidad\/apymas-y-federaciones-de-apymas-se-reparten-80-000e-por-la-realizacion-de-actividades-durante-este-curso\/","title":{"rendered":"Apymas y federaciones de apymas se reparten 80.000\u20ac por la realizaci\u00f3n de actividades durante este curso"},"content":{"rendered":"<h3>Han recibido esta subvenci\u00f3n 33 centros educativos de Infantil, Primaria y Educaci\u00f3n Especial y 5 federaciones de apymas<\/h3>\n<p><!--more--><\/p>\n<p>Un total de 33 apymas de centros escolares de Infantil y Primaria y 5 federaciones de apymas han recibido los 80.000 euros de la convocatoria del Ayuntamiento de Pamplona para la realizaci\u00f3n de diferentes actividades a lo largo de este curso 2022 \u2013 2023. Esta convocatoria busca fomentar la participaci\u00f3n en la vida y en el funcionamiento de los centros escolares mediante la organizaci\u00f3n de diferentes actividades y eventos para alumnado, padres y madres.<\/p>\n<p>Las ayudas estaban dirigidas a centros escolares p\u00fablicos y concertados de Pamplona, de Educaci\u00f3n Infantil y Primaria, de Educaci\u00f3n Especial y a las federaciones de apymas. Los 80.000 euros se repart\u00edan en cuatro apartados, seg\u00fan se destinen a actividades extraescolares para el alumnado del centro, fuera del horario escolar (30.000 euros); a actividades formativas para madres y padres (25.000 euros); a actividades l\u00fadicas (6.500 euros); y a gastos de gesti\u00f3n y funcionamiento de las apymas (18.500 euros). Para recibir la ayuda, esas actividades deben estar abiertas a la participaci\u00f3n de todo el alumnado y, en su caso, a todas las madres y padres del centro, sin que la condici\u00f3n de no asociado de la apyma sea causa de exclusi\u00f3n.<br \/>\n<script async src=\"\/\/pagead2.googlesyndication.com\/pagead\/js\/adsbygoogle.js\"><\/script><br \/>\n<!-- Noticias La Guia de Pamplona --><br \/>\n<ins class=\"adsbygoogle\"\nstyle=\"display:block\"\ndata-ad-client=\"ca-pub-6943679897239327\"\ndata-ad-slot=\"7048180777\"\ndata-ad-format=\"auto\"><\/ins><br \/>\n<script>\n(adsbygoogle = window.adsbygoogle || []).push({});\n<\/script><\/p>\n<p>Las actividades organizadas contribuyen a fomentar la formaci\u00f3n integral del alumnado y las familias del centro educativo, incidiendo en valores como el rechazo a la violencia f\u00edsica o de g\u00e9nero, las relaciones intergeneracionales, el conocimiento del medio, de la cultura o de la historia de la ciudad. La realizaci\u00f3n de esas actividades posibilita puntos de encuentro para la elaci\u00f3n entre el alumnado, el fomento del compa\u00f1erismo y la convivencia, tanto entre escolares como con sus familias.<\/p>\n<p>La subvenci\u00f3n recibida sirve para la financiaci\u00f3n de gastos de servicios como el de \u2018madrugadores\u2019 u otras actividades de conciliaci\u00f3n, para actividades extraescolares formativas, para monitoriado de campamentos urbanos, para ponentes de charlas, cursos o talleres, o para el alquiler de elementos l\u00fadicos para fiestas, contrataciones de grupos de teatro o m\u00fasica\u2026, entre otros gastos, siempre que se hayan llevado a cabo entre el 1 de septiembre de 2022 y el 30 de agosto de 2023.<br \/>\n<script async src=\"\/\/pagead2.googlesyndication.com\/pagead\/js\/adsbygoogle.js\"><\/script><br \/>\n<!-- Noticias La Guia de Pamplona --><br \/>\n<ins class=\"adsbygoogle\"\nstyle=\"display:block\"\ndata-ad-client=\"ca-pub-6943679897239327\"\ndata-ad-slot=\"7048180777\"\ndata-ad-format=\"auto\"><\/ins><br \/>\n<script>\n(adsbygoogle = window.adsbygoogle || []).push({});\n<\/script><\/p>\n<h3>Convocatoria para apymas y federaciones de apymas. curso 2022-2023<\/h3>\n<ul>\n<li>1.702,84 euros<\/li>\n<li>AZPILAGA\u00d1A 677,34 euros<\/li>\n<li>BERNART ETXEPARE. 476,94 euros<\/li>\n<li>7.832,51 euros<\/li>\n<li>861,02 euros<\/li>\n<li>CARDENAL ILUND\u00c1IN. 020 euros<\/li>\n<li>DO\u00d1A MAYOR. 056,17 euros<\/li>\n<li>EL LAGO DE MENDILLORRI. 236,25 euros<\/li>\n<li>EL MOLINO. 720,94 euros<\/li>\n<li>ELORRI .467,64 euros<\/li>\n<li>ERMITAGA\u00d1A. 064,18 euros<\/li>\n<li>ESCLAVAS DEL SAGRADO CORAZ\u00d3N. 608,42 euros<\/li>\n<li>FEDERACI\u00d3N BRITISH. 630,98 euros<\/li>\n<li>FEDERACI\u00d3N CONCAPA NAVARRA. 249,37 euros<\/li>\n<li>FEDERACI\u00d3N HERRIKOA. 947,99 euros<\/li>\n<li>FEDERACI\u00d3N SORTZEN. 431,23 euros<\/li>\n<li>GARC\u00cdA GALDEANO. 823,11 euros<\/li>\n<li>IKASTOLA HEGOALDE. 310,26 euros<\/li>\n<li>ITURRAMA .213,48 euros<\/li>\n<li>JOS\u00c9 M\u00aa HUARTE .745,11 euros<\/li>\n<li>LA COMPASI\u00d3N ESCOLAPIOS .883,50 euros<\/li>\n<li>MENDIGOITI .811,08 euros<\/li>\n<li>MENDILLORRI .512,66 euros<\/li>\n<li>N\u00aa SRA. DEL HUERTO .892,9 euros<\/li>\n<li>NAFARROAKO IKASTOLEN ELKARTEA \u2013 NIE. 694,27 euros<\/li>\n<li>PADERBORN-V\u00cdCTOR PRADERA. 903,36 euros<\/li>\n<li>PATXI LARRAINZAR. 078,18 euros<\/li>\n<li>54,19 euros<\/li>\n<li>SAGRADO CORAZON. 353,46 euros<\/li>\n<li>SAN CERNIN. 559,27 euros<\/li>\n<li>SAN FRANCISCO. 358,88 euros<\/li>\n<li>SAN JORGE. 235,78 euros<\/li>\n<li>SAN JUAN DE LA CADENA. 362,04 euros<\/li>\n<li>2.564,23 euros<\/li>\n<li>SANTA CATALINA. 82,17 euros<\/li>\n<li>SANTA TERESA. 390,57 euros<\/li>\n<li>SANTO TOM\u00c1S. 199,23 euros<\/li>\n<li>V\u00c1ZQUEZ DE MELLA. 988,45 euros<\/li>\n<li><strong>80.000 euros<\/strong><\/li>\n<\/ul>\n","protected":false},"excerpt":{"rendered":"<p>Han recibido esta subvenci\u00f3n 33 centros educativos de Infantil, Primaria y Educaci\u00f3n Especial y 5 federaciones de apymas<\/p>\n","protected":false},"author":1,"featured_media":47094,"comment_status":"open","ping_status":"closed","sticky":false,"template":"","format":"standard","meta":{"footnotes":""},"categories":[2],"tags":[],"class_list":["post-47093","post","type-post","status-publish","format-standard","has-post-thumbnail","hentry","category-ayuntamiento-pamplona"],"yoast_head":"<!-- This site is optimized with the Yoast SEO plugin v27.3 - https:\/\/yoast.com\/product\/yoast-seo-wordpress\/ -->\n<title>Apymas y federaciones de apymas se reparten 80.000\u20ac por la realizaci\u00f3n de actividades durante este curso<\/title>\n<meta name=\"description\" content=\"Han recibido esta subvenci\u00f3n 33 centros educativos de Infantil, Primaria y Educaci\u00f3n Especial y 5 federaciones de apymas\" \/>\n<meta name=\"robots\" content=\"index, follow, max-snippet:-1, max-image-preview:large, max-video-preview:-1\" \/>\n<link rel=\"canonical\" href=\"https:\/\/www.laguiadepamplona.com\/actualidad\/apymas-y-federaciones-de-apymas-se-reparten-80-000e-por-la-realizacion-de-actividades-durante-este-curso\/\" \/>\n<meta property=\"og:locale\" content=\"es_ES\" \/>\n<meta property=\"og:type\" content=\"article\" \/>\n<meta property=\"og:title\" content=\"Apymas y federaciones de apymas se reparten 80.000\u20ac por la realizaci\u00f3n de actividades durante este curso\" \/>\n<meta property=\"og:description\" content=\"Han recibido esta subvenci\u00f3n 33 centros educativos de Infantil, Primaria y Educaci\u00f3n Especial y 5 federaciones de apymas\" \/>\n<meta property=\"og:url\" content=\"https:\/\/www.laguiadepamplona.com\/actualidad\/apymas-y-federaciones-de-apymas-se-reparten-80-000e-por-la-realizacion-de-actividades-durante-este-curso\/\" \/>\n<meta property=\"og:site_name\" content=\"La Gu\u00eda de Pamplona\" \/>\n<meta property=\"article:publisher\" content=\"https:\/\/www.facebook.com\/laguiadepamplonacom-133175176762273\/?ref=hl\" \/>\n<meta property=\"article:published_time\" content=\"2023-06-19T11:14:42+00:00\" \/>\n<meta property=\"og:image\" content=\"https:\/\/www.laguiadepamplona.com\/actualidad\/wp-content\/uploads\/2023\/06\/colegio_publico_buztintxuri-1.webp\" \/>\n\t<meta property=\"og:image:width\" content=\"1600\" \/>\n\t<meta property=\"og:image:height\" content=\"1067\" \/>\n\t<meta property=\"og:image:type\" content=\"image\/webp\" \/>\n<meta name=\"author\" content=\"La Gu\u00eda de Pamplona\" \/>\n<meta name=\"twitter:card\" content=\"summary_large_image\" \/>\n<meta name=\"twitter:creator\" content=\"@LaGuiadPamplona\" \/>\n<meta name=\"twitter:site\" content=\"@LaGuiadPamplona\" \/>\n<meta name=\"twitter:label1\" content=\"Escrito por\" \/>\n\t<meta name=\"twitter:data1\" content=\"La Gu\u00eda de Pamplona\" \/>\n\t<meta name=\"twitter:label2\" content=\"Tiempo de lectura\" \/>\n\t<meta name=\"twitter:data2\" content=\"3 minutos\" \/>\n<script type=\"application\/ld+json\" class=\"yoast-schema-graph\">{\"@context\":\"https:\\\/\\\/schema.org\",\"@graph\":[{\"@type\":\"Article\",\"@id\":\"https:\\\/\\\/www.laguiadepamplona.com\\\/actualidad\\\/apymas-y-federaciones-de-apymas-se-reparten-80-000e-por-la-realizacion-de-actividades-durante-este-curso\\\/#article\",\"isPartOf\":{\"@id\":\"https:\\\/\\\/www.laguiadepamplona.com\\\/actualidad\\\/apymas-y-federaciones-de-apymas-se-reparten-80-000e-por-la-realizacion-de-actividades-durante-este-curso\\\/\"},\"author\":{\"name\":\"La Gu\u00eda de Pamplona\",\"@id\":\"https:\\\/\\\/www.laguiadepamplona.com\\\/actualidad\\\/#\\\/schema\\\/person\\\/efe887376f0213d4657c93adc50b1fdb\"},\"headline\":\"Apymas y federaciones de apymas se reparten 80.000\u20ac por la realizaci\u00f3n de actividades durante este curso\",\"datePublished\":\"2023-06-19T11:14:42+00:00\",\"mainEntityOfPage\":{\"@id\":\"https:\\\/\\\/www.laguiadepamplona.com\\\/actualidad\\\/apymas-y-federaciones-de-apymas-se-reparten-80-000e-por-la-realizacion-de-actividades-durante-este-curso\\\/\"},\"wordCount\":525,\"commentCount\":0,\"publisher\":{\"@id\":\"https:\\\/\\\/www.laguiadepamplona.com\\\/actualidad\\\/#organization\"},\"image\":{\"@id\":\"https:\\\/\\\/www.laguiadepamplona.com\\\/actualidad\\\/apymas-y-federaciones-de-apymas-se-reparten-80-000e-por-la-realizacion-de-actividades-durante-este-curso\\\/#primaryimage\"},\"thumbnailUrl\":\"https:\\\/\\\/www.laguiadepamplona.com\\\/actualidad\\\/wp-content\\\/uploads\\\/2023\\\/06\\\/colegio_publico_buztintxuri-1.webp\",\"articleSection\":[\"Ayto Pamplona\"],\"inLanguage\":\"es\",\"potentialAction\":[{\"@type\":\"CommentAction\",\"name\":\"Comment\",\"target\":[\"https:\\\/\\\/www.laguiadepamplona.com\\\/actualidad\\\/apymas-y-federaciones-de-apymas-se-reparten-80-000e-por-la-realizacion-de-actividades-durante-este-curso\\\/#respond\"]}]},{\"@type\":\"WebPage\",\"@id\":\"https:\\\/\\\/www.laguiadepamplona.com\\\/actualidad\\\/apymas-y-federaciones-de-apymas-se-reparten-80-000e-por-la-realizacion-de-actividades-durante-este-curso\\\/\",\"url\":\"https:\\\/\\\/www.laguiadepamplona.com\\\/actualidad\\\/apymas-y-federaciones-de-apymas-se-reparten-80-000e-por-la-realizacion-de-actividades-durante-este-curso\\\/\",\"name\":\"Apymas y federaciones de apymas se reparten 80.000\u20ac por la realizaci\u00f3n de actividades durante este curso\",\"isPartOf\":{\"@id\":\"https:\\\/\\\/www.laguiadepamplona.com\\\/actualidad\\\/#website\"},\"primaryImageOfPage\":{\"@id\":\"https:\\\/\\\/www.laguiadepamplona.com\\\/actualidad\\\/apymas-y-federaciones-de-apymas-se-reparten-80-000e-por-la-realizacion-de-actividades-durante-este-curso\\\/#primaryimage\"},\"image\":{\"@id\":\"https:\\\/\\\/www.laguiadepamplona.com\\\/actualidad\\\/apymas-y-federaciones-de-apymas-se-reparten-80-000e-por-la-realizacion-de-actividades-durante-este-curso\\\/#primaryimage\"},\"thumbnailUrl\":\"https:\\\/\\\/www.laguiadepamplona.com\\\/actualidad\\\/wp-content\\\/uploads\\\/2023\\\/06\\\/colegio_publico_buztintxuri-1.webp\",\"datePublished\":\"2023-06-19T11:14:42+00:00\",\"description\":\"Han recibido esta subvenci\u00f3n 33 centros educativos de Infantil, Primaria y Educaci\u00f3n Especial y 5 federaciones de apymas\",\"breadcrumb\":{\"@id\":\"https:\\\/\\\/www.laguiadepamplona.com\\\/actualidad\\\/apymas-y-federaciones-de-apymas-se-reparten-80-000e-por-la-realizacion-de-actividades-durante-este-curso\\\/#breadcrumb\"},\"inLanguage\":\"es\",\"potentialAction\":[{\"@type\":\"ReadAction\",\"target\":[\"https:\\\/\\\/www.laguiadepamplona.com\\\/actualidad\\\/apymas-y-federaciones-de-apymas-se-reparten-80-000e-por-la-realizacion-de-actividades-durante-este-curso\\\/\"]}]},{\"@type\":\"ImageObject\",\"inLanguage\":\"es\",\"@id\":\"https:\\\/\\\/www.laguiadepamplona.com\\\/actualidad\\\/apymas-y-federaciones-de-apymas-se-reparten-80-000e-por-la-realizacion-de-actividades-durante-este-curso\\\/#primaryimage\",\"url\":\"https:\\\/\\\/www.laguiadepamplona.com\\\/actualidad\\\/wp-content\\\/uploads\\\/2023\\\/06\\\/colegio_publico_buztintxuri-1.webp\",\"contentUrl\":\"https:\\\/\\\/www.laguiadepamplona.com\\\/actualidad\\\/wp-content\\\/uploads\\\/2023\\\/06\\\/colegio_publico_buztintxuri-1.webp\",\"width\":1600,\"height\":1067,\"caption\":\"colegio buztintxuri\"},{\"@type\":\"BreadcrumbList\",\"@id\":\"https:\\\/\\\/www.laguiadepamplona.com\\\/actualidad\\\/apymas-y-federaciones-de-apymas-se-reparten-80-000e-por-la-realizacion-de-actividades-durante-este-curso\\\/#breadcrumb\",\"itemListElement\":[{\"@type\":\"ListItem\",\"position\":1,\"name\":\"Portada\",\"item\":\"https:\\\/\\\/www.laguiadepamplona.com\\\/actualidad\\\/\"},{\"@type\":\"ListItem\",\"position\":2,\"name\":\"Apymas y federaciones de apymas se reparten 80.000\u20ac por la realizaci\u00f3n de actividades durante este curso\"}]},{\"@type\":\"WebSite\",\"@id\":\"https:\\\/\\\/www.laguiadepamplona.com\\\/actualidad\\\/#website\",\"url\":\"https:\\\/\\\/www.laguiadepamplona.com\\\/actualidad\\\/\",\"name\":\"La gu\u00eda de Pamplona\",\"description\":\"Noticias de Pamplona\",\"publisher\":{\"@id\":\"https:\\\/\\\/www.laguiadepamplona.com\\\/actualidad\\\/#organization\"},\"potentialAction\":[{\"@type\":\"SearchAction\",\"target\":{\"@type\":\"EntryPoint\",\"urlTemplate\":\"https:\\\/\\\/www.laguiadepamplona.com\\\/actualidad\\\/?s={search_term_string}\"},\"query-input\":{\"@type\":\"PropertyValueSpecification\",\"valueRequired\":true,\"valueName\":\"search_term_string\"}}],\"inLanguage\":\"es\"},{\"@type\":\"Organization\",\"@id\":\"https:\\\/\\\/www.laguiadepamplona.com\\\/actualidad\\\/#organization\",\"name\":\"La Gu\u00eda de Pamplona \\\/ Noticias\",\"url\":\"https:\\\/\\\/www.laguiadepamplona.com\\\/actualidad\\\/\",\"logo\":{\"@type\":\"ImageObject\",\"inLanguage\":\"es\",\"@id\":\"https:\\\/\\\/www.laguiadepamplona.com\\\/actualidad\\\/#\\\/schema\\\/logo\\\/image\\\/\",\"url\":\"https:\\\/\\\/www.laguiadepamplona.com\\\/actualidad\\\/wp-content\\\/uploads\\\/2018\\\/11\\\/logo-laguiadepamplona18-web1.png\",\"contentUrl\":\"https:\\\/\\\/www.laguiadepamplona.com\\\/actualidad\\\/wp-content\\\/uploads\\\/2018\\\/11\\\/logo-laguiadepamplona18-web1.png\",\"width\":600,\"height\":196,\"caption\":\"La Gu\u00eda de Pamplona \\\/ Noticias\"},\"image\":{\"@id\":\"https:\\\/\\\/www.laguiadepamplona.com\\\/actualidad\\\/#\\\/schema\\\/logo\\\/image\\\/\"},\"sameAs\":[\"https:\\\/\\\/www.facebook.com\\\/laguiadepamplonacom-133175176762273\\\/?ref=hl\",\"https:\\\/\\\/x.com\\\/LaGuiadPamplona\",\"https:\\\/\\\/www.instagram.com\\\/la_guia_de_pamplona\\\/\",\"https:\\\/\\\/www.youtube.com\\\/user\\\/laguiadepamplona\"]},{\"@type\":\"Person\",\"@id\":\"https:\\\/\\\/www.laguiadepamplona.com\\\/actualidad\\\/#\\\/schema\\\/person\\\/efe887376f0213d4657c93adc50b1fdb\",\"name\":\"La Gu\u00eda de Pamplona\",\"image\":{\"@type\":\"ImageObject\",\"inLanguage\":\"es\",\"@id\":\"https:\\\/\\\/secure.gravatar.com\\\/avatar\\\/b6992f131dc8d30ab0dff15446e9d346d9dbd95992de0fef795073f5ea83a81c?s=96&d=mm&r=g\",\"url\":\"https:\\\/\\\/secure.gravatar.com\\\/avatar\\\/b6992f131dc8d30ab0dff15446e9d346d9dbd95992de0fef795073f5ea83a81c?s=96&d=mm&r=g\",\"contentUrl\":\"https:\\\/\\\/secure.gravatar.com\\\/avatar\\\/b6992f131dc8d30ab0dff15446e9d346d9dbd95992de0fef795073f5ea83a81c?s=96&d=mm&r=g\",\"caption\":\"La Gu\u00eda de Pamplona\"}}]}<\/script>\n<!-- \/ Yoast SEO plugin. -->","yoast_head_json":{"title":"Apymas y federaciones de apymas se reparten 80.000\u20ac por la realizaci\u00f3n de actividades durante este curso","description":"Han recibido esta subvenci\u00f3n 33 centros educativos de Infantil, Primaria y Educaci\u00f3n Especial y 5 federaciones de apymas","robots":{"index":"index","follow":"follow","max-snippet":"max-snippet:-1","max-image-preview":"max-image-preview:large","max-video-preview":"max-video-preview:-1"},"canonical":"https:\/\/www.laguiadepamplona.com\/actualidad\/apymas-y-federaciones-de-apymas-se-reparten-80-000e-por-la-realizacion-de-actividades-durante-este-curso\/","og_locale":"es_ES","og_type":"article","og_title":"Apymas y federaciones de apymas se reparten 80.000\u20ac por la realizaci\u00f3n de actividades durante este curso","og_description":"Han recibido esta subvenci\u00f3n 33 centros educativos de Infantil, Primaria y Educaci\u00f3n Especial y 5 federaciones de apymas","og_url":"https:\/\/www.laguiadepamplona.com\/actualidad\/apymas-y-federaciones-de-apymas-se-reparten-80-000e-por-la-realizacion-de-actividades-durante-este-curso\/","og_site_name":"La Gu\u00eda de Pamplona","article_publisher":"https:\/\/www.facebook.com\/laguiadepamplonacom-133175176762273\/?ref=hl","article_published_time":"2023-06-19T11:14:42+00:00","og_image":[{"width":1600,"height":1067,"url":"https:\/\/www.laguiadepamplona.com\/actualidad\/wp-content\/uploads\/2023\/06\/colegio_publico_buztintxuri-1.webp","type":"image\/webp"}],"author":"La Gu\u00eda de Pamplona","twitter_card":"summary_large_image","twitter_creator":"@LaGuiadPamplona","twitter_site":"@LaGuiadPamplona","twitter_misc":{"Escrito por":"La Gu\u00eda de Pamplona","Tiempo de lectura":"3 minutos"},"schema":{"@context":"https:\/\/schema.org","@graph":[{"@type":"Article","@id":"https:\/\/www.laguiadepamplona.com\/actualidad\/apymas-y-federaciones-de-apymas-se-reparten-80-000e-por-la-realizacion-de-actividades-durante-este-curso\/#article","isPartOf":{"@id":"https:\/\/www.laguiadepamplona.com\/actualidad\/apymas-y-federaciones-de-apymas-se-reparten-80-000e-por-la-realizacion-de-actividades-durante-este-curso\/"},"author":{"name":"La Gu\u00eda de Pamplona","@id":"https:\/\/www.laguiadepamplona.com\/actualidad\/#\/schema\/person\/efe887376f0213d4657c93adc50b1fdb"},"headline":"Apymas y federaciones de apymas se reparten 80.000\u20ac por la realizaci\u00f3n de actividades durante este curso","datePublished":"2023-06-19T11:14:42+00:00","mainEntityOfPage":{"@id":"https:\/\/www.laguiadepamplona.com\/actualidad\/apymas-y-federaciones-de-apymas-se-reparten-80-000e-por-la-realizacion-de-actividades-durante-este-curso\/"},"wordCount":525,"commentCount":0,"publisher":{"@id":"https:\/\/www.laguiadepamplona.com\/actualidad\/#organization"},"image":{"@id":"https:\/\/www.laguiadepamplona.com\/actualidad\/apymas-y-federaciones-de-apymas-se-reparten-80-000e-por-la-realizacion-de-actividades-durante-este-curso\/#primaryimage"},"thumbnailUrl":"https:\/\/www.laguiadepamplona.com\/actualidad\/wp-content\/uploads\/2023\/06\/colegio_publico_buztintxuri-1.webp","articleSection":["Ayto Pamplona"],"inLanguage":"es","potentialAction":[{"@type":"CommentAction","name":"Comment","target":["https:\/\/www.laguiadepamplona.com\/actualidad\/apymas-y-federaciones-de-apymas-se-reparten-80-000e-por-la-realizacion-de-actividades-durante-este-curso\/#respond"]}]},{"@type":"WebPage","@id":"https:\/\/www.laguiadepamplona.com\/actualidad\/apymas-y-federaciones-de-apymas-se-reparten-80-000e-por-la-realizacion-de-actividades-durante-este-curso\/","url":"https:\/\/www.laguiadepamplona.com\/actualidad\/apymas-y-federaciones-de-apymas-se-reparten-80-000e-por-la-realizacion-de-actividades-durante-este-curso\/","name":"Apymas y federaciones de apymas se reparten 80.000\u20ac por la realizaci\u00f3n de actividades durante este curso","isPartOf":{"@id":"https:\/\/www.laguiadepamplona.com\/actualidad\/#website"},"primaryImageOfPage":{"@id":"https:\/\/www.laguiadepamplona.com\/actualidad\/apymas-y-federaciones-de-apymas-se-reparten-80-000e-por-la-realizacion-de-actividades-durante-este-curso\/#primaryimage"},"image":{"@id":"https:\/\/www.laguiadepamplona.com\/actualidad\/apymas-y-federaciones-de-apymas-se-reparten-80-000e-por-la-realizacion-de-actividades-durante-este-curso\/#primaryimage"},"thumbnailUrl":"https:\/\/www.laguiadepamplona.com\/actualidad\/wp-content\/uploads\/2023\/06\/colegio_publico_buztintxuri-1.webp","datePublished":"2023-06-19T11:14:42+00:00","description":"Han recibido esta subvenci\u00f3n 33 centros educativos de Infantil, Primaria y Educaci\u00f3n Especial y 5 federaciones de apymas","breadcrumb":{"@id":"https:\/\/www.laguiadepamplona.com\/actualidad\/apymas-y-federaciones-de-apymas-se-reparten-80-000e-por-la-realizacion-de-actividades-durante-este-curso\/#breadcrumb"},"inLanguage":"es","potentialAction":[{"@type":"ReadAction","target":["https:\/\/www.laguiadepamplona.com\/actualidad\/apymas-y-federaciones-de-apymas-se-reparten-80-000e-por-la-realizacion-de-actividades-durante-este-curso\/"]}]},{"@type":"ImageObject","inLanguage":"es","@id":"https:\/\/www.laguiadepamplona.com\/actualidad\/apymas-y-federaciones-de-apymas-se-reparten-80-000e-por-la-realizacion-de-actividades-durante-este-curso\/#primaryimage","url":"https:\/\/www.laguiadepamplona.com\/actualidad\/wp-content\/uploads\/2023\/06\/colegio_publico_buztintxuri-1.webp","contentUrl":"https:\/\/www.laguiadepamplona.com\/actualidad\/wp-content\/uploads\/2023\/06\/colegio_publico_buztintxuri-1.webp","width":1600,"height":1067,"caption":"colegio buztintxuri"},{"@type":"BreadcrumbList","@id":"https:\/\/www.laguiadepamplona.com\/actualidad\/apymas-y-federaciones-de-apymas-se-reparten-80-000e-por-la-realizacion-de-actividades-durante-este-curso\/#breadcrumb","itemListElement":[{"@type":"ListItem","position":1,"name":"Portada","item":"https:\/\/www.laguiadepamplona.com\/actualidad\/"},{"@type":"ListItem","position":2,"name":"Apymas y federaciones de apymas se reparten 80.000\u20ac por la realizaci\u00f3n de actividades durante este curso"}]},{"@type":"WebSite","@id":"https:\/\/www.laguiadepamplona.com\/actualidad\/#website","url":"https:\/\/www.laguiadepamplona.com\/actualidad\/","name":"La gu\u00eda de Pamplona","description":"Noticias de Pamplona","publisher":{"@id":"https:\/\/www.laguiadepamplona.com\/actualidad\/#organization"},"potentialAction":[{"@type":"SearchAction","target":{"@type":"EntryPoint","urlTemplate":"https:\/\/www.laguiadepamplona.com\/actualidad\/?s={search_term_string}"},"query-input":{"@type":"PropertyValueSpecification","valueRequired":true,"valueName":"search_term_string"}}],"inLanguage":"es"},{"@type":"Organization","@id":"https:\/\/www.laguiadepamplona.com\/actualidad\/#organization","name":"La Gu\u00eda de Pamplona \/ Noticias","url":"https:\/\/www.laguiadepamplona.com\/actualidad\/","logo":{"@type":"ImageObject","inLanguage":"es","@id":"https:\/\/www.laguiadepamplona.com\/actualidad\/#\/schema\/logo\/image\/","url":"https:\/\/www.laguiadepamplona.com\/actualidad\/wp-content\/uploads\/2018\/11\/logo-laguiadepamplona18-web1.png","contentUrl":"https:\/\/www.laguiadepamplona.com\/actualidad\/wp-content\/uploads\/2018\/11\/logo-laguiadepamplona18-web1.png","width":600,"height":196,"caption":"La Gu\u00eda de Pamplona \/ Noticias"},"image":{"@id":"https:\/\/www.laguiadepamplona.com\/actualidad\/#\/schema\/logo\/image\/"},"sameAs":["https:\/\/www.facebook.com\/laguiadepamplonacom-133175176762273\/?ref=hl","https:\/\/x.com\/LaGuiadPamplona","https:\/\/www.instagram.com\/la_guia_de_pamplona\/","https:\/\/www.youtube.com\/user\/laguiadepamplona"]},{"@type":"Person","@id":"https:\/\/www.laguiadepamplona.com\/actualidad\/#\/schema\/person\/efe887376f0213d4657c93adc50b1fdb","name":"La Gu\u00eda de Pamplona","image":{"@type":"ImageObject","inLanguage":"es","@id":"https:\/\/secure.gravatar.com\/avatar\/b6992f131dc8d30ab0dff15446e9d346d9dbd95992de0fef795073f5ea83a81c?s=96&d=mm&r=g","url":"https:\/\/secure.gravatar.com\/avatar\/b6992f131dc8d30ab0dff15446e9d346d9dbd95992de0fef795073f5ea83a81c?s=96&d=mm&r=g","contentUrl":"https:\/\/secure.gravatar.com\/avatar\/b6992f131dc8d30ab0dff15446e9d346d9dbd95992de0fef795073f5ea83a81c?s=96&d=mm&r=g","caption":"La Gu\u00eda de Pamplona"}}]}},"post_mailing_queue_ids":[],"_links":{"self":[{"href":"https:\/\/www.laguiadepamplona.com\/actualidad\/wp-json\/wp\/v2\/posts\/47093","targetHints":{"allow":["GET"]}}],"collection":[{"href":"https:\/\/www.laguiadepamplona.com\/actualidad\/wp-json\/wp\/v2\/posts"}],"about":[{"href":"https:\/\/www.laguiadepamplona.com\/actualidad\/wp-json\/wp\/v2\/types\/post"}],"author":[{"embeddable":true,"href":"https:\/\/www.laguiadepamplona.com\/actualidad\/wp-json\/wp\/v2\/users\/1"}],"replies":[{"embeddable":true,"href":"https:\/\/www.laguiadepamplona.com\/actualidad\/wp-json\/wp\/v2\/comments?post=47093"}],"version-history":[{"count":1,"href":"https:\/\/www.laguiadepamplona.com\/actualidad\/wp-json\/wp\/v2\/posts\/47093\/revisions"}],"predecessor-version":[{"id":47095,"href":"https:\/\/www.laguiadepamplona.com\/actualidad\/wp-json\/wp\/v2\/posts\/47093\/revisions\/47095"}],"wp:featuredmedia":[{"embeddable":true,"href":"https:\/\/www.laguiadepamplona.com\/actualidad\/wp-json\/wp\/v2\/media\/47094"}],"wp:attachment":[{"href":"https:\/\/www.laguiadepamplona.com\/actualidad\/wp-json\/wp\/v2\/media?parent=47093"}],"wp:term":[{"taxonomy":"category","embeddable":true,"href":"https:\/\/www.laguiadepamplona.com\/actualidad\/wp-json\/wp\/v2\/categories?post=47093"},{"taxonomy":"post_tag","embeddable":true,"href":"https:\/\/www.laguiadepamplona.com\/actualidad\/wp-json\/wp\/v2\/tags?post=47093"}],"curies":[{"name":"wp","href":"https:\/\/api.w.org\/{rel}","templated":true}]}}