{"id":47087,"date":"2023-06-16T13:40:46","date_gmt":"2023-06-16T11:40:46","guid":{"rendered":"https:\/\/www.laguiadepamplona.com\/actualidad\/?p=47087"},"modified":"2023-06-16T13:40:46","modified_gmt":"2023-06-16T11:40:46","slug":"adjudicada-la-contratacion-de-los-servicios-de-porteria-mantenimiento-y-limpieza-integral-en-el-polideportivo-y-trinquete-de-mendillorri","status":"publish","type":"post","link":"https:\/\/www.laguiadepamplona.com\/actualidad\/adjudicada-la-contratacion-de-los-servicios-de-porteria-mantenimiento-y-limpieza-integral-en-el-polideportivo-y-trinquete-de-mendillorri\/","title":{"rendered":"Adjudicada la contrataci\u00f3n de los servicios de porter\u00eda, mantenimiento y limpieza integral en el Polideportivo y Trinquete de Mendillorri"},"content":{"rendered":"<h3>El contrato, por importe de 203.896,57 euros, es para un a\u00f1o, del 1 de julio de 2023 al 30 de junio de 2024, y contempla dos pr\u00f3rrogas de doce meses<\/h3>\n<p><!--more--><\/p>\n<p>La Junta de Gobierno Local del Ayuntamiento de Pamplona ha aprobado la adjudicaci\u00f3n de los servicios de porter\u00eda, mantenimiento y limpieza integral en el Polideportivo y Trinquete de Mendillorri. La empresa adjudicataria de la contrataci\u00f3n es Serveo Servicios SAU, por un importe anual de 203.896,57 euros, IVA incluido, lo que regenera un remanente de 24.055,56 euros. Estos servicios se prestar\u00e1n entre el 1 de julio de 2023 y el 30 de junio de 2024, ambos inclusive.<br \/>\n<script async src=\"\/\/pagead2.googlesyndication.com\/pagead\/js\/adsbygoogle.js\"><\/script><br \/>\n<!-- Noticias La Guia de Pamplona --><br \/>\n<ins class=\"adsbygoogle\"\nstyle=\"display:block\"\ndata-ad-client=\"ca-pub-6943679897239327\"\ndata-ad-slot=\"7048180777\"\ndata-ad-format=\"auto\"><\/ins><br \/>\n<script>\n(adsbygoogle = window.adsbygoogle || []).push({});\n<\/script><\/p>\n<p>El objetivo del contrato, que contempla dos posibles pr\u00f3rrogas de 12 meses cada una, es poner a disposici\u00f3n de la ciudadan\u00eda un espacio de pr\u00e1ctica deportiva variada y, en especial, en torno a la modalidad de trinquete. El contrato engloba la gesti\u00f3n del uso de las instalaciones deportivas; la atenci\u00f3n presencial, telef\u00f3nica, telem\u00e1tica, recepci\u00f3n y punto de informaci\u00f3n permanente durante las horas de apertura; la vigilancia y el cumplimiento del reglamento, entre otras.<\/p>\n<p>El servicio de porter\u00eda incluye la apertura y cierre de la instalaci\u00f3n, que funciona de manera habitual de lunes a viernes de 8.30 a 22.30 horas, los s\u00e1bados de 8.30 a 21.30 horas y los domingos de 8.30 a 13.30 horas. Las instalaciones cierran entre el 1 de julio y el 15 de agosto, el 25 de diciembre y el primero de enero.<br \/>\n<script async src=\"\/\/pagead2.googlesyndication.com\/pagead\/js\/adsbygoogle.js\"><\/script><br \/>\n<!-- Noticias La Guia de Pamplona --><br \/>\n<ins class=\"adsbygoogle\"\nstyle=\"display:block\"\ndata-ad-client=\"ca-pub-6943679897239327\"\ndata-ad-slot=\"7048180777\"\ndata-ad-format=\"auto\"><\/ins><br \/>\n<script>\n(adsbygoogle = window.adsbygoogle || []).push({});\n<\/script><\/p>\n<p>El Polideportivo Trinquete de Mendillorri, construido con motivo del Campeonato del Mundo de Pelota Vasca celebrado en Pamplona en 2002, ofrece front\u00f3n, pista polideportiva, pista polivalente y sala de musculaci\u00f3n, con sus servicios auxiliares de vestuario, almacenes, patio, oficinas y aparcamiento en el exterior.<\/p>\n","protected":false},"excerpt":{"rendered":"<p>El contrato, por importe de 203.896,57 euros, es para un a\u00f1o, del 1 de julio de 2023 al 30 de junio de 2024, y contempla dos pr\u00f3rrogas de doce meses<\/p>\n","protected":false},"author":1,"featured_media":47088,"comment_status":"open","ping_status":"closed","sticky":false,"template":"","format":"standard","meta":{"footnotes":""},"categories":[2],"tags":[],"class_list":["post-47087","post","type-post","status-publish","format-standard","has-post-thumbnail","hentry","category-ayuntamiento-pamplona"],"yoast_head":"<!-- This site is optimized with the Yoast SEO plugin v27.3 - https:\/\/yoast.com\/product\/yoast-seo-wordpress\/ -->\n<title>Adjudicada la contrataci\u00f3n de los servicios de porter\u00eda, mantenimiento y limpieza integral en el Polideportivo y Trinquete de Mendillorri<\/title>\n<meta name=\"description\" content=\"El contrato, por importe de 203.896,57 euros, es para un a\u00f1o, del 1 de julio de 2023 al 30 de junio de 2024, y contempla dos pr\u00f3rrogas de doce meses\" \/>\n<meta name=\"robots\" content=\"index, follow, max-snippet:-1, max-image-preview:large, max-video-preview:-1\" \/>\n<link rel=\"canonical\" href=\"https:\/\/www.laguiadepamplona.com\/actualidad\/adjudicada-la-contratacion-de-los-servicios-de-porteria-mantenimiento-y-limpieza-integral-en-el-polideportivo-y-trinquete-de-mendillorri\/\" \/>\n<meta property=\"og:locale\" content=\"es_ES\" \/>\n<meta property=\"og:type\" content=\"article\" \/>\n<meta property=\"og:title\" content=\"Adjudicada la contrataci\u00f3n de los servicios de porter\u00eda, mantenimiento y limpieza integral en el Polideportivo y Trinquete de Mendillorri\" \/>\n<meta property=\"og:description\" content=\"El contrato, por importe de 203.896,57 euros, es para un a\u00f1o, del 1 de julio de 2023 al 30 de junio de 2024, y contempla dos pr\u00f3rrogas de doce meses\" \/>\n<meta property=\"og:url\" content=\"https:\/\/www.laguiadepamplona.com\/actualidad\/adjudicada-la-contratacion-de-los-servicios-de-porteria-mantenimiento-y-limpieza-integral-en-el-polideportivo-y-trinquete-de-mendillorri\/\" \/>\n<meta property=\"og:site_name\" content=\"La Gu\u00eda de Pamplona\" \/>\n<meta property=\"article:publisher\" content=\"https:\/\/www.facebook.com\/laguiadepamplonacom-133175176762273\/?ref=hl\" \/>\n<meta property=\"article:published_time\" content=\"2023-06-16T11:40:46+00:00\" \/>\n<meta property=\"og:image\" content=\"https:\/\/www.laguiadepamplona.com\/actualidad\/wp-content\/uploads\/2023\/06\/trinquete_mendillorri_exterior_villavesa.webp\" \/>\n\t<meta property=\"og:image:width\" content=\"1600\" \/>\n\t<meta property=\"og:image:height\" content=\"1067\" \/>\n\t<meta property=\"og:image:type\" content=\"image\/webp\" \/>\n<meta name=\"author\" content=\"La Gu\u00eda de Pamplona\" \/>\n<meta name=\"twitter:card\" content=\"summary_large_image\" \/>\n<meta name=\"twitter:creator\" content=\"@LaGuiadPamplona\" \/>\n<meta name=\"twitter:site\" content=\"@LaGuiadPamplona\" \/>\n<meta name=\"twitter:label1\" content=\"Escrito por\" \/>\n\t<meta name=\"twitter:data1\" content=\"La Gu\u00eda de Pamplona\" \/>\n\t<meta name=\"twitter:label2\" content=\"Tiempo de lectura\" \/>\n\t<meta name=\"twitter:data2\" content=\"2 minutos\" \/>\n<script type=\"application\/ld+json\" class=\"yoast-schema-graph\">{\"@context\":\"https:\\\/\\\/schema.org\",\"@graph\":[{\"@type\":\"Article\",\"@id\":\"https:\\\/\\\/www.laguiadepamplona.com\\\/actualidad\\\/adjudicada-la-contratacion-de-los-servicios-de-porteria-mantenimiento-y-limpieza-integral-en-el-polideportivo-y-trinquete-de-mendillorri\\\/#article\",\"isPartOf\":{\"@id\":\"https:\\\/\\\/www.laguiadepamplona.com\\\/actualidad\\\/adjudicada-la-contratacion-de-los-servicios-de-porteria-mantenimiento-y-limpieza-integral-en-el-polideportivo-y-trinquete-de-mendillorri\\\/\"},\"author\":{\"name\":\"La Gu\u00eda de Pamplona\",\"@id\":\"https:\\\/\\\/www.laguiadepamplona.com\\\/actualidad\\\/#\\\/schema\\\/person\\\/efe887376f0213d4657c93adc50b1fdb\"},\"headline\":\"Adjudicada la contrataci\u00f3n de los servicios de porter\u00eda, mantenimiento y limpieza integral en el Polideportivo y Trinquete de Mendillorri\",\"datePublished\":\"2023-06-16T11:40:46+00:00\",\"mainEntityOfPage\":{\"@id\":\"https:\\\/\\\/www.laguiadepamplona.com\\\/actualidad\\\/adjudicada-la-contratacion-de-los-servicios-de-porteria-mantenimiento-y-limpieza-integral-en-el-polideportivo-y-trinquete-de-mendillorri\\\/\"},\"wordCount\":306,\"commentCount\":0,\"publisher\":{\"@id\":\"https:\\\/\\\/www.laguiadepamplona.com\\\/actualidad\\\/#organization\"},\"image\":{\"@id\":\"https:\\\/\\\/www.laguiadepamplona.com\\\/actualidad\\\/adjudicada-la-contratacion-de-los-servicios-de-porteria-mantenimiento-y-limpieza-integral-en-el-polideportivo-y-trinquete-de-mendillorri\\\/#primaryimage\"},\"thumbnailUrl\":\"https:\\\/\\\/www.laguiadepamplona.com\\\/actualidad\\\/wp-content\\\/uploads\\\/2023\\\/06\\\/trinquete_mendillorri_exterior_villavesa.webp\",\"articleSection\":[\"Ayto Pamplona\"],\"inLanguage\":\"es\",\"potentialAction\":[{\"@type\":\"CommentAction\",\"name\":\"Comment\",\"target\":[\"https:\\\/\\\/www.laguiadepamplona.com\\\/actualidad\\\/adjudicada-la-contratacion-de-los-servicios-de-porteria-mantenimiento-y-limpieza-integral-en-el-polideportivo-y-trinquete-de-mendillorri\\\/#respond\"]}]},{\"@type\":\"WebPage\",\"@id\":\"https:\\\/\\\/www.laguiadepamplona.com\\\/actualidad\\\/adjudicada-la-contratacion-de-los-servicios-de-porteria-mantenimiento-y-limpieza-integral-en-el-polideportivo-y-trinquete-de-mendillorri\\\/\",\"url\":\"https:\\\/\\\/www.laguiadepamplona.com\\\/actualidad\\\/adjudicada-la-contratacion-de-los-servicios-de-porteria-mantenimiento-y-limpieza-integral-en-el-polideportivo-y-trinquete-de-mendillorri\\\/\",\"name\":\"Adjudicada la contrataci\u00f3n de los servicios de porter\u00eda, mantenimiento y limpieza integral en el Polideportivo y Trinquete de Mendillorri\",\"isPartOf\":{\"@id\":\"https:\\\/\\\/www.laguiadepamplona.com\\\/actualidad\\\/#website\"},\"primaryImageOfPage\":{\"@id\":\"https:\\\/\\\/www.laguiadepamplona.com\\\/actualidad\\\/adjudicada-la-contratacion-de-los-servicios-de-porteria-mantenimiento-y-limpieza-integral-en-el-polideportivo-y-trinquete-de-mendillorri\\\/#primaryimage\"},\"image\":{\"@id\":\"https:\\\/\\\/www.laguiadepamplona.com\\\/actualidad\\\/adjudicada-la-contratacion-de-los-servicios-de-porteria-mantenimiento-y-limpieza-integral-en-el-polideportivo-y-trinquete-de-mendillorri\\\/#primaryimage\"},\"thumbnailUrl\":\"https:\\\/\\\/www.laguiadepamplona.com\\\/actualidad\\\/wp-content\\\/uploads\\\/2023\\\/06\\\/trinquete_mendillorri_exterior_villavesa.webp\",\"datePublished\":\"2023-06-16T11:40:46+00:00\",\"description\":\"El contrato, por importe de 203.896,57 euros, es para un a\u00f1o, del 1 de julio de 2023 al 30 de junio de 2024, y contempla dos pr\u00f3rrogas de doce meses\",\"breadcrumb\":{\"@id\":\"https:\\\/\\\/www.laguiadepamplona.com\\\/actualidad\\\/adjudicada-la-contratacion-de-los-servicios-de-porteria-mantenimiento-y-limpieza-integral-en-el-polideportivo-y-trinquete-de-mendillorri\\\/#breadcrumb\"},\"inLanguage\":\"es\",\"potentialAction\":[{\"@type\":\"ReadAction\",\"target\":[\"https:\\\/\\\/www.laguiadepamplona.com\\\/actualidad\\\/adjudicada-la-contratacion-de-los-servicios-de-porteria-mantenimiento-y-limpieza-integral-en-el-polideportivo-y-trinquete-de-mendillorri\\\/\"]}]},{\"@type\":\"ImageObject\",\"inLanguage\":\"es\",\"@id\":\"https:\\\/\\\/www.laguiadepamplona.com\\\/actualidad\\\/adjudicada-la-contratacion-de-los-servicios-de-porteria-mantenimiento-y-limpieza-integral-en-el-polideportivo-y-trinquete-de-mendillorri\\\/#primaryimage\",\"url\":\"https:\\\/\\\/www.laguiadepamplona.com\\\/actualidad\\\/wp-content\\\/uploads\\\/2023\\\/06\\\/trinquete_mendillorri_exterior_villavesa.webp\",\"contentUrl\":\"https:\\\/\\\/www.laguiadepamplona.com\\\/actualidad\\\/wp-content\\\/uploads\\\/2023\\\/06\\\/trinquete_mendillorri_exterior_villavesa.webp\",\"width\":1600,\"height\":1067},{\"@type\":\"BreadcrumbList\",\"@id\":\"https:\\\/\\\/www.laguiadepamplona.com\\\/actualidad\\\/adjudicada-la-contratacion-de-los-servicios-de-porteria-mantenimiento-y-limpieza-integral-en-el-polideportivo-y-trinquete-de-mendillorri\\\/#breadcrumb\",\"itemListElement\":[{\"@type\":\"ListItem\",\"position\":1,\"name\":\"Portada\",\"item\":\"https:\\\/\\\/www.laguiadepamplona.com\\\/actualidad\\\/\"},{\"@type\":\"ListItem\",\"position\":2,\"name\":\"Adjudicada la contrataci\u00f3n de los servicios de porter\u00eda, mantenimiento y limpieza integral en el Polideportivo y Trinquete de Mendillorri\"}]},{\"@type\":\"WebSite\",\"@id\":\"https:\\\/\\\/www.laguiadepamplona.com\\\/actualidad\\\/#website\",\"url\":\"https:\\\/\\\/www.laguiadepamplona.com\\\/actualidad\\\/\",\"name\":\"La gu\u00eda de Pamplona\",\"description\":\"Noticias de Pamplona\",\"publisher\":{\"@id\":\"https:\\\/\\\/www.laguiadepamplona.com\\\/actualidad\\\/#organization\"},\"potentialAction\":[{\"@type\":\"SearchAction\",\"target\":{\"@type\":\"EntryPoint\",\"urlTemplate\":\"https:\\\/\\\/www.laguiadepamplona.com\\\/actualidad\\\/?s={search_term_string}\"},\"query-input\":{\"@type\":\"PropertyValueSpecification\",\"valueRequired\":true,\"valueName\":\"search_term_string\"}}],\"inLanguage\":\"es\"},{\"@type\":\"Organization\",\"@id\":\"https:\\\/\\\/www.laguiadepamplona.com\\\/actualidad\\\/#organization\",\"name\":\"La Gu\u00eda de Pamplona \\\/ Noticias\",\"url\":\"https:\\\/\\\/www.laguiadepamplona.com\\\/actualidad\\\/\",\"logo\":{\"@type\":\"ImageObject\",\"inLanguage\":\"es\",\"@id\":\"https:\\\/\\\/www.laguiadepamplona.com\\\/actualidad\\\/#\\\/schema\\\/logo\\\/image\\\/\",\"url\":\"https:\\\/\\\/www.laguiadepamplona.com\\\/actualidad\\\/wp-content\\\/uploads\\\/2018\\\/11\\\/logo-laguiadepamplona18-web1.png\",\"contentUrl\":\"https:\\\/\\\/www.laguiadepamplona.com\\\/actualidad\\\/wp-content\\\/uploads\\\/2018\\\/11\\\/logo-laguiadepamplona18-web1.png\",\"width\":600,\"height\":196,\"caption\":\"La Gu\u00eda de Pamplona \\\/ Noticias\"},\"image\":{\"@id\":\"https:\\\/\\\/www.laguiadepamplona.com\\\/actualidad\\\/#\\\/schema\\\/logo\\\/image\\\/\"},\"sameAs\":[\"https:\\\/\\\/www.facebook.com\\\/laguiadepamplonacom-133175176762273\\\/?ref=hl\",\"https:\\\/\\\/x.com\\\/LaGuiadPamplona\",\"https:\\\/\\\/www.instagram.com\\\/la_guia_de_pamplona\\\/\",\"https:\\\/\\\/www.youtube.com\\\/user\\\/laguiadepamplona\"]},{\"@type\":\"Person\",\"@id\":\"https:\\\/\\\/www.laguiadepamplona.com\\\/actualidad\\\/#\\\/schema\\\/person\\\/efe887376f0213d4657c93adc50b1fdb\",\"name\":\"La Gu\u00eda de Pamplona\",\"image\":{\"@type\":\"ImageObject\",\"inLanguage\":\"es\",\"@id\":\"https:\\\/\\\/secure.gravatar.com\\\/avatar\\\/b6992f131dc8d30ab0dff15446e9d346d9dbd95992de0fef795073f5ea83a81c?s=96&d=mm&r=g\",\"url\":\"https:\\\/\\\/secure.gravatar.com\\\/avatar\\\/b6992f131dc8d30ab0dff15446e9d346d9dbd95992de0fef795073f5ea83a81c?s=96&d=mm&r=g\",\"contentUrl\":\"https:\\\/\\\/secure.gravatar.com\\\/avatar\\\/b6992f131dc8d30ab0dff15446e9d346d9dbd95992de0fef795073f5ea83a81c?s=96&d=mm&r=g\",\"caption\":\"La Gu\u00eda de Pamplona\"}}]}<\/script>\n<!-- \/ Yoast SEO plugin. -->","yoast_head_json":{"title":"Adjudicada la contrataci\u00f3n de los servicios de porter\u00eda, mantenimiento y limpieza integral en el Polideportivo y Trinquete de Mendillorri","description":"El contrato, por importe de 203.896,57 euros, es para un a\u00f1o, del 1 de julio de 2023 al 30 de junio de 2024, y contempla dos pr\u00f3rrogas de doce meses","robots":{"index":"index","follow":"follow","max-snippet":"max-snippet:-1","max-image-preview":"max-image-preview:large","max-video-preview":"max-video-preview:-1"},"canonical":"https:\/\/www.laguiadepamplona.com\/actualidad\/adjudicada-la-contratacion-de-los-servicios-de-porteria-mantenimiento-y-limpieza-integral-en-el-polideportivo-y-trinquete-de-mendillorri\/","og_locale":"es_ES","og_type":"article","og_title":"Adjudicada la contrataci\u00f3n de los servicios de porter\u00eda, mantenimiento y limpieza integral en el Polideportivo y Trinquete de Mendillorri","og_description":"El contrato, por importe de 203.896,57 euros, es para un a\u00f1o, del 1 de julio de 2023 al 30 de junio de 2024, y contempla dos pr\u00f3rrogas de doce meses","og_url":"https:\/\/www.laguiadepamplona.com\/actualidad\/adjudicada-la-contratacion-de-los-servicios-de-porteria-mantenimiento-y-limpieza-integral-en-el-polideportivo-y-trinquete-de-mendillorri\/","og_site_name":"La Gu\u00eda de Pamplona","article_publisher":"https:\/\/www.facebook.com\/laguiadepamplonacom-133175176762273\/?ref=hl","article_published_time":"2023-06-16T11:40:46+00:00","og_image":[{"width":1600,"height":1067,"url":"https:\/\/www.laguiadepamplona.com\/actualidad\/wp-content\/uploads\/2023\/06\/trinquete_mendillorri_exterior_villavesa.webp","type":"image\/webp"}],"author":"La Gu\u00eda de Pamplona","twitter_card":"summary_large_image","twitter_creator":"@LaGuiadPamplona","twitter_site":"@LaGuiadPamplona","twitter_misc":{"Escrito por":"La Gu\u00eda de Pamplona","Tiempo de lectura":"2 minutos"},"schema":{"@context":"https:\/\/schema.org","@graph":[{"@type":"Article","@id":"https:\/\/www.laguiadepamplona.com\/actualidad\/adjudicada-la-contratacion-de-los-servicios-de-porteria-mantenimiento-y-limpieza-integral-en-el-polideportivo-y-trinquete-de-mendillorri\/#article","isPartOf":{"@id":"https:\/\/www.laguiadepamplona.com\/actualidad\/adjudicada-la-contratacion-de-los-servicios-de-porteria-mantenimiento-y-limpieza-integral-en-el-polideportivo-y-trinquete-de-mendillorri\/"},"author":{"name":"La Gu\u00eda de Pamplona","@id":"https:\/\/www.laguiadepamplona.com\/actualidad\/#\/schema\/person\/efe887376f0213d4657c93adc50b1fdb"},"headline":"Adjudicada la contrataci\u00f3n de los servicios de porter\u00eda, mantenimiento y limpieza integral en el Polideportivo y Trinquete de Mendillorri","datePublished":"2023-06-16T11:40:46+00:00","mainEntityOfPage":{"@id":"https:\/\/www.laguiadepamplona.com\/actualidad\/adjudicada-la-contratacion-de-los-servicios-de-porteria-mantenimiento-y-limpieza-integral-en-el-polideportivo-y-trinquete-de-mendillorri\/"},"wordCount":306,"commentCount":0,"publisher":{"@id":"https:\/\/www.laguiadepamplona.com\/actualidad\/#organization"},"image":{"@id":"https:\/\/www.laguiadepamplona.com\/actualidad\/adjudicada-la-contratacion-de-los-servicios-de-porteria-mantenimiento-y-limpieza-integral-en-el-polideportivo-y-trinquete-de-mendillorri\/#primaryimage"},"thumbnailUrl":"https:\/\/www.laguiadepamplona.com\/actualidad\/wp-content\/uploads\/2023\/06\/trinquete_mendillorri_exterior_villavesa.webp","articleSection":["Ayto Pamplona"],"inLanguage":"es","potentialAction":[{"@type":"CommentAction","name":"Comment","target":["https:\/\/www.laguiadepamplona.com\/actualidad\/adjudicada-la-contratacion-de-los-servicios-de-porteria-mantenimiento-y-limpieza-integral-en-el-polideportivo-y-trinquete-de-mendillorri\/#respond"]}]},{"@type":"WebPage","@id":"https:\/\/www.laguiadepamplona.com\/actualidad\/adjudicada-la-contratacion-de-los-servicios-de-porteria-mantenimiento-y-limpieza-integral-en-el-polideportivo-y-trinquete-de-mendillorri\/","url":"https:\/\/www.laguiadepamplona.com\/actualidad\/adjudicada-la-contratacion-de-los-servicios-de-porteria-mantenimiento-y-limpieza-integral-en-el-polideportivo-y-trinquete-de-mendillorri\/","name":"Adjudicada la contrataci\u00f3n de los servicios de porter\u00eda, mantenimiento y limpieza integral en el Polideportivo y Trinquete de Mendillorri","isPartOf":{"@id":"https:\/\/www.laguiadepamplona.com\/actualidad\/#website"},"primaryImageOfPage":{"@id":"https:\/\/www.laguiadepamplona.com\/actualidad\/adjudicada-la-contratacion-de-los-servicios-de-porteria-mantenimiento-y-limpieza-integral-en-el-polideportivo-y-trinquete-de-mendillorri\/#primaryimage"},"image":{"@id":"https:\/\/www.laguiadepamplona.com\/actualidad\/adjudicada-la-contratacion-de-los-servicios-de-porteria-mantenimiento-y-limpieza-integral-en-el-polideportivo-y-trinquete-de-mendillorri\/#primaryimage"},"thumbnailUrl":"https:\/\/www.laguiadepamplona.com\/actualidad\/wp-content\/uploads\/2023\/06\/trinquete_mendillorri_exterior_villavesa.webp","datePublished":"2023-06-16T11:40:46+00:00","description":"El contrato, por importe de 203.896,57 euros, es para un a\u00f1o, del 1 de julio de 2023 al 30 de junio de 2024, y contempla dos pr\u00f3rrogas de doce meses","breadcrumb":{"@id":"https:\/\/www.laguiadepamplona.com\/actualidad\/adjudicada-la-contratacion-de-los-servicios-de-porteria-mantenimiento-y-limpieza-integral-en-el-polideportivo-y-trinquete-de-mendillorri\/#breadcrumb"},"inLanguage":"es","potentialAction":[{"@type":"ReadAction","target":["https:\/\/www.laguiadepamplona.com\/actualidad\/adjudicada-la-contratacion-de-los-servicios-de-porteria-mantenimiento-y-limpieza-integral-en-el-polideportivo-y-trinquete-de-mendillorri\/"]}]},{"@type":"ImageObject","inLanguage":"es","@id":"https:\/\/www.laguiadepamplona.com\/actualidad\/adjudicada-la-contratacion-de-los-servicios-de-porteria-mantenimiento-y-limpieza-integral-en-el-polideportivo-y-trinquete-de-mendillorri\/#primaryimage","url":"https:\/\/www.laguiadepamplona.com\/actualidad\/wp-content\/uploads\/2023\/06\/trinquete_mendillorri_exterior_villavesa.webp","contentUrl":"https:\/\/www.laguiadepamplona.com\/actualidad\/wp-content\/uploads\/2023\/06\/trinquete_mendillorri_exterior_villavesa.webp","width":1600,"height":1067},{"@type":"BreadcrumbList","@id":"https:\/\/www.laguiadepamplona.com\/actualidad\/adjudicada-la-contratacion-de-los-servicios-de-porteria-mantenimiento-y-limpieza-integral-en-el-polideportivo-y-trinquete-de-mendillorri\/#breadcrumb","itemListElement":[{"@type":"ListItem","position":1,"name":"Portada","item":"https:\/\/www.laguiadepamplona.com\/actualidad\/"},{"@type":"ListItem","position":2,"name":"Adjudicada la contrataci\u00f3n de los servicios de porter\u00eda, mantenimiento y limpieza integral en el Polideportivo y Trinquete de Mendillorri"}]},{"@type":"WebSite","@id":"https:\/\/www.laguiadepamplona.com\/actualidad\/#website","url":"https:\/\/www.laguiadepamplona.com\/actualidad\/","name":"La gu\u00eda de Pamplona","description":"Noticias de Pamplona","publisher":{"@id":"https:\/\/www.laguiadepamplona.com\/actualidad\/#organization"},"potentialAction":[{"@type":"SearchAction","target":{"@type":"EntryPoint","urlTemplate":"https:\/\/www.laguiadepamplona.com\/actualidad\/?s={search_term_string}"},"query-input":{"@type":"PropertyValueSpecification","valueRequired":true,"valueName":"search_term_string"}}],"inLanguage":"es"},{"@type":"Organization","@id":"https:\/\/www.laguiadepamplona.com\/actualidad\/#organization","name":"La Gu\u00eda de Pamplona \/ Noticias","url":"https:\/\/www.laguiadepamplona.com\/actualidad\/","logo":{"@type":"ImageObject","inLanguage":"es","@id":"https:\/\/www.laguiadepamplona.com\/actualidad\/#\/schema\/logo\/image\/","url":"https:\/\/www.laguiadepamplona.com\/actualidad\/wp-content\/uploads\/2018\/11\/logo-laguiadepamplona18-web1.png","contentUrl":"https:\/\/www.laguiadepamplona.com\/actualidad\/wp-content\/uploads\/2018\/11\/logo-laguiadepamplona18-web1.png","width":600,"height":196,"caption":"La Gu\u00eda de Pamplona \/ Noticias"},"image":{"@id":"https:\/\/www.laguiadepamplona.com\/actualidad\/#\/schema\/logo\/image\/"},"sameAs":["https:\/\/www.facebook.com\/laguiadepamplonacom-133175176762273\/?ref=hl","https:\/\/x.com\/LaGuiadPamplona","https:\/\/www.instagram.com\/la_guia_de_pamplona\/","https:\/\/www.youtube.com\/user\/laguiadepamplona"]},{"@type":"Person","@id":"https:\/\/www.laguiadepamplona.com\/actualidad\/#\/schema\/person\/efe887376f0213d4657c93adc50b1fdb","name":"La Gu\u00eda de Pamplona","image":{"@type":"ImageObject","inLanguage":"es","@id":"https:\/\/secure.gravatar.com\/avatar\/b6992f131dc8d30ab0dff15446e9d346d9dbd95992de0fef795073f5ea83a81c?s=96&d=mm&r=g","url":"https:\/\/secure.gravatar.com\/avatar\/b6992f131dc8d30ab0dff15446e9d346d9dbd95992de0fef795073f5ea83a81c?s=96&d=mm&r=g","contentUrl":"https:\/\/secure.gravatar.com\/avatar\/b6992f131dc8d30ab0dff15446e9d346d9dbd95992de0fef795073f5ea83a81c?s=96&d=mm&r=g","caption":"La Gu\u00eda de Pamplona"}}]}},"post_mailing_queue_ids":[],"_links":{"self":[{"href":"https:\/\/www.laguiadepamplona.com\/actualidad\/wp-json\/wp\/v2\/posts\/47087","targetHints":{"allow":["GET"]}}],"collection":[{"href":"https:\/\/www.laguiadepamplona.com\/actualidad\/wp-json\/wp\/v2\/posts"}],"about":[{"href":"https:\/\/www.laguiadepamplona.com\/actualidad\/wp-json\/wp\/v2\/types\/post"}],"author":[{"embeddable":true,"href":"https:\/\/www.laguiadepamplona.com\/actualidad\/wp-json\/wp\/v2\/users\/1"}],"replies":[{"embeddable":true,"href":"https:\/\/www.laguiadepamplona.com\/actualidad\/wp-json\/wp\/v2\/comments?post=47087"}],"version-history":[{"count":1,"href":"https:\/\/www.laguiadepamplona.com\/actualidad\/wp-json\/wp\/v2\/posts\/47087\/revisions"}],"predecessor-version":[{"id":47089,"href":"https:\/\/www.laguiadepamplona.com\/actualidad\/wp-json\/wp\/v2\/posts\/47087\/revisions\/47089"}],"wp:featuredmedia":[{"embeddable":true,"href":"https:\/\/www.laguiadepamplona.com\/actualidad\/wp-json\/wp\/v2\/media\/47088"}],"wp:attachment":[{"href":"https:\/\/www.laguiadepamplona.com\/actualidad\/wp-json\/wp\/v2\/media?parent=47087"}],"wp:term":[{"taxonomy":"category","embeddable":true,"href":"https:\/\/www.laguiadepamplona.com\/actualidad\/wp-json\/wp\/v2\/categories?post=47087"},{"taxonomy":"post_tag","embeddable":true,"href":"https:\/\/www.laguiadepamplona.com\/actualidad\/wp-json\/wp\/v2\/tags?post=47087"}],"curies":[{"name":"wp","href":"https:\/\/api.w.org\/{rel}","templated":true}]}}