{"id":47084,"date":"2023-06-16T13:39:34","date_gmt":"2023-06-16T11:39:34","guid":{"rendered":"https:\/\/www.laguiadepamplona.com\/actualidad\/?p=47084"},"modified":"2023-06-16T13:39:34","modified_gmt":"2023-06-16T11:39:34","slug":"la-policia-municipal-de-pamplona-contara-el-ano-que-viene-con-seis-nuevos-vehiculos-tipo-furgon","status":"publish","type":"post","link":"https:\/\/www.laguiadepamplona.com\/actualidad\/la-policia-municipal-de-pamplona-contara-el-ano-que-viene-con-seis-nuevos-vehiculos-tipo-furgon\/","title":{"rendered":"La Polic\u00eda Municipal de Pamplona contar\u00e1 el a\u00f1o que viene con seis nuevos veh\u00edculos tipo furg\u00f3n"},"content":{"rendered":"<h3>El Ayuntamiento ha licitado un contrato de alquiler de esos nuevos veh\u00edculos para cuatro a\u00f1os, con un presupuesto de 470.000 euros<\/h3>\n<p><!--more--><\/p>\n<p>La Junta de Gobierno Local ha aprobado la licitaci\u00f3n de un contrato de alquiler de seis veh\u00edculos tipo furg\u00f3n para la Polic\u00eda Municipal de Pamplona durante un periodo de cuatro a\u00f1os, a partir de febrero de 2024. El presupuesto asciende a 470.000 euros, con un montante de 117.500 euros para cada veh\u00edculo. El alquiler de veh\u00edculos para los cuerpos de polic\u00eda es una pr\u00e1ctica habitual en todos ellos, puesto que al hacerse por periodos de tiempo relativamente cortos es una forma de tener los veh\u00edculos en buen estado de conservaci\u00f3n.<br \/>\n<script async src=\"\/\/pagead2.googlesyndication.com\/pagead\/js\/adsbygoogle.js\"><\/script><br \/>\n<!-- Noticias La Guia de Pamplona --><br \/>\n<ins class=\"adsbygoogle\"\nstyle=\"display:block\"\ndata-ad-client=\"ca-pub-6943679897239327\"\ndata-ad-slot=\"7048180777\"\ndata-ad-format=\"auto\"><\/ins><br \/>\n<script>\n(adsbygoogle = window.adsbygoogle || []).push({});\n<\/script><\/p>\n<p>El actual contrato vence en febrero de 2024. Visto el tiempo que conlleva la compra y transformaci\u00f3n de los veh\u00edculos ofertados por las empresas de <em>renting<\/em>, con el problema a\u00f1adido de la crisis de suministros de diversos componentes, se ha preferido adelantar la licitaci\u00f3n en unos meses para que los furgones puedan estar operativos para esa fecha. Todos los gastos que pueden tener los veh\u00edculos, excepto el coste del carburante, est\u00e1n incluidos en el precio del alquiler (seguro a todo riesgo sin franquicia, inspecci\u00f3n t\u00e9cnica su fuera necesaria, cambios de neum\u00e1ticos, reparaci\u00f3n de todo tipo de aver\u00edas y desperfectos incluidos los de uso normal del veh\u00edculo, impuesto de circulaci\u00f3n\u2026).<\/p>\n<p>Para adjudicar el contrato se tendr\u00e1 en cuenta la propuesta t\u00e9cnica de los veh\u00edculos, las mejoras t\u00e9cnicas y de seguridad, los criterios sociales y la oferta econ\u00f3mica realizada por las empresas licitadoras. El Ayuntamiento de Pamplona apuesta por seguir con el sistema de renting para no hipotecarse en inversiones altas para la compra de furgones ante la tesitura de que en un futuro inmediato pueda apostarse por veh\u00edculos el\u00e9ctricos que cumplan las caracter\u00edsticas b\u00e1sicas que se exigen para el desarrollo de la labor policial<br \/>\n<script async src=\"\/\/pagead2.googlesyndication.com\/pagead\/js\/adsbygoogle.js\"><\/script><br \/>\n<!-- Noticias La Guia de Pamplona --><br \/>\n<ins class=\"adsbygoogle\"\nstyle=\"display:block\"\ndata-ad-client=\"ca-pub-6943679897239327\"\ndata-ad-slot=\"7048180777\"\ndata-ad-format=\"auto\"><\/ins><br \/>\n<script>\n(adsbygoogle = window.adsbygoogle || []).push({});\n<\/script><\/p>\n<p><strong>Caracter\u00edsticas de los veh\u00edculos<\/strong><\/p>\n<p>Los furgones deber\u00e1n ser de 7 plazas, con cuatro puertas (dos correderas) y dos puertas traseras. Las puertas delanteras llevar\u00e1n panel bal\u00edstico de protecci\u00f3n en la parte de la carrocer\u00eda. Las ventanas laterales de las puertas correderas deber\u00e1n ser corredizas, permitiendo su apertura manual. Ser\u00e1n furgones di\u00e9sel, con una potencia no inferior a 130 CV y caja de cambios autom\u00e1tica de 9 velocidades.<\/p>\n<p>Los veh\u00edculos tendr\u00e1n un dise\u00f1o de identidad compuesto de pintura y adhesivos con logotipos corporativos. Deber\u00e1n contar con una preinstalaci\u00f3n de la red Tetra compatible con la red del Gobierno de Navarra. El Ayuntamiento de Pamplona podr\u00e1 instalar en los veh\u00edculos, a lo largo de la duraci\u00f3n del contrato, un sistema de comunicaciones, GPS, o cualquier equipamiento que se determine implementar y se considere conveniente para el buen servicio.<\/p>\n","protected":false},"excerpt":{"rendered":"<p>El Ayuntamiento ha licitado un contrato de alquiler de esos nuevos veh\u00edculos para cuatro a\u00f1os, con un presupuesto de 470.000 euros<\/p>\n","protected":false},"author":1,"featured_media":47085,"comment_status":"open","ping_status":"closed","sticky":false,"template":"","format":"standard","meta":{"footnotes":""},"categories":[2],"tags":[],"class_list":["post-47084","post","type-post","status-publish","format-standard","has-post-thumbnail","hentry","category-ayuntamiento-pamplona"],"yoast_head":"<!-- This site is optimized with the Yoast SEO plugin v27.3 - https:\/\/yoast.com\/product\/yoast-seo-wordpress\/ -->\n<title>La Polic\u00eda Municipal de Pamplona contar\u00e1 el a\u00f1o que viene con seis nuevos veh\u00edculos tipo furg\u00f3n<\/title>\n<meta name=\"description\" content=\"El Ayuntamiento ha licitado un contrato de alquiler de esos nuevos veh\u00edculos para cuatro a\u00f1os, con un presupuesto de 470.000 euros\" \/>\n<meta name=\"robots\" content=\"index, follow, max-snippet:-1, max-image-preview:large, max-video-preview:-1\" \/>\n<link rel=\"canonical\" href=\"https:\/\/www.laguiadepamplona.com\/actualidad\/la-policia-municipal-de-pamplona-contara-el-ano-que-viene-con-seis-nuevos-vehiculos-tipo-furgon\/\" \/>\n<meta property=\"og:locale\" content=\"es_ES\" \/>\n<meta property=\"og:type\" content=\"article\" \/>\n<meta property=\"og:title\" content=\"La Polic\u00eda Municipal de Pamplona contar\u00e1 el a\u00f1o que viene con seis nuevos veh\u00edculos tipo furg\u00f3n\" \/>\n<meta property=\"og:description\" content=\"El Ayuntamiento ha licitado un contrato de alquiler de esos nuevos veh\u00edculos para cuatro a\u00f1os, con un presupuesto de 470.000 euros\" \/>\n<meta property=\"og:url\" content=\"https:\/\/www.laguiadepamplona.com\/actualidad\/la-policia-municipal-de-pamplona-contara-el-ano-que-viene-con-seis-nuevos-vehiculos-tipo-furgon\/\" \/>\n<meta property=\"og:site_name\" content=\"La Gu\u00eda de Pamplona\" \/>\n<meta property=\"article:publisher\" content=\"https:\/\/www.facebook.com\/laguiadepamplonacom-133175176762273\/?ref=hl\" \/>\n<meta property=\"article:published_time\" content=\"2023-06-16T11:39:34+00:00\" \/>\n<meta property=\"og:image\" content=\"https:\/\/www.laguiadepamplona.com\/actualidad\/wp-content\/uploads\/2023\/06\/municipal-policia-furgon.webp\" \/>\n\t<meta property=\"og:image:width\" content=\"1480\" \/>\n\t<meta property=\"og:image:height\" content=\"933\" \/>\n\t<meta property=\"og:image:type\" content=\"image\/webp\" \/>\n<meta name=\"author\" content=\"La Gu\u00eda de Pamplona\" \/>\n<meta name=\"twitter:card\" content=\"summary_large_image\" \/>\n<meta name=\"twitter:creator\" content=\"@LaGuiadPamplona\" \/>\n<meta name=\"twitter:site\" content=\"@LaGuiadPamplona\" \/>\n<meta name=\"twitter:label1\" content=\"Escrito por\" \/>\n\t<meta name=\"twitter:data1\" content=\"La Gu\u00eda de Pamplona\" \/>\n\t<meta name=\"twitter:label2\" content=\"Tiempo de lectura\" \/>\n\t<meta name=\"twitter:data2\" content=\"3 minutos\" \/>\n<script type=\"application\/ld+json\" class=\"yoast-schema-graph\">{\"@context\":\"https:\\\/\\\/schema.org\",\"@graph\":[{\"@type\":\"Article\",\"@id\":\"https:\\\/\\\/www.laguiadepamplona.com\\\/actualidad\\\/la-policia-municipal-de-pamplona-contara-el-ano-que-viene-con-seis-nuevos-vehiculos-tipo-furgon\\\/#article\",\"isPartOf\":{\"@id\":\"https:\\\/\\\/www.laguiadepamplona.com\\\/actualidad\\\/la-policia-municipal-de-pamplona-contara-el-ano-que-viene-con-seis-nuevos-vehiculos-tipo-furgon\\\/\"},\"author\":{\"name\":\"La Gu\u00eda de Pamplona\",\"@id\":\"https:\\\/\\\/www.laguiadepamplona.com\\\/actualidad\\\/#\\\/schema\\\/person\\\/efe887376f0213d4657c93adc50b1fdb\"},\"headline\":\"La Polic\u00eda Municipal de Pamplona contar\u00e1 el a\u00f1o que viene con seis nuevos veh\u00edculos tipo furg\u00f3n\",\"datePublished\":\"2023-06-16T11:39:34+00:00\",\"mainEntityOfPage\":{\"@id\":\"https:\\\/\\\/www.laguiadepamplona.com\\\/actualidad\\\/la-policia-municipal-de-pamplona-contara-el-ano-que-viene-con-seis-nuevos-vehiculos-tipo-furgon\\\/\"},\"wordCount\":504,\"commentCount\":0,\"publisher\":{\"@id\":\"https:\\\/\\\/www.laguiadepamplona.com\\\/actualidad\\\/#organization\"},\"image\":{\"@id\":\"https:\\\/\\\/www.laguiadepamplona.com\\\/actualidad\\\/la-policia-municipal-de-pamplona-contara-el-ano-que-viene-con-seis-nuevos-vehiculos-tipo-furgon\\\/#primaryimage\"},\"thumbnailUrl\":\"https:\\\/\\\/www.laguiadepamplona.com\\\/actualidad\\\/wp-content\\\/uploads\\\/2023\\\/06\\\/municipal-policia-furgon.webp\",\"articleSection\":[\"Ayto Pamplona\"],\"inLanguage\":\"es\",\"potentialAction\":[{\"@type\":\"CommentAction\",\"name\":\"Comment\",\"target\":[\"https:\\\/\\\/www.laguiadepamplona.com\\\/actualidad\\\/la-policia-municipal-de-pamplona-contara-el-ano-que-viene-con-seis-nuevos-vehiculos-tipo-furgon\\\/#respond\"]}]},{\"@type\":\"WebPage\",\"@id\":\"https:\\\/\\\/www.laguiadepamplona.com\\\/actualidad\\\/la-policia-municipal-de-pamplona-contara-el-ano-que-viene-con-seis-nuevos-vehiculos-tipo-furgon\\\/\",\"url\":\"https:\\\/\\\/www.laguiadepamplona.com\\\/actualidad\\\/la-policia-municipal-de-pamplona-contara-el-ano-que-viene-con-seis-nuevos-vehiculos-tipo-furgon\\\/\",\"name\":\"La Polic\u00eda Municipal de Pamplona contar\u00e1 el a\u00f1o que viene con seis nuevos veh\u00edculos tipo furg\u00f3n\",\"isPartOf\":{\"@id\":\"https:\\\/\\\/www.laguiadepamplona.com\\\/actualidad\\\/#website\"},\"primaryImageOfPage\":{\"@id\":\"https:\\\/\\\/www.laguiadepamplona.com\\\/actualidad\\\/la-policia-municipal-de-pamplona-contara-el-ano-que-viene-con-seis-nuevos-vehiculos-tipo-furgon\\\/#primaryimage\"},\"image\":{\"@id\":\"https:\\\/\\\/www.laguiadepamplona.com\\\/actualidad\\\/la-policia-municipal-de-pamplona-contara-el-ano-que-viene-con-seis-nuevos-vehiculos-tipo-furgon\\\/#primaryimage\"},\"thumbnailUrl\":\"https:\\\/\\\/www.laguiadepamplona.com\\\/actualidad\\\/wp-content\\\/uploads\\\/2023\\\/06\\\/municipal-policia-furgon.webp\",\"datePublished\":\"2023-06-16T11:39:34+00:00\",\"description\":\"El Ayuntamiento ha licitado un contrato de alquiler de esos nuevos veh\u00edculos para cuatro a\u00f1os, con un presupuesto de 470.000 euros\",\"breadcrumb\":{\"@id\":\"https:\\\/\\\/www.laguiadepamplona.com\\\/actualidad\\\/la-policia-municipal-de-pamplona-contara-el-ano-que-viene-con-seis-nuevos-vehiculos-tipo-furgon\\\/#breadcrumb\"},\"inLanguage\":\"es\",\"potentialAction\":[{\"@type\":\"ReadAction\",\"target\":[\"https:\\\/\\\/www.laguiadepamplona.com\\\/actualidad\\\/la-policia-municipal-de-pamplona-contara-el-ano-que-viene-con-seis-nuevos-vehiculos-tipo-furgon\\\/\"]}]},{\"@type\":\"ImageObject\",\"inLanguage\":\"es\",\"@id\":\"https:\\\/\\\/www.laguiadepamplona.com\\\/actualidad\\\/la-policia-municipal-de-pamplona-contara-el-ano-que-viene-con-seis-nuevos-vehiculos-tipo-furgon\\\/#primaryimage\",\"url\":\"https:\\\/\\\/www.laguiadepamplona.com\\\/actualidad\\\/wp-content\\\/uploads\\\/2023\\\/06\\\/municipal-policia-furgon.webp\",\"contentUrl\":\"https:\\\/\\\/www.laguiadepamplona.com\\\/actualidad\\\/wp-content\\\/uploads\\\/2023\\\/06\\\/municipal-policia-furgon.webp\",\"width\":1480,\"height\":933,\"caption\":\"polic\u00eda\"},{\"@type\":\"BreadcrumbList\",\"@id\":\"https:\\\/\\\/www.laguiadepamplona.com\\\/actualidad\\\/la-policia-municipal-de-pamplona-contara-el-ano-que-viene-con-seis-nuevos-vehiculos-tipo-furgon\\\/#breadcrumb\",\"itemListElement\":[{\"@type\":\"ListItem\",\"position\":1,\"name\":\"Portada\",\"item\":\"https:\\\/\\\/www.laguiadepamplona.com\\\/actualidad\\\/\"},{\"@type\":\"ListItem\",\"position\":2,\"name\":\"La Polic\u00eda Municipal de Pamplona contar\u00e1 el a\u00f1o que viene con seis nuevos veh\u00edculos tipo furg\u00f3n\"}]},{\"@type\":\"WebSite\",\"@id\":\"https:\\\/\\\/www.laguiadepamplona.com\\\/actualidad\\\/#website\",\"url\":\"https:\\\/\\\/www.laguiadepamplona.com\\\/actualidad\\\/\",\"name\":\"La gu\u00eda de Pamplona\",\"description\":\"Noticias de Pamplona\",\"publisher\":{\"@id\":\"https:\\\/\\\/www.laguiadepamplona.com\\\/actualidad\\\/#organization\"},\"potentialAction\":[{\"@type\":\"SearchAction\",\"target\":{\"@type\":\"EntryPoint\",\"urlTemplate\":\"https:\\\/\\\/www.laguiadepamplona.com\\\/actualidad\\\/?s={search_term_string}\"},\"query-input\":{\"@type\":\"PropertyValueSpecification\",\"valueRequired\":true,\"valueName\":\"search_term_string\"}}],\"inLanguage\":\"es\"},{\"@type\":\"Organization\",\"@id\":\"https:\\\/\\\/www.laguiadepamplona.com\\\/actualidad\\\/#organization\",\"name\":\"La Gu\u00eda de Pamplona \\\/ Noticias\",\"url\":\"https:\\\/\\\/www.laguiadepamplona.com\\\/actualidad\\\/\",\"logo\":{\"@type\":\"ImageObject\",\"inLanguage\":\"es\",\"@id\":\"https:\\\/\\\/www.laguiadepamplona.com\\\/actualidad\\\/#\\\/schema\\\/logo\\\/image\\\/\",\"url\":\"https:\\\/\\\/www.laguiadepamplona.com\\\/actualidad\\\/wp-content\\\/uploads\\\/2018\\\/11\\\/logo-laguiadepamplona18-web1.png\",\"contentUrl\":\"https:\\\/\\\/www.laguiadepamplona.com\\\/actualidad\\\/wp-content\\\/uploads\\\/2018\\\/11\\\/logo-laguiadepamplona18-web1.png\",\"width\":600,\"height\":196,\"caption\":\"La Gu\u00eda de Pamplona \\\/ Noticias\"},\"image\":{\"@id\":\"https:\\\/\\\/www.laguiadepamplona.com\\\/actualidad\\\/#\\\/schema\\\/logo\\\/image\\\/\"},\"sameAs\":[\"https:\\\/\\\/www.facebook.com\\\/laguiadepamplonacom-133175176762273\\\/?ref=hl\",\"https:\\\/\\\/x.com\\\/LaGuiadPamplona\",\"https:\\\/\\\/www.instagram.com\\\/la_guia_de_pamplona\\\/\",\"https:\\\/\\\/www.youtube.com\\\/user\\\/laguiadepamplona\"]},{\"@type\":\"Person\",\"@id\":\"https:\\\/\\\/www.laguiadepamplona.com\\\/actualidad\\\/#\\\/schema\\\/person\\\/efe887376f0213d4657c93adc50b1fdb\",\"name\":\"La Gu\u00eda de Pamplona\",\"image\":{\"@type\":\"ImageObject\",\"inLanguage\":\"es\",\"@id\":\"https:\\\/\\\/secure.gravatar.com\\\/avatar\\\/b6992f131dc8d30ab0dff15446e9d346d9dbd95992de0fef795073f5ea83a81c?s=96&d=mm&r=g\",\"url\":\"https:\\\/\\\/secure.gravatar.com\\\/avatar\\\/b6992f131dc8d30ab0dff15446e9d346d9dbd95992de0fef795073f5ea83a81c?s=96&d=mm&r=g\",\"contentUrl\":\"https:\\\/\\\/secure.gravatar.com\\\/avatar\\\/b6992f131dc8d30ab0dff15446e9d346d9dbd95992de0fef795073f5ea83a81c?s=96&d=mm&r=g\",\"caption\":\"La Gu\u00eda de Pamplona\"}}]}<\/script>\n<!-- \/ Yoast SEO plugin. -->","yoast_head_json":{"title":"La Polic\u00eda Municipal de Pamplona contar\u00e1 el a\u00f1o que viene con seis nuevos veh\u00edculos tipo furg\u00f3n","description":"El Ayuntamiento ha licitado un contrato de alquiler de esos nuevos veh\u00edculos para cuatro a\u00f1os, con un presupuesto de 470.000 euros","robots":{"index":"index","follow":"follow","max-snippet":"max-snippet:-1","max-image-preview":"max-image-preview:large","max-video-preview":"max-video-preview:-1"},"canonical":"https:\/\/www.laguiadepamplona.com\/actualidad\/la-policia-municipal-de-pamplona-contara-el-ano-que-viene-con-seis-nuevos-vehiculos-tipo-furgon\/","og_locale":"es_ES","og_type":"article","og_title":"La Polic\u00eda Municipal de Pamplona contar\u00e1 el a\u00f1o que viene con seis nuevos veh\u00edculos tipo furg\u00f3n","og_description":"El Ayuntamiento ha licitado un contrato de alquiler de esos nuevos veh\u00edculos para cuatro a\u00f1os, con un presupuesto de 470.000 euros","og_url":"https:\/\/www.laguiadepamplona.com\/actualidad\/la-policia-municipal-de-pamplona-contara-el-ano-que-viene-con-seis-nuevos-vehiculos-tipo-furgon\/","og_site_name":"La Gu\u00eda de Pamplona","article_publisher":"https:\/\/www.facebook.com\/laguiadepamplonacom-133175176762273\/?ref=hl","article_published_time":"2023-06-16T11:39:34+00:00","og_image":[{"width":1480,"height":933,"url":"https:\/\/www.laguiadepamplona.com\/actualidad\/wp-content\/uploads\/2023\/06\/municipal-policia-furgon.webp","type":"image\/webp"}],"author":"La Gu\u00eda de Pamplona","twitter_card":"summary_large_image","twitter_creator":"@LaGuiadPamplona","twitter_site":"@LaGuiadPamplona","twitter_misc":{"Escrito por":"La Gu\u00eda de Pamplona","Tiempo de lectura":"3 minutos"},"schema":{"@context":"https:\/\/schema.org","@graph":[{"@type":"Article","@id":"https:\/\/www.laguiadepamplona.com\/actualidad\/la-policia-municipal-de-pamplona-contara-el-ano-que-viene-con-seis-nuevos-vehiculos-tipo-furgon\/#article","isPartOf":{"@id":"https:\/\/www.laguiadepamplona.com\/actualidad\/la-policia-municipal-de-pamplona-contara-el-ano-que-viene-con-seis-nuevos-vehiculos-tipo-furgon\/"},"author":{"name":"La Gu\u00eda de Pamplona","@id":"https:\/\/www.laguiadepamplona.com\/actualidad\/#\/schema\/person\/efe887376f0213d4657c93adc50b1fdb"},"headline":"La Polic\u00eda Municipal de Pamplona contar\u00e1 el a\u00f1o que viene con seis nuevos veh\u00edculos tipo furg\u00f3n","datePublished":"2023-06-16T11:39:34+00:00","mainEntityOfPage":{"@id":"https:\/\/www.laguiadepamplona.com\/actualidad\/la-policia-municipal-de-pamplona-contara-el-ano-que-viene-con-seis-nuevos-vehiculos-tipo-furgon\/"},"wordCount":504,"commentCount":0,"publisher":{"@id":"https:\/\/www.laguiadepamplona.com\/actualidad\/#organization"},"image":{"@id":"https:\/\/www.laguiadepamplona.com\/actualidad\/la-policia-municipal-de-pamplona-contara-el-ano-que-viene-con-seis-nuevos-vehiculos-tipo-furgon\/#primaryimage"},"thumbnailUrl":"https:\/\/www.laguiadepamplona.com\/actualidad\/wp-content\/uploads\/2023\/06\/municipal-policia-furgon.webp","articleSection":["Ayto Pamplona"],"inLanguage":"es","potentialAction":[{"@type":"CommentAction","name":"Comment","target":["https:\/\/www.laguiadepamplona.com\/actualidad\/la-policia-municipal-de-pamplona-contara-el-ano-que-viene-con-seis-nuevos-vehiculos-tipo-furgon\/#respond"]}]},{"@type":"WebPage","@id":"https:\/\/www.laguiadepamplona.com\/actualidad\/la-policia-municipal-de-pamplona-contara-el-ano-que-viene-con-seis-nuevos-vehiculos-tipo-furgon\/","url":"https:\/\/www.laguiadepamplona.com\/actualidad\/la-policia-municipal-de-pamplona-contara-el-ano-que-viene-con-seis-nuevos-vehiculos-tipo-furgon\/","name":"La Polic\u00eda Municipal de Pamplona contar\u00e1 el a\u00f1o que viene con seis nuevos veh\u00edculos tipo furg\u00f3n","isPartOf":{"@id":"https:\/\/www.laguiadepamplona.com\/actualidad\/#website"},"primaryImageOfPage":{"@id":"https:\/\/www.laguiadepamplona.com\/actualidad\/la-policia-municipal-de-pamplona-contara-el-ano-que-viene-con-seis-nuevos-vehiculos-tipo-furgon\/#primaryimage"},"image":{"@id":"https:\/\/www.laguiadepamplona.com\/actualidad\/la-policia-municipal-de-pamplona-contara-el-ano-que-viene-con-seis-nuevos-vehiculos-tipo-furgon\/#primaryimage"},"thumbnailUrl":"https:\/\/www.laguiadepamplona.com\/actualidad\/wp-content\/uploads\/2023\/06\/municipal-policia-furgon.webp","datePublished":"2023-06-16T11:39:34+00:00","description":"El Ayuntamiento ha licitado un contrato de alquiler de esos nuevos veh\u00edculos para cuatro a\u00f1os, con un presupuesto de 470.000 euros","breadcrumb":{"@id":"https:\/\/www.laguiadepamplona.com\/actualidad\/la-policia-municipal-de-pamplona-contara-el-ano-que-viene-con-seis-nuevos-vehiculos-tipo-furgon\/#breadcrumb"},"inLanguage":"es","potentialAction":[{"@type":"ReadAction","target":["https:\/\/www.laguiadepamplona.com\/actualidad\/la-policia-municipal-de-pamplona-contara-el-ano-que-viene-con-seis-nuevos-vehiculos-tipo-furgon\/"]}]},{"@type":"ImageObject","inLanguage":"es","@id":"https:\/\/www.laguiadepamplona.com\/actualidad\/la-policia-municipal-de-pamplona-contara-el-ano-que-viene-con-seis-nuevos-vehiculos-tipo-furgon\/#primaryimage","url":"https:\/\/www.laguiadepamplona.com\/actualidad\/wp-content\/uploads\/2023\/06\/municipal-policia-furgon.webp","contentUrl":"https:\/\/www.laguiadepamplona.com\/actualidad\/wp-content\/uploads\/2023\/06\/municipal-policia-furgon.webp","width":1480,"height":933,"caption":"polic\u00eda"},{"@type":"BreadcrumbList","@id":"https:\/\/www.laguiadepamplona.com\/actualidad\/la-policia-municipal-de-pamplona-contara-el-ano-que-viene-con-seis-nuevos-vehiculos-tipo-furgon\/#breadcrumb","itemListElement":[{"@type":"ListItem","position":1,"name":"Portada","item":"https:\/\/www.laguiadepamplona.com\/actualidad\/"},{"@type":"ListItem","position":2,"name":"La Polic\u00eda Municipal de Pamplona contar\u00e1 el a\u00f1o que viene con seis nuevos veh\u00edculos tipo furg\u00f3n"}]},{"@type":"WebSite","@id":"https:\/\/www.laguiadepamplona.com\/actualidad\/#website","url":"https:\/\/www.laguiadepamplona.com\/actualidad\/","name":"La gu\u00eda de Pamplona","description":"Noticias de Pamplona","publisher":{"@id":"https:\/\/www.laguiadepamplona.com\/actualidad\/#organization"},"potentialAction":[{"@type":"SearchAction","target":{"@type":"EntryPoint","urlTemplate":"https:\/\/www.laguiadepamplona.com\/actualidad\/?s={search_term_string}"},"query-input":{"@type":"PropertyValueSpecification","valueRequired":true,"valueName":"search_term_string"}}],"inLanguage":"es"},{"@type":"Organization","@id":"https:\/\/www.laguiadepamplona.com\/actualidad\/#organization","name":"La Gu\u00eda de Pamplona \/ Noticias","url":"https:\/\/www.laguiadepamplona.com\/actualidad\/","logo":{"@type":"ImageObject","inLanguage":"es","@id":"https:\/\/www.laguiadepamplona.com\/actualidad\/#\/schema\/logo\/image\/","url":"https:\/\/www.laguiadepamplona.com\/actualidad\/wp-content\/uploads\/2018\/11\/logo-laguiadepamplona18-web1.png","contentUrl":"https:\/\/www.laguiadepamplona.com\/actualidad\/wp-content\/uploads\/2018\/11\/logo-laguiadepamplona18-web1.png","width":600,"height":196,"caption":"La Gu\u00eda de Pamplona \/ Noticias"},"image":{"@id":"https:\/\/www.laguiadepamplona.com\/actualidad\/#\/schema\/logo\/image\/"},"sameAs":["https:\/\/www.facebook.com\/laguiadepamplonacom-133175176762273\/?ref=hl","https:\/\/x.com\/LaGuiadPamplona","https:\/\/www.instagram.com\/la_guia_de_pamplona\/","https:\/\/www.youtube.com\/user\/laguiadepamplona"]},{"@type":"Person","@id":"https:\/\/www.laguiadepamplona.com\/actualidad\/#\/schema\/person\/efe887376f0213d4657c93adc50b1fdb","name":"La Gu\u00eda de Pamplona","image":{"@type":"ImageObject","inLanguage":"es","@id":"https:\/\/secure.gravatar.com\/avatar\/b6992f131dc8d30ab0dff15446e9d346d9dbd95992de0fef795073f5ea83a81c?s=96&d=mm&r=g","url":"https:\/\/secure.gravatar.com\/avatar\/b6992f131dc8d30ab0dff15446e9d346d9dbd95992de0fef795073f5ea83a81c?s=96&d=mm&r=g","contentUrl":"https:\/\/secure.gravatar.com\/avatar\/b6992f131dc8d30ab0dff15446e9d346d9dbd95992de0fef795073f5ea83a81c?s=96&d=mm&r=g","caption":"La Gu\u00eda de Pamplona"}}]}},"post_mailing_queue_ids":[],"_links":{"self":[{"href":"https:\/\/www.laguiadepamplona.com\/actualidad\/wp-json\/wp\/v2\/posts\/47084","targetHints":{"allow":["GET"]}}],"collection":[{"href":"https:\/\/www.laguiadepamplona.com\/actualidad\/wp-json\/wp\/v2\/posts"}],"about":[{"href":"https:\/\/www.laguiadepamplona.com\/actualidad\/wp-json\/wp\/v2\/types\/post"}],"author":[{"embeddable":true,"href":"https:\/\/www.laguiadepamplona.com\/actualidad\/wp-json\/wp\/v2\/users\/1"}],"replies":[{"embeddable":true,"href":"https:\/\/www.laguiadepamplona.com\/actualidad\/wp-json\/wp\/v2\/comments?post=47084"}],"version-history":[{"count":1,"href":"https:\/\/www.laguiadepamplona.com\/actualidad\/wp-json\/wp\/v2\/posts\/47084\/revisions"}],"predecessor-version":[{"id":47086,"href":"https:\/\/www.laguiadepamplona.com\/actualidad\/wp-json\/wp\/v2\/posts\/47084\/revisions\/47086"}],"wp:featuredmedia":[{"embeddable":true,"href":"https:\/\/www.laguiadepamplona.com\/actualidad\/wp-json\/wp\/v2\/media\/47085"}],"wp:attachment":[{"href":"https:\/\/www.laguiadepamplona.com\/actualidad\/wp-json\/wp\/v2\/media?parent=47084"}],"wp:term":[{"taxonomy":"category","embeddable":true,"href":"https:\/\/www.laguiadepamplona.com\/actualidad\/wp-json\/wp\/v2\/categories?post=47084"},{"taxonomy":"post_tag","embeddable":true,"href":"https:\/\/www.laguiadepamplona.com\/actualidad\/wp-json\/wp\/v2\/tags?post=47084"}],"curies":[{"name":"wp","href":"https:\/\/api.w.org\/{rel}","templated":true}]}}