{"id":47078,"date":"2023-06-16T13:34:30","date_gmt":"2023-06-16T11:34:30","guid":{"rendered":"https:\/\/www.laguiadepamplona.com\/actualidad\/?p=47078"},"modified":"2023-06-16T13:34:30","modified_gmt":"2023-06-16T11:34:30","slug":"una-veintena-de-ninos-y-ninas-con-discapacidad-intelectual-participan-en-cursos-municipales-para-aprender-a-montar-en-bicicleta-y-circular-de-manera-segura-por-la-ciudad","status":"publish","type":"post","link":"https:\/\/www.laguiadepamplona.com\/actualidad\/una-veintena-de-ninos-y-ninas-con-discapacidad-intelectual-participan-en-cursos-municipales-para-aprender-a-montar-en-bicicleta-y-circular-de-manera-segura-por-la-ciudad\/","title":{"rendered":"Una veintena de ni\u00f1os y ni\u00f1as con discapacidad intelectual participan en cursos municipales para aprender a montar en bicicleta y circular de manera segura por la ciudad"},"content":{"rendered":"<h3>La segunda edici\u00f3n de esta experiencia piloto, alineada con el Plan Estrat\u00e9gico de Accesibilidad Integral, cuenta con monitores especializados<\/h3>\n<p><!--more--><\/p>\n<p>Una veintena de ni\u00f1os y ni\u00f1as con discapacidad intelectual se est\u00e1n formando en una experiencia piloto para aprender a montar en bicicleta y alcanzar poco a poco la capacidad de circular de forma segura por el n\u00facleo urbano. Estos participantes pertenecen a la <a href=\"https:\/\/www.d-espacio.org\/\" target=\"_blank\" rel=\"noopener\">asociaci\u00f3n D-Espacio<\/a>, que agrupa a personas con discapacidad intelectual, sus familias y personas amigas en torno a la necesidad de generar para ellos y ellas oportunidades de ocio inclusivo. Con edades entre los 5 y los 19 a\u00f1os, se forman para ganar habilidad y autonom\u00eda en sus desplazamientos en bicicleta. Se trata adem\u00e1s de una formaci\u00f3n que favorece la actividad f\u00edsica y la salud de quienes participan y de sus familias, puesto que estos cursos fomentan la organizaci\u00f3n por parte de la asociaci\u00f3n de actividades ligadas al uso de la bicicleta, como salidas conjuntas a la naturaleza.<\/p>\n<p>El Ayuntamiento asume los gastos para impartir el curso, contratando a personas expertas en formaci\u00f3n y con sensibilidad y experiencia en el trato de todas las personas. Algunos de los participantes no disponen de bicicleta y el consistorio se las ha facilitado para poder desarrollar la actividad formativa. La asociaci\u00f3n se ha encargado de informar a las familias y facilitar el lugar de realizaci\u00f3n del curso, que cumple con condiciones de seguridad y tranquilidad para las personas usuarias: concretamente, los espacios exteriores y deportivos con los que cuenta el Seminario de Pamplona, donde la asociaci\u00f3n tiene su sede.<br \/>\n<script async src=\"\/\/pagead2.googlesyndication.com\/pagead\/js\/adsbygoogle.js\"><\/script><br \/>\n<!-- Noticias La Guia de Pamplona --><br \/>\n<ins class=\"adsbygoogle\"\nstyle=\"display:block\"\ndata-ad-client=\"ca-pub-6943679897239327\"\ndata-ad-slot=\"7048180777\"\ndata-ad-format=\"auto\"><\/ins><br \/>\n<script>\n(adsbygoogle = window.adsbygoogle || []).push({});\n<\/script><\/p>\n<p>La actividad propuesta por el Ayuntamiento de Pamplona consiste en un primer curso formativo de nivel iniciaci\u00f3n, en el que las personas participantes aprenden a montar en bicicleta. Este curso tiene una duraci\u00f3n de ocho horas, distribuidas en cuatro sesiones de dos horas los fines de semana. La actividad la monitorizan Erkuden Almagro y Merche Etayo, integrantes de la asociaci\u00f3n Mujeres en Bici y expertas en la formaci\u00f3n ciclista de personas con necesidades de inclusi\u00f3n, y que forman parte adem\u00e1s del equipo t\u00e9cnico de la biciescuela para escolares y para personas adultas.<\/p>\n<p>En la primera tanda de la iniciativa, desarrollada entre febrero y abril de este a\u00f1o, participaron 16 chicos y chicas, que la realizaron en dos turnos, divididos por edades: un grupo de 5 a 14 a\u00f1os y otro, de 14 a 19. Ante los buenos resultados de esta primera experiencia de biciescuela inclusiva, se est\u00e1 realizando una segunda edici\u00f3n estos d\u00edas, con chicos y chicas que participan por primera vez, y algunos que repiten y consolidan sus habilidades sobre la bicicleta. Esta segunda tanda se desarrolla en tres sesiones durante el mes de junio.<\/p>\n<p>La propuesta se engloba en las actividades formativas que el Ayuntamiento de la ciudad ofrece para aprender a montar y circular en bicicleta con seguridad en nuestra ciudad. Adem\u00e1s, se alinea con el <a href=\"https:\/\/www.pamplona.es\/plan-estrategico-accesibilidad-integral-pamplona\" target=\"_blank\" rel=\"noopener\">Plan Estrat\u00e9gico de Accesibilidad Integral<\/a>, redactado recientemente. En el proceso de elaboraci\u00f3n de este plan han participado colectivos representantes de personas con diversas discapacidades, para velar por su integraci\u00f3n en las actividades formativas, culturales, deportivas y de otra \u00edndole que programe el ayuntamiento y que se tengan en cuenta sus necesidades para contar con las mismas oportunidades, deberes y derechos que el conjunto de la poblaci\u00f3n.<br \/>\n<script async src=\"\/\/pagead2.googlesyndication.com\/pagead\/js\/adsbygoogle.js\"><\/script><br \/>\n<!-- Noticias La Guia de Pamplona --><br \/>\n<ins class=\"adsbygoogle\"\nstyle=\"display:block\"\ndata-ad-client=\"ca-pub-6943679897239327\"\ndata-ad-slot=\"7048180777\"\ndata-ad-format=\"auto\"><\/ins><br \/>\n<script>\n(adsbygoogle = window.adsbygoogle || []).push({});\n<\/script><\/p>\n<p><strong>Estrategias por la sostenibilidad<\/strong><\/p>\n<p>El Ayuntamiento de Pamplona promueve acciones formativas para impulsar el uso de la bicicleta como medio de desplazamiento cotidiano, en el marco de la Agenda Urbana de Pamplona 2030 y la estrategia Go Green Pamplona de Transici\u00f3n Energ\u00e9tica y Cambio Clim\u00e1tico 2020-2030. Ambas estrategias marco incorporan acciones encaminadas a lograr una movilidad sostenible, saludable e inclusiva, incorporando entre sus principales valores el cuidado del medio ambiente y tambi\u00e9n de todas las personas que viven en la ciudad, sin exclusiones.<br \/>\n<script async src=\"\/\/pagead2.googlesyndication.com\/pagead\/js\/adsbygoogle.js\"><\/script><br \/>\n<!-- Noticias La Guia de Pamplona --><br \/>\n<ins class=\"adsbygoogle\"\nstyle=\"display:block\"\ndata-ad-client=\"ca-pub-6943679897239327\"\ndata-ad-slot=\"7048180777\"\ndata-ad-format=\"auto\"><\/ins><br \/>\n<script>\n(adsbygoogle = window.adsbygoogle || []).push({});\n<\/script><\/p>\n<p>&nbsp;<\/p>\n<h3>Biciescuela Inclusiva<\/h3>\n<ul>\n<li>Sesiones para aprender a montar en bicicleta y alcanzar habilidad para llegar a circular de manera segura\n<ul>\n<li>Participantes: 25 personas<\/li>\n<li>Segunda edici\u00f3n: junio de 2023<\/li>\n<\/ul>\n<\/li>\n<\/ul>\n","protected":false},"excerpt":{"rendered":"<p>La segunda edici\u00f3n de esta experiencia piloto, alineada con el Plan Estrat\u00e9gico de Accesibilidad Integral, cuenta con monitores especializados<\/p>\n","protected":false},"author":1,"featured_media":47079,"comment_status":"open","ping_status":"closed","sticky":false,"template":"","format":"standard","meta":{"footnotes":""},"categories":[2],"tags":[],"class_list":["post-47078","post","type-post","status-publish","format-standard","has-post-thumbnail","hentry","category-ayuntamiento-pamplona"],"yoast_head":"<!-- This site is optimized with the Yoast SEO plugin v27.3 - https:\/\/yoast.com\/product\/yoast-seo-wordpress\/ -->\n<title>Una veintena de ni\u00f1os y ni\u00f1as con discapacidad intelectual participan en cursos municipales para aprender a montar en bicicleta y circular de manera segura por la ciudad<\/title>\n<meta name=\"description\" content=\"La segunda edici\u00f3n de esta experiencia piloto, alineada con el Plan Estrat\u00e9gico de Accesibilidad Integral, cuenta con monitores especializados\" \/>\n<meta name=\"robots\" content=\"index, follow, max-snippet:-1, max-image-preview:large, max-video-preview:-1\" \/>\n<link rel=\"canonical\" href=\"https:\/\/www.laguiadepamplona.com\/actualidad\/una-veintena-de-ninos-y-ninas-con-discapacidad-intelectual-participan-en-cursos-municipales-para-aprender-a-montar-en-bicicleta-y-circular-de-manera-segura-por-la-ciudad\/\" \/>\n<meta property=\"og:locale\" content=\"es_ES\" \/>\n<meta property=\"og:type\" content=\"article\" \/>\n<meta property=\"og:title\" content=\"Una veintena de ni\u00f1os y ni\u00f1as con discapacidad intelectual participan en cursos municipales para aprender a montar en bicicleta y circular de manera segura por la ciudad\" \/>\n<meta property=\"og:description\" content=\"La segunda edici\u00f3n de esta experiencia piloto, alineada con el Plan Estrat\u00e9gico de Accesibilidad Integral, cuenta con monitores especializados\" \/>\n<meta property=\"og:url\" content=\"https:\/\/www.laguiadepamplona.com\/actualidad\/una-veintena-de-ninos-y-ninas-con-discapacidad-intelectual-participan-en-cursos-municipales-para-aprender-a-montar-en-bicicleta-y-circular-de-manera-segura-por-la-ciudad\/\" \/>\n<meta property=\"og:site_name\" content=\"La Gu\u00eda de Pamplona\" \/>\n<meta property=\"article:publisher\" content=\"https:\/\/www.facebook.com\/laguiadepamplonacom-133175176762273\/?ref=hl\" \/>\n<meta property=\"article:published_time\" content=\"2023-06-16T11:34:30+00:00\" \/>\n<meta property=\"og:image\" content=\"https:\/\/www.laguiadepamplona.com\/actualidad\/wp-content\/uploads\/2023\/06\/biciescuela-discapacidad-intelectual.webp\" \/>\n\t<meta property=\"og:image:width\" content=\"1600\" \/>\n\t<meta property=\"og:image:height\" content=\"868\" \/>\n\t<meta property=\"og:image:type\" content=\"image\/webp\" \/>\n<meta name=\"author\" content=\"La Gu\u00eda de Pamplona\" \/>\n<meta name=\"twitter:card\" content=\"summary_large_image\" \/>\n<meta name=\"twitter:creator\" content=\"@LaGuiadPamplona\" \/>\n<meta name=\"twitter:site\" content=\"@LaGuiadPamplona\" \/>\n<meta name=\"twitter:label1\" content=\"Escrito por\" \/>\n\t<meta name=\"twitter:data1\" content=\"La Gu\u00eda de Pamplona\" \/>\n\t<meta name=\"twitter:label2\" content=\"Tiempo de lectura\" \/>\n\t<meta name=\"twitter:data2\" content=\"3 minutos\" \/>\n<script type=\"application\/ld+json\" class=\"yoast-schema-graph\">{\"@context\":\"https:\\\/\\\/schema.org\",\"@graph\":[{\"@type\":\"Article\",\"@id\":\"https:\\\/\\\/www.laguiadepamplona.com\\\/actualidad\\\/una-veintena-de-ninos-y-ninas-con-discapacidad-intelectual-participan-en-cursos-municipales-para-aprender-a-montar-en-bicicleta-y-circular-de-manera-segura-por-la-ciudad\\\/#article\",\"isPartOf\":{\"@id\":\"https:\\\/\\\/www.laguiadepamplona.com\\\/actualidad\\\/una-veintena-de-ninos-y-ninas-con-discapacidad-intelectual-participan-en-cursos-municipales-para-aprender-a-montar-en-bicicleta-y-circular-de-manera-segura-por-la-ciudad\\\/\"},\"author\":{\"name\":\"La Gu\u00eda de Pamplona\",\"@id\":\"https:\\\/\\\/www.laguiadepamplona.com\\\/actualidad\\\/#\\\/schema\\\/person\\\/efe887376f0213d4657c93adc50b1fdb\"},\"headline\":\"Una veintena de ni\u00f1os y ni\u00f1as con discapacidad intelectual participan en cursos municipales para aprender a montar en bicicleta y circular de manera segura por la ciudad\",\"datePublished\":\"2023-06-16T11:34:30+00:00\",\"mainEntityOfPage\":{\"@id\":\"https:\\\/\\\/www.laguiadepamplona.com\\\/actualidad\\\/una-veintena-de-ninos-y-ninas-con-discapacidad-intelectual-participan-en-cursos-municipales-para-aprender-a-montar-en-bicicleta-y-circular-de-manera-segura-por-la-ciudad\\\/\"},\"wordCount\":711,\"commentCount\":0,\"publisher\":{\"@id\":\"https:\\\/\\\/www.laguiadepamplona.com\\\/actualidad\\\/#organization\"},\"image\":{\"@id\":\"https:\\\/\\\/www.laguiadepamplona.com\\\/actualidad\\\/una-veintena-de-ninos-y-ninas-con-discapacidad-intelectual-participan-en-cursos-municipales-para-aprender-a-montar-en-bicicleta-y-circular-de-manera-segura-por-la-ciudad\\\/#primaryimage\"},\"thumbnailUrl\":\"https:\\\/\\\/www.laguiadepamplona.com\\\/actualidad\\\/wp-content\\\/uploads\\\/2023\\\/06\\\/biciescuela-discapacidad-intelectual.webp\",\"articleSection\":[\"Ayto Pamplona\"],\"inLanguage\":\"es\",\"potentialAction\":[{\"@type\":\"CommentAction\",\"name\":\"Comment\",\"target\":[\"https:\\\/\\\/www.laguiadepamplona.com\\\/actualidad\\\/una-veintena-de-ninos-y-ninas-con-discapacidad-intelectual-participan-en-cursos-municipales-para-aprender-a-montar-en-bicicleta-y-circular-de-manera-segura-por-la-ciudad\\\/#respond\"]}]},{\"@type\":\"WebPage\",\"@id\":\"https:\\\/\\\/www.laguiadepamplona.com\\\/actualidad\\\/una-veintena-de-ninos-y-ninas-con-discapacidad-intelectual-participan-en-cursos-municipales-para-aprender-a-montar-en-bicicleta-y-circular-de-manera-segura-por-la-ciudad\\\/\",\"url\":\"https:\\\/\\\/www.laguiadepamplona.com\\\/actualidad\\\/una-veintena-de-ninos-y-ninas-con-discapacidad-intelectual-participan-en-cursos-municipales-para-aprender-a-montar-en-bicicleta-y-circular-de-manera-segura-por-la-ciudad\\\/\",\"name\":\"Una veintena de ni\u00f1os y ni\u00f1as con discapacidad intelectual participan en cursos municipales para aprender a montar en bicicleta y circular de manera segura por la ciudad\",\"isPartOf\":{\"@id\":\"https:\\\/\\\/www.laguiadepamplona.com\\\/actualidad\\\/#website\"},\"primaryImageOfPage\":{\"@id\":\"https:\\\/\\\/www.laguiadepamplona.com\\\/actualidad\\\/una-veintena-de-ninos-y-ninas-con-discapacidad-intelectual-participan-en-cursos-municipales-para-aprender-a-montar-en-bicicleta-y-circular-de-manera-segura-por-la-ciudad\\\/#primaryimage\"},\"image\":{\"@id\":\"https:\\\/\\\/www.laguiadepamplona.com\\\/actualidad\\\/una-veintena-de-ninos-y-ninas-con-discapacidad-intelectual-participan-en-cursos-municipales-para-aprender-a-montar-en-bicicleta-y-circular-de-manera-segura-por-la-ciudad\\\/#primaryimage\"},\"thumbnailUrl\":\"https:\\\/\\\/www.laguiadepamplona.com\\\/actualidad\\\/wp-content\\\/uploads\\\/2023\\\/06\\\/biciescuela-discapacidad-intelectual.webp\",\"datePublished\":\"2023-06-16T11:34:30+00:00\",\"description\":\"La segunda edici\u00f3n de esta experiencia piloto, alineada con el Plan Estrat\u00e9gico de Accesibilidad Integral, cuenta con monitores especializados\",\"breadcrumb\":{\"@id\":\"https:\\\/\\\/www.laguiadepamplona.com\\\/actualidad\\\/una-veintena-de-ninos-y-ninas-con-discapacidad-intelectual-participan-en-cursos-municipales-para-aprender-a-montar-en-bicicleta-y-circular-de-manera-segura-por-la-ciudad\\\/#breadcrumb\"},\"inLanguage\":\"es\",\"potentialAction\":[{\"@type\":\"ReadAction\",\"target\":[\"https:\\\/\\\/www.laguiadepamplona.com\\\/actualidad\\\/una-veintena-de-ninos-y-ninas-con-discapacidad-intelectual-participan-en-cursos-municipales-para-aprender-a-montar-en-bicicleta-y-circular-de-manera-segura-por-la-ciudad\\\/\"]}]},{\"@type\":\"ImageObject\",\"inLanguage\":\"es\",\"@id\":\"https:\\\/\\\/www.laguiadepamplona.com\\\/actualidad\\\/una-veintena-de-ninos-y-ninas-con-discapacidad-intelectual-participan-en-cursos-municipales-para-aprender-a-montar-en-bicicleta-y-circular-de-manera-segura-por-la-ciudad\\\/#primaryimage\",\"url\":\"https:\\\/\\\/www.laguiadepamplona.com\\\/actualidad\\\/wp-content\\\/uploads\\\/2023\\\/06\\\/biciescuela-discapacidad-intelectual.webp\",\"contentUrl\":\"https:\\\/\\\/www.laguiadepamplona.com\\\/actualidad\\\/wp-content\\\/uploads\\\/2023\\\/06\\\/biciescuela-discapacidad-intelectual.webp\",\"width\":1600,\"height\":868,\"caption\":\"biciescuela\"},{\"@type\":\"BreadcrumbList\",\"@id\":\"https:\\\/\\\/www.laguiadepamplona.com\\\/actualidad\\\/una-veintena-de-ninos-y-ninas-con-discapacidad-intelectual-participan-en-cursos-municipales-para-aprender-a-montar-en-bicicleta-y-circular-de-manera-segura-por-la-ciudad\\\/#breadcrumb\",\"itemListElement\":[{\"@type\":\"ListItem\",\"position\":1,\"name\":\"Portada\",\"item\":\"https:\\\/\\\/www.laguiadepamplona.com\\\/actualidad\\\/\"},{\"@type\":\"ListItem\",\"position\":2,\"name\":\"Una veintena de ni\u00f1os y ni\u00f1as con discapacidad intelectual participan en cursos municipales para aprender a montar en bicicleta y circular de manera segura por la ciudad\"}]},{\"@type\":\"WebSite\",\"@id\":\"https:\\\/\\\/www.laguiadepamplona.com\\\/actualidad\\\/#website\",\"url\":\"https:\\\/\\\/www.laguiadepamplona.com\\\/actualidad\\\/\",\"name\":\"La gu\u00eda de Pamplona\",\"description\":\"Noticias de Pamplona\",\"publisher\":{\"@id\":\"https:\\\/\\\/www.laguiadepamplona.com\\\/actualidad\\\/#organization\"},\"potentialAction\":[{\"@type\":\"SearchAction\",\"target\":{\"@type\":\"EntryPoint\",\"urlTemplate\":\"https:\\\/\\\/www.laguiadepamplona.com\\\/actualidad\\\/?s={search_term_string}\"},\"query-input\":{\"@type\":\"PropertyValueSpecification\",\"valueRequired\":true,\"valueName\":\"search_term_string\"}}],\"inLanguage\":\"es\"},{\"@type\":\"Organization\",\"@id\":\"https:\\\/\\\/www.laguiadepamplona.com\\\/actualidad\\\/#organization\",\"name\":\"La Gu\u00eda de Pamplona \\\/ Noticias\",\"url\":\"https:\\\/\\\/www.laguiadepamplona.com\\\/actualidad\\\/\",\"logo\":{\"@type\":\"ImageObject\",\"inLanguage\":\"es\",\"@id\":\"https:\\\/\\\/www.laguiadepamplona.com\\\/actualidad\\\/#\\\/schema\\\/logo\\\/image\\\/\",\"url\":\"https:\\\/\\\/www.laguiadepamplona.com\\\/actualidad\\\/wp-content\\\/uploads\\\/2018\\\/11\\\/logo-laguiadepamplona18-web1.png\",\"contentUrl\":\"https:\\\/\\\/www.laguiadepamplona.com\\\/actualidad\\\/wp-content\\\/uploads\\\/2018\\\/11\\\/logo-laguiadepamplona18-web1.png\",\"width\":600,\"height\":196,\"caption\":\"La Gu\u00eda de Pamplona \\\/ Noticias\"},\"image\":{\"@id\":\"https:\\\/\\\/www.laguiadepamplona.com\\\/actualidad\\\/#\\\/schema\\\/logo\\\/image\\\/\"},\"sameAs\":[\"https:\\\/\\\/www.facebook.com\\\/laguiadepamplonacom-133175176762273\\\/?ref=hl\",\"https:\\\/\\\/x.com\\\/LaGuiadPamplona\",\"https:\\\/\\\/www.instagram.com\\\/la_guia_de_pamplona\\\/\",\"https:\\\/\\\/www.youtube.com\\\/user\\\/laguiadepamplona\"]},{\"@type\":\"Person\",\"@id\":\"https:\\\/\\\/www.laguiadepamplona.com\\\/actualidad\\\/#\\\/schema\\\/person\\\/efe887376f0213d4657c93adc50b1fdb\",\"name\":\"La Gu\u00eda de Pamplona\",\"image\":{\"@type\":\"ImageObject\",\"inLanguage\":\"es\",\"@id\":\"https:\\\/\\\/secure.gravatar.com\\\/avatar\\\/b6992f131dc8d30ab0dff15446e9d346d9dbd95992de0fef795073f5ea83a81c?s=96&d=mm&r=g\",\"url\":\"https:\\\/\\\/secure.gravatar.com\\\/avatar\\\/b6992f131dc8d30ab0dff15446e9d346d9dbd95992de0fef795073f5ea83a81c?s=96&d=mm&r=g\",\"contentUrl\":\"https:\\\/\\\/secure.gravatar.com\\\/avatar\\\/b6992f131dc8d30ab0dff15446e9d346d9dbd95992de0fef795073f5ea83a81c?s=96&d=mm&r=g\",\"caption\":\"La Gu\u00eda de Pamplona\"}}]}<\/script>\n<!-- \/ Yoast SEO plugin. -->","yoast_head_json":{"title":"Una veintena de ni\u00f1os y ni\u00f1as con discapacidad intelectual participan en cursos municipales para aprender a montar en bicicleta y circular de manera segura por la ciudad","description":"La segunda edici\u00f3n de esta experiencia piloto, alineada con el Plan Estrat\u00e9gico de Accesibilidad Integral, cuenta con monitores especializados","robots":{"index":"index","follow":"follow","max-snippet":"max-snippet:-1","max-image-preview":"max-image-preview:large","max-video-preview":"max-video-preview:-1"},"canonical":"https:\/\/www.laguiadepamplona.com\/actualidad\/una-veintena-de-ninos-y-ninas-con-discapacidad-intelectual-participan-en-cursos-municipales-para-aprender-a-montar-en-bicicleta-y-circular-de-manera-segura-por-la-ciudad\/","og_locale":"es_ES","og_type":"article","og_title":"Una veintena de ni\u00f1os y ni\u00f1as con discapacidad intelectual participan en cursos municipales para aprender a montar en bicicleta y circular de manera segura por la ciudad","og_description":"La segunda edici\u00f3n de esta experiencia piloto, alineada con el Plan Estrat\u00e9gico de Accesibilidad Integral, cuenta con monitores especializados","og_url":"https:\/\/www.laguiadepamplona.com\/actualidad\/una-veintena-de-ninos-y-ninas-con-discapacidad-intelectual-participan-en-cursos-municipales-para-aprender-a-montar-en-bicicleta-y-circular-de-manera-segura-por-la-ciudad\/","og_site_name":"La Gu\u00eda de Pamplona","article_publisher":"https:\/\/www.facebook.com\/laguiadepamplonacom-133175176762273\/?ref=hl","article_published_time":"2023-06-16T11:34:30+00:00","og_image":[{"width":1600,"height":868,"url":"https:\/\/www.laguiadepamplona.com\/actualidad\/wp-content\/uploads\/2023\/06\/biciescuela-discapacidad-intelectual.webp","type":"image\/webp"}],"author":"La Gu\u00eda de Pamplona","twitter_card":"summary_large_image","twitter_creator":"@LaGuiadPamplona","twitter_site":"@LaGuiadPamplona","twitter_misc":{"Escrito por":"La Gu\u00eda de Pamplona","Tiempo de lectura":"3 minutos"},"schema":{"@context":"https:\/\/schema.org","@graph":[{"@type":"Article","@id":"https:\/\/www.laguiadepamplona.com\/actualidad\/una-veintena-de-ninos-y-ninas-con-discapacidad-intelectual-participan-en-cursos-municipales-para-aprender-a-montar-en-bicicleta-y-circular-de-manera-segura-por-la-ciudad\/#article","isPartOf":{"@id":"https:\/\/www.laguiadepamplona.com\/actualidad\/una-veintena-de-ninos-y-ninas-con-discapacidad-intelectual-participan-en-cursos-municipales-para-aprender-a-montar-en-bicicleta-y-circular-de-manera-segura-por-la-ciudad\/"},"author":{"name":"La Gu\u00eda de Pamplona","@id":"https:\/\/www.laguiadepamplona.com\/actualidad\/#\/schema\/person\/efe887376f0213d4657c93adc50b1fdb"},"headline":"Una veintena de ni\u00f1os y ni\u00f1as con discapacidad intelectual participan en cursos municipales para aprender a montar en bicicleta y circular de manera segura por la ciudad","datePublished":"2023-06-16T11:34:30+00:00","mainEntityOfPage":{"@id":"https:\/\/www.laguiadepamplona.com\/actualidad\/una-veintena-de-ninos-y-ninas-con-discapacidad-intelectual-participan-en-cursos-municipales-para-aprender-a-montar-en-bicicleta-y-circular-de-manera-segura-por-la-ciudad\/"},"wordCount":711,"commentCount":0,"publisher":{"@id":"https:\/\/www.laguiadepamplona.com\/actualidad\/#organization"},"image":{"@id":"https:\/\/www.laguiadepamplona.com\/actualidad\/una-veintena-de-ninos-y-ninas-con-discapacidad-intelectual-participan-en-cursos-municipales-para-aprender-a-montar-en-bicicleta-y-circular-de-manera-segura-por-la-ciudad\/#primaryimage"},"thumbnailUrl":"https:\/\/www.laguiadepamplona.com\/actualidad\/wp-content\/uploads\/2023\/06\/biciescuela-discapacidad-intelectual.webp","articleSection":["Ayto Pamplona"],"inLanguage":"es","potentialAction":[{"@type":"CommentAction","name":"Comment","target":["https:\/\/www.laguiadepamplona.com\/actualidad\/una-veintena-de-ninos-y-ninas-con-discapacidad-intelectual-participan-en-cursos-municipales-para-aprender-a-montar-en-bicicleta-y-circular-de-manera-segura-por-la-ciudad\/#respond"]}]},{"@type":"WebPage","@id":"https:\/\/www.laguiadepamplona.com\/actualidad\/una-veintena-de-ninos-y-ninas-con-discapacidad-intelectual-participan-en-cursos-municipales-para-aprender-a-montar-en-bicicleta-y-circular-de-manera-segura-por-la-ciudad\/","url":"https:\/\/www.laguiadepamplona.com\/actualidad\/una-veintena-de-ninos-y-ninas-con-discapacidad-intelectual-participan-en-cursos-municipales-para-aprender-a-montar-en-bicicleta-y-circular-de-manera-segura-por-la-ciudad\/","name":"Una veintena de ni\u00f1os y ni\u00f1as con discapacidad intelectual participan en cursos municipales para aprender a montar en bicicleta y circular de manera segura por la ciudad","isPartOf":{"@id":"https:\/\/www.laguiadepamplona.com\/actualidad\/#website"},"primaryImageOfPage":{"@id":"https:\/\/www.laguiadepamplona.com\/actualidad\/una-veintena-de-ninos-y-ninas-con-discapacidad-intelectual-participan-en-cursos-municipales-para-aprender-a-montar-en-bicicleta-y-circular-de-manera-segura-por-la-ciudad\/#primaryimage"},"image":{"@id":"https:\/\/www.laguiadepamplona.com\/actualidad\/una-veintena-de-ninos-y-ninas-con-discapacidad-intelectual-participan-en-cursos-municipales-para-aprender-a-montar-en-bicicleta-y-circular-de-manera-segura-por-la-ciudad\/#primaryimage"},"thumbnailUrl":"https:\/\/www.laguiadepamplona.com\/actualidad\/wp-content\/uploads\/2023\/06\/biciescuela-discapacidad-intelectual.webp","datePublished":"2023-06-16T11:34:30+00:00","description":"La segunda edici\u00f3n de esta experiencia piloto, alineada con el Plan Estrat\u00e9gico de Accesibilidad Integral, cuenta con monitores especializados","breadcrumb":{"@id":"https:\/\/www.laguiadepamplona.com\/actualidad\/una-veintena-de-ninos-y-ninas-con-discapacidad-intelectual-participan-en-cursos-municipales-para-aprender-a-montar-en-bicicleta-y-circular-de-manera-segura-por-la-ciudad\/#breadcrumb"},"inLanguage":"es","potentialAction":[{"@type":"ReadAction","target":["https:\/\/www.laguiadepamplona.com\/actualidad\/una-veintena-de-ninos-y-ninas-con-discapacidad-intelectual-participan-en-cursos-municipales-para-aprender-a-montar-en-bicicleta-y-circular-de-manera-segura-por-la-ciudad\/"]}]},{"@type":"ImageObject","inLanguage":"es","@id":"https:\/\/www.laguiadepamplona.com\/actualidad\/una-veintena-de-ninos-y-ninas-con-discapacidad-intelectual-participan-en-cursos-municipales-para-aprender-a-montar-en-bicicleta-y-circular-de-manera-segura-por-la-ciudad\/#primaryimage","url":"https:\/\/www.laguiadepamplona.com\/actualidad\/wp-content\/uploads\/2023\/06\/biciescuela-discapacidad-intelectual.webp","contentUrl":"https:\/\/www.laguiadepamplona.com\/actualidad\/wp-content\/uploads\/2023\/06\/biciescuela-discapacidad-intelectual.webp","width":1600,"height":868,"caption":"biciescuela"},{"@type":"BreadcrumbList","@id":"https:\/\/www.laguiadepamplona.com\/actualidad\/una-veintena-de-ninos-y-ninas-con-discapacidad-intelectual-participan-en-cursos-municipales-para-aprender-a-montar-en-bicicleta-y-circular-de-manera-segura-por-la-ciudad\/#breadcrumb","itemListElement":[{"@type":"ListItem","position":1,"name":"Portada","item":"https:\/\/www.laguiadepamplona.com\/actualidad\/"},{"@type":"ListItem","position":2,"name":"Una veintena de ni\u00f1os y ni\u00f1as con discapacidad intelectual participan en cursos municipales para aprender a montar en bicicleta y circular de manera segura por la ciudad"}]},{"@type":"WebSite","@id":"https:\/\/www.laguiadepamplona.com\/actualidad\/#website","url":"https:\/\/www.laguiadepamplona.com\/actualidad\/","name":"La gu\u00eda de Pamplona","description":"Noticias de Pamplona","publisher":{"@id":"https:\/\/www.laguiadepamplona.com\/actualidad\/#organization"},"potentialAction":[{"@type":"SearchAction","target":{"@type":"EntryPoint","urlTemplate":"https:\/\/www.laguiadepamplona.com\/actualidad\/?s={search_term_string}"},"query-input":{"@type":"PropertyValueSpecification","valueRequired":true,"valueName":"search_term_string"}}],"inLanguage":"es"},{"@type":"Organization","@id":"https:\/\/www.laguiadepamplona.com\/actualidad\/#organization","name":"La Gu\u00eda de Pamplona \/ Noticias","url":"https:\/\/www.laguiadepamplona.com\/actualidad\/","logo":{"@type":"ImageObject","inLanguage":"es","@id":"https:\/\/www.laguiadepamplona.com\/actualidad\/#\/schema\/logo\/image\/","url":"https:\/\/www.laguiadepamplona.com\/actualidad\/wp-content\/uploads\/2018\/11\/logo-laguiadepamplona18-web1.png","contentUrl":"https:\/\/www.laguiadepamplona.com\/actualidad\/wp-content\/uploads\/2018\/11\/logo-laguiadepamplona18-web1.png","width":600,"height":196,"caption":"La Gu\u00eda de Pamplona \/ Noticias"},"image":{"@id":"https:\/\/www.laguiadepamplona.com\/actualidad\/#\/schema\/logo\/image\/"},"sameAs":["https:\/\/www.facebook.com\/laguiadepamplonacom-133175176762273\/?ref=hl","https:\/\/x.com\/LaGuiadPamplona","https:\/\/www.instagram.com\/la_guia_de_pamplona\/","https:\/\/www.youtube.com\/user\/laguiadepamplona"]},{"@type":"Person","@id":"https:\/\/www.laguiadepamplona.com\/actualidad\/#\/schema\/person\/efe887376f0213d4657c93adc50b1fdb","name":"La Gu\u00eda de Pamplona","image":{"@type":"ImageObject","inLanguage":"es","@id":"https:\/\/secure.gravatar.com\/avatar\/b6992f131dc8d30ab0dff15446e9d346d9dbd95992de0fef795073f5ea83a81c?s=96&d=mm&r=g","url":"https:\/\/secure.gravatar.com\/avatar\/b6992f131dc8d30ab0dff15446e9d346d9dbd95992de0fef795073f5ea83a81c?s=96&d=mm&r=g","contentUrl":"https:\/\/secure.gravatar.com\/avatar\/b6992f131dc8d30ab0dff15446e9d346d9dbd95992de0fef795073f5ea83a81c?s=96&d=mm&r=g","caption":"La Gu\u00eda de Pamplona"}}]}},"post_mailing_queue_ids":[],"_links":{"self":[{"href":"https:\/\/www.laguiadepamplona.com\/actualidad\/wp-json\/wp\/v2\/posts\/47078","targetHints":{"allow":["GET"]}}],"collection":[{"href":"https:\/\/www.laguiadepamplona.com\/actualidad\/wp-json\/wp\/v2\/posts"}],"about":[{"href":"https:\/\/www.laguiadepamplona.com\/actualidad\/wp-json\/wp\/v2\/types\/post"}],"author":[{"embeddable":true,"href":"https:\/\/www.laguiadepamplona.com\/actualidad\/wp-json\/wp\/v2\/users\/1"}],"replies":[{"embeddable":true,"href":"https:\/\/www.laguiadepamplona.com\/actualidad\/wp-json\/wp\/v2\/comments?post=47078"}],"version-history":[{"count":1,"href":"https:\/\/www.laguiadepamplona.com\/actualidad\/wp-json\/wp\/v2\/posts\/47078\/revisions"}],"predecessor-version":[{"id":47080,"href":"https:\/\/www.laguiadepamplona.com\/actualidad\/wp-json\/wp\/v2\/posts\/47078\/revisions\/47080"}],"wp:featuredmedia":[{"embeddable":true,"href":"https:\/\/www.laguiadepamplona.com\/actualidad\/wp-json\/wp\/v2\/media\/47079"}],"wp:attachment":[{"href":"https:\/\/www.laguiadepamplona.com\/actualidad\/wp-json\/wp\/v2\/media?parent=47078"}],"wp:term":[{"taxonomy":"category","embeddable":true,"href":"https:\/\/www.laguiadepamplona.com\/actualidad\/wp-json\/wp\/v2\/categories?post=47078"},{"taxonomy":"post_tag","embeddable":true,"href":"https:\/\/www.laguiadepamplona.com\/actualidad\/wp-json\/wp\/v2\/tags?post=47078"}],"curies":[{"name":"wp","href":"https:\/\/api.w.org\/{rel}","templated":true}]}}