{"id":47075,"date":"2023-06-15T16:59:48","date_gmt":"2023-06-15T14:59:48","guid":{"rendered":"https:\/\/www.laguiadepamplona.com\/actualidad\/?p=47075"},"modified":"2023-06-15T16:59:48","modified_gmt":"2023-06-15T14:59:48","slug":"jardines-de-lluvia-mediana-bosque-y-un-carril-de-circulacion-mas-estrecho-para-calmar-el-trafico-el-nuevo-diseno-de-la-calle-fuente-del-hierro","status":"publish","type":"post","link":"https:\/\/www.laguiadepamplona.com\/actualidad\/jardines-de-lluvia-mediana-bosque-y-un-carril-de-circulacion-mas-estrecho-para-calmar-el-trafico-el-nuevo-diseno-de-la-calle-fuente-del-hierro\/","title":{"rendered":"Jardines de lluvia, mediana \u2018bosque\u2019 y un carril de circulaci\u00f3n m\u00e1s estrecho para calmar el tr\u00e1fico, el nuevo dise\u00f1o de la calle Fuente del Hierro"},"content":{"rendered":"<h3>Las obras comenzar\u00e1n despu\u00e9s de Sanfermines y se centrar\u00e1n en el tramo de v\u00eda situado entre la calle Pedro I e Iturrama<\/h3>\n<p><!--more--><\/p>\n<p>El Ayuntamiento de Pamplona ha adjudicado las obras para la renovaci\u00f3n y renaturalizaci\u00f3n de la calle Fuente del Hierro, en el tramo ubicado entre las calles Pedro I e Iturrama. Las obras, que comenzar\u00e1n en el mes de julio, tras las fiestas de San Ferm\u00edn, tendr\u00e1n un coste de 281.848,93 euros y ser\u00e1n ejecutadas por Lacunza Hermanos, siguiendo el dise\u00f1o de MKR Ingenier\u00eda. El objetivo de estos trabajos es lograr un espacio m\u00e1s sostenible, adaptado al cambio clim\u00e1tico, propiciando las zonas verdes de f\u00e1cil adaptaci\u00f3n al clima, con menores necesidades h\u00eddricas, y creando \u00e1reas de descanso a la sombra para la ciudadan\u00eda.<\/p>\n<p>En proyecto contempla, en concreto, la ampliaci\u00f3n de la superficie de aceras y mejorar la accesibilidad en los cruces peatonales de la calzada, reordenando los pasos de cebra y alej\u00e1ndolos de las intersecciones con las glorietas, de forma que se evite la parada de veh\u00edculos dentro de la rotonda. Adem\u00e1s, se prev\u00e9 un estrechamiento de los carriles como medida para reducir la velocidad de los veh\u00edculos. El espacio ganado redundar\u00e1 en una ampliaci\u00f3n de la anchura de la mediana, que se redise\u00f1ar\u00e1 siguiendo el concepto de \u2018bosque\u2019. Se mantendr\u00e1n los \u00e1rboles de gran porte, pero se sustituir\u00e1 el c\u00e9sped por plantas de f\u00e1cil mantenimiento, con un sustrato arbustivo y herb\u00e1ceo.<br \/>\n<script async src=\"\/\/pagead2.googlesyndication.com\/pagead\/js\/adsbygoogle.js\"><\/script><br \/>\n<!-- Noticias La Guia de Pamplona --><br \/>\n<ins class=\"adsbygoogle\"\nstyle=\"display:block\"\ndata-ad-client=\"ca-pub-6943679897239327\"\ndata-ad-slot=\"7048180777\"\ndata-ad-format=\"auto\"><\/ins><br \/>\n<script>\n(adsbygoogle = window.adsbygoogle || []).push({});\n<\/script><\/p>\n<p>Una de las propuestas clave de esta reforma es la creaci\u00f3n de espacios de estancia con superficies naturalizadas que integran jardines de lluvia, destacando el que se ha proyectado junto a la entrada de la ikastola Amaiur. En estas superficies naturalizadas que integran los jardines de lluvia se plantar\u00e1n especies vegetales capaces de soportar cierto grado de inundaci\u00f3n temporal, incluyendo \u00e1rboles y arbustos. Estos jardines recoger\u00e1n el agua de la calzada y las aceras para satisfacer sus propias necesidades h\u00eddricas y, si hay exceso, el agua recalar\u00e1 en un dep\u00f3sito de grava, donde quedar\u00e1 retenida temporalmente para su filtraci\u00f3n paulatina al terreno.<\/p>\n<p>El filtrado del agua de lluvia permite limpiarla de contaminantes antes de devolverla al terreno natural alcanzando con ello una mejora ambiental asociada. De igual manera, el incremento de superficies permeables al agua en la ciudad previene los posibles desbordamientos del sistema de alcantarillado, propios de las lluvias intensas que padecemos cada vez con mayor frecuencia, en alternancia con periodos secos.\u00a0 Las \u00e1reas de estancia ajardinadas incluir\u00e1n mobiliario urbano para permitir el reposo de peatones y caminantes a la sombra y abrigo de la vegetaci\u00f3n.<br \/>\n<script async src=\"\/\/pagead2.googlesyndication.com\/pagead\/js\/adsbygoogle.js\"><\/script><br \/>\n<!-- Noticias La Guia de Pamplona --><br \/>\n<ins class=\"adsbygoogle\"\nstyle=\"display:block\"\ndata-ad-client=\"ca-pub-6943679897239327\"\ndata-ad-slot=\"7048180777\"\ndata-ad-format=\"auto\"><\/ins><br \/>\n<script>\n(adsbygoogle = window.adsbygoogle || []).push({});\n<\/script><\/p>\n<p>Las obras incluyen la mejora de los itinerarios peatonales, ampliando la superficie disponible, la reubicaci\u00f3n puntual del carril bici en aquellos puntos donde se vea afectado y la reforma de la red de saneamiento y alumbrado, sobre todo en los pasos de peatones que van a ser todos reformados para aumentar la seguridad peatonal.<\/p>\n<p>Las obras comenzar\u00e1n el 17 de julio y se desarrollar\u00e1n por fases, que se ir\u00e1n solapando. En un primer momento se trabajar\u00e1 sobre la mediana y despu\u00e9s se abordar\u00e1 la ampliaci\u00f3n de las aceras. El objetivo es que la obra est\u00e9 finalizada en el mes de diciembre.<br \/>\n<script async src=\"\/\/pagead2.googlesyndication.com\/pagead\/js\/adsbygoogle.js\"><\/script><br \/>\n<!-- Noticias La Guia de Pamplona --><br \/>\n<ins class=\"adsbygoogle\"\nstyle=\"display:block\"\ndata-ad-client=\"ca-pub-6943679897239327\"\ndata-ad-slot=\"7048180777\"\ndata-ad-format=\"auto\"><\/ins><br \/>\n<script>\n(adsbygoogle = window.adsbygoogle || []).push({});\n<\/script><\/p>\n<p>El proyecto, que cuenta con financiaci\u00f3n de los fondos europeos Next Generation EU, se inscribe dentro del eje \u2018transici\u00f3n verde y sostenible\u2019 del proyecto Pamplona SF365. Con esta actuaci\u00f3n, se quiere potenciar la calle Fuente del Hierro, como un tramo del Camino de Santiago por la ciudad y que une la Ciudadela con el campus de la Universidad de Navarra, dos de los pulmones verdes de Pamplona. Igualmente, la actuaci\u00f3n est\u00e1 enmarcada en la Estrategia `Go Green Pamplona\u00b4 de Transici\u00f3n Energ\u00e9tica y Cambio Clim\u00e1tico, cuyo objetivo es la disminuci\u00f3n de la huella de carbono de nuestra ciudad para el a\u00f1o 2030 y su adaptaci\u00f3n a los efectos negativos del cambio clim\u00e1tico, como el incremento de temperatura y la sequ\u00eda.<\/p>\n","protected":false},"excerpt":{"rendered":"<p>Las obras comenzar\u00e1n despu\u00e9s de Sanfermines y se centrar\u00e1n en el tramo de v\u00eda situado entre la calle Pedro I e Iturrama<\/p>\n","protected":false},"author":1,"featured_media":47076,"comment_status":"open","ping_status":"closed","sticky":false,"template":"","format":"standard","meta":{"footnotes":""},"categories":[2],"tags":[],"class_list":["post-47075","post","type-post","status-publish","format-standard","has-post-thumbnail","hentry","category-ayuntamiento-pamplona"],"yoast_head":"<!-- This site is optimized with the Yoast SEO plugin v27.3 - https:\/\/yoast.com\/product\/yoast-seo-wordpress\/ -->\n<title>Jardines de lluvia, mediana \u2018bosque\u2019 y un carril de circulaci\u00f3n m\u00e1s estrecho para calmar el tr\u00e1fico, el nuevo dise\u00f1o de la calle Fuente del Hierro<\/title>\n<meta name=\"description\" content=\"Las obras comenzar\u00e1n despu\u00e9s de Sanfermines y se centrar\u00e1n en el tramo de v\u00eda situado entre la calle Pedro I e Iturrama\" \/>\n<meta name=\"robots\" content=\"index, follow, max-snippet:-1, max-image-preview:large, max-video-preview:-1\" \/>\n<link rel=\"canonical\" href=\"https:\/\/www.laguiadepamplona.com\/actualidad\/jardines-de-lluvia-mediana-bosque-y-un-carril-de-circulacion-mas-estrecho-para-calmar-el-trafico-el-nuevo-diseno-de-la-calle-fuente-del-hierro\/\" \/>\n<meta property=\"og:locale\" content=\"es_ES\" \/>\n<meta property=\"og:type\" content=\"article\" \/>\n<meta property=\"og:title\" content=\"Jardines de lluvia, mediana \u2018bosque\u2019 y un carril de circulaci\u00f3n m\u00e1s estrecho para calmar el tr\u00e1fico, el nuevo dise\u00f1o de la calle Fuente del Hierro\" \/>\n<meta property=\"og:description\" content=\"Las obras comenzar\u00e1n despu\u00e9s de Sanfermines y se centrar\u00e1n en el tramo de v\u00eda situado entre la calle Pedro I e Iturrama\" \/>\n<meta property=\"og:url\" content=\"https:\/\/www.laguiadepamplona.com\/actualidad\/jardines-de-lluvia-mediana-bosque-y-un-carril-de-circulacion-mas-estrecho-para-calmar-el-trafico-el-nuevo-diseno-de-la-calle-fuente-del-hierro\/\" \/>\n<meta property=\"og:site_name\" content=\"La Gu\u00eda de Pamplona\" \/>\n<meta property=\"article:publisher\" content=\"https:\/\/www.facebook.com\/laguiadepamplonacom-133175176762273\/?ref=hl\" \/>\n<meta property=\"article:published_time\" content=\"2023-06-15T14:59:48+00:00\" \/>\n<meta property=\"og:image\" content=\"https:\/\/www.laguiadepamplona.com\/actualidad\/wp-content\/uploads\/2023\/06\/calle-fuente-del-hierro.webp\" \/>\n\t<meta property=\"og:image:width\" content=\"892\" \/>\n\t<meta property=\"og:image:height\" content=\"467\" \/>\n\t<meta property=\"og:image:type\" content=\"image\/webp\" \/>\n<meta name=\"author\" content=\"La Gu\u00eda de Pamplona\" \/>\n<meta name=\"twitter:card\" content=\"summary_large_image\" \/>\n<meta name=\"twitter:creator\" content=\"@LaGuiadPamplona\" \/>\n<meta name=\"twitter:site\" content=\"@LaGuiadPamplona\" \/>\n<meta name=\"twitter:label1\" content=\"Escrito por\" \/>\n\t<meta name=\"twitter:data1\" content=\"La Gu\u00eda de Pamplona\" \/>\n\t<meta name=\"twitter:label2\" content=\"Tiempo de lectura\" \/>\n\t<meta name=\"twitter:data2\" content=\"3 minutos\" \/>\n<script type=\"application\/ld+json\" class=\"yoast-schema-graph\">{\"@context\":\"https:\\\/\\\/schema.org\",\"@graph\":[{\"@type\":\"Article\",\"@id\":\"https:\\\/\\\/www.laguiadepamplona.com\\\/actualidad\\\/jardines-de-lluvia-mediana-bosque-y-un-carril-de-circulacion-mas-estrecho-para-calmar-el-trafico-el-nuevo-diseno-de-la-calle-fuente-del-hierro\\\/#article\",\"isPartOf\":{\"@id\":\"https:\\\/\\\/www.laguiadepamplona.com\\\/actualidad\\\/jardines-de-lluvia-mediana-bosque-y-un-carril-de-circulacion-mas-estrecho-para-calmar-el-trafico-el-nuevo-diseno-de-la-calle-fuente-del-hierro\\\/\"},\"author\":{\"name\":\"La Gu\u00eda de Pamplona\",\"@id\":\"https:\\\/\\\/www.laguiadepamplona.com\\\/actualidad\\\/#\\\/schema\\\/person\\\/efe887376f0213d4657c93adc50b1fdb\"},\"headline\":\"Jardines de lluvia, mediana \u2018bosque\u2019 y un carril de circulaci\u00f3n m\u00e1s estrecho para calmar el tr\u00e1fico, el nuevo dise\u00f1o de la calle Fuente del Hierro\",\"datePublished\":\"2023-06-15T14:59:48+00:00\",\"mainEntityOfPage\":{\"@id\":\"https:\\\/\\\/www.laguiadepamplona.com\\\/actualidad\\\/jardines-de-lluvia-mediana-bosque-y-un-carril-de-circulacion-mas-estrecho-para-calmar-el-trafico-el-nuevo-diseno-de-la-calle-fuente-del-hierro\\\/\"},\"wordCount\":723,\"commentCount\":0,\"publisher\":{\"@id\":\"https:\\\/\\\/www.laguiadepamplona.com\\\/actualidad\\\/#organization\"},\"image\":{\"@id\":\"https:\\\/\\\/www.laguiadepamplona.com\\\/actualidad\\\/jardines-de-lluvia-mediana-bosque-y-un-carril-de-circulacion-mas-estrecho-para-calmar-el-trafico-el-nuevo-diseno-de-la-calle-fuente-del-hierro\\\/#primaryimage\"},\"thumbnailUrl\":\"https:\\\/\\\/www.laguiadepamplona.com\\\/actualidad\\\/wp-content\\\/uploads\\\/2023\\\/06\\\/calle-fuente-del-hierro.webp\",\"articleSection\":[\"Ayto Pamplona\"],\"inLanguage\":\"es\",\"potentialAction\":[{\"@type\":\"CommentAction\",\"name\":\"Comment\",\"target\":[\"https:\\\/\\\/www.laguiadepamplona.com\\\/actualidad\\\/jardines-de-lluvia-mediana-bosque-y-un-carril-de-circulacion-mas-estrecho-para-calmar-el-trafico-el-nuevo-diseno-de-la-calle-fuente-del-hierro\\\/#respond\"]}]},{\"@type\":\"WebPage\",\"@id\":\"https:\\\/\\\/www.laguiadepamplona.com\\\/actualidad\\\/jardines-de-lluvia-mediana-bosque-y-un-carril-de-circulacion-mas-estrecho-para-calmar-el-trafico-el-nuevo-diseno-de-la-calle-fuente-del-hierro\\\/\",\"url\":\"https:\\\/\\\/www.laguiadepamplona.com\\\/actualidad\\\/jardines-de-lluvia-mediana-bosque-y-un-carril-de-circulacion-mas-estrecho-para-calmar-el-trafico-el-nuevo-diseno-de-la-calle-fuente-del-hierro\\\/\",\"name\":\"Jardines de lluvia, mediana \u2018bosque\u2019 y un carril de circulaci\u00f3n m\u00e1s estrecho para calmar el tr\u00e1fico, el nuevo dise\u00f1o de la calle Fuente del Hierro\",\"isPartOf\":{\"@id\":\"https:\\\/\\\/www.laguiadepamplona.com\\\/actualidad\\\/#website\"},\"primaryImageOfPage\":{\"@id\":\"https:\\\/\\\/www.laguiadepamplona.com\\\/actualidad\\\/jardines-de-lluvia-mediana-bosque-y-un-carril-de-circulacion-mas-estrecho-para-calmar-el-trafico-el-nuevo-diseno-de-la-calle-fuente-del-hierro\\\/#primaryimage\"},\"image\":{\"@id\":\"https:\\\/\\\/www.laguiadepamplona.com\\\/actualidad\\\/jardines-de-lluvia-mediana-bosque-y-un-carril-de-circulacion-mas-estrecho-para-calmar-el-trafico-el-nuevo-diseno-de-la-calle-fuente-del-hierro\\\/#primaryimage\"},\"thumbnailUrl\":\"https:\\\/\\\/www.laguiadepamplona.com\\\/actualidad\\\/wp-content\\\/uploads\\\/2023\\\/06\\\/calle-fuente-del-hierro.webp\",\"datePublished\":\"2023-06-15T14:59:48+00:00\",\"description\":\"Las obras comenzar\u00e1n despu\u00e9s de Sanfermines y se centrar\u00e1n en el tramo de v\u00eda situado entre la calle Pedro I e Iturrama\",\"breadcrumb\":{\"@id\":\"https:\\\/\\\/www.laguiadepamplona.com\\\/actualidad\\\/jardines-de-lluvia-mediana-bosque-y-un-carril-de-circulacion-mas-estrecho-para-calmar-el-trafico-el-nuevo-diseno-de-la-calle-fuente-del-hierro\\\/#breadcrumb\"},\"inLanguage\":\"es\",\"potentialAction\":[{\"@type\":\"ReadAction\",\"target\":[\"https:\\\/\\\/www.laguiadepamplona.com\\\/actualidad\\\/jardines-de-lluvia-mediana-bosque-y-un-carril-de-circulacion-mas-estrecho-para-calmar-el-trafico-el-nuevo-diseno-de-la-calle-fuente-del-hierro\\\/\"]}]},{\"@type\":\"ImageObject\",\"inLanguage\":\"es\",\"@id\":\"https:\\\/\\\/www.laguiadepamplona.com\\\/actualidad\\\/jardines-de-lluvia-mediana-bosque-y-un-carril-de-circulacion-mas-estrecho-para-calmar-el-trafico-el-nuevo-diseno-de-la-calle-fuente-del-hierro\\\/#primaryimage\",\"url\":\"https:\\\/\\\/www.laguiadepamplona.com\\\/actualidad\\\/wp-content\\\/uploads\\\/2023\\\/06\\\/calle-fuente-del-hierro.webp\",\"contentUrl\":\"https:\\\/\\\/www.laguiadepamplona.com\\\/actualidad\\\/wp-content\\\/uploads\\\/2023\\\/06\\\/calle-fuente-del-hierro.webp\",\"width\":892,\"height\":467},{\"@type\":\"BreadcrumbList\",\"@id\":\"https:\\\/\\\/www.laguiadepamplona.com\\\/actualidad\\\/jardines-de-lluvia-mediana-bosque-y-un-carril-de-circulacion-mas-estrecho-para-calmar-el-trafico-el-nuevo-diseno-de-la-calle-fuente-del-hierro\\\/#breadcrumb\",\"itemListElement\":[{\"@type\":\"ListItem\",\"position\":1,\"name\":\"Portada\",\"item\":\"https:\\\/\\\/www.laguiadepamplona.com\\\/actualidad\\\/\"},{\"@type\":\"ListItem\",\"position\":2,\"name\":\"Jardines de lluvia, mediana \u2018bosque\u2019 y un carril de circulaci\u00f3n m\u00e1s estrecho para calmar el tr\u00e1fico, el nuevo dise\u00f1o de la calle Fuente del Hierro\"}]},{\"@type\":\"WebSite\",\"@id\":\"https:\\\/\\\/www.laguiadepamplona.com\\\/actualidad\\\/#website\",\"url\":\"https:\\\/\\\/www.laguiadepamplona.com\\\/actualidad\\\/\",\"name\":\"La gu\u00eda de Pamplona\",\"description\":\"Noticias de Pamplona\",\"publisher\":{\"@id\":\"https:\\\/\\\/www.laguiadepamplona.com\\\/actualidad\\\/#organization\"},\"potentialAction\":[{\"@type\":\"SearchAction\",\"target\":{\"@type\":\"EntryPoint\",\"urlTemplate\":\"https:\\\/\\\/www.laguiadepamplona.com\\\/actualidad\\\/?s={search_term_string}\"},\"query-input\":{\"@type\":\"PropertyValueSpecification\",\"valueRequired\":true,\"valueName\":\"search_term_string\"}}],\"inLanguage\":\"es\"},{\"@type\":\"Organization\",\"@id\":\"https:\\\/\\\/www.laguiadepamplona.com\\\/actualidad\\\/#organization\",\"name\":\"La Gu\u00eda de Pamplona \\\/ Noticias\",\"url\":\"https:\\\/\\\/www.laguiadepamplona.com\\\/actualidad\\\/\",\"logo\":{\"@type\":\"ImageObject\",\"inLanguage\":\"es\",\"@id\":\"https:\\\/\\\/www.laguiadepamplona.com\\\/actualidad\\\/#\\\/schema\\\/logo\\\/image\\\/\",\"url\":\"https:\\\/\\\/www.laguiadepamplona.com\\\/actualidad\\\/wp-content\\\/uploads\\\/2018\\\/11\\\/logo-laguiadepamplona18-web1.png\",\"contentUrl\":\"https:\\\/\\\/www.laguiadepamplona.com\\\/actualidad\\\/wp-content\\\/uploads\\\/2018\\\/11\\\/logo-laguiadepamplona18-web1.png\",\"width\":600,\"height\":196,\"caption\":\"La Gu\u00eda de Pamplona \\\/ Noticias\"},\"image\":{\"@id\":\"https:\\\/\\\/www.laguiadepamplona.com\\\/actualidad\\\/#\\\/schema\\\/logo\\\/image\\\/\"},\"sameAs\":[\"https:\\\/\\\/www.facebook.com\\\/laguiadepamplonacom-133175176762273\\\/?ref=hl\",\"https:\\\/\\\/x.com\\\/LaGuiadPamplona\",\"https:\\\/\\\/www.instagram.com\\\/la_guia_de_pamplona\\\/\",\"https:\\\/\\\/www.youtube.com\\\/user\\\/laguiadepamplona\"]},{\"@type\":\"Person\",\"@id\":\"https:\\\/\\\/www.laguiadepamplona.com\\\/actualidad\\\/#\\\/schema\\\/person\\\/efe887376f0213d4657c93adc50b1fdb\",\"name\":\"La Gu\u00eda de Pamplona\",\"image\":{\"@type\":\"ImageObject\",\"inLanguage\":\"es\",\"@id\":\"https:\\\/\\\/secure.gravatar.com\\\/avatar\\\/b6992f131dc8d30ab0dff15446e9d346d9dbd95992de0fef795073f5ea83a81c?s=96&d=mm&r=g\",\"url\":\"https:\\\/\\\/secure.gravatar.com\\\/avatar\\\/b6992f131dc8d30ab0dff15446e9d346d9dbd95992de0fef795073f5ea83a81c?s=96&d=mm&r=g\",\"contentUrl\":\"https:\\\/\\\/secure.gravatar.com\\\/avatar\\\/b6992f131dc8d30ab0dff15446e9d346d9dbd95992de0fef795073f5ea83a81c?s=96&d=mm&r=g\",\"caption\":\"La Gu\u00eda de Pamplona\"}}]}<\/script>\n<!-- \/ Yoast SEO plugin. -->","yoast_head_json":{"title":"Jardines de lluvia, mediana \u2018bosque\u2019 y un carril de circulaci\u00f3n m\u00e1s estrecho para calmar el tr\u00e1fico, el nuevo dise\u00f1o de la calle Fuente del Hierro","description":"Las obras comenzar\u00e1n despu\u00e9s de Sanfermines y se centrar\u00e1n en el tramo de v\u00eda situado entre la calle Pedro I e Iturrama","robots":{"index":"index","follow":"follow","max-snippet":"max-snippet:-1","max-image-preview":"max-image-preview:large","max-video-preview":"max-video-preview:-1"},"canonical":"https:\/\/www.laguiadepamplona.com\/actualidad\/jardines-de-lluvia-mediana-bosque-y-un-carril-de-circulacion-mas-estrecho-para-calmar-el-trafico-el-nuevo-diseno-de-la-calle-fuente-del-hierro\/","og_locale":"es_ES","og_type":"article","og_title":"Jardines de lluvia, mediana \u2018bosque\u2019 y un carril de circulaci\u00f3n m\u00e1s estrecho para calmar el tr\u00e1fico, el nuevo dise\u00f1o de la calle Fuente del Hierro","og_description":"Las obras comenzar\u00e1n despu\u00e9s de Sanfermines y se centrar\u00e1n en el tramo de v\u00eda situado entre la calle Pedro I e Iturrama","og_url":"https:\/\/www.laguiadepamplona.com\/actualidad\/jardines-de-lluvia-mediana-bosque-y-un-carril-de-circulacion-mas-estrecho-para-calmar-el-trafico-el-nuevo-diseno-de-la-calle-fuente-del-hierro\/","og_site_name":"La Gu\u00eda de Pamplona","article_publisher":"https:\/\/www.facebook.com\/laguiadepamplonacom-133175176762273\/?ref=hl","article_published_time":"2023-06-15T14:59:48+00:00","og_image":[{"width":892,"height":467,"url":"https:\/\/www.laguiadepamplona.com\/actualidad\/wp-content\/uploads\/2023\/06\/calle-fuente-del-hierro.webp","type":"image\/webp"}],"author":"La Gu\u00eda de Pamplona","twitter_card":"summary_large_image","twitter_creator":"@LaGuiadPamplona","twitter_site":"@LaGuiadPamplona","twitter_misc":{"Escrito por":"La Gu\u00eda de Pamplona","Tiempo de lectura":"3 minutos"},"schema":{"@context":"https:\/\/schema.org","@graph":[{"@type":"Article","@id":"https:\/\/www.laguiadepamplona.com\/actualidad\/jardines-de-lluvia-mediana-bosque-y-un-carril-de-circulacion-mas-estrecho-para-calmar-el-trafico-el-nuevo-diseno-de-la-calle-fuente-del-hierro\/#article","isPartOf":{"@id":"https:\/\/www.laguiadepamplona.com\/actualidad\/jardines-de-lluvia-mediana-bosque-y-un-carril-de-circulacion-mas-estrecho-para-calmar-el-trafico-el-nuevo-diseno-de-la-calle-fuente-del-hierro\/"},"author":{"name":"La Gu\u00eda de Pamplona","@id":"https:\/\/www.laguiadepamplona.com\/actualidad\/#\/schema\/person\/efe887376f0213d4657c93adc50b1fdb"},"headline":"Jardines de lluvia, mediana \u2018bosque\u2019 y un carril de circulaci\u00f3n m\u00e1s estrecho para calmar el tr\u00e1fico, el nuevo dise\u00f1o de la calle Fuente del Hierro","datePublished":"2023-06-15T14:59:48+00:00","mainEntityOfPage":{"@id":"https:\/\/www.laguiadepamplona.com\/actualidad\/jardines-de-lluvia-mediana-bosque-y-un-carril-de-circulacion-mas-estrecho-para-calmar-el-trafico-el-nuevo-diseno-de-la-calle-fuente-del-hierro\/"},"wordCount":723,"commentCount":0,"publisher":{"@id":"https:\/\/www.laguiadepamplona.com\/actualidad\/#organization"},"image":{"@id":"https:\/\/www.laguiadepamplona.com\/actualidad\/jardines-de-lluvia-mediana-bosque-y-un-carril-de-circulacion-mas-estrecho-para-calmar-el-trafico-el-nuevo-diseno-de-la-calle-fuente-del-hierro\/#primaryimage"},"thumbnailUrl":"https:\/\/www.laguiadepamplona.com\/actualidad\/wp-content\/uploads\/2023\/06\/calle-fuente-del-hierro.webp","articleSection":["Ayto Pamplona"],"inLanguage":"es","potentialAction":[{"@type":"CommentAction","name":"Comment","target":["https:\/\/www.laguiadepamplona.com\/actualidad\/jardines-de-lluvia-mediana-bosque-y-un-carril-de-circulacion-mas-estrecho-para-calmar-el-trafico-el-nuevo-diseno-de-la-calle-fuente-del-hierro\/#respond"]}]},{"@type":"WebPage","@id":"https:\/\/www.laguiadepamplona.com\/actualidad\/jardines-de-lluvia-mediana-bosque-y-un-carril-de-circulacion-mas-estrecho-para-calmar-el-trafico-el-nuevo-diseno-de-la-calle-fuente-del-hierro\/","url":"https:\/\/www.laguiadepamplona.com\/actualidad\/jardines-de-lluvia-mediana-bosque-y-un-carril-de-circulacion-mas-estrecho-para-calmar-el-trafico-el-nuevo-diseno-de-la-calle-fuente-del-hierro\/","name":"Jardines de lluvia, mediana \u2018bosque\u2019 y un carril de circulaci\u00f3n m\u00e1s estrecho para calmar el tr\u00e1fico, el nuevo dise\u00f1o de la calle Fuente del Hierro","isPartOf":{"@id":"https:\/\/www.laguiadepamplona.com\/actualidad\/#website"},"primaryImageOfPage":{"@id":"https:\/\/www.laguiadepamplona.com\/actualidad\/jardines-de-lluvia-mediana-bosque-y-un-carril-de-circulacion-mas-estrecho-para-calmar-el-trafico-el-nuevo-diseno-de-la-calle-fuente-del-hierro\/#primaryimage"},"image":{"@id":"https:\/\/www.laguiadepamplona.com\/actualidad\/jardines-de-lluvia-mediana-bosque-y-un-carril-de-circulacion-mas-estrecho-para-calmar-el-trafico-el-nuevo-diseno-de-la-calle-fuente-del-hierro\/#primaryimage"},"thumbnailUrl":"https:\/\/www.laguiadepamplona.com\/actualidad\/wp-content\/uploads\/2023\/06\/calle-fuente-del-hierro.webp","datePublished":"2023-06-15T14:59:48+00:00","description":"Las obras comenzar\u00e1n despu\u00e9s de Sanfermines y se centrar\u00e1n en el tramo de v\u00eda situado entre la calle Pedro I e Iturrama","breadcrumb":{"@id":"https:\/\/www.laguiadepamplona.com\/actualidad\/jardines-de-lluvia-mediana-bosque-y-un-carril-de-circulacion-mas-estrecho-para-calmar-el-trafico-el-nuevo-diseno-de-la-calle-fuente-del-hierro\/#breadcrumb"},"inLanguage":"es","potentialAction":[{"@type":"ReadAction","target":["https:\/\/www.laguiadepamplona.com\/actualidad\/jardines-de-lluvia-mediana-bosque-y-un-carril-de-circulacion-mas-estrecho-para-calmar-el-trafico-el-nuevo-diseno-de-la-calle-fuente-del-hierro\/"]}]},{"@type":"ImageObject","inLanguage":"es","@id":"https:\/\/www.laguiadepamplona.com\/actualidad\/jardines-de-lluvia-mediana-bosque-y-un-carril-de-circulacion-mas-estrecho-para-calmar-el-trafico-el-nuevo-diseno-de-la-calle-fuente-del-hierro\/#primaryimage","url":"https:\/\/www.laguiadepamplona.com\/actualidad\/wp-content\/uploads\/2023\/06\/calle-fuente-del-hierro.webp","contentUrl":"https:\/\/www.laguiadepamplona.com\/actualidad\/wp-content\/uploads\/2023\/06\/calle-fuente-del-hierro.webp","width":892,"height":467},{"@type":"BreadcrumbList","@id":"https:\/\/www.laguiadepamplona.com\/actualidad\/jardines-de-lluvia-mediana-bosque-y-un-carril-de-circulacion-mas-estrecho-para-calmar-el-trafico-el-nuevo-diseno-de-la-calle-fuente-del-hierro\/#breadcrumb","itemListElement":[{"@type":"ListItem","position":1,"name":"Portada","item":"https:\/\/www.laguiadepamplona.com\/actualidad\/"},{"@type":"ListItem","position":2,"name":"Jardines de lluvia, mediana \u2018bosque\u2019 y un carril de circulaci\u00f3n m\u00e1s estrecho para calmar el tr\u00e1fico, el nuevo dise\u00f1o de la calle Fuente del Hierro"}]},{"@type":"WebSite","@id":"https:\/\/www.laguiadepamplona.com\/actualidad\/#website","url":"https:\/\/www.laguiadepamplona.com\/actualidad\/","name":"La gu\u00eda de Pamplona","description":"Noticias de Pamplona","publisher":{"@id":"https:\/\/www.laguiadepamplona.com\/actualidad\/#organization"},"potentialAction":[{"@type":"SearchAction","target":{"@type":"EntryPoint","urlTemplate":"https:\/\/www.laguiadepamplona.com\/actualidad\/?s={search_term_string}"},"query-input":{"@type":"PropertyValueSpecification","valueRequired":true,"valueName":"search_term_string"}}],"inLanguage":"es"},{"@type":"Organization","@id":"https:\/\/www.laguiadepamplona.com\/actualidad\/#organization","name":"La Gu\u00eda de Pamplona \/ Noticias","url":"https:\/\/www.laguiadepamplona.com\/actualidad\/","logo":{"@type":"ImageObject","inLanguage":"es","@id":"https:\/\/www.laguiadepamplona.com\/actualidad\/#\/schema\/logo\/image\/","url":"https:\/\/www.laguiadepamplona.com\/actualidad\/wp-content\/uploads\/2018\/11\/logo-laguiadepamplona18-web1.png","contentUrl":"https:\/\/www.laguiadepamplona.com\/actualidad\/wp-content\/uploads\/2018\/11\/logo-laguiadepamplona18-web1.png","width":600,"height":196,"caption":"La Gu\u00eda de Pamplona \/ Noticias"},"image":{"@id":"https:\/\/www.laguiadepamplona.com\/actualidad\/#\/schema\/logo\/image\/"},"sameAs":["https:\/\/www.facebook.com\/laguiadepamplonacom-133175176762273\/?ref=hl","https:\/\/x.com\/LaGuiadPamplona","https:\/\/www.instagram.com\/la_guia_de_pamplona\/","https:\/\/www.youtube.com\/user\/laguiadepamplona"]},{"@type":"Person","@id":"https:\/\/www.laguiadepamplona.com\/actualidad\/#\/schema\/person\/efe887376f0213d4657c93adc50b1fdb","name":"La Gu\u00eda de Pamplona","image":{"@type":"ImageObject","inLanguage":"es","@id":"https:\/\/secure.gravatar.com\/avatar\/b6992f131dc8d30ab0dff15446e9d346d9dbd95992de0fef795073f5ea83a81c?s=96&d=mm&r=g","url":"https:\/\/secure.gravatar.com\/avatar\/b6992f131dc8d30ab0dff15446e9d346d9dbd95992de0fef795073f5ea83a81c?s=96&d=mm&r=g","contentUrl":"https:\/\/secure.gravatar.com\/avatar\/b6992f131dc8d30ab0dff15446e9d346d9dbd95992de0fef795073f5ea83a81c?s=96&d=mm&r=g","caption":"La Gu\u00eda de Pamplona"}}]}},"post_mailing_queue_ids":[],"_links":{"self":[{"href":"https:\/\/www.laguiadepamplona.com\/actualidad\/wp-json\/wp\/v2\/posts\/47075","targetHints":{"allow":["GET"]}}],"collection":[{"href":"https:\/\/www.laguiadepamplona.com\/actualidad\/wp-json\/wp\/v2\/posts"}],"about":[{"href":"https:\/\/www.laguiadepamplona.com\/actualidad\/wp-json\/wp\/v2\/types\/post"}],"author":[{"embeddable":true,"href":"https:\/\/www.laguiadepamplona.com\/actualidad\/wp-json\/wp\/v2\/users\/1"}],"replies":[{"embeddable":true,"href":"https:\/\/www.laguiadepamplona.com\/actualidad\/wp-json\/wp\/v2\/comments?post=47075"}],"version-history":[{"count":1,"href":"https:\/\/www.laguiadepamplona.com\/actualidad\/wp-json\/wp\/v2\/posts\/47075\/revisions"}],"predecessor-version":[{"id":47077,"href":"https:\/\/www.laguiadepamplona.com\/actualidad\/wp-json\/wp\/v2\/posts\/47075\/revisions\/47077"}],"wp:featuredmedia":[{"embeddable":true,"href":"https:\/\/www.laguiadepamplona.com\/actualidad\/wp-json\/wp\/v2\/media\/47076"}],"wp:attachment":[{"href":"https:\/\/www.laguiadepamplona.com\/actualidad\/wp-json\/wp\/v2\/media?parent=47075"}],"wp:term":[{"taxonomy":"category","embeddable":true,"href":"https:\/\/www.laguiadepamplona.com\/actualidad\/wp-json\/wp\/v2\/categories?post=47075"},{"taxonomy":"post_tag","embeddable":true,"href":"https:\/\/www.laguiadepamplona.com\/actualidad\/wp-json\/wp\/v2\/tags?post=47075"}],"curies":[{"name":"wp","href":"https:\/\/api.w.org\/{rel}","templated":true}]}}