{"id":47070,"date":"2023-06-15T13:30:59","date_gmt":"2023-06-15T11:30:59","guid":{"rendered":"https:\/\/www.laguiadepamplona.com\/actualidad\/?p=47070"},"modified":"2023-06-15T13:30:59","modified_gmt":"2023-06-15T11:30:59","slug":"aprobada-la-licitacion-del-contrato-de-suministro-de-adornos-de-iluminacion-y-decoracion-para-la-campana-de-navidad-en-los-principales-ejes-comerciales-de-pamplona","status":"publish","type":"post","link":"https:\/\/www.laguiadepamplona.com\/actualidad\/aprobada-la-licitacion-del-contrato-de-suministro-de-adornos-de-iluminacion-y-decoracion-para-la-campana-de-navidad-en-los-principales-ejes-comerciales-de-pamplona\/","title":{"rendered":"Aprobada la licitaci\u00f3n del contrato de suministro de adornos de iluminaci\u00f3n y decoraci\u00f3n para la campa\u00f1a de Navidad en los principales ejes comerciales de Pamplona"},"content":{"rendered":"<h3>La adquisici\u00f3n de estos adornos, algunos transitables y que complementan la iluminaci\u00f3n tradicional, cuenta con un presupuesto de 75.000 euros<\/h3>\n<p><!--more--><\/p>\n<p>La Junta de Gobierno Local del Ayuntamiento de Pamplona ha aprobado la licitaci\u00f3n del contrato de suministro de adornos de iluminaci\u00f3n y decoraci\u00f3n de Navidad para los principales ejes comerciales de Pamplona. Este contrato, por importe de 75.000 euros IVA incluido, se enmarca dentro del Plan de Recuperaci\u00f3n, Transformaci\u00f3n y Resiliencia, financiado por la Uni\u00f3n Europea a trav\u00e9s de los fondos Next Generation-EU. La fecha m\u00e1xima para la entrega de estos materiales ser\u00e1 el 31 de octubre de 2023.<\/p>\n<p><script async src=\"\/\/pagead2.googlesyndication.com\/pagead\/js\/adsbygoogle.js\"><\/script><br \/>\n<!-- Noticias La Guia de Pamplona --><br \/>\n<ins class=\"adsbygoogle\"\nstyle=\"display:block\"\ndata-ad-client=\"ca-pub-6943679897239327\"\ndata-ad-slot=\"7048180777\"\ndata-ad-format=\"auto\"><\/ins><br \/>\n<script>\n(adsbygoogle = window.adsbygoogle || []).push({});\n<\/script><\/p>\n<p>El objetivo del contrato es la compra de motivos decorativos navide\u00f1os especiales, tipo <em>photocall<\/em>, de diferentes tipolog\u00edas y tama\u00f1os, con los que decorar las principales zonas comerciales de la ciudad durante las campa\u00f1as de Navidad. Estas decoraciones complementan la tradicional campa\u00f1a de iluminaci\u00f3n navide\u00f1a de elementos en altura. La adquisici\u00f3n de estos motivos navide\u00f1os, que utilizar\u00e1n tecnolog\u00eda led, busca aumentar el parque municipal de adornos de Navidad que se reparten por los comercios para que los expongan en sus establecimientos.<\/p>\n<p>El \u00c1rea de Gobierno Estrat\u00e9gico, Comercio y Turismo del Ayuntamiento de Pamplona, tras la consulta previa de mercado entre empresas del sector, adquirir\u00e1 estructuras luminosas para anclar en el suelo. Las empresas interesadas deben aportar nueve estructuras de alto valor est\u00e9tico, con una altura no menor de 3 metros: entre ellas, al menos dos deber\u00e1n tener una altura de cinco metros o superior y dos deber\u00e1n ser de tem\u00e1tica infantil (casitas, animales, personajes de cuentos) o que contengan alg\u00fan detalle decorativo espec\u00edfico para p\u00fablico infantil. Las estructuras de est\u00e9tica infantil deber\u00e1n ser modelo 3D transitable<br \/>\n<script async src=\"\/\/pagead2.googlesyndication.com\/pagead\/js\/adsbygoogle.js\"><\/script><br \/>\n<!-- Noticias La Guia de Pamplona --><br \/>\n<ins class=\"adsbygoogle\"\nstyle=\"display:block\"\ndata-ad-client=\"ca-pub-6943679897239327\"\ndata-ad-slot=\"7048180777\"\ndata-ad-format=\"auto\"><\/ins><br \/>\n<script>\n(adsbygoogle = window.adsbygoogle || []).push({});\n<\/script><\/p>\n<p>Adem\u00e1s, el Ayuntamiento desea adquirir estructuras de tipolog\u00eda variada, como pueden ser estrellas, cajas de regalo, bolas, campanas, renos, ciervos, osos, ping\u00fcinos, abetos o p\u00f3rticos. Los adornos deber\u00e1n incorporar el cableado adecuado y protegido para instalaciones de calle y preparado para su conexi\u00f3n el\u00e9ctrica al alumbrado p\u00fablico. La instalaci\u00f3n, transporte y desinstalaci\u00f3n de los adornos ser\u00e1 por cuenta del Ayuntamiento de Pamplona.<\/p>\n<p>Entre los criterios de adjudicaci\u00f3n se incluyen la est\u00e9tica general de los adornos ofertados, la originalidad y novedad, la personalizaci\u00f3n y enriquecimiento de los elementos, adem\u00e1s de las mejoras aportadas al pliego de prescripciones t\u00e9cnicas, criterios sociales y la oferta econ\u00f3mica.<\/p>\n","protected":false},"excerpt":{"rendered":"<p>La adquisici\u00f3n de estos adornos, algunos transitables y que complementan la iluminaci\u00f3n tradicional, cuenta con un presupuesto de 75.000 euros<\/p>\n","protected":false},"author":1,"featured_media":42132,"comment_status":"open","ping_status":"closed","sticky":false,"template":"","format":"standard","meta":{"footnotes":""},"categories":[2],"tags":[],"class_list":["post-47070","post","type-post","status-publish","format-standard","has-post-thumbnail","hentry","category-ayuntamiento-pamplona"],"yoast_head":"<!-- This site is optimized with the Yoast SEO plugin v27.3 - https:\/\/yoast.com\/product\/yoast-seo-wordpress\/ -->\n<title>Aprobada la licitaci\u00f3n del contrato de suministro de adornos de iluminaci\u00f3n y decoraci\u00f3n para la campa\u00f1a de Navidad en los principales ejes comerciales de Pamplona<\/title>\n<meta name=\"description\" content=\"La adquisici\u00f3n de estos adornos, algunos transitables y que complementan la iluminaci\u00f3n tradicional, cuenta con un presupuesto de 75.000 euros\" \/>\n<meta name=\"robots\" content=\"index, follow, max-snippet:-1, max-image-preview:large, max-video-preview:-1\" \/>\n<link rel=\"canonical\" href=\"https:\/\/www.laguiadepamplona.com\/actualidad\/aprobada-la-licitacion-del-contrato-de-suministro-de-adornos-de-iluminacion-y-decoracion-para-la-campana-de-navidad-en-los-principales-ejes-comerciales-de-pamplona\/\" \/>\n<meta property=\"og:locale\" content=\"es_ES\" \/>\n<meta property=\"og:type\" content=\"article\" \/>\n<meta property=\"og:title\" content=\"Aprobada la licitaci\u00f3n del contrato de suministro de adornos de iluminaci\u00f3n y decoraci\u00f3n para la campa\u00f1a de Navidad en los principales ejes comerciales de Pamplona\" \/>\n<meta property=\"og:description\" content=\"La adquisici\u00f3n de estos adornos, algunos transitables y que complementan la iluminaci\u00f3n tradicional, cuenta con un presupuesto de 75.000 euros\" \/>\n<meta property=\"og:url\" content=\"https:\/\/www.laguiadepamplona.com\/actualidad\/aprobada-la-licitacion-del-contrato-de-suministro-de-adornos-de-iluminacion-y-decoracion-para-la-campana-de-navidad-en-los-principales-ejes-comerciales-de-pamplona\/\" \/>\n<meta property=\"og:site_name\" content=\"La Gu\u00eda de Pamplona\" \/>\n<meta property=\"article:publisher\" content=\"https:\/\/www.facebook.com\/laguiadepamplonacom-133175176762273\/?ref=hl\" \/>\n<meta property=\"article:published_time\" content=\"2023-06-15T11:30:59+00:00\" \/>\n<meta property=\"og:image\" content=\"https:\/\/www.laguiadepamplona.com\/actualidad\/wp-content\/uploads\/2022\/11\/iluminacion-navidad-jgv4988_0.webp\" \/>\n\t<meta property=\"og:image:width\" content=\"1920\" \/>\n\t<meta property=\"og:image:height\" content=\"1280\" \/>\n\t<meta property=\"og:image:type\" content=\"image\/webp\" \/>\n<meta name=\"author\" content=\"La Gu\u00eda de Pamplona\" \/>\n<meta name=\"twitter:card\" content=\"summary_large_image\" \/>\n<meta name=\"twitter:creator\" content=\"@LaGuiadPamplona\" \/>\n<meta name=\"twitter:site\" content=\"@LaGuiadPamplona\" \/>\n<meta name=\"twitter:label1\" content=\"Escrito por\" \/>\n\t<meta name=\"twitter:data1\" content=\"La Gu\u00eda de Pamplona\" \/>\n\t<meta name=\"twitter:label2\" content=\"Tiempo de lectura\" \/>\n\t<meta name=\"twitter:data2\" content=\"2 minutos\" \/>\n<script type=\"application\/ld+json\" class=\"yoast-schema-graph\">{\"@context\":\"https:\\\/\\\/schema.org\",\"@graph\":[{\"@type\":\"Article\",\"@id\":\"https:\\\/\\\/www.laguiadepamplona.com\\\/actualidad\\\/aprobada-la-licitacion-del-contrato-de-suministro-de-adornos-de-iluminacion-y-decoracion-para-la-campana-de-navidad-en-los-principales-ejes-comerciales-de-pamplona\\\/#article\",\"isPartOf\":{\"@id\":\"https:\\\/\\\/www.laguiadepamplona.com\\\/actualidad\\\/aprobada-la-licitacion-del-contrato-de-suministro-de-adornos-de-iluminacion-y-decoracion-para-la-campana-de-navidad-en-los-principales-ejes-comerciales-de-pamplona\\\/\"},\"author\":{\"name\":\"La Gu\u00eda de Pamplona\",\"@id\":\"https:\\\/\\\/www.laguiadepamplona.com\\\/actualidad\\\/#\\\/schema\\\/person\\\/efe887376f0213d4657c93adc50b1fdb\"},\"headline\":\"Aprobada la licitaci\u00f3n del contrato de suministro de adornos de iluminaci\u00f3n y decoraci\u00f3n para la campa\u00f1a de Navidad en los principales ejes comerciales de Pamplona\",\"datePublished\":\"2023-06-15T11:30:59+00:00\",\"mainEntityOfPage\":{\"@id\":\"https:\\\/\\\/www.laguiadepamplona.com\\\/actualidad\\\/aprobada-la-licitacion-del-contrato-de-suministro-de-adornos-de-iluminacion-y-decoracion-para-la-campana-de-navidad-en-los-principales-ejes-comerciales-de-pamplona\\\/\"},\"wordCount\":448,\"commentCount\":0,\"publisher\":{\"@id\":\"https:\\\/\\\/www.laguiadepamplona.com\\\/actualidad\\\/#organization\"},\"image\":{\"@id\":\"https:\\\/\\\/www.laguiadepamplona.com\\\/actualidad\\\/aprobada-la-licitacion-del-contrato-de-suministro-de-adornos-de-iluminacion-y-decoracion-para-la-campana-de-navidad-en-los-principales-ejes-comerciales-de-pamplona\\\/#primaryimage\"},\"thumbnailUrl\":\"https:\\\/\\\/www.laguiadepamplona.com\\\/actualidad\\\/wp-content\\\/uploads\\\/2022\\\/11\\\/iluminacion-navidad-jgv4988_0.webp\",\"articleSection\":[\"Ayto Pamplona\"],\"inLanguage\":\"es\",\"potentialAction\":[{\"@type\":\"CommentAction\",\"name\":\"Comment\",\"target\":[\"https:\\\/\\\/www.laguiadepamplona.com\\\/actualidad\\\/aprobada-la-licitacion-del-contrato-de-suministro-de-adornos-de-iluminacion-y-decoracion-para-la-campana-de-navidad-en-los-principales-ejes-comerciales-de-pamplona\\\/#respond\"]}]},{\"@type\":\"WebPage\",\"@id\":\"https:\\\/\\\/www.laguiadepamplona.com\\\/actualidad\\\/aprobada-la-licitacion-del-contrato-de-suministro-de-adornos-de-iluminacion-y-decoracion-para-la-campana-de-navidad-en-los-principales-ejes-comerciales-de-pamplona\\\/\",\"url\":\"https:\\\/\\\/www.laguiadepamplona.com\\\/actualidad\\\/aprobada-la-licitacion-del-contrato-de-suministro-de-adornos-de-iluminacion-y-decoracion-para-la-campana-de-navidad-en-los-principales-ejes-comerciales-de-pamplona\\\/\",\"name\":\"Aprobada la licitaci\u00f3n del contrato de suministro de adornos de iluminaci\u00f3n y decoraci\u00f3n para la campa\u00f1a de Navidad en los principales ejes comerciales de Pamplona\",\"isPartOf\":{\"@id\":\"https:\\\/\\\/www.laguiadepamplona.com\\\/actualidad\\\/#website\"},\"primaryImageOfPage\":{\"@id\":\"https:\\\/\\\/www.laguiadepamplona.com\\\/actualidad\\\/aprobada-la-licitacion-del-contrato-de-suministro-de-adornos-de-iluminacion-y-decoracion-para-la-campana-de-navidad-en-los-principales-ejes-comerciales-de-pamplona\\\/#primaryimage\"},\"image\":{\"@id\":\"https:\\\/\\\/www.laguiadepamplona.com\\\/actualidad\\\/aprobada-la-licitacion-del-contrato-de-suministro-de-adornos-de-iluminacion-y-decoracion-para-la-campana-de-navidad-en-los-principales-ejes-comerciales-de-pamplona\\\/#primaryimage\"},\"thumbnailUrl\":\"https:\\\/\\\/www.laguiadepamplona.com\\\/actualidad\\\/wp-content\\\/uploads\\\/2022\\\/11\\\/iluminacion-navidad-jgv4988_0.webp\",\"datePublished\":\"2023-06-15T11:30:59+00:00\",\"description\":\"La adquisici\u00f3n de estos adornos, algunos transitables y que complementan la iluminaci\u00f3n tradicional, cuenta con un presupuesto de 75.000 euros\",\"breadcrumb\":{\"@id\":\"https:\\\/\\\/www.laguiadepamplona.com\\\/actualidad\\\/aprobada-la-licitacion-del-contrato-de-suministro-de-adornos-de-iluminacion-y-decoracion-para-la-campana-de-navidad-en-los-principales-ejes-comerciales-de-pamplona\\\/#breadcrumb\"},\"inLanguage\":\"es\",\"potentialAction\":[{\"@type\":\"ReadAction\",\"target\":[\"https:\\\/\\\/www.laguiadepamplona.com\\\/actualidad\\\/aprobada-la-licitacion-del-contrato-de-suministro-de-adornos-de-iluminacion-y-decoracion-para-la-campana-de-navidad-en-los-principales-ejes-comerciales-de-pamplona\\\/\"]}]},{\"@type\":\"ImageObject\",\"inLanguage\":\"es\",\"@id\":\"https:\\\/\\\/www.laguiadepamplona.com\\\/actualidad\\\/aprobada-la-licitacion-del-contrato-de-suministro-de-adornos-de-iluminacion-y-decoracion-para-la-campana-de-navidad-en-los-principales-ejes-comerciales-de-pamplona\\\/#primaryimage\",\"url\":\"https:\\\/\\\/www.laguiadepamplona.com\\\/actualidad\\\/wp-content\\\/uploads\\\/2022\\\/11\\\/iluminacion-navidad-jgv4988_0.webp\",\"contentUrl\":\"https:\\\/\\\/www.laguiadepamplona.com\\\/actualidad\\\/wp-content\\\/uploads\\\/2022\\\/11\\\/iluminacion-navidad-jgv4988_0.webp\",\"width\":1920,\"height\":1280,\"caption\":\"iluminaci\u00f3n navidad\"},{\"@type\":\"BreadcrumbList\",\"@id\":\"https:\\\/\\\/www.laguiadepamplona.com\\\/actualidad\\\/aprobada-la-licitacion-del-contrato-de-suministro-de-adornos-de-iluminacion-y-decoracion-para-la-campana-de-navidad-en-los-principales-ejes-comerciales-de-pamplona\\\/#breadcrumb\",\"itemListElement\":[{\"@type\":\"ListItem\",\"position\":1,\"name\":\"Portada\",\"item\":\"https:\\\/\\\/www.laguiadepamplona.com\\\/actualidad\\\/\"},{\"@type\":\"ListItem\",\"position\":2,\"name\":\"Aprobada la licitaci\u00f3n del contrato de suministro de adornos de iluminaci\u00f3n y decoraci\u00f3n para la campa\u00f1a de Navidad en los principales ejes comerciales de Pamplona\"}]},{\"@type\":\"WebSite\",\"@id\":\"https:\\\/\\\/www.laguiadepamplona.com\\\/actualidad\\\/#website\",\"url\":\"https:\\\/\\\/www.laguiadepamplona.com\\\/actualidad\\\/\",\"name\":\"La gu\u00eda de Pamplona\",\"description\":\"Noticias de Pamplona\",\"publisher\":{\"@id\":\"https:\\\/\\\/www.laguiadepamplona.com\\\/actualidad\\\/#organization\"},\"potentialAction\":[{\"@type\":\"SearchAction\",\"target\":{\"@type\":\"EntryPoint\",\"urlTemplate\":\"https:\\\/\\\/www.laguiadepamplona.com\\\/actualidad\\\/?s={search_term_string}\"},\"query-input\":{\"@type\":\"PropertyValueSpecification\",\"valueRequired\":true,\"valueName\":\"search_term_string\"}}],\"inLanguage\":\"es\"},{\"@type\":\"Organization\",\"@id\":\"https:\\\/\\\/www.laguiadepamplona.com\\\/actualidad\\\/#organization\",\"name\":\"La Gu\u00eda de Pamplona \\\/ Noticias\",\"url\":\"https:\\\/\\\/www.laguiadepamplona.com\\\/actualidad\\\/\",\"logo\":{\"@type\":\"ImageObject\",\"inLanguage\":\"es\",\"@id\":\"https:\\\/\\\/www.laguiadepamplona.com\\\/actualidad\\\/#\\\/schema\\\/logo\\\/image\\\/\",\"url\":\"https:\\\/\\\/www.laguiadepamplona.com\\\/actualidad\\\/wp-content\\\/uploads\\\/2018\\\/11\\\/logo-laguiadepamplona18-web1.png\",\"contentUrl\":\"https:\\\/\\\/www.laguiadepamplona.com\\\/actualidad\\\/wp-content\\\/uploads\\\/2018\\\/11\\\/logo-laguiadepamplona18-web1.png\",\"width\":600,\"height\":196,\"caption\":\"La Gu\u00eda de Pamplona \\\/ Noticias\"},\"image\":{\"@id\":\"https:\\\/\\\/www.laguiadepamplona.com\\\/actualidad\\\/#\\\/schema\\\/logo\\\/image\\\/\"},\"sameAs\":[\"https:\\\/\\\/www.facebook.com\\\/laguiadepamplonacom-133175176762273\\\/?ref=hl\",\"https:\\\/\\\/x.com\\\/LaGuiadPamplona\",\"https:\\\/\\\/www.instagram.com\\\/la_guia_de_pamplona\\\/\",\"https:\\\/\\\/www.youtube.com\\\/user\\\/laguiadepamplona\"]},{\"@type\":\"Person\",\"@id\":\"https:\\\/\\\/www.laguiadepamplona.com\\\/actualidad\\\/#\\\/schema\\\/person\\\/efe887376f0213d4657c93adc50b1fdb\",\"name\":\"La Gu\u00eda de Pamplona\",\"image\":{\"@type\":\"ImageObject\",\"inLanguage\":\"es\",\"@id\":\"https:\\\/\\\/secure.gravatar.com\\\/avatar\\\/b6992f131dc8d30ab0dff15446e9d346d9dbd95992de0fef795073f5ea83a81c?s=96&d=mm&r=g\",\"url\":\"https:\\\/\\\/secure.gravatar.com\\\/avatar\\\/b6992f131dc8d30ab0dff15446e9d346d9dbd95992de0fef795073f5ea83a81c?s=96&d=mm&r=g\",\"contentUrl\":\"https:\\\/\\\/secure.gravatar.com\\\/avatar\\\/b6992f131dc8d30ab0dff15446e9d346d9dbd95992de0fef795073f5ea83a81c?s=96&d=mm&r=g\",\"caption\":\"La Gu\u00eda de Pamplona\"}}]}<\/script>\n<!-- \/ Yoast SEO plugin. -->","yoast_head_json":{"title":"Aprobada la licitaci\u00f3n del contrato de suministro de adornos de iluminaci\u00f3n y decoraci\u00f3n para la campa\u00f1a de Navidad en los principales ejes comerciales de Pamplona","description":"La adquisici\u00f3n de estos adornos, algunos transitables y que complementan la iluminaci\u00f3n tradicional, cuenta con un presupuesto de 75.000 euros","robots":{"index":"index","follow":"follow","max-snippet":"max-snippet:-1","max-image-preview":"max-image-preview:large","max-video-preview":"max-video-preview:-1"},"canonical":"https:\/\/www.laguiadepamplona.com\/actualidad\/aprobada-la-licitacion-del-contrato-de-suministro-de-adornos-de-iluminacion-y-decoracion-para-la-campana-de-navidad-en-los-principales-ejes-comerciales-de-pamplona\/","og_locale":"es_ES","og_type":"article","og_title":"Aprobada la licitaci\u00f3n del contrato de suministro de adornos de iluminaci\u00f3n y decoraci\u00f3n para la campa\u00f1a de Navidad en los principales ejes comerciales de Pamplona","og_description":"La adquisici\u00f3n de estos adornos, algunos transitables y que complementan la iluminaci\u00f3n tradicional, cuenta con un presupuesto de 75.000 euros","og_url":"https:\/\/www.laguiadepamplona.com\/actualidad\/aprobada-la-licitacion-del-contrato-de-suministro-de-adornos-de-iluminacion-y-decoracion-para-la-campana-de-navidad-en-los-principales-ejes-comerciales-de-pamplona\/","og_site_name":"La Gu\u00eda de Pamplona","article_publisher":"https:\/\/www.facebook.com\/laguiadepamplonacom-133175176762273\/?ref=hl","article_published_time":"2023-06-15T11:30:59+00:00","og_image":[{"width":1920,"height":1280,"url":"https:\/\/www.laguiadepamplona.com\/actualidad\/wp-content\/uploads\/2022\/11\/iluminacion-navidad-jgv4988_0.webp","type":"image\/webp"}],"author":"La Gu\u00eda de Pamplona","twitter_card":"summary_large_image","twitter_creator":"@LaGuiadPamplona","twitter_site":"@LaGuiadPamplona","twitter_misc":{"Escrito por":"La Gu\u00eda de Pamplona","Tiempo de lectura":"2 minutos"},"schema":{"@context":"https:\/\/schema.org","@graph":[{"@type":"Article","@id":"https:\/\/www.laguiadepamplona.com\/actualidad\/aprobada-la-licitacion-del-contrato-de-suministro-de-adornos-de-iluminacion-y-decoracion-para-la-campana-de-navidad-en-los-principales-ejes-comerciales-de-pamplona\/#article","isPartOf":{"@id":"https:\/\/www.laguiadepamplona.com\/actualidad\/aprobada-la-licitacion-del-contrato-de-suministro-de-adornos-de-iluminacion-y-decoracion-para-la-campana-de-navidad-en-los-principales-ejes-comerciales-de-pamplona\/"},"author":{"name":"La Gu\u00eda de Pamplona","@id":"https:\/\/www.laguiadepamplona.com\/actualidad\/#\/schema\/person\/efe887376f0213d4657c93adc50b1fdb"},"headline":"Aprobada la licitaci\u00f3n del contrato de suministro de adornos de iluminaci\u00f3n y decoraci\u00f3n para la campa\u00f1a de Navidad en los principales ejes comerciales de Pamplona","datePublished":"2023-06-15T11:30:59+00:00","mainEntityOfPage":{"@id":"https:\/\/www.laguiadepamplona.com\/actualidad\/aprobada-la-licitacion-del-contrato-de-suministro-de-adornos-de-iluminacion-y-decoracion-para-la-campana-de-navidad-en-los-principales-ejes-comerciales-de-pamplona\/"},"wordCount":448,"commentCount":0,"publisher":{"@id":"https:\/\/www.laguiadepamplona.com\/actualidad\/#organization"},"image":{"@id":"https:\/\/www.laguiadepamplona.com\/actualidad\/aprobada-la-licitacion-del-contrato-de-suministro-de-adornos-de-iluminacion-y-decoracion-para-la-campana-de-navidad-en-los-principales-ejes-comerciales-de-pamplona\/#primaryimage"},"thumbnailUrl":"https:\/\/www.laguiadepamplona.com\/actualidad\/wp-content\/uploads\/2022\/11\/iluminacion-navidad-jgv4988_0.webp","articleSection":["Ayto Pamplona"],"inLanguage":"es","potentialAction":[{"@type":"CommentAction","name":"Comment","target":["https:\/\/www.laguiadepamplona.com\/actualidad\/aprobada-la-licitacion-del-contrato-de-suministro-de-adornos-de-iluminacion-y-decoracion-para-la-campana-de-navidad-en-los-principales-ejes-comerciales-de-pamplona\/#respond"]}]},{"@type":"WebPage","@id":"https:\/\/www.laguiadepamplona.com\/actualidad\/aprobada-la-licitacion-del-contrato-de-suministro-de-adornos-de-iluminacion-y-decoracion-para-la-campana-de-navidad-en-los-principales-ejes-comerciales-de-pamplona\/","url":"https:\/\/www.laguiadepamplona.com\/actualidad\/aprobada-la-licitacion-del-contrato-de-suministro-de-adornos-de-iluminacion-y-decoracion-para-la-campana-de-navidad-en-los-principales-ejes-comerciales-de-pamplona\/","name":"Aprobada la licitaci\u00f3n del contrato de suministro de adornos de iluminaci\u00f3n y decoraci\u00f3n para la campa\u00f1a de Navidad en los principales ejes comerciales de Pamplona","isPartOf":{"@id":"https:\/\/www.laguiadepamplona.com\/actualidad\/#website"},"primaryImageOfPage":{"@id":"https:\/\/www.laguiadepamplona.com\/actualidad\/aprobada-la-licitacion-del-contrato-de-suministro-de-adornos-de-iluminacion-y-decoracion-para-la-campana-de-navidad-en-los-principales-ejes-comerciales-de-pamplona\/#primaryimage"},"image":{"@id":"https:\/\/www.laguiadepamplona.com\/actualidad\/aprobada-la-licitacion-del-contrato-de-suministro-de-adornos-de-iluminacion-y-decoracion-para-la-campana-de-navidad-en-los-principales-ejes-comerciales-de-pamplona\/#primaryimage"},"thumbnailUrl":"https:\/\/www.laguiadepamplona.com\/actualidad\/wp-content\/uploads\/2022\/11\/iluminacion-navidad-jgv4988_0.webp","datePublished":"2023-06-15T11:30:59+00:00","description":"La adquisici\u00f3n de estos adornos, algunos transitables y que complementan la iluminaci\u00f3n tradicional, cuenta con un presupuesto de 75.000 euros","breadcrumb":{"@id":"https:\/\/www.laguiadepamplona.com\/actualidad\/aprobada-la-licitacion-del-contrato-de-suministro-de-adornos-de-iluminacion-y-decoracion-para-la-campana-de-navidad-en-los-principales-ejes-comerciales-de-pamplona\/#breadcrumb"},"inLanguage":"es","potentialAction":[{"@type":"ReadAction","target":["https:\/\/www.laguiadepamplona.com\/actualidad\/aprobada-la-licitacion-del-contrato-de-suministro-de-adornos-de-iluminacion-y-decoracion-para-la-campana-de-navidad-en-los-principales-ejes-comerciales-de-pamplona\/"]}]},{"@type":"ImageObject","inLanguage":"es","@id":"https:\/\/www.laguiadepamplona.com\/actualidad\/aprobada-la-licitacion-del-contrato-de-suministro-de-adornos-de-iluminacion-y-decoracion-para-la-campana-de-navidad-en-los-principales-ejes-comerciales-de-pamplona\/#primaryimage","url":"https:\/\/www.laguiadepamplona.com\/actualidad\/wp-content\/uploads\/2022\/11\/iluminacion-navidad-jgv4988_0.webp","contentUrl":"https:\/\/www.laguiadepamplona.com\/actualidad\/wp-content\/uploads\/2022\/11\/iluminacion-navidad-jgv4988_0.webp","width":1920,"height":1280,"caption":"iluminaci\u00f3n navidad"},{"@type":"BreadcrumbList","@id":"https:\/\/www.laguiadepamplona.com\/actualidad\/aprobada-la-licitacion-del-contrato-de-suministro-de-adornos-de-iluminacion-y-decoracion-para-la-campana-de-navidad-en-los-principales-ejes-comerciales-de-pamplona\/#breadcrumb","itemListElement":[{"@type":"ListItem","position":1,"name":"Portada","item":"https:\/\/www.laguiadepamplona.com\/actualidad\/"},{"@type":"ListItem","position":2,"name":"Aprobada la licitaci\u00f3n del contrato de suministro de adornos de iluminaci\u00f3n y decoraci\u00f3n para la campa\u00f1a de Navidad en los principales ejes comerciales de Pamplona"}]},{"@type":"WebSite","@id":"https:\/\/www.laguiadepamplona.com\/actualidad\/#website","url":"https:\/\/www.laguiadepamplona.com\/actualidad\/","name":"La gu\u00eda de Pamplona","description":"Noticias de Pamplona","publisher":{"@id":"https:\/\/www.laguiadepamplona.com\/actualidad\/#organization"},"potentialAction":[{"@type":"SearchAction","target":{"@type":"EntryPoint","urlTemplate":"https:\/\/www.laguiadepamplona.com\/actualidad\/?s={search_term_string}"},"query-input":{"@type":"PropertyValueSpecification","valueRequired":true,"valueName":"search_term_string"}}],"inLanguage":"es"},{"@type":"Organization","@id":"https:\/\/www.laguiadepamplona.com\/actualidad\/#organization","name":"La Gu\u00eda de Pamplona \/ Noticias","url":"https:\/\/www.laguiadepamplona.com\/actualidad\/","logo":{"@type":"ImageObject","inLanguage":"es","@id":"https:\/\/www.laguiadepamplona.com\/actualidad\/#\/schema\/logo\/image\/","url":"https:\/\/www.laguiadepamplona.com\/actualidad\/wp-content\/uploads\/2018\/11\/logo-laguiadepamplona18-web1.png","contentUrl":"https:\/\/www.laguiadepamplona.com\/actualidad\/wp-content\/uploads\/2018\/11\/logo-laguiadepamplona18-web1.png","width":600,"height":196,"caption":"La Gu\u00eda de Pamplona \/ Noticias"},"image":{"@id":"https:\/\/www.laguiadepamplona.com\/actualidad\/#\/schema\/logo\/image\/"},"sameAs":["https:\/\/www.facebook.com\/laguiadepamplonacom-133175176762273\/?ref=hl","https:\/\/x.com\/LaGuiadPamplona","https:\/\/www.instagram.com\/la_guia_de_pamplona\/","https:\/\/www.youtube.com\/user\/laguiadepamplona"]},{"@type":"Person","@id":"https:\/\/www.laguiadepamplona.com\/actualidad\/#\/schema\/person\/efe887376f0213d4657c93adc50b1fdb","name":"La Gu\u00eda de Pamplona","image":{"@type":"ImageObject","inLanguage":"es","@id":"https:\/\/secure.gravatar.com\/avatar\/b6992f131dc8d30ab0dff15446e9d346d9dbd95992de0fef795073f5ea83a81c?s=96&d=mm&r=g","url":"https:\/\/secure.gravatar.com\/avatar\/b6992f131dc8d30ab0dff15446e9d346d9dbd95992de0fef795073f5ea83a81c?s=96&d=mm&r=g","contentUrl":"https:\/\/secure.gravatar.com\/avatar\/b6992f131dc8d30ab0dff15446e9d346d9dbd95992de0fef795073f5ea83a81c?s=96&d=mm&r=g","caption":"La Gu\u00eda de Pamplona"}}]}},"post_mailing_queue_ids":[],"_links":{"self":[{"href":"https:\/\/www.laguiadepamplona.com\/actualidad\/wp-json\/wp\/v2\/posts\/47070","targetHints":{"allow":["GET"]}}],"collection":[{"href":"https:\/\/www.laguiadepamplona.com\/actualidad\/wp-json\/wp\/v2\/posts"}],"about":[{"href":"https:\/\/www.laguiadepamplona.com\/actualidad\/wp-json\/wp\/v2\/types\/post"}],"author":[{"embeddable":true,"href":"https:\/\/www.laguiadepamplona.com\/actualidad\/wp-json\/wp\/v2\/users\/1"}],"replies":[{"embeddable":true,"href":"https:\/\/www.laguiadepamplona.com\/actualidad\/wp-json\/wp\/v2\/comments?post=47070"}],"version-history":[{"count":1,"href":"https:\/\/www.laguiadepamplona.com\/actualidad\/wp-json\/wp\/v2\/posts\/47070\/revisions"}],"predecessor-version":[{"id":47071,"href":"https:\/\/www.laguiadepamplona.com\/actualidad\/wp-json\/wp\/v2\/posts\/47070\/revisions\/47071"}],"wp:featuredmedia":[{"embeddable":true,"href":"https:\/\/www.laguiadepamplona.com\/actualidad\/wp-json\/wp\/v2\/media\/42132"}],"wp:attachment":[{"href":"https:\/\/www.laguiadepamplona.com\/actualidad\/wp-json\/wp\/v2\/media?parent=47070"}],"wp:term":[{"taxonomy":"category","embeddable":true,"href":"https:\/\/www.laguiadepamplona.com\/actualidad\/wp-json\/wp\/v2\/categories?post=47070"},{"taxonomy":"post_tag","embeddable":true,"href":"https:\/\/www.laguiadepamplona.com\/actualidad\/wp-json\/wp\/v2\/tags?post=47070"}],"curies":[{"name":"wp","href":"https:\/\/api.w.org\/{rel}","templated":true}]}}