{"id":47067,"date":"2023-06-15T13:29:25","date_gmt":"2023-06-15T11:29:25","guid":{"rendered":"https:\/\/www.laguiadepamplona.com\/actualidad\/?p=47067"},"modified":"2023-06-15T13:29:25","modified_gmt":"2023-06-15T11:29:25","slug":"licitado-el-acuerdo-marco-para-seleccionar-las-empresas-que-impartiran-las-actividades-formativas-ciclistas-la-bicicleta-en-la-escuela-y-biciescuela-para-personas-adultas","status":"publish","type":"post","link":"https:\/\/www.laguiadepamplona.com\/actualidad\/licitado-el-acuerdo-marco-para-seleccionar-las-empresas-que-impartiran-las-actividades-formativas-ciclistas-la-bicicleta-en-la-escuela-y-biciescuela-para-personas-adultas\/","title":{"rendered":"Licitado el acuerdo marco para seleccionar las empresas que impartir\u00e1n las actividades formativas ciclistas \u2018La Bicicleta en la Escuela\u2019 y \u2018Biciescuela para Personas Adultas\u2019"},"content":{"rendered":"<h3>Se impartir\u00e1n 90 talleres en centros educativos dentro de \u2018La Bicicleta en la Escuela\u2019 y 300 horas de monitorado para formaci\u00f3n de personas adultas<\/h3>\n<p><!--more--><\/p>\n<p>La Junta de Gobierno Local ha aprobado esta semana la licitaci\u00f3n de un acuerdo marco para la selecci\u00f3n de empresas que impartan actividades formativas ciclistas en Pamplona. Se licitan dos lotes de actividades, que coinciden, por un lado, con el programa \u2018La Bicicleta en la Escuela, destinado al alumnado de centros escolares y, por otro lado, \u2018La Biciescuela para Personas Adultas\u2019, actividad formativa realizada en diferentes ciclos anuales.<\/p>\n<p>El Ayuntamiento de Pamplona busca una empresa por cada uno de los lotes para que lleve a cabo la formaci\u00f3n durante dos a\u00f1os, del 1 de septiembre de 2023 al 31 de agosto de 2025, con opci\u00f3n de dos pr\u00f3rrogas anuales m\u00e1s. Se ha estimado un gasto de 261.360 euros, 217.800 euros para \u2018La Bicicleta en la Escuela\u2019 y 43.560 euros para \u2018La Biciescuela para Personas Adultas\u2019. Los compromisos adquiridos con las empresas adjudicatarias nacer\u00e1n exclusivamente de los contratos derivados. El c\u00e1lculo de los precios de cada contrato derivado se har\u00e1 en base a los precios unitarios ofertados para los 90 talleres previstos para las actividades formativas en escuelas y las 300 horas de asistencia en los cursos para personas adultas.<br \/>\n<script async src=\"\/\/pagead2.googlesyndication.com\/pagead\/js\/adsbygoogle.js\"><\/script><br \/>\n<!-- Noticias La Guia de Pamplona --><br \/>\n<ins class=\"adsbygoogle\"\nstyle=\"display:block\"\ndata-ad-client=\"ca-pub-6943679897239327\"\ndata-ad-slot=\"7048180777\"\ndata-ad-format=\"auto\"><\/ins><br \/>\n<script>\n(adsbygoogle = window.adsbygoogle || []).push({});\n<\/script><\/p>\n<p>El Ayuntamiento de Pamplona desarrolla desde 2017 estas dos l\u00edneas formativas en el \u00e1mbito de la bicicleta. En 2019, con objeto de dar continuidad a estos programas y de disponer de diferentes empresas y profesionales que pudieran prestar los servicios de organizar, monitorizar y realizar estas actividades formativas, se licit\u00f3 un acuerdo marco que gener\u00f3 una selecci\u00f3n de dos empresas para la adjudicaci\u00f3n de los contratos derivados de los dos lotes en los que, como en esta ocasi\u00f3n, se dividi\u00f3 el acuerdo.<\/p>\n<p>Estos programas persiguen favorecer la movilidad sostenible y el incremento de uso de la bicicleta en la ciudad; fomentar el uso de la bicicleta en los desplazamientos habituales de una forma aut\u00f3noma y segura; desarrollar actitudes positivas hacia el uso de la bicicleta en la calle, fundamentalmente en v\u00edas ciclistas y calzadas pacificadas; y favorecer la realizaci\u00f3n de actividad f\u00edsica cotidiana por los beneficios sobre la salud que esta lleva asociados.<br \/>\n<script async src=\"\/\/pagead2.googlesyndication.com\/pagead\/js\/adsbygoogle.js\"><\/script><br \/>\n<!-- Noticias La Guia de Pamplona --><br \/>\n<ins class=\"adsbygoogle\"\nstyle=\"display:block\"\ndata-ad-client=\"ca-pub-6943679897239327\"\ndata-ad-slot=\"7048180777\"\ndata-ad-format=\"auto\"><\/ins><br \/>\n<script>\n(adsbygoogle = window.adsbygoogle || []).push({});\n<\/script><\/p>\n<p><strong>Sobre las actividades formativas ciclistas<\/strong><\/p>\n<p>Para ambos lotes, los trabajos a realizar por la entidad adjudicataria consistir\u00e1n en dise\u00f1ar, organizar, monitorizar, evaluar y documentar un programa educativo dirigido al alumnado de centros escolares o a personas adultas, con el objetivo de impartir formaci\u00f3n relativa a circulaci\u00f3n segura y responsable en bicicleta por la ciudad.<\/p>\n<p>El programa educativo \u2018La Bicicleta en la Escuela\u2019 va dirigido a alumnos y alumnas de 5\u00ba y 6\u00ba de Educaci\u00f3n Primaria y 1\u00ba y 2\u00ba de Educaci\u00f3n Secundaria, de todos los centros escolares, p\u00fablicos y privados concertados de Pamplona. La formaci\u00f3n incluir\u00e1 actividades en las que se trabaje el conocimiento de la bicicleta como veh\u00edculo y su mantenimiento b\u00e1sico; la adquisici\u00f3n de control y habilidad con la bicicleta; aspectos normativos y de seguridad (c\u00f3mo y d\u00f3nde circular, consejos\u2026); o la circulaci\u00f3n de bici en calle. La formaci\u00f3n deber\u00e1 incluir una salida en grupo por calles pr\u00f3ximas al centro escolar, en la que se elegir\u00e1n tramos con v\u00edas ciclistas o calzadas pacificadas, adapt\u00e1ndose a las posibles rutas escolares, y realizando ejercicios individuales sobre el terreno. Estas actividades se concretar\u00e1n en un taller configurado por tres sesiones de formaci\u00f3n que tendr\u00e1n lugar en aula, patio y salida exterior, respectivamente.<br \/>\n<script async src=\"\/\/pagead2.googlesyndication.com\/pagead\/js\/adsbygoogle.js\"><\/script><br \/>\n<!-- Noticias La Guia de Pamplona --><br \/>\n<ins class=\"adsbygoogle\"\nstyle=\"display:block\"\ndata-ad-client=\"ca-pub-6943679897239327\"\ndata-ad-slot=\"7048180777\"\ndata-ad-format=\"auto\"><\/ins><br \/>\n<script>\n(adsbygoogle = window.adsbygoogle || []).push({});\n<\/script><\/p>\n<p>En la \u2018Biciescuela para Personas Adultas\u2019, la programaci\u00f3n did\u00e1ctica debe comprender la propuesta formativa denominada \u2018Aprende a pedalear: formaci\u00f3n para aprender a circular en bicicleta de forma segura por la ciudad\u2019. Estos talleres incluir\u00e1n diferentes niveles, desde aprender a montar en bicicleta hasta sesiones pr\u00e1cticas de circulaci\u00f3n en la v\u00eda p\u00fablica. El programa estar\u00e1 dirigido a personas adultas que quieran aprender a andar en bicicleta o mejorar su habilidad con la misma. Esta formaci\u00f3n se programar\u00e1 por niveles, desde un nivel inicial para aprender a montar en bicicleta, pasando por la mejora de habilidades, hasta poder alcanzar un nivel superior, que les capacite para la circulaci\u00f3n en la ciudad con presencia de tr\u00e1fico real. La formaci\u00f3n deber\u00e1 incluir el conocimiento y mantenimiento b\u00e1sico de la bicicleta, sus elementos mec\u00e1nicos, as\u00ed como la planificaci\u00f3n de rutas seguras dentro del marco normativo en vigor.<\/p>\n","protected":false},"excerpt":{"rendered":"<p>Se impartir\u00e1n 90 talleres en centros educativos dentro de \u2018La Bicicleta en la Escuela\u2019 y 300 horas de monitorado para formaci\u00f3n de personas adultas<\/p>\n","protected":false},"author":1,"featured_media":47068,"comment_status":"open","ping_status":"closed","sticky":false,"template":"","format":"standard","meta":{"footnotes":""},"categories":[2],"tags":[],"class_list":["post-47067","post","type-post","status-publish","format-standard","has-post-thumbnail","hentry","category-ayuntamiento-pamplona"],"yoast_head":"<!-- This site is optimized with the Yoast SEO plugin v27.3 - https:\/\/yoast.com\/product\/yoast-seo-wordpress\/ -->\n<title>Licitado el acuerdo marco para seleccionar las empresas que impartir\u00e1n las actividades formativas ciclistas \u2018La Bicicleta en la Escuela\u2019 y \u2018Biciescuela para Personas Adultas\u2019<\/title>\n<meta name=\"description\" content=\"Se impartir\u00e1n 90 talleres en centros educativos dentro de \u2018La Bicicleta en la Escuela\u2019 y 300 horas de monitorado para formaci\u00f3n de personas adultas\" \/>\n<meta name=\"robots\" content=\"index, follow, max-snippet:-1, max-image-preview:large, max-video-preview:-1\" \/>\n<link rel=\"canonical\" href=\"https:\/\/www.laguiadepamplona.com\/actualidad\/licitado-el-acuerdo-marco-para-seleccionar-las-empresas-que-impartiran-las-actividades-formativas-ciclistas-la-bicicleta-en-la-escuela-y-biciescuela-para-personas-adultas\/\" \/>\n<meta property=\"og:locale\" content=\"es_ES\" \/>\n<meta property=\"og:type\" content=\"article\" \/>\n<meta property=\"og:title\" content=\"Licitado el acuerdo marco para seleccionar las empresas que impartir\u00e1n las actividades formativas ciclistas \u2018La Bicicleta en la Escuela\u2019 y \u2018Biciescuela para Personas Adultas\u2019\" \/>\n<meta property=\"og:description\" content=\"Se impartir\u00e1n 90 talleres en centros educativos dentro de \u2018La Bicicleta en la Escuela\u2019 y 300 horas de monitorado para formaci\u00f3n de personas adultas\" \/>\n<meta property=\"og:url\" content=\"https:\/\/www.laguiadepamplona.com\/actualidad\/licitado-el-acuerdo-marco-para-seleccionar-las-empresas-que-impartiran-las-actividades-formativas-ciclistas-la-bicicleta-en-la-escuela-y-biciescuela-para-personas-adultas\/\" \/>\n<meta property=\"og:site_name\" content=\"La Gu\u00eda de Pamplona\" \/>\n<meta property=\"article:publisher\" content=\"https:\/\/www.facebook.com\/laguiadepamplonacom-133175176762273\/?ref=hl\" \/>\n<meta property=\"article:published_time\" content=\"2023-06-15T11:29:25+00:00\" \/>\n<meta property=\"og:image\" content=\"https:\/\/www.laguiadepamplona.com\/actualidad\/wp-content\/uploads\/2023\/06\/20191028_121935-biciescuela_0.webp\" \/>\n\t<meta property=\"og:image:width\" content=\"1417\" \/>\n\t<meta property=\"og:image:height\" content=\"797\" \/>\n\t<meta property=\"og:image:type\" content=\"image\/webp\" \/>\n<meta name=\"author\" content=\"La Gu\u00eda de Pamplona\" \/>\n<meta name=\"twitter:card\" content=\"summary_large_image\" \/>\n<meta name=\"twitter:creator\" content=\"@LaGuiadPamplona\" \/>\n<meta name=\"twitter:site\" content=\"@LaGuiadPamplona\" \/>\n<meta name=\"twitter:label1\" content=\"Escrito por\" \/>\n\t<meta name=\"twitter:data1\" content=\"La Gu\u00eda de Pamplona\" \/>\n\t<meta name=\"twitter:label2\" content=\"Tiempo de lectura\" \/>\n\t<meta name=\"twitter:data2\" content=\"4 minutos\" \/>\n<script type=\"application\/ld+json\" class=\"yoast-schema-graph\">{\"@context\":\"https:\\\/\\\/schema.org\",\"@graph\":[{\"@type\":\"Article\",\"@id\":\"https:\\\/\\\/www.laguiadepamplona.com\\\/actualidad\\\/licitado-el-acuerdo-marco-para-seleccionar-las-empresas-que-impartiran-las-actividades-formativas-ciclistas-la-bicicleta-en-la-escuela-y-biciescuela-para-personas-adultas\\\/#article\",\"isPartOf\":{\"@id\":\"https:\\\/\\\/www.laguiadepamplona.com\\\/actualidad\\\/licitado-el-acuerdo-marco-para-seleccionar-las-empresas-que-impartiran-las-actividades-formativas-ciclistas-la-bicicleta-en-la-escuela-y-biciescuela-para-personas-adultas\\\/\"},\"author\":{\"name\":\"La Gu\u00eda de Pamplona\",\"@id\":\"https:\\\/\\\/www.laguiadepamplona.com\\\/actualidad\\\/#\\\/schema\\\/person\\\/efe887376f0213d4657c93adc50b1fdb\"},\"headline\":\"Licitado el acuerdo marco para seleccionar las empresas que impartir\u00e1n las actividades formativas ciclistas \u2018La Bicicleta en la Escuela\u2019 y \u2018Biciescuela para Personas Adultas\u2019\",\"datePublished\":\"2023-06-15T11:29:25+00:00\",\"mainEntityOfPage\":{\"@id\":\"https:\\\/\\\/www.laguiadepamplona.com\\\/actualidad\\\/licitado-el-acuerdo-marco-para-seleccionar-las-empresas-que-impartiran-las-actividades-formativas-ciclistas-la-bicicleta-en-la-escuela-y-biciescuela-para-personas-adultas\\\/\"},\"wordCount\":773,\"commentCount\":0,\"publisher\":{\"@id\":\"https:\\\/\\\/www.laguiadepamplona.com\\\/actualidad\\\/#organization\"},\"image\":{\"@id\":\"https:\\\/\\\/www.laguiadepamplona.com\\\/actualidad\\\/licitado-el-acuerdo-marco-para-seleccionar-las-empresas-que-impartiran-las-actividades-formativas-ciclistas-la-bicicleta-en-la-escuela-y-biciescuela-para-personas-adultas\\\/#primaryimage\"},\"thumbnailUrl\":\"https:\\\/\\\/www.laguiadepamplona.com\\\/actualidad\\\/wp-content\\\/uploads\\\/2023\\\/06\\\/20191028_121935-biciescuela_0.webp\",\"articleSection\":[\"Ayto Pamplona\"],\"inLanguage\":\"es\",\"potentialAction\":[{\"@type\":\"CommentAction\",\"name\":\"Comment\",\"target\":[\"https:\\\/\\\/www.laguiadepamplona.com\\\/actualidad\\\/licitado-el-acuerdo-marco-para-seleccionar-las-empresas-que-impartiran-las-actividades-formativas-ciclistas-la-bicicleta-en-la-escuela-y-biciescuela-para-personas-adultas\\\/#respond\"]}]},{\"@type\":\"WebPage\",\"@id\":\"https:\\\/\\\/www.laguiadepamplona.com\\\/actualidad\\\/licitado-el-acuerdo-marco-para-seleccionar-las-empresas-que-impartiran-las-actividades-formativas-ciclistas-la-bicicleta-en-la-escuela-y-biciescuela-para-personas-adultas\\\/\",\"url\":\"https:\\\/\\\/www.laguiadepamplona.com\\\/actualidad\\\/licitado-el-acuerdo-marco-para-seleccionar-las-empresas-que-impartiran-las-actividades-formativas-ciclistas-la-bicicleta-en-la-escuela-y-biciescuela-para-personas-adultas\\\/\",\"name\":\"Licitado el acuerdo marco para seleccionar las empresas que impartir\u00e1n las actividades formativas ciclistas \u2018La Bicicleta en la Escuela\u2019 y \u2018Biciescuela para Personas Adultas\u2019\",\"isPartOf\":{\"@id\":\"https:\\\/\\\/www.laguiadepamplona.com\\\/actualidad\\\/#website\"},\"primaryImageOfPage\":{\"@id\":\"https:\\\/\\\/www.laguiadepamplona.com\\\/actualidad\\\/licitado-el-acuerdo-marco-para-seleccionar-las-empresas-que-impartiran-las-actividades-formativas-ciclistas-la-bicicleta-en-la-escuela-y-biciescuela-para-personas-adultas\\\/#primaryimage\"},\"image\":{\"@id\":\"https:\\\/\\\/www.laguiadepamplona.com\\\/actualidad\\\/licitado-el-acuerdo-marco-para-seleccionar-las-empresas-que-impartiran-las-actividades-formativas-ciclistas-la-bicicleta-en-la-escuela-y-biciescuela-para-personas-adultas\\\/#primaryimage\"},\"thumbnailUrl\":\"https:\\\/\\\/www.laguiadepamplona.com\\\/actualidad\\\/wp-content\\\/uploads\\\/2023\\\/06\\\/20191028_121935-biciescuela_0.webp\",\"datePublished\":\"2023-06-15T11:29:25+00:00\",\"description\":\"Se impartir\u00e1n 90 talleres en centros educativos dentro de \u2018La Bicicleta en la Escuela\u2019 y 300 horas de monitorado para formaci\u00f3n de personas adultas\",\"breadcrumb\":{\"@id\":\"https:\\\/\\\/www.laguiadepamplona.com\\\/actualidad\\\/licitado-el-acuerdo-marco-para-seleccionar-las-empresas-que-impartiran-las-actividades-formativas-ciclistas-la-bicicleta-en-la-escuela-y-biciescuela-para-personas-adultas\\\/#breadcrumb\"},\"inLanguage\":\"es\",\"potentialAction\":[{\"@type\":\"ReadAction\",\"target\":[\"https:\\\/\\\/www.laguiadepamplona.com\\\/actualidad\\\/licitado-el-acuerdo-marco-para-seleccionar-las-empresas-que-impartiran-las-actividades-formativas-ciclistas-la-bicicleta-en-la-escuela-y-biciescuela-para-personas-adultas\\\/\"]}]},{\"@type\":\"ImageObject\",\"inLanguage\":\"es\",\"@id\":\"https:\\\/\\\/www.laguiadepamplona.com\\\/actualidad\\\/licitado-el-acuerdo-marco-para-seleccionar-las-empresas-que-impartiran-las-actividades-formativas-ciclistas-la-bicicleta-en-la-escuela-y-biciescuela-para-personas-adultas\\\/#primaryimage\",\"url\":\"https:\\\/\\\/www.laguiadepamplona.com\\\/actualidad\\\/wp-content\\\/uploads\\\/2023\\\/06\\\/20191028_121935-biciescuela_0.webp\",\"contentUrl\":\"https:\\\/\\\/www.laguiadepamplona.com\\\/actualidad\\\/wp-content\\\/uploads\\\/2023\\\/06\\\/20191028_121935-biciescuela_0.webp\",\"width\":1417,\"height\":797,\"caption\":\"biciescuela\"},{\"@type\":\"BreadcrumbList\",\"@id\":\"https:\\\/\\\/www.laguiadepamplona.com\\\/actualidad\\\/licitado-el-acuerdo-marco-para-seleccionar-las-empresas-que-impartiran-las-actividades-formativas-ciclistas-la-bicicleta-en-la-escuela-y-biciescuela-para-personas-adultas\\\/#breadcrumb\",\"itemListElement\":[{\"@type\":\"ListItem\",\"position\":1,\"name\":\"Portada\",\"item\":\"https:\\\/\\\/www.laguiadepamplona.com\\\/actualidad\\\/\"},{\"@type\":\"ListItem\",\"position\":2,\"name\":\"Licitado el acuerdo marco para seleccionar las empresas que impartir\u00e1n las actividades formativas ciclistas \u2018La Bicicleta en la Escuela\u2019 y \u2018Biciescuela para Personas Adultas\u2019\"}]},{\"@type\":\"WebSite\",\"@id\":\"https:\\\/\\\/www.laguiadepamplona.com\\\/actualidad\\\/#website\",\"url\":\"https:\\\/\\\/www.laguiadepamplona.com\\\/actualidad\\\/\",\"name\":\"La gu\u00eda de Pamplona\",\"description\":\"Noticias de Pamplona\",\"publisher\":{\"@id\":\"https:\\\/\\\/www.laguiadepamplona.com\\\/actualidad\\\/#organization\"},\"potentialAction\":[{\"@type\":\"SearchAction\",\"target\":{\"@type\":\"EntryPoint\",\"urlTemplate\":\"https:\\\/\\\/www.laguiadepamplona.com\\\/actualidad\\\/?s={search_term_string}\"},\"query-input\":{\"@type\":\"PropertyValueSpecification\",\"valueRequired\":true,\"valueName\":\"search_term_string\"}}],\"inLanguage\":\"es\"},{\"@type\":\"Organization\",\"@id\":\"https:\\\/\\\/www.laguiadepamplona.com\\\/actualidad\\\/#organization\",\"name\":\"La Gu\u00eda de Pamplona \\\/ Noticias\",\"url\":\"https:\\\/\\\/www.laguiadepamplona.com\\\/actualidad\\\/\",\"logo\":{\"@type\":\"ImageObject\",\"inLanguage\":\"es\",\"@id\":\"https:\\\/\\\/www.laguiadepamplona.com\\\/actualidad\\\/#\\\/schema\\\/logo\\\/image\\\/\",\"url\":\"https:\\\/\\\/www.laguiadepamplona.com\\\/actualidad\\\/wp-content\\\/uploads\\\/2018\\\/11\\\/logo-laguiadepamplona18-web1.png\",\"contentUrl\":\"https:\\\/\\\/www.laguiadepamplona.com\\\/actualidad\\\/wp-content\\\/uploads\\\/2018\\\/11\\\/logo-laguiadepamplona18-web1.png\",\"width\":600,\"height\":196,\"caption\":\"La Gu\u00eda de Pamplona \\\/ Noticias\"},\"image\":{\"@id\":\"https:\\\/\\\/www.laguiadepamplona.com\\\/actualidad\\\/#\\\/schema\\\/logo\\\/image\\\/\"},\"sameAs\":[\"https:\\\/\\\/www.facebook.com\\\/laguiadepamplonacom-133175176762273\\\/?ref=hl\",\"https:\\\/\\\/x.com\\\/LaGuiadPamplona\",\"https:\\\/\\\/www.instagram.com\\\/la_guia_de_pamplona\\\/\",\"https:\\\/\\\/www.youtube.com\\\/user\\\/laguiadepamplona\"]},{\"@type\":\"Person\",\"@id\":\"https:\\\/\\\/www.laguiadepamplona.com\\\/actualidad\\\/#\\\/schema\\\/person\\\/efe887376f0213d4657c93adc50b1fdb\",\"name\":\"La Gu\u00eda de Pamplona\",\"image\":{\"@type\":\"ImageObject\",\"inLanguage\":\"es\",\"@id\":\"https:\\\/\\\/secure.gravatar.com\\\/avatar\\\/b6992f131dc8d30ab0dff15446e9d346d9dbd95992de0fef795073f5ea83a81c?s=96&d=mm&r=g\",\"url\":\"https:\\\/\\\/secure.gravatar.com\\\/avatar\\\/b6992f131dc8d30ab0dff15446e9d346d9dbd95992de0fef795073f5ea83a81c?s=96&d=mm&r=g\",\"contentUrl\":\"https:\\\/\\\/secure.gravatar.com\\\/avatar\\\/b6992f131dc8d30ab0dff15446e9d346d9dbd95992de0fef795073f5ea83a81c?s=96&d=mm&r=g\",\"caption\":\"La Gu\u00eda de Pamplona\"}}]}<\/script>\n<!-- \/ Yoast SEO plugin. -->","yoast_head_json":{"title":"Licitado el acuerdo marco para seleccionar las empresas que impartir\u00e1n las actividades formativas ciclistas \u2018La Bicicleta en la Escuela\u2019 y \u2018Biciescuela para Personas Adultas\u2019","description":"Se impartir\u00e1n 90 talleres en centros educativos dentro de \u2018La Bicicleta en la Escuela\u2019 y 300 horas de monitorado para formaci\u00f3n de personas adultas","robots":{"index":"index","follow":"follow","max-snippet":"max-snippet:-1","max-image-preview":"max-image-preview:large","max-video-preview":"max-video-preview:-1"},"canonical":"https:\/\/www.laguiadepamplona.com\/actualidad\/licitado-el-acuerdo-marco-para-seleccionar-las-empresas-que-impartiran-las-actividades-formativas-ciclistas-la-bicicleta-en-la-escuela-y-biciescuela-para-personas-adultas\/","og_locale":"es_ES","og_type":"article","og_title":"Licitado el acuerdo marco para seleccionar las empresas que impartir\u00e1n las actividades formativas ciclistas \u2018La Bicicleta en la Escuela\u2019 y \u2018Biciescuela para Personas Adultas\u2019","og_description":"Se impartir\u00e1n 90 talleres en centros educativos dentro de \u2018La Bicicleta en la Escuela\u2019 y 300 horas de monitorado para formaci\u00f3n de personas adultas","og_url":"https:\/\/www.laguiadepamplona.com\/actualidad\/licitado-el-acuerdo-marco-para-seleccionar-las-empresas-que-impartiran-las-actividades-formativas-ciclistas-la-bicicleta-en-la-escuela-y-biciescuela-para-personas-adultas\/","og_site_name":"La Gu\u00eda de Pamplona","article_publisher":"https:\/\/www.facebook.com\/laguiadepamplonacom-133175176762273\/?ref=hl","article_published_time":"2023-06-15T11:29:25+00:00","og_image":[{"width":1417,"height":797,"url":"https:\/\/www.laguiadepamplona.com\/actualidad\/wp-content\/uploads\/2023\/06\/20191028_121935-biciescuela_0.webp","type":"image\/webp"}],"author":"La Gu\u00eda de Pamplona","twitter_card":"summary_large_image","twitter_creator":"@LaGuiadPamplona","twitter_site":"@LaGuiadPamplona","twitter_misc":{"Escrito por":"La Gu\u00eda de Pamplona","Tiempo de lectura":"4 minutos"},"schema":{"@context":"https:\/\/schema.org","@graph":[{"@type":"Article","@id":"https:\/\/www.laguiadepamplona.com\/actualidad\/licitado-el-acuerdo-marco-para-seleccionar-las-empresas-que-impartiran-las-actividades-formativas-ciclistas-la-bicicleta-en-la-escuela-y-biciescuela-para-personas-adultas\/#article","isPartOf":{"@id":"https:\/\/www.laguiadepamplona.com\/actualidad\/licitado-el-acuerdo-marco-para-seleccionar-las-empresas-que-impartiran-las-actividades-formativas-ciclistas-la-bicicleta-en-la-escuela-y-biciescuela-para-personas-adultas\/"},"author":{"name":"La Gu\u00eda de Pamplona","@id":"https:\/\/www.laguiadepamplona.com\/actualidad\/#\/schema\/person\/efe887376f0213d4657c93adc50b1fdb"},"headline":"Licitado el acuerdo marco para seleccionar las empresas que impartir\u00e1n las actividades formativas ciclistas \u2018La Bicicleta en la Escuela\u2019 y \u2018Biciescuela para Personas Adultas\u2019","datePublished":"2023-06-15T11:29:25+00:00","mainEntityOfPage":{"@id":"https:\/\/www.laguiadepamplona.com\/actualidad\/licitado-el-acuerdo-marco-para-seleccionar-las-empresas-que-impartiran-las-actividades-formativas-ciclistas-la-bicicleta-en-la-escuela-y-biciescuela-para-personas-adultas\/"},"wordCount":773,"commentCount":0,"publisher":{"@id":"https:\/\/www.laguiadepamplona.com\/actualidad\/#organization"},"image":{"@id":"https:\/\/www.laguiadepamplona.com\/actualidad\/licitado-el-acuerdo-marco-para-seleccionar-las-empresas-que-impartiran-las-actividades-formativas-ciclistas-la-bicicleta-en-la-escuela-y-biciescuela-para-personas-adultas\/#primaryimage"},"thumbnailUrl":"https:\/\/www.laguiadepamplona.com\/actualidad\/wp-content\/uploads\/2023\/06\/20191028_121935-biciescuela_0.webp","articleSection":["Ayto Pamplona"],"inLanguage":"es","potentialAction":[{"@type":"CommentAction","name":"Comment","target":["https:\/\/www.laguiadepamplona.com\/actualidad\/licitado-el-acuerdo-marco-para-seleccionar-las-empresas-que-impartiran-las-actividades-formativas-ciclistas-la-bicicleta-en-la-escuela-y-biciescuela-para-personas-adultas\/#respond"]}]},{"@type":"WebPage","@id":"https:\/\/www.laguiadepamplona.com\/actualidad\/licitado-el-acuerdo-marco-para-seleccionar-las-empresas-que-impartiran-las-actividades-formativas-ciclistas-la-bicicleta-en-la-escuela-y-biciescuela-para-personas-adultas\/","url":"https:\/\/www.laguiadepamplona.com\/actualidad\/licitado-el-acuerdo-marco-para-seleccionar-las-empresas-que-impartiran-las-actividades-formativas-ciclistas-la-bicicleta-en-la-escuela-y-biciescuela-para-personas-adultas\/","name":"Licitado el acuerdo marco para seleccionar las empresas que impartir\u00e1n las actividades formativas ciclistas \u2018La Bicicleta en la Escuela\u2019 y \u2018Biciescuela para Personas Adultas\u2019","isPartOf":{"@id":"https:\/\/www.laguiadepamplona.com\/actualidad\/#website"},"primaryImageOfPage":{"@id":"https:\/\/www.laguiadepamplona.com\/actualidad\/licitado-el-acuerdo-marco-para-seleccionar-las-empresas-que-impartiran-las-actividades-formativas-ciclistas-la-bicicleta-en-la-escuela-y-biciescuela-para-personas-adultas\/#primaryimage"},"image":{"@id":"https:\/\/www.laguiadepamplona.com\/actualidad\/licitado-el-acuerdo-marco-para-seleccionar-las-empresas-que-impartiran-las-actividades-formativas-ciclistas-la-bicicleta-en-la-escuela-y-biciescuela-para-personas-adultas\/#primaryimage"},"thumbnailUrl":"https:\/\/www.laguiadepamplona.com\/actualidad\/wp-content\/uploads\/2023\/06\/20191028_121935-biciescuela_0.webp","datePublished":"2023-06-15T11:29:25+00:00","description":"Se impartir\u00e1n 90 talleres en centros educativos dentro de \u2018La Bicicleta en la Escuela\u2019 y 300 horas de monitorado para formaci\u00f3n de personas adultas","breadcrumb":{"@id":"https:\/\/www.laguiadepamplona.com\/actualidad\/licitado-el-acuerdo-marco-para-seleccionar-las-empresas-que-impartiran-las-actividades-formativas-ciclistas-la-bicicleta-en-la-escuela-y-biciescuela-para-personas-adultas\/#breadcrumb"},"inLanguage":"es","potentialAction":[{"@type":"ReadAction","target":["https:\/\/www.laguiadepamplona.com\/actualidad\/licitado-el-acuerdo-marco-para-seleccionar-las-empresas-que-impartiran-las-actividades-formativas-ciclistas-la-bicicleta-en-la-escuela-y-biciescuela-para-personas-adultas\/"]}]},{"@type":"ImageObject","inLanguage":"es","@id":"https:\/\/www.laguiadepamplona.com\/actualidad\/licitado-el-acuerdo-marco-para-seleccionar-las-empresas-que-impartiran-las-actividades-formativas-ciclistas-la-bicicleta-en-la-escuela-y-biciescuela-para-personas-adultas\/#primaryimage","url":"https:\/\/www.laguiadepamplona.com\/actualidad\/wp-content\/uploads\/2023\/06\/20191028_121935-biciescuela_0.webp","contentUrl":"https:\/\/www.laguiadepamplona.com\/actualidad\/wp-content\/uploads\/2023\/06\/20191028_121935-biciescuela_0.webp","width":1417,"height":797,"caption":"biciescuela"},{"@type":"BreadcrumbList","@id":"https:\/\/www.laguiadepamplona.com\/actualidad\/licitado-el-acuerdo-marco-para-seleccionar-las-empresas-que-impartiran-las-actividades-formativas-ciclistas-la-bicicleta-en-la-escuela-y-biciescuela-para-personas-adultas\/#breadcrumb","itemListElement":[{"@type":"ListItem","position":1,"name":"Portada","item":"https:\/\/www.laguiadepamplona.com\/actualidad\/"},{"@type":"ListItem","position":2,"name":"Licitado el acuerdo marco para seleccionar las empresas que impartir\u00e1n las actividades formativas ciclistas \u2018La Bicicleta en la Escuela\u2019 y \u2018Biciescuela para Personas Adultas\u2019"}]},{"@type":"WebSite","@id":"https:\/\/www.laguiadepamplona.com\/actualidad\/#website","url":"https:\/\/www.laguiadepamplona.com\/actualidad\/","name":"La gu\u00eda de Pamplona","description":"Noticias de Pamplona","publisher":{"@id":"https:\/\/www.laguiadepamplona.com\/actualidad\/#organization"},"potentialAction":[{"@type":"SearchAction","target":{"@type":"EntryPoint","urlTemplate":"https:\/\/www.laguiadepamplona.com\/actualidad\/?s={search_term_string}"},"query-input":{"@type":"PropertyValueSpecification","valueRequired":true,"valueName":"search_term_string"}}],"inLanguage":"es"},{"@type":"Organization","@id":"https:\/\/www.laguiadepamplona.com\/actualidad\/#organization","name":"La Gu\u00eda de Pamplona \/ Noticias","url":"https:\/\/www.laguiadepamplona.com\/actualidad\/","logo":{"@type":"ImageObject","inLanguage":"es","@id":"https:\/\/www.laguiadepamplona.com\/actualidad\/#\/schema\/logo\/image\/","url":"https:\/\/www.laguiadepamplona.com\/actualidad\/wp-content\/uploads\/2018\/11\/logo-laguiadepamplona18-web1.png","contentUrl":"https:\/\/www.laguiadepamplona.com\/actualidad\/wp-content\/uploads\/2018\/11\/logo-laguiadepamplona18-web1.png","width":600,"height":196,"caption":"La Gu\u00eda de Pamplona \/ Noticias"},"image":{"@id":"https:\/\/www.laguiadepamplona.com\/actualidad\/#\/schema\/logo\/image\/"},"sameAs":["https:\/\/www.facebook.com\/laguiadepamplonacom-133175176762273\/?ref=hl","https:\/\/x.com\/LaGuiadPamplona","https:\/\/www.instagram.com\/la_guia_de_pamplona\/","https:\/\/www.youtube.com\/user\/laguiadepamplona"]},{"@type":"Person","@id":"https:\/\/www.laguiadepamplona.com\/actualidad\/#\/schema\/person\/efe887376f0213d4657c93adc50b1fdb","name":"La Gu\u00eda de Pamplona","image":{"@type":"ImageObject","inLanguage":"es","@id":"https:\/\/secure.gravatar.com\/avatar\/b6992f131dc8d30ab0dff15446e9d346d9dbd95992de0fef795073f5ea83a81c?s=96&d=mm&r=g","url":"https:\/\/secure.gravatar.com\/avatar\/b6992f131dc8d30ab0dff15446e9d346d9dbd95992de0fef795073f5ea83a81c?s=96&d=mm&r=g","contentUrl":"https:\/\/secure.gravatar.com\/avatar\/b6992f131dc8d30ab0dff15446e9d346d9dbd95992de0fef795073f5ea83a81c?s=96&d=mm&r=g","caption":"La Gu\u00eda de Pamplona"}}]}},"post_mailing_queue_ids":[],"_links":{"self":[{"href":"https:\/\/www.laguiadepamplona.com\/actualidad\/wp-json\/wp\/v2\/posts\/47067","targetHints":{"allow":["GET"]}}],"collection":[{"href":"https:\/\/www.laguiadepamplona.com\/actualidad\/wp-json\/wp\/v2\/posts"}],"about":[{"href":"https:\/\/www.laguiadepamplona.com\/actualidad\/wp-json\/wp\/v2\/types\/post"}],"author":[{"embeddable":true,"href":"https:\/\/www.laguiadepamplona.com\/actualidad\/wp-json\/wp\/v2\/users\/1"}],"replies":[{"embeddable":true,"href":"https:\/\/www.laguiadepamplona.com\/actualidad\/wp-json\/wp\/v2\/comments?post=47067"}],"version-history":[{"count":1,"href":"https:\/\/www.laguiadepamplona.com\/actualidad\/wp-json\/wp\/v2\/posts\/47067\/revisions"}],"predecessor-version":[{"id":47069,"href":"https:\/\/www.laguiadepamplona.com\/actualidad\/wp-json\/wp\/v2\/posts\/47067\/revisions\/47069"}],"wp:featuredmedia":[{"embeddable":true,"href":"https:\/\/www.laguiadepamplona.com\/actualidad\/wp-json\/wp\/v2\/media\/47068"}],"wp:attachment":[{"href":"https:\/\/www.laguiadepamplona.com\/actualidad\/wp-json\/wp\/v2\/media?parent=47067"}],"wp:term":[{"taxonomy":"category","embeddable":true,"href":"https:\/\/www.laguiadepamplona.com\/actualidad\/wp-json\/wp\/v2\/categories?post=47067"},{"taxonomy":"post_tag","embeddable":true,"href":"https:\/\/www.laguiadepamplona.com\/actualidad\/wp-json\/wp\/v2\/tags?post=47067"}],"curies":[{"name":"wp","href":"https:\/\/api.w.org\/{rel}","templated":true}]}}