{"id":47064,"date":"2023-06-15T13:27:31","date_gmt":"2023-06-15T11:27:31","guid":{"rendered":"https:\/\/www.laguiadepamplona.com\/actualidad\/?p=47064"},"modified":"2023-06-15T13:27:31","modified_gmt":"2023-06-15T11:27:31","slug":"el-parque-de-aranzadi-se-convierte-en-zona-de-acceso-controlado-al-trafico-rodado-con-limitacion-de-tiempo-de-estancia-de-20-minutos","status":"publish","type":"post","link":"https:\/\/www.laguiadepamplona.com\/actualidad\/el-parque-de-aranzadi-se-convierte-en-zona-de-acceso-controlado-al-trafico-rodado-con-limitacion-de-tiempo-de-estancia-de-20-minutos\/","title":{"rendered":"El parque de Aranzadi se convierte en zona de acceso controlado al tr\u00e1fico rodado, con limitaci\u00f3n de tiempo de estancia de 20 minutos"},"content":{"rendered":"<h3>La calle Vuelta de Aranzadi se abre este jueves al p\u00fablico con sentido \u00fanico y recorrido circular y con c\u00e1maras de control de acceso y salida<\/h3>\n<p><!--more--><\/p>\n<p>El parque de Aranzadi ser\u00e1, desde este jueves, una zona de acceso controlado (ZAC) al tr\u00e1fico rodado, con el objetivo de reducir el volumen de veh\u00edculos de motor, garantizar el tr\u00e1nsito seguro de peatones y ciclistas y permitir un acceso ordenado de ciudadanos hasta las huertas y otros centros y servicios del parque. La calle Vuelta de Aranzadi ser\u00e1 la v\u00eda de acceso a esta zona, desde el cruce con la calle Vergel, entre la residencia El Vergel y el colegio El Red\u00edn. Los veh\u00edculos que accedan al lugar dispondr\u00e1n de un tiempo m\u00e1ximo de 20 minutos para abandonar el recinto, tiempo que ser\u00e1 controlado por c\u00e1maras tanto a la entrada como a la salida. \u00danicamente podr\u00e1n permanecer en el interior del parque los veh\u00edculos autorizados y aquellos que estacionen en el aparcamiento habilitado en las Huertas.<\/p>\n<p>Podr\u00e1n pedir autorizaci\u00f3n para acceder al parque los propietarios o arrendatarios de una plaza de garaje en el lugar, los titulares de establecimientos comerciales, las empresas de carga y descarga, obras, mudanzas y reparaciones, los veh\u00edculos de emergencias, y veh\u00edculos oficiales de las Administraciones P\u00fablicas, personas con tarjeta de movilidad reducida y, de forma puntual, para la celebraci\u00f3n de eventos y dem\u00e1s situaciones especiales. Las autorizaciones deber\u00e1n solicitarse en la <a href=\"http:\/\/policia.pamplona.es\/\" target=\"_blank\" rel=\"noopener\">p\u00e1gina web de Polic\u00eda Municipal<\/a> o en la web del Ayuntamiento de Pamplona. Tambi\u00e9n a trav\u00e9s del tel\u00e9fono de atenci\u00f3n ciudadana 010 y presencialmente en las Oficinas del \u00c1rea de Seguridad Ciudadana, en la calle Monasterio de Irache, n\u00famero 2, y, con cita previa, en la Oficina de Atenci\u00f3n al Ciudadano del Palacio de Condestable, en la calle Mayor, n\u00famero 2.<\/p>\n<p>El resto de la poblaci\u00f3n \u00fanicamente podr\u00e1 acceder al parque en veh\u00edculo de motor por tiempo limitado. La norma reguladora aprobada por el Ayuntamiento de Pamplona, y publicada hoy en <a href=\"https:\/\/bon.navarra.es\/es\/anuncio\/-\/texto\/2023\/126\/47\" target=\"_blank\" rel=\"noopener\">el Bolet\u00edn Oficial de Navarra<\/a>, establece que aquellos veh\u00edculos sin autorizaci\u00f3n que accedan a la zona sin estacionar dispondr\u00e1n de 20 minutos para completar el recorrido, desde la entrada hasta la salida. Estos veh\u00edculos no podr\u00e1n exceder los 5.500 kilos. La calle Vuelta de Aranzadi se ha convertido tras las obras en una v\u00eda circular de un \u00fanico sentido, a la que se accede junto a la residencia El Vergel y se sale por la Ciudad Deportiva Aranzadi.<br \/>\n<script async src=\"\/\/pagead2.googlesyndication.com\/pagead\/js\/adsbygoogle.js\"><\/script><br \/>\n<!-- Noticias La Guia de Pamplona --><br \/>\n<ins class=\"adsbygoogle\"\nstyle=\"display:block\"\ndata-ad-client=\"ca-pub-6943679897239327\"\ndata-ad-slot=\"7048180777\"\ndata-ad-format=\"auto\"><\/ins><br \/>\n<script>\n(adsbygoogle = window.adsbygoogle || []).push({});\n<\/script><\/p>\n<p><strong>Aparcar en la zona de estacionamiento de las Huertas<\/strong><\/p>\n<p>Con el objetivo puesto en reducir los veh\u00edculos de motor y eliminar estacionamientos indebidos dentro del parque de Aranzadi, se ha habilitado una \u00fanica zona de aparcamiento, junto al antiguo front\u00f3n, en la zona de las Huertas. Los veh\u00edculos que accedan al parque podr\u00e1n estacionar ah\u00ed, quedando as\u00ed en suspenso el plazo de 20 minutos para entrar y salir del recinto. En este sentido, se ha ubicado una c\u00e1mara de control a la entrada del aparcamiento, que detendr\u00e1 el tiempo m\u00e1ximo de 20 minutos, que se volver\u00e1 a activar al salir de la zona de estacionamiento.<\/p>\n<p>\u00c9sa ser\u00e1 la \u00fanica zona de aparcamiento habilitada para el conjunto de la ciudadan\u00eda dentro del parque. S\u00ed se mantendr\u00e1 la bolsa de estacionamiento que existe junto a las piscinas Aranzandi, ya en la confluencia con el puente de El Vergel, que queda fuera de la zona de acceso controlado (ZAC). El resto de espacio interior del parque quedar\u00e1 libre de veh\u00edculos estacionados. Para recalcar esta limitaci\u00f3n se han instalado se\u00f1ales verticales de prohibici\u00f3n de estacionamiento y de circulaci\u00f3n prohibida, salvo autorizaci\u00f3n.<\/p>\n<p>Adem\u00e1s, la calle Vuelta de Aranzadi se ha convertido en calle residencial, con lo cual se limita la velocidad m\u00e1xima a 20 kil\u00f3metros por hora y se da prioridad al peat\u00f3n. La zona contar\u00e1 con c\u00e1maras de acceso y salida, con dispositivos de lectura de matr\u00edcula para controlar que acceden con autorizaci\u00f3n o bien que cumplen los horarios establecidos de entrada y salida.<br \/>\n<script async src=\"\/\/pagead2.googlesyndication.com\/pagead\/js\/adsbygoogle.js\"><\/script><br \/>\n<!-- Noticias La Guia de Pamplona --><br \/>\n<ins class=\"adsbygoogle\"\nstyle=\"display:block\"\ndata-ad-client=\"ca-pub-6943679897239327\"\ndata-ad-slot=\"7048180777\"\ndata-ad-format=\"auto\"><\/ins><br \/>\n<script>\n(adsbygoogle = window.adsbygoogle || []).push({});\n<\/script><\/p>\n<p><strong>Nuevo parque<\/strong><\/p>\n<p>Con la apertura de la calle Vuelta de Aranzadi se dan por terminados los trabajos de la segunda fase de las obras adecuaci\u00f3n del parque de Aranzadi, que incluye la peatonalizaci\u00f3n de los accesos al parque desde la calle el Vergel, una plaza central alrededor del h\u00f3rreo, y caminos interiores que conectan tres barrios (Txantrea, Aranzadi y Rochapea). Este nuevo espacio sumar\u00e1 150.000 m2 de superficie total al parque con un dise\u00f1o que tiene en cuenta la sostenibilidad y la educaci\u00f3n ambiental, la recuperaci\u00f3n de usos tradicionales del meandro y el fomento de la econom\u00eda circular como modelo productivo que minimice el uso de recursos naturales y energ\u00eda. En total, se han invertido 2,32 millones de euros (IVA no incluido).<\/p>\n<p>La segunda fase del parque de Aranzadi se ha ejecutado en dos lotes. En el primero, se han realizado los trabajos de la conexi\u00f3n Este-Oeste del parque (entre la pasarela de Alemanes y la pasarela de San Pedro); la creaci\u00f3n de una zona central de estancia y encuentro en torno al h\u00f3rreo, un punto en el que se cruzan los dos ejes vertebradores del parque, y la amabilizaci\u00f3n de los dos accesos al parque desde la calle Vergel. Asimismo, se ha pavimentado y dotado de iluminaci\u00f3n el camino que bordea el bosque de crecida. En segundo lote inclu\u00eda trabajos de jardiner\u00eda y riego. Para ello, se han plantado especies variadas, como cedros, robles, tilos, arces, adem\u00e1s de liquidambar y sequoyas. Se ha ejecutado una red de riego mediante sistema de borboteo en el arbolado dise\u00f1ado para la zona de aparcamientos junto a las piscinas de Aranzadi.<\/p>\n<p>Tras las obras, la calle Vuelta de Aranzadi se ha configurado con un espacio continuo peatonal de 2 metros m\u00ednimo de anchura de hormig\u00f3n lavado y de 3 metros de asfalto.\u00a0 A lo largo de su trazado se han colocado mobiliario urbano. Junto al h\u00f3rreo, se completa el espacio de paseo existente, generando un nuevo camino que acompa\u00f1ado de zonas verdes crea un amplio boulevard. Este boulevard desemboca en una gran plaza que genera un espacio central en el que convergen los diferentes ejes y usos del parque. La plaza es un espacio libre de obst\u00e1culos y con superficies amplias para facilitar la implantaci\u00f3n de ferias, mercadillos tem\u00e1ticos u otro tipo de eventos. Se ha dotado de zonas de sombra con \u00e1rboles de gran porte y mobiliario de descanso. Adem\u00e1s, junto a la plaza central se ha ejecutado una zona de juegos basados en el uso del agua y la arena, para fomentar el car\u00e1cter natural del parque.<br \/>\n<script async src=\"\/\/pagead2.googlesyndication.com\/pagead\/js\/adsbygoogle.js\"><\/script><br \/>\n<!-- Noticias La Guia de Pamplona --><br \/>\n<ins class=\"adsbygoogle\"\nstyle=\"display:block\"\ndata-ad-client=\"ca-pub-6943679897239327\"\ndata-ad-slot=\"7048180777\"\ndata-ad-format=\"auto\"><\/ins><br \/>\n<script>\n(adsbygoogle = window.adsbygoogle || []).push({});\n<\/script><\/p>\n<p><strong>Ejes que conectan barrios<\/strong><\/p>\n<p>Para conectar los barrios de Rochapea, Aranzadi y Txantrea, que circundan el meandro, se ha realizado un camino de uso peatonal de 4,5 metros de ancho, que conecta la pasarela Oeste en la calle Errotazar, junto al Museo de Educaci\u00f3n Ambiental, con la del Este, que desembarca en el desarrollo de Alemanes. La intervenci\u00f3n ha rematado el camino que limita el bosque de crecida por el Sur. Adem\u00e1s, se han creado dos espacios boscosos que acompa\u00f1an al camino por el Sur de forma que han nacido zonas de estancia en unos espacios en los que hasta ahora no hab\u00eda vegetaci\u00f3n.<\/p>\n<p>Esta segunda fase de obras en el meandro de Aranzadi, cuenta con dos millones de subvenci\u00f3n de fondos europeos Next Generation EU, en el marco de la Convocatoria de ayudas a municipios para la implantaci\u00f3n de zonas de bajas emisiones y la transformaci\u00f3n digital y sostenible del transporte urbano, en el marco del Plan de Recuperaci\u00f3n, Transformaci\u00f3n y Resiliencia.<\/p>\n<p>Con esto se pone punto y final a quince a\u00f1os de trabajo en torno al parque de Aranzadi, que comenzaron tras el concurso de ideas convocado en 2008, y que supuso la puesta en marcha de la primera fase de las obras, que termin\u00f3 en el a\u00f1o 2013. Entonces se procedi\u00f3 al derribo de edificaciones fuera de ordenaci\u00f3n y se realizaron trabajos sobre el semic\u00edrculo m\u00e1s cercano al r\u00edo (orla de huertas, orla de ribera, bosque de crecida) y los viales-caminos internos.<\/p>\n","protected":false},"excerpt":{"rendered":"<p>La calle Vuelta de Aranzadi se abre este jueves al p\u00fablico con sentido \u00fanico y recorrido circular y con c\u00e1maras de control de acceso y salida<\/p>\n","protected":false},"author":1,"featured_media":47065,"comment_status":"open","ping_status":"closed","sticky":false,"template":"","format":"standard","meta":{"footnotes":""},"categories":[2],"tags":[],"class_list":["post-47064","post","type-post","status-publish","format-standard","has-post-thumbnail","hentry","category-ayuntamiento-pamplona"],"yoast_head":"<!-- This site is optimized with the Yoast SEO plugin v27.3 - https:\/\/yoast.com\/product\/yoast-seo-wordpress\/ -->\n<title>El parque de Aranzadi se convierte en zona de acceso controlado al tr\u00e1fico rodado, con limitaci\u00f3n de tiempo de estancia de 20 minutos<\/title>\n<meta name=\"description\" content=\"La calle Vuelta de Aranzadi se abre este jueves al p\u00fablico con sentido \u00fanico y recorrido circular y con c\u00e1maras de control de acceso y salida\" \/>\n<meta name=\"robots\" content=\"index, follow, max-snippet:-1, max-image-preview:large, max-video-preview:-1\" \/>\n<link rel=\"canonical\" href=\"https:\/\/www.laguiadepamplona.com\/actualidad\/el-parque-de-aranzadi-se-convierte-en-zona-de-acceso-controlado-al-trafico-rodado-con-limitacion-de-tiempo-de-estancia-de-20-minutos\/\" \/>\n<meta property=\"og:locale\" content=\"es_ES\" \/>\n<meta property=\"og:type\" content=\"article\" \/>\n<meta property=\"og:title\" content=\"El parque de Aranzadi se convierte en zona de acceso controlado al tr\u00e1fico rodado, con limitaci\u00f3n de tiempo de estancia de 20 minutos\" \/>\n<meta property=\"og:description\" content=\"La calle Vuelta de Aranzadi se abre este jueves al p\u00fablico con sentido \u00fanico y recorrido circular y con c\u00e1maras de control de acceso y salida\" \/>\n<meta property=\"og:url\" content=\"https:\/\/www.laguiadepamplona.com\/actualidad\/el-parque-de-aranzadi-se-convierte-en-zona-de-acceso-controlado-al-trafico-rodado-con-limitacion-de-tiempo-de-estancia-de-20-minutos\/\" \/>\n<meta property=\"og:site_name\" content=\"La Gu\u00eda de Pamplona\" \/>\n<meta property=\"article:publisher\" content=\"https:\/\/www.facebook.com\/laguiadepamplonacom-133175176762273\/?ref=hl\" \/>\n<meta property=\"article:published_time\" content=\"2023-06-15T11:27:31+00:00\" \/>\n<meta property=\"og:image\" content=\"https:\/\/www.laguiadepamplona.com\/actualidad\/wp-content\/uploads\/2023\/06\/ARANZADI__E5A8017.webp\" \/>\n\t<meta property=\"og:image:width\" content=\"1600\" \/>\n\t<meta property=\"og:image:height\" content=\"1067\" \/>\n\t<meta property=\"og:image:type\" content=\"image\/webp\" \/>\n<meta name=\"author\" content=\"La Gu\u00eda de Pamplona\" \/>\n<meta name=\"twitter:card\" content=\"summary_large_image\" \/>\n<meta name=\"twitter:creator\" content=\"@LaGuiadPamplona\" \/>\n<meta name=\"twitter:site\" content=\"@LaGuiadPamplona\" \/>\n<meta name=\"twitter:label1\" content=\"Escrito por\" \/>\n\t<meta name=\"twitter:data1\" content=\"La Gu\u00eda de Pamplona\" \/>\n\t<meta name=\"twitter:label2\" content=\"Tiempo de lectura\" \/>\n\t<meta name=\"twitter:data2\" content=\"7 minutos\" \/>\n<script type=\"application\/ld+json\" class=\"yoast-schema-graph\">{\"@context\":\"https:\\\/\\\/schema.org\",\"@graph\":[{\"@type\":\"Article\",\"@id\":\"https:\\\/\\\/www.laguiadepamplona.com\\\/actualidad\\\/el-parque-de-aranzadi-se-convierte-en-zona-de-acceso-controlado-al-trafico-rodado-con-limitacion-de-tiempo-de-estancia-de-20-minutos\\\/#article\",\"isPartOf\":{\"@id\":\"https:\\\/\\\/www.laguiadepamplona.com\\\/actualidad\\\/el-parque-de-aranzadi-se-convierte-en-zona-de-acceso-controlado-al-trafico-rodado-con-limitacion-de-tiempo-de-estancia-de-20-minutos\\\/\"},\"author\":{\"name\":\"La Gu\u00eda de Pamplona\",\"@id\":\"https:\\\/\\\/www.laguiadepamplona.com\\\/actualidad\\\/#\\\/schema\\\/person\\\/efe887376f0213d4657c93adc50b1fdb\"},\"headline\":\"El parque de Aranzadi se convierte en zona de acceso controlado al tr\u00e1fico rodado, con limitaci\u00f3n de tiempo de estancia de 20 minutos\",\"datePublished\":\"2023-06-15T11:27:31+00:00\",\"mainEntityOfPage\":{\"@id\":\"https:\\\/\\\/www.laguiadepamplona.com\\\/actualidad\\\/el-parque-de-aranzadi-se-convierte-en-zona-de-acceso-controlado-al-trafico-rodado-con-limitacion-de-tiempo-de-estancia-de-20-minutos\\\/\"},\"wordCount\":1433,\"commentCount\":0,\"publisher\":{\"@id\":\"https:\\\/\\\/www.laguiadepamplona.com\\\/actualidad\\\/#organization\"},\"image\":{\"@id\":\"https:\\\/\\\/www.laguiadepamplona.com\\\/actualidad\\\/el-parque-de-aranzadi-se-convierte-en-zona-de-acceso-controlado-al-trafico-rodado-con-limitacion-de-tiempo-de-estancia-de-20-minutos\\\/#primaryimage\"},\"thumbnailUrl\":\"https:\\\/\\\/www.laguiadepamplona.com\\\/actualidad\\\/wp-content\\\/uploads\\\/2023\\\/06\\\/ARANZADI__E5A8017.webp\",\"articleSection\":[\"Ayto Pamplona\"],\"inLanguage\":\"es\",\"potentialAction\":[{\"@type\":\"CommentAction\",\"name\":\"Comment\",\"target\":[\"https:\\\/\\\/www.laguiadepamplona.com\\\/actualidad\\\/el-parque-de-aranzadi-se-convierte-en-zona-de-acceso-controlado-al-trafico-rodado-con-limitacion-de-tiempo-de-estancia-de-20-minutos\\\/#respond\"]}]},{\"@type\":\"WebPage\",\"@id\":\"https:\\\/\\\/www.laguiadepamplona.com\\\/actualidad\\\/el-parque-de-aranzadi-se-convierte-en-zona-de-acceso-controlado-al-trafico-rodado-con-limitacion-de-tiempo-de-estancia-de-20-minutos\\\/\",\"url\":\"https:\\\/\\\/www.laguiadepamplona.com\\\/actualidad\\\/el-parque-de-aranzadi-se-convierte-en-zona-de-acceso-controlado-al-trafico-rodado-con-limitacion-de-tiempo-de-estancia-de-20-minutos\\\/\",\"name\":\"El parque de Aranzadi se convierte en zona de acceso controlado al tr\u00e1fico rodado, con limitaci\u00f3n de tiempo de estancia de 20 minutos\",\"isPartOf\":{\"@id\":\"https:\\\/\\\/www.laguiadepamplona.com\\\/actualidad\\\/#website\"},\"primaryImageOfPage\":{\"@id\":\"https:\\\/\\\/www.laguiadepamplona.com\\\/actualidad\\\/el-parque-de-aranzadi-se-convierte-en-zona-de-acceso-controlado-al-trafico-rodado-con-limitacion-de-tiempo-de-estancia-de-20-minutos\\\/#primaryimage\"},\"image\":{\"@id\":\"https:\\\/\\\/www.laguiadepamplona.com\\\/actualidad\\\/el-parque-de-aranzadi-se-convierte-en-zona-de-acceso-controlado-al-trafico-rodado-con-limitacion-de-tiempo-de-estancia-de-20-minutos\\\/#primaryimage\"},\"thumbnailUrl\":\"https:\\\/\\\/www.laguiadepamplona.com\\\/actualidad\\\/wp-content\\\/uploads\\\/2023\\\/06\\\/ARANZADI__E5A8017.webp\",\"datePublished\":\"2023-06-15T11:27:31+00:00\",\"description\":\"La calle Vuelta de Aranzadi se abre este jueves al p\u00fablico con sentido \u00fanico y recorrido circular y con c\u00e1maras de control de acceso y salida\",\"breadcrumb\":{\"@id\":\"https:\\\/\\\/www.laguiadepamplona.com\\\/actualidad\\\/el-parque-de-aranzadi-se-convierte-en-zona-de-acceso-controlado-al-trafico-rodado-con-limitacion-de-tiempo-de-estancia-de-20-minutos\\\/#breadcrumb\"},\"inLanguage\":\"es\",\"potentialAction\":[{\"@type\":\"ReadAction\",\"target\":[\"https:\\\/\\\/www.laguiadepamplona.com\\\/actualidad\\\/el-parque-de-aranzadi-se-convierte-en-zona-de-acceso-controlado-al-trafico-rodado-con-limitacion-de-tiempo-de-estancia-de-20-minutos\\\/\"]}]},{\"@type\":\"ImageObject\",\"inLanguage\":\"es\",\"@id\":\"https:\\\/\\\/www.laguiadepamplona.com\\\/actualidad\\\/el-parque-de-aranzadi-se-convierte-en-zona-de-acceso-controlado-al-trafico-rodado-con-limitacion-de-tiempo-de-estancia-de-20-minutos\\\/#primaryimage\",\"url\":\"https:\\\/\\\/www.laguiadepamplona.com\\\/actualidad\\\/wp-content\\\/uploads\\\/2023\\\/06\\\/ARANZADI__E5A8017.webp\",\"contentUrl\":\"https:\\\/\\\/www.laguiadepamplona.com\\\/actualidad\\\/wp-content\\\/uploads\\\/2023\\\/06\\\/ARANZADI__E5A8017.webp\",\"width\":1600,\"height\":1067,\"caption\":\"aranzadi\"},{\"@type\":\"BreadcrumbList\",\"@id\":\"https:\\\/\\\/www.laguiadepamplona.com\\\/actualidad\\\/el-parque-de-aranzadi-se-convierte-en-zona-de-acceso-controlado-al-trafico-rodado-con-limitacion-de-tiempo-de-estancia-de-20-minutos\\\/#breadcrumb\",\"itemListElement\":[{\"@type\":\"ListItem\",\"position\":1,\"name\":\"Portada\",\"item\":\"https:\\\/\\\/www.laguiadepamplona.com\\\/actualidad\\\/\"},{\"@type\":\"ListItem\",\"position\":2,\"name\":\"El parque de Aranzadi se convierte en zona de acceso controlado al tr\u00e1fico rodado, con limitaci\u00f3n de tiempo de estancia de 20 minutos\"}]},{\"@type\":\"WebSite\",\"@id\":\"https:\\\/\\\/www.laguiadepamplona.com\\\/actualidad\\\/#website\",\"url\":\"https:\\\/\\\/www.laguiadepamplona.com\\\/actualidad\\\/\",\"name\":\"La gu\u00eda de Pamplona\",\"description\":\"Noticias de Pamplona\",\"publisher\":{\"@id\":\"https:\\\/\\\/www.laguiadepamplona.com\\\/actualidad\\\/#organization\"},\"potentialAction\":[{\"@type\":\"SearchAction\",\"target\":{\"@type\":\"EntryPoint\",\"urlTemplate\":\"https:\\\/\\\/www.laguiadepamplona.com\\\/actualidad\\\/?s={search_term_string}\"},\"query-input\":{\"@type\":\"PropertyValueSpecification\",\"valueRequired\":true,\"valueName\":\"search_term_string\"}}],\"inLanguage\":\"es\"},{\"@type\":\"Organization\",\"@id\":\"https:\\\/\\\/www.laguiadepamplona.com\\\/actualidad\\\/#organization\",\"name\":\"La Gu\u00eda de Pamplona \\\/ Noticias\",\"url\":\"https:\\\/\\\/www.laguiadepamplona.com\\\/actualidad\\\/\",\"logo\":{\"@type\":\"ImageObject\",\"inLanguage\":\"es\",\"@id\":\"https:\\\/\\\/www.laguiadepamplona.com\\\/actualidad\\\/#\\\/schema\\\/logo\\\/image\\\/\",\"url\":\"https:\\\/\\\/www.laguiadepamplona.com\\\/actualidad\\\/wp-content\\\/uploads\\\/2018\\\/11\\\/logo-laguiadepamplona18-web1.png\",\"contentUrl\":\"https:\\\/\\\/www.laguiadepamplona.com\\\/actualidad\\\/wp-content\\\/uploads\\\/2018\\\/11\\\/logo-laguiadepamplona18-web1.png\",\"width\":600,\"height\":196,\"caption\":\"La Gu\u00eda de Pamplona \\\/ Noticias\"},\"image\":{\"@id\":\"https:\\\/\\\/www.laguiadepamplona.com\\\/actualidad\\\/#\\\/schema\\\/logo\\\/image\\\/\"},\"sameAs\":[\"https:\\\/\\\/www.facebook.com\\\/laguiadepamplonacom-133175176762273\\\/?ref=hl\",\"https:\\\/\\\/x.com\\\/LaGuiadPamplona\",\"https:\\\/\\\/www.instagram.com\\\/la_guia_de_pamplona\\\/\",\"https:\\\/\\\/www.youtube.com\\\/user\\\/laguiadepamplona\"]},{\"@type\":\"Person\",\"@id\":\"https:\\\/\\\/www.laguiadepamplona.com\\\/actualidad\\\/#\\\/schema\\\/person\\\/efe887376f0213d4657c93adc50b1fdb\",\"name\":\"La Gu\u00eda de Pamplona\",\"image\":{\"@type\":\"ImageObject\",\"inLanguage\":\"es\",\"@id\":\"https:\\\/\\\/secure.gravatar.com\\\/avatar\\\/b6992f131dc8d30ab0dff15446e9d346d9dbd95992de0fef795073f5ea83a81c?s=96&d=mm&r=g\",\"url\":\"https:\\\/\\\/secure.gravatar.com\\\/avatar\\\/b6992f131dc8d30ab0dff15446e9d346d9dbd95992de0fef795073f5ea83a81c?s=96&d=mm&r=g\",\"contentUrl\":\"https:\\\/\\\/secure.gravatar.com\\\/avatar\\\/b6992f131dc8d30ab0dff15446e9d346d9dbd95992de0fef795073f5ea83a81c?s=96&d=mm&r=g\",\"caption\":\"La Gu\u00eda de Pamplona\"}}]}<\/script>\n<!-- \/ Yoast SEO plugin. -->","yoast_head_json":{"title":"El parque de Aranzadi se convierte en zona de acceso controlado al tr\u00e1fico rodado, con limitaci\u00f3n de tiempo de estancia de 20 minutos","description":"La calle Vuelta de Aranzadi se abre este jueves al p\u00fablico con sentido \u00fanico y recorrido circular y con c\u00e1maras de control de acceso y salida","robots":{"index":"index","follow":"follow","max-snippet":"max-snippet:-1","max-image-preview":"max-image-preview:large","max-video-preview":"max-video-preview:-1"},"canonical":"https:\/\/www.laguiadepamplona.com\/actualidad\/el-parque-de-aranzadi-se-convierte-en-zona-de-acceso-controlado-al-trafico-rodado-con-limitacion-de-tiempo-de-estancia-de-20-minutos\/","og_locale":"es_ES","og_type":"article","og_title":"El parque de Aranzadi se convierte en zona de acceso controlado al tr\u00e1fico rodado, con limitaci\u00f3n de tiempo de estancia de 20 minutos","og_description":"La calle Vuelta de Aranzadi se abre este jueves al p\u00fablico con sentido \u00fanico y recorrido circular y con c\u00e1maras de control de acceso y salida","og_url":"https:\/\/www.laguiadepamplona.com\/actualidad\/el-parque-de-aranzadi-se-convierte-en-zona-de-acceso-controlado-al-trafico-rodado-con-limitacion-de-tiempo-de-estancia-de-20-minutos\/","og_site_name":"La Gu\u00eda de Pamplona","article_publisher":"https:\/\/www.facebook.com\/laguiadepamplonacom-133175176762273\/?ref=hl","article_published_time":"2023-06-15T11:27:31+00:00","og_image":[{"width":1600,"height":1067,"url":"https:\/\/www.laguiadepamplona.com\/actualidad\/wp-content\/uploads\/2023\/06\/ARANZADI__E5A8017.webp","type":"image\/webp"}],"author":"La Gu\u00eda de Pamplona","twitter_card":"summary_large_image","twitter_creator":"@LaGuiadPamplona","twitter_site":"@LaGuiadPamplona","twitter_misc":{"Escrito por":"La Gu\u00eda de Pamplona","Tiempo de lectura":"7 minutos"},"schema":{"@context":"https:\/\/schema.org","@graph":[{"@type":"Article","@id":"https:\/\/www.laguiadepamplona.com\/actualidad\/el-parque-de-aranzadi-se-convierte-en-zona-de-acceso-controlado-al-trafico-rodado-con-limitacion-de-tiempo-de-estancia-de-20-minutos\/#article","isPartOf":{"@id":"https:\/\/www.laguiadepamplona.com\/actualidad\/el-parque-de-aranzadi-se-convierte-en-zona-de-acceso-controlado-al-trafico-rodado-con-limitacion-de-tiempo-de-estancia-de-20-minutos\/"},"author":{"name":"La Gu\u00eda de Pamplona","@id":"https:\/\/www.laguiadepamplona.com\/actualidad\/#\/schema\/person\/efe887376f0213d4657c93adc50b1fdb"},"headline":"El parque de Aranzadi se convierte en zona de acceso controlado al tr\u00e1fico rodado, con limitaci\u00f3n de tiempo de estancia de 20 minutos","datePublished":"2023-06-15T11:27:31+00:00","mainEntityOfPage":{"@id":"https:\/\/www.laguiadepamplona.com\/actualidad\/el-parque-de-aranzadi-se-convierte-en-zona-de-acceso-controlado-al-trafico-rodado-con-limitacion-de-tiempo-de-estancia-de-20-minutos\/"},"wordCount":1433,"commentCount":0,"publisher":{"@id":"https:\/\/www.laguiadepamplona.com\/actualidad\/#organization"},"image":{"@id":"https:\/\/www.laguiadepamplona.com\/actualidad\/el-parque-de-aranzadi-se-convierte-en-zona-de-acceso-controlado-al-trafico-rodado-con-limitacion-de-tiempo-de-estancia-de-20-minutos\/#primaryimage"},"thumbnailUrl":"https:\/\/www.laguiadepamplona.com\/actualidad\/wp-content\/uploads\/2023\/06\/ARANZADI__E5A8017.webp","articleSection":["Ayto Pamplona"],"inLanguage":"es","potentialAction":[{"@type":"CommentAction","name":"Comment","target":["https:\/\/www.laguiadepamplona.com\/actualidad\/el-parque-de-aranzadi-se-convierte-en-zona-de-acceso-controlado-al-trafico-rodado-con-limitacion-de-tiempo-de-estancia-de-20-minutos\/#respond"]}]},{"@type":"WebPage","@id":"https:\/\/www.laguiadepamplona.com\/actualidad\/el-parque-de-aranzadi-se-convierte-en-zona-de-acceso-controlado-al-trafico-rodado-con-limitacion-de-tiempo-de-estancia-de-20-minutos\/","url":"https:\/\/www.laguiadepamplona.com\/actualidad\/el-parque-de-aranzadi-se-convierte-en-zona-de-acceso-controlado-al-trafico-rodado-con-limitacion-de-tiempo-de-estancia-de-20-minutos\/","name":"El parque de Aranzadi se convierte en zona de acceso controlado al tr\u00e1fico rodado, con limitaci\u00f3n de tiempo de estancia de 20 minutos","isPartOf":{"@id":"https:\/\/www.laguiadepamplona.com\/actualidad\/#website"},"primaryImageOfPage":{"@id":"https:\/\/www.laguiadepamplona.com\/actualidad\/el-parque-de-aranzadi-se-convierte-en-zona-de-acceso-controlado-al-trafico-rodado-con-limitacion-de-tiempo-de-estancia-de-20-minutos\/#primaryimage"},"image":{"@id":"https:\/\/www.laguiadepamplona.com\/actualidad\/el-parque-de-aranzadi-se-convierte-en-zona-de-acceso-controlado-al-trafico-rodado-con-limitacion-de-tiempo-de-estancia-de-20-minutos\/#primaryimage"},"thumbnailUrl":"https:\/\/www.laguiadepamplona.com\/actualidad\/wp-content\/uploads\/2023\/06\/ARANZADI__E5A8017.webp","datePublished":"2023-06-15T11:27:31+00:00","description":"La calle Vuelta de Aranzadi se abre este jueves al p\u00fablico con sentido \u00fanico y recorrido circular y con c\u00e1maras de control de acceso y salida","breadcrumb":{"@id":"https:\/\/www.laguiadepamplona.com\/actualidad\/el-parque-de-aranzadi-se-convierte-en-zona-de-acceso-controlado-al-trafico-rodado-con-limitacion-de-tiempo-de-estancia-de-20-minutos\/#breadcrumb"},"inLanguage":"es","potentialAction":[{"@type":"ReadAction","target":["https:\/\/www.laguiadepamplona.com\/actualidad\/el-parque-de-aranzadi-se-convierte-en-zona-de-acceso-controlado-al-trafico-rodado-con-limitacion-de-tiempo-de-estancia-de-20-minutos\/"]}]},{"@type":"ImageObject","inLanguage":"es","@id":"https:\/\/www.laguiadepamplona.com\/actualidad\/el-parque-de-aranzadi-se-convierte-en-zona-de-acceso-controlado-al-trafico-rodado-con-limitacion-de-tiempo-de-estancia-de-20-minutos\/#primaryimage","url":"https:\/\/www.laguiadepamplona.com\/actualidad\/wp-content\/uploads\/2023\/06\/ARANZADI__E5A8017.webp","contentUrl":"https:\/\/www.laguiadepamplona.com\/actualidad\/wp-content\/uploads\/2023\/06\/ARANZADI__E5A8017.webp","width":1600,"height":1067,"caption":"aranzadi"},{"@type":"BreadcrumbList","@id":"https:\/\/www.laguiadepamplona.com\/actualidad\/el-parque-de-aranzadi-se-convierte-en-zona-de-acceso-controlado-al-trafico-rodado-con-limitacion-de-tiempo-de-estancia-de-20-minutos\/#breadcrumb","itemListElement":[{"@type":"ListItem","position":1,"name":"Portada","item":"https:\/\/www.laguiadepamplona.com\/actualidad\/"},{"@type":"ListItem","position":2,"name":"El parque de Aranzadi se convierte en zona de acceso controlado al tr\u00e1fico rodado, con limitaci\u00f3n de tiempo de estancia de 20 minutos"}]},{"@type":"WebSite","@id":"https:\/\/www.laguiadepamplona.com\/actualidad\/#website","url":"https:\/\/www.laguiadepamplona.com\/actualidad\/","name":"La gu\u00eda de Pamplona","description":"Noticias de Pamplona","publisher":{"@id":"https:\/\/www.laguiadepamplona.com\/actualidad\/#organization"},"potentialAction":[{"@type":"SearchAction","target":{"@type":"EntryPoint","urlTemplate":"https:\/\/www.laguiadepamplona.com\/actualidad\/?s={search_term_string}"},"query-input":{"@type":"PropertyValueSpecification","valueRequired":true,"valueName":"search_term_string"}}],"inLanguage":"es"},{"@type":"Organization","@id":"https:\/\/www.laguiadepamplona.com\/actualidad\/#organization","name":"La Gu\u00eda de Pamplona \/ Noticias","url":"https:\/\/www.laguiadepamplona.com\/actualidad\/","logo":{"@type":"ImageObject","inLanguage":"es","@id":"https:\/\/www.laguiadepamplona.com\/actualidad\/#\/schema\/logo\/image\/","url":"https:\/\/www.laguiadepamplona.com\/actualidad\/wp-content\/uploads\/2018\/11\/logo-laguiadepamplona18-web1.png","contentUrl":"https:\/\/www.laguiadepamplona.com\/actualidad\/wp-content\/uploads\/2018\/11\/logo-laguiadepamplona18-web1.png","width":600,"height":196,"caption":"La Gu\u00eda de Pamplona \/ Noticias"},"image":{"@id":"https:\/\/www.laguiadepamplona.com\/actualidad\/#\/schema\/logo\/image\/"},"sameAs":["https:\/\/www.facebook.com\/laguiadepamplonacom-133175176762273\/?ref=hl","https:\/\/x.com\/LaGuiadPamplona","https:\/\/www.instagram.com\/la_guia_de_pamplona\/","https:\/\/www.youtube.com\/user\/laguiadepamplona"]},{"@type":"Person","@id":"https:\/\/www.laguiadepamplona.com\/actualidad\/#\/schema\/person\/efe887376f0213d4657c93adc50b1fdb","name":"La Gu\u00eda de Pamplona","image":{"@type":"ImageObject","inLanguage":"es","@id":"https:\/\/secure.gravatar.com\/avatar\/b6992f131dc8d30ab0dff15446e9d346d9dbd95992de0fef795073f5ea83a81c?s=96&d=mm&r=g","url":"https:\/\/secure.gravatar.com\/avatar\/b6992f131dc8d30ab0dff15446e9d346d9dbd95992de0fef795073f5ea83a81c?s=96&d=mm&r=g","contentUrl":"https:\/\/secure.gravatar.com\/avatar\/b6992f131dc8d30ab0dff15446e9d346d9dbd95992de0fef795073f5ea83a81c?s=96&d=mm&r=g","caption":"La Gu\u00eda de Pamplona"}}]}},"post_mailing_queue_ids":[],"_links":{"self":[{"href":"https:\/\/www.laguiadepamplona.com\/actualidad\/wp-json\/wp\/v2\/posts\/47064","targetHints":{"allow":["GET"]}}],"collection":[{"href":"https:\/\/www.laguiadepamplona.com\/actualidad\/wp-json\/wp\/v2\/posts"}],"about":[{"href":"https:\/\/www.laguiadepamplona.com\/actualidad\/wp-json\/wp\/v2\/types\/post"}],"author":[{"embeddable":true,"href":"https:\/\/www.laguiadepamplona.com\/actualidad\/wp-json\/wp\/v2\/users\/1"}],"replies":[{"embeddable":true,"href":"https:\/\/www.laguiadepamplona.com\/actualidad\/wp-json\/wp\/v2\/comments?post=47064"}],"version-history":[{"count":1,"href":"https:\/\/www.laguiadepamplona.com\/actualidad\/wp-json\/wp\/v2\/posts\/47064\/revisions"}],"predecessor-version":[{"id":47066,"href":"https:\/\/www.laguiadepamplona.com\/actualidad\/wp-json\/wp\/v2\/posts\/47064\/revisions\/47066"}],"wp:featuredmedia":[{"embeddable":true,"href":"https:\/\/www.laguiadepamplona.com\/actualidad\/wp-json\/wp\/v2\/media\/47065"}],"wp:attachment":[{"href":"https:\/\/www.laguiadepamplona.com\/actualidad\/wp-json\/wp\/v2\/media?parent=47064"}],"wp:term":[{"taxonomy":"category","embeddable":true,"href":"https:\/\/www.laguiadepamplona.com\/actualidad\/wp-json\/wp\/v2\/categories?post=47064"},{"taxonomy":"post_tag","embeddable":true,"href":"https:\/\/www.laguiadepamplona.com\/actualidad\/wp-json\/wp\/v2\/tags?post=47064"}],"curies":[{"name":"wp","href":"https:\/\/api.w.org\/{rel}","templated":true}]}}