{"id":47058,"date":"2023-06-14T17:12:00","date_gmt":"2023-06-14T15:12:00","guid":{"rendered":"https:\/\/www.laguiadepamplona.com\/actualidad\/?p=47058"},"modified":"2023-06-14T17:12:00","modified_gmt":"2023-06-14T15:12:00","slug":"la-comunidad-energetica-de-la-rochapea-arrotxa-e-se-presenta-este-jueves-tras-un-proceso-participativo-de-ocho-meses","status":"publish","type":"post","link":"https:\/\/www.laguiadepamplona.com\/actualidad\/la-comunidad-energetica-de-la-rochapea-arrotxa-e-se-presenta-este-jueves-tras-un-proceso-participativo-de-ocho-meses\/","title":{"rendered":"La Comunidad Energ\u00e9tica de la Rochapea, Arrotxa-E, se presenta este jueves tras un proceso participativo de ocho meses"},"content":{"rendered":"<h3>El grupo motor ha estado trabajando en la conformaci\u00f3n de la comunidad energ\u00e9tica y se abre a nuevas personas interesadas<\/h3>\n<p><!--more--><\/p>\n<p>Civivox Jus la Rocha acoge este jueves la sesi\u00f3n de presentaci\u00f3n de Arrotxa-E, la Comunidad Energ\u00e9tica de la Rochapea, la segunda que se crea en la ciudad tras la constituida en Mendillorri. Impulsada por el Ayuntamiento de Pamplona, con la participaci\u00f3n del propio barrio, se presentar\u00e1 a partir de las 19.30 horas en una sesi\u00f3n abierta a cualquier persona, entidad o asociaci\u00f3n interesada. La sesi\u00f3n podr\u00e1 seguirse en directo a trav\u00e9s del canal de Youtube de <a href=\"https:\/\/participa.pamplona.es\/\" target=\"_blank\" rel=\"noopener\">Participa Pamplona<\/a>.<br \/>\n<script async src=\"\/\/pagead2.googlesyndication.com\/pagead\/js\/adsbygoogle.js\"><\/script><br \/>\n<!-- Noticias La Guia de Pamplona --><br \/>\n<ins class=\"adsbygoogle\"\nstyle=\"display:block\"\ndata-ad-client=\"ca-pub-6943679897239327\"\ndata-ad-slot=\"7048180777\"\ndata-ad-format=\"auto\"><\/ins><br \/>\n<script>\n(adsbygoogle = window.adsbygoogle || []).push({});\n<\/script><\/p>\n<p>El 15 de noviembre de 2022, se puso en marcha esta iniciativa con una sesi\u00f3n informativa en ese mismo civivox, que sirvi\u00f3 como punto de partida del proceso participativo para constituir la comunidad energ\u00e9tica. Entre los meses de enero y marzo, se han venido realizando una serie de sesiones formativas, abarcando aspectos como el autoconsumo, la gobernanza y forma jur\u00eddica, as\u00ed como ejemplos de buenas pr\u00e1cticas. Desde marzo hasta ahora, el grupo motor del barrio ha estado trabajando en la forma jur\u00eddica, los estatutos o las bases del plan de negocio para conformar esta propuesta de comunidad energ\u00e9tica.<\/p>\n<p>Estas comunidades se consideran una herramienta clave para la lucha contra el cambio clim\u00e1tico y la transici\u00f3n energ\u00e9tica. Persiguen obtener beneficios sociales, econ\u00f3micos y medioambientales para las personas usuarias y su entorno, antes que ganancias financieras. Adem\u00e1s, son ejemplo de colaboraci\u00f3n entre diferentes agentes, p\u00fablicos, privados, empresas o la propia ciudadan\u00eda, para el desarrollo de proyectos energ\u00e9ticos.<br \/>\n<script async src=\"\/\/pagead2.googlesyndication.com\/pagead\/js\/adsbygoogle.js\"><\/script><br \/>\n<!-- Noticias La Guia de Pamplona --><br \/>\n<ins class=\"adsbygoogle\"\nstyle=\"display:block\"\ndata-ad-client=\"ca-pub-6943679897239327\"\ndata-ad-slot=\"7048180777\"\ndata-ad-format=\"auto\"><\/ins><br \/>\n<script>\n(adsbygoogle = window.adsbygoogle || []).push({});\n<\/script><\/p>\n<p><strong>Instalaciones fotovoltaicas en el barrio<\/strong><\/p>\n<p>El barrio de la Rochapea cuenta con una serie de instalaciones fotovoltaicas en las que la nueva Comunidad Energ\u00e9tica Arrotxa-E puede participar. Entre ellas, se encuentran la instalaci\u00f3n del aparcamiento solar de Cardenal de Ilundain, con una potencia de 1 MW, que se encuentra en fase de ejecuci\u00f3n; o la instalaci\u00f3n fotovoltaica de las viviendas de San Pedro con 60 kW y cuya obra de rehabilitaci\u00f3n de los portales 11 y 12 comienza el 15 de junio. Se est\u00e1 estudiando tambi\u00e9n una posible nueva instalaci\u00f3n fotovoltaica en el colegio p\u00fablico Patxi Larrainzar.<\/p>\n<p>Este proyecto de comunidad energ\u00e9tica se enmarca dentro del programa Go Green Pamplona, que agrupa las actuaciones y medidas que el Ayuntamiento lleva a cabo contra el cambio clim\u00e1tico. El impulso para la creaci\u00f3n y constituci\u00f3n de comunidades energ\u00e9ticas busca tambi\u00e9n poner en valor la estrategia emprendida de generaci\u00f3n de energ\u00eda renovable en la ciudad. Esta comunidad energ\u00e9tica en Rochapea forma parte del proyecto europeo oPEN Lab que pretende conseguir barrios energ\u00e9ticamente positivos, mediante la prueba de tecnolog\u00edas y paquetes como soluci\u00f3n integrada a escala de barrio, que luego pueda ser extrapolable a toda la ciudad.<br \/>\n<script async src=\"\/\/pagead2.googlesyndication.com\/pagead\/js\/adsbygoogle.js\"><\/script><br \/>\n<!-- Noticias La Guia de Pamplona --><br \/>\n<ins class=\"adsbygoogle\"\nstyle=\"display:block\"\ndata-ad-client=\"ca-pub-6943679897239327\"\ndata-ad-slot=\"7048180777\"\ndata-ad-format=\"auto\"><\/ins><br \/>\n<script>\n(adsbygoogle = window.adsbygoogle || []).push({});\n<\/script><\/p>\n<p>Dentro del proyecto oPEN Lab tambi\u00e9n se encuentra la iniciativa de la primera oficina de informaci\u00f3n energ\u00e9tica de Pamplona creada en el barrio de la Rochapea, un punto de informaci\u00f3n y asesoramiento energ\u00e9tico sobre facturas energ\u00e9ticas, ayudas de instalaciones renovables, rehabilitaci\u00f3n y comunidades energ\u00e9ticas. La Oficina est\u00e1 ubicada en el Museo de Educaci\u00f3n Ambiental (c\/ Errotazar, 21 bis) y atiende los mi\u00e9rcoles, de 10 a 13 horas y de 18 a 20 horas (verano a la tarde cerrado). Es necesaria la cita previa, que se puede obtener a trav\u00e9s de los tel\u00e9fonos 010 \u00f3 948 420 100 o de forma telem\u00e1tica, en este enlace: <a href=\"https:\/\/sedeelectronica.pamplona.es\/\" target=\"_blank\" rel=\"noopener\">https:\/\/sedeelectronica.pamplona.es\/<\/a><\/p>\n","protected":false},"excerpt":{"rendered":"<p>El grupo motor ha estado trabajando en la conformaci\u00f3n de la comunidad energ\u00e9tica y se abre a nuevas personas interesadas<\/p>\n","protected":false},"author":1,"featured_media":46972,"comment_status":"open","ping_status":"closed","sticky":false,"template":"","format":"standard","meta":{"footnotes":""},"categories":[2],"tags":[],"class_list":["post-47058","post","type-post","status-publish","format-standard","has-post-thumbnail","hentry","category-ayuntamiento-pamplona"],"yoast_head":"<!-- This site is optimized with the Yoast SEO plugin v27.3 - https:\/\/yoast.com\/product\/yoast-seo-wordpress\/ -->\n<title>La Comunidad Energ\u00e9tica de la Rochapea, Arrotxa-E, se presenta este jueves tras un proceso participativo de ocho meses<\/title>\n<meta name=\"description\" content=\"El grupo motor ha estado trabajando en la conformaci\u00f3n de la comunidad energ\u00e9tica y se abre a nuevas personas interesadas\" \/>\n<meta name=\"robots\" content=\"index, follow, max-snippet:-1, max-image-preview:large, max-video-preview:-1\" \/>\n<link rel=\"canonical\" href=\"https:\/\/www.laguiadepamplona.com\/actualidad\/la-comunidad-energetica-de-la-rochapea-arrotxa-e-se-presenta-este-jueves-tras-un-proceso-participativo-de-ocho-meses\/\" \/>\n<meta property=\"og:locale\" content=\"es_ES\" \/>\n<meta property=\"og:type\" content=\"article\" \/>\n<meta property=\"og:title\" content=\"La Comunidad Energ\u00e9tica de la Rochapea, Arrotxa-E, se presenta este jueves tras un proceso participativo de ocho meses\" \/>\n<meta property=\"og:description\" content=\"El grupo motor ha estado trabajando en la conformaci\u00f3n de la comunidad energ\u00e9tica y se abre a nuevas personas interesadas\" \/>\n<meta property=\"og:url\" content=\"https:\/\/www.laguiadepamplona.com\/actualidad\/la-comunidad-energetica-de-la-rochapea-arrotxa-e-se-presenta-este-jueves-tras-un-proceso-participativo-de-ocho-meses\/\" \/>\n<meta property=\"og:site_name\" content=\"La Gu\u00eda de Pamplona\" \/>\n<meta property=\"article:publisher\" content=\"https:\/\/www.facebook.com\/laguiadepamplonacom-133175176762273\/?ref=hl\" \/>\n<meta property=\"article:published_time\" content=\"2023-06-14T15:12:00+00:00\" \/>\n<meta property=\"og:image\" content=\"https:\/\/www.laguiadepamplona.com\/actualidad\/wp-content\/uploads\/2023\/06\/instalaciones_fotovoltaicas.webp\" \/>\n\t<meta property=\"og:image:width\" content=\"1654\" \/>\n\t<meta property=\"og:image:height\" content=\"893\" \/>\n\t<meta property=\"og:image:type\" content=\"image\/webp\" \/>\n<meta name=\"author\" content=\"La Gu\u00eda de Pamplona\" \/>\n<meta name=\"twitter:card\" content=\"summary_large_image\" \/>\n<meta name=\"twitter:creator\" content=\"@LaGuiadPamplona\" \/>\n<meta name=\"twitter:site\" content=\"@LaGuiadPamplona\" \/>\n<meta name=\"twitter:label1\" content=\"Escrito por\" \/>\n\t<meta name=\"twitter:data1\" content=\"La Gu\u00eda de Pamplona\" \/>\n\t<meta name=\"twitter:label2\" content=\"Tiempo de lectura\" \/>\n\t<meta name=\"twitter:data2\" content=\"3 minutos\" \/>\n<script type=\"application\/ld+json\" class=\"yoast-schema-graph\">{\"@context\":\"https:\\\/\\\/schema.org\",\"@graph\":[{\"@type\":\"Article\",\"@id\":\"https:\\\/\\\/www.laguiadepamplona.com\\\/actualidad\\\/la-comunidad-energetica-de-la-rochapea-arrotxa-e-se-presenta-este-jueves-tras-un-proceso-participativo-de-ocho-meses\\\/#article\",\"isPartOf\":{\"@id\":\"https:\\\/\\\/www.laguiadepamplona.com\\\/actualidad\\\/la-comunidad-energetica-de-la-rochapea-arrotxa-e-se-presenta-este-jueves-tras-un-proceso-participativo-de-ocho-meses\\\/\"},\"author\":{\"name\":\"La Gu\u00eda de Pamplona\",\"@id\":\"https:\\\/\\\/www.laguiadepamplona.com\\\/actualidad\\\/#\\\/schema\\\/person\\\/efe887376f0213d4657c93adc50b1fdb\"},\"headline\":\"La Comunidad Energ\u00e9tica de la Rochapea, Arrotxa-E, se presenta este jueves tras un proceso participativo de ocho meses\",\"datePublished\":\"2023-06-14T15:12:00+00:00\",\"mainEntityOfPage\":{\"@id\":\"https:\\\/\\\/www.laguiadepamplona.com\\\/actualidad\\\/la-comunidad-energetica-de-la-rochapea-arrotxa-e-se-presenta-este-jueves-tras-un-proceso-participativo-de-ocho-meses\\\/\"},\"wordCount\":613,\"commentCount\":0,\"publisher\":{\"@id\":\"https:\\\/\\\/www.laguiadepamplona.com\\\/actualidad\\\/#organization\"},\"image\":{\"@id\":\"https:\\\/\\\/www.laguiadepamplona.com\\\/actualidad\\\/la-comunidad-energetica-de-la-rochapea-arrotxa-e-se-presenta-este-jueves-tras-un-proceso-participativo-de-ocho-meses\\\/#primaryimage\"},\"thumbnailUrl\":\"https:\\\/\\\/www.laguiadepamplona.com\\\/actualidad\\\/wp-content\\\/uploads\\\/2023\\\/06\\\/instalaciones_fotovoltaicas.webp\",\"articleSection\":[\"Ayto Pamplona\"],\"inLanguage\":\"es\",\"potentialAction\":[{\"@type\":\"CommentAction\",\"name\":\"Comment\",\"target\":[\"https:\\\/\\\/www.laguiadepamplona.com\\\/actualidad\\\/la-comunidad-energetica-de-la-rochapea-arrotxa-e-se-presenta-este-jueves-tras-un-proceso-participativo-de-ocho-meses\\\/#respond\"]}]},{\"@type\":\"WebPage\",\"@id\":\"https:\\\/\\\/www.laguiadepamplona.com\\\/actualidad\\\/la-comunidad-energetica-de-la-rochapea-arrotxa-e-se-presenta-este-jueves-tras-un-proceso-participativo-de-ocho-meses\\\/\",\"url\":\"https:\\\/\\\/www.laguiadepamplona.com\\\/actualidad\\\/la-comunidad-energetica-de-la-rochapea-arrotxa-e-se-presenta-este-jueves-tras-un-proceso-participativo-de-ocho-meses\\\/\",\"name\":\"La Comunidad Energ\u00e9tica de la Rochapea, Arrotxa-E, se presenta este jueves tras un proceso participativo de ocho meses\",\"isPartOf\":{\"@id\":\"https:\\\/\\\/www.laguiadepamplona.com\\\/actualidad\\\/#website\"},\"primaryImageOfPage\":{\"@id\":\"https:\\\/\\\/www.laguiadepamplona.com\\\/actualidad\\\/la-comunidad-energetica-de-la-rochapea-arrotxa-e-se-presenta-este-jueves-tras-un-proceso-participativo-de-ocho-meses\\\/#primaryimage\"},\"image\":{\"@id\":\"https:\\\/\\\/www.laguiadepamplona.com\\\/actualidad\\\/la-comunidad-energetica-de-la-rochapea-arrotxa-e-se-presenta-este-jueves-tras-un-proceso-participativo-de-ocho-meses\\\/#primaryimage\"},\"thumbnailUrl\":\"https:\\\/\\\/www.laguiadepamplona.com\\\/actualidad\\\/wp-content\\\/uploads\\\/2023\\\/06\\\/instalaciones_fotovoltaicas.webp\",\"datePublished\":\"2023-06-14T15:12:00+00:00\",\"description\":\"El grupo motor ha estado trabajando en la conformaci\u00f3n de la comunidad energ\u00e9tica y se abre a nuevas personas interesadas\",\"breadcrumb\":{\"@id\":\"https:\\\/\\\/www.laguiadepamplona.com\\\/actualidad\\\/la-comunidad-energetica-de-la-rochapea-arrotxa-e-se-presenta-este-jueves-tras-un-proceso-participativo-de-ocho-meses\\\/#breadcrumb\"},\"inLanguage\":\"es\",\"potentialAction\":[{\"@type\":\"ReadAction\",\"target\":[\"https:\\\/\\\/www.laguiadepamplona.com\\\/actualidad\\\/la-comunidad-energetica-de-la-rochapea-arrotxa-e-se-presenta-este-jueves-tras-un-proceso-participativo-de-ocho-meses\\\/\"]}]},{\"@type\":\"ImageObject\",\"inLanguage\":\"es\",\"@id\":\"https:\\\/\\\/www.laguiadepamplona.com\\\/actualidad\\\/la-comunidad-energetica-de-la-rochapea-arrotxa-e-se-presenta-este-jueves-tras-un-proceso-participativo-de-ocho-meses\\\/#primaryimage\",\"url\":\"https:\\\/\\\/www.laguiadepamplona.com\\\/actualidad\\\/wp-content\\\/uploads\\\/2023\\\/06\\\/instalaciones_fotovoltaicas.webp\",\"contentUrl\":\"https:\\\/\\\/www.laguiadepamplona.com\\\/actualidad\\\/wp-content\\\/uploads\\\/2023\\\/06\\\/instalaciones_fotovoltaicas.webp\",\"width\":1654,\"height\":893},{\"@type\":\"BreadcrumbList\",\"@id\":\"https:\\\/\\\/www.laguiadepamplona.com\\\/actualidad\\\/la-comunidad-energetica-de-la-rochapea-arrotxa-e-se-presenta-este-jueves-tras-un-proceso-participativo-de-ocho-meses\\\/#breadcrumb\",\"itemListElement\":[{\"@type\":\"ListItem\",\"position\":1,\"name\":\"Portada\",\"item\":\"https:\\\/\\\/www.laguiadepamplona.com\\\/actualidad\\\/\"},{\"@type\":\"ListItem\",\"position\":2,\"name\":\"La Comunidad Energ\u00e9tica de la Rochapea, Arrotxa-E, se presenta este jueves tras un proceso participativo de ocho meses\"}]},{\"@type\":\"WebSite\",\"@id\":\"https:\\\/\\\/www.laguiadepamplona.com\\\/actualidad\\\/#website\",\"url\":\"https:\\\/\\\/www.laguiadepamplona.com\\\/actualidad\\\/\",\"name\":\"La gu\u00eda de Pamplona\",\"description\":\"Noticias de Pamplona\",\"publisher\":{\"@id\":\"https:\\\/\\\/www.laguiadepamplona.com\\\/actualidad\\\/#organization\"},\"potentialAction\":[{\"@type\":\"SearchAction\",\"target\":{\"@type\":\"EntryPoint\",\"urlTemplate\":\"https:\\\/\\\/www.laguiadepamplona.com\\\/actualidad\\\/?s={search_term_string}\"},\"query-input\":{\"@type\":\"PropertyValueSpecification\",\"valueRequired\":true,\"valueName\":\"search_term_string\"}}],\"inLanguage\":\"es\"},{\"@type\":\"Organization\",\"@id\":\"https:\\\/\\\/www.laguiadepamplona.com\\\/actualidad\\\/#organization\",\"name\":\"La Gu\u00eda de Pamplona \\\/ Noticias\",\"url\":\"https:\\\/\\\/www.laguiadepamplona.com\\\/actualidad\\\/\",\"logo\":{\"@type\":\"ImageObject\",\"inLanguage\":\"es\",\"@id\":\"https:\\\/\\\/www.laguiadepamplona.com\\\/actualidad\\\/#\\\/schema\\\/logo\\\/image\\\/\",\"url\":\"https:\\\/\\\/www.laguiadepamplona.com\\\/actualidad\\\/wp-content\\\/uploads\\\/2018\\\/11\\\/logo-laguiadepamplona18-web1.png\",\"contentUrl\":\"https:\\\/\\\/www.laguiadepamplona.com\\\/actualidad\\\/wp-content\\\/uploads\\\/2018\\\/11\\\/logo-laguiadepamplona18-web1.png\",\"width\":600,\"height\":196,\"caption\":\"La Gu\u00eda de Pamplona \\\/ Noticias\"},\"image\":{\"@id\":\"https:\\\/\\\/www.laguiadepamplona.com\\\/actualidad\\\/#\\\/schema\\\/logo\\\/image\\\/\"},\"sameAs\":[\"https:\\\/\\\/www.facebook.com\\\/laguiadepamplonacom-133175176762273\\\/?ref=hl\",\"https:\\\/\\\/x.com\\\/LaGuiadPamplona\",\"https:\\\/\\\/www.instagram.com\\\/la_guia_de_pamplona\\\/\",\"https:\\\/\\\/www.youtube.com\\\/user\\\/laguiadepamplona\"]},{\"@type\":\"Person\",\"@id\":\"https:\\\/\\\/www.laguiadepamplona.com\\\/actualidad\\\/#\\\/schema\\\/person\\\/efe887376f0213d4657c93adc50b1fdb\",\"name\":\"La Gu\u00eda de Pamplona\",\"image\":{\"@type\":\"ImageObject\",\"inLanguage\":\"es\",\"@id\":\"https:\\\/\\\/secure.gravatar.com\\\/avatar\\\/b6992f131dc8d30ab0dff15446e9d346d9dbd95992de0fef795073f5ea83a81c?s=96&d=mm&r=g\",\"url\":\"https:\\\/\\\/secure.gravatar.com\\\/avatar\\\/b6992f131dc8d30ab0dff15446e9d346d9dbd95992de0fef795073f5ea83a81c?s=96&d=mm&r=g\",\"contentUrl\":\"https:\\\/\\\/secure.gravatar.com\\\/avatar\\\/b6992f131dc8d30ab0dff15446e9d346d9dbd95992de0fef795073f5ea83a81c?s=96&d=mm&r=g\",\"caption\":\"La Gu\u00eda de Pamplona\"}}]}<\/script>\n<!-- \/ Yoast SEO plugin. -->","yoast_head_json":{"title":"La Comunidad Energ\u00e9tica de la Rochapea, Arrotxa-E, se presenta este jueves tras un proceso participativo de ocho meses","description":"El grupo motor ha estado trabajando en la conformaci\u00f3n de la comunidad energ\u00e9tica y se abre a nuevas personas interesadas","robots":{"index":"index","follow":"follow","max-snippet":"max-snippet:-1","max-image-preview":"max-image-preview:large","max-video-preview":"max-video-preview:-1"},"canonical":"https:\/\/www.laguiadepamplona.com\/actualidad\/la-comunidad-energetica-de-la-rochapea-arrotxa-e-se-presenta-este-jueves-tras-un-proceso-participativo-de-ocho-meses\/","og_locale":"es_ES","og_type":"article","og_title":"La Comunidad Energ\u00e9tica de la Rochapea, Arrotxa-E, se presenta este jueves tras un proceso participativo de ocho meses","og_description":"El grupo motor ha estado trabajando en la conformaci\u00f3n de la comunidad energ\u00e9tica y se abre a nuevas personas interesadas","og_url":"https:\/\/www.laguiadepamplona.com\/actualidad\/la-comunidad-energetica-de-la-rochapea-arrotxa-e-se-presenta-este-jueves-tras-un-proceso-participativo-de-ocho-meses\/","og_site_name":"La Gu\u00eda de Pamplona","article_publisher":"https:\/\/www.facebook.com\/laguiadepamplonacom-133175176762273\/?ref=hl","article_published_time":"2023-06-14T15:12:00+00:00","og_image":[{"width":1654,"height":893,"url":"https:\/\/www.laguiadepamplona.com\/actualidad\/wp-content\/uploads\/2023\/06\/instalaciones_fotovoltaicas.webp","type":"image\/webp"}],"author":"La Gu\u00eda de Pamplona","twitter_card":"summary_large_image","twitter_creator":"@LaGuiadPamplona","twitter_site":"@LaGuiadPamplona","twitter_misc":{"Escrito por":"La Gu\u00eda de Pamplona","Tiempo de lectura":"3 minutos"},"schema":{"@context":"https:\/\/schema.org","@graph":[{"@type":"Article","@id":"https:\/\/www.laguiadepamplona.com\/actualidad\/la-comunidad-energetica-de-la-rochapea-arrotxa-e-se-presenta-este-jueves-tras-un-proceso-participativo-de-ocho-meses\/#article","isPartOf":{"@id":"https:\/\/www.laguiadepamplona.com\/actualidad\/la-comunidad-energetica-de-la-rochapea-arrotxa-e-se-presenta-este-jueves-tras-un-proceso-participativo-de-ocho-meses\/"},"author":{"name":"La Gu\u00eda de Pamplona","@id":"https:\/\/www.laguiadepamplona.com\/actualidad\/#\/schema\/person\/efe887376f0213d4657c93adc50b1fdb"},"headline":"La Comunidad Energ\u00e9tica de la Rochapea, Arrotxa-E, se presenta este jueves tras un proceso participativo de ocho meses","datePublished":"2023-06-14T15:12:00+00:00","mainEntityOfPage":{"@id":"https:\/\/www.laguiadepamplona.com\/actualidad\/la-comunidad-energetica-de-la-rochapea-arrotxa-e-se-presenta-este-jueves-tras-un-proceso-participativo-de-ocho-meses\/"},"wordCount":613,"commentCount":0,"publisher":{"@id":"https:\/\/www.laguiadepamplona.com\/actualidad\/#organization"},"image":{"@id":"https:\/\/www.laguiadepamplona.com\/actualidad\/la-comunidad-energetica-de-la-rochapea-arrotxa-e-se-presenta-este-jueves-tras-un-proceso-participativo-de-ocho-meses\/#primaryimage"},"thumbnailUrl":"https:\/\/www.laguiadepamplona.com\/actualidad\/wp-content\/uploads\/2023\/06\/instalaciones_fotovoltaicas.webp","articleSection":["Ayto Pamplona"],"inLanguage":"es","potentialAction":[{"@type":"CommentAction","name":"Comment","target":["https:\/\/www.laguiadepamplona.com\/actualidad\/la-comunidad-energetica-de-la-rochapea-arrotxa-e-se-presenta-este-jueves-tras-un-proceso-participativo-de-ocho-meses\/#respond"]}]},{"@type":"WebPage","@id":"https:\/\/www.laguiadepamplona.com\/actualidad\/la-comunidad-energetica-de-la-rochapea-arrotxa-e-se-presenta-este-jueves-tras-un-proceso-participativo-de-ocho-meses\/","url":"https:\/\/www.laguiadepamplona.com\/actualidad\/la-comunidad-energetica-de-la-rochapea-arrotxa-e-se-presenta-este-jueves-tras-un-proceso-participativo-de-ocho-meses\/","name":"La Comunidad Energ\u00e9tica de la Rochapea, Arrotxa-E, se presenta este jueves tras un proceso participativo de ocho meses","isPartOf":{"@id":"https:\/\/www.laguiadepamplona.com\/actualidad\/#website"},"primaryImageOfPage":{"@id":"https:\/\/www.laguiadepamplona.com\/actualidad\/la-comunidad-energetica-de-la-rochapea-arrotxa-e-se-presenta-este-jueves-tras-un-proceso-participativo-de-ocho-meses\/#primaryimage"},"image":{"@id":"https:\/\/www.laguiadepamplona.com\/actualidad\/la-comunidad-energetica-de-la-rochapea-arrotxa-e-se-presenta-este-jueves-tras-un-proceso-participativo-de-ocho-meses\/#primaryimage"},"thumbnailUrl":"https:\/\/www.laguiadepamplona.com\/actualidad\/wp-content\/uploads\/2023\/06\/instalaciones_fotovoltaicas.webp","datePublished":"2023-06-14T15:12:00+00:00","description":"El grupo motor ha estado trabajando en la conformaci\u00f3n de la comunidad energ\u00e9tica y se abre a nuevas personas interesadas","breadcrumb":{"@id":"https:\/\/www.laguiadepamplona.com\/actualidad\/la-comunidad-energetica-de-la-rochapea-arrotxa-e-se-presenta-este-jueves-tras-un-proceso-participativo-de-ocho-meses\/#breadcrumb"},"inLanguage":"es","potentialAction":[{"@type":"ReadAction","target":["https:\/\/www.laguiadepamplona.com\/actualidad\/la-comunidad-energetica-de-la-rochapea-arrotxa-e-se-presenta-este-jueves-tras-un-proceso-participativo-de-ocho-meses\/"]}]},{"@type":"ImageObject","inLanguage":"es","@id":"https:\/\/www.laguiadepamplona.com\/actualidad\/la-comunidad-energetica-de-la-rochapea-arrotxa-e-se-presenta-este-jueves-tras-un-proceso-participativo-de-ocho-meses\/#primaryimage","url":"https:\/\/www.laguiadepamplona.com\/actualidad\/wp-content\/uploads\/2023\/06\/instalaciones_fotovoltaicas.webp","contentUrl":"https:\/\/www.laguiadepamplona.com\/actualidad\/wp-content\/uploads\/2023\/06\/instalaciones_fotovoltaicas.webp","width":1654,"height":893},{"@type":"BreadcrumbList","@id":"https:\/\/www.laguiadepamplona.com\/actualidad\/la-comunidad-energetica-de-la-rochapea-arrotxa-e-se-presenta-este-jueves-tras-un-proceso-participativo-de-ocho-meses\/#breadcrumb","itemListElement":[{"@type":"ListItem","position":1,"name":"Portada","item":"https:\/\/www.laguiadepamplona.com\/actualidad\/"},{"@type":"ListItem","position":2,"name":"La Comunidad Energ\u00e9tica de la Rochapea, Arrotxa-E, se presenta este jueves tras un proceso participativo de ocho meses"}]},{"@type":"WebSite","@id":"https:\/\/www.laguiadepamplona.com\/actualidad\/#website","url":"https:\/\/www.laguiadepamplona.com\/actualidad\/","name":"La gu\u00eda de Pamplona","description":"Noticias de Pamplona","publisher":{"@id":"https:\/\/www.laguiadepamplona.com\/actualidad\/#organization"},"potentialAction":[{"@type":"SearchAction","target":{"@type":"EntryPoint","urlTemplate":"https:\/\/www.laguiadepamplona.com\/actualidad\/?s={search_term_string}"},"query-input":{"@type":"PropertyValueSpecification","valueRequired":true,"valueName":"search_term_string"}}],"inLanguage":"es"},{"@type":"Organization","@id":"https:\/\/www.laguiadepamplona.com\/actualidad\/#organization","name":"La Gu\u00eda de Pamplona \/ Noticias","url":"https:\/\/www.laguiadepamplona.com\/actualidad\/","logo":{"@type":"ImageObject","inLanguage":"es","@id":"https:\/\/www.laguiadepamplona.com\/actualidad\/#\/schema\/logo\/image\/","url":"https:\/\/www.laguiadepamplona.com\/actualidad\/wp-content\/uploads\/2018\/11\/logo-laguiadepamplona18-web1.png","contentUrl":"https:\/\/www.laguiadepamplona.com\/actualidad\/wp-content\/uploads\/2018\/11\/logo-laguiadepamplona18-web1.png","width":600,"height":196,"caption":"La Gu\u00eda de Pamplona \/ Noticias"},"image":{"@id":"https:\/\/www.laguiadepamplona.com\/actualidad\/#\/schema\/logo\/image\/"},"sameAs":["https:\/\/www.facebook.com\/laguiadepamplonacom-133175176762273\/?ref=hl","https:\/\/x.com\/LaGuiadPamplona","https:\/\/www.instagram.com\/la_guia_de_pamplona\/","https:\/\/www.youtube.com\/user\/laguiadepamplona"]},{"@type":"Person","@id":"https:\/\/www.laguiadepamplona.com\/actualidad\/#\/schema\/person\/efe887376f0213d4657c93adc50b1fdb","name":"La Gu\u00eda de Pamplona","image":{"@type":"ImageObject","inLanguage":"es","@id":"https:\/\/secure.gravatar.com\/avatar\/b6992f131dc8d30ab0dff15446e9d346d9dbd95992de0fef795073f5ea83a81c?s=96&d=mm&r=g","url":"https:\/\/secure.gravatar.com\/avatar\/b6992f131dc8d30ab0dff15446e9d346d9dbd95992de0fef795073f5ea83a81c?s=96&d=mm&r=g","contentUrl":"https:\/\/secure.gravatar.com\/avatar\/b6992f131dc8d30ab0dff15446e9d346d9dbd95992de0fef795073f5ea83a81c?s=96&d=mm&r=g","caption":"La Gu\u00eda de Pamplona"}}]}},"post_mailing_queue_ids":[],"_links":{"self":[{"href":"https:\/\/www.laguiadepamplona.com\/actualidad\/wp-json\/wp\/v2\/posts\/47058","targetHints":{"allow":["GET"]}}],"collection":[{"href":"https:\/\/www.laguiadepamplona.com\/actualidad\/wp-json\/wp\/v2\/posts"}],"about":[{"href":"https:\/\/www.laguiadepamplona.com\/actualidad\/wp-json\/wp\/v2\/types\/post"}],"author":[{"embeddable":true,"href":"https:\/\/www.laguiadepamplona.com\/actualidad\/wp-json\/wp\/v2\/users\/1"}],"replies":[{"embeddable":true,"href":"https:\/\/www.laguiadepamplona.com\/actualidad\/wp-json\/wp\/v2\/comments?post=47058"}],"version-history":[{"count":1,"href":"https:\/\/www.laguiadepamplona.com\/actualidad\/wp-json\/wp\/v2\/posts\/47058\/revisions"}],"predecessor-version":[{"id":47059,"href":"https:\/\/www.laguiadepamplona.com\/actualidad\/wp-json\/wp\/v2\/posts\/47058\/revisions\/47059"}],"wp:featuredmedia":[{"embeddable":true,"href":"https:\/\/www.laguiadepamplona.com\/actualidad\/wp-json\/wp\/v2\/media\/46972"}],"wp:attachment":[{"href":"https:\/\/www.laguiadepamplona.com\/actualidad\/wp-json\/wp\/v2\/media?parent=47058"}],"wp:term":[{"taxonomy":"category","embeddable":true,"href":"https:\/\/www.laguiadepamplona.com\/actualidad\/wp-json\/wp\/v2\/categories?post=47058"},{"taxonomy":"post_tag","embeddable":true,"href":"https:\/\/www.laguiadepamplona.com\/actualidad\/wp-json\/wp\/v2\/tags?post=47058"}],"curies":[{"name":"wp","href":"https:\/\/api.w.org\/{rel}","templated":true}]}}