{"id":47055,"date":"2023-06-14T17:07:50","date_gmt":"2023-06-14T15:07:50","guid":{"rendered":"https:\/\/www.laguiadepamplona.com\/actualidad\/?p=47055"},"modified":"2023-06-14T17:07:50","modified_gmt":"2023-06-14T15:07:50","slug":"68-corresponsales-informativos-del-ayuntamiento-de-pamplona-recogen-sus-diplomas-y-becas-en-la-casa-de-la-juventud","status":"publish","type":"post","link":"https:\/\/www.laguiadepamplona.com\/actualidad\/68-corresponsales-informativos-del-ayuntamiento-de-pamplona-recogen-sus-diplomas-y-becas-en-la-casa-de-la-juventud\/","title":{"rendered":"68 corresponsales informativos del Ayuntamiento de Pamplona recogen sus diplomas y becas en la Casa de la Juventud"},"content":{"rendered":"<h3>Ellos y ellas se han encargado de difundir en 39 centros y residencias de la ciudad la informaci\u00f3n municipal de inter\u00e9s para j\u00f3venes<\/h3>\n<p><!--more--><\/p>\n<p>Todos los corresponsales han sido durante muchos meses la voz y los o\u00eddos del Consistorio en sus centros, porque se han encargado de crear y mantener actualizado un punto de informaci\u00f3n juvenil (Panel de Informaci\u00f3n Juvenil, anal\u00f3gico o\/y digital) a trav\u00e9s del cual se convierten durante un curso en informadores sobre temas como becas, ayudas, viajes, programaciones, encuentros e intercambios.<\/p>\n<p>El programa de Corresponsales Informativos ech\u00f3 a andar en el curso 1996\/1997 con el objetivo de lograr que la informaci\u00f3n destinada al p\u00fablico joven llegue efectivamente a sus destinatarios, un p\u00fablico cambiante y variado con un perfil dif\u00edcil de definir. Convertirse en corresponsal requiere un compromiso con esta labor informativa y con la Casa de la Juventud, de forma que a lo largo del curso escolar la relaci\u00f3n entre los j\u00f3venes corresponsales y este espacio municipal es habitual. A cambio, las personas que ejercen esta responsabilidad y cumplen con los requisitos marcados disfrutan de una beca en met\u00e1lico de 300 euros por persona. Esta ma\u00f1ana el alcalde de Pamplona en funciones, Enrique Maya, acompa\u00f1ado por otros miembros de la Corporaci\u00f3n municipal han estregado las becas y galardones de este curso en un acto que ha tenido lugar en la Casa de la Juventud.<br \/>\n<script async src=\"\/\/pagead2.googlesyndication.com\/pagead\/js\/adsbygoogle.js\"><\/script><br \/>\n<!-- Noticias La Guia de Pamplona --><br \/>\n<ins class=\"adsbygoogle\"\nstyle=\"display:block\"\ndata-ad-client=\"ca-pub-6943679897239327\"\ndata-ad-slot=\"7048180777\"\ndata-ad-format=\"auto\"><\/ins><br \/>\n<script>\n(adsbygoogle = window.adsbygoogle || []).push({});\n<\/script><\/p>\n<p>Adem\u00e1s, a las parejas que destacan cada a\u00f1o por su implicaci\u00f3n y su buen hacer en esta tarea se les otorga un premio adicional de 150 euros, tambi\u00e9n individual. En este curso ese galard\u00f3n ha reca\u00eddo en Ana Mariya Atanasova Stoyanova y Luc\u00eda S\u00e1nchez Herranz, del I.E.S. Navarro Villoslada; por su implicaci\u00f3n, constancia y buen hacer en la puesta en marcha y mantenimiento de la corresponsal\u00eda en su centro.<\/p>\n<p>Para fomentar la ayuda de los propios centros, tambi\u00e9n hay premio para lo que m\u00e1s se impliquen con sus corresponsales con vales canjeables por libros o material escolar, 300 euros para el mejor clarificado y otros 4 bonos de 100 euros m\u00e1s para quienes le siguen. En esta categor\u00eda ha sido premiada la Asociaci\u00f3n S\u00edndrome de Down Navarra, por toda la colaboraci\u00f3n en material, tiempo y promoci\u00f3n de la corresponsal\u00eda, as\u00ed como el seguimiento del trabajo realizado por sus corresponsales. Los vales de 100 euros han ido para C.I.P. Virgen del Camino; Colegio La Compasi\u00f3n Escolapios; I.E.S. Basoko e I.E.S. Navarro Villoslada.<br \/>\n<script async src=\"\/\/pagead2.googlesyndication.com\/pagead\/js\/adsbygoogle.js\"><\/script><br \/>\n<!-- Noticias La Guia de Pamplona --><br \/>\n<ins class=\"adsbygoogle\"\nstyle=\"display:block\"\ndata-ad-client=\"ca-pub-6943679897239327\"\ndata-ad-slot=\"7048180777\"\ndata-ad-format=\"auto\"><\/ins><br \/>\n<script>\n(adsbygoogle = window.adsbygoogle || []).push({});\n<\/script><\/p>\n<p><strong>De primera mano: pr\u00f3xima cita Palencia<\/strong><\/p>\n<p>Adem\u00e1s, con la propuesta \u2018De primera mano\u2019 los corresponsales informativos tienen la oportunidad de conocer directamente recursos e instalaciones de su ciudad con el objetivo de difundir su existencia y programaci\u00f3n desde la experiencia personal, usando las mismas redes de informaci\u00f3n que generan. A esa propuesta se han acogido el Instituto Navarro de Juventud, la Universidad P\u00fablica de Navarra, la Universidad de Navarra, la Escuela Navarra de Teatro, el Teatro Gayarre, la Filmoteca de Navarra y la Fundaci\u00f3n Baluarte.<\/p>\n<p>Durante 2023, los corresponsales han participado en una visita al Teatro Gayarre, han tenido la oportunidad de inscribirse gratuitamente en uno de los cursos de la programaci\u00f3n de primavera de la Casa de la Juventud y han visitado los campus de la UPNA y la Universidad de Navarra. Adem\u00e1s, cinco corresponsales han participado en el Encuentro Ib\u00e9rico-Insular de Corresponsales Juveniles en el que participaron corresponsales de varias comunidades aut\u00f3nomas y de Portugal. Adem\u00e1s, 28 corresponsales han participado en el encuentro de corresponsales de Navarra, en el parque de aventura Irrisarri Land, organizado por el Instituto Navarro de Juventud.<\/p>\n<p>La pr\u00f3xima cita de este curso ser\u00e1 del 23 a 25 de junio. Esos d\u00edas cinco corresponsales de Pamplona van a participar en Palencia en el encuentro de Corresponsales y alberguismo organizado por la REAJ (Red de Albergues Juveniles de Espa\u00f1a).<br \/>\n<script async src=\"\/\/pagead2.googlesyndication.com\/pagead\/js\/adsbygoogle.js\"><\/script><br \/>\n<!-- Noticias La Guia de Pamplona --><br \/>\n<ins class=\"adsbygoogle\"\nstyle=\"display:block\"\ndata-ad-client=\"ca-pub-6943679897239327\"\ndata-ad-slot=\"7048180777\"\ndata-ad-format=\"auto\"><\/ins><br \/>\n<script>\n(adsbygoogle = window.adsbygoogle || []).push({});\n<\/script><\/p>\n<p>&nbsp;<\/p>\n<h3><strong>Corresponsales informativos<\/strong><\/h3>\n<p>&nbsp;<\/p>\n<table width=\"100%\">\n<tbody>\n<tr>\n<td width=\"59%\"><strong>Nombres<\/strong><\/td>\n<td width=\"40%\"><strong>Centro<\/strong><\/td>\n<\/tr>\n<tr>\n<td width=\"59%\">Itziar Aguerralde Ib\u00e1\u00f1ez<\/td>\n<td rowspan=\"2\" width=\"40%\">Asociaci\u00f3n S\u00edndrome de Down Navarra<\/td>\n<\/tr>\n<tr>\n<td width=\"59%\">Raquel Ollo Arbizu<\/td>\n<\/tr>\n<tr>\n<td width=\"59%\">Leyre Machina Bernal<\/td>\n<td rowspan=\"2\" width=\"40%\">B.H.I. Eunate<\/td>\n<\/tr>\n<tr>\n<td width=\"59%\">Nekane Gal\u00e1n Sangalo<\/td>\n<\/tr>\n<tr>\n<td width=\"59%\">Alba Cortea Sarri\u00e9s<\/td>\n<td rowspan=\"2\" width=\"40%\">C.E. Nuestra Se\u00f1ora del Huerto<\/td>\n<\/tr>\n<tr>\n<td width=\"59%\">Mar\u00eda Bustingorri Sah\u00fan<\/td>\n<\/tr>\n<tr>\n<td width=\"59%\">Alejandro Alzugaray Osta<\/td>\n<td rowspan=\"2\" width=\"40%\">C.E.E. El Molino<\/td>\n<\/tr>\n<tr>\n<td width=\"59%\">Sara Zalba Fern\u00e1ndez<\/td>\n<\/tr>\n<tr>\n<td width=\"59%\">Est\u00edbaliz Julienne Valero P\u00e9rez<\/td>\n<td rowspan=\"2\" width=\"40%\">C.I. Cuatrovientos (F.P.E.)<\/td>\n<\/tr>\n<tr>\n<td width=\"59%\">Milagros Mar\u00eda Vasquez S\u00e1nchez<\/td>\n<\/tr>\n<tr>\n<td width=\"59%\">Lorea Ilargi Garralda L\u00f3pez<\/td>\n<td rowspan=\"2\" width=\"40%\">C.I.F.P. Escuela de Educadoras\/es<\/td>\n<\/tr>\n<tr>\n<td width=\"59%\">Samuel Urrutia Mart\u00ednez<\/td>\n<\/tr>\n<tr>\n<td width=\"59%\">Diego Italo Oballe Huam\u00e1n<\/td>\n<td rowspan=\"2\" width=\"40%\">C.I.P.Donapea I.I.P.<\/td>\n<\/tr>\n<tr>\n<td width=\"59%\">Yerai Garc\u00eda Alonso<\/td>\n<\/tr>\n<tr>\n<td width=\"59%\">Elizaveta Oroz Fern\u00e1ndez<\/td>\n<td rowspan=\"2\" width=\"40%\">C.I.P. Virgen del Camino<\/td>\n<\/tr>\n<tr>\n<td width=\"59%\">Ismael Barberena Oroz<\/td>\n<\/tr>\n<tr>\n<td width=\"59%\">Ana Rosa Mej\u00eda Dur\u00e1n<\/td>\n<td rowspan=\"2\" width=\"40%\">Centro Integrado Mar\u00eda Ana Sanz<\/td>\n<\/tr>\n<tr>\n<td width=\"59%\">Nilson Antonio Dom\u00ednguez L\u00f3pez<\/td>\n<\/tr>\n<tr>\n<td width=\"59%\">Ainara Brand\u00e1n Barahona<\/td>\n<td rowspan=\"2\" width=\"40%\">Colegio Calasanz (P.P. Escolapios)<\/td>\n<\/tr>\n<tr>\n<td width=\"59%\">Miriam Ardanaz Marticorena<\/td>\n<\/tr>\n<tr>\n<td width=\"59%\">Nicol\u00e1s Alegr\u00eda Villanueva<\/td>\n<td rowspan=\"2\" width=\"40%\">Colegio Claret Larraona<\/td>\n<\/tr>\n<tr>\n<td width=\"59%\">Lola Astr\u00e1in Ruiz de Erenchun<\/td>\n<\/tr>\n<tr>\n<td width=\"59%\">Miguel Arana Mart\u00ednez<\/td>\n<td rowspan=\"2\" width=\"40%\">Colegio del Sagrado Coraz\u00f3n<\/td>\n<\/tr>\n<tr>\n<td width=\"59%\">Santiago Sarasa Nagore<\/td>\n<\/tr>\n<tr>\n<td width=\"59%\">\u00c1ngela S\u00e1nchez Franc\u00e9s<\/td>\n<td rowspan=\"2\" width=\"40%\">Colegio La Compasi\u00f3n Escolapios<\/td>\n<\/tr>\n<tr>\n<td width=\"59%\">Lada Yatsun Starchak<\/td>\n<\/tr>\n<tr>\n<td width=\"59%\">Gonzalo Garro Lorenzo<\/td>\n<td rowspan=\"2\" width=\"40%\">Colegio Miravalles &#8211; El Red\u00edn<\/td>\n<\/tr>\n<tr>\n<td width=\"59%\">Juan Castillo Centeno<\/td>\n<\/tr>\n<tr>\n<td width=\"59%\">Aimar S\u00e1nchez Ropero<\/td>\n<td rowspan=\"2\" width=\"40%\">Colegio Santa Catalina Labour\u00e9<\/td>\n<\/tr>\n<tr>\n<td width=\"59%\">Ra\u00fal S\u00e1nchez L\u00f3pez<\/td>\n<\/tr>\n<tr>\n<td width=\"59%\">Elena Gonz\u00e1lez Barber\u00eda<\/td>\n<td rowspan=\"2\" width=\"40%\">Colegio Santa Teresa de Jes\u00fas (F.E.T.)<\/td>\n<\/tr>\n<tr>\n<td width=\"59%\">Lorea Hern\u00e1ndez P\u00e9rez de Ciriza<\/td>\n<\/tr>\n<tr>\n<td width=\"59%\">Pedro Urs\u00faa Sesma<\/td>\n<td rowspan=\"2\" width=\"40%\">Colegio Santo Tom\u00e1s (M.M. Dominicas)<\/td>\n<\/tr>\n<tr>\n<td width=\"59%\">Sabrina Mu\u00f1oz Oyarzun<\/td>\n<\/tr>\n<tr>\n<td width=\"59%\">Leyre Andi\u00f3n Mart\u00ednez<\/td>\n<td rowspan=\"2\" width=\"40%\">Colegio Vedruna<\/td>\n<\/tr>\n<tr>\n<td width=\"59%\">Leyre Pinto Iriarte<\/td>\n<\/tr>\n<tr>\n<td width=\"59%\">Aimar Nicol\u00e1s Aspurz<\/td>\n<td rowspan=\"2\" width=\"40%\">Cooperativa de Ense\u00f1anza San Cernin<\/td>\n<\/tr>\n<tr>\n<td width=\"59%\">Sof\u00eda Muneta Bacaicoa<\/td>\n<\/tr>\n<tr>\n<td width=\"59%\">Ana Mar\u00eda S\u00e1nchez Beloqui<\/td>\n<td rowspan=\"2\" width=\"40%\">EA Escuela de Arte (F.P.E.)<\/td>\n<\/tr>\n<tr>\n<td width=\"59%\">Andrea Hermoso Armend\u00e1riz<\/td>\n<\/tr>\n<tr>\n<td width=\"59%\">Naroa Flamarique Hualde<\/td>\n<td rowspan=\"2\" width=\"40%\">Escuela Polit\u00e9cnica de Navarra (F.P.)<\/td>\n<\/tr>\n<tr>\n<td width=\"59%\">Oskia Baku Herv\u00e1s Fern\u00e1ndez<\/td>\n<\/tr>\n<tr>\n<td width=\"59%\">Esther Ir\u00e1izoz S\u00e1nchez<\/td>\n<td rowspan=\"2\" width=\"40%\">Escuela Sanitaria (E.S.T.N.A.)<\/td>\n<\/tr>\n<tr>\n<td width=\"59%\">Yeray Mendoza Viveros<\/td>\n<\/tr>\n<tr>\n<td width=\"59%\">Alain L\u00f3pez Echeverr\u00eda<\/td>\n<td rowspan=\"2\" width=\"40%\">Fundaci\u00f3n Secretariado Gitano de Navarra<\/td>\n<\/tr>\n<tr>\n<td width=\"59%\">Unai Ruiz Echeverr\u00eda<\/td>\n<\/tr>\n<tr>\n<td width=\"59%\">Anne Marcos Irigoyen<\/td>\n<td rowspan=\"2\" width=\"40%\">I.E.S Biurdana B.H.I.<\/td>\n<\/tr>\n<tr>\n<td width=\"59%\">Jaione Roncal\u00e9s Ir\u00e1izoz<\/td>\n<\/tr>\n<tr>\n<td width=\"59%\">Mar\u00eda Andr\u00e9 Alfaro Mart\u00ednez<\/td>\n<td rowspan=\"2\" width=\"40%\">I.E.S. Basoko<\/td>\n<\/tr>\n<tr>\n<td width=\"59%\">Robert Cristian Abunei<\/td>\n<\/tr>\n<tr>\n<td width=\"59%\">Izaro Echaide Ballarena<\/td>\n<td rowspan=\"2\" width=\"40%\">I.E.S. Iturrama B.H.I.<\/td>\n<\/tr>\n<tr>\n<td width=\"59%\">Jakes Jimeno Nieva<\/td>\n<\/tr>\n<tr>\n<td width=\"59%\">Amina Brahimi Touaibia<\/td>\n<td rowspan=\"2\" width=\"40%\">I.E.S. Mendillorri<\/td>\n<\/tr>\n<tr>\n<td width=\"59%\">Luna Romero P\u00e9rez<\/td>\n<\/tr>\n<tr>\n<td width=\"59%\">Ana Mariya Atanasova Stoyanova<\/td>\n<td rowspan=\"2\" width=\"40%\">I.E.S. Navarro Villoslada<\/td>\n<\/tr>\n<tr>\n<td width=\"59%\">Luc\u00eda S\u00e1nchez Herranz<\/td>\n<\/tr>\n<tr>\n<td width=\"59%\">Claudia Roncal Pardo<\/td>\n<td rowspan=\"2\" width=\"40%\">I.E.S. Padre Moret-Irubide<\/td>\n<\/tr>\n<tr>\n<td width=\"59%\">Izaskun Macho Moleres<\/td>\n<\/tr>\n<tr>\n<td width=\"59%\">Aintzane Maule\u00f3n Colomo<\/td>\n<td rowspan=\"2\" width=\"40%\">I.E.S. Plaza de la Cruz<\/td>\n<\/tr>\n<tr>\n<td width=\"59%\">Safaa Lansari Lahmidi<\/td>\n<\/tr>\n<tr>\n<td width=\"59%\">Irati Primicia Huarte<\/td>\n<td rowspan=\"2\" width=\"40%\">Ikastola Francisco de Jaso<\/td>\n<\/tr>\n<tr>\n<td width=\"59%\">Izei Vales Arguisuelas<\/td>\n<\/tr>\n<tr>\n<td width=\"59%\">Naroa Ansa Rosino<\/td>\n<td rowspan=\"2\" width=\"40%\">Iparralde D.B.H.<\/td>\n<\/tr>\n<tr>\n<td width=\"59%\">Uxue Ferreiro Lahera<\/td>\n<\/tr>\n<tr>\n<td width=\"59%\">Ana Land\u00edbar Manso<\/td>\n<td rowspan=\"2\" width=\"40%\">Liceo Monjard\u00edn<\/td>\n<\/tr>\n<tr>\n<td width=\"59%\">Rub\u00e9n Mangado Continente<\/td>\n<\/tr>\n<tr>\n<td width=\"59%\">Eva Sarrias I Bernal<\/td>\n<td rowspan=\"2\" width=\"40%\">Residencia Camplus<\/td>\n<\/tr>\n<tr>\n<td width=\"59%\">Mar Sarrias I Bernal<\/td>\n<\/tr>\n<\/tbody>\n<\/table>\n<p>&nbsp;<\/p>\n","protected":false},"excerpt":{"rendered":"<p>Ellos y ellas se han encargado de difundir en 39 centros y residencias de la ciudad la informaci\u00f3n municipal de inter\u00e9s para j\u00f3venes<\/p>\n","protected":false},"author":1,"featured_media":47056,"comment_status":"open","ping_status":"closed","sticky":false,"template":"","format":"standard","meta":{"footnotes":""},"categories":[2],"tags":[],"class_list":["post-47055","post","type-post","status-publish","format-standard","has-post-thumbnail","hentry","category-ayuntamiento-pamplona"],"yoast_head":"<!-- This site is optimized with the Yoast SEO plugin v27.3 - https:\/\/yoast.com\/product\/yoast-seo-wordpress\/ -->\n<title>68 corresponsales informativos del Ayuntamiento de Pamplona recogen sus diplomas y becas en la Casa de la Juventud<\/title>\n<meta name=\"description\" content=\"Ellos y ellas se han encargado de difundir en 39 centros y residencias de la ciudad la informaci\u00f3n municipal de inter\u00e9s para j\u00f3venes\" \/>\n<meta name=\"robots\" content=\"index, follow, max-snippet:-1, max-image-preview:large, max-video-preview:-1\" \/>\n<link rel=\"canonical\" href=\"https:\/\/www.laguiadepamplona.com\/actualidad\/68-corresponsales-informativos-del-ayuntamiento-de-pamplona-recogen-sus-diplomas-y-becas-en-la-casa-de-la-juventud\/\" \/>\n<meta property=\"og:locale\" content=\"es_ES\" \/>\n<meta property=\"og:type\" content=\"article\" \/>\n<meta property=\"og:title\" content=\"68 corresponsales informativos del Ayuntamiento de Pamplona recogen sus diplomas y becas en la Casa de la Juventud\" \/>\n<meta property=\"og:description\" content=\"Ellos y ellas se han encargado de difundir en 39 centros y residencias de la ciudad la informaci\u00f3n municipal de inter\u00e9s para j\u00f3venes\" \/>\n<meta property=\"og:url\" content=\"https:\/\/www.laguiadepamplona.com\/actualidad\/68-corresponsales-informativos-del-ayuntamiento-de-pamplona-recogen-sus-diplomas-y-becas-en-la-casa-de-la-juventud\/\" \/>\n<meta property=\"og:site_name\" content=\"La Gu\u00eda de Pamplona\" \/>\n<meta property=\"article:publisher\" content=\"https:\/\/www.facebook.com\/laguiadepamplonacom-133175176762273\/?ref=hl\" \/>\n<meta property=\"article:published_time\" content=\"2023-06-14T15:07:50+00:00\" \/>\n<meta property=\"og:image\" content=\"https:\/\/www.laguiadepamplona.com\/actualidad\/wp-content\/uploads\/2023\/06\/corresponsalesinformativoscasajuventude5a7781_0.webp\" \/>\n\t<meta property=\"og:image:width\" content=\"1600\" \/>\n\t<meta property=\"og:image:height\" content=\"1067\" \/>\n\t<meta property=\"og:image:type\" content=\"image\/webp\" \/>\n<meta name=\"author\" content=\"La Gu\u00eda de Pamplona\" \/>\n<meta name=\"twitter:card\" content=\"summary_large_image\" \/>\n<meta name=\"twitter:creator\" content=\"@LaGuiadPamplona\" \/>\n<meta name=\"twitter:site\" content=\"@LaGuiadPamplona\" \/>\n<meta name=\"twitter:label1\" content=\"Escrito por\" \/>\n\t<meta name=\"twitter:data1\" content=\"La Gu\u00eda de Pamplona\" \/>\n\t<meta name=\"twitter:label2\" content=\"Tiempo de lectura\" \/>\n\t<meta name=\"twitter:data2\" content=\"5 minutos\" \/>\n<script type=\"application\/ld+json\" class=\"yoast-schema-graph\">{\"@context\":\"https:\\\/\\\/schema.org\",\"@graph\":[{\"@type\":\"Article\",\"@id\":\"https:\\\/\\\/www.laguiadepamplona.com\\\/actualidad\\\/68-corresponsales-informativos-del-ayuntamiento-de-pamplona-recogen-sus-diplomas-y-becas-en-la-casa-de-la-juventud\\\/#article\",\"isPartOf\":{\"@id\":\"https:\\\/\\\/www.laguiadepamplona.com\\\/actualidad\\\/68-corresponsales-informativos-del-ayuntamiento-de-pamplona-recogen-sus-diplomas-y-becas-en-la-casa-de-la-juventud\\\/\"},\"author\":{\"name\":\"La Gu\u00eda de Pamplona\",\"@id\":\"https:\\\/\\\/www.laguiadepamplona.com\\\/actualidad\\\/#\\\/schema\\\/person\\\/efe887376f0213d4657c93adc50b1fdb\"},\"headline\":\"68 corresponsales informativos del Ayuntamiento de Pamplona recogen sus diplomas y becas en la Casa de la Juventud\",\"datePublished\":\"2023-06-14T15:07:50+00:00\",\"mainEntityOfPage\":{\"@id\":\"https:\\\/\\\/www.laguiadepamplona.com\\\/actualidad\\\/68-corresponsales-informativos-del-ayuntamiento-de-pamplona-recogen-sus-diplomas-y-becas-en-la-casa-de-la-juventud\\\/\"},\"wordCount\":1161,\"commentCount\":0,\"publisher\":{\"@id\":\"https:\\\/\\\/www.laguiadepamplona.com\\\/actualidad\\\/#organization\"},\"image\":{\"@id\":\"https:\\\/\\\/www.laguiadepamplona.com\\\/actualidad\\\/68-corresponsales-informativos-del-ayuntamiento-de-pamplona-recogen-sus-diplomas-y-becas-en-la-casa-de-la-juventud\\\/#primaryimage\"},\"thumbnailUrl\":\"https:\\\/\\\/www.laguiadepamplona.com\\\/actualidad\\\/wp-content\\\/uploads\\\/2023\\\/06\\\/corresponsalesinformativoscasajuventude5a7781_0.webp\",\"articleSection\":[\"Ayto Pamplona\"],\"inLanguage\":\"es\",\"potentialAction\":[{\"@type\":\"CommentAction\",\"name\":\"Comment\",\"target\":[\"https:\\\/\\\/www.laguiadepamplona.com\\\/actualidad\\\/68-corresponsales-informativos-del-ayuntamiento-de-pamplona-recogen-sus-diplomas-y-becas-en-la-casa-de-la-juventud\\\/#respond\"]}]},{\"@type\":\"WebPage\",\"@id\":\"https:\\\/\\\/www.laguiadepamplona.com\\\/actualidad\\\/68-corresponsales-informativos-del-ayuntamiento-de-pamplona-recogen-sus-diplomas-y-becas-en-la-casa-de-la-juventud\\\/\",\"url\":\"https:\\\/\\\/www.laguiadepamplona.com\\\/actualidad\\\/68-corresponsales-informativos-del-ayuntamiento-de-pamplona-recogen-sus-diplomas-y-becas-en-la-casa-de-la-juventud\\\/\",\"name\":\"68 corresponsales informativos del Ayuntamiento de Pamplona recogen sus diplomas y becas en la Casa de la Juventud\",\"isPartOf\":{\"@id\":\"https:\\\/\\\/www.laguiadepamplona.com\\\/actualidad\\\/#website\"},\"primaryImageOfPage\":{\"@id\":\"https:\\\/\\\/www.laguiadepamplona.com\\\/actualidad\\\/68-corresponsales-informativos-del-ayuntamiento-de-pamplona-recogen-sus-diplomas-y-becas-en-la-casa-de-la-juventud\\\/#primaryimage\"},\"image\":{\"@id\":\"https:\\\/\\\/www.laguiadepamplona.com\\\/actualidad\\\/68-corresponsales-informativos-del-ayuntamiento-de-pamplona-recogen-sus-diplomas-y-becas-en-la-casa-de-la-juventud\\\/#primaryimage\"},\"thumbnailUrl\":\"https:\\\/\\\/www.laguiadepamplona.com\\\/actualidad\\\/wp-content\\\/uploads\\\/2023\\\/06\\\/corresponsalesinformativoscasajuventude5a7781_0.webp\",\"datePublished\":\"2023-06-14T15:07:50+00:00\",\"description\":\"Ellos y ellas se han encargado de difundir en 39 centros y residencias de la ciudad la informaci\u00f3n municipal de inter\u00e9s para j\u00f3venes\",\"breadcrumb\":{\"@id\":\"https:\\\/\\\/www.laguiadepamplona.com\\\/actualidad\\\/68-corresponsales-informativos-del-ayuntamiento-de-pamplona-recogen-sus-diplomas-y-becas-en-la-casa-de-la-juventud\\\/#breadcrumb\"},\"inLanguage\":\"es\",\"potentialAction\":[{\"@type\":\"ReadAction\",\"target\":[\"https:\\\/\\\/www.laguiadepamplona.com\\\/actualidad\\\/68-corresponsales-informativos-del-ayuntamiento-de-pamplona-recogen-sus-diplomas-y-becas-en-la-casa-de-la-juventud\\\/\"]}]},{\"@type\":\"ImageObject\",\"inLanguage\":\"es\",\"@id\":\"https:\\\/\\\/www.laguiadepamplona.com\\\/actualidad\\\/68-corresponsales-informativos-del-ayuntamiento-de-pamplona-recogen-sus-diplomas-y-becas-en-la-casa-de-la-juventud\\\/#primaryimage\",\"url\":\"https:\\\/\\\/www.laguiadepamplona.com\\\/actualidad\\\/wp-content\\\/uploads\\\/2023\\\/06\\\/corresponsalesinformativoscasajuventude5a7781_0.webp\",\"contentUrl\":\"https:\\\/\\\/www.laguiadepamplona.com\\\/actualidad\\\/wp-content\\\/uploads\\\/2023\\\/06\\\/corresponsalesinformativoscasajuventude5a7781_0.webp\",\"width\":1600,\"height\":1067},{\"@type\":\"BreadcrumbList\",\"@id\":\"https:\\\/\\\/www.laguiadepamplona.com\\\/actualidad\\\/68-corresponsales-informativos-del-ayuntamiento-de-pamplona-recogen-sus-diplomas-y-becas-en-la-casa-de-la-juventud\\\/#breadcrumb\",\"itemListElement\":[{\"@type\":\"ListItem\",\"position\":1,\"name\":\"Portada\",\"item\":\"https:\\\/\\\/www.laguiadepamplona.com\\\/actualidad\\\/\"},{\"@type\":\"ListItem\",\"position\":2,\"name\":\"68 corresponsales informativos del Ayuntamiento de Pamplona recogen sus diplomas y becas en la Casa de la Juventud\"}]},{\"@type\":\"WebSite\",\"@id\":\"https:\\\/\\\/www.laguiadepamplona.com\\\/actualidad\\\/#website\",\"url\":\"https:\\\/\\\/www.laguiadepamplona.com\\\/actualidad\\\/\",\"name\":\"La gu\u00eda de Pamplona\",\"description\":\"Noticias de Pamplona\",\"publisher\":{\"@id\":\"https:\\\/\\\/www.laguiadepamplona.com\\\/actualidad\\\/#organization\"},\"potentialAction\":[{\"@type\":\"SearchAction\",\"target\":{\"@type\":\"EntryPoint\",\"urlTemplate\":\"https:\\\/\\\/www.laguiadepamplona.com\\\/actualidad\\\/?s={search_term_string}\"},\"query-input\":{\"@type\":\"PropertyValueSpecification\",\"valueRequired\":true,\"valueName\":\"search_term_string\"}}],\"inLanguage\":\"es\"},{\"@type\":\"Organization\",\"@id\":\"https:\\\/\\\/www.laguiadepamplona.com\\\/actualidad\\\/#organization\",\"name\":\"La Gu\u00eda de Pamplona \\\/ Noticias\",\"url\":\"https:\\\/\\\/www.laguiadepamplona.com\\\/actualidad\\\/\",\"logo\":{\"@type\":\"ImageObject\",\"inLanguage\":\"es\",\"@id\":\"https:\\\/\\\/www.laguiadepamplona.com\\\/actualidad\\\/#\\\/schema\\\/logo\\\/image\\\/\",\"url\":\"https:\\\/\\\/www.laguiadepamplona.com\\\/actualidad\\\/wp-content\\\/uploads\\\/2018\\\/11\\\/logo-laguiadepamplona18-web1.png\",\"contentUrl\":\"https:\\\/\\\/www.laguiadepamplona.com\\\/actualidad\\\/wp-content\\\/uploads\\\/2018\\\/11\\\/logo-laguiadepamplona18-web1.png\",\"width\":600,\"height\":196,\"caption\":\"La Gu\u00eda de Pamplona \\\/ Noticias\"},\"image\":{\"@id\":\"https:\\\/\\\/www.laguiadepamplona.com\\\/actualidad\\\/#\\\/schema\\\/logo\\\/image\\\/\"},\"sameAs\":[\"https:\\\/\\\/www.facebook.com\\\/laguiadepamplonacom-133175176762273\\\/?ref=hl\",\"https:\\\/\\\/x.com\\\/LaGuiadPamplona\",\"https:\\\/\\\/www.instagram.com\\\/la_guia_de_pamplona\\\/\",\"https:\\\/\\\/www.youtube.com\\\/user\\\/laguiadepamplona\"]},{\"@type\":\"Person\",\"@id\":\"https:\\\/\\\/www.laguiadepamplona.com\\\/actualidad\\\/#\\\/schema\\\/person\\\/efe887376f0213d4657c93adc50b1fdb\",\"name\":\"La Gu\u00eda de Pamplona\",\"image\":{\"@type\":\"ImageObject\",\"inLanguage\":\"es\",\"@id\":\"https:\\\/\\\/secure.gravatar.com\\\/avatar\\\/b6992f131dc8d30ab0dff15446e9d346d9dbd95992de0fef795073f5ea83a81c?s=96&d=mm&r=g\",\"url\":\"https:\\\/\\\/secure.gravatar.com\\\/avatar\\\/b6992f131dc8d30ab0dff15446e9d346d9dbd95992de0fef795073f5ea83a81c?s=96&d=mm&r=g\",\"contentUrl\":\"https:\\\/\\\/secure.gravatar.com\\\/avatar\\\/b6992f131dc8d30ab0dff15446e9d346d9dbd95992de0fef795073f5ea83a81c?s=96&d=mm&r=g\",\"caption\":\"La Gu\u00eda de Pamplona\"}}]}<\/script>\n<!-- \/ Yoast SEO plugin. -->","yoast_head_json":{"title":"68 corresponsales informativos del Ayuntamiento de Pamplona recogen sus diplomas y becas en la Casa de la Juventud","description":"Ellos y ellas se han encargado de difundir en 39 centros y residencias de la ciudad la informaci\u00f3n municipal de inter\u00e9s para j\u00f3venes","robots":{"index":"index","follow":"follow","max-snippet":"max-snippet:-1","max-image-preview":"max-image-preview:large","max-video-preview":"max-video-preview:-1"},"canonical":"https:\/\/www.laguiadepamplona.com\/actualidad\/68-corresponsales-informativos-del-ayuntamiento-de-pamplona-recogen-sus-diplomas-y-becas-en-la-casa-de-la-juventud\/","og_locale":"es_ES","og_type":"article","og_title":"68 corresponsales informativos del Ayuntamiento de Pamplona recogen sus diplomas y becas en la Casa de la Juventud","og_description":"Ellos y ellas se han encargado de difundir en 39 centros y residencias de la ciudad la informaci\u00f3n municipal de inter\u00e9s para j\u00f3venes","og_url":"https:\/\/www.laguiadepamplona.com\/actualidad\/68-corresponsales-informativos-del-ayuntamiento-de-pamplona-recogen-sus-diplomas-y-becas-en-la-casa-de-la-juventud\/","og_site_name":"La Gu\u00eda de Pamplona","article_publisher":"https:\/\/www.facebook.com\/laguiadepamplonacom-133175176762273\/?ref=hl","article_published_time":"2023-06-14T15:07:50+00:00","og_image":[{"width":1600,"height":1067,"url":"https:\/\/www.laguiadepamplona.com\/actualidad\/wp-content\/uploads\/2023\/06\/corresponsalesinformativoscasajuventude5a7781_0.webp","type":"image\/webp"}],"author":"La Gu\u00eda de Pamplona","twitter_card":"summary_large_image","twitter_creator":"@LaGuiadPamplona","twitter_site":"@LaGuiadPamplona","twitter_misc":{"Escrito por":"La Gu\u00eda de Pamplona","Tiempo de lectura":"5 minutos"},"schema":{"@context":"https:\/\/schema.org","@graph":[{"@type":"Article","@id":"https:\/\/www.laguiadepamplona.com\/actualidad\/68-corresponsales-informativos-del-ayuntamiento-de-pamplona-recogen-sus-diplomas-y-becas-en-la-casa-de-la-juventud\/#article","isPartOf":{"@id":"https:\/\/www.laguiadepamplona.com\/actualidad\/68-corresponsales-informativos-del-ayuntamiento-de-pamplona-recogen-sus-diplomas-y-becas-en-la-casa-de-la-juventud\/"},"author":{"name":"La Gu\u00eda de Pamplona","@id":"https:\/\/www.laguiadepamplona.com\/actualidad\/#\/schema\/person\/efe887376f0213d4657c93adc50b1fdb"},"headline":"68 corresponsales informativos del Ayuntamiento de Pamplona recogen sus diplomas y becas en la Casa de la Juventud","datePublished":"2023-06-14T15:07:50+00:00","mainEntityOfPage":{"@id":"https:\/\/www.laguiadepamplona.com\/actualidad\/68-corresponsales-informativos-del-ayuntamiento-de-pamplona-recogen-sus-diplomas-y-becas-en-la-casa-de-la-juventud\/"},"wordCount":1161,"commentCount":0,"publisher":{"@id":"https:\/\/www.laguiadepamplona.com\/actualidad\/#organization"},"image":{"@id":"https:\/\/www.laguiadepamplona.com\/actualidad\/68-corresponsales-informativos-del-ayuntamiento-de-pamplona-recogen-sus-diplomas-y-becas-en-la-casa-de-la-juventud\/#primaryimage"},"thumbnailUrl":"https:\/\/www.laguiadepamplona.com\/actualidad\/wp-content\/uploads\/2023\/06\/corresponsalesinformativoscasajuventude5a7781_0.webp","articleSection":["Ayto Pamplona"],"inLanguage":"es","potentialAction":[{"@type":"CommentAction","name":"Comment","target":["https:\/\/www.laguiadepamplona.com\/actualidad\/68-corresponsales-informativos-del-ayuntamiento-de-pamplona-recogen-sus-diplomas-y-becas-en-la-casa-de-la-juventud\/#respond"]}]},{"@type":"WebPage","@id":"https:\/\/www.laguiadepamplona.com\/actualidad\/68-corresponsales-informativos-del-ayuntamiento-de-pamplona-recogen-sus-diplomas-y-becas-en-la-casa-de-la-juventud\/","url":"https:\/\/www.laguiadepamplona.com\/actualidad\/68-corresponsales-informativos-del-ayuntamiento-de-pamplona-recogen-sus-diplomas-y-becas-en-la-casa-de-la-juventud\/","name":"68 corresponsales informativos del Ayuntamiento de Pamplona recogen sus diplomas y becas en la Casa de la Juventud","isPartOf":{"@id":"https:\/\/www.laguiadepamplona.com\/actualidad\/#website"},"primaryImageOfPage":{"@id":"https:\/\/www.laguiadepamplona.com\/actualidad\/68-corresponsales-informativos-del-ayuntamiento-de-pamplona-recogen-sus-diplomas-y-becas-en-la-casa-de-la-juventud\/#primaryimage"},"image":{"@id":"https:\/\/www.laguiadepamplona.com\/actualidad\/68-corresponsales-informativos-del-ayuntamiento-de-pamplona-recogen-sus-diplomas-y-becas-en-la-casa-de-la-juventud\/#primaryimage"},"thumbnailUrl":"https:\/\/www.laguiadepamplona.com\/actualidad\/wp-content\/uploads\/2023\/06\/corresponsalesinformativoscasajuventude5a7781_0.webp","datePublished":"2023-06-14T15:07:50+00:00","description":"Ellos y ellas se han encargado de difundir en 39 centros y residencias de la ciudad la informaci\u00f3n municipal de inter\u00e9s para j\u00f3venes","breadcrumb":{"@id":"https:\/\/www.laguiadepamplona.com\/actualidad\/68-corresponsales-informativos-del-ayuntamiento-de-pamplona-recogen-sus-diplomas-y-becas-en-la-casa-de-la-juventud\/#breadcrumb"},"inLanguage":"es","potentialAction":[{"@type":"ReadAction","target":["https:\/\/www.laguiadepamplona.com\/actualidad\/68-corresponsales-informativos-del-ayuntamiento-de-pamplona-recogen-sus-diplomas-y-becas-en-la-casa-de-la-juventud\/"]}]},{"@type":"ImageObject","inLanguage":"es","@id":"https:\/\/www.laguiadepamplona.com\/actualidad\/68-corresponsales-informativos-del-ayuntamiento-de-pamplona-recogen-sus-diplomas-y-becas-en-la-casa-de-la-juventud\/#primaryimage","url":"https:\/\/www.laguiadepamplona.com\/actualidad\/wp-content\/uploads\/2023\/06\/corresponsalesinformativoscasajuventude5a7781_0.webp","contentUrl":"https:\/\/www.laguiadepamplona.com\/actualidad\/wp-content\/uploads\/2023\/06\/corresponsalesinformativoscasajuventude5a7781_0.webp","width":1600,"height":1067},{"@type":"BreadcrumbList","@id":"https:\/\/www.laguiadepamplona.com\/actualidad\/68-corresponsales-informativos-del-ayuntamiento-de-pamplona-recogen-sus-diplomas-y-becas-en-la-casa-de-la-juventud\/#breadcrumb","itemListElement":[{"@type":"ListItem","position":1,"name":"Portada","item":"https:\/\/www.laguiadepamplona.com\/actualidad\/"},{"@type":"ListItem","position":2,"name":"68 corresponsales informativos del Ayuntamiento de Pamplona recogen sus diplomas y becas en la Casa de la Juventud"}]},{"@type":"WebSite","@id":"https:\/\/www.laguiadepamplona.com\/actualidad\/#website","url":"https:\/\/www.laguiadepamplona.com\/actualidad\/","name":"La gu\u00eda de Pamplona","description":"Noticias de Pamplona","publisher":{"@id":"https:\/\/www.laguiadepamplona.com\/actualidad\/#organization"},"potentialAction":[{"@type":"SearchAction","target":{"@type":"EntryPoint","urlTemplate":"https:\/\/www.laguiadepamplona.com\/actualidad\/?s={search_term_string}"},"query-input":{"@type":"PropertyValueSpecification","valueRequired":true,"valueName":"search_term_string"}}],"inLanguage":"es"},{"@type":"Organization","@id":"https:\/\/www.laguiadepamplona.com\/actualidad\/#organization","name":"La Gu\u00eda de Pamplona \/ Noticias","url":"https:\/\/www.laguiadepamplona.com\/actualidad\/","logo":{"@type":"ImageObject","inLanguage":"es","@id":"https:\/\/www.laguiadepamplona.com\/actualidad\/#\/schema\/logo\/image\/","url":"https:\/\/www.laguiadepamplona.com\/actualidad\/wp-content\/uploads\/2018\/11\/logo-laguiadepamplona18-web1.png","contentUrl":"https:\/\/www.laguiadepamplona.com\/actualidad\/wp-content\/uploads\/2018\/11\/logo-laguiadepamplona18-web1.png","width":600,"height":196,"caption":"La Gu\u00eda de Pamplona \/ Noticias"},"image":{"@id":"https:\/\/www.laguiadepamplona.com\/actualidad\/#\/schema\/logo\/image\/"},"sameAs":["https:\/\/www.facebook.com\/laguiadepamplonacom-133175176762273\/?ref=hl","https:\/\/x.com\/LaGuiadPamplona","https:\/\/www.instagram.com\/la_guia_de_pamplona\/","https:\/\/www.youtube.com\/user\/laguiadepamplona"]},{"@type":"Person","@id":"https:\/\/www.laguiadepamplona.com\/actualidad\/#\/schema\/person\/efe887376f0213d4657c93adc50b1fdb","name":"La Gu\u00eda de Pamplona","image":{"@type":"ImageObject","inLanguage":"es","@id":"https:\/\/secure.gravatar.com\/avatar\/b6992f131dc8d30ab0dff15446e9d346d9dbd95992de0fef795073f5ea83a81c?s=96&d=mm&r=g","url":"https:\/\/secure.gravatar.com\/avatar\/b6992f131dc8d30ab0dff15446e9d346d9dbd95992de0fef795073f5ea83a81c?s=96&d=mm&r=g","contentUrl":"https:\/\/secure.gravatar.com\/avatar\/b6992f131dc8d30ab0dff15446e9d346d9dbd95992de0fef795073f5ea83a81c?s=96&d=mm&r=g","caption":"La Gu\u00eda de Pamplona"}}]}},"post_mailing_queue_ids":[],"_links":{"self":[{"href":"https:\/\/www.laguiadepamplona.com\/actualidad\/wp-json\/wp\/v2\/posts\/47055","targetHints":{"allow":["GET"]}}],"collection":[{"href":"https:\/\/www.laguiadepamplona.com\/actualidad\/wp-json\/wp\/v2\/posts"}],"about":[{"href":"https:\/\/www.laguiadepamplona.com\/actualidad\/wp-json\/wp\/v2\/types\/post"}],"author":[{"embeddable":true,"href":"https:\/\/www.laguiadepamplona.com\/actualidad\/wp-json\/wp\/v2\/users\/1"}],"replies":[{"embeddable":true,"href":"https:\/\/www.laguiadepamplona.com\/actualidad\/wp-json\/wp\/v2\/comments?post=47055"}],"version-history":[{"count":1,"href":"https:\/\/www.laguiadepamplona.com\/actualidad\/wp-json\/wp\/v2\/posts\/47055\/revisions"}],"predecessor-version":[{"id":47057,"href":"https:\/\/www.laguiadepamplona.com\/actualidad\/wp-json\/wp\/v2\/posts\/47055\/revisions\/47057"}],"wp:featuredmedia":[{"embeddable":true,"href":"https:\/\/www.laguiadepamplona.com\/actualidad\/wp-json\/wp\/v2\/media\/47056"}],"wp:attachment":[{"href":"https:\/\/www.laguiadepamplona.com\/actualidad\/wp-json\/wp\/v2\/media?parent=47055"}],"wp:term":[{"taxonomy":"category","embeddable":true,"href":"https:\/\/www.laguiadepamplona.com\/actualidad\/wp-json\/wp\/v2\/categories?post=47055"},{"taxonomy":"post_tag","embeddable":true,"href":"https:\/\/www.laguiadepamplona.com\/actualidad\/wp-json\/wp\/v2\/tags?post=47055"}],"curies":[{"name":"wp","href":"https:\/\/api.w.org\/{rel}","templated":true}]}}