{"id":47045,"date":"2023-06-14T12:37:36","date_gmt":"2023-06-14T10:37:36","guid":{"rendered":"https:\/\/www.laguiadepamplona.com\/actualidad\/?p=47045"},"modified":"2023-06-14T12:37:36","modified_gmt":"2023-06-14T10:37:36","slug":"el-sabado-17-de-junio-se-constituira-la-12a-corporacion-municipal-de-pamplona-en-una-sesion-en-la-que-se-elegira-a-la-persona-que-se-hara-responsable-de-la-alcaldia","status":"publish","type":"post","link":"https:\/\/www.laguiadepamplona.com\/actualidad\/el-sabado-17-de-junio-se-constituira-la-12a-corporacion-municipal-de-pamplona-en-una-sesion-en-la-que-se-elegira-a-la-persona-que-se-hara-responsable-de-la-alcaldia\/","title":{"rendered":"El s\u00e1bado 17 de junio se constituir\u00e1 la 12\u00aa Corporaci\u00f3n municipal de Pamplona en una sesi\u00f3n en la que se elegir\u00e1 a la persona que se har\u00e1 responsable de la Alcald\u00eda"},"content":{"rendered":"<h3>El acto tendr\u00e1 lugar a partir de las 12 horas en el Sal\u00f3n de Plenos de la Planta Noble de la Casa Consistorial<\/h3>\n<p><!--more--><\/p>\n<p>Este s\u00e1bado 17 de junio, a las 12 horas, tendr\u00e1 lugar la sesi\u00f3n plenaria de constituci\u00f3n de la duod\u00e9cima Corporaci\u00f3n del Ayuntamiento de Pamplona y, en ese mismo acto, se producir\u00e1 la elecci\u00f3n de la persona que ostentar\u00e1 la Alcald\u00eda y tendr\u00e1 lugar su toma de posesi\u00f3n efectiva y formal. Est\u00e1 previsto que la duraci\u00f3n del acto sea de treinta minutos aproximadamente.<\/p>\n<p>La sesi\u00f3n podr\u00e1 seguirse en la web <a href=\"http:\/\/www.pamplona.es\" target=\"_blank\" rel=\"noopener\">www.pamplona.es<\/a> o a trav\u00e9s del canal municipal de YouTube. Los seguidores en redes sociales tendr\u00e1n igualmente disponible el desarrollo del acto en directo en los perfiles municipales de Twitter y Facebook.<\/p>\n<p>En la Casa Consistorial, adem\u00e1s de los 27 concejales y concejalas, estar\u00e1n presentes autoridades y personas invitadas (tres por corporativo) que se distribuir\u00e1n entre el Sal\u00f3n de Plenos y el Sal\u00f3n de Recepciones (ambos en la primera planta), desde donde podr\u00e1n seguir el acto a trav\u00e9s de una pantalla de televisi\u00f3n. El Ayuntamiento ha previsto la producci\u00f3n audiovisual de la sesi\u00f3n a tres c\u00e1maras con se\u00f1al realizada. Los medios acreditados para informar sobre la sesi\u00f3n podr\u00e1n seguir el desarrollo del conjunto del acto desde la Sala de Prensa (segunda planta) que estar\u00e1 equipada con un monitor, adem\u00e1s de distribuidores de audio y v\u00eddeo, tanto de la se\u00f1al de cada una de las tres c\u00e1maras, como de la se\u00f1al realizada.<br \/>\n<script async src=\"\/\/pagead2.googlesyndication.com\/pagead\/js\/adsbygoogle.js\"><\/script><br \/>\n<!-- Noticias La Guia de Pamplona --><br \/>\n<ins class=\"adsbygoogle\"\nstyle=\"display:block\"\ndata-ad-client=\"ca-pub-6943679897239327\"\ndata-ad-slot=\"7048180777\"\ndata-ad-format=\"auto\"><\/ins><br \/>\n<script>\n(adsbygoogle = window.adsbygoogle || []).push({});\n<\/script><\/p>\n<p><strong>El desfile forma parte del acto oficial protocolario<\/strong><\/p>\n<p>El inicio del acto formal de Constituci\u00f3n es un desfile en interiores que se recuper\u00f3 en los a\u00f1os 80 del siglo pasado siguiendo una tradici\u00f3n que se remonta al Privilegio de la Uni\u00f3n (1423). Actualmente lo relativo a la \u2018Toma de Posesi\u00f3n\u2019 \u2013desfile incluido\u2013 se recoge en el art\u00edculo 7 del Reglamento de Protocolo, Ceremonial, Honores y Distinciones del Ayuntamiento de Pamplona. La nueva Corporaci\u00f3n se re\u00fane inicialmente en el Sal\u00f3n de Recepciones de la primera planta de la Casa Consistorial y, desde esa estancia, desfila atravesando el pasillo que une esta dependencia con el Sal\u00f3n de Plenos, en fila de a dos, precedidos por tres maceros. En el desfile participan tambi\u00e9n clarines y timbales.<\/p>\n<p>La comitiva desfilar\u00e1 al toque de timbaleros y clarineros y ante agentes de Polic\u00eda Municipal en traje de gala hasta el Sal\u00f3n de Plenos, donde les esperar\u00e1, en pie, el p\u00fablico de la sesi\u00f3n.<br \/>\n<script async src=\"\/\/pagead2.googlesyndication.com\/pagead\/js\/adsbygoogle.js\"><\/script><br \/>\n<!-- Noticias La Guia de Pamplona --><br \/>\n<ins class=\"adsbygoogle\"\nstyle=\"display:block\"\ndata-ad-client=\"ca-pub-6943679897239327\"\ndata-ad-slot=\"7048180777\"\ndata-ad-format=\"auto\"><\/ins><br \/>\n<script>\n(adsbygoogle = window.adsbygoogle || []).push({});\n<\/script><\/p>\n<p><strong>Una mesa de edad para dirigir la sesi\u00f3n inicial<\/strong><\/p>\n<p>La sesi\u00f3n, a partir de ese momento se desarrolla bajo la presidencia de la Mesa de Edad, que consta de tres puestos y que est\u00e1n legalmente prefijados: en el centro se sentar\u00e1 Koldo Mart\u00ednez (25\/02\/1953), como concejal de mayor edad; a su derecha se situar\u00e1 Aitor Silgado (01\/04\/1994), el concejal m\u00e1s joven de la actual Corporaci\u00f3n; y a su izquierda el Secretario del Pleno de la Corporaci\u00f3n, Miguel \u00c1ngel Cuesta.<\/p>\n<p>En su acceso al sal\u00f3n las personas que encabezan las listas de todas las formaciones pol\u00edticas con representaci\u00f3n se sentar\u00e1n a la izquierda de la Presidencia, orden\u00e1ndose de mayor a menor n\u00famero de sufragios recibidos, desde el sill\u00f3n m\u00e1s externo hacia el centro de la fila: Cristina Ibarrola, Joseba Asir\u00f3n, Elma Saiz, Carlos Garc\u00eda Adanero y Txema Maule\u00f3n. La excepci\u00f3n ser\u00e1 Koldo Mart\u00ednez, \u2018cabeza de lista\u2019 de Geroa Bai, que no podr\u00e1 estar en ese puesto ya que estar\u00e1 sentado en la Presidencia de la sesi\u00f3n.<\/p>\n<p>El resto de futuros ediles y concejales completar\u00e1n los asientos de la estancia disponi\u00e9ndose en orden alfab\u00e9tico, desde la izquierda de la puerta de entrada en el sentido de las agujas del reloj, hasta el final de la bancada.<br \/>\n<script async src=\"\/\/pagead2.googlesyndication.com\/pagead\/js\/adsbygoogle.js\"><\/script><br \/>\n<!-- Noticias La Guia de Pamplona --><br \/>\n<ins class=\"adsbygoogle\"\nstyle=\"display:block\"\ndata-ad-client=\"ca-pub-6943679897239327\"\ndata-ad-slot=\"7048180777\"\ndata-ad-format=\"auto\"><\/ins><br \/>\n<script>\n(adsbygoogle = window.adsbygoogle || []).push({});\n<\/script><\/p>\n<p><strong>La constituci\u00f3n de la Corporaci\u00f3n<\/strong><\/p>\n<p>El primer acto de la sesi\u00f3n consistir\u00e1 en la declaraci\u00f3n de conformidad por parte del Secretario de las credenciales de cada una de ellas. En ese momento Mart\u00ednez, como presidente, rogar\u00e1 a quienes ocupan los sillones que, al ser llamados, se pongan en pie para jurar o prometer desde su sill\u00f3n el acatamiento de la Constituci\u00f3n.<\/p>\n<p>El llamamiento ser\u00e1 \u00fanico y se realizar\u00e1 por orden alfab\u00e9tico y la f\u00f3rmula se ce\u00f1ir\u00e1 a lo previsto en el Real Decreto 707\/1979 de 5 de abril. Tras este acto habr\u00e1n tomado posesi\u00f3n de su cargo concejalas y ediles por lo que, a continuaci\u00f3n, Mart\u00ednez declarar\u00e1 oficialmente constituida la duod\u00e9cima Corporaci\u00f3n democr\u00e1tica del Ayuntamiento de Pamplona.<br \/>\n<script async src=\"\/\/pagead2.googlesyndication.com\/pagead\/js\/adsbygoogle.js\"><\/script><br \/>\n<!-- Noticias La Guia de Pamplona --><br \/>\n<ins class=\"adsbygoogle\"\nstyle=\"display:block\"\ndata-ad-client=\"ca-pub-6943679897239327\"\ndata-ad-slot=\"7048180777\"\ndata-ad-format=\"auto\"><\/ins><br \/>\n<script>\n(adsbygoogle = window.adsbygoogle || []).push({});\n<\/script><\/p>\n<p><strong>Mayor\u00eda de 14 o lista m\u00e1s votada<\/strong><\/p>\n<p>Constituido ya el Pleno, la Corporaci\u00f3n tomar\u00e1 su primera decisi\u00f3n: elegir, de entre ellos y mediante votaci\u00f3n \u00fanica, a la persona que ostentar\u00e1 la Alcald\u00eda. El Secretario recordar\u00e1 a los presentes que seg\u00fan la Ley Org\u00e1nica del R\u00e9gimen Electoral General ser\u00e1n candidatos o candidatas, los \u2018cabeza de lista\u2019 que hayan obtenido representaci\u00f3n en el Consistorio tras las elecciones (Cristina Ibarrola, Joseba Asir\u00f3n, Elma Saiz, Carlos Garc\u00eda Adanero, Koldo Mart\u00ednez, y Txema Maule\u00f3n, de Navarra Suma, Bildu, PSN, PP, Geroa Bai y Contigo Navarra &#8211; Zurekin Nafarroa, respectivamente).<\/p>\n<p>El procedimiento de votaci\u00f3n establece que ser\u00e1 elegida la persona que obtenga mayor\u00eda absoluta en la votaci\u00f3n, es decir, 14 votos positivos. Si no se alcanza esa mayor\u00eda ser\u00e1 proclamada autom\u00e1ticamente la persona que haya encabezado la lista m\u00e1s votada en las elecciones del pasado mes de mayo. Concejalas y ediles tendr\u00e1n a su disposici\u00f3n papeletas en las que marcar su voto y los miembros de la Mesa de Edad (Mart\u00ednez y Silgado) recoger\u00e1n la urna depositada en una mesa en el centro del sal\u00f3n e ir\u00e1n acerc\u00e1ndola hasta cada sill\u00f3n para recoger los sufragios.<\/p>\n<p>La votaci\u00f3n se har\u00e1 tambi\u00e9n en orden de ubicaci\u00f3n desde el sitial m\u00e1s exterior a la izquierda de la Presidencia en el sentido de las agujas del reloj. Tras los 25 votos de concejalas y ediles, votar\u00e1n los dos ediles de la Presidencia, primero Silgado y luego Mart\u00ednez. Inmediatamente despu\u00e9s se abrir\u00e1 la urna para realizar el escrutinio y se leer\u00e1n los resultados obtenidos. En caso de haber mayor\u00eda absoluta tras el recuento de votos, se solicitar\u00e1 de la persona elegida la aceptaci\u00f3n del cargo. En caso de no haberla, esa pregunta le ser\u00e1 dirigida a la concejala que encabeza la lista m\u00e1s votada en los pasados comicios (UPN, Cristina Ibarrola).<br \/>\n<script async src=\"\/\/pagead2.googlesyndication.com\/pagead\/js\/adsbygoogle.js\"><\/script><br \/>\n<!-- Noticias La Guia de Pamplona --><br \/>\n<ins class=\"adsbygoogle\"\nstyle=\"display:block\"\ndata-ad-client=\"ca-pub-6943679897239327\"\ndata-ad-slot=\"7048180777\"\ndata-ad-format=\"auto\"><\/ins><br \/>\n<script>\n(adsbygoogle = window.adsbygoogle || []).push({});\n<\/script><\/p>\n<p><strong>Compromiso con la legalidad y simbolog\u00eda tradicional<\/strong><\/p>\n<p>Una vez aceptado formalmente el cargo ante el Pleno por parte de la persona que ostentar\u00e1 la Alcald\u00eda los pr\u00f3ximos cuatro a\u00f1os tendr\u00e1 lugar el juramento o promesa del pr\u00f3ximo regidor o regidora municipal. Desde ese momento se considerar\u00e1 realizada la toma de posesi\u00f3n del cargo. El concejal de mayor edad, que hasta entonces ha presidido la sesi\u00f3n, le impondr\u00e1 el collar y la insignia y le entregar\u00e1 al alcalde o alcaldesa la vara de mando de la ciudad. En caso de que el candidato finalmente elegido sea uno de quienes constituyen la Mesa de edad, ser\u00e1 el otro miembro el que le haga la entrega de los elementos ceremoniales.<\/p>\n<p>A partir de ah\u00ed ser\u00e1 quien ostente la Alcald\u00eda quien se sit\u00fae en la cabecera de la sesi\u00f3n, desde donde tomar\u00e1 la palabra para dirigirse a la Corporaci\u00f3n. Tras el discurso, a modo de saludo, se levantar\u00e1 y recorrer\u00e1 el espacio entregando de forma personal una insignia con el escudo de la ciudad a cada uno de las concejalas y ediles.<\/p>\n<p>Despu\u00e9s de este \u00faltimo acto protocolario se levantar\u00e1 la sesi\u00f3n y la reci\u00e9n constituida Corporaci\u00f3n saldr\u00e1 en fila de a dos desde el Sal\u00f3n de Plenos hacia el de Recepciones, de nuevo al toque de clarines y timbales.<br \/>\n<script async src=\"\/\/pagead2.googlesyndication.com\/pagead\/js\/adsbygoogle.js\"><\/script><br \/>\n<!-- Noticias La Guia de Pamplona --><br \/>\n<ins class=\"adsbygoogle\"\nstyle=\"display:block\"\ndata-ad-client=\"ca-pub-6943679897239327\"\ndata-ad-slot=\"7048180777\"\ndata-ad-format=\"auto\"><\/ins><br \/>\n<script>\n(adsbygoogle = window.adsbygoogle || []).push({});\n<\/script><\/p>\n<p>&nbsp;<\/p>\n<h3><\/h3>\n<h3><strong>La distribuci\u00f3n del Pleno<\/strong><\/h3>\n<p><strong>UPN, 9 esca\u00f1os<\/strong><\/p>\n<ul>\n<li>Cristina Ibarrola Guill\u00e9n<\/li>\n<li>Carlos Salvador Armend\u00e1riz<\/li>\n<li>Mar\u00eda Caballero Mart\u00ednez<\/li>\n<li>Mar\u00eda Ech\u00e1varri Mi\u00f1ano<\/li>\n<li>Aitor Silgado Goicoechea<\/li>\n<li>Izaskun Zozaya Yunta<\/li>\n<li>Ra\u00fal Armend\u00e1riz Lez\u00e1un<\/li>\n<li>Clara Garc\u00eda Vali\u00f1o Ab\u00f3s<\/li>\n<li>Javier Labairu Elizalde<\/li>\n<\/ul>\n<p><strong>EH Bildu: 8 esca\u00f1os<\/strong><\/p>\n<ul>\n<li>Joseba Asiron Saez<\/li>\n<li>Garbi\u00f1e Bueno Zabalza<\/li>\n<li>Joxe Abaurrea San Juan<\/li>\n<li>Maider Beloki Unzu<\/li>\n<li>Endika Alonso Irisarri<\/li>\n<li>Aitziber Campion Gamboa<\/li>\n<li>Borja Izaguirre Larra\u00f1aga<\/li>\n<li>Zaloa Basabe Guti\u00e9rrez<\/li>\n<\/ul>\n<p><strong>PSN: 5 esca\u00f1os<\/strong><\/p>\n<ul>\n<li>Elma Saiz Delgado<\/li>\n<li>Xabier Sagardoy Ortega<\/li>\n<li>Marina Curiel Garc\u00eda<\/li>\n<li>Eloy Del Pozo Cano<\/li>\n<li>Nuria Medina Santos<\/li>\n<\/ul>\n<p><strong>PP: 2 esca\u00f1os<\/strong><\/p>\n<ul>\n<li>Carlos Garc\u00eda Adanero<\/li>\n<li>Carmen Alba Ordu\u00f1a<\/li>\n<\/ul>\n<p><strong>Geroa Bai: 2 esca\u00f1os<\/strong><\/p>\n<ul>\n<li>Koldo Mart\u00ednez Urionabarrenetxea<\/li>\n<li>Mikel Armend\u00e1riz Barnechea<\/li>\n<\/ul>\n<p><strong>Contigo Navarra &#8211; Zurekin Nafarroa: 1 esca\u00f1o<\/strong><\/p>\n<ul>\n<li>Txema Maule\u00f3n Echeverr\u00eda<\/li>\n<\/ul>\n<p><script async src=\"\/\/pagead2.googlesyndication.com\/pagead\/js\/adsbygoogle.js\"><\/script><br \/>\n<!-- Noticias La Guia de Pamplona --><br \/>\n<ins class=\"adsbygoogle\"\nstyle=\"display:block\"\ndata-ad-client=\"ca-pub-6943679897239327\"\ndata-ad-slot=\"7048180777\"\ndata-ad-format=\"auto\"><\/ins><br \/>\n<script>\n(adsbygoogle = window.adsbygoogle || []).push({});\n<\/script><\/p>\n<p>&nbsp;<\/p>\n<p><strong>Los s\u00edmbolos de la autoridad municipal<\/strong><\/p>\n<p><strong>Un ceremonial de casi cuatro siglos:<\/strong> el libro \u201cCeremonial: Formulario de los actos y funciones que acostumbra celebrar la M.N y M.L. Ciudad de Pamplona\u201d, de 1738, que se conserva en el Archivo Municipal, recog\u00eda c\u00f3mo \u2013durante la toma de posesi\u00f3n del alcalde en la Casa del Ayuntamiento\u2013 al primer regidor se le colocaba la venera o medalla de la ciudad al cuello. Asimismo, se le entregaba el sello de plata (que todav\u00eda se conserva) con las Armas de la Ciudad y se utilizaba en la sesi\u00f3n la vara de mando.<\/p>\n<p><strong>La medalla del alcalde:<\/strong> como la del resto de corporativos, tiene por un lado el le\u00f3n que identifica a la ciudad de Pamplona desde el Privilegio de la Uni\u00f3n de Carlos III el Noble y por el otro, la representaci\u00f3n de las cinco llagas de \u201cNuestro Se\u00f1or Jesucristo\u201d, motivo iconogr\u00e1fico cuyo origen arranca en la epidemia de peste que padeci\u00f3 Pamplona entre los meses de marzo y noviembre de 1599. Entonces fue cuando se formularon votos a San Ferm\u00edn, San Sebasti\u00e1n y San Roque y se inici\u00f3 la celebraci\u00f3n del Voto de las Cinco Llagas.<\/p>\n<p>Dice el libro:<\/p>\n<p><em>\u201cel Presidente de la Ciudad con palabras de mucha urbanidad\u2026 manifestando su satisfacci\u00f3n por la acertada elecci\u00f3n, le pone <\/em>(al alcalde<em>) la venera al cuello en se\u00f1al de posesi\u00f3n y se le entrega el sello de plata de las armas de la ciudad, para sellar con \u00e9l las provisiones que expidiese\u201d.<\/em><\/p>\n<p><strong>Vara de mando<\/strong><\/p>\n<p>El alcalde en su toma de posesi\u00f3n hab\u00eda prestado juramento y recibido la \u2018Vara de autoridad\u2019 (simbolismo que se sigue reproduciendo con la \u2018Vara de mando de la ciudad\u2019). La vara es un elemento de madera rematado en metal en la empu\u00f1adura y la punta, con un peque\u00f1o cord\u00f3n trenzado de pasamaner\u00eda, de aproximadamente 1 metro de longitud. Hay cinco varas de autoridad: la del alcalde, las de las tres Tenencias de Alcald\u00eda y la que porta el jefe de la Polic\u00eda Municipal.<\/p>\n<p>En ese mismo libro tambi\u00e9n se establece, refiri\u00e9ndose al alcalde y al presidente de la Ciudad:<em> \u201cHaci\u00e9ndose mutuas cortes\u00edas\u2026 salen de la sala\u2026 y pasando por la Sala de la Audiencia, y despidiendo al acompa\u00f1amiento desde la puerta de la Casa del Ayuntamiento, para volver a la Sala de Consultas con su vara levantada, ocupa el primero y el lugar m\u00e1s preminente, que es el que le corresponde\u201d<\/em>.<\/p>\n","protected":false},"excerpt":{"rendered":"<p>El acto tendr\u00e1 lugar a partir de las 12 horas en el Sal\u00f3n de Plenos de la Planta Noble de la Casa Consistorial<\/p>\n","protected":false},"author":1,"featured_media":36074,"comment_status":"open","ping_status":"closed","sticky":false,"template":"","format":"standard","meta":{"footnotes":""},"categories":[2],"tags":[],"class_list":["post-47045","post","type-post","status-publish","format-standard","has-post-thumbnail","hentry","category-ayuntamiento-pamplona"],"yoast_head":"<!-- This site is optimized with the Yoast SEO plugin v27.3 - https:\/\/yoast.com\/product\/yoast-seo-wordpress\/ -->\n<title>El s\u00e1bado 17 de junio se constituir\u00e1 la 12\u00aa Corporaci\u00f3n municipal de Pamplona en una sesi\u00f3n en la que se elegir\u00e1 a la persona que se har\u00e1 responsable de la Alcald\u00eda<\/title>\n<meta name=\"description\" content=\"El acto tendr\u00e1 lugar a partir de las 12 horas en el Sal\u00f3n de Plenos de la Planta Noble de la Casa Consistorial\" \/>\n<meta name=\"robots\" content=\"index, follow, max-snippet:-1, max-image-preview:large, max-video-preview:-1\" \/>\n<link rel=\"canonical\" href=\"https:\/\/www.laguiadepamplona.com\/actualidad\/el-sabado-17-de-junio-se-constituira-la-12a-corporacion-municipal-de-pamplona-en-una-sesion-en-la-que-se-elegira-a-la-persona-que-se-hara-responsable-de-la-alcaldia\/\" \/>\n<meta property=\"og:locale\" content=\"es_ES\" \/>\n<meta property=\"og:type\" content=\"article\" \/>\n<meta property=\"og:title\" content=\"El s\u00e1bado 17 de junio se constituir\u00e1 la 12\u00aa Corporaci\u00f3n municipal de Pamplona en una sesi\u00f3n en la que se elegir\u00e1 a la persona que se har\u00e1 responsable de la Alcald\u00eda\" \/>\n<meta property=\"og:description\" content=\"El acto tendr\u00e1 lugar a partir de las 12 horas en el Sal\u00f3n de Plenos de la Planta Noble de la Casa Consistorial\" \/>\n<meta property=\"og:url\" content=\"https:\/\/www.laguiadepamplona.com\/actualidad\/el-sabado-17-de-junio-se-constituira-la-12a-corporacion-municipal-de-pamplona-en-una-sesion-en-la-que-se-elegira-a-la-persona-que-se-hara-responsable-de-la-alcaldia\/\" \/>\n<meta property=\"og:site_name\" content=\"La Gu\u00eda de Pamplona\" \/>\n<meta property=\"article:publisher\" content=\"https:\/\/www.facebook.com\/laguiadepamplonacom-133175176762273\/?ref=hl\" \/>\n<meta property=\"article:published_time\" content=\"2023-06-14T10:37:36+00:00\" \/>\n<meta property=\"og:image\" content=\"https:\/\/www.laguiadepamplona.com\/actualidad\/wp-content\/uploads\/2021\/08\/ayuntamiento-pamplona2.jpg\" \/>\n\t<meta property=\"og:image:width\" content=\"1920\" \/>\n\t<meta property=\"og:image:height\" content=\"1080\" \/>\n\t<meta property=\"og:image:type\" content=\"image\/jpeg\" \/>\n<meta name=\"author\" content=\"La Gu\u00eda de Pamplona\" \/>\n<meta name=\"twitter:card\" content=\"summary_large_image\" \/>\n<meta name=\"twitter:creator\" content=\"@LaGuiadPamplona\" \/>\n<meta name=\"twitter:site\" content=\"@LaGuiadPamplona\" \/>\n<meta name=\"twitter:label1\" content=\"Escrito por\" \/>\n\t<meta name=\"twitter:data1\" content=\"La Gu\u00eda de Pamplona\" \/>\n\t<meta name=\"twitter:label2\" content=\"Tiempo de lectura\" \/>\n\t<meta name=\"twitter:data2\" content=\"9 minutos\" \/>\n<script type=\"application\/ld+json\" class=\"yoast-schema-graph\">{\"@context\":\"https:\\\/\\\/schema.org\",\"@graph\":[{\"@type\":\"Article\",\"@id\":\"https:\\\/\\\/www.laguiadepamplona.com\\\/actualidad\\\/el-sabado-17-de-junio-se-constituira-la-12a-corporacion-municipal-de-pamplona-en-una-sesion-en-la-que-se-elegira-a-la-persona-que-se-hara-responsable-de-la-alcaldia\\\/#article\",\"isPartOf\":{\"@id\":\"https:\\\/\\\/www.laguiadepamplona.com\\\/actualidad\\\/el-sabado-17-de-junio-se-constituira-la-12a-corporacion-municipal-de-pamplona-en-una-sesion-en-la-que-se-elegira-a-la-persona-que-se-hara-responsable-de-la-alcaldia\\\/\"},\"author\":{\"name\":\"La Gu\u00eda de Pamplona\",\"@id\":\"https:\\\/\\\/www.laguiadepamplona.com\\\/actualidad\\\/#\\\/schema\\\/person\\\/efe887376f0213d4657c93adc50b1fdb\"},\"headline\":\"El s\u00e1bado 17 de junio se constituir\u00e1 la 12\u00aa Corporaci\u00f3n municipal de Pamplona en una sesi\u00f3n en la que se elegir\u00e1 a la persona que se har\u00e1 responsable de la Alcald\u00eda\",\"datePublished\":\"2023-06-14T10:37:36+00:00\",\"mainEntityOfPage\":{\"@id\":\"https:\\\/\\\/www.laguiadepamplona.com\\\/actualidad\\\/el-sabado-17-de-junio-se-constituira-la-12a-corporacion-municipal-de-pamplona-en-una-sesion-en-la-que-se-elegira-a-la-persona-que-se-hara-responsable-de-la-alcaldia\\\/\"},\"wordCount\":1970,\"commentCount\":0,\"publisher\":{\"@id\":\"https:\\\/\\\/www.laguiadepamplona.com\\\/actualidad\\\/#organization\"},\"image\":{\"@id\":\"https:\\\/\\\/www.laguiadepamplona.com\\\/actualidad\\\/el-sabado-17-de-junio-se-constituira-la-12a-corporacion-municipal-de-pamplona-en-una-sesion-en-la-que-se-elegira-a-la-persona-que-se-hara-responsable-de-la-alcaldia\\\/#primaryimage\"},\"thumbnailUrl\":\"https:\\\/\\\/www.laguiadepamplona.com\\\/actualidad\\\/wp-content\\\/uploads\\\/2021\\\/08\\\/ayuntamiento-pamplona2.jpg\",\"articleSection\":[\"Ayto Pamplona\"],\"inLanguage\":\"es\",\"potentialAction\":[{\"@type\":\"CommentAction\",\"name\":\"Comment\",\"target\":[\"https:\\\/\\\/www.laguiadepamplona.com\\\/actualidad\\\/el-sabado-17-de-junio-se-constituira-la-12a-corporacion-municipal-de-pamplona-en-una-sesion-en-la-que-se-elegira-a-la-persona-que-se-hara-responsable-de-la-alcaldia\\\/#respond\"]}]},{\"@type\":\"WebPage\",\"@id\":\"https:\\\/\\\/www.laguiadepamplona.com\\\/actualidad\\\/el-sabado-17-de-junio-se-constituira-la-12a-corporacion-municipal-de-pamplona-en-una-sesion-en-la-que-se-elegira-a-la-persona-que-se-hara-responsable-de-la-alcaldia\\\/\",\"url\":\"https:\\\/\\\/www.laguiadepamplona.com\\\/actualidad\\\/el-sabado-17-de-junio-se-constituira-la-12a-corporacion-municipal-de-pamplona-en-una-sesion-en-la-que-se-elegira-a-la-persona-que-se-hara-responsable-de-la-alcaldia\\\/\",\"name\":\"El s\u00e1bado 17 de junio se constituir\u00e1 la 12\u00aa Corporaci\u00f3n municipal de Pamplona en una sesi\u00f3n en la que se elegir\u00e1 a la persona que se har\u00e1 responsable de la Alcald\u00eda\",\"isPartOf\":{\"@id\":\"https:\\\/\\\/www.laguiadepamplona.com\\\/actualidad\\\/#website\"},\"primaryImageOfPage\":{\"@id\":\"https:\\\/\\\/www.laguiadepamplona.com\\\/actualidad\\\/el-sabado-17-de-junio-se-constituira-la-12a-corporacion-municipal-de-pamplona-en-una-sesion-en-la-que-se-elegira-a-la-persona-que-se-hara-responsable-de-la-alcaldia\\\/#primaryimage\"},\"image\":{\"@id\":\"https:\\\/\\\/www.laguiadepamplona.com\\\/actualidad\\\/el-sabado-17-de-junio-se-constituira-la-12a-corporacion-municipal-de-pamplona-en-una-sesion-en-la-que-se-elegira-a-la-persona-que-se-hara-responsable-de-la-alcaldia\\\/#primaryimage\"},\"thumbnailUrl\":\"https:\\\/\\\/www.laguiadepamplona.com\\\/actualidad\\\/wp-content\\\/uploads\\\/2021\\\/08\\\/ayuntamiento-pamplona2.jpg\",\"datePublished\":\"2023-06-14T10:37:36+00:00\",\"description\":\"El acto tendr\u00e1 lugar a partir de las 12 horas en el Sal\u00f3n de Plenos de la Planta Noble de la Casa Consistorial\",\"breadcrumb\":{\"@id\":\"https:\\\/\\\/www.laguiadepamplona.com\\\/actualidad\\\/el-sabado-17-de-junio-se-constituira-la-12a-corporacion-municipal-de-pamplona-en-una-sesion-en-la-que-se-elegira-a-la-persona-que-se-hara-responsable-de-la-alcaldia\\\/#breadcrumb\"},\"inLanguage\":\"es\",\"potentialAction\":[{\"@type\":\"ReadAction\",\"target\":[\"https:\\\/\\\/www.laguiadepamplona.com\\\/actualidad\\\/el-sabado-17-de-junio-se-constituira-la-12a-corporacion-municipal-de-pamplona-en-una-sesion-en-la-que-se-elegira-a-la-persona-que-se-hara-responsable-de-la-alcaldia\\\/\"]}]},{\"@type\":\"ImageObject\",\"inLanguage\":\"es\",\"@id\":\"https:\\\/\\\/www.laguiadepamplona.com\\\/actualidad\\\/el-sabado-17-de-junio-se-constituira-la-12a-corporacion-municipal-de-pamplona-en-una-sesion-en-la-que-se-elegira-a-la-persona-que-se-hara-responsable-de-la-alcaldia\\\/#primaryimage\",\"url\":\"https:\\\/\\\/www.laguiadepamplona.com\\\/actualidad\\\/wp-content\\\/uploads\\\/2021\\\/08\\\/ayuntamiento-pamplona2.jpg\",\"contentUrl\":\"https:\\\/\\\/www.laguiadepamplona.com\\\/actualidad\\\/wp-content\\\/uploads\\\/2021\\\/08\\\/ayuntamiento-pamplona2.jpg\",\"width\":1920,\"height\":1080,\"caption\":\"ayuntamiento pamplona\"},{\"@type\":\"BreadcrumbList\",\"@id\":\"https:\\\/\\\/www.laguiadepamplona.com\\\/actualidad\\\/el-sabado-17-de-junio-se-constituira-la-12a-corporacion-municipal-de-pamplona-en-una-sesion-en-la-que-se-elegira-a-la-persona-que-se-hara-responsable-de-la-alcaldia\\\/#breadcrumb\",\"itemListElement\":[{\"@type\":\"ListItem\",\"position\":1,\"name\":\"Portada\",\"item\":\"https:\\\/\\\/www.laguiadepamplona.com\\\/actualidad\\\/\"},{\"@type\":\"ListItem\",\"position\":2,\"name\":\"El s\u00e1bado 17 de junio se constituir\u00e1 la 12\u00aa Corporaci\u00f3n municipal de Pamplona en una sesi\u00f3n en la que se elegir\u00e1 a la persona que se har\u00e1 responsable de la Alcald\u00eda\"}]},{\"@type\":\"WebSite\",\"@id\":\"https:\\\/\\\/www.laguiadepamplona.com\\\/actualidad\\\/#website\",\"url\":\"https:\\\/\\\/www.laguiadepamplona.com\\\/actualidad\\\/\",\"name\":\"La gu\u00eda de Pamplona\",\"description\":\"Noticias de Pamplona\",\"publisher\":{\"@id\":\"https:\\\/\\\/www.laguiadepamplona.com\\\/actualidad\\\/#organization\"},\"potentialAction\":[{\"@type\":\"SearchAction\",\"target\":{\"@type\":\"EntryPoint\",\"urlTemplate\":\"https:\\\/\\\/www.laguiadepamplona.com\\\/actualidad\\\/?s={search_term_string}\"},\"query-input\":{\"@type\":\"PropertyValueSpecification\",\"valueRequired\":true,\"valueName\":\"search_term_string\"}}],\"inLanguage\":\"es\"},{\"@type\":\"Organization\",\"@id\":\"https:\\\/\\\/www.laguiadepamplona.com\\\/actualidad\\\/#organization\",\"name\":\"La Gu\u00eda de Pamplona \\\/ Noticias\",\"url\":\"https:\\\/\\\/www.laguiadepamplona.com\\\/actualidad\\\/\",\"logo\":{\"@type\":\"ImageObject\",\"inLanguage\":\"es\",\"@id\":\"https:\\\/\\\/www.laguiadepamplona.com\\\/actualidad\\\/#\\\/schema\\\/logo\\\/image\\\/\",\"url\":\"https:\\\/\\\/www.laguiadepamplona.com\\\/actualidad\\\/wp-content\\\/uploads\\\/2018\\\/11\\\/logo-laguiadepamplona18-web1.png\",\"contentUrl\":\"https:\\\/\\\/www.laguiadepamplona.com\\\/actualidad\\\/wp-content\\\/uploads\\\/2018\\\/11\\\/logo-laguiadepamplona18-web1.png\",\"width\":600,\"height\":196,\"caption\":\"La Gu\u00eda de Pamplona \\\/ Noticias\"},\"image\":{\"@id\":\"https:\\\/\\\/www.laguiadepamplona.com\\\/actualidad\\\/#\\\/schema\\\/logo\\\/image\\\/\"},\"sameAs\":[\"https:\\\/\\\/www.facebook.com\\\/laguiadepamplonacom-133175176762273\\\/?ref=hl\",\"https:\\\/\\\/x.com\\\/LaGuiadPamplona\",\"https:\\\/\\\/www.instagram.com\\\/la_guia_de_pamplona\\\/\",\"https:\\\/\\\/www.youtube.com\\\/user\\\/laguiadepamplona\"]},{\"@type\":\"Person\",\"@id\":\"https:\\\/\\\/www.laguiadepamplona.com\\\/actualidad\\\/#\\\/schema\\\/person\\\/efe887376f0213d4657c93adc50b1fdb\",\"name\":\"La Gu\u00eda de Pamplona\",\"image\":{\"@type\":\"ImageObject\",\"inLanguage\":\"es\",\"@id\":\"https:\\\/\\\/secure.gravatar.com\\\/avatar\\\/b6992f131dc8d30ab0dff15446e9d346d9dbd95992de0fef795073f5ea83a81c?s=96&d=mm&r=g\",\"url\":\"https:\\\/\\\/secure.gravatar.com\\\/avatar\\\/b6992f131dc8d30ab0dff15446e9d346d9dbd95992de0fef795073f5ea83a81c?s=96&d=mm&r=g\",\"contentUrl\":\"https:\\\/\\\/secure.gravatar.com\\\/avatar\\\/b6992f131dc8d30ab0dff15446e9d346d9dbd95992de0fef795073f5ea83a81c?s=96&d=mm&r=g\",\"caption\":\"La Gu\u00eda de Pamplona\"}}]}<\/script>\n<!-- \/ Yoast SEO plugin. -->","yoast_head_json":{"title":"El s\u00e1bado 17 de junio se constituir\u00e1 la 12\u00aa Corporaci\u00f3n municipal de Pamplona en una sesi\u00f3n en la que se elegir\u00e1 a la persona que se har\u00e1 responsable de la Alcald\u00eda","description":"El acto tendr\u00e1 lugar a partir de las 12 horas en el Sal\u00f3n de Plenos de la Planta Noble de la Casa Consistorial","robots":{"index":"index","follow":"follow","max-snippet":"max-snippet:-1","max-image-preview":"max-image-preview:large","max-video-preview":"max-video-preview:-1"},"canonical":"https:\/\/www.laguiadepamplona.com\/actualidad\/el-sabado-17-de-junio-se-constituira-la-12a-corporacion-municipal-de-pamplona-en-una-sesion-en-la-que-se-elegira-a-la-persona-que-se-hara-responsable-de-la-alcaldia\/","og_locale":"es_ES","og_type":"article","og_title":"El s\u00e1bado 17 de junio se constituir\u00e1 la 12\u00aa Corporaci\u00f3n municipal de Pamplona en una sesi\u00f3n en la que se elegir\u00e1 a la persona que se har\u00e1 responsable de la Alcald\u00eda","og_description":"El acto tendr\u00e1 lugar a partir de las 12 horas en el Sal\u00f3n de Plenos de la Planta Noble de la Casa Consistorial","og_url":"https:\/\/www.laguiadepamplona.com\/actualidad\/el-sabado-17-de-junio-se-constituira-la-12a-corporacion-municipal-de-pamplona-en-una-sesion-en-la-que-se-elegira-a-la-persona-que-se-hara-responsable-de-la-alcaldia\/","og_site_name":"La Gu\u00eda de Pamplona","article_publisher":"https:\/\/www.facebook.com\/laguiadepamplonacom-133175176762273\/?ref=hl","article_published_time":"2023-06-14T10:37:36+00:00","og_image":[{"width":1920,"height":1080,"url":"https:\/\/www.laguiadepamplona.com\/actualidad\/wp-content\/uploads\/2021\/08\/ayuntamiento-pamplona2.jpg","type":"image\/jpeg"}],"author":"La Gu\u00eda de Pamplona","twitter_card":"summary_large_image","twitter_creator":"@LaGuiadPamplona","twitter_site":"@LaGuiadPamplona","twitter_misc":{"Escrito por":"La Gu\u00eda de Pamplona","Tiempo de lectura":"9 minutos"},"schema":{"@context":"https:\/\/schema.org","@graph":[{"@type":"Article","@id":"https:\/\/www.laguiadepamplona.com\/actualidad\/el-sabado-17-de-junio-se-constituira-la-12a-corporacion-municipal-de-pamplona-en-una-sesion-en-la-que-se-elegira-a-la-persona-que-se-hara-responsable-de-la-alcaldia\/#article","isPartOf":{"@id":"https:\/\/www.laguiadepamplona.com\/actualidad\/el-sabado-17-de-junio-se-constituira-la-12a-corporacion-municipal-de-pamplona-en-una-sesion-en-la-que-se-elegira-a-la-persona-que-se-hara-responsable-de-la-alcaldia\/"},"author":{"name":"La Gu\u00eda de Pamplona","@id":"https:\/\/www.laguiadepamplona.com\/actualidad\/#\/schema\/person\/efe887376f0213d4657c93adc50b1fdb"},"headline":"El s\u00e1bado 17 de junio se constituir\u00e1 la 12\u00aa Corporaci\u00f3n municipal de Pamplona en una sesi\u00f3n en la que se elegir\u00e1 a la persona que se har\u00e1 responsable de la Alcald\u00eda","datePublished":"2023-06-14T10:37:36+00:00","mainEntityOfPage":{"@id":"https:\/\/www.laguiadepamplona.com\/actualidad\/el-sabado-17-de-junio-se-constituira-la-12a-corporacion-municipal-de-pamplona-en-una-sesion-en-la-que-se-elegira-a-la-persona-que-se-hara-responsable-de-la-alcaldia\/"},"wordCount":1970,"commentCount":0,"publisher":{"@id":"https:\/\/www.laguiadepamplona.com\/actualidad\/#organization"},"image":{"@id":"https:\/\/www.laguiadepamplona.com\/actualidad\/el-sabado-17-de-junio-se-constituira-la-12a-corporacion-municipal-de-pamplona-en-una-sesion-en-la-que-se-elegira-a-la-persona-que-se-hara-responsable-de-la-alcaldia\/#primaryimage"},"thumbnailUrl":"https:\/\/www.laguiadepamplona.com\/actualidad\/wp-content\/uploads\/2021\/08\/ayuntamiento-pamplona2.jpg","articleSection":["Ayto Pamplona"],"inLanguage":"es","potentialAction":[{"@type":"CommentAction","name":"Comment","target":["https:\/\/www.laguiadepamplona.com\/actualidad\/el-sabado-17-de-junio-se-constituira-la-12a-corporacion-municipal-de-pamplona-en-una-sesion-en-la-que-se-elegira-a-la-persona-que-se-hara-responsable-de-la-alcaldia\/#respond"]}]},{"@type":"WebPage","@id":"https:\/\/www.laguiadepamplona.com\/actualidad\/el-sabado-17-de-junio-se-constituira-la-12a-corporacion-municipal-de-pamplona-en-una-sesion-en-la-que-se-elegira-a-la-persona-que-se-hara-responsable-de-la-alcaldia\/","url":"https:\/\/www.laguiadepamplona.com\/actualidad\/el-sabado-17-de-junio-se-constituira-la-12a-corporacion-municipal-de-pamplona-en-una-sesion-en-la-que-se-elegira-a-la-persona-que-se-hara-responsable-de-la-alcaldia\/","name":"El s\u00e1bado 17 de junio se constituir\u00e1 la 12\u00aa Corporaci\u00f3n municipal de Pamplona en una sesi\u00f3n en la que se elegir\u00e1 a la persona que se har\u00e1 responsable de la Alcald\u00eda","isPartOf":{"@id":"https:\/\/www.laguiadepamplona.com\/actualidad\/#website"},"primaryImageOfPage":{"@id":"https:\/\/www.laguiadepamplona.com\/actualidad\/el-sabado-17-de-junio-se-constituira-la-12a-corporacion-municipal-de-pamplona-en-una-sesion-en-la-que-se-elegira-a-la-persona-que-se-hara-responsable-de-la-alcaldia\/#primaryimage"},"image":{"@id":"https:\/\/www.laguiadepamplona.com\/actualidad\/el-sabado-17-de-junio-se-constituira-la-12a-corporacion-municipal-de-pamplona-en-una-sesion-en-la-que-se-elegira-a-la-persona-que-se-hara-responsable-de-la-alcaldia\/#primaryimage"},"thumbnailUrl":"https:\/\/www.laguiadepamplona.com\/actualidad\/wp-content\/uploads\/2021\/08\/ayuntamiento-pamplona2.jpg","datePublished":"2023-06-14T10:37:36+00:00","description":"El acto tendr\u00e1 lugar a partir de las 12 horas en el Sal\u00f3n de Plenos de la Planta Noble de la Casa Consistorial","breadcrumb":{"@id":"https:\/\/www.laguiadepamplona.com\/actualidad\/el-sabado-17-de-junio-se-constituira-la-12a-corporacion-municipal-de-pamplona-en-una-sesion-en-la-que-se-elegira-a-la-persona-que-se-hara-responsable-de-la-alcaldia\/#breadcrumb"},"inLanguage":"es","potentialAction":[{"@type":"ReadAction","target":["https:\/\/www.laguiadepamplona.com\/actualidad\/el-sabado-17-de-junio-se-constituira-la-12a-corporacion-municipal-de-pamplona-en-una-sesion-en-la-que-se-elegira-a-la-persona-que-se-hara-responsable-de-la-alcaldia\/"]}]},{"@type":"ImageObject","inLanguage":"es","@id":"https:\/\/www.laguiadepamplona.com\/actualidad\/el-sabado-17-de-junio-se-constituira-la-12a-corporacion-municipal-de-pamplona-en-una-sesion-en-la-que-se-elegira-a-la-persona-que-se-hara-responsable-de-la-alcaldia\/#primaryimage","url":"https:\/\/www.laguiadepamplona.com\/actualidad\/wp-content\/uploads\/2021\/08\/ayuntamiento-pamplona2.jpg","contentUrl":"https:\/\/www.laguiadepamplona.com\/actualidad\/wp-content\/uploads\/2021\/08\/ayuntamiento-pamplona2.jpg","width":1920,"height":1080,"caption":"ayuntamiento pamplona"},{"@type":"BreadcrumbList","@id":"https:\/\/www.laguiadepamplona.com\/actualidad\/el-sabado-17-de-junio-se-constituira-la-12a-corporacion-municipal-de-pamplona-en-una-sesion-en-la-que-se-elegira-a-la-persona-que-se-hara-responsable-de-la-alcaldia\/#breadcrumb","itemListElement":[{"@type":"ListItem","position":1,"name":"Portada","item":"https:\/\/www.laguiadepamplona.com\/actualidad\/"},{"@type":"ListItem","position":2,"name":"El s\u00e1bado 17 de junio se constituir\u00e1 la 12\u00aa Corporaci\u00f3n municipal de Pamplona en una sesi\u00f3n en la que se elegir\u00e1 a la persona que se har\u00e1 responsable de la Alcald\u00eda"}]},{"@type":"WebSite","@id":"https:\/\/www.laguiadepamplona.com\/actualidad\/#website","url":"https:\/\/www.laguiadepamplona.com\/actualidad\/","name":"La gu\u00eda de Pamplona","description":"Noticias de Pamplona","publisher":{"@id":"https:\/\/www.laguiadepamplona.com\/actualidad\/#organization"},"potentialAction":[{"@type":"SearchAction","target":{"@type":"EntryPoint","urlTemplate":"https:\/\/www.laguiadepamplona.com\/actualidad\/?s={search_term_string}"},"query-input":{"@type":"PropertyValueSpecification","valueRequired":true,"valueName":"search_term_string"}}],"inLanguage":"es"},{"@type":"Organization","@id":"https:\/\/www.laguiadepamplona.com\/actualidad\/#organization","name":"La Gu\u00eda de Pamplona \/ Noticias","url":"https:\/\/www.laguiadepamplona.com\/actualidad\/","logo":{"@type":"ImageObject","inLanguage":"es","@id":"https:\/\/www.laguiadepamplona.com\/actualidad\/#\/schema\/logo\/image\/","url":"https:\/\/www.laguiadepamplona.com\/actualidad\/wp-content\/uploads\/2018\/11\/logo-laguiadepamplona18-web1.png","contentUrl":"https:\/\/www.laguiadepamplona.com\/actualidad\/wp-content\/uploads\/2018\/11\/logo-laguiadepamplona18-web1.png","width":600,"height":196,"caption":"La Gu\u00eda de Pamplona \/ Noticias"},"image":{"@id":"https:\/\/www.laguiadepamplona.com\/actualidad\/#\/schema\/logo\/image\/"},"sameAs":["https:\/\/www.facebook.com\/laguiadepamplonacom-133175176762273\/?ref=hl","https:\/\/x.com\/LaGuiadPamplona","https:\/\/www.instagram.com\/la_guia_de_pamplona\/","https:\/\/www.youtube.com\/user\/laguiadepamplona"]},{"@type":"Person","@id":"https:\/\/www.laguiadepamplona.com\/actualidad\/#\/schema\/person\/efe887376f0213d4657c93adc50b1fdb","name":"La Gu\u00eda de Pamplona","image":{"@type":"ImageObject","inLanguage":"es","@id":"https:\/\/secure.gravatar.com\/avatar\/b6992f131dc8d30ab0dff15446e9d346d9dbd95992de0fef795073f5ea83a81c?s=96&d=mm&r=g","url":"https:\/\/secure.gravatar.com\/avatar\/b6992f131dc8d30ab0dff15446e9d346d9dbd95992de0fef795073f5ea83a81c?s=96&d=mm&r=g","contentUrl":"https:\/\/secure.gravatar.com\/avatar\/b6992f131dc8d30ab0dff15446e9d346d9dbd95992de0fef795073f5ea83a81c?s=96&d=mm&r=g","caption":"La Gu\u00eda de Pamplona"}}]}},"post_mailing_queue_ids":[],"_links":{"self":[{"href":"https:\/\/www.laguiadepamplona.com\/actualidad\/wp-json\/wp\/v2\/posts\/47045","targetHints":{"allow":["GET"]}}],"collection":[{"href":"https:\/\/www.laguiadepamplona.com\/actualidad\/wp-json\/wp\/v2\/posts"}],"about":[{"href":"https:\/\/www.laguiadepamplona.com\/actualidad\/wp-json\/wp\/v2\/types\/post"}],"author":[{"embeddable":true,"href":"https:\/\/www.laguiadepamplona.com\/actualidad\/wp-json\/wp\/v2\/users\/1"}],"replies":[{"embeddable":true,"href":"https:\/\/www.laguiadepamplona.com\/actualidad\/wp-json\/wp\/v2\/comments?post=47045"}],"version-history":[{"count":1,"href":"https:\/\/www.laguiadepamplona.com\/actualidad\/wp-json\/wp\/v2\/posts\/47045\/revisions"}],"predecessor-version":[{"id":47046,"href":"https:\/\/www.laguiadepamplona.com\/actualidad\/wp-json\/wp\/v2\/posts\/47045\/revisions\/47046"}],"wp:featuredmedia":[{"embeddable":true,"href":"https:\/\/www.laguiadepamplona.com\/actualidad\/wp-json\/wp\/v2\/media\/36074"}],"wp:attachment":[{"href":"https:\/\/www.laguiadepamplona.com\/actualidad\/wp-json\/wp\/v2\/media?parent=47045"}],"wp:term":[{"taxonomy":"category","embeddable":true,"href":"https:\/\/www.laguiadepamplona.com\/actualidad\/wp-json\/wp\/v2\/categories?post=47045"},{"taxonomy":"post_tag","embeddable":true,"href":"https:\/\/www.laguiadepamplona.com\/actualidad\/wp-json\/wp\/v2\/tags?post=47045"}],"curies":[{"name":"wp","href":"https:\/\/api.w.org\/{rel}","templated":true}]}}