{"id":47042,"date":"2023-06-13T18:10:07","date_gmt":"2023-06-13T16:10:07","guid":{"rendered":"https:\/\/www.laguiadepamplona.com\/actualidad\/?p=47042"},"modified":"2023-06-13T18:10:07","modified_gmt":"2023-06-13T16:10:07","slug":"adjudicada-la-construccion-del-aparcamiento-subterraneo-de-la-calle-sanguesa-cuyas-obras-comenzaran-este-verano","status":"publish","type":"post","link":"https:\/\/www.laguiadepamplona.com\/actualidad\/adjudicada-la-construccion-del-aparcamiento-subterraneo-de-la-calle-sanguesa-cuyas-obras-comenzaran-este-verano\/","title":{"rendered":"Adjudicada la construcci\u00f3n del aparcamiento subterr\u00e1neo de la calle Sang\u00fcesa, cuyas obras comenzar\u00e1n este verano"},"content":{"rendered":"<h3>El parking prev\u00e9 346 plazas para veh\u00edculos, que tendr\u00e1n un coste de 31.714 euros, y otras 45 para motocicletas, con un precio de 1.500 euros<\/h3>\n<p><!--more--><\/p>\n<p>Las obras del aparcamiento subterr\u00e1neo de la calle Sang\u00fcesa comenzar\u00e1n este verano, tras la adjudicaci\u00f3n del contrato para su construcci\u00f3n y uso a la Agrupaci\u00f3n Propietarios Garajes Avenida Galicia, tal y como ha acordado hoy la Junta de Gobierno Local del Ayuntamiento de Pamplona. El nuevo parking prev\u00e9 un total de 346 plazas de aparcamiento de veh\u00edculos, que tendr\u00e1n un coste unitario de 31.714 euros. Asimismo, se habilitar\u00e1n 45 plazas para motocicletas, a un precio de 1.500 euros. Las personas que adquieran alguna de estas plazas lo har\u00e1n en r\u00e9gimen de concesi\u00f3n para 75 a\u00f1os, puesto que el aparcamiento se levanta en suelo p\u00fablico.<\/p>\n<p>Esta infraestructura se construir\u00e1 en el tramo de la calle Sang\u00fcesa, desde la confluencia con la calle Navarro Villoslada hasta la calle Tafalla. El proyecto prev\u00e9 cuatro plantas subterr\u00e1neas, con una longitud de 164 metros y una anchura de 17,7 metros. En total, ser\u00e1n 13.000 metros cuadrados construidos, que requerir\u00e1n la reurbanizaci\u00f3n de la calle y las zonas colindantes.<br \/>\n<script async src=\"\/\/pagead2.googlesyndication.com\/pagead\/js\/adsbygoogle.js\"><\/script><br \/>\n<!-- Noticias La Guia de Pamplona --><br \/>\n<ins class=\"adsbygoogle\"\nstyle=\"display:block\"\ndata-ad-client=\"ca-pub-6943679897239327\"\ndata-ad-slot=\"7048180777\"\ndata-ad-format=\"auto\"><\/ins><br \/>\n<script>\n(adsbygoogle = window.adsbygoogle || []).push({});\n<\/script><\/p>\n<p>De hecho, el presupuesto total de la actuaci\u00f3n asciende a 13,7 millones, que ser\u00e1n sufragados por la Agrupaci\u00f3n Propietarios Garajes Avenida Galicia, a excepci\u00f3n de 2.579.330,38 euros, que aportar\u00e1 el Ayuntamiento en los dos pr\u00f3ximos a\u00f1os para sufragar las obras de reurbanizaci\u00f3n de la Plaza de la Cruz. En esta plaza se prev\u00e9, entre otras actuaciones, una reducci\u00f3n del estanque, que pasar\u00e1 a tener forma cuadrada, con el objetivo de facilitar el movimiento peatonal. Asimismo, se modificar\u00e1 el pavimento tanto de la zona central de la plaza como del per\u00edmetro.<\/p>\n<p>Los accesos rodados al aparcamiento se realizar\u00e1n desde la calle Tafalla, mientras que los peatonales, que contar\u00e1n con ascensor, se habilitar\u00e1n en la Plaza de la Cruz y en el cruce de la calle Sang\u00fcesa con la calle Tafalla, junto al Instituto de Educaci\u00f3n Secundaria Plaza de la Cruz. Todo ello conllevar\u00e1, asimismo, la adecuaci\u00f3n del espacio exterior, con calzadas elevadas en las cuatro esquinas de la Plaza de la Cruz, as\u00ed como en la calle San Ferm\u00edn, dotando a esta \u00faltima de tratamiento residencial y eliminando las plazas de aparcamiento en superficie. En la calle Sang\u00fcesa, se mantendr\u00e1n las plazas en superficie en la acera de las viviendas, se reformar\u00e1n y ensanchar\u00e1n las aceras y se renovar\u00e1 el arbolado.<\/p>\n<p>El objetivo es que el aparcamiento est\u00e9 listo en un plazo m\u00e1ximo de 22 meses desde el inicio de las obras, que correr\u00e1n a cargo de Excavaciones Os\u00e9s. Una vez adquiridas las plazas, las personas usuarias deber\u00e1n abonar una cuota mensual de mantenimiento de 22,73 euros en el caso de veh\u00edculos y 7,58 euros por motocicleta.<br \/>\n<script async src=\"\/\/pagead2.googlesyndication.com\/pagead\/js\/adsbygoogle.js\"><\/script><br \/>\n<!-- Noticias La Guia de Pamplona --><br \/>\n<ins class=\"adsbygoogle\"\nstyle=\"display:block\"\ndata-ad-client=\"ca-pub-6943679897239327\"\ndata-ad-slot=\"7048180777\"\ndata-ad-format=\"auto\"><\/ins><br \/>\n<script>\n(adsbygoogle = window.adsbygoogle || []).push({});\n<\/script><\/p>\n<p><strong>Demanda ciudadana<\/strong><\/p>\n<p>Con la aprobaci\u00f3n en Junta de Gobierno, el proyecto del aparcamiento subterr\u00e1neo en la calle Sang\u00fcesa y la Plaza de Cruz cobra forma, tras superar el plazo de exposici\u00f3n p\u00fablica abierto a principios de a\u00f1o. De esta manera, se da respuesta a una demanda ciudadana que hab\u00eda surgido ya hace a\u00f1os.<\/p>\n<p>De hecho, la Agrupaci\u00f3n Propietarios Garajes Avenida Galicia, adjudicataria del contrato mixto de construcci\u00f3n y uso del parking, ya se hab\u00eda constituido en 2008, con el objetivo de impulsar un aparcamiento subterr\u00e1neo, primero en el \u00e1mbito de la avenida de Galicia, siguiendo los pasos de un concurso de ideas convocado ese a\u00f1o para dar una soluci\u00f3n a los problemas de aparcamiento de la zona.<\/p>\n","protected":false},"excerpt":{"rendered":"<p>El parking prev\u00e9 346 plazas para veh\u00edculos, que tendr\u00e1n un coste de 31.714 euros, y otras 45 para motocicletas, con un precio de 1.500 euros<\/p>\n","protected":false},"author":1,"featured_media":47043,"comment_status":"open","ping_status":"closed","sticky":false,"template":"","format":"standard","meta":{"footnotes":""},"categories":[2],"tags":[],"class_list":["post-47042","post","type-post","status-publish","format-standard","has-post-thumbnail","hentry","category-ayuntamiento-pamplona"],"yoast_head":"<!-- This site is optimized with the Yoast SEO plugin v27.3 - https:\/\/yoast.com\/product\/yoast-seo-wordpress\/ -->\n<title>Adjudicada la construcci\u00f3n del aparcamiento subterr\u00e1neo de la calle Sang\u00fcesa, cuyas obras comenzar\u00e1n este verano<\/title>\n<meta name=\"description\" content=\"El parking prev\u00e9 346 plazas para veh\u00edculos, que tendr\u00e1n un coste de 31.714 euros, y otras 45 para motocicletas, con un precio de 1.500 euros\" \/>\n<meta name=\"robots\" content=\"index, follow, max-snippet:-1, max-image-preview:large, max-video-preview:-1\" \/>\n<link rel=\"canonical\" href=\"https:\/\/www.laguiadepamplona.com\/actualidad\/adjudicada-la-construccion-del-aparcamiento-subterraneo-de-la-calle-sanguesa-cuyas-obras-comenzaran-este-verano\/\" \/>\n<meta property=\"og:locale\" content=\"es_ES\" \/>\n<meta property=\"og:type\" content=\"article\" \/>\n<meta property=\"og:title\" content=\"Adjudicada la construcci\u00f3n del aparcamiento subterr\u00e1neo de la calle Sang\u00fcesa, cuyas obras comenzar\u00e1n este verano\" \/>\n<meta property=\"og:description\" content=\"El parking prev\u00e9 346 plazas para veh\u00edculos, que tendr\u00e1n un coste de 31.714 euros, y otras 45 para motocicletas, con un precio de 1.500 euros\" \/>\n<meta property=\"og:url\" content=\"https:\/\/www.laguiadepamplona.com\/actualidad\/adjudicada-la-construccion-del-aparcamiento-subterraneo-de-la-calle-sanguesa-cuyas-obras-comenzaran-este-verano\/\" \/>\n<meta property=\"og:site_name\" content=\"La Gu\u00eda de Pamplona\" \/>\n<meta property=\"article:publisher\" content=\"https:\/\/www.facebook.com\/laguiadepamplonacom-133175176762273\/?ref=hl\" \/>\n<meta property=\"article:published_time\" content=\"2023-06-13T16:10:07+00:00\" \/>\n<meta property=\"og:image\" content=\"https:\/\/www.laguiadepamplona.com\/actualidad\/wp-content\/uploads\/2023\/06\/AyuntamientoPamplona_PlazaCruz_Sanguesa_Final.webp\" \/>\n\t<meta property=\"og:image:width\" content=\"1600\" \/>\n\t<meta property=\"og:image:height\" content=\"1059\" \/>\n\t<meta property=\"og:image:type\" content=\"image\/webp\" \/>\n<meta name=\"author\" content=\"La Gu\u00eda de Pamplona\" \/>\n<meta name=\"twitter:card\" content=\"summary_large_image\" \/>\n<meta name=\"twitter:creator\" content=\"@LaGuiadPamplona\" \/>\n<meta name=\"twitter:site\" content=\"@LaGuiadPamplona\" \/>\n<meta name=\"twitter:label1\" content=\"Escrito por\" \/>\n\t<meta name=\"twitter:data1\" content=\"La Gu\u00eda de Pamplona\" \/>\n\t<meta name=\"twitter:label2\" content=\"Tiempo de lectura\" \/>\n\t<meta name=\"twitter:data2\" content=\"3 minutos\" \/>\n<script type=\"application\/ld+json\" class=\"yoast-schema-graph\">{\"@context\":\"https:\\\/\\\/schema.org\",\"@graph\":[{\"@type\":\"Article\",\"@id\":\"https:\\\/\\\/www.laguiadepamplona.com\\\/actualidad\\\/adjudicada-la-construccion-del-aparcamiento-subterraneo-de-la-calle-sanguesa-cuyas-obras-comenzaran-este-verano\\\/#article\",\"isPartOf\":{\"@id\":\"https:\\\/\\\/www.laguiadepamplona.com\\\/actualidad\\\/adjudicada-la-construccion-del-aparcamiento-subterraneo-de-la-calle-sanguesa-cuyas-obras-comenzaran-este-verano\\\/\"},\"author\":{\"name\":\"La Gu\u00eda de Pamplona\",\"@id\":\"https:\\\/\\\/www.laguiadepamplona.com\\\/actualidad\\\/#\\\/schema\\\/person\\\/efe887376f0213d4657c93adc50b1fdb\"},\"headline\":\"Adjudicada la construcci\u00f3n del aparcamiento subterr\u00e1neo de la calle Sang\u00fcesa, cuyas obras comenzar\u00e1n este verano\",\"datePublished\":\"2023-06-13T16:10:07+00:00\",\"mainEntityOfPage\":{\"@id\":\"https:\\\/\\\/www.laguiadepamplona.com\\\/actualidad\\\/adjudicada-la-construccion-del-aparcamiento-subterraneo-de-la-calle-sanguesa-cuyas-obras-comenzaran-este-verano\\\/\"},\"wordCount\":632,\"commentCount\":0,\"publisher\":{\"@id\":\"https:\\\/\\\/www.laguiadepamplona.com\\\/actualidad\\\/#organization\"},\"image\":{\"@id\":\"https:\\\/\\\/www.laguiadepamplona.com\\\/actualidad\\\/adjudicada-la-construccion-del-aparcamiento-subterraneo-de-la-calle-sanguesa-cuyas-obras-comenzaran-este-verano\\\/#primaryimage\"},\"thumbnailUrl\":\"https:\\\/\\\/www.laguiadepamplona.com\\\/actualidad\\\/wp-content\\\/uploads\\\/2023\\\/06\\\/AyuntamientoPamplona_PlazaCruz_Sanguesa_Final.webp\",\"articleSection\":[\"Ayto Pamplona\"],\"inLanguage\":\"es\",\"potentialAction\":[{\"@type\":\"CommentAction\",\"name\":\"Comment\",\"target\":[\"https:\\\/\\\/www.laguiadepamplona.com\\\/actualidad\\\/adjudicada-la-construccion-del-aparcamiento-subterraneo-de-la-calle-sanguesa-cuyas-obras-comenzaran-este-verano\\\/#respond\"]}]},{\"@type\":\"WebPage\",\"@id\":\"https:\\\/\\\/www.laguiadepamplona.com\\\/actualidad\\\/adjudicada-la-construccion-del-aparcamiento-subterraneo-de-la-calle-sanguesa-cuyas-obras-comenzaran-este-verano\\\/\",\"url\":\"https:\\\/\\\/www.laguiadepamplona.com\\\/actualidad\\\/adjudicada-la-construccion-del-aparcamiento-subterraneo-de-la-calle-sanguesa-cuyas-obras-comenzaran-este-verano\\\/\",\"name\":\"Adjudicada la construcci\u00f3n del aparcamiento subterr\u00e1neo de la calle Sang\u00fcesa, cuyas obras comenzar\u00e1n este verano\",\"isPartOf\":{\"@id\":\"https:\\\/\\\/www.laguiadepamplona.com\\\/actualidad\\\/#website\"},\"primaryImageOfPage\":{\"@id\":\"https:\\\/\\\/www.laguiadepamplona.com\\\/actualidad\\\/adjudicada-la-construccion-del-aparcamiento-subterraneo-de-la-calle-sanguesa-cuyas-obras-comenzaran-este-verano\\\/#primaryimage\"},\"image\":{\"@id\":\"https:\\\/\\\/www.laguiadepamplona.com\\\/actualidad\\\/adjudicada-la-construccion-del-aparcamiento-subterraneo-de-la-calle-sanguesa-cuyas-obras-comenzaran-este-verano\\\/#primaryimage\"},\"thumbnailUrl\":\"https:\\\/\\\/www.laguiadepamplona.com\\\/actualidad\\\/wp-content\\\/uploads\\\/2023\\\/06\\\/AyuntamientoPamplona_PlazaCruz_Sanguesa_Final.webp\",\"datePublished\":\"2023-06-13T16:10:07+00:00\",\"description\":\"El parking prev\u00e9 346 plazas para veh\u00edculos, que tendr\u00e1n un coste de 31.714 euros, y otras 45 para motocicletas, con un precio de 1.500 euros\",\"breadcrumb\":{\"@id\":\"https:\\\/\\\/www.laguiadepamplona.com\\\/actualidad\\\/adjudicada-la-construccion-del-aparcamiento-subterraneo-de-la-calle-sanguesa-cuyas-obras-comenzaran-este-verano\\\/#breadcrumb\"},\"inLanguage\":\"es\",\"potentialAction\":[{\"@type\":\"ReadAction\",\"target\":[\"https:\\\/\\\/www.laguiadepamplona.com\\\/actualidad\\\/adjudicada-la-construccion-del-aparcamiento-subterraneo-de-la-calle-sanguesa-cuyas-obras-comenzaran-este-verano\\\/\"]}]},{\"@type\":\"ImageObject\",\"inLanguage\":\"es\",\"@id\":\"https:\\\/\\\/www.laguiadepamplona.com\\\/actualidad\\\/adjudicada-la-construccion-del-aparcamiento-subterraneo-de-la-calle-sanguesa-cuyas-obras-comenzaran-este-verano\\\/#primaryimage\",\"url\":\"https:\\\/\\\/www.laguiadepamplona.com\\\/actualidad\\\/wp-content\\\/uploads\\\/2023\\\/06\\\/AyuntamientoPamplona_PlazaCruz_Sanguesa_Final.webp\",\"contentUrl\":\"https:\\\/\\\/www.laguiadepamplona.com\\\/actualidad\\\/wp-content\\\/uploads\\\/2023\\\/06\\\/AyuntamientoPamplona_PlazaCruz_Sanguesa_Final.webp\",\"width\":1600,\"height\":1059},{\"@type\":\"BreadcrumbList\",\"@id\":\"https:\\\/\\\/www.laguiadepamplona.com\\\/actualidad\\\/adjudicada-la-construccion-del-aparcamiento-subterraneo-de-la-calle-sanguesa-cuyas-obras-comenzaran-este-verano\\\/#breadcrumb\",\"itemListElement\":[{\"@type\":\"ListItem\",\"position\":1,\"name\":\"Portada\",\"item\":\"https:\\\/\\\/www.laguiadepamplona.com\\\/actualidad\\\/\"},{\"@type\":\"ListItem\",\"position\":2,\"name\":\"Adjudicada la construcci\u00f3n del aparcamiento subterr\u00e1neo de la calle Sang\u00fcesa, cuyas obras comenzar\u00e1n este verano\"}]},{\"@type\":\"WebSite\",\"@id\":\"https:\\\/\\\/www.laguiadepamplona.com\\\/actualidad\\\/#website\",\"url\":\"https:\\\/\\\/www.laguiadepamplona.com\\\/actualidad\\\/\",\"name\":\"La gu\u00eda de Pamplona\",\"description\":\"Noticias de Pamplona\",\"publisher\":{\"@id\":\"https:\\\/\\\/www.laguiadepamplona.com\\\/actualidad\\\/#organization\"},\"potentialAction\":[{\"@type\":\"SearchAction\",\"target\":{\"@type\":\"EntryPoint\",\"urlTemplate\":\"https:\\\/\\\/www.laguiadepamplona.com\\\/actualidad\\\/?s={search_term_string}\"},\"query-input\":{\"@type\":\"PropertyValueSpecification\",\"valueRequired\":true,\"valueName\":\"search_term_string\"}}],\"inLanguage\":\"es\"},{\"@type\":\"Organization\",\"@id\":\"https:\\\/\\\/www.laguiadepamplona.com\\\/actualidad\\\/#organization\",\"name\":\"La Gu\u00eda de Pamplona \\\/ Noticias\",\"url\":\"https:\\\/\\\/www.laguiadepamplona.com\\\/actualidad\\\/\",\"logo\":{\"@type\":\"ImageObject\",\"inLanguage\":\"es\",\"@id\":\"https:\\\/\\\/www.laguiadepamplona.com\\\/actualidad\\\/#\\\/schema\\\/logo\\\/image\\\/\",\"url\":\"https:\\\/\\\/www.laguiadepamplona.com\\\/actualidad\\\/wp-content\\\/uploads\\\/2018\\\/11\\\/logo-laguiadepamplona18-web1.png\",\"contentUrl\":\"https:\\\/\\\/www.laguiadepamplona.com\\\/actualidad\\\/wp-content\\\/uploads\\\/2018\\\/11\\\/logo-laguiadepamplona18-web1.png\",\"width\":600,\"height\":196,\"caption\":\"La Gu\u00eda de Pamplona \\\/ Noticias\"},\"image\":{\"@id\":\"https:\\\/\\\/www.laguiadepamplona.com\\\/actualidad\\\/#\\\/schema\\\/logo\\\/image\\\/\"},\"sameAs\":[\"https:\\\/\\\/www.facebook.com\\\/laguiadepamplonacom-133175176762273\\\/?ref=hl\",\"https:\\\/\\\/x.com\\\/LaGuiadPamplona\",\"https:\\\/\\\/www.instagram.com\\\/la_guia_de_pamplona\\\/\",\"https:\\\/\\\/www.youtube.com\\\/user\\\/laguiadepamplona\"]},{\"@type\":\"Person\",\"@id\":\"https:\\\/\\\/www.laguiadepamplona.com\\\/actualidad\\\/#\\\/schema\\\/person\\\/efe887376f0213d4657c93adc50b1fdb\",\"name\":\"La Gu\u00eda de Pamplona\",\"image\":{\"@type\":\"ImageObject\",\"inLanguage\":\"es\",\"@id\":\"https:\\\/\\\/secure.gravatar.com\\\/avatar\\\/b6992f131dc8d30ab0dff15446e9d346d9dbd95992de0fef795073f5ea83a81c?s=96&d=mm&r=g\",\"url\":\"https:\\\/\\\/secure.gravatar.com\\\/avatar\\\/b6992f131dc8d30ab0dff15446e9d346d9dbd95992de0fef795073f5ea83a81c?s=96&d=mm&r=g\",\"contentUrl\":\"https:\\\/\\\/secure.gravatar.com\\\/avatar\\\/b6992f131dc8d30ab0dff15446e9d346d9dbd95992de0fef795073f5ea83a81c?s=96&d=mm&r=g\",\"caption\":\"La Gu\u00eda de Pamplona\"}}]}<\/script>\n<!-- \/ Yoast SEO plugin. -->","yoast_head_json":{"title":"Adjudicada la construcci\u00f3n del aparcamiento subterr\u00e1neo de la calle Sang\u00fcesa, cuyas obras comenzar\u00e1n este verano","description":"El parking prev\u00e9 346 plazas para veh\u00edculos, que tendr\u00e1n un coste de 31.714 euros, y otras 45 para motocicletas, con un precio de 1.500 euros","robots":{"index":"index","follow":"follow","max-snippet":"max-snippet:-1","max-image-preview":"max-image-preview:large","max-video-preview":"max-video-preview:-1"},"canonical":"https:\/\/www.laguiadepamplona.com\/actualidad\/adjudicada-la-construccion-del-aparcamiento-subterraneo-de-la-calle-sanguesa-cuyas-obras-comenzaran-este-verano\/","og_locale":"es_ES","og_type":"article","og_title":"Adjudicada la construcci\u00f3n del aparcamiento subterr\u00e1neo de la calle Sang\u00fcesa, cuyas obras comenzar\u00e1n este verano","og_description":"El parking prev\u00e9 346 plazas para veh\u00edculos, que tendr\u00e1n un coste de 31.714 euros, y otras 45 para motocicletas, con un precio de 1.500 euros","og_url":"https:\/\/www.laguiadepamplona.com\/actualidad\/adjudicada-la-construccion-del-aparcamiento-subterraneo-de-la-calle-sanguesa-cuyas-obras-comenzaran-este-verano\/","og_site_name":"La Gu\u00eda de Pamplona","article_publisher":"https:\/\/www.facebook.com\/laguiadepamplonacom-133175176762273\/?ref=hl","article_published_time":"2023-06-13T16:10:07+00:00","og_image":[{"width":1600,"height":1059,"url":"https:\/\/www.laguiadepamplona.com\/actualidad\/wp-content\/uploads\/2023\/06\/AyuntamientoPamplona_PlazaCruz_Sanguesa_Final.webp","type":"image\/webp"}],"author":"La Gu\u00eda de Pamplona","twitter_card":"summary_large_image","twitter_creator":"@LaGuiadPamplona","twitter_site":"@LaGuiadPamplona","twitter_misc":{"Escrito por":"La Gu\u00eda de Pamplona","Tiempo de lectura":"3 minutos"},"schema":{"@context":"https:\/\/schema.org","@graph":[{"@type":"Article","@id":"https:\/\/www.laguiadepamplona.com\/actualidad\/adjudicada-la-construccion-del-aparcamiento-subterraneo-de-la-calle-sanguesa-cuyas-obras-comenzaran-este-verano\/#article","isPartOf":{"@id":"https:\/\/www.laguiadepamplona.com\/actualidad\/adjudicada-la-construccion-del-aparcamiento-subterraneo-de-la-calle-sanguesa-cuyas-obras-comenzaran-este-verano\/"},"author":{"name":"La Gu\u00eda de Pamplona","@id":"https:\/\/www.laguiadepamplona.com\/actualidad\/#\/schema\/person\/efe887376f0213d4657c93adc50b1fdb"},"headline":"Adjudicada la construcci\u00f3n del aparcamiento subterr\u00e1neo de la calle Sang\u00fcesa, cuyas obras comenzar\u00e1n este verano","datePublished":"2023-06-13T16:10:07+00:00","mainEntityOfPage":{"@id":"https:\/\/www.laguiadepamplona.com\/actualidad\/adjudicada-la-construccion-del-aparcamiento-subterraneo-de-la-calle-sanguesa-cuyas-obras-comenzaran-este-verano\/"},"wordCount":632,"commentCount":0,"publisher":{"@id":"https:\/\/www.laguiadepamplona.com\/actualidad\/#organization"},"image":{"@id":"https:\/\/www.laguiadepamplona.com\/actualidad\/adjudicada-la-construccion-del-aparcamiento-subterraneo-de-la-calle-sanguesa-cuyas-obras-comenzaran-este-verano\/#primaryimage"},"thumbnailUrl":"https:\/\/www.laguiadepamplona.com\/actualidad\/wp-content\/uploads\/2023\/06\/AyuntamientoPamplona_PlazaCruz_Sanguesa_Final.webp","articleSection":["Ayto Pamplona"],"inLanguage":"es","potentialAction":[{"@type":"CommentAction","name":"Comment","target":["https:\/\/www.laguiadepamplona.com\/actualidad\/adjudicada-la-construccion-del-aparcamiento-subterraneo-de-la-calle-sanguesa-cuyas-obras-comenzaran-este-verano\/#respond"]}]},{"@type":"WebPage","@id":"https:\/\/www.laguiadepamplona.com\/actualidad\/adjudicada-la-construccion-del-aparcamiento-subterraneo-de-la-calle-sanguesa-cuyas-obras-comenzaran-este-verano\/","url":"https:\/\/www.laguiadepamplona.com\/actualidad\/adjudicada-la-construccion-del-aparcamiento-subterraneo-de-la-calle-sanguesa-cuyas-obras-comenzaran-este-verano\/","name":"Adjudicada la construcci\u00f3n del aparcamiento subterr\u00e1neo de la calle Sang\u00fcesa, cuyas obras comenzar\u00e1n este verano","isPartOf":{"@id":"https:\/\/www.laguiadepamplona.com\/actualidad\/#website"},"primaryImageOfPage":{"@id":"https:\/\/www.laguiadepamplona.com\/actualidad\/adjudicada-la-construccion-del-aparcamiento-subterraneo-de-la-calle-sanguesa-cuyas-obras-comenzaran-este-verano\/#primaryimage"},"image":{"@id":"https:\/\/www.laguiadepamplona.com\/actualidad\/adjudicada-la-construccion-del-aparcamiento-subterraneo-de-la-calle-sanguesa-cuyas-obras-comenzaran-este-verano\/#primaryimage"},"thumbnailUrl":"https:\/\/www.laguiadepamplona.com\/actualidad\/wp-content\/uploads\/2023\/06\/AyuntamientoPamplona_PlazaCruz_Sanguesa_Final.webp","datePublished":"2023-06-13T16:10:07+00:00","description":"El parking prev\u00e9 346 plazas para veh\u00edculos, que tendr\u00e1n un coste de 31.714 euros, y otras 45 para motocicletas, con un precio de 1.500 euros","breadcrumb":{"@id":"https:\/\/www.laguiadepamplona.com\/actualidad\/adjudicada-la-construccion-del-aparcamiento-subterraneo-de-la-calle-sanguesa-cuyas-obras-comenzaran-este-verano\/#breadcrumb"},"inLanguage":"es","potentialAction":[{"@type":"ReadAction","target":["https:\/\/www.laguiadepamplona.com\/actualidad\/adjudicada-la-construccion-del-aparcamiento-subterraneo-de-la-calle-sanguesa-cuyas-obras-comenzaran-este-verano\/"]}]},{"@type":"ImageObject","inLanguage":"es","@id":"https:\/\/www.laguiadepamplona.com\/actualidad\/adjudicada-la-construccion-del-aparcamiento-subterraneo-de-la-calle-sanguesa-cuyas-obras-comenzaran-este-verano\/#primaryimage","url":"https:\/\/www.laguiadepamplona.com\/actualidad\/wp-content\/uploads\/2023\/06\/AyuntamientoPamplona_PlazaCruz_Sanguesa_Final.webp","contentUrl":"https:\/\/www.laguiadepamplona.com\/actualidad\/wp-content\/uploads\/2023\/06\/AyuntamientoPamplona_PlazaCruz_Sanguesa_Final.webp","width":1600,"height":1059},{"@type":"BreadcrumbList","@id":"https:\/\/www.laguiadepamplona.com\/actualidad\/adjudicada-la-construccion-del-aparcamiento-subterraneo-de-la-calle-sanguesa-cuyas-obras-comenzaran-este-verano\/#breadcrumb","itemListElement":[{"@type":"ListItem","position":1,"name":"Portada","item":"https:\/\/www.laguiadepamplona.com\/actualidad\/"},{"@type":"ListItem","position":2,"name":"Adjudicada la construcci\u00f3n del aparcamiento subterr\u00e1neo de la calle Sang\u00fcesa, cuyas obras comenzar\u00e1n este verano"}]},{"@type":"WebSite","@id":"https:\/\/www.laguiadepamplona.com\/actualidad\/#website","url":"https:\/\/www.laguiadepamplona.com\/actualidad\/","name":"La gu\u00eda de Pamplona","description":"Noticias de Pamplona","publisher":{"@id":"https:\/\/www.laguiadepamplona.com\/actualidad\/#organization"},"potentialAction":[{"@type":"SearchAction","target":{"@type":"EntryPoint","urlTemplate":"https:\/\/www.laguiadepamplona.com\/actualidad\/?s={search_term_string}"},"query-input":{"@type":"PropertyValueSpecification","valueRequired":true,"valueName":"search_term_string"}}],"inLanguage":"es"},{"@type":"Organization","@id":"https:\/\/www.laguiadepamplona.com\/actualidad\/#organization","name":"La Gu\u00eda de Pamplona \/ Noticias","url":"https:\/\/www.laguiadepamplona.com\/actualidad\/","logo":{"@type":"ImageObject","inLanguage":"es","@id":"https:\/\/www.laguiadepamplona.com\/actualidad\/#\/schema\/logo\/image\/","url":"https:\/\/www.laguiadepamplona.com\/actualidad\/wp-content\/uploads\/2018\/11\/logo-laguiadepamplona18-web1.png","contentUrl":"https:\/\/www.laguiadepamplona.com\/actualidad\/wp-content\/uploads\/2018\/11\/logo-laguiadepamplona18-web1.png","width":600,"height":196,"caption":"La Gu\u00eda de Pamplona \/ Noticias"},"image":{"@id":"https:\/\/www.laguiadepamplona.com\/actualidad\/#\/schema\/logo\/image\/"},"sameAs":["https:\/\/www.facebook.com\/laguiadepamplonacom-133175176762273\/?ref=hl","https:\/\/x.com\/LaGuiadPamplona","https:\/\/www.instagram.com\/la_guia_de_pamplona\/","https:\/\/www.youtube.com\/user\/laguiadepamplona"]},{"@type":"Person","@id":"https:\/\/www.laguiadepamplona.com\/actualidad\/#\/schema\/person\/efe887376f0213d4657c93adc50b1fdb","name":"La Gu\u00eda de Pamplona","image":{"@type":"ImageObject","inLanguage":"es","@id":"https:\/\/secure.gravatar.com\/avatar\/b6992f131dc8d30ab0dff15446e9d346d9dbd95992de0fef795073f5ea83a81c?s=96&d=mm&r=g","url":"https:\/\/secure.gravatar.com\/avatar\/b6992f131dc8d30ab0dff15446e9d346d9dbd95992de0fef795073f5ea83a81c?s=96&d=mm&r=g","contentUrl":"https:\/\/secure.gravatar.com\/avatar\/b6992f131dc8d30ab0dff15446e9d346d9dbd95992de0fef795073f5ea83a81c?s=96&d=mm&r=g","caption":"La Gu\u00eda de Pamplona"}}]}},"post_mailing_queue_ids":[],"_links":{"self":[{"href":"https:\/\/www.laguiadepamplona.com\/actualidad\/wp-json\/wp\/v2\/posts\/47042","targetHints":{"allow":["GET"]}}],"collection":[{"href":"https:\/\/www.laguiadepamplona.com\/actualidad\/wp-json\/wp\/v2\/posts"}],"about":[{"href":"https:\/\/www.laguiadepamplona.com\/actualidad\/wp-json\/wp\/v2\/types\/post"}],"author":[{"embeddable":true,"href":"https:\/\/www.laguiadepamplona.com\/actualidad\/wp-json\/wp\/v2\/users\/1"}],"replies":[{"embeddable":true,"href":"https:\/\/www.laguiadepamplona.com\/actualidad\/wp-json\/wp\/v2\/comments?post=47042"}],"version-history":[{"count":1,"href":"https:\/\/www.laguiadepamplona.com\/actualidad\/wp-json\/wp\/v2\/posts\/47042\/revisions"}],"predecessor-version":[{"id":47044,"href":"https:\/\/www.laguiadepamplona.com\/actualidad\/wp-json\/wp\/v2\/posts\/47042\/revisions\/47044"}],"wp:featuredmedia":[{"embeddable":true,"href":"https:\/\/www.laguiadepamplona.com\/actualidad\/wp-json\/wp\/v2\/media\/47043"}],"wp:attachment":[{"href":"https:\/\/www.laguiadepamplona.com\/actualidad\/wp-json\/wp\/v2\/media?parent=47042"}],"wp:term":[{"taxonomy":"category","embeddable":true,"href":"https:\/\/www.laguiadepamplona.com\/actualidad\/wp-json\/wp\/v2\/categories?post=47042"},{"taxonomy":"post_tag","embeddable":true,"href":"https:\/\/www.laguiadepamplona.com\/actualidad\/wp-json\/wp\/v2\/tags?post=47042"}],"curies":[{"name":"wp","href":"https:\/\/api.w.org\/{rel}","templated":true}]}}