{"id":47038,"date":"2023-06-13T12:32:54","date_gmt":"2023-06-13T10:32:54","guid":{"rendered":"https:\/\/www.laguiadepamplona.com\/actualidad\/?p=47038"},"modified":"2023-06-13T12:32:54","modified_gmt":"2023-06-13T10:32:54","slug":"la-ciudad-deportiva-aranzadi-abre-este-jueves-la-temporada-de-verano","status":"publish","type":"post","link":"https:\/\/www.laguiadepamplona.com\/actualidad\/la-ciudad-deportiva-aranzadi-abre-este-jueves-la-temporada-de-verano\/","title":{"rendered":"La Ciudad Deportiva Aranzadi abre este jueves la temporada de verano"},"content":{"rendered":"<h3>Las personas interesadas puedan adquirir abonos de temporada, cuyo coste oscila entre los 40,30 y los 80,75<\/h3>\n<p><!--more--><\/p>\n<p>Las dos piscinas exteriores y el vaso de chapoteo infantil de la Ciudad Deportiva Aranzadi abrir\u00e1n al p\u00fablico este jueves, d\u00eda 15, coincidiendo con el inicio de la temporada de verano, que se prolongar\u00e1 hasta el 8 de septiembre. En este tiempo, la piscina municipal permanecer\u00e1 abierta todos los d\u00edas de la semana desde las 10 de la ma\u00f1ana hasta las 20.30 horas. Las personas que acudan a este complejo deportivo podr\u00e1n acceder por la puerta principal, en la calle Vuelta de Aranzadi, pero tambi\u00e9n se ha habilitado un lector de carn\u00e9s y abonos en la entrada junto al puente de San Pedro, para facilitar la entrada durante todo el d\u00eda de las personas que acudan desde el barrio de Rochapea y la zona norte de la ciudad.<\/p>\n<p>Adem\u00e1s de entradas de d\u00eda, la Ciudad Deportiva Aranzadi dispone de abonos para la temporada de verano. Las personas interesadas pueden adquirirlos de forma telem\u00e1tica, a trav\u00e9s de la <a href=\"https:\/\/aranzadi.provis.es\/Public\/Inicio.aspx\">web municipal<\/a> o de forma presencial tanto en las propias instalaciones de Aranzadi como en el Aquavox San Jorge. De hecho, los abonos adquiridos en cualquiera de estas dos piscinas servir\u00e1n indistintamente para acceder tanto a Aranzadi como al Aquavox San Jorge.<br \/>\n<script async src=\"\/\/pagead2.googlesyndication.com\/pagead\/js\/adsbygoogle.js\"><\/script><br \/>\n<!-- Noticias La Guia de Pamplona --><br \/>\n<ins class=\"adsbygoogle\"\nstyle=\"display:block\"\ndata-ad-client=\"ca-pub-6943679897239327\"\ndata-ad-slot=\"7048180777\"\ndata-ad-format=\"auto\"><\/ins><br \/>\n<script>\n(adsbygoogle = window.adsbygoogle || []).push({});\n<\/script><\/p>\n<p>Previendo una mayor demanda de solicitudes durante estos primeros d\u00edas de la temporada, Aquavox San Jorge, que realiza el cierre t\u00e9cnico de mantenimiento entre el 15 y el 22 de junio, abrir\u00e1 varios d\u00edas sus oficinas para formalizar la compra de abonos para las dos instalaciones deportivas. En concreto, la atenci\u00f3n al p\u00fablico estar\u00e1 disponible este jueves y viernes, d\u00edas 15 y 16, y el lunes, martes y mi\u00e9rcoles de la pr\u00f3xima semana, d\u00edas 19, 20 y 21, en horario de 9 a 14 horas. La atenci\u00f3n ser\u00e1 presencial y tambi\u00e9n telef\u00f3nica, en el n\u00famero 948 28 77 78.<\/p>\n<p>El coste de los abonos, tanto en Aranzadi como en San Jorge, oscila entre los 80,75 euros y los 40,30 euros, en funci\u00f3n de la edad. En el caso de entradas de d\u00eda, el precio var\u00eda entre los 3,85 y los 5,50 euros. No obstante, sobre estos precios se pueden aplicar descuentos en funci\u00f3n de la renta y dem\u00e1s circunstancias familiares. Hasta la fecha, se han adquirido 466 abonos, si bien es en estos primeros d\u00edas de temporada cuando suele formalizarse el mayor n\u00famero de abonos. El verano pasado fueron 2.636.<br \/>\n<script async src=\"\/\/pagead2.googlesyndication.com\/pagead\/js\/adsbygoogle.js\"><\/script><br \/>\n<!-- Noticias La Guia de Pamplona --><br \/>\n<ins class=\"adsbygoogle\"\nstyle=\"display:block\"\ndata-ad-client=\"ca-pub-6943679897239327\"\ndata-ad-slot=\"7048180777\"\ndata-ad-format=\"auto\"><\/ins><br \/>\n<script>\n(adsbygoogle = window.adsbygoogle || []).push({});\n<\/script><\/p>\n<p><strong>Un monitor de asesoramiento deportivo<\/strong><\/p>\n<p>Como novedad, y coincidiendo con la temporada de verano, la Ciudad Deportiva Aranzadi ha reforzado sus servicios con la presencia de un monitor de asesoramiento deportivo, para aquellas personas que deseen iniciarse en la pr\u00e1ctica deportiva. Esta persona estar\u00e1 disponible en la zona de gimnasios para el asesoramiento de los usuarios en la utilizaci\u00f3n de la maquinaria, as\u00ed como, la posibilidad de establecer planes de entrenamiento individualizados.<\/p>\n<p>Adem\u00e1s, previendo un incremento de usuarios en estos meses, se ha acordado reforzar las frecuencias de limpieza y los servicios de mantenimiento de las instalaciones para garantizar en todo momento un estado adecuado de la Ciudad Deportiva Aranzadi.<br \/>\n<script async src=\"\/\/pagead2.googlesyndication.com\/pagead\/js\/adsbygoogle.js\"><\/script><br \/>\n<!-- Noticias La Guia de Pamplona --><br \/>\n<ins class=\"adsbygoogle\"\nstyle=\"display:block\"\ndata-ad-client=\"ca-pub-6943679897239327\"\ndata-ad-slot=\"7048180777\"\ndata-ad-format=\"auto\"><\/ins><br \/>\n<script>\n(adsbygoogle = window.adsbygoogle || []).push({});\n<\/script><\/p>\n<p><strong>Pr\u00f3xima reapertura del tr\u00e1fico rodado<\/strong><\/p>\n<p>Desde su construcci\u00f3n en 1977 se han venido realizando distintas obras de mejora y adecuaci\u00f3n a las necesidades de los nuevos usuarios en la Ciudad Deportiva Aranzadi. Adem\u00e1s de las mejoras interiores, este a\u00f1o se ha procedido a la reurbanizaci\u00f3n del parque de Aranzadi, que afecta directamente a los accesos a las instalaciones deportivas, ya que crea un circuito unidireccional, en el que se accede al parque por el vial junto a la residencia El Vergel y se sale del parque por el vial junto a la Ciudad Deportiva Aranzadi.<\/p>\n<p>La previsi\u00f3n es que la calle de acceso a tr\u00e1fico rodado, cerrada por estas obras, se reabra esta misma semana, coincidiendo con la apertura de verano. La reurbanizaci\u00f3n de la zona, adem\u00e1s de reorganizar el tr\u00e1fico, ha reducido las plazas de aparcamiento, de modo que \u00fanicamente se podr\u00e1 aparcar en la bolsa de estacionamiento junto al puente del Vergel y el espacio existente junto al antiguo front\u00f3n, en el interior de parque. Dadas las escasas plazas de aparcamiento, se recomienda el acceso a las instalaciones deportivas en transporte p\u00fablico.<br \/>\n<script async src=\"\/\/pagead2.googlesyndication.com\/pagead\/js\/adsbygoogle.js\"><\/script><br \/>\n<!-- Noticias La Guia de Pamplona --><br \/>\n<ins class=\"adsbygoogle\"\nstyle=\"display:block\"\ndata-ad-client=\"ca-pub-6943679897239327\"\ndata-ad-slot=\"7048180777\"\ndata-ad-format=\"auto\"><\/ins><br \/>\n<script>\n(adsbygoogle = window.adsbygoogle || []).push({});\n<\/script><\/p>\n<p>La Ciudad Deportiva Aranzadi ech\u00f3 a andar de la mano del Ayuntamiento de Pamplona sobre un terreno de 28.500 metros cuadrados. En la actualidad cuenta con dos vasos exteriores de 50 metros de largo y 21 metros de ancho y un vaso chapoteo para menores. La zona exterior se completa con una zona de asadores, que este a\u00f1o cuenta con un nuevo vallado para garantizar la seguridad de todos los usuarios. El resto de infraestructuras incluye un front\u00f3n u dos pistas de p\u00e1del cubiertas, y dos piscinas interiores, una de nado (de 25 metros de largo y 12, 5 de ancho) y una de aprendizaje (de 12,5 metros de largo y 8 metros de ancho), una zona de saunas, gimnasio, sala de fitness y salas polivalentes para realizar actividades deportivas. Durante el a\u00f1o las instalaciones se ceden a clubes deportivos y centros docentes para la realizaci\u00f3n de entrenamientos y partidos.<\/p>\n","protected":false},"excerpt":{"rendered":"<p>Las personas interesadas puedan adquirir abonos de temporada, cuyo coste oscila entre los 40,30 y los 80,75<\/p>\n","protected":false},"author":1,"featured_media":47039,"comment_status":"open","ping_status":"closed","sticky":false,"template":"","format":"standard","meta":{"footnotes":""},"categories":[2],"tags":[],"class_list":["post-47038","post","type-post","status-publish","format-standard","has-post-thumbnail","hentry","category-ayuntamiento-pamplona"],"yoast_head":"<!-- This site is optimized with the Yoast SEO plugin v27.3 - https:\/\/yoast.com\/product\/yoast-seo-wordpress\/ -->\n<title>La Ciudad Deportiva Aranzadi abre este jueves la temporada de verano<\/title>\n<meta name=\"description\" content=\"Las personas interesadas puedan adquirir abonos de temporada, cuyo coste oscila entre los 40,30 y los 80,75\" \/>\n<meta name=\"robots\" content=\"index, follow, max-snippet:-1, max-image-preview:large, max-video-preview:-1\" \/>\n<link rel=\"canonical\" href=\"https:\/\/www.laguiadepamplona.com\/actualidad\/la-ciudad-deportiva-aranzadi-abre-este-jueves-la-temporada-de-verano\/\" \/>\n<meta property=\"og:locale\" content=\"es_ES\" \/>\n<meta property=\"og:type\" content=\"article\" \/>\n<meta property=\"og:title\" content=\"La Ciudad Deportiva Aranzadi abre este jueves la temporada de verano\" \/>\n<meta property=\"og:description\" content=\"Las personas interesadas puedan adquirir abonos de temporada, cuyo coste oscila entre los 40,30 y los 80,75\" \/>\n<meta property=\"og:url\" content=\"https:\/\/www.laguiadepamplona.com\/actualidad\/la-ciudad-deportiva-aranzadi-abre-este-jueves-la-temporada-de-verano\/\" \/>\n<meta property=\"og:site_name\" content=\"La Gu\u00eda de Pamplona\" \/>\n<meta property=\"article:publisher\" content=\"https:\/\/www.facebook.com\/laguiadepamplonacom-133175176762273\/?ref=hl\" \/>\n<meta property=\"article:published_time\" content=\"2023-06-13T10:32:54+00:00\" \/>\n<meta property=\"og:image\" content=\"https:\/\/www.laguiadepamplona.com\/actualidad\/wp-content\/uploads\/2023\/06\/piscina-aranzadi.webp\" \/>\n\t<meta property=\"og:image:width\" content=\"1600\" \/>\n\t<meta property=\"og:image:height\" content=\"1068\" \/>\n\t<meta property=\"og:image:type\" content=\"image\/webp\" \/>\n<meta name=\"author\" content=\"La Gu\u00eda de Pamplona\" \/>\n<meta name=\"twitter:card\" content=\"summary_large_image\" \/>\n<meta name=\"twitter:creator\" content=\"@LaGuiadPamplona\" \/>\n<meta name=\"twitter:site\" content=\"@LaGuiadPamplona\" \/>\n<meta name=\"twitter:label1\" content=\"Escrito por\" \/>\n\t<meta name=\"twitter:data1\" content=\"La Gu\u00eda de Pamplona\" \/>\n\t<meta name=\"twitter:label2\" content=\"Tiempo de lectura\" \/>\n\t<meta name=\"twitter:data2\" content=\"4 minutos\" \/>\n<script type=\"application\/ld+json\" class=\"yoast-schema-graph\">{\"@context\":\"https:\\\/\\\/schema.org\",\"@graph\":[{\"@type\":\"Article\",\"@id\":\"https:\\\/\\\/www.laguiadepamplona.com\\\/actualidad\\\/la-ciudad-deportiva-aranzadi-abre-este-jueves-la-temporada-de-verano\\\/#article\",\"isPartOf\":{\"@id\":\"https:\\\/\\\/www.laguiadepamplona.com\\\/actualidad\\\/la-ciudad-deportiva-aranzadi-abre-este-jueves-la-temporada-de-verano\\\/\"},\"author\":{\"name\":\"La Gu\u00eda de Pamplona\",\"@id\":\"https:\\\/\\\/www.laguiadepamplona.com\\\/actualidad\\\/#\\\/schema\\\/person\\\/efe887376f0213d4657c93adc50b1fdb\"},\"headline\":\"La Ciudad Deportiva Aranzadi abre este jueves la temporada de verano\",\"datePublished\":\"2023-06-13T10:32:54+00:00\",\"mainEntityOfPage\":{\"@id\":\"https:\\\/\\\/www.laguiadepamplona.com\\\/actualidad\\\/la-ciudad-deportiva-aranzadi-abre-este-jueves-la-temporada-de-verano\\\/\"},\"wordCount\":883,\"commentCount\":0,\"publisher\":{\"@id\":\"https:\\\/\\\/www.laguiadepamplona.com\\\/actualidad\\\/#organization\"},\"image\":{\"@id\":\"https:\\\/\\\/www.laguiadepamplona.com\\\/actualidad\\\/la-ciudad-deportiva-aranzadi-abre-este-jueves-la-temporada-de-verano\\\/#primaryimage\"},\"thumbnailUrl\":\"https:\\\/\\\/www.laguiadepamplona.com\\\/actualidad\\\/wp-content\\\/uploads\\\/2023\\\/06\\\/piscina-aranzadi.webp\",\"articleSection\":[\"Ayto Pamplona\"],\"inLanguage\":\"es\",\"potentialAction\":[{\"@type\":\"CommentAction\",\"name\":\"Comment\",\"target\":[\"https:\\\/\\\/www.laguiadepamplona.com\\\/actualidad\\\/la-ciudad-deportiva-aranzadi-abre-este-jueves-la-temporada-de-verano\\\/#respond\"]}]},{\"@type\":\"WebPage\",\"@id\":\"https:\\\/\\\/www.laguiadepamplona.com\\\/actualidad\\\/la-ciudad-deportiva-aranzadi-abre-este-jueves-la-temporada-de-verano\\\/\",\"url\":\"https:\\\/\\\/www.laguiadepamplona.com\\\/actualidad\\\/la-ciudad-deportiva-aranzadi-abre-este-jueves-la-temporada-de-verano\\\/\",\"name\":\"La Ciudad Deportiva Aranzadi abre este jueves la temporada de verano\",\"isPartOf\":{\"@id\":\"https:\\\/\\\/www.laguiadepamplona.com\\\/actualidad\\\/#website\"},\"primaryImageOfPage\":{\"@id\":\"https:\\\/\\\/www.laguiadepamplona.com\\\/actualidad\\\/la-ciudad-deportiva-aranzadi-abre-este-jueves-la-temporada-de-verano\\\/#primaryimage\"},\"image\":{\"@id\":\"https:\\\/\\\/www.laguiadepamplona.com\\\/actualidad\\\/la-ciudad-deportiva-aranzadi-abre-este-jueves-la-temporada-de-verano\\\/#primaryimage\"},\"thumbnailUrl\":\"https:\\\/\\\/www.laguiadepamplona.com\\\/actualidad\\\/wp-content\\\/uploads\\\/2023\\\/06\\\/piscina-aranzadi.webp\",\"datePublished\":\"2023-06-13T10:32:54+00:00\",\"description\":\"Las personas interesadas puedan adquirir abonos de temporada, cuyo coste oscila entre los 40,30 y los 80,75\",\"breadcrumb\":{\"@id\":\"https:\\\/\\\/www.laguiadepamplona.com\\\/actualidad\\\/la-ciudad-deportiva-aranzadi-abre-este-jueves-la-temporada-de-verano\\\/#breadcrumb\"},\"inLanguage\":\"es\",\"potentialAction\":[{\"@type\":\"ReadAction\",\"target\":[\"https:\\\/\\\/www.laguiadepamplona.com\\\/actualidad\\\/la-ciudad-deportiva-aranzadi-abre-este-jueves-la-temporada-de-verano\\\/\"]}]},{\"@type\":\"ImageObject\",\"inLanguage\":\"es\",\"@id\":\"https:\\\/\\\/www.laguiadepamplona.com\\\/actualidad\\\/la-ciudad-deportiva-aranzadi-abre-este-jueves-la-temporada-de-verano\\\/#primaryimage\",\"url\":\"https:\\\/\\\/www.laguiadepamplona.com\\\/actualidad\\\/wp-content\\\/uploads\\\/2023\\\/06\\\/piscina-aranzadi.webp\",\"contentUrl\":\"https:\\\/\\\/www.laguiadepamplona.com\\\/actualidad\\\/wp-content\\\/uploads\\\/2023\\\/06\\\/piscina-aranzadi.webp\",\"width\":1600,\"height\":1068},{\"@type\":\"BreadcrumbList\",\"@id\":\"https:\\\/\\\/www.laguiadepamplona.com\\\/actualidad\\\/la-ciudad-deportiva-aranzadi-abre-este-jueves-la-temporada-de-verano\\\/#breadcrumb\",\"itemListElement\":[{\"@type\":\"ListItem\",\"position\":1,\"name\":\"Portada\",\"item\":\"https:\\\/\\\/www.laguiadepamplona.com\\\/actualidad\\\/\"},{\"@type\":\"ListItem\",\"position\":2,\"name\":\"La Ciudad Deportiva Aranzadi abre este jueves la temporada de verano\"}]},{\"@type\":\"WebSite\",\"@id\":\"https:\\\/\\\/www.laguiadepamplona.com\\\/actualidad\\\/#website\",\"url\":\"https:\\\/\\\/www.laguiadepamplona.com\\\/actualidad\\\/\",\"name\":\"La gu\u00eda de Pamplona\",\"description\":\"Noticias de Pamplona\",\"publisher\":{\"@id\":\"https:\\\/\\\/www.laguiadepamplona.com\\\/actualidad\\\/#organization\"},\"potentialAction\":[{\"@type\":\"SearchAction\",\"target\":{\"@type\":\"EntryPoint\",\"urlTemplate\":\"https:\\\/\\\/www.laguiadepamplona.com\\\/actualidad\\\/?s={search_term_string}\"},\"query-input\":{\"@type\":\"PropertyValueSpecification\",\"valueRequired\":true,\"valueName\":\"search_term_string\"}}],\"inLanguage\":\"es\"},{\"@type\":\"Organization\",\"@id\":\"https:\\\/\\\/www.laguiadepamplona.com\\\/actualidad\\\/#organization\",\"name\":\"La Gu\u00eda de Pamplona \\\/ Noticias\",\"url\":\"https:\\\/\\\/www.laguiadepamplona.com\\\/actualidad\\\/\",\"logo\":{\"@type\":\"ImageObject\",\"inLanguage\":\"es\",\"@id\":\"https:\\\/\\\/www.laguiadepamplona.com\\\/actualidad\\\/#\\\/schema\\\/logo\\\/image\\\/\",\"url\":\"https:\\\/\\\/www.laguiadepamplona.com\\\/actualidad\\\/wp-content\\\/uploads\\\/2018\\\/11\\\/logo-laguiadepamplona18-web1.png\",\"contentUrl\":\"https:\\\/\\\/www.laguiadepamplona.com\\\/actualidad\\\/wp-content\\\/uploads\\\/2018\\\/11\\\/logo-laguiadepamplona18-web1.png\",\"width\":600,\"height\":196,\"caption\":\"La Gu\u00eda de Pamplona \\\/ Noticias\"},\"image\":{\"@id\":\"https:\\\/\\\/www.laguiadepamplona.com\\\/actualidad\\\/#\\\/schema\\\/logo\\\/image\\\/\"},\"sameAs\":[\"https:\\\/\\\/www.facebook.com\\\/laguiadepamplonacom-133175176762273\\\/?ref=hl\",\"https:\\\/\\\/x.com\\\/LaGuiadPamplona\",\"https:\\\/\\\/www.instagram.com\\\/la_guia_de_pamplona\\\/\",\"https:\\\/\\\/www.youtube.com\\\/user\\\/laguiadepamplona\"]},{\"@type\":\"Person\",\"@id\":\"https:\\\/\\\/www.laguiadepamplona.com\\\/actualidad\\\/#\\\/schema\\\/person\\\/efe887376f0213d4657c93adc50b1fdb\",\"name\":\"La Gu\u00eda de Pamplona\",\"image\":{\"@type\":\"ImageObject\",\"inLanguage\":\"es\",\"@id\":\"https:\\\/\\\/secure.gravatar.com\\\/avatar\\\/b6992f131dc8d30ab0dff15446e9d346d9dbd95992de0fef795073f5ea83a81c?s=96&d=mm&r=g\",\"url\":\"https:\\\/\\\/secure.gravatar.com\\\/avatar\\\/b6992f131dc8d30ab0dff15446e9d346d9dbd95992de0fef795073f5ea83a81c?s=96&d=mm&r=g\",\"contentUrl\":\"https:\\\/\\\/secure.gravatar.com\\\/avatar\\\/b6992f131dc8d30ab0dff15446e9d346d9dbd95992de0fef795073f5ea83a81c?s=96&d=mm&r=g\",\"caption\":\"La Gu\u00eda de Pamplona\"}}]}<\/script>\n<!-- \/ Yoast SEO plugin. -->","yoast_head_json":{"title":"La Ciudad Deportiva Aranzadi abre este jueves la temporada de verano","description":"Las personas interesadas puedan adquirir abonos de temporada, cuyo coste oscila entre los 40,30 y los 80,75","robots":{"index":"index","follow":"follow","max-snippet":"max-snippet:-1","max-image-preview":"max-image-preview:large","max-video-preview":"max-video-preview:-1"},"canonical":"https:\/\/www.laguiadepamplona.com\/actualidad\/la-ciudad-deportiva-aranzadi-abre-este-jueves-la-temporada-de-verano\/","og_locale":"es_ES","og_type":"article","og_title":"La Ciudad Deportiva Aranzadi abre este jueves la temporada de verano","og_description":"Las personas interesadas puedan adquirir abonos de temporada, cuyo coste oscila entre los 40,30 y los 80,75","og_url":"https:\/\/www.laguiadepamplona.com\/actualidad\/la-ciudad-deportiva-aranzadi-abre-este-jueves-la-temporada-de-verano\/","og_site_name":"La Gu\u00eda de Pamplona","article_publisher":"https:\/\/www.facebook.com\/laguiadepamplonacom-133175176762273\/?ref=hl","article_published_time":"2023-06-13T10:32:54+00:00","og_image":[{"width":1600,"height":1068,"url":"https:\/\/www.laguiadepamplona.com\/actualidad\/wp-content\/uploads\/2023\/06\/piscina-aranzadi.webp","type":"image\/webp"}],"author":"La Gu\u00eda de Pamplona","twitter_card":"summary_large_image","twitter_creator":"@LaGuiadPamplona","twitter_site":"@LaGuiadPamplona","twitter_misc":{"Escrito por":"La Gu\u00eda de Pamplona","Tiempo de lectura":"4 minutos"},"schema":{"@context":"https:\/\/schema.org","@graph":[{"@type":"Article","@id":"https:\/\/www.laguiadepamplona.com\/actualidad\/la-ciudad-deportiva-aranzadi-abre-este-jueves-la-temporada-de-verano\/#article","isPartOf":{"@id":"https:\/\/www.laguiadepamplona.com\/actualidad\/la-ciudad-deportiva-aranzadi-abre-este-jueves-la-temporada-de-verano\/"},"author":{"name":"La Gu\u00eda de Pamplona","@id":"https:\/\/www.laguiadepamplona.com\/actualidad\/#\/schema\/person\/efe887376f0213d4657c93adc50b1fdb"},"headline":"La Ciudad Deportiva Aranzadi abre este jueves la temporada de verano","datePublished":"2023-06-13T10:32:54+00:00","mainEntityOfPage":{"@id":"https:\/\/www.laguiadepamplona.com\/actualidad\/la-ciudad-deportiva-aranzadi-abre-este-jueves-la-temporada-de-verano\/"},"wordCount":883,"commentCount":0,"publisher":{"@id":"https:\/\/www.laguiadepamplona.com\/actualidad\/#organization"},"image":{"@id":"https:\/\/www.laguiadepamplona.com\/actualidad\/la-ciudad-deportiva-aranzadi-abre-este-jueves-la-temporada-de-verano\/#primaryimage"},"thumbnailUrl":"https:\/\/www.laguiadepamplona.com\/actualidad\/wp-content\/uploads\/2023\/06\/piscina-aranzadi.webp","articleSection":["Ayto Pamplona"],"inLanguage":"es","potentialAction":[{"@type":"CommentAction","name":"Comment","target":["https:\/\/www.laguiadepamplona.com\/actualidad\/la-ciudad-deportiva-aranzadi-abre-este-jueves-la-temporada-de-verano\/#respond"]}]},{"@type":"WebPage","@id":"https:\/\/www.laguiadepamplona.com\/actualidad\/la-ciudad-deportiva-aranzadi-abre-este-jueves-la-temporada-de-verano\/","url":"https:\/\/www.laguiadepamplona.com\/actualidad\/la-ciudad-deportiva-aranzadi-abre-este-jueves-la-temporada-de-verano\/","name":"La Ciudad Deportiva Aranzadi abre este jueves la temporada de verano","isPartOf":{"@id":"https:\/\/www.laguiadepamplona.com\/actualidad\/#website"},"primaryImageOfPage":{"@id":"https:\/\/www.laguiadepamplona.com\/actualidad\/la-ciudad-deportiva-aranzadi-abre-este-jueves-la-temporada-de-verano\/#primaryimage"},"image":{"@id":"https:\/\/www.laguiadepamplona.com\/actualidad\/la-ciudad-deportiva-aranzadi-abre-este-jueves-la-temporada-de-verano\/#primaryimage"},"thumbnailUrl":"https:\/\/www.laguiadepamplona.com\/actualidad\/wp-content\/uploads\/2023\/06\/piscina-aranzadi.webp","datePublished":"2023-06-13T10:32:54+00:00","description":"Las personas interesadas puedan adquirir abonos de temporada, cuyo coste oscila entre los 40,30 y los 80,75","breadcrumb":{"@id":"https:\/\/www.laguiadepamplona.com\/actualidad\/la-ciudad-deportiva-aranzadi-abre-este-jueves-la-temporada-de-verano\/#breadcrumb"},"inLanguage":"es","potentialAction":[{"@type":"ReadAction","target":["https:\/\/www.laguiadepamplona.com\/actualidad\/la-ciudad-deportiva-aranzadi-abre-este-jueves-la-temporada-de-verano\/"]}]},{"@type":"ImageObject","inLanguage":"es","@id":"https:\/\/www.laguiadepamplona.com\/actualidad\/la-ciudad-deportiva-aranzadi-abre-este-jueves-la-temporada-de-verano\/#primaryimage","url":"https:\/\/www.laguiadepamplona.com\/actualidad\/wp-content\/uploads\/2023\/06\/piscina-aranzadi.webp","contentUrl":"https:\/\/www.laguiadepamplona.com\/actualidad\/wp-content\/uploads\/2023\/06\/piscina-aranzadi.webp","width":1600,"height":1068},{"@type":"BreadcrumbList","@id":"https:\/\/www.laguiadepamplona.com\/actualidad\/la-ciudad-deportiva-aranzadi-abre-este-jueves-la-temporada-de-verano\/#breadcrumb","itemListElement":[{"@type":"ListItem","position":1,"name":"Portada","item":"https:\/\/www.laguiadepamplona.com\/actualidad\/"},{"@type":"ListItem","position":2,"name":"La Ciudad Deportiva Aranzadi abre este jueves la temporada de verano"}]},{"@type":"WebSite","@id":"https:\/\/www.laguiadepamplona.com\/actualidad\/#website","url":"https:\/\/www.laguiadepamplona.com\/actualidad\/","name":"La gu\u00eda de Pamplona","description":"Noticias de Pamplona","publisher":{"@id":"https:\/\/www.laguiadepamplona.com\/actualidad\/#organization"},"potentialAction":[{"@type":"SearchAction","target":{"@type":"EntryPoint","urlTemplate":"https:\/\/www.laguiadepamplona.com\/actualidad\/?s={search_term_string}"},"query-input":{"@type":"PropertyValueSpecification","valueRequired":true,"valueName":"search_term_string"}}],"inLanguage":"es"},{"@type":"Organization","@id":"https:\/\/www.laguiadepamplona.com\/actualidad\/#organization","name":"La Gu\u00eda de Pamplona \/ Noticias","url":"https:\/\/www.laguiadepamplona.com\/actualidad\/","logo":{"@type":"ImageObject","inLanguage":"es","@id":"https:\/\/www.laguiadepamplona.com\/actualidad\/#\/schema\/logo\/image\/","url":"https:\/\/www.laguiadepamplona.com\/actualidad\/wp-content\/uploads\/2018\/11\/logo-laguiadepamplona18-web1.png","contentUrl":"https:\/\/www.laguiadepamplona.com\/actualidad\/wp-content\/uploads\/2018\/11\/logo-laguiadepamplona18-web1.png","width":600,"height":196,"caption":"La Gu\u00eda de Pamplona \/ Noticias"},"image":{"@id":"https:\/\/www.laguiadepamplona.com\/actualidad\/#\/schema\/logo\/image\/"},"sameAs":["https:\/\/www.facebook.com\/laguiadepamplonacom-133175176762273\/?ref=hl","https:\/\/x.com\/LaGuiadPamplona","https:\/\/www.instagram.com\/la_guia_de_pamplona\/","https:\/\/www.youtube.com\/user\/laguiadepamplona"]},{"@type":"Person","@id":"https:\/\/www.laguiadepamplona.com\/actualidad\/#\/schema\/person\/efe887376f0213d4657c93adc50b1fdb","name":"La Gu\u00eda de Pamplona","image":{"@type":"ImageObject","inLanguage":"es","@id":"https:\/\/secure.gravatar.com\/avatar\/b6992f131dc8d30ab0dff15446e9d346d9dbd95992de0fef795073f5ea83a81c?s=96&d=mm&r=g","url":"https:\/\/secure.gravatar.com\/avatar\/b6992f131dc8d30ab0dff15446e9d346d9dbd95992de0fef795073f5ea83a81c?s=96&d=mm&r=g","contentUrl":"https:\/\/secure.gravatar.com\/avatar\/b6992f131dc8d30ab0dff15446e9d346d9dbd95992de0fef795073f5ea83a81c?s=96&d=mm&r=g","caption":"La Gu\u00eda de Pamplona"}}]}},"post_mailing_queue_ids":[],"_links":{"self":[{"href":"https:\/\/www.laguiadepamplona.com\/actualidad\/wp-json\/wp\/v2\/posts\/47038","targetHints":{"allow":["GET"]}}],"collection":[{"href":"https:\/\/www.laguiadepamplona.com\/actualidad\/wp-json\/wp\/v2\/posts"}],"about":[{"href":"https:\/\/www.laguiadepamplona.com\/actualidad\/wp-json\/wp\/v2\/types\/post"}],"author":[{"embeddable":true,"href":"https:\/\/www.laguiadepamplona.com\/actualidad\/wp-json\/wp\/v2\/users\/1"}],"replies":[{"embeddable":true,"href":"https:\/\/www.laguiadepamplona.com\/actualidad\/wp-json\/wp\/v2\/comments?post=47038"}],"version-history":[{"count":1,"href":"https:\/\/www.laguiadepamplona.com\/actualidad\/wp-json\/wp\/v2\/posts\/47038\/revisions"}],"predecessor-version":[{"id":47040,"href":"https:\/\/www.laguiadepamplona.com\/actualidad\/wp-json\/wp\/v2\/posts\/47038\/revisions\/47040"}],"wp:featuredmedia":[{"embeddable":true,"href":"https:\/\/www.laguiadepamplona.com\/actualidad\/wp-json\/wp\/v2\/media\/47039"}],"wp:attachment":[{"href":"https:\/\/www.laguiadepamplona.com\/actualidad\/wp-json\/wp\/v2\/media?parent=47038"}],"wp:term":[{"taxonomy":"category","embeddable":true,"href":"https:\/\/www.laguiadepamplona.com\/actualidad\/wp-json\/wp\/v2\/categories?post=47038"},{"taxonomy":"post_tag","embeddable":true,"href":"https:\/\/www.laguiadepamplona.com\/actualidad\/wp-json\/wp\/v2\/tags?post=47038"}],"curies":[{"name":"wp","href":"https:\/\/api.w.org\/{rel}","templated":true}]}}