{"id":47022,"date":"2023-06-12T18:46:24","date_gmt":"2023-06-12T16:46:24","guid":{"rendered":"https:\/\/www.laguiadepamplona.com\/actualidad\/?p=47022"},"modified":"2023-06-12T18:46:24","modified_gmt":"2023-06-12T16:46:24","slug":"aprobada-la-licitacion-de-las-obras-del-nuevo-itinerario-ciclable-y-peatonal-de-la-cuesta-de-beloso-que-debera-estar-listo-en-el-plazo-de-un-ano","status":"publish","type":"post","link":"https:\/\/www.laguiadepamplona.com\/actualidad\/aprobada-la-licitacion-de-las-obras-del-nuevo-itinerario-ciclable-y-peatonal-de-la-cuesta-de-beloso-que-debera-estar-listo-en-el-plazo-de-un-ano\/","title":{"rendered":"Aprobada la licitaci\u00f3n de las obras del nuevo itinerario ciclable y peatonal de la Cuesta de Beloso, que deber\u00e1 estar listo en el plazo de un a\u00f1o"},"content":{"rendered":"<h3>El proyecto, fruto del convenio entre Pamplona, Burlada y el Gobierno de Navarra, tiene un coste de 4,7 millones y ser\u00e1 financiado con fondos Next Generation EU<\/h3>\n<p><!--more--><\/p>\n<p>La Junta de Gobierno Local del Ayuntamiento de Pamplona ha acordado, en su sesi\u00f3n de hoy, aprobar la licitaci\u00f3n de las obras del nuevo carril bici y peatonal de la Cuesta de Beloso, que unir\u00e1 Pamplona con Burlada. La obra, fruto del convenio de colaboraci\u00f3n entre los dos ayuntamientos y el Gobierno de Navarra, tendr\u00e1 un coste de 4.744.312,38 euros, que ser\u00e1n financiados dentro del Plan de Recuperaci\u00f3n, Transformaci\u00f3n y Resiliencia por los fondos europeos Next Generation EU. Por su parte, para la direcci\u00f3n de obra se han previsto otros 163.596,97 euros. Una vez licitada la obra, \u00e9sta deber\u00e1 estar lista en el plazo de 12 meses.<br \/>\n<script async src=\"\/\/pagead2.googlesyndication.com\/pagead\/js\/adsbygoogle.js\"><\/script><br \/>\n<!-- Noticias La Guia de Pamplona --><br \/>\n<ins class=\"adsbygoogle\"\nstyle=\"display:block\"\ndata-ad-client=\"ca-pub-6943679897239327\"\ndata-ad-slot=\"7048180777\"\ndata-ad-format=\"auto\"><\/ins><br \/>\n<script>\n(adsbygoogle = window.adsbygoogle || []).push({});\n<\/script><\/p>\n<p>El nuevo carril bici tendr\u00e1 una longitud de 1.188 metros, desde la glorieta de la Cuesta de Beloso con las calles Mayor y Bizkarmendia de Burlada, hasta su intersecci\u00f3n con la avenida de Baja Navarra, conectando ah\u00ed con el parque de la Media Luna. El objetivo es reordenar espacios para lograr un carril bici bidireccional de tres metros de anchura, segregado de la calzada y de la acera peatonal. De hecho, se modificar\u00e1 la acera para lograr 3,60 metros en la que se ubicar\u00e1 una barandilla de protecci\u00f3n peatonal y alcorques para la plantaci\u00f3n de arbolado. Este espacio estar\u00e1 separado de la calzada por una franja de protecci\u00f3n de un metro de anchura con bordillo. La calzada pasar\u00e1 a tener una anchura de 6,25 metros para dos carriles de circulaci\u00f3n y se reducir\u00e1 la anchura de la mediana.<\/p>\n<p>En total, se conseguir\u00e1 una anchura de 7,30 metros para el tr\u00e1nsito peatonal y ciclista. Para ello, adem\u00e1s de reordenar espacios se ejecutar\u00e1 un voladizo de 2,10 metros de vuelo sobre el actual muro de contenci\u00f3n del talud, en la margen derecha en sentido Pamplona. Todo ello permitir\u00e1 mejorar la seguridad y comodidad de ciclistas y peatones, en una de las v\u00edas m\u00e1s transitadas de la ciudad, puesto que es punto de acceso desde la zona Este de la comarca. Se prev\u00e9, adem\u00e1s, adecuar los carriles, para solucionar los accesos tanto a la Ciudad Deportiva Amaya como al hotel Alma Pamplona, ubicados en la misma Cuesta de Beloso, mediante el retranqueo del espacio, as\u00ed como a la estaci\u00f3n de servicio de la avenida de Baja Navarra, donde se bordear\u00e1 el edificio por su parte trasera para evitar el tr\u00e1fico de quienes quieran repostar.<\/p>\n<p>El carril bici y peatonal se estrechar\u00e1 a la altura del viaducto sobre el r\u00edo Arga, ya que por razones estructurales no se puede realizar el voladizo en esa zona.<br \/>\n<script async src=\"\/\/pagead2.googlesyndication.com\/pagead\/js\/adsbygoogle.js\"><\/script><br \/>\n<!-- Noticias La Guia de Pamplona --><br \/>\n<ins class=\"adsbygoogle\"\nstyle=\"display:block\"\ndata-ad-client=\"ca-pub-6943679897239327\"\ndata-ad-slot=\"7048180777\"\ndata-ad-format=\"auto\"><\/ins><br \/>\n<script>\n(adsbygoogle = window.adsbygoogle || []).push({});\n<\/script><\/p>\n<p><strong>Mejor relaci\u00f3n calidad-precio<\/strong><\/p>\n<p>Para adjudicar el contrato, el Ayuntamiento de Pamplona tendr\u00e1 en cuenta la oferta con la mejor relaci\u00f3n calidad-precio. Para ello, valorar\u00e1 con hasta 45 puntos la propuesta t\u00e9cnica presentada, que debe incluir la memoria explicativa del planteamiento de la obra y su desarrollo (15 puntos), el tratamiento de las afecciones al tr\u00e1fico rodado y peatonal (20 puntos) y el plan de obra (10 puntos). Asimismo, se conceder\u00e1n hasta 40 puntos a la oferta econ\u00f3mica.<\/p>\n<p>El resto de la puntuaci\u00f3n se complementa con 10 puntos para criterios sociales y otros 5 puntos por criterios medioambientales. En concreto, esta puntuaci\u00f3n se obtendr\u00e1 siempre que el licitador se comprometa a subcontratar los trabajos de limpieza de fin de obra con una empresa de inserci\u00f3n, un centro especial de empleo de iniciativa social o una empresa de econom\u00eda social, y si cuenta con el sistema de gesti\u00f3n ambiental (ISO 14001) o el sistema comunitario de Ecogesti\u00f3n y Ecoauditor\u00eda EMAS.<br \/>\n<script async src=\"\/\/pagead2.googlesyndication.com\/pagead\/js\/adsbygoogle.js\"><\/script><br \/>\n<!-- Noticias La Guia de Pamplona --><br \/>\n<ins class=\"adsbygoogle\"\nstyle=\"display:block\"\ndata-ad-client=\"ca-pub-6943679897239327\"\ndata-ad-slot=\"7048180777\"\ndata-ad-format=\"auto\"><\/ins><br \/>\n<script>\n(adsbygoogle = window.adsbygoogle || []).push({});\n<\/script><\/p>\n<p><strong>Tambi\u00e9n la direcci\u00f3n de obra<\/strong><\/p>\n<p>A los 4,7 millones de euros licitados para la ejecuci\u00f3n de la obra se suman otros 163.596,97 euros para adjudicar la direcci\u00f3n de la obra. El objetivo de este contrato es controlar y garantizar que las obras de construcci\u00f3n del nuevo vial ciclista y peatonal se ejecuten de manera correcta, mejorando con ello la movilidad urbana.<\/p>\n<p>El contrato de direcci\u00f3n de obra comenzar\u00e1 con el inicio de obras y se prolongar\u00e1n durante toda la ejecuci\u00f3n de los trabajos, previstos para doce meses. Para la selecci\u00f3n de la empresa encargada de la direcci\u00f3n de obra, el Consistorio valorar\u00e1 la propuesta t\u00e9cnica (50 puntos) y la oferta econ\u00f3mica (40 puntos), y se conceder\u00e1n diez puntos m\u00e1s para criterios sociales. En la propuesta t\u00e9cnica se tendr\u00e1 en cuenta el estudio del proyecto (hasta 25 puntos), la descripci\u00f3n del proceso y metodolog\u00eda (20 puntos) y el plan de atenci\u00f3n previsto durante el plazo de garant\u00eda de la obra (5 puntos).<\/p>\n<p>Aunque la licitaci\u00f3n y adjudicaci\u00f3n de las obras corresponde al Ayuntamiento de Pamplona, seg\u00fan el convenio suscrito entre las partes el pasado 5 de abril, el grueso de la cuant\u00eda, hasta los 4.082.327,83 euros, corresponde a los fondos Next Generation EU que transfiere el MITMA a trav\u00e9s del Gobierno de Navarra, concretamente del Departamento de Cohesi\u00f3n Territorial. El Consistorio pamplon\u00e9s aportar\u00e1 824.239,42 euros y el de Burlada, otros 27.546,50 euros.<\/p>\n","protected":false},"excerpt":{"rendered":"<p>El proyecto, fruto del convenio entre Pamplona, Burlada y el Gobierno de Navarra, tiene un coste de 4,7 millones y ser\u00e1 financiado con fondos Next Generation EU<\/p>\n","protected":false},"author":1,"featured_media":47023,"comment_status":"open","ping_status":"closed","sticky":false,"template":"","format":"standard","meta":{"footnotes":""},"categories":[2],"tags":[],"class_list":["post-47022","post","type-post","status-publish","format-standard","has-post-thumbnail","hentry","category-ayuntamiento-pamplona"],"yoast_head":"<!-- This site is optimized with the Yoast SEO plugin v27.3 - https:\/\/yoast.com\/product\/yoast-seo-wordpress\/ -->\n<title>Aprobada la licitaci\u00f3n de las obras del nuevo itinerario ciclable y peatonal de la Cuesta de Beloso, que deber\u00e1 estar listo en el plazo de un a\u00f1o<\/title>\n<meta name=\"description\" content=\"El proyecto, fruto del convenio entre Pamplona, Burlada y el Gobierno de Navarra, tiene un coste de 4,7 millones y ser\u00e1 financiado con fondos Next Generation EU\" \/>\n<meta name=\"robots\" content=\"index, follow, max-snippet:-1, max-image-preview:large, max-video-preview:-1\" \/>\n<link rel=\"canonical\" href=\"https:\/\/www.laguiadepamplona.com\/actualidad\/aprobada-la-licitacion-de-las-obras-del-nuevo-itinerario-ciclable-y-peatonal-de-la-cuesta-de-beloso-que-debera-estar-listo-en-el-plazo-de-un-ano\/\" \/>\n<meta property=\"og:locale\" content=\"es_ES\" \/>\n<meta property=\"og:type\" content=\"article\" \/>\n<meta property=\"og:title\" content=\"Aprobada la licitaci\u00f3n de las obras del nuevo itinerario ciclable y peatonal de la Cuesta de Beloso, que deber\u00e1 estar listo en el plazo de un a\u00f1o\" \/>\n<meta property=\"og:description\" content=\"El proyecto, fruto del convenio entre Pamplona, Burlada y el Gobierno de Navarra, tiene un coste de 4,7 millones y ser\u00e1 financiado con fondos Next Generation EU\" \/>\n<meta property=\"og:url\" content=\"https:\/\/www.laguiadepamplona.com\/actualidad\/aprobada-la-licitacion-de-las-obras-del-nuevo-itinerario-ciclable-y-peatonal-de-la-cuesta-de-beloso-que-debera-estar-listo-en-el-plazo-de-un-ano\/\" \/>\n<meta property=\"og:site_name\" content=\"La Gu\u00eda de Pamplona\" \/>\n<meta property=\"article:publisher\" content=\"https:\/\/www.facebook.com\/laguiadepamplonacom-133175176762273\/?ref=hl\" \/>\n<meta property=\"article:published_time\" content=\"2023-06-12T16:46:24+00:00\" \/>\n<meta property=\"og:image\" content=\"https:\/\/www.laguiadepamplona.com\/actualidad\/wp-content\/uploads\/2023\/06\/beloso.webp\" \/>\n\t<meta property=\"og:image:width\" content=\"867\" \/>\n\t<meta property=\"og:image:height\" content=\"491\" \/>\n\t<meta property=\"og:image:type\" content=\"image\/webp\" \/>\n<meta name=\"author\" content=\"La Gu\u00eda de Pamplona\" \/>\n<meta name=\"twitter:card\" content=\"summary_large_image\" \/>\n<meta name=\"twitter:creator\" content=\"@LaGuiadPamplona\" \/>\n<meta name=\"twitter:site\" content=\"@LaGuiadPamplona\" \/>\n<meta name=\"twitter:label1\" content=\"Escrito por\" \/>\n\t<meta name=\"twitter:data1\" content=\"La Gu\u00eda de Pamplona\" \/>\n\t<meta name=\"twitter:label2\" content=\"Tiempo de lectura\" \/>\n\t<meta name=\"twitter:data2\" content=\"4 minutos\" \/>\n<script type=\"application\/ld+json\" class=\"yoast-schema-graph\">{\"@context\":\"https:\\\/\\\/schema.org\",\"@graph\":[{\"@type\":\"Article\",\"@id\":\"https:\\\/\\\/www.laguiadepamplona.com\\\/actualidad\\\/aprobada-la-licitacion-de-las-obras-del-nuevo-itinerario-ciclable-y-peatonal-de-la-cuesta-de-beloso-que-debera-estar-listo-en-el-plazo-de-un-ano\\\/#article\",\"isPartOf\":{\"@id\":\"https:\\\/\\\/www.laguiadepamplona.com\\\/actualidad\\\/aprobada-la-licitacion-de-las-obras-del-nuevo-itinerario-ciclable-y-peatonal-de-la-cuesta-de-beloso-que-debera-estar-listo-en-el-plazo-de-un-ano\\\/\"},\"author\":{\"name\":\"La Gu\u00eda de Pamplona\",\"@id\":\"https:\\\/\\\/www.laguiadepamplona.com\\\/actualidad\\\/#\\\/schema\\\/person\\\/efe887376f0213d4657c93adc50b1fdb\"},\"headline\":\"Aprobada la licitaci\u00f3n de las obras del nuevo itinerario ciclable y peatonal de la Cuesta de Beloso, que deber\u00e1 estar listo en el plazo de un a\u00f1o\",\"datePublished\":\"2023-06-12T16:46:24+00:00\",\"mainEntityOfPage\":{\"@id\":\"https:\\\/\\\/www.laguiadepamplona.com\\\/actualidad\\\/aprobada-la-licitacion-de-las-obras-del-nuevo-itinerario-ciclable-y-peatonal-de-la-cuesta-de-beloso-que-debera-estar-listo-en-el-plazo-de-un-ano\\\/\"},\"wordCount\":895,\"commentCount\":0,\"publisher\":{\"@id\":\"https:\\\/\\\/www.laguiadepamplona.com\\\/actualidad\\\/#organization\"},\"image\":{\"@id\":\"https:\\\/\\\/www.laguiadepamplona.com\\\/actualidad\\\/aprobada-la-licitacion-de-las-obras-del-nuevo-itinerario-ciclable-y-peatonal-de-la-cuesta-de-beloso-que-debera-estar-listo-en-el-plazo-de-un-ano\\\/#primaryimage\"},\"thumbnailUrl\":\"https:\\\/\\\/www.laguiadepamplona.com\\\/actualidad\\\/wp-content\\\/uploads\\\/2023\\\/06\\\/beloso.webp\",\"articleSection\":[\"Ayto Pamplona\"],\"inLanguage\":\"es\",\"potentialAction\":[{\"@type\":\"CommentAction\",\"name\":\"Comment\",\"target\":[\"https:\\\/\\\/www.laguiadepamplona.com\\\/actualidad\\\/aprobada-la-licitacion-de-las-obras-del-nuevo-itinerario-ciclable-y-peatonal-de-la-cuesta-de-beloso-que-debera-estar-listo-en-el-plazo-de-un-ano\\\/#respond\"]}]},{\"@type\":\"WebPage\",\"@id\":\"https:\\\/\\\/www.laguiadepamplona.com\\\/actualidad\\\/aprobada-la-licitacion-de-las-obras-del-nuevo-itinerario-ciclable-y-peatonal-de-la-cuesta-de-beloso-que-debera-estar-listo-en-el-plazo-de-un-ano\\\/\",\"url\":\"https:\\\/\\\/www.laguiadepamplona.com\\\/actualidad\\\/aprobada-la-licitacion-de-las-obras-del-nuevo-itinerario-ciclable-y-peatonal-de-la-cuesta-de-beloso-que-debera-estar-listo-en-el-plazo-de-un-ano\\\/\",\"name\":\"Aprobada la licitaci\u00f3n de las obras del nuevo itinerario ciclable y peatonal de la Cuesta de Beloso, que deber\u00e1 estar listo en el plazo de un a\u00f1o\",\"isPartOf\":{\"@id\":\"https:\\\/\\\/www.laguiadepamplona.com\\\/actualidad\\\/#website\"},\"primaryImageOfPage\":{\"@id\":\"https:\\\/\\\/www.laguiadepamplona.com\\\/actualidad\\\/aprobada-la-licitacion-de-las-obras-del-nuevo-itinerario-ciclable-y-peatonal-de-la-cuesta-de-beloso-que-debera-estar-listo-en-el-plazo-de-un-ano\\\/#primaryimage\"},\"image\":{\"@id\":\"https:\\\/\\\/www.laguiadepamplona.com\\\/actualidad\\\/aprobada-la-licitacion-de-las-obras-del-nuevo-itinerario-ciclable-y-peatonal-de-la-cuesta-de-beloso-que-debera-estar-listo-en-el-plazo-de-un-ano\\\/#primaryimage\"},\"thumbnailUrl\":\"https:\\\/\\\/www.laguiadepamplona.com\\\/actualidad\\\/wp-content\\\/uploads\\\/2023\\\/06\\\/beloso.webp\",\"datePublished\":\"2023-06-12T16:46:24+00:00\",\"description\":\"El proyecto, fruto del convenio entre Pamplona, Burlada y el Gobierno de Navarra, tiene un coste de 4,7 millones y ser\u00e1 financiado con fondos Next Generation EU\",\"breadcrumb\":{\"@id\":\"https:\\\/\\\/www.laguiadepamplona.com\\\/actualidad\\\/aprobada-la-licitacion-de-las-obras-del-nuevo-itinerario-ciclable-y-peatonal-de-la-cuesta-de-beloso-que-debera-estar-listo-en-el-plazo-de-un-ano\\\/#breadcrumb\"},\"inLanguage\":\"es\",\"potentialAction\":[{\"@type\":\"ReadAction\",\"target\":[\"https:\\\/\\\/www.laguiadepamplona.com\\\/actualidad\\\/aprobada-la-licitacion-de-las-obras-del-nuevo-itinerario-ciclable-y-peatonal-de-la-cuesta-de-beloso-que-debera-estar-listo-en-el-plazo-de-un-ano\\\/\"]}]},{\"@type\":\"ImageObject\",\"inLanguage\":\"es\",\"@id\":\"https:\\\/\\\/www.laguiadepamplona.com\\\/actualidad\\\/aprobada-la-licitacion-de-las-obras-del-nuevo-itinerario-ciclable-y-peatonal-de-la-cuesta-de-beloso-que-debera-estar-listo-en-el-plazo-de-un-ano\\\/#primaryimage\",\"url\":\"https:\\\/\\\/www.laguiadepamplona.com\\\/actualidad\\\/wp-content\\\/uploads\\\/2023\\\/06\\\/beloso.webp\",\"contentUrl\":\"https:\\\/\\\/www.laguiadepamplona.com\\\/actualidad\\\/wp-content\\\/uploads\\\/2023\\\/06\\\/beloso.webp\",\"width\":867,\"height\":491},{\"@type\":\"BreadcrumbList\",\"@id\":\"https:\\\/\\\/www.laguiadepamplona.com\\\/actualidad\\\/aprobada-la-licitacion-de-las-obras-del-nuevo-itinerario-ciclable-y-peatonal-de-la-cuesta-de-beloso-que-debera-estar-listo-en-el-plazo-de-un-ano\\\/#breadcrumb\",\"itemListElement\":[{\"@type\":\"ListItem\",\"position\":1,\"name\":\"Portada\",\"item\":\"https:\\\/\\\/www.laguiadepamplona.com\\\/actualidad\\\/\"},{\"@type\":\"ListItem\",\"position\":2,\"name\":\"Aprobada la licitaci\u00f3n de las obras del nuevo itinerario ciclable y peatonal de la Cuesta de Beloso, que deber\u00e1 estar listo en el plazo de un a\u00f1o\"}]},{\"@type\":\"WebSite\",\"@id\":\"https:\\\/\\\/www.laguiadepamplona.com\\\/actualidad\\\/#website\",\"url\":\"https:\\\/\\\/www.laguiadepamplona.com\\\/actualidad\\\/\",\"name\":\"La gu\u00eda de Pamplona\",\"description\":\"Noticias de Pamplona\",\"publisher\":{\"@id\":\"https:\\\/\\\/www.laguiadepamplona.com\\\/actualidad\\\/#organization\"},\"potentialAction\":[{\"@type\":\"SearchAction\",\"target\":{\"@type\":\"EntryPoint\",\"urlTemplate\":\"https:\\\/\\\/www.laguiadepamplona.com\\\/actualidad\\\/?s={search_term_string}\"},\"query-input\":{\"@type\":\"PropertyValueSpecification\",\"valueRequired\":true,\"valueName\":\"search_term_string\"}}],\"inLanguage\":\"es\"},{\"@type\":\"Organization\",\"@id\":\"https:\\\/\\\/www.laguiadepamplona.com\\\/actualidad\\\/#organization\",\"name\":\"La Gu\u00eda de Pamplona \\\/ Noticias\",\"url\":\"https:\\\/\\\/www.laguiadepamplona.com\\\/actualidad\\\/\",\"logo\":{\"@type\":\"ImageObject\",\"inLanguage\":\"es\",\"@id\":\"https:\\\/\\\/www.laguiadepamplona.com\\\/actualidad\\\/#\\\/schema\\\/logo\\\/image\\\/\",\"url\":\"https:\\\/\\\/www.laguiadepamplona.com\\\/actualidad\\\/wp-content\\\/uploads\\\/2018\\\/11\\\/logo-laguiadepamplona18-web1.png\",\"contentUrl\":\"https:\\\/\\\/www.laguiadepamplona.com\\\/actualidad\\\/wp-content\\\/uploads\\\/2018\\\/11\\\/logo-laguiadepamplona18-web1.png\",\"width\":600,\"height\":196,\"caption\":\"La Gu\u00eda de Pamplona \\\/ Noticias\"},\"image\":{\"@id\":\"https:\\\/\\\/www.laguiadepamplona.com\\\/actualidad\\\/#\\\/schema\\\/logo\\\/image\\\/\"},\"sameAs\":[\"https:\\\/\\\/www.facebook.com\\\/laguiadepamplonacom-133175176762273\\\/?ref=hl\",\"https:\\\/\\\/x.com\\\/LaGuiadPamplona\",\"https:\\\/\\\/www.instagram.com\\\/la_guia_de_pamplona\\\/\",\"https:\\\/\\\/www.youtube.com\\\/user\\\/laguiadepamplona\"]},{\"@type\":\"Person\",\"@id\":\"https:\\\/\\\/www.laguiadepamplona.com\\\/actualidad\\\/#\\\/schema\\\/person\\\/efe887376f0213d4657c93adc50b1fdb\",\"name\":\"La Gu\u00eda de Pamplona\",\"image\":{\"@type\":\"ImageObject\",\"inLanguage\":\"es\",\"@id\":\"https:\\\/\\\/secure.gravatar.com\\\/avatar\\\/b6992f131dc8d30ab0dff15446e9d346d9dbd95992de0fef795073f5ea83a81c?s=96&d=mm&r=g\",\"url\":\"https:\\\/\\\/secure.gravatar.com\\\/avatar\\\/b6992f131dc8d30ab0dff15446e9d346d9dbd95992de0fef795073f5ea83a81c?s=96&d=mm&r=g\",\"contentUrl\":\"https:\\\/\\\/secure.gravatar.com\\\/avatar\\\/b6992f131dc8d30ab0dff15446e9d346d9dbd95992de0fef795073f5ea83a81c?s=96&d=mm&r=g\",\"caption\":\"La Gu\u00eda de Pamplona\"}}]}<\/script>\n<!-- \/ Yoast SEO plugin. -->","yoast_head_json":{"title":"Aprobada la licitaci\u00f3n de las obras del nuevo itinerario ciclable y peatonal de la Cuesta de Beloso, que deber\u00e1 estar listo en el plazo de un a\u00f1o","description":"El proyecto, fruto del convenio entre Pamplona, Burlada y el Gobierno de Navarra, tiene un coste de 4,7 millones y ser\u00e1 financiado con fondos Next Generation EU","robots":{"index":"index","follow":"follow","max-snippet":"max-snippet:-1","max-image-preview":"max-image-preview:large","max-video-preview":"max-video-preview:-1"},"canonical":"https:\/\/www.laguiadepamplona.com\/actualidad\/aprobada-la-licitacion-de-las-obras-del-nuevo-itinerario-ciclable-y-peatonal-de-la-cuesta-de-beloso-que-debera-estar-listo-en-el-plazo-de-un-ano\/","og_locale":"es_ES","og_type":"article","og_title":"Aprobada la licitaci\u00f3n de las obras del nuevo itinerario ciclable y peatonal de la Cuesta de Beloso, que deber\u00e1 estar listo en el plazo de un a\u00f1o","og_description":"El proyecto, fruto del convenio entre Pamplona, Burlada y el Gobierno de Navarra, tiene un coste de 4,7 millones y ser\u00e1 financiado con fondos Next Generation EU","og_url":"https:\/\/www.laguiadepamplona.com\/actualidad\/aprobada-la-licitacion-de-las-obras-del-nuevo-itinerario-ciclable-y-peatonal-de-la-cuesta-de-beloso-que-debera-estar-listo-en-el-plazo-de-un-ano\/","og_site_name":"La Gu\u00eda de Pamplona","article_publisher":"https:\/\/www.facebook.com\/laguiadepamplonacom-133175176762273\/?ref=hl","article_published_time":"2023-06-12T16:46:24+00:00","og_image":[{"width":867,"height":491,"url":"https:\/\/www.laguiadepamplona.com\/actualidad\/wp-content\/uploads\/2023\/06\/beloso.webp","type":"image\/webp"}],"author":"La Gu\u00eda de Pamplona","twitter_card":"summary_large_image","twitter_creator":"@LaGuiadPamplona","twitter_site":"@LaGuiadPamplona","twitter_misc":{"Escrito por":"La Gu\u00eda de Pamplona","Tiempo de lectura":"4 minutos"},"schema":{"@context":"https:\/\/schema.org","@graph":[{"@type":"Article","@id":"https:\/\/www.laguiadepamplona.com\/actualidad\/aprobada-la-licitacion-de-las-obras-del-nuevo-itinerario-ciclable-y-peatonal-de-la-cuesta-de-beloso-que-debera-estar-listo-en-el-plazo-de-un-ano\/#article","isPartOf":{"@id":"https:\/\/www.laguiadepamplona.com\/actualidad\/aprobada-la-licitacion-de-las-obras-del-nuevo-itinerario-ciclable-y-peatonal-de-la-cuesta-de-beloso-que-debera-estar-listo-en-el-plazo-de-un-ano\/"},"author":{"name":"La Gu\u00eda de Pamplona","@id":"https:\/\/www.laguiadepamplona.com\/actualidad\/#\/schema\/person\/efe887376f0213d4657c93adc50b1fdb"},"headline":"Aprobada la licitaci\u00f3n de las obras del nuevo itinerario ciclable y peatonal de la Cuesta de Beloso, que deber\u00e1 estar listo en el plazo de un a\u00f1o","datePublished":"2023-06-12T16:46:24+00:00","mainEntityOfPage":{"@id":"https:\/\/www.laguiadepamplona.com\/actualidad\/aprobada-la-licitacion-de-las-obras-del-nuevo-itinerario-ciclable-y-peatonal-de-la-cuesta-de-beloso-que-debera-estar-listo-en-el-plazo-de-un-ano\/"},"wordCount":895,"commentCount":0,"publisher":{"@id":"https:\/\/www.laguiadepamplona.com\/actualidad\/#organization"},"image":{"@id":"https:\/\/www.laguiadepamplona.com\/actualidad\/aprobada-la-licitacion-de-las-obras-del-nuevo-itinerario-ciclable-y-peatonal-de-la-cuesta-de-beloso-que-debera-estar-listo-en-el-plazo-de-un-ano\/#primaryimage"},"thumbnailUrl":"https:\/\/www.laguiadepamplona.com\/actualidad\/wp-content\/uploads\/2023\/06\/beloso.webp","articleSection":["Ayto Pamplona"],"inLanguage":"es","potentialAction":[{"@type":"CommentAction","name":"Comment","target":["https:\/\/www.laguiadepamplona.com\/actualidad\/aprobada-la-licitacion-de-las-obras-del-nuevo-itinerario-ciclable-y-peatonal-de-la-cuesta-de-beloso-que-debera-estar-listo-en-el-plazo-de-un-ano\/#respond"]}]},{"@type":"WebPage","@id":"https:\/\/www.laguiadepamplona.com\/actualidad\/aprobada-la-licitacion-de-las-obras-del-nuevo-itinerario-ciclable-y-peatonal-de-la-cuesta-de-beloso-que-debera-estar-listo-en-el-plazo-de-un-ano\/","url":"https:\/\/www.laguiadepamplona.com\/actualidad\/aprobada-la-licitacion-de-las-obras-del-nuevo-itinerario-ciclable-y-peatonal-de-la-cuesta-de-beloso-que-debera-estar-listo-en-el-plazo-de-un-ano\/","name":"Aprobada la licitaci\u00f3n de las obras del nuevo itinerario ciclable y peatonal de la Cuesta de Beloso, que deber\u00e1 estar listo en el plazo de un a\u00f1o","isPartOf":{"@id":"https:\/\/www.laguiadepamplona.com\/actualidad\/#website"},"primaryImageOfPage":{"@id":"https:\/\/www.laguiadepamplona.com\/actualidad\/aprobada-la-licitacion-de-las-obras-del-nuevo-itinerario-ciclable-y-peatonal-de-la-cuesta-de-beloso-que-debera-estar-listo-en-el-plazo-de-un-ano\/#primaryimage"},"image":{"@id":"https:\/\/www.laguiadepamplona.com\/actualidad\/aprobada-la-licitacion-de-las-obras-del-nuevo-itinerario-ciclable-y-peatonal-de-la-cuesta-de-beloso-que-debera-estar-listo-en-el-plazo-de-un-ano\/#primaryimage"},"thumbnailUrl":"https:\/\/www.laguiadepamplona.com\/actualidad\/wp-content\/uploads\/2023\/06\/beloso.webp","datePublished":"2023-06-12T16:46:24+00:00","description":"El proyecto, fruto del convenio entre Pamplona, Burlada y el Gobierno de Navarra, tiene un coste de 4,7 millones y ser\u00e1 financiado con fondos Next Generation EU","breadcrumb":{"@id":"https:\/\/www.laguiadepamplona.com\/actualidad\/aprobada-la-licitacion-de-las-obras-del-nuevo-itinerario-ciclable-y-peatonal-de-la-cuesta-de-beloso-que-debera-estar-listo-en-el-plazo-de-un-ano\/#breadcrumb"},"inLanguage":"es","potentialAction":[{"@type":"ReadAction","target":["https:\/\/www.laguiadepamplona.com\/actualidad\/aprobada-la-licitacion-de-las-obras-del-nuevo-itinerario-ciclable-y-peatonal-de-la-cuesta-de-beloso-que-debera-estar-listo-en-el-plazo-de-un-ano\/"]}]},{"@type":"ImageObject","inLanguage":"es","@id":"https:\/\/www.laguiadepamplona.com\/actualidad\/aprobada-la-licitacion-de-las-obras-del-nuevo-itinerario-ciclable-y-peatonal-de-la-cuesta-de-beloso-que-debera-estar-listo-en-el-plazo-de-un-ano\/#primaryimage","url":"https:\/\/www.laguiadepamplona.com\/actualidad\/wp-content\/uploads\/2023\/06\/beloso.webp","contentUrl":"https:\/\/www.laguiadepamplona.com\/actualidad\/wp-content\/uploads\/2023\/06\/beloso.webp","width":867,"height":491},{"@type":"BreadcrumbList","@id":"https:\/\/www.laguiadepamplona.com\/actualidad\/aprobada-la-licitacion-de-las-obras-del-nuevo-itinerario-ciclable-y-peatonal-de-la-cuesta-de-beloso-que-debera-estar-listo-en-el-plazo-de-un-ano\/#breadcrumb","itemListElement":[{"@type":"ListItem","position":1,"name":"Portada","item":"https:\/\/www.laguiadepamplona.com\/actualidad\/"},{"@type":"ListItem","position":2,"name":"Aprobada la licitaci\u00f3n de las obras del nuevo itinerario ciclable y peatonal de la Cuesta de Beloso, que deber\u00e1 estar listo en el plazo de un a\u00f1o"}]},{"@type":"WebSite","@id":"https:\/\/www.laguiadepamplona.com\/actualidad\/#website","url":"https:\/\/www.laguiadepamplona.com\/actualidad\/","name":"La gu\u00eda de Pamplona","description":"Noticias de Pamplona","publisher":{"@id":"https:\/\/www.laguiadepamplona.com\/actualidad\/#organization"},"potentialAction":[{"@type":"SearchAction","target":{"@type":"EntryPoint","urlTemplate":"https:\/\/www.laguiadepamplona.com\/actualidad\/?s={search_term_string}"},"query-input":{"@type":"PropertyValueSpecification","valueRequired":true,"valueName":"search_term_string"}}],"inLanguage":"es"},{"@type":"Organization","@id":"https:\/\/www.laguiadepamplona.com\/actualidad\/#organization","name":"La Gu\u00eda de Pamplona \/ Noticias","url":"https:\/\/www.laguiadepamplona.com\/actualidad\/","logo":{"@type":"ImageObject","inLanguage":"es","@id":"https:\/\/www.laguiadepamplona.com\/actualidad\/#\/schema\/logo\/image\/","url":"https:\/\/www.laguiadepamplona.com\/actualidad\/wp-content\/uploads\/2018\/11\/logo-laguiadepamplona18-web1.png","contentUrl":"https:\/\/www.laguiadepamplona.com\/actualidad\/wp-content\/uploads\/2018\/11\/logo-laguiadepamplona18-web1.png","width":600,"height":196,"caption":"La Gu\u00eda de Pamplona \/ Noticias"},"image":{"@id":"https:\/\/www.laguiadepamplona.com\/actualidad\/#\/schema\/logo\/image\/"},"sameAs":["https:\/\/www.facebook.com\/laguiadepamplonacom-133175176762273\/?ref=hl","https:\/\/x.com\/LaGuiadPamplona","https:\/\/www.instagram.com\/la_guia_de_pamplona\/","https:\/\/www.youtube.com\/user\/laguiadepamplona"]},{"@type":"Person","@id":"https:\/\/www.laguiadepamplona.com\/actualidad\/#\/schema\/person\/efe887376f0213d4657c93adc50b1fdb","name":"La Gu\u00eda de Pamplona","image":{"@type":"ImageObject","inLanguage":"es","@id":"https:\/\/secure.gravatar.com\/avatar\/b6992f131dc8d30ab0dff15446e9d346d9dbd95992de0fef795073f5ea83a81c?s=96&d=mm&r=g","url":"https:\/\/secure.gravatar.com\/avatar\/b6992f131dc8d30ab0dff15446e9d346d9dbd95992de0fef795073f5ea83a81c?s=96&d=mm&r=g","contentUrl":"https:\/\/secure.gravatar.com\/avatar\/b6992f131dc8d30ab0dff15446e9d346d9dbd95992de0fef795073f5ea83a81c?s=96&d=mm&r=g","caption":"La Gu\u00eda de Pamplona"}}]}},"post_mailing_queue_ids":[],"_links":{"self":[{"href":"https:\/\/www.laguiadepamplona.com\/actualidad\/wp-json\/wp\/v2\/posts\/47022","targetHints":{"allow":["GET"]}}],"collection":[{"href":"https:\/\/www.laguiadepamplona.com\/actualidad\/wp-json\/wp\/v2\/posts"}],"about":[{"href":"https:\/\/www.laguiadepamplona.com\/actualidad\/wp-json\/wp\/v2\/types\/post"}],"author":[{"embeddable":true,"href":"https:\/\/www.laguiadepamplona.com\/actualidad\/wp-json\/wp\/v2\/users\/1"}],"replies":[{"embeddable":true,"href":"https:\/\/www.laguiadepamplona.com\/actualidad\/wp-json\/wp\/v2\/comments?post=47022"}],"version-history":[{"count":1,"href":"https:\/\/www.laguiadepamplona.com\/actualidad\/wp-json\/wp\/v2\/posts\/47022\/revisions"}],"predecessor-version":[{"id":47024,"href":"https:\/\/www.laguiadepamplona.com\/actualidad\/wp-json\/wp\/v2\/posts\/47022\/revisions\/47024"}],"wp:featuredmedia":[{"embeddable":true,"href":"https:\/\/www.laguiadepamplona.com\/actualidad\/wp-json\/wp\/v2\/media\/47023"}],"wp:attachment":[{"href":"https:\/\/www.laguiadepamplona.com\/actualidad\/wp-json\/wp\/v2\/media?parent=47022"}],"wp:term":[{"taxonomy":"category","embeddable":true,"href":"https:\/\/www.laguiadepamplona.com\/actualidad\/wp-json\/wp\/v2\/categories?post=47022"},{"taxonomy":"post_tag","embeddable":true,"href":"https:\/\/www.laguiadepamplona.com\/actualidad\/wp-json\/wp\/v2\/tags?post=47022"}],"curies":[{"name":"wp","href":"https:\/\/api.w.org\/{rel}","templated":true}]}}