{"id":47019,"date":"2023-06-12T18:42:03","date_gmt":"2023-06-12T16:42:03","guid":{"rendered":"https:\/\/www.laguiadepamplona.com\/actualidad\/?p=47019"},"modified":"2023-06-12T18:42:03","modified_gmt":"2023-06-12T16:42:03","slug":"el-ayuntamiento-licita-la-gestion-de-la-zona-azul-aparcamientos-disuasorios-y-de-autocaravanas-y-la-grua-en-un-contrato-global-de-131-millones-de-euros-al-ano","status":"publish","type":"post","link":"https:\/\/www.laguiadepamplona.com\/actualidad\/el-ayuntamiento-licita-la-gestion-de-la-zona-azul-aparcamientos-disuasorios-y-de-autocaravanas-y-la-grua-en-un-contrato-global-de-131-millones-de-euros-al-ano\/","title":{"rendered":"El Ayuntamiento licita la gesti\u00f3n de la Zona Azul, aparcamientos disuasorios y de autocaravanas y la gr\u00faa en un contrato global de 13,1 millones de euros al a\u00f1o"},"content":{"rendered":"<h3>Este contrato de nuevo formato afecta en total a 37.570 plazas de estacionamiento en superficie y entrar\u00e1 en vigor el 1 de enero de 2024<\/h3>\n<p><!--more--><\/p>\n<p>La Junta de Gobierno Local del Ayuntamiento de Pamplona ha aprobado en su sesi\u00f3n de hoy la licitaci\u00f3n la gesti\u00f3n de la Zona Azul, aparcamientos disuasorios y de autocaravanas, y el servicio de gr\u00faa por 13,1 millones de euros al a\u00f1o para el a\u00f1o 2024, un contrato que reordena todo lo relativo a gesti\u00f3n de estacionamientos en la ciudad en superficie en la ciudad y que, tras sus tres posibles pr\u00f3rrogas, sumar\u00eda un importe final de 52,7 millones de euros. La licitaci\u00f3n con sus bases se publicar\u00e1 pr\u00f3ximamente en el DOUE (Diario Oficial de la Uni\u00f3n Europea), adem\u00e1s de en el Portal de Contrataci\u00f3n de Navarra.<\/p>\n<p>Los trabajos encomendados a la empresa o uni\u00f3n temporal de empresas que resulte adjudicataria ser\u00e1n el control y vigilancia en las zonas y sectores (10) que constituyen el estacionamiento regulado en la ciudad, su se\u00f1alizaci\u00f3n horizontal y vertical, la expedici\u00f3n de tarjetas de residentes (41.259) y de actividad (1.090), as\u00ed como el mantenimiento de todos los materiales, veh\u00edculos y aplicaciones al servicio del contrato, las recaudaciones y la realizaci\u00f3n de informes. El estacionamiento regulado en Pamplona incluye 35.281 plazas.<br \/>\n<script async src=\"\/\/pagead2.googlesyndication.com\/pagead\/js\/adsbygoogle.js\"><\/script><br \/>\n<!-- Noticias La Guia de Pamplona --><br \/>\n<ins class=\"adsbygoogle\"\nstyle=\"display:block\"\ndata-ad-client=\"ca-pub-6943679897239327\"\ndata-ad-slot=\"7048180777\"\ndata-ad-format=\"auto\"><\/ins><br \/>\n<script>\n(adsbygoogle = window.adsbygoogle || []).push({});\n<\/script><\/p>\n<p>Asimismo, en el contrato se engloba la gesti\u00f3n de los 9 aparcamientos disuasorios (2.256 plazas) y del aparcamiento de autocaravanas (33 plazas), y la gesti\u00f3n de las zonas de Acceso Controlado y las futuras de Bajas Emisiones. Finalmente, la entidad contratada se encargar\u00e1 del servicio de retirada de veh\u00edculos de la v\u00eda p\u00fablica (gr\u00faa), de la custodia de estos veh\u00edculos, cobro de tasas y multas, notificaci\u00f3n de denuncias, emisora del servicio de gr\u00faa y colaboraci\u00f3n con Polic\u00eda Municipal y Protecci\u00f3n Civil en otras labores que le sean requeridas. El a\u00f1o pasado hubo m\u00e1s de 7.400 retiradas de veh\u00edculos con gr\u00faa.<\/p>\n<p>Se contemplan en este contrato algunas singularidades como la tarjeta de estacionamiento de algunos colectivos profesionales, la llamada \u2018Moneda comerciante\u2019, los aparcamientos de larga duraci\u00f3n de la estaci\u00f3n de Renfe y las plazas con horarios especiales del cementerio.<br \/>\n<script async src=\"\/\/pagead2.googlesyndication.com\/pagead\/js\/adsbygoogle.js\"><\/script><br \/>\n<!-- Noticias La Guia de Pamplona --><br \/>\n<ins class=\"adsbygoogle\"\nstyle=\"display:block\"\ndata-ad-client=\"ca-pub-6943679897239327\"\ndata-ad-slot=\"7048180777\"\ndata-ad-format=\"auto\"><\/ins><br \/>\n<script>\n(adsbygoogle = window.adsbygoogle || []).push({});\n<\/script><\/p>\n<p>Las empresas interesadas deber\u00e1n presentar su oferta en el plazo m\u00ednimo de 30 d\u00edas a partir de la fecha e env\u00edo del anuncio de licitaci\u00f3n al Diario Oficial de la Uni\u00f3n Europea (DOUE). Seg\u00fan recoge el pliego del contrato, para la valoraci\u00f3n de las ofertas se puntuar\u00e1 con hasta 50 puntos la oferta t\u00e9cnica que debe englobar medios humanos y materiales, nuevas herramientas o medios de pago, planes de mantenimiento y posibles mejoras. Se atribuir\u00e1n hasta 35 puntos por la oferta econ\u00f3mica y hasta 15 puntos por contemplar aspectos sociales como las medidas de conciliaci\u00f3n laboral o de formaci\u00f3n del personal adscrito al contrato, la existencia de un protocolo para situaciones de violencia de g\u00e9nero o la inclusi\u00f3n de medidas encaminadas a la sostenibilidad.<\/p>\n<p>Ser\u00e1n inversiones m\u00ednimas necesarias para la ejecuci\u00f3n del contrato por parte de la contratada la adquisici\u00f3n de 10 lectores de matr\u00edcula para veh\u00edculos y de 4 gr\u00faas; la adaptaci\u00f3n de la ubicaci\u00f3n de parqu\u00edmetros y retirada de los 300 que se estiman sobrantes (un 65% de los pagos se realizan ya <em>on line<\/em>), as\u00ed como dotar a 600 parqu\u00edmetros de nuevo sistema de conectividad que permita todas las funciones de pago y control y sistema de pago por tarjeta bancaria. Por otra parte, la empresa que resulte adjudicataria deber\u00e1 abonar a la anterior empresa gestora (DORNIER S.A.), antes de la entrada en vigor del contrato, la cantidad de 1.313.512,68 euros, que es la suma de las cantidades pendientes de amortizaci\u00f3n financiera a fecha de 1 de enero de 2024.<br \/>\n<script async src=\"\/\/pagead2.googlesyndication.com\/pagead\/js\/adsbygoogle.js\"><\/script><br \/>\n<!-- Noticias La Guia de Pamplona --><br \/>\n<ins class=\"adsbygoogle\"\nstyle=\"display:block\"\ndata-ad-client=\"ca-pub-6943679897239327\"\ndata-ad-slot=\"7048180777\"\ndata-ad-format=\"auto\"><\/ins><br \/>\n<script>\n(adsbygoogle = window.adsbygoogle || []).push({});\n<\/script><\/p>\n<p>&nbsp;<\/p>\n<h3>Algunos datos<\/h3>\n<p>El <strong>estacionamiento regulado<\/strong> en Pamplona incluye 35.281 plazas distribuidas en 10 sectores<\/p>\n<ul>\n<li>44 plazas rojas (estaci\u00f3n de tren y calle La Rioja)<\/li>\n<li>896 plazas azules<\/li>\n<li>395 plazas naranjas<\/li>\n<li>197 plazas verdes<\/li>\n<li>227 plazas rojas-verdes<\/li>\n<li>121 plazas azules-verdes<\/li>\n<\/ul>\n<p>El ayuntamiento dispone de 900 parqu\u00edmetros que se reducir\u00e1n hasta los 600, todos ellos con conectividad para realizar todas las funciones de pago y control. Hoy el pago por aplicaci\u00f3n m\u00f3vil est\u00e1 en torno al 65%.<\/p>\n<ul>\n<li>N\u00famero de tarjetas de residentes: 41.259<\/li>\n<li>N\u00famero de tarjetas de comerciantes:1.090<\/li>\n<\/ul>\n<h3><strong>Aparcamientos disuasorios:<\/strong><\/h3>\n<table>\n<tbody>\n<tr>\n<td width=\"182\">Nombre aparcamiento<\/td>\n<td width=\"182\">Plazas<\/td>\n<\/tr>\n<tr>\n<td width=\"182\">Mendebaldea<\/td>\n<td width=\"182\">583<\/td>\n<\/tr>\n<tr>\n<td width=\"182\">Arrosad\u00eda<\/td>\n<td width=\"182\">214<\/td>\n<\/tr>\n<tr>\n<td width=\"182\">San Jorge<\/td>\n<td width=\"182\">108<\/td>\n<\/tr>\n<tr>\n<td width=\"182\">Milagrosa Mochuelo<\/td>\n<td width=\"182\">158<\/td>\n<\/tr>\n<tr>\n<td width=\"182\">Milagrosa Blas de la Serna<\/td>\n<td width=\"182\">&nbsp;<\/p>\n<p>136<\/td>\n<\/tr>\n<tr>\n<td width=\"182\">Milagrosa R\u00edo Ultzama<\/td>\n<td width=\"182\">230<\/td>\n<\/tr>\n<tr>\n<td width=\"182\">Trinitarios 1<\/td>\n<td width=\"182\">609<\/td>\n<\/tr>\n<tr>\n<td width=\"182\">Trinitarios 2 (Biurdana)<\/td>\n<td width=\"182\">198<\/td>\n<\/tr>\n<\/tbody>\n<\/table>\n<p><strong>Aparcamiento de autocaravanas: <\/strong>33<\/p>\n<p><strong>Gr\u00faa: <\/strong>Veh\u00edculos retirados en 2022: 7.427<\/p>\n<p>N\u00famero de plazas disponibles en el dep\u00f3sito de la gr\u00faa: 220 en la planta -4 de la calle San Roque y, dependiendo de su tama\u00f1o, unas 10 furgonetas en Trinitarios<\/p>\n<p>Plazas por sectores y tipolog\u00edas<\/p>\n<table width=\"0\">\n<tbody>\n<tr>\n<td colspan=\"2\" width=\"181\"><strong>AMBITO REGULACION<\/strong><\/td>\n<td width=\"56\">&nbsp;<\/td>\n<td colspan=\"2\" width=\"75\"><\/td>\n<td colspan=\"2\" width=\"66\"><\/td>\n<td colspan=\"2\" width=\"66\"><\/td>\n<td colspan=\"2\" width=\"66\"><\/td>\n<td colspan=\"2\" width=\"66\"><\/td>\n<td colspan=\"2\" width=\"66\"><\/td>\n<td width=\"28\">&nbsp;<\/td>\n<\/tr>\n<tr>\n<td width=\"66\"><strong>\u00a0<\/strong><\/td>\n<td colspan=\"2\" width=\"170\"><strong>\u00a0<\/strong><\/td>\n<td width=\"66\"><strong>Naranja<\/strong><\/td>\n<td colspan=\"2\" width=\"57\"><strong>Azul<\/strong><\/td>\n<td colspan=\"2\" width=\"57\"><strong>Roja<\/strong><\/td>\n<td colspan=\"2\" width=\"71\"><strong>Roja\/verde<\/strong><\/td>\n<td colspan=\"2\" width=\"60\"><strong>Verde<\/strong><\/td>\n<td colspan=\"2\" width=\"60\"><strong>Otras<\/strong><\/td>\n<td colspan=\"2\" width=\"60\"><strong>TOTAL<\/strong><\/td>\n<\/tr>\n<tr>\n<td width=\"66\"><strong>SECTOR 1 <\/strong><\/td>\n<td colspan=\"2\" width=\"170\"><strong>\u00a0CASCO ANTIGUO <\/strong><\/td>\n<td width=\"66\"><strong>&#8211;<\/strong><\/td>\n<td colspan=\"2\" width=\"57\"><strong>137<\/strong><\/td>\n<td colspan=\"2\" width=\"57\"><strong>&#8211;<\/strong><\/td>\n<td colspan=\"2\" width=\"71\"><strong>31<\/strong><\/td>\n<td colspan=\"2\" width=\"60\"><strong>556<\/strong><\/td>\n<td colspan=\"2\" width=\"60\"><strong>&#8211;<\/strong><\/td>\n<td colspan=\"2\" width=\"60\"><strong>772<\/strong><\/td>\n<\/tr>\n<tr>\n<td width=\"66\"><strong>SECTOR 2 <\/strong><\/td>\n<td colspan=\"2\" width=\"170\"><strong>\u00a0ENSANCHE <\/strong><\/td>\n<td width=\"66\"><strong>475<\/strong><\/td>\n<td colspan=\"2\" width=\"57\"><strong>2.469<\/strong><\/td>\n<td colspan=\"2\" width=\"57\"><strong>&#8211;<\/strong><\/td>\n<td colspan=\"2\" width=\"71\"><strong>159<\/strong><\/td>\n<td colspan=\"2\" width=\"60\"><strong>272<\/strong><\/td>\n<td colspan=\"2\" width=\"60\"><strong>&#8211;<\/strong><\/td>\n<td colspan=\"2\" width=\"60\"><strong>3.768<\/strong><\/td>\n<\/tr>\n<tr>\n<td width=\"66\"><strong>SECTOR 3 <\/strong><\/td>\n<td colspan=\"2\" width=\"170\"><strong>\u00a0AZPILAGA\u00d1A-MILAGROSA <\/strong><\/td>\n<td width=\"66\"><strong>916<\/strong><\/td>\n<td colspan=\"2\" width=\"57\"><strong>2.119<\/strong><\/td>\n<td colspan=\"2\" width=\"57\"><strong>&#8211;<\/strong><\/td>\n<td colspan=\"2\" width=\"71\"><strong>&#8211;<\/strong><\/td>\n<td colspan=\"2\" width=\"60\"><strong>59<\/strong><\/td>\n<td colspan=\"2\" width=\"60\"><strong>&#8211;<\/strong><\/td>\n<td colspan=\"2\" width=\"60\"><strong>3.232<\/strong><\/td>\n<\/tr>\n<tr>\n<td width=\"66\"><strong>SECTOR 4 <\/strong><\/td>\n<td colspan=\"2\" width=\"170\"><strong>\u00a0ITURRAMA <\/strong><\/td>\n<td width=\"66\"><strong>2.491<\/strong><\/td>\n<td colspan=\"2\" width=\"57\"><strong>1.899<\/strong><\/td>\n<td colspan=\"2\" width=\"57\"><strong>&#8211;<\/strong><\/td>\n<td colspan=\"2\" width=\"71\"><strong>&#8211;<\/strong><\/td>\n<td colspan=\"2\" width=\"60\"><strong>&#8211;<\/strong><\/td>\n<td colspan=\"2\" width=\"60\"><strong>&#8211;<\/strong><\/td>\n<td colspan=\"2\" width=\"60\"><strong>4.636<\/strong><\/td>\n<\/tr>\n<tr>\n<td width=\"66\"><strong>SECTOR 5 <\/strong><\/td>\n<td colspan=\"2\" width=\"170\"><strong>\u00a0ERMITAGA\u00d1A-MENDEBALDEA <\/strong><\/td>\n<td width=\"66\"><strong>3.421<\/strong><\/td>\n<td colspan=\"2\" width=\"57\"><strong>987<\/strong><\/td>\n<td colspan=\"2\" width=\"57\"><strong>16<\/strong><\/td>\n<td colspan=\"2\" width=\"71\"><strong>&#8211;<\/strong><\/td>\n<td colspan=\"2\" width=\"60\"><strong>&#8211;<\/strong><\/td>\n<td colspan=\"2\" width=\"60\"><strong>&#8211;<\/strong><\/td>\n<td colspan=\"2\" width=\"60\"><strong>4.648<\/strong><\/td>\n<\/tr>\n<tr>\n<td width=\"66\"><strong>SECTOR 6 <\/strong><\/td>\n<td colspan=\"2\" width=\"170\"><strong>\u00a0SAN JUAN <\/strong><\/td>\n<td width=\"66\"><strong>2.674<\/strong><\/td>\n<td colspan=\"2\" width=\"57\"><strong>1.216<\/strong><\/td>\n<td colspan=\"2\" width=\"57\"><strong>&#8211;<\/strong><\/td>\n<td colspan=\"2\" width=\"71\"><strong>37<\/strong><\/td>\n<td colspan=\"2\" width=\"60\"><strong>&#8211;<\/strong><\/td>\n<td colspan=\"2\" width=\"60\"><strong>&#8211;<\/strong><\/td>\n<td colspan=\"2\" width=\"60\"><strong>4.134<\/strong><\/td>\n<\/tr>\n<tr>\n<td width=\"66\"><strong>SECTOR 7 <\/strong><\/td>\n<td colspan=\"2\" width=\"170\"><strong>\u00a0COMPLEJO HOSPITALARIO <\/strong><\/td>\n<td width=\"66\"><strong>304<\/strong><\/td>\n<td colspan=\"2\" width=\"57\"><strong>272<\/strong><\/td>\n<td colspan=\"2\" width=\"57\"><strong>&#8211;<\/strong><\/td>\n<td colspan=\"2\" width=\"71\"><strong>&#8211;<\/strong><\/td>\n<td colspan=\"2\" width=\"60\"><strong>&#8211;<\/strong><\/td>\n<td colspan=\"2\" width=\"60\"><strong>&#8211;<\/strong><\/td>\n<td colspan=\"2\" width=\"60\"><strong>722<\/strong><\/td>\n<\/tr>\n<tr>\n<td width=\"66\"><strong>SECTOR 8 <\/strong><\/td>\n<td colspan=\"2\" width=\"170\"><strong>\u00a0ROCHAPEA <\/strong><\/td>\n<td width=\"66\"><strong>4.393<\/strong><\/td>\n<td colspan=\"2\" width=\"57\"><strong>1.058<\/strong><\/td>\n<td colspan=\"2\" width=\"57\"><strong>&#8211;<\/strong><\/td>\n<td colspan=\"2\" width=\"71\"><strong>&#8211;<\/strong><\/td>\n<td colspan=\"2\" width=\"60\"><strong>&#8211;<\/strong><\/td>\n<td colspan=\"2\" width=\"60\"><strong>&#8211;<\/strong><\/td>\n<td colspan=\"2\" width=\"60\"><strong>5.706<\/strong><\/td>\n<\/tr>\n<tr>\n<td width=\"66\"><strong>SECTOR 9 <\/strong><\/td>\n<td colspan=\"2\" width=\"170\"><strong>\u00a0SAN JORGE <\/strong><\/td>\n<td width=\"66\"><strong>1.121<\/strong><\/td>\n<td colspan=\"2\" width=\"57\"><strong>915<\/strong><\/td>\n<td colspan=\"2\" width=\"57\"><strong>&#8211;<\/strong><\/td>\n<td colspan=\"2\" width=\"71\"><strong>&#8211;<\/strong><\/td>\n<td colspan=\"2\" width=\"60\"><strong>80<\/strong><\/td>\n<td colspan=\"2\" width=\"60\"><strong>401<\/strong><\/td>\n<td colspan=\"2\" width=\"60\"><strong>2.736<\/strong><\/td>\n<\/tr>\n<tr>\n<td width=\"66\"><strong>SECTOR 10 <\/strong><\/td>\n<td colspan=\"2\" width=\"170\"><strong>\u00a0TXANTREA <\/strong><\/td>\n<td width=\"66\"><strong>3.600<\/strong><\/td>\n<td colspan=\"2\" width=\"57\"><strong>2.945<\/strong><\/td>\n<td colspan=\"2\" width=\"57\"><strong>&#8211;<\/strong><\/td>\n<td colspan=\"2\" width=\"71\"><strong>&#8211;<\/strong><\/td>\n<td colspan=\"2\" width=\"60\"><strong>&#8211;<\/strong><\/td>\n<td colspan=\"2\" width=\"60\"><strong>&#8211;<\/strong><\/td>\n<td colspan=\"2\" width=\"60\"><strong>6.848<\/strong><\/td>\n<\/tr>\n<tr>\n<td colspan=\"3\" width=\"236\"><strong>RENFE <\/strong><\/td>\n<td width=\"66\"><strong>&#8211;<\/strong><\/td>\n<td colspan=\"2\" width=\"57\"><strong>&#8211;<\/strong><\/td>\n<td colspan=\"2\" width=\"57\"><strong>28<\/strong><\/td>\n<td colspan=\"2\" width=\"71\"><strong>&#8211;<\/strong><\/td>\n<td colspan=\"2\" width=\"60\"><strong>&#8211;<\/strong><\/td>\n<td colspan=\"2\" width=\"60\"><strong>&#8211;<\/strong><\/td>\n<td colspan=\"2\" width=\"60\"><strong>32<\/strong><\/td>\n<\/tr>\n<tr>\n<td colspan=\"3\" width=\"236\"><strong>AP AUTOCARAVANAS <\/strong><\/td>\n<td width=\"66\"><strong>&#8211;<\/strong><\/td>\n<td colspan=\"2\" width=\"57\"><strong>&#8211;<\/strong><\/td>\n<td colspan=\"2\" width=\"57\"><strong>&#8211;<\/strong><\/td>\n<td colspan=\"2\" width=\"71\"><strong>&#8211;<\/strong><\/td>\n<td colspan=\"2\" width=\"60\"><strong>&#8211;<\/strong><\/td>\n<td colspan=\"2\" width=\"60\"><strong>33<\/strong><\/td>\n<td colspan=\"2\" width=\"60\"><strong>33<\/strong><\/td>\n<\/tr>\n<tr>\n<td colspan=\"3\" width=\"236\"><strong>AP MOCHUELO <\/strong><\/td>\n<td width=\"66\"><strong>&#8211;<\/strong><\/td>\n<td colspan=\"2\" width=\"57\"><strong>&#8211;<\/strong><\/td>\n<td colspan=\"2\" width=\"57\"><strong>&#8211;<\/strong><\/td>\n<td colspan=\"2\" width=\"71\"><strong>&#8211;<\/strong><\/td>\n<td colspan=\"2\" width=\"60\"><strong>&#8211;<\/strong><\/td>\n<td colspan=\"2\" width=\"60\"><strong>158<\/strong><\/td>\n<td colspan=\"2\" width=\"60\"><strong>158<\/strong><\/td>\n<\/tr>\n<tr>\n<td colspan=\"3\" width=\"236\"><strong>AP BLAS DE LA SERNA <\/strong><\/td>\n<td width=\"66\"><strong>&#8211;<\/strong><\/td>\n<td colspan=\"2\" width=\"57\"><strong>&#8211;<\/strong><\/td>\n<td colspan=\"2\" width=\"57\"><strong>&#8211;<\/strong><\/td>\n<td colspan=\"2\" width=\"71\"><strong>&#8211;<\/strong><\/td>\n<td colspan=\"2\" width=\"60\"><strong>&#8211;<\/strong><\/td>\n<td colspan=\"2\" width=\"60\"><strong>136<\/strong><\/td>\n<td colspan=\"2\" width=\"60\"><strong>136<\/strong><\/td>\n<\/tr>\n<tr>\n<td colspan=\"3\" width=\"236\"><strong>AP RIO ULZAMA <\/strong><\/td>\n<td width=\"66\"><strong>&#8211;<\/strong><\/td>\n<td colspan=\"2\" width=\"57\"><strong>&#8211;<\/strong><\/td>\n<td colspan=\"2\" width=\"57\"><strong>&#8211;<\/strong><\/td>\n<td colspan=\"2\" width=\"71\"><strong>&#8211;<\/strong><\/td>\n<td colspan=\"2\" width=\"60\"><strong>230<\/strong><\/td>\n<td colspan=\"2\" width=\"60\"><strong>&#8211;<\/strong><\/td>\n<td colspan=\"2\" width=\"60\"><strong>230<\/strong><\/td>\n<\/tr>\n<tr>\n<td colspan=\"3\" width=\"236\"><strong>AP TOMAS DE BURGUI <\/strong><\/td>\n<td width=\"66\"><strong>&#8211;<\/strong><\/td>\n<td colspan=\"2\" width=\"57\"><strong>&#8211;<\/strong><\/td>\n<td colspan=\"2\" width=\"57\"><strong>&#8211;<\/strong><\/td>\n<td colspan=\"2\" width=\"71\"><strong>&#8211;<\/strong><\/td>\n<td colspan=\"2\" width=\"60\"><strong>&#8211;<\/strong><\/td>\n<td colspan=\"2\" width=\"60\"><strong>250<\/strong><\/td>\n<td colspan=\"2\" width=\"60\"><strong>250<\/strong><\/td>\n<\/tr>\n<tr>\n<td colspan=\"3\" width=\"236\"><strong>AP DOCTOR REPARAZ <\/strong><\/td>\n<td width=\"66\"><strong>&#8211;<\/strong><\/td>\n<td colspan=\"2\" width=\"57\"><strong>&#8211;<\/strong><\/td>\n<td colspan=\"2\" width=\"57\"><strong>&#8211;<\/strong><\/td>\n<td colspan=\"2\" width=\"71\"><strong>&#8211;<\/strong><\/td>\n<td colspan=\"2\" width=\"60\"><strong>&#8211;<\/strong><\/td>\n<td colspan=\"2\" width=\"60\"><strong>108<\/strong><\/td>\n<td colspan=\"2\" width=\"60\"><strong>108<\/strong><\/td>\n<\/tr>\n<tr>\n<td colspan=\"3\" width=\"236\"><strong>AP TAJONAR <\/strong><\/td>\n<td width=\"66\"><strong>&#8211;<\/strong><\/td>\n<td colspan=\"2\" width=\"57\"><strong>&#8211;<\/strong><\/td>\n<td colspan=\"2\" width=\"57\"><strong>&#8211;<\/strong><\/td>\n<td colspan=\"2\" width=\"71\"><strong>&#8211;<\/strong><\/td>\n<td colspan=\"2\" width=\"60\"><strong>&#8211;<\/strong><\/td>\n<td colspan=\"2\" width=\"60\"><strong>214<\/strong><\/td>\n<td colspan=\"2\" width=\"60\"><strong>214<\/strong><\/td>\n<\/tr>\n<tr>\n<td colspan=\"3\" width=\"236\"><strong>AP TRINITARIOS II <\/strong><\/td>\n<td width=\"66\"><strong>&#8211;<\/strong><\/td>\n<td colspan=\"2\" width=\"57\"><strong>&#8211;<\/strong><\/td>\n<td colspan=\"2\" width=\"57\"><strong>&#8211;<\/strong><\/td>\n<td colspan=\"2\" width=\"71\"><strong>&#8211;<\/strong><\/td>\n<td colspan=\"2\" width=\"60\"><strong>&#8211;<\/strong><\/td>\n<td colspan=\"2\" width=\"60\"><strong>198<\/strong><\/td>\n<td colspan=\"2\" width=\"60\"><strong>198<\/strong><\/td>\n<\/tr>\n<tr>\n<td colspan=\"3\" width=\"236\"><strong>AP TRINITARIOS I <\/strong><\/td>\n<td width=\"66\"><strong>&#8211;<\/strong><\/td>\n<td colspan=\"2\" width=\"57\"><strong>&#8211;<\/strong><\/td>\n<td colspan=\"2\" width=\"57\"><strong>&#8211;<\/strong><\/td>\n<td colspan=\"2\" width=\"71\"><strong>&#8211;<\/strong><\/td>\n<td colspan=\"2\" width=\"60\"><strong>&#8211;<\/strong><\/td>\n<td colspan=\"2\" width=\"60\"><strong>609<\/strong><\/td>\n<td colspan=\"2\" width=\"60\"><strong>609<\/strong><\/td>\n<\/tr>\n<tr>\n<td colspan=\"3\" width=\"236\"><strong>AP BIBLIOTECA <\/strong><\/td>\n<td width=\"66\"><strong>&#8211;<\/strong><\/td>\n<td colspan=\"2\" width=\"57\"><strong>&#8211;<\/strong><\/td>\n<td colspan=\"2\" width=\"57\"><strong>&#8211;<\/strong><\/td>\n<td colspan=\"2\" width=\"71\"><strong>&#8211;<\/strong><\/td>\n<td colspan=\"2\" width=\"60\"><strong>&#8211;<\/strong><\/td>\n<td colspan=\"2\" width=\"60\"><strong>583<\/strong><\/td>\n<td colspan=\"2\" width=\"60\"><strong>583<\/strong><\/td>\n<\/tr>\n<tr>\n<td colspan=\"3\" width=\"236\"><strong>TOTAL PLAZAS REGULADAS<\/strong><\/td>\n<td width=\"66\"><strong>19.395<\/strong><\/td>\n<td colspan=\"2\" width=\"57\"><strong>14.017<\/strong><\/td>\n<td colspan=\"2\" width=\"57\"><strong>44<\/strong><\/td>\n<td colspan=\"2\" width=\"71\"><strong>227<\/strong><\/td>\n<td colspan=\"2\" width=\"60\"><strong>1.197<\/strong><\/td>\n<td colspan=\"2\" width=\"60\"><strong>401<\/strong><\/td>\n<td colspan=\"2\" width=\"60\"><strong>35.281<\/strong><\/td>\n<\/tr>\n<tr>\n<td colspan=\"3\" width=\"236\"><strong>TOTAL PLAZAS DISUASORIAS<\/strong><\/td>\n<td width=\"66\"><\/td>\n<td colspan=\"2\" width=\"57\"><\/td>\n<td colspan=\"2\" width=\"57\"><\/td>\n<td colspan=\"2\" width=\"71\"><\/td>\n<td colspan=\"2\" width=\"60\"><\/td>\n<td colspan=\"2\" width=\"60\"><strong>2.256<\/strong><\/td>\n<td colspan=\"2\" width=\"60\"><strong>2.256<\/strong><\/td>\n<\/tr>\n<tr>\n<td colspan=\"3\" width=\"236\"><strong>TOTAL PLAZAS AUTOCARAVANAS<\/strong><\/td>\n<td width=\"66\"><\/td>\n<td colspan=\"2\" width=\"57\"><\/td>\n<td colspan=\"2\" width=\"57\"><\/td>\n<td colspan=\"2\" width=\"71\"><\/td>\n<td colspan=\"2\" width=\"60\"><\/td>\n<td colspan=\"2\" width=\"60\"><strong>33<\/strong><\/td>\n<td colspan=\"2\" width=\"60\"><strong>33<\/strong><\/td>\n<\/tr>\n<tr>\n<td colspan=\"3\" width=\"236\"><strong>TOTAL<\/strong><\/td>\n<td width=\"66\"><strong>19.395<\/strong><\/td>\n<td colspan=\"2\" width=\"57\"><strong>14.017<\/strong><\/td>\n<td colspan=\"2\" width=\"57\"><strong>44<\/strong><\/td>\n<td colspan=\"2\" width=\"71\"><strong>227<\/strong><\/td>\n<td colspan=\"2\" width=\"60\"><strong>1.197<\/strong><\/td>\n<td colspan=\"2\" width=\"60\"><strong>2.690<\/strong><\/td>\n<td colspan=\"2\" width=\"60\"><strong>37.570<\/strong><\/td>\n<\/tr>\n<tr>\n<td width=\"71\"><\/td>\n<td width=\"114\"><\/td>\n<td width=\"56\"><\/td>\n<td width=\"66\"><\/td>\n<td width=\"9\"><\/td>\n<td width=\"47\"><\/td>\n<td width=\"18\"><\/td>\n<td width=\"39\"><\/td>\n<td width=\"32\"><\/td>\n<td width=\"52\"><\/td>\n<td width=\"22\"><\/td>\n<td width=\"38\"><\/td>\n<td width=\"27\"><\/td>\n<td width=\"33\"><\/td>\n<td width=\"33\"><\/td>\n<td width=\"28\"><\/td>\n<\/tr>\n<\/tbody>\n<\/table>\n","protected":false},"excerpt":{"rendered":"<p>Este contrato de nuevo formato afecta en total a 37.570 plazas de estacionamiento en superficie y entrar\u00e1 en vigor el 1 de enero de 2024<\/p>\n","protected":false},"author":1,"featured_media":47020,"comment_status":"open","ping_status":"closed","sticky":false,"template":"","format":"standard","meta":{"footnotes":""},"categories":[2],"tags":[],"class_list":["post-47019","post","type-post","status-publish","format-standard","has-post-thumbnail","hentry","category-ayuntamiento-pamplona"],"yoast_head":"<!-- This site is optimized with the Yoast SEO plugin v27.3 - https:\/\/yoast.com\/product\/yoast-seo-wordpress\/ -->\n<title>El Ayuntamiento licita la gesti\u00f3n de la Zona Azul, aparcamientos disuasorios y de autocaravanas y la gr\u00faa en un contrato global de 13,1 millones de euros al a\u00f1o<\/title>\n<meta name=\"description\" content=\"Este contrato de nuevo formato afecta en total a 37.570 plazas de estacionamiento en superficie y entrar\u00e1 en vigor el 1 de enero de 2024\" \/>\n<meta name=\"robots\" content=\"index, follow, max-snippet:-1, max-image-preview:large, max-video-preview:-1\" \/>\n<link rel=\"canonical\" href=\"https:\/\/www.laguiadepamplona.com\/actualidad\/el-ayuntamiento-licita-la-gestion-de-la-zona-azul-aparcamientos-disuasorios-y-de-autocaravanas-y-la-grua-en-un-contrato-global-de-131-millones-de-euros-al-ano\/\" \/>\n<meta property=\"og:locale\" content=\"es_ES\" \/>\n<meta property=\"og:type\" content=\"article\" \/>\n<meta property=\"og:title\" content=\"El Ayuntamiento licita la gesti\u00f3n de la Zona Azul, aparcamientos disuasorios y de autocaravanas y la gr\u00faa en un contrato global de 13,1 millones de euros al a\u00f1o\" \/>\n<meta property=\"og:description\" content=\"Este contrato de nuevo formato afecta en total a 37.570 plazas de estacionamiento en superficie y entrar\u00e1 en vigor el 1 de enero de 2024\" \/>\n<meta property=\"og:url\" content=\"https:\/\/www.laguiadepamplona.com\/actualidad\/el-ayuntamiento-licita-la-gestion-de-la-zona-azul-aparcamientos-disuasorios-y-de-autocaravanas-y-la-grua-en-un-contrato-global-de-131-millones-de-euros-al-ano\/\" \/>\n<meta property=\"og:site_name\" content=\"La Gu\u00eda de Pamplona\" \/>\n<meta property=\"article:publisher\" content=\"https:\/\/www.facebook.com\/laguiadepamplonacom-133175176762273\/?ref=hl\" \/>\n<meta property=\"article:published_time\" content=\"2023-06-12T16:42:03+00:00\" \/>\n<meta property=\"og:image\" content=\"https:\/\/www.laguiadepamplona.com\/actualidad\/wp-content\/uploads\/2023\/06\/aparcamiento-autocaravanas.webp\" \/>\n\t<meta property=\"og:image:width\" content=\"1920\" \/>\n\t<meta property=\"og:image:height\" content=\"1282\" \/>\n\t<meta property=\"og:image:type\" content=\"image\/webp\" \/>\n<meta name=\"author\" content=\"La Gu\u00eda de Pamplona\" \/>\n<meta name=\"twitter:card\" content=\"summary_large_image\" \/>\n<meta name=\"twitter:creator\" content=\"@LaGuiadPamplona\" \/>\n<meta name=\"twitter:site\" content=\"@LaGuiadPamplona\" \/>\n<meta name=\"twitter:label1\" content=\"Escrito por\" \/>\n\t<meta name=\"twitter:data1\" content=\"La Gu\u00eda de Pamplona\" \/>\n\t<meta name=\"twitter:label2\" content=\"Tiempo de lectura\" \/>\n\t<meta name=\"twitter:data2\" content=\"5 minutos\" \/>\n<script type=\"application\/ld+json\" class=\"yoast-schema-graph\">{\"@context\":\"https:\\\/\\\/schema.org\",\"@graph\":[{\"@type\":\"Article\",\"@id\":\"https:\\\/\\\/www.laguiadepamplona.com\\\/actualidad\\\/el-ayuntamiento-licita-la-gestion-de-la-zona-azul-aparcamientos-disuasorios-y-de-autocaravanas-y-la-grua-en-un-contrato-global-de-131-millones-de-euros-al-ano\\\/#article\",\"isPartOf\":{\"@id\":\"https:\\\/\\\/www.laguiadepamplona.com\\\/actualidad\\\/el-ayuntamiento-licita-la-gestion-de-la-zona-azul-aparcamientos-disuasorios-y-de-autocaravanas-y-la-grua-en-un-contrato-global-de-131-millones-de-euros-al-ano\\\/\"},\"author\":{\"name\":\"La Gu\u00eda de Pamplona\",\"@id\":\"https:\\\/\\\/www.laguiadepamplona.com\\\/actualidad\\\/#\\\/schema\\\/person\\\/efe887376f0213d4657c93adc50b1fdb\"},\"headline\":\"El Ayuntamiento licita la gesti\u00f3n de la Zona Azul, aparcamientos disuasorios y de autocaravanas y la gr\u00faa en un contrato global de 13,1 millones de euros al a\u00f1o\",\"datePublished\":\"2023-06-12T16:42:03+00:00\",\"mainEntityOfPage\":{\"@id\":\"https:\\\/\\\/www.laguiadepamplona.com\\\/actualidad\\\/el-ayuntamiento-licita-la-gestion-de-la-zona-azul-aparcamientos-disuasorios-y-de-autocaravanas-y-la-grua-en-un-contrato-global-de-131-millones-de-euros-al-ano\\\/\"},\"wordCount\":991,\"commentCount\":0,\"publisher\":{\"@id\":\"https:\\\/\\\/www.laguiadepamplona.com\\\/actualidad\\\/#organization\"},\"image\":{\"@id\":\"https:\\\/\\\/www.laguiadepamplona.com\\\/actualidad\\\/el-ayuntamiento-licita-la-gestion-de-la-zona-azul-aparcamientos-disuasorios-y-de-autocaravanas-y-la-grua-en-un-contrato-global-de-131-millones-de-euros-al-ano\\\/#primaryimage\"},\"thumbnailUrl\":\"https:\\\/\\\/www.laguiadepamplona.com\\\/actualidad\\\/wp-content\\\/uploads\\\/2023\\\/06\\\/aparcamiento-autocaravanas.webp\",\"articleSection\":[\"Ayto Pamplona\"],\"inLanguage\":\"es\",\"potentialAction\":[{\"@type\":\"CommentAction\",\"name\":\"Comment\",\"target\":[\"https:\\\/\\\/www.laguiadepamplona.com\\\/actualidad\\\/el-ayuntamiento-licita-la-gestion-de-la-zona-azul-aparcamientos-disuasorios-y-de-autocaravanas-y-la-grua-en-un-contrato-global-de-131-millones-de-euros-al-ano\\\/#respond\"]}]},{\"@type\":\"WebPage\",\"@id\":\"https:\\\/\\\/www.laguiadepamplona.com\\\/actualidad\\\/el-ayuntamiento-licita-la-gestion-de-la-zona-azul-aparcamientos-disuasorios-y-de-autocaravanas-y-la-grua-en-un-contrato-global-de-131-millones-de-euros-al-ano\\\/\",\"url\":\"https:\\\/\\\/www.laguiadepamplona.com\\\/actualidad\\\/el-ayuntamiento-licita-la-gestion-de-la-zona-azul-aparcamientos-disuasorios-y-de-autocaravanas-y-la-grua-en-un-contrato-global-de-131-millones-de-euros-al-ano\\\/\",\"name\":\"El Ayuntamiento licita la gesti\u00f3n de la Zona Azul, aparcamientos disuasorios y de autocaravanas y la gr\u00faa en un contrato global de 13,1 millones de euros al a\u00f1o\",\"isPartOf\":{\"@id\":\"https:\\\/\\\/www.laguiadepamplona.com\\\/actualidad\\\/#website\"},\"primaryImageOfPage\":{\"@id\":\"https:\\\/\\\/www.laguiadepamplona.com\\\/actualidad\\\/el-ayuntamiento-licita-la-gestion-de-la-zona-azul-aparcamientos-disuasorios-y-de-autocaravanas-y-la-grua-en-un-contrato-global-de-131-millones-de-euros-al-ano\\\/#primaryimage\"},\"image\":{\"@id\":\"https:\\\/\\\/www.laguiadepamplona.com\\\/actualidad\\\/el-ayuntamiento-licita-la-gestion-de-la-zona-azul-aparcamientos-disuasorios-y-de-autocaravanas-y-la-grua-en-un-contrato-global-de-131-millones-de-euros-al-ano\\\/#primaryimage\"},\"thumbnailUrl\":\"https:\\\/\\\/www.laguiadepamplona.com\\\/actualidad\\\/wp-content\\\/uploads\\\/2023\\\/06\\\/aparcamiento-autocaravanas.webp\",\"datePublished\":\"2023-06-12T16:42:03+00:00\",\"description\":\"Este contrato de nuevo formato afecta en total a 37.570 plazas de estacionamiento en superficie y entrar\u00e1 en vigor el 1 de enero de 2024\",\"breadcrumb\":{\"@id\":\"https:\\\/\\\/www.laguiadepamplona.com\\\/actualidad\\\/el-ayuntamiento-licita-la-gestion-de-la-zona-azul-aparcamientos-disuasorios-y-de-autocaravanas-y-la-grua-en-un-contrato-global-de-131-millones-de-euros-al-ano\\\/#breadcrumb\"},\"inLanguage\":\"es\",\"potentialAction\":[{\"@type\":\"ReadAction\",\"target\":[\"https:\\\/\\\/www.laguiadepamplona.com\\\/actualidad\\\/el-ayuntamiento-licita-la-gestion-de-la-zona-azul-aparcamientos-disuasorios-y-de-autocaravanas-y-la-grua-en-un-contrato-global-de-131-millones-de-euros-al-ano\\\/\"]}]},{\"@type\":\"ImageObject\",\"inLanguage\":\"es\",\"@id\":\"https:\\\/\\\/www.laguiadepamplona.com\\\/actualidad\\\/el-ayuntamiento-licita-la-gestion-de-la-zona-azul-aparcamientos-disuasorios-y-de-autocaravanas-y-la-grua-en-un-contrato-global-de-131-millones-de-euros-al-ano\\\/#primaryimage\",\"url\":\"https:\\\/\\\/www.laguiadepamplona.com\\\/actualidad\\\/wp-content\\\/uploads\\\/2023\\\/06\\\/aparcamiento-autocaravanas.webp\",\"contentUrl\":\"https:\\\/\\\/www.laguiadepamplona.com\\\/actualidad\\\/wp-content\\\/uploads\\\/2023\\\/06\\\/aparcamiento-autocaravanas.webp\",\"width\":1920,\"height\":1282},{\"@type\":\"BreadcrumbList\",\"@id\":\"https:\\\/\\\/www.laguiadepamplona.com\\\/actualidad\\\/el-ayuntamiento-licita-la-gestion-de-la-zona-azul-aparcamientos-disuasorios-y-de-autocaravanas-y-la-grua-en-un-contrato-global-de-131-millones-de-euros-al-ano\\\/#breadcrumb\",\"itemListElement\":[{\"@type\":\"ListItem\",\"position\":1,\"name\":\"Portada\",\"item\":\"https:\\\/\\\/www.laguiadepamplona.com\\\/actualidad\\\/\"},{\"@type\":\"ListItem\",\"position\":2,\"name\":\"El Ayuntamiento licita la gesti\u00f3n de la Zona Azul, aparcamientos disuasorios y de autocaravanas y la gr\u00faa en un contrato global de 13,1 millones de euros al a\u00f1o\"}]},{\"@type\":\"WebSite\",\"@id\":\"https:\\\/\\\/www.laguiadepamplona.com\\\/actualidad\\\/#website\",\"url\":\"https:\\\/\\\/www.laguiadepamplona.com\\\/actualidad\\\/\",\"name\":\"La gu\u00eda de Pamplona\",\"description\":\"Noticias de Pamplona\",\"publisher\":{\"@id\":\"https:\\\/\\\/www.laguiadepamplona.com\\\/actualidad\\\/#organization\"},\"potentialAction\":[{\"@type\":\"SearchAction\",\"target\":{\"@type\":\"EntryPoint\",\"urlTemplate\":\"https:\\\/\\\/www.laguiadepamplona.com\\\/actualidad\\\/?s={search_term_string}\"},\"query-input\":{\"@type\":\"PropertyValueSpecification\",\"valueRequired\":true,\"valueName\":\"search_term_string\"}}],\"inLanguage\":\"es\"},{\"@type\":\"Organization\",\"@id\":\"https:\\\/\\\/www.laguiadepamplona.com\\\/actualidad\\\/#organization\",\"name\":\"La Gu\u00eda de Pamplona \\\/ Noticias\",\"url\":\"https:\\\/\\\/www.laguiadepamplona.com\\\/actualidad\\\/\",\"logo\":{\"@type\":\"ImageObject\",\"inLanguage\":\"es\",\"@id\":\"https:\\\/\\\/www.laguiadepamplona.com\\\/actualidad\\\/#\\\/schema\\\/logo\\\/image\\\/\",\"url\":\"https:\\\/\\\/www.laguiadepamplona.com\\\/actualidad\\\/wp-content\\\/uploads\\\/2018\\\/11\\\/logo-laguiadepamplona18-web1.png\",\"contentUrl\":\"https:\\\/\\\/www.laguiadepamplona.com\\\/actualidad\\\/wp-content\\\/uploads\\\/2018\\\/11\\\/logo-laguiadepamplona18-web1.png\",\"width\":600,\"height\":196,\"caption\":\"La Gu\u00eda de Pamplona \\\/ Noticias\"},\"image\":{\"@id\":\"https:\\\/\\\/www.laguiadepamplona.com\\\/actualidad\\\/#\\\/schema\\\/logo\\\/image\\\/\"},\"sameAs\":[\"https:\\\/\\\/www.facebook.com\\\/laguiadepamplonacom-133175176762273\\\/?ref=hl\",\"https:\\\/\\\/x.com\\\/LaGuiadPamplona\",\"https:\\\/\\\/www.instagram.com\\\/la_guia_de_pamplona\\\/\",\"https:\\\/\\\/www.youtube.com\\\/user\\\/laguiadepamplona\"]},{\"@type\":\"Person\",\"@id\":\"https:\\\/\\\/www.laguiadepamplona.com\\\/actualidad\\\/#\\\/schema\\\/person\\\/efe887376f0213d4657c93adc50b1fdb\",\"name\":\"La Gu\u00eda de Pamplona\",\"image\":{\"@type\":\"ImageObject\",\"inLanguage\":\"es\",\"@id\":\"https:\\\/\\\/secure.gravatar.com\\\/avatar\\\/b6992f131dc8d30ab0dff15446e9d346d9dbd95992de0fef795073f5ea83a81c?s=96&d=mm&r=g\",\"url\":\"https:\\\/\\\/secure.gravatar.com\\\/avatar\\\/b6992f131dc8d30ab0dff15446e9d346d9dbd95992de0fef795073f5ea83a81c?s=96&d=mm&r=g\",\"contentUrl\":\"https:\\\/\\\/secure.gravatar.com\\\/avatar\\\/b6992f131dc8d30ab0dff15446e9d346d9dbd95992de0fef795073f5ea83a81c?s=96&d=mm&r=g\",\"caption\":\"La Gu\u00eda de Pamplona\"}}]}<\/script>\n<!-- \/ Yoast SEO plugin. -->","yoast_head_json":{"title":"El Ayuntamiento licita la gesti\u00f3n de la Zona Azul, aparcamientos disuasorios y de autocaravanas y la gr\u00faa en un contrato global de 13,1 millones de euros al a\u00f1o","description":"Este contrato de nuevo formato afecta en total a 37.570 plazas de estacionamiento en superficie y entrar\u00e1 en vigor el 1 de enero de 2024","robots":{"index":"index","follow":"follow","max-snippet":"max-snippet:-1","max-image-preview":"max-image-preview:large","max-video-preview":"max-video-preview:-1"},"canonical":"https:\/\/www.laguiadepamplona.com\/actualidad\/el-ayuntamiento-licita-la-gestion-de-la-zona-azul-aparcamientos-disuasorios-y-de-autocaravanas-y-la-grua-en-un-contrato-global-de-131-millones-de-euros-al-ano\/","og_locale":"es_ES","og_type":"article","og_title":"El Ayuntamiento licita la gesti\u00f3n de la Zona Azul, aparcamientos disuasorios y de autocaravanas y la gr\u00faa en un contrato global de 13,1 millones de euros al a\u00f1o","og_description":"Este contrato de nuevo formato afecta en total a 37.570 plazas de estacionamiento en superficie y entrar\u00e1 en vigor el 1 de enero de 2024","og_url":"https:\/\/www.laguiadepamplona.com\/actualidad\/el-ayuntamiento-licita-la-gestion-de-la-zona-azul-aparcamientos-disuasorios-y-de-autocaravanas-y-la-grua-en-un-contrato-global-de-131-millones-de-euros-al-ano\/","og_site_name":"La Gu\u00eda de Pamplona","article_publisher":"https:\/\/www.facebook.com\/laguiadepamplonacom-133175176762273\/?ref=hl","article_published_time":"2023-06-12T16:42:03+00:00","og_image":[{"width":1920,"height":1282,"url":"https:\/\/www.laguiadepamplona.com\/actualidad\/wp-content\/uploads\/2023\/06\/aparcamiento-autocaravanas.webp","type":"image\/webp"}],"author":"La Gu\u00eda de Pamplona","twitter_card":"summary_large_image","twitter_creator":"@LaGuiadPamplona","twitter_site":"@LaGuiadPamplona","twitter_misc":{"Escrito por":"La Gu\u00eda de Pamplona","Tiempo de lectura":"5 minutos"},"schema":{"@context":"https:\/\/schema.org","@graph":[{"@type":"Article","@id":"https:\/\/www.laguiadepamplona.com\/actualidad\/el-ayuntamiento-licita-la-gestion-de-la-zona-azul-aparcamientos-disuasorios-y-de-autocaravanas-y-la-grua-en-un-contrato-global-de-131-millones-de-euros-al-ano\/#article","isPartOf":{"@id":"https:\/\/www.laguiadepamplona.com\/actualidad\/el-ayuntamiento-licita-la-gestion-de-la-zona-azul-aparcamientos-disuasorios-y-de-autocaravanas-y-la-grua-en-un-contrato-global-de-131-millones-de-euros-al-ano\/"},"author":{"name":"La Gu\u00eda de Pamplona","@id":"https:\/\/www.laguiadepamplona.com\/actualidad\/#\/schema\/person\/efe887376f0213d4657c93adc50b1fdb"},"headline":"El Ayuntamiento licita la gesti\u00f3n de la Zona Azul, aparcamientos disuasorios y de autocaravanas y la gr\u00faa en un contrato global de 13,1 millones de euros al a\u00f1o","datePublished":"2023-06-12T16:42:03+00:00","mainEntityOfPage":{"@id":"https:\/\/www.laguiadepamplona.com\/actualidad\/el-ayuntamiento-licita-la-gestion-de-la-zona-azul-aparcamientos-disuasorios-y-de-autocaravanas-y-la-grua-en-un-contrato-global-de-131-millones-de-euros-al-ano\/"},"wordCount":991,"commentCount":0,"publisher":{"@id":"https:\/\/www.laguiadepamplona.com\/actualidad\/#organization"},"image":{"@id":"https:\/\/www.laguiadepamplona.com\/actualidad\/el-ayuntamiento-licita-la-gestion-de-la-zona-azul-aparcamientos-disuasorios-y-de-autocaravanas-y-la-grua-en-un-contrato-global-de-131-millones-de-euros-al-ano\/#primaryimage"},"thumbnailUrl":"https:\/\/www.laguiadepamplona.com\/actualidad\/wp-content\/uploads\/2023\/06\/aparcamiento-autocaravanas.webp","articleSection":["Ayto Pamplona"],"inLanguage":"es","potentialAction":[{"@type":"CommentAction","name":"Comment","target":["https:\/\/www.laguiadepamplona.com\/actualidad\/el-ayuntamiento-licita-la-gestion-de-la-zona-azul-aparcamientos-disuasorios-y-de-autocaravanas-y-la-grua-en-un-contrato-global-de-131-millones-de-euros-al-ano\/#respond"]}]},{"@type":"WebPage","@id":"https:\/\/www.laguiadepamplona.com\/actualidad\/el-ayuntamiento-licita-la-gestion-de-la-zona-azul-aparcamientos-disuasorios-y-de-autocaravanas-y-la-grua-en-un-contrato-global-de-131-millones-de-euros-al-ano\/","url":"https:\/\/www.laguiadepamplona.com\/actualidad\/el-ayuntamiento-licita-la-gestion-de-la-zona-azul-aparcamientos-disuasorios-y-de-autocaravanas-y-la-grua-en-un-contrato-global-de-131-millones-de-euros-al-ano\/","name":"El Ayuntamiento licita la gesti\u00f3n de la Zona Azul, aparcamientos disuasorios y de autocaravanas y la gr\u00faa en un contrato global de 13,1 millones de euros al a\u00f1o","isPartOf":{"@id":"https:\/\/www.laguiadepamplona.com\/actualidad\/#website"},"primaryImageOfPage":{"@id":"https:\/\/www.laguiadepamplona.com\/actualidad\/el-ayuntamiento-licita-la-gestion-de-la-zona-azul-aparcamientos-disuasorios-y-de-autocaravanas-y-la-grua-en-un-contrato-global-de-131-millones-de-euros-al-ano\/#primaryimage"},"image":{"@id":"https:\/\/www.laguiadepamplona.com\/actualidad\/el-ayuntamiento-licita-la-gestion-de-la-zona-azul-aparcamientos-disuasorios-y-de-autocaravanas-y-la-grua-en-un-contrato-global-de-131-millones-de-euros-al-ano\/#primaryimage"},"thumbnailUrl":"https:\/\/www.laguiadepamplona.com\/actualidad\/wp-content\/uploads\/2023\/06\/aparcamiento-autocaravanas.webp","datePublished":"2023-06-12T16:42:03+00:00","description":"Este contrato de nuevo formato afecta en total a 37.570 plazas de estacionamiento en superficie y entrar\u00e1 en vigor el 1 de enero de 2024","breadcrumb":{"@id":"https:\/\/www.laguiadepamplona.com\/actualidad\/el-ayuntamiento-licita-la-gestion-de-la-zona-azul-aparcamientos-disuasorios-y-de-autocaravanas-y-la-grua-en-un-contrato-global-de-131-millones-de-euros-al-ano\/#breadcrumb"},"inLanguage":"es","potentialAction":[{"@type":"ReadAction","target":["https:\/\/www.laguiadepamplona.com\/actualidad\/el-ayuntamiento-licita-la-gestion-de-la-zona-azul-aparcamientos-disuasorios-y-de-autocaravanas-y-la-grua-en-un-contrato-global-de-131-millones-de-euros-al-ano\/"]}]},{"@type":"ImageObject","inLanguage":"es","@id":"https:\/\/www.laguiadepamplona.com\/actualidad\/el-ayuntamiento-licita-la-gestion-de-la-zona-azul-aparcamientos-disuasorios-y-de-autocaravanas-y-la-grua-en-un-contrato-global-de-131-millones-de-euros-al-ano\/#primaryimage","url":"https:\/\/www.laguiadepamplona.com\/actualidad\/wp-content\/uploads\/2023\/06\/aparcamiento-autocaravanas.webp","contentUrl":"https:\/\/www.laguiadepamplona.com\/actualidad\/wp-content\/uploads\/2023\/06\/aparcamiento-autocaravanas.webp","width":1920,"height":1282},{"@type":"BreadcrumbList","@id":"https:\/\/www.laguiadepamplona.com\/actualidad\/el-ayuntamiento-licita-la-gestion-de-la-zona-azul-aparcamientos-disuasorios-y-de-autocaravanas-y-la-grua-en-un-contrato-global-de-131-millones-de-euros-al-ano\/#breadcrumb","itemListElement":[{"@type":"ListItem","position":1,"name":"Portada","item":"https:\/\/www.laguiadepamplona.com\/actualidad\/"},{"@type":"ListItem","position":2,"name":"El Ayuntamiento licita la gesti\u00f3n de la Zona Azul, aparcamientos disuasorios y de autocaravanas y la gr\u00faa en un contrato global de 13,1 millones de euros al a\u00f1o"}]},{"@type":"WebSite","@id":"https:\/\/www.laguiadepamplona.com\/actualidad\/#website","url":"https:\/\/www.laguiadepamplona.com\/actualidad\/","name":"La gu\u00eda de Pamplona","description":"Noticias de Pamplona","publisher":{"@id":"https:\/\/www.laguiadepamplona.com\/actualidad\/#organization"},"potentialAction":[{"@type":"SearchAction","target":{"@type":"EntryPoint","urlTemplate":"https:\/\/www.laguiadepamplona.com\/actualidad\/?s={search_term_string}"},"query-input":{"@type":"PropertyValueSpecification","valueRequired":true,"valueName":"search_term_string"}}],"inLanguage":"es"},{"@type":"Organization","@id":"https:\/\/www.laguiadepamplona.com\/actualidad\/#organization","name":"La Gu\u00eda de Pamplona \/ Noticias","url":"https:\/\/www.laguiadepamplona.com\/actualidad\/","logo":{"@type":"ImageObject","inLanguage":"es","@id":"https:\/\/www.laguiadepamplona.com\/actualidad\/#\/schema\/logo\/image\/","url":"https:\/\/www.laguiadepamplona.com\/actualidad\/wp-content\/uploads\/2018\/11\/logo-laguiadepamplona18-web1.png","contentUrl":"https:\/\/www.laguiadepamplona.com\/actualidad\/wp-content\/uploads\/2018\/11\/logo-laguiadepamplona18-web1.png","width":600,"height":196,"caption":"La Gu\u00eda de Pamplona \/ Noticias"},"image":{"@id":"https:\/\/www.laguiadepamplona.com\/actualidad\/#\/schema\/logo\/image\/"},"sameAs":["https:\/\/www.facebook.com\/laguiadepamplonacom-133175176762273\/?ref=hl","https:\/\/x.com\/LaGuiadPamplona","https:\/\/www.instagram.com\/la_guia_de_pamplona\/","https:\/\/www.youtube.com\/user\/laguiadepamplona"]},{"@type":"Person","@id":"https:\/\/www.laguiadepamplona.com\/actualidad\/#\/schema\/person\/efe887376f0213d4657c93adc50b1fdb","name":"La Gu\u00eda de Pamplona","image":{"@type":"ImageObject","inLanguage":"es","@id":"https:\/\/secure.gravatar.com\/avatar\/b6992f131dc8d30ab0dff15446e9d346d9dbd95992de0fef795073f5ea83a81c?s=96&d=mm&r=g","url":"https:\/\/secure.gravatar.com\/avatar\/b6992f131dc8d30ab0dff15446e9d346d9dbd95992de0fef795073f5ea83a81c?s=96&d=mm&r=g","contentUrl":"https:\/\/secure.gravatar.com\/avatar\/b6992f131dc8d30ab0dff15446e9d346d9dbd95992de0fef795073f5ea83a81c?s=96&d=mm&r=g","caption":"La Gu\u00eda de Pamplona"}}]}},"post_mailing_queue_ids":[],"_links":{"self":[{"href":"https:\/\/www.laguiadepamplona.com\/actualidad\/wp-json\/wp\/v2\/posts\/47019","targetHints":{"allow":["GET"]}}],"collection":[{"href":"https:\/\/www.laguiadepamplona.com\/actualidad\/wp-json\/wp\/v2\/posts"}],"about":[{"href":"https:\/\/www.laguiadepamplona.com\/actualidad\/wp-json\/wp\/v2\/types\/post"}],"author":[{"embeddable":true,"href":"https:\/\/www.laguiadepamplona.com\/actualidad\/wp-json\/wp\/v2\/users\/1"}],"replies":[{"embeddable":true,"href":"https:\/\/www.laguiadepamplona.com\/actualidad\/wp-json\/wp\/v2\/comments?post=47019"}],"version-history":[{"count":1,"href":"https:\/\/www.laguiadepamplona.com\/actualidad\/wp-json\/wp\/v2\/posts\/47019\/revisions"}],"predecessor-version":[{"id":47021,"href":"https:\/\/www.laguiadepamplona.com\/actualidad\/wp-json\/wp\/v2\/posts\/47019\/revisions\/47021"}],"wp:featuredmedia":[{"embeddable":true,"href":"https:\/\/www.laguiadepamplona.com\/actualidad\/wp-json\/wp\/v2\/media\/47020"}],"wp:attachment":[{"href":"https:\/\/www.laguiadepamplona.com\/actualidad\/wp-json\/wp\/v2\/media?parent=47019"}],"wp:term":[{"taxonomy":"category","embeddable":true,"href":"https:\/\/www.laguiadepamplona.com\/actualidad\/wp-json\/wp\/v2\/categories?post=47019"},{"taxonomy":"post_tag","embeddable":true,"href":"https:\/\/www.laguiadepamplona.com\/actualidad\/wp-json\/wp\/v2\/tags?post=47019"}],"curies":[{"name":"wp","href":"https:\/\/api.w.org\/{rel}","templated":true}]}}