{"id":47015,"date":"2023-06-12T18:36:41","date_gmt":"2023-06-12T16:36:41","guid":{"rendered":"https:\/\/www.laguiadepamplona.com\/actualidad\/?p=47015"},"modified":"2023-06-12T18:36:41","modified_gmt":"2023-06-12T16:36:41","slug":"aprobada-la-licitacion-del-contrato-de-suministro-de-energia-en-edificios-y-ascensores-de-titularidad-o-gestion-municipal","status":"publish","type":"post","link":"https:\/\/www.laguiadepamplona.com\/actualidad\/aprobada-la-licitacion-del-contrato-de-suministro-de-energia-en-edificios-y-ascensores-de-titularidad-o-gestion-municipal\/","title":{"rendered":"Aprobada la licitaci\u00f3n del contrato de suministro de energ\u00eda en edificios y ascensores de titularidad o gesti\u00f3n municipal"},"content":{"rendered":"<h3>El contrato, por un importe de 23.394.000 euros, es para cinco a\u00f1os, desde el 1 de septiembre de 2023 al 31 de agosto de 2028<\/h3>\n<p><!--more--><\/p>\n<p>La Junta de Gobierno Local ha aprobado la licitaci\u00f3n del contrato de suministro de energ\u00eda en edificios y ascensores de titularidad o gesti\u00f3n municipal. Este contrato incluye el suministro de energ\u00eda a los edificios municipales y aparatos elevadores (el\u00e9ctrica, gas, gasoil y pellet); actuaciones de inversi\u00f3n en generaci\u00f3n de energ\u00eda; la gesti\u00f3n energ\u00e9tica y estudios de eficiencia energ\u00e9tica y medioambiental; as\u00ed como la realizaci\u00f3n de obras e instalaciones en edificios, si fuesen ofertadas y aceptadas.<br \/>\n<script async src=\"\/\/pagead2.googlesyndication.com\/pagead\/js\/adsbygoogle.js\"><\/script><br \/>\n<!-- Noticias La Guia de Pamplona --><br \/>\n<ins class=\"adsbygoogle\"\nstyle=\"display:block\"\ndata-ad-client=\"ca-pub-6943679897239327\"\ndata-ad-slot=\"7048180777\"\ndata-ad-format=\"auto\"><\/ins><br \/>\n<script>\n(adsbygoogle = window.adsbygoogle || []).push({});\n<\/script><\/p>\n<p>El contrato cuenta con un presupuesto de 23.394.000 euros, IVA incluido, para el periodo de cinco a\u00f1os comprendido entre el 1 de septiembre de 2023 y el 31 de agosto de 2028. El contrato finalizar\u00e1 el \u00faltimo d\u00eda de agosto, incluso si el inicio se retrasara. No se contemplan pr\u00f3rrogas. La empresa adjudicataria emitir\u00e1 mensualmente una factura, agrupada para todos los puntos de suministro, que presentar\u00e1 en el Registro electr\u00f3nico del Ayuntamiento.<\/p>\n<p>Si durante la duraci\u00f3n del contrato se modifica la normativa que rige la tarifa de acceso a la red el\u00e9ctrica o el complemento en concepto de coste de la moratoria nuclear o el tipo del impuesto sobre la electricidad, u otros conceptos de car\u00e1cter impositivo o regulados, la adjudicataria repercutir\u00e1 al Ayuntamiento en el precio del kilovatio hora el aumento o disminuci\u00f3n proporcional que se derive del aumento o disminuci\u00f3n de estos componentes regulados del precio, respectivamente.<\/p>\n<p>La presentaci\u00f3n de ofertas se llevar\u00e1 a cabo a trav\u00e9s de la plataforma de licitaci\u00f3n electr\u00f3nica de Navarra, PLENA, cuya utilizaci\u00f3n ser\u00e1 obligatoria para quien licite con independencia de su personalidad f\u00edsica o jur\u00eddica. En esta plataforma se presentar\u00e1 toda la documentaci\u00f3n, se establecer\u00e1 contacto con el \u00f3rgano de contrataci\u00f3n para llevar a cabo las subsanaciones o aclaraciones y se llevar\u00e1 a cabo la apertura, configur\u00e1ndose a todos los efectos como sede electr\u00f3nica y registro auxiliar.<br \/>\n<script async src=\"\/\/pagead2.googlesyndication.com\/pagead\/js\/adsbygoogle.js\"><\/script><br \/>\n<!-- Noticias La Guia de Pamplona --><br \/>\n<ins class=\"adsbygoogle\"\nstyle=\"display:block\"\ndata-ad-client=\"ca-pub-6943679897239327\"\ndata-ad-slot=\"7048180777\"\ndata-ad-format=\"auto\"><\/ins><br \/>\n<script>\n(adsbygoogle = window.adsbygoogle || []).push({});\n<\/script><\/p>\n<p>&nbsp;<\/p>\n<h3>Desglose del Presupuesto de 23.394.000 euros<\/h3>\n<ul>\n<li>El importe de este contrato se divide en estos tramos:\n<ul>\n<li>2023, del 1 de septiembre al 31 de diciembre: 1.559.601 euros<\/li>\n<li>2024: 4.678.800 euros<\/li>\n<li>2025: 4.678.800 euros<\/li>\n<li>2026: 4.678.800 euros<\/li>\n<li>2027: 4.678.800 euros<\/li>\n<li>2028, desde el 1 de enero al 31 de agosto: 3.119.199 euros<\/li>\n<\/ul>\n<\/li>\n<\/ul>\n","protected":false},"excerpt":{"rendered":"<p>El contrato, por un importe de 23.394.000 euros, es para cinco a\u00f1os, desde el 1 de septiembre de 2023 al 31 de agosto de 2028<\/p>\n","protected":false},"author":1,"featured_media":47017,"comment_status":"open","ping_status":"closed","sticky":false,"template":"","format":"standard","meta":{"footnotes":""},"categories":[2],"tags":[],"class_list":["post-47015","post","type-post","status-publish","format-standard","has-post-thumbnail","hentry","category-ayuntamiento-pamplona"],"yoast_head":"<!-- This site is optimized with the Yoast SEO plugin v27.3 - https:\/\/yoast.com\/product\/yoast-seo-wordpress\/ -->\n<title>Aprobada la licitaci\u00f3n del contrato de suministro de energ\u00eda en edificios y ascensores de titularidad o gesti\u00f3n municipal<\/title>\n<meta name=\"description\" content=\"El contrato, por un importe de 23.394.000 euros, es para cinco a\u00f1os, desde el 1 de septiembre de 2023 al 31 de agosto de 2028\" \/>\n<meta name=\"robots\" content=\"index, follow, max-snippet:-1, max-image-preview:large, max-video-preview:-1\" \/>\n<link rel=\"canonical\" href=\"https:\/\/www.laguiadepamplona.com\/actualidad\/aprobada-la-licitacion-del-contrato-de-suministro-de-energia-en-edificios-y-ascensores-de-titularidad-o-gestion-municipal\/\" \/>\n<meta property=\"og:locale\" content=\"es_ES\" \/>\n<meta property=\"og:type\" content=\"article\" \/>\n<meta property=\"og:title\" content=\"Aprobada la licitaci\u00f3n del contrato de suministro de energ\u00eda en edificios y ascensores de titularidad o gesti\u00f3n municipal\" \/>\n<meta property=\"og:description\" content=\"El contrato, por un importe de 23.394.000 euros, es para cinco a\u00f1os, desde el 1 de septiembre de 2023 al 31 de agosto de 2028\" \/>\n<meta property=\"og:url\" content=\"https:\/\/www.laguiadepamplona.com\/actualidad\/aprobada-la-licitacion-del-contrato-de-suministro-de-energia-en-edificios-y-ascensores-de-titularidad-o-gestion-municipal\/\" \/>\n<meta property=\"og:site_name\" content=\"La Gu\u00eda de Pamplona\" \/>\n<meta property=\"article:publisher\" content=\"https:\/\/www.facebook.com\/laguiadepamplonacom-133175176762273\/?ref=hl\" \/>\n<meta property=\"article:published_time\" content=\"2023-06-12T16:36:41+00:00\" \/>\n<meta property=\"og:image\" content=\"https:\/\/www.laguiadepamplona.com\/actualidad\/wp-content\/uploads\/2023\/06\/Ascensores-y-rampas-2019_11_0.webp\" \/>\n\t<meta property=\"og:image:width\" content=\"1600\" \/>\n\t<meta property=\"og:image:height\" content=\"1091\" \/>\n\t<meta property=\"og:image:type\" content=\"image\/webp\" \/>\n<meta name=\"author\" content=\"La Gu\u00eda de Pamplona\" \/>\n<meta name=\"twitter:card\" content=\"summary_large_image\" \/>\n<meta name=\"twitter:creator\" content=\"@LaGuiadPamplona\" \/>\n<meta name=\"twitter:site\" content=\"@LaGuiadPamplona\" \/>\n<meta name=\"twitter:label1\" content=\"Escrito por\" \/>\n\t<meta name=\"twitter:data1\" content=\"La Gu\u00eda de Pamplona\" \/>\n\t<meta name=\"twitter:label2\" content=\"Tiempo de lectura\" \/>\n\t<meta name=\"twitter:data2\" content=\"2 minutos\" \/>\n<script type=\"application\/ld+json\" class=\"yoast-schema-graph\">{\"@context\":\"https:\\\/\\\/schema.org\",\"@graph\":[{\"@type\":\"Article\",\"@id\":\"https:\\\/\\\/www.laguiadepamplona.com\\\/actualidad\\\/aprobada-la-licitacion-del-contrato-de-suministro-de-energia-en-edificios-y-ascensores-de-titularidad-o-gestion-municipal\\\/#article\",\"isPartOf\":{\"@id\":\"https:\\\/\\\/www.laguiadepamplona.com\\\/actualidad\\\/aprobada-la-licitacion-del-contrato-de-suministro-de-energia-en-edificios-y-ascensores-de-titularidad-o-gestion-municipal\\\/\"},\"author\":{\"name\":\"La Gu\u00eda de Pamplona\",\"@id\":\"https:\\\/\\\/www.laguiadepamplona.com\\\/actualidad\\\/#\\\/schema\\\/person\\\/efe887376f0213d4657c93adc50b1fdb\"},\"headline\":\"Aprobada la licitaci\u00f3n del contrato de suministro de energ\u00eda en edificios y ascensores de titularidad o gesti\u00f3n municipal\",\"datePublished\":\"2023-06-12T16:36:41+00:00\",\"mainEntityOfPage\":{\"@id\":\"https:\\\/\\\/www.laguiadepamplona.com\\\/actualidad\\\/aprobada-la-licitacion-del-contrato-de-suministro-de-energia-en-edificios-y-ascensores-de-titularidad-o-gestion-municipal\\\/\"},\"wordCount\":404,\"commentCount\":0,\"publisher\":{\"@id\":\"https:\\\/\\\/www.laguiadepamplona.com\\\/actualidad\\\/#organization\"},\"image\":{\"@id\":\"https:\\\/\\\/www.laguiadepamplona.com\\\/actualidad\\\/aprobada-la-licitacion-del-contrato-de-suministro-de-energia-en-edificios-y-ascensores-de-titularidad-o-gestion-municipal\\\/#primaryimage\"},\"thumbnailUrl\":\"https:\\\/\\\/www.laguiadepamplona.com\\\/actualidad\\\/wp-content\\\/uploads\\\/2023\\\/06\\\/Ascensores-y-rampas-2019_11_0.webp\",\"articleSection\":[\"Ayto Pamplona\"],\"inLanguage\":\"es\",\"potentialAction\":[{\"@type\":\"CommentAction\",\"name\":\"Comment\",\"target\":[\"https:\\\/\\\/www.laguiadepamplona.com\\\/actualidad\\\/aprobada-la-licitacion-del-contrato-de-suministro-de-energia-en-edificios-y-ascensores-de-titularidad-o-gestion-municipal\\\/#respond\"]}]},{\"@type\":\"WebPage\",\"@id\":\"https:\\\/\\\/www.laguiadepamplona.com\\\/actualidad\\\/aprobada-la-licitacion-del-contrato-de-suministro-de-energia-en-edificios-y-ascensores-de-titularidad-o-gestion-municipal\\\/\",\"url\":\"https:\\\/\\\/www.laguiadepamplona.com\\\/actualidad\\\/aprobada-la-licitacion-del-contrato-de-suministro-de-energia-en-edificios-y-ascensores-de-titularidad-o-gestion-municipal\\\/\",\"name\":\"Aprobada la licitaci\u00f3n del contrato de suministro de energ\u00eda en edificios y ascensores de titularidad o gesti\u00f3n municipal\",\"isPartOf\":{\"@id\":\"https:\\\/\\\/www.laguiadepamplona.com\\\/actualidad\\\/#website\"},\"primaryImageOfPage\":{\"@id\":\"https:\\\/\\\/www.laguiadepamplona.com\\\/actualidad\\\/aprobada-la-licitacion-del-contrato-de-suministro-de-energia-en-edificios-y-ascensores-de-titularidad-o-gestion-municipal\\\/#primaryimage\"},\"image\":{\"@id\":\"https:\\\/\\\/www.laguiadepamplona.com\\\/actualidad\\\/aprobada-la-licitacion-del-contrato-de-suministro-de-energia-en-edificios-y-ascensores-de-titularidad-o-gestion-municipal\\\/#primaryimage\"},\"thumbnailUrl\":\"https:\\\/\\\/www.laguiadepamplona.com\\\/actualidad\\\/wp-content\\\/uploads\\\/2023\\\/06\\\/Ascensores-y-rampas-2019_11_0.webp\",\"datePublished\":\"2023-06-12T16:36:41+00:00\",\"description\":\"El contrato, por un importe de 23.394.000 euros, es para cinco a\u00f1os, desde el 1 de septiembre de 2023 al 31 de agosto de 2028\",\"breadcrumb\":{\"@id\":\"https:\\\/\\\/www.laguiadepamplona.com\\\/actualidad\\\/aprobada-la-licitacion-del-contrato-de-suministro-de-energia-en-edificios-y-ascensores-de-titularidad-o-gestion-municipal\\\/#breadcrumb\"},\"inLanguage\":\"es\",\"potentialAction\":[{\"@type\":\"ReadAction\",\"target\":[\"https:\\\/\\\/www.laguiadepamplona.com\\\/actualidad\\\/aprobada-la-licitacion-del-contrato-de-suministro-de-energia-en-edificios-y-ascensores-de-titularidad-o-gestion-municipal\\\/\"]}]},{\"@type\":\"ImageObject\",\"inLanguage\":\"es\",\"@id\":\"https:\\\/\\\/www.laguiadepamplona.com\\\/actualidad\\\/aprobada-la-licitacion-del-contrato-de-suministro-de-energia-en-edificios-y-ascensores-de-titularidad-o-gestion-municipal\\\/#primaryimage\",\"url\":\"https:\\\/\\\/www.laguiadepamplona.com\\\/actualidad\\\/wp-content\\\/uploads\\\/2023\\\/06\\\/Ascensores-y-rampas-2019_11_0.webp\",\"contentUrl\":\"https:\\\/\\\/www.laguiadepamplona.com\\\/actualidad\\\/wp-content\\\/uploads\\\/2023\\\/06\\\/Ascensores-y-rampas-2019_11_0.webp\",\"width\":1600,\"height\":1091},{\"@type\":\"BreadcrumbList\",\"@id\":\"https:\\\/\\\/www.laguiadepamplona.com\\\/actualidad\\\/aprobada-la-licitacion-del-contrato-de-suministro-de-energia-en-edificios-y-ascensores-de-titularidad-o-gestion-municipal\\\/#breadcrumb\",\"itemListElement\":[{\"@type\":\"ListItem\",\"position\":1,\"name\":\"Portada\",\"item\":\"https:\\\/\\\/www.laguiadepamplona.com\\\/actualidad\\\/\"},{\"@type\":\"ListItem\",\"position\":2,\"name\":\"Aprobada la licitaci\u00f3n del contrato de suministro de energ\u00eda en edificios y ascensores de titularidad o gesti\u00f3n municipal\"}]},{\"@type\":\"WebSite\",\"@id\":\"https:\\\/\\\/www.laguiadepamplona.com\\\/actualidad\\\/#website\",\"url\":\"https:\\\/\\\/www.laguiadepamplona.com\\\/actualidad\\\/\",\"name\":\"La gu\u00eda de Pamplona\",\"description\":\"Noticias de Pamplona\",\"publisher\":{\"@id\":\"https:\\\/\\\/www.laguiadepamplona.com\\\/actualidad\\\/#organization\"},\"potentialAction\":[{\"@type\":\"SearchAction\",\"target\":{\"@type\":\"EntryPoint\",\"urlTemplate\":\"https:\\\/\\\/www.laguiadepamplona.com\\\/actualidad\\\/?s={search_term_string}\"},\"query-input\":{\"@type\":\"PropertyValueSpecification\",\"valueRequired\":true,\"valueName\":\"search_term_string\"}}],\"inLanguage\":\"es\"},{\"@type\":\"Organization\",\"@id\":\"https:\\\/\\\/www.laguiadepamplona.com\\\/actualidad\\\/#organization\",\"name\":\"La Gu\u00eda de Pamplona \\\/ Noticias\",\"url\":\"https:\\\/\\\/www.laguiadepamplona.com\\\/actualidad\\\/\",\"logo\":{\"@type\":\"ImageObject\",\"inLanguage\":\"es\",\"@id\":\"https:\\\/\\\/www.laguiadepamplona.com\\\/actualidad\\\/#\\\/schema\\\/logo\\\/image\\\/\",\"url\":\"https:\\\/\\\/www.laguiadepamplona.com\\\/actualidad\\\/wp-content\\\/uploads\\\/2018\\\/11\\\/logo-laguiadepamplona18-web1.png\",\"contentUrl\":\"https:\\\/\\\/www.laguiadepamplona.com\\\/actualidad\\\/wp-content\\\/uploads\\\/2018\\\/11\\\/logo-laguiadepamplona18-web1.png\",\"width\":600,\"height\":196,\"caption\":\"La Gu\u00eda de Pamplona \\\/ Noticias\"},\"image\":{\"@id\":\"https:\\\/\\\/www.laguiadepamplona.com\\\/actualidad\\\/#\\\/schema\\\/logo\\\/image\\\/\"},\"sameAs\":[\"https:\\\/\\\/www.facebook.com\\\/laguiadepamplonacom-133175176762273\\\/?ref=hl\",\"https:\\\/\\\/x.com\\\/LaGuiadPamplona\",\"https:\\\/\\\/www.instagram.com\\\/la_guia_de_pamplona\\\/\",\"https:\\\/\\\/www.youtube.com\\\/user\\\/laguiadepamplona\"]},{\"@type\":\"Person\",\"@id\":\"https:\\\/\\\/www.laguiadepamplona.com\\\/actualidad\\\/#\\\/schema\\\/person\\\/efe887376f0213d4657c93adc50b1fdb\",\"name\":\"La Gu\u00eda de Pamplona\",\"image\":{\"@type\":\"ImageObject\",\"inLanguage\":\"es\",\"@id\":\"https:\\\/\\\/secure.gravatar.com\\\/avatar\\\/b6992f131dc8d30ab0dff15446e9d346d9dbd95992de0fef795073f5ea83a81c?s=96&d=mm&r=g\",\"url\":\"https:\\\/\\\/secure.gravatar.com\\\/avatar\\\/b6992f131dc8d30ab0dff15446e9d346d9dbd95992de0fef795073f5ea83a81c?s=96&d=mm&r=g\",\"contentUrl\":\"https:\\\/\\\/secure.gravatar.com\\\/avatar\\\/b6992f131dc8d30ab0dff15446e9d346d9dbd95992de0fef795073f5ea83a81c?s=96&d=mm&r=g\",\"caption\":\"La Gu\u00eda de Pamplona\"}}]}<\/script>\n<!-- \/ Yoast SEO plugin. -->","yoast_head_json":{"title":"Aprobada la licitaci\u00f3n del contrato de suministro de energ\u00eda en edificios y ascensores de titularidad o gesti\u00f3n municipal","description":"El contrato, por un importe de 23.394.000 euros, es para cinco a\u00f1os, desde el 1 de septiembre de 2023 al 31 de agosto de 2028","robots":{"index":"index","follow":"follow","max-snippet":"max-snippet:-1","max-image-preview":"max-image-preview:large","max-video-preview":"max-video-preview:-1"},"canonical":"https:\/\/www.laguiadepamplona.com\/actualidad\/aprobada-la-licitacion-del-contrato-de-suministro-de-energia-en-edificios-y-ascensores-de-titularidad-o-gestion-municipal\/","og_locale":"es_ES","og_type":"article","og_title":"Aprobada la licitaci\u00f3n del contrato de suministro de energ\u00eda en edificios y ascensores de titularidad o gesti\u00f3n municipal","og_description":"El contrato, por un importe de 23.394.000 euros, es para cinco a\u00f1os, desde el 1 de septiembre de 2023 al 31 de agosto de 2028","og_url":"https:\/\/www.laguiadepamplona.com\/actualidad\/aprobada-la-licitacion-del-contrato-de-suministro-de-energia-en-edificios-y-ascensores-de-titularidad-o-gestion-municipal\/","og_site_name":"La Gu\u00eda de Pamplona","article_publisher":"https:\/\/www.facebook.com\/laguiadepamplonacom-133175176762273\/?ref=hl","article_published_time":"2023-06-12T16:36:41+00:00","og_image":[{"width":1600,"height":1091,"url":"https:\/\/www.laguiadepamplona.com\/actualidad\/wp-content\/uploads\/2023\/06\/Ascensores-y-rampas-2019_11_0.webp","type":"image\/webp"}],"author":"La Gu\u00eda de Pamplona","twitter_card":"summary_large_image","twitter_creator":"@LaGuiadPamplona","twitter_site":"@LaGuiadPamplona","twitter_misc":{"Escrito por":"La Gu\u00eda de Pamplona","Tiempo de lectura":"2 minutos"},"schema":{"@context":"https:\/\/schema.org","@graph":[{"@type":"Article","@id":"https:\/\/www.laguiadepamplona.com\/actualidad\/aprobada-la-licitacion-del-contrato-de-suministro-de-energia-en-edificios-y-ascensores-de-titularidad-o-gestion-municipal\/#article","isPartOf":{"@id":"https:\/\/www.laguiadepamplona.com\/actualidad\/aprobada-la-licitacion-del-contrato-de-suministro-de-energia-en-edificios-y-ascensores-de-titularidad-o-gestion-municipal\/"},"author":{"name":"La Gu\u00eda de Pamplona","@id":"https:\/\/www.laguiadepamplona.com\/actualidad\/#\/schema\/person\/efe887376f0213d4657c93adc50b1fdb"},"headline":"Aprobada la licitaci\u00f3n del contrato de suministro de energ\u00eda en edificios y ascensores de titularidad o gesti\u00f3n municipal","datePublished":"2023-06-12T16:36:41+00:00","mainEntityOfPage":{"@id":"https:\/\/www.laguiadepamplona.com\/actualidad\/aprobada-la-licitacion-del-contrato-de-suministro-de-energia-en-edificios-y-ascensores-de-titularidad-o-gestion-municipal\/"},"wordCount":404,"commentCount":0,"publisher":{"@id":"https:\/\/www.laguiadepamplona.com\/actualidad\/#organization"},"image":{"@id":"https:\/\/www.laguiadepamplona.com\/actualidad\/aprobada-la-licitacion-del-contrato-de-suministro-de-energia-en-edificios-y-ascensores-de-titularidad-o-gestion-municipal\/#primaryimage"},"thumbnailUrl":"https:\/\/www.laguiadepamplona.com\/actualidad\/wp-content\/uploads\/2023\/06\/Ascensores-y-rampas-2019_11_0.webp","articleSection":["Ayto Pamplona"],"inLanguage":"es","potentialAction":[{"@type":"CommentAction","name":"Comment","target":["https:\/\/www.laguiadepamplona.com\/actualidad\/aprobada-la-licitacion-del-contrato-de-suministro-de-energia-en-edificios-y-ascensores-de-titularidad-o-gestion-municipal\/#respond"]}]},{"@type":"WebPage","@id":"https:\/\/www.laguiadepamplona.com\/actualidad\/aprobada-la-licitacion-del-contrato-de-suministro-de-energia-en-edificios-y-ascensores-de-titularidad-o-gestion-municipal\/","url":"https:\/\/www.laguiadepamplona.com\/actualidad\/aprobada-la-licitacion-del-contrato-de-suministro-de-energia-en-edificios-y-ascensores-de-titularidad-o-gestion-municipal\/","name":"Aprobada la licitaci\u00f3n del contrato de suministro de energ\u00eda en edificios y ascensores de titularidad o gesti\u00f3n municipal","isPartOf":{"@id":"https:\/\/www.laguiadepamplona.com\/actualidad\/#website"},"primaryImageOfPage":{"@id":"https:\/\/www.laguiadepamplona.com\/actualidad\/aprobada-la-licitacion-del-contrato-de-suministro-de-energia-en-edificios-y-ascensores-de-titularidad-o-gestion-municipal\/#primaryimage"},"image":{"@id":"https:\/\/www.laguiadepamplona.com\/actualidad\/aprobada-la-licitacion-del-contrato-de-suministro-de-energia-en-edificios-y-ascensores-de-titularidad-o-gestion-municipal\/#primaryimage"},"thumbnailUrl":"https:\/\/www.laguiadepamplona.com\/actualidad\/wp-content\/uploads\/2023\/06\/Ascensores-y-rampas-2019_11_0.webp","datePublished":"2023-06-12T16:36:41+00:00","description":"El contrato, por un importe de 23.394.000 euros, es para cinco a\u00f1os, desde el 1 de septiembre de 2023 al 31 de agosto de 2028","breadcrumb":{"@id":"https:\/\/www.laguiadepamplona.com\/actualidad\/aprobada-la-licitacion-del-contrato-de-suministro-de-energia-en-edificios-y-ascensores-de-titularidad-o-gestion-municipal\/#breadcrumb"},"inLanguage":"es","potentialAction":[{"@type":"ReadAction","target":["https:\/\/www.laguiadepamplona.com\/actualidad\/aprobada-la-licitacion-del-contrato-de-suministro-de-energia-en-edificios-y-ascensores-de-titularidad-o-gestion-municipal\/"]}]},{"@type":"ImageObject","inLanguage":"es","@id":"https:\/\/www.laguiadepamplona.com\/actualidad\/aprobada-la-licitacion-del-contrato-de-suministro-de-energia-en-edificios-y-ascensores-de-titularidad-o-gestion-municipal\/#primaryimage","url":"https:\/\/www.laguiadepamplona.com\/actualidad\/wp-content\/uploads\/2023\/06\/Ascensores-y-rampas-2019_11_0.webp","contentUrl":"https:\/\/www.laguiadepamplona.com\/actualidad\/wp-content\/uploads\/2023\/06\/Ascensores-y-rampas-2019_11_0.webp","width":1600,"height":1091},{"@type":"BreadcrumbList","@id":"https:\/\/www.laguiadepamplona.com\/actualidad\/aprobada-la-licitacion-del-contrato-de-suministro-de-energia-en-edificios-y-ascensores-de-titularidad-o-gestion-municipal\/#breadcrumb","itemListElement":[{"@type":"ListItem","position":1,"name":"Portada","item":"https:\/\/www.laguiadepamplona.com\/actualidad\/"},{"@type":"ListItem","position":2,"name":"Aprobada la licitaci\u00f3n del contrato de suministro de energ\u00eda en edificios y ascensores de titularidad o gesti\u00f3n municipal"}]},{"@type":"WebSite","@id":"https:\/\/www.laguiadepamplona.com\/actualidad\/#website","url":"https:\/\/www.laguiadepamplona.com\/actualidad\/","name":"La gu\u00eda de Pamplona","description":"Noticias de Pamplona","publisher":{"@id":"https:\/\/www.laguiadepamplona.com\/actualidad\/#organization"},"potentialAction":[{"@type":"SearchAction","target":{"@type":"EntryPoint","urlTemplate":"https:\/\/www.laguiadepamplona.com\/actualidad\/?s={search_term_string}"},"query-input":{"@type":"PropertyValueSpecification","valueRequired":true,"valueName":"search_term_string"}}],"inLanguage":"es"},{"@type":"Organization","@id":"https:\/\/www.laguiadepamplona.com\/actualidad\/#organization","name":"La Gu\u00eda de Pamplona \/ Noticias","url":"https:\/\/www.laguiadepamplona.com\/actualidad\/","logo":{"@type":"ImageObject","inLanguage":"es","@id":"https:\/\/www.laguiadepamplona.com\/actualidad\/#\/schema\/logo\/image\/","url":"https:\/\/www.laguiadepamplona.com\/actualidad\/wp-content\/uploads\/2018\/11\/logo-laguiadepamplona18-web1.png","contentUrl":"https:\/\/www.laguiadepamplona.com\/actualidad\/wp-content\/uploads\/2018\/11\/logo-laguiadepamplona18-web1.png","width":600,"height":196,"caption":"La Gu\u00eda de Pamplona \/ Noticias"},"image":{"@id":"https:\/\/www.laguiadepamplona.com\/actualidad\/#\/schema\/logo\/image\/"},"sameAs":["https:\/\/www.facebook.com\/laguiadepamplonacom-133175176762273\/?ref=hl","https:\/\/x.com\/LaGuiadPamplona","https:\/\/www.instagram.com\/la_guia_de_pamplona\/","https:\/\/www.youtube.com\/user\/laguiadepamplona"]},{"@type":"Person","@id":"https:\/\/www.laguiadepamplona.com\/actualidad\/#\/schema\/person\/efe887376f0213d4657c93adc50b1fdb","name":"La Gu\u00eda de Pamplona","image":{"@type":"ImageObject","inLanguage":"es","@id":"https:\/\/secure.gravatar.com\/avatar\/b6992f131dc8d30ab0dff15446e9d346d9dbd95992de0fef795073f5ea83a81c?s=96&d=mm&r=g","url":"https:\/\/secure.gravatar.com\/avatar\/b6992f131dc8d30ab0dff15446e9d346d9dbd95992de0fef795073f5ea83a81c?s=96&d=mm&r=g","contentUrl":"https:\/\/secure.gravatar.com\/avatar\/b6992f131dc8d30ab0dff15446e9d346d9dbd95992de0fef795073f5ea83a81c?s=96&d=mm&r=g","caption":"La Gu\u00eda de Pamplona"}}]}},"post_mailing_queue_ids":[],"_links":{"self":[{"href":"https:\/\/www.laguiadepamplona.com\/actualidad\/wp-json\/wp\/v2\/posts\/47015","targetHints":{"allow":["GET"]}}],"collection":[{"href":"https:\/\/www.laguiadepamplona.com\/actualidad\/wp-json\/wp\/v2\/posts"}],"about":[{"href":"https:\/\/www.laguiadepamplona.com\/actualidad\/wp-json\/wp\/v2\/types\/post"}],"author":[{"embeddable":true,"href":"https:\/\/www.laguiadepamplona.com\/actualidad\/wp-json\/wp\/v2\/users\/1"}],"replies":[{"embeddable":true,"href":"https:\/\/www.laguiadepamplona.com\/actualidad\/wp-json\/wp\/v2\/comments?post=47015"}],"version-history":[{"count":2,"href":"https:\/\/www.laguiadepamplona.com\/actualidad\/wp-json\/wp\/v2\/posts\/47015\/revisions"}],"predecessor-version":[{"id":47018,"href":"https:\/\/www.laguiadepamplona.com\/actualidad\/wp-json\/wp\/v2\/posts\/47015\/revisions\/47018"}],"wp:featuredmedia":[{"embeddable":true,"href":"https:\/\/www.laguiadepamplona.com\/actualidad\/wp-json\/wp\/v2\/media\/47017"}],"wp:attachment":[{"href":"https:\/\/www.laguiadepamplona.com\/actualidad\/wp-json\/wp\/v2\/media?parent=47015"}],"wp:term":[{"taxonomy":"category","embeddable":true,"href":"https:\/\/www.laguiadepamplona.com\/actualidad\/wp-json\/wp\/v2\/categories?post=47015"},{"taxonomy":"post_tag","embeddable":true,"href":"https:\/\/www.laguiadepamplona.com\/actualidad\/wp-json\/wp\/v2\/tags?post=47015"}],"curies":[{"name":"wp","href":"https:\/\/api.w.org\/{rel}","templated":true}]}}