{"id":47013,"date":"2023-06-12T18:32:25","date_gmt":"2023-06-12T16:32:25","guid":{"rendered":"https:\/\/www.laguiadepamplona.com\/actualidad\/?p=47013"},"modified":"2023-06-12T18:32:25","modified_gmt":"2023-06-12T16:32:25","slug":"vuelven-a-la-plaza-del-castillo-los-tradicionales-bailables-de-gaita-y-txistu-una-cita-ya-habitual-durante-los-meses-de-verano","status":"publish","type":"post","link":"https:\/\/www.laguiadepamplona.com\/actualidad\/vuelven-a-la-plaza-del-castillo-los-tradicionales-bailables-de-gaita-y-txistu-una-cita-ya-habitual-durante-los-meses-de-verano\/","title":{"rendered":"Vuelven a la Plaza del Castillo los tradicionales bailables de gaita y txistu, una cita ya habitual durante los meses de verano"},"content":{"rendered":"<h3>Tendr\u00e1n lugar cada martes y jueves hasta en 4 de julio y luego se suspender\u00e1n hasta el 17 de agosto<\/h3>\n<p><!--more--><\/p>\n<p>Vuelven este martes 13 de junio a la Plaza del Castillo los tradicionales bailables de gaita y txistu. Como siempre, aprovechando el alargamiento del d\u00eda, cada martes y jueves bandas de txistularis y gaiteros amenizar\u00e1n el centro de la ciudad con pasacalles, pasodobles, polkas, zortzikos y porrusaldas, en una cita ya habitual durante los meses de verano.<br \/>\n<script async src=\"\/\/pagead2.googlesyndication.com\/pagead\/js\/adsbygoogle.js\"><\/script><br \/>\n<!-- Noticias La Guia de Pamplona --><br \/>\n<ins class=\"adsbygoogle\"\nstyle=\"display:block\"\ndata-ad-client=\"ca-pub-6943679897239327\"\ndata-ad-slot=\"7048180777\"\ndata-ad-format=\"auto\"><\/ins><br \/>\n<script>\n(adsbygoogle = window.adsbygoogle || []).push({});\n<\/script><\/p>\n<p>Las primeras citas del verano ser\u00e1n los d\u00edas 13, 15, 20, 22 y 27 de junio y el 4 de julio entre las 19.30 y las 21.30 horas. Los bailables en la Plaza de la Castillo son una actividad habitual en la programaci\u00f3n cultural del Ayuntamiento de Pamplona y se celebran con las bandas de txistularis y gaiteros de la ciudad desde 1943. Desde aquel a\u00f1o, su ubicaci\u00f3n ha ido cambiando, celebr\u00e1ndose en diferentes lugares como el Paseo de Sarasate, o el Bosquecillo, hasta llegar a su ubicaci\u00f3n actual en la Plaza del Castillo.<\/p>\n<p>La propuesta se extiende durante todo el verano, aunque esta propuesta de folklore hace un par\u00f3n cuando se acercan las fechas de San Ferm\u00edn para luego retomarse en el mes de agosto. Este a\u00f1o lo har\u00e1n el 17 de agosto, pero en ese mes la convocatoria ser\u00e1 de 19 a 21 horas. As\u00ed habr\u00e1 bailables los d\u00edas 22, 24, 29 y 31 de agosto. Las sesiones de txistu y gaita se extender\u00e1n hasta septiembre adelantando la cita a las 18.30 horas (d\u00edas 5, 7, 12, 14, 19 y 21)<br \/>\n<script async src=\"\/\/pagead2.googlesyndication.com\/pagead\/js\/adsbygoogle.js\"><\/script><br \/>\n<!-- Noticias La Guia de Pamplona --><br \/>\n<ins class=\"adsbygoogle\"\nstyle=\"display:block\"\ndata-ad-client=\"ca-pub-6943679897239327\"\ndata-ad-slot=\"7048180777\"\ndata-ad-format=\"auto\"><\/ins><br \/>\n<script>\n(adsbygoogle = window.adsbygoogle || []).push({});\n<\/script><\/p>\n<p>Estas actuaciones se engloban en los contratos que las asociaciones Banda de Gaiteros de Pamplona \u2013 Iru\u00f1eko Gaiteroak tienen con el Ayuntamiento de Pamplona y Banda de Txistularis de Pamplona \u2013 Iru\u00f1eko Txistulari Taldea. Junto al acompa\u00f1amiento en celebraciones institucionales, el contrato incluye otras citas como estos conciertos de gaita y txistu, dianas y otras tradicionales relacionadas con fiestas patronales o recepciones.<\/p>\n","protected":false},"excerpt":{"rendered":"<p>Tendr\u00e1n lugar cada martes y jueves hasta en 4 de julio y luego se suspender\u00e1n hasta el 17 de agosto<\/p>\n","protected":false},"author":1,"featured_media":36215,"comment_status":"open","ping_status":"closed","sticky":false,"template":"","format":"standard","meta":{"footnotes":""},"categories":[2],"tags":[],"class_list":["post-47013","post","type-post","status-publish","format-standard","has-post-thumbnail","hentry","category-ayuntamiento-pamplona"],"yoast_head":"<!-- This site is optimized with the Yoast SEO plugin v27.3 - https:\/\/yoast.com\/product\/yoast-seo-wordpress\/ -->\n<title>Vuelven a la Plaza del Castillo los tradicionales bailables de gaita y txistu, una cita ya habitual durante los meses de verano<\/title>\n<meta name=\"description\" content=\"Tendr\u00e1n lugar cada martes y jueves hasta en 4 de julio y luego se suspender\u00e1n hasta el 17 de agosto\" \/>\n<meta name=\"robots\" content=\"index, follow, max-snippet:-1, max-image-preview:large, max-video-preview:-1\" \/>\n<link rel=\"canonical\" href=\"https:\/\/www.laguiadepamplona.com\/actualidad\/vuelven-a-la-plaza-del-castillo-los-tradicionales-bailables-de-gaita-y-txistu-una-cita-ya-habitual-durante-los-meses-de-verano\/\" \/>\n<meta property=\"og:locale\" content=\"es_ES\" \/>\n<meta property=\"og:type\" content=\"article\" \/>\n<meta property=\"og:title\" content=\"Vuelven a la Plaza del Castillo los tradicionales bailables de gaita y txistu, una cita ya habitual durante los meses de verano\" \/>\n<meta property=\"og:description\" content=\"Tendr\u00e1n lugar cada martes y jueves hasta en 4 de julio y luego se suspender\u00e1n hasta el 17 de agosto\" \/>\n<meta property=\"og:url\" content=\"https:\/\/www.laguiadepamplona.com\/actualidad\/vuelven-a-la-plaza-del-castillo-los-tradicionales-bailables-de-gaita-y-txistu-una-cita-ya-habitual-durante-los-meses-de-verano\/\" \/>\n<meta property=\"og:site_name\" content=\"La Gu\u00eda de Pamplona\" \/>\n<meta property=\"article:publisher\" content=\"https:\/\/www.facebook.com\/laguiadepamplonacom-133175176762273\/?ref=hl\" \/>\n<meta property=\"article:published_time\" content=\"2023-06-12T16:32:25+00:00\" \/>\n<meta property=\"og:image\" content=\"https:\/\/www.laguiadepamplona.com\/actualidad\/wp-content\/uploads\/2021\/08\/BAILABLES-PLZA-CASTILLO_EE5A8979.jpg\" \/>\n\t<meta property=\"og:image:width\" content=\"1920\" \/>\n\t<meta property=\"og:image:height\" content=\"1280\" \/>\n\t<meta property=\"og:image:type\" content=\"image\/jpeg\" \/>\n<meta name=\"author\" content=\"La Gu\u00eda de Pamplona\" \/>\n<meta name=\"twitter:card\" content=\"summary_large_image\" \/>\n<meta name=\"twitter:creator\" content=\"@LaGuiadPamplona\" \/>\n<meta name=\"twitter:site\" content=\"@LaGuiadPamplona\" \/>\n<meta name=\"twitter:label1\" content=\"Escrito por\" \/>\n\t<meta name=\"twitter:data1\" content=\"La Gu\u00eda de Pamplona\" \/>\n\t<meta name=\"twitter:label2\" content=\"Tiempo de lectura\" \/>\n\t<meta name=\"twitter:data2\" content=\"2 minutos\" \/>\n<script type=\"application\/ld+json\" class=\"yoast-schema-graph\">{\"@context\":\"https:\\\/\\\/schema.org\",\"@graph\":[{\"@type\":\"Article\",\"@id\":\"https:\\\/\\\/www.laguiadepamplona.com\\\/actualidad\\\/vuelven-a-la-plaza-del-castillo-los-tradicionales-bailables-de-gaita-y-txistu-una-cita-ya-habitual-durante-los-meses-de-verano\\\/#article\",\"isPartOf\":{\"@id\":\"https:\\\/\\\/www.laguiadepamplona.com\\\/actualidad\\\/vuelven-a-la-plaza-del-castillo-los-tradicionales-bailables-de-gaita-y-txistu-una-cita-ya-habitual-durante-los-meses-de-verano\\\/\"},\"author\":{\"name\":\"La Gu\u00eda de Pamplona\",\"@id\":\"https:\\\/\\\/www.laguiadepamplona.com\\\/actualidad\\\/#\\\/schema\\\/person\\\/efe887376f0213d4657c93adc50b1fdb\"},\"headline\":\"Vuelven a la Plaza del Castillo los tradicionales bailables de gaita y txistu, una cita ya habitual durante los meses de verano\",\"datePublished\":\"2023-06-12T16:32:25+00:00\",\"mainEntityOfPage\":{\"@id\":\"https:\\\/\\\/www.laguiadepamplona.com\\\/actualidad\\\/vuelven-a-la-plaza-del-castillo-los-tradicionales-bailables-de-gaita-y-txistu-una-cita-ya-habitual-durante-los-meses-de-verano\\\/\"},\"wordCount\":337,\"commentCount\":0,\"publisher\":{\"@id\":\"https:\\\/\\\/www.laguiadepamplona.com\\\/actualidad\\\/#organization\"},\"image\":{\"@id\":\"https:\\\/\\\/www.laguiadepamplona.com\\\/actualidad\\\/vuelven-a-la-plaza-del-castillo-los-tradicionales-bailables-de-gaita-y-txistu-una-cita-ya-habitual-durante-los-meses-de-verano\\\/#primaryimage\"},\"thumbnailUrl\":\"https:\\\/\\\/www.laguiadepamplona.com\\\/actualidad\\\/wp-content\\\/uploads\\\/2021\\\/08\\\/BAILABLES-PLZA-CASTILLO_EE5A8979.jpg\",\"articleSection\":[\"Ayto Pamplona\"],\"inLanguage\":\"es\",\"potentialAction\":[{\"@type\":\"CommentAction\",\"name\":\"Comment\",\"target\":[\"https:\\\/\\\/www.laguiadepamplona.com\\\/actualidad\\\/vuelven-a-la-plaza-del-castillo-los-tradicionales-bailables-de-gaita-y-txistu-una-cita-ya-habitual-durante-los-meses-de-verano\\\/#respond\"]}]},{\"@type\":\"WebPage\",\"@id\":\"https:\\\/\\\/www.laguiadepamplona.com\\\/actualidad\\\/vuelven-a-la-plaza-del-castillo-los-tradicionales-bailables-de-gaita-y-txistu-una-cita-ya-habitual-durante-los-meses-de-verano\\\/\",\"url\":\"https:\\\/\\\/www.laguiadepamplona.com\\\/actualidad\\\/vuelven-a-la-plaza-del-castillo-los-tradicionales-bailables-de-gaita-y-txistu-una-cita-ya-habitual-durante-los-meses-de-verano\\\/\",\"name\":\"Vuelven a la Plaza del Castillo los tradicionales bailables de gaita y txistu, una cita ya habitual durante los meses de verano\",\"isPartOf\":{\"@id\":\"https:\\\/\\\/www.laguiadepamplona.com\\\/actualidad\\\/#website\"},\"primaryImageOfPage\":{\"@id\":\"https:\\\/\\\/www.laguiadepamplona.com\\\/actualidad\\\/vuelven-a-la-plaza-del-castillo-los-tradicionales-bailables-de-gaita-y-txistu-una-cita-ya-habitual-durante-los-meses-de-verano\\\/#primaryimage\"},\"image\":{\"@id\":\"https:\\\/\\\/www.laguiadepamplona.com\\\/actualidad\\\/vuelven-a-la-plaza-del-castillo-los-tradicionales-bailables-de-gaita-y-txistu-una-cita-ya-habitual-durante-los-meses-de-verano\\\/#primaryimage\"},\"thumbnailUrl\":\"https:\\\/\\\/www.laguiadepamplona.com\\\/actualidad\\\/wp-content\\\/uploads\\\/2021\\\/08\\\/BAILABLES-PLZA-CASTILLO_EE5A8979.jpg\",\"datePublished\":\"2023-06-12T16:32:25+00:00\",\"description\":\"Tendr\u00e1n lugar cada martes y jueves hasta en 4 de julio y luego se suspender\u00e1n hasta el 17 de agosto\",\"breadcrumb\":{\"@id\":\"https:\\\/\\\/www.laguiadepamplona.com\\\/actualidad\\\/vuelven-a-la-plaza-del-castillo-los-tradicionales-bailables-de-gaita-y-txistu-una-cita-ya-habitual-durante-los-meses-de-verano\\\/#breadcrumb\"},\"inLanguage\":\"es\",\"potentialAction\":[{\"@type\":\"ReadAction\",\"target\":[\"https:\\\/\\\/www.laguiadepamplona.com\\\/actualidad\\\/vuelven-a-la-plaza-del-castillo-los-tradicionales-bailables-de-gaita-y-txistu-una-cita-ya-habitual-durante-los-meses-de-verano\\\/\"]}]},{\"@type\":\"ImageObject\",\"inLanguage\":\"es\",\"@id\":\"https:\\\/\\\/www.laguiadepamplona.com\\\/actualidad\\\/vuelven-a-la-plaza-del-castillo-los-tradicionales-bailables-de-gaita-y-txistu-una-cita-ya-habitual-durante-los-meses-de-verano\\\/#primaryimage\",\"url\":\"https:\\\/\\\/www.laguiadepamplona.com\\\/actualidad\\\/wp-content\\\/uploads\\\/2021\\\/08\\\/BAILABLES-PLZA-CASTILLO_EE5A8979.jpg\",\"contentUrl\":\"https:\\\/\\\/www.laguiadepamplona.com\\\/actualidad\\\/wp-content\\\/uploads\\\/2021\\\/08\\\/BAILABLES-PLZA-CASTILLO_EE5A8979.jpg\",\"width\":1920,\"height\":1280,\"caption\":\"bailables\"},{\"@type\":\"BreadcrumbList\",\"@id\":\"https:\\\/\\\/www.laguiadepamplona.com\\\/actualidad\\\/vuelven-a-la-plaza-del-castillo-los-tradicionales-bailables-de-gaita-y-txistu-una-cita-ya-habitual-durante-los-meses-de-verano\\\/#breadcrumb\",\"itemListElement\":[{\"@type\":\"ListItem\",\"position\":1,\"name\":\"Portada\",\"item\":\"https:\\\/\\\/www.laguiadepamplona.com\\\/actualidad\\\/\"},{\"@type\":\"ListItem\",\"position\":2,\"name\":\"Vuelven a la Plaza del Castillo los tradicionales bailables de gaita y txistu, una cita ya habitual durante los meses de verano\"}]},{\"@type\":\"WebSite\",\"@id\":\"https:\\\/\\\/www.laguiadepamplona.com\\\/actualidad\\\/#website\",\"url\":\"https:\\\/\\\/www.laguiadepamplona.com\\\/actualidad\\\/\",\"name\":\"La gu\u00eda de Pamplona\",\"description\":\"Noticias de Pamplona\",\"publisher\":{\"@id\":\"https:\\\/\\\/www.laguiadepamplona.com\\\/actualidad\\\/#organization\"},\"potentialAction\":[{\"@type\":\"SearchAction\",\"target\":{\"@type\":\"EntryPoint\",\"urlTemplate\":\"https:\\\/\\\/www.laguiadepamplona.com\\\/actualidad\\\/?s={search_term_string}\"},\"query-input\":{\"@type\":\"PropertyValueSpecification\",\"valueRequired\":true,\"valueName\":\"search_term_string\"}}],\"inLanguage\":\"es\"},{\"@type\":\"Organization\",\"@id\":\"https:\\\/\\\/www.laguiadepamplona.com\\\/actualidad\\\/#organization\",\"name\":\"La Gu\u00eda de Pamplona \\\/ Noticias\",\"url\":\"https:\\\/\\\/www.laguiadepamplona.com\\\/actualidad\\\/\",\"logo\":{\"@type\":\"ImageObject\",\"inLanguage\":\"es\",\"@id\":\"https:\\\/\\\/www.laguiadepamplona.com\\\/actualidad\\\/#\\\/schema\\\/logo\\\/image\\\/\",\"url\":\"https:\\\/\\\/www.laguiadepamplona.com\\\/actualidad\\\/wp-content\\\/uploads\\\/2018\\\/11\\\/logo-laguiadepamplona18-web1.png\",\"contentUrl\":\"https:\\\/\\\/www.laguiadepamplona.com\\\/actualidad\\\/wp-content\\\/uploads\\\/2018\\\/11\\\/logo-laguiadepamplona18-web1.png\",\"width\":600,\"height\":196,\"caption\":\"La Gu\u00eda de Pamplona \\\/ Noticias\"},\"image\":{\"@id\":\"https:\\\/\\\/www.laguiadepamplona.com\\\/actualidad\\\/#\\\/schema\\\/logo\\\/image\\\/\"},\"sameAs\":[\"https:\\\/\\\/www.facebook.com\\\/laguiadepamplonacom-133175176762273\\\/?ref=hl\",\"https:\\\/\\\/x.com\\\/LaGuiadPamplona\",\"https:\\\/\\\/www.instagram.com\\\/la_guia_de_pamplona\\\/\",\"https:\\\/\\\/www.youtube.com\\\/user\\\/laguiadepamplona\"]},{\"@type\":\"Person\",\"@id\":\"https:\\\/\\\/www.laguiadepamplona.com\\\/actualidad\\\/#\\\/schema\\\/person\\\/efe887376f0213d4657c93adc50b1fdb\",\"name\":\"La Gu\u00eda de Pamplona\",\"image\":{\"@type\":\"ImageObject\",\"inLanguage\":\"es\",\"@id\":\"https:\\\/\\\/secure.gravatar.com\\\/avatar\\\/b6992f131dc8d30ab0dff15446e9d346d9dbd95992de0fef795073f5ea83a81c?s=96&d=mm&r=g\",\"url\":\"https:\\\/\\\/secure.gravatar.com\\\/avatar\\\/b6992f131dc8d30ab0dff15446e9d346d9dbd95992de0fef795073f5ea83a81c?s=96&d=mm&r=g\",\"contentUrl\":\"https:\\\/\\\/secure.gravatar.com\\\/avatar\\\/b6992f131dc8d30ab0dff15446e9d346d9dbd95992de0fef795073f5ea83a81c?s=96&d=mm&r=g\",\"caption\":\"La Gu\u00eda de Pamplona\"}}]}<\/script>\n<!-- \/ Yoast SEO plugin. -->","yoast_head_json":{"title":"Vuelven a la Plaza del Castillo los tradicionales bailables de gaita y txistu, una cita ya habitual durante los meses de verano","description":"Tendr\u00e1n lugar cada martes y jueves hasta en 4 de julio y luego se suspender\u00e1n hasta el 17 de agosto","robots":{"index":"index","follow":"follow","max-snippet":"max-snippet:-1","max-image-preview":"max-image-preview:large","max-video-preview":"max-video-preview:-1"},"canonical":"https:\/\/www.laguiadepamplona.com\/actualidad\/vuelven-a-la-plaza-del-castillo-los-tradicionales-bailables-de-gaita-y-txistu-una-cita-ya-habitual-durante-los-meses-de-verano\/","og_locale":"es_ES","og_type":"article","og_title":"Vuelven a la Plaza del Castillo los tradicionales bailables de gaita y txistu, una cita ya habitual durante los meses de verano","og_description":"Tendr\u00e1n lugar cada martes y jueves hasta en 4 de julio y luego se suspender\u00e1n hasta el 17 de agosto","og_url":"https:\/\/www.laguiadepamplona.com\/actualidad\/vuelven-a-la-plaza-del-castillo-los-tradicionales-bailables-de-gaita-y-txistu-una-cita-ya-habitual-durante-los-meses-de-verano\/","og_site_name":"La Gu\u00eda de Pamplona","article_publisher":"https:\/\/www.facebook.com\/laguiadepamplonacom-133175176762273\/?ref=hl","article_published_time":"2023-06-12T16:32:25+00:00","og_image":[{"width":1920,"height":1280,"url":"https:\/\/www.laguiadepamplona.com\/actualidad\/wp-content\/uploads\/2021\/08\/BAILABLES-PLZA-CASTILLO_EE5A8979.jpg","type":"image\/jpeg"}],"author":"La Gu\u00eda de Pamplona","twitter_card":"summary_large_image","twitter_creator":"@LaGuiadPamplona","twitter_site":"@LaGuiadPamplona","twitter_misc":{"Escrito por":"La Gu\u00eda de Pamplona","Tiempo de lectura":"2 minutos"},"schema":{"@context":"https:\/\/schema.org","@graph":[{"@type":"Article","@id":"https:\/\/www.laguiadepamplona.com\/actualidad\/vuelven-a-la-plaza-del-castillo-los-tradicionales-bailables-de-gaita-y-txistu-una-cita-ya-habitual-durante-los-meses-de-verano\/#article","isPartOf":{"@id":"https:\/\/www.laguiadepamplona.com\/actualidad\/vuelven-a-la-plaza-del-castillo-los-tradicionales-bailables-de-gaita-y-txistu-una-cita-ya-habitual-durante-los-meses-de-verano\/"},"author":{"name":"La Gu\u00eda de Pamplona","@id":"https:\/\/www.laguiadepamplona.com\/actualidad\/#\/schema\/person\/efe887376f0213d4657c93adc50b1fdb"},"headline":"Vuelven a la Plaza del Castillo los tradicionales bailables de gaita y txistu, una cita ya habitual durante los meses de verano","datePublished":"2023-06-12T16:32:25+00:00","mainEntityOfPage":{"@id":"https:\/\/www.laguiadepamplona.com\/actualidad\/vuelven-a-la-plaza-del-castillo-los-tradicionales-bailables-de-gaita-y-txistu-una-cita-ya-habitual-durante-los-meses-de-verano\/"},"wordCount":337,"commentCount":0,"publisher":{"@id":"https:\/\/www.laguiadepamplona.com\/actualidad\/#organization"},"image":{"@id":"https:\/\/www.laguiadepamplona.com\/actualidad\/vuelven-a-la-plaza-del-castillo-los-tradicionales-bailables-de-gaita-y-txistu-una-cita-ya-habitual-durante-los-meses-de-verano\/#primaryimage"},"thumbnailUrl":"https:\/\/www.laguiadepamplona.com\/actualidad\/wp-content\/uploads\/2021\/08\/BAILABLES-PLZA-CASTILLO_EE5A8979.jpg","articleSection":["Ayto Pamplona"],"inLanguage":"es","potentialAction":[{"@type":"CommentAction","name":"Comment","target":["https:\/\/www.laguiadepamplona.com\/actualidad\/vuelven-a-la-plaza-del-castillo-los-tradicionales-bailables-de-gaita-y-txistu-una-cita-ya-habitual-durante-los-meses-de-verano\/#respond"]}]},{"@type":"WebPage","@id":"https:\/\/www.laguiadepamplona.com\/actualidad\/vuelven-a-la-plaza-del-castillo-los-tradicionales-bailables-de-gaita-y-txistu-una-cita-ya-habitual-durante-los-meses-de-verano\/","url":"https:\/\/www.laguiadepamplona.com\/actualidad\/vuelven-a-la-plaza-del-castillo-los-tradicionales-bailables-de-gaita-y-txistu-una-cita-ya-habitual-durante-los-meses-de-verano\/","name":"Vuelven a la Plaza del Castillo los tradicionales bailables de gaita y txistu, una cita ya habitual durante los meses de verano","isPartOf":{"@id":"https:\/\/www.laguiadepamplona.com\/actualidad\/#website"},"primaryImageOfPage":{"@id":"https:\/\/www.laguiadepamplona.com\/actualidad\/vuelven-a-la-plaza-del-castillo-los-tradicionales-bailables-de-gaita-y-txistu-una-cita-ya-habitual-durante-los-meses-de-verano\/#primaryimage"},"image":{"@id":"https:\/\/www.laguiadepamplona.com\/actualidad\/vuelven-a-la-plaza-del-castillo-los-tradicionales-bailables-de-gaita-y-txistu-una-cita-ya-habitual-durante-los-meses-de-verano\/#primaryimage"},"thumbnailUrl":"https:\/\/www.laguiadepamplona.com\/actualidad\/wp-content\/uploads\/2021\/08\/BAILABLES-PLZA-CASTILLO_EE5A8979.jpg","datePublished":"2023-06-12T16:32:25+00:00","description":"Tendr\u00e1n lugar cada martes y jueves hasta en 4 de julio y luego se suspender\u00e1n hasta el 17 de agosto","breadcrumb":{"@id":"https:\/\/www.laguiadepamplona.com\/actualidad\/vuelven-a-la-plaza-del-castillo-los-tradicionales-bailables-de-gaita-y-txistu-una-cita-ya-habitual-durante-los-meses-de-verano\/#breadcrumb"},"inLanguage":"es","potentialAction":[{"@type":"ReadAction","target":["https:\/\/www.laguiadepamplona.com\/actualidad\/vuelven-a-la-plaza-del-castillo-los-tradicionales-bailables-de-gaita-y-txistu-una-cita-ya-habitual-durante-los-meses-de-verano\/"]}]},{"@type":"ImageObject","inLanguage":"es","@id":"https:\/\/www.laguiadepamplona.com\/actualidad\/vuelven-a-la-plaza-del-castillo-los-tradicionales-bailables-de-gaita-y-txistu-una-cita-ya-habitual-durante-los-meses-de-verano\/#primaryimage","url":"https:\/\/www.laguiadepamplona.com\/actualidad\/wp-content\/uploads\/2021\/08\/BAILABLES-PLZA-CASTILLO_EE5A8979.jpg","contentUrl":"https:\/\/www.laguiadepamplona.com\/actualidad\/wp-content\/uploads\/2021\/08\/BAILABLES-PLZA-CASTILLO_EE5A8979.jpg","width":1920,"height":1280,"caption":"bailables"},{"@type":"BreadcrumbList","@id":"https:\/\/www.laguiadepamplona.com\/actualidad\/vuelven-a-la-plaza-del-castillo-los-tradicionales-bailables-de-gaita-y-txistu-una-cita-ya-habitual-durante-los-meses-de-verano\/#breadcrumb","itemListElement":[{"@type":"ListItem","position":1,"name":"Portada","item":"https:\/\/www.laguiadepamplona.com\/actualidad\/"},{"@type":"ListItem","position":2,"name":"Vuelven a la Plaza del Castillo los tradicionales bailables de gaita y txistu, una cita ya habitual durante los meses de verano"}]},{"@type":"WebSite","@id":"https:\/\/www.laguiadepamplona.com\/actualidad\/#website","url":"https:\/\/www.laguiadepamplona.com\/actualidad\/","name":"La gu\u00eda de Pamplona","description":"Noticias de Pamplona","publisher":{"@id":"https:\/\/www.laguiadepamplona.com\/actualidad\/#organization"},"potentialAction":[{"@type":"SearchAction","target":{"@type":"EntryPoint","urlTemplate":"https:\/\/www.laguiadepamplona.com\/actualidad\/?s={search_term_string}"},"query-input":{"@type":"PropertyValueSpecification","valueRequired":true,"valueName":"search_term_string"}}],"inLanguage":"es"},{"@type":"Organization","@id":"https:\/\/www.laguiadepamplona.com\/actualidad\/#organization","name":"La Gu\u00eda de Pamplona \/ Noticias","url":"https:\/\/www.laguiadepamplona.com\/actualidad\/","logo":{"@type":"ImageObject","inLanguage":"es","@id":"https:\/\/www.laguiadepamplona.com\/actualidad\/#\/schema\/logo\/image\/","url":"https:\/\/www.laguiadepamplona.com\/actualidad\/wp-content\/uploads\/2018\/11\/logo-laguiadepamplona18-web1.png","contentUrl":"https:\/\/www.laguiadepamplona.com\/actualidad\/wp-content\/uploads\/2018\/11\/logo-laguiadepamplona18-web1.png","width":600,"height":196,"caption":"La Gu\u00eda de Pamplona \/ Noticias"},"image":{"@id":"https:\/\/www.laguiadepamplona.com\/actualidad\/#\/schema\/logo\/image\/"},"sameAs":["https:\/\/www.facebook.com\/laguiadepamplonacom-133175176762273\/?ref=hl","https:\/\/x.com\/LaGuiadPamplona","https:\/\/www.instagram.com\/la_guia_de_pamplona\/","https:\/\/www.youtube.com\/user\/laguiadepamplona"]},{"@type":"Person","@id":"https:\/\/www.laguiadepamplona.com\/actualidad\/#\/schema\/person\/efe887376f0213d4657c93adc50b1fdb","name":"La Gu\u00eda de Pamplona","image":{"@type":"ImageObject","inLanguage":"es","@id":"https:\/\/secure.gravatar.com\/avatar\/b6992f131dc8d30ab0dff15446e9d346d9dbd95992de0fef795073f5ea83a81c?s=96&d=mm&r=g","url":"https:\/\/secure.gravatar.com\/avatar\/b6992f131dc8d30ab0dff15446e9d346d9dbd95992de0fef795073f5ea83a81c?s=96&d=mm&r=g","contentUrl":"https:\/\/secure.gravatar.com\/avatar\/b6992f131dc8d30ab0dff15446e9d346d9dbd95992de0fef795073f5ea83a81c?s=96&d=mm&r=g","caption":"La Gu\u00eda de Pamplona"}}]}},"post_mailing_queue_ids":[],"_links":{"self":[{"href":"https:\/\/www.laguiadepamplona.com\/actualidad\/wp-json\/wp\/v2\/posts\/47013","targetHints":{"allow":["GET"]}}],"collection":[{"href":"https:\/\/www.laguiadepamplona.com\/actualidad\/wp-json\/wp\/v2\/posts"}],"about":[{"href":"https:\/\/www.laguiadepamplona.com\/actualidad\/wp-json\/wp\/v2\/types\/post"}],"author":[{"embeddable":true,"href":"https:\/\/www.laguiadepamplona.com\/actualidad\/wp-json\/wp\/v2\/users\/1"}],"replies":[{"embeddable":true,"href":"https:\/\/www.laguiadepamplona.com\/actualidad\/wp-json\/wp\/v2\/comments?post=47013"}],"version-history":[{"count":1,"href":"https:\/\/www.laguiadepamplona.com\/actualidad\/wp-json\/wp\/v2\/posts\/47013\/revisions"}],"predecessor-version":[{"id":47014,"href":"https:\/\/www.laguiadepamplona.com\/actualidad\/wp-json\/wp\/v2\/posts\/47013\/revisions\/47014"}],"wp:featuredmedia":[{"embeddable":true,"href":"https:\/\/www.laguiadepamplona.com\/actualidad\/wp-json\/wp\/v2\/media\/36215"}],"wp:attachment":[{"href":"https:\/\/www.laguiadepamplona.com\/actualidad\/wp-json\/wp\/v2\/media?parent=47013"}],"wp:term":[{"taxonomy":"category","embeddable":true,"href":"https:\/\/www.laguiadepamplona.com\/actualidad\/wp-json\/wp\/v2\/categories?post=47013"},{"taxonomy":"post_tag","embeddable":true,"href":"https:\/\/www.laguiadepamplona.com\/actualidad\/wp-json\/wp\/v2\/tags?post=47013"}],"curies":[{"name":"wp","href":"https:\/\/api.w.org\/{rel}","templated":true}]}}