{"id":47010,"date":"2023-06-12T18:30:56","date_gmt":"2023-06-12T16:30:56","guid":{"rendered":"https:\/\/www.laguiadepamplona.com\/actualidad\/?p=47010"},"modified":"2023-06-12T18:30:56","modified_gmt":"2023-06-12T16:30:56","slug":"los-centros-escolares-mendigoiti-y-el-lago-de-mendillorri-cuentan-con-un-nuevo-patio-naturalizado-con-praderas-arboles-y-arbustos-y-gradas-bancal","status":"publish","type":"post","link":"https:\/\/www.laguiadepamplona.com\/actualidad\/los-centros-escolares-mendigoiti-y-el-lago-de-mendillorri-cuentan-con-un-nuevo-patio-naturalizado-con-praderas-arboles-y-arbustos-y-gradas-bancal\/","title":{"rendered":"Los centros escolares Mendigoiti y El Lago de Mendillorri cuentan con un nuevo patio naturalizado con praderas, \u00e1rboles y arbustos y \u201cgradas-bancal\u201d"},"content":{"rendered":"<h3>Este verano, en las obras de mejora de colegios p\u00fablicos, el Ayuntamiento trabajar\u00e1 sobre los colegios Azpilaga\u00f1a, San Francisco y Nicasio Landa<\/h3>\n<p><!--more--><\/p>\n<p>Han terminado ya las obras de naturalizaci\u00f3n del patio de los centros escolares Mendigoiti y El Lago de Mendillorri. Gracias a esta intervenci\u00f3n, ahora el alumnado puede disfrutar de una pradera con arbolado y parterres circulares y setos creados con fines de ocio y de divulgaci\u00f3n. Adem\u00e1s, se han construido unas gradas de hormig\u00f3n a modo de bancales que sirven como elemento de transici\u00f3n entre los espacios verdes y la zona de las pistas polideportivas que tienen una diferencia de cota de 1,45 metros. El desnivel entre las plataformas de las pistas se ha resuelto con unas escaleras abiertas en toda la anchura de las zonas.<br \/>\n<script async src=\"\/\/pagead2.googlesyndication.com\/pagead\/js\/adsbygoogle.js\"><\/script><br \/>\n<!-- Noticias La Guia de Pamplona --><br \/>\n<ins class=\"adsbygoogle\"\nstyle=\"display:block\"\ndata-ad-client=\"ca-pub-6943679897239327\"\ndata-ad-slot=\"7048180777\"\ndata-ad-format=\"auto\"><\/ins><br \/>\n<script>\n(adsbygoogle = window.adsbygoogle || []).push({});\n<\/script><\/p>\n<p>Estas obras eran una demanda de las comunidades escolares de ambos centros p\u00fablicos para generar un espacio tanto de disfrute del tiempo libre, como que pudiera servir de espacio de divulgaci\u00f3n educativa y sensibilizaci\u00f3n medioambiental.<\/p>\n<p>As\u00ed, se ha creado una pradera natural f\u00e1cilmente sostenible y en gran medida naturalizada ya que no requiere riego y su mantenimiento se realiza con siegas manuales. En ese espacio se han plantado una treintena de \u00e1rboles, y otros dos en el pavimento de continuidad de la pista que es mixto de hormig\u00f3n y drenante; los \u00e1rboles son ejemplares coloridos en oto\u00f1o que florecen en primavera y tienen frutos arom\u00e1ticos. Tambi\u00e9n se ha dotado el entorno con parterres arbustivos de diferentes di\u00e1metros y un conjunto de juegos infantiles de madera.<\/p>\n<p>Las obras, con un presupuesto de 149.530 euros han sido realizadas por la empresa Erki Construcci\u00f3n Sostenible S.L. Esta actuaci\u00f3n se enmarca dentro de las acciones que el Ayuntamiento de Pamplona lleva a cabo en el marco de la Estrategia Go Green, que desarrolla acciones en diversos \u00e1mbitos con el objetivo de combatir el cambio clim\u00e1tico.<br \/>\n<script async src=\"\/\/pagead2.googlesyndication.com\/pagead\/js\/adsbygoogle.js\"><\/script><br \/>\n<!-- Noticias La Guia de Pamplona --><br \/>\n<ins class=\"adsbygoogle\"\nstyle=\"display:block\"\ndata-ad-client=\"ca-pub-6943679897239327\"\ndata-ad-slot=\"7048180777\"\ndata-ad-format=\"auto\"><\/ins><br \/>\n<script>\n(adsbygoogle = window.adsbygoogle || []).push({});\n<\/script><\/p>\n<p>Dentro de las obras de mejora y mantenimiento de centros escolares p\u00fablicos de la ciudad que realiza el Consistorio todos los veranos, en este 2023 est\u00e1 previsto intervenir en CP Azpilaga\u00f1a, CP San Francisco y C.P.E.I.P. Nicasio Landa, cuyas obras de sustituci\u00f3n de carpinter\u00edas exteriores est\u00e1n ahora en proceso de licitaci\u00f3n. El presupuesto inicial de las tres intervenciones supera los 490.000 euros.<\/p>\n","protected":false},"excerpt":{"rendered":"<p>Este verano, en las obras de mejora de colegios p\u00fablicos, el Ayuntamiento trabajar\u00e1 sobre los colegios Azpilaga\u00f1a, San Francisco y Nicasio Landa<\/p>\n","protected":false},"author":1,"featured_media":47011,"comment_status":"open","ping_status":"closed","sticky":false,"template":"","format":"standard","meta":{"footnotes":""},"categories":[2],"tags":[],"class_list":["post-47010","post","type-post","status-publish","format-standard","has-post-thumbnail","hentry","category-ayuntamiento-pamplona"],"yoast_head":"<!-- This site is optimized with the Yoast SEO plugin v27.3 - https:\/\/yoast.com\/product\/yoast-seo-wordpress\/ -->\n<title>Los centros escolares Mendigoiti y El Lago de Mendillorri cuentan con un nuevo patio naturalizado con praderas, \u00e1rboles y arbustos y \u201cgradas-bancal\u201d<\/title>\n<meta name=\"description\" content=\"Este verano, en las obras de mejora de colegios p\u00fablicos, el Ayuntamiento trabajar\u00e1 sobre los colegios Azpilaga\u00f1a, San Francisco y Nicasio Landa\" \/>\n<meta name=\"robots\" content=\"index, follow, max-snippet:-1, max-image-preview:large, max-video-preview:-1\" \/>\n<link rel=\"canonical\" href=\"https:\/\/www.laguiadepamplona.com\/actualidad\/los-centros-escolares-mendigoiti-y-el-lago-de-mendillorri-cuentan-con-un-nuevo-patio-naturalizado-con-praderas-arboles-y-arbustos-y-gradas-bancal\/\" \/>\n<meta property=\"og:locale\" content=\"es_ES\" \/>\n<meta property=\"og:type\" content=\"article\" \/>\n<meta property=\"og:title\" content=\"Los centros escolares Mendigoiti y El Lago de Mendillorri cuentan con un nuevo patio naturalizado con praderas, \u00e1rboles y arbustos y \u201cgradas-bancal\u201d\" \/>\n<meta property=\"og:description\" content=\"Este verano, en las obras de mejora de colegios p\u00fablicos, el Ayuntamiento trabajar\u00e1 sobre los colegios Azpilaga\u00f1a, San Francisco y Nicasio Landa\" \/>\n<meta property=\"og:url\" content=\"https:\/\/www.laguiadepamplona.com\/actualidad\/los-centros-escolares-mendigoiti-y-el-lago-de-mendillorri-cuentan-con-un-nuevo-patio-naturalizado-con-praderas-arboles-y-arbustos-y-gradas-bancal\/\" \/>\n<meta property=\"og:site_name\" content=\"La Gu\u00eda de Pamplona\" \/>\n<meta property=\"article:publisher\" content=\"https:\/\/www.facebook.com\/laguiadepamplonacom-133175176762273\/?ref=hl\" \/>\n<meta property=\"article:published_time\" content=\"2023-06-12T16:30:56+00:00\" \/>\n<meta property=\"og:image\" content=\"https:\/\/www.laguiadepamplona.com\/actualidad\/wp-content\/uploads\/2023\/06\/gradas-bancal-centro-escolar.webp\" \/>\n\t<meta property=\"og:image:width\" content=\"1600\" \/>\n\t<meta property=\"og:image:height\" content=\"1174\" \/>\n\t<meta property=\"og:image:type\" content=\"image\/webp\" \/>\n<meta name=\"author\" content=\"La Gu\u00eda de Pamplona\" \/>\n<meta name=\"twitter:card\" content=\"summary_large_image\" \/>\n<meta name=\"twitter:creator\" content=\"@LaGuiadPamplona\" \/>\n<meta name=\"twitter:site\" content=\"@LaGuiadPamplona\" \/>\n<meta name=\"twitter:label1\" content=\"Escrito por\" \/>\n\t<meta name=\"twitter:data1\" content=\"La Gu\u00eda de Pamplona\" \/>\n\t<meta name=\"twitter:label2\" content=\"Tiempo de lectura\" \/>\n\t<meta name=\"twitter:data2\" content=\"2 minutos\" \/>\n<script type=\"application\/ld+json\" class=\"yoast-schema-graph\">{\"@context\":\"https:\\\/\\\/schema.org\",\"@graph\":[{\"@type\":\"Article\",\"@id\":\"https:\\\/\\\/www.laguiadepamplona.com\\\/actualidad\\\/los-centros-escolares-mendigoiti-y-el-lago-de-mendillorri-cuentan-con-un-nuevo-patio-naturalizado-con-praderas-arboles-y-arbustos-y-gradas-bancal\\\/#article\",\"isPartOf\":{\"@id\":\"https:\\\/\\\/www.laguiadepamplona.com\\\/actualidad\\\/los-centros-escolares-mendigoiti-y-el-lago-de-mendillorri-cuentan-con-un-nuevo-patio-naturalizado-con-praderas-arboles-y-arbustos-y-gradas-bancal\\\/\"},\"author\":{\"name\":\"La Gu\u00eda de Pamplona\",\"@id\":\"https:\\\/\\\/www.laguiadepamplona.com\\\/actualidad\\\/#\\\/schema\\\/person\\\/efe887376f0213d4657c93adc50b1fdb\"},\"headline\":\"Los centros escolares Mendigoiti y El Lago de Mendillorri cuentan con un nuevo patio naturalizado con praderas, \u00e1rboles y arbustos y \u201cgradas-bancal\u201d\",\"datePublished\":\"2023-06-12T16:30:56+00:00\",\"mainEntityOfPage\":{\"@id\":\"https:\\\/\\\/www.laguiadepamplona.com\\\/actualidad\\\/los-centros-escolares-mendigoiti-y-el-lago-de-mendillorri-cuentan-con-un-nuevo-patio-naturalizado-con-praderas-arboles-y-arbustos-y-gradas-bancal\\\/\"},\"wordCount\":420,\"commentCount\":0,\"publisher\":{\"@id\":\"https:\\\/\\\/www.laguiadepamplona.com\\\/actualidad\\\/#organization\"},\"image\":{\"@id\":\"https:\\\/\\\/www.laguiadepamplona.com\\\/actualidad\\\/los-centros-escolares-mendigoiti-y-el-lago-de-mendillorri-cuentan-con-un-nuevo-patio-naturalizado-con-praderas-arboles-y-arbustos-y-gradas-bancal\\\/#primaryimage\"},\"thumbnailUrl\":\"https:\\\/\\\/www.laguiadepamplona.com\\\/actualidad\\\/wp-content\\\/uploads\\\/2023\\\/06\\\/gradas-bancal-centro-escolar.webp\",\"articleSection\":[\"Ayto Pamplona\"],\"inLanguage\":\"es\",\"potentialAction\":[{\"@type\":\"CommentAction\",\"name\":\"Comment\",\"target\":[\"https:\\\/\\\/www.laguiadepamplona.com\\\/actualidad\\\/los-centros-escolares-mendigoiti-y-el-lago-de-mendillorri-cuentan-con-un-nuevo-patio-naturalizado-con-praderas-arboles-y-arbustos-y-gradas-bancal\\\/#respond\"]}]},{\"@type\":\"WebPage\",\"@id\":\"https:\\\/\\\/www.laguiadepamplona.com\\\/actualidad\\\/los-centros-escolares-mendigoiti-y-el-lago-de-mendillorri-cuentan-con-un-nuevo-patio-naturalizado-con-praderas-arboles-y-arbustos-y-gradas-bancal\\\/\",\"url\":\"https:\\\/\\\/www.laguiadepamplona.com\\\/actualidad\\\/los-centros-escolares-mendigoiti-y-el-lago-de-mendillorri-cuentan-con-un-nuevo-patio-naturalizado-con-praderas-arboles-y-arbustos-y-gradas-bancal\\\/\",\"name\":\"Los centros escolares Mendigoiti y El Lago de Mendillorri cuentan con un nuevo patio naturalizado con praderas, \u00e1rboles y arbustos y \u201cgradas-bancal\u201d\",\"isPartOf\":{\"@id\":\"https:\\\/\\\/www.laguiadepamplona.com\\\/actualidad\\\/#website\"},\"primaryImageOfPage\":{\"@id\":\"https:\\\/\\\/www.laguiadepamplona.com\\\/actualidad\\\/los-centros-escolares-mendigoiti-y-el-lago-de-mendillorri-cuentan-con-un-nuevo-patio-naturalizado-con-praderas-arboles-y-arbustos-y-gradas-bancal\\\/#primaryimage\"},\"image\":{\"@id\":\"https:\\\/\\\/www.laguiadepamplona.com\\\/actualidad\\\/los-centros-escolares-mendigoiti-y-el-lago-de-mendillorri-cuentan-con-un-nuevo-patio-naturalizado-con-praderas-arboles-y-arbustos-y-gradas-bancal\\\/#primaryimage\"},\"thumbnailUrl\":\"https:\\\/\\\/www.laguiadepamplona.com\\\/actualidad\\\/wp-content\\\/uploads\\\/2023\\\/06\\\/gradas-bancal-centro-escolar.webp\",\"datePublished\":\"2023-06-12T16:30:56+00:00\",\"description\":\"Este verano, en las obras de mejora de colegios p\u00fablicos, el Ayuntamiento trabajar\u00e1 sobre los colegios Azpilaga\u00f1a, San Francisco y Nicasio Landa\",\"breadcrumb\":{\"@id\":\"https:\\\/\\\/www.laguiadepamplona.com\\\/actualidad\\\/los-centros-escolares-mendigoiti-y-el-lago-de-mendillorri-cuentan-con-un-nuevo-patio-naturalizado-con-praderas-arboles-y-arbustos-y-gradas-bancal\\\/#breadcrumb\"},\"inLanguage\":\"es\",\"potentialAction\":[{\"@type\":\"ReadAction\",\"target\":[\"https:\\\/\\\/www.laguiadepamplona.com\\\/actualidad\\\/los-centros-escolares-mendigoiti-y-el-lago-de-mendillorri-cuentan-con-un-nuevo-patio-naturalizado-con-praderas-arboles-y-arbustos-y-gradas-bancal\\\/\"]}]},{\"@type\":\"ImageObject\",\"inLanguage\":\"es\",\"@id\":\"https:\\\/\\\/www.laguiadepamplona.com\\\/actualidad\\\/los-centros-escolares-mendigoiti-y-el-lago-de-mendillorri-cuentan-con-un-nuevo-patio-naturalizado-con-praderas-arboles-y-arbustos-y-gradas-bancal\\\/#primaryimage\",\"url\":\"https:\\\/\\\/www.laguiadepamplona.com\\\/actualidad\\\/wp-content\\\/uploads\\\/2023\\\/06\\\/gradas-bancal-centro-escolar.webp\",\"contentUrl\":\"https:\\\/\\\/www.laguiadepamplona.com\\\/actualidad\\\/wp-content\\\/uploads\\\/2023\\\/06\\\/gradas-bancal-centro-escolar.webp\",\"width\":1600,\"height\":1174},{\"@type\":\"BreadcrumbList\",\"@id\":\"https:\\\/\\\/www.laguiadepamplona.com\\\/actualidad\\\/los-centros-escolares-mendigoiti-y-el-lago-de-mendillorri-cuentan-con-un-nuevo-patio-naturalizado-con-praderas-arboles-y-arbustos-y-gradas-bancal\\\/#breadcrumb\",\"itemListElement\":[{\"@type\":\"ListItem\",\"position\":1,\"name\":\"Portada\",\"item\":\"https:\\\/\\\/www.laguiadepamplona.com\\\/actualidad\\\/\"},{\"@type\":\"ListItem\",\"position\":2,\"name\":\"Los centros escolares Mendigoiti y El Lago de Mendillorri cuentan con un nuevo patio naturalizado con praderas, \u00e1rboles y arbustos y \u201cgradas-bancal\u201d\"}]},{\"@type\":\"WebSite\",\"@id\":\"https:\\\/\\\/www.laguiadepamplona.com\\\/actualidad\\\/#website\",\"url\":\"https:\\\/\\\/www.laguiadepamplona.com\\\/actualidad\\\/\",\"name\":\"La gu\u00eda de Pamplona\",\"description\":\"Noticias de Pamplona\",\"publisher\":{\"@id\":\"https:\\\/\\\/www.laguiadepamplona.com\\\/actualidad\\\/#organization\"},\"potentialAction\":[{\"@type\":\"SearchAction\",\"target\":{\"@type\":\"EntryPoint\",\"urlTemplate\":\"https:\\\/\\\/www.laguiadepamplona.com\\\/actualidad\\\/?s={search_term_string}\"},\"query-input\":{\"@type\":\"PropertyValueSpecification\",\"valueRequired\":true,\"valueName\":\"search_term_string\"}}],\"inLanguage\":\"es\"},{\"@type\":\"Organization\",\"@id\":\"https:\\\/\\\/www.laguiadepamplona.com\\\/actualidad\\\/#organization\",\"name\":\"La Gu\u00eda de Pamplona \\\/ Noticias\",\"url\":\"https:\\\/\\\/www.laguiadepamplona.com\\\/actualidad\\\/\",\"logo\":{\"@type\":\"ImageObject\",\"inLanguage\":\"es\",\"@id\":\"https:\\\/\\\/www.laguiadepamplona.com\\\/actualidad\\\/#\\\/schema\\\/logo\\\/image\\\/\",\"url\":\"https:\\\/\\\/www.laguiadepamplona.com\\\/actualidad\\\/wp-content\\\/uploads\\\/2018\\\/11\\\/logo-laguiadepamplona18-web1.png\",\"contentUrl\":\"https:\\\/\\\/www.laguiadepamplona.com\\\/actualidad\\\/wp-content\\\/uploads\\\/2018\\\/11\\\/logo-laguiadepamplona18-web1.png\",\"width\":600,\"height\":196,\"caption\":\"La Gu\u00eda de Pamplona \\\/ Noticias\"},\"image\":{\"@id\":\"https:\\\/\\\/www.laguiadepamplona.com\\\/actualidad\\\/#\\\/schema\\\/logo\\\/image\\\/\"},\"sameAs\":[\"https:\\\/\\\/www.facebook.com\\\/laguiadepamplonacom-133175176762273\\\/?ref=hl\",\"https:\\\/\\\/x.com\\\/LaGuiadPamplona\",\"https:\\\/\\\/www.instagram.com\\\/la_guia_de_pamplona\\\/\",\"https:\\\/\\\/www.youtube.com\\\/user\\\/laguiadepamplona\"]},{\"@type\":\"Person\",\"@id\":\"https:\\\/\\\/www.laguiadepamplona.com\\\/actualidad\\\/#\\\/schema\\\/person\\\/efe887376f0213d4657c93adc50b1fdb\",\"name\":\"La Gu\u00eda de Pamplona\",\"image\":{\"@type\":\"ImageObject\",\"inLanguage\":\"es\",\"@id\":\"https:\\\/\\\/secure.gravatar.com\\\/avatar\\\/b6992f131dc8d30ab0dff15446e9d346d9dbd95992de0fef795073f5ea83a81c?s=96&d=mm&r=g\",\"url\":\"https:\\\/\\\/secure.gravatar.com\\\/avatar\\\/b6992f131dc8d30ab0dff15446e9d346d9dbd95992de0fef795073f5ea83a81c?s=96&d=mm&r=g\",\"contentUrl\":\"https:\\\/\\\/secure.gravatar.com\\\/avatar\\\/b6992f131dc8d30ab0dff15446e9d346d9dbd95992de0fef795073f5ea83a81c?s=96&d=mm&r=g\",\"caption\":\"La Gu\u00eda de Pamplona\"}}]}<\/script>\n<!-- \/ Yoast SEO plugin. -->","yoast_head_json":{"title":"Los centros escolares Mendigoiti y El Lago de Mendillorri cuentan con un nuevo patio naturalizado con praderas, \u00e1rboles y arbustos y \u201cgradas-bancal\u201d","description":"Este verano, en las obras de mejora de colegios p\u00fablicos, el Ayuntamiento trabajar\u00e1 sobre los colegios Azpilaga\u00f1a, San Francisco y Nicasio Landa","robots":{"index":"index","follow":"follow","max-snippet":"max-snippet:-1","max-image-preview":"max-image-preview:large","max-video-preview":"max-video-preview:-1"},"canonical":"https:\/\/www.laguiadepamplona.com\/actualidad\/los-centros-escolares-mendigoiti-y-el-lago-de-mendillorri-cuentan-con-un-nuevo-patio-naturalizado-con-praderas-arboles-y-arbustos-y-gradas-bancal\/","og_locale":"es_ES","og_type":"article","og_title":"Los centros escolares Mendigoiti y El Lago de Mendillorri cuentan con un nuevo patio naturalizado con praderas, \u00e1rboles y arbustos y \u201cgradas-bancal\u201d","og_description":"Este verano, en las obras de mejora de colegios p\u00fablicos, el Ayuntamiento trabajar\u00e1 sobre los colegios Azpilaga\u00f1a, San Francisco y Nicasio Landa","og_url":"https:\/\/www.laguiadepamplona.com\/actualidad\/los-centros-escolares-mendigoiti-y-el-lago-de-mendillorri-cuentan-con-un-nuevo-patio-naturalizado-con-praderas-arboles-y-arbustos-y-gradas-bancal\/","og_site_name":"La Gu\u00eda de Pamplona","article_publisher":"https:\/\/www.facebook.com\/laguiadepamplonacom-133175176762273\/?ref=hl","article_published_time":"2023-06-12T16:30:56+00:00","og_image":[{"width":1600,"height":1174,"url":"https:\/\/www.laguiadepamplona.com\/actualidad\/wp-content\/uploads\/2023\/06\/gradas-bancal-centro-escolar.webp","type":"image\/webp"}],"author":"La Gu\u00eda de Pamplona","twitter_card":"summary_large_image","twitter_creator":"@LaGuiadPamplona","twitter_site":"@LaGuiadPamplona","twitter_misc":{"Escrito por":"La Gu\u00eda de Pamplona","Tiempo de lectura":"2 minutos"},"schema":{"@context":"https:\/\/schema.org","@graph":[{"@type":"Article","@id":"https:\/\/www.laguiadepamplona.com\/actualidad\/los-centros-escolares-mendigoiti-y-el-lago-de-mendillorri-cuentan-con-un-nuevo-patio-naturalizado-con-praderas-arboles-y-arbustos-y-gradas-bancal\/#article","isPartOf":{"@id":"https:\/\/www.laguiadepamplona.com\/actualidad\/los-centros-escolares-mendigoiti-y-el-lago-de-mendillorri-cuentan-con-un-nuevo-patio-naturalizado-con-praderas-arboles-y-arbustos-y-gradas-bancal\/"},"author":{"name":"La Gu\u00eda de Pamplona","@id":"https:\/\/www.laguiadepamplona.com\/actualidad\/#\/schema\/person\/efe887376f0213d4657c93adc50b1fdb"},"headline":"Los centros escolares Mendigoiti y El Lago de Mendillorri cuentan con un nuevo patio naturalizado con praderas, \u00e1rboles y arbustos y \u201cgradas-bancal\u201d","datePublished":"2023-06-12T16:30:56+00:00","mainEntityOfPage":{"@id":"https:\/\/www.laguiadepamplona.com\/actualidad\/los-centros-escolares-mendigoiti-y-el-lago-de-mendillorri-cuentan-con-un-nuevo-patio-naturalizado-con-praderas-arboles-y-arbustos-y-gradas-bancal\/"},"wordCount":420,"commentCount":0,"publisher":{"@id":"https:\/\/www.laguiadepamplona.com\/actualidad\/#organization"},"image":{"@id":"https:\/\/www.laguiadepamplona.com\/actualidad\/los-centros-escolares-mendigoiti-y-el-lago-de-mendillorri-cuentan-con-un-nuevo-patio-naturalizado-con-praderas-arboles-y-arbustos-y-gradas-bancal\/#primaryimage"},"thumbnailUrl":"https:\/\/www.laguiadepamplona.com\/actualidad\/wp-content\/uploads\/2023\/06\/gradas-bancal-centro-escolar.webp","articleSection":["Ayto Pamplona"],"inLanguage":"es","potentialAction":[{"@type":"CommentAction","name":"Comment","target":["https:\/\/www.laguiadepamplona.com\/actualidad\/los-centros-escolares-mendigoiti-y-el-lago-de-mendillorri-cuentan-con-un-nuevo-patio-naturalizado-con-praderas-arboles-y-arbustos-y-gradas-bancal\/#respond"]}]},{"@type":"WebPage","@id":"https:\/\/www.laguiadepamplona.com\/actualidad\/los-centros-escolares-mendigoiti-y-el-lago-de-mendillorri-cuentan-con-un-nuevo-patio-naturalizado-con-praderas-arboles-y-arbustos-y-gradas-bancal\/","url":"https:\/\/www.laguiadepamplona.com\/actualidad\/los-centros-escolares-mendigoiti-y-el-lago-de-mendillorri-cuentan-con-un-nuevo-patio-naturalizado-con-praderas-arboles-y-arbustos-y-gradas-bancal\/","name":"Los centros escolares Mendigoiti y El Lago de Mendillorri cuentan con un nuevo patio naturalizado con praderas, \u00e1rboles y arbustos y \u201cgradas-bancal\u201d","isPartOf":{"@id":"https:\/\/www.laguiadepamplona.com\/actualidad\/#website"},"primaryImageOfPage":{"@id":"https:\/\/www.laguiadepamplona.com\/actualidad\/los-centros-escolares-mendigoiti-y-el-lago-de-mendillorri-cuentan-con-un-nuevo-patio-naturalizado-con-praderas-arboles-y-arbustos-y-gradas-bancal\/#primaryimage"},"image":{"@id":"https:\/\/www.laguiadepamplona.com\/actualidad\/los-centros-escolares-mendigoiti-y-el-lago-de-mendillorri-cuentan-con-un-nuevo-patio-naturalizado-con-praderas-arboles-y-arbustos-y-gradas-bancal\/#primaryimage"},"thumbnailUrl":"https:\/\/www.laguiadepamplona.com\/actualidad\/wp-content\/uploads\/2023\/06\/gradas-bancal-centro-escolar.webp","datePublished":"2023-06-12T16:30:56+00:00","description":"Este verano, en las obras de mejora de colegios p\u00fablicos, el Ayuntamiento trabajar\u00e1 sobre los colegios Azpilaga\u00f1a, San Francisco y Nicasio Landa","breadcrumb":{"@id":"https:\/\/www.laguiadepamplona.com\/actualidad\/los-centros-escolares-mendigoiti-y-el-lago-de-mendillorri-cuentan-con-un-nuevo-patio-naturalizado-con-praderas-arboles-y-arbustos-y-gradas-bancal\/#breadcrumb"},"inLanguage":"es","potentialAction":[{"@type":"ReadAction","target":["https:\/\/www.laguiadepamplona.com\/actualidad\/los-centros-escolares-mendigoiti-y-el-lago-de-mendillorri-cuentan-con-un-nuevo-patio-naturalizado-con-praderas-arboles-y-arbustos-y-gradas-bancal\/"]}]},{"@type":"ImageObject","inLanguage":"es","@id":"https:\/\/www.laguiadepamplona.com\/actualidad\/los-centros-escolares-mendigoiti-y-el-lago-de-mendillorri-cuentan-con-un-nuevo-patio-naturalizado-con-praderas-arboles-y-arbustos-y-gradas-bancal\/#primaryimage","url":"https:\/\/www.laguiadepamplona.com\/actualidad\/wp-content\/uploads\/2023\/06\/gradas-bancal-centro-escolar.webp","contentUrl":"https:\/\/www.laguiadepamplona.com\/actualidad\/wp-content\/uploads\/2023\/06\/gradas-bancal-centro-escolar.webp","width":1600,"height":1174},{"@type":"BreadcrumbList","@id":"https:\/\/www.laguiadepamplona.com\/actualidad\/los-centros-escolares-mendigoiti-y-el-lago-de-mendillorri-cuentan-con-un-nuevo-patio-naturalizado-con-praderas-arboles-y-arbustos-y-gradas-bancal\/#breadcrumb","itemListElement":[{"@type":"ListItem","position":1,"name":"Portada","item":"https:\/\/www.laguiadepamplona.com\/actualidad\/"},{"@type":"ListItem","position":2,"name":"Los centros escolares Mendigoiti y El Lago de Mendillorri cuentan con un nuevo patio naturalizado con praderas, \u00e1rboles y arbustos y \u201cgradas-bancal\u201d"}]},{"@type":"WebSite","@id":"https:\/\/www.laguiadepamplona.com\/actualidad\/#website","url":"https:\/\/www.laguiadepamplona.com\/actualidad\/","name":"La gu\u00eda de Pamplona","description":"Noticias de Pamplona","publisher":{"@id":"https:\/\/www.laguiadepamplona.com\/actualidad\/#organization"},"potentialAction":[{"@type":"SearchAction","target":{"@type":"EntryPoint","urlTemplate":"https:\/\/www.laguiadepamplona.com\/actualidad\/?s={search_term_string}"},"query-input":{"@type":"PropertyValueSpecification","valueRequired":true,"valueName":"search_term_string"}}],"inLanguage":"es"},{"@type":"Organization","@id":"https:\/\/www.laguiadepamplona.com\/actualidad\/#organization","name":"La Gu\u00eda de Pamplona \/ Noticias","url":"https:\/\/www.laguiadepamplona.com\/actualidad\/","logo":{"@type":"ImageObject","inLanguage":"es","@id":"https:\/\/www.laguiadepamplona.com\/actualidad\/#\/schema\/logo\/image\/","url":"https:\/\/www.laguiadepamplona.com\/actualidad\/wp-content\/uploads\/2018\/11\/logo-laguiadepamplona18-web1.png","contentUrl":"https:\/\/www.laguiadepamplona.com\/actualidad\/wp-content\/uploads\/2018\/11\/logo-laguiadepamplona18-web1.png","width":600,"height":196,"caption":"La Gu\u00eda de Pamplona \/ Noticias"},"image":{"@id":"https:\/\/www.laguiadepamplona.com\/actualidad\/#\/schema\/logo\/image\/"},"sameAs":["https:\/\/www.facebook.com\/laguiadepamplonacom-133175176762273\/?ref=hl","https:\/\/x.com\/LaGuiadPamplona","https:\/\/www.instagram.com\/la_guia_de_pamplona\/","https:\/\/www.youtube.com\/user\/laguiadepamplona"]},{"@type":"Person","@id":"https:\/\/www.laguiadepamplona.com\/actualidad\/#\/schema\/person\/efe887376f0213d4657c93adc50b1fdb","name":"La Gu\u00eda de Pamplona","image":{"@type":"ImageObject","inLanguage":"es","@id":"https:\/\/secure.gravatar.com\/avatar\/b6992f131dc8d30ab0dff15446e9d346d9dbd95992de0fef795073f5ea83a81c?s=96&d=mm&r=g","url":"https:\/\/secure.gravatar.com\/avatar\/b6992f131dc8d30ab0dff15446e9d346d9dbd95992de0fef795073f5ea83a81c?s=96&d=mm&r=g","contentUrl":"https:\/\/secure.gravatar.com\/avatar\/b6992f131dc8d30ab0dff15446e9d346d9dbd95992de0fef795073f5ea83a81c?s=96&d=mm&r=g","caption":"La Gu\u00eda de Pamplona"}}]}},"post_mailing_queue_ids":[],"_links":{"self":[{"href":"https:\/\/www.laguiadepamplona.com\/actualidad\/wp-json\/wp\/v2\/posts\/47010","targetHints":{"allow":["GET"]}}],"collection":[{"href":"https:\/\/www.laguiadepamplona.com\/actualidad\/wp-json\/wp\/v2\/posts"}],"about":[{"href":"https:\/\/www.laguiadepamplona.com\/actualidad\/wp-json\/wp\/v2\/types\/post"}],"author":[{"embeddable":true,"href":"https:\/\/www.laguiadepamplona.com\/actualidad\/wp-json\/wp\/v2\/users\/1"}],"replies":[{"embeddable":true,"href":"https:\/\/www.laguiadepamplona.com\/actualidad\/wp-json\/wp\/v2\/comments?post=47010"}],"version-history":[{"count":1,"href":"https:\/\/www.laguiadepamplona.com\/actualidad\/wp-json\/wp\/v2\/posts\/47010\/revisions"}],"predecessor-version":[{"id":47012,"href":"https:\/\/www.laguiadepamplona.com\/actualidad\/wp-json\/wp\/v2\/posts\/47010\/revisions\/47012"}],"wp:featuredmedia":[{"embeddable":true,"href":"https:\/\/www.laguiadepamplona.com\/actualidad\/wp-json\/wp\/v2\/media\/47011"}],"wp:attachment":[{"href":"https:\/\/www.laguiadepamplona.com\/actualidad\/wp-json\/wp\/v2\/media?parent=47010"}],"wp:term":[{"taxonomy":"category","embeddable":true,"href":"https:\/\/www.laguiadepamplona.com\/actualidad\/wp-json\/wp\/v2\/categories?post=47010"},{"taxonomy":"post_tag","embeddable":true,"href":"https:\/\/www.laguiadepamplona.com\/actualidad\/wp-json\/wp\/v2\/tags?post=47010"}],"curies":[{"name":"wp","href":"https:\/\/api.w.org\/{rel}","templated":true}]}}