{"id":47007,"date":"2023-06-09T13:20:58","date_gmt":"2023-06-09T11:20:58","guid":{"rendered":"https:\/\/www.laguiadepamplona.com\/actualidad\/?p=47007"},"modified":"2023-06-09T13:20:58","modified_gmt":"2023-06-09T11:20:58","slug":"convocadas-ayudas-para-la-rehabilitacion-integral-de-edificios-en-el-casco-antiguo-y-primer-y-segundo-ensanche-por-valor-de-909-000-euros","status":"publish","type":"post","link":"https:\/\/www.laguiadepamplona.com\/actualidad\/convocadas-ayudas-para-la-rehabilitacion-integral-de-edificios-en-el-casco-antiguo-y-primer-y-segundo-ensanche-por-valor-de-909-000-euros\/","title":{"rendered":"Convocadas ayudas para la rehabilitaci\u00f3n integral de edificios en el Casco Antiguo y Primer y Segundo Ensanche por valor de 909.000 euros"},"content":{"rendered":"<h3>Las obras deben contar con la calificaci\u00f3n de \u2018rehabilitaci\u00f3n protegida\u2019 y precisan del informe favorable de la Oficina de Rehabilitaci\u00f3n de Viviendas<\/h3>\n<p><!--more--><\/p>\n<p>El Ayuntamiento de Pamplona ha abierto la convocatoria de subvenciones destinadas a la rehabilitaci\u00f3n integral de edificios situados en el Casco Antiguo y Primer y Segundo Ensanche. Esta convocatoria est\u00e1 dotada con 909.000 euros, que se dividen en 874.000 euros para obras de rehabilitaci\u00f3n y renovaci\u00f3n de edificios; y 35.000 euros para pr\u00e9stamos a propietarios usuarios sin recursos econ\u00f3micos. El plazo de presentaci\u00f3n de solicitudes permanecer\u00e1 abierto hasta el 30 de noviembre de 2023.<\/p>\n<p>Estas ayudas se conceder\u00e1n \u00fanicamente a las actuaciones cuyas obras de rehabilitaci\u00f3n ya han finalizado, y previamente han sido informadas favorablemente por la Oficina de Rehabilitaci\u00f3n de Viviendas y cuenten con la calificaci\u00f3n del expediente como de rehabilitaci\u00f3n protegida. Las solicitudes de la comunidad de propietarios y las individuales se presentar\u00e1n conjuntamente, con tantas solicitudes como titulares interesados del mismo inmueble o edificio.<br \/>\n<script async src=\"\/\/pagead2.googlesyndication.com\/pagead\/js\/adsbygoogle.js\"><\/script><br \/>\n<!-- Noticias La Guia de Pamplona --><br \/>\n<ins class=\"adsbygoogle\"\nstyle=\"display:block\"\ndata-ad-client=\"ca-pub-6943679897239327\"\ndata-ad-slot=\"7048180777\"\ndata-ad-format=\"auto\"><\/ins><br \/>\n<script>\n(adsbygoogle = window.adsbygoogle || []).push({});\n<\/script><\/p>\n<p>Las ayudas se dirigen a personas f\u00edsicas o jur\u00eddicas, que sean propietarias, inquilinas o usuarias no propietarias; en estos dos \u00faltimos casos, deben contar con permiso expreso del propietario. Tambi\u00e9n pueden ser beneficiarias las comunidades de propietarios, en los supuestos y t\u00e9rminos contemplados en la Ordenanza Reguladora de las Ayudas Municipales a la Rehabilitaci\u00f3n de Edificios.<\/p>\n<p>Las solicitudes para esta subvenci\u00f3n se pueden presentar f\u00edsicamente en la oficina de rehabilitaci\u00f3n Urbana del Ayuntamiento de Pamplona (calle Eslava 1bis), en el Registro General del Ayuntamiento de Pamplona, ubicado en la planta baja del Palacio del Condestable (calle Mayor 2); en sus registros auxiliares o en cualquiera de los previstos en la Ley del Procedimiento Administrativo Com\u00fan de las Administraciones P\u00fablicas. En el caso de personas jur\u00eddicas y otros solicitantes obligados a relacionarse electr\u00f3nicamente con las administraciones p\u00fablicas, las solicitudes deber\u00e1n presentarse telem\u00e1ticamente a trav\u00e9s del tr\u00e1mite \u00ab<a href=\"https:\/\/sedeelectronica.pamplona.es\/FichaTramite.aspx?id=112009TA&amp;idioma=1\" target=\"_blank\" rel=\"noopener\">instancia general y env\u00edo al registro electr\u00f3nico<\/a>\u00bb publicado en la <a href=\"http:\/\/www.pamplona.es\/\" target=\"_blank\" rel=\"noopener\">sede electr\u00f3nica del Ayuntamiento de Pamplona<\/a>.<\/p>\n<p>Toda la informaci\u00f3n referente a la convocatoria se puede consultar en el <a href=\"https:\/\/bon.navarra.es\/es\/anuncio\/-\/texto\/2023\/121\/61\" target=\"_blank\" rel=\"noopener\">Bolet\u00edn Oficial de Navarra n\u00famero 121<\/a> del 8 de junio y en la <a href=\"https:\/\/www.pamplona.es\/\" target=\"_blank\" rel=\"noopener\">web municipal<\/a>, y de manera presencial o telef\u00f3nica (948 42 09 80) en la propia Oficina de Rehabilitaci\u00f3n Urbana del Ayuntamiento de Pamplona.<br \/>\n<script async src=\"\/\/pagead2.googlesyndication.com\/pagead\/js\/adsbygoogle.js\"><\/script><br \/>\n<!-- Noticias La Guia de Pamplona --><br \/>\n<ins class=\"adsbygoogle\"\nstyle=\"display:block\"\ndata-ad-client=\"ca-pub-6943679897239327\"\ndata-ad-slot=\"7048180777\"\ndata-ad-format=\"auto\"><\/ins><br \/>\n<script>\n(adsbygoogle = window.adsbygoogle || []).push({});\n<\/script><\/p>\n<p>&nbsp;<\/p>\n<p><strong>Subvenciones para la rehabilitaci\u00f3n integral de edificios<\/strong><\/p>\n<ul>\n<li>Inmuebles situados en el Casco Antiguo y los dos Ensanches<\/li>\n<li>Plazo de presentaci\u00f3n: hasta el 30 de noviembre de 2023<\/li>\n<li>Dirigido a personas f\u00edsicas o jur\u00eddicas, propietarias, inquilinas o usuarias no propietarias (con permiso expreso del propietario), y comunidades de propietarios<\/li>\n<\/ul>\n","protected":false},"excerpt":{"rendered":"<p>Las obras deben contar con la calificaci\u00f3n de \u2018rehabilitaci\u00f3n protegida\u2019 y precisan del informe favorable de la Oficina de Rehabilitaci\u00f3n de Viviendas<\/p>\n","protected":false},"author":1,"featured_media":47008,"comment_status":"open","ping_status":"closed","sticky":false,"template":"","format":"standard","meta":{"footnotes":""},"categories":[2],"tags":[],"class_list":["post-47007","post","type-post","status-publish","format-standard","has-post-thumbnail","hentry","category-ayuntamiento-pamplona"],"yoast_head":"<!-- This site is optimized with the Yoast SEO plugin v27.3 - https:\/\/yoast.com\/product\/yoast-seo-wordpress\/ -->\n<title>Convocadas ayudas para la rehabilitaci\u00f3n integral de edificios en el Casco Antiguo y Primer y Segundo Ensanche por valor de 909.000 euros<\/title>\n<meta name=\"description\" content=\"Las obras deben contar con la calificaci\u00f3n de \u2018rehabilitaci\u00f3n protegida\u2019 y precisan del informe favorable de la Oficina de Rehabilitaci\u00f3n de Viviendas\" \/>\n<meta name=\"robots\" content=\"index, follow, max-snippet:-1, max-image-preview:large, max-video-preview:-1\" \/>\n<link rel=\"canonical\" href=\"https:\/\/www.laguiadepamplona.com\/actualidad\/convocadas-ayudas-para-la-rehabilitacion-integral-de-edificios-en-el-casco-antiguo-y-primer-y-segundo-ensanche-por-valor-de-909-000-euros\/\" \/>\n<meta property=\"og:locale\" content=\"es_ES\" \/>\n<meta property=\"og:type\" content=\"article\" \/>\n<meta property=\"og:title\" content=\"Convocadas ayudas para la rehabilitaci\u00f3n integral de edificios en el Casco Antiguo y Primer y Segundo Ensanche por valor de 909.000 euros\" \/>\n<meta property=\"og:description\" content=\"Las obras deben contar con la calificaci\u00f3n de \u2018rehabilitaci\u00f3n protegida\u2019 y precisan del informe favorable de la Oficina de Rehabilitaci\u00f3n de Viviendas\" \/>\n<meta property=\"og:url\" content=\"https:\/\/www.laguiadepamplona.com\/actualidad\/convocadas-ayudas-para-la-rehabilitacion-integral-de-edificios-en-el-casco-antiguo-y-primer-y-segundo-ensanche-por-valor-de-909-000-euros\/\" \/>\n<meta property=\"og:site_name\" content=\"La Gu\u00eda de Pamplona\" \/>\n<meta property=\"article:publisher\" content=\"https:\/\/www.facebook.com\/laguiadepamplonacom-133175176762273\/?ref=hl\" \/>\n<meta property=\"article:published_time\" content=\"2023-06-09T11:20:58+00:00\" \/>\n<meta property=\"og:image\" content=\"https:\/\/www.laguiadepamplona.com\/actualidad\/wp-content\/uploads\/2023\/06\/aquavox_san_agustin_exterior.webp\" \/>\n\t<meta property=\"og:image:width\" content=\"1920\" \/>\n\t<meta property=\"og:image:height\" content=\"1280\" \/>\n\t<meta property=\"og:image:type\" content=\"image\/webp\" \/>\n<meta name=\"author\" content=\"La Gu\u00eda de Pamplona\" \/>\n<meta name=\"twitter:card\" content=\"summary_large_image\" \/>\n<meta name=\"twitter:creator\" content=\"@LaGuiadPamplona\" \/>\n<meta name=\"twitter:site\" content=\"@LaGuiadPamplona\" \/>\n<meta name=\"twitter:label1\" content=\"Escrito por\" \/>\n\t<meta name=\"twitter:data1\" content=\"La Gu\u00eda de Pamplona\" \/>\n\t<meta name=\"twitter:label2\" content=\"Tiempo de lectura\" \/>\n\t<meta name=\"twitter:data2\" content=\"2 minutos\" \/>\n<script type=\"application\/ld+json\" class=\"yoast-schema-graph\">{\"@context\":\"https:\\\/\\\/schema.org\",\"@graph\":[{\"@type\":\"Article\",\"@id\":\"https:\\\/\\\/www.laguiadepamplona.com\\\/actualidad\\\/convocadas-ayudas-para-la-rehabilitacion-integral-de-edificios-en-el-casco-antiguo-y-primer-y-segundo-ensanche-por-valor-de-909-000-euros\\\/#article\",\"isPartOf\":{\"@id\":\"https:\\\/\\\/www.laguiadepamplona.com\\\/actualidad\\\/convocadas-ayudas-para-la-rehabilitacion-integral-de-edificios-en-el-casco-antiguo-y-primer-y-segundo-ensanche-por-valor-de-909-000-euros\\\/\"},\"author\":{\"name\":\"La Gu\u00eda de Pamplona\",\"@id\":\"https:\\\/\\\/www.laguiadepamplona.com\\\/actualidad\\\/#\\\/schema\\\/person\\\/efe887376f0213d4657c93adc50b1fdb\"},\"headline\":\"Convocadas ayudas para la rehabilitaci\u00f3n integral de edificios en el Casco Antiguo y Primer y Segundo Ensanche por valor de 909.000 euros\",\"datePublished\":\"2023-06-09T11:20:58+00:00\",\"mainEntityOfPage\":{\"@id\":\"https:\\\/\\\/www.laguiadepamplona.com\\\/actualidad\\\/convocadas-ayudas-para-la-rehabilitacion-integral-de-edificios-en-el-casco-antiguo-y-primer-y-segundo-ensanche-por-valor-de-909-000-euros\\\/\"},\"wordCount\":469,\"commentCount\":0,\"publisher\":{\"@id\":\"https:\\\/\\\/www.laguiadepamplona.com\\\/actualidad\\\/#organization\"},\"image\":{\"@id\":\"https:\\\/\\\/www.laguiadepamplona.com\\\/actualidad\\\/convocadas-ayudas-para-la-rehabilitacion-integral-de-edificios-en-el-casco-antiguo-y-primer-y-segundo-ensanche-por-valor-de-909-000-euros\\\/#primaryimage\"},\"thumbnailUrl\":\"https:\\\/\\\/www.laguiadepamplona.com\\\/actualidad\\\/wp-content\\\/uploads\\\/2023\\\/06\\\/aquavox_san_agustin_exterior.webp\",\"articleSection\":[\"Ayto Pamplona\"],\"inLanguage\":\"es\",\"potentialAction\":[{\"@type\":\"CommentAction\",\"name\":\"Comment\",\"target\":[\"https:\\\/\\\/www.laguiadepamplona.com\\\/actualidad\\\/convocadas-ayudas-para-la-rehabilitacion-integral-de-edificios-en-el-casco-antiguo-y-primer-y-segundo-ensanche-por-valor-de-909-000-euros\\\/#respond\"]}]},{\"@type\":\"WebPage\",\"@id\":\"https:\\\/\\\/www.laguiadepamplona.com\\\/actualidad\\\/convocadas-ayudas-para-la-rehabilitacion-integral-de-edificios-en-el-casco-antiguo-y-primer-y-segundo-ensanche-por-valor-de-909-000-euros\\\/\",\"url\":\"https:\\\/\\\/www.laguiadepamplona.com\\\/actualidad\\\/convocadas-ayudas-para-la-rehabilitacion-integral-de-edificios-en-el-casco-antiguo-y-primer-y-segundo-ensanche-por-valor-de-909-000-euros\\\/\",\"name\":\"Convocadas ayudas para la rehabilitaci\u00f3n integral de edificios en el Casco Antiguo y Primer y Segundo Ensanche por valor de 909.000 euros\",\"isPartOf\":{\"@id\":\"https:\\\/\\\/www.laguiadepamplona.com\\\/actualidad\\\/#website\"},\"primaryImageOfPage\":{\"@id\":\"https:\\\/\\\/www.laguiadepamplona.com\\\/actualidad\\\/convocadas-ayudas-para-la-rehabilitacion-integral-de-edificios-en-el-casco-antiguo-y-primer-y-segundo-ensanche-por-valor-de-909-000-euros\\\/#primaryimage\"},\"image\":{\"@id\":\"https:\\\/\\\/www.laguiadepamplona.com\\\/actualidad\\\/convocadas-ayudas-para-la-rehabilitacion-integral-de-edificios-en-el-casco-antiguo-y-primer-y-segundo-ensanche-por-valor-de-909-000-euros\\\/#primaryimage\"},\"thumbnailUrl\":\"https:\\\/\\\/www.laguiadepamplona.com\\\/actualidad\\\/wp-content\\\/uploads\\\/2023\\\/06\\\/aquavox_san_agustin_exterior.webp\",\"datePublished\":\"2023-06-09T11:20:58+00:00\",\"description\":\"Las obras deben contar con la calificaci\u00f3n de \u2018rehabilitaci\u00f3n protegida\u2019 y precisan del informe favorable de la Oficina de Rehabilitaci\u00f3n de Viviendas\",\"breadcrumb\":{\"@id\":\"https:\\\/\\\/www.laguiadepamplona.com\\\/actualidad\\\/convocadas-ayudas-para-la-rehabilitacion-integral-de-edificios-en-el-casco-antiguo-y-primer-y-segundo-ensanche-por-valor-de-909-000-euros\\\/#breadcrumb\"},\"inLanguage\":\"es\",\"potentialAction\":[{\"@type\":\"ReadAction\",\"target\":[\"https:\\\/\\\/www.laguiadepamplona.com\\\/actualidad\\\/convocadas-ayudas-para-la-rehabilitacion-integral-de-edificios-en-el-casco-antiguo-y-primer-y-segundo-ensanche-por-valor-de-909-000-euros\\\/\"]}]},{\"@type\":\"ImageObject\",\"inLanguage\":\"es\",\"@id\":\"https:\\\/\\\/www.laguiadepamplona.com\\\/actualidad\\\/convocadas-ayudas-para-la-rehabilitacion-integral-de-edificios-en-el-casco-antiguo-y-primer-y-segundo-ensanche-por-valor-de-909-000-euros\\\/#primaryimage\",\"url\":\"https:\\\/\\\/www.laguiadepamplona.com\\\/actualidad\\\/wp-content\\\/uploads\\\/2023\\\/06\\\/aquavox_san_agustin_exterior.webp\",\"contentUrl\":\"https:\\\/\\\/www.laguiadepamplona.com\\\/actualidad\\\/wp-content\\\/uploads\\\/2023\\\/06\\\/aquavox_san_agustin_exterior.webp\",\"width\":1920,\"height\":1280},{\"@type\":\"BreadcrumbList\",\"@id\":\"https:\\\/\\\/www.laguiadepamplona.com\\\/actualidad\\\/convocadas-ayudas-para-la-rehabilitacion-integral-de-edificios-en-el-casco-antiguo-y-primer-y-segundo-ensanche-por-valor-de-909-000-euros\\\/#breadcrumb\",\"itemListElement\":[{\"@type\":\"ListItem\",\"position\":1,\"name\":\"Portada\",\"item\":\"https:\\\/\\\/www.laguiadepamplona.com\\\/actualidad\\\/\"},{\"@type\":\"ListItem\",\"position\":2,\"name\":\"Convocadas ayudas para la rehabilitaci\u00f3n integral de edificios en el Casco Antiguo y Primer y Segundo Ensanche por valor de 909.000 euros\"}]},{\"@type\":\"WebSite\",\"@id\":\"https:\\\/\\\/www.laguiadepamplona.com\\\/actualidad\\\/#website\",\"url\":\"https:\\\/\\\/www.laguiadepamplona.com\\\/actualidad\\\/\",\"name\":\"La gu\u00eda de Pamplona\",\"description\":\"Noticias de Pamplona\",\"publisher\":{\"@id\":\"https:\\\/\\\/www.laguiadepamplona.com\\\/actualidad\\\/#organization\"},\"potentialAction\":[{\"@type\":\"SearchAction\",\"target\":{\"@type\":\"EntryPoint\",\"urlTemplate\":\"https:\\\/\\\/www.laguiadepamplona.com\\\/actualidad\\\/?s={search_term_string}\"},\"query-input\":{\"@type\":\"PropertyValueSpecification\",\"valueRequired\":true,\"valueName\":\"search_term_string\"}}],\"inLanguage\":\"es\"},{\"@type\":\"Organization\",\"@id\":\"https:\\\/\\\/www.laguiadepamplona.com\\\/actualidad\\\/#organization\",\"name\":\"La Gu\u00eda de Pamplona \\\/ Noticias\",\"url\":\"https:\\\/\\\/www.laguiadepamplona.com\\\/actualidad\\\/\",\"logo\":{\"@type\":\"ImageObject\",\"inLanguage\":\"es\",\"@id\":\"https:\\\/\\\/www.laguiadepamplona.com\\\/actualidad\\\/#\\\/schema\\\/logo\\\/image\\\/\",\"url\":\"https:\\\/\\\/www.laguiadepamplona.com\\\/actualidad\\\/wp-content\\\/uploads\\\/2018\\\/11\\\/logo-laguiadepamplona18-web1.png\",\"contentUrl\":\"https:\\\/\\\/www.laguiadepamplona.com\\\/actualidad\\\/wp-content\\\/uploads\\\/2018\\\/11\\\/logo-laguiadepamplona18-web1.png\",\"width\":600,\"height\":196,\"caption\":\"La Gu\u00eda de Pamplona \\\/ Noticias\"},\"image\":{\"@id\":\"https:\\\/\\\/www.laguiadepamplona.com\\\/actualidad\\\/#\\\/schema\\\/logo\\\/image\\\/\"},\"sameAs\":[\"https:\\\/\\\/www.facebook.com\\\/laguiadepamplonacom-133175176762273\\\/?ref=hl\",\"https:\\\/\\\/x.com\\\/LaGuiadPamplona\",\"https:\\\/\\\/www.instagram.com\\\/la_guia_de_pamplona\\\/\",\"https:\\\/\\\/www.youtube.com\\\/user\\\/laguiadepamplona\"]},{\"@type\":\"Person\",\"@id\":\"https:\\\/\\\/www.laguiadepamplona.com\\\/actualidad\\\/#\\\/schema\\\/person\\\/efe887376f0213d4657c93adc50b1fdb\",\"name\":\"La Gu\u00eda de Pamplona\",\"image\":{\"@type\":\"ImageObject\",\"inLanguage\":\"es\",\"@id\":\"https:\\\/\\\/secure.gravatar.com\\\/avatar\\\/b6992f131dc8d30ab0dff15446e9d346d9dbd95992de0fef795073f5ea83a81c?s=96&d=mm&r=g\",\"url\":\"https:\\\/\\\/secure.gravatar.com\\\/avatar\\\/b6992f131dc8d30ab0dff15446e9d346d9dbd95992de0fef795073f5ea83a81c?s=96&d=mm&r=g\",\"contentUrl\":\"https:\\\/\\\/secure.gravatar.com\\\/avatar\\\/b6992f131dc8d30ab0dff15446e9d346d9dbd95992de0fef795073f5ea83a81c?s=96&d=mm&r=g\",\"caption\":\"La Gu\u00eda de Pamplona\"}}]}<\/script>\n<!-- \/ Yoast SEO plugin. -->","yoast_head_json":{"title":"Convocadas ayudas para la rehabilitaci\u00f3n integral de edificios en el Casco Antiguo y Primer y Segundo Ensanche por valor de 909.000 euros","description":"Las obras deben contar con la calificaci\u00f3n de \u2018rehabilitaci\u00f3n protegida\u2019 y precisan del informe favorable de la Oficina de Rehabilitaci\u00f3n de Viviendas","robots":{"index":"index","follow":"follow","max-snippet":"max-snippet:-1","max-image-preview":"max-image-preview:large","max-video-preview":"max-video-preview:-1"},"canonical":"https:\/\/www.laguiadepamplona.com\/actualidad\/convocadas-ayudas-para-la-rehabilitacion-integral-de-edificios-en-el-casco-antiguo-y-primer-y-segundo-ensanche-por-valor-de-909-000-euros\/","og_locale":"es_ES","og_type":"article","og_title":"Convocadas ayudas para la rehabilitaci\u00f3n integral de edificios en el Casco Antiguo y Primer y Segundo Ensanche por valor de 909.000 euros","og_description":"Las obras deben contar con la calificaci\u00f3n de \u2018rehabilitaci\u00f3n protegida\u2019 y precisan del informe favorable de la Oficina de Rehabilitaci\u00f3n de Viviendas","og_url":"https:\/\/www.laguiadepamplona.com\/actualidad\/convocadas-ayudas-para-la-rehabilitacion-integral-de-edificios-en-el-casco-antiguo-y-primer-y-segundo-ensanche-por-valor-de-909-000-euros\/","og_site_name":"La Gu\u00eda de Pamplona","article_publisher":"https:\/\/www.facebook.com\/laguiadepamplonacom-133175176762273\/?ref=hl","article_published_time":"2023-06-09T11:20:58+00:00","og_image":[{"width":1920,"height":1280,"url":"https:\/\/www.laguiadepamplona.com\/actualidad\/wp-content\/uploads\/2023\/06\/aquavox_san_agustin_exterior.webp","type":"image\/webp"}],"author":"La Gu\u00eda de Pamplona","twitter_card":"summary_large_image","twitter_creator":"@LaGuiadPamplona","twitter_site":"@LaGuiadPamplona","twitter_misc":{"Escrito por":"La Gu\u00eda de Pamplona","Tiempo de lectura":"2 minutos"},"schema":{"@context":"https:\/\/schema.org","@graph":[{"@type":"Article","@id":"https:\/\/www.laguiadepamplona.com\/actualidad\/convocadas-ayudas-para-la-rehabilitacion-integral-de-edificios-en-el-casco-antiguo-y-primer-y-segundo-ensanche-por-valor-de-909-000-euros\/#article","isPartOf":{"@id":"https:\/\/www.laguiadepamplona.com\/actualidad\/convocadas-ayudas-para-la-rehabilitacion-integral-de-edificios-en-el-casco-antiguo-y-primer-y-segundo-ensanche-por-valor-de-909-000-euros\/"},"author":{"name":"La Gu\u00eda de Pamplona","@id":"https:\/\/www.laguiadepamplona.com\/actualidad\/#\/schema\/person\/efe887376f0213d4657c93adc50b1fdb"},"headline":"Convocadas ayudas para la rehabilitaci\u00f3n integral de edificios en el Casco Antiguo y Primer y Segundo Ensanche por valor de 909.000 euros","datePublished":"2023-06-09T11:20:58+00:00","mainEntityOfPage":{"@id":"https:\/\/www.laguiadepamplona.com\/actualidad\/convocadas-ayudas-para-la-rehabilitacion-integral-de-edificios-en-el-casco-antiguo-y-primer-y-segundo-ensanche-por-valor-de-909-000-euros\/"},"wordCount":469,"commentCount":0,"publisher":{"@id":"https:\/\/www.laguiadepamplona.com\/actualidad\/#organization"},"image":{"@id":"https:\/\/www.laguiadepamplona.com\/actualidad\/convocadas-ayudas-para-la-rehabilitacion-integral-de-edificios-en-el-casco-antiguo-y-primer-y-segundo-ensanche-por-valor-de-909-000-euros\/#primaryimage"},"thumbnailUrl":"https:\/\/www.laguiadepamplona.com\/actualidad\/wp-content\/uploads\/2023\/06\/aquavox_san_agustin_exterior.webp","articleSection":["Ayto Pamplona"],"inLanguage":"es","potentialAction":[{"@type":"CommentAction","name":"Comment","target":["https:\/\/www.laguiadepamplona.com\/actualidad\/convocadas-ayudas-para-la-rehabilitacion-integral-de-edificios-en-el-casco-antiguo-y-primer-y-segundo-ensanche-por-valor-de-909-000-euros\/#respond"]}]},{"@type":"WebPage","@id":"https:\/\/www.laguiadepamplona.com\/actualidad\/convocadas-ayudas-para-la-rehabilitacion-integral-de-edificios-en-el-casco-antiguo-y-primer-y-segundo-ensanche-por-valor-de-909-000-euros\/","url":"https:\/\/www.laguiadepamplona.com\/actualidad\/convocadas-ayudas-para-la-rehabilitacion-integral-de-edificios-en-el-casco-antiguo-y-primer-y-segundo-ensanche-por-valor-de-909-000-euros\/","name":"Convocadas ayudas para la rehabilitaci\u00f3n integral de edificios en el Casco Antiguo y Primer y Segundo Ensanche por valor de 909.000 euros","isPartOf":{"@id":"https:\/\/www.laguiadepamplona.com\/actualidad\/#website"},"primaryImageOfPage":{"@id":"https:\/\/www.laguiadepamplona.com\/actualidad\/convocadas-ayudas-para-la-rehabilitacion-integral-de-edificios-en-el-casco-antiguo-y-primer-y-segundo-ensanche-por-valor-de-909-000-euros\/#primaryimage"},"image":{"@id":"https:\/\/www.laguiadepamplona.com\/actualidad\/convocadas-ayudas-para-la-rehabilitacion-integral-de-edificios-en-el-casco-antiguo-y-primer-y-segundo-ensanche-por-valor-de-909-000-euros\/#primaryimage"},"thumbnailUrl":"https:\/\/www.laguiadepamplona.com\/actualidad\/wp-content\/uploads\/2023\/06\/aquavox_san_agustin_exterior.webp","datePublished":"2023-06-09T11:20:58+00:00","description":"Las obras deben contar con la calificaci\u00f3n de \u2018rehabilitaci\u00f3n protegida\u2019 y precisan del informe favorable de la Oficina de Rehabilitaci\u00f3n de Viviendas","breadcrumb":{"@id":"https:\/\/www.laguiadepamplona.com\/actualidad\/convocadas-ayudas-para-la-rehabilitacion-integral-de-edificios-en-el-casco-antiguo-y-primer-y-segundo-ensanche-por-valor-de-909-000-euros\/#breadcrumb"},"inLanguage":"es","potentialAction":[{"@type":"ReadAction","target":["https:\/\/www.laguiadepamplona.com\/actualidad\/convocadas-ayudas-para-la-rehabilitacion-integral-de-edificios-en-el-casco-antiguo-y-primer-y-segundo-ensanche-por-valor-de-909-000-euros\/"]}]},{"@type":"ImageObject","inLanguage":"es","@id":"https:\/\/www.laguiadepamplona.com\/actualidad\/convocadas-ayudas-para-la-rehabilitacion-integral-de-edificios-en-el-casco-antiguo-y-primer-y-segundo-ensanche-por-valor-de-909-000-euros\/#primaryimage","url":"https:\/\/www.laguiadepamplona.com\/actualidad\/wp-content\/uploads\/2023\/06\/aquavox_san_agustin_exterior.webp","contentUrl":"https:\/\/www.laguiadepamplona.com\/actualidad\/wp-content\/uploads\/2023\/06\/aquavox_san_agustin_exterior.webp","width":1920,"height":1280},{"@type":"BreadcrumbList","@id":"https:\/\/www.laguiadepamplona.com\/actualidad\/convocadas-ayudas-para-la-rehabilitacion-integral-de-edificios-en-el-casco-antiguo-y-primer-y-segundo-ensanche-por-valor-de-909-000-euros\/#breadcrumb","itemListElement":[{"@type":"ListItem","position":1,"name":"Portada","item":"https:\/\/www.laguiadepamplona.com\/actualidad\/"},{"@type":"ListItem","position":2,"name":"Convocadas ayudas para la rehabilitaci\u00f3n integral de edificios en el Casco Antiguo y Primer y Segundo Ensanche por valor de 909.000 euros"}]},{"@type":"WebSite","@id":"https:\/\/www.laguiadepamplona.com\/actualidad\/#website","url":"https:\/\/www.laguiadepamplona.com\/actualidad\/","name":"La gu\u00eda de Pamplona","description":"Noticias de Pamplona","publisher":{"@id":"https:\/\/www.laguiadepamplona.com\/actualidad\/#organization"},"potentialAction":[{"@type":"SearchAction","target":{"@type":"EntryPoint","urlTemplate":"https:\/\/www.laguiadepamplona.com\/actualidad\/?s={search_term_string}"},"query-input":{"@type":"PropertyValueSpecification","valueRequired":true,"valueName":"search_term_string"}}],"inLanguage":"es"},{"@type":"Organization","@id":"https:\/\/www.laguiadepamplona.com\/actualidad\/#organization","name":"La Gu\u00eda de Pamplona \/ Noticias","url":"https:\/\/www.laguiadepamplona.com\/actualidad\/","logo":{"@type":"ImageObject","inLanguage":"es","@id":"https:\/\/www.laguiadepamplona.com\/actualidad\/#\/schema\/logo\/image\/","url":"https:\/\/www.laguiadepamplona.com\/actualidad\/wp-content\/uploads\/2018\/11\/logo-laguiadepamplona18-web1.png","contentUrl":"https:\/\/www.laguiadepamplona.com\/actualidad\/wp-content\/uploads\/2018\/11\/logo-laguiadepamplona18-web1.png","width":600,"height":196,"caption":"La Gu\u00eda de Pamplona \/ Noticias"},"image":{"@id":"https:\/\/www.laguiadepamplona.com\/actualidad\/#\/schema\/logo\/image\/"},"sameAs":["https:\/\/www.facebook.com\/laguiadepamplonacom-133175176762273\/?ref=hl","https:\/\/x.com\/LaGuiadPamplona","https:\/\/www.instagram.com\/la_guia_de_pamplona\/","https:\/\/www.youtube.com\/user\/laguiadepamplona"]},{"@type":"Person","@id":"https:\/\/www.laguiadepamplona.com\/actualidad\/#\/schema\/person\/efe887376f0213d4657c93adc50b1fdb","name":"La Gu\u00eda de Pamplona","image":{"@type":"ImageObject","inLanguage":"es","@id":"https:\/\/secure.gravatar.com\/avatar\/b6992f131dc8d30ab0dff15446e9d346d9dbd95992de0fef795073f5ea83a81c?s=96&d=mm&r=g","url":"https:\/\/secure.gravatar.com\/avatar\/b6992f131dc8d30ab0dff15446e9d346d9dbd95992de0fef795073f5ea83a81c?s=96&d=mm&r=g","contentUrl":"https:\/\/secure.gravatar.com\/avatar\/b6992f131dc8d30ab0dff15446e9d346d9dbd95992de0fef795073f5ea83a81c?s=96&d=mm&r=g","caption":"La Gu\u00eda de Pamplona"}}]}},"post_mailing_queue_ids":[],"_links":{"self":[{"href":"https:\/\/www.laguiadepamplona.com\/actualidad\/wp-json\/wp\/v2\/posts\/47007","targetHints":{"allow":["GET"]}}],"collection":[{"href":"https:\/\/www.laguiadepamplona.com\/actualidad\/wp-json\/wp\/v2\/posts"}],"about":[{"href":"https:\/\/www.laguiadepamplona.com\/actualidad\/wp-json\/wp\/v2\/types\/post"}],"author":[{"embeddable":true,"href":"https:\/\/www.laguiadepamplona.com\/actualidad\/wp-json\/wp\/v2\/users\/1"}],"replies":[{"embeddable":true,"href":"https:\/\/www.laguiadepamplona.com\/actualidad\/wp-json\/wp\/v2\/comments?post=47007"}],"version-history":[{"count":1,"href":"https:\/\/www.laguiadepamplona.com\/actualidad\/wp-json\/wp\/v2\/posts\/47007\/revisions"}],"predecessor-version":[{"id":47009,"href":"https:\/\/www.laguiadepamplona.com\/actualidad\/wp-json\/wp\/v2\/posts\/47007\/revisions\/47009"}],"wp:featuredmedia":[{"embeddable":true,"href":"https:\/\/www.laguiadepamplona.com\/actualidad\/wp-json\/wp\/v2\/media\/47008"}],"wp:attachment":[{"href":"https:\/\/www.laguiadepamplona.com\/actualidad\/wp-json\/wp\/v2\/media?parent=47007"}],"wp:term":[{"taxonomy":"category","embeddable":true,"href":"https:\/\/www.laguiadepamplona.com\/actualidad\/wp-json\/wp\/v2\/categories?post=47007"},{"taxonomy":"post_tag","embeddable":true,"href":"https:\/\/www.laguiadepamplona.com\/actualidad\/wp-json\/wp\/v2\/tags?post=47007"}],"curies":[{"name":"wp","href":"https:\/\/api.w.org\/{rel}","templated":true}]}}