{"id":47005,"date":"2023-06-09T13:06:11","date_gmt":"2023-06-09T11:06:11","guid":{"rendered":"https:\/\/www.laguiadepamplona.com\/actualidad\/?p=47005"},"modified":"2023-06-09T13:06:11","modified_gmt":"2023-06-09T11:06:11","slug":"publicadas-las-listas-definitivas-de-admision-de-las-escuelas-infantiles-publicas-de-pamplona","status":"publish","type":"post","link":"https:\/\/www.laguiadepamplona.com\/actualidad\/publicadas-las-listas-definitivas-de-admision-de-las-escuelas-infantiles-publicas-de-pamplona\/","title":{"rendered":"Publicadas las listas definitivas de admisi\u00f3n de las escuelas infantiles p\u00fablicas de Pamplona"},"content":{"rendered":"<h3>Han sido estimadas 349 de las 375 reclamaciones presentadas<\/h3>\n<p><!--more--><\/p>\n<p>Este mediod\u00eda, se han hecho p\u00fablicas las listas definitivas de menores admitidos en las escuelas infantiles p\u00fablicas de Pamplona. Esta relaci\u00f3n recoge ya la resoluci\u00f3n de reclamaciones que se presentaron a las listas provisionales: 345 han sido estimadas totalmente, 4 parcialmente y 26 se han desestimado.<br \/>\n<script async src=\"\/\/pagead2.googlesyndication.com\/pagead\/js\/adsbygoogle.js\"><\/script><br \/>\n<!-- Noticias La Guia de Pamplona --><br \/>\n<ins class=\"adsbygoogle\"\nstyle=\"display:block\"\ndata-ad-client=\"ca-pub-6943679897239327\"\ndata-ad-slot=\"7048180777\"\ndata-ad-format=\"auto\"><\/ins><br \/>\n<script>\n(adsbygoogle = window.adsbygoogle || []).push({});\n<\/script><\/p>\n<p>Los listados se pueden consultar a trav\u00e9s de la <a href=\"https:\/\/www.pamplona.es\/escuelasinfantiles\/\" target=\"_blank\" rel=\"noopener\">p\u00e1gina web de las escuelas infantiles del Ayuntamiento de Pamplona<\/a> y en el espacio web que a tal efecto ha habilitado el Departamento de Educaci\u00f3n, en el cat\u00e1logo de tr\u00e1mites del portal <a href=\"http:\/\/www.navarra.es\/\" target=\"_blank\" rel=\"noopener\">navarra.es<\/a>. Asimismo, se puede obtener esa informaci\u00f3n en cada uno de los centros educativos ofertados, tanto de titularidad municipal como del Gobierno de Navarra.<\/p>\n<p>Contra las resoluciones que aprueban las listas definitivas de las Escuelas del Ayuntamiento de Pamplona o del Gobierno de Navarra se pueden presentar los recursos pertinentes a cada administraci\u00f3n .El <a href=\"https:\/\/www.pamplona.es\/escuelasinfantiles\/verDocumento\/verdocumento.aspx?idDoc=1425\" target=\"_blank\" rel=\"noopener\">plazo de matr\u00edcula<\/a> comprender\u00e1 desde hoy mismo hasta el 16 de junio de 2023, ambos inclusive.<br \/>\n<script async src=\"\/\/pagead2.googlesyndication.com\/pagead\/js\/adsbygoogle.js\"><\/script><br \/>\n<!-- Noticias La Guia de Pamplona --><br \/>\n<ins class=\"adsbygoogle\"\nstyle=\"display:block\"\ndata-ad-client=\"ca-pub-6943679897239327\"\ndata-ad-slot=\"7048180777\"\ndata-ad-format=\"auto\"><\/ins><br \/>\n<script>\n(adsbygoogle = window.adsbygoogle || []).push({});\n<\/script><\/p>\n<p>Para formalizar la matr\u00edcula es necesario aportar el n\u00famero de cuenta, una fotocopia de la Declaraci\u00f3n de la Renta de la unidad familiar de 2022 y, en su caso, la documentaci\u00f3n acreditativa de la variaci\u00f3n en el n\u00famero de miembros de la unidad familiar producida desde el 1 de enero de 2023 hasta 16 agosto de 2023.<\/p>\n<p>La red de escuelas infantiles p\u00fablicas de Pamplona, que incluye los centros del Ayuntamiento y del Gobierno de Navarra, recibi\u00f3 1.574 preinscripciones para el pr\u00f3ximo curso, un 86,5% de ellas para escuelas infantiles de titularidad municipal.<\/p>\n","protected":false},"excerpt":{"rendered":"<p>Han sido estimadas 349 de las 375 reclamaciones presentadas<\/p>\n","protected":false},"author":1,"featured_media":46729,"comment_status":"open","ping_status":"closed","sticky":false,"template":"","format":"standard","meta":{"footnotes":""},"categories":[2],"tags":[],"class_list":["post-47005","post","type-post","status-publish","format-standard","has-post-thumbnail","hentry","category-ayuntamiento-pamplona"],"yoast_head":"<!-- This site is optimized with the Yoast SEO plugin v27.3 - https:\/\/yoast.com\/product\/yoast-seo-wordpress\/ -->\n<title>Publicadas las listas definitivas de admisi\u00f3n de las escuelas infantiles p\u00fablicas de Pamplona<\/title>\n<meta name=\"description\" content=\"Han sido estimadas 349 de las 375 reclamaciones presentadas\" \/>\n<meta name=\"robots\" content=\"index, follow, max-snippet:-1, max-image-preview:large, max-video-preview:-1\" \/>\n<link rel=\"canonical\" href=\"https:\/\/www.laguiadepamplona.com\/actualidad\/publicadas-las-listas-definitivas-de-admision-de-las-escuelas-infantiles-publicas-de-pamplona\/\" \/>\n<meta property=\"og:locale\" content=\"es_ES\" \/>\n<meta property=\"og:type\" content=\"article\" \/>\n<meta property=\"og:title\" content=\"Publicadas las listas definitivas de admisi\u00f3n de las escuelas infantiles p\u00fablicas de Pamplona\" \/>\n<meta property=\"og:description\" content=\"Han sido estimadas 349 de las 375 reclamaciones presentadas\" \/>\n<meta property=\"og:url\" content=\"https:\/\/www.laguiadepamplona.com\/actualidad\/publicadas-las-listas-definitivas-de-admision-de-las-escuelas-infantiles-publicas-de-pamplona\/\" \/>\n<meta property=\"og:site_name\" content=\"La Gu\u00eda de Pamplona\" \/>\n<meta property=\"article:publisher\" content=\"https:\/\/www.facebook.com\/laguiadepamplonacom-133175176762273\/?ref=hl\" \/>\n<meta property=\"article:published_time\" content=\"2023-06-09T11:06:11+00:00\" \/>\n<meta property=\"og:image\" content=\"https:\/\/www.laguiadepamplona.com\/actualidad\/wp-content\/uploads\/2023\/05\/ESC_INFANTIL_MUNICIPAL_MEDILLORRI_EE5A2220_0.webp\" \/>\n\t<meta property=\"og:image:width\" content=\"1920\" \/>\n\t<meta property=\"og:image:height\" content=\"1280\" \/>\n\t<meta property=\"og:image:type\" content=\"image\/webp\" \/>\n<meta name=\"author\" content=\"La Gu\u00eda de Pamplona\" \/>\n<meta name=\"twitter:card\" content=\"summary_large_image\" \/>\n<meta name=\"twitter:creator\" content=\"@LaGuiadPamplona\" \/>\n<meta name=\"twitter:site\" content=\"@LaGuiadPamplona\" \/>\n<meta name=\"twitter:label1\" content=\"Escrito por\" \/>\n\t<meta name=\"twitter:data1\" content=\"La Gu\u00eda de Pamplona\" \/>\n\t<meta name=\"twitter:label2\" content=\"Tiempo de lectura\" \/>\n\t<meta name=\"twitter:data2\" content=\"2 minutos\" \/>\n<script type=\"application\/ld+json\" class=\"yoast-schema-graph\">{\"@context\":\"https:\\\/\\\/schema.org\",\"@graph\":[{\"@type\":\"Article\",\"@id\":\"https:\\\/\\\/www.laguiadepamplona.com\\\/actualidad\\\/publicadas-las-listas-definitivas-de-admision-de-las-escuelas-infantiles-publicas-de-pamplona\\\/#article\",\"isPartOf\":{\"@id\":\"https:\\\/\\\/www.laguiadepamplona.com\\\/actualidad\\\/publicadas-las-listas-definitivas-de-admision-de-las-escuelas-infantiles-publicas-de-pamplona\\\/\"},\"author\":{\"name\":\"La Gu\u00eda de Pamplona\",\"@id\":\"https:\\\/\\\/www.laguiadepamplona.com\\\/actualidad\\\/#\\\/schema\\\/person\\\/efe887376f0213d4657c93adc50b1fdb\"},\"headline\":\"Publicadas las listas definitivas de admisi\u00f3n de las escuelas infantiles p\u00fablicas de Pamplona\",\"datePublished\":\"2023-06-09T11:06:11+00:00\",\"mainEntityOfPage\":{\"@id\":\"https:\\\/\\\/www.laguiadepamplona.com\\\/actualidad\\\/publicadas-las-listas-definitivas-de-admision-de-las-escuelas-infantiles-publicas-de-pamplona\\\/\"},\"wordCount\":282,\"commentCount\":0,\"publisher\":{\"@id\":\"https:\\\/\\\/www.laguiadepamplona.com\\\/actualidad\\\/#organization\"},\"image\":{\"@id\":\"https:\\\/\\\/www.laguiadepamplona.com\\\/actualidad\\\/publicadas-las-listas-definitivas-de-admision-de-las-escuelas-infantiles-publicas-de-pamplona\\\/#primaryimage\"},\"thumbnailUrl\":\"https:\\\/\\\/www.laguiadepamplona.com\\\/actualidad\\\/wp-content\\\/uploads\\\/2023\\\/05\\\/ESC_INFANTIL_MUNICIPAL_MEDILLORRI_EE5A2220_0.webp\",\"articleSection\":[\"Ayto Pamplona\"],\"inLanguage\":\"es\",\"potentialAction\":[{\"@type\":\"CommentAction\",\"name\":\"Comment\",\"target\":[\"https:\\\/\\\/www.laguiadepamplona.com\\\/actualidad\\\/publicadas-las-listas-definitivas-de-admision-de-las-escuelas-infantiles-publicas-de-pamplona\\\/#respond\"]}]},{\"@type\":\"WebPage\",\"@id\":\"https:\\\/\\\/www.laguiadepamplona.com\\\/actualidad\\\/publicadas-las-listas-definitivas-de-admision-de-las-escuelas-infantiles-publicas-de-pamplona\\\/\",\"url\":\"https:\\\/\\\/www.laguiadepamplona.com\\\/actualidad\\\/publicadas-las-listas-definitivas-de-admision-de-las-escuelas-infantiles-publicas-de-pamplona\\\/\",\"name\":\"Publicadas las listas definitivas de admisi\u00f3n de las escuelas infantiles p\u00fablicas de Pamplona\",\"isPartOf\":{\"@id\":\"https:\\\/\\\/www.laguiadepamplona.com\\\/actualidad\\\/#website\"},\"primaryImageOfPage\":{\"@id\":\"https:\\\/\\\/www.laguiadepamplona.com\\\/actualidad\\\/publicadas-las-listas-definitivas-de-admision-de-las-escuelas-infantiles-publicas-de-pamplona\\\/#primaryimage\"},\"image\":{\"@id\":\"https:\\\/\\\/www.laguiadepamplona.com\\\/actualidad\\\/publicadas-las-listas-definitivas-de-admision-de-las-escuelas-infantiles-publicas-de-pamplona\\\/#primaryimage\"},\"thumbnailUrl\":\"https:\\\/\\\/www.laguiadepamplona.com\\\/actualidad\\\/wp-content\\\/uploads\\\/2023\\\/05\\\/ESC_INFANTIL_MUNICIPAL_MEDILLORRI_EE5A2220_0.webp\",\"datePublished\":\"2023-06-09T11:06:11+00:00\",\"description\":\"Han sido estimadas 349 de las 375 reclamaciones presentadas\",\"breadcrumb\":{\"@id\":\"https:\\\/\\\/www.laguiadepamplona.com\\\/actualidad\\\/publicadas-las-listas-definitivas-de-admision-de-las-escuelas-infantiles-publicas-de-pamplona\\\/#breadcrumb\"},\"inLanguage\":\"es\",\"potentialAction\":[{\"@type\":\"ReadAction\",\"target\":[\"https:\\\/\\\/www.laguiadepamplona.com\\\/actualidad\\\/publicadas-las-listas-definitivas-de-admision-de-las-escuelas-infantiles-publicas-de-pamplona\\\/\"]}]},{\"@type\":\"ImageObject\",\"inLanguage\":\"es\",\"@id\":\"https:\\\/\\\/www.laguiadepamplona.com\\\/actualidad\\\/publicadas-las-listas-definitivas-de-admision-de-las-escuelas-infantiles-publicas-de-pamplona\\\/#primaryimage\",\"url\":\"https:\\\/\\\/www.laguiadepamplona.com\\\/actualidad\\\/wp-content\\\/uploads\\\/2023\\\/05\\\/ESC_INFANTIL_MUNICIPAL_MEDILLORRI_EE5A2220_0.webp\",\"contentUrl\":\"https:\\\/\\\/www.laguiadepamplona.com\\\/actualidad\\\/wp-content\\\/uploads\\\/2023\\\/05\\\/ESC_INFANTIL_MUNICIPAL_MEDILLORRI_EE5A2220_0.webp\",\"width\":1920,\"height\":1280,\"caption\":\"escuelas infantiles\"},{\"@type\":\"BreadcrumbList\",\"@id\":\"https:\\\/\\\/www.laguiadepamplona.com\\\/actualidad\\\/publicadas-las-listas-definitivas-de-admision-de-las-escuelas-infantiles-publicas-de-pamplona\\\/#breadcrumb\",\"itemListElement\":[{\"@type\":\"ListItem\",\"position\":1,\"name\":\"Portada\",\"item\":\"https:\\\/\\\/www.laguiadepamplona.com\\\/actualidad\\\/\"},{\"@type\":\"ListItem\",\"position\":2,\"name\":\"Publicadas las listas definitivas de admisi\u00f3n de las escuelas infantiles p\u00fablicas de Pamplona\"}]},{\"@type\":\"WebSite\",\"@id\":\"https:\\\/\\\/www.laguiadepamplona.com\\\/actualidad\\\/#website\",\"url\":\"https:\\\/\\\/www.laguiadepamplona.com\\\/actualidad\\\/\",\"name\":\"La gu\u00eda de Pamplona\",\"description\":\"Noticias de Pamplona\",\"publisher\":{\"@id\":\"https:\\\/\\\/www.laguiadepamplona.com\\\/actualidad\\\/#organization\"},\"potentialAction\":[{\"@type\":\"SearchAction\",\"target\":{\"@type\":\"EntryPoint\",\"urlTemplate\":\"https:\\\/\\\/www.laguiadepamplona.com\\\/actualidad\\\/?s={search_term_string}\"},\"query-input\":{\"@type\":\"PropertyValueSpecification\",\"valueRequired\":true,\"valueName\":\"search_term_string\"}}],\"inLanguage\":\"es\"},{\"@type\":\"Organization\",\"@id\":\"https:\\\/\\\/www.laguiadepamplona.com\\\/actualidad\\\/#organization\",\"name\":\"La Gu\u00eda de Pamplona \\\/ Noticias\",\"url\":\"https:\\\/\\\/www.laguiadepamplona.com\\\/actualidad\\\/\",\"logo\":{\"@type\":\"ImageObject\",\"inLanguage\":\"es\",\"@id\":\"https:\\\/\\\/www.laguiadepamplona.com\\\/actualidad\\\/#\\\/schema\\\/logo\\\/image\\\/\",\"url\":\"https:\\\/\\\/www.laguiadepamplona.com\\\/actualidad\\\/wp-content\\\/uploads\\\/2018\\\/11\\\/logo-laguiadepamplona18-web1.png\",\"contentUrl\":\"https:\\\/\\\/www.laguiadepamplona.com\\\/actualidad\\\/wp-content\\\/uploads\\\/2018\\\/11\\\/logo-laguiadepamplona18-web1.png\",\"width\":600,\"height\":196,\"caption\":\"La Gu\u00eda de Pamplona \\\/ Noticias\"},\"image\":{\"@id\":\"https:\\\/\\\/www.laguiadepamplona.com\\\/actualidad\\\/#\\\/schema\\\/logo\\\/image\\\/\"},\"sameAs\":[\"https:\\\/\\\/www.facebook.com\\\/laguiadepamplonacom-133175176762273\\\/?ref=hl\",\"https:\\\/\\\/x.com\\\/LaGuiadPamplona\",\"https:\\\/\\\/www.instagram.com\\\/la_guia_de_pamplona\\\/\",\"https:\\\/\\\/www.youtube.com\\\/user\\\/laguiadepamplona\"]},{\"@type\":\"Person\",\"@id\":\"https:\\\/\\\/www.laguiadepamplona.com\\\/actualidad\\\/#\\\/schema\\\/person\\\/efe887376f0213d4657c93adc50b1fdb\",\"name\":\"La Gu\u00eda de Pamplona\",\"image\":{\"@type\":\"ImageObject\",\"inLanguage\":\"es\",\"@id\":\"https:\\\/\\\/secure.gravatar.com\\\/avatar\\\/b6992f131dc8d30ab0dff15446e9d346d9dbd95992de0fef795073f5ea83a81c?s=96&d=mm&r=g\",\"url\":\"https:\\\/\\\/secure.gravatar.com\\\/avatar\\\/b6992f131dc8d30ab0dff15446e9d346d9dbd95992de0fef795073f5ea83a81c?s=96&d=mm&r=g\",\"contentUrl\":\"https:\\\/\\\/secure.gravatar.com\\\/avatar\\\/b6992f131dc8d30ab0dff15446e9d346d9dbd95992de0fef795073f5ea83a81c?s=96&d=mm&r=g\",\"caption\":\"La Gu\u00eda de Pamplona\"}}]}<\/script>\n<!-- \/ Yoast SEO plugin. -->","yoast_head_json":{"title":"Publicadas las listas definitivas de admisi\u00f3n de las escuelas infantiles p\u00fablicas de Pamplona","description":"Han sido estimadas 349 de las 375 reclamaciones presentadas","robots":{"index":"index","follow":"follow","max-snippet":"max-snippet:-1","max-image-preview":"max-image-preview:large","max-video-preview":"max-video-preview:-1"},"canonical":"https:\/\/www.laguiadepamplona.com\/actualidad\/publicadas-las-listas-definitivas-de-admision-de-las-escuelas-infantiles-publicas-de-pamplona\/","og_locale":"es_ES","og_type":"article","og_title":"Publicadas las listas definitivas de admisi\u00f3n de las escuelas infantiles p\u00fablicas de Pamplona","og_description":"Han sido estimadas 349 de las 375 reclamaciones presentadas","og_url":"https:\/\/www.laguiadepamplona.com\/actualidad\/publicadas-las-listas-definitivas-de-admision-de-las-escuelas-infantiles-publicas-de-pamplona\/","og_site_name":"La Gu\u00eda de Pamplona","article_publisher":"https:\/\/www.facebook.com\/laguiadepamplonacom-133175176762273\/?ref=hl","article_published_time":"2023-06-09T11:06:11+00:00","og_image":[{"width":1920,"height":1280,"url":"https:\/\/www.laguiadepamplona.com\/actualidad\/wp-content\/uploads\/2023\/05\/ESC_INFANTIL_MUNICIPAL_MEDILLORRI_EE5A2220_0.webp","type":"image\/webp"}],"author":"La Gu\u00eda de Pamplona","twitter_card":"summary_large_image","twitter_creator":"@LaGuiadPamplona","twitter_site":"@LaGuiadPamplona","twitter_misc":{"Escrito por":"La Gu\u00eda de Pamplona","Tiempo de lectura":"2 minutos"},"schema":{"@context":"https:\/\/schema.org","@graph":[{"@type":"Article","@id":"https:\/\/www.laguiadepamplona.com\/actualidad\/publicadas-las-listas-definitivas-de-admision-de-las-escuelas-infantiles-publicas-de-pamplona\/#article","isPartOf":{"@id":"https:\/\/www.laguiadepamplona.com\/actualidad\/publicadas-las-listas-definitivas-de-admision-de-las-escuelas-infantiles-publicas-de-pamplona\/"},"author":{"name":"La Gu\u00eda de Pamplona","@id":"https:\/\/www.laguiadepamplona.com\/actualidad\/#\/schema\/person\/efe887376f0213d4657c93adc50b1fdb"},"headline":"Publicadas las listas definitivas de admisi\u00f3n de las escuelas infantiles p\u00fablicas de Pamplona","datePublished":"2023-06-09T11:06:11+00:00","mainEntityOfPage":{"@id":"https:\/\/www.laguiadepamplona.com\/actualidad\/publicadas-las-listas-definitivas-de-admision-de-las-escuelas-infantiles-publicas-de-pamplona\/"},"wordCount":282,"commentCount":0,"publisher":{"@id":"https:\/\/www.laguiadepamplona.com\/actualidad\/#organization"},"image":{"@id":"https:\/\/www.laguiadepamplona.com\/actualidad\/publicadas-las-listas-definitivas-de-admision-de-las-escuelas-infantiles-publicas-de-pamplona\/#primaryimage"},"thumbnailUrl":"https:\/\/www.laguiadepamplona.com\/actualidad\/wp-content\/uploads\/2023\/05\/ESC_INFANTIL_MUNICIPAL_MEDILLORRI_EE5A2220_0.webp","articleSection":["Ayto Pamplona"],"inLanguage":"es","potentialAction":[{"@type":"CommentAction","name":"Comment","target":["https:\/\/www.laguiadepamplona.com\/actualidad\/publicadas-las-listas-definitivas-de-admision-de-las-escuelas-infantiles-publicas-de-pamplona\/#respond"]}]},{"@type":"WebPage","@id":"https:\/\/www.laguiadepamplona.com\/actualidad\/publicadas-las-listas-definitivas-de-admision-de-las-escuelas-infantiles-publicas-de-pamplona\/","url":"https:\/\/www.laguiadepamplona.com\/actualidad\/publicadas-las-listas-definitivas-de-admision-de-las-escuelas-infantiles-publicas-de-pamplona\/","name":"Publicadas las listas definitivas de admisi\u00f3n de las escuelas infantiles p\u00fablicas de Pamplona","isPartOf":{"@id":"https:\/\/www.laguiadepamplona.com\/actualidad\/#website"},"primaryImageOfPage":{"@id":"https:\/\/www.laguiadepamplona.com\/actualidad\/publicadas-las-listas-definitivas-de-admision-de-las-escuelas-infantiles-publicas-de-pamplona\/#primaryimage"},"image":{"@id":"https:\/\/www.laguiadepamplona.com\/actualidad\/publicadas-las-listas-definitivas-de-admision-de-las-escuelas-infantiles-publicas-de-pamplona\/#primaryimage"},"thumbnailUrl":"https:\/\/www.laguiadepamplona.com\/actualidad\/wp-content\/uploads\/2023\/05\/ESC_INFANTIL_MUNICIPAL_MEDILLORRI_EE5A2220_0.webp","datePublished":"2023-06-09T11:06:11+00:00","description":"Han sido estimadas 349 de las 375 reclamaciones presentadas","breadcrumb":{"@id":"https:\/\/www.laguiadepamplona.com\/actualidad\/publicadas-las-listas-definitivas-de-admision-de-las-escuelas-infantiles-publicas-de-pamplona\/#breadcrumb"},"inLanguage":"es","potentialAction":[{"@type":"ReadAction","target":["https:\/\/www.laguiadepamplona.com\/actualidad\/publicadas-las-listas-definitivas-de-admision-de-las-escuelas-infantiles-publicas-de-pamplona\/"]}]},{"@type":"ImageObject","inLanguage":"es","@id":"https:\/\/www.laguiadepamplona.com\/actualidad\/publicadas-las-listas-definitivas-de-admision-de-las-escuelas-infantiles-publicas-de-pamplona\/#primaryimage","url":"https:\/\/www.laguiadepamplona.com\/actualidad\/wp-content\/uploads\/2023\/05\/ESC_INFANTIL_MUNICIPAL_MEDILLORRI_EE5A2220_0.webp","contentUrl":"https:\/\/www.laguiadepamplona.com\/actualidad\/wp-content\/uploads\/2023\/05\/ESC_INFANTIL_MUNICIPAL_MEDILLORRI_EE5A2220_0.webp","width":1920,"height":1280,"caption":"escuelas infantiles"},{"@type":"BreadcrumbList","@id":"https:\/\/www.laguiadepamplona.com\/actualidad\/publicadas-las-listas-definitivas-de-admision-de-las-escuelas-infantiles-publicas-de-pamplona\/#breadcrumb","itemListElement":[{"@type":"ListItem","position":1,"name":"Portada","item":"https:\/\/www.laguiadepamplona.com\/actualidad\/"},{"@type":"ListItem","position":2,"name":"Publicadas las listas definitivas de admisi\u00f3n de las escuelas infantiles p\u00fablicas de Pamplona"}]},{"@type":"WebSite","@id":"https:\/\/www.laguiadepamplona.com\/actualidad\/#website","url":"https:\/\/www.laguiadepamplona.com\/actualidad\/","name":"La gu\u00eda de Pamplona","description":"Noticias de Pamplona","publisher":{"@id":"https:\/\/www.laguiadepamplona.com\/actualidad\/#organization"},"potentialAction":[{"@type":"SearchAction","target":{"@type":"EntryPoint","urlTemplate":"https:\/\/www.laguiadepamplona.com\/actualidad\/?s={search_term_string}"},"query-input":{"@type":"PropertyValueSpecification","valueRequired":true,"valueName":"search_term_string"}}],"inLanguage":"es"},{"@type":"Organization","@id":"https:\/\/www.laguiadepamplona.com\/actualidad\/#organization","name":"La Gu\u00eda de Pamplona \/ Noticias","url":"https:\/\/www.laguiadepamplona.com\/actualidad\/","logo":{"@type":"ImageObject","inLanguage":"es","@id":"https:\/\/www.laguiadepamplona.com\/actualidad\/#\/schema\/logo\/image\/","url":"https:\/\/www.laguiadepamplona.com\/actualidad\/wp-content\/uploads\/2018\/11\/logo-laguiadepamplona18-web1.png","contentUrl":"https:\/\/www.laguiadepamplona.com\/actualidad\/wp-content\/uploads\/2018\/11\/logo-laguiadepamplona18-web1.png","width":600,"height":196,"caption":"La Gu\u00eda de Pamplona \/ Noticias"},"image":{"@id":"https:\/\/www.laguiadepamplona.com\/actualidad\/#\/schema\/logo\/image\/"},"sameAs":["https:\/\/www.facebook.com\/laguiadepamplonacom-133175176762273\/?ref=hl","https:\/\/x.com\/LaGuiadPamplona","https:\/\/www.instagram.com\/la_guia_de_pamplona\/","https:\/\/www.youtube.com\/user\/laguiadepamplona"]},{"@type":"Person","@id":"https:\/\/www.laguiadepamplona.com\/actualidad\/#\/schema\/person\/efe887376f0213d4657c93adc50b1fdb","name":"La Gu\u00eda de Pamplona","image":{"@type":"ImageObject","inLanguage":"es","@id":"https:\/\/secure.gravatar.com\/avatar\/b6992f131dc8d30ab0dff15446e9d346d9dbd95992de0fef795073f5ea83a81c?s=96&d=mm&r=g","url":"https:\/\/secure.gravatar.com\/avatar\/b6992f131dc8d30ab0dff15446e9d346d9dbd95992de0fef795073f5ea83a81c?s=96&d=mm&r=g","contentUrl":"https:\/\/secure.gravatar.com\/avatar\/b6992f131dc8d30ab0dff15446e9d346d9dbd95992de0fef795073f5ea83a81c?s=96&d=mm&r=g","caption":"La Gu\u00eda de Pamplona"}}]}},"post_mailing_queue_ids":[],"_links":{"self":[{"href":"https:\/\/www.laguiadepamplona.com\/actualidad\/wp-json\/wp\/v2\/posts\/47005","targetHints":{"allow":["GET"]}}],"collection":[{"href":"https:\/\/www.laguiadepamplona.com\/actualidad\/wp-json\/wp\/v2\/posts"}],"about":[{"href":"https:\/\/www.laguiadepamplona.com\/actualidad\/wp-json\/wp\/v2\/types\/post"}],"author":[{"embeddable":true,"href":"https:\/\/www.laguiadepamplona.com\/actualidad\/wp-json\/wp\/v2\/users\/1"}],"replies":[{"embeddable":true,"href":"https:\/\/www.laguiadepamplona.com\/actualidad\/wp-json\/wp\/v2\/comments?post=47005"}],"version-history":[{"count":1,"href":"https:\/\/www.laguiadepamplona.com\/actualidad\/wp-json\/wp\/v2\/posts\/47005\/revisions"}],"predecessor-version":[{"id":47006,"href":"https:\/\/www.laguiadepamplona.com\/actualidad\/wp-json\/wp\/v2\/posts\/47005\/revisions\/47006"}],"wp:featuredmedia":[{"embeddable":true,"href":"https:\/\/www.laguiadepamplona.com\/actualidad\/wp-json\/wp\/v2\/media\/46729"}],"wp:attachment":[{"href":"https:\/\/www.laguiadepamplona.com\/actualidad\/wp-json\/wp\/v2\/media?parent=47005"}],"wp:term":[{"taxonomy":"category","embeddable":true,"href":"https:\/\/www.laguiadepamplona.com\/actualidad\/wp-json\/wp\/v2\/categories?post=47005"},{"taxonomy":"post_tag","embeddable":true,"href":"https:\/\/www.laguiadepamplona.com\/actualidad\/wp-json\/wp\/v2\/tags?post=47005"}],"curies":[{"name":"wp","href":"https:\/\/api.w.org\/{rel}","templated":true}]}}