{"id":47002,"date":"2023-06-09T12:41:57","date_gmt":"2023-06-09T10:41:57","guid":{"rendered":"https:\/\/www.laguiadepamplona.com\/actualidad\/?p=47002"},"modified":"2023-06-09T12:41:57","modified_gmt":"2023-06-09T10:41:57","slug":"este-martes-13-de-junio-comienza-el-plazo-de-inscripcion-a-los-cursos-y-talleres-anuales-y-trimestrales-de-la-escuela-municipal-de-arte-catalina-de-oscariz","status":"publish","type":"post","link":"https:\/\/www.laguiadepamplona.com\/actualidad\/este-martes-13-de-junio-comienza-el-plazo-de-inscripcion-a-los-cursos-y-talleres-anuales-y-trimestrales-de-la-escuela-municipal-de-arte-catalina-de-oscariz\/","title":{"rendered":"Este martes 13 de junio comienza el plazo de inscripci\u00f3n a los cursos y talleres anuales y trimestrales de la Escuela municipal de Arte Catalina de Osc\u00e1riz"},"content":{"rendered":"<h3>Las actividades tienen distintos precios, extensiones y horarios, pero todas ellas comenzar\u00e1n en el mes de septiembre<\/h3>\n<p><!--more--><\/p>\n<p>Este pr\u00f3ximo 13 de junio se abren inscripciones para el nuevo curso en la Escuela municipal de Arte Catalina de Osc\u00e1riz. Hasta el 30 de junio se podr\u00e1 solicitar plazas por tel\u00e9fono a trav\u00e9s del Servicio de Atenci\u00f3n Ciudadana 010 \/ 948 420100. <a href=\"https:\/\/www.pamplona.es\/escueladearte\" target=\"_blank\" rel=\"noopener\">La oferta<\/a> consiste en cuatro cursos monogr\u00e1ficos, un taller de perfeccionamiento y otro de proyectos personales que se desarrollar\u00e1n en curso completo de septiembre a junio, as\u00ed como dos talleres trimestrales (septiembre-diciembre).<br \/>\n<script async src=\"\/\/pagead2.googlesyndication.com\/pagead\/js\/adsbygoogle.js\"><\/script><br \/>\n<!-- Noticias La Guia de Pamplona --><br \/>\n<ins class=\"adsbygoogle\"\nstyle=\"display:block\"\ndata-ad-client=\"ca-pub-6943679897239327\"\ndata-ad-slot=\"7048180777\"\ndata-ad-format=\"auto\"><\/ins><br \/>\n<script>\n(adsbygoogle = window.adsbygoogle || []).push({});\n<\/script><\/p>\n<p>En total, la escuela municipal ofrece <a href=\"https:\/\/www.youtube.com\/watch?v=REMdQDBstRk&amp;t=17s\" target=\"_blank\" rel=\"noopener\">200 plazas en ense\u00f1anzas no regladas<\/a> en torno a estudios cl\u00e1sicos de dibujo y pintura. Las personas solicitantes tienen que haber cumplido los 16 a\u00f1os. Las actividades comenzar\u00e1n entre el 18 y el 22 de septiembre, seg\u00fan la modalidad escogida, que tambi\u00e9n est\u00e1 en relaci\u00f3n al precio del curso o taller que puede oscilar entre los 48,55 y los 145,70 euros que se podr\u00e1 pagar con tarjeta de cr\u00e9dito en la misma llamada, en los casos en los que no se deban sortear plazas, o mediante ingreso en cuenta. El profesorado de la escuela se compone de una profesora de Dibujo, una profesora de Pintura y un profesor de Talleres.<\/p>\n<p>En el caso de que haya m\u00e1s solicitudes que plazas disponibles en los cursos y talleres ofertados, se realizar\u00e1 un sorteo y las personas agraciadas recibir\u00e1n la comunicaci\u00f3n por SMS el tres de julio. A partir de ah\u00ed se iniciar\u00e1 el periodo de formalizaci\u00f3n de matr\u00edcula de 4 al 27 de julio. Como las oficinas municipales permanecer\u00e1n cerradas los d\u00edas de San Ferm\u00edn, las personas que tengan derecho a alg\u00fan descuento o que deban que entregar justificantes de pago, tendr\u00e1n que realizarla los d\u00edas 4 y 5 de julio y del 17 de julio al 27 de julio. Los justificantes de pago tambi\u00e9n podr\u00e1n entregarse por correo electr\u00f3nico en el mail <a href=\"mailto:educacionpamplona@pamplona.es\">educacionpamplona@pamplona.es<\/a>.<\/p>\n<p>La Escuela Municipal de Artes y Oficios Catalina de Osc\u00e1riz est\u00e1 situada en el antiguo colegio Jos\u00e9 Vila Marqu\u00e9s. El nombre de la escuela rinde un homenaje a Catalina de Osc\u00e1riz, una pintora pamplonesa del segundo tercio del siglo XVI que formaba parte del reducid\u00edsimo grupo de pintoras renacentistas del que ha quedado constancia, en este caso, por el hallazgo de documentaci\u00f3n sobre un pleito sostenido por la pintora con la viuda de su hermano por la herencia del taller familiar.<br \/>\n<script async src=\"\/\/pagead2.googlesyndication.com\/pagead\/js\/adsbygoogle.js\"><\/script><br \/>\n<!-- Noticias La Guia de Pamplona --><br \/>\n<ins class=\"adsbygoogle\"\nstyle=\"display:block\"\ndata-ad-client=\"ca-pub-6943679897239327\"\ndata-ad-slot=\"7048180777\"\ndata-ad-format=\"auto\"><\/ins><br \/>\n<script>\n(adsbygoogle = window.adsbygoogle || []).push({});\n<\/script><\/p>\n<p><strong>Novedades: Dibujo art\u00edstico y Taller de perfeccionamiento<\/strong><\/p>\n<p>La oferta de este a\u00f1o incluye plazas en los dos cursos de Pintura (20 plazas por curso) que ense\u00f1an a trabajar con \u00f3leo y acr\u00edlico en diferentes g\u00e9neros, y en los dos de Dibujo que se realizan al natural con t\u00e9cnicas secas. Es novedad en este \u00e1mbito es la modificaci\u00f3n de las horas lectivas del curso monogr\u00e1fico \u20181\u00ba de Dibujo art\u00edstico\u2019 para alumnado de nuevo ingreso, que por ello podr\u00e1 dos tandas completas, una en lunes y mi\u00e9rcoles y otra en martes y jueves, con 20 plazas cada una de ellas; el curso de 2\u00ba de Dibujo tendr\u00e1 tambi\u00e9n 20 plazas.<\/p>\n<p>En la propuesta de la escuela hay tambi\u00e9n dos talleres que se extender\u00e1n durante el curso. Por un lado, el nuevo contenido \u2018Taller de perfeccionamiento\u2019 (para alumnado que haya realizado los cuatro cursos monogr\u00e1ficos que ofrece la escuela, puesto que se trata de afianzar esos conocimientos) y, por otro el \u2018Taller de proyectos personales\u2019, en este \u00faltimo caso es requisito tener conocimientos previos de dibujo y pintura ya que en este espacio se pretende, mediante tutor\u00edas did\u00e1cticas, que cada creador vaya desarrollando sus ideas art\u00edsticas.<\/p>\n<p>Los talleres del primer trimestre del curso ser\u00e1n \u2018Retrato dibujado\u2019 (2 cursos) y \u2018T\u00e9cnicas pict\u00f3ricas al \u00f3leo\u2019 (2 cursos) y comenzar\u00e1n el 18 y el 19 de septiembre, respectivamente.<\/p>\n","protected":false},"excerpt":{"rendered":"<p>Las actividades tienen distintos precios, extensiones y horarios, pero todas ellas comenzar\u00e1n en el mes de septiembre<\/p>\n","protected":false},"author":1,"featured_media":47003,"comment_status":"open","ping_status":"closed","sticky":false,"template":"","format":"standard","meta":{"footnotes":""},"categories":[2],"tags":[],"class_list":["post-47002","post","type-post","status-publish","format-standard","has-post-thumbnail","hentry","category-ayuntamiento-pamplona"],"yoast_head":"<!-- This site is optimized with the Yoast SEO plugin v27.5 - https:\/\/yoast.com\/product\/yoast-seo-wordpress\/ -->\n<title>Este martes 13 de junio comienza el plazo de inscripci\u00f3n a los cursos y talleres anuales y trimestrales de la Escuela municipal de Arte Catalina de Osc\u00e1riz<\/title>\n<meta name=\"description\" content=\"Las actividades tienen distintos precios, extensiones y horarios, pero todas ellas comenzar\u00e1n en el mes de septiembre\" \/>\n<meta name=\"robots\" content=\"index, follow, max-snippet:-1, max-image-preview:large, max-video-preview:-1\" \/>\n<link rel=\"canonical\" href=\"https:\/\/www.laguiadepamplona.com\/actualidad\/este-martes-13-de-junio-comienza-el-plazo-de-inscripcion-a-los-cursos-y-talleres-anuales-y-trimestrales-de-la-escuela-municipal-de-arte-catalina-de-oscariz\/\" \/>\n<meta property=\"og:locale\" content=\"es_ES\" \/>\n<meta property=\"og:type\" content=\"article\" \/>\n<meta property=\"og:title\" content=\"Este martes 13 de junio comienza el plazo de inscripci\u00f3n a los cursos y talleres anuales y trimestrales de la Escuela municipal de Arte Catalina de Osc\u00e1riz\" \/>\n<meta property=\"og:description\" content=\"Las actividades tienen distintos precios, extensiones y horarios, pero todas ellas comenzar\u00e1n en el mes de septiembre\" \/>\n<meta property=\"og:url\" content=\"https:\/\/www.laguiadepamplona.com\/actualidad\/este-martes-13-de-junio-comienza-el-plazo-de-inscripcion-a-los-cursos-y-talleres-anuales-y-trimestrales-de-la-escuela-municipal-de-arte-catalina-de-oscariz\/\" \/>\n<meta property=\"og:site_name\" content=\"La Gu\u00eda de Pamplona\" \/>\n<meta property=\"article:publisher\" content=\"https:\/\/www.facebook.com\/laguiadepamplonacom-133175176762273\/?ref=hl\" \/>\n<meta property=\"article:published_time\" content=\"2023-06-09T10:41:57+00:00\" \/>\n<meta property=\"og:image\" content=\"https:\/\/www.laguiadepamplona.com\/actualidad\/wp-content\/uploads\/2023\/06\/JORNADAS-ABIERTAS-ESC-ARTE-CATALINA-DE-OSCARIZ_EE5A6783_0.webp\" \/>\n\t<meta property=\"og:image:width\" content=\"1920\" \/>\n\t<meta property=\"og:image:height\" content=\"1280\" \/>\n\t<meta property=\"og:image:type\" content=\"image\/webp\" \/>\n<meta name=\"author\" content=\"La Gu\u00eda de Pamplona\" \/>\n<meta name=\"twitter:card\" content=\"summary_large_image\" \/>\n<meta name=\"twitter:creator\" content=\"@LaGuiadPamplona\" \/>\n<meta name=\"twitter:site\" content=\"@LaGuiadPamplona\" \/>\n<meta name=\"twitter:label1\" content=\"Escrito por\" \/>\n\t<meta name=\"twitter:data1\" content=\"La Gu\u00eda de Pamplona\" \/>\n\t<meta name=\"twitter:label2\" content=\"Tiempo de lectura\" \/>\n\t<meta name=\"twitter:data2\" content=\"3 minutos\" \/>\n<script type=\"application\/ld+json\" class=\"yoast-schema-graph\">{\"@context\":\"https:\\\/\\\/schema.org\",\"@graph\":[{\"@type\":\"Article\",\"@id\":\"https:\\\/\\\/www.laguiadepamplona.com\\\/actualidad\\\/este-martes-13-de-junio-comienza-el-plazo-de-inscripcion-a-los-cursos-y-talleres-anuales-y-trimestrales-de-la-escuela-municipal-de-arte-catalina-de-oscariz\\\/#article\",\"isPartOf\":{\"@id\":\"https:\\\/\\\/www.laguiadepamplona.com\\\/actualidad\\\/este-martes-13-de-junio-comienza-el-plazo-de-inscripcion-a-los-cursos-y-talleres-anuales-y-trimestrales-de-la-escuela-municipal-de-arte-catalina-de-oscariz\\\/\"},\"author\":{\"name\":\"La Gu\u00eda de Pamplona\",\"@id\":\"https:\\\/\\\/www.laguiadepamplona.com\\\/actualidad\\\/#\\\/schema\\\/person\\\/efe887376f0213d4657c93adc50b1fdb\"},\"headline\":\"Este martes 13 de junio comienza el plazo de inscripci\u00f3n a los cursos y talleres anuales y trimestrales de la Escuela municipal de Arte Catalina de Osc\u00e1riz\",\"datePublished\":\"2023-06-09T10:41:57+00:00\",\"mainEntityOfPage\":{\"@id\":\"https:\\\/\\\/www.laguiadepamplona.com\\\/actualidad\\\/este-martes-13-de-junio-comienza-el-plazo-de-inscripcion-a-los-cursos-y-talleres-anuales-y-trimestrales-de-la-escuela-municipal-de-arte-catalina-de-oscariz\\\/\"},\"wordCount\":682,\"commentCount\":0,\"publisher\":{\"@id\":\"https:\\\/\\\/www.laguiadepamplona.com\\\/actualidad\\\/#organization\"},\"image\":{\"@id\":\"https:\\\/\\\/www.laguiadepamplona.com\\\/actualidad\\\/este-martes-13-de-junio-comienza-el-plazo-de-inscripcion-a-los-cursos-y-talleres-anuales-y-trimestrales-de-la-escuela-municipal-de-arte-catalina-de-oscariz\\\/#primaryimage\"},\"thumbnailUrl\":\"https:\\\/\\\/www.laguiadepamplona.com\\\/actualidad\\\/wp-content\\\/uploads\\\/2023\\\/06\\\/JORNADAS-ABIERTAS-ESC-ARTE-CATALINA-DE-OSCARIZ_EE5A6783_0.webp\",\"articleSection\":[\"Ayto Pamplona\"],\"inLanguage\":\"es\",\"potentialAction\":[{\"@type\":\"CommentAction\",\"name\":\"Comment\",\"target\":[\"https:\\\/\\\/www.laguiadepamplona.com\\\/actualidad\\\/este-martes-13-de-junio-comienza-el-plazo-de-inscripcion-a-los-cursos-y-talleres-anuales-y-trimestrales-de-la-escuela-municipal-de-arte-catalina-de-oscariz\\\/#respond\"]}]},{\"@type\":\"WebPage\",\"@id\":\"https:\\\/\\\/www.laguiadepamplona.com\\\/actualidad\\\/este-martes-13-de-junio-comienza-el-plazo-de-inscripcion-a-los-cursos-y-talleres-anuales-y-trimestrales-de-la-escuela-municipal-de-arte-catalina-de-oscariz\\\/\",\"url\":\"https:\\\/\\\/www.laguiadepamplona.com\\\/actualidad\\\/este-martes-13-de-junio-comienza-el-plazo-de-inscripcion-a-los-cursos-y-talleres-anuales-y-trimestrales-de-la-escuela-municipal-de-arte-catalina-de-oscariz\\\/\",\"name\":\"Este martes 13 de junio comienza el plazo de inscripci\u00f3n a los cursos y talleres anuales y trimestrales de la Escuela municipal de Arte Catalina de Osc\u00e1riz\",\"isPartOf\":{\"@id\":\"https:\\\/\\\/www.laguiadepamplona.com\\\/actualidad\\\/#website\"},\"primaryImageOfPage\":{\"@id\":\"https:\\\/\\\/www.laguiadepamplona.com\\\/actualidad\\\/este-martes-13-de-junio-comienza-el-plazo-de-inscripcion-a-los-cursos-y-talleres-anuales-y-trimestrales-de-la-escuela-municipal-de-arte-catalina-de-oscariz\\\/#primaryimage\"},\"image\":{\"@id\":\"https:\\\/\\\/www.laguiadepamplona.com\\\/actualidad\\\/este-martes-13-de-junio-comienza-el-plazo-de-inscripcion-a-los-cursos-y-talleres-anuales-y-trimestrales-de-la-escuela-municipal-de-arte-catalina-de-oscariz\\\/#primaryimage\"},\"thumbnailUrl\":\"https:\\\/\\\/www.laguiadepamplona.com\\\/actualidad\\\/wp-content\\\/uploads\\\/2023\\\/06\\\/JORNADAS-ABIERTAS-ESC-ARTE-CATALINA-DE-OSCARIZ_EE5A6783_0.webp\",\"datePublished\":\"2023-06-09T10:41:57+00:00\",\"description\":\"Las actividades tienen distintos precios, extensiones y horarios, pero todas ellas comenzar\u00e1n en el mes de septiembre\",\"breadcrumb\":{\"@id\":\"https:\\\/\\\/www.laguiadepamplona.com\\\/actualidad\\\/este-martes-13-de-junio-comienza-el-plazo-de-inscripcion-a-los-cursos-y-talleres-anuales-y-trimestrales-de-la-escuela-municipal-de-arte-catalina-de-oscariz\\\/#breadcrumb\"},\"inLanguage\":\"es\",\"potentialAction\":[{\"@type\":\"ReadAction\",\"target\":[\"https:\\\/\\\/www.laguiadepamplona.com\\\/actualidad\\\/este-martes-13-de-junio-comienza-el-plazo-de-inscripcion-a-los-cursos-y-talleres-anuales-y-trimestrales-de-la-escuela-municipal-de-arte-catalina-de-oscariz\\\/\"]}]},{\"@type\":\"ImageObject\",\"inLanguage\":\"es\",\"@id\":\"https:\\\/\\\/www.laguiadepamplona.com\\\/actualidad\\\/este-martes-13-de-junio-comienza-el-plazo-de-inscripcion-a-los-cursos-y-talleres-anuales-y-trimestrales-de-la-escuela-municipal-de-arte-catalina-de-oscariz\\\/#primaryimage\",\"url\":\"https:\\\/\\\/www.laguiadepamplona.com\\\/actualidad\\\/wp-content\\\/uploads\\\/2023\\\/06\\\/JORNADAS-ABIERTAS-ESC-ARTE-CATALINA-DE-OSCARIZ_EE5A6783_0.webp\",\"contentUrl\":\"https:\\\/\\\/www.laguiadepamplona.com\\\/actualidad\\\/wp-content\\\/uploads\\\/2023\\\/06\\\/JORNADAS-ABIERTAS-ESC-ARTE-CATALINA-DE-OSCARIZ_EE5A6783_0.webp\",\"width\":1920,\"height\":1280},{\"@type\":\"BreadcrumbList\",\"@id\":\"https:\\\/\\\/www.laguiadepamplona.com\\\/actualidad\\\/este-martes-13-de-junio-comienza-el-plazo-de-inscripcion-a-los-cursos-y-talleres-anuales-y-trimestrales-de-la-escuela-municipal-de-arte-catalina-de-oscariz\\\/#breadcrumb\",\"itemListElement\":[{\"@type\":\"ListItem\",\"position\":1,\"name\":\"Portada\",\"item\":\"https:\\\/\\\/www.laguiadepamplona.com\\\/actualidad\\\/\"},{\"@type\":\"ListItem\",\"position\":2,\"name\":\"Este martes 13 de junio comienza el plazo de inscripci\u00f3n a los cursos y talleres anuales y trimestrales de la Escuela municipal de Arte Catalina de Osc\u00e1riz\"}]},{\"@type\":\"WebSite\",\"@id\":\"https:\\\/\\\/www.laguiadepamplona.com\\\/actualidad\\\/#website\",\"url\":\"https:\\\/\\\/www.laguiadepamplona.com\\\/actualidad\\\/\",\"name\":\"La gu\u00eda de Pamplona\",\"description\":\"Noticias de Pamplona\",\"publisher\":{\"@id\":\"https:\\\/\\\/www.laguiadepamplona.com\\\/actualidad\\\/#organization\"},\"potentialAction\":[{\"@type\":\"SearchAction\",\"target\":{\"@type\":\"EntryPoint\",\"urlTemplate\":\"https:\\\/\\\/www.laguiadepamplona.com\\\/actualidad\\\/?s={search_term_string}\"},\"query-input\":{\"@type\":\"PropertyValueSpecification\",\"valueRequired\":true,\"valueName\":\"search_term_string\"}}],\"inLanguage\":\"es\"},{\"@type\":\"Organization\",\"@id\":\"https:\\\/\\\/www.laguiadepamplona.com\\\/actualidad\\\/#organization\",\"name\":\"La Gu\u00eda de Pamplona \\\/ Noticias\",\"url\":\"https:\\\/\\\/www.laguiadepamplona.com\\\/actualidad\\\/\",\"logo\":{\"@type\":\"ImageObject\",\"inLanguage\":\"es\",\"@id\":\"https:\\\/\\\/www.laguiadepamplona.com\\\/actualidad\\\/#\\\/schema\\\/logo\\\/image\\\/\",\"url\":\"https:\\\/\\\/www.laguiadepamplona.com\\\/actualidad\\\/wp-content\\\/uploads\\\/2018\\\/11\\\/logo-laguiadepamplona18-web1.png\",\"contentUrl\":\"https:\\\/\\\/www.laguiadepamplona.com\\\/actualidad\\\/wp-content\\\/uploads\\\/2018\\\/11\\\/logo-laguiadepamplona18-web1.png\",\"width\":600,\"height\":196,\"caption\":\"La Gu\u00eda de Pamplona \\\/ Noticias\"},\"image\":{\"@id\":\"https:\\\/\\\/www.laguiadepamplona.com\\\/actualidad\\\/#\\\/schema\\\/logo\\\/image\\\/\"},\"sameAs\":[\"https:\\\/\\\/www.facebook.com\\\/laguiadepamplonacom-133175176762273\\\/?ref=hl\",\"https:\\\/\\\/x.com\\\/LaGuiadPamplona\",\"https:\\\/\\\/www.instagram.com\\\/la_guia_de_pamplona\\\/\",\"https:\\\/\\\/www.youtube.com\\\/user\\\/laguiadepamplona\"]},{\"@type\":\"Person\",\"@id\":\"https:\\\/\\\/www.laguiadepamplona.com\\\/actualidad\\\/#\\\/schema\\\/person\\\/efe887376f0213d4657c93adc50b1fdb\",\"name\":\"La Gu\u00eda de Pamplona\",\"image\":{\"@type\":\"ImageObject\",\"inLanguage\":\"es\",\"@id\":\"https:\\\/\\\/secure.gravatar.com\\\/avatar\\\/b6992f131dc8d30ab0dff15446e9d346d9dbd95992de0fef795073f5ea83a81c?s=96&d=mm&r=g\",\"url\":\"https:\\\/\\\/secure.gravatar.com\\\/avatar\\\/b6992f131dc8d30ab0dff15446e9d346d9dbd95992de0fef795073f5ea83a81c?s=96&d=mm&r=g\",\"contentUrl\":\"https:\\\/\\\/secure.gravatar.com\\\/avatar\\\/b6992f131dc8d30ab0dff15446e9d346d9dbd95992de0fef795073f5ea83a81c?s=96&d=mm&r=g\",\"caption\":\"La Gu\u00eda de Pamplona\"}}]}<\/script>\n<!-- \/ Yoast SEO plugin. -->","yoast_head_json":{"title":"Este martes 13 de junio comienza el plazo de inscripci\u00f3n a los cursos y talleres anuales y trimestrales de la Escuela municipal de Arte Catalina de Osc\u00e1riz","description":"Las actividades tienen distintos precios, extensiones y horarios, pero todas ellas comenzar\u00e1n en el mes de septiembre","robots":{"index":"index","follow":"follow","max-snippet":"max-snippet:-1","max-image-preview":"max-image-preview:large","max-video-preview":"max-video-preview:-1"},"canonical":"https:\/\/www.laguiadepamplona.com\/actualidad\/este-martes-13-de-junio-comienza-el-plazo-de-inscripcion-a-los-cursos-y-talleres-anuales-y-trimestrales-de-la-escuela-municipal-de-arte-catalina-de-oscariz\/","og_locale":"es_ES","og_type":"article","og_title":"Este martes 13 de junio comienza el plazo de inscripci\u00f3n a los cursos y talleres anuales y trimestrales de la Escuela municipal de Arte Catalina de Osc\u00e1riz","og_description":"Las actividades tienen distintos precios, extensiones y horarios, pero todas ellas comenzar\u00e1n en el mes de septiembre","og_url":"https:\/\/www.laguiadepamplona.com\/actualidad\/este-martes-13-de-junio-comienza-el-plazo-de-inscripcion-a-los-cursos-y-talleres-anuales-y-trimestrales-de-la-escuela-municipal-de-arte-catalina-de-oscariz\/","og_site_name":"La Gu\u00eda de Pamplona","article_publisher":"https:\/\/www.facebook.com\/laguiadepamplonacom-133175176762273\/?ref=hl","article_published_time":"2023-06-09T10:41:57+00:00","og_image":[{"width":1920,"height":1280,"url":"https:\/\/www.laguiadepamplona.com\/actualidad\/wp-content\/uploads\/2023\/06\/JORNADAS-ABIERTAS-ESC-ARTE-CATALINA-DE-OSCARIZ_EE5A6783_0.webp","type":"image\/webp"}],"author":"La Gu\u00eda de Pamplona","twitter_card":"summary_large_image","twitter_creator":"@LaGuiadPamplona","twitter_site":"@LaGuiadPamplona","twitter_misc":{"Escrito por":"La Gu\u00eda de Pamplona","Tiempo de lectura":"3 minutos"},"schema":{"@context":"https:\/\/schema.org","@graph":[{"@type":"Article","@id":"https:\/\/www.laguiadepamplona.com\/actualidad\/este-martes-13-de-junio-comienza-el-plazo-de-inscripcion-a-los-cursos-y-talleres-anuales-y-trimestrales-de-la-escuela-municipal-de-arte-catalina-de-oscariz\/#article","isPartOf":{"@id":"https:\/\/www.laguiadepamplona.com\/actualidad\/este-martes-13-de-junio-comienza-el-plazo-de-inscripcion-a-los-cursos-y-talleres-anuales-y-trimestrales-de-la-escuela-municipal-de-arte-catalina-de-oscariz\/"},"author":{"name":"La Gu\u00eda de Pamplona","@id":"https:\/\/www.laguiadepamplona.com\/actualidad\/#\/schema\/person\/efe887376f0213d4657c93adc50b1fdb"},"headline":"Este martes 13 de junio comienza el plazo de inscripci\u00f3n a los cursos y talleres anuales y trimestrales de la Escuela municipal de Arte Catalina de Osc\u00e1riz","datePublished":"2023-06-09T10:41:57+00:00","mainEntityOfPage":{"@id":"https:\/\/www.laguiadepamplona.com\/actualidad\/este-martes-13-de-junio-comienza-el-plazo-de-inscripcion-a-los-cursos-y-talleres-anuales-y-trimestrales-de-la-escuela-municipal-de-arte-catalina-de-oscariz\/"},"wordCount":682,"commentCount":0,"publisher":{"@id":"https:\/\/www.laguiadepamplona.com\/actualidad\/#organization"},"image":{"@id":"https:\/\/www.laguiadepamplona.com\/actualidad\/este-martes-13-de-junio-comienza-el-plazo-de-inscripcion-a-los-cursos-y-talleres-anuales-y-trimestrales-de-la-escuela-municipal-de-arte-catalina-de-oscariz\/#primaryimage"},"thumbnailUrl":"https:\/\/www.laguiadepamplona.com\/actualidad\/wp-content\/uploads\/2023\/06\/JORNADAS-ABIERTAS-ESC-ARTE-CATALINA-DE-OSCARIZ_EE5A6783_0.webp","articleSection":["Ayto Pamplona"],"inLanguage":"es","potentialAction":[{"@type":"CommentAction","name":"Comment","target":["https:\/\/www.laguiadepamplona.com\/actualidad\/este-martes-13-de-junio-comienza-el-plazo-de-inscripcion-a-los-cursos-y-talleres-anuales-y-trimestrales-de-la-escuela-municipal-de-arte-catalina-de-oscariz\/#respond"]}]},{"@type":"WebPage","@id":"https:\/\/www.laguiadepamplona.com\/actualidad\/este-martes-13-de-junio-comienza-el-plazo-de-inscripcion-a-los-cursos-y-talleres-anuales-y-trimestrales-de-la-escuela-municipal-de-arte-catalina-de-oscariz\/","url":"https:\/\/www.laguiadepamplona.com\/actualidad\/este-martes-13-de-junio-comienza-el-plazo-de-inscripcion-a-los-cursos-y-talleres-anuales-y-trimestrales-de-la-escuela-municipal-de-arte-catalina-de-oscariz\/","name":"Este martes 13 de junio comienza el plazo de inscripci\u00f3n a los cursos y talleres anuales y trimestrales de la Escuela municipal de Arte Catalina de Osc\u00e1riz","isPartOf":{"@id":"https:\/\/www.laguiadepamplona.com\/actualidad\/#website"},"primaryImageOfPage":{"@id":"https:\/\/www.laguiadepamplona.com\/actualidad\/este-martes-13-de-junio-comienza-el-plazo-de-inscripcion-a-los-cursos-y-talleres-anuales-y-trimestrales-de-la-escuela-municipal-de-arte-catalina-de-oscariz\/#primaryimage"},"image":{"@id":"https:\/\/www.laguiadepamplona.com\/actualidad\/este-martes-13-de-junio-comienza-el-plazo-de-inscripcion-a-los-cursos-y-talleres-anuales-y-trimestrales-de-la-escuela-municipal-de-arte-catalina-de-oscariz\/#primaryimage"},"thumbnailUrl":"https:\/\/www.laguiadepamplona.com\/actualidad\/wp-content\/uploads\/2023\/06\/JORNADAS-ABIERTAS-ESC-ARTE-CATALINA-DE-OSCARIZ_EE5A6783_0.webp","datePublished":"2023-06-09T10:41:57+00:00","description":"Las actividades tienen distintos precios, extensiones y horarios, pero todas ellas comenzar\u00e1n en el mes de septiembre","breadcrumb":{"@id":"https:\/\/www.laguiadepamplona.com\/actualidad\/este-martes-13-de-junio-comienza-el-plazo-de-inscripcion-a-los-cursos-y-talleres-anuales-y-trimestrales-de-la-escuela-municipal-de-arte-catalina-de-oscariz\/#breadcrumb"},"inLanguage":"es","potentialAction":[{"@type":"ReadAction","target":["https:\/\/www.laguiadepamplona.com\/actualidad\/este-martes-13-de-junio-comienza-el-plazo-de-inscripcion-a-los-cursos-y-talleres-anuales-y-trimestrales-de-la-escuela-municipal-de-arte-catalina-de-oscariz\/"]}]},{"@type":"ImageObject","inLanguage":"es","@id":"https:\/\/www.laguiadepamplona.com\/actualidad\/este-martes-13-de-junio-comienza-el-plazo-de-inscripcion-a-los-cursos-y-talleres-anuales-y-trimestrales-de-la-escuela-municipal-de-arte-catalina-de-oscariz\/#primaryimage","url":"https:\/\/www.laguiadepamplona.com\/actualidad\/wp-content\/uploads\/2023\/06\/JORNADAS-ABIERTAS-ESC-ARTE-CATALINA-DE-OSCARIZ_EE5A6783_0.webp","contentUrl":"https:\/\/www.laguiadepamplona.com\/actualidad\/wp-content\/uploads\/2023\/06\/JORNADAS-ABIERTAS-ESC-ARTE-CATALINA-DE-OSCARIZ_EE5A6783_0.webp","width":1920,"height":1280},{"@type":"BreadcrumbList","@id":"https:\/\/www.laguiadepamplona.com\/actualidad\/este-martes-13-de-junio-comienza-el-plazo-de-inscripcion-a-los-cursos-y-talleres-anuales-y-trimestrales-de-la-escuela-municipal-de-arte-catalina-de-oscariz\/#breadcrumb","itemListElement":[{"@type":"ListItem","position":1,"name":"Portada","item":"https:\/\/www.laguiadepamplona.com\/actualidad\/"},{"@type":"ListItem","position":2,"name":"Este martes 13 de junio comienza el plazo de inscripci\u00f3n a los cursos y talleres anuales y trimestrales de la Escuela municipal de Arte Catalina de Osc\u00e1riz"}]},{"@type":"WebSite","@id":"https:\/\/www.laguiadepamplona.com\/actualidad\/#website","url":"https:\/\/www.laguiadepamplona.com\/actualidad\/","name":"La gu\u00eda de Pamplona","description":"Noticias de Pamplona","publisher":{"@id":"https:\/\/www.laguiadepamplona.com\/actualidad\/#organization"},"potentialAction":[{"@type":"SearchAction","target":{"@type":"EntryPoint","urlTemplate":"https:\/\/www.laguiadepamplona.com\/actualidad\/?s={search_term_string}"},"query-input":{"@type":"PropertyValueSpecification","valueRequired":true,"valueName":"search_term_string"}}],"inLanguage":"es"},{"@type":"Organization","@id":"https:\/\/www.laguiadepamplona.com\/actualidad\/#organization","name":"La Gu\u00eda de Pamplona \/ Noticias","url":"https:\/\/www.laguiadepamplona.com\/actualidad\/","logo":{"@type":"ImageObject","inLanguage":"es","@id":"https:\/\/www.laguiadepamplona.com\/actualidad\/#\/schema\/logo\/image\/","url":"https:\/\/www.laguiadepamplona.com\/actualidad\/wp-content\/uploads\/2018\/11\/logo-laguiadepamplona18-web1.png","contentUrl":"https:\/\/www.laguiadepamplona.com\/actualidad\/wp-content\/uploads\/2018\/11\/logo-laguiadepamplona18-web1.png","width":600,"height":196,"caption":"La Gu\u00eda de Pamplona \/ Noticias"},"image":{"@id":"https:\/\/www.laguiadepamplona.com\/actualidad\/#\/schema\/logo\/image\/"},"sameAs":["https:\/\/www.facebook.com\/laguiadepamplonacom-133175176762273\/?ref=hl","https:\/\/x.com\/LaGuiadPamplona","https:\/\/www.instagram.com\/la_guia_de_pamplona\/","https:\/\/www.youtube.com\/user\/laguiadepamplona"]},{"@type":"Person","@id":"https:\/\/www.laguiadepamplona.com\/actualidad\/#\/schema\/person\/efe887376f0213d4657c93adc50b1fdb","name":"La Gu\u00eda de Pamplona","image":{"@type":"ImageObject","inLanguage":"es","@id":"https:\/\/secure.gravatar.com\/avatar\/b6992f131dc8d30ab0dff15446e9d346d9dbd95992de0fef795073f5ea83a81c?s=96&d=mm&r=g","url":"https:\/\/secure.gravatar.com\/avatar\/b6992f131dc8d30ab0dff15446e9d346d9dbd95992de0fef795073f5ea83a81c?s=96&d=mm&r=g","contentUrl":"https:\/\/secure.gravatar.com\/avatar\/b6992f131dc8d30ab0dff15446e9d346d9dbd95992de0fef795073f5ea83a81c?s=96&d=mm&r=g","caption":"La Gu\u00eda de Pamplona"}}]}},"post_mailing_queue_ids":[],"_links":{"self":[{"href":"https:\/\/www.laguiadepamplona.com\/actualidad\/wp-json\/wp\/v2\/posts\/47002","targetHints":{"allow":["GET"]}}],"collection":[{"href":"https:\/\/www.laguiadepamplona.com\/actualidad\/wp-json\/wp\/v2\/posts"}],"about":[{"href":"https:\/\/www.laguiadepamplona.com\/actualidad\/wp-json\/wp\/v2\/types\/post"}],"author":[{"embeddable":true,"href":"https:\/\/www.laguiadepamplona.com\/actualidad\/wp-json\/wp\/v2\/users\/1"}],"replies":[{"embeddable":true,"href":"https:\/\/www.laguiadepamplona.com\/actualidad\/wp-json\/wp\/v2\/comments?post=47002"}],"version-history":[{"count":1,"href":"https:\/\/www.laguiadepamplona.com\/actualidad\/wp-json\/wp\/v2\/posts\/47002\/revisions"}],"predecessor-version":[{"id":47004,"href":"https:\/\/www.laguiadepamplona.com\/actualidad\/wp-json\/wp\/v2\/posts\/47002\/revisions\/47004"}],"wp:featuredmedia":[{"embeddable":true,"href":"https:\/\/www.laguiadepamplona.com\/actualidad\/wp-json\/wp\/v2\/media\/47003"}],"wp:attachment":[{"href":"https:\/\/www.laguiadepamplona.com\/actualidad\/wp-json\/wp\/v2\/media?parent=47002"}],"wp:term":[{"taxonomy":"category","embeddable":true,"href":"https:\/\/www.laguiadepamplona.com\/actualidad\/wp-json\/wp\/v2\/categories?post=47002"},{"taxonomy":"post_tag","embeddable":true,"href":"https:\/\/www.laguiadepamplona.com\/actualidad\/wp-json\/wp\/v2\/tags?post=47002"}],"curies":[{"name":"wp","href":"https:\/\/api.w.org\/{rel}","templated":true}]}}